{"id":748766,"date":"2021-05-23T23:57:26","date_gmt":"2021-05-24T02:57:26","guid":{"rendered":"https:\/\/www.estrategiaconcursos.com.br\/blog\/?p=748766"},"modified":"2021-05-24T10:51:51","modified_gmt":"2021-05-24T13:51:51","slug":"gabarito-pf-raciocinio-logico-agente-escrivao-e-papiloscopista","status":"publish","type":"post","link":"https:\/\/www.estrategiaconcursos.com.br\/blog\/gabarito-pf-raciocinio-logico-agente-escrivao-e-papiloscopista\/","title":{"rendered":"Gabarito PF Racioc\u00ednio L\u00f3gico: Agente, Escriv\u00e3o e Papiloscopista"},"content":{"rendered":"\n<p>Fala, pessoal!<\/p>\n\n\n\n<p>Sou o Eduardo Mocellin, professor de Matem\u00e1tica e de Racioc\u00ednio L\u00f3gico do Estrat\u00e9gia Concursos.<\/p>\n\n\n\n<p>A seguir, disponibilizo o gabarito extraoficial da disciplina de <strong>Racioc\u00ednio L\u00f3gico<\/strong> das provas da <strong>Pol\u00edcia Federal<\/strong> (PF) de 2021 para os cargos de Agente, Escriv\u00e3o e Papiloscopista.<\/p>\n\n\n\n<p>Ressalto que a ordem das quest\u00f5es pode variar de acordo com cada modelo de prova.<\/p>\n\n\n\n<p class=\"has-text-align-center has-black-color has-pale-cyan-blue-background-color has-text-color has-background\"><strong>Texto para as quest\u00f5es 49, 50 e 51<\/strong><\/p>\n\n\n\n<p><strong>Para realizar uma opera\u00e7\u00e3o de busca e apreens\u00e3o, em duas localidades diferentes, devem ser deslocadas duas equipes, cada uma delas composta por 1 delegado, 1 escriv\u00e3o e 2 agentes.<\/strong><\/p>\n\n\n\n<p><strong>Tendo como base essas informa\u00e7\u00f5es, julgue os itens seguintes.<\/strong><\/p>\n\n\n\n<p class=\"has-text-align-center has-cyan-bluish-gray-background-color has-background\"><strong>Quest\u00e3o 49<\/strong><\/p>\n\n\n\n<p><strong>Quest\u00e3o 49<\/strong>. <strong>Se estiverem dispon\u00edveis, no momento de forma\u00e7\u00e3o das equipes, exatamente, 2 delegados, 2 escriv\u00e3es e 4 agentes, o n\u00famero de maneiras distintas de se montar as duas equipes seria igual ao n\u00famero de maneiras de se montar, escolhendo-se entre esses mesmos profissionais, uma \u00fanica equipe para a realiza\u00e7\u00e3o de uma busca em uma \u00fanica localidade.<\/strong><\/p>\n\n\n\n<p><strong>Gabarito: CERTO.<\/strong><\/p>\n\n\n\n<p><strong>Coment\u00e1rios:<\/strong><\/p>\n\n\n\n<p>Temos um total de 2 delegados, 2 escriv\u00e3es e 4 agentes.<\/p>\n\n\n\n<p class=\"has-black-color has-text-color\">Ao escolhermos uma \u00fanica equipe composta por 1 delegado, 1 escriv\u00e3o e 2 agentes, <span class=\"has-inline-color has-vivid-red-color\"><strong>o pessoal remanescente \u00e9 exatamente 1 delegado, 1 escriv\u00e3o e 2 agentes.<\/strong><\/span><\/p>\n\n\n\n<p>Isso significa que, <strong><span class=\"has-inline-color has-vivid-red-color\">uma vez escolhida uma \u00fanica equipe, a segunda equipe j\u00e1 est\u00e1 definida<\/span>,<\/strong> e \u00e9 composta pelo delegado remanescente, pelo escriv\u00e3o remanescente e pelos dois agentes remanescentes. Logo, o n\u00famero de maneiras distintas de se montar as duas equipes \u00e9 igual ao n\u00famero de maneiras de se montar uma \u00fanica equipe.<\/p>\n\n\n\n<p class=\"has-text-align-center has-black-color has-cyan-bluish-gray-background-color has-text-color has-background\"><strong>Quest\u00e3o 50<\/strong><\/p>\n\n\n\n<p><strong>Quest\u00e3o 50<\/strong>. <strong>Se estiverem dispon\u00edveis, no momento de forma\u00e7\u00e3o das equipes, 3 delegados, 4 escriv\u00e3es e 6 agentes, o n\u00famero de maneiras distintas de se montar as duas equipes \u00e9 superior a 6.500.<\/strong><\/p>\n\n\n\n<p><strong>Gabarito: ERRADO.<\/strong><\/p>\n\n\n\n<p><strong>Coment\u00e1rios:<\/strong><\/p>\n\n\n\n<p>Temos um total de <strong><span class=\"has-inline-color has-vivid-red-color\">3 delegados<\/span><\/strong>, <strong><span class=\"has-inline-color has-vivid-red-color\">4 escriv\u00e3es<\/span><\/strong> e <span class=\"has-inline-color has-vivid-red-color\"><strong>6 agentes<\/strong><\/span>.<\/p>\n\n\n\n<p>O n\u00famero de maneiras distintas de se montar as duas equipes \u00e9 dado pelo seguinte produto:<\/p>\n\n\n\n<div class=\"wp-block-image\"><figure class=\"aligncenter size-large\"><img loading=\"lazy\" decoding=\"async\" width=\"933\" height=\"43\" src=\"https:\/\/dhg1h5j42swfq.cloudfront.net\/2021\/05\/23233207\/image-547.png\" alt=\"\" class=\"wp-image-748767\" srcset=\"https:\/\/dhg1h5j42swfq.cloudfront.net\/2021\/05\/23233207\/image-547.png 933w, https:\/\/dhg1h5j42swfq.cloudfront.net\/2021\/05\/23233207\/image-547-300x14.png 300w, https:\/\/dhg1h5j42swfq.cloudfront.net\/2021\/05\/23233207\/image-547-768x35.png 768w, https:\/\/dhg1h5j42swfq.cloudfront.net\/2021\/05\/23233207\/image-547-610x28.png 610w\" sizes=\"auto, (max-width: 933px) 100vw, 933px\" \/><\/figure><\/div>\n\n\n\n<p>Para montar a primeira equipe, devemos selecionar 1 delegado <strong><span class=\"has-inline-color has-vivid-red-color\">dentre 3<\/span><\/strong>, 1 escriv\u00e3o <strong><span class=\"has-inline-color has-vivid-red-color\">dentre 4<\/span><\/strong> e 2 agentes <span class=\"has-inline-color has-vivid-red-color\"><strong>dentre 6<\/strong><\/span>. Logo:<\/p>\n\n\n\n<div class=\"wp-block-image\"><figure class=\"aligncenter size-large\"><img loading=\"lazy\" decoding=\"async\" width=\"539\" height=\"47\" src=\"https:\/\/dhg1h5j42swfq.cloudfront.net\/2021\/05\/23233243\/image-548.png\" alt=\"\" class=\"wp-image-748768\" srcset=\"https:\/\/dhg1h5j42swfq.cloudfront.net\/2021\/05\/23233243\/image-548.png 539w, https:\/\/dhg1h5j42swfq.cloudfront.net\/2021\/05\/23233243\/image-548-300x26.png 300w\" sizes=\"auto, (max-width: 539px) 100vw, 539px\" \/><\/figure><\/div>\n\n\n\n<p>Uma vez definida a primeira equipe,<span class=\"has-inline-color has-black-color\"> resta-nos <\/span><strong><span class=\"has-inline-color has-vivid-cyan-blue-color\">2 delegados<\/span><\/strong><span class=\"has-inline-color has-black-color\">, <\/span><strong><span class=\"has-inline-color has-vivid-cyan-blue-color\">3 escriv\u00e3es<\/span><\/strong><span class=\"has-inline-color has-black-color\"> e <\/span><span class=\"has-inline-color has-vivid-cyan-blue-color\"><strong>4 agentes<\/strong><\/span>. Para montar a segunda equipe, devemos selecionar 1 delegado <strong><span class=\"has-inline-color has-vivid-cyan-blue-color\">dentre 2<\/span><\/strong>, 1 escriv\u00e3o <strong><span class=\"has-inline-color has-vivid-cyan-blue-color\">dentre 3 <\/span><\/strong>e 2 agentes <strong><span class=\"has-inline-color has-vivid-cyan-blue-color\">dentre 4<\/span><\/strong>. Logo:<\/p>\n\n\n\n<div class=\"wp-block-image\"><figure class=\"aligncenter size-large\"><img loading=\"lazy\" decoding=\"async\" width=\"741\" height=\"41\" src=\"https:\/\/dhg1h5j42swfq.cloudfront.net\/2021\/05\/23233323\/image-549.png\" alt=\"\" class=\"wp-image-748770\" srcset=\"https:\/\/dhg1h5j42swfq.cloudfront.net\/2021\/05\/23233323\/image-549.png 741w, https:\/\/dhg1h5j42swfq.cloudfront.net\/2021\/05\/23233323\/image-549-300x17.png 300w, https:\/\/dhg1h5j42swfq.cloudfront.net\/2021\/05\/23233323\/image-549-610x34.png 610w\" sizes=\"auto, (max-width: 741px) 100vw, 741px\" \/><\/figure><\/div>\n\n\n\n<p>Portanto, o n\u00famero de maneiras distintas de se montar as duas equipes \u00e9:<\/p>\n\n\n\n<figure class=\"wp-block-image size-large\"><img loading=\"lazy\" decoding=\"async\" width=\"933\" height=\"337\" src=\"https:\/\/dhg1h5j42swfq.cloudfront.net\/2021\/05\/23233358\/image-550.png\" alt=\"\" class=\"wp-image-748773\" srcset=\"https:\/\/dhg1h5j42swfq.cloudfront.net\/2021\/05\/23233358\/image-550.png 933w, https:\/\/dhg1h5j42swfq.cloudfront.net\/2021\/05\/23233358\/image-550-300x108.png 300w, https:\/\/dhg1h5j42swfq.cloudfront.net\/2021\/05\/23233358\/image-550-768x277.png 768w, https:\/\/dhg1h5j42swfq.cloudfront.net\/2021\/05\/23233358\/image-550-610x220.png 610w\" sizes=\"auto, (max-width: 933px) 100vw, 933px\" \/><\/figure>\n\n\n\n<p>Logo, o n\u00famero de maneiras distintas de se montar as duas equipes \u00e9 <strong><span class=\"has-inline-color has-vivid-red-color\">inferior a 6.500<\/span><\/strong>.<\/p>\n\n\n\n<p class=\"has-text-align-center has-cyan-bluish-gray-background-color has-background\"><strong>Quest\u00e3o 51<\/strong><\/p>\n\n\n\n<p><strong>Quest\u00e3o 51<\/strong>. <strong>Se estiverem dispon\u00edveis, no momento de forma\u00e7\u00e3o das equipes, exatamente, 2 delegados, 2 escriv\u00e3es e 4 agentes, o n\u00famero de maneiras distintas de se montar as duas equipes \u00e9 igual a 4!.<\/strong><\/p>\n\n\n\n<p><strong>Gabarito: CERTO.<\/strong><\/p>\n\n\n\n<p><strong>Coment\u00e1rios:<\/strong><\/p>\n\n\n\n<p>Temos um total de <strong><span class=\"has-inline-color has-vivid-red-color\">2 delegados<\/span><\/strong>, <strong><span class=\"has-inline-color has-vivid-red-color\">2 escriv\u00e3es<\/span><\/strong> e <strong><span class=\"has-inline-color has-vivid-red-color\">4 agentes<\/span><\/strong>.<\/p>\n\n\n\n<p>O n\u00famero de maneiras distintas de se montar as duas equipes \u00e9:<\/p>\n\n\n\n<figure class=\"wp-block-image size-large\"><img loading=\"lazy\" decoding=\"async\" width=\"934\" height=\"38\" src=\"https:\/\/dhg1h5j42swfq.cloudfront.net\/2021\/05\/23233437\/image-551.png\" alt=\"\" class=\"wp-image-748774\" srcset=\"https:\/\/dhg1h5j42swfq.cloudfront.net\/2021\/05\/23233437\/image-551.png 934w, https:\/\/dhg1h5j42swfq.cloudfront.net\/2021\/05\/23233437\/image-551-300x12.png 300w, https:\/\/dhg1h5j42swfq.cloudfront.net\/2021\/05\/23233437\/image-551-768x31.png 768w, https:\/\/dhg1h5j42swfq.cloudfront.net\/2021\/05\/23233437\/image-551-610x25.png 610w\" sizes=\"auto, (max-width: 934px) 100vw, 934px\" \/><\/figure>\n\n\n\n<p>Para montar a primeira equipe, devemos selecionar 1 delegado <strong><span class=\"has-inline-color has-vivid-red-color\">dentre 2<\/span><\/strong>, 1 escriv\u00e3o <strong><span class=\"has-inline-color has-vivid-red-color\">dentre 2 <\/span><\/strong>e 2 agentes <strong><span class=\"has-inline-color has-vivid-red-color\">dentre 4<\/span><\/strong>. Logo:<\/p>\n\n\n\n<div class=\"wp-block-image\"><figure class=\"aligncenter size-large\"><img loading=\"lazy\" decoding=\"async\" width=\"546\" height=\"46\" src=\"https:\/\/dhg1h5j42swfq.cloudfront.net\/2021\/05\/23233455\/image-552.png\" alt=\"\" class=\"wp-image-748775\" srcset=\"https:\/\/dhg1h5j42swfq.cloudfront.net\/2021\/05\/23233455\/image-552.png 546w, https:\/\/dhg1h5j42swfq.cloudfront.net\/2021\/05\/23233455\/image-552-300x25.png 300w\" sizes=\"auto, (max-width: 546px) 100vw, 546px\" \/><\/figure><\/div>\n\n\n\n<p>Note que, definida a primeira equipe, <strong><span class=\"has-inline-color has-vivid-cyan-blue-color\">o pessoal remanescente \u00e9 exatamente 1 delegado, 1 escriv\u00e3o e 2 agentes.<\/span><\/strong> Temos, portanto, uma <span class=\"has-inline-color has-vivid-cyan-blue-color\"><strong>\u00fanica maneira de montar a segunda equipe<\/strong><\/span>.<\/p>\n\n\n\n<div class=\"wp-block-image\"><figure class=\"aligncenter size-large\"><img loading=\"lazy\" decoding=\"async\" width=\"611\" height=\"40\" src=\"https:\/\/dhg1h5j42swfq.cloudfront.net\/2021\/05\/23233544\/image-554.png\" alt=\"\" class=\"wp-image-748777\" srcset=\"https:\/\/dhg1h5j42swfq.cloudfront.net\/2021\/05\/23233544\/image-554.png 611w, https:\/\/dhg1h5j42swfq.cloudfront.net\/2021\/05\/23233544\/image-554-300x20.png 300w\" sizes=\"auto, (max-width: 611px) 100vw, 611px\" \/><\/figure><\/div>\n\n\n\n<p>Portanto, o n\u00famero de maneiras distintas de se montar as duas equipes \u00e9:<\/p>\n\n\n\n<figure class=\"wp-block-image size-large\"><img loading=\"lazy\" decoding=\"async\" width=\"937\" height=\"321\" src=\"https:\/\/dhg1h5j42swfq.cloudfront.net\/2021\/05\/24014922\/image-631.png\" alt=\"\" class=\"wp-image-748900\" srcset=\"https:\/\/dhg1h5j42swfq.cloudfront.net\/2021\/05\/24014922\/image-631.png 937w, https:\/\/dhg1h5j42swfq.cloudfront.net\/2021\/05\/24014922\/image-631-300x103.png 300w, https:\/\/dhg1h5j42swfq.cloudfront.net\/2021\/05\/24014922\/image-631-768x263.png 768w, https:\/\/dhg1h5j42swfq.cloudfront.net\/2021\/05\/24014922\/image-631-610x209.png 610w\" sizes=\"auto, (max-width: 937px) 100vw, 937px\" \/><\/figure>\n\n\n\n<p>Logo, o n\u00famero de maneiras distintas de se montar as duas equipes \u00e9 igual a 4!.<\/p>\n\n\n\n<p class=\"has-text-align-center has-black-color has-pale-cyan-blue-background-color has-text-color has-background\"><strong>Texto para as quest\u00f5es 52 a 57<\/strong><\/p>\n\n\n\n<p><strong>P1: Se a fiscaliza\u00e7\u00e3o foi deficiente, as falhas construtivas n\u00e3o foram corrigidas.<\/strong><\/p>\n\n\n\n<p><strong>P2: Se as falhas construtivas foram corrigidas, os mutu\u00e1rios n\u00e3o tiveram preju\u00edzos.<\/strong><\/p>\n\n\n\n<p><strong>P3: A fiscaliza\u00e7\u00e3o foi deficiente.<\/strong><\/p>\n\n\n\n<p><strong>C: Os mutu\u00e1rios tiveram preju\u00edzos.<\/strong><\/p>\n\n\n\n<p><strong>Considerando um argumento formado pelas proposi\u00e7\u00f5es precedentes, em que C \u00e9 a conclus\u00e3o, e P1 a P3 s\u00e3o as premissas, julgue os itens a seguir.<\/strong><\/p>\n\n\n\n<p>Antes de julgarmos os itens da quest\u00e3o, vamos descontextualizar o problema. Considere as proposi\u00e7\u00f5es simples:<\/p>\n\n\n\n<p class=\"has-text-align-center\"><strong>d: <\/strong>&#8220;A fiscaliza\u00e7\u00e3o foi <strong><span class=\"has-inline-color has-vivid-red-color\">d<\/span><\/strong>eficiente.&#8221;<\/p>\n\n\n\n<p class=\"has-text-align-center\"><strong>f: <\/strong>&#8220;As <strong><span class=\"has-inline-color has-vivid-red-color\">f<\/span><\/strong>alhas construtivas foram corrigidas.&#8221;<\/p>\n\n\n\n<p class=\"has-text-align-center\"><strong>m: <\/strong>&#8220;Os <strong><span class=\"has-inline-color has-vivid-red-color\">m<\/span><\/strong>utu\u00e1rios tiveram preju\u00edzos.&#8221;<\/p>\n\n\n\n<p>Nesse caso, o argumento apresentado \u00e9 dado por:<\/p>\n\n\n\n<p><strong>P1: d<\/strong><strong>\u2192~<\/strong><strong>f &#8211; &#8220;<em>Se<\/em><\/strong><em> [a fiscaliza\u00e7\u00e3o foi deficiente], [as falhas construtivas <strong>n\u00e3o<\/strong> foram corrigidas].&#8221;<\/em><strong><\/strong><\/p>\n\n\n\n<p><strong>P2: f<\/strong><strong>\u2192~<\/strong><strong>m &#8211; <\/strong>&#8220;<strong><em>Se<\/em><\/strong><em> [as falhas construtivas foram corrigidas], [os mutu\u00e1rios <strong>n\u00e3o<\/strong> tiveram preju\u00edzos].<\/em>&#8220;<\/p>\n\n\n\n<p><strong>P3: d &#8211; <\/strong><em>&#8220;A fiscaliza\u00e7\u00e3o foi deficiente.&#8221;<\/em><strong><\/strong><\/p>\n\n\n\n<p><strong>C: m &#8211; <em>&#8220;<\/em><\/strong><em>Os mutu\u00e1rios tiveram preju\u00edzos.&#8221;<\/em><\/p>\n\n\n\n<p>Descontextualizado o problema, vamos julgar os itens.<\/p>\n\n\n\n<p class=\"has-text-align-center has-cyan-bluish-gray-background-color has-background\"><strong>Quest\u00e3o 52<\/strong><\/p>\n\n\n\n<p><strong>Quest\u00e3o 52<\/strong>. <strong>O argumento apresentado n\u00e3o \u00e9 v\u00e1lido.<\/strong><\/p>\n\n\n\n<p><strong>Gabarito: CERTO.<\/strong><\/p>\n\n\n\n<p><strong>Coment\u00e1rios:<\/strong><\/p>\n\n\n\n<p>Para aferir a validade do argumento, vamos utilizar o <strong><span class=\"has-inline-color has-black-color\">m\u00e9todo da conclus\u00e3o falsa<\/span><\/strong>.<\/p>\n\n\n\n<p class=\"has-text-align-center\"><strong><u>Partir da hip\u00f3tese de que a conclus\u00e3o \u00e9 falsa<\/u><\/strong><\/p>\n\n\n\n<p>Considerando a conclus\u00e3o falsa, <strong><span class=\"has-inline-color has-vivid-red-color\">m \u00e9 F<\/span><\/strong>.<\/p>\n\n\n\n<p class=\"has-text-align-center\"><strong><u>Tentar obter ao menos um caso em que todas as premissas sejam verdadeiras mantendo a conclus\u00e3o falsa<\/u><\/strong><\/p>\n\n\n\n<p>Para a premissa <strong>P3 <\/strong>ser verdadeira, <strong><span class=\"has-inline-color has-vivid-red-color\">d \u00e9 V<\/span><\/strong>.<\/p>\n\n\n\n<p>Para a premissa <strong>P1 <\/strong>ser verdadeira, n\u00e3o podemos recair no caso em que a condicional \u00e9 falsa (V\u2192F). Como o antecedente <strong>d<\/strong> \u00e9 verdadeiro, o consequente ~<strong>f<\/strong> deve ser verdadeiro. Logo, <strong><span class=\"has-inline-color has-vivid-red-color\">f \u00e9 F<\/span><\/strong>.<\/p>\n\n\n\n<p>A partir dos valores j\u00e1 obtidos, a premissa <strong>P2 <\/strong>\u00e9 verdadeira, pois reca\u00edmos em um condicional <strong>F<\/strong>\u2192<strong>V<\/strong>.<\/p>\n\n\n\n<p>Veja que <strong><span class=\"has-inline-color has-vivid-red-color\">\u00e9 poss\u00edvel fazer com que todas as premissas sejam verdadeiras mantendo a conclus\u00e3o falsa<\/span><\/strong>. Basta que<strong><span class=\"has-inline-color has-vivid-red-color\"> m seja F<\/span><\/strong>, <strong><span class=\"has-inline-color has-vivid-red-color\">d seja V<\/span><\/strong> e<strong><span class=\"has-inline-color has-vivid-red-color\"> f seja F<\/span><\/strong>.<\/p>\n\n\n\n<p>Logo, o <strong><span class=\"has-inline-color has-vivid-red-color\">argumento \u00e9 inv\u00e1lido<\/span><\/strong>, ou seja, <span class=\"has-inline-color has-vivid-red-color\"><strong>n\u00e3o \u00e9 v\u00e1lido<\/strong><\/span>. O <strong><span class=\"has-inline-color has-vivid-cyan-blue-color\">gabarito<\/span><\/strong>, portanto, \u00e9 <strong><span class=\"has-inline-color has-vivid-cyan-blue-color\">CERTO<\/span><\/strong>.<\/p>\n\n\n\n<p class=\"has-text-align-center has-cyan-bluish-gray-background-color has-background\"><strong>Quest\u00e3o 53<\/strong><\/p>\n\n\n\n<p><strong>Quest\u00e3o 53<\/strong>. <strong>A proposi\u00e7\u00e3o P2 \u00e9 equivalente a &#8220;Se as falhas construtivas n\u00e3o foram corrigidas, os mutu\u00e1rios tiveram preju\u00edzos&#8221;.<\/strong><\/p>\n\n\n\n<p><strong>Gabarito: ERRADO.<\/strong><\/p>\n\n\n\n<p>J\u00e1 vimos que proposi\u00e7\u00e3o <strong>P2 <\/strong>\u00e9 dada pela condicional <strong>f<\/strong><strong>\u2192~<\/strong><strong>m<\/strong>.<\/p>\n\n\n\n<p>Uma equival\u00eancia fundamental envolvendo o conectivo condicional \u00e9 a contrapositiva: <strong>p<\/strong><strong>\u2192<\/strong><strong>q \u2261 <\/strong><strong>~<\/strong><strong>q<\/strong><strong>\u2192~<\/strong><strong>p<\/strong>. Para aplicar essa equival\u00eancia, devemos realizar o seguinte procedimento:<\/p>\n\n\n\n<p><strong>\u00a0\u00a0\u00a0\u00a0\u00a0\u00a0\u00a0\u00a0\u00a0\u00a0\u00a0\u00a0\u00a0 \u2022 Invertem-se as posi\u00e7\u00f5es do antecedente e do consequente; e<\/strong><\/p>\n\n\n\n<p><strong>\u00a0\u00a0\u00a0\u00a0\u00a0\u00a0\u00a0\u00a0\u00a0\u00a0\u00a0\u00a0\u00a0 \u2022 Negam-se ambos os termos da condicional.<\/strong><\/p>\n\n\n\n<p>Para o caso em quest\u00e3o, temos:<\/p>\n\n\n\n<p class=\"has-text-align-center\"><strong>f<\/strong><strong>\u2192~<\/strong><strong>m<\/strong> \u2261 ~<strong>(<\/strong>~<strong>m) <\/strong><strong>\u2192~<\/strong><strong>f<\/strong><\/p>\n\n\n\n<p>A dupla nega\u00e7\u00e3o de uma proposi\u00e7\u00e3o corresponde \u00e0 proposi\u00e7\u00e3o original. Ficamos com:<\/p>\n\n\n\n<p class=\"has-text-align-center\"><strong>f<\/strong><strong>\u2192~<\/strong><strong>m<\/strong> \u2261 <strong>m <\/strong><strong>\u2192~<\/strong><strong>f<\/strong><\/p>\n\n\n\n<p>A proposi\u00e7\u00e3o equivalente pode ser descrita por:<\/p>\n\n\n\n<p class=\"has-text-align-center\"><strong>m<\/strong><strong>\u2192~<\/strong><strong>f: <\/strong>&#8220;<strong>Se<\/strong> [os mutu\u00e1rios tiveram preju\u00edzos], [as falhas construtivas <strong>n\u00e3o<\/strong> foram corrigidas].&#8221;<\/p>\n\n\n\n<p>Veja que o item em quest\u00e3o negou ambos os termos da condicional sem inverter a proposi\u00e7\u00e3o do antecedente e do consequente.<\/p>\n\n\n\n<p class=\"has-text-align-center\"><strong>~<\/strong><strong>f<\/strong><strong>\u2192<\/strong><strong>m<\/strong><strong>:<\/strong> &#8220;<strong>Se<\/strong> [as falhas construtivas <strong>n\u00e3o<\/strong> foram corrigidas], [os mutu\u00e1rios tiveram preju\u00edzos]&#8221;.<\/p>\n\n\n\n<p>O gabarito, portanto, \u00e9 ERRADO.<\/p>\n\n\n\n<p class=\"has-text-align-center has-cyan-bluish-gray-background-color has-background\"><strong>Quest\u00e3o 54<\/strong><\/p>\n\n\n\n<p><strong>Quest\u00e3o 54<\/strong>. <strong>Caso o argumento apresentado seja v\u00e1lido, a proposi\u00e7\u00e3o C ser\u00e1 verdadeira.<\/strong><\/p>\n\n\n\n<p><strong>Gabarito: ERRADO.<\/strong><\/p>\n\n\n\n<p>Note que a quest\u00e3o trata sobre a diferen\u00e7a entre <strong>validade dos argumentos dedutivos<\/strong> e <strong>verdade das proposi\u00e7\u00f5es<\/strong>.<\/p>\n\n\n\n<p>Primeiramente, devemos observar que o argumento apresentado n\u00e3o \u00e9 v\u00e1lido. Mesmo considerando que o argumento \u00e9 v\u00e1lido, conforme o comando do item, ainda assim n\u00e3o poder\u00edamos dizer que a conclus\u00e3o C \u00e9 verdadeira. Isso porque existem tr\u00eas <strong><span class=\"has-inline-color has-vivid-red-color\">situa\u00e7\u00f5es em que um argumento pode ser v\u00e1lido<\/span><\/strong>:<\/p>\n\n\n\n<p>&nbsp;&nbsp;&nbsp;&nbsp;&nbsp;&nbsp;&nbsp;&nbsp;&nbsp;&nbsp;&nbsp;&nbsp;&nbsp; \u2022 Premissas verdadeiras e conclus\u00e3o verdadeira;<\/p>\n\n\n\n<p>&nbsp;&nbsp;&nbsp;&nbsp;&nbsp;&nbsp;&nbsp;&nbsp;&nbsp;&nbsp;&nbsp;&nbsp;&nbsp; \u2022 <strong><span class=\"has-inline-color has-vivid-red-color\">Premissas falsas<\/span><\/strong> e <strong><span class=\"has-inline-color has-vivid-red-color\">conclus\u00e3o falsa<\/span><\/strong>; e<\/p>\n\n\n\n<p>&nbsp;&nbsp;&nbsp;&nbsp;&nbsp;&nbsp;&nbsp;&nbsp;&nbsp;&nbsp;&nbsp;&nbsp;&nbsp; \u2022 Premissas falsas e conclus\u00e3o verdadeira.<\/p>\n\n\n\n<p>Logo, <span class=\"has-inline-color has-vivid-red-color\"><strong>mesmo que o argumento fosse v\u00e1lido, poder\u00edamos ter a conclus\u00e3o falsa<\/strong><\/span>. O gabarito, portanto, \u00e9 ERRADO.<\/p>\n\n\n\n<p class=\"has-text-align-center has-cyan-bluish-gray-background-color has-background\"><strong>Quest\u00e3o 55<\/strong><\/p>\n\n\n\n<p><strong>Quest\u00e3o 55<\/strong>. <strong>A proposi\u00e7\u00e3o P1 \u00e9 equivalente a &#8220;N\u00e3o \u00e9 verdade que a fiscaliza\u00e7\u00e3o foi deficiente e que as falhas construtivas foram corrigidas&#8221;.<\/strong><\/p>\n\n\n\n<p><strong>Gabarito: CERTO.<\/strong><\/p>\n\n\n\n<p>Vimos que a proposi\u00e7\u00e3o <strong>P1<\/strong> \u00e9 dada por <strong>d<\/strong><strong>\u2192~<\/strong><strong>f<\/strong>.<\/p>\n\n\n\n<p>A proposi\u00e7\u00e3o equivalente sugerida pelo enunciado \u00e9 dada por ~(<strong>d<\/strong><strong>\u2227<\/strong><strong>f<\/strong>).<\/p>\n\n\n\n<p class=\"has-text-align-center\">~(<strong>d\u2227f<\/strong>): <strong>&#8220;<\/strong><u><strong><span class=\"has-inline-color has-vivid-red-color\">N\u00e3o \u00e9 verdade que<\/span><\/strong><\/u><strong> <\/strong><span class=\"has-inline-color has-vivid-red-color\">[<\/span><strong>(a fiscaliza\u00e7\u00e3o foi deficiente) e (que as falhas construtivas foram corrigidas)<\/strong><span class=\"has-inline-color has-vivid-red-color\">]<\/span><strong>&#8220;.<\/strong><\/p>\n\n\n\n<p>Podemos desenvolver ~(<strong>d<\/strong><strong>\u2227<\/strong><strong>f<\/strong>) por De Morgan. Ficamos com:<\/p>\n\n\n\n<p class=\"has-text-align-center\">~(<strong>d<\/strong><strong>\u2227<\/strong><strong>f<\/strong>) \u2261<strong>~<\/strong><strong>d<\/strong><strong>\u2228~<\/strong><strong>f<\/strong><\/p>\n\n\n\n<p>Temos a disjun\u00e7\u00e3o inclusiva <strong>~<\/strong><strong>d<\/strong><strong>\u2228~<\/strong><strong>f<\/strong> que deve ser comparada com a condicional <strong>P1<\/strong>. Devemos, ent\u00e3o, transformar essa disjun\u00e7\u00e3o inclusiva em uma condicional por meio da equival\u00eancia <strong>p <\/strong><strong>\u2228<\/strong><strong> q \u2261<\/strong> ~<strong>p<\/strong><strong>\u2192<\/strong><strong>q<\/strong>.<\/p>\n\n\n\n<p>Para aplicar essa equival\u00eancia, devemos realizar o seguinte procedimento:<\/p>\n\n\n\n<p><strong>&nbsp;&nbsp;&nbsp;&nbsp;&nbsp;&nbsp;&nbsp;&nbsp;&nbsp;&nbsp;&nbsp;&nbsp;&nbsp; \u2022 Nega-se o primeiro termo;<\/strong><\/p>\n\n\n\n<p><strong>&nbsp;&nbsp;&nbsp;&nbsp;&nbsp;&nbsp;&nbsp;&nbsp;&nbsp;&nbsp;&nbsp;&nbsp;&nbsp; \u2022 Troca-se a disjun\u00e7\u00e3o inclusiva (<\/strong><strong>\u2228<\/strong><strong>) pela condicional (<\/strong><strong>\u2192<\/strong><strong>); e<\/strong><\/p>\n\n\n\n<p><strong>&nbsp;&nbsp;&nbsp;&nbsp;&nbsp;&nbsp;&nbsp;&nbsp;&nbsp;&nbsp;&nbsp;&nbsp;&nbsp; \u2022 Mant\u00e9m-se o segundo termo.<\/strong><\/p>\n\n\n\n<p>Ficamos com:<\/p>\n\n\n\n<p class=\"has-text-align-center\"><strong>~<\/strong><strong>d<\/strong><strong>\u2228~<\/strong><strong>f \u2261 <\/strong><strong>~<\/strong><strong>(<\/strong><strong>~<\/strong><strong>d)<\/strong><strong>\u2192~<\/strong><strong>f<\/strong><\/p>\n\n\n\n<p>A dupla nega\u00e7\u00e3o de uma proposi\u00e7\u00e3o corresponde \u00e0 proposi\u00e7\u00e3o original:<\/p>\n\n\n\n<p class=\"has-text-align-center\"><strong>~<\/strong><strong>d<\/strong><strong>\u2228~<\/strong><strong>f \u2261 d<\/strong><strong>\u2192~<\/strong><strong>f<\/strong><\/p>\n\n\n\n<p>Note, portanto, que a proposi\u00e7\u00e3o sugerida, dada por ~(<strong>d\u2227f<\/strong>), \u00e9 equivalente a <strong>~d\u2228~f<\/strong> que, por sua vez, \u00e9 equivalente a <strong>P1<\/strong>, dada por <strong>d\u2192~f<\/strong>. O gabarito, portanto, \u00e9 CERTO.<\/p>\n\n\n\n<p class=\"has-text-align-center has-cyan-bluish-gray-background-color has-background\"><strong>Quest\u00e3o 56<\/strong><\/p>\n\n\n\n<p><strong>Quest\u00e3o 56<\/strong>. <strong>Uma nega\u00e7\u00e3o correta da proposi\u00e7\u00e3o P1 pode ser expressa por: &#8220;Se a fiscaliza\u00e7\u00e3o n\u00e3o foi deficiente, as falhas construtivas foram corrigidas&#8221;.<\/strong><\/p>\n\n\n\n<p><strong>Gabarito: ERRADO.<\/strong><\/p>\n\n\n\n<p>Vimos que a proposi\u00e7\u00e3o P1 \u00e9 dada por <strong>d<\/strong><strong>\u2192~<\/strong><strong>f<\/strong>.<\/p>\n\n\n\n<p>A nega\u00e7\u00e3o sugerida pelo enunciado \u00e9 dada por ~<strong>d<\/strong><strong>\u2192<\/strong><strong>f<\/strong>.<\/p>\n\n\n\n<p class=\"has-text-align-center\">~<strong>d<\/strong><strong>\u2192<\/strong><strong>f<\/strong>: &#8220;<strong>Se<\/strong> [a fiscaliza\u00e7\u00e3o <strong>n\u00e3o<\/strong> foi deficiente], [as falhas construtivas foram corrigidas].&#8221;<\/p>\n\n\n\n<p>Sabe-se da teoria de equival\u00eancias l\u00f3gicas que a nega\u00e7\u00e3o de uma condicional resulta em uma conjun\u00e7\u00e3o dada por meio da seguinte equival\u00eancia: ~<strong>(p\u2192q) \u2261 p\u2227~q<\/strong>. Somente com esse fato poder\u00edamos marcar o item como ERRADO, pois <span class=\"has-inline-color has-vivid-cyan-blue-color\"><strong>a nega\u00e7\u00e3o de uma condicional n\u00e3o resulta em uma condicional<\/strong><\/span>.<\/p>\n\n\n\n<p>Para provar formalmente que a <strong><span class=\"has-inline-color has-vivid-red-color\">nega\u00e7\u00e3o de d\u2192~f <\/span><\/strong>n\u00e3o corresponde a <strong>~d\u2192f<\/strong>, podemos verificar que as tabelas-verdade de <span class=\"has-inline-color has-vivid-red-color\"><strong>~(d\u2192~f)<\/strong><\/span><strong> e ~d\u2192f<\/strong> s\u00e3o distintas.<\/p>\n\n\n\n<div class=\"wp-block-image\"><figure class=\"aligncenter size-large\"><img loading=\"lazy\" decoding=\"async\" width=\"459\" height=\"140\" src=\"https:\/\/dhg1h5j42swfq.cloudfront.net\/2021\/05\/23234020\/image-559.png\" alt=\"\" class=\"wp-image-748784\" srcset=\"https:\/\/dhg1h5j42swfq.cloudfront.net\/2021\/05\/23234020\/image-559.png 459w, https:\/\/dhg1h5j42swfq.cloudfront.net\/2021\/05\/23234020\/image-559-300x92.png 300w\" sizes=\"auto, (max-width: 459px) 100vw, 459px\" \/><\/figure><\/div>\n\n\n\n<p class=\"has-text-align-center has-cyan-bluish-gray-background-color has-background\"><strong>Quest\u00e3o 57<\/strong><\/p>\n\n\n\n<p><strong>Quest\u00e3o 57<\/strong>. <strong>A tabela verdade da proposi\u00e7\u00e3o condicional associada ao argumento tem menos de dez linhas.<\/strong><\/p>\n\n\n\n<p><strong>Gabarito: CERTO.<\/strong><\/p>\n\n\n\n<p>Quando temos um argumento formado pelas premissas P1, P2, P3 e C, a condicional associada ao argumento \u00e9 dada por:<\/p>\n\n\n\n<p class=\"has-text-align-center\"><strong>P1<\/strong><strong>\u2227<\/strong><strong>P2<\/strong><strong>\u2227<\/strong><strong>P3 <\/strong><strong>\u2192<\/strong><strong> C<\/strong><\/p>\n\n\n\n<p>Para o caso em quest\u00e3o, a condicional \u00e9 dada por:<\/p>\n\n\n\n<p class=\"has-text-align-center\"><strong>(d\u2192~f)\u2227(f\u2192~m)\u2227d \u2192 m<\/strong><\/p>\n\n\n\n<p>O n\u00famero de linhas de uma tabela-verdade \u00e9 dado por 2<sup>n<\/sup>, sendo <em>n<\/em> o n\u00famero de proposi\u00e7\u00f5es simples. Para o caso em quest\u00e3o, temos tr\u00eas proposi\u00e7\u00f5es simples: <strong>d, f<\/strong> e <strong>m<\/strong>. Logo, o n\u00famero de linhas da tabela verdade da condicional associada ao argumento \u00e9:<\/p>\n\n\n\n<p class=\"has-text-align-center\">2<sup>n <\/sup>=2<sup>3 <\/sup>= 8<\/p>\n\n\n\n<p>Logo, a tabela verdade da proposi\u00e7\u00e3o condicional associada ao argumento tem <strong><span class=\"has-inline-color has-vivid-cyan-blue-color\">menos de dez linhas<\/span><\/strong>.<\/p>\n\n\n\n<p class=\"has-text-align-center has-pale-cyan-blue-background-color has-background\"><strong>Texto para as quest\u00f5es 58, 59 e 60<\/strong><\/p>\n\n\n\n<p><strong>Considere os seguintes conjuntos:<\/strong><\/p>\n\n\n\n<div class=\"wp-block-image\"><figure class=\"aligncenter size-large\"><img loading=\"lazy\" decoding=\"async\" width=\"961\" height=\"201\" src=\"https:\/\/dhg1h5j42swfq.cloudfront.net\/2021\/05\/23235456\/image-595.png\" alt=\"\" class=\"wp-image-748827\" srcset=\"https:\/\/dhg1h5j42swfq.cloudfront.net\/2021\/05\/23235456\/image-595.png 961w, https:\/\/dhg1h5j42swfq.cloudfront.net\/2021\/05\/23235456\/image-595-300x63.png 300w, https:\/\/dhg1h5j42swfq.cloudfront.net\/2021\/05\/23235456\/image-595-768x161.png 768w, https:\/\/dhg1h5j42swfq.cloudfront.net\/2021\/05\/23235456\/image-595-610x128.png 610w\" sizes=\"auto, (max-width: 961px) 100vw, 961px\" \/><\/figure><\/div>\n\n\n\n<p><strong>e, assim, sucessivamente.<\/strong><\/p>\n\n\n\n<p><strong>Com base nessas informa\u00e7\u00f5es, julgue os itens a seguir.<\/strong><\/p>\n\n\n\n<p class=\"has-text-align-center has-cyan-bluish-gray-background-color has-background\"><strong>Quest\u00e3o 58<\/strong><\/p>\n\n\n\n<p><strong>Quest\u00e3o 58<\/strong>. <strong>O conjunto P \u00e9 igual \u00e0 uni\u00e3o infinita dos conjuntos P1, P2, P3, &#8230;<\/strong><\/p>\n\n\n\n<p><strong>Gabarito: CERTO.<\/strong><\/p>\n\n\n\n<p><strong>Coment\u00e1rios:<\/strong><\/p>\n\n\n\n<p>Considere um conjunto gen\u00e9rico <strong>Px<\/strong>, em que o \u00edndice <strong>x<\/strong> pode ser 1, 2, 3, &#8230;<\/p>\n\n\n\n<p>Note que, genericamente, podemos dizer que o conjunto <strong>Px<\/strong> \u00e9 dado por:<\/p>\n\n\n\n<p><strong>Px<\/strong> = {policiais federais em efetivo exerc\u00edcio no pa\u00eds e que t\u00eam at\u00e9 <strong>x<\/strong> anos de experi\u00eancia no exerc\u00edcio do cargo}<\/p>\n\n\n\n<p>Observe que um conjunto de um determinado \u00edndice <strong>cont\u00e9m<\/strong> todos os conjuntos de \u00edndices inferiores. Exemplo:<\/p>\n\n\n\n<p><strong>&nbsp;&nbsp;&nbsp;&nbsp;&nbsp;&nbsp;&nbsp;&nbsp;&nbsp;&nbsp;&nbsp;&nbsp;&nbsp; \u2022 P5 <\/strong>cont\u00e9m os conjuntos <strong>P4<\/strong>, <strong>P3<\/strong>, <strong>P2 <\/strong>e<strong> P1<\/strong>.<\/p>\n\n\n\n<p><strong>&nbsp;&nbsp;&nbsp;&nbsp;&nbsp;&nbsp;&nbsp;&nbsp;&nbsp;&nbsp;&nbsp;&nbsp;&nbsp; \u2022 P8 <\/strong>cont\u00e9m os conjuntos <strong>P7, P6, P5,<\/strong> <strong>P4<\/strong>, <strong>P3<\/strong>, <strong>P2 <\/strong>e<strong> P1<\/strong>.<\/p>\n\n\n\n<p class=\"has-text-align-center\"><em>Professor, n\u00e3o entendi!<\/em><\/p>\n\n\n\n<p>Ok, ent\u00e3o vamos mostrar um exemplo mais detalhado.<\/p>\n\n\n\n<p class=\"has-text-align-center\">&#8212;&#8211;<\/p>\n\n\n\n<p><span class=\"has-inline-color has-vivid-red-color\"><strong>Exemplo<\/strong><\/span>: <strong>P3<\/strong> cont\u00e9m <strong>P2<\/strong> e cont\u00e9m <strong>P1<\/strong>. Isso porque:<\/p>\n\n\n\n<p>Em <strong>P1<\/strong>, temos policiais com <strong><span class=\"has-inline-color has-vivid-red-color\">no m\u00e1ximo 1 ano<\/span><\/strong> de experi\u00eancia. Note que todos os policiais que t\u00eam <span class=\"has-inline-color has-vivid-red-color\"><strong>no m\u00e1ximo 1 ano<\/strong><\/span> de experi\u00eancia <strong><span class=\"has-inline-color has-vivid-red-color\">n\u00e3o t\u00eam mais do que 3 anos de experi\u00eancia<\/span><\/strong> e, portanto, esses policiais pertencem ao conjunto <strong>P3<\/strong>. Isso significa que <strong>P1<\/strong> est\u00e1 contido em <strong>P3<\/strong>, ou seja, <strong>P3 <\/strong>cont\u00e9m <strong>P1<\/strong>.<\/p>\n\n\n\n<p>Em <strong>P2<\/strong>, temos policiais com <span class=\"has-inline-color has-vivid-red-color\"><strong>no m\u00e1ximo 2 anos<\/strong><\/span> de experi\u00eancia. Note que todos os policiais que t\u00eam <strong><span class=\"has-inline-color has-vivid-red-color\">no m\u00e1ximo 2 anos<\/span><\/strong> de experi\u00eancia <strong><span class=\"has-inline-color has-vivid-red-color\">n\u00e3o t\u00eam mais do que 3 anos de experi\u00eancia<\/span><\/strong> e, portanto, esses policiais pertencem ao conjunto <strong>P3<\/strong>. Isso significa que <strong>P2<\/strong> est\u00e1 contido em <strong>P3<\/strong>, ou seja, <strong>P3 <\/strong>cont\u00e9m <strong>P2<\/strong>.<\/p>\n\n\n\n<p class=\"has-text-align-center\">&#8212;&#8211;<\/p>\n\n\n\n<p>Voltando ao problema, a uni\u00e3o infinita dos conjuntos <strong>P1, P2<\/strong>, <strong>P3&#8230; <\/strong>pode ser escrita informalmente por:<\/p>\n\n\n\n<div class=\"wp-block-image\"><figure class=\"aligncenter size-large\"><img loading=\"lazy\" decoding=\"async\" width=\"301\" height=\"50\" src=\"https:\/\/dhg1h5j42swfq.cloudfront.net\/2021\/05\/23234424\/image-565.png\" alt=\"\" class=\"wp-image-748791\" \/><\/figure><\/div>\n\n\n\n<p>Note que o conjunto de maior \u00edndice (infinito), <strong>P<sub>\u221e<\/sub><\/strong>, <strong><span class=\"has-inline-color has-vivid-red-color\">cont\u00e9m todos os outros conjuntos de \u00edndice inferior<\/span><\/strong>. Isso significa que:<\/p>\n\n\n\n<div class=\"wp-block-image\"><figure class=\"aligncenter size-large\"><img loading=\"lazy\" decoding=\"async\" width=\"331\" height=\"47\" src=\"https:\/\/dhg1h5j42swfq.cloudfront.net\/2021\/05\/24020726\/image-632.png\" alt=\"\" class=\"wp-image-748901\" srcset=\"https:\/\/dhg1h5j42swfq.cloudfront.net\/2021\/05\/24020726\/image-632.png 331w, https:\/\/dhg1h5j42swfq.cloudfront.net\/2021\/05\/24020726\/image-632-300x43.png 300w\" sizes=\"auto, (max-width: 331px) 100vw, 331px\" \/><\/figure><\/div>\n\n\n\n<p>Note que o conjunto <strong>P<sub>\u221e<\/sub> <\/strong>pode ser entendido por:<\/p>\n\n\n\n<p class=\"has-text-align-center\"><strong>P<sub>\u221e<\/sub><\/strong>= {policiais federais em efetivo exerc\u00edcio no pa\u00eds e que t\u00eam <strong><span class=\"has-inline-color has-vivid-red-color\">at\u00e9 infinitos <\/span><\/strong>anos de experi\u00eancia no exerc\u00edcio do cargo}<\/p>\n\n\n\n<p>Veja que <strong>os policiais que t\u00eam at\u00e9 infinitos anos de experi\u00eancia corresponde \u00e0 totalidade dos policiais<\/strong>. Isso significa que:<\/p>\n\n\n\n<div class=\"wp-block-image\"><figure class=\"aligncenter size-large\"><img loading=\"lazy\" decoding=\"async\" width=\"97\" height=\"39\" src=\"https:\/\/dhg1h5j42swfq.cloudfront.net\/2021\/05\/23234846\/image-579.png\" alt=\"\" class=\"wp-image-748805\" \/><\/figure><\/div>\n\n\n\n<p>Logo:<\/p>\n\n\n\n<div class=\"wp-block-image\"><figure class=\"aligncenter size-large\"><img loading=\"lazy\" decoding=\"async\" width=\"388\" height=\"44\" src=\"https:\/\/dhg1h5j42swfq.cloudfront.net\/2021\/05\/23234941\/image-581.png\" alt=\"\" class=\"wp-image-748808\" srcset=\"https:\/\/dhg1h5j42swfq.cloudfront.net\/2021\/05\/23234941\/image-581.png 388w, https:\/\/dhg1h5j42swfq.cloudfront.net\/2021\/05\/23234941\/image-581-300x34.png 300w\" sizes=\"auto, (max-width: 388px) 100vw, 388px\" \/><\/figure><\/div>\n\n\n\n<p>Portanto, <strong><span class=\"has-inline-color has-vivid-cyan-blue-color\">o conjunto P \u00e9 igual \u00e0 uni\u00e3o infinita dos conjuntos P1, P2, P3, &#8230;<\/span><\/strong><\/p>\n\n\n\n<p class=\"has-text-align-center has-cyan-bluish-gray-background-color has-background\"><strong>Quest\u00e3o 59<\/strong><\/p>\n\n\n\n<p><strong>Quest\u00e3o 59. P2 \u00e9 subconjunto de P1<\/strong><\/p>\n\n\n\n<p><strong>Gabarito: ERRADO.<\/strong><\/p>\n\n\n\n<p><strong>Coment\u00e1rios:<\/strong><\/p>\n\n\n\n<p>Em <strong>P1<\/strong>, temos policiais com <strong><span class=\"has-inline-color has-vivid-red-color\">no m\u00e1ximo 1 ano<\/span><\/strong> de experi\u00eancia. Em <strong>P2<\/strong>, temos policiais com <span class=\"has-inline-color has-vivid-red-color\"><strong>no m\u00e1ximo 2 anos<\/strong><\/span> de experi\u00eancia.<\/p>\n\n\n\n<p>Note que <strong><span class=\"has-inline-color has-vivid-red-color\">todos os policiais que t\u00eam no m\u00e1ximo 1 ano de experi\u00eancia n\u00e3o t\u00eam mais do que 2 anos de experi\u00eancia<\/span><\/strong> e, portanto, esses policiais pertencem ao conjunto <strong>P2<\/strong>. Isso significa que <strong>P1<\/strong> est\u00e1 contido em <strong>P2<\/strong>, ou seja, <strong><span class=\"has-inline-color has-vivid-cyan-blue-color\">P1 \u00e9 subconjunto de P2<\/span>.<\/strong> Logo, a quest\u00e3o erra ao dizer que <strong>P2<\/strong> \u00e9 subconjunto de <strong>P1<\/strong>.<\/p>\n\n\n\n<p class=\"has-text-align-center has-cyan-bluish-gray-background-color has-background\"><strong>Quest\u00e3o 60<\/strong><\/p>\n\n\n\n<p><strong>Quest\u00e3o 60. Escolhendo-se aleatoriamente um integrante do conjunto P, a probabilidade de ele ter entre dois e tr\u00eas anos de experi\u00eancia no exerc\u00edcio do cargo \u00e9 dada por n(P2-P3)\/n(P3), em que n(X) indica o n\u00famero de elementos do conjunto X e P2-P3 \u00e9 o conjunto formado pelos indiv\u00edduos que est\u00e3o em P2 mas n\u00e3o est\u00e3o em P3<\/strong><\/p>\n\n\n\n<p><strong>Gabarito: ERRADO.<\/strong><\/p>\n\n\n\n<p><strong>Coment\u00e1rios:<\/strong><\/p>\n\n\n\n<p>Escolhendo-se aleatoriamente um integrante do conjunto <strong>P<\/strong>, isto \u00e9, escolhendo-se aleatoriamente um integrante <strong>dentre todos os policiais federais em efetivo exerc\u00edcio no pa\u00eds<\/strong>, a probabilidade de ele ter entre dois e tr\u00eas anos de experi\u00eancia no exerc\u00edcio do cargo \u00e9 dada por:<\/p>\n\n\n\n<div class=\"wp-block-image\"><figure class=\"aligncenter size-large\"><img loading=\"lazy\" decoding=\"async\" width=\"520\" height=\"72\" src=\"https:\/\/dhg1h5j42swfq.cloudfront.net\/2021\/05\/23235025\/image-583.png\" alt=\"\" class=\"wp-image-748810\" srcset=\"https:\/\/dhg1h5j42swfq.cloudfront.net\/2021\/05\/23235025\/image-583.png 520w, https:\/\/dhg1h5j42swfq.cloudfront.net\/2021\/05\/23235025\/image-583-300x42.png 300w\" sizes=\"auto, (max-width: 520px) 100vw, 520px\" \/><\/figure><\/div>\n\n\n\n<p>Em <strong>P3<\/strong> temos policiais com no m\u00e1ximo 3 anos de experi\u00eancia. J\u00e1 em <strong>P2<\/strong> temos policiais com no m\u00e1ximo 2 anos de experi\u00eancia. <strong>P3 &#8211; P2<\/strong> s\u00e3o os policiais com experi\u00eancia entre 2 e 3 anos. Logo:<\/p>\n\n\n\n<div class=\"wp-block-image\"><figure class=\"aligncenter size-large\"><img loading=\"lazy\" decoding=\"async\" width=\"642\" height=\"80\" src=\"https:\/\/dhg1h5j42swfq.cloudfront.net\/2021\/05\/23235051\/image-585.png\" alt=\"\" class=\"wp-image-748812\" srcset=\"https:\/\/dhg1h5j42swfq.cloudfront.net\/2021\/05\/23235051\/image-585.png 642w, https:\/\/dhg1h5j42swfq.cloudfront.net\/2021\/05\/23235051\/image-585-300x37.png 300w, https:\/\/dhg1h5j42swfq.cloudfront.net\/2021\/05\/23235051\/image-585-610x76.png 610w\" sizes=\"auto, (max-width: 642px) 100vw, 642px\" \/><\/figure><\/div>\n\n\n\n<p>A quest\u00e3o erra ao afirmar que a probabilidade \u00e9 <strong>n(P2-P3)\/n(P3).<\/strong><\/p>\n\n\n\n<p class=\"has-text-align-center has-pale-cyan-blue-background-color has-background\"><strong>Considera\u00e7\u00f5es finais<\/strong><\/p>\n\n\n\n<p>Esse \u00e9 o nosso gabarito extraoficial da disciplina de Racioc\u00ednio L\u00f3gico. Espero que tenham alcan\u00e7ado um bom desempenho. At\u00e9 a pr\u00f3xima!<\/p>\n\n\n\n<p><a href=\"https:\/\/www.estrategiaconcursos.com.br\/professor\/eduardo-mocellin-2280\/\" target=\"_blank\" rel=\"noreferrer noopener\">Prof. Eduardo Mocellin<\/a><\/p>\n","protected":false},"excerpt":{"rendered":"<p>Fala, pessoal! Sou o Eduardo Mocellin, professor de Matem\u00e1tica e de Racioc\u00ednio L\u00f3gico do Estrat\u00e9gia Concursos. A seguir, disponibilizo o gabarito extraoficial da disciplina de Racioc\u00ednio L\u00f3gico das provas da Pol\u00edcia Federal (PF) de 2021 para os cargos de Agente, Escriv\u00e3o e Papiloscopista. Ressalto que a ordem das quest\u00f5es pode variar de acordo com cada [&hellip;]<\/p>\n","protected":false},"author":2051,"featured_media":0,"comment_status":"open","ping_status":"closed","sticky":false,"template":"","format":"standard","meta":{"post_tipo":"article","footnotes":""},"categories":[1],"tags":[],"tax_estado":[219963],"class_list":["post-748766","post","type-post","status-publish","format-standard","hentry","category-cursos-e-concursos","tax_estado-concursos-federais"],"acf":[],"yoast_head":"<!-- This site is optimized with the Yoast SEO Premium plugin v27.2 (Yoast SEO v27.2) - https:\/\/yoast.com\/product\/yoast-seo-premium-wordpress\/ -->\n<title>Gabarito PF Racioc\u00ednio L\u00f3gico: Agente, Escriv\u00e3o e Papiloscopista<\/title>\n<meta name=\"robots\" content=\"index, follow, max-snippet:-1, max-image-preview:large, max-video-preview:-1\" \/>\n<link rel=\"canonical\" href=\"https:\/\/www.estrategiaconcursos.com.br\/blog\/gabarito-pf-raciocinio-logico-agente-escrivao-e-papiloscopista\/\" \/>\n<meta property=\"og:locale\" content=\"pt_BR\" \/>\n<meta property=\"og:type\" content=\"article\" \/>\n<meta property=\"og:title\" content=\"Gabarito PF Racioc\u00ednio L\u00f3gico: Agente, Escriv\u00e3o e Papiloscopista\" \/>\n<meta property=\"og:description\" content=\"Fala, pessoal! Sou o Eduardo Mocellin, professor de Matem\u00e1tica e de Racioc\u00ednio L\u00f3gico do Estrat\u00e9gia Concursos. A seguir, disponibilizo o gabarito extraoficial da disciplina de Racioc\u00ednio L\u00f3gico das provas da Pol\u00edcia Federal (PF) de 2021 para os cargos de Agente, Escriv\u00e3o e Papiloscopista. Ressalto que a ordem das quest\u00f5es pode variar de acordo com cada [&hellip;]\" \/>\n<meta property=\"og:url\" content=\"https:\/\/www.estrategiaconcursos.com.br\/blog\/gabarito-pf-raciocinio-logico-agente-escrivao-e-papiloscopista\/\" \/>\n<meta property=\"og:site_name\" content=\"Estrat\u00e9gia Concursos\" \/>\n<meta property=\"article:published_time\" content=\"2021-05-24T02:57:26+00:00\" \/>\n<meta property=\"article:modified_time\" content=\"2021-05-24T13:51:51+00:00\" \/>\n<meta property=\"og:image\" content=\"https:\/\/www.estrategiaconcursos.com.br\/blog\/wp-content\/uploads\/2021\/05\/image-547.png\" \/>\n<meta name=\"author\" content=\"Eduardo Mocellin\" \/>\n<meta name=\"twitter:card\" content=\"summary_large_image\" \/>\n<meta name=\"twitter:creator\" content=\"@EstratConcursos\" \/>\n<meta name=\"twitter:site\" content=\"@EstratConcursos\" \/>\n<meta name=\"twitter:label1\" content=\"Escrito por\" \/>\n\t<meta name=\"twitter:data1\" content=\"Eduardo Mocellin\" \/>\n\t<meta name=\"twitter:label2\" content=\"Est. tempo de leitura\" \/>\n\t<meta name=\"twitter:data2\" content=\"14 minutos\" \/>\n<script type=\"application\/ld+json\" class=\"yoast-schema-graph\">{\"@context\":\"https:\/\/schema.org\",\"@graph\":[{\"@type\":\"NewsArticle\",\"@id\":\"https:\/\/www.estrategiaconcursos.com.br\/blog\/gabarito-pf-raciocinio-logico-agente-escrivao-e-papiloscopista\/#article\",\"isPartOf\":{\"@id\":\"https:\/\/www.estrategiaconcursos.com.br\/blog\/gabarito-pf-raciocinio-logico-agente-escrivao-e-papiloscopista\/\"},\"author\":{\"name\":\"Eduardo Mocellin\",\"@id\":\"https:\/\/www.estrategiaconcursos.com.br\/blog\/#\/schema\/person\/6c1b8f8aae526310c62d4d2fc16d3cd8\"},\"headline\":\"Gabarito PF Racioc\u00ednio L\u00f3gico: Agente, Escriv\u00e3o e Papiloscopista\",\"datePublished\":\"2021-05-24T02:57:26+00:00\",\"dateModified\":\"2021-05-24T13:51:51+00:00\",\"mainEntityOfPage\":{\"@id\":\"https:\/\/www.estrategiaconcursos.com.br\/blog\/gabarito-pf-raciocinio-logico-agente-escrivao-e-papiloscopista\/\"},\"wordCount\":2444,\"commentCount\":0,\"publisher\":{\"@id\":\"https:\/\/www.estrategiaconcursos.com.br\/blog\/#organization\"},\"image\":{\"@id\":\"https:\/\/www.estrategiaconcursos.com.br\/blog\/gabarito-pf-raciocinio-logico-agente-escrivao-e-papiloscopista\/#primaryimage\"},\"thumbnailUrl\":\"https:\/\/www.estrategiaconcursos.com.br\/blog\/wp-content\/uploads\/2021\/05\/image-547.png\",\"articleSection\":[\"Concursos P\u00fablicos\"],\"inLanguage\":\"pt-BR\",\"potentialAction\":[{\"@type\":\"CommentAction\",\"name\":\"Comment\",\"target\":[\"https:\/\/www.estrategiaconcursos.com.br\/blog\/gabarito-pf-raciocinio-logico-agente-escrivao-e-papiloscopista\/#respond\"]}],\"copyrightYear\":\"2021\",\"copyrightHolder\":{\"@id\":\"https:\/\/www.estrategiaconcursos.com.br\/blog\/#organization\"}},{\"@type\":\"WebPage\",\"@id\":\"https:\/\/www.estrategiaconcursos.com.br\/blog\/gabarito-pf-raciocinio-logico-agente-escrivao-e-papiloscopista\/\",\"url\":\"https:\/\/www.estrategiaconcursos.com.br\/blog\/gabarito-pf-raciocinio-logico-agente-escrivao-e-papiloscopista\/\",\"name\":\"Gabarito PF Racioc\u00ednio L\u00f3gico: Agente, Escriv\u00e3o e Papiloscopista\",\"isPartOf\":{\"@id\":\"https:\/\/www.estrategiaconcursos.com.br\/blog\/#website\"},\"primaryImageOfPage\":{\"@id\":\"https:\/\/www.estrategiaconcursos.com.br\/blog\/gabarito-pf-raciocinio-logico-agente-escrivao-e-papiloscopista\/#primaryimage\"},\"image\":{\"@id\":\"https:\/\/www.estrategiaconcursos.com.br\/blog\/gabarito-pf-raciocinio-logico-agente-escrivao-e-papiloscopista\/#primaryimage\"},\"thumbnailUrl\":\"https:\/\/www.estrategiaconcursos.com.br\/blog\/wp-content\/uploads\/2021\/05\/image-547.png\",\"datePublished\":\"2021-05-24T02:57:26+00:00\",\"dateModified\":\"2021-05-24T13:51:51+00:00\",\"breadcrumb\":{\"@id\":\"https:\/\/www.estrategiaconcursos.com.br\/blog\/gabarito-pf-raciocinio-logico-agente-escrivao-e-papiloscopista\/#breadcrumb\"},\"inLanguage\":\"pt-BR\",\"potentialAction\":[{\"@type\":\"ReadAction\",\"target\":[\"https:\/\/www.estrategiaconcursos.com.br\/blog\/gabarito-pf-raciocinio-logico-agente-escrivao-e-papiloscopista\/\"]}]},{\"@type\":\"ImageObject\",\"inLanguage\":\"pt-BR\",\"@id\":\"https:\/\/www.estrategiaconcursos.com.br\/blog\/gabarito-pf-raciocinio-logico-agente-escrivao-e-papiloscopista\/#primaryimage\",\"url\":\"https:\/\/dhg1h5j42swfq.cloudfront.net\/2021\/05\/23233207\/image-547.png\",\"contentUrl\":\"https:\/\/dhg1h5j42swfq.cloudfront.net\/2021\/05\/23233207\/image-547.png\",\"width\":933,\"height\":43},{\"@type\":\"BreadcrumbList\",\"@id\":\"https:\/\/www.estrategiaconcursos.com.br\/blog\/gabarito-pf-raciocinio-logico-agente-escrivao-e-papiloscopista\/#breadcrumb\",\"itemListElement\":[{\"@type\":\"ListItem\",\"position\":1,\"name\":\"In\u00edcio\",\"item\":\"https:\/\/www.estrategiaconcursos.com.br\/blog\/\"},{\"@type\":\"ListItem\",\"position\":2,\"name\":\"Gabarito PF Racioc\u00ednio L\u00f3gico: Agente, Escriv\u00e3o e Papiloscopista\"}]},{\"@type\":\"WebSite\",\"@id\":\"https:\/\/www.estrategiaconcursos.com.br\/blog\/#website\",\"url\":\"https:\/\/www.estrategiaconcursos.com.br\/blog\/\",\"name\":\"Estrat\u00e9gia Concursos\",\"description\":\"O blog da Estrat\u00e9gia Concursos traz not\u00edcias sobre concursos e artigos de professores oferecendo cursos para concursos (pdf + videaulas) no site.\",\"publisher\":{\"@id\":\"https:\/\/www.estrategiaconcursos.com.br\/blog\/#organization\"},\"potentialAction\":[{\"@type\":\"SearchAction\",\"target\":{\"@type\":\"EntryPoint\",\"urlTemplate\":\"https:\/\/www.estrategiaconcursos.com.br\/blog\/?s={search_term_string}\"},\"query-input\":{\"@type\":\"PropertyValueSpecification\",\"valueRequired\":true,\"valueName\":\"search_term_string\"}}],\"inLanguage\":\"pt-BR\"},{\"@type\":\"Organization\",\"@id\":\"https:\/\/www.estrategiaconcursos.com.br\/blog\/#organization\",\"name\":\"Estrat\u00e9gia Concursos\",\"url\":\"https:\/\/www.estrategiaconcursos.com.br\/blog\/\",\"logo\":{\"@type\":\"ImageObject\",\"inLanguage\":\"pt-BR\",\"@id\":\"https:\/\/www.estrategiaconcursos.com.br\/blog\/#\/schema\/logo\/image\/\",\"url\":\"https:\/\/dhg1h5j42swfq.cloudfront.net\/2025\/06\/03203428\/logo_concursos-1.jpg\",\"contentUrl\":\"https:\/\/dhg1h5j42swfq.cloudfront.net\/2025\/06\/03203428\/logo_concursos-1.jpg\",\"width\":230,\"height\":60,\"caption\":\"Estrat\u00e9gia Concursos\"},\"image\":{\"@id\":\"https:\/\/www.estrategiaconcursos.com.br\/blog\/#\/schema\/logo\/image\/\"},\"sameAs\":[\"https:\/\/x.com\/EstratConcursos\"]},{\"@type\":\"Person\",\"@id\":\"https:\/\/www.estrategiaconcursos.com.br\/blog\/#\/schema\/person\/6c1b8f8aae526310c62d4d2fc16d3cd8\",\"name\":\"Eduardo Mocellin\",\"image\":{\"@type\":\"ImageObject\",\"inLanguage\":\"pt-BR\",\"@id\":\"https:\/\/secure.gravatar.com\/avatar\/4870ac8eb0a3224d13395747a7cb6a9e713e8e6522080f7d6499742e426b2b13?s=96&d=mm&r=g\",\"url\":\"https:\/\/secure.gravatar.com\/avatar\/4870ac8eb0a3224d13395747a7cb6a9e713e8e6522080f7d6499742e426b2b13?s=96&d=mm&r=g\",\"contentUrl\":\"https:\/\/secure.gravatar.com\/avatar\/4870ac8eb0a3224d13395747a7cb6a9e713e8e6522080f7d6499742e426b2b13?s=96&d=mm&r=g\",\"caption\":\"Eduardo Mocellin\"},\"url\":\"https:\/\/www.estrategiaconcursos.com.br\/blog\/author\/prof-eduardo-mocellingmail-com\/\"}]}<\/script>\n<!-- \/ Yoast SEO Premium plugin. -->","yoast_head_json":{"title":"Gabarito PF Racioc\u00ednio L\u00f3gico: Agente, Escriv\u00e3o e Papiloscopista","robots":{"index":"index","follow":"follow","max-snippet":"max-snippet:-1","max-image-preview":"max-image-preview:large","max-video-preview":"max-video-preview:-1"},"canonical":"https:\/\/www.estrategiaconcursos.com.br\/blog\/gabarito-pf-raciocinio-logico-agente-escrivao-e-papiloscopista\/","og_locale":"pt_BR","og_type":"article","og_title":"Gabarito PF Racioc\u00ednio L\u00f3gico: Agente, Escriv\u00e3o e Papiloscopista","og_description":"Fala, pessoal! Sou o Eduardo Mocellin, professor de Matem\u00e1tica e de Racioc\u00ednio L\u00f3gico do Estrat\u00e9gia Concursos. A seguir, disponibilizo o gabarito extraoficial da disciplina de Racioc\u00ednio L\u00f3gico das provas da Pol\u00edcia Federal (PF) de 2021 para os cargos de Agente, Escriv\u00e3o e Papiloscopista. Ressalto que a ordem das quest\u00f5es pode variar de acordo com cada [&hellip;]","og_url":"https:\/\/www.estrategiaconcursos.com.br\/blog\/gabarito-pf-raciocinio-logico-agente-escrivao-e-papiloscopista\/","og_site_name":"Estrat\u00e9gia Concursos","article_published_time":"2021-05-24T02:57:26+00:00","article_modified_time":"2021-05-24T13:51:51+00:00","og_image":[{"url":"https:\/\/www.estrategiaconcursos.com.br\/blog\/wp-content\/uploads\/2021\/05\/image-547.png","type":"","width":"","height":""}],"author":"Eduardo Mocellin","twitter_card":"summary_large_image","twitter_creator":"@EstratConcursos","twitter_site":"@EstratConcursos","twitter_misc":{"Escrito por":"Eduardo Mocellin","Est. tempo de leitura":"14 minutos"},"schema":{"@context":"https:\/\/schema.org","@graph":[{"@type":"NewsArticle","@id":"https:\/\/www.estrategiaconcursos.com.br\/blog\/gabarito-pf-raciocinio-logico-agente-escrivao-e-papiloscopista\/#article","isPartOf":{"@id":"https:\/\/www.estrategiaconcursos.com.br\/blog\/gabarito-pf-raciocinio-logico-agente-escrivao-e-papiloscopista\/"},"author":{"name":"Eduardo Mocellin","@id":"https:\/\/www.estrategiaconcursos.com.br\/blog\/#\/schema\/person\/6c1b8f8aae526310c62d4d2fc16d3cd8"},"headline":"Gabarito PF Racioc\u00ednio L\u00f3gico: Agente, Escriv\u00e3o e Papiloscopista","datePublished":"2021-05-24T02:57:26+00:00","dateModified":"2021-05-24T13:51:51+00:00","mainEntityOfPage":{"@id":"https:\/\/www.estrategiaconcursos.com.br\/blog\/gabarito-pf-raciocinio-logico-agente-escrivao-e-papiloscopista\/"},"wordCount":2444,"commentCount":0,"publisher":{"@id":"https:\/\/www.estrategiaconcursos.com.br\/blog\/#organization"},"image":{"@id":"https:\/\/www.estrategiaconcursos.com.br\/blog\/gabarito-pf-raciocinio-logico-agente-escrivao-e-papiloscopista\/#primaryimage"},"thumbnailUrl":"https:\/\/www.estrategiaconcursos.com.br\/blog\/wp-content\/uploads\/2021\/05\/image-547.png","articleSection":["Concursos P\u00fablicos"],"inLanguage":"pt-BR","potentialAction":[{"@type":"CommentAction","name":"Comment","target":["https:\/\/www.estrategiaconcursos.com.br\/blog\/gabarito-pf-raciocinio-logico-agente-escrivao-e-papiloscopista\/#respond"]}],"copyrightYear":"2021","copyrightHolder":{"@id":"https:\/\/www.estrategiaconcursos.com.br\/blog\/#organization"}},{"@type":"WebPage","@id":"https:\/\/www.estrategiaconcursos.com.br\/blog\/gabarito-pf-raciocinio-logico-agente-escrivao-e-papiloscopista\/","url":"https:\/\/www.estrategiaconcursos.com.br\/blog\/gabarito-pf-raciocinio-logico-agente-escrivao-e-papiloscopista\/","name":"Gabarito PF Racioc\u00ednio L\u00f3gico: Agente, Escriv\u00e3o e Papiloscopista","isPartOf":{"@id":"https:\/\/www.estrategiaconcursos.com.br\/blog\/#website"},"primaryImageOfPage":{"@id":"https:\/\/www.estrategiaconcursos.com.br\/blog\/gabarito-pf-raciocinio-logico-agente-escrivao-e-papiloscopista\/#primaryimage"},"image":{"@id":"https:\/\/www.estrategiaconcursos.com.br\/blog\/gabarito-pf-raciocinio-logico-agente-escrivao-e-papiloscopista\/#primaryimage"},"thumbnailUrl":"https:\/\/www.estrategiaconcursos.com.br\/blog\/wp-content\/uploads\/2021\/05\/image-547.png","datePublished":"2021-05-24T02:57:26+00:00","dateModified":"2021-05-24T13:51:51+00:00","breadcrumb":{"@id":"https:\/\/www.estrategiaconcursos.com.br\/blog\/gabarito-pf-raciocinio-logico-agente-escrivao-e-papiloscopista\/#breadcrumb"},"inLanguage":"pt-BR","potentialAction":[{"@type":"ReadAction","target":["https:\/\/www.estrategiaconcursos.com.br\/blog\/gabarito-pf-raciocinio-logico-agente-escrivao-e-papiloscopista\/"]}]},{"@type":"ImageObject","inLanguage":"pt-BR","@id":"https:\/\/www.estrategiaconcursos.com.br\/blog\/gabarito-pf-raciocinio-logico-agente-escrivao-e-papiloscopista\/#primaryimage","url":"https:\/\/dhg1h5j42swfq.cloudfront.net\/2021\/05\/23233207\/image-547.png","contentUrl":"https:\/\/dhg1h5j42swfq.cloudfront.net\/2021\/05\/23233207\/image-547.png","width":933,"height":43},{"@type":"BreadcrumbList","@id":"https:\/\/www.estrategiaconcursos.com.br\/blog\/gabarito-pf-raciocinio-logico-agente-escrivao-e-papiloscopista\/#breadcrumb","itemListElement":[{"@type":"ListItem","position":1,"name":"In\u00edcio","item":"https:\/\/www.estrategiaconcursos.com.br\/blog\/"},{"@type":"ListItem","position":2,"name":"Gabarito PF Racioc\u00ednio L\u00f3gico: Agente, Escriv\u00e3o e Papiloscopista"}]},{"@type":"WebSite","@id":"https:\/\/www.estrategiaconcursos.com.br\/blog\/#website","url":"https:\/\/www.estrategiaconcursos.com.br\/blog\/","name":"Estrat\u00e9gia Concursos","description":"O blog da Estrat\u00e9gia Concursos traz not\u00edcias sobre concursos e artigos de professores oferecendo cursos para concursos (pdf + videaulas) no site.","publisher":{"@id":"https:\/\/www.estrategiaconcursos.com.br\/blog\/#organization"},"potentialAction":[{"@type":"SearchAction","target":{"@type":"EntryPoint","urlTemplate":"https:\/\/www.estrategiaconcursos.com.br\/blog\/?s={search_term_string}"},"query-input":{"@type":"PropertyValueSpecification","valueRequired":true,"valueName":"search_term_string"}}],"inLanguage":"pt-BR"},{"@type":"Organization","@id":"https:\/\/www.estrategiaconcursos.com.br\/blog\/#organization","name":"Estrat\u00e9gia Concursos","url":"https:\/\/www.estrategiaconcursos.com.br\/blog\/","logo":{"@type":"ImageObject","inLanguage":"pt-BR","@id":"https:\/\/www.estrategiaconcursos.com.br\/blog\/#\/schema\/logo\/image\/","url":"https:\/\/dhg1h5j42swfq.cloudfront.net\/2025\/06\/03203428\/logo_concursos-1.jpg","contentUrl":"https:\/\/dhg1h5j42swfq.cloudfront.net\/2025\/06\/03203428\/logo_concursos-1.jpg","width":230,"height":60,"caption":"Estrat\u00e9gia Concursos"},"image":{"@id":"https:\/\/www.estrategiaconcursos.com.br\/blog\/#\/schema\/logo\/image\/"},"sameAs":["https:\/\/x.com\/EstratConcursos"]},{"@type":"Person","@id":"https:\/\/www.estrategiaconcursos.com.br\/blog\/#\/schema\/person\/6c1b8f8aae526310c62d4d2fc16d3cd8","name":"Eduardo Mocellin","image":{"@type":"ImageObject","inLanguage":"pt-BR","@id":"https:\/\/secure.gravatar.com\/avatar\/4870ac8eb0a3224d13395747a7cb6a9e713e8e6522080f7d6499742e426b2b13?s=96&d=mm&r=g","url":"https:\/\/secure.gravatar.com\/avatar\/4870ac8eb0a3224d13395747a7cb6a9e713e8e6522080f7d6499742e426b2b13?s=96&d=mm&r=g","contentUrl":"https:\/\/secure.gravatar.com\/avatar\/4870ac8eb0a3224d13395747a7cb6a9e713e8e6522080f7d6499742e426b2b13?s=96&d=mm&r=g","caption":"Eduardo Mocellin"},"url":"https:\/\/www.estrategiaconcursos.com.br\/blog\/author\/prof-eduardo-mocellingmail-com\/"}]}},"_links":{"self":[{"href":"https:\/\/www.estrategiaconcursos.com.br\/blog\/wp-json\/wp\/v2\/posts\/748766","targetHints":{"allow":["GET"]}}],"collection":[{"href":"https:\/\/www.estrategiaconcursos.com.br\/blog\/wp-json\/wp\/v2\/posts"}],"about":[{"href":"https:\/\/www.estrategiaconcursos.com.br\/blog\/wp-json\/wp\/v2\/types\/post"}],"author":[{"embeddable":true,"href":"https:\/\/www.estrategiaconcursos.com.br\/blog\/wp-json\/wp\/v2\/users\/2051"}],"replies":[{"embeddable":true,"href":"https:\/\/www.estrategiaconcursos.com.br\/blog\/wp-json\/wp\/v2\/comments?post=748766"}],"version-history":[{"count":9,"href":"https:\/\/www.estrategiaconcursos.com.br\/blog\/wp-json\/wp\/v2\/posts\/748766\/revisions"}],"predecessor-version":[{"id":749210,"href":"https:\/\/www.estrategiaconcursos.com.br\/blog\/wp-json\/wp\/v2\/posts\/748766\/revisions\/749210"}],"wp:attachment":[{"href":"https:\/\/www.estrategiaconcursos.com.br\/blog\/wp-json\/wp\/v2\/media?parent=748766"}],"wp:term":[{"taxonomy":"category","embeddable":true,"href":"https:\/\/www.estrategiaconcursos.com.br\/blog\/wp-json\/wp\/v2\/categories?post=748766"},{"taxonomy":"post_tag","embeddable":true,"href":"https:\/\/www.estrategiaconcursos.com.br\/blog\/wp-json\/wp\/v2\/tags?post=748766"},{"taxonomy":"tax_estado","embeddable":true,"href":"https:\/\/www.estrategiaconcursos.com.br\/blog\/wp-json\/wp\/v2\/tax_estado?post=748766"}],"curies":[{"name":"wp","href":"https:\/\/api.w.org\/{rel}","templated":true}]}}