{"id":748649,"date":"2021-05-23T23:01:06","date_gmt":"2021-05-24T02:01:06","guid":{"rendered":"https:\/\/www.estrategiaconcursos.com.br\/blog\/?p=748649"},"modified":"2021-05-23T23:01:08","modified_gmt":"2021-05-24T02:01:08","slug":"gabarito-extraoficial-de-biologia-para-papiloscopista-da-pf-2021","status":"publish","type":"post","link":"https:\/\/www.estrategiaconcursos.com.br\/blog\/gabarito-extraoficial-de-biologia-para-papiloscopista-da-pf-2021\/","title":{"rendered":"Gabarito Extraoficial de Biologia para Papiloscopista da PF &#8211; 2021"},"content":{"rendered":"\n<p>Contra nossas expectativas, a prova realizada em 23\/5\/21 para Papiloscopista da Pol\u00edcia Federal acabou focando em quest\u00f5es de bioqu\u00edmica e de embriologia. N\u00e3o faltaram quest\u00f5es de citologia, que apresentavam n\u00edvel f\u00e1cil (em sua maioria). Sentimos falta da cl\u00e1ssica gen\u00e9tica, que praticamente n\u00e3o apareceu por ali. Mas vamos em frente. Praticamente todo o conte\u00fado pedido pela banca foi abordado no nosso curso, aqui do Estrat\u00e9gia Concursos. H\u00e1 apenas uma exce\u00e7\u00e3o, como veremos adiante. <\/p>\n\n\n\n<p>Vamos \u00e0 prova:<\/p>\n\n\n\n<p><em><strong>A respeito da composi\u00e7\u00e3o qu\u00edmica da mat\u00e9ria viva, julgue os itens a seguir.<\/strong><\/em><\/p>\n\n\n\n<ol class=\"wp-block-list\" start=\"97\"><li><em><strong>Os principais elementos qu\u00edmicos que constituem os organismos vivos s\u00e3o: carbono (C), oxig\u00eanio (O), hidrog\u00eanio (H), nitrog\u00eanio (N) e arg\u00f4nio (Ar).<\/strong><\/em><\/li><\/ol>\n\n\n\n<p>O tema que esta quest\u00e3o e a pr\u00f3xima abordam \u00e9 geralmente estudado como introdut\u00f3rio nas aulas de bioqu\u00edmica, sendo importante para o entendimento da composi\u00e7\u00e3o qu\u00edmica do organismo. Ele forma a base para o entendimento da composi\u00e7\u00e3o das classes de mol\u00e9culas que comp\u00f5em o corpo. Nesta esteira, temos que os organismos vivos, compostos por mat\u00e9ria org\u00e2nica, apresentam os elementos Carbono, Oxig\u00eanio, Hidrog\u00eanio e Nitrog\u00eanio em abund\u00e2ncia. Outros componentes i\u00f4nicos como C\u00e1lcio, F\u00f3sforo, Magn\u00e9sio, Ferro, S\u00f3dio, Pot\u00e1ssio e Enxofre, tamb\u00e9m s\u00e3o importantes. O Arg\u00f4nio, citado na afirmativa, \u00e9 um g\u00e1s nobre. Ele n\u00e3o faz parte desses elementos. Assim, entende-se que esta afirmativa est\u00e1 errada.  <\/p>\n\n\n\n<p><strong>98. <em>O papel biol\u00f3gico dos \u00edons magn\u00e9sio no organismo inclui a forma\u00e7\u00e3o de tecidos, ossos e dentes, o metabolismo de carboidratos e a regula\u00e7\u00e3o da excitabilidade neuromuscular.<\/em><\/strong><\/p>\n\n\n\n<p>O \u00edon magn\u00e9sio \u00e9 essencial, sendo fundamental para atividade enzim\u00e1tica, em especial em processos metab\u00f3licos como a glic\u00f3lise, entre outros envolvidos na s\u00edntese de ATP. Ele faz parte da composi\u00e7\u00e3o de uma s\u00e9rie de enzimas cinases (aquelas que transferem fosfatos nas rea\u00e7\u00f5es), sendo importante para a intera\u00e7\u00e3o com os grupos fosfato dos nucleos\u00eddeos como o ATP. Al\u00e9m disso, \u00e9 importante para estabilidade de membranas de c\u00e9lulas que comp\u00f5e o sistema neuromuscular e cardiovascular, assunto que \u00e9 estudado em fisiologia humana. <\/p>\n\n\n\n<p>Assim, a afirmativa est\u00e1 certa. <\/p>\n\n\n\n<p><strong><em>Com rela\u00e7\u00e3o aos componentes citoplasm\u00e1ticos de c\u00e9lulas eucari\u00f3ticas, julgue os pr\u00f3ximos itens<\/em>.<\/strong><\/p>\n\n\n\n<ol class=\"wp-block-list\" start=\"99\"><li><em><strong>A mitoc\u00f4ndria e o aparelho de Golgi s\u00e3o organelas que possuem material gen\u00e9tico (DNA) pr\u00f3prio, raz\u00e3o por que elas s\u00e3o frequentemente empregadas nas an\u00e1lises para determinar a hist\u00f3ria evolutiva humana.<\/strong><\/em><\/li><\/ol>\n\n\n\n<p>Mitoc\u00f4ndrias s\u00e3o organelas envolvidas no metabolismo energ\u00e9tico das c\u00e9lulas. Nelas ocorre a produ\u00e7\u00e3o do ATP por meio da fosforila\u00e7\u00e3o oxidativa. Elas apresentam uma mol\u00e9cula de DNA circular pr\u00f3pria, que codifica para prote\u00ednas que  fazem parte de seu metabolismo. A presen\u00e7a desse DNA \u00e9 forte evid\u00eancia do processo evolutivo que se acredita ter sido respons\u00e1vel pela sua presen\u00e7a nas c\u00e9lulas eucari\u00f3ticas (Teoria da Endossimbiose).  <\/p>\n\n\n\n<p>O aparelho de Golgi \u00e9 uma organela formada por cisternas membranosas empilhadas, envolvido na secre\u00e7\u00e3o de prote\u00ednas e glicoprote\u00ednas, forma\u00e7\u00e3o de lisossomos, s\u00edntese de polissacar\u00eddeos e renova\u00e7\u00e3o da membrana plasm\u00e1tica. Ela n\u00e3o apresenta DNA pr\u00f3prio. Portanto, a afirmativa 99 est\u00e1 errada. <\/p>\n\n\n\n<p><strong>100.<em>Embora as balsas lip\u00eddicas na membrana plasm\u00e1tica atuem na transdu\u00e7\u00e3o de sinais promovendo a resposta imunol\u00f3gica na defesa do organismo, elas podem facilitar a entrada de v\u00edrus da fam\u00edlia dos coronav\u00edrus por meio da liga\u00e7\u00e3o entre o v\u00edrus e a prote\u00edna transmembrana localizada nas regi\u00f5es dessas balsas.<\/em><\/strong><\/p>\n\n\n\n<p>Encontramos aqui um assunto altamente espec\u00edfico relacionado a composi\u00e7\u00e3o da membrana plasm\u00e1tica e associado a atua\u00e7\u00e3o dos corona v\u00edrus, algo bastante atual. Inicialmente, \u00e9 importante explicar o que s\u00e3o as balsas lip\u00eddicas. As balsas lip\u00eddicas consistem de microdom\u00ednios da membrana plasm\u00e1tica, nos quais ocorre um espessamento relacionado \u00e0 presen\u00e7a de colesterol e glicoesfingolip\u00eddios. Nessas regi\u00f5es encontram-se prote\u00ednas de membrana envolvidas em processos de sinaliza\u00e7\u00e3o celular, gerando verdadeiras plataformas de transdu\u00e7\u00e3o de sinal. Elas est\u00e3o envolvidas em processos como endocitose (que podem estar envolvidos em respostas imunol\u00f3gicas), transdu\u00e7\u00e3o de sinal, regula\u00e7\u00e3o de autofagia e comunica\u00e7\u00e3o celular.  Elas agrupam uma s\u00e9rie de receptores de reconhecimento de pat\u00f3genos e por isso, s\u00e3o verdadeiras rotas de entrada de v\u00e1rios tipos de v\u00edrus nas c\u00e9lulas. Em 2007, pesquisadores j\u00e1 haviam relatado esse mecanismo como sendo utilizado por corona v\u00edrus como o Sars-cov e o HCov229E para o acesso \u00e0s c\u00e9lulas do hospedeiro. <\/p>\n\n\n\n<p>Note se tratar de algo muito espec\u00edfico e de conhecimento muito aprofundado at\u00e9 mesmo para quem \u00e9 formado na \u00e1rea. <\/p>\n\n\n\n<p>N\u00e3o obstante, a afirmativa est\u00e1 certa. Para saber mais, consulte o artigo de Fecchi e colaboradores, publicado na revista Frontiers in Microbiology, de agosto de 2020 (doi: 10.3389\/fmicb.2020.01821). <\/p>\n\n\n\n<p><em><strong>No que se refere \u00e0 placenta, julgue o item seguinte:<\/strong><\/em><\/p>\n\n\n\n<ol class=\"wp-block-list\" start=\"101\"><li><em><strong>A placenta \u00e9 formada pela parte fetal, constitu\u00edda pelo c\u00f3rion viloso e pela parte materna, constitu\u00edda pela dec\u00eddua basal.<\/strong><\/em><\/li><\/ol>\n\n\n\n<p>A afirmativa est\u00e1 certa. A placenta \u00e9 formada pela uni\u00e3o do c\u00f3rion, um anexo embrion\u00e1rio formado pela combina\u00e7\u00e3o do sinciciotrofoblasto, do citotrofoblasto e do mesoderma extraembrion\u00e1rio, com o desenvolvimento de uma por\u00e7\u00e3o do endom\u00e9trio uterino chamada dec\u00eddua basal. Assim, considera-se a placenta um tecido que apresenta c\u00e9lulas da m\u00e3e e do feto. <\/p>\n\n\n\n<p><em><b>Acerca de vias metab\u00f3licas, julgue o pr\u00f3ximo <\/b><\/em><strong><em>item<\/em><\/strong>.<\/p>\n\n\n\n<ol class=\"wp-block-list\" start=\"102\"><li><em><b>Nos seres eucariontes, o ciclo de Krebs, ou ciclo dos \u00e1cidos <\/b><\/em><strong><em>tri carbox\u00edlicos, ocorre nos ribossomos livres no citosol.<\/em><\/strong><\/li><\/ol>\n\n\n\n<p> Ribossomos s\u00e3o organelas envolvidas na s\u00edntese de prote\u00ednas. Eles n\u00e3o tem qualquer rela\u00e7\u00e3o direta com o ciclo do \u00e1cido c\u00edtrico ou ciclo de Krebs, que ocorre na matriz mitocondrial. Portanto, a afirmativa est\u00e1 errada. <\/p>\n\n\n\n<p>As quest\u00f5es 103 e 104 s\u00e3o precedidas por um texto que trata de decis\u00e3o judicial determinando que dois irm\u00e3os g\u00eameos univitel\u00ednicos sejam ambos registrados como pais de uma crian\u00e7a para fins de pagamento de pens\u00e3o aliment\u00edcia. O texto deixa claro que o material gen\u00e9tico de ambos \u00e9 o mesmo e que exames de paternidade por DNA tradicionais n\u00e3o podem identificar qual o verdadeiro pai. <\/p>\n\n\n\n<ol class=\"wp-block-list\" start=\"103\"><li><strong><em>Como o exame de DNA tradicional n\u00e3o foi suficiente para elucidar a situa\u00e7\u00e3o descrita, uma forma de confirmar a paternidade seria submeter os g\u00eameos ao teste de paternidade por tipagem sangu\u00ednea, utilizando o sistema ABO.<\/em><\/strong><\/li><\/ol>\n\n\n\n<p>O sistema ABO \u00e9 determinado geneticamente pela express\u00e3o em codomin\u00e2ncia dos alelos IA, IB e i. Cada indiv\u00edduo porta dois destes alelos, os quais ir\u00e3o determinar a express\u00e3o fenot\u00edpica do tipo sangu\u00edneo, que pode ser conhecido por meio da realiza\u00e7\u00e3o de teste de imunoaglutina\u00e7\u00e3o. Por se tratar de uma condi\u00e7\u00e3o gen\u00e9tica, determinada pela carga genot\u00edpica de cada indiv\u00edduo, n\u00e3o faz sentido utilizar esse sistema para identificar o pai da crian\u00e7a, j\u00e1 que os gen\u00f3tipos dos pais s\u00e3o id\u00eanticos (e seus tipos sangu\u00edneos tamb\u00e9m). Assim, esta afirmativa est\u00e1 errada. <\/p>\n\n\n\n<ol class=\"wp-block-list\" start=\"104\"><li><strong><em>Os g\u00eameos na situa\u00e7\u00e3o em tela possuem a mesma carga gen\u00e9tica porque eles se originaram de um \u00fanico \u00f3vulo fertilizado pelo mesmo espermatozoide, com posterior fiss\u00e3o do zigoto.<\/em><\/strong><\/li><\/ol>\n\n\n\n<p>G\u00eameos monozig\u00f3ticos s\u00e3o formados em geral pela divis\u00e3o da m\u00f3rula, quando o zigoto humano apresenta entre 16 e 32 blast\u00f4meros. A cis\u00e3o da m\u00f3rula gera dois embri\u00f5es que podem se desenvolver no mesmo saco vitel\u00ednico (univitel\u00ednicos) ou em sacos separados (divitel\u00ednicos). Em ambos os casos, como os embri\u00f5es s\u00e3o formados a partir do mesmo zigoto, eles apresentam o mesmo genoma. Assim, a afirmativa 104 est\u00e1 certa. <\/p>\n\n\n\n<p>Finalizamos este artigo tendo a certeza de que todos os alunos que se prepararam com nosso material tinham plena capacidade de ir muito bem na parte de biologia desta prova.<\/p>\n\n\n\n<p>Agradecemos sempre a confian\u00e7a e a parceria!<\/p>\n\n\n\n<p>Contem sempre conosco. Grande abra\u00e7o a todos. <\/p>\n","protected":false},"excerpt":{"rendered":"<p>Contra nossas expectativas, a prova realizada em 23\/5\/21 para Papiloscopista da Pol\u00edcia Federal acabou focando em quest\u00f5es de bioqu\u00edmica e de embriologia. N\u00e3o faltaram quest\u00f5es de citologia, que apresentavam n\u00edvel f\u00e1cil (em sua maioria). Sentimos falta da cl\u00e1ssica gen\u00e9tica, que praticamente n\u00e3o apareceu por ali. Mas vamos em frente. Praticamente todo o conte\u00fado pedido pela [&hellip;]<\/p>\n","protected":false},"author":650,"featured_media":0,"comment_status":"open","ping_status":"closed","sticky":false,"template":"","format":"standard","meta":{"post_tipo":"article","footnotes":""},"categories":[1],"tags":[],"tax_estado":[],"class_list":["post-748649","post","type-post","status-publish","format-standard","hentry","category-cursos-e-concursos"],"acf":[],"yoast_head":"<!-- This site is optimized with the Yoast SEO Premium plugin v27.2 (Yoast SEO v27.2) - https:\/\/yoast.com\/product\/yoast-seo-premium-wordpress\/ -->\n<title>Gabarito Extraoficial de Biologia para Papiloscopista da PF - 2021<\/title>\n<meta name=\"robots\" content=\"index, follow, max-snippet:-1, max-image-preview:large, max-video-preview:-1\" \/>\n<link rel=\"canonical\" href=\"https:\/\/www.estrategiaconcursos.com.br\/blog\/gabarito-extraoficial-de-biologia-para-papiloscopista-da-pf-2021\/\" \/>\n<meta property=\"og:locale\" content=\"pt_BR\" \/>\n<meta property=\"og:type\" content=\"article\" \/>\n<meta property=\"og:title\" content=\"Gabarito Extraoficial de Biologia para Papiloscopista da PF - 2021\" \/>\n<meta property=\"og:description\" content=\"Contra nossas expectativas, a prova realizada em 23\/5\/21 para Papiloscopista da Pol\u00edcia Federal acabou focando em quest\u00f5es de bioqu\u00edmica e de embriologia. N\u00e3o faltaram quest\u00f5es de citologia, que apresentavam n\u00edvel f\u00e1cil (em sua maioria). Sentimos falta da cl\u00e1ssica gen\u00e9tica, que praticamente n\u00e3o apareceu por ali. Mas vamos em frente. Praticamente todo o conte\u00fado pedido pela [&hellip;]\" \/>\n<meta property=\"og:url\" content=\"https:\/\/www.estrategiaconcursos.com.br\/blog\/gabarito-extraoficial-de-biologia-para-papiloscopista-da-pf-2021\/\" \/>\n<meta property=\"og:site_name\" content=\"Estrat\u00e9gia Concursos\" \/>\n<meta property=\"article:published_time\" content=\"2021-05-24T02:01:06+00:00\" \/>\n<meta property=\"article:modified_time\" content=\"2021-05-24T02:01:08+00:00\" \/>\n<meta name=\"author\" content=\"Andr\u00e9 Vieira Peixoto Davila\" \/>\n<meta name=\"twitter:card\" content=\"summary_large_image\" \/>\n<meta name=\"twitter:creator\" content=\"@EstratConcursos\" \/>\n<meta name=\"twitter:site\" content=\"@EstratConcursos\" \/>\n<meta name=\"twitter:label1\" content=\"Escrito por\" \/>\n\t<meta name=\"twitter:data1\" content=\"Andr\u00e9 Vieira Peixoto Davila\" \/>\n\t<meta name=\"twitter:label2\" content=\"Est. tempo de leitura\" \/>\n\t<meta name=\"twitter:data2\" content=\"6 minutos\" \/>\n<script type=\"application\/ld+json\" class=\"yoast-schema-graph\">{\"@context\":\"https:\/\/schema.org\",\"@graph\":[{\"@type\":\"NewsArticle\",\"@id\":\"https:\/\/www.estrategiaconcursos.com.br\/blog\/gabarito-extraoficial-de-biologia-para-papiloscopista-da-pf-2021\/#article\",\"isPartOf\":{\"@id\":\"https:\/\/www.estrategiaconcursos.com.br\/blog\/gabarito-extraoficial-de-biologia-para-papiloscopista-da-pf-2021\/\"},\"author\":{\"name\":\"Andr\u00e9 Vieira Peixoto Davila\",\"@id\":\"https:\/\/www.estrategiaconcursos.com.br\/blog\/#\/schema\/person\/45e4ae8878f20d553e5b0de109017f4a\"},\"headline\":\"Gabarito Extraoficial de Biologia para Papiloscopista da PF &#8211; 2021\",\"datePublished\":\"2021-05-24T02:01:06+00:00\",\"dateModified\":\"2021-05-24T02:01:08+00:00\",\"mainEntityOfPage\":{\"@id\":\"https:\/\/www.estrategiaconcursos.com.br\/blog\/gabarito-extraoficial-de-biologia-para-papiloscopista-da-pf-2021\/\"},\"wordCount\":1386,\"commentCount\":0,\"publisher\":{\"@id\":\"https:\/\/www.estrategiaconcursos.com.br\/blog\/#organization\"},\"articleSection\":[\"Concursos P\u00fablicos\"],\"inLanguage\":\"pt-BR\",\"potentialAction\":[{\"@type\":\"CommentAction\",\"name\":\"Comment\",\"target\":[\"https:\/\/www.estrategiaconcursos.com.br\/blog\/gabarito-extraoficial-de-biologia-para-papiloscopista-da-pf-2021\/#respond\"]}],\"copyrightYear\":\"2021\",\"copyrightHolder\":{\"@id\":\"https:\/\/www.estrategiaconcursos.com.br\/blog\/#organization\"}},{\"@type\":\"WebPage\",\"@id\":\"https:\/\/www.estrategiaconcursos.com.br\/blog\/gabarito-extraoficial-de-biologia-para-papiloscopista-da-pf-2021\/\",\"url\":\"https:\/\/www.estrategiaconcursos.com.br\/blog\/gabarito-extraoficial-de-biologia-para-papiloscopista-da-pf-2021\/\",\"name\":\"Gabarito Extraoficial de Biologia para Papiloscopista da PF - 2021\",\"isPartOf\":{\"@id\":\"https:\/\/www.estrategiaconcursos.com.br\/blog\/#website\"},\"datePublished\":\"2021-05-24T02:01:06+00:00\",\"dateModified\":\"2021-05-24T02:01:08+00:00\",\"breadcrumb\":{\"@id\":\"https:\/\/www.estrategiaconcursos.com.br\/blog\/gabarito-extraoficial-de-biologia-para-papiloscopista-da-pf-2021\/#breadcrumb\"},\"inLanguage\":\"pt-BR\",\"potentialAction\":[{\"@type\":\"ReadAction\",\"target\":[\"https:\/\/www.estrategiaconcursos.com.br\/blog\/gabarito-extraoficial-de-biologia-para-papiloscopista-da-pf-2021\/\"]}]},{\"@type\":\"BreadcrumbList\",\"@id\":\"https:\/\/www.estrategiaconcursos.com.br\/blog\/gabarito-extraoficial-de-biologia-para-papiloscopista-da-pf-2021\/#breadcrumb\",\"itemListElement\":[{\"@type\":\"ListItem\",\"position\":1,\"name\":\"In\u00edcio\",\"item\":\"https:\/\/www.estrategiaconcursos.com.br\/blog\/\"},{\"@type\":\"ListItem\",\"position\":2,\"name\":\"Gabarito Extraoficial de Biologia para Papiloscopista da PF &#8211; 2021\"}]},{\"@type\":\"WebSite\",\"@id\":\"https:\/\/www.estrategiaconcursos.com.br\/blog\/#website\",\"url\":\"https:\/\/www.estrategiaconcursos.com.br\/blog\/\",\"name\":\"Estrat\u00e9gia Concursos\",\"description\":\"O blog da Estrat\u00e9gia Concursos traz not\u00edcias sobre concursos e artigos de professores oferecendo cursos para concursos (pdf + videaulas) no site.\",\"publisher\":{\"@id\":\"https:\/\/www.estrategiaconcursos.com.br\/blog\/#organization\"},\"potentialAction\":[{\"@type\":\"SearchAction\",\"target\":{\"@type\":\"EntryPoint\",\"urlTemplate\":\"https:\/\/www.estrategiaconcursos.com.br\/blog\/?s={search_term_string}\"},\"query-input\":{\"@type\":\"PropertyValueSpecification\",\"valueRequired\":true,\"valueName\":\"search_term_string\"}}],\"inLanguage\":\"pt-BR\"},{\"@type\":\"Organization\",\"@id\":\"https:\/\/www.estrategiaconcursos.com.br\/blog\/#organization\",\"name\":\"Estrat\u00e9gia Concursos\",\"url\":\"https:\/\/www.estrategiaconcursos.com.br\/blog\/\",\"logo\":{\"@type\":\"ImageObject\",\"inLanguage\":\"pt-BR\",\"@id\":\"https:\/\/www.estrategiaconcursos.com.br\/blog\/#\/schema\/logo\/image\/\",\"url\":\"https:\/\/dhg1h5j42swfq.cloudfront.net\/2025\/06\/03203428\/logo_concursos-1.jpg\",\"contentUrl\":\"https:\/\/dhg1h5j42swfq.cloudfront.net\/2025\/06\/03203428\/logo_concursos-1.jpg\",\"width\":230,\"height\":60,\"caption\":\"Estrat\u00e9gia Concursos\"},\"image\":{\"@id\":\"https:\/\/www.estrategiaconcursos.com.br\/blog\/#\/schema\/logo\/image\/\"},\"sameAs\":[\"https:\/\/x.com\/EstratConcursos\"]},{\"@type\":\"Person\",\"@id\":\"https:\/\/www.estrategiaconcursos.com.br\/blog\/#\/schema\/person\/45e4ae8878f20d553e5b0de109017f4a\",\"name\":\"Andr\u00e9 Vieira Peixoto Davila\",\"image\":{\"@type\":\"ImageObject\",\"inLanguage\":\"pt-BR\",\"@id\":\"https:\/\/secure.gravatar.com\/avatar\/8199e002df0afaa9658a5c60c26d18a8b09de0f8dab31a1c28c8d3e266ba2742?s=96&d=mm&r=g\",\"url\":\"https:\/\/secure.gravatar.com\/avatar\/8199e002df0afaa9658a5c60c26d18a8b09de0f8dab31a1c28c8d3e266ba2742?s=96&d=mm&r=g\",\"contentUrl\":\"https:\/\/secure.gravatar.com\/avatar\/8199e002df0afaa9658a5c60c26d18a8b09de0f8dab31a1c28c8d3e266ba2742?s=96&d=mm&r=g\",\"caption\":\"Andr\u00e9 Vieira Peixoto Davila\"},\"url\":\"https:\/\/www.estrategiaconcursos.com.br\/blog\/author\/andrevpdgmail-com\/\"}]}<\/script>\n<!-- \/ Yoast SEO Premium plugin. -->","yoast_head_json":{"title":"Gabarito Extraoficial de Biologia para Papiloscopista da PF - 2021","robots":{"index":"index","follow":"follow","max-snippet":"max-snippet:-1","max-image-preview":"max-image-preview:large","max-video-preview":"max-video-preview:-1"},"canonical":"https:\/\/www.estrategiaconcursos.com.br\/blog\/gabarito-extraoficial-de-biologia-para-papiloscopista-da-pf-2021\/","og_locale":"pt_BR","og_type":"article","og_title":"Gabarito Extraoficial de Biologia para Papiloscopista da PF - 2021","og_description":"Contra nossas expectativas, a prova realizada em 23\/5\/21 para Papiloscopista da Pol\u00edcia Federal acabou focando em quest\u00f5es de bioqu\u00edmica e de embriologia. N\u00e3o faltaram quest\u00f5es de citologia, que apresentavam n\u00edvel f\u00e1cil (em sua maioria). Sentimos falta da cl\u00e1ssica gen\u00e9tica, que praticamente n\u00e3o apareceu por ali. Mas vamos em frente. Praticamente todo o conte\u00fado pedido pela [&hellip;]","og_url":"https:\/\/www.estrategiaconcursos.com.br\/blog\/gabarito-extraoficial-de-biologia-para-papiloscopista-da-pf-2021\/","og_site_name":"Estrat\u00e9gia Concursos","article_published_time":"2021-05-24T02:01:06+00:00","article_modified_time":"2021-05-24T02:01:08+00:00","author":"Andr\u00e9 Vieira Peixoto Davila","twitter_card":"summary_large_image","twitter_creator":"@EstratConcursos","twitter_site":"@EstratConcursos","twitter_misc":{"Escrito por":"Andr\u00e9 Vieira Peixoto Davila","Est. tempo de leitura":"6 minutos"},"schema":{"@context":"https:\/\/schema.org","@graph":[{"@type":"NewsArticle","@id":"https:\/\/www.estrategiaconcursos.com.br\/blog\/gabarito-extraoficial-de-biologia-para-papiloscopista-da-pf-2021\/#article","isPartOf":{"@id":"https:\/\/www.estrategiaconcursos.com.br\/blog\/gabarito-extraoficial-de-biologia-para-papiloscopista-da-pf-2021\/"},"author":{"name":"Andr\u00e9 Vieira Peixoto Davila","@id":"https:\/\/www.estrategiaconcursos.com.br\/blog\/#\/schema\/person\/45e4ae8878f20d553e5b0de109017f4a"},"headline":"Gabarito Extraoficial de Biologia para Papiloscopista da PF &#8211; 2021","datePublished":"2021-05-24T02:01:06+00:00","dateModified":"2021-05-24T02:01:08+00:00","mainEntityOfPage":{"@id":"https:\/\/www.estrategiaconcursos.com.br\/blog\/gabarito-extraoficial-de-biologia-para-papiloscopista-da-pf-2021\/"},"wordCount":1386,"commentCount":0,"publisher":{"@id":"https:\/\/www.estrategiaconcursos.com.br\/blog\/#organization"},"articleSection":["Concursos P\u00fablicos"],"inLanguage":"pt-BR","potentialAction":[{"@type":"CommentAction","name":"Comment","target":["https:\/\/www.estrategiaconcursos.com.br\/blog\/gabarito-extraoficial-de-biologia-para-papiloscopista-da-pf-2021\/#respond"]}],"copyrightYear":"2021","copyrightHolder":{"@id":"https:\/\/www.estrategiaconcursos.com.br\/blog\/#organization"}},{"@type":"WebPage","@id":"https:\/\/www.estrategiaconcursos.com.br\/blog\/gabarito-extraoficial-de-biologia-para-papiloscopista-da-pf-2021\/","url":"https:\/\/www.estrategiaconcursos.com.br\/blog\/gabarito-extraoficial-de-biologia-para-papiloscopista-da-pf-2021\/","name":"Gabarito Extraoficial de Biologia para Papiloscopista da PF - 2021","isPartOf":{"@id":"https:\/\/www.estrategiaconcursos.com.br\/blog\/#website"},"datePublished":"2021-05-24T02:01:06+00:00","dateModified":"2021-05-24T02:01:08+00:00","breadcrumb":{"@id":"https:\/\/www.estrategiaconcursos.com.br\/blog\/gabarito-extraoficial-de-biologia-para-papiloscopista-da-pf-2021\/#breadcrumb"},"inLanguage":"pt-BR","potentialAction":[{"@type":"ReadAction","target":["https:\/\/www.estrategiaconcursos.com.br\/blog\/gabarito-extraoficial-de-biologia-para-papiloscopista-da-pf-2021\/"]}]},{"@type":"BreadcrumbList","@id":"https:\/\/www.estrategiaconcursos.com.br\/blog\/gabarito-extraoficial-de-biologia-para-papiloscopista-da-pf-2021\/#breadcrumb","itemListElement":[{"@type":"ListItem","position":1,"name":"In\u00edcio","item":"https:\/\/www.estrategiaconcursos.com.br\/blog\/"},{"@type":"ListItem","position":2,"name":"Gabarito Extraoficial de Biologia para Papiloscopista da PF &#8211; 2021"}]},{"@type":"WebSite","@id":"https:\/\/www.estrategiaconcursos.com.br\/blog\/#website","url":"https:\/\/www.estrategiaconcursos.com.br\/blog\/","name":"Estrat\u00e9gia Concursos","description":"O blog da Estrat\u00e9gia Concursos traz not\u00edcias sobre concursos e artigos de professores oferecendo cursos para concursos (pdf + videaulas) no site.","publisher":{"@id":"https:\/\/www.estrategiaconcursos.com.br\/blog\/#organization"},"potentialAction":[{"@type":"SearchAction","target":{"@type":"EntryPoint","urlTemplate":"https:\/\/www.estrategiaconcursos.com.br\/blog\/?s={search_term_string}"},"query-input":{"@type":"PropertyValueSpecification","valueRequired":true,"valueName":"search_term_string"}}],"inLanguage":"pt-BR"},{"@type":"Organization","@id":"https:\/\/www.estrategiaconcursos.com.br\/blog\/#organization","name":"Estrat\u00e9gia Concursos","url":"https:\/\/www.estrategiaconcursos.com.br\/blog\/","logo":{"@type":"ImageObject","inLanguage":"pt-BR","@id":"https:\/\/www.estrategiaconcursos.com.br\/blog\/#\/schema\/logo\/image\/","url":"https:\/\/dhg1h5j42swfq.cloudfront.net\/2025\/06\/03203428\/logo_concursos-1.jpg","contentUrl":"https:\/\/dhg1h5j42swfq.cloudfront.net\/2025\/06\/03203428\/logo_concursos-1.jpg","width":230,"height":60,"caption":"Estrat\u00e9gia Concursos"},"image":{"@id":"https:\/\/www.estrategiaconcursos.com.br\/blog\/#\/schema\/logo\/image\/"},"sameAs":["https:\/\/x.com\/EstratConcursos"]},{"@type":"Person","@id":"https:\/\/www.estrategiaconcursos.com.br\/blog\/#\/schema\/person\/45e4ae8878f20d553e5b0de109017f4a","name":"Andr\u00e9 Vieira Peixoto Davila","image":{"@type":"ImageObject","inLanguage":"pt-BR","@id":"https:\/\/secure.gravatar.com\/avatar\/8199e002df0afaa9658a5c60c26d18a8b09de0f8dab31a1c28c8d3e266ba2742?s=96&d=mm&r=g","url":"https:\/\/secure.gravatar.com\/avatar\/8199e002df0afaa9658a5c60c26d18a8b09de0f8dab31a1c28c8d3e266ba2742?s=96&d=mm&r=g","contentUrl":"https:\/\/secure.gravatar.com\/avatar\/8199e002df0afaa9658a5c60c26d18a8b09de0f8dab31a1c28c8d3e266ba2742?s=96&d=mm&r=g","caption":"Andr\u00e9 Vieira Peixoto Davila"},"url":"https:\/\/www.estrategiaconcursos.com.br\/blog\/author\/andrevpdgmail-com\/"}]}},"_links":{"self":[{"href":"https:\/\/www.estrategiaconcursos.com.br\/blog\/wp-json\/wp\/v2\/posts\/748649","targetHints":{"allow":["GET"]}}],"collection":[{"href":"https:\/\/www.estrategiaconcursos.com.br\/blog\/wp-json\/wp\/v2\/posts"}],"about":[{"href":"https:\/\/www.estrategiaconcursos.com.br\/blog\/wp-json\/wp\/v2\/types\/post"}],"author":[{"embeddable":true,"href":"https:\/\/www.estrategiaconcursos.com.br\/blog\/wp-json\/wp\/v2\/users\/650"}],"replies":[{"embeddable":true,"href":"https:\/\/www.estrategiaconcursos.com.br\/blog\/wp-json\/wp\/v2\/comments?post=748649"}],"version-history":[{"count":1,"href":"https:\/\/www.estrategiaconcursos.com.br\/blog\/wp-json\/wp\/v2\/posts\/748649\/revisions"}],"predecessor-version":[{"id":748745,"href":"https:\/\/www.estrategiaconcursos.com.br\/blog\/wp-json\/wp\/v2\/posts\/748649\/revisions\/748745"}],"wp:attachment":[{"href":"https:\/\/www.estrategiaconcursos.com.br\/blog\/wp-json\/wp\/v2\/media?parent=748649"}],"wp:term":[{"taxonomy":"category","embeddable":true,"href":"https:\/\/www.estrategiaconcursos.com.br\/blog\/wp-json\/wp\/v2\/categories?post=748649"},{"taxonomy":"post_tag","embeddable":true,"href":"https:\/\/www.estrategiaconcursos.com.br\/blog\/wp-json\/wp\/v2\/tags?post=748649"},{"taxonomy":"tax_estado","embeddable":true,"href":"https:\/\/www.estrategiaconcursos.com.br\/blog\/wp-json\/wp\/v2\/tax_estado?post=748649"}],"curies":[{"name":"wp","href":"https:\/\/api.w.org\/{rel}","templated":true}]}}