{"id":748091,"date":"2026-03-16T08:39:00","date_gmt":"2026-03-16T11:39:00","guid":{"rendered":"https:\/\/www.estrategiaconcursos.com.br\/blog\/?p=748091"},"modified":"2026-03-16T11:51:37","modified_gmt":"2026-03-16T14:51:37","slug":"concurso-anp","status":"publish","type":"post","link":"https:\/\/www.estrategiaconcursos.com.br\/blog\/concurso-anp\/","title":{"rendered":"Concurso ANP: confira os resultados da 1\u00aa fase do CNU!"},"content":{"rendered":"\n<center><a id=\"cta-icon\" href=\"https:\/\/sndflw.com\/i\/anp-grupo\" target=\"_blank\" style=\"background:#29a61a; display:inline-flex; align-items:center; padding:10px 15px; border-radius:6px; color:#fff; text-decoration:none; font-weight:500; font-size:15px;\"><img decoding=\"async\" src=\"https:\/\/dhg1h5j42swfq.cloudfront.net\/2023\/12\/07154107\/whatsapp_13851.png\" alt=\"\" style=\"width:20px; height:20px; margin-right:8px;\"><span>Acesse agora o Grupo de Estudos para o Concurso ANP<\/span><\/a><\/center>\n\n\n\n<div style=\"height:41px\" aria-hidden=\"true\" class=\"wp-block-spacer\"><\/div>\n\n\n\n<p>Foi divulgado o resultado final da 1\u00aa fase do <strong>concurso<\/strong> <strong>da<\/strong> <strong><a href=\"https:\/\/www.estrategiaconcursos.com.br\/cursosPorConcurso\/anp-106\/\" target=\"_blank\" rel=\"noreferrer noopener\">Ag\u00eancia Nacional do Petr\u00f3leo<\/a>\u00a0(ANP)<\/strong>, contemplado na segunda edi\u00e7\u00e3o do\u00a0<a href=\"https:\/\/www.estrategiaconcursos.com.br\/blog\/concurso-nacional-unificado\/\" target=\"_blank\" rel=\"noreferrer noopener\"><strong>CNU<\/strong><\/a>.<\/p>\n\n\n\n<p>Vale ressaltar que, para os cargos <span style=\"text-decoration: underline;\">sem<\/span> 2\u00aa etapa, caso do cargo de <strong>T\u00e9cnico<\/strong>, o resultado final j\u00e1 est\u00e1 oficialmente homologado.<\/p>\n\n\n\n<p>Para os cargos <span style=\"text-decoration: underline;\">com<\/span> 2\u00aa fase, caso dos cargos de <strong>Especialista<\/strong>, logo mais ser\u00e3o iniciadas as convoca\u00e7\u00f5es para o Curso ou Programa de Forma\u00e7\u00e3o.<\/p>\n\n\n\n<ul class=\"wp-block-list\">\n<li><strong><a href=\"https:\/\/dhg1h5j42swfq.cloudfront.net\/2026\/03\/16061538\/edital-no-84-de-13-de-marco-de-2026-edital-no-84-de-13-de-marco-de-2026-dou-imprensa-nacional.pdf\" target=\"_blank\" rel=\"noreferrer noopener\">Resultado definitivo da classifica\u00e7\u00e3o final<\/a><\/strong> (1\u00aa fase).<\/li>\n<\/ul>\n\n\n\n<p>Lembrando que s\u00e3o contempladas <strong>66 vagas<\/strong> no cargo de <strong>Especialista em Regula\u00e7\u00e3o<\/strong>, que exige o n\u00edvel superior de forma\u00e7\u00e3o. Os futuros aprovados ter\u00e3o que cumprir jornadas de at\u00e9 40 horas semanais.<\/p>\n\n\n\n<p>Al\u00e9m do cargo, a ANP tamb\u00e9m possui vagas para<strong> Especialista em Geologia <\/strong>e <strong>T\u00e9cnico em Regula\u00e7\u00e3o<\/strong>. As vagas est\u00e3o distribu\u00eddas nos blocos tem\u00e1ticos 03, 04, 06 e 09.<\/p>\n\n\n\n<ul class=\"wp-block-list has-very-light-gray-to-cyan-bluish-gray-gradient-background has-background\">\n<li><strong>ANP &#8211; Ag\u00eancia Nacional do Petr\u00f3leo<\/strong><\/li>\n\n\n\n<li><strong>Status: <\/strong>parcialmente homologado<\/li>\n\n\n\n<li><strong>Banca:<\/strong> <a href=\"https:\/\/conhecimento.fgv.br\/cpnu2\" target=\"_blank\" rel=\"noreferrer noopener\">FGV<\/a><\/li>\n\n\n\n<li><strong>Vagas: <\/strong>66<\/li>\n\n\n\n<li><strong>Sal\u00e1rio inicial:<\/strong> R$ 8.053,32 a R$ 16.413,35<\/li>\n\n\n\n<li><strong>Edital retificado:<\/strong> <a href=\"https:\/\/dhg1h5j42swfq.cloudfront.net\/2025\/08\/05113514\/edital-cnu-2025-retificado-1.pdf\" target=\"_blank\" rel=\"noreferrer noopener nofollow\">Edital CNU 2025<\/a><\/li>\n\n\n\n<li><strong>Anexos retificados:<\/strong> <a href=\"https:\/\/dhg1h5j42swfq.cloudfront.net\/2025\/08\/05095929\/cnu-2025-bloco-3.pdf\" target=\"_blank\" rel=\"noreferrer noopener nofollow\">Bloco 3<\/a> | <a href=\"https:\/\/dhg1h5j42swfq.cloudfront.net\/2025\/08\/05095935\/cnu-2025-bloco-4.pdf\" target=\"_blank\" rel=\"noreferrer noopener nofollow\">Bloco 4<\/a> | <a href=\"https:\/\/dhg1h5j42swfq.cloudfront.net\/2025\/08\/05095943\/cnu-2025-bloco-6.pdf\" target=\"_blank\" rel=\"noreferrer noopener nofollow\">Bloco 6<\/a> | <a href=\"https:\/\/dhg1h5j42swfq.cloudfront.net\/2025\/08\/05095954\/cnu-2025-bloco-9.pdf\" target=\"_blank\" rel=\"noreferrer noopener nofollow\">Bloco 9<\/a><\/li>\n<\/ul>\n\n\n\n<h3 class=\"wp-block-heading\" id=\"h-novo-concurso-solicitado\"><strong><em>Novo concurso solicitado!<\/em><\/strong><\/h3>\n\n\n\n<p>Ademais, um novo concurso tamb\u00e9m foi solicitado pelo ANP com um total de 143 vagas. Confira:<\/p>\n\n\n\n<figure class=\"wp-block-image aligncenter size-full is-resized\"><img loading=\"lazy\" decoding=\"async\" width=\"520\" height=\"414\" src=\"https:\/\/dhg1h5j42swfq.cloudfront.net\/2025\/06\/02172443\/image-20250602-183727.png\" alt=\"Concurso ANP 2025 \u00e9 solicitado com 143 vagas!\" class=\"wp-image-1584642\" style=\"width:620px;height:auto\" srcset=\"https:\/\/dhg1h5j42swfq.cloudfront.net\/2025\/06\/02172443\/image-20250602-183727.png 520w, https:\/\/dhg1h5j42swfq.cloudfront.net\/2025\/06\/02172443\/image-20250602-183727-300x239.png 300w, https:\/\/dhg1h5j42swfq.cloudfront.net\/2025\/06\/02172443\/image-20250602-183727-150x119.png 150w\" sizes=\"auto, (max-width: 520px) 100vw, 520px\" \/><figcaption class=\"wp-element-caption\">Concurso ANP 2025 \u00e9 solicitado com 143 vagas!<\/figcaption><\/figure>\n\n\n\n<p>Conforme informa\u00e7\u00f5es acima, as oportunidades s\u00e3o distribu\u00eddas entre cargos de n\u00edvel m\u00e9dio e superior, com sal\u00e1rios que variam de R$ 7,6 mil a R$ 16,4 mil.<\/p>\n\n\n\n<p>Nosso objetivo \u00e9 deix\u00e1-los 100% informados. Acompanhe nos t\u00f3picos abaixo as principais informa\u00e7\u00f5es sobre o concurso ANP:  <\/p>\n\n\n\n<ul id=\"indice\" class=\"wp-block-list\">\n<li><strong><a href=\"#novo-anp-cnu\">Novo concurso ANP no CNU<\/a><\/strong>\n<ul class=\"wp-block-list\">\n<li><a href=\"#cargos\">Cargos e vagas<\/a><\/li>\n\n\n\n<li><a href=\"#etapas-cnu\">Etapas de provas<\/a><\/li>\n<\/ul>\n<\/li>\n\n\n\n<li><a href=\"#carreira\"><strong>Carreira<\/strong><\/a>\n<ul class=\"wp-block-list\">\n<li><a href=\"#vagos\">Cargos vagos<\/a><\/li>\n\n\n\n<li><a href=\"#outros-salarios\">Sal\u00e1rios<\/a><\/li>\n\n\n\n<li><a href=\"#requi\">Requisitos<\/a><\/li>\n<\/ul>\n<\/li>\n\n\n\n<li><a href=\"#pss\"><strong>\u00daltimo processo seletivo<\/strong><\/a> (2022)\n<ul class=\"wp-block-list\">\n<li><a href=\"#etapas\">Etapas de provas<\/a><\/li>\n<\/ul>\n<\/li>\n\n\n\n<li><a href=\"#ultimo\"><strong>\u00daltimo concurso<\/strong><\/a> (2015)<\/li>\n\n\n\n<li><a href=\"#curso\"><strong>Cursos e Assinatura<\/strong><\/a><\/li>\n\n\n\n<li><a href=\"#ficha\"><strong>Ficha T\u00e9cnica<\/strong><\/a><\/li>\n<\/ul>\n\n\n\n<div class=\"container\" id=\"boxes\">\n  <div class=\"row\">\n\n    <div class=\"col-sm\">\n      <div class=\"banner-agencias-reguladoras\" id=\"box-assinatura\">\n        <h2 class=\"titulo-assinatura\" style=\"text-align: left;\">Cursos Concurso ANP<\/h2>\n        <p class=\"subtitulo-assinatura\" style=\"text-align: left;\">Prepara\u00e7\u00e3o completa para a sele\u00e7\u00e3o!<\/p>\n        <div class=\"box-botao\" style=\"text-align: left;\">\n          <a class=\"btn-assinatura\" target=\"_blank\" href=\"https:\/\/www.estrategiaconcursos.com.br\/cursosPorConcurso\/anp-106\/\" role=\"button\" rel=\"noopener noreferrer\">VER CURSOS<\/a>\n        <\/div>\n      <\/div><\/div><\/div><\/div>\n\n\n\n<h2 class=\"wp-block-heading\" id=\"novo-anp-cnu\">Novo concurso ANP no CNU<\/h2>\n\n\n\n<h3 class=\"wp-block-heading\" id=\"cargos\">Cargos e vagas<\/h3>\n\n\n\n<p>Vinculado ao CNU, s\u00e3o ofertadas <span style=\"text-decoration: underline;\">66 vagas<\/span>, sendo <strong>50 para cargos de n\u00edvel superior<\/strong> e <strong>16 para intermedi\u00e1rio<\/strong>.<\/p>\n\n\n\n<ul class=\"wp-block-list\">\n<li><strong>Especialista em Geologia e Geof\u00edsica do Petr\u00f3leo e G\u00e1s Natural:<\/strong> 15 vagas (n\u00edvel superior);<\/li>\n\n\n\n<li><strong>Especialista em Regula\u00e7\u00e3o de Petr\u00f3leo e Derivados, \u00c1lcool Combust\u00edvel e G\u00e1s Natural: <\/strong>35 vagas (n\u00edvel superior); e<\/li>\n\n\n\n<li><strong>T\u00e9cnico em Regula\u00e7\u00e3o de Petr\u00f3leo e Derivados, \u00c1lcool Combust\u00edvel e G\u00e1s Natural (n\u00edvel m\u00e9dio): <\/strong>16 vagas.<\/li>\n<\/ul>\n\n\n\n<h3 class=\"wp-block-heading\" id=\"etapas-cnu\">Etapas de provas ANP &#8211; CNU 2025<\/h3>\n\n\n\n<p>A avalia\u00e7\u00e3o dos candidatos do Concurso Nacional Unificado 2025 acontece atrav\u00e9s de at\u00e9 duas etapas, conforme descrito abaixo:<\/p>\n\n\n\n<ul class=\"wp-block-list\">\n<li><strong>I \u2013 Primeira etapa, dividida nas seguintes fases:<\/strong>\n<ul class=\"wp-block-list\">\n<li><strong>a) Fase 1: Prova Objetiva<\/strong>, de car\u00e1ter eliminat\u00f3rio e classificat\u00f3rio;<\/li>\n\n\n\n<li><strong>b) Fase 2: Prova Discursiva<\/strong>, de car\u00e1ter eliminat\u00f3rio e classificat\u00f3rio;<\/li>\n\n\n\n<li><strong>c) Fase 3: Avalia\u00e7\u00e3o de T\u00edtulos<\/strong>, de car\u00e1ter classificat\u00f3rio, aplicada apenas \u00e0s pessoas candidatas que concorrerem aos cargos\/especialidades com previs\u00e3o nos Anexos I a IX;<\/li>\n\n\n\n<li><strong>d) Fase 4: <\/strong>\n<ul class=\"wp-block-list\">\n<li><strong>Procedimento de caracteriza\u00e7\u00e3o<\/strong>&nbsp;da defici\u00eancia das pessoas candidatas que optaram por concorrer \u00e0s vagas reservadas, bem como de aferi\u00e7\u00e3o da compatibilidade entre as atribui\u00e7\u00f5es do cargo e a defici\u00eancia apresentada por essas pessoas, na forma do item 6 deste Edital; e <\/li>\n\n\n\n<li><strong>Procedimento de confirma\u00e7\u00e3o\/verifica\u00e7\u00e3o complementar<\/strong> da autodeclara\u00e7\u00e3o<br \/>para concorrer \u00e0s vagas reservadas \u00e0s pessoas candidatas negras, ind\u00edgenas e quilombolas,<br \/>na forma do item 7 deste Edital;<\/li>\n<\/ul>\n<\/li>\n<\/ul>\n<\/li>\n\n\n\n<li><strong>II \u2013 Segunda etapa<\/strong>, destinada a Curso ou Programa de Forma\u00e7\u00e3o espec\u00edfico, de car\u00e1ter eliminat\u00f3rio e classificat\u00f3rio, aplicada apenas \u00e0s pessoas candidatas que concorrerem aos cargos\/especialidades com previs\u00e3o nos Anexos I a IX.<\/li>\n<\/ul>\n\n\n\n<p>As fases da primeira etapa mencionadas s\u00e3o executadas pela Funda\u00e7\u00e3o Get\u00falio Vargas e, quando presenciais, realizadas em 228 cidades distribu\u00eddas pelas cinco regi\u00f5es do pa\u00eds.<\/p>\n\n\n\n<h3 class=\"wp-block-heading\" id=\"objetiva\">Prova objetiva<\/h3>\n\n\n\n<p>A prova objetiva foi composta por quest\u00f5es de m\u00faltipla escolha, com cinco alternativas e apenas uma correta.<\/p>\n\n\n\n<p>Para o n\u00edvel superior, os candidatos tiveram <strong>5 horas de dura\u00e7\u00e3o (das 13h \u00e0s 18h)<\/strong> para responder a <strong>90 quest\u00f5es<\/strong>, sendo <strong>30 de conhecimentos gerais<\/strong> e <strong>60 de conhecimentos espec\u00edficos<\/strong>.<\/p>\n\n\n\n<p>J\u00e1 para o n\u00edvel m\u00e9dio, o tempo total foi de <strong>3 horas e 30 minutos (das 13h \u00e0s 16h30)<\/strong>, com <strong>68 quest\u00f5es<\/strong>, sendo <strong>44 de conhecimentos gerais<\/strong> e <strong>24 de conhecimentos espec\u00edficos<\/strong>.<\/p>\n\n\n\n<p><strong>Blocos 1 a 7:<\/strong><\/p>\n\n\n\n<figure class=\"wp-block-image aligncenter\"><img loading=\"lazy\" decoding=\"async\" width=\"633\" height=\"537\" src=\"https:\/\/dhg1h5j42swfq.cloudfront.net\/2025\/06\/30235617\/image-362.png\" alt=\"Informa\u00e7\u00f5es sobre as provas dos blocos tem\u00e1ticos de 1 a 7 do CNU 2025.\" class=\"wp-image-1599316\" srcset=\"https:\/\/dhg1h5j42swfq.cloudfront.net\/2025\/06\/30235617\/image-362.png 633w, https:\/\/dhg1h5j42swfq.cloudfront.net\/2025\/06\/30235617\/image-362-300x255.png 300w, https:\/\/dhg1h5j42swfq.cloudfront.net\/2025\/06\/30235617\/image-362-150x127.png 150w\" sizes=\"auto, (max-width: 633px) 100vw, 633px\" \/><\/figure>\n\n\n\n<p><strong>Bloco 9:<\/strong><\/p>\n\n\n\n<figure class=\"wp-block-image aligncenter\"><img loading=\"lazy\" decoding=\"async\" width=\"647\" height=\"697\" src=\"https:\/\/dhg1h5j42swfq.cloudfront.net\/2025\/06\/30235206\/image-360.png\" alt=\"Informa\u00e7\u00f5es sobre as disciplinas do bloco 9 do CNU 2025\" class=\"wp-image-1599300\" srcset=\"https:\/\/dhg1h5j42swfq.cloudfront.net\/2025\/06\/30235206\/image-360.png 647w, https:\/\/dhg1h5j42swfq.cloudfront.net\/2025\/06\/30235206\/image-360-278x300.png 278w, https:\/\/dhg1h5j42swfq.cloudfront.net\/2025\/06\/30235206\/image-360-150x162.png 150w\" sizes=\"auto, (max-width: 647px) 100vw, 647px\" \/><\/figure>\n\n\n\n<ul class=\"wp-block-list\">\n<li><strong>Conhecimentos gerais \u2013 n\u00edvel superior<\/strong>\n<ul class=\"wp-block-list\">\n<li>Desafios do estado de direito;<\/li>\n\n\n\n<li>Pol\u00edticas p\u00fablicas;<\/li>\n\n\n\n<li>\u00c9tica e integridade;<\/li>\n\n\n\n<li>Diversidade e inclus\u00e3o na sociedade;<\/li>\n\n\n\n<li>Administra\u00e7\u00e3o p\u00fablica federal;<\/li>\n\n\n\n<li>Trabalho e tecnologia.<\/li>\n<\/ul>\n<\/li>\n<\/ul>\n\n\n\n<ul class=\"wp-block-list\">\n<li><strong>Conhecimentos gerais \u2013 n\u00edvel m\u00e9dio<\/strong>\n<ul class=\"wp-block-list\">\n<li>L\u00edngua Portuguesa;<\/li>\n\n\n\n<li>Matem\u00e1tica;<\/li>\n\n\n\n<li>No\u00e7\u00f5es de Direito;<\/li>\n\n\n\n<li>Realidade Brasileira;<\/li>\n\n\n\n<li>Sa\u00fade (somente Bloco 8);<\/li>\n\n\n\n<li>Regula\u00e7\u00e3o e Ag\u00eancias Reguladoras (somente Bloco 9).<\/li>\n<\/ul>\n<\/li>\n<\/ul>\n\n\n\n<p>A Nota Final das Provas Objetivas foi obtida por meio da soma da pontua\u00e7\u00e3o das quest\u00f5es de Conhecimentos Gerais e da pontua\u00e7\u00e3o ponderada das quest\u00f5es de Conhecimentos Espec\u00edficos, conforme os crit\u00e9rios estabelecidos a seguir:<\/p>\n\n\n\n<ul class=\"wp-block-list\">\n<li>a) A pontua\u00e7\u00e3o das quest\u00f5es de Conhecimentos Gerais foi calculada com base no n\u00famero de acertos nas 30 quest\u00f5es correspondentes, sendo atribu\u00eddo peso 1 (um) a cada quest\u00e3o. Assim, cada acerto valeu 1 (um) ponto, totalizando&nbsp;<strong>at\u00e9 30 pontos<\/strong>;<\/li>\n\n\n\n<li>b) A pontua\u00e7\u00e3o das quest\u00f5es de Conhecimentos Espec\u00edficos foi calculada com base no n\u00famero de acertos nas 60 quest\u00f5es correspondentes, distribu\u00eddas em 5 eixos tem\u00e1ticos, cada um contendo 12 quest\u00f5es ponderadas de acordo com os respectivos pesos atribu\u00eddos a cada eixo tem\u00e1tico.<\/li>\n<\/ul>\n\n\n\n<p>Os pesos atribu\u00eddos a cada eixo tem\u00e1tico variaram de 1 a 5, totalizando, em conjunto, o valor de&nbsp;<strong>10<\/strong>&nbsp;<strong>pontos<\/strong>.<\/p>\n\n\n\n<p>A distribui\u00e7\u00e3o dos pesos por eixo tem\u00e1tico variou conforme \u00f3rg\u00e3o, cargo e especialidade escolhidos. A nota da Prova Objetiva atingiu o m\u00e1ximo de 150 pontos, assim distribu\u00eddos:<\/p>\n\n\n\n<ul class=\"wp-block-list\">\n<li>a) At\u00e9 30 pontos na parte de Conhecimentos Gerais.<\/li>\n\n\n\n<li>b) At\u00e9 120 pontos na parte de Conhecimentos Espec\u00edficos, com a aplica\u00e7\u00e3o dos respectivos pesos por eixo tem\u00e1tico.<\/li>\n<\/ul>\n\n\n\n<p>Para os cargos de N\u00edvel Intermedi\u00e1rio, as quest\u00f5es de Conhecimentos Espec\u00edficos estiveram distribu\u00eddas entre 5 eixos tem\u00e1ticos.<\/p>\n\n\n\n<p>Todas as quest\u00f5es objetivas tiveram o mesmo peso, e cada acerto valeu 1 (um) ponto. A nota da prova objetiva correspondeu \u00e0 quantidade total de acertos da pessoa candidata, podendo atingir o m\u00e1ximo de <strong>68 pontos<\/strong>.<\/p>\n\n\n\n<h3 class=\"wp-block-heading\" id=\"discursiva\">Prova Discursiva&nbsp;<\/h3>\n\n\n\n<p>Para os cargos de <strong>N\u00edvel Superior<\/strong>, a <strong>Prova Discursiva foi composta por 2 quest\u00f5es<\/strong>, valendo <strong>22,5 pontos cada<\/strong>, podendo totalizar <strong>45 pontos<\/strong>.<\/p>\n\n\n\n<p>Para os cargos de <strong>N\u00edvel Intermedi\u00e1rio<\/strong>, a Prova Discursiva <strong>foi composta por uma Reda\u00e7\u00e3o em formato dissertativo-argumentativo<\/strong>, que <strong>poderia totalizar 30 pontos<\/strong>.<\/p>\n\n\n\n<p>As Provas Discursivas deveriam ser respondidas em at\u00e9 30 linhas. A avalia\u00e7\u00e3o da Prova Discursiva considerou como crit\u00e9rios o dom\u00ednio dos Conhecimentos Espec\u00edficos, que correspondeu a 50% da nota total, e o uso da L\u00edngua Portuguesa, que correspondeu aos 50% restantes para N\u00edvel Superior.<\/p>\n\n\n\n<p>Para a Reda\u00e7\u00e3o de N\u00edvel Intermedi\u00e1rio, 100% da nota correspondeu ao uso da L\u00edngua Portuguesa.<\/p>\n\n\n\n<p>Na avalia\u00e7\u00e3o do Dom\u00ednio dos Conhecimentos Espec\u00edficos, <strong>foi considerada<\/strong> a capacidade de a pessoa candidata mobilizar conceitos, t\u00e9cnicas e pr\u00e1ticas pr\u00f3prias das \u00c1reas de Conhecimento contempladas pelo respectivo Bloco Tem\u00e1tico.<\/p>\n\n\n\n<p>Foram observados aspectos como a compreens\u00e3o e o desenvolvimento dos temas propostos, a adequa\u00e7\u00e3o conceitual, a pertin\u00eancia em rela\u00e7\u00e3o ao assunto abordado e o atendimento aos t\u00f3picos solicitados.<\/p>\n\n\n\n<p>Na avalia\u00e7\u00e3o do Uso da L\u00edngua Portuguesa, foi analisada a capacidade de a pessoa candidata empregar a norma culta, demonstrando dom\u00ednio ortogr\u00e1fico, gramatical e textual. Foram considerados aspectos como a estrutura do texto (introdu\u00e7\u00e3o, desenvolvimento e conclus\u00e3o), al\u00e9m da coer\u00eancia e coes\u00e3o na exposi\u00e7\u00e3o das ideias.<\/p>\n\n\n\n<p>Caso a Prova Discursiva da pessoa candidata recebesse nota 0 no crit\u00e9rio de Conhecimentos Espec\u00edficos, a corre\u00e7\u00e3o quanto ao uso da norma culta da L\u00edngua Portuguesa n\u00e3o seria realizada, e a pessoa candidata seria eliminada do Concurso P\u00fablico Nacional Unificado.<\/p>\n\n\n\n<h3 class=\"wp-block-heading\" id=\"titulos\">Avalia\u00e7\u00e3o de T\u00edtulos&nbsp;<\/h3>\n\n\n\n<p>A nota m\u00e1xima que a pessoa candidata poder\u00e1 obter na Avalia\u00e7\u00e3o de T\u00edtulos ser\u00e1 de<strong>&nbsp;2 pontos para N\u00edvel Intermedi\u00e1rio<\/strong>&nbsp;e de<strong>&nbsp;5 pontos para N\u00edvel Superior<\/strong>, ainda que a soma dos valores dos t\u00edtulos apresentados possa superar esses n\u00fameros.<\/p>\n\n\n\n<p>Para cada cargo\/especialidade ofertados, ser\u00e3o considerados e pontuados os t\u00edtulos presentes nas disposi\u00e7\u00f5es dos Quadros de Atribui\u00e7\u00e3o de Pontos para a Avalia\u00e7\u00e3o de T\u00edtulos, dispon\u00edveis nos Anexos dos Blocos Tem\u00e1ticos em que houver avalia\u00e7\u00e3o de t\u00edtulos.<\/p>\n\n\n\n<p>Vale ressaltar que a&nbsp;<strong>aus\u00eancia&nbsp;<\/strong>do envio de t\u00edtulos&nbsp;<strong>n\u00e3o elimina<\/strong>&nbsp;o candidato, sendo a ele computada a pontua\u00e7\u00e3o 0 na Avalia\u00e7\u00e3o de T\u00edtulos para o c\u00e1lculo da pontua\u00e7\u00e3o final.<\/p>\n\n\n\n<p class=\"has-text-align-center has-background\" style=\"background-color:#f4f6f7;font-size:clamp(14.642px, 0.915rem + ((1vw - 3.2px) * 0.721), 22px);\"><a href=\"https:\/\/www.estrategiaconcursos.com.br\/blog\/concurso-nacional-unificado\/\" target=\"_blank\" rel=\"noreferrer noopener\"><strong>CONFIRA MAIS DETALHES SOBRE O CNU 2025<\/strong><\/a><\/p>\n\n\n\n<h2 class=\"wp-block-heading\" id=\"carreira\">Carreira na ANP<\/h2>\n\n\n\n<h3 class=\"wp-block-heading\" id=\"requi\">Requisitos dos cargos<\/h3>\n\n\n\n<p><strong>T\u00e9cnico em Regula\u00e7\u00e3o de Petr\u00f3leo e Derivados, \u00c1lcool Combust\u00edvel e G\u00e1s Natura<\/strong>l: Diploma ou certificado de conclus\u00e3o de curso de n\u00edvel m\u00e9dio.<\/p>\n\n\n\n<p id=\"h-t-cnico-administrativo-diploma-ou-certificado-de-conclus-o-de-curso-de-n-vel-m-dio-expedido-por-institui-o-de-ensino-reconhecidapelo-minist-rio-da-educa-o-secretarias-ou-conselhos-estaduais-de-educa-o\"><strong>T\u00e9cnico Administrativo<\/strong>: Diploma ou certificado de conclus\u00e3o de curso de n\u00edvel m\u00e9dio.<\/p>\n\n\n\n<h3 class=\"wp-block-heading\" id=\"vagos\">Cargos vagos<\/h3>\n\n\n\n<p>Atualmente, a Ag\u00eancia registra <strong>147 cargos vagos<\/strong>, sendo que o cargo com o maior d\u00e9ficit \u00e9 o de <strong>Especialista em Regula\u00e7\u00e3o<\/strong>:<\/p>\n\n\n\n<ul class=\"wp-block-list\">\n<li><strong>Especialista em Regula\u00e7\u00e3o de Petr\u00f3leo e Derivados e G\u00e1s Natural:<\/strong> 67 vagas;<\/li>\n\n\n\n<li><strong>Especialista em Geologia e Geof\u00edsica do Petr\u00f3leo e G\u00e1s Natural:<\/strong> 21 vagas;<\/li>\n\n\n\n<li><strong>T\u00e9cnico em Regula\u00e7\u00e3o de Petr\u00f3leo e Derivados e G\u00e1s Natural: <\/strong>16 vagas;<\/li>\n\n\n\n<li><strong>Analista Administrativo:<\/strong> 26 vagas;<\/li>\n\n\n\n<li><strong>T\u00e9cnico Administrativo<\/strong>: 17 vagas.<\/li>\n<\/ul>\n\n\n\n<h3 class=\"wp-block-heading\" id=\"salarios\">Sal\u00e1rios da ANP<\/h3>\n\n\n\n<p>As remunera\u00e7\u00f5es da ANP s\u00e3o as seguintes:<\/p>\n\n\n\n<ul class=\"wp-block-list\">\n<li><strong>Especialista<\/strong> <strong>em Regula\u00e7\u00e3o de Petr\u00f3leo e Derivados \u00c1lcool Combust\u00edvel e G\u00e1s Natural:<\/strong><\/li>\n\n\n\n<li><strong>Especialista em Geologia e Geof\u00edsica do Petr\u00f3leo e G\u00e1s Natural:<\/strong>\n<ul class=\"wp-block-list\">\n<li>de R$ 15.058,12 para<strong> <span style=\"text-decoration: underline;\">R$ 16.413,35<\/span><\/strong><\/li>\n<\/ul>\n<\/li>\n<\/ul>\n\n\n\n<ul class=\"wp-block-list\">\n<li><strong>T\u00e9cnico em Regula\u00e7\u00e3o de Petr\u00f3leo e Derivados, \u00c1lcool Combust\u00edvel e G\u00e1s Natural:<\/strong>\n<ul class=\"wp-block-list\">\n<li>de R$ 7.388,37 para <span style=\"text-decoration: underline;\"><strong>R$ 8.053,32<\/strong><\/span><\/li>\n<\/ul>\n<\/li>\n<\/ul>\n\n\n\n<ul class=\"wp-block-list\">\n<li><strong><\/strong><strong>T\u00e9cnico Administrativo<\/strong>:\n<ul class=\"wp-block-list\">\n<li>de R$ 7.016,67 para <span style=\"text-decoration: underline;\"><strong>R$ 7.648,17<\/strong><\/span><\/li>\n<\/ul>\n<\/li>\n<\/ul>\n\n\n\n<ul class=\"wp-block-list\">\n<li><strong>Analista Administrativo<\/strong>:\n<ul class=\"wp-block-list\">\n<li>de R$ 13.695,72 para<strong> <span style=\"text-decoration: underline;\">R$ 15.050,25<\/span><\/strong><\/li>\n<\/ul>\n<\/li>\n<\/ul>\n\n\n\n<h2 class=\"wp-block-heading\" id=\"pss\">\u00daltimo processo seletivo da ANP (2022) <\/h2>\n\n\n\n<p>Conforme mencionado no in\u00edcio deste artigo, o processo seletivo da ANP, realizado em <strong>2022<\/strong>, foi destinado para <strong>48 vagas<\/strong> em diversos cargos de n\u00edvel superior de forma\u00e7\u00e3o.<\/p>\n\n\n\n<p>Os contratados receber\u00e3o sal\u00e1rio inicial de <strong>R$ 6.130,00<\/strong>, para uma jornada de <strong>40 horas semanais<\/strong>.<\/p>\n\n\n\n<ul class=\"wp-block-list\">\n<li>2 vagas &#8211; Atividades de Fiscaliza\u00e7\u00e3o da Produ\u00e7\u00e3o de Combust\u00edveis I;<\/li>\n\n\n\n<li>3 vagas &#8211; Atividades de Fiscaliza\u00e7\u00e3o da Produ\u00e7\u00e3o de Combust\u00edveis II;<\/li>\n\n\n\n<li>3 vagas &#8211; Atividades de Fiscaliza\u00e7\u00e3o de Infraestrutura e Movimenta\u00e7\u00e3o;<\/li>\n\n\n\n<li>1 vaga &#8211; Atividades de Regula\u00e7\u00e3o de Novas Atribui\u00e7\u00f5es I;<\/li>\n\n\n\n<li>3 vagas &#8211; Atividades de Regula\u00e7\u00e3o de Novas Atribui\u00e7\u00f5es II;<\/li>\n\n\n\n<li>4 vagas &#8211; Atividades de Regula\u00e7\u00e3o de Novas Atribui\u00e7\u00f5es III;<\/li>\n\n\n\n<li>1 vaga &#8211; Atividades de Regula\u00e7\u00e3o de Novas Atribui\u00e7\u00f5es IV;<\/li>\n\n\n\n<li>1 vaga &#8211; Atividades de Regula\u00e7\u00e3o de Novas Atribui\u00e7\u00f5es V;<\/li>\n\n\n\n<li>20 vagas &#8211; Atividades de Fiscaliza\u00e7\u00e3o do Abastecimento.<\/li>\n<\/ul>\n\n\n\n<figure class=\"wp-block-image aligncenter size-full\"><img loading=\"lazy\" decoding=\"async\" width=\"882\" height=\"515\" src=\"https:\/\/dhg1h5j42swfq.cloudfront.net\/2022\/06\/29105539\/image-418.png\" alt=\"Quadro de vagas e suas localidades do \u00faltimo Processo Seletivo da ANP\" class=\"wp-image-1052319\" srcset=\"https:\/\/dhg1h5j42swfq.cloudfront.net\/2022\/06\/29105539\/image-418.png 882w, https:\/\/dhg1h5j42swfq.cloudfront.net\/2022\/06\/29105539\/image-418-300x175.png 300w, https:\/\/dhg1h5j42swfq.cloudfront.net\/2022\/06\/29105539\/image-418-768x448.png 768w, https:\/\/dhg1h5j42swfq.cloudfront.net\/2022\/06\/29105539\/image-418-610x356.png 610w\" sizes=\"auto, (max-width: 882px) 100vw, 882px\" \/><\/figure>\n\n\n\n<h2 class=\"wp-block-heading\" id=\"etapas\">Concurso ANP: etapas de provas <\/h2>\n\n\n\n<p>Os candidatos do concurso ANP foram testados por meio de uma prova objetiva, al\u00e9m de uma avalia\u00e7\u00e3o de t\u00edtulos. <\/p>\n\n\n\n<ul class=\"wp-block-list\">\n<li><strong>Prova objetiva <\/strong>para todos os cargos \u2013 eliminat\u00f3rio e classificat\u00f3rio; e <\/li>\n\n\n\n<li><strong>Prova de t\u00edtulos<\/strong>, exceto para a Atividade 9 \u2013 classificat\u00f3rio.<\/li>\n<\/ul>\n\n\n\n<h3 class=\"wp-block-heading\" id=\"objetiva\">Provas Objetivas<\/h3>\n\n\n\n<p>As provas objetivas para todas as atividades tiveram a dura\u00e7\u00e3o de 4 horas e foram aplicadas na data de 09 de outubro.<\/p>\n\n\n\n<p>Foram <strong>50 quest\u00f5es <\/strong>de conhecimentos gerais e <strong>70 quest\u00f5es<\/strong> de conhecimentos espec\u00edficos. A prova objetiva valeu 120 pontos, e foi no modelo CERTO ou ERRADO. <\/p>\n\n\n\n<ul class=\"wp-block-list\">\n<li><em><strong>Conhecimentos gerais<\/strong><\/em>\n<ul class=\"wp-block-list\">\n<li>L\u00edngua Portuguesa;<\/li>\n\n\n\n<li>Matem\u00e1tica e Racioc\u00ednio L\u00f3gico;<\/li>\n\n\n\n<li>No\u00e7\u00f5es de Inform\u00e1tica;<\/li>\n\n\n\n<li>No\u00e7\u00f5es de Direito Administrativo;<\/li>\n\n\n\n<li>No\u00e7\u00f5es de Direito Constitucional;<\/li>\n\n\n\n<li>Legisla\u00e7\u00e3o Complementar;<\/li>\n\n\n\n<li>\u00c9tica no Servi\u00e7o P\u00fablico.<\/li>\n<\/ul>\n<\/li>\n<\/ul>\n\n\n\n<p>Conforme informado no edital ANP, o candidato foi considerado aprovado caso:<\/p>\n\n\n\n<ul class=\"wp-block-list\">\n<li>obtivesse nota inferior a 10,00 pontos na prova objetiva de conhecimentos gerais;<\/li>\n\n\n\n<li>obtivesse nota inferior a 21,00 pontos na prova objetiva de conhecimentos espec\u00edficos;<\/li>\n\n\n\n<li>obtivesse nota inferior a 36,00 pontos no conjunto das provas objetivas.<\/li>\n<\/ul>\n\n\n\n<h3 class=\"wp-block-heading\" id=\"titulos\">Avalia\u00e7\u00e3o de T\u00edtulos<\/h3>\n\n\n\n<p>Esta etapa valeu, ao todo, 10 pontos (ainda que a soma dos valores dos t\u00edtulos enviados fosse superior a esse valor).<\/p>\n\n\n\n<ul class=\"wp-block-list\">\n<li><strong><em><a href=\"https:\/\/dhg1h5j42swfq.cloudfront.net\/2022\/06\/29111343\/ed_1_2022_anp_pss_abertura-1_21.pdf\" target=\"_blank\" rel=\"noreferrer noopener nofollow\">Confira os T\u00edtulos aceitos para cada uma das Atividades<\/a>.<\/em><\/strong><\/li>\n<\/ul>\n\n\n\n<h2 class=\"wp-block-heading\" id=\"ultimo\">Concurso ANP: \u00faltimo edital para efetivos (2015)<\/h2>\n\n\n\n<p>O <a href=\"https:\/\/dhg1h5j42swfq.cloudfront.net\/2022\/06\/29113042\/anp0115_edital.pdf\" target=\"_blank\" rel=\"noreferrer noopener nofollow\">\u00faltimo concurso<\/a> da Ag\u00eancia Nacional do Petr\u00f3leo foi realizado em <strong>2015<\/strong>, sob responsabilidade da Funda\u00e7\u00e3o Cesgranrio.<\/p>\n\n\n\n<p>Na ocasi\u00e3o, <strong>34 oportunidades<\/strong> foram ofertadas para os cargos de <strong>T\u00e9cnico em Regula\u00e7\u00e3o de Petr\u00f3leo e Derivados, \u00c1lcool Combust\u00edvel e G\u00e1s Natural e T\u00e9cnico Administrativo<\/strong>, com exig\u00eancia de n\u00edvel m\u00e9dio. <strong>41 candidatos foram nomeados<\/strong>.<\/p>\n\n\n\n<hr class=\"wp-block-separator has-css-opacity\"\/>\n\n\n\n<h2 class=\"wp-block-heading has-text-align-center\" id=\"curso\"><em>Quer estudar para <\/em>o <em>concurso ANP?<\/em><\/h2>\n\n\n\n<div class=\"container\" id=\"boxes\">\n  <div class=\"row\">\n\n    <div class=\"col-sm\">\n      <div class=\"banner-agencias-reguladoras\" id=\"box-assinatura\">\n        <h2 class=\"titulo-assinatura\" style=\"text-align: left;\">Cursos ANP<\/h2>\n        <p class=\"subtitulo-assinatura\" style=\"text-align: left;\">Prepara\u00e7\u00e3o completa para os concursos<\/p>\n        <div class=\"box-botao\" style=\"text-align: left;\">\n          <a class=\"btn-assinatura\" target=\"_blank\" href=\"https:\/\/www.estrategiaconcursos.com.br\/cursosPorConcurso\/anp-106\/\" role=\"button\" rel=\"noopener noreferrer\">VER CURSOS<\/a>\n        <\/div>\n      <\/div><\/div><\/div><\/div>\n\n\n\n<div class=\"container\" id=\"boxes\">\n  <div class=\"row\">\n\n    <div class=\"col-sm\">\n      <div class=\"estrategia\" id=\"box-assinatura\">\n        <h3 class=\"titulo-assinatura\"> Concursos P\u00fablicos\n        <p class=\"subtitulo-assinatura\">Assinatura de 1 ano ou 2 anos<\/p>\n        <div class=\"box-botao\">\n          <a class=\"btn-assinatura\" target=\"_blank\" href=\"https:\/\/www.estrategiaconcursos.com.br\/assinaturas\/\" role=\"button\" rel=\"noopener noreferrer\">ASSINE AGORA<\/a>\n        <\/div>\n      <\/h3><\/div><\/div><\/div><\/div>\n\n\n\n<h2 class=\"wp-block-heading has-text-align-center\" id=\"h-quer-saber-tudo-sobre-concursos-previstos-confira-nossos-artigos\">Quer saber tudo sobre concursos previstos?<br \/>Confira nossos artigos!<\/h2>\n\n\n\n<ul class=\"wp-block-list\">\n<li><a href=\"https:\/\/www.estrategiaconcursos.com.br\/blog\/concursos-agencias-reguladoras\/\">Concursos Ag\u00eancias Reguladoras<\/a><\/li>\n\n\n\n<li><a href=\"https:\/\/www.estrategiaconcursos.com.br\/blog\/concursos-abertos\/\" target=\"_blank\" rel=\"noreferrer noopener\">Concursos Abertos<\/a><\/li>\n\n\n\n<li><a href=\"https:\/\/www.estrategiaconcursos.com.br\/blog\/concursos-2026\/\" target=\"_blank\" rel=\"noreferrer noopener\">Concursos 2026<\/a><\/li>\n<\/ul>\n\n\n\n<figure class=\"wp-block-image is-resized\"><img loading=\"lazy\" decoding=\"async\" width=\"1024\" height=\"632\" src=\"https:\/\/dhg1h5j42swfq.cloudfront.net\/2021\/03\/31152459\/ficha-tecnica-1-1024x632-1-1.png\" alt=\"Ficha dos certames.\" class=\"wp-image-705550\" style=\"width:237px;height:146px\" srcset=\"https:\/\/dhg1h5j42swfq.cloudfront.net\/2021\/03\/31152459\/ficha-tecnica-1-1024x632-1-1.png 1024w, https:\/\/dhg1h5j42swfq.cloudfront.net\/2021\/03\/31152459\/ficha-tecnica-1-1024x632-1-1-300x185.png 300w, https:\/\/dhg1h5j42swfq.cloudfront.net\/2021\/03\/31152459\/ficha-tecnica-1-1024x632-1-1-768x474.png 768w, https:\/\/dhg1h5j42swfq.cloudfront.net\/2021\/03\/31152459\/ficha-tecnica-1-1024x632-1-1-610x376.png 610w\" sizes=\"auto, (max-width: 1024px) 100vw, 1024px\" \/><\/figure>\n\n\n\n<h3 class=\"wp-block-heading\" id=\"ficha\">Informa\u00e7\u00f5es do concurso ANP<\/h3>\n\n\n\n<ul id=\"block-46dd482c-33cf-409c-8762-75c111403f14\" class=\"wp-block-list\">\n<li><strong>Ano<\/strong>: 2025\/2026<\/li>\n\n\n\n<li><strong>Vagas<\/strong>: 66<\/li>\n\n\n\n<li><strong>Cargos<\/strong>: Especialista e T\u00e9cnico<\/li>\n\n\n\n<li><strong>Banca<\/strong>: FGV<\/li>\n\n\n\n<li><strong>Escolaridade<\/strong>: n\u00edvel t\u00e9cnico e superior<\/li>\n\n\n\n<li><strong>Edital retificado:<\/strong> <a href=\"https:\/\/dhg1h5j42swfq.cloudfront.net\/2025\/08\/05113514\/edital-cnu-2025-retificado-1.pdf\" target=\"_blank\" rel=\"noreferrer noopener nofollow\">Edital CNU 2025<\/a><\/li>\n\n\n\n<li><strong>Anexos retificados:<\/strong> <a href=\"https:\/\/dhg1h5j42swfq.cloudfront.net\/2025\/08\/05095929\/cnu-2025-bloco-3.pdf\" target=\"_blank\" rel=\"noreferrer noopener nofollow\">Bloco 3<\/a> | <a href=\"https:\/\/dhg1h5j42swfq.cloudfront.net\/2025\/08\/05095935\/cnu-2025-bloco-4.pdf\" target=\"_blank\" rel=\"noreferrer noopener nofollow\">Bloco 4<\/a> | <a href=\"https:\/\/dhg1h5j42swfq.cloudfront.net\/2025\/08\/05095943\/cnu-2025-bloco-6.pdf\" target=\"_blank\" rel=\"noreferrer noopener nofollow\">Bloco 6<\/a> | <a href=\"https:\/\/dhg1h5j42swfq.cloudfront.net\/2025\/08\/05095954\/cnu-2025-bloco-9.pdf\" target=\"_blank\" rel=\"noreferrer noopener nofollow\">Bloco 9<\/a><\/li>\n<\/ul>\n","protected":false},"excerpt":{"rendered":"<p>Foi divulgado o resultado final da 1\u00aa fase do concurso da Ag\u00eancia Nacional do Petr\u00f3leo\u00a0(ANP), contemplado na segunda edi\u00e7\u00e3o do\u00a0CNU. Vale ressaltar que, para os cargos sem 2\u00aa etapa, caso do cargo de T\u00e9cnico, o resultado final j\u00e1 est\u00e1 oficialmente homologado. Para os cargos com 2\u00aa fase, caso dos cargos de Especialista, logo mais ser\u00e3o [&hellip;]<\/p>\n","protected":false},"author":659,"featured_media":904838,"comment_status":"open","ping_status":"closed","sticky":false,"template":"","format":"standard","meta":{"post_tipo":"news_page","footnotes":""},"categories":[220215],"tags":[],"tax_estado":[219963],"class_list":["post-748091","post","type-post","status-publish","format-standard","has-post-thumbnail","hentry","category-agencia-reguladora","tax_estado-concursos-federais"],"acf":[],"yoast_head":"<!-- This site is optimized with the Yoast SEO Premium plugin v27.2 (Yoast SEO v27.2) - https:\/\/yoast.com\/product\/yoast-seo-premium-wordpress\/ -->\n<title>Concurso ANP: confira os resultados da 1\u00aa fase do CNU!<\/title>\n<meta name=\"description\" content=\"Saiba tudo sobre o concurso ANP, vinculado ao CNU: s\u00e3o 66 vagas para n\u00edveis superior e intermedi\u00e1rio. Classifica\u00e7\u00e3o final da 1\u00aa fase!\" \/>\n<meta name=\"robots\" content=\"index, follow, max-snippet:-1, max-image-preview:large, max-video-preview:-1\" \/>\n<link rel=\"canonical\" href=\"https:\/\/www.estrategiaconcursos.com.br\/blog\/concurso-anp\/\" \/>\n<meta property=\"og:locale\" content=\"pt_BR\" \/>\n<meta property=\"og:type\" content=\"article\" \/>\n<meta property=\"og:title\" content=\"Concurso ANP: confira os resultados da 1\u00aa fase do CNU!\" \/>\n<meta property=\"og:description\" content=\"Saiba tudo sobre o concurso ANP, vinculado ao CNU: s\u00e3o 66 vagas para n\u00edveis superior e intermedi\u00e1rio. Classifica\u00e7\u00e3o final da 1\u00aa fase!\" \/>\n<meta property=\"og:url\" content=\"https:\/\/www.estrategiaconcursos.com.br\/blog\/concurso-anp\/\" \/>\n<meta property=\"og:site_name\" content=\"Estrat\u00e9gia Concursos\" \/>\n<meta property=\"article:published_time\" content=\"2026-03-16T11:39:00+00:00\" \/>\n<meta property=\"article:modified_time\" content=\"2026-03-16T14:51:37+00:00\" \/>\n<meta property=\"og:image\" content=\"https:\/\/dhg1h5j42swfq.cloudfront.net\/2021\/11\/09184435\/anp.jpg\" \/>\n\t<meta property=\"og:image:width\" content=\"768\" \/>\n\t<meta property=\"og:image:height\" content=\"432\" \/>\n\t<meta property=\"og:image:type\" content=\"image\/jpeg\" \/>\n<meta name=\"author\" content=\"Camila Leite\" \/>\n<meta name=\"twitter:card\" content=\"summary_large_image\" \/>\n<meta name=\"twitter:creator\" content=\"@EstratConcursos\" \/>\n<meta name=\"twitter:site\" content=\"@EstratConcursos\" \/>\n<meta name=\"twitter:label1\" content=\"Escrito por\" \/>\n\t<meta name=\"twitter:data1\" content=\"Camila Leite\" \/>\n\t<meta name=\"twitter:label2\" content=\"Est. tempo de leitura\" \/>\n\t<meta name=\"twitter:data2\" content=\"6 minutos\" \/>\n<script type=\"application\/ld+json\" class=\"yoast-schema-graph\">{\"@context\":\"https:\/\/schema.org\",\"@graph\":[{\"@type\":\"NewsArticle\",\"@id\":\"https:\/\/www.estrategiaconcursos.com.br\/blog\/concurso-anp\/#article\",\"isPartOf\":{\"@id\":\"https:\/\/www.estrategiaconcursos.com.br\/blog\/concurso-anp\/\"},\"author\":{\"name\":\"Camila Leite\",\"@id\":\"https:\/\/www.estrategiaconcursos.com.br\/blog\/#\/schema\/person\/84ecdc6eb58d3cf1689bf76c5cd8fb38\"},\"headline\":\"Concurso ANP: confira os resultados da 1\u00aa fase do CNU!\",\"datePublished\":\"2026-03-16T11:39:00+00:00\",\"dateModified\":\"2026-03-16T14:51:37+00:00\",\"mainEntityOfPage\":{\"@id\":\"https:\/\/www.estrategiaconcursos.com.br\/blog\/concurso-anp\/\"},\"wordCount\":2199,\"commentCount\":0,\"publisher\":{\"@id\":\"https:\/\/www.estrategiaconcursos.com.br\/blog\/#organization\"},\"image\":{\"@id\":\"https:\/\/www.estrategiaconcursos.com.br\/blog\/concurso-anp\/#primaryimage\"},\"thumbnailUrl\":\"https:\/\/dhg1h5j42swfq.cloudfront.net\/2021\/11\/09184435\/anp.jpg\",\"articleSection\":[\"Ag\u00eancia Reguladora\"],\"inLanguage\":\"pt-BR\",\"potentialAction\":[{\"@type\":\"CommentAction\",\"name\":\"Comment\",\"target\":[\"https:\/\/www.estrategiaconcursos.com.br\/blog\/concurso-anp\/#respond\"]}],\"copyrightYear\":\"2026\",\"copyrightHolder\":{\"@id\":\"https:\/\/www.estrategiaconcursos.com.br\/blog\/#organization\"}},{\"@type\":\"WebPage\",\"@id\":\"https:\/\/www.estrategiaconcursos.com.br\/blog\/concurso-anp\/\",\"url\":\"https:\/\/www.estrategiaconcursos.com.br\/blog\/concurso-anp\/\",\"name\":\"Concurso ANP: confira os resultados da 1\u00aa fase do CNU!\",\"isPartOf\":{\"@id\":\"https:\/\/www.estrategiaconcursos.com.br\/blog\/#website\"},\"primaryImageOfPage\":{\"@id\":\"https:\/\/www.estrategiaconcursos.com.br\/blog\/concurso-anp\/#primaryimage\"},\"image\":{\"@id\":\"https:\/\/www.estrategiaconcursos.com.br\/blog\/concurso-anp\/#primaryimage\"},\"thumbnailUrl\":\"https:\/\/dhg1h5j42swfq.cloudfront.net\/2021\/11\/09184435\/anp.jpg\",\"datePublished\":\"2026-03-16T11:39:00+00:00\",\"dateModified\":\"2026-03-16T14:51:37+00:00\",\"description\":\"Saiba tudo sobre o concurso ANP, vinculado ao CNU: s\u00e3o 66 vagas para n\u00edveis superior e intermedi\u00e1rio. Classifica\u00e7\u00e3o final da 1\u00aa fase!\",\"breadcrumb\":{\"@id\":\"https:\/\/www.estrategiaconcursos.com.br\/blog\/concurso-anp\/#breadcrumb\"},\"inLanguage\":\"pt-BR\",\"potentialAction\":[{\"@type\":\"ReadAction\",\"target\":[\"https:\/\/www.estrategiaconcursos.com.br\/blog\/concurso-anp\/\"]}]},{\"@type\":\"ImageObject\",\"inLanguage\":\"pt-BR\",\"@id\":\"https:\/\/www.estrategiaconcursos.com.br\/blog\/concurso-anp\/#primaryimage\",\"url\":\"https:\/\/dhg1h5j42swfq.cloudfront.net\/2021\/11\/09184435\/anp.jpg\",\"contentUrl\":\"https:\/\/dhg1h5j42swfq.cloudfront.net\/2021\/11\/09184435\/anp.jpg\",\"width\":768,\"height\":432,\"caption\":\"Concurso ANP efetivos\"},{\"@type\":\"BreadcrumbList\",\"@id\":\"https:\/\/www.estrategiaconcursos.com.br\/blog\/concurso-anp\/#breadcrumb\",\"itemListElement\":[{\"@type\":\"ListItem\",\"position\":1,\"name\":\"In\u00edcio\",\"item\":\"https:\/\/www.estrategiaconcursos.com.br\/blog\/\"},{\"@type\":\"ListItem\",\"position\":2,\"name\":\"Concurso ANP: confira os resultados da 1\u00aa fase do CNU!\"}]},{\"@type\":\"WebSite\",\"@id\":\"https:\/\/www.estrategiaconcursos.com.br\/blog\/#website\",\"url\":\"https:\/\/www.estrategiaconcursos.com.br\/blog\/\",\"name\":\"Estrat\u00e9gia Concursos\",\"description\":\"O blog da Estrat\u00e9gia Concursos traz not\u00edcias sobre concursos e artigos de professores oferecendo cursos para concursos (pdf + videaulas) no site.\",\"publisher\":{\"@id\":\"https:\/\/www.estrategiaconcursos.com.br\/blog\/#organization\"},\"potentialAction\":[{\"@type\":\"SearchAction\",\"target\":{\"@type\":\"EntryPoint\",\"urlTemplate\":\"https:\/\/www.estrategiaconcursos.com.br\/blog\/?s={search_term_string}\"},\"query-input\":{\"@type\":\"PropertyValueSpecification\",\"valueRequired\":true,\"valueName\":\"search_term_string\"}}],\"inLanguage\":\"pt-BR\"},{\"@type\":\"Organization\",\"@id\":\"https:\/\/www.estrategiaconcursos.com.br\/blog\/#organization\",\"name\":\"Estrat\u00e9gia Concursos\",\"url\":\"https:\/\/www.estrategiaconcursos.com.br\/blog\/\",\"logo\":{\"@type\":\"ImageObject\",\"inLanguage\":\"pt-BR\",\"@id\":\"https:\/\/www.estrategiaconcursos.com.br\/blog\/#\/schema\/logo\/image\/\",\"url\":\"https:\/\/dhg1h5j42swfq.cloudfront.net\/2025\/06\/03203428\/logo_concursos-1.jpg\",\"contentUrl\":\"https:\/\/dhg1h5j42swfq.cloudfront.net\/2025\/06\/03203428\/logo_concursos-1.jpg\",\"width\":230,\"height\":60,\"caption\":\"Estrat\u00e9gia Concursos\"},\"image\":{\"@id\":\"https:\/\/www.estrategiaconcursos.com.br\/blog\/#\/schema\/logo\/image\/\"},\"sameAs\":[\"https:\/\/x.com\/EstratConcursos\"]},{\"@type\":\"Person\",\"@id\":\"https:\/\/www.estrategiaconcursos.com.br\/blog\/#\/schema\/person\/84ecdc6eb58d3cf1689bf76c5cd8fb38\",\"name\":\"Camila Leite\",\"image\":{\"@type\":\"ImageObject\",\"inLanguage\":\"pt-BR\",\"@id\":\"https:\/\/secure.gravatar.com\/avatar\/f2f8faef639c8a2bfb7fb909912a56917f4c3a0aed064500168e2fb8ea55cf61?s=96&d=mm&r=g\",\"url\":\"https:\/\/secure.gravatar.com\/avatar\/f2f8faef639c8a2bfb7fb909912a56917f4c3a0aed064500168e2fb8ea55cf61?s=96&d=mm&r=g\",\"contentUrl\":\"https:\/\/secure.gravatar.com\/avatar\/f2f8faef639c8a2bfb7fb909912a56917f4c3a0aed064500168e2fb8ea55cf61?s=96&d=mm&r=g\",\"caption\":\"Camila Leite\"},\"description\":\"Formada em Design Gr\u00e1fico e em Propaganda e Marketing pela UNIP, integra a equipe de jornalismo do Estrat\u00e9gia Concursos desde 2018. Ao longo dos anos, construiu uma s\u00f3lida experi\u00eancia na produ\u00e7\u00e3o de conte\u00fado informativo e relevante para concurseiros. Desde 2020, atua na cobertura das \u00e1reas Fiscal \u2014 com \u00eanfase nas Secretarias de Fazenda (Sefaz) das regi\u00f5es Sul e Sudeste \u2014, al\u00e9m da cobertura de concursos federais, como CNU, Petrobras, CGU, Receita Federal, ag\u00eancias reguladoras (Anvisa, ANAC, entre outras) e INSS. Mant\u00e9m contato direto com os principais \u00f3rg\u00e3os p\u00fablicos, acompanhando editais, atualiza\u00e7\u00f5es e movimenta\u00e7\u00f5es importantes para os candidatos.\",\"sameAs\":[\"https:\/\/www.linkedin.com\/in\/camila-pinheiro-leite-9ba135b6\/\"],\"url\":\"https:\/\/www.estrategiaconcursos.com.br\/blog\/author\/camila-leiteestrategiaconcursos-com-br\/\"}]}<\/script>\n<!-- \/ Yoast SEO Premium plugin. -->","yoast_head_json":{"title":"Concurso ANP: confira os resultados da 1\u00aa fase do CNU!","description":"Saiba tudo sobre o concurso ANP, vinculado ao CNU: s\u00e3o 66 vagas para n\u00edveis superior e intermedi\u00e1rio. Classifica\u00e7\u00e3o final da 1\u00aa fase!","robots":{"index":"index","follow":"follow","max-snippet":"max-snippet:-1","max-image-preview":"max-image-preview:large","max-video-preview":"max-video-preview:-1"},"canonical":"https:\/\/www.estrategiaconcursos.com.br\/blog\/concurso-anp\/","og_locale":"pt_BR","og_type":"article","og_title":"Concurso ANP: confira os resultados da 1\u00aa fase do CNU!","og_description":"Saiba tudo sobre o concurso ANP, vinculado ao CNU: s\u00e3o 66 vagas para n\u00edveis superior e intermedi\u00e1rio. Classifica\u00e7\u00e3o final da 1\u00aa fase!","og_url":"https:\/\/www.estrategiaconcursos.com.br\/blog\/concurso-anp\/","og_site_name":"Estrat\u00e9gia Concursos","article_published_time":"2026-03-16T11:39:00+00:00","article_modified_time":"2026-03-16T14:51:37+00:00","og_image":[{"width":768,"height":432,"url":"https:\/\/dhg1h5j42swfq.cloudfront.net\/2021\/11\/09184435\/anp.jpg","type":"image\/jpeg"}],"author":"Camila Leite","twitter_card":"summary_large_image","twitter_creator":"@EstratConcursos","twitter_site":"@EstratConcursos","twitter_misc":{"Escrito por":"Camila Leite","Est. tempo de leitura":"6 minutos"},"schema":{"@context":"https:\/\/schema.org","@graph":[{"@type":"NewsArticle","@id":"https:\/\/www.estrategiaconcursos.com.br\/blog\/concurso-anp\/#article","isPartOf":{"@id":"https:\/\/www.estrategiaconcursos.com.br\/blog\/concurso-anp\/"},"author":{"name":"Camila Leite","@id":"https:\/\/www.estrategiaconcursos.com.br\/blog\/#\/schema\/person\/84ecdc6eb58d3cf1689bf76c5cd8fb38"},"headline":"Concurso ANP: confira os resultados da 1\u00aa fase do CNU!","datePublished":"2026-03-16T11:39:00+00:00","dateModified":"2026-03-16T14:51:37+00:00","mainEntityOfPage":{"@id":"https:\/\/www.estrategiaconcursos.com.br\/blog\/concurso-anp\/"},"wordCount":2199,"commentCount":0,"publisher":{"@id":"https:\/\/www.estrategiaconcursos.com.br\/blog\/#organization"},"image":{"@id":"https:\/\/www.estrategiaconcursos.com.br\/blog\/concurso-anp\/#primaryimage"},"thumbnailUrl":"https:\/\/dhg1h5j42swfq.cloudfront.net\/2021\/11\/09184435\/anp.jpg","articleSection":["Ag\u00eancia Reguladora"],"inLanguage":"pt-BR","potentialAction":[{"@type":"CommentAction","name":"Comment","target":["https:\/\/www.estrategiaconcursos.com.br\/blog\/concurso-anp\/#respond"]}],"copyrightYear":"2026","copyrightHolder":{"@id":"https:\/\/www.estrategiaconcursos.com.br\/blog\/#organization"}},{"@type":"WebPage","@id":"https:\/\/www.estrategiaconcursos.com.br\/blog\/concurso-anp\/","url":"https:\/\/www.estrategiaconcursos.com.br\/blog\/concurso-anp\/","name":"Concurso ANP: confira os resultados da 1\u00aa fase do CNU!","isPartOf":{"@id":"https:\/\/www.estrategiaconcursos.com.br\/blog\/#website"},"primaryImageOfPage":{"@id":"https:\/\/www.estrategiaconcursos.com.br\/blog\/concurso-anp\/#primaryimage"},"image":{"@id":"https:\/\/www.estrategiaconcursos.com.br\/blog\/concurso-anp\/#primaryimage"},"thumbnailUrl":"https:\/\/dhg1h5j42swfq.cloudfront.net\/2021\/11\/09184435\/anp.jpg","datePublished":"2026-03-16T11:39:00+00:00","dateModified":"2026-03-16T14:51:37+00:00","description":"Saiba tudo sobre o concurso ANP, vinculado ao CNU: s\u00e3o 66 vagas para n\u00edveis superior e intermedi\u00e1rio. Classifica\u00e7\u00e3o final da 1\u00aa fase!","breadcrumb":{"@id":"https:\/\/www.estrategiaconcursos.com.br\/blog\/concurso-anp\/#breadcrumb"},"inLanguage":"pt-BR","potentialAction":[{"@type":"ReadAction","target":["https:\/\/www.estrategiaconcursos.com.br\/blog\/concurso-anp\/"]}]},{"@type":"ImageObject","inLanguage":"pt-BR","@id":"https:\/\/www.estrategiaconcursos.com.br\/blog\/concurso-anp\/#primaryimage","url":"https:\/\/dhg1h5j42swfq.cloudfront.net\/2021\/11\/09184435\/anp.jpg","contentUrl":"https:\/\/dhg1h5j42swfq.cloudfront.net\/2021\/11\/09184435\/anp.jpg","width":768,"height":432,"caption":"Concurso ANP efetivos"},{"@type":"BreadcrumbList","@id":"https:\/\/www.estrategiaconcursos.com.br\/blog\/concurso-anp\/#breadcrumb","itemListElement":[{"@type":"ListItem","position":1,"name":"In\u00edcio","item":"https:\/\/www.estrategiaconcursos.com.br\/blog\/"},{"@type":"ListItem","position":2,"name":"Concurso ANP: confira os resultados da 1\u00aa fase do CNU!"}]},{"@type":"WebSite","@id":"https:\/\/www.estrategiaconcursos.com.br\/blog\/#website","url":"https:\/\/www.estrategiaconcursos.com.br\/blog\/","name":"Estrat\u00e9gia Concursos","description":"O blog da Estrat\u00e9gia Concursos traz not\u00edcias sobre concursos e artigos de professores oferecendo cursos para concursos (pdf + videaulas) no site.","publisher":{"@id":"https:\/\/www.estrategiaconcursos.com.br\/blog\/#organization"},"potentialAction":[{"@type":"SearchAction","target":{"@type":"EntryPoint","urlTemplate":"https:\/\/www.estrategiaconcursos.com.br\/blog\/?s={search_term_string}"},"query-input":{"@type":"PropertyValueSpecification","valueRequired":true,"valueName":"search_term_string"}}],"inLanguage":"pt-BR"},{"@type":"Organization","@id":"https:\/\/www.estrategiaconcursos.com.br\/blog\/#organization","name":"Estrat\u00e9gia Concursos","url":"https:\/\/www.estrategiaconcursos.com.br\/blog\/","logo":{"@type":"ImageObject","inLanguage":"pt-BR","@id":"https:\/\/www.estrategiaconcursos.com.br\/blog\/#\/schema\/logo\/image\/","url":"https:\/\/dhg1h5j42swfq.cloudfront.net\/2025\/06\/03203428\/logo_concursos-1.jpg","contentUrl":"https:\/\/dhg1h5j42swfq.cloudfront.net\/2025\/06\/03203428\/logo_concursos-1.jpg","width":230,"height":60,"caption":"Estrat\u00e9gia Concursos"},"image":{"@id":"https:\/\/www.estrategiaconcursos.com.br\/blog\/#\/schema\/logo\/image\/"},"sameAs":["https:\/\/x.com\/EstratConcursos"]},{"@type":"Person","@id":"https:\/\/www.estrategiaconcursos.com.br\/blog\/#\/schema\/person\/84ecdc6eb58d3cf1689bf76c5cd8fb38","name":"Camila Leite","image":{"@type":"ImageObject","inLanguage":"pt-BR","@id":"https:\/\/secure.gravatar.com\/avatar\/f2f8faef639c8a2bfb7fb909912a56917f4c3a0aed064500168e2fb8ea55cf61?s=96&d=mm&r=g","url":"https:\/\/secure.gravatar.com\/avatar\/f2f8faef639c8a2bfb7fb909912a56917f4c3a0aed064500168e2fb8ea55cf61?s=96&d=mm&r=g","contentUrl":"https:\/\/secure.gravatar.com\/avatar\/f2f8faef639c8a2bfb7fb909912a56917f4c3a0aed064500168e2fb8ea55cf61?s=96&d=mm&r=g","caption":"Camila Leite"},"description":"Formada em Design Gr\u00e1fico e em Propaganda e Marketing pela UNIP, integra a equipe de jornalismo do Estrat\u00e9gia Concursos desde 2018. Ao longo dos anos, construiu uma s\u00f3lida experi\u00eancia na produ\u00e7\u00e3o de conte\u00fado informativo e relevante para concurseiros. Desde 2020, atua na cobertura das \u00e1reas Fiscal \u2014 com \u00eanfase nas Secretarias de Fazenda (Sefaz) das regi\u00f5es Sul e Sudeste \u2014, al\u00e9m da cobertura de concursos federais, como CNU, Petrobras, CGU, Receita Federal, ag\u00eancias reguladoras (Anvisa, ANAC, entre outras) e INSS. Mant\u00e9m contato direto com os principais \u00f3rg\u00e3os p\u00fablicos, acompanhando editais, atualiza\u00e7\u00f5es e movimenta\u00e7\u00f5es importantes para os candidatos.","sameAs":["https:\/\/www.linkedin.com\/in\/camila-pinheiro-leite-9ba135b6\/"],"url":"https:\/\/www.estrategiaconcursos.com.br\/blog\/author\/camila-leiteestrategiaconcursos-com-br\/"}]}},"_links":{"self":[{"href":"https:\/\/www.estrategiaconcursos.com.br\/blog\/wp-json\/wp\/v2\/posts\/748091","targetHints":{"allow":["GET"]}}],"collection":[{"href":"https:\/\/www.estrategiaconcursos.com.br\/blog\/wp-json\/wp\/v2\/posts"}],"about":[{"href":"https:\/\/www.estrategiaconcursos.com.br\/blog\/wp-json\/wp\/v2\/types\/post"}],"author":[{"embeddable":true,"href":"https:\/\/www.estrategiaconcursos.com.br\/blog\/wp-json\/wp\/v2\/users\/659"}],"replies":[{"embeddable":true,"href":"https:\/\/www.estrategiaconcursos.com.br\/blog\/wp-json\/wp\/v2\/comments?post=748091"}],"version-history":[{"count":174,"href":"https:\/\/www.estrategiaconcursos.com.br\/blog\/wp-json\/wp\/v2\/posts\/748091\/revisions"}],"predecessor-version":[{"id":1734935,"href":"https:\/\/www.estrategiaconcursos.com.br\/blog\/wp-json\/wp\/v2\/posts\/748091\/revisions\/1734935"}],"wp:featuredmedia":[{"embeddable":true,"href":"https:\/\/www.estrategiaconcursos.com.br\/blog\/wp-json\/wp\/v2\/media\/904838"}],"wp:attachment":[{"href":"https:\/\/www.estrategiaconcursos.com.br\/blog\/wp-json\/wp\/v2\/media?parent=748091"}],"wp:term":[{"taxonomy":"category","embeddable":true,"href":"https:\/\/www.estrategiaconcursos.com.br\/blog\/wp-json\/wp\/v2\/categories?post=748091"},{"taxonomy":"post_tag","embeddable":true,"href":"https:\/\/www.estrategiaconcursos.com.br\/blog\/wp-json\/wp\/v2\/tags?post=748091"},{"taxonomy":"tax_estado","embeddable":true,"href":"https:\/\/www.estrategiaconcursos.com.br\/blog\/wp-json\/wp\/v2\/tax_estado?post=748091"}],"curies":[{"name":"wp","href":"https:\/\/api.w.org\/{rel}","templated":true}]}}