{"id":746406,"date":"2021-05-20T15:45:00","date_gmt":"2021-05-20T18:45:00","guid":{"rendered":"https:\/\/www.estrategiaconcursos.com.br\/blog\/?p=746406"},"modified":"2021-05-20T16:41:40","modified_gmt":"2021-05-20T19:41:40","slug":"sefaz-do-ceara-concurso","status":"publish","type":"post","link":"https:\/\/www.estrategiaconcursos.com.br\/blog\/sefaz-do-ceara-concurso\/","title":{"rendered":"\u00c9 AMANH\u00c3! Edital Sefaz do Cear\u00e1 ser\u00e1 publicado com 100 vagas!"},"content":{"rendered":"\n<p>Ap\u00f3s muita espera, o edital da Sefaz do Cear\u00e1 deve finalmente ser publicado amanh\u00e3, 21 de maio de 2021. Conforme j\u00e1 foi divulgado pelo Estrat\u00e9gia, ser\u00e3o 100 oportunidades distribu\u00eddas entre as carreiras de Auditor Fiscal da Receita Estadual, Auditor Fiscal Cont\u00e1bil-Financeiro, Auditor Fiscal Jur\u00eddico e Auditor Fiscal de Tecnologia da Informa\u00e7\u00e3o. <\/p>\n\n\n\n<p>E o melhor n\u00e3o para por a\u00ed, os <a href=\"https:\/\/www.estrategiaconcursos.com.br\/blog\/salario-de-auditor-da-sefaz-ce\/\" target=\"_blank\" rel=\"noreferrer noopener\">sal\u00e1rios iniciais do concurso<\/a> para a <strong>1\u00aa Classe Refer\u00eancia A<\/strong>\u00a0das carreiras de Auditor Fiscal \u00e9 de\u00a0<strong>R$ 16.045,30<\/strong>, com benef\u00edcios. Entretanto, para participar \u00e9 necess\u00e1rio possuir n\u00edvel superior, em n\u00edvel de bacharelado, sem \u00e1rea de atua\u00e7\u00e3o espec\u00edfica. Quando contratado, o servidor ter\u00e1 que cumprir jornadas de 40 horas semanais. <\/p>\n\n\n\n<p>Ficou interessado? Bom demais, n\u00e3o \u00e9 mesmo? Por isso, n\u00f3s aqui do Estrat\u00e9gia preparamos um RESUM\u00c3O com as principais informa\u00e7\u00f5es do concurso. A ideia \u00e9 fazer um <strong>esquenta pr\u00e9 edital!<\/strong> Al\u00e9m de deixar voc\u00ea cada vez mais bem informado e preparado para conquistar a t\u00e3o sonhada aprova\u00e7\u00e3o. <\/p>\n\n\n\n<h2 class=\"has-text-align-center wp-block-heading\" id=\"h-geralz-o-pr-edital-sefaz-do-cear-anote-a\">Geralz\u00e3o pr\u00e9 edital Sefaz do Cear\u00e1 &#8211; ANOTE A\u00cd!<\/h2>\n\n\n\n<p>Conforme j\u00e1 mencionado no in\u00edcio deste artigo, o edital Sefaz CE vai ofertar 100 vagas que ser\u00e3o distribu\u00eddas por quatro \u00e1reas de atua\u00e7\u00e3o. Confira abaixo cada uma delas: <\/p>\n\n\n\n<ul class=\"wp-block-list\"><li><a href=\"https:\/\/www.estrategiaconcursos.com.br\/curso\/pacote-p-sefaz-ce-auditor-fiscal-cebraspe-pre-edital\/\" target=\"_blank\" rel=\"noreferrer noopener\">Auditor Fiscal<\/a>&nbsp;da Receita Estadual;<\/li><li><a href=\"https:\/\/www.estrategiaconcursos.com.br\/curso\/pacote-completo-p-sefaz-ce-auditor-fiscal-contabil-financeiro-cebraspe-pre-edital\/\" target=\"_blank\" rel=\"noreferrer noopener\">Auditor Fiscal Cont\u00e1bil-Financeiro<\/a>&nbsp;da Receita Estadual;<\/li><li><a href=\"https:\/\/www.estrategiaconcursos.com.br\/curso\/pacote-p-sefaz-ce-auditor-fiscal-juridico-cebraspe-pre-edital\/\" target=\"_blank\" rel=\"noreferrer noopener\">Auditor Fiscal Jur\u00eddico<\/a>&nbsp;da Receita Estadual; e<\/li><li><a href=\"https:\/\/www.estrategiaconcursos.com.br\/curso\/pacote-completo-p-sefaz-ce-auditor-fiscal-ti-cebraspe-pre-edital\/\" target=\"_blank\" rel=\"noreferrer noopener\">Auditor Fiscal de Tecnologia da Informa\u00e7\u00e3o<\/a>&nbsp;da Receita Estadual.<\/li><\/ul>\n\n\n\n<p>Tamb\u00e9m j\u00e1 est\u00e1 certo que a sele\u00e7\u00e3o contar\u00e1 com uma reserva de <strong>20% das vagas para candidatos negros. <\/strong>Assim que iniciadas, as inscri\u00e7\u00f5es poder\u00e3o ser feitas somente pela internet, na p\u00e1gina eletr\u00f4nica da banca organizadora, que \u00e9 o <a href=\"https:\/\/www.cebraspe.org.br\/\">Cebraspe<\/a>.<\/p>\n\n\n\n<p>O edital <strong>Sefaz CE<\/strong>\u00a0contar\u00e1 com tr\u00eas fases de sele\u00e7\u00e3o. De acordo com o projeto b\u00e1sico, os candidatos ser\u00e3o submetidos a provas objetivas, provas discursivas e an\u00e1lise de t\u00edtulos apresentados. A avalia\u00e7\u00e3o objetiva contar\u00e1 com 160 quest\u00f5es, no modelo Cebraspe, com op\u00e7\u00e3o entre &#8220;certo&#8221; ou &#8220;errado&#8221;.\u00a0<\/p>\n\n\n\n<p>J\u00e1 a prova discursiva ser\u00e1 composta de duas quest\u00f5es de at\u00e9 20 linhas e um estudo de caso com at\u00e9 45 linhas. Sendo que somente ser\u00e1 corrigida dos melhores colocados na parte objetiva at\u00e9 um limite de tr\u00eas vezes o n\u00famero de vagas, ou seja, at\u00e9 300 candidatos.<\/p>\n\n\n\n<p>Agora, para saber <strong>TODOS <\/strong>os detalhes acerca do concurso Sefaz do Cear\u00e1, basta acessar o link abaixo<strong>! Preparamos um artigo muito mais completo e exclusivo para voc\u00ea. Inclusive, assim que o edital for publicado, todas as informa\u00e7\u00f5es v\u00e3o estar contidas nele. Acesse agora mesmo!<\/strong><\/p>\n\n\n\n<p class=\"has-text-align-center has-background\" style=\"background-color:#b8e4ff;font-size:clamp(16.293px, 1.018rem + ((1vw - 3.2px) * 0.854), 25px);px\"><strong>Informa\u00e7\u00f5es na \u00edntegra sobre o <a href=\"https:\/\/www.estrategiaconcursos.com.br\/blog\/concurso-sefaz-ce\/\" target=\"_blank\" rel=\"noreferrer noopener\">concurso Sefaz CE<\/a><\/strong><\/p>\n\n\n\n<h2 class=\"has-text-align-center wp-block-heading\" id=\"cursos-assinatura\"><strong><em>Quer estudar para concurso Sefaz do Cear\u00e1?<\/em><\/strong><\/h2>\n\n\n\n<div id=\"boxes\" class=\"container\">\n<div class=\"row\">\n<div class=\"col-sm\">\n<div id=\"box-assinatura\" class=\"banner-fiscal-01\">\n<h3 class=\"titulo-assinatura\">Sefaz CE<\/h3>\n<p class=\"subtitulo-assinatura\">Estude conosco para o concurso<\/p>\n<div class=\"box-botao\"><a class=\"btn-assinatura\" role=\"button\" href=\"https:\/\/www.estrategiaconcursos.com.br\/cursosPorConcurso\/sefaz-ce\/\" target=\"_blank\" rel=\"noopener noreferrer\">Saiba mais<\/a><\/div>\n<\/div>\n<\/div>\n<\/div>\n<\/div>\n\n\n\n<div class=\"container\" id=\"boxes\">\n  <div class=\"row\">\n\n    <div class=\"col-sm\">\n      <div class=\"estrategia\" id=\"box-assinatura\">\n        <h3 class=\"titulo-assinatura\">Assinatura Concursos<\/h3>\n        <p class=\"subtitulo-assinatura\">Assinatura de 1 ano ou 2 anos<\/p>\n        <div class=\"box-botao\">\n          <a class=\"btn-assinatura\" target=\"_blank\" href=\"https:\/\/www.estrategiaconcursos.com.br\/assinaturas\/\" role=\"button\" rel=\"noopener noreferrer\">ASSINE AGORA<\/a>\n        <\/div>\n      <\/div>\n     \n    <\/div>\n\n    <div class=\"col-sm\">\n      <div class=\"questoes\" id=\"box-assinatura\">\n        <h3 class=\"titulo-assinatura\">Sistema de Quest\u00f5es<\/h3>\n        <p class=\"subtitulo-assinatura\">Assinatura de 1 ano ou 2 anos\n<\/p>\n        <div class=\"box-botao\">\n          <a class=\"btn-assinatura\" target=\"_blank\" href=\"https:\/\/questoes.estrategiaconcursos.com.br\/\" role=\"button\" rel=\"noopener noreferrer\">ASSINE AGORA<\/a>\n        <\/div>\n      <\/div>\n    \n    <\/div>\n  <\/div>\n<\/div>\n\n\n\n<div class=\"container\" id=\"boxes\">\n  <div class=\"row\">\n\n    <div class=\"col-sm\" id=\"boxes-concursos\">\n      <div style=\"background-color: #005DAD;\" class=\"conteudo-concursos\" id=\"box-concursos\">\n        <h3 class=\"titulo-assinatura\">Concursos Abertos<\/h3>\n        <p class=\"subtitulo-assinatura\">Confira os editais publicados<\/p>\n        <div class=\"box-botao\">\n          <a class=\"btn-assinatura\" target=\"_blank\" href=\"https:\/\/www.estrategiaconcursos.com.br\/blog\/concursos-abertos\/\" role=\"button\" rel=\"noopener noreferrer\">Conhe\u00e7a Agora<\/a>\n        <\/div>\n      <\/div>\n    <\/div>\n\n    <div class=\"col-sm\" id=\"boxes-concursos\">\n      <div style=\"background-color: #419FF0;\" class=\"conteudo-concursos\" id=\"box-concursos\">\n        <h3 class=\"titulo-assinatura\">Concursos 2021<\/h3>\n        <p class=\"subtitulo-assinatura\">Confira as oportunidades previstas<\/p>\n        <div class=\"box-botao\">\n          <a class=\"btn-assinatura\" target=\"_blank\" href=\"https:\/\/www.estrategiaconcursos.com.br\/blog\/concursos-2021\/\" role=\"button\" rel=\"noopener noreferrer\">Conhe\u00e7a Agora<\/a>\n        <\/div>\n      <\/div>\n    <\/div>\n\n  <\/div>\n<\/div>\n\n\n\n<p class=\"has-text-align-center\"><strong><\/strong><strong>Quer ficar atualizado DIARIAMENTE sobre as not\u00edcias do mundo dos concursos? Entre no nosso Telegram<\/strong>&nbsp;<strong>abaixo!<\/strong><\/p>\n\n\n\n<div class=\"wp-block-image\"><figure class=\"aligncenter size-large\"><a href=\"https:\/\/t.me\/estrategianews\" target=\"_blank\" rel=\"noopener\"><img loading=\"lazy\" decoding=\"async\" width=\"899\" height=\"193\" src=\"https:\/\/dhg1h5j42swfq.cloudfront.net\/2021\/05\/03180511\/news-1-1.jpg\" alt=\"Foram divulgados os gabaritos preliminares das provas do IBGE para a fun\u00e7\u00e3o de Supervisor de Coleta, realizadas no \u00faltimo domingo (09). Com isso, fica aberto o per\u00edodo para interposi\u00e7\u00e3o de recursos, entre 10h do dia 11 e 17h do dia 12 de maio.\" class=\"wp-image-730150\" srcset=\"https:\/\/dhg1h5j42swfq.cloudfront.net\/2021\/05\/03180511\/news-1-1.jpg 899w, https:\/\/dhg1h5j42swfq.cloudfront.net\/2021\/05\/03180511\/news-1-1-300x64.jpg 300w, https:\/\/dhg1h5j42swfq.cloudfront.net\/2021\/05\/03180511\/news-1-1-768x165.jpg 768w, https:\/\/dhg1h5j42swfq.cloudfront.net\/2021\/05\/03180511\/news-1-1-610x131.jpg 610w\" sizes=\"auto, (max-width: 899px) 100vw, 899px\" \/><\/a><\/figure><\/div>\n\n\n\n<p><\/p>\n","protected":false},"excerpt":{"rendered":"<p>Ap\u00f3s muita espera, o edital da Sefaz do Cear\u00e1 deve finalmente ser publicado amanh\u00e3, 21 de maio de 2021. Conforme j\u00e1 foi divulgado pelo Estrat\u00e9gia, ser\u00e3o 100 oportunidades distribu\u00eddas entre as carreiras de Auditor Fiscal da Receita Estadual, Auditor Fiscal Cont\u00e1bil-Financeiro, Auditor Fiscal Jur\u00eddico e Auditor Fiscal de Tecnologia da Informa\u00e7\u00e3o. E o melhor n\u00e3o [&hellip;]<\/p>\n","protected":false},"author":1,"featured_media":698518,"comment_status":"open","ping_status":"closed","sticky":false,"template":"","format":"standard","meta":{"post_tipo":"news","footnotes":""},"categories":[1983],"tags":[],"tax_estado":[219969],"class_list":["post-746406","post","type-post","status-publish","format-standard","has-post-thumbnail","hentry","category-fiscal-estadual","tax_estado-ce"],"acf":[],"yoast_head":"<!-- This site is optimized with the Yoast SEO Premium plugin v27.2 (Yoast SEO v27.2) - https:\/\/yoast.com\/product\/yoast-seo-premium-wordpress\/ -->\n<title>\u00c9 AMANH\u00c3! Edital Sefaz do Cear\u00e1 ser\u00e1 publicado com 100 vagas!<\/title>\n<meta name=\"description\" content=\"Sefaz do Cear\u00e1: RESUM\u00c3O pr\u00e9 edital \u00e9 AQUI! Refresque a mem\u00f3ria com as principais informa\u00e7\u00f5es do concurso. Acesse e saiba mais aqui!\" \/>\n<meta name=\"robots\" content=\"index, follow, max-snippet:-1, max-image-preview:large, max-video-preview:-1\" \/>\n<link rel=\"canonical\" href=\"https:\/\/www.estrategiaconcursos.com.br\/blog\/sefaz-do-ceara-concurso\/\" \/>\n<meta property=\"og:locale\" content=\"pt_BR\" \/>\n<meta property=\"og:type\" content=\"article\" \/>\n<meta property=\"og:title\" content=\"\u00c9 AMANH\u00c3! Edital Sefaz do Cear\u00e1 ser\u00e1 publicado com 100 vagas!\" \/>\n<meta property=\"og:description\" content=\"Sefaz do Cear\u00e1: RESUM\u00c3O pr\u00e9 edital \u00e9 AQUI! Refresque a mem\u00f3ria com as principais informa\u00e7\u00f5es do concurso. Acesse e saiba mais aqui!\" \/>\n<meta property=\"og:url\" content=\"https:\/\/www.estrategiaconcursos.com.br\/blog\/sefaz-do-ceara-concurso\/\" \/>\n<meta property=\"og:site_name\" content=\"Estrat\u00e9gia Concursos\" \/>\n<meta property=\"article:author\" content=\"https:\/\/www.facebook.com\/EstrategiaConcursos\" \/>\n<meta property=\"article:published_time\" content=\"2021-05-20T18:45:00+00:00\" \/>\n<meta property=\"article:modified_time\" content=\"2021-05-20T19:41:40+00:00\" \/>\n<meta property=\"og:image\" content=\"https:\/\/dhg1h5j42swfq.cloudfront.net\/2021\/03\/22154714\/sefaz-ce_2.jpg\" \/>\n\t<meta property=\"og:image:width\" content=\"1200\" \/>\n\t<meta property=\"og:image:height\" content=\"628\" \/>\n\t<meta property=\"og:image:type\" content=\"image\/jpeg\" \/>\n<meta name=\"author\" content=\"Coordena\u00e7\u00e3o\" \/>\n<meta name=\"twitter:card\" content=\"summary_large_image\" \/>\n<meta name=\"twitter:creator\" content=\"@EstratConcursos\" \/>\n<meta name=\"twitter:site\" content=\"@EstratConcursos\" \/>\n<meta name=\"twitter:label1\" content=\"Escrito por\" \/>\n\t<meta name=\"twitter:data1\" content=\"Coordena\u00e7\u00e3o\" \/>\n\t<meta name=\"twitter:label2\" content=\"Est. tempo de leitura\" \/>\n\t<meta name=\"twitter:data2\" content=\"3 minutos\" \/>\n<script type=\"application\/ld+json\" class=\"yoast-schema-graph\">{\"@context\":\"https:\/\/schema.org\",\"@graph\":[{\"@type\":\"NewsArticle\",\"@id\":\"https:\/\/www.estrategiaconcursos.com.br\/blog\/sefaz-do-ceara-concurso\/#article\",\"isPartOf\":{\"@id\":\"https:\/\/www.estrategiaconcursos.com.br\/blog\/sefaz-do-ceara-concurso\/\"},\"author\":{\"name\":\"Coordena\u00e7\u00e3o\",\"@id\":\"https:\/\/www.estrategiaconcursos.com.br\/blog\/#\/schema\/person\/b4a388c97673c5f483d72185668afa1f\"},\"headline\":\"\u00c9 AMANH\u00c3! Edital Sefaz do Cear\u00e1 ser\u00e1 publicado com 100 vagas!\",\"datePublished\":\"2021-05-20T18:45:00+00:00\",\"dateModified\":\"2021-05-20T19:41:40+00:00\",\"mainEntityOfPage\":{\"@id\":\"https:\/\/www.estrategiaconcursos.com.br\/blog\/sefaz-do-ceara-concurso\/\"},\"wordCount\":525,\"commentCount\":0,\"publisher\":{\"@id\":\"https:\/\/www.estrategiaconcursos.com.br\/blog\/#organization\"},\"image\":{\"@id\":\"https:\/\/www.estrategiaconcursos.com.br\/blog\/sefaz-do-ceara-concurso\/#primaryimage\"},\"thumbnailUrl\":\"https:\/\/dhg1h5j42swfq.cloudfront.net\/2021\/03\/22154714\/sefaz-ce_2.jpg\",\"articleSection\":[\"Fiscal - Estadual (ICMS)\"],\"inLanguage\":\"pt-BR\",\"potentialAction\":[{\"@type\":\"CommentAction\",\"name\":\"Comment\",\"target\":[\"https:\/\/www.estrategiaconcursos.com.br\/blog\/sefaz-do-ceara-concurso\/#respond\"]}],\"copyrightYear\":\"2021\",\"copyrightHolder\":{\"@id\":\"https:\/\/www.estrategiaconcursos.com.br\/blog\/#organization\"}},{\"@type\":\"WebPage\",\"@id\":\"https:\/\/www.estrategiaconcursos.com.br\/blog\/sefaz-do-ceara-concurso\/\",\"url\":\"https:\/\/www.estrategiaconcursos.com.br\/blog\/sefaz-do-ceara-concurso\/\",\"name\":\"\u00c9 AMANH\u00c3! Edital Sefaz do Cear\u00e1 ser\u00e1 publicado com 100 vagas!\",\"isPartOf\":{\"@id\":\"https:\/\/www.estrategiaconcursos.com.br\/blog\/#website\"},\"primaryImageOfPage\":{\"@id\":\"https:\/\/www.estrategiaconcursos.com.br\/blog\/sefaz-do-ceara-concurso\/#primaryimage\"},\"image\":{\"@id\":\"https:\/\/www.estrategiaconcursos.com.br\/blog\/sefaz-do-ceara-concurso\/#primaryimage\"},\"thumbnailUrl\":\"https:\/\/dhg1h5j42swfq.cloudfront.net\/2021\/03\/22154714\/sefaz-ce_2.jpg\",\"datePublished\":\"2021-05-20T18:45:00+00:00\",\"dateModified\":\"2021-05-20T19:41:40+00:00\",\"description\":\"Sefaz do Cear\u00e1: RESUM\u00c3O pr\u00e9 edital \u00e9 AQUI! Refresque a mem\u00f3ria com as principais informa\u00e7\u00f5es do concurso. Acesse e saiba mais aqui!\",\"breadcrumb\":{\"@id\":\"https:\/\/www.estrategiaconcursos.com.br\/blog\/sefaz-do-ceara-concurso\/#breadcrumb\"},\"inLanguage\":\"pt-BR\",\"potentialAction\":[{\"@type\":\"ReadAction\",\"target\":[\"https:\/\/www.estrategiaconcursos.com.br\/blog\/sefaz-do-ceara-concurso\/\"]}]},{\"@type\":\"ImageObject\",\"inLanguage\":\"pt-BR\",\"@id\":\"https:\/\/www.estrategiaconcursos.com.br\/blog\/sefaz-do-ceara-concurso\/#primaryimage\",\"url\":\"https:\/\/dhg1h5j42swfq.cloudfront.net\/2021\/03\/22154714\/sefaz-ce_2.jpg\",\"contentUrl\":\"https:\/\/dhg1h5j42swfq.cloudfront.net\/2021\/03\/22154714\/sefaz-ce_2.jpg\",\"width\":1200,\"height\":628,\"caption\":\"Inscri\u00e7\u00f5es Sefaz CE\"},{\"@type\":\"BreadcrumbList\",\"@id\":\"https:\/\/www.estrategiaconcursos.com.br\/blog\/sefaz-do-ceara-concurso\/#breadcrumb\",\"itemListElement\":[{\"@type\":\"ListItem\",\"position\":1,\"name\":\"In\u00edcio\",\"item\":\"https:\/\/www.estrategiaconcursos.com.br\/blog\/\"},{\"@type\":\"ListItem\",\"position\":2,\"name\":\"\u00c9 AMANH\u00c3! Edital Sefaz do Cear\u00e1 ser\u00e1 publicado com 100 vagas!\"}]},{\"@type\":\"WebSite\",\"@id\":\"https:\/\/www.estrategiaconcursos.com.br\/blog\/#website\",\"url\":\"https:\/\/www.estrategiaconcursos.com.br\/blog\/\",\"name\":\"Estrat\u00e9gia Concursos\",\"description\":\"O blog da Estrat\u00e9gia Concursos traz not\u00edcias sobre concursos e artigos de professores oferecendo cursos para concursos (pdf + videaulas) no site.\",\"publisher\":{\"@id\":\"https:\/\/www.estrategiaconcursos.com.br\/blog\/#organization\"},\"potentialAction\":[{\"@type\":\"SearchAction\",\"target\":{\"@type\":\"EntryPoint\",\"urlTemplate\":\"https:\/\/www.estrategiaconcursos.com.br\/blog\/?s={search_term_string}\"},\"query-input\":{\"@type\":\"PropertyValueSpecification\",\"valueRequired\":true,\"valueName\":\"search_term_string\"}}],\"inLanguage\":\"pt-BR\"},{\"@type\":\"Organization\",\"@id\":\"https:\/\/www.estrategiaconcursos.com.br\/blog\/#organization\",\"name\":\"Estrat\u00e9gia Concursos\",\"url\":\"https:\/\/www.estrategiaconcursos.com.br\/blog\/\",\"logo\":{\"@type\":\"ImageObject\",\"inLanguage\":\"pt-BR\",\"@id\":\"https:\/\/www.estrategiaconcursos.com.br\/blog\/#\/schema\/logo\/image\/\",\"url\":\"https:\/\/dhg1h5j42swfq.cloudfront.net\/2025\/06\/03203428\/logo_concursos-1.jpg\",\"contentUrl\":\"https:\/\/dhg1h5j42swfq.cloudfront.net\/2025\/06\/03203428\/logo_concursos-1.jpg\",\"width\":230,\"height\":60,\"caption\":\"Estrat\u00e9gia Concursos\"},\"image\":{\"@id\":\"https:\/\/www.estrategiaconcursos.com.br\/blog\/#\/schema\/logo\/image\/\"},\"sameAs\":[\"https:\/\/x.com\/EstratConcursos\"]},{\"@type\":\"Person\",\"@id\":\"https:\/\/www.estrategiaconcursos.com.br\/blog\/#\/schema\/person\/b4a388c97673c5f483d72185668afa1f\",\"name\":\"Coordena\u00e7\u00e3o\",\"image\":{\"@type\":\"ImageObject\",\"inLanguage\":\"pt-BR\",\"@id\":\"https:\/\/secure.gravatar.com\/avatar\/b720319e4c9a967eb58678d110f4fe35452fc5d5f97b202bac7b8acceb18c6ad?s=96&d=mm&r=g\",\"url\":\"https:\/\/secure.gravatar.com\/avatar\/b720319e4c9a967eb58678d110f4fe35452fc5d5f97b202bac7b8acceb18c6ad?s=96&d=mm&r=g\",\"contentUrl\":\"https:\/\/secure.gravatar.com\/avatar\/b720319e4c9a967eb58678d110f4fe35452fc5d5f97b202bac7b8acceb18c6ad?s=96&d=mm&r=g\",\"caption\":\"Coordena\u00e7\u00e3o\"},\"sameAs\":[\"https:\/\/www.facebook.com\/EstrategiaConcursos\",\"https:\/\/x.com\/EstratConcursos\"],\"url\":\"https:\/\/www.estrategiaconcursos.com.br\/blog\/author\/estrategia2013\/\"}]}<\/script>\n<!-- \/ Yoast SEO Premium plugin. -->","yoast_head_json":{"title":"\u00c9 AMANH\u00c3! Edital Sefaz do Cear\u00e1 ser\u00e1 publicado com 100 vagas!","description":"Sefaz do Cear\u00e1: RESUM\u00c3O pr\u00e9 edital \u00e9 AQUI! Refresque a mem\u00f3ria com as principais informa\u00e7\u00f5es do concurso. Acesse e saiba mais aqui!","robots":{"index":"index","follow":"follow","max-snippet":"max-snippet:-1","max-image-preview":"max-image-preview:large","max-video-preview":"max-video-preview:-1"},"canonical":"https:\/\/www.estrategiaconcursos.com.br\/blog\/sefaz-do-ceara-concurso\/","og_locale":"pt_BR","og_type":"article","og_title":"\u00c9 AMANH\u00c3! Edital Sefaz do Cear\u00e1 ser\u00e1 publicado com 100 vagas!","og_description":"Sefaz do Cear\u00e1: RESUM\u00c3O pr\u00e9 edital \u00e9 AQUI! Refresque a mem\u00f3ria com as principais informa\u00e7\u00f5es do concurso. Acesse e saiba mais aqui!","og_url":"https:\/\/www.estrategiaconcursos.com.br\/blog\/sefaz-do-ceara-concurso\/","og_site_name":"Estrat\u00e9gia Concursos","article_author":"https:\/\/www.facebook.com\/EstrategiaConcursos","article_published_time":"2021-05-20T18:45:00+00:00","article_modified_time":"2021-05-20T19:41:40+00:00","og_image":[{"width":1200,"height":628,"url":"https:\/\/dhg1h5j42swfq.cloudfront.net\/2021\/03\/22154714\/sefaz-ce_2.jpg","type":"image\/jpeg"}],"author":"Coordena\u00e7\u00e3o","twitter_card":"summary_large_image","twitter_creator":"@EstratConcursos","twitter_site":"@EstratConcursos","twitter_misc":{"Escrito por":"Coordena\u00e7\u00e3o","Est. tempo de leitura":"3 minutos"},"schema":{"@context":"https:\/\/schema.org","@graph":[{"@type":"NewsArticle","@id":"https:\/\/www.estrategiaconcursos.com.br\/blog\/sefaz-do-ceara-concurso\/#article","isPartOf":{"@id":"https:\/\/www.estrategiaconcursos.com.br\/blog\/sefaz-do-ceara-concurso\/"},"author":{"name":"Coordena\u00e7\u00e3o","@id":"https:\/\/www.estrategiaconcursos.com.br\/blog\/#\/schema\/person\/b4a388c97673c5f483d72185668afa1f"},"headline":"\u00c9 AMANH\u00c3! Edital Sefaz do Cear\u00e1 ser\u00e1 publicado com 100 vagas!","datePublished":"2021-05-20T18:45:00+00:00","dateModified":"2021-05-20T19:41:40+00:00","mainEntityOfPage":{"@id":"https:\/\/www.estrategiaconcursos.com.br\/blog\/sefaz-do-ceara-concurso\/"},"wordCount":525,"commentCount":0,"publisher":{"@id":"https:\/\/www.estrategiaconcursos.com.br\/blog\/#organization"},"image":{"@id":"https:\/\/www.estrategiaconcursos.com.br\/blog\/sefaz-do-ceara-concurso\/#primaryimage"},"thumbnailUrl":"https:\/\/dhg1h5j42swfq.cloudfront.net\/2021\/03\/22154714\/sefaz-ce_2.jpg","articleSection":["Fiscal - Estadual (ICMS)"],"inLanguage":"pt-BR","potentialAction":[{"@type":"CommentAction","name":"Comment","target":["https:\/\/www.estrategiaconcursos.com.br\/blog\/sefaz-do-ceara-concurso\/#respond"]}],"copyrightYear":"2021","copyrightHolder":{"@id":"https:\/\/www.estrategiaconcursos.com.br\/blog\/#organization"}},{"@type":"WebPage","@id":"https:\/\/www.estrategiaconcursos.com.br\/blog\/sefaz-do-ceara-concurso\/","url":"https:\/\/www.estrategiaconcursos.com.br\/blog\/sefaz-do-ceara-concurso\/","name":"\u00c9 AMANH\u00c3! Edital Sefaz do Cear\u00e1 ser\u00e1 publicado com 100 vagas!","isPartOf":{"@id":"https:\/\/www.estrategiaconcursos.com.br\/blog\/#website"},"primaryImageOfPage":{"@id":"https:\/\/www.estrategiaconcursos.com.br\/blog\/sefaz-do-ceara-concurso\/#primaryimage"},"image":{"@id":"https:\/\/www.estrategiaconcursos.com.br\/blog\/sefaz-do-ceara-concurso\/#primaryimage"},"thumbnailUrl":"https:\/\/dhg1h5j42swfq.cloudfront.net\/2021\/03\/22154714\/sefaz-ce_2.jpg","datePublished":"2021-05-20T18:45:00+00:00","dateModified":"2021-05-20T19:41:40+00:00","description":"Sefaz do Cear\u00e1: RESUM\u00c3O pr\u00e9 edital \u00e9 AQUI! Refresque a mem\u00f3ria com as principais informa\u00e7\u00f5es do concurso. Acesse e saiba mais aqui!","breadcrumb":{"@id":"https:\/\/www.estrategiaconcursos.com.br\/blog\/sefaz-do-ceara-concurso\/#breadcrumb"},"inLanguage":"pt-BR","potentialAction":[{"@type":"ReadAction","target":["https:\/\/www.estrategiaconcursos.com.br\/blog\/sefaz-do-ceara-concurso\/"]}]},{"@type":"ImageObject","inLanguage":"pt-BR","@id":"https:\/\/www.estrategiaconcursos.com.br\/blog\/sefaz-do-ceara-concurso\/#primaryimage","url":"https:\/\/dhg1h5j42swfq.cloudfront.net\/2021\/03\/22154714\/sefaz-ce_2.jpg","contentUrl":"https:\/\/dhg1h5j42swfq.cloudfront.net\/2021\/03\/22154714\/sefaz-ce_2.jpg","width":1200,"height":628,"caption":"Inscri\u00e7\u00f5es Sefaz CE"},{"@type":"BreadcrumbList","@id":"https:\/\/www.estrategiaconcursos.com.br\/blog\/sefaz-do-ceara-concurso\/#breadcrumb","itemListElement":[{"@type":"ListItem","position":1,"name":"In\u00edcio","item":"https:\/\/www.estrategiaconcursos.com.br\/blog\/"},{"@type":"ListItem","position":2,"name":"\u00c9 AMANH\u00c3! Edital Sefaz do Cear\u00e1 ser\u00e1 publicado com 100 vagas!"}]},{"@type":"WebSite","@id":"https:\/\/www.estrategiaconcursos.com.br\/blog\/#website","url":"https:\/\/www.estrategiaconcursos.com.br\/blog\/","name":"Estrat\u00e9gia Concursos","description":"O blog da Estrat\u00e9gia Concursos traz not\u00edcias sobre concursos e artigos de professores oferecendo cursos para concursos (pdf + videaulas) no site.","publisher":{"@id":"https:\/\/www.estrategiaconcursos.com.br\/blog\/#organization"},"potentialAction":[{"@type":"SearchAction","target":{"@type":"EntryPoint","urlTemplate":"https:\/\/www.estrategiaconcursos.com.br\/blog\/?s={search_term_string}"},"query-input":{"@type":"PropertyValueSpecification","valueRequired":true,"valueName":"search_term_string"}}],"inLanguage":"pt-BR"},{"@type":"Organization","@id":"https:\/\/www.estrategiaconcursos.com.br\/blog\/#organization","name":"Estrat\u00e9gia Concursos","url":"https:\/\/www.estrategiaconcursos.com.br\/blog\/","logo":{"@type":"ImageObject","inLanguage":"pt-BR","@id":"https:\/\/www.estrategiaconcursos.com.br\/blog\/#\/schema\/logo\/image\/","url":"https:\/\/dhg1h5j42swfq.cloudfront.net\/2025\/06\/03203428\/logo_concursos-1.jpg","contentUrl":"https:\/\/dhg1h5j42swfq.cloudfront.net\/2025\/06\/03203428\/logo_concursos-1.jpg","width":230,"height":60,"caption":"Estrat\u00e9gia Concursos"},"image":{"@id":"https:\/\/www.estrategiaconcursos.com.br\/blog\/#\/schema\/logo\/image\/"},"sameAs":["https:\/\/x.com\/EstratConcursos"]},{"@type":"Person","@id":"https:\/\/www.estrategiaconcursos.com.br\/blog\/#\/schema\/person\/b4a388c97673c5f483d72185668afa1f","name":"Coordena\u00e7\u00e3o","image":{"@type":"ImageObject","inLanguage":"pt-BR","@id":"https:\/\/secure.gravatar.com\/avatar\/b720319e4c9a967eb58678d110f4fe35452fc5d5f97b202bac7b8acceb18c6ad?s=96&d=mm&r=g","url":"https:\/\/secure.gravatar.com\/avatar\/b720319e4c9a967eb58678d110f4fe35452fc5d5f97b202bac7b8acceb18c6ad?s=96&d=mm&r=g","contentUrl":"https:\/\/secure.gravatar.com\/avatar\/b720319e4c9a967eb58678d110f4fe35452fc5d5f97b202bac7b8acceb18c6ad?s=96&d=mm&r=g","caption":"Coordena\u00e7\u00e3o"},"sameAs":["https:\/\/www.facebook.com\/EstrategiaConcursos","https:\/\/x.com\/EstratConcursos"],"url":"https:\/\/www.estrategiaconcursos.com.br\/blog\/author\/estrategia2013\/"}]}},"_links":{"self":[{"href":"https:\/\/www.estrategiaconcursos.com.br\/blog\/wp-json\/wp\/v2\/posts\/746406","targetHints":{"allow":["GET"]}}],"collection":[{"href":"https:\/\/www.estrategiaconcursos.com.br\/blog\/wp-json\/wp\/v2\/posts"}],"about":[{"href":"https:\/\/www.estrategiaconcursos.com.br\/blog\/wp-json\/wp\/v2\/types\/post"}],"author":[{"embeddable":true,"href":"https:\/\/www.estrategiaconcursos.com.br\/blog\/wp-json\/wp\/v2\/users\/1"}],"replies":[{"embeddable":true,"href":"https:\/\/www.estrategiaconcursos.com.br\/blog\/wp-json\/wp\/v2\/comments?post=746406"}],"version-history":[{"count":16,"href":"https:\/\/www.estrategiaconcursos.com.br\/blog\/wp-json\/wp\/v2\/posts\/746406\/revisions"}],"predecessor-version":[{"id":746458,"href":"https:\/\/www.estrategiaconcursos.com.br\/blog\/wp-json\/wp\/v2\/posts\/746406\/revisions\/746458"}],"wp:featuredmedia":[{"embeddable":true,"href":"https:\/\/www.estrategiaconcursos.com.br\/blog\/wp-json\/wp\/v2\/media\/698518"}],"wp:attachment":[{"href":"https:\/\/www.estrategiaconcursos.com.br\/blog\/wp-json\/wp\/v2\/media?parent=746406"}],"wp:term":[{"taxonomy":"category","embeddable":true,"href":"https:\/\/www.estrategiaconcursos.com.br\/blog\/wp-json\/wp\/v2\/categories?post=746406"},{"taxonomy":"post_tag","embeddable":true,"href":"https:\/\/www.estrategiaconcursos.com.br\/blog\/wp-json\/wp\/v2\/tags?post=746406"},{"taxonomy":"tax_estado","embeddable":true,"href":"https:\/\/www.estrategiaconcursos.com.br\/blog\/wp-json\/wp\/v2\/tax_estado?post=746406"}],"curies":[{"name":"wp","href":"https:\/\/api.w.org\/{rel}","templated":true}]}}