{"id":746398,"date":"2021-08-24T18:19:00","date_gmt":"2021-08-24T21:19:00","guid":{"rendered":"https:\/\/www.estrategiaconcursos.com.br\/blog\/?p=746398"},"modified":"2021-08-25T10:38:54","modified_gmt":"2021-08-25T13:38:54","slug":"concurso-crq-ms","status":"publish","type":"post","link":"https:\/\/www.estrategiaconcursos.com.br\/blog\/concurso-crq-ms\/","title":{"rendered":"Concurso CRQ MS: saiu o resultado preliminar da objetiva"},"content":{"rendered":"\n<h3 class=\"wp-block-heading\" id=\"h-sal-rios-de-r-2-1-mil\">Sal\u00e1rios de R$ 2,1 mil!<\/h3>\n\n\n\n<p>Foi divulgado o<a href=\"https:\/\/dhg1h5j42swfq.cloudfront.net\/2021\/08\/25102711\/1_crq-20_processo_seletivo_2021_resultado_preliminar_prova_objetiva.pdf\" target=\"_blank\" rel=\"noreferrer noopener\"> resultado preliminar da prova objetiva<\/a> do\u00a0concurso CRQ MS. Os recursos ser\u00e3o aceitos somente at\u00e9 as 18h desta quarta-feira, 25. A solicita\u00e7\u00e3o deve ser feita por meio do\u00a0Sistema Eletr\u00f4nico de Interposi\u00e7\u00e3o de Recurso, na p\u00e1gina do concurso. O resultado definitivo desta etapa est\u00e1 previsto para ser divulgado no dia 26 de agosto.<\/p>\n\n\n\n<ul id=\"block-ee678516-e9d1-48bd-b327-7b9acd55f0fd\" class=\"has-blush-light-purple-gradient-background has-background wp-block-list\"><li><strong>Concurso CRQ MS<\/strong><\/li><li><strong>Status:<\/strong> resultado preliminar da objetiva<\/li><li><strong>Banca:\u00a0<\/strong>Quadrix<\/li><li><strong>Vagas:\u00a0<\/strong>4 + 56 CR<\/li><li><strong>Sal\u00e1rio inicial:<\/strong>\u00a0R$ 2.112,00 mais benef\u00edcios<\/li><\/ul>\n\n\n\n<p>S\u00e3o ofertadas quatro vagas imediatas, al\u00e9m de outras 56 em cadastro reserva. As oportunidades se distribuem entre ampla concorr\u00eancia, candidatos com defici\u00eancia e pessoas negras, para os cargos de <strong>Agente Administrativo e Fiscal<\/strong> que exigem, respectivamente, forma\u00e7\u00e3o de n\u00edvel m\u00e9dio e m\u00e9dio\/t\u00e9cnico. O sal\u00e1rios s\u00e3o de R$ 2.112,00 mais benef\u00edcios.<\/p>\n\n\n\n<div id=\"boxes\" class=\"container\">\n<div class=\"row\">\n<div class=\"col-sm\">\n<div id=\"box-assinatura\" class=\"\">\n<h3 class=\"titulo-assinatura\">Curso para o concurso CRQ MS<\/h3>\n<p class=\"subtitulo-assinatura\">Conhe\u00e7a os cursos<\/p>\n<div class=\"box-botao\"><a class=\"btn-assinatura\" role=\"button\" href=\"https:\/\/www.estrategiaconcursos.com.br\/cursosPorConcurso\/conselho-regional-de-quimica-20-regiao-crq-ms\/\" target=\"_blank\" rel=\"noopener noreferrer\">Conhe\u00e7a mais<\/a><\/div>\n<\/div>\n<p class=\"texto-auxiliar\"><\/p>\n<\/div>\n<\/div>\n<\/div>\n\n\n\n<p>A fim de te deixar sempre bem informado, elaboramos este artigo com as principais informa\u00e7\u00f5es e novidades sobre o concurso CRQ  MS. Acompanhe os t\u00f3picos abaixo e n\u00e3o perca nenhum detalhe:<\/p>\n\n\n\n<ul class=\"wp-block-list\"><li><a href=\"#situacao\">Situa\u00e7\u00e3o atual do concurso<\/a><ul><li><a href=\"#datas\">Principais datas<\/a><\/li><\/ul><\/li><li><a href=\"#cargos-vagas\">Cargos e vagas<\/a><ul><li><a href=\"#medio\">M\u00e9dio<\/a><\/li><li><a href=\"#tecnico\">T\u00e9cnico<\/a><\/li><\/ul><\/li><li><a href=\"#etapas\">Etapas e provas<\/a><ul><li><a href=\"#objetiva\">Prova objetiva<\/a><\/li><\/ul><\/li><li><a href=\"#ultimo-concurso\">\u00daltimo concurso<\/a><ul><li><a href=\"#cargos-ofertados\">Cargos ofertados<\/a><\/li><li><a href=\"#etapas-ultimo\">Etapas e provas<\/a><\/li><\/ul><\/li><li><a href=\"#cursos-assinatura\">Cursos e assinaturas<\/a><\/li><li><a href=\"#ficha-tecnica\">Ficha t\u00e9cnica<\/a><\/li><\/ul>\n\n\n\n<h2 class=\"wp-block-heading\" id=\"situacao\">Situa\u00e7\u00e3o atual do concurso CRQ MS<\/h2>\n\n\n\n<h3 class=\"wp-block-heading\" id=\"datas\">Principais datas<\/h3>\n\n\n\n<p class=\"has-very-light-gray-background-color has-background\"><strong>Inscri\u00e7\u00f5es<\/strong>: <s>02 de junho a 12 de julho<\/s><br \/><strong>Isen\u00e7\u00e3o da taxa<\/strong>: <s>02 a 07 de junho<\/s><br \/><strong>\u00daltimo dia para pagamento<\/strong>: <s>14 de julho<\/s><br \/><strong>Prova<\/strong>: <s>1\u00ba de agosto<\/s><\/p>\n\n\n\n<h2 class=\"wp-block-heading\" id=\"cargos-vagas\">Cargos e vagas do <strong>concurso<\/strong> CRQ MS<\/h2>\n\n\n\n<p>O CRQ-MS oferecer\u00e1 aos candidatos admitidos por meio deste Processo Seletivo, desde que preenchidos os requisitos legais, os seguintes benef\u00edcios:<\/p>\n\n\n\n<ul class=\"wp-block-list\"><li>a) Aux\u00edlio-alimenta\u00e7\u00e3o, no valor de R$ 458,00 por m\u00eas; <\/li><li>b) Assist\u00eancia \u00e0 sa\u00fade (ressarcimento), nos temos da Portaria MPOG n\u00ba 08\/2016; <\/li><li>c) Vale transporte, conforme legisla\u00e7\u00e3o; e<\/li><li>d) Plano de Cargos e Sal\u00e1rios.<\/li><\/ul>\n\n\n\n<h3 class=\"wp-block-heading\" id=\"medio\">Ensino m\u00e9dio<\/h3>\n\n\n\n<figure class=\"wp-block-table is-style-stripes\"><table class=\"has-subtle-pale-blue-background-color has-fixed-layout has-background\"><thead><tr><th class=\"has-text-align-center\" data-align=\"center\">CARGOS<\/th><th class=\"has-text-align-center\" data-align=\"center\">VAGAS<\/th><th class=\"has-text-align-center\" data-align=\"center\">SAL\u00c1RIO<\/th><\/tr><\/thead><tbody><tr><td class=\"has-text-align-center\" data-align=\"center\">Agente Administrativo<\/td><td class=\"has-text-align-center\" data-align=\"center\">2 + 28 CR<\/td><td class=\"has-text-align-center\" data-align=\"center\">R$ 2.112,00 + benef\u00edcios<\/td><\/tr><\/tbody><\/table><figcaption><strong>Tabela de cargos, vagas e remunera\u00e7\u00f5es<\/strong><\/figcaption><\/figure>\n\n\n\n<p><strong>Requisitos<\/strong>: Certificado, devidamente registrado, de conclus\u00e3o de curso de ensino m\u00e9dio, fornecido por institui\u00e7\u00e3o de ensino reconhecida pelo Minist\u00e9rio da Educa\u00e7\u00e3o(MEC). Carteira Nacional de Habilita\u00e7\u00e3o no m\u00ednimo Categoria \u201cB\u201d, conforme Artigos 143 e 147 do C\u00f3digo Nacional de Tr\u00e2nsito e Resolu\u00e7\u00f5es 168\/2004 e 285\/2008, do CONTRAN, com pontua\u00e7\u00e3o que permita, nos termos da legisla\u00e7\u00e3o de tr\u00e2nsito, o pleno exerc\u00edcio do direito de dirigir. Disponibilidade para viagens.<\/p>\n\n\n\n<h3 class=\"wp-block-heading\" id=\"tecnico\">N\u00edvel t\u00e9cnico<\/h3>\n\n\n\n<figure class=\"wp-block-table is-style-stripes\"><table class=\"has-subtle-pale-blue-background-color has-fixed-layout has-background\"><thead><tr><th class=\"has-text-align-center\" data-align=\"center\">CARGOS<\/th><th class=\"has-text-align-center\" data-align=\"center\">VAGAS<\/th><th class=\"has-text-align-center\" data-align=\"center\">SAL\u00c1RIO<\/th><\/tr><\/thead><tbody><tr><td class=\"has-text-align-center\" data-align=\"center\">Fiscal<\/td><td class=\"has-text-align-center\" data-align=\"center\">2 + 28 CR<\/td><td class=\"has-text-align-center\" data-align=\"center\">R$ 2.112,00 + benef\u00edcios<\/td><\/tr><\/tbody><\/table><figcaption><strong>Tabela de cargos, vagas e remunera\u00e7\u00f5es<\/strong><\/figcaption><\/figure>\n\n\n\n<p><strong>Requisitos<\/strong>: Certificado, devidamente registrado, de conclus\u00e3o de curso de n\u00edvel m\u00e9dio t\u00e9cnico (Ensino m\u00e9dio completo e habilita\u00e7\u00e3o t\u00e9cnica) em uma das profiss\u00f5es abrangidas pelo sistema CFQ\/CRQ\u2019s, fornecido por institui\u00e7\u00e3o de ensino reconhecida pelo Minist\u00e9rio da Educa\u00e7\u00e3o (MEC). Carteira Nacional de Habilita\u00e7\u00e3o no m\u00ednimo Categoria \u201cB\u201d, conforme Artigos 143 e 147 do C\u00f3digo Nacional de Tr\u00e2nsito e Resolu\u00e7\u00f5es 168\/2004 e 285\/2008, do CONTRAN, com pontua\u00e7\u00e3o que permita, nos termos da legisla\u00e7\u00e3o de tr\u00e2nsito, o pleno exerc\u00edcio do direito de dirigir. Registro Profissional no Conselho Regional de Qu\u00edmica em situa\u00e7\u00e3o regular. Disponibilidade para viagens.<\/p>\n\n\n\n<h2 class=\"wp-block-heading\" id=\"etapas\">Etapas e provas<\/h2>\n\n\n\n<p>O processo seletivo do CRQ MS ser\u00e1 constitu\u00eddo de apenas uma etapa, sendo ela uma Prova Objetiva. A referida avalia\u00e7\u00e3o ter\u00e1 dura\u00e7\u00e3o de 3 horas e ser\u00e1 aplicada na <strong>data prov\u00e1vel de 1\u00ba de agosto de 2021<\/strong>, no turno da tarde.<\/p>\n\n\n\n<h3 class=\"wp-block-heading\" id=\"objetiva\">Provas Objetivas<\/h3>\n\n\n\n<p>A prova objetiva ser\u00e1 composta de 50 quest\u00f5es de m\u00faltipla escolha, com cinco alternativas para escolha de uma \u00fanica resposta. A pontua\u00e7\u00e3o total m\u00e1xima ser\u00e1 de 100,00 pontos; cujo car\u00e1ter ser\u00e1 eliminat\u00f3rio e classificat\u00f3rio.<\/p>\n\n\n\n<ul class=\"wp-block-list\"><li><strong>Conhecimentos B\u00e1sicos:<\/strong><ul><li><em>L\u00edngua Portuguesa &#8211; 10<\/em><\/li><li><em>Racioc\u00ednio L\u00f3gico e Matem\u00e1tico &#8211; 5<\/em><\/li><li><em>No\u00e7\u00f5es de Inform\u00e1tica &#8211; 5<\/em><\/li><\/ul><\/li><li><strong>Conhecimentos Espec\u00edficos:<\/strong><ul><li><em>Atualidades &#8211; 5<\/em><\/li><li><em>\u00c9tica no Servi\u00e7o P\u00fablico &#8211; 5<\/em><\/li><li><em>Conhecimentos Espec\u00edficos do cargo &#8211; 20<\/em><\/li><\/ul><\/li><\/ul>\n\n\n\n<p>Ser\u00e1 aprovado na prova objetiva do processo do CRQ MS o candidato que, cumulativamente: <\/p>\n\n\n\n<p class=\"has-background\" style=\"background-color:#eeeeee\"><strong>a)<\/strong> obtiver nota igual ou superior a 25,00 pontos na \u00e1rea de Conhecimentos B\u00e1sicos;<br \/><strong>b) <\/strong>obtiver nota igual ou superior a 25,00 pontos na \u00e1rea de Conhecimentos Espec\u00edficos.<\/p>\n\n\n\n<h2 class=\"wp-block-heading\" id=\"ultimo-concurso\"><strong>\u00daltimo concurso<\/strong> CRQ MS<\/h2>\n\n\n\n<p>O&nbsp;\u00faltimo concurso CRQ MS foi realizado em 2014. Na ocasi\u00e3o foram ofertadas 4 vagas mais oportunidades para forma\u00e7\u00e3o de cadastro de reserva para os cargos de Agente Administrativo, Agente Fiscal, Advogado e Analista Administrativo. As remunera\u00e7\u00f5es oferecidas variaram entre R$ 743,33 e R$ 1.805,03. Confira a distribui\u00e7\u00e3o das vagas abaixo:<\/p>\n\n\n\n<ul class=\"wp-block-list\"><li>Agente Administrativo (n\u00edvel m\u00e9dio): 2 vagas + CR &#8211; remunera\u00e7\u00e3o inicial de R$ 743,33<\/li><li>Agente Fiscal (n\u00edvel m\u00e9dio\/t\u00e9cnico): 1 vaga + CR &#8211; remunera\u00e7\u00e3o inicial de R$ 1.380,47<\/li><li>Advogado (n\u00edvel superior): apenas CR &#8211; remunera\u00e7\u00e3o inicial de R$ 1.805,03<\/li><li>Analista Administrativo (n\u00edvel superior): 1 vaga + CR &#8211; remunera\u00e7\u00e3o inicial de R$ 1.380,47<\/li><\/ul>\n\n\n\n<h3 class=\"wp-block-heading\" id=\"cargos-ofertados\">Cargos ofertados<\/h3>\n\n\n\n<h4 class=\"wp-block-heading\" id=\"h-agente-administrativo\">Agente Administrativo<\/h4>\n\n\n\n<p id=\"h-requisitos\"><strong>Requisitos<\/strong>: Possuir certificado, devidamente registrado, de conclus\u00e3o de curso de ensino m\u00e9dio (antigo segundo grau) ou equivalente, fornecido por institui\u00e7\u00e3o de ensino reconhecida pelo Minist\u00e9rio da Educa\u00e7\u00e3o (MEC). Carteira Nacional de Habilita\u00e7\u00e3o no m\u00ednimo Categoria \u201cB\u201d. Disponibilidade para viagens.<\/p>\n\n\n\n<p id=\"h-atribui-es-executar-servi-os-de-apoio-nas-reas-e-departamentos-do-rg-o-prestar-suporte-e-apoio-aos-demais-cargos-quando-solicitado-prestar-atendimento-ao-p-blico-em-geral-proceder-a-abertura-do-processo-administrativo-e-encaminhar-ao-setor-competente-tratar-de-documentos-variados-arquivando-e-digitalizando-auxiliar-nos-plant-es-de-atendimento-atualizando-as-informa-es-cadastrais-no-sistema-de-informa-o-cumprir-todo-o-procedimento-necess-rio-referente-aos-itens-anteriores-integrar-comiss-o-de-processo-administrativo-disciplinar-salvo-quando-os-cargos-anteriores-n-o-compuserem-total-m-nimo-necess-rio\"><strong>Atribui\u00e7\u00f5es<\/strong>: Executar servi\u00e7os de apoio nas \u00e1reas e departamentos do \u00f3rg\u00e3o; prestar suporte e apoio aos demais cargos quando solicitado; prestar atendimento ao p\u00fablico em geral; proceder a abertura do processo administrativo e encaminhar ao setor competente, tratar de documentos variados, arquivando e digitalizando; auxiliar nos plant\u00f5es de atendimento, atualizando as informa\u00e7\u00f5es cadastrais no sistema de informa\u00e7\u00e3o; cumprir todo o procedimento necess\u00e1rio referente aos itens anteriores. Integrar comiss\u00e3o de processo administrativo disciplinar, salvo quando os cargos anteriores n\u00e3o compuserem total m\u00ednimo necess\u00e1rio.<\/p>\n\n\n\n<h4 class=\"wp-block-heading\" id=\"h-agente-fiscal\">Agente Fiscal<\/h4>\n\n\n\n<p id=\"h-requisitos-possuir-certificado-devidamente-registrado-de-conclus-o-de-curso-de-ensino-m-dio-antigo-segundo-grau-ou-equivalente-t-cnico-em-qu-mica-fornecido-por-institui-o-de-ensino-reconhecida-pelo-minist-rio-da-educa-o-mec-carteira-nacional-de-habilita-o-no-m-nimo-categoria-b-disponibilidade-para-viagens\"><strong>Requisitos<\/strong>: Possuir certificado, devidamente registrado, de conclus\u00e3o de curso de ensino m\u00e9dio (antigo segundo grau) ou equivalente, t\u00e9cnico em Qu\u00edmica, fornecido por institui\u00e7\u00e3o de ensino reconhecida pelo Minist\u00e9rio da Educa\u00e7\u00e3o (MEC). Carteira Nacional de Habilita\u00e7\u00e3o no m\u00ednimo Categoria \u201cB\u201d. Disponibilidade para viagens.<\/p>\n\n\n\n<p id=\"h-atribui-es-executar-servi-os-de-apoio-nas-reas-e-departamentos-do-rg-o-prestar-suporte-e-apoio-aos-demais-cargos-quando-solicitado-prestar-atendimento-ao-p-blico-em-geral-proceder-a-abertura-do-processo-administrativo-e-encaminhar-ao-setor-competente-tratar-de-documentos-variados-arquivando-e-digitalizando-auxiliar-nos-plant-es-de-atendimento-atualizando-as-informa-es-cadastrais-no-sistema-de-informa-o-cumprir-todo-o-procedimento-necess-rio-referente-aos-itens-anteriores-integrar-comiss-o-de-processo-administrativo-disciplinar-salvo-quando-os-cargos-anteriores-n-o-compuserem-total-m-nimo-necess-rio\"><strong>Atribui\u00e7\u00f5es<\/strong>: Executar servi\u00e7os de apoio nas \u00e1reas e departamentos do \u00f3rg\u00e3o; prestar suporte e apoio aos demais cargos quando solicitado; prestar atendimento ao p\u00fablico em geral; proceder a abertura do processo administrativo e encaminhar ao setor competente, tratar de documentos variados, arquivando e digitalizando; auxiliar nos plant\u00f5es de atendimento, atualizando as informa\u00e7\u00f5es cadastrais no sistema de informa\u00e7\u00e3o; cumprir todo o procedimento necess\u00e1rio referente aos itens anteriores. Integrar comiss\u00e3o de processo administrativo disciplinar, salvo quando os cargos anteriores n\u00e3o compuserem total m\u00ednimo necess\u00e1rio.<\/p>\n\n\n\n<h4 class=\"wp-block-heading\" id=\"h-advogado\">Advogado<\/h4>\n\n\n\n<p id=\"h-requisitos-diploma-ou-certificado-devidamente-registrado-de-conclus-o-de-curso-de-gradua-o-de-n-vel-superior-em-direito-fornecido-por-institui-o-de-ensino-superior-reconhecida-pelo-minist-rio-da-educa-o-mec-carteira-nacional-de-habilita-o-no-m-nimo-categoria-b-disponibilidade-para-viagens-inscri-o-no-respectivo-conselho-de-classe\"><strong>Requisitos<\/strong>: Diploma ou certificado, devidamente registrado, de conclus\u00e3o de curso de gradua\u00e7\u00e3o de n\u00edvel superior em Direito, fornecido por institui\u00e7\u00e3o de ensino superior reconhecida pelo Minist\u00e9rio da Educa\u00e7\u00e3o (MEC). Carteira Nacional de Habilita\u00e7\u00e3o no m\u00ednimo Categoria \u201cB\u201d. Disponibilidade para viagens. Inscri\u00e7\u00e3o no respectivo Conselho de Classe.<\/p>\n\n\n\n<p id=\"h-atribui-es-superintender-e-coordenar-as-atividades-jur-dicas-do-rg-o-representar-o-rg-o-junto-ao-poder-judici-rio-em-qualquer-grau-defender-o-rg-o-nas-a-es-diretas-a-norma-legal-ou-ato-normativo-impugnados-apresentar-relat-rio-anual-com-as-informa-es-dos-processos-em-tramite-na-justi-a-desistir-transigir-acordar-e-firmar-compromisso-nas-a-es-de-interesse-assessorar-os-departamentos-o-presidente-e-a-diretoria-em-assuntos-de-natureza-jur-dica-elaborando-pareceres-e-estudos-ou-propondo-normas-medidas-e-diretrizes-assistir-o-presidente-no-controle-interno-da-legalidade-dos-atos-da-administra-o-sugerir-ao-presidente-medidas-de-car-ter-jur-dico-reclamado-pelo-interesse-p-blico-fixar-a-interpreta-o-da-constitui-o-das-leis-dos-tratados-e-demais-atos-normativos-a-ser-uniformemente-seguida-pelos-rg-os-e-entidades-da-administra-o-federal-unificar-a-jurisprud-ncia-administrativa-garantir-a-correta-aplica-o-das-leis-prevenir-e-dirimir-as-controversas-entre-os-rg-os-jur-dicos-da-administra-o-federal-elaborar-editais-de-licita-o-convoca-o-e-s-mula-administrativa-exercer-orienta-o-normativa-e-supervis-o-t-cnica-quanto-aos-demais-departamentos-proferir-parecer-para-as-decis-es-nas-sindic-ncias-e-nos-processos-administrativos-disciplinares-salvo-a-de-demiss-o-editar-e-praticar-os-atos-normativos-inerentes-a-suas-atribui-es-profissionais\"><strong>Atribui\u00e7\u00f5es<\/strong>: Superintender e coordenar as atividades jur\u00eddicas do \u00f3rg\u00e3o; representar o \u00f3rg\u00e3o junto ao poder judici\u00e1rio em qualquer grau; defender o \u00f3rg\u00e3o, nas a\u00e7\u00f5es diretas a norma legal ou ato normativo, impugnados; apresentar relat\u00f3rio anual com as informa\u00e7\u00f5es dos processos em tramite na justi\u00e7a; desistir, transigir, acordar e firmar compromisso nas a\u00e7\u00f5es de interesse; assessorar os departamentos, o Presidente e a Diretoria em assuntos de natureza jur\u00eddica, elaborando pareceres e estudos ou propondo normas, medidas e diretrizes; assistir o Presidente no controle interno da legalidade dos atos da Administra\u00e7\u00e3o; sugerir ao Presidente medidas de car\u00e1ter jur\u00eddico reclamado pelo interesse p\u00fablico; fixar a interpreta\u00e7\u00e3o da Constitui\u00e7\u00e3o, das leis, dos tratados e demais atos normativos, a ser uniformemente seguida pelos \u00f3rg\u00e3os e entidades da Administra\u00e7\u00e3o Federal; unificar a jurisprud\u00eancia administrativa, garantir a correta aplica\u00e7\u00e3o das leis, prevenir e dirimir as controversas entre os \u00f3rg\u00e3os jur\u00eddicos da Administra\u00e7\u00e3o Federal; elaborar editais de licita\u00e7\u00e3o, convoca\u00e7\u00e3o, e s\u00famula administrativa; exercer orienta\u00e7\u00e3o normativa e supervis\u00e3o t\u00e9cnica quanto aos demais Departamentos; proferir parecer para as decis\u00f5es nas sindic\u00e2ncias e nos processos administrativos disciplinares salvo a de demiss\u00e3o; editar e praticar os atos normativos inerentes a suas atribui\u00e7\u00f5es profissionais.<\/p>\n\n\n\n<h4 class=\"wp-block-heading\" id=\"h-analista-administrativo\">Analista Administrativo<\/h4>\n\n\n\n<p id=\"h-requisitos-possuir-certificado-devidamente-registrado-de-conclus-o-de-curso-de-gradua-o-de-n-vel-superior-em-administra-o-contabilidade-ou-direito-fornecido-por-institui-o-de-ensino-reconhecida-pelo-minist-rio-da-educa-o-mec-carteira-nacional-de-habilita-o-no-m-nimo-categoria-b-disponibilidade-para-viagens-inscri-o-no-respectivo-conselho-de-classe\"><strong>Requisitos<\/strong>: Possuir certificado, devidamente registrado, de conclus\u00e3o de curso de gradua\u00e7\u00e3o de n\u00edvel superior em Administra\u00e7\u00e3o, Contabilidade, ou Direito, fornecido por institui\u00e7\u00e3o de ensino reconhecida pelo Minist\u00e9rio da Educa\u00e7\u00e3o (MEC). Carteira Nacional de Habilita\u00e7\u00e3o no m\u00ednimo Categoria \u201cB\u201d. Disponibilidade para viagens. Inscri\u00e7\u00e3o no respectivo Conselho de Classe.<\/p>\n\n\n\n<p id=\"h-atribui-es-apurar-a-constitui-o-do-lan-amento-do-cr-dito-tribut-rio-e-de-contribui-es-do-rg-o-emitir-parecer-propor-procedimentos-ou-emendas-aos-j-existentes-bem-como-e-proferir-decis-es-ou-delas-participar-em-processo-administrativo-elaborar-os-demonstrativos-financeiros-do-rg-o-e-ainda-examinar-os-demonstrativos-da-contabilidade-a-tamb-m-de-se-fazer-verifica-es-nos-lan-amentos-proceder-a-orienta-o-do-sujeito-passivo-no-tocante-interpreta-o-da-legisla-o-exercer-atividades-de-natureza-t-cnica-e-assessorias-lavrar-termo-de-revelia-e-de-peremp-o-analisar-o-desempenho-do-processo-de-arrecada-o-conforme-previs-o-or-ament-ria-analisar-pedido-de-retifica-o-de-documento-e-ou-de-arrecada-o-executar-atividades-de-suporte-reas-de-tecnologia-da-informa-o-elaborar-editais-de-licita-es-minutas-de-contratos-solicita-es-de-material-patrim-nio-recursos-humanos-e-servi-os-gerais-integrar-comiss-o-de-processo-administrativo-disciplinar\"><strong>Atribui\u00e7\u00f5es<\/strong>: Apurar a constitui\u00e7\u00e3o do lan\u00e7amento do cr\u00e9dito tribut\u00e1rio e de contribui\u00e7\u00f5es do \u00f3rg\u00e3o; emitir parecer, Propor procedimentos ou emendas aos j\u00e1 existentes, bem como e proferir decis\u00f5es ou delas participar em processo administrativo; elaborar os demonstrativos financeiros do \u00f3rg\u00e3o e ainda Examinar os demonstrativos da contabilidade a tamb\u00e9m de se fazer verifica\u00e7\u00f5es nos lan\u00e7amentos; proceder a orienta\u00e7\u00e3o do sujeito passivo no tocante \u00e1 interpreta\u00e7\u00e3o da legisla\u00e7\u00e3o; exercer atividades de natureza t\u00e9cnica e assessorias; lavrar termo de revelia e de peremp\u00e7\u00e3o; analisar o desempenho do processo de arrecada\u00e7\u00e3o conforme previs\u00e3o or\u00e7ament\u00e1ria; analisar pedido de retifica\u00e7\u00e3o de documento e\\ou de arrecada\u00e7\u00e3o; executar atividades de suporte \u00e1reas de tecnologia da informa\u00e7\u00e3o; elaborar editais de licita\u00e7\u00f5es, minutas de contratos, solicita\u00e7\u00f5es de material, patrim\u00f4nio, Recursos humanos e servi\u00e7os gerais; integrar comiss\u00e3o de processo administrativo disciplinar.<\/p>\n\n\n\n<h3 class=\"wp-block-heading\" id=\"etapas-ultimo\">Etapas e provas<\/h3>\n\n\n\n<p>Os candidatos \u00e0s vagas ofertadas no \u00faltimo certame foram submetidos apenas \u00e0 uma Prova Objetiva, de car\u00e1ter eliminat\u00f3rio e classificat\u00f3rio.<\/p>\n\n\n\n<h4 class=\"wp-block-heading\">Prova Objetiva<\/h4>\n\n\n\n<p>A Prova Objetiva para ambos os cargos do \u00faltimo concurso CRQ MS foi composta de quest\u00f5es de m\u00faltipla escolha, com 5 alternativas para escolha de uma \u00fanica resposta e pontua\u00e7\u00e3o total variando entre o m\u00ednimo de 0 e o m\u00e1ximo de 100 pontos.<\/p>\n\n\n\n<div class=\"wp-block-image\"><figure class=\"aligncenter size-large\"><img loading=\"lazy\" decoding=\"async\" width=\"621\" height=\"120\" src=\"https:\/\/dhg1h5j42swfq.cloudfront.net\/2021\/05\/20164422\/capturar2.png\" alt=\"\" class=\"wp-image-746460\" srcset=\"https:\/\/dhg1h5j42swfq.cloudfront.net\/2021\/05\/20164422\/capturar2.png 621w, https:\/\/dhg1h5j42swfq.cloudfront.net\/2021\/05\/20164422\/capturar2-300x58.png 300w, https:\/\/dhg1h5j42swfq.cloudfront.net\/2021\/05\/20164422\/capturar2-610x118.png 610w\" sizes=\"auto, (max-width: 621px) 100vw, 621px\" \/><\/figure><\/div>\n\n\n\n<hr class=\"wp-block-separator\"\/>\n\n\n\n<h2 class=\"has-text-align-center wp-block-heading\" id=\"cursos-assinatura\">Quer estudar para o concurso CRQ MS?<\/h2>\n\n\n\n<div id=\"boxes\" class=\"container\">\n<div class=\"row\">\n<div class=\"col-sm\">\n<div id=\"box-assinatura\" class=\"\">\n<h3 class=\"titulo-assinatura\">Curso para o concurso CRQ MS<\/h3>\n<p class=\"subtitulo-assinatura\">Conhe\u00e7a os cursos<\/p>\n<div class=\"box-botao\"><a class=\"btn-assinatura\" role=\"button\" href=\"https:\/\/www.estrategiaconcursos.com.br\/cursosPorConcurso\/conselho-regional-de-quimica-20-regiao-crq-ms\/\" target=\"_blank\" rel=\"noopener noreferrer\">Conhe\u00e7a mais<\/a><\/div>\n<\/div>\n<p class=\"texto-auxiliar\"><\/p>\n<\/div>\n<\/div>\n<\/div>\n\n\n\n<div class=\"container\" id=\"boxes\">\n  <div class=\"row\">\n\n    <div class=\"col-sm\">\n      <div class=\"estrategia\" id=\"box-assinatura\">\n        <h3 class=\"titulo-assinatura\">Assinatura Concursos<\/h3>\n        <p class=\"subtitulo-assinatura\">Assinatura de 1 ano ou 2 anos<\/p>\n        <div class=\"box-botao\">\n          <a class=\"btn-assinatura\" target=\"_blank\" href=\"https:\/\/www.estrategiaconcursos.com.br\/assinaturas\/\" role=\"button\" rel=\"noopener noreferrer\">ASSINE AGORA<\/a>\n        <\/div>\n      <\/div>\n     \n    <\/div><\/div><\/div>\n\n\n\n<div class=\"container\" id=\"boxes\">\n  <div class=\"row\">\n\n    <div class=\"col-sm\" id=\"boxes-concursos\">\n      <div style=\"background-color: #005DAD;\" class=\"conteudo-concursos\" id=\"box-concursos\">\n        <h3 class=\"titulo-assinatura\">Concursos Abertos<\/h3>\n        <p class=\"subtitulo-assinatura\">Os editais publicados<\/p>\n        <div class=\"box-botao\">\n          <a class=\"btn-assinatura\" target=\"_blank\" href=\"https:\/\/www.estrategiaconcursos.com.br\/blog\/concursos-abertos\/\" role=\"button\" rel=\"noopener noreferrer\">Conhe\u00e7a Agora<\/a>\n        <\/div>\n      <\/div>\n    <\/div>\n\n    <div class=\"col-sm\" id=\"boxes-concursos\">\n      <div style=\"background-color: #1A7ED5;\" class=\"conteudo-concursos\" id=\"box-concursos\">\n        <h3 class=\"titulo-assinatura\">Concursos 2021<\/h3>\n        <p class=\"subtitulo-assinatura\">As oportunidades previstas<\/p>\n        <div class=\"box-botao\">\n          <a class=\"btn-assinatura\" target=\"_blank\" href=\"https:\/\/www.estrategiaconcursos.com.br\/blog\/concursos-2021\/\" role=\"button\" rel=\"noopener noreferrer\">Conhe\u00e7a Agora<\/a>\n        <\/div>\n      <\/div>\n    <\/div>\n\n    <div class=\"col-sm\" id=\"boxes-concursos\">\n      <div style=\"background-color: #419FF0;\" class=\"conteudo-concursos\" id=\"box-concursos\">\n        <h3 class=\"titulo-assinatura\">Concursos 2022<\/h3>\n        <p class=\"subtitulo-assinatura\">Vagas para o pr\u00f3ximo ano<\/p>\n        <div class=\"box-botao\">\n          <a class=\"btn-assinatura\" target=\"_blank\" href=\"https:\/\/www.estrategiaconcursos.com.br\/blog\/concursos-2022\/\" role=\"button\" rel=\"noopener noreferrer\">Conhe\u00e7a Agora<\/a>\n        <\/div>\n      <\/div>\n    <\/div>\n\n  <\/div>\n<\/div>\n\n\n\n<figure class=\"wp-block-image size-large is-resized\"><img loading=\"lazy\" decoding=\"async\" src=\"https:\/\/dhg1h5j42swfq.cloudfront.net\/2021\/03\/27101326\/ficha-tecnica-1-1024x632.png\" alt=\"Ficha do concurso CRQ MS\" class=\"wp-image-702736\" width=\"296\" height=\"182\" srcset=\"https:\/\/dhg1h5j42swfq.cloudfront.net\/2021\/03\/27101326\/ficha-tecnica-1-1024x632.png 1024w, https:\/\/dhg1h5j42swfq.cloudfront.net\/2021\/03\/27101326\/ficha-tecnica-1-300x185.png 300w, https:\/\/dhg1h5j42swfq.cloudfront.net\/2021\/03\/27101326\/ficha-tecnica-1-768x474.png 768w, https:\/\/dhg1h5j42swfq.cloudfront.net\/2021\/03\/27101326\/ficha-tecnica-1-1536x948.png 1536w, https:\/\/dhg1h5j42swfq.cloudfront.net\/2021\/03\/27101326\/ficha-tecnica-1-610x377.png 610w, https:\/\/dhg1h5j42swfq.cloudfront.net\/2021\/03\/27101326\/ficha-tecnica-1.png 1571w\" sizes=\"auto, (max-width: 296px) 100vw, 296px\" \/><\/figure>\n\n\n\n<h3 class=\"wp-block-heading\" id=\"ficha-tecnica\">Informa\u00e7\u00f5es do <strong>concurso CRQ MS<\/strong><\/h3>\n\n\n\n<ul class=\"wp-block-list\"><li><strong>Prova<\/strong>: <s>1\u00ba\/08<\/s><\/li><li><strong>Vagas:&nbsp;<\/strong>4 + 56 CR<\/li><li><strong>Cargos<\/strong>: Agente Administrativo e Fiscal<\/li><li><strong>Lota\u00e7\u00f5es:&nbsp;<\/strong>Campo Grande<\/li><li><strong>Remunera\u00e7\u00e3o inicial:<\/strong>&nbsp;R$ 2.112,00<\/li><li><strong>Banca: <\/strong>Instituto Quadrix<\/li><li><strong>Escolaridade<\/strong>: N\u00edvel m\u00e9dio e t\u00e9cnico<\/li><li><strong>Edital<\/strong>: <a href=\"https:\/\/dhg1h5j42swfq.cloudfront.net\/2021\/06\/03085344\/3_crq-20_processo_seletivo_2021_edital_1.pdf\" target=\"_blank\" rel=\"noreferrer noopener nofollow\">PSS CRQ MS<\/a><\/li><\/ul>\n\n\n\n<h3 class=\"wp-block-heading\">Informa\u00e7\u00f5es do \u00faltimo <strong>concurso CRQ MS<\/strong><\/h3>\n\n\n\n<ul class=\"wp-block-list\"><li><strong>Vagas:&nbsp;<\/strong>4 + CR<\/li><li><strong>Lota\u00e7\u00f5es:&nbsp;<\/strong>Campo Grande<\/li><li><strong>Remunera\u00e7\u00e3o inicial:<\/strong>&nbsp;R$ 2.112,00<\/li><li><strong>Banca: <\/strong>Instituto Quadrix<\/li><li><strong>Edital:<\/strong> <a href=\"https:\/\/www2.quadrix.org.br\/resources\/1\/concursos\/CRQ20\/CRQ20_concurso_publico_2014_edital_v1.pdf\" target=\"_blank\" rel=\"noreferrer noopener nofollow\">\u00daltimo CRQ MS<\/a><\/li><\/ul>\n\n\n\n<p><\/p>\n","protected":false},"excerpt":{"rendered":"<p>Sal\u00e1rios de R$ 2,1 mil! Foi divulgado o resultado preliminar da prova objetiva do\u00a0concurso CRQ MS. Os recursos ser\u00e3o aceitos somente at\u00e9 as 18h desta quarta-feira, 25. A solicita\u00e7\u00e3o deve ser feita por meio do\u00a0Sistema Eletr\u00f4nico de Interposi\u00e7\u00e3o de Recurso, na p\u00e1gina do concurso. O resultado definitivo desta etapa est\u00e1 previsto para ser divulgado no [&hellip;]<\/p>\n","protected":false},"author":1,"featured_media":768836,"comment_status":"open","ping_status":"closed","sticky":false,"template":"","format":"standard","meta":{"post_tipo":"news_page","footnotes":""},"categories":[214992],"tags":[],"tax_estado":[219975],"class_list":["post-746398","post","type-post","status-publish","format-standard","has-post-thumbnail","hentry","category-concursos-administrativos","tax_estado-ms"],"acf":[],"yoast_head":"<!-- This site is optimized with the Yoast SEO Premium plugin v27.2 (Yoast SEO v27.2) - https:\/\/yoast.com\/product\/yoast-seo-premium-wordpress\/ -->\n<title>Concurso CRQ MS: saiu o resultado preliminar da objetiva<\/title>\n<meta name=\"description\" content=\"Concurso CRQ MS: resultado preliminar da objetiva. S\u00e3o ofertadas quatro vagas imediatas, al\u00e9m de outras 56 em cadastro reserva. Saiba mais!\" \/>\n<meta name=\"robots\" content=\"index, follow, max-snippet:-1, max-image-preview:large, max-video-preview:-1\" \/>\n<link rel=\"canonical\" href=\"https:\/\/www.estrategiaconcursos.com.br\/blog\/concurso-crq-ms\/\" \/>\n<meta property=\"og:locale\" content=\"pt_BR\" \/>\n<meta property=\"og:type\" content=\"article\" \/>\n<meta property=\"og:title\" content=\"Concurso CRQ MS: saiu o resultado preliminar da objetiva\" \/>\n<meta property=\"og:description\" content=\"Concurso CRQ MS: resultado preliminar da objetiva. S\u00e3o ofertadas quatro vagas imediatas, al\u00e9m de outras 56 em cadastro reserva. Saiba mais!\" \/>\n<meta property=\"og:url\" content=\"https:\/\/www.estrategiaconcursos.com.br\/blog\/concurso-crq-ms\/\" \/>\n<meta property=\"og:site_name\" content=\"Estrat\u00e9gia Concursos\" \/>\n<meta property=\"article:author\" content=\"https:\/\/www.facebook.com\/EstrategiaConcursos\" \/>\n<meta property=\"article:published_time\" content=\"2021-08-24T21:19:00+00:00\" \/>\n<meta property=\"article:modified_time\" content=\"2021-08-25T13:38:54+00:00\" \/>\n<meta property=\"og:image\" content=\"https:\/\/dhg1h5j42swfq.cloudfront.net\/2021\/06\/16170456\/crq-ms.jpeg\" \/>\n\t<meta property=\"og:image:width\" content=\"768\" \/>\n\t<meta property=\"og:image:height\" content=\"432\" \/>\n\t<meta property=\"og:image:type\" content=\"image\/jpeg\" \/>\n<meta name=\"author\" content=\"Coordena\u00e7\u00e3o\" \/>\n<meta name=\"twitter:card\" content=\"summary_large_image\" \/>\n<meta name=\"twitter:creator\" content=\"@EstratConcursos\" \/>\n<meta name=\"twitter:site\" content=\"@EstratConcursos\" \/>\n<meta name=\"twitter:label1\" content=\"Escrito por\" \/>\n\t<meta name=\"twitter:data1\" content=\"Coordena\u00e7\u00e3o\" \/>\n\t<meta name=\"twitter:label2\" content=\"Est. tempo de leitura\" \/>\n\t<meta name=\"twitter:data2\" content=\"8 minutos\" \/>\n<script type=\"application\/ld+json\" class=\"yoast-schema-graph\">{\"@context\":\"https:\/\/schema.org\",\"@graph\":[{\"@type\":\"NewsArticle\",\"@id\":\"https:\/\/www.estrategiaconcursos.com.br\/blog\/concurso-crq-ms\/#article\",\"isPartOf\":{\"@id\":\"https:\/\/www.estrategiaconcursos.com.br\/blog\/concurso-crq-ms\/\"},\"author\":{\"name\":\"Coordena\u00e7\u00e3o\",\"@id\":\"https:\/\/www.estrategiaconcursos.com.br\/blog\/#\/schema\/person\/b4a388c97673c5f483d72185668afa1f\"},\"headline\":\"Concurso CRQ MS: saiu o resultado preliminar da objetiva\",\"datePublished\":\"2021-08-24T21:19:00+00:00\",\"dateModified\":\"2021-08-25T13:38:54+00:00\",\"mainEntityOfPage\":{\"@id\":\"https:\/\/www.estrategiaconcursos.com.br\/blog\/concurso-crq-ms\/\"},\"wordCount\":1821,\"commentCount\":0,\"publisher\":{\"@id\":\"https:\/\/www.estrategiaconcursos.com.br\/blog\/#organization\"},\"image\":{\"@id\":\"https:\/\/www.estrategiaconcursos.com.br\/blog\/concurso-crq-ms\/#primaryimage\"},\"thumbnailUrl\":\"https:\/\/dhg1h5j42swfq.cloudfront.net\/2021\/06\/16170456\/crq-ms.jpeg\",\"articleSection\":[\"Executivo (Administrativa)\"],\"inLanguage\":\"pt-BR\",\"potentialAction\":[{\"@type\":\"CommentAction\",\"name\":\"Comment\",\"target\":[\"https:\/\/www.estrategiaconcursos.com.br\/blog\/concurso-crq-ms\/#respond\"]}],\"copyrightYear\":\"2021\",\"copyrightHolder\":{\"@id\":\"https:\/\/www.estrategiaconcursos.com.br\/blog\/#organization\"}},{\"@type\":\"WebPage\",\"@id\":\"https:\/\/www.estrategiaconcursos.com.br\/blog\/concurso-crq-ms\/\",\"url\":\"https:\/\/www.estrategiaconcursos.com.br\/blog\/concurso-crq-ms\/\",\"name\":\"Concurso CRQ MS: saiu o resultado preliminar da objetiva\",\"isPartOf\":{\"@id\":\"https:\/\/www.estrategiaconcursos.com.br\/blog\/#website\"},\"primaryImageOfPage\":{\"@id\":\"https:\/\/www.estrategiaconcursos.com.br\/blog\/concurso-crq-ms\/#primaryimage\"},\"image\":{\"@id\":\"https:\/\/www.estrategiaconcursos.com.br\/blog\/concurso-crq-ms\/#primaryimage\"},\"thumbnailUrl\":\"https:\/\/dhg1h5j42swfq.cloudfront.net\/2021\/06\/16170456\/crq-ms.jpeg\",\"datePublished\":\"2021-08-24T21:19:00+00:00\",\"dateModified\":\"2021-08-25T13:38:54+00:00\",\"description\":\"Concurso CRQ MS: resultado preliminar da objetiva. S\u00e3o ofertadas quatro vagas imediatas, al\u00e9m de outras 56 em cadastro reserva. Saiba mais!\",\"breadcrumb\":{\"@id\":\"https:\/\/www.estrategiaconcursos.com.br\/blog\/concurso-crq-ms\/#breadcrumb\"},\"inLanguage\":\"pt-BR\",\"potentialAction\":[{\"@type\":\"ReadAction\",\"target\":[\"https:\/\/www.estrategiaconcursos.com.br\/blog\/concurso-crq-ms\/\"]}]},{\"@type\":\"ImageObject\",\"inLanguage\":\"pt-BR\",\"@id\":\"https:\/\/www.estrategiaconcursos.com.br\/blog\/concurso-crq-ms\/#primaryimage\",\"url\":\"https:\/\/dhg1h5j42swfq.cloudfront.net\/2021\/06\/16170456\/crq-ms.jpeg\",\"contentUrl\":\"https:\/\/dhg1h5j42swfq.cloudfront.net\/2021\/06\/16170456\/crq-ms.jpeg\",\"width\":768,\"height\":432,\"caption\":\"Concurso CRQ MS\"},{\"@type\":\"BreadcrumbList\",\"@id\":\"https:\/\/www.estrategiaconcursos.com.br\/blog\/concurso-crq-ms\/#breadcrumb\",\"itemListElement\":[{\"@type\":\"ListItem\",\"position\":1,\"name\":\"In\u00edcio\",\"item\":\"https:\/\/www.estrategiaconcursos.com.br\/blog\/\"},{\"@type\":\"ListItem\",\"position\":2,\"name\":\"Concurso CRQ MS: saiu o resultado preliminar da objetiva\"}]},{\"@type\":\"WebSite\",\"@id\":\"https:\/\/www.estrategiaconcursos.com.br\/blog\/#website\",\"url\":\"https:\/\/www.estrategiaconcursos.com.br\/blog\/\",\"name\":\"Estrat\u00e9gia Concursos\",\"description\":\"O blog da Estrat\u00e9gia Concursos traz not\u00edcias sobre concursos e artigos de professores oferecendo cursos para concursos (pdf + videaulas) no site.\",\"publisher\":{\"@id\":\"https:\/\/www.estrategiaconcursos.com.br\/blog\/#organization\"},\"potentialAction\":[{\"@type\":\"SearchAction\",\"target\":{\"@type\":\"EntryPoint\",\"urlTemplate\":\"https:\/\/www.estrategiaconcursos.com.br\/blog\/?s={search_term_string}\"},\"query-input\":{\"@type\":\"PropertyValueSpecification\",\"valueRequired\":true,\"valueName\":\"search_term_string\"}}],\"inLanguage\":\"pt-BR\"},{\"@type\":\"Organization\",\"@id\":\"https:\/\/www.estrategiaconcursos.com.br\/blog\/#organization\",\"name\":\"Estrat\u00e9gia Concursos\",\"url\":\"https:\/\/www.estrategiaconcursos.com.br\/blog\/\",\"logo\":{\"@type\":\"ImageObject\",\"inLanguage\":\"pt-BR\",\"@id\":\"https:\/\/www.estrategiaconcursos.com.br\/blog\/#\/schema\/logo\/image\/\",\"url\":\"https:\/\/dhg1h5j42swfq.cloudfront.net\/2025\/06\/03203428\/logo_concursos-1.jpg\",\"contentUrl\":\"https:\/\/dhg1h5j42swfq.cloudfront.net\/2025\/06\/03203428\/logo_concursos-1.jpg\",\"width\":230,\"height\":60,\"caption\":\"Estrat\u00e9gia Concursos\"},\"image\":{\"@id\":\"https:\/\/www.estrategiaconcursos.com.br\/blog\/#\/schema\/logo\/image\/\"},\"sameAs\":[\"https:\/\/x.com\/EstratConcursos\"]},{\"@type\":\"Person\",\"@id\":\"https:\/\/www.estrategiaconcursos.com.br\/blog\/#\/schema\/person\/b4a388c97673c5f483d72185668afa1f\",\"name\":\"Coordena\u00e7\u00e3o\",\"image\":{\"@type\":\"ImageObject\",\"inLanguage\":\"pt-BR\",\"@id\":\"https:\/\/secure.gravatar.com\/avatar\/b720319e4c9a967eb58678d110f4fe35452fc5d5f97b202bac7b8acceb18c6ad?s=96&d=mm&r=g\",\"url\":\"https:\/\/secure.gravatar.com\/avatar\/b720319e4c9a967eb58678d110f4fe35452fc5d5f97b202bac7b8acceb18c6ad?s=96&d=mm&r=g\",\"contentUrl\":\"https:\/\/secure.gravatar.com\/avatar\/b720319e4c9a967eb58678d110f4fe35452fc5d5f97b202bac7b8acceb18c6ad?s=96&d=mm&r=g\",\"caption\":\"Coordena\u00e7\u00e3o\"},\"sameAs\":[\"https:\/\/www.facebook.com\/EstrategiaConcursos\",\"https:\/\/x.com\/EstratConcursos\"],\"url\":\"https:\/\/www.estrategiaconcursos.com.br\/blog\/author\/estrategia2013\/\"}]}<\/script>\n<!-- \/ Yoast SEO Premium plugin. -->","yoast_head_json":{"title":"Concurso CRQ MS: saiu o resultado preliminar da objetiva","description":"Concurso CRQ MS: resultado preliminar da objetiva. S\u00e3o ofertadas quatro vagas imediatas, al\u00e9m de outras 56 em cadastro reserva. Saiba mais!","robots":{"index":"index","follow":"follow","max-snippet":"max-snippet:-1","max-image-preview":"max-image-preview:large","max-video-preview":"max-video-preview:-1"},"canonical":"https:\/\/www.estrategiaconcursos.com.br\/blog\/concurso-crq-ms\/","og_locale":"pt_BR","og_type":"article","og_title":"Concurso CRQ MS: saiu o resultado preliminar da objetiva","og_description":"Concurso CRQ MS: resultado preliminar da objetiva. S\u00e3o ofertadas quatro vagas imediatas, al\u00e9m de outras 56 em cadastro reserva. Saiba mais!","og_url":"https:\/\/www.estrategiaconcursos.com.br\/blog\/concurso-crq-ms\/","og_site_name":"Estrat\u00e9gia Concursos","article_author":"https:\/\/www.facebook.com\/EstrategiaConcursos","article_published_time":"2021-08-24T21:19:00+00:00","article_modified_time":"2021-08-25T13:38:54+00:00","og_image":[{"width":768,"height":432,"url":"https:\/\/dhg1h5j42swfq.cloudfront.net\/2021\/06\/16170456\/crq-ms.jpeg","type":"image\/jpeg"}],"author":"Coordena\u00e7\u00e3o","twitter_card":"summary_large_image","twitter_creator":"@EstratConcursos","twitter_site":"@EstratConcursos","twitter_misc":{"Escrito por":"Coordena\u00e7\u00e3o","Est. tempo de leitura":"8 minutos"},"schema":{"@context":"https:\/\/schema.org","@graph":[{"@type":"NewsArticle","@id":"https:\/\/www.estrategiaconcursos.com.br\/blog\/concurso-crq-ms\/#article","isPartOf":{"@id":"https:\/\/www.estrategiaconcursos.com.br\/blog\/concurso-crq-ms\/"},"author":{"name":"Coordena\u00e7\u00e3o","@id":"https:\/\/www.estrategiaconcursos.com.br\/blog\/#\/schema\/person\/b4a388c97673c5f483d72185668afa1f"},"headline":"Concurso CRQ MS: saiu o resultado preliminar da objetiva","datePublished":"2021-08-24T21:19:00+00:00","dateModified":"2021-08-25T13:38:54+00:00","mainEntityOfPage":{"@id":"https:\/\/www.estrategiaconcursos.com.br\/blog\/concurso-crq-ms\/"},"wordCount":1821,"commentCount":0,"publisher":{"@id":"https:\/\/www.estrategiaconcursos.com.br\/blog\/#organization"},"image":{"@id":"https:\/\/www.estrategiaconcursos.com.br\/blog\/concurso-crq-ms\/#primaryimage"},"thumbnailUrl":"https:\/\/dhg1h5j42swfq.cloudfront.net\/2021\/06\/16170456\/crq-ms.jpeg","articleSection":["Executivo (Administrativa)"],"inLanguage":"pt-BR","potentialAction":[{"@type":"CommentAction","name":"Comment","target":["https:\/\/www.estrategiaconcursos.com.br\/blog\/concurso-crq-ms\/#respond"]}],"copyrightYear":"2021","copyrightHolder":{"@id":"https:\/\/www.estrategiaconcursos.com.br\/blog\/#organization"}},{"@type":"WebPage","@id":"https:\/\/www.estrategiaconcursos.com.br\/blog\/concurso-crq-ms\/","url":"https:\/\/www.estrategiaconcursos.com.br\/blog\/concurso-crq-ms\/","name":"Concurso CRQ MS: saiu o resultado preliminar da objetiva","isPartOf":{"@id":"https:\/\/www.estrategiaconcursos.com.br\/blog\/#website"},"primaryImageOfPage":{"@id":"https:\/\/www.estrategiaconcursos.com.br\/blog\/concurso-crq-ms\/#primaryimage"},"image":{"@id":"https:\/\/www.estrategiaconcursos.com.br\/blog\/concurso-crq-ms\/#primaryimage"},"thumbnailUrl":"https:\/\/dhg1h5j42swfq.cloudfront.net\/2021\/06\/16170456\/crq-ms.jpeg","datePublished":"2021-08-24T21:19:00+00:00","dateModified":"2021-08-25T13:38:54+00:00","description":"Concurso CRQ MS: resultado preliminar da objetiva. S\u00e3o ofertadas quatro vagas imediatas, al\u00e9m de outras 56 em cadastro reserva. Saiba mais!","breadcrumb":{"@id":"https:\/\/www.estrategiaconcursos.com.br\/blog\/concurso-crq-ms\/#breadcrumb"},"inLanguage":"pt-BR","potentialAction":[{"@type":"ReadAction","target":["https:\/\/www.estrategiaconcursos.com.br\/blog\/concurso-crq-ms\/"]}]},{"@type":"ImageObject","inLanguage":"pt-BR","@id":"https:\/\/www.estrategiaconcursos.com.br\/blog\/concurso-crq-ms\/#primaryimage","url":"https:\/\/dhg1h5j42swfq.cloudfront.net\/2021\/06\/16170456\/crq-ms.jpeg","contentUrl":"https:\/\/dhg1h5j42swfq.cloudfront.net\/2021\/06\/16170456\/crq-ms.jpeg","width":768,"height":432,"caption":"Concurso CRQ MS"},{"@type":"BreadcrumbList","@id":"https:\/\/www.estrategiaconcursos.com.br\/blog\/concurso-crq-ms\/#breadcrumb","itemListElement":[{"@type":"ListItem","position":1,"name":"In\u00edcio","item":"https:\/\/www.estrategiaconcursos.com.br\/blog\/"},{"@type":"ListItem","position":2,"name":"Concurso CRQ MS: saiu o resultado preliminar da objetiva"}]},{"@type":"WebSite","@id":"https:\/\/www.estrategiaconcursos.com.br\/blog\/#website","url":"https:\/\/www.estrategiaconcursos.com.br\/blog\/","name":"Estrat\u00e9gia Concursos","description":"O blog da Estrat\u00e9gia Concursos traz not\u00edcias sobre concursos e artigos de professores oferecendo cursos para concursos (pdf + videaulas) no site.","publisher":{"@id":"https:\/\/www.estrategiaconcursos.com.br\/blog\/#organization"},"potentialAction":[{"@type":"SearchAction","target":{"@type":"EntryPoint","urlTemplate":"https:\/\/www.estrategiaconcursos.com.br\/blog\/?s={search_term_string}"},"query-input":{"@type":"PropertyValueSpecification","valueRequired":true,"valueName":"search_term_string"}}],"inLanguage":"pt-BR"},{"@type":"Organization","@id":"https:\/\/www.estrategiaconcursos.com.br\/blog\/#organization","name":"Estrat\u00e9gia Concursos","url":"https:\/\/www.estrategiaconcursos.com.br\/blog\/","logo":{"@type":"ImageObject","inLanguage":"pt-BR","@id":"https:\/\/www.estrategiaconcursos.com.br\/blog\/#\/schema\/logo\/image\/","url":"https:\/\/dhg1h5j42swfq.cloudfront.net\/2025\/06\/03203428\/logo_concursos-1.jpg","contentUrl":"https:\/\/dhg1h5j42swfq.cloudfront.net\/2025\/06\/03203428\/logo_concursos-1.jpg","width":230,"height":60,"caption":"Estrat\u00e9gia Concursos"},"image":{"@id":"https:\/\/www.estrategiaconcursos.com.br\/blog\/#\/schema\/logo\/image\/"},"sameAs":["https:\/\/x.com\/EstratConcursos"]},{"@type":"Person","@id":"https:\/\/www.estrategiaconcursos.com.br\/blog\/#\/schema\/person\/b4a388c97673c5f483d72185668afa1f","name":"Coordena\u00e7\u00e3o","image":{"@type":"ImageObject","inLanguage":"pt-BR","@id":"https:\/\/secure.gravatar.com\/avatar\/b720319e4c9a967eb58678d110f4fe35452fc5d5f97b202bac7b8acceb18c6ad?s=96&d=mm&r=g","url":"https:\/\/secure.gravatar.com\/avatar\/b720319e4c9a967eb58678d110f4fe35452fc5d5f97b202bac7b8acceb18c6ad?s=96&d=mm&r=g","contentUrl":"https:\/\/secure.gravatar.com\/avatar\/b720319e4c9a967eb58678d110f4fe35452fc5d5f97b202bac7b8acceb18c6ad?s=96&d=mm&r=g","caption":"Coordena\u00e7\u00e3o"},"sameAs":["https:\/\/www.facebook.com\/EstrategiaConcursos","https:\/\/x.com\/EstratConcursos"],"url":"https:\/\/www.estrategiaconcursos.com.br\/blog\/author\/estrategia2013\/"}]}},"_links":{"self":[{"href":"https:\/\/www.estrategiaconcursos.com.br\/blog\/wp-json\/wp\/v2\/posts\/746398","targetHints":{"allow":["GET"]}}],"collection":[{"href":"https:\/\/www.estrategiaconcursos.com.br\/blog\/wp-json\/wp\/v2\/posts"}],"about":[{"href":"https:\/\/www.estrategiaconcursos.com.br\/blog\/wp-json\/wp\/v2\/types\/post"}],"author":[{"embeddable":true,"href":"https:\/\/www.estrategiaconcursos.com.br\/blog\/wp-json\/wp\/v2\/users\/1"}],"replies":[{"embeddable":true,"href":"https:\/\/www.estrategiaconcursos.com.br\/blog\/wp-json\/wp\/v2\/comments?post=746398"}],"version-history":[{"count":34,"href":"https:\/\/www.estrategiaconcursos.com.br\/blog\/wp-json\/wp\/v2\/posts\/746398\/revisions"}],"predecessor-version":[{"id":845198,"href":"https:\/\/www.estrategiaconcursos.com.br\/blog\/wp-json\/wp\/v2\/posts\/746398\/revisions\/845198"}],"wp:featuredmedia":[{"embeddable":true,"href":"https:\/\/www.estrategiaconcursos.com.br\/blog\/wp-json\/wp\/v2\/media\/768836"}],"wp:attachment":[{"href":"https:\/\/www.estrategiaconcursos.com.br\/blog\/wp-json\/wp\/v2\/media?parent=746398"}],"wp:term":[{"taxonomy":"category","embeddable":true,"href":"https:\/\/www.estrategiaconcursos.com.br\/blog\/wp-json\/wp\/v2\/categories?post=746398"},{"taxonomy":"post_tag","embeddable":true,"href":"https:\/\/www.estrategiaconcursos.com.br\/blog\/wp-json\/wp\/v2\/tags?post=746398"},{"taxonomy":"tax_estado","embeddable":true,"href":"https:\/\/www.estrategiaconcursos.com.br\/blog\/wp-json\/wp\/v2\/tax_estado?post=746398"}],"curies":[{"name":"wp","href":"https:\/\/api.w.org\/{rel}","templated":true}]}}