{"id":745264,"date":"2021-05-20T16:41:00","date_gmt":"2021-05-20T19:41:00","guid":{"rendered":"https:\/\/www.estrategiaconcursos.com.br\/blog\/?p=745264"},"modified":"2021-05-20T16:49:57","modified_gmt":"2021-05-20T19:49:57","slug":"concurso-pf-provas-fenapef","status":"publish","type":"post","link":"https:\/\/www.estrategiaconcursos.com.br\/blog\/concurso-pf-provas-fenapef\/","title":{"rendered":"Concurso PF: presidente da Fenapef fala sobre as provas"},"content":{"rendered":"\n<p>O presidente da Federa\u00e7\u00e3o Nacional dos Policiais Federais (Fenapef), Lu\u00eds Boudens, revelou que a Pol\u00edcia Federal (PF) trabalha para manter a aplica\u00e7\u00e3o das provas no pr\u00f3ximo domingo, 23 de maio de 2021, conforme o cronograma preestabelecido.<\/p>\n\n\n\n<p>Segundo Boudens, a decis\u00e3o \u00e9 de manter as provas na data marcada, por\u00e9m com todos os cuidados que a pandemia exige para a seguran\u00e7a dos candidatos. O presidente ainda lembrou que diversas a\u00e7\u00f5es est\u00e3o em tramita\u00e7\u00e3o na justi\u00e7a, mas que at\u00e9 agora nenhuma liminar de suspens\u00e3o foi concedida, manifestando otimismo sobre a aplica\u00e7\u00e3o da etapa que, por ora, segue agendada. <\/p>\n\n\n\n<p>Vale lembrar que uma decis\u00e3o sobre o andamento das provas poder\u00e1 se tornar p\u00fablico a qualquer momento, j\u00e1 que a a\u00e7\u00e3o que pede o adiamento da etapa est\u00e1 pronto para aprecia\u00e7\u00e3o do Judici\u00e1rio.<\/p>\n\n\n\n<p>O Minist\u00e9rio P\u00fablico Federal (MPF) ingressou com uma a\u00e7\u00e3o pedindo que a etapa seja novamente adiada. Na <a href=\"https:\/\/www.estrategiaconcursos.com.br\/blog\/suspensao-concurso-pf-mpf\/\" target=\"_blank\" rel=\"noreferrer noopener\">a\u00e7\u00e3o civil p\u00fablica<\/a>&nbsp;encaminhada \u00e0 Uni\u00e3o, o \u00f3rg\u00e3o traz alguns fatos sobre a pandemia da Covid-19 e realiza\u00e7\u00e3o de concursos no \u00e2mbito nacional organizados pelo Cebraspe. Com isso, o \u00f3rg\u00e3o ressaltou a necessidade de suspender a aplica\u00e7\u00e3o das provas da PF.<\/p>\n\n\n\n<p>Ap\u00f3s isso, a Advocacia-Geral da Uni\u00e3o (AGU)&nbsp;<a href=\"https:\/\/www.estrategiaconcursos.com.br\/blog\/concurso-pf-agu-emite-parecer\/\" target=\"_blank\" rel=\"noreferrer noopener\">emitiu parecer<\/a>&nbsp;sobre o assunto, alegando uma suposta \u201cpreven\u00e7\u00e3o\u201d entre esta a\u00e7\u00e3o popular atual e uma outra de fevereiro.<\/p>\n\n\n\n<p>Em&nbsp;<a href=\"https:\/\/www.estrategiaconcursos.com.br\/blog\/exclusivo-concurso-pf-entrevista-com-procurador\" target=\"_blank\" rel=\"noreferrer noopener\"><strong>entrevista exclusiva<\/strong><\/a> ao Estrat\u00e9gia Concursos, o procurador do MPF, Oscar Costa Filho, deu detalhes sobre a A\u00e7\u00e3o que solicita a suspens\u00e3o das provas. Costa Filho afirmou que entende que o candidato que est\u00e1 ansioso porque est\u00e1 se preparando h\u00e1 muito tempo, mas ressalta que as provas ser\u00e3o realizadas quando as condi\u00e7\u00f5es m\u00ednimas se estabelecerem.<\/p>\n\n\n\n<p>Em movimenta\u00e7\u00f5es recentes, segundo o advogado que pediu habilita\u00e7\u00e3o nos autos da a\u00e7\u00e3o movida pelo MPF, o juiz do Cear\u00e1 acatou a exce\u00e7\u00e3o de incompet\u00eancia da Uni\u00e3o e declinou a compet\u00eancia para S\u00e3o Paulo. Isso significa que quem ir\u00e1 julgar o processo ser\u00e1 um juiz de SP, que, inclusive, j\u00e1 julgou uma a\u00e7\u00e3o semelhante e decidiu pelo indeferimento de pedido de suspens\u00e3o das provas.<\/p>\n\n\n\n<h3 class=\"wp-block-heading\" id=\"h-a-posi-o-da-fenapef\">A posi\u00e7\u00e3o da Fenapef<\/h3>\n\n\n\n<p>Em contato com Lu\u00eds Boudens na tarde desta quinta-feira, 20 de maio, o Estrat\u00e9gia Concursos ouviu que a Diretoria da Federa\u00e7\u00e3o defende que o certame seja feito com toda seguran\u00e7a e preserva\u00e7\u00e3o da sa\u00fade dos candidatos. <\/p>\n\n\n\n<blockquote class=\"wp-block-quote is-layout-flow wp-block-quote-is-layout-flow\"><p><strong>&#8220;Sabemos que h\u00e1 grandes dificuldades por conta da disponibilidade or\u00e7ament\u00e1ria. Como nosso concurso \u00e9 longo, qualquer adiamento nas fases iniciais provoca tamb\u00e9m uma demora na fase posterior. Ent\u00e3o, a nossa ideia n\u00e3o \u00e9 fazer defesa de que a prova seja feita no dia 23 de maio, conforme o calend\u00e1rio, que j\u00e1 foi prorrogado. Nosso defesa \u00e9 de que haja um concurso e que seja feito com o m\u00e1ximo de seguran\u00e7a para os candidatos. O que temos feito \u00e9 noticiar a decis\u00e3o da Gest\u00e3o da PF, que decidiu e se mant\u00e9m firme na defesa do seu calend\u00e1rio, contando j\u00e1 com uma prorroga\u00e7\u00e3o que foi feita. Ent\u00e3o nossa defesa \u00e9 que se defina [um calend\u00e1rio] e, uma vez definido, que d\u00ea toda seguran\u00e7a aos candidatos que concorrer\u00e3o a uma vaga nos quadros da Pol\u00edcia Federal.&#8221;<\/strong>   <\/p><\/blockquote>\n\n\n\n<p>O Estrat\u00e9gia Concursos segue acompanhando os desdobramentos com rela\u00e7\u00e3o \u00e0 aplica\u00e7\u00e3o das provas do concurso PF, cuja realiza\u00e7\u00e3o \u00e9 defendida pela Fenapef, e noticiar\u00e1 eventuais atualiza\u00e7\u00f5es. Para mais informa\u00e7\u00f5es, acesse o link abaixo:<\/p>\n\n\n\n<p class=\"has-text-align-center has-luminous-vivid-amber-background-color has-background\" style=\"font-size:clamp(16.293px, 1.018rem + ((1vw - 3.2px) * 0.854), 25px);px\"><strong><a href=\"https:\/\/www.estrategiaconcursos.com.br\/blog\/concurso-policia-federal\/\" target=\"_blank\" rel=\"noreferrer noopener\">Concurso PF<\/a><\/strong><\/p>\n\n\n\n<h2 class=\"has-text-align-center wp-block-heading\" id=\"cursos-e-assinaturas\">Quer estudar para o concurso Pol\u00edcia Federal 2021?<\/h2>\n\n\n\n<div class=\"container\" id=\"boxes\">\n  <div class=\"row\">\n\n    <div class=\"col-sm\">\n      <div class=\"banner-policial\" id=\"box-assinatura\">\n        <h3 class=\"titulo-assinatura\">Concurso PF<\/h3>\n        <p class=\"subtitulo-assinatura\">Conhe\u00e7a os cursos<\/p>\n        <div class=\"box-botao\">\n          <a class=\"btn-assinatura\" target=\"_blank\" href=\"https:\/\/www.estrategiaconcursos.com.br\/cursosPorConcurso\/promocao-policia-federal\/\" role=\"button\" rel=\"noopener noreferrer\">Saiba mais<\/a>\n        <\/div>\n      <\/div>\n     \n    <\/div>\n\n  <\/div>\n<\/div>\n\n\n\n<div class=\"container\" id=\"boxes\">\n  <div class=\"row\">\n\n    <div class=\"col-sm\">\n      <div class=\"estrategia\" id=\"box-assinatura\">\n        <h3 class=\"titulo-assinatura\">Assinatura Concursos<\/h3>\n        <p class=\"subtitulo-assinatura\">Assinatura de 1 ano ou 2 anos<\/p>\n        <div class=\"box-botao\">\n          <a class=\"btn-assinatura\" target=\"_blank\" href=\"https:\/\/www.estrategiaconcursos.com.br\/assinaturas\/\" role=\"button\" rel=\"noopener noreferrer\">ASSINE AGORA<\/a>\n        <\/div>\n      <\/div>\n     \n    <\/div>\n\n    <div class=\"col-sm\">\n      <div class=\"questoes\" id=\"box-assinatura\">\n        <h3 class=\"titulo-assinatura\">Sistema de Quest\u00f5es<\/h3>\n        <p class=\"subtitulo-assinatura\">Assinatura de 1 ano ou 2 anos\n<\/p>\n        <div class=\"box-botao\">\n          <a class=\"btn-assinatura\" target=\"_blank\" href=\"https:\/\/questoes.estrategiaconcursos.com.br\/\" role=\"button\" rel=\"noopener noreferrer\">ASSINE AGORA<\/a>\n        <\/div>\n      <\/div>\n    \n    <\/div>\n  <\/div>\n<\/div>\n\n\n\n<div class=\"container\" id=\"boxes\">\n  <div class=\"row\">\n\n    <div class=\"col-sm\" id=\"boxes-concursos\">\n      <div style=\"background-color: #005DAD;\" class=\"conteudo-concursos\" id=\"box-concursos\">\n        <h3 class=\"titulo-assinatura\">Concursos Abertos<\/h3>\n        <p class=\"subtitulo-assinatura\">Confira os editais publicados<\/p>\n        <div class=\"box-botao\">\n          <a class=\"btn-assinatura\" target=\"_blank\" href=\"https:\/\/www.estrategiaconcursos.com.br\/blog\/concursos-abertos\/\" role=\"button\" rel=\"noopener noreferrer\">Conhe\u00e7a Agora<\/a>\n        <\/div>\n      <\/div>\n    <\/div>\n\n    <div class=\"col-sm\" id=\"boxes-concursos\">\n      <div style=\"background-color: #419FF0;\" class=\"conteudo-concursos\" id=\"box-concursos\">\n        <h3 class=\"titulo-assinatura\">Concursos 2021<\/h3>\n        <p class=\"subtitulo-assinatura\">Confira as oportunidades previstas<\/p>\n        <div class=\"box-botao\">\n          <a class=\"btn-assinatura\" target=\"_blank\" href=\"https:\/\/www.estrategiaconcursos.com.br\/blog\/concursos-2021\/\" role=\"button\" rel=\"noopener noreferrer\">Conhe\u00e7a Agora<\/a>\n        <\/div>\n      <\/div>\n    <\/div>\n\n  <\/div>\n<\/div>\n\n\n\n<p class=\"has-text-align-center\"><strong>Quer ficar atualizado DIARIAMENTE sobre as not\u00edcias do mundo dos concursos? Entre no nosso Telegram!<\/strong><\/p>\n\n\n\n<div class=\"wp-block-image\"><figure class=\"aligncenter\"><a href=\"https:\/\/t.me\/estrategianews\" target=\"_blank\" rel=\"noopener\"><img decoding=\"async\" src=\"https:\/\/dhg1h5j42swfq.cloudfront.net\/2021\/05\/03172229\/news-1.jpg\" alt=\"Concurso PF provas Fenapef\"\/><\/a><\/figure><\/div>\n\n\n\n<p>  <\/p>\n\n\n\n<p>      <\/p>\n","protected":false},"excerpt":{"rendered":"<p>O presidente da Federa\u00e7\u00e3o Nacional dos Policiais Federais (Fenapef), Lu\u00eds Boudens, revelou que a Pol\u00edcia Federal (PF) trabalha para manter a aplica\u00e7\u00e3o das provas no pr\u00f3ximo domingo, 23 de maio de 2021, conforme o cronograma preestabelecido. Segundo Boudens, a decis\u00e3o \u00e9 de manter as provas na data marcada, por\u00e9m com todos os cuidados que a [&hellip;]<\/p>\n","protected":false},"author":1,"featured_media":703158,"comment_status":"open","ping_status":"closed","sticky":false,"template":"","format":"standard","meta":{"post_tipo":"news","footnotes":""},"categories":[1988],"tags":[],"tax_estado":[219963],"class_list":["post-745264","post","type-post","status-publish","format-standard","has-post-thumbnail","hentry","category-policia","tax_estado-concursos-federais"],"acf":[],"yoast_head":"<!-- This site is optimized with the Yoast SEO Premium plugin v27.2 (Yoast SEO v27.2) - https:\/\/yoast.com\/product\/yoast-seo-premium-wordpress\/ -->\n<title>Concurso PF: presidente da Fenapef fala sobre as provas<\/title>\n<meta name=\"description\" content=\"A Fenapef revelou que a Pol\u00edcia Federal (PF) trabalha para manter a aplica\u00e7\u00e3o das provas no pr\u00f3ximo domingo, 23 de maio de 2021. Confira!\" \/>\n<meta name=\"robots\" content=\"index, follow, max-snippet:-1, max-image-preview:large, max-video-preview:-1\" \/>\n<link rel=\"canonical\" href=\"https:\/\/www.estrategiaconcursos.com.br\/blog\/concurso-pf-provas-fenapef\/\" \/>\n<meta property=\"og:locale\" content=\"pt_BR\" \/>\n<meta property=\"og:type\" content=\"article\" \/>\n<meta property=\"og:title\" content=\"Concurso PF: presidente da Fenapef fala sobre as provas\" \/>\n<meta property=\"og:description\" content=\"A Fenapef revelou que a Pol\u00edcia Federal (PF) trabalha para manter a aplica\u00e7\u00e3o das provas no pr\u00f3ximo domingo, 23 de maio de 2021. Confira!\" \/>\n<meta property=\"og:url\" content=\"https:\/\/www.estrategiaconcursos.com.br\/blog\/concurso-pf-provas-fenapef\/\" \/>\n<meta property=\"og:site_name\" content=\"Estrat\u00e9gia Concursos\" \/>\n<meta property=\"article:author\" content=\"https:\/\/www.facebook.com\/EstrategiaConcursos\" \/>\n<meta property=\"article:published_time\" content=\"2021-05-20T19:41:00+00:00\" \/>\n<meta property=\"article:modified_time\" content=\"2021-05-20T19:49:57+00:00\" \/>\n<meta property=\"og:image\" content=\"https:\/\/dhg1h5j42swfq.cloudfront.net\/2021\/03\/29090640\/concurso-policia-federal.jpg\" \/>\n\t<meta property=\"og:image:width\" content=\"1200\" \/>\n\t<meta property=\"og:image:height\" content=\"628\" \/>\n\t<meta property=\"og:image:type\" content=\"image\/jpeg\" \/>\n<meta name=\"author\" content=\"Coordena\u00e7\u00e3o\" \/>\n<meta name=\"twitter:card\" content=\"summary_large_image\" \/>\n<meta name=\"twitter:creator\" content=\"@EstratConcursos\" \/>\n<meta name=\"twitter:site\" content=\"@EstratConcursos\" \/>\n<meta name=\"twitter:label1\" content=\"Escrito por\" \/>\n\t<meta name=\"twitter:data1\" content=\"Coordena\u00e7\u00e3o\" \/>\n\t<meta name=\"twitter:label2\" content=\"Est. tempo de leitura\" \/>\n\t<meta name=\"twitter:data2\" content=\"3 minutos\" \/>\n<script type=\"application\/ld+json\" class=\"yoast-schema-graph\">{\"@context\":\"https:\/\/schema.org\",\"@graph\":[{\"@type\":\"NewsArticle\",\"@id\":\"https:\/\/www.estrategiaconcursos.com.br\/blog\/concurso-pf-provas-fenapef\/#article\",\"isPartOf\":{\"@id\":\"https:\/\/www.estrategiaconcursos.com.br\/blog\/concurso-pf-provas-fenapef\/\"},\"author\":{\"name\":\"Coordena\u00e7\u00e3o\",\"@id\":\"https:\/\/www.estrategiaconcursos.com.br\/blog\/#\/schema\/person\/b4a388c97673c5f483d72185668afa1f\"},\"headline\":\"Concurso PF: presidente da Fenapef fala sobre as provas\",\"datePublished\":\"2021-05-20T19:41:00+00:00\",\"dateModified\":\"2021-05-20T19:49:57+00:00\",\"mainEntityOfPage\":{\"@id\":\"https:\/\/www.estrategiaconcursos.com.br\/blog\/concurso-pf-provas-fenapef\/\"},\"wordCount\":689,\"commentCount\":0,\"publisher\":{\"@id\":\"https:\/\/www.estrategiaconcursos.com.br\/blog\/#organization\"},\"image\":{\"@id\":\"https:\/\/www.estrategiaconcursos.com.br\/blog\/concurso-pf-provas-fenapef\/#primaryimage\"},\"thumbnailUrl\":\"https:\/\/dhg1h5j42swfq.cloudfront.net\/2021\/03\/29090640\/concurso-policia-federal.jpg\",\"articleSection\":[\"Policial (Agente, Escriv\u00e3o e Investigador)\"],\"inLanguage\":\"pt-BR\",\"potentialAction\":[{\"@type\":\"CommentAction\",\"name\":\"Comment\",\"target\":[\"https:\/\/www.estrategiaconcursos.com.br\/blog\/concurso-pf-provas-fenapef\/#respond\"]}],\"copyrightYear\":\"2021\",\"copyrightHolder\":{\"@id\":\"https:\/\/www.estrategiaconcursos.com.br\/blog\/#organization\"}},{\"@type\":\"WebPage\",\"@id\":\"https:\/\/www.estrategiaconcursos.com.br\/blog\/concurso-pf-provas-fenapef\/\",\"url\":\"https:\/\/www.estrategiaconcursos.com.br\/blog\/concurso-pf-provas-fenapef\/\",\"name\":\"Concurso PF: presidente da Fenapef fala sobre as provas\",\"isPartOf\":{\"@id\":\"https:\/\/www.estrategiaconcursos.com.br\/blog\/#website\"},\"primaryImageOfPage\":{\"@id\":\"https:\/\/www.estrategiaconcursos.com.br\/blog\/concurso-pf-provas-fenapef\/#primaryimage\"},\"image\":{\"@id\":\"https:\/\/www.estrategiaconcursos.com.br\/blog\/concurso-pf-provas-fenapef\/#primaryimage\"},\"thumbnailUrl\":\"https:\/\/dhg1h5j42swfq.cloudfront.net\/2021\/03\/29090640\/concurso-policia-federal.jpg\",\"datePublished\":\"2021-05-20T19:41:00+00:00\",\"dateModified\":\"2021-05-20T19:49:57+00:00\",\"description\":\"A Fenapef revelou que a Pol\u00edcia Federal (PF) trabalha para manter a aplica\u00e7\u00e3o das provas no pr\u00f3ximo domingo, 23 de maio de 2021. Confira!\",\"breadcrumb\":{\"@id\":\"https:\/\/www.estrategiaconcursos.com.br\/blog\/concurso-pf-provas-fenapef\/#breadcrumb\"},\"inLanguage\":\"pt-BR\",\"potentialAction\":[{\"@type\":\"ReadAction\",\"target\":[\"https:\/\/www.estrategiaconcursos.com.br\/blog\/concurso-pf-provas-fenapef\/\"]}]},{\"@type\":\"ImageObject\",\"inLanguage\":\"pt-BR\",\"@id\":\"https:\/\/www.estrategiaconcursos.com.br\/blog\/concurso-pf-provas-fenapef\/#primaryimage\",\"url\":\"https:\/\/dhg1h5j42swfq.cloudfront.net\/2021\/03\/29090640\/concurso-policia-federal.jpg\",\"contentUrl\":\"https:\/\/dhg1h5j42swfq.cloudfront.net\/2021\/03\/29090640\/concurso-policia-federal.jpg\",\"width\":1200,\"height\":628,\"caption\":\"Concurso Policia Federal\"},{\"@type\":\"BreadcrumbList\",\"@id\":\"https:\/\/www.estrategiaconcursos.com.br\/blog\/concurso-pf-provas-fenapef\/#breadcrumb\",\"itemListElement\":[{\"@type\":\"ListItem\",\"position\":1,\"name\":\"In\u00edcio\",\"item\":\"https:\/\/www.estrategiaconcursos.com.br\/blog\/\"},{\"@type\":\"ListItem\",\"position\":2,\"name\":\"Concurso PF: presidente da Fenapef fala sobre as provas\"}]},{\"@type\":\"WebSite\",\"@id\":\"https:\/\/www.estrategiaconcursos.com.br\/blog\/#website\",\"url\":\"https:\/\/www.estrategiaconcursos.com.br\/blog\/\",\"name\":\"Estrat\u00e9gia Concursos\",\"description\":\"O blog da Estrat\u00e9gia Concursos traz not\u00edcias sobre concursos e artigos de professores oferecendo cursos para concursos (pdf + videaulas) no site.\",\"publisher\":{\"@id\":\"https:\/\/www.estrategiaconcursos.com.br\/blog\/#organization\"},\"potentialAction\":[{\"@type\":\"SearchAction\",\"target\":{\"@type\":\"EntryPoint\",\"urlTemplate\":\"https:\/\/www.estrategiaconcursos.com.br\/blog\/?s={search_term_string}\"},\"query-input\":{\"@type\":\"PropertyValueSpecification\",\"valueRequired\":true,\"valueName\":\"search_term_string\"}}],\"inLanguage\":\"pt-BR\"},{\"@type\":\"Organization\",\"@id\":\"https:\/\/www.estrategiaconcursos.com.br\/blog\/#organization\",\"name\":\"Estrat\u00e9gia Concursos\",\"url\":\"https:\/\/www.estrategiaconcursos.com.br\/blog\/\",\"logo\":{\"@type\":\"ImageObject\",\"inLanguage\":\"pt-BR\",\"@id\":\"https:\/\/www.estrategiaconcursos.com.br\/blog\/#\/schema\/logo\/image\/\",\"url\":\"https:\/\/dhg1h5j42swfq.cloudfront.net\/2025\/06\/03203428\/logo_concursos-1.jpg\",\"contentUrl\":\"https:\/\/dhg1h5j42swfq.cloudfront.net\/2025\/06\/03203428\/logo_concursos-1.jpg\",\"width\":230,\"height\":60,\"caption\":\"Estrat\u00e9gia Concursos\"},\"image\":{\"@id\":\"https:\/\/www.estrategiaconcursos.com.br\/blog\/#\/schema\/logo\/image\/\"},\"sameAs\":[\"https:\/\/x.com\/EstratConcursos\"]},{\"@type\":\"Person\",\"@id\":\"https:\/\/www.estrategiaconcursos.com.br\/blog\/#\/schema\/person\/b4a388c97673c5f483d72185668afa1f\",\"name\":\"Coordena\u00e7\u00e3o\",\"image\":{\"@type\":\"ImageObject\",\"inLanguage\":\"pt-BR\",\"@id\":\"https:\/\/secure.gravatar.com\/avatar\/b720319e4c9a967eb58678d110f4fe35452fc5d5f97b202bac7b8acceb18c6ad?s=96&d=mm&r=g\",\"url\":\"https:\/\/secure.gravatar.com\/avatar\/b720319e4c9a967eb58678d110f4fe35452fc5d5f97b202bac7b8acceb18c6ad?s=96&d=mm&r=g\",\"contentUrl\":\"https:\/\/secure.gravatar.com\/avatar\/b720319e4c9a967eb58678d110f4fe35452fc5d5f97b202bac7b8acceb18c6ad?s=96&d=mm&r=g\",\"caption\":\"Coordena\u00e7\u00e3o\"},\"sameAs\":[\"https:\/\/www.facebook.com\/EstrategiaConcursos\",\"https:\/\/x.com\/EstratConcursos\"],\"url\":\"https:\/\/www.estrategiaconcursos.com.br\/blog\/author\/estrategia2013\/\"}]}<\/script>\n<!-- \/ Yoast SEO Premium plugin. -->","yoast_head_json":{"title":"Concurso PF: presidente da Fenapef fala sobre as provas","description":"A Fenapef revelou que a Pol\u00edcia Federal (PF) trabalha para manter a aplica\u00e7\u00e3o das provas no pr\u00f3ximo domingo, 23 de maio de 2021. Confira!","robots":{"index":"index","follow":"follow","max-snippet":"max-snippet:-1","max-image-preview":"max-image-preview:large","max-video-preview":"max-video-preview:-1"},"canonical":"https:\/\/www.estrategiaconcursos.com.br\/blog\/concurso-pf-provas-fenapef\/","og_locale":"pt_BR","og_type":"article","og_title":"Concurso PF: presidente da Fenapef fala sobre as provas","og_description":"A Fenapef revelou que a Pol\u00edcia Federal (PF) trabalha para manter a aplica\u00e7\u00e3o das provas no pr\u00f3ximo domingo, 23 de maio de 2021. Confira!","og_url":"https:\/\/www.estrategiaconcursos.com.br\/blog\/concurso-pf-provas-fenapef\/","og_site_name":"Estrat\u00e9gia Concursos","article_author":"https:\/\/www.facebook.com\/EstrategiaConcursos","article_published_time":"2021-05-20T19:41:00+00:00","article_modified_time":"2021-05-20T19:49:57+00:00","og_image":[{"width":1200,"height":628,"url":"https:\/\/dhg1h5j42swfq.cloudfront.net\/2021\/03\/29090640\/concurso-policia-federal.jpg","type":"image\/jpeg"}],"author":"Coordena\u00e7\u00e3o","twitter_card":"summary_large_image","twitter_creator":"@EstratConcursos","twitter_site":"@EstratConcursos","twitter_misc":{"Escrito por":"Coordena\u00e7\u00e3o","Est. tempo de leitura":"3 minutos"},"schema":{"@context":"https:\/\/schema.org","@graph":[{"@type":"NewsArticle","@id":"https:\/\/www.estrategiaconcursos.com.br\/blog\/concurso-pf-provas-fenapef\/#article","isPartOf":{"@id":"https:\/\/www.estrategiaconcursos.com.br\/blog\/concurso-pf-provas-fenapef\/"},"author":{"name":"Coordena\u00e7\u00e3o","@id":"https:\/\/www.estrategiaconcursos.com.br\/blog\/#\/schema\/person\/b4a388c97673c5f483d72185668afa1f"},"headline":"Concurso PF: presidente da Fenapef fala sobre as provas","datePublished":"2021-05-20T19:41:00+00:00","dateModified":"2021-05-20T19:49:57+00:00","mainEntityOfPage":{"@id":"https:\/\/www.estrategiaconcursos.com.br\/blog\/concurso-pf-provas-fenapef\/"},"wordCount":689,"commentCount":0,"publisher":{"@id":"https:\/\/www.estrategiaconcursos.com.br\/blog\/#organization"},"image":{"@id":"https:\/\/www.estrategiaconcursos.com.br\/blog\/concurso-pf-provas-fenapef\/#primaryimage"},"thumbnailUrl":"https:\/\/dhg1h5j42swfq.cloudfront.net\/2021\/03\/29090640\/concurso-policia-federal.jpg","articleSection":["Policial (Agente, Escriv\u00e3o e Investigador)"],"inLanguage":"pt-BR","potentialAction":[{"@type":"CommentAction","name":"Comment","target":["https:\/\/www.estrategiaconcursos.com.br\/blog\/concurso-pf-provas-fenapef\/#respond"]}],"copyrightYear":"2021","copyrightHolder":{"@id":"https:\/\/www.estrategiaconcursos.com.br\/blog\/#organization"}},{"@type":"WebPage","@id":"https:\/\/www.estrategiaconcursos.com.br\/blog\/concurso-pf-provas-fenapef\/","url":"https:\/\/www.estrategiaconcursos.com.br\/blog\/concurso-pf-provas-fenapef\/","name":"Concurso PF: presidente da Fenapef fala sobre as provas","isPartOf":{"@id":"https:\/\/www.estrategiaconcursos.com.br\/blog\/#website"},"primaryImageOfPage":{"@id":"https:\/\/www.estrategiaconcursos.com.br\/blog\/concurso-pf-provas-fenapef\/#primaryimage"},"image":{"@id":"https:\/\/www.estrategiaconcursos.com.br\/blog\/concurso-pf-provas-fenapef\/#primaryimage"},"thumbnailUrl":"https:\/\/dhg1h5j42swfq.cloudfront.net\/2021\/03\/29090640\/concurso-policia-federal.jpg","datePublished":"2021-05-20T19:41:00+00:00","dateModified":"2021-05-20T19:49:57+00:00","description":"A Fenapef revelou que a Pol\u00edcia Federal (PF) trabalha para manter a aplica\u00e7\u00e3o das provas no pr\u00f3ximo domingo, 23 de maio de 2021. Confira!","breadcrumb":{"@id":"https:\/\/www.estrategiaconcursos.com.br\/blog\/concurso-pf-provas-fenapef\/#breadcrumb"},"inLanguage":"pt-BR","potentialAction":[{"@type":"ReadAction","target":["https:\/\/www.estrategiaconcursos.com.br\/blog\/concurso-pf-provas-fenapef\/"]}]},{"@type":"ImageObject","inLanguage":"pt-BR","@id":"https:\/\/www.estrategiaconcursos.com.br\/blog\/concurso-pf-provas-fenapef\/#primaryimage","url":"https:\/\/dhg1h5j42swfq.cloudfront.net\/2021\/03\/29090640\/concurso-policia-federal.jpg","contentUrl":"https:\/\/dhg1h5j42swfq.cloudfront.net\/2021\/03\/29090640\/concurso-policia-federal.jpg","width":1200,"height":628,"caption":"Concurso Policia Federal"},{"@type":"BreadcrumbList","@id":"https:\/\/www.estrategiaconcursos.com.br\/blog\/concurso-pf-provas-fenapef\/#breadcrumb","itemListElement":[{"@type":"ListItem","position":1,"name":"In\u00edcio","item":"https:\/\/www.estrategiaconcursos.com.br\/blog\/"},{"@type":"ListItem","position":2,"name":"Concurso PF: presidente da Fenapef fala sobre as provas"}]},{"@type":"WebSite","@id":"https:\/\/www.estrategiaconcursos.com.br\/blog\/#website","url":"https:\/\/www.estrategiaconcursos.com.br\/blog\/","name":"Estrat\u00e9gia Concursos","description":"O blog da Estrat\u00e9gia Concursos traz not\u00edcias sobre concursos e artigos de professores oferecendo cursos para concursos (pdf + videaulas) no site.","publisher":{"@id":"https:\/\/www.estrategiaconcursos.com.br\/blog\/#organization"},"potentialAction":[{"@type":"SearchAction","target":{"@type":"EntryPoint","urlTemplate":"https:\/\/www.estrategiaconcursos.com.br\/blog\/?s={search_term_string}"},"query-input":{"@type":"PropertyValueSpecification","valueRequired":true,"valueName":"search_term_string"}}],"inLanguage":"pt-BR"},{"@type":"Organization","@id":"https:\/\/www.estrategiaconcursos.com.br\/blog\/#organization","name":"Estrat\u00e9gia Concursos","url":"https:\/\/www.estrategiaconcursos.com.br\/blog\/","logo":{"@type":"ImageObject","inLanguage":"pt-BR","@id":"https:\/\/www.estrategiaconcursos.com.br\/blog\/#\/schema\/logo\/image\/","url":"https:\/\/dhg1h5j42swfq.cloudfront.net\/2025\/06\/03203428\/logo_concursos-1.jpg","contentUrl":"https:\/\/dhg1h5j42swfq.cloudfront.net\/2025\/06\/03203428\/logo_concursos-1.jpg","width":230,"height":60,"caption":"Estrat\u00e9gia Concursos"},"image":{"@id":"https:\/\/www.estrategiaconcursos.com.br\/blog\/#\/schema\/logo\/image\/"},"sameAs":["https:\/\/x.com\/EstratConcursos"]},{"@type":"Person","@id":"https:\/\/www.estrategiaconcursos.com.br\/blog\/#\/schema\/person\/b4a388c97673c5f483d72185668afa1f","name":"Coordena\u00e7\u00e3o","image":{"@type":"ImageObject","inLanguage":"pt-BR","@id":"https:\/\/secure.gravatar.com\/avatar\/b720319e4c9a967eb58678d110f4fe35452fc5d5f97b202bac7b8acceb18c6ad?s=96&d=mm&r=g","url":"https:\/\/secure.gravatar.com\/avatar\/b720319e4c9a967eb58678d110f4fe35452fc5d5f97b202bac7b8acceb18c6ad?s=96&d=mm&r=g","contentUrl":"https:\/\/secure.gravatar.com\/avatar\/b720319e4c9a967eb58678d110f4fe35452fc5d5f97b202bac7b8acceb18c6ad?s=96&d=mm&r=g","caption":"Coordena\u00e7\u00e3o"},"sameAs":["https:\/\/www.facebook.com\/EstrategiaConcursos","https:\/\/x.com\/EstratConcursos"],"url":"https:\/\/www.estrategiaconcursos.com.br\/blog\/author\/estrategia2013\/"}]}},"_links":{"self":[{"href":"https:\/\/www.estrategiaconcursos.com.br\/blog\/wp-json\/wp\/v2\/posts\/745264","targetHints":{"allow":["GET"]}}],"collection":[{"href":"https:\/\/www.estrategiaconcursos.com.br\/blog\/wp-json\/wp\/v2\/posts"}],"about":[{"href":"https:\/\/www.estrategiaconcursos.com.br\/blog\/wp-json\/wp\/v2\/types\/post"}],"author":[{"embeddable":true,"href":"https:\/\/www.estrategiaconcursos.com.br\/blog\/wp-json\/wp\/v2\/users\/1"}],"replies":[{"embeddable":true,"href":"https:\/\/www.estrategiaconcursos.com.br\/blog\/wp-json\/wp\/v2\/comments?post=745264"}],"version-history":[{"count":3,"href":"https:\/\/www.estrategiaconcursos.com.br\/blog\/wp-json\/wp\/v2\/posts\/745264\/revisions"}],"predecessor-version":[{"id":746463,"href":"https:\/\/www.estrategiaconcursos.com.br\/blog\/wp-json\/wp\/v2\/posts\/745264\/revisions\/746463"}],"wp:featuredmedia":[{"embeddable":true,"href":"https:\/\/www.estrategiaconcursos.com.br\/blog\/wp-json\/wp\/v2\/media\/703158"}],"wp:attachment":[{"href":"https:\/\/www.estrategiaconcursos.com.br\/blog\/wp-json\/wp\/v2\/media?parent=745264"}],"wp:term":[{"taxonomy":"category","embeddable":true,"href":"https:\/\/www.estrategiaconcursos.com.br\/blog\/wp-json\/wp\/v2\/categories?post=745264"},{"taxonomy":"post_tag","embeddable":true,"href":"https:\/\/www.estrategiaconcursos.com.br\/blog\/wp-json\/wp\/v2\/tags?post=745264"},{"taxonomy":"tax_estado","embeddable":true,"href":"https:\/\/www.estrategiaconcursos.com.br\/blog\/wp-json\/wp\/v2\/tax_estado?post=745264"}],"curies":[{"name":"wp","href":"https:\/\/api.w.org\/{rel}","templated":true}]}}