{"id":744878,"date":"2021-06-04T11:34:00","date_gmt":"2021-06-04T14:34:00","guid":{"rendered":"https:\/\/www.estrategiaconcursos.com.br\/blog\/?p=744878"},"modified":"2023-06-29T16:51:31","modified_gmt":"2023-06-29T19:51:31","slug":"o-que-sao-politicas-contabeis-e-possivel-altera-las","status":"publish","type":"post","link":"https:\/\/www.estrategiaconcursos.com.br\/blog\/o-que-sao-politicas-contabeis-e-possivel-altera-las\/","title":{"rendered":"O que s\u00e3o Pol\u00edticas Cont\u00e1beis? \u00c9 poss\u00edvel alter\u00e1-las?"},"content":{"rendered":"\n<p class=\"has-medium-font-size\">Voc\u00ea sabe o que s\u00e3o <strong>Pol\u00edticas Cont\u00e1beis? Seria poss\u00edvel uma pol\u00edtica cont\u00e1bil ser alterada?<\/strong> N\u00e3o saia deste artigo sem saber os principais pontos <\/p>\n\n\n\n<figure class=\"wp-block-image aligncenter size-medium\"><img loading=\"lazy\" decoding=\"async\" width=\"300\" height=\"200\" src=\"https:\/\/dhg1h5j42swfq.cloudfront.net\/2020\/04\/07154125\/contabilidade-1-300x200.jpg\" alt=\"O que s\u00e3o Estimativas Cont\u00e1beis?\" class=\"wp-image-501155\" srcset=\"https:\/\/dhg1h5j42swfq.cloudfront.net\/2020\/04\/07154125\/contabilidade-1-300x200.jpg 300w, https:\/\/dhg1h5j42swfq.cloudfront.net\/2020\/04\/07154125\/contabilidade-1-1024x683.jpg 1024w, https:\/\/dhg1h5j42swfq.cloudfront.net\/2020\/04\/07154125\/contabilidade-1-768x512.jpg 768w, https:\/\/dhg1h5j42swfq.cloudfront.net\/2020\/04\/07154125\/contabilidade-1-610x407.jpg 610w, https:\/\/dhg1h5j42swfq.cloudfront.net\/2020\/04\/07154125\/contabilidade-1.jpg 1254w\" sizes=\"auto, (max-width: 300px) 100vw, 300px\" \/><figcaption class=\"wp-element-caption\">O que s\u00e3o Pol\u00edticas Cont\u00e1beis?<\/figcaption><\/figure>\n\n\n\n<p>Ol\u00e1 Estrategista. Tudo joia?<\/p>\n\n\n\n<p>Neste artigo iremos entender o que s\u00e3o Pol\u00edticas Cont\u00e1beis e se \u00e9 poss\u00edvel alter\u00e1-las. <\/p>\n\n\n\n<h2 class=\"wp-block-heading\" id=\"h-politicas-contabeis\"><strong>Pol\u00edticas Cont\u00e1beis<\/strong><\/h2>\n\n\n\n<p>Em breve resumo, as Pol\u00edticas cont\u00e1beis s\u00e3o <strong>os princ\u00edpios, as bases, as conven\u00e7\u00f5es, as regras e as pr\u00e1ticas espec\u00edficas<\/strong> aplicados pela entidade na elabora\u00e7\u00e3o e na apresenta\u00e7\u00e3o de demonstra\u00e7\u00f5es cont\u00e1beis.<\/p>\n\n\n\n<p>Portanto, ao se falar em pol\u00edticas cont\u00e1beis, tamb\u00e9m nos referimos, inclusive, \u00e0s boas pr\u00e1ticas de estimativas cont\u00e1beis. <\/p>\n\n\n\n<p>Como bem sabemos, na contabilidade nem tudo se trata de valores exatos, mas sim de Estimativas: estimativas de perdas, desvaloriza\u00e7\u00e3o, ganhos&#8230; <\/p>\n\n\n\n<p>Nesse sentido, ser\u00e1 que devemos manter uma estimativa inicial, por mais que as condi\u00e7\u00f5es sejam alteradas? Bom, n\u00e3o \u00e9 bem assim, n\u00e3o \u00e9 mesmo? Em diversos momentos as estimativas s\u00e3o retificadas. <\/p>\n\n\n\n<p>Afinal, o que \u00e9 mudan\u00e7a na estimativa cont\u00e1bil?<\/p>\n\n\n\n<p>Mudan\u00e7a na estimativa cont\u00e1bil \u00e9 um ajuste nos saldos cont\u00e1beis de ativo ou de passivo, ou nos montantes relativos ao consumo peri\u00f3dico de ativo, que decorre da avalia\u00e7\u00e3o da situa\u00e7\u00e3o atual e das obriga\u00e7\u00f5es e dos benef\u00edcios futuros esperados associados aos ativos e passivos.<\/p>\n\n\n\n<p>As altera\u00e7\u00f5es nas estimativas cont\u00e1beis decorrem de nova informa\u00e7\u00e3o ou inova\u00e7\u00f5es e, portanto, <strong>n\u00e3o s\u00e3o retifica\u00e7\u00f5es de erros<\/strong>.<\/p>\n\n\n\n<p>Erros de per\u00edodos anteriores s\u00e3o omiss\u00f5es e incorre\u00e7\u00f5es nas demonstra\u00e7\u00f5es cont\u00e1beis da entidade de um ou mais per\u00edodos anteriores decorrentes da falta de uso, ou uso incorreto, de informa\u00e7\u00e3o confi\u00e1vel que:<\/p>\n\n\n\n<p>(a) &nbsp; &nbsp; &nbsp; estava dispon\u00edvel quando da autoriza\u00e7\u00e3o para divulga\u00e7\u00e3o das demonstra\u00e7\u00f5es cont\u00e1beis desses per\u00edodos; <strong>e<\/strong><\/p>\n\n\n\n<p>(b) &nbsp; &nbsp; &nbsp; pudesse ter sido razoavelmente obtida e levada em considera\u00e7\u00e3o na elabora\u00e7\u00e3o e na apresenta\u00e7\u00e3o dessas demonstra\u00e7\u00f5es cont\u00e1beis.<\/p>\n\n\n\n<p>Tais erros incluem os efeitos de erros matem\u00e1ticos, erros na aplica\u00e7\u00e3o de pol\u00edticas cont\u00e1beis, descuidos ou interpreta\u00e7\u00f5es incorretas de fatos e fraudes.<\/p>\n\n\n\n<p><strong>Aplica\u00e7\u00e3o retrospectiva<\/strong> \u00e9 a aplica\u00e7\u00e3o de nova pol\u00edtica cont\u00e1bil a transa\u00e7\u00f5es, a outros eventos e a condi\u00e7\u00f5es, como se essa pol\u00edtica tivesse sido <strong>sempre aplicada<\/strong>.<\/p>\n\n\n\n<p>Por outro lado, <strong>Reapresenta\u00e7\u00e3o retrospectiva<\/strong> \u00e9 a corre\u00e7\u00e3o do reconhecimento, da mensura\u00e7\u00e3o e da divulga\u00e7\u00e3o de valores de elementos das demonstra\u00e7\u00f5es cont\u00e1beis, como se um erro de per\u00edodos anteriores <strong>nunca tivesse ocorrido<\/strong>.<\/p>\n\n\n\n<p><strong>A aplica\u00e7\u00e3o impratic\u00e1vel<\/strong> de requisito ocorre quando a entidade n\u00e3o pode aplic\u00e1-lo depois de ter feito todos os esfor\u00e7os razo\u00e1veis nesse sentido.<\/p>\n\n\n\n<p>Por fim, <strong>aplica\u00e7\u00e3o prospectiva<\/strong> de mudan\u00e7a em pol\u00edtica cont\u00e1bil e de reconhecimento do efeito de mudan\u00e7a em estimativa cont\u00e1bil representa, respectivamente:<\/p>\n\n\n\n<p>(a) &nbsp; a aplica\u00e7\u00e3o da nova pol\u00edtica cont\u00e1bil a transa\u00e7\u00f5es, a outros eventos e a condi\u00e7\u00f5es que ocorram ap\u00f3s a data em que a pol\u00edtica \u00e9 alterada; e<\/p>\n\n\n\n<p>(b) &nbsp; o reconhecimento do efeito da mudan\u00e7a na estimativa cont\u00e1bil nos per\u00edodos corrente e futuro afetados pela mudan\u00e7a.<\/p>\n\n\n\n<h2 class=\"wp-block-heading\" id=\"h-politicas-contabeis-1\"><strong>Pol\u00edticas Cont\u00e1beis<\/strong><\/h2>\n\n\n\n<p>Os Pronunciamentos, Interpreta\u00e7\u00f5es e Orienta\u00e7\u00f5es estabelecem pol\u00edticas cont\u00e1beis. Todavia, essas pol\u00edticas n\u00e3o precisam ser aplicadas quando o efeito da sua aplica\u00e7\u00e3o for imaterial.<\/p>\n\n\n\n<p>Na aus\u00eancia de Pronunciamento, Interpreta\u00e7\u00e3o ou Orienta\u00e7\u00e3o que se aplique especificamente a uma transa\u00e7\u00e3o, outro evento ou condi\u00e7\u00e3o, a administra\u00e7\u00e3o exercer\u00e1 seu <strong>julgamento<\/strong> no desenvolvimento e na aplica\u00e7\u00e3o de pol\u00edtica cont\u00e1bil, que seja <strong>relevante e confi\u00e1vel.<\/strong><\/p>\n\n\n\n<h2 class=\"wp-block-heading\" id=\"h-mudanca-nas-politicas-contabeis\"><strong>Mudan\u00e7a nas Pol\u00edticas Cont\u00e1beis<\/strong><\/h2>\n\n\n\n<p>A entidade deve alterar uma pol\u00edtica cont\u00e1bil apenas se a mudan\u00e7a:<\/p>\n\n\n\n<p>(a)&nbsp; for exigida por Pronunciamento, Interpreta\u00e7\u00e3o ou Orienta\u00e7\u00e3o; ou<\/p>\n\n\n\n<p>(b)&nbsp; resultar em informa\u00e7\u00e3o confi\u00e1vel e mais relevante nas demonstra\u00e7\u00f5es cont\u00e1beis sobre os efeitos das transa\u00e7\u00f5es, outros eventos ou condi\u00e7\u00f5es acerca da posi\u00e7\u00e3o patrimonial e financeira, do desempenho ou dos fluxos de caixa da entidade.<\/p>\n\n\n\n<p>Os usu\u00e1rios das demonstra\u00e7\u00f5es cont\u00e1beis devem ter a possibilidade de <strong>comparar as demonstra\u00e7\u00f5es cont\u00e1beis<\/strong> da entidade ao longo do tempo para <strong>identificar tend\u00eancias<\/strong> na sua posi\u00e7\u00e3o patrimonial e financeira, no seu desempenho e nos seus fluxos de caixa.<\/p>\n\n\n\n<p>Por isso, devem ser aplicadas as <strong>mesmas pol\u00edticas cont\u00e1beis<\/strong> em cada per\u00edodo e de um per\u00edodo para o outro, a menos que uma mudan\u00e7a em pol\u00edtica cont\u00e1bil seja exigida ou resulte em informa\u00e7\u00e3o confi\u00e1vel e mais relevante.<\/p>\n\n\n\n<p><strong>N\u00e3o constituem mudan\u00e7as nas pol\u00edticas cont\u00e1beis<\/strong>:<\/p>\n\n\n\n<p>(a)&nbsp; a ado\u00e7\u00e3o de pol\u00edtica cont\u00e1bil para transa\u00e7\u00f5es, outros eventos ou condi\u00e7\u00f5es que difiram em ess\u00eancia daqueles que ocorriam anteriormente;<\/p>\n\n\n\n<p>(b)&nbsp; a ado\u00e7\u00e3o de nova pol\u00edtica cont\u00e1bil para transa\u00e7\u00f5es, outros eventos ou condi\u00e7\u00f5es que n\u00e3o ocorriam anteriormente ou eram imateriais.<\/p>\n\n\n\n<h2 class=\"wp-block-heading\" id=\"h-aplicacao-retrospectiva-de-politica-contabil\"><strong>Aplica\u00e7\u00e3o Retrospectiva de Pol\u00edtica Cont\u00e1bil<\/strong><\/h2>\n\n\n\n<p>Quando uma mudan\u00e7a na pol\u00edtica cont\u00e1bil \u00e9 aplicada retrospectivamente, a entidade deve <strong>ajustar o saldo de abertura<\/strong> de cada componente do patrim\u00f4nio l\u00edquido afetado para o per\u00edodo anterior mais antigo apresentado e os demais montantes comparativos divulgados para cada per\u00edodo anterior apresentado, <strong>como se a nova pol\u00edtica cont\u00e1bil tivesse sempre sido aplicada<\/strong>.<\/p>\n\n\n\n<p>Quando a aplica\u00e7\u00e3o retrospectiva for exigida, uma mudan\u00e7a na pol\u00edtica cont\u00e1bil deve ser aplicada retrospectivamente, exceto quando for impratic\u00e1vel determinar os efeitos espec\u00edficos do per\u00edodo ou o efeito cumulativo da mudan\u00e7a.<\/p>\n\n\n\n<p>Quando a entidade aplicar a nova pol\u00edtica cont\u00e1bil retrospectivamente, ela deve aplicar a nova pol\u00edtica cont\u00e1bil \u00e0 informa\u00e7\u00e3o comparativa para per\u00edodos anteriores <strong>t\u00e3o antigos quanto for pratic\u00e1vel<\/strong>.<\/p>\n\n\n\n<p>Todavia, quando for impratic\u00e1vel \u00e0 entidade aplicar a nova pol\u00edtica cont\u00e1bil retrospectivamente, porque n\u00e3o pode determinar o efeito cumulativo da aplica\u00e7\u00e3o da pol\u00edtica a todos os per\u00edodos anteriores, a entidade, deve aplicar a nova pol\u00edtica <strong>prospectivamente<\/strong> desde o in\u00edcio do per\u00edodo mais antigo pratic\u00e1vel.<\/p>\n\n\n\n<h2 class=\"wp-block-heading\" id=\"h-mudanca-nas-estimativas-contabeis\"><strong>Mudan\u00e7a nas Estimativas Cont\u00e1beis<\/strong><\/h2>\n\n\n\n<p>Como consequ\u00eancia das incertezas inerentes \u00e0s atividades empresariais, muitos itens nas demonstra\u00e7\u00f5es cont\u00e1beis n<strong>\u00e3o podem ser mensurados com precis\u00e3o, podendo apenas ser estimados<\/strong>.<\/p>\n\n\n\n<p>A estimativa envolve julgamentos baseados na \u00faltima informa\u00e7\u00e3o dispon\u00edvel e confi\u00e1vel. Por exemplo, podem ser exigidas estimativas de:<\/p>\n\n\n\n<p>(a)&nbsp; cr\u00e9ditos de liquida\u00e7\u00e3o duvidosa;<\/p>\n\n\n\n<p>(b)&nbsp; obsolesc\u00eancia de estoque;<\/p>\n\n\n\n<p>(c)&nbsp; valor justo de ativos financeiros ou passivos financeiros;<\/p>\n\n\n\n<p>(d)&nbsp; vida \u00fatil de ativos depreci\u00e1veis ou o padr\u00e3o esperado de consumo dos futuros benef\u00edcios econ\u00f4micos incorporados nesses ativos; e<\/p>\n\n\n\n<p>(e)&nbsp; obriga\u00e7\u00f5es decorrentes de garantias.<\/p>\n\n\n\n<p>N\u00e3o obstante, o uso de estimativas razo\u00e1veis \u00e9 parte essencial da elabora\u00e7\u00e3o de demonstra\u00e7\u00f5es cont\u00e1beis e <strong>n\u00e3o reduz sua confiabilidade<\/strong>.<\/p>\n\n\n\n<p>Ademais, <strong>a estimativa pode necessitar de revis\u00e3o<\/strong> se ocorrerem altera\u00e7\u00f5es nas circunst\u00e2ncias em que a estimativa se baseou ou em consequ\u00eancia de novas informa\u00e7\u00f5es ou de maior experi\u00eancia.<\/p>\n\n\n\n<p>Dada a sua natureza, a revis\u00e3o da estimativa <strong>n\u00e3o se relaciona com per\u00edodos anteriores nem representa corre\u00e7\u00e3o de erros.<\/strong><\/p>\n\n\n\n<p><strong>A mudan\u00e7a na base de avalia\u00e7\u00e3o \u00e9 uma mudan\u00e7a na pol\u00edtica cont\u00e1bil e n\u00e3o uma mudan\u00e7a na estimativa cont\u00e1bil.<\/strong><\/p>\n\n\n\n<p><strong>Quando for dif\u00edcil distinguir uma mudan\u00e7a na pol\u00edtica cont\u00e1bil de uma mudan\u00e7a na estimativa cont\u00e1bil, a mudan\u00e7a \u00e9 tratada como mudan\u00e7a na estimativa cont\u00e1bil.<\/strong><\/p>\n\n\n\n<p>Se a mudan\u00e7a na estimativa cont\u00e1bil resultar em mudan\u00e7as em ativos e passivos, ou relacionar-se a componente do patrim\u00f4nio l\u00edquido, ela deve ser reconhecida pelo ajuste no correspondente item do ativo, do passivo ou do patrim\u00f4nio l\u00edquido no per\u00edodo da mudan\u00e7a.<\/p>\n\n\n\n<p>O reconhecimento <strong>prospectivo<\/strong> do efeito de mudan\u00e7a na estimativa cont\u00e1bil significa que a mudan\u00e7a \u00e9 aplicada a transa\u00e7\u00f5es, a outros eventos e a condi\u00e7\u00f5es <strong>a partir da data da mudan\u00e7a na estimativa<\/strong>.<\/p>\n\n\n\n<h2 class=\"wp-block-heading\" id=\"h-retificacao-de-erro\"><strong>Retifica\u00e7\u00e3o de Erro<\/strong><\/h2>\n\n\n\n<p>As demonstra\u00e7\u00f5es cont\u00e1beis n\u00e3o estar\u00e3o em conformidade com os Pronunciamentos, Interpreta\u00e7\u00f5es e Orienta\u00e7\u00f5es deste CPC se contiverem erros materiais ou erros <strong>imateriais<\/strong> cometidos intencionalmente para alcan\u00e7ar determinada apresenta\u00e7\u00e3o da posi\u00e7\u00e3o patrimonial e financeira, do desempenho ou dos fluxos de caixa da entidade.<\/p>\n\n\n\n<p>Os potenciais erros do <strong>per\u00edodo corrente<\/strong> descobertos nesse per\u00edodo devem ser corrigidos <strong>antes de as demonstra\u00e7\u00f5es cont\u00e1beis serem autorizadas para publica\u00e7\u00e3o.<\/strong><\/p>\n\n\n\n<p>A entidade deve corrigir os erros materiais de per\u00edodos anteriores <strong>retrospectivamente<\/strong> no primeiro conjunto de demonstra\u00e7\u00f5es cont\u00e1beis cuja autoriza\u00e7\u00e3o para publica\u00e7\u00e3o ocorra ap\u00f3s a descoberta de tais erros.<\/p>\n\n\n\n<h3 class=\"wp-block-heading\" id=\"h-limitacao-a-reapresentacao-retrospectiva\"><strong>Limita\u00e7\u00e3o \u00e0 reapresenta\u00e7\u00e3o retrospectiva<\/strong><\/h3>\n\n\n\n<p>Um erro de per\u00edodo anterior deve ser corrigido por reapresenta\u00e7\u00e3o retrospectiva, salvo quando for impratic\u00e1vel determinar os efeitos espec\u00edficos do per\u00edodo ou o efeito cumulativo do erro.<\/p>\n\n\n\n<p>A retifica\u00e7\u00e3o de erro do per\u00edodo<strong> anterior<\/strong> deve ser exclu\u00edda dos resultados do <strong>per\u00edodo em que o erro \u00e9 descoberto<\/strong>.<\/p>\n\n\n\n<p>Qualquer informa\u00e7\u00e3o apresentada sobre <strong>per\u00edodos anteriores<\/strong>, deve ser retificada para per\u00edodos t\u00e3o antigos quanto for pratic\u00e1vel.As <strong>corre\u00e7\u00f5es de erro<\/strong> distinguem-se de <strong>mudan\u00e7as nas estimativas cont\u00e1beis<\/strong>.<\/p>\n\n\n\n<h2 class=\"wp-block-heading has-text-align-center\" id=\"h-cursos-e-assinaturas\">Cursos e Assinaturas<\/h2>\n\n\n\n<div class=\"container\" id=\"boxes\">\n  <div class=\"row\">\n\n    <div class=\"col-sm\">\n      <div class=\"banner-tribunal\" id=\"box-assinatura\">\n        <h3 class=\"titulo-assinatura\">Cursos para Carreiras Jur\u00eddicas<\/h3>\n        <p class=\"subtitulo-assinatura\">Conhe\u00e7a os cursos<\/p>\n        <div class=\"box-botao\">\n          <a class=\"btn-assinatura\" target=\"_blank\" href=\"https:\/\/www.estrategiaconcursos.com.br\/cursosPorConcurso\/assinaturas-carreira-juridica\/\" rel=\"noopener noreferrer\">Conhe\u00e7a mais<\/a>\n        <\/div>\n      <\/div>\n      <p class=\"texto-auxiliar\">Prepare-se com o melhor material e com quem mais aprova em Concursos P\u00fablicos em todo o pa\u00eds.<\/p>\n    <\/div>\n\n  <\/div>\n<\/div>\n\n\n\n<div class=\"container\" id=\"boxes\">\n  <div class=\"row\">\n\n    <div class=\"col-sm\">\n      <div class=\"banner-ecj\" id=\"box-assinatura\">\n        <h3 class=\"titulo-assinatura\">Assinatura Jur\u00eddica <\/h3>\n        <p class=\"subtitulo-assinatura\">Conhe\u00e7a os planos<\/p>\n        <div class=\"box-botao\">\n          <a class=\"btn-assinatura\" target=\"_blank\" href=\"https:\/\/www.estrategiaconcursos.com.br\/assinaturas-ecj\/\" role=\"button\" rel=\"noopener noreferrer\">Conhe\u00e7a mais<\/a>\n        <\/div>\n      <\/div>\n      <p class=\"texto-auxiliar\">Prepare-se com o melhor material e com quem mais aprova em Concursos P\u00fablicos em todo o pa\u00eds. \n<\/p>\n    <\/div>\n\n  <\/div>\n<\/div>\n\n\n\n<p>At\u00e9 mais!!<\/p>\n\n\n\n<p>Leandro Ricardo M. Silveira<\/p>\n\n\n\n<p><strong>Instagram: <\/strong><a href=\"https:\/\/www.instagram.com\/leandro.rms12\/\">https:\/\/www.instagram.com\/leandro.rms12\/<\/a><\/p>\n\n\n\n<p class=\"has-text-align-center has-medium-font-size\"><em><strong>Assinatura Anual Ilimitada*<\/strong><\/em><\/p>\n\n\n\n<p class=\"has-text-align-center\"><em>Prepare-se com o melhor material e com quem mais aprova em Concursos P\u00fablicos em todo o pa\u00eds. Assine agora a nossa Assinatura Anual e tenha acesso ilimitado* a todos os nossos cursos.<\/em><\/p>\n\n\n\n<p class=\"has-text-align-center has-light-green-cyan-background-color has-background\" style=\"font-size:clamp(14.642px, 0.915rem + ((1vw - 3.2px) * 0.721), 22px);px\"><strong>ASSINE AGORA<\/strong>&nbsp;\u2013&nbsp;<strong><a href=\"https:\/\/www.estrategiaconcursos.com.br\/assinaturas\" target=\"_blank\" rel=\"noreferrer noopener\">Assinatura Ilimitada<\/a><\/strong><\/p>\n\n\n\n<p class=\"has-text-align-center has-medium-font-size\"><strong><em><strong>Sistema de Quest\u00f5es<\/strong><\/em><\/strong><\/p>\n\n\n\n<p class=\"has-text-align-center\"><em>Estrat\u00e9gia Quest\u00f5es nasceu maior do que todos os concorrentes, com mais quest\u00f5es cadastradas e mais solu\u00e7\u00f5es por professores. Ent\u00e3o, confira e aproveite os descontos e b\u00f4nus imperd\u00edveis!<\/em><\/p>\n\n\n\n<p class=\"has-text-align-center has-vivid-green-cyan-background-color has-background\" style=\"font-size:clamp(14.642px, 0.915rem + ((1vw - 3.2px) * 0.721), 22px);px\"><strong>ASSINE AGORA \u2013&nbsp;<a href=\"https:\/\/questoes.estrategiaconcursos.com.br\/\" target=\"_blank\" rel=\"noreferrer noopener\">Sistema de Quest\u00f5es<\/a><\/strong><\/p>\n\n\n\n<p class=\"has-text-align-center has-medium-font-size\"><strong><em>Fique por dentro dos concursos em aberto<\/em><\/strong><\/p>\n\n\n\n<p class=\"has-text-align-center has-pale-cyan-blue-background-color has-background\" style=\"font-size:clamp(14.642px, 0.915rem + ((1vw - 3.2px) * 0.721), 22px);px\"><a href=\"https:\/\/www.estrategiaconcursos.com.br\/blog\/concursos-abertos\/\" target=\"_blank\" rel=\"noreferrer noopener\"><strong>CONCURSOS ABERTOS<\/strong><\/a><\/p>\n\n\n\n<p class=\"has-text-align-center has-medium-font-size\"><strong><em>As oportunidades previstas<\/em><\/strong><\/p>\n\n\n\n<p class=\"has-text-align-center has-pale-cyan-blue-background-color has-background\" style=\"font-size:clamp(14.642px, 0.915rem + ((1vw - 3.2px) * 0.721), 22px);px\"><a href=\"https:\/\/www.estrategiaconcursos.com.br\/blog\/concursos-2021\/\" target=\"_blank\" rel=\"noreferrer noopener\"><strong>CONCURSOS 2021<\/strong><\/a><\/p>\n","protected":false},"excerpt":{"rendered":"<p>Voc\u00ea sabe o que s\u00e3o Pol\u00edticas Cont\u00e1beis? Seria poss\u00edvel uma pol\u00edtica cont\u00e1bil ser alterada? N\u00e3o saia deste artigo sem saber os principais pontos Ol\u00e1 Estrategista. Tudo joia? Neste artigo iremos entender o que s\u00e3o Pol\u00edticas Cont\u00e1beis e se \u00e9 poss\u00edvel alter\u00e1-las. Pol\u00edticas Cont\u00e1beis Em breve resumo, as Pol\u00edticas cont\u00e1beis s\u00e3o os princ\u00edpios, as bases, as [&hellip;]<\/p>\n","protected":false},"author":1668,"featured_media":501155,"comment_status":"open","ping_status":"closed","sticky":false,"template":"","format":"standard","meta":{"post_tipo":"article","footnotes":""},"categories":[220015,1983,1984],"tags":[192405],"tax_estado":[219964,219965,219966,219967,219968,219969,219963,219970,219971,219972,219973,219974,219975,219976,219977,219978,219979,219980,219981,219982,219983,219984,219985,219986,219987,219988,219989,219990],"class_list":["post-744878","post","type-post","status-publish","format-standard","has-post-thumbnail","hentry","category-cfc","category-fiscal-estadual","category-tribunais","tag-estimativa-contabil","tax_estado-ac","tax_estado-al","tax_estado-am","tax_estado-ap","tax_estado-ba","tax_estado-ce","tax_estado-concursos-federais","tax_estado-df","tax_estado-es","tax_estado-go","tax_estado-ma","tax_estado-mg","tax_estado-ms","tax_estado-mt","tax_estado-pa","tax_estado-pb","tax_estado-pe","tax_estado-pi","tax_estado-pr","tax_estado-rj","tax_estado-rn","tax_estado-ro","tax_estado-rr","tax_estado-rs","tax_estado-sc","tax_estado-se","tax_estado-sp","tax_estado-to"],"acf":[],"yoast_head":"<!-- This site is optimized with the Yoast SEO Premium plugin v27.2 (Yoast SEO v27.2) - https:\/\/yoast.com\/product\/yoast-seo-premium-wordpress\/ -->\n<title>O que s\u00e3o Pol\u00edticas Cont\u00e1beis? \u00c9 poss\u00edvel alter\u00e1-las?<\/title>\n<meta name=\"description\" content=\"Voc\u00ea sabe o que s\u00e3o Pol\u00edticas Cont\u00e1beis? Seria poss\u00edvel uma pol\u00edtica cont\u00e1bil ser alterada? N\u00e3o saia deste artigo sem saber\" \/>\n<meta name=\"robots\" content=\"index, follow, max-snippet:-1, max-image-preview:large, max-video-preview:-1\" \/>\n<link rel=\"canonical\" href=\"https:\/\/www.estrategiaconcursos.com.br\/blog\/o-que-sao-politicas-contabeis-e-possivel-altera-las\/\" \/>\n<meta property=\"og:locale\" content=\"pt_BR\" \/>\n<meta property=\"og:type\" content=\"article\" \/>\n<meta property=\"og:title\" content=\"O que s\u00e3o Pol\u00edticas Cont\u00e1beis? \u00c9 poss\u00edvel alter\u00e1-las?\" \/>\n<meta property=\"og:description\" content=\"Voc\u00ea sabe o que s\u00e3o Pol\u00edticas Cont\u00e1beis? Seria poss\u00edvel uma pol\u00edtica cont\u00e1bil ser alterada? N\u00e3o saia deste artigo sem saber\" \/>\n<meta property=\"og:url\" content=\"https:\/\/www.estrategiaconcursos.com.br\/blog\/o-que-sao-politicas-contabeis-e-possivel-altera-las\/\" \/>\n<meta property=\"og:site_name\" content=\"Estrat\u00e9gia Concursos\" \/>\n<meta property=\"article:published_time\" content=\"2021-06-04T14:34:00+00:00\" \/>\n<meta property=\"article:modified_time\" content=\"2023-06-29T19:51:31+00:00\" \/>\n<meta property=\"og:image\" content=\"https:\/\/dhg1h5j42swfq.cloudfront.net\/2020\/04\/07154125\/contabilidade-1.jpg\" \/>\n\t<meta property=\"og:image:width\" content=\"1254\" \/>\n\t<meta property=\"og:image:height\" content=\"836\" \/>\n\t<meta property=\"og:image:type\" content=\"image\/jpeg\" \/>\n<meta name=\"author\" content=\"Leandro Ricardo Machado da Silveira\" \/>\n<meta name=\"twitter:card\" content=\"summary_large_image\" \/>\n<meta name=\"twitter:creator\" content=\"@EstratConcursos\" \/>\n<meta name=\"twitter:site\" content=\"@EstratConcursos\" \/>\n<meta name=\"twitter:label1\" content=\"Escrito por\" \/>\n\t<meta name=\"twitter:data1\" content=\"Leandro Ricardo Machado da Silveira\" \/>\n\t<meta name=\"twitter:label2\" content=\"Est. tempo de leitura\" \/>\n\t<meta name=\"twitter:data2\" content=\"7 minutos\" \/>\n<script type=\"application\/ld+json\" class=\"yoast-schema-graph\">{\"@context\":\"https:\/\/schema.org\",\"@graph\":[{\"@type\":\"NewsArticle\",\"@id\":\"https:\/\/www.estrategiaconcursos.com.br\/blog\/o-que-sao-politicas-contabeis-e-possivel-altera-las\/#article\",\"isPartOf\":{\"@id\":\"https:\/\/www.estrategiaconcursos.com.br\/blog\/o-que-sao-politicas-contabeis-e-possivel-altera-las\/\"},\"author\":{\"name\":\"Leandro Ricardo Machado da Silveira\",\"@id\":\"https:\/\/www.estrategiaconcursos.com.br\/blog\/#\/schema\/person\/c666a44fbce7e2e70009a9c13549267a\"},\"headline\":\"O que s\u00e3o Pol\u00edticas Cont\u00e1beis? \u00c9 poss\u00edvel alter\u00e1-las?\",\"datePublished\":\"2021-06-04T14:34:00+00:00\",\"dateModified\":\"2023-06-29T19:51:31+00:00\",\"mainEntityOfPage\":{\"@id\":\"https:\/\/www.estrategiaconcursos.com.br\/blog\/o-que-sao-politicas-contabeis-e-possivel-altera-las\/\"},\"wordCount\":1806,\"commentCount\":0,\"publisher\":{\"@id\":\"https:\/\/www.estrategiaconcursos.com.br\/blog\/#organization\"},\"image\":{\"@id\":\"https:\/\/www.estrategiaconcursos.com.br\/blog\/o-que-sao-politicas-contabeis-e-possivel-altera-las\/#primaryimage\"},\"thumbnailUrl\":\"https:\/\/dhg1h5j42swfq.cloudfront.net\/2020\/04\/07154125\/contabilidade-1.jpg\",\"keywords\":[\"estimativa cont\u00e1bil\"],\"articleSection\":[\"CFC\",\"Fiscal - Estadual (ICMS)\",\"Tribunais\"],\"inLanguage\":\"pt-BR\",\"potentialAction\":[{\"@type\":\"CommentAction\",\"name\":\"Comment\",\"target\":[\"https:\/\/www.estrategiaconcursos.com.br\/blog\/o-que-sao-politicas-contabeis-e-possivel-altera-las\/#respond\"]}],\"copyrightYear\":\"2021\",\"copyrightHolder\":{\"@id\":\"https:\/\/www.estrategiaconcursos.com.br\/blog\/#organization\"}},{\"@type\":\"WebPage\",\"@id\":\"https:\/\/www.estrategiaconcursos.com.br\/blog\/o-que-sao-politicas-contabeis-e-possivel-altera-las\/\",\"url\":\"https:\/\/www.estrategiaconcursos.com.br\/blog\/o-que-sao-politicas-contabeis-e-possivel-altera-las\/\",\"name\":\"O que s\u00e3o Pol\u00edticas Cont\u00e1beis? \u00c9 poss\u00edvel alter\u00e1-las?\",\"isPartOf\":{\"@id\":\"https:\/\/www.estrategiaconcursos.com.br\/blog\/#website\"},\"primaryImageOfPage\":{\"@id\":\"https:\/\/www.estrategiaconcursos.com.br\/blog\/o-que-sao-politicas-contabeis-e-possivel-altera-las\/#primaryimage\"},\"image\":{\"@id\":\"https:\/\/www.estrategiaconcursos.com.br\/blog\/o-que-sao-politicas-contabeis-e-possivel-altera-las\/#primaryimage\"},\"thumbnailUrl\":\"https:\/\/dhg1h5j42swfq.cloudfront.net\/2020\/04\/07154125\/contabilidade-1.jpg\",\"datePublished\":\"2021-06-04T14:34:00+00:00\",\"dateModified\":\"2023-06-29T19:51:31+00:00\",\"description\":\"Voc\u00ea sabe o que s\u00e3o Pol\u00edticas Cont\u00e1beis? Seria poss\u00edvel uma pol\u00edtica cont\u00e1bil ser alterada? N\u00e3o saia deste artigo sem saber\",\"breadcrumb\":{\"@id\":\"https:\/\/www.estrategiaconcursos.com.br\/blog\/o-que-sao-politicas-contabeis-e-possivel-altera-las\/#breadcrumb\"},\"inLanguage\":\"pt-BR\",\"potentialAction\":[{\"@type\":\"ReadAction\",\"target\":[\"https:\/\/www.estrategiaconcursos.com.br\/blog\/o-que-sao-politicas-contabeis-e-possivel-altera-las\/\"]}]},{\"@type\":\"ImageObject\",\"inLanguage\":\"pt-BR\",\"@id\":\"https:\/\/www.estrategiaconcursos.com.br\/blog\/o-que-sao-politicas-contabeis-e-possivel-altera-las\/#primaryimage\",\"url\":\"https:\/\/dhg1h5j42swfq.cloudfront.net\/2020\/04\/07154125\/contabilidade-1.jpg\",\"contentUrl\":\"https:\/\/dhg1h5j42swfq.cloudfront.net\/2020\/04\/07154125\/contabilidade-1.jpg\",\"width\":1254,\"height\":836,\"caption\":\"Plano de Conta Cont\u00e1bil\"},{\"@type\":\"BreadcrumbList\",\"@id\":\"https:\/\/www.estrategiaconcursos.com.br\/blog\/o-que-sao-politicas-contabeis-e-possivel-altera-las\/#breadcrumb\",\"itemListElement\":[{\"@type\":\"ListItem\",\"position\":1,\"name\":\"In\u00edcio\",\"item\":\"https:\/\/www.estrategiaconcursos.com.br\/blog\/\"},{\"@type\":\"ListItem\",\"position\":2,\"name\":\"O que s\u00e3o Pol\u00edticas Cont\u00e1beis? \u00c9 poss\u00edvel alter\u00e1-las?\"}]},{\"@type\":\"WebSite\",\"@id\":\"https:\/\/www.estrategiaconcursos.com.br\/blog\/#website\",\"url\":\"https:\/\/www.estrategiaconcursos.com.br\/blog\/\",\"name\":\"Estrat\u00e9gia Concursos\",\"description\":\"O blog da Estrat\u00e9gia Concursos traz not\u00edcias sobre concursos e artigos de professores oferecendo cursos para concursos (pdf + videaulas) no site.\",\"publisher\":{\"@id\":\"https:\/\/www.estrategiaconcursos.com.br\/blog\/#organization\"},\"potentialAction\":[{\"@type\":\"SearchAction\",\"target\":{\"@type\":\"EntryPoint\",\"urlTemplate\":\"https:\/\/www.estrategiaconcursos.com.br\/blog\/?s={search_term_string}\"},\"query-input\":{\"@type\":\"PropertyValueSpecification\",\"valueRequired\":true,\"valueName\":\"search_term_string\"}}],\"inLanguage\":\"pt-BR\"},{\"@type\":\"Organization\",\"@id\":\"https:\/\/www.estrategiaconcursos.com.br\/blog\/#organization\",\"name\":\"Estrat\u00e9gia Concursos\",\"url\":\"https:\/\/www.estrategiaconcursos.com.br\/blog\/\",\"logo\":{\"@type\":\"ImageObject\",\"inLanguage\":\"pt-BR\",\"@id\":\"https:\/\/www.estrategiaconcursos.com.br\/blog\/#\/schema\/logo\/image\/\",\"url\":\"https:\/\/dhg1h5j42swfq.cloudfront.net\/2025\/06\/03203428\/logo_concursos-1.jpg\",\"contentUrl\":\"https:\/\/dhg1h5j42swfq.cloudfront.net\/2025\/06\/03203428\/logo_concursos-1.jpg\",\"width\":230,\"height\":60,\"caption\":\"Estrat\u00e9gia Concursos\"},\"image\":{\"@id\":\"https:\/\/www.estrategiaconcursos.com.br\/blog\/#\/schema\/logo\/image\/\"},\"sameAs\":[\"https:\/\/x.com\/EstratConcursos\"]},{\"@type\":\"Person\",\"@id\":\"https:\/\/www.estrategiaconcursos.com.br\/blog\/#\/schema\/person\/c666a44fbce7e2e70009a9c13549267a\",\"name\":\"Leandro Ricardo Machado da Silveira\",\"image\":{\"@type\":\"ImageObject\",\"inLanguage\":\"pt-BR\",\"@id\":\"https:\/\/secure.gravatar.com\/avatar\/6fb25994d16b9649838400aa459b16c1c83f558e0fd6ebebd16da0473908b291?s=96&d=mm&r=g\",\"url\":\"https:\/\/secure.gravatar.com\/avatar\/6fb25994d16b9649838400aa459b16c1c83f558e0fd6ebebd16da0473908b291?s=96&d=mm&r=g\",\"contentUrl\":\"https:\/\/secure.gravatar.com\/avatar\/6fb25994d16b9649838400aa459b16c1c83f558e0fd6ebebd16da0473908b291?s=96&d=mm&r=g\",\"caption\":\"Leandro Ricardo Machado da Silveira\"},\"description\":\"Engenheiro Aeron\u00e1utico, formado pela Universidade Federal de Uberl\u00e2ndia, possui MBA em Administra\u00e7\u00e3o e Finan\u00e7as Corporativas e aprovado nos concursos de Auditor Fiscal SEFAZ-SC e SEFAZ-GO.\",\"url\":\"https:\/\/www.estrategiaconcursos.com.br\/blog\/author\/leandro_vzthotmail-com\/\"}]}<\/script>\n<!-- \/ Yoast SEO Premium plugin. -->","yoast_head_json":{"title":"O que s\u00e3o Pol\u00edticas Cont\u00e1beis? \u00c9 poss\u00edvel alter\u00e1-las?","description":"Voc\u00ea sabe o que s\u00e3o Pol\u00edticas Cont\u00e1beis? Seria poss\u00edvel uma pol\u00edtica cont\u00e1bil ser alterada? N\u00e3o saia deste artigo sem saber","robots":{"index":"index","follow":"follow","max-snippet":"max-snippet:-1","max-image-preview":"max-image-preview:large","max-video-preview":"max-video-preview:-1"},"canonical":"https:\/\/www.estrategiaconcursos.com.br\/blog\/o-que-sao-politicas-contabeis-e-possivel-altera-las\/","og_locale":"pt_BR","og_type":"article","og_title":"O que s\u00e3o Pol\u00edticas Cont\u00e1beis? \u00c9 poss\u00edvel alter\u00e1-las?","og_description":"Voc\u00ea sabe o que s\u00e3o Pol\u00edticas Cont\u00e1beis? Seria poss\u00edvel uma pol\u00edtica cont\u00e1bil ser alterada? N\u00e3o saia deste artigo sem saber","og_url":"https:\/\/www.estrategiaconcursos.com.br\/blog\/o-que-sao-politicas-contabeis-e-possivel-altera-las\/","og_site_name":"Estrat\u00e9gia Concursos","article_published_time":"2021-06-04T14:34:00+00:00","article_modified_time":"2023-06-29T19:51:31+00:00","og_image":[{"width":1254,"height":836,"url":"https:\/\/dhg1h5j42swfq.cloudfront.net\/2020\/04\/07154125\/contabilidade-1.jpg","type":"image\/jpeg"}],"author":"Leandro Ricardo Machado da Silveira","twitter_card":"summary_large_image","twitter_creator":"@EstratConcursos","twitter_site":"@EstratConcursos","twitter_misc":{"Escrito por":"Leandro Ricardo Machado da Silveira","Est. tempo de leitura":"7 minutos"},"schema":{"@context":"https:\/\/schema.org","@graph":[{"@type":"NewsArticle","@id":"https:\/\/www.estrategiaconcursos.com.br\/blog\/o-que-sao-politicas-contabeis-e-possivel-altera-las\/#article","isPartOf":{"@id":"https:\/\/www.estrategiaconcursos.com.br\/blog\/o-que-sao-politicas-contabeis-e-possivel-altera-las\/"},"author":{"name":"Leandro Ricardo Machado da Silveira","@id":"https:\/\/www.estrategiaconcursos.com.br\/blog\/#\/schema\/person\/c666a44fbce7e2e70009a9c13549267a"},"headline":"O que s\u00e3o Pol\u00edticas Cont\u00e1beis? \u00c9 poss\u00edvel alter\u00e1-las?","datePublished":"2021-06-04T14:34:00+00:00","dateModified":"2023-06-29T19:51:31+00:00","mainEntityOfPage":{"@id":"https:\/\/www.estrategiaconcursos.com.br\/blog\/o-que-sao-politicas-contabeis-e-possivel-altera-las\/"},"wordCount":1806,"commentCount":0,"publisher":{"@id":"https:\/\/www.estrategiaconcursos.com.br\/blog\/#organization"},"image":{"@id":"https:\/\/www.estrategiaconcursos.com.br\/blog\/o-que-sao-politicas-contabeis-e-possivel-altera-las\/#primaryimage"},"thumbnailUrl":"https:\/\/dhg1h5j42swfq.cloudfront.net\/2020\/04\/07154125\/contabilidade-1.jpg","keywords":["estimativa cont\u00e1bil"],"articleSection":["CFC","Fiscal - Estadual (ICMS)","Tribunais"],"inLanguage":"pt-BR","potentialAction":[{"@type":"CommentAction","name":"Comment","target":["https:\/\/www.estrategiaconcursos.com.br\/blog\/o-que-sao-politicas-contabeis-e-possivel-altera-las\/#respond"]}],"copyrightYear":"2021","copyrightHolder":{"@id":"https:\/\/www.estrategiaconcursos.com.br\/blog\/#organization"}},{"@type":"WebPage","@id":"https:\/\/www.estrategiaconcursos.com.br\/blog\/o-que-sao-politicas-contabeis-e-possivel-altera-las\/","url":"https:\/\/www.estrategiaconcursos.com.br\/blog\/o-que-sao-politicas-contabeis-e-possivel-altera-las\/","name":"O que s\u00e3o Pol\u00edticas Cont\u00e1beis? \u00c9 poss\u00edvel alter\u00e1-las?","isPartOf":{"@id":"https:\/\/www.estrategiaconcursos.com.br\/blog\/#website"},"primaryImageOfPage":{"@id":"https:\/\/www.estrategiaconcursos.com.br\/blog\/o-que-sao-politicas-contabeis-e-possivel-altera-las\/#primaryimage"},"image":{"@id":"https:\/\/www.estrategiaconcursos.com.br\/blog\/o-que-sao-politicas-contabeis-e-possivel-altera-las\/#primaryimage"},"thumbnailUrl":"https:\/\/dhg1h5j42swfq.cloudfront.net\/2020\/04\/07154125\/contabilidade-1.jpg","datePublished":"2021-06-04T14:34:00+00:00","dateModified":"2023-06-29T19:51:31+00:00","description":"Voc\u00ea sabe o que s\u00e3o Pol\u00edticas Cont\u00e1beis? Seria poss\u00edvel uma pol\u00edtica cont\u00e1bil ser alterada? N\u00e3o saia deste artigo sem saber","breadcrumb":{"@id":"https:\/\/www.estrategiaconcursos.com.br\/blog\/o-que-sao-politicas-contabeis-e-possivel-altera-las\/#breadcrumb"},"inLanguage":"pt-BR","potentialAction":[{"@type":"ReadAction","target":["https:\/\/www.estrategiaconcursos.com.br\/blog\/o-que-sao-politicas-contabeis-e-possivel-altera-las\/"]}]},{"@type":"ImageObject","inLanguage":"pt-BR","@id":"https:\/\/www.estrategiaconcursos.com.br\/blog\/o-que-sao-politicas-contabeis-e-possivel-altera-las\/#primaryimage","url":"https:\/\/dhg1h5j42swfq.cloudfront.net\/2020\/04\/07154125\/contabilidade-1.jpg","contentUrl":"https:\/\/dhg1h5j42swfq.cloudfront.net\/2020\/04\/07154125\/contabilidade-1.jpg","width":1254,"height":836,"caption":"Plano de Conta Cont\u00e1bil"},{"@type":"BreadcrumbList","@id":"https:\/\/www.estrategiaconcursos.com.br\/blog\/o-que-sao-politicas-contabeis-e-possivel-altera-las\/#breadcrumb","itemListElement":[{"@type":"ListItem","position":1,"name":"In\u00edcio","item":"https:\/\/www.estrategiaconcursos.com.br\/blog\/"},{"@type":"ListItem","position":2,"name":"O que s\u00e3o Pol\u00edticas Cont\u00e1beis? \u00c9 poss\u00edvel alter\u00e1-las?"}]},{"@type":"WebSite","@id":"https:\/\/www.estrategiaconcursos.com.br\/blog\/#website","url":"https:\/\/www.estrategiaconcursos.com.br\/blog\/","name":"Estrat\u00e9gia Concursos","description":"O blog da Estrat\u00e9gia Concursos traz not\u00edcias sobre concursos e artigos de professores oferecendo cursos para concursos (pdf + videaulas) no site.","publisher":{"@id":"https:\/\/www.estrategiaconcursos.com.br\/blog\/#organization"},"potentialAction":[{"@type":"SearchAction","target":{"@type":"EntryPoint","urlTemplate":"https:\/\/www.estrategiaconcursos.com.br\/blog\/?s={search_term_string}"},"query-input":{"@type":"PropertyValueSpecification","valueRequired":true,"valueName":"search_term_string"}}],"inLanguage":"pt-BR"},{"@type":"Organization","@id":"https:\/\/www.estrategiaconcursos.com.br\/blog\/#organization","name":"Estrat\u00e9gia Concursos","url":"https:\/\/www.estrategiaconcursos.com.br\/blog\/","logo":{"@type":"ImageObject","inLanguage":"pt-BR","@id":"https:\/\/www.estrategiaconcursos.com.br\/blog\/#\/schema\/logo\/image\/","url":"https:\/\/dhg1h5j42swfq.cloudfront.net\/2025\/06\/03203428\/logo_concursos-1.jpg","contentUrl":"https:\/\/dhg1h5j42swfq.cloudfront.net\/2025\/06\/03203428\/logo_concursos-1.jpg","width":230,"height":60,"caption":"Estrat\u00e9gia Concursos"},"image":{"@id":"https:\/\/www.estrategiaconcursos.com.br\/blog\/#\/schema\/logo\/image\/"},"sameAs":["https:\/\/x.com\/EstratConcursos"]},{"@type":"Person","@id":"https:\/\/www.estrategiaconcursos.com.br\/blog\/#\/schema\/person\/c666a44fbce7e2e70009a9c13549267a","name":"Leandro Ricardo Machado da Silveira","image":{"@type":"ImageObject","inLanguage":"pt-BR","@id":"https:\/\/secure.gravatar.com\/avatar\/6fb25994d16b9649838400aa459b16c1c83f558e0fd6ebebd16da0473908b291?s=96&d=mm&r=g","url":"https:\/\/secure.gravatar.com\/avatar\/6fb25994d16b9649838400aa459b16c1c83f558e0fd6ebebd16da0473908b291?s=96&d=mm&r=g","contentUrl":"https:\/\/secure.gravatar.com\/avatar\/6fb25994d16b9649838400aa459b16c1c83f558e0fd6ebebd16da0473908b291?s=96&d=mm&r=g","caption":"Leandro Ricardo Machado da Silveira"},"description":"Engenheiro Aeron\u00e1utico, formado pela Universidade Federal de Uberl\u00e2ndia, possui MBA em Administra\u00e7\u00e3o e Finan\u00e7as Corporativas e aprovado nos concursos de Auditor Fiscal SEFAZ-SC e SEFAZ-GO.","url":"https:\/\/www.estrategiaconcursos.com.br\/blog\/author\/leandro_vzthotmail-com\/"}]}},"_links":{"self":[{"href":"https:\/\/www.estrategiaconcursos.com.br\/blog\/wp-json\/wp\/v2\/posts\/744878","targetHints":{"allow":["GET"]}}],"collection":[{"href":"https:\/\/www.estrategiaconcursos.com.br\/blog\/wp-json\/wp\/v2\/posts"}],"about":[{"href":"https:\/\/www.estrategiaconcursos.com.br\/blog\/wp-json\/wp\/v2\/types\/post"}],"author":[{"embeddable":true,"href":"https:\/\/www.estrategiaconcursos.com.br\/blog\/wp-json\/wp\/v2\/users\/1668"}],"replies":[{"embeddable":true,"href":"https:\/\/www.estrategiaconcursos.com.br\/blog\/wp-json\/wp\/v2\/comments?post=744878"}],"version-history":[{"count":4,"href":"https:\/\/www.estrategiaconcursos.com.br\/blog\/wp-json\/wp\/v2\/posts\/744878\/revisions"}],"predecessor-version":[{"id":1241258,"href":"https:\/\/www.estrategiaconcursos.com.br\/blog\/wp-json\/wp\/v2\/posts\/744878\/revisions\/1241258"}],"wp:featuredmedia":[{"embeddable":true,"href":"https:\/\/www.estrategiaconcursos.com.br\/blog\/wp-json\/wp\/v2\/media\/501155"}],"wp:attachment":[{"href":"https:\/\/www.estrategiaconcursos.com.br\/blog\/wp-json\/wp\/v2\/media?parent=744878"}],"wp:term":[{"taxonomy":"category","embeddable":true,"href":"https:\/\/www.estrategiaconcursos.com.br\/blog\/wp-json\/wp\/v2\/categories?post=744878"},{"taxonomy":"post_tag","embeddable":true,"href":"https:\/\/www.estrategiaconcursos.com.br\/blog\/wp-json\/wp\/v2\/tags?post=744878"},{"taxonomy":"tax_estado","embeddable":true,"href":"https:\/\/www.estrategiaconcursos.com.br\/blog\/wp-json\/wp\/v2\/tax_estado?post=744878"}],"curies":[{"name":"wp","href":"https:\/\/api.w.org\/{rel}","templated":true}]}}