{"id":741484,"date":"2021-05-14T19:35:00","date_gmt":"2021-05-14T22:35:00","guid":{"rendered":"https:\/\/www.estrategiaconcursos.com.br\/blog\/?p=741484"},"modified":"2021-05-14T20:20:13","modified_gmt":"2021-05-14T23:20:13","slug":"suspensao-concurso-pf-mpf","status":"publish","type":"post","link":"https:\/\/www.estrategiaconcursos.com.br\/blog\/suspensao-concurso-pf-mpf\/","title":{"rendered":"[URGENTE] SUSPENS\u00c3O do Concurso PF? MPF entra no jogo!"},"content":{"rendered":"\n<p>Parece que o jogo virou! Ap\u00f3s declarar ser contra a mudan\u00e7a na data das provas do <strong>concurso p\u00fablico da Pol\u00edcia Federal (PF)<\/strong>, segundo o advogado Jos\u00e9 Moura, o <strong>Minist\u00e9rio P\u00fablico Federal (MPF) entrou com uma a\u00e7\u00e3o popular solicitando o adiamento da etapa<\/strong>.<\/p>\n\n\n\n<p>Dessa forma, a chance de suspens\u00e3o aumenta e podemos ter uma decis\u00e3o nos pr\u00f3ximos dias. Isso porque, ao contr\u00e1rio do pedido protocolado no concurso da PRF que foi feito pelo advogado, o MPF tem o direito de entrar com contracautela e ser atendido pelo Supremo Tribunal Federal.<\/p>\n\n\n\n<p>Conforme a\u00e7\u00e3o civil p\u00fablica encaminhada \u00e0 Uni\u00e3o, o MPF traz alguns fatos sobre o Coronav\u00edrus e realiza\u00e7\u00e3o de concursos no \u00e2mbito nacional organizados pelo Cebraspe. Com isso, o \u00f3rg\u00e3o ressalta a necessidade de suspens\u00e3o das provas do concurso PF.<\/p>\n\n\n\n<blockquote class=\"wp-block-quote is-layout-flow wp-block-quote-is-layout-flow\"><p><em>&#8220;Por todo o exposto, imp\u00f5e-se, portanto, a necessidade de atua\u00e7\u00e3o judicial com vistas a evitar resultado potencialmente calamitoso, a saber, a dissemina\u00e7\u00e3o descontrolada da Covid-19 em meio aos candidatos inscritos nos certames elaborados pela CEBRASPE. <\/em><\/p><p><em>Nesse sentido, a prorroga\u00e7\u00e3o dessas provas para um momento mais est\u00e1vel da pandemia \u00e9 medida que se imp\u00f5e, com vistas a salvaguardar direitos fundamentais&#8221;.<\/em><\/p><\/blockquote>\n\n\n\n<p>Por todas as informa\u00e7\u00f5es e detalhes expostos na a\u00e7\u00e3o, o procurador da Rep\u00fablica, Oscar Costa Filho, que assina o documento, solicita, \u00e0 Uni\u00e3o, deferimento no pedido.<\/p>\n\n\n\n<blockquote class=\"wp-block-quote is-layout-flow wp-block-quote-is-layout-flow\"><p><em><strong>&#8220;1. A concess\u00e3o da tutela de urg\u00eancia de natureza antecipada, inaudita altera parte, com fulcro no art. 300, caput e \u00a72\u00ba, do CPC, no sentido de determinar medida de suspens\u00e3o da aplica\u00e7\u00e3o das provas do concurso para o provimento de vagas em cargos da Policial Federal (PF), prevista para ocorrer no dia 23 de maio de 2021.<\/strong><\/em><\/p><p><em>2. A cita\u00e7\u00e3o da parte r\u00e9, para apresentar defesa nos prazos legais, sob pena de revelia;<\/em><\/p><p><em><strong>3. Que a CEBRASPE seja intimada a explicitar quais foram as medidas de seguran\u00e7a sanit\u00e1ria adotadas por ocasi\u00e3o da primeira fase do concurso para provimento de vagas na Pol\u00edcia Rodovi\u00e1ria Federal, bem como a justificar a efetividade de tais medidas frente a vasta documenta\u00e7\u00e3o probat\u00f3ria, apresentadas nestes autos, de viola\u00e7\u00e3o \u00e0s medidas de distanciamento social, e de aglomera\u00e7\u00e3o de candidatos potencialmente infectados em um mesmo ambiente;<\/strong><\/em><\/p><p><em><strong>4. A proced\u00eancia da demanda, por senten\u00e7a definitiva de m\u00e9rito, no sentido de, suspender, por prazo determinado, a realiza\u00e7\u00e3o dos concursos gerenciados pela CEBRASPE para provimento de cargos na Policia Federal e na Pol\u00edcia Rodovi\u00e1ria Federal, condicionando-se o retorno destes certames \u00e0 demonstra\u00e7\u00e3o de melhora no atual cen\u00e1rio epidemiol\u00f3gico, em \u00e2mbito nacional;<\/strong><\/em><\/p><p><em><strong>5. A produ\u00e7\u00e3o de todos os meios de prova admitidos em direito, inclusive a juntada dos documentos;<\/strong><\/em><\/p><p><em>6. A condena\u00e7\u00e3o dos r\u00e9us ao pagamento dos \u00f4nus sucumbenciais.&#8221;<\/em><\/p><\/blockquote>\n\n\n\n<h2 class=\"has-text-align-center has-pale-cyan-blue-background-color has-background has-medium-font-size wp-block-heading\" id=\"h-a-o-de-suspens-o-das-provas-do-concurso-pf\"><a href=\"https:\/\/dhg1h5j42swfq.cloudfront.net\/2021\/05\/14195136\/mpuacaociviel.pdf\" target=\"_blank\" rel=\"noreferrer noopener\">A\u00e7\u00e3o de suspens\u00e3o das provas do concurso PF<\/a><\/h2>\n\n\n\n<p>Al\u00e9m disso, de acordo com informa\u00e7\u00f5es obtidas em entrevista exclusiva com o jornalismo do Estrat\u00e9gia, a Defensoria P\u00fablica da Uni\u00e3o entrar\u00e1 com uma outra a\u00e7\u00e3o, a partir de amanh\u00e3, 15 de maio, visando a suspens\u00e3o das provas do concurso PF.<\/p>\n\n\n\n<p class=\"has-text-align-center\"><strong>Saiba todas as informa\u00e7\u00f5es e novidades do concurso da Pol\u00edcia Federal em nosso artigo exclusivo:<\/strong><\/p>\n\n\n\n<p class=\"has-text-align-center has-cyan-bluish-gray-background-color has-background has-medium-font-size\"><strong>Saiba mais: <a href=\"https:\/\/www.estrategiaconcursos.com.br\/blog\/concurso-policia-federal\/\" target=\"_blank\" rel=\"noreferrer noopener\">Concurso PF<\/a><\/strong><\/p>\n\n\n\n<h2 class=\"has-text-align-center wp-block-heading\" id=\"cursos-e-assinaturas\">Quer estudar para o concurso Pol\u00edcia Federal?<\/h2>\n\n\n\n<div class=\"container\" id=\"boxes\">\n  <div class=\"row\">\n\n    <div class=\"col-sm\">\n      <div class=\"banner-policial\" id=\"box-assinatura\">\n        <h3 class=\"titulo-assinatura\">Concurso PF<\/h3>\n        <p class=\"subtitulo-assinatura\">Conhe\u00e7a os cursos<\/p>\n        <div class=\"box-botao\">\n          <a class=\"btn-assinatura\" target=\"_blank\" href=\"https:\/\/www.estrategiaconcursos.com.br\/cursosPorConcurso\/promocao-policia-federal\/\" role=\"button\" rel=\"noopener noreferrer\">Saiba mais<\/a>\n        <\/div>\n      <\/div>\n     \n    <\/div>\n\n  <\/div>\n<\/div>\n\n\n\n<div class=\"container\" id=\"boxes\">\n  <div class=\"row\">\n\n    <div class=\"col-sm\">\n      <div class=\"estrategia\" id=\"box-assinatura\">\n        <h3 class=\"titulo-assinatura\">Assinatura de Concursos<\/h3>\n        <p class=\"subtitulo-assinatura\">Assinatura de 1 ano ou 2 anos<\/p>\n        <div class=\"box-botao\">\n          <a class=\"btn-assinatura\" target=\"_blank\" href=\"https:\/\/www.estrategiaconcursos.com.br\/assinaturas\/\" role=\"button\" rel=\"noopener noreferrer\">ASSINE AGORA<\/a>\n        <\/div>\n      <\/div>\n     \n    <\/div>\n\n    <div class=\"col-sm\">\n      <div class=\"questoes\" id=\"box-assinatura\">\n        <h3 class=\"titulo-assinatura\">Sistema de Quest\u00f5es<\/h3>\n        <p class=\"subtitulo-assinatura\">Assinatura de 1 ano ou 2 anos\n<\/p>\n        <div class=\"box-botao\">\n          <a class=\"btn-assinatura\" target=\"_blank\" href=\"https:\/\/questoes.estrategiaconcursos.com.br\/\" role=\"button\" rel=\"noopener noreferrer\">ASSINE AGORA<\/a>\n        <\/div>\n      <\/div>\n    \n    <\/div>\n  <\/div>\n<\/div>\n\n\n\n<div class=\"container\" id=\"boxes\">\n  <div class=\"row\">\n\n    <div class=\"col-sm\" id=\"boxes-concursos\">\n      <div style=\"background-color: #005DAD;\" class=\"conteudo-concursos\" id=\"box-concursos\">\n        <h3 class=\"titulo-assinatura\">Concursos Abertos<\/h3>\n        <p class=\"subtitulo-assinatura\">Confira os editais publicados<\/p>\n        <div class=\"box-botao\">\n          <a class=\"btn-assinatura\" target=\"_blank\" href=\"https:\/\/www.estrategiaconcursos.com.br\/blog\/concursos-abertos\/\" role=\"button\" rel=\"noopener noreferrer\">Conhe\u00e7a Agora<\/a>\n        <\/div>\n      <\/div>\n    <\/div>\n\n    <div class=\"col-sm\" id=\"boxes-concursos\">\n      <div style=\"background-color: #419FF0;\" class=\"conteudo-concursos\" id=\"box-concursos\">\n        <h3 class=\"titulo-assinatura\">Concursos 2021<\/h3>\n        <p class=\"subtitulo-assinatura\">Confira as oportunidades previstas<\/p>\n        <div class=\"box-botao\">\n          <a class=\"btn-assinatura\" target=\"_blank\" href=\"https:\/\/www.estrategiaconcursos.com.br\/blog\/concursos-2021\/\" role=\"button\" rel=\"noopener noreferrer\">Conhe\u00e7a Agora<\/a>\n        <\/div>\n      <\/div>\n    <\/div>\n\n  <\/div>\n<\/div>\n\n\n\n<p class=\"has-text-align-center\"><strong>Quer ficar atualizado DIARIAMENTE sobre as not\u00edcias do mundo dos concursos? Entre no nosso Telegram!<\/strong><\/p>\n\n\n\n<div class=\"wp-block-image\"><figure class=\"aligncenter\"><a href=\"https:\/\/t.me\/estrategianews\" target=\"_blank\" rel=\"noopener\"><img decoding=\"async\" src=\"https:\/\/dhg1h5j42swfq.cloudfront.net\/2021\/05\/03172229\/news-1.jpg\" alt=\"\"\/><\/a><\/figure><\/div>\n","protected":false},"excerpt":{"rendered":"<p>Parece que o jogo virou! Ap\u00f3s declarar ser contra a mudan\u00e7a na data das provas do concurso p\u00fablico da Pol\u00edcia Federal (PF), segundo o advogado Jos\u00e9 Moura, o Minist\u00e9rio P\u00fablico Federal (MPF) entrou com uma a\u00e7\u00e3o popular solicitando o adiamento da etapa. Dessa forma, a chance de suspens\u00e3o aumenta e podemos ter uma decis\u00e3o nos [&hellip;]<\/p>\n","protected":false},"author":1,"featured_media":703158,"comment_status":"open","ping_status":"closed","sticky":false,"template":"","format":"standard","meta":{"post_tipo":"news","footnotes":""},"categories":[1988],"tags":[],"tax_estado":[219963],"class_list":["post-741484","post","type-post","status-publish","format-standard","has-post-thumbnail","hentry","category-policia","tax_estado-concursos-federais"],"acf":[],"yoast_head":"<!-- This site is optimized with the Yoast SEO Premium plugin v27.2 (Yoast SEO v27.2) - https:\/\/yoast.com\/product\/yoast-seo-premium-wordpress\/ -->\n<title>[URGENTE] SUSPENS\u00c3O do Concurso PF? MPF entra no jogo!<\/title>\n<meta name=\"description\" content=\"Suspens\u00e3o do concurso PF? Minist\u00e9rio P\u00fablico Federal (MPF) entra com a\u00e7\u00e3o, encaminhada \u00e0 Uni\u00e3o, solicitando o adiamento das provas.\" \/>\n<meta name=\"robots\" content=\"index, follow, max-snippet:-1, max-image-preview:large, max-video-preview:-1\" \/>\n<link rel=\"canonical\" href=\"https:\/\/www.estrategiaconcursos.com.br\/blog\/suspensao-concurso-pf-mpf\/\" \/>\n<meta property=\"og:locale\" content=\"pt_BR\" \/>\n<meta property=\"og:type\" content=\"article\" \/>\n<meta property=\"og:title\" content=\"[URGENTE] SUSPENS\u00c3O do Concurso PF? MPF entra no jogo!\" \/>\n<meta property=\"og:description\" content=\"Suspens\u00e3o do concurso PF? Minist\u00e9rio P\u00fablico Federal (MPF) entra com a\u00e7\u00e3o, encaminhada \u00e0 Uni\u00e3o, solicitando o adiamento das provas.\" \/>\n<meta property=\"og:url\" content=\"https:\/\/www.estrategiaconcursos.com.br\/blog\/suspensao-concurso-pf-mpf\/\" \/>\n<meta property=\"og:site_name\" content=\"Estrat\u00e9gia Concursos\" \/>\n<meta property=\"article:author\" content=\"https:\/\/www.facebook.com\/EstrategiaConcursos\" \/>\n<meta property=\"article:published_time\" content=\"2021-05-14T22:35:00+00:00\" \/>\n<meta property=\"article:modified_time\" content=\"2021-05-14T23:20:13+00:00\" \/>\n<meta property=\"og:image\" content=\"https:\/\/dhg1h5j42swfq.cloudfront.net\/2021\/03\/29090640\/concurso-policia-federal.jpg\" \/>\n\t<meta property=\"og:image:width\" content=\"1200\" \/>\n\t<meta property=\"og:image:height\" content=\"628\" \/>\n\t<meta property=\"og:image:type\" content=\"image\/jpeg\" \/>\n<meta name=\"author\" content=\"Coordena\u00e7\u00e3o\" \/>\n<meta name=\"twitter:card\" content=\"summary_large_image\" \/>\n<meta name=\"twitter:creator\" content=\"@EstratConcursos\" \/>\n<meta name=\"twitter:site\" content=\"@EstratConcursos\" \/>\n<meta name=\"twitter:label1\" content=\"Escrito por\" \/>\n\t<meta name=\"twitter:data1\" content=\"Coordena\u00e7\u00e3o\" \/>\n\t<meta name=\"twitter:label2\" content=\"Est. tempo de leitura\" \/>\n\t<meta name=\"twitter:data2\" content=\"3 minutos\" \/>\n<script type=\"application\/ld+json\" class=\"yoast-schema-graph\">{\"@context\":\"https:\/\/schema.org\",\"@graph\":[{\"@type\":\"NewsArticle\",\"@id\":\"https:\/\/www.estrategiaconcursos.com.br\/blog\/suspensao-concurso-pf-mpf\/#article\",\"isPartOf\":{\"@id\":\"https:\/\/www.estrategiaconcursos.com.br\/blog\/suspensao-concurso-pf-mpf\/\"},\"author\":{\"name\":\"Coordena\u00e7\u00e3o\",\"@id\":\"https:\/\/www.estrategiaconcursos.com.br\/blog\/#\/schema\/person\/b4a388c97673c5f483d72185668afa1f\"},\"headline\":\"[URGENTE] SUSPENS\u00c3O do Concurso PF? MPF entra no jogo!\",\"datePublished\":\"2021-05-14T22:35:00+00:00\",\"dateModified\":\"2021-05-14T23:20:13+00:00\",\"mainEntityOfPage\":{\"@id\":\"https:\/\/www.estrategiaconcursos.com.br\/blog\/suspensao-concurso-pf-mpf\/\"},\"wordCount\":628,\"commentCount\":0,\"publisher\":{\"@id\":\"https:\/\/www.estrategiaconcursos.com.br\/blog\/#organization\"},\"image\":{\"@id\":\"https:\/\/www.estrategiaconcursos.com.br\/blog\/suspensao-concurso-pf-mpf\/#primaryimage\"},\"thumbnailUrl\":\"https:\/\/dhg1h5j42swfq.cloudfront.net\/2021\/03\/29090640\/concurso-policia-federal.jpg\",\"articleSection\":[\"Policial (Agente, Escriv\u00e3o e Investigador)\"],\"inLanguage\":\"pt-BR\",\"potentialAction\":[{\"@type\":\"CommentAction\",\"name\":\"Comment\",\"target\":[\"https:\/\/www.estrategiaconcursos.com.br\/blog\/suspensao-concurso-pf-mpf\/#respond\"]}],\"copyrightYear\":\"2021\",\"copyrightHolder\":{\"@id\":\"https:\/\/www.estrategiaconcursos.com.br\/blog\/#organization\"}},{\"@type\":\"WebPage\",\"@id\":\"https:\/\/www.estrategiaconcursos.com.br\/blog\/suspensao-concurso-pf-mpf\/\",\"url\":\"https:\/\/www.estrategiaconcursos.com.br\/blog\/suspensao-concurso-pf-mpf\/\",\"name\":\"[URGENTE] SUSPENS\u00c3O do Concurso PF? MPF entra no jogo!\",\"isPartOf\":{\"@id\":\"https:\/\/www.estrategiaconcursos.com.br\/blog\/#website\"},\"primaryImageOfPage\":{\"@id\":\"https:\/\/www.estrategiaconcursos.com.br\/blog\/suspensao-concurso-pf-mpf\/#primaryimage\"},\"image\":{\"@id\":\"https:\/\/www.estrategiaconcursos.com.br\/blog\/suspensao-concurso-pf-mpf\/#primaryimage\"},\"thumbnailUrl\":\"https:\/\/dhg1h5j42swfq.cloudfront.net\/2021\/03\/29090640\/concurso-policia-federal.jpg\",\"datePublished\":\"2021-05-14T22:35:00+00:00\",\"dateModified\":\"2021-05-14T23:20:13+00:00\",\"description\":\"Suspens\u00e3o do concurso PF? Minist\u00e9rio P\u00fablico Federal (MPF) entra com a\u00e7\u00e3o, encaminhada \u00e0 Uni\u00e3o, solicitando o adiamento das provas.\",\"breadcrumb\":{\"@id\":\"https:\/\/www.estrategiaconcursos.com.br\/blog\/suspensao-concurso-pf-mpf\/#breadcrumb\"},\"inLanguage\":\"pt-BR\",\"potentialAction\":[{\"@type\":\"ReadAction\",\"target\":[\"https:\/\/www.estrategiaconcursos.com.br\/blog\/suspensao-concurso-pf-mpf\/\"]}]},{\"@type\":\"ImageObject\",\"inLanguage\":\"pt-BR\",\"@id\":\"https:\/\/www.estrategiaconcursos.com.br\/blog\/suspensao-concurso-pf-mpf\/#primaryimage\",\"url\":\"https:\/\/dhg1h5j42swfq.cloudfront.net\/2021\/03\/29090640\/concurso-policia-federal.jpg\",\"contentUrl\":\"https:\/\/dhg1h5j42swfq.cloudfront.net\/2021\/03\/29090640\/concurso-policia-federal.jpg\",\"width\":1200,\"height\":628,\"caption\":\"Concurso Policia Federal\"},{\"@type\":\"BreadcrumbList\",\"@id\":\"https:\/\/www.estrategiaconcursos.com.br\/blog\/suspensao-concurso-pf-mpf\/#breadcrumb\",\"itemListElement\":[{\"@type\":\"ListItem\",\"position\":1,\"name\":\"In\u00edcio\",\"item\":\"https:\/\/www.estrategiaconcursos.com.br\/blog\/\"},{\"@type\":\"ListItem\",\"position\":2,\"name\":\"[URGENTE] SUSPENS\u00c3O do Concurso PF? MPF entra no jogo!\"}]},{\"@type\":\"WebSite\",\"@id\":\"https:\/\/www.estrategiaconcursos.com.br\/blog\/#website\",\"url\":\"https:\/\/www.estrategiaconcursos.com.br\/blog\/\",\"name\":\"Estrat\u00e9gia Concursos\",\"description\":\"O blog da Estrat\u00e9gia Concursos traz not\u00edcias sobre concursos e artigos de professores oferecendo cursos para concursos (pdf + videaulas) no site.\",\"publisher\":{\"@id\":\"https:\/\/www.estrategiaconcursos.com.br\/blog\/#organization\"},\"potentialAction\":[{\"@type\":\"SearchAction\",\"target\":{\"@type\":\"EntryPoint\",\"urlTemplate\":\"https:\/\/www.estrategiaconcursos.com.br\/blog\/?s={search_term_string}\"},\"query-input\":{\"@type\":\"PropertyValueSpecification\",\"valueRequired\":true,\"valueName\":\"search_term_string\"}}],\"inLanguage\":\"pt-BR\"},{\"@type\":\"Organization\",\"@id\":\"https:\/\/www.estrategiaconcursos.com.br\/blog\/#organization\",\"name\":\"Estrat\u00e9gia Concursos\",\"url\":\"https:\/\/www.estrategiaconcursos.com.br\/blog\/\",\"logo\":{\"@type\":\"ImageObject\",\"inLanguage\":\"pt-BR\",\"@id\":\"https:\/\/www.estrategiaconcursos.com.br\/blog\/#\/schema\/logo\/image\/\",\"url\":\"https:\/\/dhg1h5j42swfq.cloudfront.net\/2025\/06\/03203428\/logo_concursos-1.jpg\",\"contentUrl\":\"https:\/\/dhg1h5j42swfq.cloudfront.net\/2025\/06\/03203428\/logo_concursos-1.jpg\",\"width\":230,\"height\":60,\"caption\":\"Estrat\u00e9gia Concursos\"},\"image\":{\"@id\":\"https:\/\/www.estrategiaconcursos.com.br\/blog\/#\/schema\/logo\/image\/\"},\"sameAs\":[\"https:\/\/x.com\/EstratConcursos\"]},{\"@type\":\"Person\",\"@id\":\"https:\/\/www.estrategiaconcursos.com.br\/blog\/#\/schema\/person\/b4a388c97673c5f483d72185668afa1f\",\"name\":\"Coordena\u00e7\u00e3o\",\"image\":{\"@type\":\"ImageObject\",\"inLanguage\":\"pt-BR\",\"@id\":\"https:\/\/secure.gravatar.com\/avatar\/b720319e4c9a967eb58678d110f4fe35452fc5d5f97b202bac7b8acceb18c6ad?s=96&d=mm&r=g\",\"url\":\"https:\/\/secure.gravatar.com\/avatar\/b720319e4c9a967eb58678d110f4fe35452fc5d5f97b202bac7b8acceb18c6ad?s=96&d=mm&r=g\",\"contentUrl\":\"https:\/\/secure.gravatar.com\/avatar\/b720319e4c9a967eb58678d110f4fe35452fc5d5f97b202bac7b8acceb18c6ad?s=96&d=mm&r=g\",\"caption\":\"Coordena\u00e7\u00e3o\"},\"sameAs\":[\"https:\/\/www.facebook.com\/EstrategiaConcursos\",\"https:\/\/x.com\/EstratConcursos\"],\"url\":\"https:\/\/www.estrategiaconcursos.com.br\/blog\/author\/estrategia2013\/\"}]}<\/script>\n<!-- \/ Yoast SEO Premium plugin. -->","yoast_head_json":{"title":"[URGENTE] SUSPENS\u00c3O do Concurso PF? MPF entra no jogo!","description":"Suspens\u00e3o do concurso PF? Minist\u00e9rio P\u00fablico Federal (MPF) entra com a\u00e7\u00e3o, encaminhada \u00e0 Uni\u00e3o, solicitando o adiamento das provas.","robots":{"index":"index","follow":"follow","max-snippet":"max-snippet:-1","max-image-preview":"max-image-preview:large","max-video-preview":"max-video-preview:-1"},"canonical":"https:\/\/www.estrategiaconcursos.com.br\/blog\/suspensao-concurso-pf-mpf\/","og_locale":"pt_BR","og_type":"article","og_title":"[URGENTE] SUSPENS\u00c3O do Concurso PF? MPF entra no jogo!","og_description":"Suspens\u00e3o do concurso PF? Minist\u00e9rio P\u00fablico Federal (MPF) entra com a\u00e7\u00e3o, encaminhada \u00e0 Uni\u00e3o, solicitando o adiamento das provas.","og_url":"https:\/\/www.estrategiaconcursos.com.br\/blog\/suspensao-concurso-pf-mpf\/","og_site_name":"Estrat\u00e9gia Concursos","article_author":"https:\/\/www.facebook.com\/EstrategiaConcursos","article_published_time":"2021-05-14T22:35:00+00:00","article_modified_time":"2021-05-14T23:20:13+00:00","og_image":[{"width":1200,"height":628,"url":"https:\/\/dhg1h5j42swfq.cloudfront.net\/2021\/03\/29090640\/concurso-policia-federal.jpg","type":"image\/jpeg"}],"author":"Coordena\u00e7\u00e3o","twitter_card":"summary_large_image","twitter_creator":"@EstratConcursos","twitter_site":"@EstratConcursos","twitter_misc":{"Escrito por":"Coordena\u00e7\u00e3o","Est. tempo de leitura":"3 minutos"},"schema":{"@context":"https:\/\/schema.org","@graph":[{"@type":"NewsArticle","@id":"https:\/\/www.estrategiaconcursos.com.br\/blog\/suspensao-concurso-pf-mpf\/#article","isPartOf":{"@id":"https:\/\/www.estrategiaconcursos.com.br\/blog\/suspensao-concurso-pf-mpf\/"},"author":{"name":"Coordena\u00e7\u00e3o","@id":"https:\/\/www.estrategiaconcursos.com.br\/blog\/#\/schema\/person\/b4a388c97673c5f483d72185668afa1f"},"headline":"[URGENTE] SUSPENS\u00c3O do Concurso PF? MPF entra no jogo!","datePublished":"2021-05-14T22:35:00+00:00","dateModified":"2021-05-14T23:20:13+00:00","mainEntityOfPage":{"@id":"https:\/\/www.estrategiaconcursos.com.br\/blog\/suspensao-concurso-pf-mpf\/"},"wordCount":628,"commentCount":0,"publisher":{"@id":"https:\/\/www.estrategiaconcursos.com.br\/blog\/#organization"},"image":{"@id":"https:\/\/www.estrategiaconcursos.com.br\/blog\/suspensao-concurso-pf-mpf\/#primaryimage"},"thumbnailUrl":"https:\/\/dhg1h5j42swfq.cloudfront.net\/2021\/03\/29090640\/concurso-policia-federal.jpg","articleSection":["Policial (Agente, Escriv\u00e3o e Investigador)"],"inLanguage":"pt-BR","potentialAction":[{"@type":"CommentAction","name":"Comment","target":["https:\/\/www.estrategiaconcursos.com.br\/blog\/suspensao-concurso-pf-mpf\/#respond"]}],"copyrightYear":"2021","copyrightHolder":{"@id":"https:\/\/www.estrategiaconcursos.com.br\/blog\/#organization"}},{"@type":"WebPage","@id":"https:\/\/www.estrategiaconcursos.com.br\/blog\/suspensao-concurso-pf-mpf\/","url":"https:\/\/www.estrategiaconcursos.com.br\/blog\/suspensao-concurso-pf-mpf\/","name":"[URGENTE] SUSPENS\u00c3O do Concurso PF? MPF entra no jogo!","isPartOf":{"@id":"https:\/\/www.estrategiaconcursos.com.br\/blog\/#website"},"primaryImageOfPage":{"@id":"https:\/\/www.estrategiaconcursos.com.br\/blog\/suspensao-concurso-pf-mpf\/#primaryimage"},"image":{"@id":"https:\/\/www.estrategiaconcursos.com.br\/blog\/suspensao-concurso-pf-mpf\/#primaryimage"},"thumbnailUrl":"https:\/\/dhg1h5j42swfq.cloudfront.net\/2021\/03\/29090640\/concurso-policia-federal.jpg","datePublished":"2021-05-14T22:35:00+00:00","dateModified":"2021-05-14T23:20:13+00:00","description":"Suspens\u00e3o do concurso PF? Minist\u00e9rio P\u00fablico Federal (MPF) entra com a\u00e7\u00e3o, encaminhada \u00e0 Uni\u00e3o, solicitando o adiamento das provas.","breadcrumb":{"@id":"https:\/\/www.estrategiaconcursos.com.br\/blog\/suspensao-concurso-pf-mpf\/#breadcrumb"},"inLanguage":"pt-BR","potentialAction":[{"@type":"ReadAction","target":["https:\/\/www.estrategiaconcursos.com.br\/blog\/suspensao-concurso-pf-mpf\/"]}]},{"@type":"ImageObject","inLanguage":"pt-BR","@id":"https:\/\/www.estrategiaconcursos.com.br\/blog\/suspensao-concurso-pf-mpf\/#primaryimage","url":"https:\/\/dhg1h5j42swfq.cloudfront.net\/2021\/03\/29090640\/concurso-policia-federal.jpg","contentUrl":"https:\/\/dhg1h5j42swfq.cloudfront.net\/2021\/03\/29090640\/concurso-policia-federal.jpg","width":1200,"height":628,"caption":"Concurso Policia Federal"},{"@type":"BreadcrumbList","@id":"https:\/\/www.estrategiaconcursos.com.br\/blog\/suspensao-concurso-pf-mpf\/#breadcrumb","itemListElement":[{"@type":"ListItem","position":1,"name":"In\u00edcio","item":"https:\/\/www.estrategiaconcursos.com.br\/blog\/"},{"@type":"ListItem","position":2,"name":"[URGENTE] SUSPENS\u00c3O do Concurso PF? MPF entra no jogo!"}]},{"@type":"WebSite","@id":"https:\/\/www.estrategiaconcursos.com.br\/blog\/#website","url":"https:\/\/www.estrategiaconcursos.com.br\/blog\/","name":"Estrat\u00e9gia Concursos","description":"O blog da Estrat\u00e9gia Concursos traz not\u00edcias sobre concursos e artigos de professores oferecendo cursos para concursos (pdf + videaulas) no site.","publisher":{"@id":"https:\/\/www.estrategiaconcursos.com.br\/blog\/#organization"},"potentialAction":[{"@type":"SearchAction","target":{"@type":"EntryPoint","urlTemplate":"https:\/\/www.estrategiaconcursos.com.br\/blog\/?s={search_term_string}"},"query-input":{"@type":"PropertyValueSpecification","valueRequired":true,"valueName":"search_term_string"}}],"inLanguage":"pt-BR"},{"@type":"Organization","@id":"https:\/\/www.estrategiaconcursos.com.br\/blog\/#organization","name":"Estrat\u00e9gia Concursos","url":"https:\/\/www.estrategiaconcursos.com.br\/blog\/","logo":{"@type":"ImageObject","inLanguage":"pt-BR","@id":"https:\/\/www.estrategiaconcursos.com.br\/blog\/#\/schema\/logo\/image\/","url":"https:\/\/dhg1h5j42swfq.cloudfront.net\/2025\/06\/03203428\/logo_concursos-1.jpg","contentUrl":"https:\/\/dhg1h5j42swfq.cloudfront.net\/2025\/06\/03203428\/logo_concursos-1.jpg","width":230,"height":60,"caption":"Estrat\u00e9gia Concursos"},"image":{"@id":"https:\/\/www.estrategiaconcursos.com.br\/blog\/#\/schema\/logo\/image\/"},"sameAs":["https:\/\/x.com\/EstratConcursos"]},{"@type":"Person","@id":"https:\/\/www.estrategiaconcursos.com.br\/blog\/#\/schema\/person\/b4a388c97673c5f483d72185668afa1f","name":"Coordena\u00e7\u00e3o","image":{"@type":"ImageObject","inLanguage":"pt-BR","@id":"https:\/\/secure.gravatar.com\/avatar\/b720319e4c9a967eb58678d110f4fe35452fc5d5f97b202bac7b8acceb18c6ad?s=96&d=mm&r=g","url":"https:\/\/secure.gravatar.com\/avatar\/b720319e4c9a967eb58678d110f4fe35452fc5d5f97b202bac7b8acceb18c6ad?s=96&d=mm&r=g","contentUrl":"https:\/\/secure.gravatar.com\/avatar\/b720319e4c9a967eb58678d110f4fe35452fc5d5f97b202bac7b8acceb18c6ad?s=96&d=mm&r=g","caption":"Coordena\u00e7\u00e3o"},"sameAs":["https:\/\/www.facebook.com\/EstrategiaConcursos","https:\/\/x.com\/EstratConcursos"],"url":"https:\/\/www.estrategiaconcursos.com.br\/blog\/author\/estrategia2013\/"}]}},"_links":{"self":[{"href":"https:\/\/www.estrategiaconcursos.com.br\/blog\/wp-json\/wp\/v2\/posts\/741484","targetHints":{"allow":["GET"]}}],"collection":[{"href":"https:\/\/www.estrategiaconcursos.com.br\/blog\/wp-json\/wp\/v2\/posts"}],"about":[{"href":"https:\/\/www.estrategiaconcursos.com.br\/blog\/wp-json\/wp\/v2\/types\/post"}],"author":[{"embeddable":true,"href":"https:\/\/www.estrategiaconcursos.com.br\/blog\/wp-json\/wp\/v2\/users\/1"}],"replies":[{"embeddable":true,"href":"https:\/\/www.estrategiaconcursos.com.br\/blog\/wp-json\/wp\/v2\/comments?post=741484"}],"version-history":[{"count":19,"href":"https:\/\/www.estrategiaconcursos.com.br\/blog\/wp-json\/wp\/v2\/posts\/741484\/revisions"}],"predecessor-version":[{"id":741528,"href":"https:\/\/www.estrategiaconcursos.com.br\/blog\/wp-json\/wp\/v2\/posts\/741484\/revisions\/741528"}],"wp:featuredmedia":[{"embeddable":true,"href":"https:\/\/www.estrategiaconcursos.com.br\/blog\/wp-json\/wp\/v2\/media\/703158"}],"wp:attachment":[{"href":"https:\/\/www.estrategiaconcursos.com.br\/blog\/wp-json\/wp\/v2\/media?parent=741484"}],"wp:term":[{"taxonomy":"category","embeddable":true,"href":"https:\/\/www.estrategiaconcursos.com.br\/blog\/wp-json\/wp\/v2\/categories?post=741484"},{"taxonomy":"post_tag","embeddable":true,"href":"https:\/\/www.estrategiaconcursos.com.br\/blog\/wp-json\/wp\/v2\/tags?post=741484"},{"taxonomy":"tax_estado","embeddable":true,"href":"https:\/\/www.estrategiaconcursos.com.br\/blog\/wp-json\/wp\/v2\/tax_estado?post=741484"}],"curies":[{"name":"wp","href":"https:\/\/api.w.org\/{rel}","templated":true}]}}