{"id":741227,"date":"2021-05-14T15:57:49","date_gmt":"2021-05-14T18:57:49","guid":{"rendered":"https:\/\/www.estrategiaconcursos.com.br\/blog\/?p=741227"},"modified":"2022-04-06T10:21:49","modified_gmt":"2022-04-06T13:21:49","slug":"concurso-inss-2015-solicitada-nomeacao-de-analistas","status":"publish","type":"post","link":"https:\/\/www.estrategiaconcursos.com.br\/blog\/concurso-inss-2015-solicitada-nomeacao-de-analistas\/","title":{"rendered":"Concurso INSS: solicitada nomea\u00e7\u00e3o de Analistas do certame de 2015"},"content":{"rendered":"\n<p>A deputada federal Edna Henrique (PSDB\/PB) encaminhou uma an\u00e1lise ao Minist\u00e9rio da Cidadania&nbsp;solicitando, dentre diversas a\u00e7\u00f5es, a nomea\u00e7\u00e3o de todos os aprovados no \u00faltimo concurso do Instituto Nacional de Seguridade Social (INSS) ao cargo de Analista, de 2015.<\/p>\n\n\n\n<p>A deputada argumenta que o aumento expressivo do n\u00famero de pessoas em situa\u00e7\u00e3o de rua exige a ado\u00e7\u00e3o de medidas para a cria\u00e7\u00e3o, reabertura ou amplia\u00e7\u00e3o de servi\u00e7os de assist\u00eancia social em todas os munic\u00edpios brasileiros.<\/p>\n\n\n\n<blockquote class=\"wp-block-quote is-layout-flow wp-block-quote-is-layout-flow\"><p><strong>INDICA\u00c7\u00c3O N.\u00ba 531, DE 2021<br \/>(Do Sr. Pedro Augusto Palareti)<\/strong><br \/>Sugere ao Excelent\u00edssimo Senhor Ministro da Economia, o senhor Paulo Guedes, a ado\u00e7\u00e3o das medidas<br \/>necess\u00e1rias no sentido de convocar para tomar posse todos os aprovados no \u00faltimo concurso do Instituto<br \/>Nacional de Seguridade Social e os que se encontram no cadastro de reserva.<\/p><\/blockquote>\n\n\n\n<h4 class=\"has-text-align-center has-background wp-block-heading\" id=\"h-confira-a-integra-do-documento-que-solicitacao-a-nomeacao-de-candidatos-concurso-concurso-de-2015-do-inss\" style=\"background-color:#dfe2e5\"><strong><a href=\"https:\/\/dhg1h5j42swfq.cloudfront.net\/2021\/05\/14155048\/concurso-inss-indicacao-sugere-adocao-de-medidas-para-convocacao-dos-aprovados.pdf\" target=\"_blank\" rel=\"noreferrer noopener\">Confira a \u00edntegra do documento que solicita\u00e7\u00e3o a nomea\u00e7\u00e3o de candidatos concurso concurso de 2015 do INSS<\/a><\/strong><\/h4>\n\n\n\n<h3 class=\"wp-block-heading\" id=\"h-ultimo-concurso-inss-analista\">\u00daltimo concurso INSS Analista<\/h3>\n\n\n\n<p>Publicado em 2015, o edital ofertou 150 vagas para o cargo de Analista do Seguro Social com forma\u00e7\u00e3o em servi\u00e7o social. A organiza\u00e7\u00e3o foi do Cebraspe. Foram registrados no total, 43.982 candidatos inscritos.<\/p>\n\n\n\n<h3 class=\"wp-block-heading\" id=\"remuneracao-do-cargo-de-analista-do-seguro-social\">Remunera\u00e7\u00e3o do cargo de <strong>Analista do Seguro Social:<\/strong><\/h3>\n\n\n\n<p>O&nbsp;<strong>vencimento b\u00e1sico&nbsp;<\/strong>\u00e9 a menor parcela da remunera\u00e7\u00e3o do Analista do INSS. No in\u00edcio de carreira, seu valor \u00e9 de R$ 992,72; no final de carreira, o valor vai para R$ 1.467,61.<\/p>\n\n\n\n<p>A&nbsp;<strong>Gratifica\u00e7\u00e3o de Atividade Executiva (GAE)&nbsp;<\/strong>equivale a 160% do vencimento b\u00e1sico. No in\u00edcio de carreira, seu valor \u00e9 de at\u00e9 R$ 1.588,35; no final de carreira, o valor vai para R$ 2.348,18.<\/p>\n\n\n\n<p>A&nbsp;<strong>Gratifica\u00e7\u00e3o de Atividade de Desempenho de Atividade do Seguro Social (GDASS)<\/strong>&nbsp;\u00e9 a maior parcela da remunera\u00e7\u00e3o. No in\u00edcio de carreira, seu valor \u00e9 de at\u00e9 R$ 5.776,00; no final de carreira, o valor vai para R$ 9.218,00. Somando-se todas essas gratifica\u00e7\u00f5es, a remunera\u00e7\u00e3o inicial do cargo \u00e9 de <strong><span style=\"text-decoration: underline;\">R$ 8.357,07<\/span><\/strong>.<\/p>\n\n\n\n<p class=\"has-text-align-center\"><em>Quer ficar bem informado sobre todas as movimenta\u00e7\u00f5es do pr\u00f3ximo concurso p\u00fablico do INSS? Ent\u00e3o n\u00e3o deixe de conferir nosso artigo completo com tudo o que voc\u00ea precisa saber! Acesse:<\/em><\/p>\n\n\n\n<p class=\"has-text-align-center has-luminous-vivid-amber-background-color has-background has-medium-font-size\"><strong>Mais informa\u00e7\u00f5es: <a href=\"https:\/\/www.estrategiaconcursos.com.br\/blog\/concurso-inss-2\/\" target=\"_blank\" rel=\"noreferrer noopener\">Concurso INSS<\/a><\/strong><\/p>\n\n\n\n<hr class=\"wp-block-separator\"\/>\n\n\n\n<div class=\"container\" id=\"boxes\">\n  <div class=\"row\">\n\n    <div class=\"col-sm\">\n      <div class=\"banner-adm\" id=\"box-assinatura\">\n        <h3 class=\"titulo-assinatura\">Carreiras Administrativas<\/h3>\n        <p class=\"subtitulo-assinatura\">Estude conosco<\/p>\n        <div class=\"box-botao\">\n          <a class=\"btn-assinatura\" target=\"_blank\" href=\"https:\/\/www.estrategiaconcursos.com.br\/cursos\/\" role=\"button\" rel=\"noopener noreferrer\">Conhe\u00e7a os cursos<\/a>\n        <\/div>\n      <\/div>\n      \n    <\/div>\n\n  <\/div>\n<\/div>\n\n\n\n<div class=\"container\" id=\"boxes\">\n  <div class=\"row\">\n\n    <div class=\"col-sm\">\n      <div class=\"estrategia\" id=\"box-assinatura\">\n        <h3 class=\"titulo-assinatura\">Assinatura Concursos<\/h3>\n        <p class=\"subtitulo-assinatura\">Assinatura de 1 ano ou 2 anos<\/p>\n        <div class=\"box-botao\">\n          <a class=\"btn-assinatura\" target=\"_blank\" href=\"https:\/\/www.estrategiaconcursos.com.br\/assinaturas\/\" role=\"button\" rel=\"noopener noreferrer\">ASSINE AGORA<\/a>\n        <\/div>\n      <\/div>\n     \n    <\/div>\n\n   \n    \n    <\/div>\n  <\/div>\n\n\n\n\n<p><\/p>\n","protected":false},"excerpt":{"rendered":"<p>A deputada federal Edna Henrique (PSDB\/PB) encaminhou uma an\u00e1lise ao Minist\u00e9rio da Cidadania&nbsp;solicitando, dentre diversas a\u00e7\u00f5es, a nomea\u00e7\u00e3o de todos os aprovados no \u00faltimo concurso do Instituto Nacional de Seguridade Social (INSS) ao cargo de Analista, de 2015. A deputada argumenta que o aumento expressivo do n\u00famero de pessoas em situa\u00e7\u00e3o de rua exige a [&hellip;]<\/p>\n","protected":false},"author":1,"featured_media":698508,"comment_status":"open","ping_status":"closed","sticky":false,"template":"","format":"standard","meta":{"post_tipo":"news","footnotes":""},"categories":[214992],"tags":[],"tax_estado":[219963],"class_list":["post-741227","post","type-post","status-publish","format-standard","has-post-thumbnail","hentry","category-concursos-administrativos","tax_estado-concursos-federais"],"acf":[],"yoast_head":"<!-- This site is optimized with the Yoast SEO Premium plugin v27.2 (Yoast SEO v27.2) - https:\/\/yoast.com\/product\/yoast-seo-premium-wordpress\/ -->\n<title>Concurso INSS: solicitada nomea\u00e7\u00e3o de Analistas do certame de 2015<\/title>\n<meta name=\"description\" content=\"Deputada solicita a nomea\u00e7\u00e3o de aprovados no \u00faltimo concurso do Instituto Nacional de Seguridade Social (INSS) ao cargo de Analista.\" \/>\n<meta name=\"robots\" content=\"index, follow, max-snippet:-1, max-image-preview:large, max-video-preview:-1\" \/>\n<link rel=\"canonical\" href=\"https:\/\/www.estrategiaconcursos.com.br\/blog\/concurso-inss-2015-solicitada-nomeacao-de-analistas\/\" \/>\n<meta property=\"og:locale\" content=\"pt_BR\" \/>\n<meta property=\"og:type\" content=\"article\" \/>\n<meta property=\"og:title\" content=\"Concurso INSS: solicitada nomea\u00e7\u00e3o de Analistas do certame de 2015\" \/>\n<meta property=\"og:description\" content=\"Deputada solicita a nomea\u00e7\u00e3o de aprovados no \u00faltimo concurso do Instituto Nacional de Seguridade Social (INSS) ao cargo de Analista.\" \/>\n<meta property=\"og:url\" content=\"https:\/\/www.estrategiaconcursos.com.br\/blog\/concurso-inss-2015-solicitada-nomeacao-de-analistas\/\" \/>\n<meta property=\"og:site_name\" content=\"Estrat\u00e9gia Concursos\" \/>\n<meta property=\"article:author\" content=\"https:\/\/www.facebook.com\/EstrategiaConcursos\" \/>\n<meta property=\"article:published_time\" content=\"2021-05-14T18:57:49+00:00\" \/>\n<meta property=\"article:modified_time\" content=\"2022-04-06T13:21:49+00:00\" \/>\n<meta property=\"og:image\" content=\"https:\/\/dhg1h5j42swfq.cloudfront.net\/2021\/02\/22154356\/inss.jpg\" \/>\n\t<meta property=\"og:image:width\" content=\"1200\" \/>\n\t<meta property=\"og:image:height\" content=\"628\" \/>\n\t<meta property=\"og:image:type\" content=\"image\/jpeg\" \/>\n<meta name=\"author\" content=\"Coordena\u00e7\u00e3o\" \/>\n<meta name=\"twitter:card\" content=\"summary_large_image\" \/>\n<meta name=\"twitter:creator\" content=\"@EstratConcursos\" \/>\n<meta name=\"twitter:site\" content=\"@EstratConcursos\" \/>\n<meta name=\"twitter:label1\" content=\"Escrito por\" \/>\n\t<meta name=\"twitter:data1\" content=\"Coordena\u00e7\u00e3o\" \/>\n\t<meta name=\"twitter:label2\" content=\"Est. tempo de leitura\" \/>\n\t<meta name=\"twitter:data2\" content=\"2 minutos\" \/>\n<script type=\"application\/ld+json\" class=\"yoast-schema-graph\">{\"@context\":\"https:\/\/schema.org\",\"@graph\":[{\"@type\":\"NewsArticle\",\"@id\":\"https:\/\/www.estrategiaconcursos.com.br\/blog\/concurso-inss-2015-solicitada-nomeacao-de-analistas\/#article\",\"isPartOf\":{\"@id\":\"https:\/\/www.estrategiaconcursos.com.br\/blog\/concurso-inss-2015-solicitada-nomeacao-de-analistas\/\"},\"author\":{\"name\":\"Coordena\u00e7\u00e3o\",\"@id\":\"https:\/\/www.estrategiaconcursos.com.br\/blog\/#\/schema\/person\/b4a388c97673c5f483d72185668afa1f\"},\"headline\":\"Concurso INSS: solicitada nomea\u00e7\u00e3o de Analistas do certame de 2015\",\"datePublished\":\"2021-05-14T18:57:49+00:00\",\"dateModified\":\"2022-04-06T13:21:49+00:00\",\"mainEntityOfPage\":{\"@id\":\"https:\/\/www.estrategiaconcursos.com.br\/blog\/concurso-inss-2015-solicitada-nomeacao-de-analistas\/\"},\"wordCount\":394,\"commentCount\":0,\"publisher\":{\"@id\":\"https:\/\/www.estrategiaconcursos.com.br\/blog\/#organization\"},\"image\":{\"@id\":\"https:\/\/www.estrategiaconcursos.com.br\/blog\/concurso-inss-2015-solicitada-nomeacao-de-analistas\/#primaryimage\"},\"thumbnailUrl\":\"https:\/\/dhg1h5j42swfq.cloudfront.net\/2021\/02\/22154356\/inss.jpg\",\"articleSection\":[\"Executivo (Administrativa)\"],\"inLanguage\":\"pt-BR\",\"potentialAction\":[{\"@type\":\"CommentAction\",\"name\":\"Comment\",\"target\":[\"https:\/\/www.estrategiaconcursos.com.br\/blog\/concurso-inss-2015-solicitada-nomeacao-de-analistas\/#respond\"]}],\"copyrightYear\":\"2021\",\"copyrightHolder\":{\"@id\":\"https:\/\/www.estrategiaconcursos.com.br\/blog\/#organization\"}},{\"@type\":\"WebPage\",\"@id\":\"https:\/\/www.estrategiaconcursos.com.br\/blog\/concurso-inss-2015-solicitada-nomeacao-de-analistas\/\",\"url\":\"https:\/\/www.estrategiaconcursos.com.br\/blog\/concurso-inss-2015-solicitada-nomeacao-de-analistas\/\",\"name\":\"Concurso INSS: solicitada nomea\u00e7\u00e3o de Analistas do certame de 2015\",\"isPartOf\":{\"@id\":\"https:\/\/www.estrategiaconcursos.com.br\/blog\/#website\"},\"primaryImageOfPage\":{\"@id\":\"https:\/\/www.estrategiaconcursos.com.br\/blog\/concurso-inss-2015-solicitada-nomeacao-de-analistas\/#primaryimage\"},\"image\":{\"@id\":\"https:\/\/www.estrategiaconcursos.com.br\/blog\/concurso-inss-2015-solicitada-nomeacao-de-analistas\/#primaryimage\"},\"thumbnailUrl\":\"https:\/\/dhg1h5j42swfq.cloudfront.net\/2021\/02\/22154356\/inss.jpg\",\"datePublished\":\"2021-05-14T18:57:49+00:00\",\"dateModified\":\"2022-04-06T13:21:49+00:00\",\"description\":\"Deputada solicita a nomea\u00e7\u00e3o de aprovados no \u00faltimo concurso do Instituto Nacional de Seguridade Social (INSS) ao cargo de Analista.\",\"breadcrumb\":{\"@id\":\"https:\/\/www.estrategiaconcursos.com.br\/blog\/concurso-inss-2015-solicitada-nomeacao-de-analistas\/#breadcrumb\"},\"inLanguage\":\"pt-BR\",\"potentialAction\":[{\"@type\":\"ReadAction\",\"target\":[\"https:\/\/www.estrategiaconcursos.com.br\/blog\/concurso-inss-2015-solicitada-nomeacao-de-analistas\/\"]}]},{\"@type\":\"ImageObject\",\"inLanguage\":\"pt-BR\",\"@id\":\"https:\/\/www.estrategiaconcursos.com.br\/blog\/concurso-inss-2015-solicitada-nomeacao-de-analistas\/#primaryimage\",\"url\":\"https:\/\/dhg1h5j42swfq.cloudfront.net\/2021\/02\/22154356\/inss.jpg\",\"contentUrl\":\"https:\/\/dhg1h5j42swfq.cloudfront.net\/2021\/02\/22154356\/inss.jpg\",\"width\":1200,\"height\":628,\"caption\":\"Concurso INSS retifica\u00e7\u00f5es\"},{\"@type\":\"BreadcrumbList\",\"@id\":\"https:\/\/www.estrategiaconcursos.com.br\/blog\/concurso-inss-2015-solicitada-nomeacao-de-analistas\/#breadcrumb\",\"itemListElement\":[{\"@type\":\"ListItem\",\"position\":1,\"name\":\"In\u00edcio\",\"item\":\"https:\/\/www.estrategiaconcursos.com.br\/blog\/\"},{\"@type\":\"ListItem\",\"position\":2,\"name\":\"Concurso INSS: solicitada nomea\u00e7\u00e3o de Analistas do certame de 2015\"}]},{\"@type\":\"WebSite\",\"@id\":\"https:\/\/www.estrategiaconcursos.com.br\/blog\/#website\",\"url\":\"https:\/\/www.estrategiaconcursos.com.br\/blog\/\",\"name\":\"Estrat\u00e9gia Concursos\",\"description\":\"O blog da Estrat\u00e9gia Concursos traz not\u00edcias sobre concursos e artigos de professores oferecendo cursos para concursos (pdf + videaulas) no site.\",\"publisher\":{\"@id\":\"https:\/\/www.estrategiaconcursos.com.br\/blog\/#organization\"},\"potentialAction\":[{\"@type\":\"SearchAction\",\"target\":{\"@type\":\"EntryPoint\",\"urlTemplate\":\"https:\/\/www.estrategiaconcursos.com.br\/blog\/?s={search_term_string}\"},\"query-input\":{\"@type\":\"PropertyValueSpecification\",\"valueRequired\":true,\"valueName\":\"search_term_string\"}}],\"inLanguage\":\"pt-BR\"},{\"@type\":\"Organization\",\"@id\":\"https:\/\/www.estrategiaconcursos.com.br\/blog\/#organization\",\"name\":\"Estrat\u00e9gia Concursos\",\"url\":\"https:\/\/www.estrategiaconcursos.com.br\/blog\/\",\"logo\":{\"@type\":\"ImageObject\",\"inLanguage\":\"pt-BR\",\"@id\":\"https:\/\/www.estrategiaconcursos.com.br\/blog\/#\/schema\/logo\/image\/\",\"url\":\"https:\/\/dhg1h5j42swfq.cloudfront.net\/2025\/06\/03203428\/logo_concursos-1.jpg\",\"contentUrl\":\"https:\/\/dhg1h5j42swfq.cloudfront.net\/2025\/06\/03203428\/logo_concursos-1.jpg\",\"width\":230,\"height\":60,\"caption\":\"Estrat\u00e9gia Concursos\"},\"image\":{\"@id\":\"https:\/\/www.estrategiaconcursos.com.br\/blog\/#\/schema\/logo\/image\/\"},\"sameAs\":[\"https:\/\/x.com\/EstratConcursos\"]},{\"@type\":\"Person\",\"@id\":\"https:\/\/www.estrategiaconcursos.com.br\/blog\/#\/schema\/person\/b4a388c97673c5f483d72185668afa1f\",\"name\":\"Coordena\u00e7\u00e3o\",\"image\":{\"@type\":\"ImageObject\",\"inLanguage\":\"pt-BR\",\"@id\":\"https:\/\/secure.gravatar.com\/avatar\/b720319e4c9a967eb58678d110f4fe35452fc5d5f97b202bac7b8acceb18c6ad?s=96&d=mm&r=g\",\"url\":\"https:\/\/secure.gravatar.com\/avatar\/b720319e4c9a967eb58678d110f4fe35452fc5d5f97b202bac7b8acceb18c6ad?s=96&d=mm&r=g\",\"contentUrl\":\"https:\/\/secure.gravatar.com\/avatar\/b720319e4c9a967eb58678d110f4fe35452fc5d5f97b202bac7b8acceb18c6ad?s=96&d=mm&r=g\",\"caption\":\"Coordena\u00e7\u00e3o\"},\"sameAs\":[\"https:\/\/www.facebook.com\/EstrategiaConcursos\",\"https:\/\/x.com\/EstratConcursos\"],\"url\":\"https:\/\/www.estrategiaconcursos.com.br\/blog\/author\/estrategia2013\/\"}]}<\/script>\n<!-- \/ Yoast SEO Premium plugin. -->","yoast_head_json":{"title":"Concurso INSS: solicitada nomea\u00e7\u00e3o de Analistas do certame de 2015","description":"Deputada solicita a nomea\u00e7\u00e3o de aprovados no \u00faltimo concurso do Instituto Nacional de Seguridade Social (INSS) ao cargo de Analista.","robots":{"index":"index","follow":"follow","max-snippet":"max-snippet:-1","max-image-preview":"max-image-preview:large","max-video-preview":"max-video-preview:-1"},"canonical":"https:\/\/www.estrategiaconcursos.com.br\/blog\/concurso-inss-2015-solicitada-nomeacao-de-analistas\/","og_locale":"pt_BR","og_type":"article","og_title":"Concurso INSS: solicitada nomea\u00e7\u00e3o de Analistas do certame de 2015","og_description":"Deputada solicita a nomea\u00e7\u00e3o de aprovados no \u00faltimo concurso do Instituto Nacional de Seguridade Social (INSS) ao cargo de Analista.","og_url":"https:\/\/www.estrategiaconcursos.com.br\/blog\/concurso-inss-2015-solicitada-nomeacao-de-analistas\/","og_site_name":"Estrat\u00e9gia Concursos","article_author":"https:\/\/www.facebook.com\/EstrategiaConcursos","article_published_time":"2021-05-14T18:57:49+00:00","article_modified_time":"2022-04-06T13:21:49+00:00","og_image":[{"width":1200,"height":628,"url":"https:\/\/dhg1h5j42swfq.cloudfront.net\/2021\/02\/22154356\/inss.jpg","type":"image\/jpeg"}],"author":"Coordena\u00e7\u00e3o","twitter_card":"summary_large_image","twitter_creator":"@EstratConcursos","twitter_site":"@EstratConcursos","twitter_misc":{"Escrito por":"Coordena\u00e7\u00e3o","Est. tempo de leitura":"2 minutos"},"schema":{"@context":"https:\/\/schema.org","@graph":[{"@type":"NewsArticle","@id":"https:\/\/www.estrategiaconcursos.com.br\/blog\/concurso-inss-2015-solicitada-nomeacao-de-analistas\/#article","isPartOf":{"@id":"https:\/\/www.estrategiaconcursos.com.br\/blog\/concurso-inss-2015-solicitada-nomeacao-de-analistas\/"},"author":{"name":"Coordena\u00e7\u00e3o","@id":"https:\/\/www.estrategiaconcursos.com.br\/blog\/#\/schema\/person\/b4a388c97673c5f483d72185668afa1f"},"headline":"Concurso INSS: solicitada nomea\u00e7\u00e3o de Analistas do certame de 2015","datePublished":"2021-05-14T18:57:49+00:00","dateModified":"2022-04-06T13:21:49+00:00","mainEntityOfPage":{"@id":"https:\/\/www.estrategiaconcursos.com.br\/blog\/concurso-inss-2015-solicitada-nomeacao-de-analistas\/"},"wordCount":394,"commentCount":0,"publisher":{"@id":"https:\/\/www.estrategiaconcursos.com.br\/blog\/#organization"},"image":{"@id":"https:\/\/www.estrategiaconcursos.com.br\/blog\/concurso-inss-2015-solicitada-nomeacao-de-analistas\/#primaryimage"},"thumbnailUrl":"https:\/\/dhg1h5j42swfq.cloudfront.net\/2021\/02\/22154356\/inss.jpg","articleSection":["Executivo (Administrativa)"],"inLanguage":"pt-BR","potentialAction":[{"@type":"CommentAction","name":"Comment","target":["https:\/\/www.estrategiaconcursos.com.br\/blog\/concurso-inss-2015-solicitada-nomeacao-de-analistas\/#respond"]}],"copyrightYear":"2021","copyrightHolder":{"@id":"https:\/\/www.estrategiaconcursos.com.br\/blog\/#organization"}},{"@type":"WebPage","@id":"https:\/\/www.estrategiaconcursos.com.br\/blog\/concurso-inss-2015-solicitada-nomeacao-de-analistas\/","url":"https:\/\/www.estrategiaconcursos.com.br\/blog\/concurso-inss-2015-solicitada-nomeacao-de-analistas\/","name":"Concurso INSS: solicitada nomea\u00e7\u00e3o de Analistas do certame de 2015","isPartOf":{"@id":"https:\/\/www.estrategiaconcursos.com.br\/blog\/#website"},"primaryImageOfPage":{"@id":"https:\/\/www.estrategiaconcursos.com.br\/blog\/concurso-inss-2015-solicitada-nomeacao-de-analistas\/#primaryimage"},"image":{"@id":"https:\/\/www.estrategiaconcursos.com.br\/blog\/concurso-inss-2015-solicitada-nomeacao-de-analistas\/#primaryimage"},"thumbnailUrl":"https:\/\/dhg1h5j42swfq.cloudfront.net\/2021\/02\/22154356\/inss.jpg","datePublished":"2021-05-14T18:57:49+00:00","dateModified":"2022-04-06T13:21:49+00:00","description":"Deputada solicita a nomea\u00e7\u00e3o de aprovados no \u00faltimo concurso do Instituto Nacional de Seguridade Social (INSS) ao cargo de Analista.","breadcrumb":{"@id":"https:\/\/www.estrategiaconcursos.com.br\/blog\/concurso-inss-2015-solicitada-nomeacao-de-analistas\/#breadcrumb"},"inLanguage":"pt-BR","potentialAction":[{"@type":"ReadAction","target":["https:\/\/www.estrategiaconcursos.com.br\/blog\/concurso-inss-2015-solicitada-nomeacao-de-analistas\/"]}]},{"@type":"ImageObject","inLanguage":"pt-BR","@id":"https:\/\/www.estrategiaconcursos.com.br\/blog\/concurso-inss-2015-solicitada-nomeacao-de-analistas\/#primaryimage","url":"https:\/\/dhg1h5j42swfq.cloudfront.net\/2021\/02\/22154356\/inss.jpg","contentUrl":"https:\/\/dhg1h5j42swfq.cloudfront.net\/2021\/02\/22154356\/inss.jpg","width":1200,"height":628,"caption":"Concurso INSS retifica\u00e7\u00f5es"},{"@type":"BreadcrumbList","@id":"https:\/\/www.estrategiaconcursos.com.br\/blog\/concurso-inss-2015-solicitada-nomeacao-de-analistas\/#breadcrumb","itemListElement":[{"@type":"ListItem","position":1,"name":"In\u00edcio","item":"https:\/\/www.estrategiaconcursos.com.br\/blog\/"},{"@type":"ListItem","position":2,"name":"Concurso INSS: solicitada nomea\u00e7\u00e3o de Analistas do certame de 2015"}]},{"@type":"WebSite","@id":"https:\/\/www.estrategiaconcursos.com.br\/blog\/#website","url":"https:\/\/www.estrategiaconcursos.com.br\/blog\/","name":"Estrat\u00e9gia Concursos","description":"O blog da Estrat\u00e9gia Concursos traz not\u00edcias sobre concursos e artigos de professores oferecendo cursos para concursos (pdf + videaulas) no site.","publisher":{"@id":"https:\/\/www.estrategiaconcursos.com.br\/blog\/#organization"},"potentialAction":[{"@type":"SearchAction","target":{"@type":"EntryPoint","urlTemplate":"https:\/\/www.estrategiaconcursos.com.br\/blog\/?s={search_term_string}"},"query-input":{"@type":"PropertyValueSpecification","valueRequired":true,"valueName":"search_term_string"}}],"inLanguage":"pt-BR"},{"@type":"Organization","@id":"https:\/\/www.estrategiaconcursos.com.br\/blog\/#organization","name":"Estrat\u00e9gia Concursos","url":"https:\/\/www.estrategiaconcursos.com.br\/blog\/","logo":{"@type":"ImageObject","inLanguage":"pt-BR","@id":"https:\/\/www.estrategiaconcursos.com.br\/blog\/#\/schema\/logo\/image\/","url":"https:\/\/dhg1h5j42swfq.cloudfront.net\/2025\/06\/03203428\/logo_concursos-1.jpg","contentUrl":"https:\/\/dhg1h5j42swfq.cloudfront.net\/2025\/06\/03203428\/logo_concursos-1.jpg","width":230,"height":60,"caption":"Estrat\u00e9gia Concursos"},"image":{"@id":"https:\/\/www.estrategiaconcursos.com.br\/blog\/#\/schema\/logo\/image\/"},"sameAs":["https:\/\/x.com\/EstratConcursos"]},{"@type":"Person","@id":"https:\/\/www.estrategiaconcursos.com.br\/blog\/#\/schema\/person\/b4a388c97673c5f483d72185668afa1f","name":"Coordena\u00e7\u00e3o","image":{"@type":"ImageObject","inLanguage":"pt-BR","@id":"https:\/\/secure.gravatar.com\/avatar\/b720319e4c9a967eb58678d110f4fe35452fc5d5f97b202bac7b8acceb18c6ad?s=96&d=mm&r=g","url":"https:\/\/secure.gravatar.com\/avatar\/b720319e4c9a967eb58678d110f4fe35452fc5d5f97b202bac7b8acceb18c6ad?s=96&d=mm&r=g","contentUrl":"https:\/\/secure.gravatar.com\/avatar\/b720319e4c9a967eb58678d110f4fe35452fc5d5f97b202bac7b8acceb18c6ad?s=96&d=mm&r=g","caption":"Coordena\u00e7\u00e3o"},"sameAs":["https:\/\/www.facebook.com\/EstrategiaConcursos","https:\/\/x.com\/EstratConcursos"],"url":"https:\/\/www.estrategiaconcursos.com.br\/blog\/author\/estrategia2013\/"}]}},"_links":{"self":[{"href":"https:\/\/www.estrategiaconcursos.com.br\/blog\/wp-json\/wp\/v2\/posts\/741227","targetHints":{"allow":["GET"]}}],"collection":[{"href":"https:\/\/www.estrategiaconcursos.com.br\/blog\/wp-json\/wp\/v2\/posts"}],"about":[{"href":"https:\/\/www.estrategiaconcursos.com.br\/blog\/wp-json\/wp\/v2\/types\/post"}],"author":[{"embeddable":true,"href":"https:\/\/www.estrategiaconcursos.com.br\/blog\/wp-json\/wp\/v2\/users\/1"}],"replies":[{"embeddable":true,"href":"https:\/\/www.estrategiaconcursos.com.br\/blog\/wp-json\/wp\/v2\/comments?post=741227"}],"version-history":[{"count":8,"href":"https:\/\/www.estrategiaconcursos.com.br\/blog\/wp-json\/wp\/v2\/posts\/741227\/revisions"}],"predecessor-version":[{"id":1002912,"href":"https:\/\/www.estrategiaconcursos.com.br\/blog\/wp-json\/wp\/v2\/posts\/741227\/revisions\/1002912"}],"wp:featuredmedia":[{"embeddable":true,"href":"https:\/\/www.estrategiaconcursos.com.br\/blog\/wp-json\/wp\/v2\/media\/698508"}],"wp:attachment":[{"href":"https:\/\/www.estrategiaconcursos.com.br\/blog\/wp-json\/wp\/v2\/media?parent=741227"}],"wp:term":[{"taxonomy":"category","embeddable":true,"href":"https:\/\/www.estrategiaconcursos.com.br\/blog\/wp-json\/wp\/v2\/categories?post=741227"},{"taxonomy":"post_tag","embeddable":true,"href":"https:\/\/www.estrategiaconcursos.com.br\/blog\/wp-json\/wp\/v2\/tags?post=741227"},{"taxonomy":"tax_estado","embeddable":true,"href":"https:\/\/www.estrategiaconcursos.com.br\/blog\/wp-json\/wp\/v2\/tax_estado?post=741227"}],"curies":[{"name":"wp","href":"https:\/\/api.w.org\/{rel}","templated":true}]}}