{"id":740756,"date":"2021-05-17T17:00:00","date_gmt":"2021-05-17T20:00:00","guid":{"rendered":"https:\/\/www.estrategiaconcursos.com.br\/blog\/?p=740756"},"modified":"2021-05-14T19:00:05","modified_gmt":"2021-05-14T22:00:05","slug":"delta-pf-hora-da-verdade-reta-final","status":"publish","type":"post","link":"https:\/\/www.estrategiaconcursos.com.br\/blog\/delta-pf-hora-da-verdade-reta-final\/","title":{"rendered":"DELTA PF: Hora da Verdade Reta Final"},"content":{"rendered":"\n<p>Come\u00e7a nesta segunda-feira, 17 de maio de 2021, \u00e0s 18:00, o evento DELTA PF: Hora da Verdade Reta Final. Reforce seus estudos para chegar preparado para o dia do exame! <\/p>\n\n\n\n<h3 class=\"wp-block-heading\" id=\"h-delta-pf-cronograma\">DELTA PF: Cronograma<\/h3>\n\n\n\n<figure class=\"wp-block-table is-style-stripes\"><table class=\"has-fixed-layout\"><tbody><tr><td class=\"has-text-align-center\" data-align=\"center\">SEGUNDA<\/td><td class=\"has-text-align-center\" data-align=\"center\">TER\u00c7A<\/td><td class=\"has-text-align-center\" data-align=\"center\">QUARTA<\/td><td class=\"has-text-align-center\" data-align=\"center\">QUINTA<\/td><td class=\"has-text-align-center\" data-align=\"center\">SEXTA<\/td><\/tr><tr><td class=\"has-text-align-center\" data-align=\"center\"><strong>18:00 \u00e0s 19:30<\/strong><\/td><td class=\"has-text-align-center\" data-align=\"center\"><strong>18:00 \u00e0s 19:30<\/strong><\/td><td class=\"has-text-align-center\" data-align=\"center\"><strong>18:00 \u00e0s 19:30<\/strong><\/td><td class=\"has-text-align-center\" data-align=\"center\"><strong>18:00 \u00e0s 19:30<\/strong><\/td><td class=\"has-text-align-center\" data-align=\"center\"><strong>18:00 \u00e0s 19:30<\/strong><\/td><\/tr><tr><td class=\"has-text-align-center\" data-align=\"center\">Direito Administrativo Professor: Cl\u00e1udio Tusco Hor\u00e1rio: <\/td><td class=\"has-text-align-center\" data-align=\"center\">Direito Civil Professor: Paulo Sousa<\/td><td class=\"has-text-align-center\" data-align=\"center\">Direito Processual Civil Professor: Rodrigo Vaslin<\/td><td class=\"has-text-align-center\" data-align=\"center\">Direito Tribut\u00e1rio e FinanceiroProfessor: Mateus Pontalti<\/td><td class=\"has-text-align-center\" data-align=\"center\">CriminologiaProfessor: Fl\u00e1vio Milhomem<\/td><\/tr><tr><td class=\"has-text-align-center\" data-align=\"center\"><strong>19:30 \u00e0s 23h<\/strong><\/td><td class=\"has-text-align-center\" data-align=\"center\"><strong>19:30 \u00e0s 23h<\/strong><\/td><td class=\"has-text-align-center\" data-align=\"center\"><strong>19:30 \u00e0s 23h<\/strong><\/td><td class=\"has-text-align-center\" data-align=\"center\"><strong>19:30 \u00e0s 21h<\/strong><\/td><td class=\"has-text-align-center\" data-align=\"center\"><strong>19:30 \u00e0s 21h<\/strong><\/td><\/tr><tr><td class=\"has-text-align-center\" data-align=\"center\">Direito Penal Professor: Michael de Avelar <\/td><td class=\"has-text-align-center\" data-align=\"center\">Direito Constitucional Professor: Nelma Fontana<\/td><td class=\"has-text-align-center\" data-align=\"center\">Direito Processual Penal Professor: Leonardo Tavares <\/td><td class=\"has-text-align-center\" data-align=\"center\">Direito Empresarial Professor: Alessandro Sanchez<\/td><td class=\"has-text-align-center\" data-align=\"center\">Direito Internacional P\u00fablico Professor: Rafael Dantas <\/td><\/tr><tr><td class=\"has-text-align-center\" data-align=\"center\"><strong>21h30 \u00e0s 23h<\/strong><\/td><td class=\"has-text-align-center\" data-align=\"center\"><strong>21h30 \u00e0s 23h<\/strong><\/td><td class=\"has-text-align-center\" data-align=\"center\"><\/td><td class=\"has-text-align-center\" data-align=\"center\"><\/td><td class=\"has-text-align-center\" data-align=\"center\"><\/td><\/tr><tr><td class=\"has-text-align-center\" data-align=\"center\">Legisla\u00e7\u00e3o Penal Especial Professor: Luiz Godoy <\/td><td class=\"has-text-align-center\" data-align=\"center\">Direito Previdenci\u00e1rioProfessor: Rafael Dantas<\/td><\/tr><\/tbody><\/table><\/figure>\n\n\n\n<h3 class=\"wp-block-heading\" id=\"h-delta-pf-evento-ao-vivo\">DELTA PF: Evento ao vivo<\/h3>\n\n\n\n<p class=\"has-text-align-center has-light-green-cyan-background-color has-background\"><a href=\"https:\/\/www.youtube.com\/channel\/UClbMGuYbj2Mh1m3w144ETWQ\">ASSISTA AO VIVO <\/a><\/p>\n\n\n\n<h3 class=\"wp-block-heading\" id=\"h-delta-pf-curiosidades\">DELTA PF: Curiosidades<\/h3>\n\n\n\n<h4 class=\"wp-block-heading\" id=\"requisito-pf\">Requisitos do cargo de Delegado PF<\/h4>\n\n\n\n<p>O edital do concurso Delegado PF dita os seguintes requisitos para posse do cargo:<\/p>\n\n\n\n<ul class=\"wp-block-list\"><li>Diploma de bacharel em Direito, devidamente registrado;<\/li><li>Ter atividade jur\u00eddica ou policial de 3 anos (comprovados);<\/li><li>Ter 18 anos, no m\u00ednimo;<\/li><li>Possuir CNH na categoria \u201cB\u201d ou superior.<\/li><\/ul>\n\n\n\n<p>A atividade jur\u00eddica ou policial deve ser comprovada na data da posse e todos esses&nbsp;<em>devem ser comprovados na data da matr\u00edcula<\/em>.<\/p>\n\n\n\n<p>Al\u00e9m dessas exig\u00eancias, durante o Curso de Forma\u00e7\u00e3o Profissional, o candidato dever\u00e1 comprovar que \u00e9 vi\u00e1vel ter todos os requisitos exigidos at\u00e9 o fim do curso. Este aspecto peculiar cabe ao candidato que n\u00e3o tenha atingido o tempo m\u00ednimo.<\/p>\n\n\n\n<h4 class=\"wp-block-heading\" id=\"essencial-pf\">O que \u00e9 essencial saber sobre atividade jur\u00eddica e policial<\/h4>\n\n\n\n<p><strong>ATIVIDADE JUR\u00cdDICA<\/strong><\/p>\n\n\n\n<p>No concurso de Delegado-PF,&nbsp;<strong><a href=\"https:\/\/www.estrategiaconcursos.com.br\/blog\/top-10-carreiras-juridicas\/\" target=\"_blank\" rel=\"noreferrer noopener\">atividade jur\u00eddica<\/a><\/strong>&nbsp;\u00e9 aquela exercida exclusivamente&nbsp;<strong>ap\u00f3s a cola\u00e7\u00e3o de grau no bacharelado em Direito<\/strong>.<\/p>\n\n\n\n<p><em><strong>O est\u00e1gio acad\u00eamico<\/strong>, mesmo em&nbsp;<strong>\u00f3rg\u00e3os p\u00fablicos<\/strong>&nbsp;(inclusive na PF),&nbsp;<strong>n\u00e3o conta&nbsp;<\/strong>para o c\u00f4mputo de tempo m\u00ednimo de&nbsp;<strong>3 anos<\/strong>.<\/em><\/p>\n\n\n\n<p><strong>De advocacia&nbsp;<\/strong>(inclusive volunt\u00e1ria):<strong>&nbsp;5 atos<\/strong>&nbsp;privativos de advogado em&nbsp;<strong>1 ano&nbsp;<\/strong>em&nbsp;<strong>causas<\/strong>&nbsp;ou&nbsp;<strong>a\u00e7\u00f5es distintas<\/strong>.<\/p>\n\n\n\n<p><strong>A concilia\u00e7\u00e3o, media\u00e7\u00e3o ou arbitragem<\/strong>: 16h mensais por&nbsp;<strong>1 ano<\/strong>.<\/p>\n\n\n\n<p><strong>As atividades exercidas exclusivamente nos bachar\u00e9is em Direito<\/strong>: exerc\u00edcio de cargos ou fun\u00e7\u00f5es p\u00fablicas privativas de bachar\u00e9is em Direito, como membro do Minist\u00e9rio P\u00fablico, Defensor P\u00fablico, Delegado de Pol\u00edcia Civil, Advogado p\u00fablico (Procuradorias, AGU).<\/p>\n\n\n\n<p><strong>As atividades que exijam o uso preponderante de conhecimentos jur\u00eddicos (inclusive magist\u00e9rio superior)<\/strong>: devem ser comprovadas por meio de certid\u00e3o circunstanciada do \u00f3rg\u00e3o competente e est\u00e1 sujeita \u00e0 an\u00e1lise da comiss\u00e3o especial para avaliar o c\u00f4mputo e tempo.<\/p>\n\n\n\n<p><strong>ATIVIDADE POLICIAL<\/strong><\/p>\n\n\n\n<p><strong>Efetivo exerc\u00edcio de&nbsp;<a href=\"https:\/\/www.estrategiaconcursos.com.br\/blog\/concursos-de-policia\/\" target=\"_blank\" rel=\"noreferrer noopener\">cargo p\u00fablico de natureza policial<\/a><\/strong>&nbsp; na&nbsp;Pol\u00edcia Federal, na Pol\u00edcia Rodovi\u00e1ria Federal, na Pol\u00edcia Ferrovi\u00e1ria Federal, nas Pol\u00edcias Civis ou nas Pol\u00edcias Militares.<\/p>\n\n\n\n<p><strong>Contagem de tempo<\/strong>: pode ser iniciada&nbsp;<strong>antes da cola\u00e7\u00e3o de grau no bacharelado em Direito<\/strong>.<\/p>\n\n\n\n<p class=\"has-text-align-center\"><strong>Quer saber mais sobre o concurso? Clique no link abaixo e fique por dentro de tudo!<\/strong><\/p>\n\n\n\n<p class=\"has-text-align-center has-luminous-vivid-amber-background-color has-background\"><strong>Saiba mais: <a href=\"https:\/\/www.estrategiaconcursos.com.br\/blog\/concurso-delegado-pf\/\">Concurso Delegado PF<\/a><\/strong><\/p>\n\n\n\n<p class=\"has-text-align-center has-pale-pink-background-color has-background\"><a href=\"https:\/\/www.youtube.com\/channel\/UClbMGuYbj2Mh1m3w144ETWQ\"><strong>Youtube &#8211; Estrat\u00e9gia Carreira Jur\u00eddica <\/strong><\/a><\/p>\n\n\n\n<h2 class=\"has-text-align-center wp-block-heading\" id=\"cursos\">Cursos para o concurso Delegado PF<\/h2>\n\n\n\n<div class=\"container\" id=\"boxes\">\n  <div class=\"row\">\n\n    <div class=\"col-sm\">\n      <div class=\"banner-ecj\" id=\"box-assinatura\">\n        <h3 class=\"titulo-assinatura\">PROMO\u00c7\u00c3O: Pacotes para Delegado PF  <\/h3>\n        <p class=\"subtitulo-assinatura\">Cursos focados no edital do concurso<\/p>\n        <div class=\"box-botao\">\n          <a class=\"btn-assinatura\" target=\"_blank\" href=\"https:\/\/www.estrategiaconcursos.com.br\/cursosPorConcurso\/promocao-pacote-completo-policia-federal-delegado\/\" role=\"button\" rel=\"noopener noreferrer\">Conhe\u00e7a mais<\/a>\n        <\/div>\n      <\/div>\n      <p class=\"texto-auxiliar\">Prepare-se com o melhor material e com quem mais aprova em concursos em todo o pa\u00eds. \n<\/p>\n    <\/div>\n\n  <\/div>\n<\/div>\n\n\n\n<div class=\"container\" id=\"boxes\">\n  <div class=\"row\">\n\n    <div class=\"col-sm\">\n      <div class=\"banner-ecj\" id=\"box-assinatura\">\n        <h3 class=\"titulo-assinatura\">Assinatura Jur\u00eddica <\/h3>\n        <p class=\"subtitulo-assinatura\">Conhe\u00e7a os planos<\/p>\n        <div class=\"box-botao\">\n          <a class=\"btn-assinatura\" target=\"_blank\" href=\"https:\/\/www.estrategiaconcursos.com.br\/assinaturas-ecj\/\" role=\"button\" rel=\"noopener noreferrer\">Conhe\u00e7a mais<\/a>\n        <\/div>\n      <\/div>\n      <p class=\"texto-auxiliar\">Prepare-se com o melhor material e com quem mais aprova em Concursos P\u00fablicos em todo o pa\u00eds. \n<\/p>\n    <\/div>\n\n  <\/div>\n<\/div>\n\n\n\n<div class=\"container\" id=\"boxes\">\n  <div class=\"row\">\n\n    <div class=\"col-sm\" id=\"boxes-concursos\">\n      <div style=\"background-color: #005DAD;\" class=\"conteudo-concursos\" id=\"box-concursos\">\n        <h3 class=\"titulo-assinatura\">Concursos Abertos<\/h3>\n        <p class=\"subtitulo-assinatura\">Confira os editais publicados<\/p>\n        <div class=\"box-botao\">\n          <a class=\"btn-assinatura\" target=\"_blank\" href=\"https:\/\/www.estrategiaconcursos.com.br\/blog\/concursos-abertos\/\" role=\"button\" rel=\"noopener noreferrer\">Conhe\u00e7a Agora<\/a>\n        <\/div>\n      <\/div>\n    <\/div>\n\n   \n    <div class=\"col-sm\" id=\"boxes-concursos\">\n      <div style=\"background-color: #419FF0;\" class=\"conteudo-concursos\" id=\"box-concursos\">\n        <h3 class=\"titulo-assinatura\">Concursos 2021<\/h3>\n        <p class=\"subtitulo-assinatura\">Confira as oportunidades previstas<\/p>\n        <div class=\"box-botao\">\n          <a class=\"btn-assinatura\" target=\"_blank\" href=\"https:\/\/www.estrategiaconcursos.com.br\/blog\/concursos-2021\/\" role=\"button\" rel=\"noopener noreferrer\">Conhe\u00e7a Agora<\/a>\n        <\/div>\n      <\/div>\n    <\/div>\n\n  <\/div>\n<\/div>\n\n\n\n<p class=\"has-text-align-center\"><strong>Quer ficar atualizado DIARIAMENTE sobre as not\u00edcias do mundo dos concursos? Entre no nosso Telegram<\/strong> <strong>abaixo!<\/strong><\/p>\n\n\n\n<figure class=\"wp-block-image size-large\"><a href=\"https:\/\/t.me\/estrategianews\" target=\"_blank\" rel=\"noopener\"><img loading=\"lazy\" decoding=\"async\" width=\"899\" height=\"193\" src=\"https:\/\/dhg1h5j42swfq.cloudfront.net\/2021\/05\/03172229\/news-1.jpg\" alt=\"Telegram Estrat\u00e9gia News\" class=\"wp-image-730087\" srcset=\"https:\/\/dhg1h5j42swfq.cloudfront.net\/2021\/05\/03172229\/news-1.jpg 899w, https:\/\/dhg1h5j42swfq.cloudfront.net\/2021\/05\/03172229\/news-1-300x64.jpg 300w, https:\/\/dhg1h5j42swfq.cloudfront.net\/2021\/05\/03172229\/news-1-768x165.jpg 768w, https:\/\/dhg1h5j42swfq.cloudfront.net\/2021\/05\/03172229\/news-1-610x131.jpg 610w\" sizes=\"auto, (max-width: 899px) 100vw, 899px\" \/><\/a><\/figure>\n","protected":false},"excerpt":{"rendered":"<p>Come\u00e7a nesta segunda-feira, 17 de maio de 2021, \u00e0s 18:00, o evento DELTA PF: Hora da Verdade Reta Final. Reforce seus estudos para chegar preparado para o dia do exame! DELTA PF: Cronograma SEGUNDA TER\u00c7A QUARTA QUINTA SEXTA 18:00 \u00e0s 19:30 18:00 \u00e0s 19:30 18:00 \u00e0s 19:30 18:00 \u00e0s 19:30 18:00 \u00e0s 19:30 Direito Administrativo [&hellip;]<\/p>\n","protected":false},"author":1,"featured_media":637270,"comment_status":"open","ping_status":"closed","sticky":false,"template":"","format":"standard","meta":{"post_tipo":"news","footnotes":""},"categories":[2185],"tags":[],"tax_estado":[219963],"class_list":["post-740756","post","type-post","status-publish","format-standard","has-post-thumbnail","hentry","category-carreiras-juridicas","tax_estado-concursos-federais"],"acf":[],"yoast_head":"<!-- This site is optimized with the Yoast SEO Premium plugin v27.2 (Yoast SEO v27.2) - https:\/\/yoast.com\/product\/yoast-seo-premium-wordpress\/ -->\n<title>DELTA PF: Hora da Verdade Reta Final<\/title>\n<meta name=\"description\" content=\"Desenvolva suas habilidades para o concurso DELTA PF. A sele\u00e7\u00e3o oferta 123 vagas imediatas para o cargo de Delegado Federal com sal\u00e1rio inicial de R$ 23 mil.\" \/>\n<meta name=\"robots\" content=\"index, follow, max-snippet:-1, max-image-preview:large, max-video-preview:-1\" \/>\n<link rel=\"canonical\" href=\"https:\/\/www.estrategiaconcursos.com.br\/blog\/delta-pf-hora-da-verdade-reta-final\/\" \/>\n<meta property=\"og:locale\" content=\"pt_BR\" \/>\n<meta property=\"og:type\" content=\"article\" \/>\n<meta property=\"og:title\" content=\"DELTA PF: Hora da Verdade Reta Final\" \/>\n<meta property=\"og:description\" content=\"Desenvolva suas habilidades para o concurso DELTA PF. A sele\u00e7\u00e3o oferta 123 vagas imediatas para o cargo de Delegado Federal com sal\u00e1rio inicial de R$ 23 mil.\" \/>\n<meta property=\"og:url\" content=\"https:\/\/www.estrategiaconcursos.com.br\/blog\/delta-pf-hora-da-verdade-reta-final\/\" \/>\n<meta property=\"og:site_name\" content=\"Estrat\u00e9gia Concursos\" \/>\n<meta property=\"article:author\" content=\"https:\/\/www.facebook.com\/EstrategiaConcursos\" \/>\n<meta property=\"article:published_time\" content=\"2021-05-17T20:00:00+00:00\" \/>\n<meta property=\"og:image\" content=\"https:\/\/dhg1h5j42swfq.cloudfront.net\/2020\/12\/29120004\/delegado-pf6.jpg\" \/>\n\t<meta property=\"og:image:width\" content=\"1200\" \/>\n\t<meta property=\"og:image:height\" content=\"628\" \/>\n\t<meta property=\"og:image:type\" content=\"image\/jpeg\" \/>\n<meta name=\"author\" content=\"Coordena\u00e7\u00e3o\" \/>\n<meta name=\"twitter:card\" content=\"summary_large_image\" \/>\n<meta name=\"twitter:creator\" content=\"@EstratConcursos\" \/>\n<meta name=\"twitter:site\" content=\"@EstratConcursos\" \/>\n<meta name=\"twitter:label1\" content=\"Escrito por\" \/>\n\t<meta name=\"twitter:data1\" content=\"Coordena\u00e7\u00e3o\" \/>\n\t<meta name=\"twitter:label2\" content=\"Est. tempo de leitura\" \/>\n\t<meta name=\"twitter:data2\" content=\"3 minutos\" \/>\n<script type=\"application\/ld+json\" class=\"yoast-schema-graph\">{\"@context\":\"https:\/\/schema.org\",\"@graph\":[{\"@type\":\"NewsArticle\",\"@id\":\"https:\/\/www.estrategiaconcursos.com.br\/blog\/delta-pf-hora-da-verdade-reta-final\/#article\",\"isPartOf\":{\"@id\":\"https:\/\/www.estrategiaconcursos.com.br\/blog\/delta-pf-hora-da-verdade-reta-final\/\"},\"author\":{\"name\":\"Coordena\u00e7\u00e3o\",\"@id\":\"https:\/\/www.estrategiaconcursos.com.br\/blog\/#\/schema\/person\/b4a388c97673c5f483d72185668afa1f\"},\"headline\":\"DELTA PF: Hora da Verdade Reta Final\",\"datePublished\":\"2021-05-17T20:00:00+00:00\",\"mainEntityOfPage\":{\"@id\":\"https:\/\/www.estrategiaconcursos.com.br\/blog\/delta-pf-hora-da-verdade-reta-final\/\"},\"wordCount\":644,\"commentCount\":0,\"publisher\":{\"@id\":\"https:\/\/www.estrategiaconcursos.com.br\/blog\/#organization\"},\"image\":{\"@id\":\"https:\/\/www.estrategiaconcursos.com.br\/blog\/delta-pf-hora-da-verdade-reta-final\/#primaryimage\"},\"thumbnailUrl\":\"https:\/\/dhg1h5j42swfq.cloudfront.net\/2020\/12\/29120004\/delegado-pf6.jpg\",\"articleSection\":[\"Jur\u00eddico\"],\"inLanguage\":\"pt-BR\",\"potentialAction\":[{\"@type\":\"CommentAction\",\"name\":\"Comment\",\"target\":[\"https:\/\/www.estrategiaconcursos.com.br\/blog\/delta-pf-hora-da-verdade-reta-final\/#respond\"]}],\"copyrightYear\":\"2021\",\"copyrightHolder\":{\"@id\":\"https:\/\/www.estrategiaconcursos.com.br\/blog\/#organization\"}},{\"@type\":\"WebPage\",\"@id\":\"https:\/\/www.estrategiaconcursos.com.br\/blog\/delta-pf-hora-da-verdade-reta-final\/\",\"url\":\"https:\/\/www.estrategiaconcursos.com.br\/blog\/delta-pf-hora-da-verdade-reta-final\/\",\"name\":\"DELTA PF: Hora da Verdade Reta Final\",\"isPartOf\":{\"@id\":\"https:\/\/www.estrategiaconcursos.com.br\/blog\/#website\"},\"primaryImageOfPage\":{\"@id\":\"https:\/\/www.estrategiaconcursos.com.br\/blog\/delta-pf-hora-da-verdade-reta-final\/#primaryimage\"},\"image\":{\"@id\":\"https:\/\/www.estrategiaconcursos.com.br\/blog\/delta-pf-hora-da-verdade-reta-final\/#primaryimage\"},\"thumbnailUrl\":\"https:\/\/dhg1h5j42swfq.cloudfront.net\/2020\/12\/29120004\/delegado-pf6.jpg\",\"datePublished\":\"2021-05-17T20:00:00+00:00\",\"description\":\"Desenvolva suas habilidades para o concurso DELTA PF. A sele\u00e7\u00e3o oferta 123 vagas imediatas para o cargo de Delegado Federal com sal\u00e1rio inicial de R$ 23 mil.\",\"breadcrumb\":{\"@id\":\"https:\/\/www.estrategiaconcursos.com.br\/blog\/delta-pf-hora-da-verdade-reta-final\/#breadcrumb\"},\"inLanguage\":\"pt-BR\",\"potentialAction\":[{\"@type\":\"ReadAction\",\"target\":[\"https:\/\/www.estrategiaconcursos.com.br\/blog\/delta-pf-hora-da-verdade-reta-final\/\"]}]},{\"@type\":\"ImageObject\",\"inLanguage\":\"pt-BR\",\"@id\":\"https:\/\/www.estrategiaconcursos.com.br\/blog\/delta-pf-hora-da-verdade-reta-final\/#primaryimage\",\"url\":\"https:\/\/dhg1h5j42swfq.cloudfront.net\/2020\/12\/29120004\/delegado-pf6.jpg\",\"contentUrl\":\"https:\/\/dhg1h5j42swfq.cloudfront.net\/2020\/12\/29120004\/delegado-pf6.jpg\",\"width\":1200,\"height\":628,\"caption\":\"Recursos Delta PF\"},{\"@type\":\"BreadcrumbList\",\"@id\":\"https:\/\/www.estrategiaconcursos.com.br\/blog\/delta-pf-hora-da-verdade-reta-final\/#breadcrumb\",\"itemListElement\":[{\"@type\":\"ListItem\",\"position\":1,\"name\":\"In\u00edcio\",\"item\":\"https:\/\/www.estrategiaconcursos.com.br\/blog\/\"},{\"@type\":\"ListItem\",\"position\":2,\"name\":\"DELTA PF: Hora da Verdade Reta Final\"}]},{\"@type\":\"WebSite\",\"@id\":\"https:\/\/www.estrategiaconcursos.com.br\/blog\/#website\",\"url\":\"https:\/\/www.estrategiaconcursos.com.br\/blog\/\",\"name\":\"Estrat\u00e9gia Concursos\",\"description\":\"O blog da Estrat\u00e9gia Concursos traz not\u00edcias sobre concursos e artigos de professores oferecendo cursos para concursos (pdf + videaulas) no site.\",\"publisher\":{\"@id\":\"https:\/\/www.estrategiaconcursos.com.br\/blog\/#organization\"},\"potentialAction\":[{\"@type\":\"SearchAction\",\"target\":{\"@type\":\"EntryPoint\",\"urlTemplate\":\"https:\/\/www.estrategiaconcursos.com.br\/blog\/?s={search_term_string}\"},\"query-input\":{\"@type\":\"PropertyValueSpecification\",\"valueRequired\":true,\"valueName\":\"search_term_string\"}}],\"inLanguage\":\"pt-BR\"},{\"@type\":\"Organization\",\"@id\":\"https:\/\/www.estrategiaconcursos.com.br\/blog\/#organization\",\"name\":\"Estrat\u00e9gia Concursos\",\"url\":\"https:\/\/www.estrategiaconcursos.com.br\/blog\/\",\"logo\":{\"@type\":\"ImageObject\",\"inLanguage\":\"pt-BR\",\"@id\":\"https:\/\/www.estrategiaconcursos.com.br\/blog\/#\/schema\/logo\/image\/\",\"url\":\"https:\/\/dhg1h5j42swfq.cloudfront.net\/2025\/06\/03203428\/logo_concursos-1.jpg\",\"contentUrl\":\"https:\/\/dhg1h5j42swfq.cloudfront.net\/2025\/06\/03203428\/logo_concursos-1.jpg\",\"width\":230,\"height\":60,\"caption\":\"Estrat\u00e9gia Concursos\"},\"image\":{\"@id\":\"https:\/\/www.estrategiaconcursos.com.br\/blog\/#\/schema\/logo\/image\/\"},\"sameAs\":[\"https:\/\/x.com\/EstratConcursos\"]},{\"@type\":\"Person\",\"@id\":\"https:\/\/www.estrategiaconcursos.com.br\/blog\/#\/schema\/person\/b4a388c97673c5f483d72185668afa1f\",\"name\":\"Coordena\u00e7\u00e3o\",\"image\":{\"@type\":\"ImageObject\",\"inLanguage\":\"pt-BR\",\"@id\":\"https:\/\/secure.gravatar.com\/avatar\/b720319e4c9a967eb58678d110f4fe35452fc5d5f97b202bac7b8acceb18c6ad?s=96&d=mm&r=g\",\"url\":\"https:\/\/secure.gravatar.com\/avatar\/b720319e4c9a967eb58678d110f4fe35452fc5d5f97b202bac7b8acceb18c6ad?s=96&d=mm&r=g\",\"contentUrl\":\"https:\/\/secure.gravatar.com\/avatar\/b720319e4c9a967eb58678d110f4fe35452fc5d5f97b202bac7b8acceb18c6ad?s=96&d=mm&r=g\",\"caption\":\"Coordena\u00e7\u00e3o\"},\"sameAs\":[\"https:\/\/www.facebook.com\/EstrategiaConcursos\",\"https:\/\/x.com\/EstratConcursos\"],\"url\":\"https:\/\/www.estrategiaconcursos.com.br\/blog\/author\/estrategia2013\/\"}]}<\/script>\n<!-- \/ Yoast SEO Premium plugin. -->","yoast_head_json":{"title":"DELTA PF: Hora da Verdade Reta Final","description":"Desenvolva suas habilidades para o concurso DELTA PF. A sele\u00e7\u00e3o oferta 123 vagas imediatas para o cargo de Delegado Federal com sal\u00e1rio inicial de R$ 23 mil.","robots":{"index":"index","follow":"follow","max-snippet":"max-snippet:-1","max-image-preview":"max-image-preview:large","max-video-preview":"max-video-preview:-1"},"canonical":"https:\/\/www.estrategiaconcursos.com.br\/blog\/delta-pf-hora-da-verdade-reta-final\/","og_locale":"pt_BR","og_type":"article","og_title":"DELTA PF: Hora da Verdade Reta Final","og_description":"Desenvolva suas habilidades para o concurso DELTA PF. A sele\u00e7\u00e3o oferta 123 vagas imediatas para o cargo de Delegado Federal com sal\u00e1rio inicial de R$ 23 mil.","og_url":"https:\/\/www.estrategiaconcursos.com.br\/blog\/delta-pf-hora-da-verdade-reta-final\/","og_site_name":"Estrat\u00e9gia Concursos","article_author":"https:\/\/www.facebook.com\/EstrategiaConcursos","article_published_time":"2021-05-17T20:00:00+00:00","og_image":[{"width":1200,"height":628,"url":"https:\/\/dhg1h5j42swfq.cloudfront.net\/2020\/12\/29120004\/delegado-pf6.jpg","type":"image\/jpeg"}],"author":"Coordena\u00e7\u00e3o","twitter_card":"summary_large_image","twitter_creator":"@EstratConcursos","twitter_site":"@EstratConcursos","twitter_misc":{"Escrito por":"Coordena\u00e7\u00e3o","Est. tempo de leitura":"3 minutos"},"schema":{"@context":"https:\/\/schema.org","@graph":[{"@type":"NewsArticle","@id":"https:\/\/www.estrategiaconcursos.com.br\/blog\/delta-pf-hora-da-verdade-reta-final\/#article","isPartOf":{"@id":"https:\/\/www.estrategiaconcursos.com.br\/blog\/delta-pf-hora-da-verdade-reta-final\/"},"author":{"name":"Coordena\u00e7\u00e3o","@id":"https:\/\/www.estrategiaconcursos.com.br\/blog\/#\/schema\/person\/b4a388c97673c5f483d72185668afa1f"},"headline":"DELTA PF: Hora da Verdade Reta Final","datePublished":"2021-05-17T20:00:00+00:00","mainEntityOfPage":{"@id":"https:\/\/www.estrategiaconcursos.com.br\/blog\/delta-pf-hora-da-verdade-reta-final\/"},"wordCount":644,"commentCount":0,"publisher":{"@id":"https:\/\/www.estrategiaconcursos.com.br\/blog\/#organization"},"image":{"@id":"https:\/\/www.estrategiaconcursos.com.br\/blog\/delta-pf-hora-da-verdade-reta-final\/#primaryimage"},"thumbnailUrl":"https:\/\/dhg1h5j42swfq.cloudfront.net\/2020\/12\/29120004\/delegado-pf6.jpg","articleSection":["Jur\u00eddico"],"inLanguage":"pt-BR","potentialAction":[{"@type":"CommentAction","name":"Comment","target":["https:\/\/www.estrategiaconcursos.com.br\/blog\/delta-pf-hora-da-verdade-reta-final\/#respond"]}],"copyrightYear":"2021","copyrightHolder":{"@id":"https:\/\/www.estrategiaconcursos.com.br\/blog\/#organization"}},{"@type":"WebPage","@id":"https:\/\/www.estrategiaconcursos.com.br\/blog\/delta-pf-hora-da-verdade-reta-final\/","url":"https:\/\/www.estrategiaconcursos.com.br\/blog\/delta-pf-hora-da-verdade-reta-final\/","name":"DELTA PF: Hora da Verdade Reta Final","isPartOf":{"@id":"https:\/\/www.estrategiaconcursos.com.br\/blog\/#website"},"primaryImageOfPage":{"@id":"https:\/\/www.estrategiaconcursos.com.br\/blog\/delta-pf-hora-da-verdade-reta-final\/#primaryimage"},"image":{"@id":"https:\/\/www.estrategiaconcursos.com.br\/blog\/delta-pf-hora-da-verdade-reta-final\/#primaryimage"},"thumbnailUrl":"https:\/\/dhg1h5j42swfq.cloudfront.net\/2020\/12\/29120004\/delegado-pf6.jpg","datePublished":"2021-05-17T20:00:00+00:00","description":"Desenvolva suas habilidades para o concurso DELTA PF. A sele\u00e7\u00e3o oferta 123 vagas imediatas para o cargo de Delegado Federal com sal\u00e1rio inicial de R$ 23 mil.","breadcrumb":{"@id":"https:\/\/www.estrategiaconcursos.com.br\/blog\/delta-pf-hora-da-verdade-reta-final\/#breadcrumb"},"inLanguage":"pt-BR","potentialAction":[{"@type":"ReadAction","target":["https:\/\/www.estrategiaconcursos.com.br\/blog\/delta-pf-hora-da-verdade-reta-final\/"]}]},{"@type":"ImageObject","inLanguage":"pt-BR","@id":"https:\/\/www.estrategiaconcursos.com.br\/blog\/delta-pf-hora-da-verdade-reta-final\/#primaryimage","url":"https:\/\/dhg1h5j42swfq.cloudfront.net\/2020\/12\/29120004\/delegado-pf6.jpg","contentUrl":"https:\/\/dhg1h5j42swfq.cloudfront.net\/2020\/12\/29120004\/delegado-pf6.jpg","width":1200,"height":628,"caption":"Recursos Delta PF"},{"@type":"BreadcrumbList","@id":"https:\/\/www.estrategiaconcursos.com.br\/blog\/delta-pf-hora-da-verdade-reta-final\/#breadcrumb","itemListElement":[{"@type":"ListItem","position":1,"name":"In\u00edcio","item":"https:\/\/www.estrategiaconcursos.com.br\/blog\/"},{"@type":"ListItem","position":2,"name":"DELTA PF: Hora da Verdade Reta Final"}]},{"@type":"WebSite","@id":"https:\/\/www.estrategiaconcursos.com.br\/blog\/#website","url":"https:\/\/www.estrategiaconcursos.com.br\/blog\/","name":"Estrat\u00e9gia Concursos","description":"O blog da Estrat\u00e9gia Concursos traz not\u00edcias sobre concursos e artigos de professores oferecendo cursos para concursos (pdf + videaulas) no site.","publisher":{"@id":"https:\/\/www.estrategiaconcursos.com.br\/blog\/#organization"},"potentialAction":[{"@type":"SearchAction","target":{"@type":"EntryPoint","urlTemplate":"https:\/\/www.estrategiaconcursos.com.br\/blog\/?s={search_term_string}"},"query-input":{"@type":"PropertyValueSpecification","valueRequired":true,"valueName":"search_term_string"}}],"inLanguage":"pt-BR"},{"@type":"Organization","@id":"https:\/\/www.estrategiaconcursos.com.br\/blog\/#organization","name":"Estrat\u00e9gia Concursos","url":"https:\/\/www.estrategiaconcursos.com.br\/blog\/","logo":{"@type":"ImageObject","inLanguage":"pt-BR","@id":"https:\/\/www.estrategiaconcursos.com.br\/blog\/#\/schema\/logo\/image\/","url":"https:\/\/dhg1h5j42swfq.cloudfront.net\/2025\/06\/03203428\/logo_concursos-1.jpg","contentUrl":"https:\/\/dhg1h5j42swfq.cloudfront.net\/2025\/06\/03203428\/logo_concursos-1.jpg","width":230,"height":60,"caption":"Estrat\u00e9gia Concursos"},"image":{"@id":"https:\/\/www.estrategiaconcursos.com.br\/blog\/#\/schema\/logo\/image\/"},"sameAs":["https:\/\/x.com\/EstratConcursos"]},{"@type":"Person","@id":"https:\/\/www.estrategiaconcursos.com.br\/blog\/#\/schema\/person\/b4a388c97673c5f483d72185668afa1f","name":"Coordena\u00e7\u00e3o","image":{"@type":"ImageObject","inLanguage":"pt-BR","@id":"https:\/\/secure.gravatar.com\/avatar\/b720319e4c9a967eb58678d110f4fe35452fc5d5f97b202bac7b8acceb18c6ad?s=96&d=mm&r=g","url":"https:\/\/secure.gravatar.com\/avatar\/b720319e4c9a967eb58678d110f4fe35452fc5d5f97b202bac7b8acceb18c6ad?s=96&d=mm&r=g","contentUrl":"https:\/\/secure.gravatar.com\/avatar\/b720319e4c9a967eb58678d110f4fe35452fc5d5f97b202bac7b8acceb18c6ad?s=96&d=mm&r=g","caption":"Coordena\u00e7\u00e3o"},"sameAs":["https:\/\/www.facebook.com\/EstrategiaConcursos","https:\/\/x.com\/EstratConcursos"],"url":"https:\/\/www.estrategiaconcursos.com.br\/blog\/author\/estrategia2013\/"}]}},"_links":{"self":[{"href":"https:\/\/www.estrategiaconcursos.com.br\/blog\/wp-json\/wp\/v2\/posts\/740756","targetHints":{"allow":["GET"]}}],"collection":[{"href":"https:\/\/www.estrategiaconcursos.com.br\/blog\/wp-json\/wp\/v2\/posts"}],"about":[{"href":"https:\/\/www.estrategiaconcursos.com.br\/blog\/wp-json\/wp\/v2\/types\/post"}],"author":[{"embeddable":true,"href":"https:\/\/www.estrategiaconcursos.com.br\/blog\/wp-json\/wp\/v2\/users\/1"}],"replies":[{"embeddable":true,"href":"https:\/\/www.estrategiaconcursos.com.br\/blog\/wp-json\/wp\/v2\/comments?post=740756"}],"version-history":[{"count":13,"href":"https:\/\/www.estrategiaconcursos.com.br\/blog\/wp-json\/wp\/v2\/posts\/740756\/revisions"}],"predecessor-version":[{"id":741486,"href":"https:\/\/www.estrategiaconcursos.com.br\/blog\/wp-json\/wp\/v2\/posts\/740756\/revisions\/741486"}],"wp:featuredmedia":[{"embeddable":true,"href":"https:\/\/www.estrategiaconcursos.com.br\/blog\/wp-json\/wp\/v2\/media\/637270"}],"wp:attachment":[{"href":"https:\/\/www.estrategiaconcursos.com.br\/blog\/wp-json\/wp\/v2\/media?parent=740756"}],"wp:term":[{"taxonomy":"category","embeddable":true,"href":"https:\/\/www.estrategiaconcursos.com.br\/blog\/wp-json\/wp\/v2\/categories?post=740756"},{"taxonomy":"post_tag","embeddable":true,"href":"https:\/\/www.estrategiaconcursos.com.br\/blog\/wp-json\/wp\/v2\/tags?post=740756"},{"taxonomy":"tax_estado","embeddable":true,"href":"https:\/\/www.estrategiaconcursos.com.br\/blog\/wp-json\/wp\/v2\/tax_estado?post=740756"}],"curies":[{"name":"wp","href":"https:\/\/api.w.org\/{rel}","templated":true}]}}