{"id":739582,"date":"2021-05-13T12:06:01","date_gmt":"2021-05-13T15:06:01","guid":{"rendered":"https:\/\/www.estrategiaconcursos.com.br\/blog\/?p=739582"},"modified":"2021-05-14T11:13:05","modified_gmt":"2021-05-14T14:13:05","slug":"concurso-pf-prova-panorama-da-etapa","status":"publish","type":"post","link":"https:\/\/www.estrategiaconcursos.com.br\/blog\/concurso-pf-prova-panorama-da-etapa\/","title":{"rendered":"Concurso PF: vai prestar a prova? Confira o panorama!"},"content":{"rendered":"\n<p>Mesmo com as diversas especula\u00e7\u00f5es sobre o adiamento das provas do <strong>concurso PF<\/strong>, elas seguem agendadas para<strong> 23 de maio<\/strong>. Resta pouco mais de uma semana para as aplica\u00e7\u00f5es, j\u00e1 sabe tudo o que ser\u00e1 cobrado?<\/p>\n\n\n\n<p>Se ainda n\u00e3o fixou os detalhes da etapa, ainda d\u00e1 tempo para focar nos pontos mais importantes! Para te auxiliar com isso, preparamos um panorama para voc\u00ea, confira:<\/p>\n\n\n\n<h4 class=\"wp-block-heading\" id=\"objtiva\">Prova objetiva<\/h4>\n\n\n\n<ul class=\"wp-block-list\"><li><strong>Formato<\/strong>: 120 itens (\u201ccerto\u201d ou errado\u201d).<\/li><li><strong>Dura\u00e7\u00e3o<\/strong>:<ul><li><strong>Delegado<\/strong>: 3h30 (apenas prova objetiva).<\/li><li><strong>Agente, Escriv\u00e3o, Papiloscopista e Perito<\/strong>: 4h30 (objetiva e discursiva).<\/li><\/ul><\/li><\/ul>\n\n\n\n<h4 class=\"wp-block-heading\">Prova discursiva<\/h4>\n\n\n\n<ul class=\"wp-block-list\"><li><strong>Aplica\u00e7\u00e3o:<\/strong><ul><li><strong>Delegado<\/strong>: per\u00edodo da tarde, com dura\u00e7\u00e3o de 5h.<\/li><li><strong>Agente, Escriv\u00e3o, Papiloscopista e Perito<\/strong>: em conjunto com a prova objetiva, no turno da tarde.<\/li><\/ul><\/li><li><strong>Formato<\/strong>:<ul><li><strong>Delegado<\/strong>: 3 quest\u00f5es dissertativas de at\u00e9 30 linhas e Pe\u00e7a Profissional de at\u00e9 90 linhas.<\/li><li><strong>Agente, Escriv\u00e3o, Papiloscopista<\/strong>&nbsp;<strong>e Perito<\/strong>: reda\u00e7\u00e3o de texto dissertativo de at\u00e9 30 linhas.<\/li><\/ul><\/li><\/ul>\n\n\n\n<h3 class=\"wp-block-heading\" id=\"o-que-cai-na-prova-policia-federal\">O que vai cair na prova objetiva?<\/h3>\n\n\n\n<p>Abaixo voc\u00ea confere um quadro comparativo das disciplinas cobradas por cargo no edital do concurso PF 2021:<\/p>\n\n\n\n<figure class=\"wp-block-table is-style-stripes\"><table><tbody><tr><td><strong>Disciplinas<\/strong><\/td><td><strong>Agente<\/strong><\/td><td><strong>Delegado<\/strong><\/td><td><strong>Escriv\u00e3o<\/strong><\/td><td><strong>Papiloscopista<\/strong><\/td><\/tr><tr><td>Dir. Administrativo<\/td><td><strong>x<\/strong><\/td><td><strong>x<\/strong><\/td><td><strong>x<\/strong><\/td><td><strong>x<\/strong><\/td><\/tr><tr><td>Dir. Constitucional<\/td><td><strong>x<\/strong><\/td><td><strong>x<\/strong><\/td><td><strong>x<\/strong><\/td><td><strong>x<\/strong><\/td><\/tr><tr><td>Dir. Civil\/Processual Civil<\/td><td>&nbsp;<\/td><td><strong>x<\/strong><\/td><td>&nbsp;<\/td><td>&nbsp;<\/td><\/tr><tr><td>Dir. Empresarial<\/td><td>&nbsp;<\/td><td><strong>x<\/strong><\/td><td>&nbsp;<\/td><td>&nbsp;<\/td><\/tr><tr><td>Dir. Internacional P\u00fablico e Coopera\u00e7\u00e3o Internacional<\/td><td>&nbsp;<\/td><td><strong>x<\/strong><\/td><td>&nbsp;<\/td><td>&nbsp;<\/td><\/tr><tr><td>Dir. Penal\/Processual Penal<\/td><td><strong>x<\/strong><\/td><td><strong>x<\/strong><\/td><td><strong>x<\/strong><\/td><td><strong>x<\/strong><\/td><\/tr><tr><td>Criminologia<\/td><td>&nbsp;<\/td><td><strong>x<\/strong><\/td><td>&nbsp;<\/td><td>&nbsp;<\/td><\/tr><tr><td>Dir. Previdenci\u00e1rio<\/td><td>&nbsp;<\/td><td><strong>x<\/strong><\/td><td>&nbsp;<\/td><td>&nbsp;<\/td><\/tr><tr><td>Dir. Financeiro e Tribut\u00e1rio<\/td><td>&nbsp;<\/td><td><strong>x<\/strong><\/td><td>&nbsp;<\/td><td>&nbsp;<\/td><\/tr><tr><td>L\u00edngua Portuguesa<\/td><td><strong>x<\/strong><\/td><td>&nbsp;<\/td><td><strong>x<\/strong><\/td><td><strong>x<\/strong><\/td><\/tr><tr><td>Inform\u00e1tica<\/td><td><strong>x<\/strong><\/td><td>&nbsp;<\/td><td><strong>x<\/strong><\/td><td><strong>x<\/strong><\/td><\/tr><tr><td>Racioc\u00ednio L\u00f3gico<\/td><td><strong>x<\/strong><\/td><td>&nbsp;<\/td><td><strong>x<\/strong><\/td><td><strong>x<\/strong><\/td><\/tr><tr><td>Legisla\u00e7\u00e3o Especial<\/td><td><strong>x<\/strong><\/td><td>&nbsp;<\/td><td><strong>x<\/strong><\/td><td><strong>x<\/strong><\/td><\/tr><tr><td>Estat\u00edstica<\/td><td><strong>x<\/strong><\/td><td>&nbsp;<\/td><td><strong>x<\/strong><\/td><td><strong>x<\/strong><\/td><\/tr><tr><td>Contabilidade Geral<\/td><td><strong>x<\/strong><\/td><td>&nbsp;<\/td><td><strong>x<\/strong><\/td><td>&nbsp;<\/td><\/tr><tr><td>Arquivologia<\/td><td>&nbsp;<\/td><td>&nbsp;<\/td><td><strong>x<\/strong><\/td><td><strong>x<\/strong><\/td><\/tr><tr><td>Biologia, F\u00edsica e Qu\u00edmica<\/td><td>&nbsp;<\/td><\/tr><\/tbody><\/table><\/figure>\n\n\n\n<h3 class=\"wp-block-heading\" id=\"h-fui-aprovado-na-primeira-etapa-quais-s-o-os-pr-ximos-passos\">Fui aprovado na primeira etapa, quais s\u00e3o os pr\u00f3ximos passos?<\/h3>\n\n\n\n<p>Al\u00e9m das provas objetivas e discursivas, os candidatos passam pelo&nbsp;<a href=\"https:\/\/www.estrategiaconcursos.com.br\/blog\/taf-concurso-pf-policia-federal\/\" target=\"_blank\" rel=\"noreferrer noopener\">TAF da pol\u00edcia federal<\/a>; Exame M\u00e9dico; Prova Oral, somente para&nbsp;<strong>Delegado<\/strong>; Prova Pr\u00e1tica de Digita\u00e7\u00e3o, somente para&nbsp;<strong>Delegado<\/strong>; Avalia\u00e7\u00e3o Psicol\u00f3gica; e Avalia\u00e7\u00e3o de T\u00edtulos.<\/p>\n\n\n\n<ol class=\"wp-block-list\" id=\"block-759d86a2-530f-4dde-bdc9-cac3fc8c34e1\"><li>Provas objetivas e discursivas (eliminat\u00f3ria e classificat\u00f3ria);<\/li><li>Exame de Aptid\u00e3o F\u00edsica (eliminat\u00f3rio);<\/li><li>Avalia\u00e7\u00e3o M\u00e9dica (eliminat\u00f3rio);<\/li><li>Prova Oral (eliminat\u00f3ria e classificat\u00f3ria, somente para&nbsp;<strong>Delegado<\/strong>);<\/li><li>Prova Pr\u00e1tica de Digita\u00e7\u00e3o (eliminat\u00f3rio, somente para&nbsp;<strong>Escriv\u00e3o<\/strong>);<\/li><li>Avalia\u00e7\u00e3o de T\u00edtulos (classificat\u00f3ria); e<\/li><li>Avalia\u00e7\u00e3o Psicol\u00f3gica (eliminat\u00f3ria).<\/li><\/ol>\n\n\n\n<p>Os aprovados no concurso da pol\u00edcia federal ser\u00e3o inscritos no&nbsp;<strong>Curso de Forma\u00e7\u00e3o Profissional<\/strong>, que \u00e9 de responsabilidade da&nbsp;<strong>Academia Nacional de Pol\u00edcia<\/strong>. O curso dura cerca de&nbsp;<strong>5 meses,&nbsp;<\/strong>totalizando&nbsp;<strong>850 horas-aula&nbsp;<\/strong>e ocorre no regime de&nbsp;<strong>internato&nbsp;<\/strong>parcial, e os candidatos recebem bolsa de 50% do valor da remunera\u00e7\u00e3o.<\/p>\n\n\n\n<p class=\"has-text-align-center\"><strong> Saiba todas as novidades do concurso PF, assim como os detalhes das provas, no link a seguir:<\/strong><\/p>\n\n\n\n<p class=\"has-text-align-center has-cyan-bluish-gray-background-color has-background has-medium-font-size\"><strong>Saiba mais: <a href=\"https:\/\/www.estrategiaconcursos.com.br\/blog\/concurso-policia-federal\/\" target=\"_blank\" rel=\"noreferrer noopener\">Concurso PF<\/a><\/strong><\/p>\n\n\n\n<h3 class=\"has-text-align-center wp-block-heading\" id=\"cursos-e-assinaturas\">Quer estudar para o concurso Pol\u00edcia Federal 2021?<\/h3>\n\n\n\n<div class=\"container\" id=\"boxes\">\n  <div class=\"row\">\n\n    <div class=\"col-sm\">\n      <div class=\"banner-policial\" id=\"box-assinatura\">\n        <h3 class=\"titulo-assinatura\">Concurso PF<\/h3>\n        <p class=\"subtitulo-assinatura\">Conhe\u00e7a os cursos<\/p>\/\n        <div class=\"box-botao\">\n          <a class=\"btn-assinatura\" target=\"_blank\" href=\"https:\/\/www.estrategiaconcursos.com.br\/cursosPorConcurso\/promocao-policia-federal\/\" role=\"button\" rel=\"noopener noreferrer\">Saiba mais<\/a>\n        <\/div>\n      <\/div>\n     \n    <\/div>\n\n  <\/div>\n<\/div>\n\n\n\n<div class=\"container\" id=\"boxes\">\n  <div class=\"row\">\n\n    <div class=\"col-sm\">\n      <div class=\"estrategia\" id=\"box-assinatura\">\n        <h3 class=\"titulo-assinatura\">Assinatura de Concursos<\/h3>\n        <p class=\"subtitulo-assinatura\">Assinatura de 1 ano ou 2 anos<\/p>\n        <div class=\"box-botao\">\n          <a class=\"btn-assinatura\" target=\"_blank\" href=\"https:\/\/www.estrategiaconcursos.com.br\/assinaturas\/\" role=\"button\" rel=\"noopener noreferrer\">ASSINE AGORA<\/a>\n        <\/div>\n      <\/div>\n     \n    <\/div>\n\n    <div class=\"col-sm\">\n      <div class=\"questoes\" id=\"box-assinatura\">\n        <h3 class=\"titulo-assinatura\">Sistema de Quest\u00f5es<\/h3>\n        <p class=\"subtitulo-assinatura\">Assinatura de 1 ano ou 2 anos\n<\/p>\n        <div class=\"box-botao\">\n          <a class=\"btn-assinatura\" target=\"_blank\" href=\"https:\/\/questoes.estrategiaconcursos.com.br\/\" role=\"button\" rel=\"noopener noreferrer\">ASSINE AGORA<\/a>\n        <\/div>\n      <\/div>\n    \n    <\/div>\n  <\/div>\n<\/div>\n\n\n\n<div class=\"container\" id=\"boxes\">\n  <div class=\"row\">\n\n    <div class=\"col-sm\" id=\"boxes-concursos\">\n      <div style=\"background-color: #005DAD;\" class=\"conteudo-concursos\" id=\"box-concursos\">\n        <h3 class=\"titulo-assinatura\">Concursos Abertos<\/h3>\n        <p class=\"subtitulo-assinatura\">Confira os editais publicados<\/p>\n        <div class=\"box-botao\">\n          <a class=\"btn-assinatura\" target=\"_blank\" href=\"https:\/\/www.estrategiaconcursos.com.br\/blog\/concursos-abertos\/\" role=\"button\" rel=\"noopener noreferrer\">Conhe\u00e7a Agora<\/a>\n        <\/div>\n      <\/div>\n    <\/div>\n\n    <div class=\"col-sm\" id=\"boxes-concursos\">\n      <div style=\"background-color: #419FF0;\" class=\"conteudo-concursos\" id=\"box-concursos\">\n        <h3 class=\"titulo-assinatura\">Concursos 2021<\/h3>\n        <p class=\"subtitulo-assinatura\">Confira as oportunidades previstas<\/p>\n        <div class=\"box-botao\">\n          <a class=\"btn-assinatura\" target=\"_blank\" href=\"https:\/\/www.estrategiaconcursos.com.br\/blog\/concursos-2021\/\" role=\"button\" rel=\"noopener noreferrer\">Conhe\u00e7a Agora<\/a>\n        <\/div>\n      <\/div>\n    <\/div>\n\n  <\/div>\n<\/div>\n","protected":false},"excerpt":{"rendered":"<p>Mesmo com as diversas especula\u00e7\u00f5es sobre o adiamento das provas do concurso PF, elas seguem agendadas para 23 de maio. Resta pouco mais de uma semana para as aplica\u00e7\u00f5es, j\u00e1 sabe tudo o que ser\u00e1 cobrado? Se ainda n\u00e3o fixou os detalhes da etapa, ainda d\u00e1 tempo para focar nos pontos mais importantes! Para te [&hellip;]<\/p>\n","protected":false},"author":1,"featured_media":691326,"comment_status":"open","ping_status":"closed","sticky":false,"template":"","format":"standard","meta":{"post_tipo":"news","footnotes":""},"categories":[1,1988],"tags":[],"tax_estado":[219963],"class_list":["post-739582","post","type-post","status-publish","format-standard","has-post-thumbnail","hentry","category-cursos-e-concursos","category-policia","tax_estado-concursos-federais"],"acf":[],"yoast_head":"<!-- This site is optimized with the Yoast SEO Premium plugin v27.2 (Yoast SEO v27.2) - https:\/\/yoast.com\/product\/yoast-seo-premium-wordpress\/ -->\n<title>Concurso PF: vai prestar a prova? Confira o panorama!<\/title>\n<meta name=\"description\" content=\"Mesmo com as diversas especula\u00e7\u00f5es sobre o adiamento das provas do concurso PF, elas seguem agendadas para 23 de maio. Confira!\" \/>\n<meta name=\"robots\" content=\"index, follow, max-snippet:-1, max-image-preview:large, max-video-preview:-1\" \/>\n<link rel=\"canonical\" href=\"https:\/\/www.estrategiaconcursos.com.br\/blog\/concurso-pf-prova-panorama-da-etapa\/\" \/>\n<meta property=\"og:locale\" content=\"pt_BR\" \/>\n<meta property=\"og:type\" content=\"article\" \/>\n<meta property=\"og:title\" content=\"Concurso PF: vai prestar a prova? Confira o panorama!\" \/>\n<meta property=\"og:description\" content=\"Mesmo com as diversas especula\u00e7\u00f5es sobre o adiamento das provas do concurso PF, elas seguem agendadas para 23 de maio. Confira!\" \/>\n<meta property=\"og:url\" content=\"https:\/\/www.estrategiaconcursos.com.br\/blog\/concurso-pf-prova-panorama-da-etapa\/\" \/>\n<meta property=\"og:site_name\" content=\"Estrat\u00e9gia Concursos\" \/>\n<meta property=\"article:author\" content=\"https:\/\/www.facebook.com\/EstrategiaConcursos\" \/>\n<meta property=\"article:published_time\" content=\"2021-05-13T15:06:01+00:00\" \/>\n<meta property=\"article:modified_time\" content=\"2021-05-14T14:13:05+00:00\" \/>\n<meta property=\"og:image\" content=\"https:\/\/dhg1h5j42swfq.cloudfront.net\/2021\/03\/11185005\/pf.png\" \/>\n\t<meta property=\"og:image:width\" content=\"466\" \/>\n\t<meta property=\"og:image:height\" content=\"257\" \/>\n\t<meta property=\"og:image:type\" content=\"image\/png\" \/>\n<meta name=\"author\" content=\"Coordena\u00e7\u00e3o\" \/>\n<meta name=\"twitter:card\" content=\"summary_large_image\" \/>\n<meta name=\"twitter:creator\" content=\"@EstratConcursos\" \/>\n<meta name=\"twitter:site\" content=\"@EstratConcursos\" \/>\n<meta name=\"twitter:label1\" content=\"Escrito por\" \/>\n\t<meta name=\"twitter:data1\" content=\"Coordena\u00e7\u00e3o\" \/>\n\t<meta name=\"twitter:label2\" content=\"Est. tempo de leitura\" \/>\n\t<meta name=\"twitter:data2\" content=\"3 minutos\" \/>\n<script type=\"application\/ld+json\" class=\"yoast-schema-graph\">{\"@context\":\"https:\/\/schema.org\",\"@graph\":[{\"@type\":\"NewsArticle\",\"@id\":\"https:\/\/www.estrategiaconcursos.com.br\/blog\/concurso-pf-prova-panorama-da-etapa\/#article\",\"isPartOf\":{\"@id\":\"https:\/\/www.estrategiaconcursos.com.br\/blog\/concurso-pf-prova-panorama-da-etapa\/\"},\"author\":{\"name\":\"Coordena\u00e7\u00e3o\",\"@id\":\"https:\/\/www.estrategiaconcursos.com.br\/blog\/#\/schema\/person\/b4a388c97673c5f483d72185668afa1f\"},\"headline\":\"Concurso PF: vai prestar a prova? Confira o panorama!\",\"datePublished\":\"2021-05-13T15:06:01+00:00\",\"dateModified\":\"2021-05-14T14:13:05+00:00\",\"mainEntityOfPage\":{\"@id\":\"https:\/\/www.estrategiaconcursos.com.br\/blog\/concurso-pf-prova-panorama-da-etapa\/\"},\"wordCount\":561,\"commentCount\":0,\"publisher\":{\"@id\":\"https:\/\/www.estrategiaconcursos.com.br\/blog\/#organization\"},\"image\":{\"@id\":\"https:\/\/www.estrategiaconcursos.com.br\/blog\/concurso-pf-prova-panorama-da-etapa\/#primaryimage\"},\"thumbnailUrl\":\"https:\/\/dhg1h5j42swfq.cloudfront.net\/2021\/03\/11185005\/pf.png\",\"articleSection\":[\"Concursos P\u00fablicos\",\"Policial (Agente, Escriv\u00e3o e Investigador)\"],\"inLanguage\":\"pt-BR\",\"potentialAction\":[{\"@type\":\"CommentAction\",\"name\":\"Comment\",\"target\":[\"https:\/\/www.estrategiaconcursos.com.br\/blog\/concurso-pf-prova-panorama-da-etapa\/#respond\"]}],\"copyrightYear\":\"2021\",\"copyrightHolder\":{\"@id\":\"https:\/\/www.estrategiaconcursos.com.br\/blog\/#organization\"}},{\"@type\":\"WebPage\",\"@id\":\"https:\/\/www.estrategiaconcursos.com.br\/blog\/concurso-pf-prova-panorama-da-etapa\/\",\"url\":\"https:\/\/www.estrategiaconcursos.com.br\/blog\/concurso-pf-prova-panorama-da-etapa\/\",\"name\":\"Concurso PF: vai prestar a prova? Confira o panorama!\",\"isPartOf\":{\"@id\":\"https:\/\/www.estrategiaconcursos.com.br\/blog\/#website\"},\"primaryImageOfPage\":{\"@id\":\"https:\/\/www.estrategiaconcursos.com.br\/blog\/concurso-pf-prova-panorama-da-etapa\/#primaryimage\"},\"image\":{\"@id\":\"https:\/\/www.estrategiaconcursos.com.br\/blog\/concurso-pf-prova-panorama-da-etapa\/#primaryimage\"},\"thumbnailUrl\":\"https:\/\/dhg1h5j42swfq.cloudfront.net\/2021\/03\/11185005\/pf.png\",\"datePublished\":\"2021-05-13T15:06:01+00:00\",\"dateModified\":\"2021-05-14T14:13:05+00:00\",\"description\":\"Mesmo com as diversas especula\u00e7\u00f5es sobre o adiamento das provas do concurso PF, elas seguem agendadas para 23 de maio. Confira!\",\"breadcrumb\":{\"@id\":\"https:\/\/www.estrategiaconcursos.com.br\/blog\/concurso-pf-prova-panorama-da-etapa\/#breadcrumb\"},\"inLanguage\":\"pt-BR\",\"potentialAction\":[{\"@type\":\"ReadAction\",\"target\":[\"https:\/\/www.estrategiaconcursos.com.br\/blog\/concurso-pf-prova-panorama-da-etapa\/\"]}]},{\"@type\":\"ImageObject\",\"inLanguage\":\"pt-BR\",\"@id\":\"https:\/\/www.estrategiaconcursos.com.br\/blog\/concurso-pf-prova-panorama-da-etapa\/#primaryimage\",\"url\":\"https:\/\/dhg1h5j42swfq.cloudfront.net\/2021\/03\/11185005\/pf.png\",\"contentUrl\":\"https:\/\/dhg1h5j42swfq.cloudfront.net\/2021\/03\/11185005\/pf.png\",\"width\":466,\"height\":257,\"caption\":\"PF\"},{\"@type\":\"BreadcrumbList\",\"@id\":\"https:\/\/www.estrategiaconcursos.com.br\/blog\/concurso-pf-prova-panorama-da-etapa\/#breadcrumb\",\"itemListElement\":[{\"@type\":\"ListItem\",\"position\":1,\"name\":\"In\u00edcio\",\"item\":\"https:\/\/www.estrategiaconcursos.com.br\/blog\/\"},{\"@type\":\"ListItem\",\"position\":2,\"name\":\"Concurso PF: vai prestar a prova? Confira o panorama!\"}]},{\"@type\":\"WebSite\",\"@id\":\"https:\/\/www.estrategiaconcursos.com.br\/blog\/#website\",\"url\":\"https:\/\/www.estrategiaconcursos.com.br\/blog\/\",\"name\":\"Estrat\u00e9gia Concursos\",\"description\":\"O blog da Estrat\u00e9gia Concursos traz not\u00edcias sobre concursos e artigos de professores oferecendo cursos para concursos (pdf + videaulas) no site.\",\"publisher\":{\"@id\":\"https:\/\/www.estrategiaconcursos.com.br\/blog\/#organization\"},\"potentialAction\":[{\"@type\":\"SearchAction\",\"target\":{\"@type\":\"EntryPoint\",\"urlTemplate\":\"https:\/\/www.estrategiaconcursos.com.br\/blog\/?s={search_term_string}\"},\"query-input\":{\"@type\":\"PropertyValueSpecification\",\"valueRequired\":true,\"valueName\":\"search_term_string\"}}],\"inLanguage\":\"pt-BR\"},{\"@type\":\"Organization\",\"@id\":\"https:\/\/www.estrategiaconcursos.com.br\/blog\/#organization\",\"name\":\"Estrat\u00e9gia Concursos\",\"url\":\"https:\/\/www.estrategiaconcursos.com.br\/blog\/\",\"logo\":{\"@type\":\"ImageObject\",\"inLanguage\":\"pt-BR\",\"@id\":\"https:\/\/www.estrategiaconcursos.com.br\/blog\/#\/schema\/logo\/image\/\",\"url\":\"https:\/\/dhg1h5j42swfq.cloudfront.net\/2025\/06\/03203428\/logo_concursos-1.jpg\",\"contentUrl\":\"https:\/\/dhg1h5j42swfq.cloudfront.net\/2025\/06\/03203428\/logo_concursos-1.jpg\",\"width\":230,\"height\":60,\"caption\":\"Estrat\u00e9gia Concursos\"},\"image\":{\"@id\":\"https:\/\/www.estrategiaconcursos.com.br\/blog\/#\/schema\/logo\/image\/\"},\"sameAs\":[\"https:\/\/x.com\/EstratConcursos\"]},{\"@type\":\"Person\",\"@id\":\"https:\/\/www.estrategiaconcursos.com.br\/blog\/#\/schema\/person\/b4a388c97673c5f483d72185668afa1f\",\"name\":\"Coordena\u00e7\u00e3o\",\"image\":{\"@type\":\"ImageObject\",\"inLanguage\":\"pt-BR\",\"@id\":\"https:\/\/secure.gravatar.com\/avatar\/b720319e4c9a967eb58678d110f4fe35452fc5d5f97b202bac7b8acceb18c6ad?s=96&d=mm&r=g\",\"url\":\"https:\/\/secure.gravatar.com\/avatar\/b720319e4c9a967eb58678d110f4fe35452fc5d5f97b202bac7b8acceb18c6ad?s=96&d=mm&r=g\",\"contentUrl\":\"https:\/\/secure.gravatar.com\/avatar\/b720319e4c9a967eb58678d110f4fe35452fc5d5f97b202bac7b8acceb18c6ad?s=96&d=mm&r=g\",\"caption\":\"Coordena\u00e7\u00e3o\"},\"sameAs\":[\"https:\/\/www.facebook.com\/EstrategiaConcursos\",\"https:\/\/x.com\/EstratConcursos\"],\"url\":\"https:\/\/www.estrategiaconcursos.com.br\/blog\/author\/estrategia2013\/\"}]}<\/script>\n<!-- \/ Yoast SEO Premium plugin. -->","yoast_head_json":{"title":"Concurso PF: vai prestar a prova? Confira o panorama!","description":"Mesmo com as diversas especula\u00e7\u00f5es sobre o adiamento das provas do concurso PF, elas seguem agendadas para 23 de maio. Confira!","robots":{"index":"index","follow":"follow","max-snippet":"max-snippet:-1","max-image-preview":"max-image-preview:large","max-video-preview":"max-video-preview:-1"},"canonical":"https:\/\/www.estrategiaconcursos.com.br\/blog\/concurso-pf-prova-panorama-da-etapa\/","og_locale":"pt_BR","og_type":"article","og_title":"Concurso PF: vai prestar a prova? Confira o panorama!","og_description":"Mesmo com as diversas especula\u00e7\u00f5es sobre o adiamento das provas do concurso PF, elas seguem agendadas para 23 de maio. Confira!","og_url":"https:\/\/www.estrategiaconcursos.com.br\/blog\/concurso-pf-prova-panorama-da-etapa\/","og_site_name":"Estrat\u00e9gia Concursos","article_author":"https:\/\/www.facebook.com\/EstrategiaConcursos","article_published_time":"2021-05-13T15:06:01+00:00","article_modified_time":"2021-05-14T14:13:05+00:00","og_image":[{"width":466,"height":257,"url":"https:\/\/dhg1h5j42swfq.cloudfront.net\/2021\/03\/11185005\/pf.png","type":"image\/png"}],"author":"Coordena\u00e7\u00e3o","twitter_card":"summary_large_image","twitter_creator":"@EstratConcursos","twitter_site":"@EstratConcursos","twitter_misc":{"Escrito por":"Coordena\u00e7\u00e3o","Est. tempo de leitura":"3 minutos"},"schema":{"@context":"https:\/\/schema.org","@graph":[{"@type":"NewsArticle","@id":"https:\/\/www.estrategiaconcursos.com.br\/blog\/concurso-pf-prova-panorama-da-etapa\/#article","isPartOf":{"@id":"https:\/\/www.estrategiaconcursos.com.br\/blog\/concurso-pf-prova-panorama-da-etapa\/"},"author":{"name":"Coordena\u00e7\u00e3o","@id":"https:\/\/www.estrategiaconcursos.com.br\/blog\/#\/schema\/person\/b4a388c97673c5f483d72185668afa1f"},"headline":"Concurso PF: vai prestar a prova? Confira o panorama!","datePublished":"2021-05-13T15:06:01+00:00","dateModified":"2021-05-14T14:13:05+00:00","mainEntityOfPage":{"@id":"https:\/\/www.estrategiaconcursos.com.br\/blog\/concurso-pf-prova-panorama-da-etapa\/"},"wordCount":561,"commentCount":0,"publisher":{"@id":"https:\/\/www.estrategiaconcursos.com.br\/blog\/#organization"},"image":{"@id":"https:\/\/www.estrategiaconcursos.com.br\/blog\/concurso-pf-prova-panorama-da-etapa\/#primaryimage"},"thumbnailUrl":"https:\/\/dhg1h5j42swfq.cloudfront.net\/2021\/03\/11185005\/pf.png","articleSection":["Concursos P\u00fablicos","Policial (Agente, Escriv\u00e3o e Investigador)"],"inLanguage":"pt-BR","potentialAction":[{"@type":"CommentAction","name":"Comment","target":["https:\/\/www.estrategiaconcursos.com.br\/blog\/concurso-pf-prova-panorama-da-etapa\/#respond"]}],"copyrightYear":"2021","copyrightHolder":{"@id":"https:\/\/www.estrategiaconcursos.com.br\/blog\/#organization"}},{"@type":"WebPage","@id":"https:\/\/www.estrategiaconcursos.com.br\/blog\/concurso-pf-prova-panorama-da-etapa\/","url":"https:\/\/www.estrategiaconcursos.com.br\/blog\/concurso-pf-prova-panorama-da-etapa\/","name":"Concurso PF: vai prestar a prova? Confira o panorama!","isPartOf":{"@id":"https:\/\/www.estrategiaconcursos.com.br\/blog\/#website"},"primaryImageOfPage":{"@id":"https:\/\/www.estrategiaconcursos.com.br\/blog\/concurso-pf-prova-panorama-da-etapa\/#primaryimage"},"image":{"@id":"https:\/\/www.estrategiaconcursos.com.br\/blog\/concurso-pf-prova-panorama-da-etapa\/#primaryimage"},"thumbnailUrl":"https:\/\/dhg1h5j42swfq.cloudfront.net\/2021\/03\/11185005\/pf.png","datePublished":"2021-05-13T15:06:01+00:00","dateModified":"2021-05-14T14:13:05+00:00","description":"Mesmo com as diversas especula\u00e7\u00f5es sobre o adiamento das provas do concurso PF, elas seguem agendadas para 23 de maio. Confira!","breadcrumb":{"@id":"https:\/\/www.estrategiaconcursos.com.br\/blog\/concurso-pf-prova-panorama-da-etapa\/#breadcrumb"},"inLanguage":"pt-BR","potentialAction":[{"@type":"ReadAction","target":["https:\/\/www.estrategiaconcursos.com.br\/blog\/concurso-pf-prova-panorama-da-etapa\/"]}]},{"@type":"ImageObject","inLanguage":"pt-BR","@id":"https:\/\/www.estrategiaconcursos.com.br\/blog\/concurso-pf-prova-panorama-da-etapa\/#primaryimage","url":"https:\/\/dhg1h5j42swfq.cloudfront.net\/2021\/03\/11185005\/pf.png","contentUrl":"https:\/\/dhg1h5j42swfq.cloudfront.net\/2021\/03\/11185005\/pf.png","width":466,"height":257,"caption":"PF"},{"@type":"BreadcrumbList","@id":"https:\/\/www.estrategiaconcursos.com.br\/blog\/concurso-pf-prova-panorama-da-etapa\/#breadcrumb","itemListElement":[{"@type":"ListItem","position":1,"name":"In\u00edcio","item":"https:\/\/www.estrategiaconcursos.com.br\/blog\/"},{"@type":"ListItem","position":2,"name":"Concurso PF: vai prestar a prova? Confira o panorama!"}]},{"@type":"WebSite","@id":"https:\/\/www.estrategiaconcursos.com.br\/blog\/#website","url":"https:\/\/www.estrategiaconcursos.com.br\/blog\/","name":"Estrat\u00e9gia Concursos","description":"O blog da Estrat\u00e9gia Concursos traz not\u00edcias sobre concursos e artigos de professores oferecendo cursos para concursos (pdf + videaulas) no site.","publisher":{"@id":"https:\/\/www.estrategiaconcursos.com.br\/blog\/#organization"},"potentialAction":[{"@type":"SearchAction","target":{"@type":"EntryPoint","urlTemplate":"https:\/\/www.estrategiaconcursos.com.br\/blog\/?s={search_term_string}"},"query-input":{"@type":"PropertyValueSpecification","valueRequired":true,"valueName":"search_term_string"}}],"inLanguage":"pt-BR"},{"@type":"Organization","@id":"https:\/\/www.estrategiaconcursos.com.br\/blog\/#organization","name":"Estrat\u00e9gia Concursos","url":"https:\/\/www.estrategiaconcursos.com.br\/blog\/","logo":{"@type":"ImageObject","inLanguage":"pt-BR","@id":"https:\/\/www.estrategiaconcursos.com.br\/blog\/#\/schema\/logo\/image\/","url":"https:\/\/dhg1h5j42swfq.cloudfront.net\/2025\/06\/03203428\/logo_concursos-1.jpg","contentUrl":"https:\/\/dhg1h5j42swfq.cloudfront.net\/2025\/06\/03203428\/logo_concursos-1.jpg","width":230,"height":60,"caption":"Estrat\u00e9gia Concursos"},"image":{"@id":"https:\/\/www.estrategiaconcursos.com.br\/blog\/#\/schema\/logo\/image\/"},"sameAs":["https:\/\/x.com\/EstratConcursos"]},{"@type":"Person","@id":"https:\/\/www.estrategiaconcursos.com.br\/blog\/#\/schema\/person\/b4a388c97673c5f483d72185668afa1f","name":"Coordena\u00e7\u00e3o","image":{"@type":"ImageObject","inLanguage":"pt-BR","@id":"https:\/\/secure.gravatar.com\/avatar\/b720319e4c9a967eb58678d110f4fe35452fc5d5f97b202bac7b8acceb18c6ad?s=96&d=mm&r=g","url":"https:\/\/secure.gravatar.com\/avatar\/b720319e4c9a967eb58678d110f4fe35452fc5d5f97b202bac7b8acceb18c6ad?s=96&d=mm&r=g","contentUrl":"https:\/\/secure.gravatar.com\/avatar\/b720319e4c9a967eb58678d110f4fe35452fc5d5f97b202bac7b8acceb18c6ad?s=96&d=mm&r=g","caption":"Coordena\u00e7\u00e3o"},"sameAs":["https:\/\/www.facebook.com\/EstrategiaConcursos","https:\/\/x.com\/EstratConcursos"],"url":"https:\/\/www.estrategiaconcursos.com.br\/blog\/author\/estrategia2013\/"}]}},"_links":{"self":[{"href":"https:\/\/www.estrategiaconcursos.com.br\/blog\/wp-json\/wp\/v2\/posts\/739582","targetHints":{"allow":["GET"]}}],"collection":[{"href":"https:\/\/www.estrategiaconcursos.com.br\/blog\/wp-json\/wp\/v2\/posts"}],"about":[{"href":"https:\/\/www.estrategiaconcursos.com.br\/blog\/wp-json\/wp\/v2\/types\/post"}],"author":[{"embeddable":true,"href":"https:\/\/www.estrategiaconcursos.com.br\/blog\/wp-json\/wp\/v2\/users\/1"}],"replies":[{"embeddable":true,"href":"https:\/\/www.estrategiaconcursos.com.br\/blog\/wp-json\/wp\/v2\/comments?post=739582"}],"version-history":[{"count":14,"href":"https:\/\/www.estrategiaconcursos.com.br\/blog\/wp-json\/wp\/v2\/posts\/739582\/revisions"}],"predecessor-version":[{"id":740837,"href":"https:\/\/www.estrategiaconcursos.com.br\/blog\/wp-json\/wp\/v2\/posts\/739582\/revisions\/740837"}],"wp:featuredmedia":[{"embeddable":true,"href":"https:\/\/www.estrategiaconcursos.com.br\/blog\/wp-json\/wp\/v2\/media\/691326"}],"wp:attachment":[{"href":"https:\/\/www.estrategiaconcursos.com.br\/blog\/wp-json\/wp\/v2\/media?parent=739582"}],"wp:term":[{"taxonomy":"category","embeddable":true,"href":"https:\/\/www.estrategiaconcursos.com.br\/blog\/wp-json\/wp\/v2\/categories?post=739582"},{"taxonomy":"post_tag","embeddable":true,"href":"https:\/\/www.estrategiaconcursos.com.br\/blog\/wp-json\/wp\/v2\/tags?post=739582"},{"taxonomy":"tax_estado","embeddable":true,"href":"https:\/\/www.estrategiaconcursos.com.br\/blog\/wp-json\/wp\/v2\/tax_estado?post=739582"}],"curies":[{"name":"wp","href":"https:\/\/api.w.org\/{rel}","templated":true}]}}