{"id":73953,"date":"2017-05-15T20:37:57","date_gmt":"2017-05-15T23:37:57","guid":{"rendered":"https:\/\/www.estrategiaconcursos.com.br\/blog\/?p=73953"},"modified":"2018-07-20T09:56:09","modified_gmt":"2018-07-20T12:56:09","slug":"edital-marinha-brasil","status":"publish","type":"post","link":"https:\/\/www.estrategiaconcursos.com.br\/blog\/edital-marinha-brasil\/","title":{"rendered":"Edital Marinha Brasil. Saiba mais sobre o concurso."},"content":{"rendered":"<h4 style=\"text-align: justify;\">\n\t<font color=\"#0000cd\" face=\"tahoma, geneva, sans-serif\">EDITAL MARINHA BRASIL PUBLICADO<\/font><br \/>\n<\/h4>\n<p style=\"text-align: justify;\">\n\t<span style=\"color:#000000;\"><span style=\"font-family:tahoma,geneva,sans-serif;\">O <\/span><\/span><u><span style=\"font-family:tahoma,geneva,sans-serif;\"><a href=\"https:\/\/www.inscricao.marinha.mil.br\/marinha\/Edital.pdf?id_file=3489\" target=\"_blank\"><span style=\"color:#0000FF;\">Edital Marinha Brasil 2017<\/span><\/a><\/span><\/u><span style=\"color:#000000;\"><span style=\"font-family:tahoma,geneva,sans-serif;\">, publicado no Di&aacute;rio Oficial da Uni&atilde;o de 15\/05\/2017, abre <strong>Concurso P&uacute;blico para Ingresso no Quadro Complementar de Intendentes da Marinha<\/strong>&nbsp;(CP-QC-IM) em 2017.<\/span><\/span>\n<\/p>\n<p style=\"text-align: justify;\">\n\t<span style=\"color:#000000;\"><span style=\"font-family:tahoma,geneva,sans-serif;\">Neste artigo, voc&ecirc; encontrar&aacute; os detalhes mais importantes desse edital.<\/span><\/span>\n<\/p>\n<h4 style=\"text-align: justify;\">\n\t<span style=\"font-family:tahoma,geneva,sans-serif;\"><span style=\"color:#0000CD;\">VAGAS<\/span><\/span><br \/>\n<\/h4>\n<h4 style=\"text-align: justify;\">\n\t<span style=\"color:#000000;\"><span style=\"font-family:tahoma,geneva,sans-serif;\">O presente concurso p&uacute;blico destina-se ao preenchimento de 12 (doze) vagas, sendo 02 (duas) vagas destinadas aos candidatos negros.<\/span><\/span><br \/>\n<\/h4>\n<h4>\n\t<span style=\"color:#0000CD;\"><span style=\"font-family:tahoma,geneva,sans-serif;\">REMUNERA&Ccedil;&Atilde;O<\/span><\/span><br \/>\n<\/h4>\n<p style=\"text-align: justify;\">\n\t<span style=\"color:#000000;\"><span style=\"font-family:tahoma,geneva,sans-serif;\">Os candidatos aprovados no concurso para o Quadro Complementar do Corpo de Intendentes realizar&atilde;o um&nbsp;curso de nove meses no Centro de Instru&ccedil;&atilde;o Almirante Wandenkolk (CIAW), na Ilha das Enxadas da Ba&iacute;a de Guanabara, cidade do Rio de Janeiro, e ter&atilde;o remunera&ccedil;&atilde;o inicial&nbsp;de <strong>R$ 6.268,00<\/strong>, mais aux&iacute;lio para aquisi&ccedil;&atilde;o de uniformes,&nbsp;assist&ecirc;ncia m&eacute;dica-hospitalar; alojamento e alimenta&ccedil;&atilde;o. Ap&oacute;s a forma&ccedil;&atilde;o, ser&atilde;o&nbsp;nomeados Oficiais da Marinha,&nbsp;com vencimentos na ordem de <strong>R$ 9.000,00<\/strong>.<\/span><\/span>\n<\/p>\n<h4>\n\t<span style=\"color:#0000CD;\"><span style=\"font-family:tahoma,geneva,sans-serif;\">ESCOLARIDADE<\/span><\/span><br \/>\n<\/h4>\n<p style=\"text-align: justify;\">\n\t<span style=\"color:#000000;\"><span style=\"font-family:tahoma,geneva,sans-serif;\">O Edital Marinha Brasil informa que poder&atilde;o concorrer &agrave;s referidas vagas os candidatos das Profiss&otilde;es de Administra&ccedil;&atilde;o, Ci&ecirc;ncias Cont&aacute;beis e Economia.&nbsp;<\/span><\/span><span style=\"font-family:tahoma,geneva,sans-serif;\"><span style=\"color:#000000;\">Al&eacute;m dessas profiss&otilde;es, ser&atilde;o considerados v&aacute;lidos os documentos comprobat&oacute;rios de conclus&atilde;o de cursos de bacharelado cujas denomina&ccedil;&otilde;es anteriormente utilizadas constem na Lista de Converg&ecirc;ncia de Denomina&ccedil;&atilde;o constante dos Referenciais Curriculares Nacionais dos Cursos de Bacharelado e Licenciatura, dispon&iacute;vel no s&iacute;tio eletr&ocirc;nico do Minist&eacute;rio da Educa&ccedil;&atilde;o (MEC).<\/span><\/span>\n<\/p>\n<h4>\n\t<span style=\"color:#0000CD;\"><span style=\"font-family:tahoma,geneva,sans-serif;\">VALOR DAS INSCRI&Ccedil;&Otilde;ES<\/span><\/span><br \/>\n<\/h4>\n<p style=\"text-align: justify;\">\n\t<span style=\"color:#000000;\"><span style=\"font-family:tahoma,geneva,sans-serif;\">O valor da taxa de inscri&ccedil;&atilde;o &eacute; de <strong>R$ 100,00 (cem reais).<\/strong><\/span><\/span>\n<\/p>\n<h4 style=\"text-align: justify;\">\n\t<span style=\"color:#0000CD;\"><span style=\"font-family:tahoma,geneva,sans-serif;\">LOCAL DAS INSCRI&Ccedil;&Otilde;ES<\/span><\/span><br \/>\n<\/h4>\n<p style=\"text-align: justify;\">\n\t<span style=\"color:#000000;\"><span style=\"font-family:tahoma,geneva,sans-serif;\">A inscri&ccedil;&atilde;o dever&aacute; ser feita, preferencialmente via Internet (<\/span><\/span><span style=\"font-family:tahoma,geneva,sans-serif;\"><u><a href=\"http:\/\/www.ensino.mar.mil.br\" target=\"_blank\"><span style=\"color:#0000FF;\">www.ensino.mar.mil.br<\/span><\/a><\/u><\/span><span style=\"color:#000000;\"><span style=\"font-family:tahoma,geneva,sans-serif;\"> ou <\/span><\/span><span style=\"font-family:tahoma,geneva,sans-serif;\"><u><a href=\"http:\/\/www.ingressonamarinha.mar.mil.br\" target=\"_blank\"><span style=\"color:#0000FF;\">www.ingressonamarinha.mar.mil.br<\/span><\/a><\/u><\/span><span style=\"color:#000000;\"><span style=\"font-family:tahoma,geneva,sans-serif;\">) ou via Organiza&ccedil;&otilde;es Militares da Marinha Respons&aacute;veis pela Execu&ccedil;&atilde;o Local (OREL), previstas no <\/span><\/span><span style=\"font-family:tahoma,geneva,sans-serif;\"><u><a href=\"https:\/\/www.inscricao.marinha.mil.br\/marinha\/Edital.pdf?id_file=3489\" target=\"_blank\"><span style=\"color:#0000FF;\">Anexo I do Edital Marinha<\/span><\/a><\/u><\/span><span style=\"color:#000000;\"><span style=\"font-family:tahoma,geneva,sans-serif;\">.<\/span><\/span>\n<\/p>\n<h4 style=\"text-align: justify;\">\n\t<span style=\"color:#0000CD;\"><span style=\"font-family:tahoma,geneva,sans-serif;\">DATA DAS INSCRI&Ccedil;&Otilde;ES<\/span><\/span><br \/>\n<\/h4>\n<p style=\"text-align: justify;\">\n\t<span style=\"color:#000000;\"><span style=\"font-family:tahoma,geneva,sans-serif;\">As inscri&ccedil;&otilde;es <strong>via internet<\/strong> ser&atilde;o realizadas, em n&iacute;vel nacional, entre 8h do dia 16 de maio e 23h59 do dia 19 de junho de 2017, hor&aacute;rio oficial de Bras&iacute;lia\/DF.<\/span><\/span>\n<\/p>\n<p style=\"text-align: justify;\">\n\t<span style=\"color:#000000;\"><span style=\"font-family:tahoma,geneva,sans-serif;\">As inscri&ccedil;&otilde;es via <strong>Organiza&ccedil;&otilde;es Militares da Marinha<\/strong>&nbsp;poder&atilde;o ser realizadas nos dias &uacute;teis entre 16 de maio e 19 de junho de 2017, das 08h30 &agrave;s 16h.<\/span><\/span>\n<\/p>\n<h4 style=\"text-align: justify;\">\n\t<span style=\"color:#0000CD;\"><span style=\"font-family:tahoma,geneva,sans-serif;\">REQUISITOS NECESS&Aacute;RIOS&nbsp;PARA SE INSCREVER NO CONCURSO<\/span><\/span><br \/>\n<\/h4>\n<p style=\"text-align: justify;\">\n\t<span style=\"font-family:tahoma,geneva,sans-serif;\"><span style=\"color:#000000;\">O Edital Marinha Brasil informa que s&atilde;o condi&ccedil;&otilde;es necess&aacute;rias &agrave; inscri&ccedil;&atilde;o:<\/span><\/span>\n<\/p>\n<p style=\"text-align: justify;\">\n\t<span style=\"font-family:tahoma,geneva,sans-serif;\"><span style=\"color:#000000;\">&rarr; ser brasileiro nato, de ambos os sexos;<\/span><\/span>\n<\/p>\n<p style=\"text-align: justify;\">\n\t<span style=\"font-family:tahoma,geneva,sans-serif;\"><span style=\"color:#000000;\">&rarr; ter menos de 29 (vinte e nove) anos de idade no primeiro dia do m&ecirc;s de janeiro de 2018;<\/span><\/span>\n<\/p>\n<p style=\"text-align: justify;\">\n\t<span style=\"font-family:tahoma,geneva,sans-serif;\"><span style=\"color:#000000;\">&rarr; possuir bons antecedentes de conduta, a ser apurada por meio de averigua&ccedil;&atilde;o da vida pregressa do candidato, por meio da Verifica&ccedil;&atilde;o de Dados Biogr&aacute;ficos. Se militar ou membro da Pol&iacute;cia ou do Corpo de Bombeiros Militar, em atividade, apresentar, na data prevista para entrega de documentos para a realiza&ccedil;&atilde;o da Verifica&ccedil;&atilde;o de Dados, conforme previsto no calend&aacute;rio de eventos, atestado de bons antecedentes de 7 conduta, emitido pela autoridade a quem estiver subordinado, conforme modelo constante na p&aacute;gina oficial da DEnsM na Internet (<\/span><u><a href=\"http:\/\/www.marinha.mil.br\/ensino\/?q=concurso\/modelos-documentos\" target=\"_blank\"><span style=\"color:#0000FF;\">www.marinha.mil.br\/ensino\/?q=concurso\/modelos-documentos<\/span><\/a><\/u><span style=\"color:#000000;\">) e dispon&iacute;vel nas OREL, listadas no <\/span><u><a href=\"https:\/\/www.inscricao.marinha.mil.br\/marinha\/Edital.pdf?id_file=3489\" target=\"_blank\"><span style=\"color:#0000FF;\">Anexo I do Edital Marinha<\/span><\/a><\/u><span style=\"color:#000000;\">;<\/span><\/span>\n<\/p>\n<p style=\"text-align: justify;\">\n\t<span style=\"font-family:tahoma,geneva,sans-serif;\"><span style=\"color:#000000;\">&rarr; estar em dia com as obriga&ccedil;&otilde;es do Servi&ccedil;o Militar e da Justi&ccedil;a Eleitoral;<\/span><\/span>\n<\/p>\n<p style=\"text-align: justify;\">\n\t<span style=\"font-family:tahoma,geneva,sans-serif;\"><span style=\"color:#000000;\">&rarr; estar autorizado pela respectiva For&ccedil;a Armada ou For&ccedil;a Auxiliar, em se tratando de militar ou membro da Pol&iacute;cia ou do Corpo de Bombeiros Militar em atividade. Se militar da Marinha do Brasil, o candidato dever&aacute; cumprir os procedimentos de comunica&ccedil;&atilde;o da sua inscri&ccedil;&atilde;o em concurso p&uacute;blico;<\/span><\/span>\n<\/p>\n<p style=\"text-align: justify;\">\n\t<span style=\"font-family:tahoma,geneva,sans-serif;\"><span style=\"color:#000000;\">&rarr; n&atilde;o estar na condi&ccedil;&atilde;o de r&eacute;u em a&ccedil;&atilde;o penal;<\/span><\/span>\n<\/p>\n<p style=\"text-align: justify;\">\n\t<span style=\"font-family:tahoma,geneva,sans-serif;\"><span style=\"color:#000000;\">&rarr; n&atilde;o ter sido, nos &uacute;ltimos cinco anos, na forma da legisla&ccedil;&atilde;o vigente:<\/span><\/span>\n<\/p>\n<p style=\"text-align: justify; margin-left: 40px;\">\n\t<span style=\"font-family:tahoma,geneva,sans-serif;\"><span style=\"color:#000000;\">&rarr; &rarr; responsabilizado por ato lesivo ao patrim&ocirc;nio p&uacute;blico de qualquer esfera de governo, em processo disciplinar administrativo, do qual n&atilde;o caiba mais recurso, contado o prazo a partir da data do cumprimento da san&ccedil;&atilde;o; ou<\/span><\/span>\n<\/p>\n<p style=\"text-align: justify; margin-left: 40px;\">\n\t<span style=\"font-family:tahoma,geneva,sans-serif;\"><span style=\"color:#000000;\">&rarr; &rarr; condenado em processo criminal com senten&ccedil;a transitada em julgado, contado o prazo a partir da data do cumprimento da pena.<\/span><\/span>\n<\/p>\n<p style=\"text-align: justify;\">\n\t<span style=\"font-family:tahoma,geneva,sans-serif;\"><span style=\"color:#000000;\">&rarr; se ex-integrante de qualquer uma das For&ccedil;as Armadas ou de For&ccedil;a Auxiliar, n&atilde;o ter sido demitido &ldquo;ex-off&iacute;cio&rdquo; por ter sido declarado indigno para o Oficialato ou com ele incompat&iacute;vel, e n&atilde;o ter sido exclu&iacute;do ou licenciado a bem da disciplina, salvo em caso de reabilita&ccedil;&atilde;o;<\/span><\/span>\n<\/p>\n<p style=\"text-align: justify;\">\n\t<span style=\"font-family:tahoma,geneva,sans-serif;\"><span style=\"color:#000000;\">&rarr; ter conclu&iacute;do o curso superior (Bacharel ou Licenciado) relativo &agrave; profiss&atilde;o a que concorre;<\/span><\/span>\n<\/p>\n<p style=\"text-align: justify;\">\n\t<span style=\"font-family:tahoma,geneva,sans-serif;\"><span style=\"color:#000000;\">&rarr; estar registrado no &oacute;rg&atilde;o fiscalizador da profiss&atilde;o a que concorre;<\/span><\/span>\n<\/p>\n<p style=\"text-align: justify;\">\n\t<span style=\"font-family:tahoma,geneva,sans-serif;\"><span style=\"color:#000000;\">&rarr; n&atilde;o ter sido reprovado, por insufici&ecirc;ncia de nota de conceito ou por falta disciplinar incompat&iacute;vel com o Oficialato, em Curso de Forma&ccedil;&atilde;o de Oficiais ou Est&aacute;gio de Aplica&ccedil;&atilde;o de Concursos P&uacute;blicos anteriores;<\/span><\/span>\n<\/p>\n<p style=\"text-align: justify;\">\n\t<span style=\"font-family:tahoma,geneva,sans-serif;\"><span style=\"color:#000000;\">&rarr; se militar em servi&ccedil;o ativo ou na reserva, ter grau hier&aacute;rquico at&eacute; o posto de Segundo Tenente;<\/span><\/span>\n<\/p>\n<p style=\"text-align: justify;\">\n\t<span style=\"font-family:tahoma,geneva,sans-serif;\"><span style=\"color:#000000;\">&rarr; possuir registro no Cadastro de Pessoas F&iacute;sicas (CPF);<\/span><\/span>\n<\/p>\n<p style=\"text-align: justify;\">\n\t<span style=\"font-family:tahoma,geneva,sans-serif;\"><span style=\"color:#000000;\">&rarr; possuir documento oficial de identifica&ccedil;&atilde;o, original e dentro da validade, com assinatura e fotografia (na qual possa ser reconhecido).<\/span><\/span>\n<\/p>\n<h4>\n\t<span style=\"color:#0000CD;\"><span style=\"font-family:tahoma,geneva,sans-serif;\">O QUE &Eacute; O&nbsp;QUADRO COMPLEMENTAR DE OFICIAIS DA MARINHA?<\/span><\/span><br \/>\n<\/h4>\n<p style=\"text-align: justify;\">\n\t<span style=\"font-family:tahoma,geneva,sans-serif;\"><span style=\"color:#000000;\">O Quadro Complementar de Oficiais Intendentes da Marinha (QC-IM) destina-se a suprir a Marinha com Oficiais para o exerc&iacute;cio de cargos e fun&ccedil;&otilde;es relativos &agrave; aplica&ccedil;&atilde;o e ao preparo do Poder Naval, que visem ao atendimento das atividades log&iacute;sticas e das relacionadas com a economia, as finan&ccedil;as, o patrim&ocirc;nio, a administra&ccedil;&atilde;o e o controle interno.<\/span><\/span>\n<\/p>\n<h4 style=\"text-align: justify;\">\n\t<span style=\"font-family:tahoma,geneva,sans-serif;\"><span style=\"color:#000000;\">ETAPAS DO CONCURSO<\/span><\/span><br \/>\n<\/h4>\n<p style=\"text-align: justify;\">\n\t<span style=\"font-family:tahoma,geneva,sans-serif;\"><span style=\"color:#000000;\">Conforme o Edital da Marinha do Brasil, o&nbsp;Concurso P&uacute;blico para Ingresso no Quadro Complementar de Intendentes da Marinha 2017&nbsp;&eacute; constitu&iacute;do das seguintes etapas:<\/span><\/span>\n<\/p>\n<p style=\"text-align: justify;\">\n\t<span style=\"font-family:tahoma,geneva,sans-serif;\"><span style=\"color:#000000;\"><strong>\u25ba SELE&Ccedil;&Atilde;O INICIAL<\/strong><\/span><\/span>\n<\/p>\n<p style=\"text-align: justify;\">\n\t<span style=\"font-family:tahoma,geneva,sans-serif;\"><span style=\"color:#000000;\">A Sele&ccedil;&atilde;o Inicial&nbsp;constar&aacute; dos seguintes eventos: <\/span><\/span>\n<\/p>\n<p style=\"margin-left: 40px; text-align: justify;\">\n\t<span style=\"font-family:tahoma,geneva,sans-serif;\"><span style=\"color:#000000;\">&bull; Prova Escrita Objetiva nas disciplinas de Conhecimentos Profissionais e Ingl&ecirc;s (car&aacute;ter eliminat&oacute;rio e classificat&oacute;rio);<\/span><\/span>\n<\/p>\n<p style=\"margin-left: 40px; text-align: justify;\">\n\t<span style=\"font-family:tahoma,geneva,sans-serif;\"><span style=\"color:#000000;\">&bull; Reda&ccedil;&atilde;o (car&aacute;ter eliminat&oacute;rio e classificat&oacute;rio);<\/span><\/span>\n<\/p>\n<p style=\"margin-left: 40px; text-align: justify;\">\n\t<span style=\"font-family:tahoma,geneva,sans-serif;\"><span style=\"color:#000000;\">&bull; Eventos Complementares constitu&iacute;dos de:<\/span><\/span>\n<\/p>\n<p style=\"margin-left: 80px; text-align: justify;\">\n\t<span style=\"font-family:tahoma,geneva,sans-serif;\"><span style=\"color:#000000;\">&bull; &bull; Inspe&ccedil;&atilde;o de Sa&uacute;de (car&aacute;ter eliminat&oacute;rio);<\/span><\/span>\n<\/p>\n<p style=\"margin-left: 80px; text-align: justify;\">\n\t<span style=\"font-family:tahoma,geneva,sans-serif;\"><span style=\"color:#000000;\">&bull; &bull; Teste de Aptid&atilde;o F&iacute;sica (car&aacute;ter eliminat&oacute;rio);<\/span><\/span>\n<\/p>\n<p style=\"margin-left: 80px; text-align: justify;\">\n\t<span style=\"font-family:tahoma,geneva,sans-serif;\"><span style=\"color:#000000;\">&bull; &bull; Verifica&ccedil;&atilde;o de Dados Biogr&aacute;ficos&nbsp;&#8211; Fase preliminar (car&aacute;ter eliminat&oacute;rio);<\/span><\/span>\n<\/p>\n<p style=\"margin-left: 80px; text-align: justify;\">\n\t<span style=\"font-family:tahoma,geneva,sans-serif;\"><span style=\"color:#000000;\">&bull; &bull; Prova de T&iacute;tulos (car&aacute;ter classificat&oacute;rio).<\/span><\/span>\n<\/p>\n<p style=\"text-align: justify;\">\n\t<span style=\"font-family:tahoma,geneva,sans-serif;\"><span style=\"color:#000000;\"><strong>\u25ba CURSO DE FORMA&Ccedil;&Atilde;O DE OFICIAIS<\/strong><\/span><\/span>\n<\/p>\n<p style=\"text-align: justify;\">\n\t<span style=\"font-family:tahoma,geneva,sans-serif;\"><span style=\"color:#000000;\">O Curso de Forma&ccedil;&atilde;o de Oficiais, composto de: <\/span><\/span>\n<\/p>\n<p style=\"margin-left: 40px; text-align: justify;\">\n\t<span style=\"font-family:tahoma,geneva,sans-serif;\"><span style=\"color:#000000;\">&bull; Per&iacute;odo de Adapta&ccedil;&atilde;o;<\/span><\/span>\n<\/p>\n<p style=\"margin-left: 40px; text-align: justify;\">\n\t<span style=\"font-family:tahoma,geneva,sans-serif;\"><span style=\"color:#000000;\">&bull; Verifica&ccedil;&atilde;o de Documentos (car&aacute;ter eliminat&oacute;rio);<\/span><\/span>\n<\/p>\n<p style=\"margin-left: 40px; text-align: justify;\">\n\t<span style=\"font-family:tahoma,geneva,sans-serif;\"><span style=\"color:#000000;\">&bull; Verifica&ccedil;&atilde;o de Dados Biogr&aacute;ficos&nbsp;&#8211; Fase final (car&aacute;ter eliminat&oacute;rio);<\/span><\/span>\n<\/p>\n<p style=\"margin-left: 40px; text-align: justify;\">\n\t<span style=\"font-family:tahoma,geneva,sans-serif;\"><span style=\"color:#000000;\">&bull; Avalia&ccedil;&atilde;o Psicol&oacute;gica (car&aacute;ter eliminat&oacute;rio);<\/span><\/span>\n<\/p>\n<p style=\"margin-left: 40px; text-align: justify;\">\n\t<span style=\"font-family:tahoma,geneva,sans-serif;\"><span style=\"color:#000000;\">&bull; Curso de Forma&ccedil;&atilde;o propriamente dito (car&aacute;ter eliminat&oacute;rio e classificat&oacute;rio).<\/span><\/span>\n<\/p>\n<h4 style=\"text-align: justify;\">\n\t<span style=\"color:#0000CD;\"><span style=\"font-family:tahoma,geneva,sans-serif;\">PROVA ESCRITA OBJETIVA DE CONHECIMENTOS PROFISSIONAIS E INGL&Ecirc;S E DA REDA&Ccedil;&Atilde;O<\/span><\/span><br \/>\n<\/h4>\n<p style=\"text-align: justify;\">\n\t<span style=\"color:#000000;\"><span style=\"font-family:tahoma,geneva,sans-serif;\">O Edital Marinha Brasil normatiza que a prova escrita objetiva das disciplinas de Conhecimentos Profissionais e Ingl&ecirc;s juntamente com a Reda&ccedil;&atilde;o, ter&atilde;o dura&ccedil;&atilde;o de 4 (quatro) horas e ser&aacute; constitu&iacute;da de 50 (cinquenta) quest&otilde;es. Essas quest&otilde;es estar&atilde;o assim divididas:<\/span><\/span>\n<\/p>\n<p style=\"text-align: justify; margin-left: 40px;\">\n\t<span style=\"color:#000000;\"><span style=\"font-family:tahoma,geneva,sans-serif;\">&bull; 16 (dezesseis) de Administra&ccedil;&atilde;o,<\/span><\/span>\n<\/p>\n<p style=\"text-align: justify; margin-left: 40px;\">\n\t<span style=\"color:#000000;\"><span style=\"font-family:tahoma,geneva,sans-serif;\">&bull; 12 (doze) de Ci&ecirc;ncias Cont&aacute;beis,<\/span><\/span>\n<\/p>\n<p style=\"text-align: justify; margin-left: 40px;\">\n\t<span style=\"color:#000000;\"><span style=\"font-family:tahoma,geneva,sans-serif;\">&bull; 12 (doze) Economia,<\/span><\/span>\n<\/p>\n<p style=\"text-align: justify; margin-left: 40px;\">\n\t<span style=\"color:#000000;\"><span style=\"font-family:tahoma,geneva,sans-serif;\">&bull; 10 (dez) de Ingl&ecirc;s.<\/span><\/span>\n<\/p>\n<p style=\"text-align: justify;\">\n\t<span style=\"color:#000000;\"><span style=\"font-family:tahoma,geneva,sans-serif;\">Ainda neste artigo, voc&ecirc; encontrar&aacute; o programa as disciplinas acima.<\/span><\/span>\n<\/p>\n<p style=\"text-align: justify;\">\n\t<span style=\"color:#0000CD;\"><span style=\"font-family:tahoma,geneva,sans-serif;\">PROVA DE REDA&Ccedil;&Atilde;O<\/span><\/span>\n<\/p>\n<p style=\"text-align: justify;\">\n\t<span style=\"color:#000000;\"><span style=\"font-family:tahoma,geneva,sans-serif;\">A Reda&ccedil;&atilde;o ter&aacute; como prop&oacute;sito verificar a capacidade de express&atilde;o escrita do candidato na l&iacute;ngua portuguesa.<\/span><\/span>\n<\/p>\n<p style=\"text-align: justify;\">\n\t<span style=\"color:#000000;\"><span style=\"font-family:tahoma,geneva,sans-serif;\">De acordo com o Edital Marinha Brasil, a&nbsp;Reda&ccedil;&atilde;o dever&aacute; ser dissertativa e escrita em letra cursiva, com ideias claras, coerentes e objetivas, cujo t&iacute;tulo versar&aacute; sobre assunto considerado de import&acirc;ncia pela Administra&ccedil;&atilde;o Naval.<\/span><\/span>\n<\/p>\n<p style=\"text-align: justify;\">\n\t<span style=\"color:#000000;\"><span style=\"font-family:tahoma,geneva,sans-serif;\">Ainda, a&nbsp;Reda&ccedil;&atilde;o n&atilde;o poder&aacute; ser escrita em letra de imprensa e dever&aacute; ter no m&iacute;nimo 20 (vinte) linhas cont&iacute;nuas, considerando o recuo dos par&aacute;grafos, e no m&aacute;ximo 30 (trinta) linhas. Tamb&eacute;m n&atilde;o poder&aacute; conter qualquer marca identificadora ou assinatura, o que implicar&aacute; na atribui&ccedil;&atilde;o de nota zero &agrave; mesma.<\/span><\/span>\n<\/p>\n<p style=\"text-align: justify;\">\n\t<span style=\"color:#000000;\"><span style=\"font-family:tahoma,geneva,sans-serif;\">Na reda&ccedil;&atilde;o, ser&atilde;o descontados 5 (cinco) pontos por cada linha n&atilde;o preenchida ou preenchida em excesso, em rela&ccedil;&atilde;o ao n&uacute;mero m&iacute;nimo e m&aacute;ximo de linhas determinado.<\/span><\/span>\n<\/p>\n<p style=\"text-align: justify;\">\n\t<span style=\"color:#000000;\"><span style=\"font-family:tahoma,geneva,sans-serif;\">As reda&ccedil;&otilde;es receber&atilde;o 2 (duas) notas, atribu&iacute;das por 2 (dois) Membros da Banca, valendo como nota da prova a m&eacute;dia aritm&eacute;tica dessas 2 (duas) notas. Caso a m&eacute;dia obtida seja igual ou superior a 50 (cinquenta) pontos, o candidato ser&aacute; considerado &ldquo;Aprovado&rdquo; na Reda&ccedil;&atilde;o, caso contr&aacute;rio, ser&aacute; considerado &ldquo;N&atilde;o Aprovado&rdquo;.<\/span><\/span>\n<\/p>\n<p style=\"text-align: justify;\">\n\t<span style=\"color:#000000;\"><span style=\"font-family:tahoma,geneva,sans-serif;\">Aspectos e pontua&ccedil;&otilde;es a serem considerados na corre&ccedil;&atilde;o da Reda&ccedil;&atilde;o:<\/span><\/span>\n<\/p>\n<p style=\"margin-left: 40px; text-align: justify;\">\n\t<span style=\"color:#000000;\"><span style=\"font-family:tahoma,geneva,sans-serif;\">&bull; Estrutura e conte&uacute;do &ndash; 50 (cinquenta) pontos, sendo:<\/span><\/span>\n<\/p>\n<p style=\"margin-left: 80px; text-align: justify;\">\n\t<span style=\"color:#000000;\"><span style=\"font-family:tahoma,geneva,sans-serif;\">&bull; &bull; Coes&atilde;o e coer&ecirc;ncia &ndash; at&eacute; 30 (trinta) pontos; e<\/span><\/span>\n<\/p>\n<p style=\"margin-left: 80px; text-align: justify;\">\n\t<span style=\"color:#000000;\"><span style=\"font-family:tahoma,geneva,sans-serif;\">&bull; &bull; T&iacute;tulo e assunto &ndash; at&eacute; 20 (vinte) pontos.<\/span><\/span>\n<\/p>\n<p style=\"margin-left: 40px; text-align: justify;\">\n\t<span style=\"color:#000000;\"><span style=\"font-family:tahoma,geneva,sans-serif;\">&bull; Express&atilde;o &ndash; at&eacute; 50 (cinquenta) pontos.<\/span><\/span>\n<\/p>\n<p style=\"text-align: justify;\">\n\t<span style=\"color:#000000;\"><span style=\"font-family:tahoma,geneva,sans-serif;\">Ser&atilde;o corrigidas as Reda&ccedil;&otilde;es dos candidatos com as maiores notas na Prova Escrita de Conhecimentos Profissionais e Ingl&ecirc;s at&eacute; o limite do n&uacute;mero correspondente a 3 (tr&ecirc;s) vezes o n&uacute;mero das vagas estabelecidas, considerando-se os empates na &uacute;ltima posi&ccedil;&atilde;o.<\/span><\/span>\n<\/p>\n<h4 style=\"text-align: justify;\">\n\t<span style=\"color:#0000CD;\"><span style=\"font-family:tahoma,geneva,sans-serif;\">NOTA DE APROVA&Ccedil;&Atilde;O NA PROVA ESCRITA<\/span><\/span><br \/>\n<\/h4>\n<p style=\"text-align: justify;\">\n\t<span style=\"color:#000000;\"><span style=\"font-family:tahoma,geneva,sans-serif;\">Conforme o Edital Marinha Brasil, ser&atilde;o considerados eliminados nas provas escritas os candidatos que:<\/span><\/span>\n<\/p>\n<p style=\"margin-left: 40px; text-align: justify;\">\n\t<span style=\"color:#000000;\"><span style=\"font-family:tahoma,geneva,sans-serif;\">&bull; obtiverem acerto inferior a 50% (cinquenta por cento) na prova objetiva, tanto nas disciplinas de conhecimentos profissionais, como na disciplina de Ingl&ecirc;s;<\/span><\/span>\n<\/p>\n<p style=\"margin-left: 40px; text-align: justify;\">\n\t<span style=\"color:#000000;\"><span style=\"font-family:tahoma,geneva,sans-serif;\">&bull; n&atilde;o se classificarem entre as maiores notas na prova escrita das disciplinas de conhecimentos profissionais e Ingl&ecirc;s, at&eacute; o limite do n&uacute;mero correspondente a 3 (tr&ecirc;s) vezes ao n&uacute;mero de vagas; e<\/span><\/span>\n<\/p>\n<p style=\"margin-left: 40px; text-align: justify;\">\n\t<span style=\"color:#000000;\"><span style=\"font-family:tahoma,geneva,sans-serif;\">&bull; classificarem-se dentro dos limites (tr&ecirc;s vezes ao n&uacute;mero de vagas), mas que obtiverem nota inferior a 50 (cinquenta) em uma escala de 0 (zero) a 100 (cem) na Reda&ccedil;&atilde;o.<\/span><\/span>\n<\/p>\n<h4>\n\t<span style=\"color:#0000CD;\"><span style=\"font-family:tahoma,geneva,sans-serif;\">EVENTO COMPLEMENTAR &#8211;&nbsp;INSPE&Ccedil;&Atilde;O DE SA&Uacute;DE<\/span><\/span><br \/>\n<\/h4>\n<p style=\"text-align: justify;\">\n\t<span style=\"color:#000000;\"><span style=\"font-family:tahoma,geneva,sans-serif;\">A Inspe&ccedil;&atilde;o de Sa&uacute;de, que ter&aacute; car&aacute;ter eliminat&oacute;rio, &eacute; a per&iacute;cia m&eacute;dica de sele&ccedil;&atilde;o inicial que visa verificar se os candidatos preenchem os crit&eacute;rios e padr&otilde;es m&eacute;dicos de aptid&atilde;o para a Carreira Militar na Marinha do Brasil.<\/span><\/span>\n<\/p>\n<p style=\"text-align: justify;\">\n\t<span style=\"font-family:tahoma,geneva,sans-serif;\"><span style=\"color:#000000;\">A Inspe&ccedil;&atilde;o de Sa&uacute;de&nbsp;ser&aacute; realizada nas &aacute;reas das Organiza&ccedil;&otilde;es Respons&aacute;veis pela Supervis&atilde;o Regional (ORSR), que correspondem aos Comandos dos Distritos Navais, de acordo com exames e procedimentos m&eacute;dico-periciais espec&iacute;ficos, observando-se as condi&ccedil;&otilde;es incapacitantes e os &iacute;ndices m&iacute;nimos exigidos descritos no <\/span><u><a href=\"https:\/\/www.inscricao.marinha.mil.br\/marinha\/Edital.pdf?id_file=3489\" target=\"_blank\"><span style=\"color:#0000FF;\">Anexo IV do Edital Marinha Brasil 2017<\/span><\/a><\/u><span style=\"color:#000000;\">.<\/span><\/span>\n<\/p>\n<h4 align=\"left\">\n\t<span style=\"color:#0000CD;\"><span style=\"font-family:tahoma,geneva,sans-serif;\">EVENTO COMPLEMENTAR &#8211; TESTE DE APTID&Atilde;O F&Iacute;SICA<\/span><\/span><br \/>\n<\/h4>\n<p style=\"text-align: justify;\">\n\t<span style=\"color:#000000;\"><span style=\"font-family:tahoma,geneva,sans-serif;\">O Teste de Aptid&atilde;o F&iacute;sica, que ter&aacute; car&aacute;ter eliminat&oacute;rio, tem como prop&oacute;sito aferir se a aptid&atilde;o f&iacute;sica do candidato preenche os padr&otilde;es f&iacute;sicos exigidos para a carreira da Marinha do Brasil.<\/span><\/span>\n<\/p>\n<p style=\"text-align: justify;\">\n\t<span style=\"color:#000000;\"><span style=\"font-family:tahoma,geneva,sans-serif;\"><strong>Importante<\/strong>: apenas o candidato julgado apto na Inspe&ccedil;&atilde;o de Sa&uacute;de&nbsp;realizar&aacute; o Teste de Aptid&atilde;o F&iacute;sica,&nbsp;constitu&iacute;do das seguintes provas: <strong>nata&ccedil;&atilde;o<\/strong> e <strong>corrida<\/strong>.<\/span><\/span>\n<\/p>\n<p style=\"text-align: justify;\">\n\t<span style=\"color:#000000;\"><span style=\"font-family:tahoma,geneva,sans-serif;\">O candidato ser&aacute; submetido ao Teste de Aptid&atilde;o F&iacute;sica em 2 (dois) dias n&atilde;o consecutivos, sendo-lhe permitido executar duas tentativas em cada uma das provas, em dias subsequentes.<\/span><\/span>\n<\/p>\n<p style=\"text-align: justify;\">\n\t<span style=\"color:#000000;\"><span style=\"font-family:tahoma,geneva,sans-serif;\">Para ser aprovado no Teste de Aptid&atilde;o F&iacute;sica,&nbsp;o candidato dever&aacute;:<\/span><\/span>\n<\/p>\n<p style=\"text-align: justify; margin-left: 40px;\">\n\t<span style=\"color:#000000;\"><span style=\"font-family:tahoma,geneva,sans-serif;\">&bull; nadar o percurso de 25 (vinte e cinco) metros no tempo m&aacute;ximo de 50 (cinquenta) segundos para o sexo masculino e 1 (um) minuto para o sexo feminino;<\/span><\/span>\n<\/p>\n<p style=\"text-align: justify; margin-left: 40px;\">\n\t<span style=\"color:#000000;\"><span style=\"font-family:tahoma,geneva,sans-serif;\">&bull; correr o percurso de 2.400 (dois mil e quatrocentos) metros no tempo m&aacute;ximo de 16 (dezesseis) minutos para o sexo masculino e 17 (dezessete) minutos para o sexo feminino.<\/span><\/span>\n<\/p>\n<h4>\n\t<span style=\"color:#0000CD;\"><span style=\"font-family:tahoma,geneva,sans-serif;\">EVENTO COMPLEMENTAR &#8211;&nbsp;VERIFICA&Ccedil;&Atilde;O DE DADOS BIOGR&Aacute;FICOS<\/span><\/span><br \/>\n<\/h4>\n<p style=\"text-align: justify;\">\n\t<span style=\"color:#000000;\"><span style=\"font-family:tahoma,geneva,sans-serif;\">A Verifica&ccedil;&atilde;o de Dados Biogr&aacute;ficos ter&aacute; como prop&oacute;sito verificar se o candidato preenche os requisitos de bons antecedentes de conduta para ingresso na Marinha do Brasil, por meio de consulta &agrave;s Secretarias de Seguran&ccedil;a P&uacute;blica Estaduais, &agrave;s Superintend&ecirc;ncias Regionais do Departamento de Pol&iacute;cia Federal, dentre outros &oacute;rg&atilde;os.<\/span><\/span>\n<\/p>\n<p style=\"text-align: justify;\">\n\t<span style=\"color:#000000;\"><span style=\"font-family:tahoma,geneva,sans-serif;\">Essa verifica&ccedil;&atilde;o ser&aacute; realizada em duas fases:<\/span><\/span>\n<\/p>\n<p style=\"text-align: justify; margin-left: 40px;\">\n\t<span style=\"color:#000000;\"><span style=\"font-family:tahoma,geneva,sans-serif;\">&bull; Fase preliminar &#8211; realizada, inicialmente por meio da an&aacute;lise e investiga&ccedil;&atilde;o dos dados informados pelo candidato no formul&aacute;rio de inscri&ccedil;&atilde;o;<\/span><\/span>\n<\/p>\n<p style=\"text-align: justify; margin-left: 40px;\">\n\t<span style=\"color:#000000;\"><span style=\"font-family:tahoma,geneva,sans-serif;\">&bull; Fase final &#8211; realizada na mesma data da Verifica&ccedil;&atilde;o de Dados, quando os candidatos dever&atilde;o preencher e devolver o Question&aacute;rio Biogr&aacute;fico Simplificado.<\/span><\/span>\n<\/p>\n<h4 style=\"text-align: justify;\">\n\t<span style=\"color:#0000CD;\"><span style=\"font-family:tahoma,geneva,sans-serif;\">EVENTO COMPLEMENTAR &#8211; PROVA DE T&Iacute;TULOS<\/span><\/span><br \/>\n<\/h4>\n<p style=\"text-align: justify;\">\n\t<span style=\"color:#000000;\"><span style=\"font-family:tahoma,geneva,sans-serif;\">A prova de t&iacute;tulos ter&aacute; car&aacute;ter classificat&oacute;rio. Abaixo, voc&ecirc; tem uma tabela com os t&iacute;tulos que ser&atilde;o aceitos no concurso e sua pontua&ccedil;&atilde;o:<\/span><\/span>\n<\/p>\n<table align=\"center\" border=\"1\" cellpadding=\"1\" cellspacing=\"1\" style=\"width:700px;\">\n<tbody>\n<tr>\n<td style=\"text-align: center;\">\n\t\t\t\t<span style=\"font-size:12px;\"><span style=\"font-family:tahoma,geneva,sans-serif;\"><span style=\"color:#000000;\">T&Iacute;TULO<\/span><\/span><\/span>\n\t\t\t<\/td>\n<td style=\"text-align: center;\">\n\t\t\t\t<span style=\"font-size:12px;\"><span style=\"font-family:tahoma,geneva,sans-serif;\"><span style=\"color:#000000;\">PONTOS<\/span><\/span><\/span>\n\t\t\t<\/td>\n<\/tr>\n<tr>\n<td style=\"text-align: justify;\">\n\t\t\t\t<span style=\"font-size:12px;\"><span style=\"font-family:tahoma,geneva,sans-serif;\"><span style=\"color:#000000;\">Diploma de conclus&atilde;o de curso de p&oacute;s-gradua&ccedil;&atilde;o &ldquo;stricto sensu&rdquo; em n&iacute;vel de doutorado na &aacute;rea da profiss&atilde;o a que concorre, emitido por institui&ccedil;&atilde;o possuidora de curso recomendado pela CAPES, acompanhado do hist&oacute;rico escolar e da ata de aprova&ccedil;&atilde;o da tese. Caso o(a) candidato(a) n&atilde;o possua o Diploma, deve ser apresentada declara&ccedil;&atilde;o com a informa&ccedil;&atilde;o da data de conclus&atilde;o do curso e o tema da tese, acompanhada dos demais documentos.<\/span><\/span><\/span>\n\t\t\t<\/td>\n<td style=\"text-align: center;\">\n\t\t\t\t<span style=\"font-size:12px;\"><span style=\"font-family:tahoma,geneva,sans-serif;\"><span style=\"color:#000000;\">35<\/span><\/span><\/span>\n\t\t\t<\/td>\n<\/tr>\n<tr>\n<td style=\"text-align: justify;\">\n\t\t\t\t<span style=\"font-size:12px;\"><span style=\"font-family:tahoma,geneva,sans-serif;\"><span style=\"color:#000000;\">Diploma de conclus&atilde;o de curso de p&oacute;s-gradua&ccedil;&atilde;o &ldquo;stricto sensu&rdquo; em n&iacute;vel de mestrado na &aacute;rea da profiss&atilde;o a que concorre, emitido por institui&ccedil;&atilde;o possuidora de curso recomendado pela CAPES, acompanhado do hist&oacute;rico escolar e da ata de aprova&ccedil;&atilde;o da disserta&ccedil;&atilde;o. Caso o(a) candidato(a) n&atilde;o possua o Diploma, deve ser apresentada declara&ccedil;&atilde;o com a informa&ccedil;&atilde;o da data de conclus&atilde;o do curso e o tema da disserta&ccedil;&atilde;o, acompanhada dos demais documentos.<\/span><\/span><\/span>\n\t\t\t<\/td>\n<td style=\"text-align: center;\">\n\t\t\t\t<span style=\"font-size:12px;\"><span style=\"font-family:tahoma,geneva,sans-serif;\"><span style=\"color:#000000;\">25<\/span><\/span><\/span>\n\t\t\t<\/td>\n<\/tr>\n<tr>\n<td style=\"text-align: justify;\">\n\t\t\t\t<span style=\"font-size:12px;\"><span style=\"font-family:tahoma,geneva,sans-serif;\"><span style=\"color:#000000;\">Certificado ou declara&ccedil;&atilde;o de conclus&atilde;o de curso de p&oacute;s-gradua&ccedil;&atilde;o &ldquo;lato sensu&rdquo; em n&iacute;vel de Especializa&ccedil;&atilde;o\/MBA na &aacute;rea da profiss&atilde;o a que concorre, com carga hor&aacute;ria m&iacute;nima de 360 horas, registro de TCC\/Monografia e corpo docente formado por, no m&iacute;nimo, 50% de mestres ou doutores, com 10 (dez) pontos por certificado, at&eacute; o limite de 2 (dois) certificados. O certificado\/declara&ccedil;&atilde;o deve ser emitido por institui&ccedil;&atilde;o de ensino oficialmente reconhecida pelo MEC, ou outras especialmente credenciadas junto ao MEC para a oferta do referido curso, acompanhado do hist&oacute;rico escolar, contendo, dentre outros dados, o t&iacute;tulo da monografia ou do trabalho de conclus&atilde;o do curso (com nota ou conceito obtido). O curso deve possuir credenciamento\/reconhecimento acad&ecirc;mico ou profissional junto aos sistemas oficiais de ensino ou Conselhos&nbsp;representativos das especialidades no &acirc;mbito nacional.<\/span><\/span><\/span>\n\t\t\t<\/td>\n<td style=\"text-align: center;\">\n\t\t\t\t<span style=\"font-size:12px;\"><span style=\"font-family:tahoma,geneva,sans-serif;\"><span style=\"color:#000000;\">20<\/span><\/span><\/span>\n\t\t\t<\/td>\n<\/tr>\n<tr>\n<td style=\"text-align: justify;\">\n\t\t\t\t<span style=\"font-size:12px;\"><span style=\"font-family:tahoma,geneva,sans-serif;\"><span style=\"color:#000000;\">Exerc&iacute;cio de atividade profissional de n&iacute;vel superior na Administra&ccedil;&atilde;o P&uacute;blica ou na Iniciativa Privada, em empregos\/cargos na profiss&atilde;o a que concorre com 2 (dois) pontos por ano, at&eacute; o total de 5 (cinco) anos, sem sobreposi&ccedil;&atilde;o de tempos.<\/span><\/span><\/span>\n\t\t\t<\/td>\n<td style=\"text-align: center;\">\n\t\t\t\t<span style=\"font-size:12px;\"><span style=\"font-family:tahoma,geneva,sans-serif;\"><span style=\"color:#000000;\">10<\/span><\/span><\/span>\n\t\t\t<\/td>\n<\/tr>\n<tr>\n<td style=\"text-align: justify;\">\n\t\t\t\t<span style=\"font-size:12px;\"><span style=\"font-family:tahoma,geneva,sans-serif;\"><span style=\"color:#000000;\">Artigo publicado, como autor, em peri&oacute;dico nacional ou internacional (Qualis A ou B), at&eacute; o limite de 1 (uma) publica&ccedil;&atilde;o.<\/span><\/span><\/span>\n\t\t\t<\/td>\n<td style=\"text-align: center;\">\n\t\t\t\t<span style=\"font-size:12px;\"><span style=\"font-family:tahoma,geneva,sans-serif;\"><span style=\"color:#000000;\">4<\/span><\/span><\/span>\n\t\t\t<\/td>\n<\/tr>\n<tr>\n<td style=\"text-align: justify;\">\n\t\t\t\t<span style=\"font-size:12px;\"><span style=\"font-family:tahoma,geneva,sans-serif;\"><span style=\"color:#000000;\">Certificado\/Diploma de exames de profici&ecirc;ncia nos idiomas ingl&ecirc;s, espanhol, franc&ecirc;s ou alem&atilde;o a partir do n&iacute;vel intermedi&aacute;rio: Cambridge English Preliminary (PET), Cambridge English First (FCE), Cambridge English Advanced (CAE), Cambridge English Proficiency (CPE), IELTS (pontua&ccedil;&atilde;o m&iacute;nima 4), TOEFL iBT (pontua&ccedil;&atilde;o m&iacute;nima 60), TOEIC (pontua&ccedil;&atilde;o m&iacute;nima 550), Michigan ECCE, Michigan ECPE, DELE (B1, B2, C1,C2), DELF (B1, B2), DALF (C1,C2), TestDaF, Goethe-Zertifikat (B1, B2, C1, C2) ou BULATS (B1, B2, C1, C2), com 2 (dois) pontos por certificado\/diploma, devendo estes, necessariamente, atestar profici&ecirc;ncia em idiomas distintos, at&eacute; o limite de 3 (tr&ecirc;s) certificados\/diplomas de exames de profici&ecirc;ncia.<\/span><\/span><\/span>\n\t\t\t<\/td>\n<td style=\"text-align: center;\">\n\t\t\t\t<span style=\"font-size:12px;\"><span style=\"font-family:tahoma,geneva,sans-serif;\"><span style=\"color:#000000;\">6<\/span><\/span><\/span>\n\t\t\t<\/td>\n<\/tr>\n<\/tbody>\n<\/table>\n<p>\n\t<span style=\"color:#0000CD;\"><span style=\"font-family:tahoma,geneva,sans-serif;\">PER&Iacute;ODO DE ADAPTA&Ccedil;&Atilde;O<\/span><\/span>\n<\/p>\n<p style=\"text-align: justify;\">\n\t<span style=\"font-family:tahoma,geneva,sans-serif;\"><span style=\"color:#000000;\">De acordo com o Edital Marinha Brasil 2017, os aprovados ser&atilde;o chamados para apresenta&ccedil;&atilde;o para o in&iacute;cio do Per&iacute;odo de Adapta&ccedil;&atilde;o do Curso de Forma&ccedil;&atilde;o Oficiais, na data prevista no <\/span><u><a href=\"https:\/\/www.inscricao.marinha.mil.br\/marinha\/Edital.pdf?id_file=3489\" target=\"_blank\"><span style=\"color:#0000FF;\">Calend&aacute;rio de Eventos do Edital Marinha Brasil 2017<\/span><\/a><\/u><span style=\"color:#000000;\">.<\/span><\/span>\n<\/p>\n<p style=\"text-align: justify;\">\n\t<span style=\"color:#000000;\"><span style=\"font-family:tahoma,geneva,sans-serif;\">Os candidatos aprovados (titulares) dever&atilde;o se apresentar no Centro de Instru&ccedil;&atilde;o Almirante Wandenkolk (CIAW), no endere&ccedil;o: Ilha das Enxadas &#8211; s\/n&ordm; &#8211; Centro &#8211; Rio de Janeiro\/RJ &#8211;&nbsp;CEP.: 20.091-000 &#8211; Tel.: (21) 2104-6775, no dia e hor&aacute;rio determinados.<\/span><\/span>\n<\/p>\n<p style=\"text-align: justify;\">\n\t<span style=\"color:#000000;\"><span style=\"font-family:tahoma,geneva,sans-serif;\">O Per&iacute;odo de Adapta&ccedil;&atilde;o&nbsp;destina-se a adaptar e preparar os futuros alunos para as atividades acad&ecirc;micas e administrativas a serem desenvolvidas durante o Curso.<\/span><\/span>\n<\/p>\n<h4>\n\t<span style=\"color:#0000CD;\"><span style=\"font-family:tahoma,geneva,sans-serif;\">AVALIA&Ccedil;&Atilde;O PSICOL&Oacute;GICA<\/span><\/span><br \/>\n<\/h4>\n<p style=\"text-align: justify;\">\n\t<span style=\"color:#000000;\"><span style=\"font-family:tahoma,geneva,sans-serif;\">De acordo com o Edital Marinha Brasil 2017, a Avalia&ccedil;&atilde;o Psicol&oacute;gica tem como prop&oacute;sito avaliar os candidatos mediante o emprego de procedimentos cient&iacute;ficos destinados a aferir a compatibilidade das caracter&iacute;sticas psicol&oacute;gicas do candidato com a carreira militar.<\/span><\/span>\n<\/p>\n<p style=\"text-align: justify;\">\n\t<span style=\"color:#000000;\"><span style=\"font-family:tahoma,geneva,sans-serif;\">A Avali&ccedil;&atilde;o Psicol&oacute;gica avaliar&aacute; os seguintes aspectos:<\/span><\/span>\n<\/p>\n<p style=\"text-align: justify; margin-left: 40px;\">\n\t<span style=\"color:#000000;\"><span style=\"font-family:tahoma,geneva,sans-serif;\">&bull; <strong>Intelectivo<\/strong> &#8211; destinado &agrave; verifica&ccedil;&atilde;o das aptid&otilde;es gerais e\/ou espec&iacute;ficas dos candidatos em rela&ccedil;&atilde;o &agrave;s exig&ecirc;ncias da atividade pretendida. Requisitos a serem avaliados: express&atilde;o escrita, intelig&ecirc;ncia, rapidez e aten&ccedil;&atilde;o concentrada;<\/span><\/span>\n<\/p>\n<p style=\"text-align: justify; margin-left: 40px;\">\n\t<span style=\"color:#000000;\"><span style=\"font-family:tahoma,geneva,sans-serif;\">&bull; <strong>Personal&oacute;gico<\/strong> &#8211; destinado &agrave; verifica&ccedil;&atilde;o das caracter&iacute;sticas de personalidade e das caracter&iacute;sticas motivacionais do candidato em rela&ccedil;&atilde;o &agrave;s exig&ecirc;ncias da atividade pretendida. Requisitos a serem avaliados: lideran&ccedil;a, adaptabilidade, controle emocional, capacidade de tomar decis&otilde;es, disciplina, capacidade de trabalhar em equipe, responsabilidade, motiva&ccedil;&atilde;o, resist&ecirc;ncia &agrave; frustra&ccedil;&atilde;o e capacidade de planejamento.<\/span><\/span>\n<\/p>\n<p style=\"text-align: justify;\">\n\t<span style=\"font-family:tahoma,geneva,sans-serif;\"><span style=\"color:#000000;\">Maiores detalhes sobre a Avalia&ccedil;&atilde;o Psicol&oacute;gica podem ser obtidos no <\/span><u><a href=\"https:\/\/www.inscricao.marinha.mil.br\/marinha\/Edital.pdf?id_file=3489\" target=\"_blank\"><span style=\"color:#0000FF;\">Anexo V do Edital Marinha Brasil 2017<\/span><\/a><\/u><span style=\"color:#000000;\">.<\/span><\/span>\n<\/p>\n<h4>\n\t<span style=\"color:#0000CD;\"><span style=\"font-family:tahoma,geneva,sans-serif;\">CURSO DE FORMA&Ccedil;&Atilde;O<\/span><\/span><br \/>\n<\/h4>\n<p style=\"text-align: justify;\">\n\t<span style=\"color:#000000;\"><span style=\"font-family:tahoma,geneva,sans-serif;\">O Curso de Forma&ccedil;&atilde;o de Oficiais ter&aacute; car&aacute;ter eliminat&oacute;rio e classificat&oacute;rio.<\/span><\/span>\n<\/p>\n<p style=\"text-align: justify;\">\n\t<span style=\"color:#000000;\"><span style=\"font-family:tahoma,geneva,sans-serif;\">O candidato aprovado e classificado realizar&aacute; o CFO no Centro de Instru&ccedil;&atilde;o Almirante Wandenkolk (CIAW), ficando sujeito &agrave;s normas vigentes baixadas pelo Diretor de Ensino da Marinha e pelo Comandante do CIAW.<\/span><\/span>\n<\/p>\n<p style=\"text-align: justify;\">\n\t<span style=\"color:#000000;\"><span style=\"font-family:tahoma,geneva,sans-serif;\">As normas reguladoras espec&iacute;ficas para o Curso est&atilde;o sujeitas a altera&ccedil;&otilde;es no decorrer do per&iacute;odo escolar, conforme as necessidades da Administra&ccedil;&atilde;o Naval. Essas normas estabelecer&atilde;o o rendimento escolar m&iacute;nimo e demais condi&ccedil;&otilde;es exigidas para aprova&ccedil;&atilde;o no referido Curso. Na ocorr&ecirc;ncia de atos de indisciplina, comportamento incompat&iacute;vel com a carreira militar, insufici&ecirc;ncia acad&ecirc;mica ou descumprimento das normas previstas, o aluno poder&aacute; ser desligado do Curso, a qualquer momento.<\/span><\/span>\n<\/p>\n<h4>\n\t<span style=\"color:#0000CD;\"><span style=\"font-family:tahoma,geneva,sans-serif;\">DISCIPLINAS COBRADAS NO CONCURSO<\/span><\/span><br \/>\n<\/h4>\n<p style=\"text-align: justify;\">\n\t<span style=\"font-family:tahoma,geneva,sans-serif;\"><span style=\"color:#000000;\">Adiante, voc&ecirc; tem o conte&uacute;do das disciplinas que s&atilde;o cobradas no Edital Marinha Brasil 2017. Ao final, voc&ecirc; encontrar&aacute; link com cursos espec&iacute;ficos do <\/span><u><a href=\"https:\/\/www.estrategiaconcursos.com.br\/cursos\/concurso\/\" target=\"_blank\"><span style=\"color:#0000FF;\">Estrat&eacute;gia Concursos<\/span><\/a><\/u><span style=\"color:#000000;\"> para esse concurso.<\/span><\/span>\n<\/p>\n<p>\n\t&nbsp;\n<\/p>\n<p style=\"text-align: justify;\">\n\t<span style=\"color:#000000;\"><span style=\"font-family:tahoma,geneva,sans-serif;\"><strong>ADMINISTRA&Ccedil;&Atilde;O FINANCEIRA <\/strong><\/span><\/span>\n<\/p>\n<p style=\"text-align: justify;\">\n\t<span style=\"color:#000000;\"><span style=\"font-family:tahoma,geneva,sans-serif;\">Matem&aacute;tica Financeira a juros simples e compostos; Taxas de juros; &nbsp;C&aacute;lculo financeiro em contexto inflacion&aacute;rio; Anuidades; Valor presente; Fluxo de Caixa, Taxa interna de retorno, Payback; &nbsp;Sistemas de amortiza&ccedil;&atilde;o de empr&eacute;stimos; M&eacute;todos de an&aacute;lise de investimentos; Or&ccedil;amento de Capital; &nbsp;Risco e retorno.<\/span><\/span>\n<\/p>\n<p style=\"text-align: justify;\">\n\t&nbsp;\n<\/p>\n<p style=\"text-align: justify;\">\n\t<span style=\"color:#000000;\"><span style=\"font-family:tahoma,geneva,sans-serif;\"><strong>ADMINISTRA&Ccedil;&Atilde;O GERAL<\/strong><\/span><\/span>\n<\/p>\n<p style=\"text-align: justify;\">\n\t<span style=\"color:#000000;\"><span style=\"font-family:tahoma,geneva,sans-serif;\">Administra&ccedil;&atilde;o Geral: &nbsp;Conceito de Organiza&ccedil;&atilde;o e Administra&ccedil;&atilde;o; &nbsp;Teoria da Administra&ccedil;&atilde;o Cient&iacute;fica; Teoria Cl&aacute;ssica; &nbsp;Teoria das Rela&ccedil;&otilde;es Humanas; Decorr&ecirc;ncias da Teoria das Rela&ccedil;&otilde;es Humanas; &nbsp;Teoria Neocl&aacute;ssica de Administra&ccedil;&atilde;o; &nbsp;Administra&ccedil;&atilde;o por Objetivos (APO);Teoria da Burocracia;Teoria Estruturalista;Teoria Comportamental; &nbsp;Teoria do Desenvolvimento Organizacional (DO); Teoria de Sistemas; Teoria da Conting&ecirc;ncia; Cultura Organizacional; Planejamento; Administra&ccedil;&atilde;o Estrat&eacute;gica; Organiza&ccedil;&atilde;o e Dire&ccedil;&atilde;o: Fundamentos, Lideran&ccedil;a e Motiva&ccedil;&atilde;o nas Organiza&ccedil;&otilde;es; e Novas abordagens da Administra&ccedil;&atilde;o: Gest&atilde;o de Projetos, Gest&atilde;o do Conhecimento e Capital Intelectual.<\/span><\/span>\n<\/p>\n<p style=\"text-align: justify;\">\n\t&nbsp;\n<\/p>\n<p style=\"text-align: justify;\">\n\t<span style=\"color:#000000;\"><span style=\"font-family:tahoma,geneva,sans-serif;\"><strong>AUDITORIA, SISTEMA DE CONTROLE INTERNO DO PODER EXECUTIVO FEDERAL E CONTROLE EXTERNO <\/strong><\/span><\/span>\n<\/p>\n<p style=\"text-align: justify;\">\n\t<span style=\"color:#000000;\"><span style=\"font-family:tahoma,geneva,sans-serif;\">Auditoria Independente (Externa) e Auditoria Interna: conceitua&ccedil;&atilde;o e objetivos, fraude e erro, procedimentos de auditoria, documenta&ccedil;&atilde;o de auditoria, planejamento da auditoria, programas de auditoria, risco de auditoria, amostragem, evid&ecirc;ncia de auditoria, estudo e avalia&ccedil;&atilde;o dos controles internos; Relat&oacute;rio do Auditor Independente; Normas relativas ao relat&oacute;rio do auditor interno; Controle Interno no setor p&uacute;blico: Abrang&ecirc;ncia; Classifica&ccedil;&atilde;o; Estrutura e Componentes; Sistema de Controle Interno do Poder Executivo Federal: finalidades, organiza&ccedil;&atilde;o e compet&ecirc;ncias, objetos e abrang&ecirc;ncia de atua&ccedil;&atilde;o, planejamento das a&ccedil;&otilde;es, estrutura conceitual b&aacute;sica das t&eacute;cnicas de controle, operacionalidade do sistema, m&eacute;todo da amostragem, normas fundamentais, recursos do sistema, controle de qualidade das atividades e unidades de auditoria interna das entidades da administra&ccedil;&atilde;o indireta; e Tribunal de Contas da Uni&atilde;o (TCU): natureza, compet&ecirc;ncia e jurisdi&ccedil;&atilde;o, organiza&ccedil;&atilde;o, julgamento e fiscaliza&ccedil;&atilde;o.<\/span><\/span>\n<\/p>\n<p style=\"text-align: justify;\">\n\t&nbsp;\n<\/p>\n<p style=\"text-align: justify;\">\n\t<span style=\"color:#000000;\"><span style=\"font-family:tahoma,geneva,sans-serif;\"><strong>CONTABILIDADE DE CUSTOS<\/strong><\/span><\/span>\n<\/p>\n<p style=\"text-align: justify;\">\n\t<span style=\"color:#000000;\"><span style=\"font-family:tahoma,geneva,sans-serif;\">Defini&ccedil;&otilde;es; Terminologia; Classifica&ccedil;&otilde;es de Custos: defini&ccedil;&otilde;es de gastos, custos, despesas, investimento e perda, custos diretos e indiretos, custos fixos, vari&aacute;veis e semivari&aacute;veis (ou semifixos); Princ&iacute;pios Fundamentais de Contabilidade e Conven&ccedil;&otilde;es Cont&aacute;beis Aplicados a Custos: realiza&ccedil;&atilde;o da receita, confronta&ccedil;&atilde;o entre despesas e receitas, custo hist&oacute;rico como base de valor, consist&ecirc;ncia, conservadorismo e materialidade; Apura&ccedil;&atilde;o de Custos: separa&ccedil;&atilde;o entre custos e despesas, apropria&ccedil;&atilde;o dos custos diretos, aloca&ccedil;&atilde;o dos custos indiretos e contabiliza&ccedil;&atilde;o dos custos; Departamentaliza&ccedil;&atilde;o; Crit&eacute;rio de Rateio dos Custos Indiretos: an&aacute;lise dos crit&eacute;rios de rateio, custos comuns, rateio dos custos dos departamentos, influ&ecirc;ncia dos custos fixos e dos custos vari&aacute;veis e import&acirc;ncia da consist&ecirc;ncia nos crit&eacute;rios; Taxa de Aplica&ccedil;&atilde;o de Custos Indiretos de Fabrica&ccedil;&atilde;o (CIF): previs&atilde;o da taxa de aplica&ccedil;&atilde;o de CIF, contabiliza&ccedil;&atilde;o dos CIF aplicados, varia&ccedil;&atilde;o entre CIF aplicados e reais, uso dos CIF aplicados durante o exerc&iacute;cio, an&aacute;lise das varia&ccedil;&otilde;es entre CIF aplicados e reais, considera&ccedil;&otilde;es acerca da previs&atilde;o do volume e previs&atilde;o das taxas de servi&ccedil;os; Custeio Baseado em Atividades (ABC): identifica&ccedil;&atilde;o das atividades relevantes, atribui&ccedil;&atilde;o de custos &agrave;s atividades, identifica&ccedil;&atilde;o e sele&ccedil;&atilde;o dos direcionadores de custos, e 40 atribui&ccedil;&atilde;o dos custos das atividades aos produtos; Materiais diretos e m&atilde;o de obra direta: crit&eacute;rios de avalia&ccedil;&atilde;o dos materiais, tratamento cont&aacute;bil das perdas de materiais, tratamento cont&aacute;bil dos subprodutos e das sucatas, o que integra o custo da m&atilde;o de obra direta, tempo n&atilde;o produtivo da m&atilde;o de obra direta, adicional de horas extras e outros adicionais, outros gastos decorrentes da m&atilde;o de obra e apontamento da m&atilde;o de obra direta; M&eacute;todos de Acumula&ccedil;&atilde;o de Custos &ldquo;Por Ordem&rdquo; e &ldquo;Por Processo&rdquo;: distin&ccedil;&atilde;o entre produ&ccedil;&atilde;o por ordem e produ&ccedil;&atilde;o cont&iacute;nua, diferen&ccedil;as no tratamento cont&aacute;bil, contabiliza&ccedil;&atilde;o na produ&ccedil;&atilde;o por ordem &#8211; danifica&ccedil;&otilde;es, encomendas de longo prazo de execu&ccedil;&atilde;o,equivalente de produ&ccedil;&atilde;o, varia&ccedil;&otilde;es nas quantidades de produ&ccedil;&atilde;o, contabiliza&ccedil;&atilde;o e problema das quantidades f&iacute;sicas; Custos Conjuntos: distin&ccedil;&atilde;o entre coprodutos, subprodutos e sucatas, apropria&ccedil;&atilde;o dos custos conjuntos aos coprodutos e crit&eacute;rios de apropria&ccedil;&atilde;o dos custos conjuntos; Custo Fixo e Margem de Contribui&ccedil;&atilde;o: problema da aloca&ccedil;&atilde;o dos custos indiretos fixos, conceito de Margem de Contribui&ccedil;&atilde;o e sua aplica&ccedil;&atilde;o, Margem de Contribui&ccedil;&atilde;o e limita&ccedil;&otilde;es na capacidade de produ&ccedil;&atilde;o; M&eacute;todos de Custeio dos Estoques: custeio vari&aacute;vel e custeio por absor&ccedil;&atilde;o; Fixa&ccedil;&atilde;o do pre&ccedil;o de venda e decis&atilde;o sobre compra ou produ&ccedil;&atilde;o; Custo de Oportunidade,Custos Imputados e Custos Perdidos; An&aacute;lise Custo\/Volume\/Lucro: efeitos das altera&ccedil;&otilde;es de pre&ccedil;o, dos custos e despesas fixos e vari&aacute;veis e da composi&ccedil;&atilde;o das vendas, conceito e c&aacute;lculo dos pontos de equil&iacute;brio cont&aacute;bil,econ&ocirc;mico e financeiro, margem de seguran&ccedil;a e alavancagem operacional, estruturas diferenciadas e rela&ccedil;&otilde;es custo\/volume\/lucro, representa&ccedil;&otilde;es gr&aacute;ficas de altera&ccedil;&otilde;es no Ponto de Equil&iacute;brio e limita&ccedil;&otilde;es ao uso da An&aacute;lise Custo\/Volume\/Lucro; e Controle dos Custos e Custo Padr&atilde;o: significado de controle, problemas comportamentais decorrentes de custos para controle, custos por produto versus custos por departamento, custos por responsabilidade, custos control&aacute;veis, bases de compara&ccedil;&atilde;o, estimativas de custos, conceitos de custo padr&atilde;o, finalidades e utilidades do custo padr&atilde;o, fixa&ccedil;&atilde;o do padr&atilde;o, custo padr&atilde;o e or&ccedil;amento, contabiliza&ccedil;&atilde;o do custo padr&atilde;o e an&aacute;lise da varia&ccedil;&atilde;o do custo padr&atilde;o versus real.<\/span><\/span>\n<\/p>\n<p style=\"text-align: justify;\">\n\t&nbsp;\n<\/p>\n<p style=\"text-align: justify;\">\n\t<span style=\"color:#000000;\"><span style=\"font-family:tahoma,geneva,sans-serif;\"><strong>CONTABILIDADE E OR&Ccedil;AMENTO P&Uacute;BLICOS<\/strong><\/span><\/span>\n<\/p>\n<p style=\"text-align: justify;\">\n\t<span style=\"color:#000000;\"><span style=\"font-family:tahoma,geneva,sans-serif;\">Principais caracter&iacute;sticas da Contabilidade P&uacute;blica: defini&ccedil;&atilde;o, princ&iacute;pios de contabilidade sob a perspectiva do setor p&uacute;blico, classifica&ccedil;&otilde;es da Contabilidade P&uacute;blica, planejamento de Contabilidade P&uacute;blica; Receitas P&uacute;blicas: defini&ccedil;&atilde;o, classifica&ccedil;&atilde;o das receitas, classifica&ccedil;&atilde;o legal da receita or&ccedil;ament&aacute;ria, est&aacute;gios ou etapas da receita or&ccedil;ament&aacute;ria; Despesas P&uacute;blicas: defini&ccedil;&atilde;o, classifica&ccedil;&atilde;o das despesas, classifica&ccedil;&atilde;o legal da despesa or&ccedil;ament&aacute;ria, est&aacute;gios ou etapas da despesa or&ccedil;ament&aacute;ria, reconhecimento da despesa or&ccedil;ament&aacute;ria, contabiliza&ccedil;&atilde;o da despesa or&ccedil;ament&aacute;ria; Execu&ccedil;&atilde;o Or&ccedil;ament&aacute;ria e Financeira &#8211; Norma geral: exerc&iacute;cio financeiro, execu&ccedil;&atilde;o da despesa, execu&ccedil;&atilde;o da receita, regime da contabilidade; Classifica&ccedil;&atilde;o Funcional Program&aacute;tica; Cr&eacute;ditos adicionais; Sistema de Planejamento e de Or&ccedil;amento Federal; Sistema de Contabilidade Federal; Normas Gerais de Direito Financeiro para elabora&ccedil;&atilde;o e controle dos or&ccedil;amentos e balan&ccedil;os da Uni&atilde;o, dos Estados, dos Munic&iacute;pios e do Distrito Federal: programa&ccedil;&atilde;o da despesa, balan&ccedil;os; O objeto e o campo de aplica&ccedil;&atilde;o da Contabilidade Aplicada ao Setor P&uacute;blico: Defini&ccedil;&atilde;o da Contabilidade Aplicada ao Setor P&uacute;blico, Campo de Aplica&ccedil;&atilde;o e Unidade Cont&aacute;bil; Patrim&ocirc;nio e Sistemas Cont&aacute;beis: conceito de patrim&ocirc;nio p&uacute;blico, sua classifica&ccedil;&atilde;o sob o enfoque cont&aacute;bil, o conceito e a estrutura do sistema de informa&ccedil;&atilde;o cont&aacute;bil; Deprecia&ccedil;&atilde;o, Amortiza&ccedil;&atilde;o e Exaust&atilde;o; e Avalia&ccedil;&atilde;o e Mensura&ccedil;&atilde;o de Ativos e Passivos em Entidades do Setor P&uacute;blico.<\/span><\/span>\n<\/p>\n<p style=\"text-align: justify;\">\n\t&nbsp;\n<\/p>\n<p style=\"text-align: justify;\">\n\t<span style=\"color:#000000;\"><span style=\"font-family:tahoma,geneva,sans-serif;\"><strong>CONTABILIDADE GERAL<\/strong><\/span><\/span>\n<\/p>\n<p style=\"text-align: justify;\">\n\t<span style=\"color:#000000;\"><span style=\"font-family:tahoma,geneva,sans-serif;\">Contabilidade: conceito, objeto e campo de atua&ccedil;&atilde;o, usu&aacute;rios da contabilidade, fun&ccedil;&atilde;o administrativa da contabilidade, fun&ccedil;&atilde;o econ&ocirc;mica da contabilidade, atos e fatos administrativos; Estrutura Conceitual da Contabilidade; Patrim&ocirc;nio: conceito, bens, direitos, obriga&ccedil;&otilde;es e patrim&ocirc;nio l&iacute;quido; Plano de Contas: conceitos, finalidade e estrutura; Ativo Circulante e Realiz&aacute;vel a longo prazo: conceitos,crit&eacute;rios de avalia&ccedil;&atilde;o; Ativo n&atilde;o circulante: conceitos, Imobilizado, subtra&ccedil;&otilde;es do imobilizado, Intang&iacute;vel, Investimentos, avalia&ccedil;&atilde;o dos investimentos, m&eacute;todo da equival&ecirc;ncia patrimonial; Passivo Exig&iacute;vel: conceitos, circulante, n&atilde;o circulante; Patrim&ocirc;nio L&iacute;quido: conceitos, capital social, reserva de capital, ajustes de avalia&ccedil;&atilde;o patrimonial, reservas de lucros, lucros ou preju&iacute;zos acumulados, reservas de incentivos fiscais, a&ccedil;&otilde;es em tesouraria e valor patrimonial da a&ccedil;&atilde;o; Escritura&ccedil;&atilde;o Cont&aacute;bil: livros cont&aacute;beis, lan&ccedil;amentos cont&aacute;beis, sistema de contabilidade, partidas dobradas, teoria das contas, d&eacute;bito, cr&eacute;dito e saldo, Regimes de Contabilidade: regime de caixa e regime de compet&ecirc;ncia; Opera&ccedil;&otilde;es com mercadorias: Resultado Bruto com mercadorias, custo das mercadorias vendidas, Invent&aacute;rio peri&oacute;dico, invent&aacute;rio permanente, atribui&ccedil;&atilde;o de pre&ccedil;os ao invent&aacute;rio;Descontos e abatimentos: Descontos financeiros, descontos incondicionais, abatimentos sobre compras e vendas; Fatos que modificam compras; Fatos que modificam vendas: defini&ccedil;&otilde;es; Tributos incidentes sobre compras e vendas: impostos incidentes sobre vendas e servi&ccedil;os, impostos sobre vendas cumulativos e n&atilde;o cumulativos, hip&oacute;teses de recupera&ccedil;&atilde;o de impostos e contabiliza&ccedil;&atilde;o dos impostos recuper&aacute;veis; Balancete de Verifica&ccedil;&atilde;o: balancete de verifica&ccedil;&atilde;o, apura&ccedil;&atilde;o do resultado, receitas, despesas, transfer&ecirc;ncia dos saldos das contas de resultado para a conta de apura&ccedil;&atilde;o do resultado do exerc&iacute;cio, transfer&ecirc;ncia do saldo da conta de apura&ccedil;&atilde;o do resultado do exerc&iacute;cio para a conta patrimonial lucros ou preju&iacute;zos acumulados; Relat&oacute;rios Cont&aacute;beis: objetivos, obrigat&oacute;rios versus n&atilde;o obrigat&oacute;rios, capital de terceiros versus capital pr&oacute;prio;Mensura&ccedil;&atilde;o do Valor Justo; Balan&ccedil;o Patrimonial: conceito, ativo, passivo, patrim&ocirc;nio l&iacute;quido, grupos de contas,equa&ccedil;&atilde;o fundamental do patrim&ocirc;nio; Situa&ccedil;&atilde;o financeira e situa&ccedil;&atilde;o econ&ocirc;mica; Demonstra&ccedil;&atilde;o do Resultado do Exerc&iacute;cio, Demonstra&ccedil;&atilde;o do Resultado Abrangente, Demonstra&ccedil;&atilde;o dos Fluxos de Caixa; Demonstra&ccedil;&atilde;o dos Lucros ou Preju&iacute;zos Acumulados; Demonstra&ccedil;&atilde;o das Muta&ccedil;&otilde;es do Patrim&ocirc;nio L&iacute;quido; Demonstra&ccedil;&atilde;o do Valor Adicionado, Notas Explicativas; An&aacute;lise das demonstra&ccedil;&otilde;es cont&aacute;beis; Princ&iacute;pios Cont&aacute;beis: o que s&atilde;o princ&iacute;pios cont&aacute;beis, quando um princ&iacute;pio &eacute; aceito, princ&iacute;pios e conven&ccedil;&otilde;es cont&aacute;beis aceitos; e Exerc&iacute;cio Social e Demonstra&ccedil;&otilde;es Financeiras, Lucro, Reservas e Dividendos, Dissolu&ccedil;&atilde;o, Liquida&ccedil;&atilde;o e Extin&ccedil;&atilde;o,Transforma&ccedil;&atilde;o, Incorpora&ccedil;&atilde;o, Fus&atilde;o e Cis&atilde;o, Sociedades de Economia Mista, Sociedades Coligadas,Controladoras e Controladas.<\/span><\/span>\n<\/p>\n<p style=\"text-align: justify;\">\n\t&nbsp;\n<\/p>\n<p style=\"text-align: justify;\">\n\t<span style=\"color:#000000;\"><span style=\"font-family:tahoma,geneva,sans-serif;\"><strong>DIREITO ADMINISTRATIVO<\/strong><\/span><\/span>\n<\/p>\n<p style=\"text-align: justify;\">\n\t<span style=\"color:#000000;\"><span style=\"font-family:tahoma,geneva,sans-serif;\">Poderes e Princ&iacute;pios Administrativos; Ato Administrativo: Conceito, Elementos, Caracter&iacute;sticas, Forma&ccedil;&atilde;o e Efeitos, Classifica&ccedil;&atilde;o, Esp&eacute;cies, Extin&ccedil;&atilde;o dos Atos Administrativos, Invalida&ccedil;&atilde;o e Revoga&ccedil;&atilde;o; Licita&ccedil;&atilde;o: Conceito, Princ&iacute;pios, Dispensa de Licita&ccedil;&atilde;o, Licita&ccedil;&atilde;o Dispensada, Inexigibilidade de Licita&ccedil;&atilde;o, Modalidades, Sistema de Registro de Pre&ccedil;os (SRP), Procedimento e Contratos Administrativos; Conv&ecirc;nios Administrativos; Cons&oacute;rcios P&uacute;blicos; Servi&ccedil;os P&uacute;blicos: Conceito,Caracter&iacute;sticas, Classifica&ccedil;&atilde;o, Titularidade, Princ&iacute;pios, Remunera&ccedil;&atilde;o, Usu&aacute;rios, Execu&ccedil;&atilde;o do Servi&ccedil;o e Novas Formas de Presta&ccedil;&atilde;o dos Servi&ccedil;os P&uacute;blicos; Concess&atilde;o e Permiss&atilde;o de Servi&ccedil;os P&uacute;blicos; Parcerias P&uacute;blico-Privadas; Administra&ccedil;&atilde;o Direta e Indireta; Servidores P&uacute;blicos: Conceito, Caracter&iacute;sticas, Classifica&ccedil;&atilde;o,Agentes P&uacute;blicos e Responsabilidade dos Servidores P&uacute;blicos; Processo Administrativo; e Bens P&uacute;blicos:Conceito, Classifica&ccedil;&atilde;o, Afeta&ccedil;&atilde;o e Desafeta&ccedil;&atilde;o, Regime Jur&iacute;dico, Aquisi&ccedil;&atilde;o, Aliena&ccedil;&atilde;o e Esp&eacute;cies de Bens P&uacute;blicos.<\/span><\/span>\n<\/p>\n<p style=\"text-align: justify;\">\n\t&nbsp;\n<\/p>\n<p style=\"text-align: justify;\">\n\t<span style=\"color:#000000;\"><span style=\"font-family:tahoma,geneva,sans-serif;\"><strong>ECONOMIA BRASILEIRA<\/strong><\/span><\/span>\n<\/p>\n<p style=\"text-align: justify;\">\n\t<span style=\"color:#000000;\"><span style=\"font-family:tahoma,geneva,sans-serif;\">O processo de substitui&ccedil;&atilde;o de importa&ccedil;&otilde;es; O Processo inflacion&aacute;rio brasileiro; Planos de estabiliza&ccedil;&atilde;o econ&ocirc;mica; Desequil&iacute;brios regionais na economia brasileira; e Mercado de trabalho e distribui&ccedil;&atilde;o de renda.<\/span><\/span>\n<\/p>\n<p style=\"text-align: justify;\">\n\t&nbsp;\n<\/p>\n<p style=\"text-align: justify;\">\n\t<span style=\"color:#000000;\"><span style=\"font-family:tahoma,geneva,sans-serif;\"><strong>ECONOMIA DO SETOR P&Uacute;BLICO<\/strong><\/span><\/span>\n<\/p>\n<p style=\"text-align: justify;\">\n\t<span style=\"color:#000000;\"><span style=\"font-family:tahoma,geneva,sans-serif;\">O Setor p&uacute;blico e sua influ&ecirc;ncia na economia; Classifica&ccedil;&atilde;o do disp&ecirc;ndio p&uacute;blico; Financiamento p&uacute;blico; Estrutura tribut&aacute;ria; Externalidades; Bens p&uacute;blicos; A pe&ccedil;a or&ccedil;ament&aacute;ria; O or&ccedil;amento como instrumento de controle; Atividades Financeiras do Estado; D&eacute;ficit p&uacute;blico; Super&aacute;vit Prim&aacute;rio; Pol&iacute;tica or&ccedil;ament&aacute;ria; e Lei de Responsabilidade Fiscal.<\/span><\/span>\n<\/p>\n<p style=\"text-align: justify;\">\n\t&nbsp;\n<\/p>\n<p style=\"text-align: justify;\">\n\t<span style=\"color:#000000;\"><span style=\"font-family:tahoma,geneva,sans-serif;\"><strong>ECONOMIA INTERNACIONAL<\/strong><\/span><\/span>\n<\/p>\n<p style=\"text-align: justify;\">\n\t<span style=\"color:#000000;\"><span style=\"font-family:tahoma,geneva,sans-serif;\">Teorias do Com&eacute;rcio Internacional; Pol&iacute;tica Comercial Internacional; Taxas e Mercados de C&acirc;mbio; Mecanismos do Com&eacute;rcio Internacional; Pol&iacute;tica Macroecon&ocirc;mica Internacional; Sistema Monet&aacute;rio Internacional; Mercado de Capitais; e Reguladores do mercado.<\/span><\/span>\n<\/p>\n<p style=\"text-align: justify;\">\n\t&nbsp;\n<\/p>\n<p style=\"text-align: justify;\">\n\t<span style=\"color:#000000;\"><span style=\"font-family:tahoma,geneva,sans-serif;\"><strong>ESTAT&Iacute;STICA<\/strong><\/span><\/span>\n<\/p>\n<p style=\"text-align: justify;\">\n\t<span style=\"color:#000000;\"><span style=\"font-family:tahoma,geneva,sans-serif;\">Medidas de posi&ccedil;&atilde;o central e de dispers&atilde;o; Vari&aacute;veis aleat&oacute;rias e distribui&ccedil;&otilde;es de probabilidades; Estima&ccedil;&atilde;o; Testes de Hip&oacute;tese; Probabilidade; Regress&atilde;o linear; e Correla&ccedil;&atilde;o e An&aacute;lise de Vari&acirc;ncia.<\/span><\/span>\n<\/p>\n<p style=\"text-align: justify;\">\n\t&nbsp;\n<\/p>\n<p style=\"text-align: justify;\">\n\t<span style=\"color:#000000;\"><span style=\"font-family:tahoma,geneva,sans-serif;\"><strong>GEST&Atilde;O DA QUALIDADE<\/strong><\/span><\/span>\n<\/p>\n<p style=\"text-align: justify;\">\n\t<span style=\"color:#000000;\"><span style=\"font-family:tahoma,geneva,sans-serif;\">Conceitos B&aacute;sicos; Pr&ecirc;mio Nacional da Qualidade; Normas ISO; Padroniza&ccedil;&atilde;o e Melhoria; Ferramentas de Gerenciamento; M&eacute;todos Espec&iacute;ficos de Gest&atilde;o; e Qualidade em Projetos.<\/span><\/span>\n<\/p>\n<p style=\"text-align: justify;\">\n\t&nbsp;\n<\/p>\n<p style=\"text-align: justify;\">\n\t<span style=\"color:#000000;\"><span style=\"font-family:tahoma,geneva,sans-serif;\"><strong>GEST&Atilde;O DE PROCESSOS<\/strong><\/span><\/span>\n<\/p>\n<p style=\"text-align: justify;\">\n\t<span style=\"color:#000000;\"><span style=\"font-family:tahoma,geneva,sans-serif;\">Conceitos; Identifica&ccedil;&atilde;o e Mapeamento de Processos; Modelagem de Processos; Documenta&ccedil;&atilde;o de Processos; Implementa&ccedil;&atilde;o de Processos; Indicadores; Melhorias Cont&iacute;nuas de Processos; Ferramentas para Avalia&ccedil;&atilde;o e Melhoria de Processos; e Gest&atilde;o de Riscos.<\/span><\/span>\n<\/p>\n<p style=\"text-align: justify;\">\n\t&nbsp;\n<\/p>\n<p style=\"text-align: justify;\">\n\t<span style=\"color:#000000;\"><span style=\"font-family:tahoma,geneva,sans-serif;\"><strong>GEST&Atilde;O P&Uacute;BLICA<\/strong><\/span><\/span>\n<\/p>\n<p style=\"text-align: justify;\">\n\t<span style=\"color:#000000;\"><span style=\"font-family:tahoma,geneva,sans-serif;\">Conceito; Governabilidade; Governan&ccedil;a e Accountability; Planejamento e Gest&atilde;o Estrat&eacute;gica; e Compreens&atilde;o e Funcionamento da Administra&ccedil;&atilde;o P&uacute;blica no Brasil.<\/span><\/span>\n<\/p>\n<p style=\"text-align: justify;\">\n\t&nbsp;\n<\/p>\n<p style=\"text-align: justify;\">\n\t<span style=\"color:#000000;\"><span style=\"font-family:tahoma,geneva,sans-serif;\"><strong>LOG&Iacute;STICA E ADMINISTRA&Ccedil;&Atilde;O DA PRODU&Ccedil;&Atilde;O<\/strong><\/span><\/span>\n<\/p>\n<p style=\"text-align: justify;\">\n\t<span style=\"color:#000000;\"><span style=\"font-family:tahoma,geneva,sans-serif;\">Log&iacute;stica: Conceito, Cadeia de Suprimento e seu Gerenciamento; Canais de Distribui&ccedil;&atilde;o; Previs&atilde;o da Demanda; A Cadeia de Valor e a Log&iacute;stica; Distribui&ccedil;&atilde;o F&iacute;sica: Conceitos e Condicionantes; Gest&atilde;o de Estoques na Cadeia de Suprimentos; Quanto Pedir e Quando Pedir; e Quanto Manter em Estoques de Seguran&ccedil;a.<\/span><\/span>\n<\/p>\n<p style=\"text-align: justify;\">\n\t&nbsp;\n<\/p>\n<p style=\"text-align: justify;\">\n\t<span style=\"color:#000000;\"><span style=\"font-family:tahoma,geneva,sans-serif;\"><strong>MACROECONOMIA<\/strong><\/span><\/span>\n<\/p>\n<p style=\"text-align: justify;\">\n\t<span style=\"color:#000000;\"><span style=\"font-family:tahoma,geneva,sans-serif;\">An&aacute;lise e determina&ccedil;&atilde;o da renda; Lei de Say; Teoria quantitativa da moeda; Mercado do Produto; Mercado monet&aacute;rio; Moedas e institui&ccedil;&otilde;es financeiras; Princ&iacute;pio da demanda efetiva; Equil&iacute;brio da demanda agregada e o modelo IS-LM (incluindo o setor externo); Governo; Impostos; Mercado real; N&iacute;vel de pre&ccedil;os; Produ&ccedil;&atilde;o; Mercado de Trabalho; Oferta Agregada; Sal&aacute;rio real e nominal; Teorias sobre infla&ccedil;&atilde;o; Regime de metas; Teoria do Crescimento e Modelo de Slow; Curva de Phillips; Expectativas; Tipos de desemprego; Pol&iacute;ticas fiscal, monet&aacute;ria e cambial; Choques e ajustes macroecon&ocirc;micos; Regimes cambiais; Macro equil&iacute;brio de curto, m&eacute;dio e longo prazos; Contabilidade Nacional; Agregados macroecon&ocirc;micos; Contabilidade do produto e da renda; Investimento e tributos; Renda Nacional; Indicadores; Estrutura do Balan&ccedil;o de Pagamentos; Principais contas; D&eacute;ficit e Super&aacute;vit; e Reservas internacionais.<\/span><\/span>\n<\/p>\n<p style=\"text-align: justify;\">\n\t&nbsp;\n<\/p>\n<p style=\"text-align: justify;\">\n\t<span style=\"color:#000000;\"><span style=\"font-family:tahoma,geneva,sans-serif;\"><strong>INGL&Ecirc;S<\/strong><\/span><\/span>\n<\/p>\n<p style=\"text-align: justify;\">\n\t<span style=\"color:#000000;\"><span style=\"font-family:tahoma,geneva,sans-serif;\">Reading comprehension; Phrasal verbs; Word formation; Adjectives, Adverbs, Determiners, Nouns, Pronouns, Prepositions; Verb forms (Present, Past and Future); Conditions, hypotheses and wishes (Zero, First, Second, Third and Mixed Conditionals, Modals, Wish\/If only); Embedded questions; Linking words; Gerunds and Infinitives; Passive Voice and Causative form; Relative Clauses; Reported Speech.<\/span><\/span>\n<\/p>\n<p>\n\t<img loading=\"lazy\" decoding=\"async\" width=\"1020\" height=\"616\" alt=\"edital marinha brasil\" class=\"alignnone size-full wp-image-42649\" src=\"https:\/\/dhg1h5j42swfq.cloudfront.net\/2016\/05\/14113252\/novas-corujas-0621.png\" style=\"width: 200px; height: 121px;\" srcset=\"https:\/\/dhg1h5j42swfq.cloudfront.net\/2016\/05\/14113252\/novas-corujas-0621.png 1020w, https:\/\/dhg1h5j42swfq.cloudfront.net\/2016\/05\/14113252\/novas-corujas-0621.png 300w, https:\/\/dhg1h5j42swfq.cloudfront.net\/2016\/05\/14113252\/novas-corujas-0621.png 768w, https:\/\/dhg1h5j42swfq.cloudfront.net\/2016\/05\/14113252\/novas-corujas-0621.png 497w\" sizes=\"auto, (max-width: 1020px) 100vw, 1020px\" \/>\n<\/p>\n<h4>\n\t<span style=\"font-family:tahoma,geneva,sans-serif;\"><u><a href=\"https:\/\/www.estrategiaconcursos.com.br\/cursos\/concurso\" target=\"_blank\"><span style=\"color:#0000CD;\">CURSO P\/ CONCURSOS<\/span><\/a><\/u><\/span><br \/>\n<\/h4>\n<p style=\"text-align: justify;\">\n\t<span style=\"font-family:tahoma,geneva,sans-serif;\"><span style=\"color:#000000;\">O Estrat&eacute;gia Concursos j&aacute; lan&ccedil;ou cursos focados no cargo de <\/span><u><a href=\"https:\/\/www.estrategiaconcursos.com.br\/cursosPorConcurso\/oficial-do-quadro-complementar-de-intendentes-da-marinha\/\" target=\"_blank\"><span style=\"color:#0000FF;\">Oficial do Quadro Complementar da Marinha Brasil<\/span><\/a><\/u><span style=\"color:#000000;\">.&nbsp;Nossos cursos cont&ecirc;m o conte&uacute;do completo que ser&aacute; cobrado na sua prova. S&atilde;o PDF&acute;s e videoaulas, al&eacute;m de um f&oacute;rum de d&uacute;vidas exclusivo na &aacute;rea do aluno para voc&ecirc; esclarecer pontos com seus professores. Confiamos tanto na qualidade da nossa equipe e dos nossos materiais que n&oacute;s temos uma pol&iacute;tica de satisfa&ccedil;&atilde;o garantida ou seu dinheiro de volta, em at&eacute; 30 dias e sem burocracia.&nbsp;Voc&ecirc; n&atilde;o tem nada a perder, conhe&ccedil;a nossos cursos!<\/span><\/span><\/p>\n","protected":false},"excerpt":{"rendered":"<p>EDITAL MARINHA BRASIL PUBLICADO O Edital Marinha Brasil 2017, publicado no Di&aacute;rio Oficial da Uni&atilde;o de 15\/05\/2017, abre Concurso P&uacute;blico para Ingresso no Quadro Complementar de Intendentes da Marinha&nbsp;(CP-QC-IM) em 2017. Neste artigo, voc&ecirc; encontrar&aacute; os detalhes mais importantes desse edital. VAGAS O presente concurso p&uacute;blico destina-se ao preenchimento de 12 (doze) vagas, sendo 02 [&hellip;]<\/p>\n","protected":false},"author":214,"featured_media":0,"comment_status":"open","ping_status":"open","sticky":false,"template":"","format":"standard","meta":{"post_tipo":"article","footnotes":""},"categories":[1,6741],"tags":[],"tax_estado":[],"class_list":["post-73953","post","type-post","status-publish","format-standard","hentry","category-cursos-e-concursos","category-forcas-armadas-oficiais"],"acf":[],"yoast_head":"<!-- This site is optimized with the Yoast SEO Premium plugin v27.2 (Yoast SEO v27.2) - https:\/\/yoast.com\/product\/yoast-seo-premium-wordpress\/ -->\n<title>Edital Marinha Brasil. Saiba mais sobre o concurso<\/title>\n<meta name=\"description\" content=\"Edital Marinha do Brasil 2017. Saiba tudo neste artigo: n\u00famero de vagas, valor das inscri\u00e7\u00f5es, etapas do concursos, disciplinas, etc.\" \/>\n<meta name=\"robots\" content=\"index, follow, max-snippet:-1, max-image-preview:large, max-video-preview:-1\" \/>\n<link rel=\"canonical\" href=\"https:\/\/www.estrategiaconcursos.com.br\/blog\/edital-marinha-brasil\/\" \/>\n<meta property=\"og:locale\" content=\"pt_BR\" \/>\n<meta property=\"og:type\" content=\"article\" \/>\n<meta property=\"og:title\" content=\"Edital Marinha Brasil. Saiba mais sobre o concurso.\" \/>\n<meta property=\"og:description\" content=\"Edital Marinha do Brasil 2017. Saiba tudo neste artigo: n\u00famero de vagas, valor das inscri\u00e7\u00f5es, etapas do concursos, disciplinas, etc.\" \/>\n<meta property=\"og:url\" content=\"https:\/\/www.estrategiaconcursos.com.br\/blog\/edital-marinha-brasil\/\" \/>\n<meta property=\"og:site_name\" content=\"Estrat\u00e9gia Concursos\" \/>\n<meta property=\"article:published_time\" content=\"2017-05-15T23:37:57+00:00\" \/>\n<meta property=\"article:modified_time\" content=\"2018-07-20T12:56:09+00:00\" \/>\n<meta property=\"og:image\" content=\"https:\/\/www.estrategiaconcursos.com.br\/blog\/wp-content\/uploads\/2016\/05\/novas-corujas-0621.png\" \/>\n<meta name=\"author\" content=\"D\u00e9cio Terror Filho\" \/>\n<meta name=\"twitter:card\" content=\"summary_large_image\" \/>\n<meta name=\"twitter:creator\" content=\"@EstratConcursos\" \/>\n<meta name=\"twitter:site\" content=\"@EstratConcursos\" \/>\n<meta name=\"twitter:label1\" content=\"Escrito por\" \/>\n\t<meta name=\"twitter:data1\" content=\"D\u00e9cio Terror Filho\" \/>\n\t<meta name=\"twitter:label2\" content=\"Est. tempo de leitura\" \/>\n\t<meta name=\"twitter:data2\" content=\"35 minutos\" \/>\n<script type=\"application\/ld+json\" class=\"yoast-schema-graph\">{\"@context\":\"https:\/\/schema.org\",\"@graph\":[{\"@type\":\"NewsArticle\",\"@id\":\"https:\/\/www.estrategiaconcursos.com.br\/blog\/edital-marinha-brasil\/#article\",\"isPartOf\":{\"@id\":\"https:\/\/www.estrategiaconcursos.com.br\/blog\/edital-marinha-brasil\/\"},\"author\":{\"name\":\"D\u00e9cio Terror Filho\",\"@id\":\"https:\/\/www.estrategiaconcursos.com.br\/blog\/#\/schema\/person\/e8165364027a31208914fc77c3314727\"},\"headline\":\"Edital Marinha Brasil. Saiba mais sobre o concurso.\",\"datePublished\":\"2017-05-15T23:37:57+00:00\",\"dateModified\":\"2018-07-20T12:56:09+00:00\",\"mainEntityOfPage\":{\"@id\":\"https:\/\/www.estrategiaconcursos.com.br\/blog\/edital-marinha-brasil\/\"},\"wordCount\":6952,\"commentCount\":0,\"publisher\":{\"@id\":\"https:\/\/www.estrategiaconcursos.com.br\/blog\/#organization\"},\"image\":{\"@id\":\"https:\/\/www.estrategiaconcursos.com.br\/blog\/edital-marinha-brasil\/#primaryimage\"},\"thumbnailUrl\":\"https:\/\/www.estrategiaconcursos.com.br\/blog\/wp-content\/uploads\/2016\/05\/novas-corujas-0621.png\",\"articleSection\":[\"Concursos P\u00fablicos\",\"For\u00e7as Armadas (Oficiais)\"],\"inLanguage\":\"pt-BR\",\"potentialAction\":[{\"@type\":\"CommentAction\",\"name\":\"Comment\",\"target\":[\"https:\/\/www.estrategiaconcursos.com.br\/blog\/edital-marinha-brasil\/#respond\"]}],\"copyrightYear\":\"2017\",\"copyrightHolder\":{\"@id\":\"https:\/\/www.estrategiaconcursos.com.br\/blog\/#organization\"}},{\"@type\":\"WebPage\",\"@id\":\"https:\/\/www.estrategiaconcursos.com.br\/blog\/edital-marinha-brasil\/\",\"url\":\"https:\/\/www.estrategiaconcursos.com.br\/blog\/edital-marinha-brasil\/\",\"name\":\"Edital Marinha Brasil. Saiba mais sobre o concurso\",\"isPartOf\":{\"@id\":\"https:\/\/www.estrategiaconcursos.com.br\/blog\/#website\"},\"primaryImageOfPage\":{\"@id\":\"https:\/\/www.estrategiaconcursos.com.br\/blog\/edital-marinha-brasil\/#primaryimage\"},\"image\":{\"@id\":\"https:\/\/www.estrategiaconcursos.com.br\/blog\/edital-marinha-brasil\/#primaryimage\"},\"thumbnailUrl\":\"https:\/\/www.estrategiaconcursos.com.br\/blog\/wp-content\/uploads\/2016\/05\/novas-corujas-0621.png\",\"datePublished\":\"2017-05-15T23:37:57+00:00\",\"dateModified\":\"2018-07-20T12:56:09+00:00\",\"description\":\"Edital Marinha do Brasil 2017. Saiba tudo neste artigo: n\u00famero de vagas, valor das inscri\u00e7\u00f5es, etapas do concursos, disciplinas, etc.\",\"breadcrumb\":{\"@id\":\"https:\/\/www.estrategiaconcursos.com.br\/blog\/edital-marinha-brasil\/#breadcrumb\"},\"inLanguage\":\"pt-BR\",\"potentialAction\":[{\"@type\":\"ReadAction\",\"target\":[\"https:\/\/www.estrategiaconcursos.com.br\/blog\/edital-marinha-brasil\/\"]}]},{\"@type\":\"ImageObject\",\"inLanguage\":\"pt-BR\",\"@id\":\"https:\/\/www.estrategiaconcursos.com.br\/blog\/edital-marinha-brasil\/#primaryimage\",\"url\":\"https:\/\/dhg1h5j42swfq.cloudfront.net\/2016\/05\/14113252\/novas-corujas-0621.png\",\"contentUrl\":\"https:\/\/dhg1h5j42swfq.cloudfront.net\/2016\/05\/14113252\/novas-corujas-0621.png\",\"width\":1020,\"height\":616,\"caption\":\"Simulado ISS Manaus\"},{\"@type\":\"BreadcrumbList\",\"@id\":\"https:\/\/www.estrategiaconcursos.com.br\/blog\/edital-marinha-brasil\/#breadcrumb\",\"itemListElement\":[{\"@type\":\"ListItem\",\"position\":1,\"name\":\"In\u00edcio\",\"item\":\"https:\/\/www.estrategiaconcursos.com.br\/blog\/\"},{\"@type\":\"ListItem\",\"position\":2,\"name\":\"Edital Marinha Brasil. Saiba mais sobre o concurso.\"}]},{\"@type\":\"WebSite\",\"@id\":\"https:\/\/www.estrategiaconcursos.com.br\/blog\/#website\",\"url\":\"https:\/\/www.estrategiaconcursos.com.br\/blog\/\",\"name\":\"Estrat\u00e9gia Concursos\",\"description\":\"O blog da Estrat\u00e9gia Concursos traz not\u00edcias sobre concursos e artigos de professores oferecendo cursos para concursos (pdf + videaulas) no site.\",\"publisher\":{\"@id\":\"https:\/\/www.estrategiaconcursos.com.br\/blog\/#organization\"},\"potentialAction\":[{\"@type\":\"SearchAction\",\"target\":{\"@type\":\"EntryPoint\",\"urlTemplate\":\"https:\/\/www.estrategiaconcursos.com.br\/blog\/?s={search_term_string}\"},\"query-input\":{\"@type\":\"PropertyValueSpecification\",\"valueRequired\":true,\"valueName\":\"search_term_string\"}}],\"inLanguage\":\"pt-BR\"},{\"@type\":\"Organization\",\"@id\":\"https:\/\/www.estrategiaconcursos.com.br\/blog\/#organization\",\"name\":\"Estrat\u00e9gia Concursos\",\"url\":\"https:\/\/www.estrategiaconcursos.com.br\/blog\/\",\"logo\":{\"@type\":\"ImageObject\",\"inLanguage\":\"pt-BR\",\"@id\":\"https:\/\/www.estrategiaconcursos.com.br\/blog\/#\/schema\/logo\/image\/\",\"url\":\"https:\/\/dhg1h5j42swfq.cloudfront.net\/2025\/06\/03203428\/logo_concursos-1.jpg\",\"contentUrl\":\"https:\/\/dhg1h5j42swfq.cloudfront.net\/2025\/06\/03203428\/logo_concursos-1.jpg\",\"width\":230,\"height\":60,\"caption\":\"Estrat\u00e9gia Concursos\"},\"image\":{\"@id\":\"https:\/\/www.estrategiaconcursos.com.br\/blog\/#\/schema\/logo\/image\/\"},\"sameAs\":[\"https:\/\/x.com\/EstratConcursos\"]},{\"@type\":\"Person\",\"@id\":\"https:\/\/www.estrategiaconcursos.com.br\/blog\/#\/schema\/person\/e8165364027a31208914fc77c3314727\",\"name\":\"D\u00e9cio Terror Filho\",\"image\":{\"@type\":\"ImageObject\",\"inLanguage\":\"pt-BR\",\"@id\":\"https:\/\/secure.gravatar.com\/avatar\/a5b78e734de7c6482e965926e78344deb81abbc34282a3c9536cbb1a59728a37?s=96&d=mm&r=g\",\"url\":\"https:\/\/secure.gravatar.com\/avatar\/a5b78e734de7c6482e965926e78344deb81abbc34282a3c9536cbb1a59728a37?s=96&d=mm&r=g\",\"contentUrl\":\"https:\/\/secure.gravatar.com\/avatar\/a5b78e734de7c6482e965926e78344deb81abbc34282a3c9536cbb1a59728a37?s=96&d=mm&r=g\",\"caption\":\"D\u00e9cio Terror Filho\"},\"url\":\"https:\/\/www.estrategiaconcursos.com.br\/blog\/author\/contatoterrorportugues-com-br\/\"}]}<\/script>\n<!-- \/ Yoast SEO Premium plugin. -->","yoast_head_json":{"title":"Edital Marinha Brasil. Saiba mais sobre o concurso","description":"Edital Marinha do Brasil 2017. Saiba tudo neste artigo: n\u00famero de vagas, valor das inscri\u00e7\u00f5es, etapas do concursos, disciplinas, etc.","robots":{"index":"index","follow":"follow","max-snippet":"max-snippet:-1","max-image-preview":"max-image-preview:large","max-video-preview":"max-video-preview:-1"},"canonical":"https:\/\/www.estrategiaconcursos.com.br\/blog\/edital-marinha-brasil\/","og_locale":"pt_BR","og_type":"article","og_title":"Edital Marinha Brasil. Saiba mais sobre o concurso.","og_description":"Edital Marinha do Brasil 2017. Saiba tudo neste artigo: n\u00famero de vagas, valor das inscri\u00e7\u00f5es, etapas do concursos, disciplinas, etc.","og_url":"https:\/\/www.estrategiaconcursos.com.br\/blog\/edital-marinha-brasil\/","og_site_name":"Estrat\u00e9gia Concursos","article_published_time":"2017-05-15T23:37:57+00:00","article_modified_time":"2018-07-20T12:56:09+00:00","og_image":[{"url":"https:\/\/www.estrategiaconcursos.com.br\/blog\/wp-content\/uploads\/2016\/05\/novas-corujas-0621.png","type":"","width":"","height":""}],"author":"D\u00e9cio Terror Filho","twitter_card":"summary_large_image","twitter_creator":"@EstratConcursos","twitter_site":"@EstratConcursos","twitter_misc":{"Escrito por":"D\u00e9cio Terror Filho","Est. tempo de leitura":"35 minutos"},"schema":{"@context":"https:\/\/schema.org","@graph":[{"@type":"NewsArticle","@id":"https:\/\/www.estrategiaconcursos.com.br\/blog\/edital-marinha-brasil\/#article","isPartOf":{"@id":"https:\/\/www.estrategiaconcursos.com.br\/blog\/edital-marinha-brasil\/"},"author":{"name":"D\u00e9cio Terror Filho","@id":"https:\/\/www.estrategiaconcursos.com.br\/blog\/#\/schema\/person\/e8165364027a31208914fc77c3314727"},"headline":"Edital Marinha Brasil. Saiba mais sobre o concurso.","datePublished":"2017-05-15T23:37:57+00:00","dateModified":"2018-07-20T12:56:09+00:00","mainEntityOfPage":{"@id":"https:\/\/www.estrategiaconcursos.com.br\/blog\/edital-marinha-brasil\/"},"wordCount":6952,"commentCount":0,"publisher":{"@id":"https:\/\/www.estrategiaconcursos.com.br\/blog\/#organization"},"image":{"@id":"https:\/\/www.estrategiaconcursos.com.br\/blog\/edital-marinha-brasil\/#primaryimage"},"thumbnailUrl":"https:\/\/www.estrategiaconcursos.com.br\/blog\/wp-content\/uploads\/2016\/05\/novas-corujas-0621.png","articleSection":["Concursos P\u00fablicos","For\u00e7as Armadas (Oficiais)"],"inLanguage":"pt-BR","potentialAction":[{"@type":"CommentAction","name":"Comment","target":["https:\/\/www.estrategiaconcursos.com.br\/blog\/edital-marinha-brasil\/#respond"]}],"copyrightYear":"2017","copyrightHolder":{"@id":"https:\/\/www.estrategiaconcursos.com.br\/blog\/#organization"}},{"@type":"WebPage","@id":"https:\/\/www.estrategiaconcursos.com.br\/blog\/edital-marinha-brasil\/","url":"https:\/\/www.estrategiaconcursos.com.br\/blog\/edital-marinha-brasil\/","name":"Edital Marinha Brasil. Saiba mais sobre o concurso","isPartOf":{"@id":"https:\/\/www.estrategiaconcursos.com.br\/blog\/#website"},"primaryImageOfPage":{"@id":"https:\/\/www.estrategiaconcursos.com.br\/blog\/edital-marinha-brasil\/#primaryimage"},"image":{"@id":"https:\/\/www.estrategiaconcursos.com.br\/blog\/edital-marinha-brasil\/#primaryimage"},"thumbnailUrl":"https:\/\/www.estrategiaconcursos.com.br\/blog\/wp-content\/uploads\/2016\/05\/novas-corujas-0621.png","datePublished":"2017-05-15T23:37:57+00:00","dateModified":"2018-07-20T12:56:09+00:00","description":"Edital Marinha do Brasil 2017. Saiba tudo neste artigo: n\u00famero de vagas, valor das inscri\u00e7\u00f5es, etapas do concursos, disciplinas, etc.","breadcrumb":{"@id":"https:\/\/www.estrategiaconcursos.com.br\/blog\/edital-marinha-brasil\/#breadcrumb"},"inLanguage":"pt-BR","potentialAction":[{"@type":"ReadAction","target":["https:\/\/www.estrategiaconcursos.com.br\/blog\/edital-marinha-brasil\/"]}]},{"@type":"ImageObject","inLanguage":"pt-BR","@id":"https:\/\/www.estrategiaconcursos.com.br\/blog\/edital-marinha-brasil\/#primaryimage","url":"https:\/\/dhg1h5j42swfq.cloudfront.net\/2016\/05\/14113252\/novas-corujas-0621.png","contentUrl":"https:\/\/dhg1h5j42swfq.cloudfront.net\/2016\/05\/14113252\/novas-corujas-0621.png","width":1020,"height":616,"caption":"Simulado ISS Manaus"},{"@type":"BreadcrumbList","@id":"https:\/\/www.estrategiaconcursos.com.br\/blog\/edital-marinha-brasil\/#breadcrumb","itemListElement":[{"@type":"ListItem","position":1,"name":"In\u00edcio","item":"https:\/\/www.estrategiaconcursos.com.br\/blog\/"},{"@type":"ListItem","position":2,"name":"Edital Marinha Brasil. Saiba mais sobre o concurso."}]},{"@type":"WebSite","@id":"https:\/\/www.estrategiaconcursos.com.br\/blog\/#website","url":"https:\/\/www.estrategiaconcursos.com.br\/blog\/","name":"Estrat\u00e9gia Concursos","description":"O blog da Estrat\u00e9gia Concursos traz not\u00edcias sobre concursos e artigos de professores oferecendo cursos para concursos (pdf + videaulas) no site.","publisher":{"@id":"https:\/\/www.estrategiaconcursos.com.br\/blog\/#organization"},"potentialAction":[{"@type":"SearchAction","target":{"@type":"EntryPoint","urlTemplate":"https:\/\/www.estrategiaconcursos.com.br\/blog\/?s={search_term_string}"},"query-input":{"@type":"PropertyValueSpecification","valueRequired":true,"valueName":"search_term_string"}}],"inLanguage":"pt-BR"},{"@type":"Organization","@id":"https:\/\/www.estrategiaconcursos.com.br\/blog\/#organization","name":"Estrat\u00e9gia Concursos","url":"https:\/\/www.estrategiaconcursos.com.br\/blog\/","logo":{"@type":"ImageObject","inLanguage":"pt-BR","@id":"https:\/\/www.estrategiaconcursos.com.br\/blog\/#\/schema\/logo\/image\/","url":"https:\/\/dhg1h5j42swfq.cloudfront.net\/2025\/06\/03203428\/logo_concursos-1.jpg","contentUrl":"https:\/\/dhg1h5j42swfq.cloudfront.net\/2025\/06\/03203428\/logo_concursos-1.jpg","width":230,"height":60,"caption":"Estrat\u00e9gia Concursos"},"image":{"@id":"https:\/\/www.estrategiaconcursos.com.br\/blog\/#\/schema\/logo\/image\/"},"sameAs":["https:\/\/x.com\/EstratConcursos"]},{"@type":"Person","@id":"https:\/\/www.estrategiaconcursos.com.br\/blog\/#\/schema\/person\/e8165364027a31208914fc77c3314727","name":"D\u00e9cio Terror Filho","image":{"@type":"ImageObject","inLanguage":"pt-BR","@id":"https:\/\/secure.gravatar.com\/avatar\/a5b78e734de7c6482e965926e78344deb81abbc34282a3c9536cbb1a59728a37?s=96&d=mm&r=g","url":"https:\/\/secure.gravatar.com\/avatar\/a5b78e734de7c6482e965926e78344deb81abbc34282a3c9536cbb1a59728a37?s=96&d=mm&r=g","contentUrl":"https:\/\/secure.gravatar.com\/avatar\/a5b78e734de7c6482e965926e78344deb81abbc34282a3c9536cbb1a59728a37?s=96&d=mm&r=g","caption":"D\u00e9cio Terror Filho"},"url":"https:\/\/www.estrategiaconcursos.com.br\/blog\/author\/contatoterrorportugues-com-br\/"}]}},"_links":{"self":[{"href":"https:\/\/www.estrategiaconcursos.com.br\/blog\/wp-json\/wp\/v2\/posts\/73953","targetHints":{"allow":["GET"]}}],"collection":[{"href":"https:\/\/www.estrategiaconcursos.com.br\/blog\/wp-json\/wp\/v2\/posts"}],"about":[{"href":"https:\/\/www.estrategiaconcursos.com.br\/blog\/wp-json\/wp\/v2\/types\/post"}],"author":[{"embeddable":true,"href":"https:\/\/www.estrategiaconcursos.com.br\/blog\/wp-json\/wp\/v2\/users\/214"}],"replies":[{"embeddable":true,"href":"https:\/\/www.estrategiaconcursos.com.br\/blog\/wp-json\/wp\/v2\/comments?post=73953"}],"version-history":[{"count":25,"href":"https:\/\/www.estrategiaconcursos.com.br\/blog\/wp-json\/wp\/v2\/posts\/73953\/revisions"}],"predecessor-version":[{"id":73986,"href":"https:\/\/www.estrategiaconcursos.com.br\/blog\/wp-json\/wp\/v2\/posts\/73953\/revisions\/73986"}],"wp:attachment":[{"href":"https:\/\/www.estrategiaconcursos.com.br\/blog\/wp-json\/wp\/v2\/media?parent=73953"}],"wp:term":[{"taxonomy":"category","embeddable":true,"href":"https:\/\/www.estrategiaconcursos.com.br\/blog\/wp-json\/wp\/v2\/categories?post=73953"},{"taxonomy":"post_tag","embeddable":true,"href":"https:\/\/www.estrategiaconcursos.com.br\/blog\/wp-json\/wp\/v2\/tags?post=73953"},{"taxonomy":"tax_estado","embeddable":true,"href":"https:\/\/www.estrategiaconcursos.com.br\/blog\/wp-json\/wp\/v2\/tax_estado?post=73953"}],"curies":[{"name":"wp","href":"https:\/\/api.w.org\/{rel}","templated":true}]}}