{"id":738697,"date":"2021-11-03T06:00:00","date_gmt":"2021-11-03T09:00:00","guid":{"rendered":"https:\/\/www.estrategiaconcursos.com.br\/blog\/?p=738697"},"modified":"2021-12-13T14:29:47","modified_gmt":"2021-12-13T17:29:47","slug":"concurso-cft","status":"publish","type":"post","link":"https:\/\/www.estrategiaconcursos.com.br\/blog\/concurso-cft\/","title":{"rendered":"Concurso CFT: saiu o resultado definitivo da objetiva"},"content":{"rendered":"\n<p>Foi publicado o<a href=\"https:\/\/dhg1h5j42swfq.cloudfront.net\/2021\/12\/13142817\/1_cft_processo_seletivo_2021_resultado_definitivo_prova_objetiva.pdf\" target=\"_blank\" rel=\"noreferrer noopener\"> resultado definitivo da prova objetiva <\/a>do<strong> concurso CFT. <\/strong>Al\u00e9m disso os candidatos j\u00e1 entregaram os t\u00edtulos solicitados. <\/p>\n\n\n\n<ul id=\"block-ee678516-e9d1-48bd-b327-7b9acd55f0fd\" class=\"has-very-light-gray-to-cyan-bluish-gray-gradient-background has-background wp-block-list\"><li><strong>Concurso CFT<\/strong><\/li><li><strong>Status:<\/strong>\u00a0resultado definitivo da objetiva<\/li><li><strong style=\"background-color: initial; color: initial;\">Vagas:\u00a0<\/strong><span style=\"background-color: initial; color: initial;\">22 +233 CR<\/span><\/li><li><strong>Sal\u00e1rio inicial:<\/strong>\u00a0R$ 2.500,00 a R$ 5.000,00<\/li><li><strong>Link do edital:<\/strong> <a href=\"https:\/\/dhg1h5j42swfq.cloudfront.net\/2021\/08\/03162206\/1_cft_processo_seletivo_2021_edital_1-2.pdf\" target=\"_blank\" rel=\"noreferrer noopener nofollow\">CFT 2021<\/a><\/li><\/ul>\n\n\n\n<p>O edital do concurso CFT oferta de<strong> 22 vagas diretas mais 233 vagas para forma\u00e7\u00e3o de cadastro de reserva para n\u00edvel m\u00e9dio, t\u00e9cnico e superior no Conselho Federal dos T\u00e9cnicos Industriais<\/strong>. As remunera\u00e7\u00f5es variam de <strong>R$ 2.500,00 a R$ 5.000,00.<\/strong><\/p>\n\n\n\n<div class=\"col-sm\">\n      <div class=\"banner-estrategia\" id=\"box-assinatura\">\n        <h3 class=\"titulo-assinatura\">Cursos para o CFT<\/h3>\n        <p class=\"subtitulo-assinatura\">Conhe\u00e7a os cursos<\/p>\n        <div class=\"box-botao\">\n          <a class=\"btn-assinatura\" target=\"_blank\" href=\"https:\/\/www.estrategiaconcursos.com.br\/cursosPorConcurso\/conselho-federal-de-tecnicos-industriais-cft\/\" role=\"button\" rel=\"noopener noreferrer\">Conhe\u00e7a mais<\/a>\n        <\/div>\n      <\/div>\n      <p class=\"texto-auxiliar\">Prepare-se com o melhor material e com quem mais aprova em Concursos P\u00fablicos em todo o pa\u00eds.<\/p>\n    <\/div>\n\n\n\n<p>Para saber mais confira o artigo abaixo:<\/p>\n\n\n\n<ul class=\"wp-block-list\" id=\"indice\"><li><a href=\"#atual\"><strong>Situa\u00e7\u00e3o atual do concurso<\/strong><\/a><ul><li><a href=\"#principais\">Principais informa\u00e7\u00f5es<\/a><\/li><\/ul><\/li><li><a href=\"#carreira\"><strong>Carreira<\/strong><\/a><ul><li><a href=\"#vagas\">Cargos e Vagas<\/a><\/li><li><a href=\"#salario\">Sal\u00e1rios e Benef\u00edcios<\/a><\/li><\/ul><\/li><li><strong><a href=\"#etapas\">Etapas de prova<\/a><\/strong><ul><li><a href=\"#objetiva\">Prova Objetiva<\/a><\/li><\/ul><ul><li><a href=\"#t\u00edtulos\">Prova de T\u00edtulos<\/a><\/li><\/ul><\/li><li><strong><a href=\"#ultimo\">\u00daltimo concurso<\/a><\/strong><\/li><li><strong><a href=\"#curso\">Cursos  e Assinaturas<\/a><\/strong><\/li><li><strong><a href=\"#ficha\">Ficha T\u00e9cnica<\/a><\/strong><\/li><\/ul>\n\n\n\n<h2 class=\"wp-block-heading\" id=\"atual\">Concurso CFT: situa\u00e7\u00e3o atual<\/h2>\n\n\n\n<h3 class=\"wp-block-heading\" id=\"principais\">Principais informa\u00e7\u00f5es<\/h3>\n\n\n\n<p class=\"has-cyan-bluish-gray-background-color has-background\"><strong>Inscri\u00e7\u00f5es: <\/strong><s>at\u00e9 07\/10\/2021<\/s><strong><br \/>Taxas: <\/strong>R$ 49,00; R$ 59,00 e R$ 69,00<strong><br \/>Prova:<\/strong><s><strong> <\/strong>07 de novembro de 2021<\/s><\/p>\n\n\n\n<h2 class=\"wp-block-heading\" id=\"carreira\">Concurso CFT: carreira<\/h2>\n\n\n\n<h3 class=\"wp-block-heading\" id=\"vagas\">Cargos e Vagas<\/h3>\n\n\n\n<h4 class=\"wp-block-heading\">N\u00edvel M\u00e9dio<\/h4>\n\n\n\n<figure class=\"wp-block-table is-style-stripes\"><table class=\"has-background has-fixed-layout\" style=\"background-color:#e7f5fe\"><tbody><tr><td class=\"has-text-align-center\" data-align=\"center\">CARGO<\/td><td class=\"has-text-align-center\" data-align=\"center\">VAGAS AC<\/td><\/tr><tr><td class=\"has-text-align-center\" data-align=\"center\">Assistente Administrativo -I<\/td><td class=\"has-text-align-center\" data-align=\"center\">7 + 43 CR<\/td><\/tr><tr><td class=\"has-text-align-center\" data-align=\"center\">Assistente de Marketing &#8211; I<\/td><td class=\"has-text-align-center\" data-align=\"center\">1 + 14 CR<\/td><\/tr><\/tbody><\/table><\/figure>\n\n\n\n<h4 class=\"wp-block-heading\" id=\"vagas\">N\u00edvel T\u00e9cnico<\/h4>\n\n\n\n<figure class=\"wp-block-table is-style-stripes\"><table class=\"has-background has-fixed-layout\" style=\"background-color:#e7f5fe\"><tbody><tr><td class=\"has-text-align-center\" data-align=\"center\">CARGO<\/td><td class=\"has-text-align-center\" data-align=\"center\">VAGAS<\/td><\/tr><tr><td class=\"has-text-align-center\" data-align=\"center\">Assistente de Tecnologia da Informa\u00e7\u00e3o &#8211; I<\/td><td class=\"has-text-align-center\" data-align=\"center\">2 + 2 CR<\/td><\/tr><tr><td class=\"has-text-align-center\" data-align=\"center\">Secret\u00e1rio(a)<\/td><td class=\"has-text-align-center\" data-align=\"center\">1 + 14 CR<\/td><\/tr><tr><td class=\"has-text-align-center\" data-align=\"center\">T\u00e9cnico Industrial J\u00fanior<\/td><td class=\"has-text-align-center\" data-align=\"center\">4 + 36 CR<\/td><\/tr><\/tbody><\/table><\/figure>\n\n\n\n<h4 class=\"wp-block-heading\" id=\"vagas\">N\u00edvel Superior<\/h4>\n\n\n\n<figure class=\"wp-block-table is-style-stripes\"><table class=\"has-background has-fixed-layout\" style=\"background-color:#e7f5fe\"><tbody><tr><td class=\"has-text-align-center\" data-align=\"center\">CARGO<\/td><td class=\"has-text-align-center\" data-align=\"center\">VAGAS<\/td><\/tr><tr><td class=\"has-text-align-center\" data-align=\"center\">Advogado  J\u00fanior<\/td><td class=\"has-text-align-center\" data-align=\"center\">2 + 28 CR<\/td><\/tr><tr><td class=\"has-text-align-center\" data-align=\"center\">Analista de Tecnologia da Informa\u00e7\u00e3o J\u00fanior<\/td><td class=\"has-text-align-center\" data-align=\"center\">2 + 28 CR<\/td><\/tr><tr><td class=\"has-text-align-center\" data-align=\"center\">Analista T\u00e9cnico J\u00fanior<\/td><td class=\"has-text-align-center\" data-align=\"center\">2 + 28 CR<\/td><\/tr><tr><td class=\"has-text-align-center\" data-align=\"center\">Jornalista<\/td><td class=\"has-text-align-center\" data-align=\"center\">1 + 14 CR<\/td><\/tr><\/tbody><\/table><\/figure>\n\n\n\n<h3 class=\"wp-block-heading\" id=\"salario\">Sal\u00e1rios e Benef\u00edcios<\/h3>\n\n\n\n<p><strong>N\u00edvel m\u00e9dio<\/strong><\/p>\n\n\n\n<ul class=\"wp-block-list\"><li>Assistente Administrativo &#8211; R$2.500,00<\/li><li>Assistente de marketing &#8211; R$2.500,00<\/li><\/ul>\n\n\n\n<p><strong>N\u00edvel m\u00e9dio t\u00e9cnico<\/strong><\/p>\n\n\n\n<ul class=\"wp-block-list\"><li>Assistente de TI &#8211; R$2.500,00<\/li><li>Secret\u00e1rio &#8211; R$4.500,00<\/li><li>T\u00e9cnico industrial &#8211; R$3.500,00<\/li><\/ul>\n\n\n\n<p><strong>N\u00edvel Superior<\/strong><\/p>\n\n\n\n<ul class=\"wp-block-list\"><li>Advogado &#8211; R$ 5.000,00<\/li><li>Analista t\u00e9cnico &#8211; R$3.650,00<\/li><li>Analista de TI &#8211; R$4.000,00<\/li><li>Jornalista &#8211; R$ 3.500,00<\/li><\/ul>\n\n\n\n<p><strong>DOS BENEF\u00cdCIOS<\/strong><\/p>\n\n\n\n<p>O Edital CFT aponta ainda que o \u00f3rg\u00e3o oferecer\u00e1 aos candidatos admitidos, desde que preenchidos os requisitos legais, os seguintes benef\u00edcios:<br \/>a) Vale Refei\u00e7\u00e3o, no valor de R$ 21,09 por dia; <br \/>b) Vale Alimenta\u00e7\u00e3o, no valor de R$ 21,09 por dia;<br \/>c) Plano de Sa\u00fade; e<br \/>d) Vale transporte, conforme legisla\u00e7\u00e3o.<br \/><br \/>Em caso de admiss\u00e3o, os candidatos contratados receber\u00e3o, al\u00e9m da remunera\u00e7\u00e3o base, os benef\u00edcios que estiverem em vigor na \u00e9poca da admiss\u00e3o ou readmiss\u00e3o, desde que preenchidos os requisitos legais e as regras estabelecidas em Normas Internas.<\/p>\n\n\n\n<h2 class=\"wp-block-heading\" id=\"etapas\">Edital CFT: etapas de prova<\/h2>\n\n\n\n<p>O certame ser\u00e1 composto de uma Prova Objetiva para todos os cargos e Avalia\u00e7\u00e3o de T\u00edtulos para os cargos de nivel superior. <\/p>\n\n\n\n<h3 class=\"wp-block-heading\" id=\"objetiva\">Prova Objetiva<\/h3>\n\n\n\n<p>A prova objetiva, de car\u00e1ter eliminat\u00f3rio e classificat\u00f3rio, ser\u00e1 composta de <strong>120 itens<\/strong>, valer\u00e1 120,00 pontos e avaliar\u00e1 as habilidades e os conhecimentos do candidato. Ela ter\u00e1 dura\u00e7\u00e3o de <strong>3horas e 30 minutos<\/strong> e ser\u00e1 aplicada na data prov\u00e1vel de <strong>07de novembro de 2021<\/strong>.<\/p>\n\n\n\n<ul class=\"wp-block-list\"><li>Conhecimentos B\u00e1sicos &#8211; 40 quest\u00f5es<\/li><li>Conhecimentos Complementares &#8211; 10 quest\u00f5es<\/li><li>Conhecimentos Espec\u00edficos -50 quest\u00f5es<\/li><\/ul>\n\n\n\n<p>A nota em cada item da prova objetiva ser\u00e1 igual a:<\/p>\n\n\n\n<ul class=\"wp-block-list\"><li>1,00 ponto, caso a resposta do candidato esteja em concord\u00e2ncia com o gabarito oficial definitivo da prova;<\/li><li>0,50 ponto negativo, caso a resposta do candidato esteja em discord\u00e2ncia com o gabarito oficial definitivo da prova; <\/li><li>0,00, caso n\u00e3o haja marca\u00e7\u00e3o ou haja marca\u00e7\u00e3o dupla (C e E). <\/li><\/ul>\n\n\n\n<p>Para os candidatos inscritos nos cargos de <strong>n\u00edvel m\u00e9dio e n\u00edvel t\u00e9cnico<\/strong>, ser\u00e1 aprovado na prova objetiva o candidato que, cumulativamente: <br \/>a) obtiver nota igual ou superior a16,00 pontos na \u00e1rea de Conhecimentos B\u00e1sicos; <br \/>b) obtiver nota igual ou superiora 12,00 pontos na \u00e1rea de Conhecimentos Complementares; e<br \/>c) obtiver nota igual ou superior a 20,00pontosna \u00e1rea de Conhecimentos Espec\u00edficos.<\/p>\n\n\n\n<p>Para os candidatos inscritos nos cargos de <strong>n\u00edvel superior<\/strong>, ser\u00e1 aprovado na prova objetiva o candidato que, cumulativamente: <br \/>a) obtiver nota igual ou superior a16,00 pontos na \u00e1rea de Conhecimentos B\u00e1sicos; <br \/>b) obtiver nota igual ou superior a 12,00 pontos na \u00e1rea de Conhecimentos Complementares; <br \/>c) obtiver nota igual ou superior a 20,00pontos na \u00e1rea de Conhecimentos Espec\u00edficos; e<br \/>d) estiver classificado para a avalia\u00e7\u00e3o de t\u00edtulos.<\/p>\n\n\n\n<h3 class=\"wp-block-heading\" id=\"titulos\">Avalia\u00e7\u00e3o de T\u00edtulos<\/h3>\n\n\n\n<p>Para os candidatos inscritos nos cargos de n\u00edvel superior, somente ser\u00e3o convocados para entrega de documentos da avalia\u00e7\u00e3o de t\u00edtulos os candidatos aprovados na prova objetiva e classificados, por cargo, at\u00e9 o limite de 2 vezes a quantidade total de vagas, ou no m\u00ednimo 20, respeitados os empates na \u00faltima coloca\u00e7\u00e3o, conforme quadro a seguir:<\/p>\n\n\n\n<figure class=\"wp-block-table is-style-stripes\"><table class=\"has-background has-fixed-layout\" style=\"background-color:#f3f4f5\"><tbody><tr><td class=\"has-text-align-center\" data-align=\"center\">CARGO<\/td><td class=\"has-text-align-center\" data-align=\"center\">AC classificados at\u00e9<br \/>a posi\u00e7\u00e3o<\/td><td class=\"has-text-align-center\" data-align=\"center\">Negros classificados at\u00e9<br \/>a posi\u00e7\u00e3o<\/td><td class=\"has-text-align-center\" data-align=\"center\">PcD classificados at\u00e9<br \/>a posi\u00e7\u00e3o<\/td><\/tr><tr><td class=\"has-text-align-center\" data-align=\"center\">Advogado  J\u00fanior<\/td><td class=\"has-text-align-center\" data-align=\"center\">33<\/td><td class=\"has-text-align-center\" data-align=\"center\">9<\/td><td class=\"has-text-align-center\" data-align=\"center\">3<\/td><\/tr><tr><td class=\"has-text-align-center\" data-align=\"center\">Analista de Tecnologia da Informa\u00e7\u00e3o J\u00fanior<\/td><td class=\"has-text-align-center\" data-align=\"center\">33<\/td><td class=\"has-text-align-center\" data-align=\"center\">9<\/td><td class=\"has-text-align-center\" data-align=\"center\">3<\/td><\/tr><tr><td class=\"has-text-align-center\" data-align=\"center\">Analista T\u00e9cnico J\u00fanior<\/td><td class=\"has-text-align-center\" data-align=\"center\">33<\/td><td class=\"has-text-align-center\" data-align=\"center\">9<\/td><td class=\"has-text-align-center\" data-align=\"center\">3<\/td><\/tr><tr><td class=\"has-text-align-center\" data-align=\"center\">Jornalista<\/td><td class=\"has-text-align-center\" data-align=\"center\">17<\/td><td class=\"has-text-align-center\" data-align=\"center\">5<\/td><td class=\"has-text-align-center\" data-align=\"center\">2<\/td><\/tr><\/tbody><\/table><\/figure>\n\n\n\n<p id=\"h-\">Os t\u00edtulos ter\u00e3o valor m\u00e1ximo de 10 pontos e ser\u00e3o considerados os seguintes: <\/p>\n\n\n\n<figure class=\"wp-block-table is-style-stripes\"><table class=\"has-background has-fixed-layout\" style=\"background-color:#e7f5fe\"><tbody><tr><td class=\"has-text-align-center\" data-align=\"center\"><strong>Titulo<\/strong><\/td><td class=\"has-text-align-center\" data-align=\"center\"><strong>Pontua\u00e7\u00e3o por item<\/strong><\/td><td class=\"has-text-align-center\" data-align=\"center\"><strong>Pontua\u00e7\u00e3o M\u00e1xima<\/strong><\/td><\/tr><tr><td class=\"has-text-align-center\" data-align=\"center\"> Diploma, devidamente registrado, de conclus\u00e3o do curso de p\u00f3s-gradua\u00e7\u00e3o (n\u00edvel de Doutorado), fornecido por institui\u00e7\u00e3o de ensino reconhecida pelo MEC.<\/td><td class=\"has-text-align-center\" data-align=\"center\">4,00<\/td><td class=\"has-text-align-center\" data-align=\"center\">4,00<\/td><\/tr><tr><td class=\"has-text-align-center\" data-align=\"center\">Diploma, devidamente registrado, de conclus\u00e3o do curso de p\u00f3s-gradua\u00e7\u00e3o (n\u00edvel de Mestrado), fornecido por institui\u00e7\u00e3o de ensino reconhecida pelo MEC.<\/td><td class=\"has-text-align-center\" data-align=\"center\">3,00<\/td><td class=\"has-text-align-center\" data-align=\"center\">3,00<\/td><\/tr><tr><td class=\"has-text-align-center\" data-align=\"center\">Certificado\/declara\u00e7\u00e3o de conclus\u00e3o de curso de p\u00f3s-gradua\u00e7\u00e3o em n\u00edvel de especializa\u00e7\u00e3o lato sensu, expedido por institui\u00e7\u00e3o credenciada pelo Minist\u00e9rio da Educa\u00e7\u00e3o (MEC), acompanhado de hist\u00f3rico escolar, com carga hor\u00e1ria m\u00ednima de 360horas\/aula<\/td><td class=\"has-text-align-center\" data-align=\"center\">1,50<\/td><td class=\"has-text-align-center\" data-align=\"center\">3,00<\/td><\/tr><\/tbody><\/table><\/figure>\n\n\n\n<h2 class=\"wp-block-heading\" id=\"ultimo\">\u00daltimo concurso CFT<\/h2>\n\n\n\n<p>O \u00faltimo processo seletivo realizado pelo&nbsp;Conselho Federal dos T\u00e9cnicos Industriais foi aberto em dezembro de 2020. Na ocasi\u00e3o, foram oferecidas vagas para os cargos de:<\/p>\n\n\n\n<ul class=\"wp-block-list\"><li>analista de suporte t\u00e9cnico;<\/li><li>analista de seguran\u00e7a da informa\u00e7\u00e3o; e<\/li><li>desenvolver mobile.<\/li><\/ul>\n\n\n\n<p>Neste caso, a sele\u00e7\u00e3o foi organizada pelo pr\u00f3prio \u00f3rg\u00e3o. J\u00e1 os candidatos foram avaliados por meio de an\u00e1lise curricular e entrevistas. Os aprovados foram contratados pelo per\u00edodo de um ano, cabendo prorroga\u00e7\u00e3o por igual per\u00edodo, conforme o regime da&nbsp;Consolida\u00e7\u00e3o das Leis do Trabalho (CLT). J\u00e1 o processo seletivo tem validade de seis meses, podendo chegar a 12 meses, caso seja prorrogado pelo Conselho.&nbsp;&nbsp;<\/p>\n\n\n\n<h2 class=\"has-text-align-center wp-block-heading\" id=\"h-quer-saber-tudo-sobre-concursos-previstos-confira-nossos-artigos\">Quer saber tudo sobre concursos previstos?<br \/>Confira nossos artigos!<\/h2>\n\n\n\n<ul class=\"wp-block-list\"><li><a href=\"https:\/\/www.estrategiaconcursos.com.br\/blog\/concursos-abertos\/\" target=\"_blank\" rel=\"noreferrer noopener\">Concursos abertos<\/a><\/li><li><a href=\"https:\/\/www.estrategiaconcursos.com.br\/blog\/concursos-2021\/\" target=\"_blank\" rel=\"noreferrer noopener\">Concursos 2021<\/a><\/li><li><a href=\"https:\/\/www.estrategiaconcursos.com.br\/blog\/concursos-2022\/\" target=\"_blank\" rel=\"noreferrer noopener\">Concursos 2022<\/a><\/li><\/ul>\n\n\n\n<h2 class=\"has-text-align-center wp-block-heading\" id=\"curso\">Quer estudar para o concurso?<\/h2>\n\n\n\n<p class=\"has-text-align-center\">Gostou desta oportunidade e deseja come\u00e7ar se preparar agora mesmo? Ent\u00e3o, confira os nossos cursos e comece a estudar para o CFT:<\/p>\n\n\n\n<div class=\"col-sm\">\n      <div class=\"banner-estrategia\" id=\"box-assinatura\">\n        <h3 class=\"titulo-assinatura\">Cursos para o CFT<\/h3>\n        <p class=\"subtitulo-assinatura\">Conhe\u00e7a os cursos<\/p>\n        <div class=\"box-botao\">\n          <a class=\"btn-assinatura\" target=\"_blank\" href=\"https:\/\/www.estrategiaconcursos.com.br\/cursosPorConcurso\/conselho-federal-de-tecnicos-industriais-cft\/\" role=\"button\" rel=\"noopener noreferrer\">Conhe\u00e7a mais<\/a>\n        <\/div>\n      <\/div>\n      <p class=\"texto-auxiliar\">Prepare-se com o melhor material e com quem mais aprova em Concursos P\u00fablicos em todo o pa\u00eds.<\/p>\n    <\/div>\n\n\n\n<div class=\"container\" id=\"boxes\">\n  <div class=\"row\">\n\n    <div class=\"col-sm\">\n      <div class=\"estrategia\" id=\"box-assinatura\">\n        <h3 class=\"titulo-assinatura\">Assinatura Concursos<\/h3>\n        <p class=\"subtitulo-assinatura\">Assinatura de 1 ano ou 2 anos<\/p>\n        <div class=\"box-botao\">\n          <a class=\"btn-assinatura\" target=\"_blank\" href=\"https:\/\/www.estrategiaconcursos.com.br\/assinaturas\/\" role=\"button\" rel=\"noopener noreferrer\">ASSINE AGORA<\/a>\n        <\/div>\n      <\/div>\n     \n    <\/div><\/div><\/div>\n\n\n\n<figure class=\"wp-block-image size-large is-resized\"><img loading=\"lazy\" decoding=\"async\" src=\"https:\/\/dhg1h5j42swfq.cloudfront.net\/2021\/04\/05171352\/ficha-tecnica-33-1024x632.png\" alt=\"\" class=\"wp-image-707823\" width=\"140\" height=\"86\" srcset=\"https:\/\/dhg1h5j42swfq.cloudfront.net\/2021\/04\/05171352\/ficha-tecnica-33-1024x632.png 1024w, https:\/\/dhg1h5j42swfq.cloudfront.net\/2021\/04\/05171352\/ficha-tecnica-33-300x185.png 300w, https:\/\/dhg1h5j42swfq.cloudfront.net\/2021\/04\/05171352\/ficha-tecnica-33-768x474.png 768w, https:\/\/dhg1h5j42swfq.cloudfront.net\/2021\/04\/05171352\/ficha-tecnica-33-1536x948.png 1536w, https:\/\/dhg1h5j42swfq.cloudfront.net\/2021\/04\/05171352\/ficha-tecnica-33-610x377.png 610w, https:\/\/dhg1h5j42swfq.cloudfront.net\/2021\/04\/05171352\/ficha-tecnica-33.png 1571w\" sizes=\"auto, (max-width: 140px) 100vw, 140px\" \/><\/figure>\n\n\n\n<h4 class=\"wp-block-heading\" id=\"ficha\">Informa\u00e7\u00f5es do concurso CFT<\/h4>\n\n\n\n<p>\u25ba<strong>Data:<\/strong>\u00a0<s>07 de novembro de 2021<\/s><br \/>\u25ba<strong>Banca:<\/strong>\u00a0Quadrix<br \/>\u25ba<strong>Vagas:<\/strong> 22 + 233 CR<br \/>\u25ba<strong>Escolaridade:<\/strong>\u00a0M\u00e9dio &#8211; T\u00e9cnico &#8211; Superior<br \/>\u25ba<strong>Edital:<\/strong>\u00a0<strong><a href=\"https:\/\/dhg1h5j42swfq.cloudfront.net\/2021\/08\/03162206\/1_cft_processo_seletivo_2021_edital_1-2.pdf\" target=\"_blank\" rel=\"noreferrer noopener nofollow\">Edital CFT 2021<\/a><\/strong><\/p>\n","protected":false},"excerpt":{"rendered":"<p>Foi publicado o resultado definitivo da prova objetiva do concurso CFT. Al\u00e9m disso os candidatos j\u00e1 entregaram os t\u00edtulos solicitados. Concurso CFT Status:\u00a0resultado definitivo da objetiva Vagas:\u00a022 +233 CR Sal\u00e1rio inicial:\u00a0R$ 2.500,00 a R$ 5.000,00 Link do edital: CFT 2021 O edital do concurso CFT oferta de 22 vagas diretas mais 233 vagas para forma\u00e7\u00e3o [&hellip;]<\/p>\n","protected":false},"author":1,"featured_media":828164,"comment_status":"open","ping_status":"closed","sticky":false,"template":"","format":"standard","meta":{"post_tipo":"news_page","footnotes":""},"categories":[214992],"tags":[],"tax_estado":[219963],"class_list":["post-738697","post","type-post","status-publish","format-standard","has-post-thumbnail","hentry","category-concursos-administrativos","tax_estado-concursos-federais"],"acf":[],"yoast_head":"<!-- This site is optimized with the Yoast SEO Premium plugin v27.2 (Yoast SEO v27.2) - https:\/\/yoast.com\/product\/yoast-seo-premium-wordpress\/ -->\n<title>Concurso CFT: saiu o resultado definitivo da objetiva<\/title>\n<meta name=\"description\" content=\"Concurso CFT: resultado definitivo da objetiva. Edital oferta vagas diretas e para cadastro de reserva. Saiba mais neste artigo!\" \/>\n<meta name=\"robots\" content=\"index, follow, max-snippet:-1, max-image-preview:large, max-video-preview:-1\" \/>\n<link rel=\"canonical\" href=\"https:\/\/www.estrategiaconcursos.com.br\/blog\/concurso-cft\/\" \/>\n<meta property=\"og:locale\" content=\"pt_BR\" \/>\n<meta property=\"og:type\" content=\"article\" \/>\n<meta property=\"og:title\" content=\"Concurso CFT: saiu o resultado definitivo da objetiva\" \/>\n<meta property=\"og:description\" content=\"Concurso CFT: resultado definitivo da objetiva. Edital oferta vagas diretas e para cadastro de reserva. Saiba mais neste artigo!\" \/>\n<meta property=\"og:url\" content=\"https:\/\/www.estrategiaconcursos.com.br\/blog\/concurso-cft\/\" \/>\n<meta property=\"og:site_name\" content=\"Estrat\u00e9gia Concursos\" \/>\n<meta property=\"article:author\" content=\"https:\/\/www.facebook.com\/EstrategiaConcursos\" \/>\n<meta property=\"article:published_time\" content=\"2021-11-03T09:00:00+00:00\" \/>\n<meta property=\"article:modified_time\" content=\"2021-12-13T17:29:47+00:00\" \/>\n<meta property=\"og:image\" content=\"https:\/\/dhg1h5j42swfq.cloudfront.net\/2021\/06\/03171657\/concurso-cft.jpg\" \/>\n\t<meta property=\"og:image:width\" content=\"768\" \/>\n\t<meta property=\"og:image:height\" content=\"432\" \/>\n\t<meta property=\"og:image:type\" content=\"image\/jpeg\" \/>\n<meta name=\"author\" content=\"Coordena\u00e7\u00e3o\" \/>\n<meta name=\"twitter:card\" content=\"summary_large_image\" \/>\n<meta name=\"twitter:creator\" content=\"@EstratConcursos\" \/>\n<meta name=\"twitter:site\" content=\"@EstratConcursos\" \/>\n<meta name=\"twitter:label1\" content=\"Escrito por\" \/>\n\t<meta name=\"twitter:data1\" content=\"Coordena\u00e7\u00e3o\" \/>\n\t<meta name=\"twitter:label2\" content=\"Est. tempo de leitura\" \/>\n\t<meta name=\"twitter:data2\" content=\"5 minutos\" \/>\n<script type=\"application\/ld+json\" class=\"yoast-schema-graph\">{\"@context\":\"https:\/\/schema.org\",\"@graph\":[{\"@type\":\"NewsArticle\",\"@id\":\"https:\/\/www.estrategiaconcursos.com.br\/blog\/concurso-cft\/#article\",\"isPartOf\":{\"@id\":\"https:\/\/www.estrategiaconcursos.com.br\/blog\/concurso-cft\/\"},\"author\":{\"name\":\"Coordena\u00e7\u00e3o\",\"@id\":\"https:\/\/www.estrategiaconcursos.com.br\/blog\/#\/schema\/person\/b4a388c97673c5f483d72185668afa1f\"},\"headline\":\"Concurso CFT: saiu o resultado definitivo da objetiva\",\"datePublished\":\"2021-11-03T09:00:00+00:00\",\"dateModified\":\"2021-12-13T17:29:47+00:00\",\"mainEntityOfPage\":{\"@id\":\"https:\/\/www.estrategiaconcursos.com.br\/blog\/concurso-cft\/\"},\"wordCount\":1147,\"commentCount\":0,\"publisher\":{\"@id\":\"https:\/\/www.estrategiaconcursos.com.br\/blog\/#organization\"},\"image\":{\"@id\":\"https:\/\/www.estrategiaconcursos.com.br\/blog\/concurso-cft\/#primaryimage\"},\"thumbnailUrl\":\"https:\/\/dhg1h5j42swfq.cloudfront.net\/2021\/06\/03171657\/concurso-cft.jpg\",\"articleSection\":[\"Executivo (Administrativa)\"],\"inLanguage\":\"pt-BR\",\"potentialAction\":[{\"@type\":\"CommentAction\",\"name\":\"Comment\",\"target\":[\"https:\/\/www.estrategiaconcursos.com.br\/blog\/concurso-cft\/#respond\"]}],\"copyrightYear\":\"2021\",\"copyrightHolder\":{\"@id\":\"https:\/\/www.estrategiaconcursos.com.br\/blog\/#organization\"}},{\"@type\":\"WebPage\",\"@id\":\"https:\/\/www.estrategiaconcursos.com.br\/blog\/concurso-cft\/\",\"url\":\"https:\/\/www.estrategiaconcursos.com.br\/blog\/concurso-cft\/\",\"name\":\"Concurso CFT: saiu o resultado definitivo da objetiva\",\"isPartOf\":{\"@id\":\"https:\/\/www.estrategiaconcursos.com.br\/blog\/#website\"},\"primaryImageOfPage\":{\"@id\":\"https:\/\/www.estrategiaconcursos.com.br\/blog\/concurso-cft\/#primaryimage\"},\"image\":{\"@id\":\"https:\/\/www.estrategiaconcursos.com.br\/blog\/concurso-cft\/#primaryimage\"},\"thumbnailUrl\":\"https:\/\/dhg1h5j42swfq.cloudfront.net\/2021\/06\/03171657\/concurso-cft.jpg\",\"datePublished\":\"2021-11-03T09:00:00+00:00\",\"dateModified\":\"2021-12-13T17:29:47+00:00\",\"description\":\"Concurso CFT: resultado definitivo da objetiva. Edital oferta vagas diretas e para cadastro de reserva. Saiba mais neste artigo!\",\"breadcrumb\":{\"@id\":\"https:\/\/www.estrategiaconcursos.com.br\/blog\/concurso-cft\/#breadcrumb\"},\"inLanguage\":\"pt-BR\",\"potentialAction\":[{\"@type\":\"ReadAction\",\"target\":[\"https:\/\/www.estrategiaconcursos.com.br\/blog\/concurso-cft\/\"]}]},{\"@type\":\"ImageObject\",\"inLanguage\":\"pt-BR\",\"@id\":\"https:\/\/www.estrategiaconcursos.com.br\/blog\/concurso-cft\/#primaryimage\",\"url\":\"https:\/\/dhg1h5j42swfq.cloudfront.net\/2021\/06\/03171657\/concurso-cft.jpg\",\"contentUrl\":\"https:\/\/dhg1h5j42swfq.cloudfront.net\/2021\/06\/03171657\/concurso-cft.jpg\",\"width\":768,\"height\":432,\"caption\":\"Concurso CFT\"},{\"@type\":\"BreadcrumbList\",\"@id\":\"https:\/\/www.estrategiaconcursos.com.br\/blog\/concurso-cft\/#breadcrumb\",\"itemListElement\":[{\"@type\":\"ListItem\",\"position\":1,\"name\":\"In\u00edcio\",\"item\":\"https:\/\/www.estrategiaconcursos.com.br\/blog\/\"},{\"@type\":\"ListItem\",\"position\":2,\"name\":\"Concurso CFT: saiu o resultado definitivo da objetiva\"}]},{\"@type\":\"WebSite\",\"@id\":\"https:\/\/www.estrategiaconcursos.com.br\/blog\/#website\",\"url\":\"https:\/\/www.estrategiaconcursos.com.br\/blog\/\",\"name\":\"Estrat\u00e9gia Concursos\",\"description\":\"O blog da Estrat\u00e9gia Concursos traz not\u00edcias sobre concursos e artigos de professores oferecendo cursos para concursos (pdf + videaulas) no site.\",\"publisher\":{\"@id\":\"https:\/\/www.estrategiaconcursos.com.br\/blog\/#organization\"},\"potentialAction\":[{\"@type\":\"SearchAction\",\"target\":{\"@type\":\"EntryPoint\",\"urlTemplate\":\"https:\/\/www.estrategiaconcursos.com.br\/blog\/?s={search_term_string}\"},\"query-input\":{\"@type\":\"PropertyValueSpecification\",\"valueRequired\":true,\"valueName\":\"search_term_string\"}}],\"inLanguage\":\"pt-BR\"},{\"@type\":\"Organization\",\"@id\":\"https:\/\/www.estrategiaconcursos.com.br\/blog\/#organization\",\"name\":\"Estrat\u00e9gia Concursos\",\"url\":\"https:\/\/www.estrategiaconcursos.com.br\/blog\/\",\"logo\":{\"@type\":\"ImageObject\",\"inLanguage\":\"pt-BR\",\"@id\":\"https:\/\/www.estrategiaconcursos.com.br\/blog\/#\/schema\/logo\/image\/\",\"url\":\"https:\/\/dhg1h5j42swfq.cloudfront.net\/2025\/06\/03203428\/logo_concursos-1.jpg\",\"contentUrl\":\"https:\/\/dhg1h5j42swfq.cloudfront.net\/2025\/06\/03203428\/logo_concursos-1.jpg\",\"width\":230,\"height\":60,\"caption\":\"Estrat\u00e9gia Concursos\"},\"image\":{\"@id\":\"https:\/\/www.estrategiaconcursos.com.br\/blog\/#\/schema\/logo\/image\/\"},\"sameAs\":[\"https:\/\/x.com\/EstratConcursos\"]},{\"@type\":\"Person\",\"@id\":\"https:\/\/www.estrategiaconcursos.com.br\/blog\/#\/schema\/person\/b4a388c97673c5f483d72185668afa1f\",\"name\":\"Coordena\u00e7\u00e3o\",\"image\":{\"@type\":\"ImageObject\",\"inLanguage\":\"pt-BR\",\"@id\":\"https:\/\/secure.gravatar.com\/avatar\/b720319e4c9a967eb58678d110f4fe35452fc5d5f97b202bac7b8acceb18c6ad?s=96&d=mm&r=g\",\"url\":\"https:\/\/secure.gravatar.com\/avatar\/b720319e4c9a967eb58678d110f4fe35452fc5d5f97b202bac7b8acceb18c6ad?s=96&d=mm&r=g\",\"contentUrl\":\"https:\/\/secure.gravatar.com\/avatar\/b720319e4c9a967eb58678d110f4fe35452fc5d5f97b202bac7b8acceb18c6ad?s=96&d=mm&r=g\",\"caption\":\"Coordena\u00e7\u00e3o\"},\"sameAs\":[\"https:\/\/www.facebook.com\/EstrategiaConcursos\",\"https:\/\/x.com\/EstratConcursos\"],\"url\":\"https:\/\/www.estrategiaconcursos.com.br\/blog\/author\/estrategia2013\/\"}]}<\/script>\n<!-- \/ Yoast SEO Premium plugin. -->","yoast_head_json":{"title":"Concurso CFT: saiu o resultado definitivo da objetiva","description":"Concurso CFT: resultado definitivo da objetiva. Edital oferta vagas diretas e para cadastro de reserva. Saiba mais neste artigo!","robots":{"index":"index","follow":"follow","max-snippet":"max-snippet:-1","max-image-preview":"max-image-preview:large","max-video-preview":"max-video-preview:-1"},"canonical":"https:\/\/www.estrategiaconcursos.com.br\/blog\/concurso-cft\/","og_locale":"pt_BR","og_type":"article","og_title":"Concurso CFT: saiu o resultado definitivo da objetiva","og_description":"Concurso CFT: resultado definitivo da objetiva. Edital oferta vagas diretas e para cadastro de reserva. Saiba mais neste artigo!","og_url":"https:\/\/www.estrategiaconcursos.com.br\/blog\/concurso-cft\/","og_site_name":"Estrat\u00e9gia Concursos","article_author":"https:\/\/www.facebook.com\/EstrategiaConcursos","article_published_time":"2021-11-03T09:00:00+00:00","article_modified_time":"2021-12-13T17:29:47+00:00","og_image":[{"width":768,"height":432,"url":"https:\/\/dhg1h5j42swfq.cloudfront.net\/2021\/06\/03171657\/concurso-cft.jpg","type":"image\/jpeg"}],"author":"Coordena\u00e7\u00e3o","twitter_card":"summary_large_image","twitter_creator":"@EstratConcursos","twitter_site":"@EstratConcursos","twitter_misc":{"Escrito por":"Coordena\u00e7\u00e3o","Est. tempo de leitura":"5 minutos"},"schema":{"@context":"https:\/\/schema.org","@graph":[{"@type":"NewsArticle","@id":"https:\/\/www.estrategiaconcursos.com.br\/blog\/concurso-cft\/#article","isPartOf":{"@id":"https:\/\/www.estrategiaconcursos.com.br\/blog\/concurso-cft\/"},"author":{"name":"Coordena\u00e7\u00e3o","@id":"https:\/\/www.estrategiaconcursos.com.br\/blog\/#\/schema\/person\/b4a388c97673c5f483d72185668afa1f"},"headline":"Concurso CFT: saiu o resultado definitivo da objetiva","datePublished":"2021-11-03T09:00:00+00:00","dateModified":"2021-12-13T17:29:47+00:00","mainEntityOfPage":{"@id":"https:\/\/www.estrategiaconcursos.com.br\/blog\/concurso-cft\/"},"wordCount":1147,"commentCount":0,"publisher":{"@id":"https:\/\/www.estrategiaconcursos.com.br\/blog\/#organization"},"image":{"@id":"https:\/\/www.estrategiaconcursos.com.br\/blog\/concurso-cft\/#primaryimage"},"thumbnailUrl":"https:\/\/dhg1h5j42swfq.cloudfront.net\/2021\/06\/03171657\/concurso-cft.jpg","articleSection":["Executivo (Administrativa)"],"inLanguage":"pt-BR","potentialAction":[{"@type":"CommentAction","name":"Comment","target":["https:\/\/www.estrategiaconcursos.com.br\/blog\/concurso-cft\/#respond"]}],"copyrightYear":"2021","copyrightHolder":{"@id":"https:\/\/www.estrategiaconcursos.com.br\/blog\/#organization"}},{"@type":"WebPage","@id":"https:\/\/www.estrategiaconcursos.com.br\/blog\/concurso-cft\/","url":"https:\/\/www.estrategiaconcursos.com.br\/blog\/concurso-cft\/","name":"Concurso CFT: saiu o resultado definitivo da objetiva","isPartOf":{"@id":"https:\/\/www.estrategiaconcursos.com.br\/blog\/#website"},"primaryImageOfPage":{"@id":"https:\/\/www.estrategiaconcursos.com.br\/blog\/concurso-cft\/#primaryimage"},"image":{"@id":"https:\/\/www.estrategiaconcursos.com.br\/blog\/concurso-cft\/#primaryimage"},"thumbnailUrl":"https:\/\/dhg1h5j42swfq.cloudfront.net\/2021\/06\/03171657\/concurso-cft.jpg","datePublished":"2021-11-03T09:00:00+00:00","dateModified":"2021-12-13T17:29:47+00:00","description":"Concurso CFT: resultado definitivo da objetiva. Edital oferta vagas diretas e para cadastro de reserva. Saiba mais neste artigo!","breadcrumb":{"@id":"https:\/\/www.estrategiaconcursos.com.br\/blog\/concurso-cft\/#breadcrumb"},"inLanguage":"pt-BR","potentialAction":[{"@type":"ReadAction","target":["https:\/\/www.estrategiaconcursos.com.br\/blog\/concurso-cft\/"]}]},{"@type":"ImageObject","inLanguage":"pt-BR","@id":"https:\/\/www.estrategiaconcursos.com.br\/blog\/concurso-cft\/#primaryimage","url":"https:\/\/dhg1h5j42swfq.cloudfront.net\/2021\/06\/03171657\/concurso-cft.jpg","contentUrl":"https:\/\/dhg1h5j42swfq.cloudfront.net\/2021\/06\/03171657\/concurso-cft.jpg","width":768,"height":432,"caption":"Concurso CFT"},{"@type":"BreadcrumbList","@id":"https:\/\/www.estrategiaconcursos.com.br\/blog\/concurso-cft\/#breadcrumb","itemListElement":[{"@type":"ListItem","position":1,"name":"In\u00edcio","item":"https:\/\/www.estrategiaconcursos.com.br\/blog\/"},{"@type":"ListItem","position":2,"name":"Concurso CFT: saiu o resultado definitivo da objetiva"}]},{"@type":"WebSite","@id":"https:\/\/www.estrategiaconcursos.com.br\/blog\/#website","url":"https:\/\/www.estrategiaconcursos.com.br\/blog\/","name":"Estrat\u00e9gia Concursos","description":"O blog da Estrat\u00e9gia Concursos traz not\u00edcias sobre concursos e artigos de professores oferecendo cursos para concursos (pdf + videaulas) no site.","publisher":{"@id":"https:\/\/www.estrategiaconcursos.com.br\/blog\/#organization"},"potentialAction":[{"@type":"SearchAction","target":{"@type":"EntryPoint","urlTemplate":"https:\/\/www.estrategiaconcursos.com.br\/blog\/?s={search_term_string}"},"query-input":{"@type":"PropertyValueSpecification","valueRequired":true,"valueName":"search_term_string"}}],"inLanguage":"pt-BR"},{"@type":"Organization","@id":"https:\/\/www.estrategiaconcursos.com.br\/blog\/#organization","name":"Estrat\u00e9gia Concursos","url":"https:\/\/www.estrategiaconcursos.com.br\/blog\/","logo":{"@type":"ImageObject","inLanguage":"pt-BR","@id":"https:\/\/www.estrategiaconcursos.com.br\/blog\/#\/schema\/logo\/image\/","url":"https:\/\/dhg1h5j42swfq.cloudfront.net\/2025\/06\/03203428\/logo_concursos-1.jpg","contentUrl":"https:\/\/dhg1h5j42swfq.cloudfront.net\/2025\/06\/03203428\/logo_concursos-1.jpg","width":230,"height":60,"caption":"Estrat\u00e9gia Concursos"},"image":{"@id":"https:\/\/www.estrategiaconcursos.com.br\/blog\/#\/schema\/logo\/image\/"},"sameAs":["https:\/\/x.com\/EstratConcursos"]},{"@type":"Person","@id":"https:\/\/www.estrategiaconcursos.com.br\/blog\/#\/schema\/person\/b4a388c97673c5f483d72185668afa1f","name":"Coordena\u00e7\u00e3o","image":{"@type":"ImageObject","inLanguage":"pt-BR","@id":"https:\/\/secure.gravatar.com\/avatar\/b720319e4c9a967eb58678d110f4fe35452fc5d5f97b202bac7b8acceb18c6ad?s=96&d=mm&r=g","url":"https:\/\/secure.gravatar.com\/avatar\/b720319e4c9a967eb58678d110f4fe35452fc5d5f97b202bac7b8acceb18c6ad?s=96&d=mm&r=g","contentUrl":"https:\/\/secure.gravatar.com\/avatar\/b720319e4c9a967eb58678d110f4fe35452fc5d5f97b202bac7b8acceb18c6ad?s=96&d=mm&r=g","caption":"Coordena\u00e7\u00e3o"},"sameAs":["https:\/\/www.facebook.com\/EstrategiaConcursos","https:\/\/x.com\/EstratConcursos"],"url":"https:\/\/www.estrategiaconcursos.com.br\/blog\/author\/estrategia2013\/"}]}},"_links":{"self":[{"href":"https:\/\/www.estrategiaconcursos.com.br\/blog\/wp-json\/wp\/v2\/posts\/738697","targetHints":{"allow":["GET"]}}],"collection":[{"href":"https:\/\/www.estrategiaconcursos.com.br\/blog\/wp-json\/wp\/v2\/posts"}],"about":[{"href":"https:\/\/www.estrategiaconcursos.com.br\/blog\/wp-json\/wp\/v2\/types\/post"}],"author":[{"embeddable":true,"href":"https:\/\/www.estrategiaconcursos.com.br\/blog\/wp-json\/wp\/v2\/users\/1"}],"replies":[{"embeddable":true,"href":"https:\/\/www.estrategiaconcursos.com.br\/blog\/wp-json\/wp\/v2\/comments?post=738697"}],"version-history":[{"count":45,"href":"https:\/\/www.estrategiaconcursos.com.br\/blog\/wp-json\/wp\/v2\/posts\/738697\/revisions"}],"predecessor-version":[{"id":928231,"href":"https:\/\/www.estrategiaconcursos.com.br\/blog\/wp-json\/wp\/v2\/posts\/738697\/revisions\/928231"}],"wp:featuredmedia":[{"embeddable":true,"href":"https:\/\/www.estrategiaconcursos.com.br\/blog\/wp-json\/wp\/v2\/media\/828164"}],"wp:attachment":[{"href":"https:\/\/www.estrategiaconcursos.com.br\/blog\/wp-json\/wp\/v2\/media?parent=738697"}],"wp:term":[{"taxonomy":"category","embeddable":true,"href":"https:\/\/www.estrategiaconcursos.com.br\/blog\/wp-json\/wp\/v2\/categories?post=738697"},{"taxonomy":"post_tag","embeddable":true,"href":"https:\/\/www.estrategiaconcursos.com.br\/blog\/wp-json\/wp\/v2\/tags?post=738697"},{"taxonomy":"tax_estado","embeddable":true,"href":"https:\/\/www.estrategiaconcursos.com.br\/blog\/wp-json\/wp\/v2\/tax_estado?post=738697"}],"curies":[{"name":"wp","href":"https:\/\/api.w.org\/{rel}","templated":true}]}}