{"id":738100,"date":"2021-05-13T12:03:00","date_gmt":"2021-05-13T15:03:00","guid":{"rendered":"https:\/\/www.estrategiaconcursos.com.br\/blog\/?p=738100"},"modified":"2021-05-13T19:50:59","modified_gmt":"2021-05-13T22:50:59","slug":"recursos-concurso-prf","status":"publish","type":"post","link":"https:\/\/www.estrategiaconcursos.com.br\/blog\/recursos-concurso-prf\/","title":{"rendered":"Concurso PRF: confira os RECURSOS poss\u00edveis da prova!"},"content":{"rendered":"\n<p>As provas do concurso da Pol\u00edcia Rodovi\u00e1ria Federal (PRF) foram realizadas no \u00faltimo domingo, 9 de maio. Com a disponibiliza\u00e7\u00e3o dos gabaritos para consulta individual, candidatos come\u00e7am a questionar a validade de algumas quest\u00f5es do exame.  <\/p>\n\n\n\n<p>Com o objetivo de realizar uma an\u00e1lise mais profunda, convidamos alguns de nossos professores para averiguar quais quest\u00f5es poder\u00e3o ser impugnadas e, consequentemente, terem seus gabaritos alterados.<\/p>\n\n\n\n<p class=\"has-text-align-center has-white-color has-vivid-purple-background-color has-text-color has-background\" style=\"font-size:clamp(17.905px, 1.119rem + ((1vw - 3.2px) * 0.99), 28px);px\"><strong>30% desconto! Utilize o cupom #PRF2021 at\u00e9 17\/5, segunda-feira<\/strong>, <strong>23h59<\/strong><\/p>\n\n\n\n<p class=\"has-text-align-center has-luminous-vivid-amber-background-color has-background\"><strong>ATEN\u00c7\u00c3O<\/strong>: Este artigo ser\u00e1 constantemente atualizado, conforme novas quest\u00f5es das provas da PRF forem pass\u00edveis de recursos.<\/p>\n\n\n\n<h4 class=\"wp-block-heading\" id=\"h-confira-abaixo-as-quest-es-consideradas-pass-veis-de-recurso\">Confira abaixo as quest\u00f5es consideradas pass\u00edveis de recurso!<\/h4>\n\n\n\n<ul class=\"wp-block-list\"><li><a href=\"#portugues\">Portugu\u00eas<\/a><\/li><li><a href=\"#penal\">Direito Penal\/Processual Penal<\/a><\/li><li><a href=\"#espanhol\">Espanhol<\/a><\/li><li><a href=\"#ctb\">CTB e Resolu\u00e7\u00f5es do CONTRAN<\/a><\/li><li><a href=\"#transito\">Legisla\u00e7\u00e3o de Tr\u00e2nsito<\/a><\/li><li><a href=\"#ingles\">Ingl\u00eas<\/a><\/li><li><a href=\"#informatica\">Inform\u00e1tica<\/a><\/li><li><a href=\"#leis-penais\">Leis Penais<\/a><\/li><\/ul>\n\n\n\n<h3 class=\"has-pale-cyan-blue-background-color has-background wp-block-heading\" id=\"portugues\">Recursos PRF &#8211; Portugu\u00eas (Prof. Jana\u00edna Arruda)<\/h3>\n\n\n\n<p>Segundo afirma a quest\u00e3o, \u201cUm dos tra\u00e7os caracter\u00edsticos da modernidade, segundo Norbert Elias, \u00e9 a ren\u00fancia de certas emo\u00e7\u00f5es e de certos prazeres pelos indiv\u00edduos, que, em compensa\u00e7\u00e3o, passaram a ser protegidos da viol\u00eancia devido \u00e0 atua\u00e7\u00e3o do Estado\u201d, dada essa afirma\u00e7\u00e3o, nota-se um equ\u00edvoco ao considerar a assertiva como correta, uma vez que a palavra \u201cren\u00fancia\u201d implica sentido contr\u00e1rio a essa posi\u00e7\u00e3o como verdadeira. <\/p>\n\n\n\n<p>O termo \u201cren\u00fancia\u201d alude ao sentido de escolha, de uma atitude que demonstra a\u00e7\u00e3o dos indiv\u00edduos, o que n\u00e3o \u00e9 visto no texto. O trecho \u201ca agressividade, assim como outras emo\u00e7\u00f5es e prazeres, foi domada, \u201crefinada\u201d e \u201ccivilizada\u201d deixa explicitada essa rela\u00e7\u00e3o passiva, fazendo uso inclusive da voz passiva anal\u00edtica para impor tal previs\u00e3o. <\/p>\n\n\n\n<p>De acordo com o dicion\u00e1rio Houaiss da L\u00edngua Portuguesa, o termo ren\u00fancia significa ato ou efeito de renunciar, abandono de direito, a\u00e7\u00e3o praticada por seu agente. Logo, por n\u00e3o se tratar de uma a\u00e7\u00e3o praticada, mas sofrida, solicitamos a <strong>altera\u00e7\u00e3o do gabarito para \u201cErrado\u201d.<\/strong><\/p>\n\n\n\n<h3 class=\"has-pale-cyan-blue-background-color has-background wp-block-heading\" id=\"penal\">Recursos PRF &#8211; Direito Penal\/Processual Penal (Prof Renan Ara\u00fajo)<\/h3>\n\n\n\n<p>Considerando o gabarito preliminar divulgado pelo Cespe\/Cebraspe no que tange \u00e0s mat\u00e9rias de direito penal e processual penal da prova da PRF, entendo que h\u00e1 viabilidade de recurso em duas quest\u00f5es.<\/p>\n\n\n\n<p>Primeiramente, fiquem tranquilos. O CESPE usualmente d\u00e1 margem para anula\u00e7\u00e3o, como apontamos no \u00faltimo concurso com rela\u00e7\u00e3o \u00e0 famosa \u201cquest\u00e3o da boleia\u201d. \u00c0 \u00e9poca, indicamos o cabimento do recurso, com pleito de anula\u00e7\u00e3o, e o CESPE acabou por anular a quest\u00e3o.<\/p>\n\n\n\n<p>Vamos aos recursos ent\u00e3o!<\/p>\n\n\n\n<p><strong>(CESPE\/2021\/PRF)<\/strong><\/p>\n\n\n\n<p><strong>100.&nbsp; A adultera\u00e7\u00e3o grosseira do chassi do ve\u00edculo n\u00e3o caracteriza crime imposs\u00edvel.<\/strong><\/p>\n\n\n\n<p><strong>Gabarito da Banca: CORRETA<\/strong><br \/><strong>PLEITO: ANULA\u00c7\u00c3O<\/strong><\/p>\n\n\n\n<p><strong>COMENT\u00c1RIOS<\/strong><\/p>\n\n\n\n<p>Nos crimes contra a f\u00e9 p\u00fablica (todos eles), o que se busca proteger \u00e9 a f\u00e9 p\u00fablica, ou seja, a credibilidade que a coletividade confere a documentos e outros s\u00edmbolos ou sinais.<\/p>\n\n\n\n<p>Posto isso, quando a conduta praticada pelo agente for ABSOLUTAMENTE INCAPAZ de ofender tal bem jur\u00eddico, ou seja, for absolutamente incapaz de gerar ofensa \u00e0 f\u00e9 p\u00fablica, dever\u00e1 ser reconhecida a ocorr\u00eancia de crime imposs\u00edvel, seja porque o objeto \u00e9 absolutamente impr\u00f3prio (ex.: falsifica\u00e7\u00e3o de moeda que n\u00e3o mais est\u00e1 em circula\u00e7\u00e3o), seja porque o meio empregado, nas circunst\u00e2ncias do caso, \u00e9 absolutamente ineficaz (ex.: falsifica\u00e7\u00e3o grosseira de moeda, documento, etc.).<\/p>\n\n\n\n<p>Nesse sentido, especificamente com rela\u00e7\u00e3o ao crime do art. 311 do CP, Guilherme de Souza NUCCI, em seu C\u00f3digo Penal Comentado, sustenta que a falsifica\u00e7\u00e3o grosseira n\u00e3o \u00e9 capaz de tipificar o delito, por aus\u00eancia de potencial les\u00e3o \u00e0 f\u00e9 p\u00fablica (NUCCI, Guilherme de Souza. C\u00f3digo Penal Comentado, ed. Forense, 14\u00ba edi\u00e7\u00e3o, 2014, p. 1160).<\/p>\n\n\n\n<p>O autor utiliza o exemplo daquele que coloca fita isolante sobre a placa do carro para esconder os reais caracteres.<\/p>\n\n\n\n<p>Todavia, racioc\u00ednio id\u00eantico se aplica ao chassi ou qualquer outro sinal identificador. Caso a falsifica\u00e7\u00e3o (adultera\u00e7\u00e3o ou remarca\u00e7\u00e3o) seja GROSSEIRA, percept\u00edvel a olho nu por qualquer pessoa, n\u00e3o deve haver crime contra a f\u00e9 p\u00fablica, eis que n\u00e3o h\u00e1 potencial para enganar quem quer que seja.<\/p>\n\n\n\n<p>Imagine-se, por exemplo, a adultera\u00e7\u00e3o grosseira do chassi do ve\u00edculo, utilizando uma caneta bic, ou mediante a aposi\u00e7\u00e3o de um caractere falso com l\u00e1pis preto. Tais adultera\u00e7\u00f5es, naturalmente, ser\u00e3o consideradas grosseiras, e jamais passariam despercebidas por qualquer pessoa, seja ele um policial, agente do DETRAN ou um simples comprador.<\/p>\n\n\n\n<p>No mesmo sentido, Cl\u00e9ber Masson:<\/p>\n\n\n\n<p>\u201ca adultera\u00e7\u00e3o ou remarca\u00e7\u00e3o de n\u00famero de chassi ou de sinal identificador de ve\u00edculo automotor deve revestir-se de perman\u00eancia, pois somente dessa forma \u00e9 cab\u00edvel reconhecer a les\u00e3o \u00e0 f\u00e9 p\u00fablica. Se a mudan\u00e7a \u00e9 tempor\u00e1ria e, principalmente, facilmente percept\u00edvel por qualquer pessoa, a exemplo do que se verifica na coloca\u00e7\u00e3o de fitas adesivas nas placas de ve\u00edculos para livrar-se de multas de tr\u00e2nsito, do pagamento de ped\u00e1gio, dos radares e da restri\u00e7\u00e3o de circula\u00e7\u00e3o em dias e hor\u00e1rios determinados, n\u00e3o h\u00e1 que se falar em adultera\u00e7\u00e3o ou remarca\u00e7\u00e3o, afastando-se o delito do art. 311 do CP. Como nos crimes contra a f\u00e9 p\u00fablica em geral, <strong>a falsifica\u00e7\u00e3o grosseira exclui a a tipicidade do fato<\/strong>, <strong><u>constituindo aut\u00eantico crime imposs\u00edvel<\/u><\/strong>.\u201d (MASSON, Cleber. Direito Penal, vol. 3, parte especial, 2014, p. 553)<\/p>\n\n\n\n<p>N\u00e3o se desconhece que existam decis\u00f5es (ex.: STJ, HC 420466) afastando a referida tese no que tange ao crime do art. 311 do CP. Todavia, tais decis\u00f5es foram proferidas ESPECIFICAMENTE no que tange \u00e0 conduta de adulterar a PLACA do ve\u00edculo (colocando fita isolante), pois tal conduta somente seria percept\u00edvel a olho nu de perto (n\u00e3o de longe).<\/p>\n\n\n\n<p>Ou seja, as decis\u00f5es que afastam o reconhecimento de crime imposs\u00edvel na falsifica\u00e7\u00e3o grosseira relativa ao crime do art. 311 do CP se referem sempre \u00e0 aposi\u00e7\u00e3o de fita isolante sobre a placa (geralmente traseira) do ve\u00edculo, pois a placa \u00e9 um sinal identificador externo, motivo pelo qual serve para identificar o ve\u00edculo n\u00e3o s\u00f3 de perto, mas tamb\u00e9m DE LONGE. Assim, mesmo a falsifica\u00e7\u00e3o grosseira a olho teria potencial de les\u00e3o \u00e0 f\u00e9 p\u00fablica, j\u00e1 que um radar eventualmente n\u00e3o conseguiria perceber a falsidade, bem como um policial n\u00e3o conseguiria distinguir com o carro em movimento.<\/p>\n\n\n\n<p>Por\u00e9m, tais decis\u00f5es n\u00e3o devem ser aplicadas ao caso de falsifica\u00e7\u00e3o do n\u00famero do chassi, pois n\u00e3o se trata de um sinal destinado a identificar o ve\u00edculo de longe. Logo, a falsifica\u00e7\u00e3o grosseira sempre seria percept\u00edvel, pois o agente, para ter acesso \u00e0 numera\u00e7\u00e3o, sempre deveria chegar pr\u00f3ximo ao local onde est\u00e1 realizada a inscri\u00e7\u00e3o.<\/p>\n\n\n\n<p>Assim, havendo s\u00f3lida doutrina no sentido da ocorr\u00eancia de crime imposs\u00edvel quando da falsifica\u00e7\u00e3o grosseira, ainda que existam vozes em contr\u00e1rio, a anula\u00e7\u00e3o da quest\u00e3o \u00e9 medida que se imp\u00f5e.<\/p>\n\n\n\n<p><strong>(CESPE\/2021\/PRF)<\/strong><\/p>\n\n\n\n<p><strong>102. A remarca\u00e7\u00e3o do chassi com o mesmo n\u00famero original do ve\u00edculo caracteriza crime contra a f\u00e9 p\u00fablica e infra\u00e7\u00e3o administrativa de tr\u00e2nsito.<\/strong><\/p>\n\n\n\n<p><strong>Gabarito da Banca: ERRADA <\/strong><br \/><strong>PLEITO: ALTERA\u00c7\u00c3O PARA CORRETA<\/strong><\/p>\n\n\n\n<p><strong>COMENT\u00c1RIOS<\/strong><\/p>\n\n\n\n<p>O art. 311 do CP assim disp\u00f5e:<\/p>\n\n\n\n<p><em>Art. 311 &#8211; <u>Adulterar<\/u> ou <u>remarcar<\/u> n\u00famero de chassi ou qualquer sinal identificador de ve\u00edculo automotor, de seu componente ou equipamento:(Reda\u00e7\u00e3o dada pela Lei n\u00ba 9.426, de 1996))<\/em><\/p>\n\n\n\n<p><em>Pena &#8211; reclus\u00e3o, de tr\u00eas a seis anos, e multa.&nbsp; (Reda\u00e7\u00e3o dada pela Lei n\u00ba 9.426, de 1996)<\/em><\/p>\n\n\n\n<p>Como se v\u00ea, o tipo penal do art. 311 do CP possui dois n\u00facleos:<\/p>\n\n\n\n<ul class=\"wp-block-list\"><li>ADULTERAR \u2013 Modificar, alterar, trocando os caracteres<\/li><li>REMARCAR \u2013 Marcar novamente<\/li><\/ul>\n\n\n\n<p>Na primeira conduta a adultera\u00e7\u00e3o, ou seja, a troca de caracteres (trocar um \u201c6\u201d por um \u201c8\u201d, um \u201cF\u201d por um \u201cR\u201d) \u00e9 indispens\u00e1vel, eis que \u00e9 elemento inerente a qualquer adultera\u00e7\u00e3o.<\/p>\n\n\n\n<p>Todavia, na modalidade de remarcar, o tipo penal n\u00e3o exige que se trate de remarca\u00e7\u00e3o com n\u00famero diverso (embora seja o usual).<\/p>\n\n\n\n<p>A remarca\u00e7\u00e3o do chassi, por si s\u00f3, ainda que o agente inscreva novamente o n\u00famero anterior, \u00e9 capaz de tipificar o delito, pois viola a autenticidade do sinal identificador.<\/p>\n\n\n\n<p>Fosse necess\u00e1ria a troca de caracteres, n\u00e3o faria sentido manter dois n\u00facleos em tal delito, bastando a presen\u00e7a do n\u00facleo \u201cadulterar\u201d.<\/p>\n\n\n\n<p>Al\u00e9m disso, tal conduta tamb\u00e9m est\u00e1 prevista como infra\u00e7\u00e3o de tr\u00e2nsito (art. 230, I do CTB).<\/p>\n\n\n\n<h3 class=\"has-pale-cyan-blue-background-color has-background wp-block-heading\" id=\"espanhol\">Recursos PRF &#8211; Espanhol (Prof. Adino\u00e9l Sebasti\u00e3o)<\/h3>\n\n\n\n<p><strong>|Item 1. El fr\u00edo extremo en Texas ocasion\u00f3 problemas en la distribuci\u00f3n de energ\u00eda en ese estado.|<\/strong><\/p>\n\n\n\n<p><strong>Gabarito preliminar da banca: CERTO<\/strong><\/p>\n\n\n\n<p>Considerando o gabarito preliminar divulgado pela banca CESPE no que tange \u00e0 disciplina de l\u00edngua espanhola da prova da Pol\u00edcia Rodovi\u00e1ria Federal 2021, entendo que <strong>h\u00e1 viabilidade de recurso quanto ao item 1<\/strong>.<\/p>\n\n\n\n<p>Para aqueles que pretendem entrar com recurso, seguem abaixo algumas considera\u00e7\u00f5es.<\/p>\n\n\n\n<p>A banca apresenta gabarito preliminar como CERTO\/CORRETO para este item:&nbsp;<strong><em>El fr\u00edo extremo en Texas ocasion\u00f3 problemas en la distribuci\u00f3n de energ\u00eda en ese estado<\/em><\/strong><strong>.<\/strong><\/p>\n\n\n\n<p>O item afirma que \u201c<strong>o frio extremo no Texas ocasionou problemas na distribui\u00e7\u00e3o de energia nesse estado<\/strong>\u201c. No entanto, com base no texto apresentado essa afirma\u00e7\u00e3o n\u00e3o pode ser considerada totalmente verdadeira j\u00e1 que o texto n\u00e3o menciona em nenhum momento que a \u201cdistribui\u00e7\u00e3o de energia\u201d teve problemas. <strong>Assim, o item deve ser considerado ERRADO.<\/strong><\/p>\n\n\n\n<p>Por que o item deve ser considerado errado?<\/p>\n\n\n\n<p>O texto \u00e9 sobre eletricidade, energia el\u00e9trica.<\/p>\n\n\n\n<p>Um sistema el\u00e9trico de um pa\u00eds \u00e9 dividido em gera\u00e7\u00e3o, transmiss\u00e3o, distribui\u00e7\u00e3o e comercializa\u00e7\u00e3o. Em nenhum momento do texto, h\u00e1 informa\u00e7\u00e3o sobre problemas na distribui\u00e7\u00e3o de energia el\u00e9trica no Texas. O texto at\u00e9 faz refer\u00eancia \u00e0 gera\u00e7\u00e3o (produ\u00e7\u00e3o de energia), mas faz refer\u00eancia \u00e0 distribui\u00e7\u00e3o.<\/p>\n\n\n\n<p>O texto menciona instala\u00e7\u00f5es fora de servi\u00e7o (<em>Al mismo tiempo, las instalaciones de gas natural, carb\u00f3n, e\u00f3licas y nucleares en Texas han quedado fuera de servicio debido a las impensables bajas temperaturas.<\/em>). No entanto, n\u00e3o se informa se essas instala\u00e7\u00f5es se referem \u00e0 gera\u00e7\u00e3o, transmiss\u00e3o, distribui\u00e7\u00e3o ou comercializa\u00e7\u00e3o.<\/p>\n\n\n\n<p>De acordo com os especialistas da \u00e1rea de energia el\u00e9trica a \u201cgera\u00e7\u00e3o pode ser centralizada \u2013 quando a energia \u00e9 produzida em um local, por usinas de maior porte, e posteriormente transmitida e distribu\u00edda para o consumidor por meio das redes de transmiss\u00e3o e de distribui\u00e7\u00e3o \u2013 ou distribu\u00edda \u2013 quando \u00e9 produzida no centro de consumo ou pr\u00f3ximo dele\u201d. (ver:&nbsp;<em>https:\/\/www.alemdaenergia.com.br\/voce-sabe-como-funciona-o-setor-eletrico-no-brasil\/<\/em>).<\/p>\n\n\n\n<p>De acordo com especialistas da \u00e1rea, a gera\u00e7\u00e3o \u00e9 a produ\u00e7\u00e3o de energia el\u00e9trica. A transmiss\u00e3o \u00e9 levar a energia el\u00e9trica at\u00e9 as distribuidoras. A distribui\u00e7\u00e3o \u00e9 levar a energia el\u00e9trica at\u00e9 empresas que fornecem energia para o consumidor final. A comercializa\u00e7\u00e3o \u00e9 a venda da energia el\u00e9trica ao consumidor final.&nbsp;<\/p>\n\n\n\n<p>(ver NR-10 sobre Seguran\u00e7a de Instala\u00e7\u00f5es e Servi\u00e7os de Eletricidade do Minist\u00e9rio da Economia:&nbsp;<em>https:\/\/www.gov.br\/trabalho\/pt-br\/inspecao\/seguranca-e-saude-no-trabalho\/ctpp-nrs\/norma-regulamentadora-no-10-nr-10<\/em>)<\/p>\n\n\n\n<p>(ver Manual de Aux\u00edlio \u00e0 Interpreta\u00e7\u00e3o da NR-10:&nbsp;<em>https:\/\/www.gov.br\/trabalho\/pt-br\/inspecao\/manuais-e-publicacoes\/manual_de_auxilio_na_interpretacao_e_aplicacao_da_nr_10.pdf\/view<\/em>)<\/p>\n\n\n\n<p>Al\u00e9m dessas informa\u00e7\u00f5es, v\u00e1rios estudos demonstram que o sistema el\u00e9trico do Texas \u00e9 composto de gera\u00e7\u00e3o, transmiss\u00e3o, distribui\u00e7\u00e3o e comercializa\u00e7\u00e3o. Isso \u00e9 demonstrado em um estudo realizado, entre outros, pelo grupos de estudos do setor el\u00e9trico da Universidade Federal do Rio de Janeiro, Universidade de S\u00e3o Paulo, CPFL Energia. O estudo se encontra neste link:<\/p>\n\n\n\n<p>(https:\/\/www.cpfl.com.br\/energias-sustentaveis\/inovacao\/projetos\/Documents\/PB3002\/caracteristicas-de-sistemas-eletricos-de-paises-selecionados.pdf)<\/p>\n\n\n\n<p>De acordo com o estudo, na p\u00e1gina 392, no Texas a \u201c<em>distribui\u00e7\u00e3o inclui as linhas com voltagem inferior a 69KV e \u00e9 representada pelas TDUs (Transmission Delivery Utilities), propriet\u00e1rias dos ativos de transmiss\u00e3o regulados pela PUC. Quanto \u00e0 comercializa\u00e7\u00e3o, h\u00e1 atua\u00e7\u00e3o de diversos REPs (Retail Electric Providers), que est\u00e3o proibidos por lei de possu\u00edrem plantas geradoras e devem comprar eletricidade no atacado para atender \u00e0 demanda dos consumidores. H\u00e1 186 varejistas certificados e mais de 1.100 agentes no mercado el\u00e9trico do Texas<\/em>\u201c.<\/p>\n\n\n\n<p>Como podemos verificar no Texas h\u00e1 um sistema de distribui\u00e7\u00e3o e um sistema de comercializa\u00e7\u00e3o de energia el\u00e9trica. E, de acordo com as informa\u00e7\u00f5es do texto, n\u00e3o se pode afirmar (com absoluta certeza) que o frio ocasionou problemas na distribui\u00e7\u00e3o de energia el\u00e9trica. Ali\u00e1s, o texto at\u00e9 fala em cortes de energia, mas n\u00e3o especifica quem provoca esses cortes de energia. Quem provocou os cortes foram as distribuidoras de energia el\u00e9trica? Quem provocou os cortes foram as empresas comercializadoras de energia el\u00e9trica?<\/p>\n\n\n\n<p>\u00c9 importante recordar que o texto apresentado na prova foi adaptado pela banca. O texto original (ver link abaixo) pode at\u00e9 mencionar ou dar a entender que ocorreu problemas com as distribuidoras de energia el\u00e9trica (distribui\u00e7\u00e3o de energia el\u00e9trica). No entanto, apenas pelo texto adaptado n\u00e3o se pode considerar a afirma\u00e7\u00e3o do item 1 como correta.<\/p>\n\n\n\n<p>Nesse sentido, o gabarito preliminar da banca que considera o item como CERTO, deve ser modificado para ERRADO.<\/p>\n\n\n\n<p>Link para texto original: https:\/\/cnnespanol.cnn.com\/2021\/02\/17\/texas-produce-mas-energia-que-cualquier-estado-apagon\/<\/p>\n\n\n\n<h3 class=\"has-pale-cyan-blue-background-color has-background wp-block-heading\" id=\"ctb\">Recursos PRF &#8211; CTB e Resolu\u00e7\u00f5es do CONTRAN (Prof. Alexandre Herculano)<\/h3>\n\n\n\n<p>Meu nome \u00e9 Alexandre Herculano, sou professor no Estrat\u00e9gia Concursos nas mat\u00e9rias de Legisla\u00e7\u00e3o de Tr\u00e2nsito, Leis Penais e Medicina Legal. Primeiramente gostaria de agradecer os elogios. Acertamos quase todas as quest\u00f5es!<\/p>\n\n\n\n<p>Vou destacar, abaixo, algumas quest\u00f5es pol\u00eamicas que s\u00e3o pass\u00edveis de recursos. Cabe lembrar que a banca n\u00e3o analisa recursos iguais. Assim, seria interessante que o candidato alterasse os fundamentos.<\/p>\n\n\n\n<p>Outra coisa, o aluno tem que procurar pela reda\u00e7\u00e3o qual o n\u00famero da quest\u00e3o na sua prova. Ok? Vamos l\u00e1!<\/p>\n\n\n\n<p><strong>Como os reboques e os semirrreboques s\u00e3o identificados somente por placa de identifica\u00e7\u00e3o veicular (PIV) traseira, caso seja necess\u00e1rio, ve\u00edculos equipados com engates para reboques ou com carroceria intercambi\u00e1vel dever\u00e3o obrigatoriamente usar uma segunda PIV traseira.<\/strong><\/p>\n\n\n\n<p><strong>Q. 62<\/strong><\/p>\n\n\n\n<p>Como os reboques e os semirrreboques s\u00e3o identificados somente por placa de identifica\u00e7\u00e3o veicular (PIV) traseira, caso seja necess\u00e1rio, ve\u00edculos equipados com engates para reboques ou com carroceria intercambi\u00e1vel dever\u00e3o obrigatoriamente usar uma segunda PIV traseira.<\/p>\n\n\n\n<p><strong>Coment\u00e1rios:<\/strong><\/p>\n\n\n\n<p>No texto da quest\u00e3o, percebe-se que n\u00e3o ficou claro o uso e a exig\u00eancia de uma segunda \u201cPIV\u201d. A exig\u00eancia, segundo a norma destacada abaixo, s\u00f3 vai acontecer quando eventualmente a carga cobrir,&nbsp;<strong>total ou parcialmente<\/strong>, a PIV traseira. Vejamos:<\/p>\n\n\n\n<p><strong>Resolu\u00e7\u00e3o n\u00ba 780 do CONTRAN:<\/strong><\/p>\n\n\n\n<p><em>Art. 4\u00ba \u00c9 obrigat\u00f3rio o uso de segunda PIV traseira nos ve\u00edculos equipados com engates para reboques ou carroceria intercambi\u00e1vel, transportando eventualmente carga que cobrir, total ou parcialmente, a PIV traseira.<\/em><\/p>\n\n\n\n<p>Assim, solicito a anula\u00e7\u00e3o da quest\u00e3o.<\/p>\n\n\n\n<p><strong>Gabarito da banca: certo.<\/strong><\/p>\n\n\n\n<p><strong>Ainda com rela\u00e7\u00e3o \u00e0s resolu\u00e7\u00f5es do CONTRAN e suas altera\u00e7\u00f5es, julgue os itens subsequentes.<\/strong><\/p>\n\n\n\n<p><strong>Q. 67<\/strong><\/p>\n\n\n\n<p>Lanternas especiais de emerg\u00eancia que emitem luz de cor azul s\u00e3o de uso exclusivo de ve\u00edculos que estejam devidamente identificados e destinados a socorro de inc\u00eandio e salvamento, a exemplo dos ve\u00edculos de pol\u00edcia, de fiscaliza\u00e7\u00e3o e de opera\u00e7\u00f5es de tr\u00e2nsito e de ambul\u00e2ncias, quando da efetiva presta\u00e7\u00e3o do servi\u00e7o de urg\u00eancia.<\/p>\n\n\n\n<p><strong>Coment\u00e1rios:<\/strong><\/p>\n\n\n\n<p>Pelo texto da quest\u00e3o parece que as viaturas de pol\u00edcia, os de opera\u00e7\u00e3o e fiscaliza\u00e7\u00e3o de tr\u00e2nsito e as ambul\u00e2ncias s\u00e3o ve\u00edculos de socorro de inc\u00eandio e salvamento, ou seja, generalizou. S\u00e3o diferentes. Vejamos a reda\u00e7\u00e3o da norma destacada:<\/p>\n\n\n\n<p><strong>Resolu\u00e7\u00e3o n\u00ba 667 do CONTRAN.<\/strong><\/p>\n\n\n\n<p><em>Art. 2\u00ba<\/em><\/p>\n\n\n\n<p><em>(&#8230;) \u00a7 1\u00ba As lanternas especiais de emerg\u00eancia que emitem luz de cor azul, conforme Anexo XVI, poder\u00e3o ser utilizadas exclusivamente&nbsp;<strong>em ve\u00edculos destinados a socorro de inc\u00eandio e salvamento, os de pol\u00edcia, os de fiscaliza\u00e7\u00e3o e opera\u00e7\u00e3o de tr\u00e2nsito e as ambul\u00e2ncias, quando em efetiva presta\u00e7\u00e3o do servi\u00e7o de urg\u00eancia e devidamente identificados.<\/strong><\/em><\/p>\n\n\n\n<p>Assim, solicito a anula\u00e7\u00e3o da quest\u00e3o.<\/p>\n\n\n\n<p><strong>Gabarito da banca: certo.<\/strong><\/p>\n\n\n\n<p><strong>Com rela\u00e7\u00e3o a limites de peso e dimens\u00f5es para circula\u00e7\u00e3o de ve\u00edculos em vias p\u00fablicas, excetuadas as condi\u00e7\u00f5es para emiss\u00e3o das autoriza\u00e7\u00f5es especiais de tr\u00e2nsito, julgue os itens subsequentes.<\/strong><\/p>\n\n\n\n<p><strong>Q. 76<\/strong><\/p>\n\n\n\n<p>O comprimento m\u00e1ximo permitido para circula\u00e7\u00e3o de ve\u00edculos n\u00e3o articulados em vias p\u00fablicas \u00e9 de 14,00 metros.<\/p>\n\n\n\n<p><strong>Coment\u00e1rios:<\/strong><\/p>\n\n\n\n<p>N\u00e3o \u00e9 todo ve\u00edculo n\u00e3o-articulado que ter\u00e1 no m\u00e1ximo 14m. Por exemplo, os n\u00e3o-articulados de transporte coletivo urbano de passageiros que possuam 3\u00ba eixo de apoio direcional o comprimento m\u00e1ximo ser\u00e1 de 15 metros. Vejamos:<\/p>\n\n\n\n<p>\u201cArt. 1\u00ba As dimens\u00f5es autorizadas para ve\u00edculos, com ou sem carga, s\u00e3o as seguintes:<\/p>\n\n\n\n<p><em>III &#8211; comprimento total:<\/em><\/p>\n\n\n\n<p><em>a)&nbsp;<strong>ve\u00edculos n\u00e3o-articulados<\/strong>: m\u00e1ximo de 14,00 metros;<\/em><\/p>\n\n\n\n<p><em>b) ve\u00edculos n\u00e3o-articulados de transporte coletivo urbano de passageiros que possuam 3\u00ba eixo de apoio direcional: m\u00e1ximo de 15 metros;<\/em><\/p>\n\n\n\n<p><em>b1)&nbsp;<strong>ve\u00edculos n\u00e3o articulados de caracter\u00edstica rodovi\u00e1ria para o transporte coletivo de passageiros<\/strong>, na configura\u00e7\u00e3o de chassi 8X2: m\u00e1ximo de 15 metros;\u201d<\/em><\/p>\n\n\n\n<p>Dessa forma, solicito anula\u00e7\u00e3o da quest\u00e3o.<\/p>\n\n\n\n<p><strong>Gabarito da banca: certo.<\/strong><\/p>\n\n\n\n<p><strong>Acerca dos requisitos m\u00ednimos de seguran\u00e7a para o transporte de cargas e ve\u00edculos, julgue os pr\u00f3ximos itens.<\/strong><\/p>\n\n\n\n<p><strong>Q. 83<\/strong><\/p>\n\n\n\n<p>Para amarra\u00e7\u00e3o de carga, \u00e9 proibida a utiliza\u00e7\u00e3o de cordas, sendo permitido o seu uso exclusivamente para fixa\u00e7\u00e3o da lona de cobertura, quando necess\u00e1rio.<\/p>\n\n\n\n<p><strong>Coment\u00e1rios:<\/strong><\/p>\n\n\n\n<p>Trata-se&nbsp;<strong>Resolu\u00e7\u00e3o 552 do CONTRAN<\/strong>, mas n\u00e3o foi citada no enunciado.<\/p>\n\n\n\n<p><em>\u201cArt. 4\u00ba<\/em><\/p>\n\n\n\n<p><em>(&#8230;)<\/em><\/p>\n\n\n\n<p><em>\u00a7 3\u00ba Fica proibida a utiliza\u00e7\u00e3o de cordas como dispositivo de amarra\u00e7\u00e3o de carga, sendo permitido o seu uso exclusivamente para fixa\u00e7\u00e3o da lona de cobertura, quando exig\u00edvel.\u201d<\/em><\/p>\n\n\n\n<p>Logo, h\u00e1 outra Resolu\u00e7\u00e3o do CONTRAN, no edital, que exige a corga como requisito de seguran\u00e7a. Isso acontece no caso de transporte de cana-de-a\u00e7\u00facar. Vejamos:<\/p>\n\n\n\n<p>A&nbsp;<strong>Resolu\u00e7\u00e3o 441 do CONTRAN,&nbsp;<\/strong>que trata de transporte de carga tamb\u00e9m, destaca a possibilidade do uso de cordas.&nbsp;<\/p>\n\n\n\n<p><em>\u201cConsiderando que o caput do art. 102 do C\u00f3digo de Tr\u00e2nsito Brasileiro exige que o ve\u00edculo esteja devidamente equipado para evitar o derramamento de carga sobre a via;&nbsp;<\/em><\/p>\n\n\n\n<p><em>\u201cArt. 1\u00ba A. Para os ve\u00edculos utilizados no transporte de cana-de-a\u00e7\u00facar, o uso de lona,&nbsp;<strong>cordas&nbsp;<\/strong>ou dispositivo similar de que trata o \u00a7 1\u00ba do art. 1\u00ba ser\u00e1 exigido a partir do dia 1\u00ba de junho de 2017. (Reda\u00e7\u00e3o dada pela Resolu\u00e7\u00e3o CONTRAN N\u00ba 664 DE 18\/05\/2017).\u201d<\/em><\/p>\n\n\n\n<p>Assim, solicito a anula\u00e7\u00e3o da quest\u00e3o.<\/p>\n\n\n\n<p><strong>Gabarito da banca: certo.<\/strong><\/p>\n\n\n\n<h3 class=\"has-pale-cyan-blue-background-color has-background wp-block-heading\" id=\"transito\">Recursos PRF &#8211; Legisla\u00e7\u00e3o de Tr\u00e2nsito (Prof. Marcos Gir\u00e3o)<\/h3>\n\n\n\n<p><strong>Quest\u00e3o 67<\/strong><strong>: <\/strong><em>O Plano Nacional de Tr\u00e2nsito \u00e9 composto por um rol de iniciativas e de a\u00e7\u00f5es, sendo um de seus pilares a mobilidade e a engenharia.<\/em><\/p>\n\n\n\n<p><strong>Resposta:<\/strong><strong> CERTO (CABE RECURSO)<\/strong><\/p>\n\n\n\n<p><strong><u>Coment\u00e1rio<\/u><\/strong><strong>:<\/strong><\/p>\n\n\n\n<p><strong>Sugest\u00e3o de argumento para recurso<\/strong>:<\/p>\n\n\n\n<p>Pela reda\u00e7\u00e3o da assertiva, infere-se que a banca cobrou do candidato o conhecimento da Resolu\u00e7\u00e3o CONTRAN n\u00ba 740\/18, mais precisamente do Anexo I dessa norma que trata do PNATRANS.<\/p>\n\n\n\n<p>Em seu item 6.3, p\u00e1gs. 34 a 44, o referido Anexo traz o rol de iniciativas e de a\u00e7\u00f5es que integram o PNATRANS e constituem o Programa Nacional de Tr\u00e2nsito (e n\u00e3o o tal Plano Nacional de Tr\u00e2nsito citado pela assertiva). Esse rol est\u00e1 dividido em 8 grandes pilares, dentre eles o Pilar 7 o da Mobilidade e Engenharia. Confira:<\/p>\n\n\n\n<div class=\"wp-block-image\"><figure class=\"aligncenter size-large\"><img loading=\"lazy\" decoding=\"async\" width=\"631\" height=\"99\" src=\"https:\/\/dhg1h5j42swfq.cloudfront.net\/2021\/05\/12101448\/image-300.png\" alt=\"\" class=\"wp-image-738358\" srcset=\"https:\/\/dhg1h5j42swfq.cloudfront.net\/2021\/05\/12101448\/image-300.png 631w, https:\/\/dhg1h5j42swfq.cloudfront.net\/2021\/05\/12101448\/image-300-300x47.png 300w, https:\/\/dhg1h5j42swfq.cloudfront.net\/2021\/05\/12101448\/image-300-610x96.png 610w\" sizes=\"auto, (max-width: 631px) 100vw, 631px\" \/><\/figure><\/div>\n\n\n\n<p>E se o elaborador se referiu ao PNATRANS como Plano Nacional de Tr\u00e2nsito, cometeu erro na tradu\u00e7\u00e3o da sigla, pois PNATRANS significa Plano Nacional de Redu\u00e7\u00e3o de Mortes e Les\u00f5es no Tr\u00e2nsito.<\/p>\n\n\n\n<p>Em nenhuma parte nem do texto principal da Resolu\u00e7\u00e3o n\u00ba 740\/18 e nem no texto do seu Anexo I h\u00e1 qualquer refer\u00eancia ao termo Plano Nacional de Tr\u00e2nsito.&nbsp; Pede-se a troca de gabarito de CERTO para ERRADO.<\/p>\n\n\n\n<p><strong>Quest\u00e3o 70:<\/strong><strong> <\/strong><em>Lanternas especiais de emerg\u00eancia que emitem luz de cor azul s\u00e3o de uso exclusivo de ve\u00edculos que estejam devidamente identificados e destinados a socorro de inc\u00eandio e salvamento, a exemplo dos ve\u00edculos de pol\u00edcia, de fiscaliza\u00e7\u00e3o e de opera\u00e7\u00f5es de tr\u00e2nsito e de ambul\u00e2ncias, quando da efetiva presta\u00e7\u00e3o do servi\u00e7o de urg\u00eancia.<\/em><\/p>\n\n\n\n<p>Resposta:<strong> CERTO (CABE RECURSO<\/strong><strong>)<\/strong><strong><\/strong><\/p>\n\n\n\n<p><strong><u>Coment\u00e1rio<\/u><\/strong><strong>:<\/strong><\/p>\n\n\n\n<p><strong>Sugest\u00e3o de argumento para recurso<\/strong>:<\/p>\n\n\n\n<p>Em seu texto, a assertiva traz impropriedade no uso da l\u00edngua portuguesa, o que causou confus\u00e3o no julgamento dos candidatos. \u00c9 que de acordo com o \u00a71\u00ba do art. 2\u00ba da Resolu\u00e7\u00e3o CONTRAN n\u00ba 667\/17:<\/p>\n\n\n\n<blockquote class=\"wp-block-quote is-layout-flow wp-block-quote-is-layout-flow\"><p><em>Art. 2\u00ba (&#8230;)<\/em><\/p><p><em>\u00a7 1\u00ba As lanternas especiais de emerg\u00eancia que emitem luz de cor azul, conforme Anexo XVI,&nbsp; poder\u00e3o&nbsp; ser&nbsp; utilizadas&nbsp; exclusivamente&nbsp; em&nbsp; ve\u00edculos&nbsp; destinados&nbsp; a&nbsp; socorro&nbsp; de&nbsp; inc\u00eandio&nbsp; e salvamento, os de pol\u00edcia, os de fiscaliza\u00e7\u00e3o e opera\u00e7\u00e3o de tr\u00e2nsito e as ambul\u00e2ncias, quando em efetiva presta\u00e7\u00e3o do servi\u00e7o de urg\u00eancia e devidamente identificados.&nbsp;<\/em><\/p><\/blockquote>\n\n\n\n<p>Como se pode ver, o dispositivo enumera os tipos de ve\u00edculos que gozam da exclusividade uso da luz de cor azul quando em situa\u00e7\u00f5es de presta\u00e7\u00e3o de servi\u00e7o de urg\u00eancia e devidamente identificados. Ao usar a express\u00e3o \u201ca exemplo de\u201d, a assertiva leva o candidato a concluir que os ve\u00edculos de pol\u00edcia, de fiscaliza\u00e7\u00e3o e de opera\u00e7\u00f5es de tr\u00e2nsito e as ambul\u00e2ncias &nbsp;s\u00e3o esp\u00e9cies do g\u00eanero ve\u00edculo de inc\u00eandio e salvamento. Por duas raz\u00f5es isso est\u00e1 errado:<\/p>\n\n\n\n<p>1-) Os ve\u00edculos de pol\u00edcia, os de fiscaliza\u00e7\u00e3o e opera\u00e7\u00e3o de tr\u00e2nsito e as ambul\u00e2ncias n\u00e3o s\u00e3o exemplos de ve\u00edculos de inc\u00eandio e de salvamento, mas sim outras esp\u00e9cies de ve\u00edculos que gozam da mesma prerrogativa trazida pela regra do \u00a71\u00ba do art. 2\u00ba da Resol. 667\/17; e<\/p>\n\n\n\n<p>2-) n\u00e3o foi essa a inten\u00e7\u00e3o do legislador ao criar tal regra, e sim a de enumerar os tipos de ve\u00edculos que gozariam do uso da cor azul nas condi\u00e7\u00f5es citadas na assertiva.<\/p>\n\n\n\n<p>O significado da locu\u00e7\u00e3o \u201ca exemplo de\u201d, segundo o Dicion\u00e1rios Houaiss \u00e9: &#8216;conforme o exemplo dado por&#8217;, o que faz causar ainda mais estranheza \u00e0 reda\u00e7\u00e3o ao tentar substituir a correspondente \u201ca exemplo de\u201d na assertiva.<\/p>\n\n\n\n<p>Pelo exposto, conclui-se que a reda\u00e7\u00e3o da assertiva prejudicou o correto julgamento do candidato e, portanto, pede-se <strong>ANULA\u00c7\u00c3O <\/strong>da quest\u00e3o.<\/p>\n\n\n\n<p><strong>Quest\u00e3o 76:&nbsp;<\/strong><em>O comprimento m\u00e1ximo permitido para a circula\u00e7\u00e3o de ve\u00edculos n\u00e3o articulados em vias p\u00fablicas \u00e9 de 14,00 metros.<\/em><\/p>\n\n\n\n<p>Resposta:<strong>&nbsp;CERTO (CABE RECURSO)<\/strong><\/p>\n\n\n\n<p><strong><u>Coment\u00e1rio:<\/u><\/strong><\/p>\n\n\n\n<p><strong>Sugest\u00e3o de argumento para recurso<\/strong>:<\/p>\n\n\n\n<p>Caro elaborador, de acordo com o art. 2\u00ba, inciso III, al\u00edneas \u201ca\u201d e \u201cb\u201d da Resolu\u00e7\u00e3o n\u00ba 210\/06:<\/p>\n\n\n\n<blockquote class=\"wp-block-quote is-layout-flow wp-block-quote-is-layout-flow\"><p><em>Art. 1\u00ba&nbsp; As dimens\u00f5es autorizadas para ve\u00edculos, com ou sem carga, s\u00e3o as seguintes:<br \/>(&#8230;)<br \/>III \u2013 <strong>comprimento total<\/strong>:<br \/>a) ve\u00edculos n\u00e3o-articulados: m\u00e1ximo de 14,00 metros;<br \/>b) <strong>ve\u00edculos n\u00e3o-articulados de transporte coletivo urbano de passageiros que possuam 3\u00ba eixo de apoio direcional: m\u00e1ximo de 15 metros<\/strong>;<\/em><\/p><\/blockquote>\n\n\n\n<p>Das regras acima, infere-se que a depender do tipo de ve\u00edculo n\u00e3o articulado, o comprimento total m\u00e1ximo pode ser diferente. Assim, n\u00e3o se pode afirmar que o comprimento m\u00e1ximo permitido para a circula\u00e7\u00e3o de ve\u00edculos n\u00e3o articulados em vias p\u00fablicas \u00e9 de 14 metros. E se em uma fiscaliza\u00e7\u00e3o um PRF estiver diante de ve\u00edculos n\u00e3o-articulados de transporte coletivo urbano de passageiros que possuam 3\u00ba eixo de apoio direcional? Esse poder\u00e1 chegar ao comprimento m\u00e1ximo de 15 metros!<\/p>\n\n\n\n<p>Os dispositivos citados na Resol. 210\/06 n\u00e3o tratam de regra geral e de exce\u00e7\u00e3o, e sim de duas esp\u00e9cies de ve\u00edculos n\u00e3o articulados que possuem comprimento total m\u00e1ximo diferentes. Houve uma generaliza\u00e7\u00e3o no que fora afirmado na assertiva, comprometendo o julgamento do candidato. Diante do exposto, sugere-se ANULA\u00c7\u00c3O da quest\u00e3o.<\/p>\n\n\n\n<p><em>Acerca dos requisitos m\u00ednimos de seguran\u00e7a para o transporte de cargas em ve\u00edculos, julgue os pr\u00f3ximos itens.<\/em><\/p>\n\n\n\n<p><strong><em>Quest\u00e3o 83: <\/em><\/strong><strong><em>&nbsp;<\/em><\/strong><em>Para a amarra\u00e7\u00e3o de carga, \u00e9 proibida a utiliza\u00e7\u00e3o de cordas, sendo permitido o seu uso exclusivamente para a fixa\u00e7\u00e3o da lona de cobertura, quando necess\u00e1rio.<\/em><\/p>\n\n\n\n<p>Resposta:<strong>&nbsp;CERTO<\/strong><\/p>\n\n\n\n<p><strong><u>Coment\u00e1rio<\/u><\/strong><strong>:<\/strong><\/p>\n\n\n\n<p><strong><span class=\"has-inline-color has-vivid-red-color\">N\u00c3O VEJO POSSIBILIDADE DE SUCESSO EM RECURSOS!<\/span><\/strong><\/p>\n\n\n\n<p>Se voc\u00ea se ligou com a \u201ccabe\u00e7a\u201d do enunciado, que \u00e9 o mesmo para essa e para as assertivas 84 e 85, concluiu que o elaborador queria que voc\u00ea baseasse sua resposta na Resolu\u00e7\u00e3o que trata acerca dos requisitos m\u00ednimos de seguran\u00e7a para o transporte de cargas em ve\u00edculos. E que norma \u00e9 essa?<\/p>\n\n\n\n<p>A Resolu\u00e7\u00e3o n\u00ba 552\/15! \u00c9 o que estabelece o seu art. 1\u00ba! Confira:<\/p>\n\n\n\n<blockquote class=\"wp-block-quote is-layout-flow wp-block-quote-is-layout-flow\"><p><em>Art.&nbsp; 1\u00ba Esta&nbsp; Resolu\u00e7\u00e3o&nbsp; fixa&nbsp; os&nbsp; <strong>requisitos&nbsp; m\u00ednimos&nbsp; de&nbsp; seguran\u00e7a&nbsp; para&nbsp; o&nbsp; transporte&nbsp; de cargas em ve\u00edculos de carga<\/strong>.<br \/>Par\u00e1grafo&nbsp; \u00fanico.&nbsp;&nbsp;&nbsp; As&nbsp; disposi\u00e7\u00f5es&nbsp; contidas&nbsp; nesta&nbsp; Resolu\u00e7\u00e3o&nbsp; aplicam-se&nbsp; tamb\u00e9m&nbsp; aos ve\u00edculos registrados como especiais ou mistos utilizados no transporte de cargas.<\/em><\/p><\/blockquote>\n\n\n\n<p>Logo, sua an\u00e1lise tamb\u00e9m teria que se restringir ao que regulamenta essa Resolu\u00e7\u00e3o!<\/p>\n\n\n\n<p>E de acordo com o seu \u00a73\u00ba do art. 4\u00ba dessa norma:<\/p>\n\n\n\n<blockquote class=\"wp-block-quote is-layout-flow wp-block-quote-is-layout-flow\"><p><em>Art. 4\u00ba (&#8230;)<br \/>\u00a7 3\u00ba&nbsp; Fica proibida a utiliza\u00e7\u00e3o de cordas como dispositivo de amarra\u00e7\u00e3o de carga, sendo permitido o seu uso exclusivamente para fixa\u00e7\u00e3o da lona de cobertura, quando exig\u00edvel.<\/em><\/p><\/blockquote>\n\n\n\n<p>Exatamente o que afirma a quest\u00e3o!<\/p>\n\n\n\n<p>Mas professor, h\u00e1 exce\u00e7\u00e3o a essa regra e ela consta nos arts. 1\u00ba-A e 1\u00ba-B da Resolu\u00e7\u00e3o n\u00ba 441\/13, com reda\u00e7\u00e3o dada pela Resol. 664\/17 ! Veja s\u00f3:<\/p>\n\n\n\n<blockquote class=\"wp-block-quote is-layout-flow wp-block-quote-is-layout-flow\"><p><em>\u201cArt. 1\u00ba -A. Para os ve\u00edculos utilizados no <strong>transporte de cana-de-a\u00e7\u00facar<\/strong>, o uso de lona, <strong>cordas<\/strong> ou dispositivo similar de que trata o \u00a71\u00ba do art. 1\u00ba ser\u00e1 exigido a partir do dia 1\u00ba de junho de 2017<br \/>\u201cArt.&nbsp; 1\u00ba-B.&nbsp; A&nbsp; utiliza\u00e7\u00e3o&nbsp; de&nbsp; cordas,&nbsp; prevista&nbsp; no art.&nbsp; 1-A,&nbsp; fica&nbsp; restrita&nbsp; a cana-de-a\u00e7\u00facar inteira, medindo entre 1,50 e 3,00m.<br \/>Par\u00e1grafo \u00fanico. As cordas dever\u00e3o ter dist\u00e2ncia m\u00e1xima entre elas de 1,50m, impedindo o derramamento da carga na via.\u201d<\/em><\/p><\/blockquote>\n\n\n\n<p>\u00c9 verdade, mas pergunto: qual \u00e9 o escopo da Resolu\u00e7\u00e3o n\u00ba 441\/13?<\/p>\n\n\n\n<p>Dispor sobre o transporte de cargas de s\u00f3lidos a granel nas vias abertas \u00e0 circula\u00e7\u00e3o p\u00fablica em todo o territ\u00f3rio nacional (sua ementa), e n\u00e3o fixar os requisitos m\u00ednimos de seguran\u00e7a para amarra\u00e7\u00e3o das cargas transportadas em ve\u00edculos de carga, que \u00e9 o escopo da Resol. 552\/15, a norma que expressamente \u00e9 citada pelo elaborador da prova na \u201ccabe\u00e7a\u201d do enunciado dessa quest\u00e3o: <em>Acerca dos requisitos m\u00ednimos de seguran\u00e7a para o transporte de cargas em ve\u00edculos, julgue os pr\u00f3ximos itens<\/em>.<\/p>\n\n\n\n<p>Ent\u00e3o, a resposta teria que ser dada baseando-se estritamente na Resol. 552\/15! Em sua resposta, o elaborador precisava ser coerente com o que ele pediu na \u201ccabe\u00e7a\u201d do enunciado dessas tr\u00eas quest\u00f5es. E foi exatamente isso que ele mostrou em sua resposta. Por esse motivo eu n\u00e3o creio que poder\u00e1 haver sucesso em eventuais recursos. Agora, se voc\u00ea ainda n\u00e3o se convenceu e entende que ainda assim cabe recurso, n\u00e3o se furte de faz\u00ea-lo! S\u00f3 que voc\u00ea precisar\u00e1 ser bastante convincente.<\/p>\n\n\n\n<p>Bom, \u00e9 isso!<\/p>\n\n\n\n<p>Espero que voc\u00ea tenha se dado muito bem em sua prova e esteja confiante! Estou na torcida!<\/p>\n\n\n\n<h3 class=\"has-pale-cyan-blue-background-color has-background wp-block-heading\" id=\"ingles\">Recursos PRF &#8211; Ingl\u00eas (Prof. Roberto Witte)<\/h3>\n\n\n\n<p><strong>Venho por meio desta solicitar a altera\u00e7\u00e3o do gabarito da Quest\u00e3o 01 de Certa para Errada.<\/strong><\/p>\n\n\n\n<p><strong>Quest\u00e3o 1. Extremely cold temperatures in Texas created problems for the distribution of energy in the state. <\/strong><em>(Quest\u00e3o 1. Temperaturas extremamente frias no Texas criaram problemas para a distribui\u00e7\u00e3o de energia no estado.)<\/em><\/p>\n\n\n\n<p><em>A afirma\u00e7\u00e3o diz que temperaturas extremamente frias no Texas criaram problemas para a distribui\u00e7\u00e3o de energia no estado. Pois, em nenhuma parte do texto \u00e9 mencionado problemas de distribui\u00e7\u00e3o. Ao longo do texto, \u00e9 enfatizado que as baix\u00edssimas temperaturas causaram problemas na <strong>produ\u00e7\u00e3o<\/strong> de energia, e n\u00e3o <strong>distribui\u00e7\u00e3o<\/strong>. Alguns trechos que enfatizam esse fato s\u00e3o:<\/em><\/p>\n\n\n\n<p><strong><em><u>Par\u00e1grafo 1<\/u><\/em><\/strong><em>. <\/em>At the same time, natural gas, coal, wind and nuclear facilities in Texas have been knocked offline by the unthinkably low temperatures.<em>(Ao mesmo tempo, g\u00e1s natural, carv\u00e3o, instala\u00e7\u00f5es e\u00f3licas e nucleares no Texas foram desativadas pelas inimagin\u00e1veis baixas temperaturas.), <\/em><strong>ou seja, o desativamento de instala\u00e7\u00f5es\/usinas e\u00f3licas e nucleares \u00e9 desativa\u00e7\u00e3o de produ\u00e7\u00e3o, e n\u00e3o de distribui\u00e7\u00e3o.<\/strong><em><\/em><\/p>\n\n\n\n<p><strong><em><u>Par\u00e1grafo 2<\/u><\/em><\/strong><em>. <\/em>\u201cThe extreme cold is causing the entire system to freeze up\u201d, said Jason Bordoff, director of Columbia University\u2019s Center on Global Energy Policy. \u201cAll sources of energy are underperforming in the extreme cold because they\u2019re not designed to handle these unusual conditions.\u201d <em>(&#8220;O frio extremo est\u00e1 fazendo com que todo o sistema congele (ou pare)&#8221;, disse Jason Bordoff, diretor do Centro de Pol\u00edtica Global de Energia da Universidade de Columbia. &#8220;Todas as fontes de energia est\u00e3o com baixo desempenho no frio extremo porque n\u00e3o foram projetadas para lidar com essas condi\u00e7\u00f5es incomuns.\u201d)<\/em><\/p>\n\n\n\n<p><strong>Aqui est\u00e1 expl\u00edcito que as fontes de energia foi afetada pelas baixas temperaturas. Aqui subentende-se \u201cprodu\u00e7\u00e3o\u201d de energia, e n\u00e3o sua distribui\u00e7\u00e3o.<\/strong><\/p>\n\n\n\n<p><strong><em><u>Par\u00e1grafos 6, 7 e 8<\/u><\/em><\/strong><em>. <\/em>Critics of renewable energy have pointed out that wind turbines have frozen or needed to be shut down due to the extreme weather.<\/p>\n\n\n\n<p>&nbsp;&nbsp;&nbsp;&nbsp;&nbsp;&nbsp;&nbsp;&nbsp;&nbsp;&nbsp;&nbsp;&nbsp;&nbsp;&nbsp; Even though other places with colder weather (like Iowa and Denmark) rely on wind for even larger shares of power, experts said the turbines in Texas are not winterized for unexpected freeze.<\/p>\n\n\n\n<p>&nbsp;&nbsp;&nbsp;&nbsp;&nbsp;&nbsp;&nbsp;&nbsp;&nbsp;&nbsp;&nbsp; But this is not just about turbines going down. Natural gas and coal-fired power plants need water to stay online. Yet those water facilities froze in the cold temperatures and others lost access to electricity they require to operate <em>(Cr\u00edticos da energia renov\u00e1vel apontaram que as turbinas e\u00f3licas congelaram ou precisaram ser desligadas devido ao clima extremo.<\/em><\/p>\n\n\n\n<p><em>Embora outros lugares com tempo mais frio (como Iowa e Dinamarca) dependam de vento para uma parcela ainda maior de energia, especialistas disseram que as turbinas no Texas n\u00e3o est\u00e3o\/s\u00e3o adaptadas ao inverno para um congelamento inesperado.<\/em><\/p>\n\n\n\n<p><em>Mas n\u00e3o se trata apenas de turbinas se desligando. Usinas de g\u00e1s natural e carv\u00e3o precisam de \u00e1gua para ficar on-line (ativas). No entanto, essas instala\u00e7\u00f5es de \u00e1gua congelaram nas temperaturas frias e outras perderam o acesso \u00e0 eletricidade de que necessitam para operar.)<\/em><\/p>\n\n\n\n<p><strong>Nesses tr\u00eas par\u00e1grafos tamb\u00e9m fica expl\u00edcito o problema de produ\u00e7\u00e3o de energia, e n\u00e3o de distribui\u00e7\u00e3o de energia.<\/strong><\/p>\n\n\n\n<p>Outro ponto que corrobora que a quest\u00e3o 1 est\u00e1 errada (e a invalida) s\u00e3o os par\u00e1grafos 10 e 11, a saber:<\/p>\n\n\n\n<p><strong><em><u>Par\u00e1grafos 10 e 11<\/u><\/em><\/strong><em>. <\/em>The energy crisis in Texas raises also questions about the nature of the state\u2019s deregulated and decentralized electric grid. Unlike other states, Texas has made a conscious decision to isolate its grid from the rest of the country.<\/p>\n\n\n\n<p>&nbsp;&nbsp;&nbsp;&nbsp;&nbsp;&nbsp;&nbsp;&nbsp;&nbsp;&nbsp;&nbsp; That means that when things are running smoothly,, Texas can\u2019t export excess power to neighboring states. And in the current crisis, it can\u2019t import power either. <em>(A crise energ\u00e9tica no Texas levanta tamb\u00e9m quest\u00f5es sobre a natureza da rede el\u00e9trica desregulamentada e descentralizada do estado. Ao contr\u00e1rio de outros estados, o Texas tomou uma decis\u00e3o consciente de isolar sua rede do resto do pa\u00eds.<\/em><\/p>\n\n\n\n<p><em>Isso significa que quando as coisas est\u00e3o indo bem, o Texas n\u00e3o pode exportar excesso de energia para estados vizinhos. <\/em><em>E na crise atual, tamb\u00e9m n\u00e3o pode importar energia.)<\/em><\/p>\n\n\n\n<p><strong>Podemos at\u00e9 nos confundir e pensar que a distribui\u00e7\u00e3o foi comprometida por conta das baix\u00edssimas temperaturas, mas tais par\u00e1grafos afirmam que o Texas est\u00e1 <u>isolado<\/u> do restante dos EUA e <u>a preposi\u00e7\u00e3o \u201cin\u201d<\/u>, na quest\u00e3o (afirma\u00e7\u00e3o) expressa que os problemas para a distribui\u00e7\u00e3o de energia foram criados pelas baix\u00edssimas temperaturas <u>dentro do<\/u> estado do Texas, o que n\u00e3o foi mencionado em nenhuma ocasi\u00e3o no texto. Se a quest\u00e3o\/afirma\u00e7\u00e3o tivesse dito que houve problemas de distribui\u00e7\u00e3o de energia que chega ao Texas de outros estados, ou que sai do Texas para outros estados, a\u00ed sim, poder\u00edamos come\u00e7ar a considerar a quest\u00e3o 1 correta (e mesmo assim, seria uma quest\u00e3o bem confusa). Sendo assim, entendemos que esses dois par\u00e1grafos n\u00e3o corroboram o que \u00e9 afirmado na quest\u00e3o 1, sendo mais uma raz\u00e3o para que a quest\u00e3o seja anulada ou considerada errada.<\/strong><\/p>\n\n\n\n<p>Sem mais, temos certeza que tais fundamenta\u00e7\u00f5es mostram que o gabarito oficial est\u00e1 equivocado e solicitamos que a quest\u00e3o 1 seja considerada \u201cerrada\u201d<\/p>\n\n\n\n<h3 class=\"has-pale-cyan-blue-background-color has-background wp-block-heading\" id=\"informatica\">Recursos PRF &#8211; Inform\u00e1tica (Prof. Rani Passos)<\/h3>\n\n\n\n<p><strong>QUEST\u00c3O:&nbsp;<\/strong>O firewall da pr\u00f3xima gera\u00e7\u00e3o (NGFW) disp\u00f5e, em um&nbsp; mesmo equipamento, de recursos como IDS (intrusion detection system), IPS (intrusion prevention system) e antiv\u00edrus.&nbsp;<\/p>\n\n\n\n<p><strong>RECURSO:&nbsp;<\/strong>O firewall da pr\u00f3xima gera\u00e7\u00e3o (NGFW) \u00e9 uma ferramenta de controle e gest\u00e3o DE REDE, oferecendo controle, prote\u00e7\u00e3o e barreira aos tr\u00e1fegos n\u00e3o desejados EM REDE.<\/p>\n\n\n\n<p>Para isso, s\u00e3o empregadas diversas t\u00e9cnicas al\u00e9m das opera\u00e7\u00f5es convencionais de firewall Stateful e Stateless como, por exemplo, opera\u00e7\u00f5es de controle IDS, IPS, DPI e melhores prote\u00e7\u00f5es contra-ataques de malwares.<\/p>\n\n\n\n<p>Contudo, isso n\u00e3o significa que essa ferramenta possui sistemas ANTIV\u00cdRUS, mas sim um sistema de prote\u00e7\u00e3o ANTIMALWARE. Sendo esse o erro do item. \u00c9 poss\u00edvel aplicar um antiv\u00edrus para operar em conjunto com a NGFW, mas a forma como o item foi escrito deixa claro a interpreta\u00e7\u00e3o de que essa ferramenta \u00e9 inerente e n\u00e3o opcional.<\/p>\n\n\n\n<p>\u00c9 sabidamente que ANTIV\u00cdRUS s\u00e3o ferramentas de controle internas ao sistema operacional, opera\u00e7\u00e3o n\u00e3o realizada pelo NGFW, que age EM REDE. Ainda, o termo ANTIV\u00cdRUS \u00e9 utilizado \u201cpopularmente\u201d para representar prote\u00e7\u00e3o contra malwares, facilitando a interpreta\u00e7\u00e3o de leitores leigos e pessoas que n\u00e3o possuem conhecimento t\u00e9cnico sobre seguran\u00e7a da informa\u00e7\u00e3o, que n\u00e3o se encaixa ao nosso meio.<\/p>\n\n\n\n<p>Alguns autores afirmam que a ferramenta NGFW possui a mesma opera\u00e7\u00e3o que um Firewall UTM, mas, de acordo com especialistas em seguran\u00e7a da informa\u00e7\u00e3o, essa afirma\u00e7\u00e3o n\u00e3o \u00e9 considerada.<\/p>\n\n\n\n<p>Abaixo, fontes de empresas, portais e especialista nacionais e internacionais credenciados em seguran\u00e7a da informa\u00e7\u00e3o:<br \/><a href=\"https:\/\/getti.net.br\/2018\/03\/27\/antivirus-e-firewall-entenda-seus-papeis-na-politica-de-seguranca\/\" target=\"_blank\" rel=\"noreferrer noopener\">https:\/\/getti.net.br\/2018\/03\/27\/antivirus-e-firewall-entenda-seus-papeis-na-politica-de-seguranca\/<\/a><br \/><a href=\"https:\/\/4infra.com.br\/firewall-ngfw-o-que-mudou\/\" target=\"_blank\" rel=\"noreferrer noopener\">https:\/\/4infra.com.br\/firewall-ngfw-o-que-mudou\/<\/a><br \/><a href=\"https:\/\/ostec.blog\/seguranca-perimetro\/firewall-utm-ngfw-diferenca\/\" target=\"_blank\" rel=\"noreferrer noopener\">https:\/\/ostec.blog\/seguranca-perimetro\/firewall-utm-ngfw-diferenca\/<\/a><br \/><a href=\"https:\/\/teltecsolutions.com.br\/mundo\/next-generation-firewall-saiba-o-que-e\/\" target=\"_blank\" rel=\"noreferrer noopener\">https:\/\/teltecsolutions.com.br\/mundo\/next-generation-firewall-saiba-o-que-e\/<\/a><\/p>\n\n\n\n<p><strong>Solicita-se a anula\u00e7\u00e3o da quest\u00e3o.<\/strong><\/p>\n\n\n\n<p><strong>QUEST\u00c3O:&nbsp;<\/strong>Caso sejam digitados os termos descritos a seguir na&nbsp; ferramenta de busca do Google, ser\u00e3o pesquisadas publica\u00e7\u00f5es que contenham os termos \u201cPRF\u201d e \u201ccampanha\u201d&nbsp;<br \/>na rede social Twitter.<br \/>campanha PRF @twitter<\/p>\n\n\n\n<p><strong>RECURSO:&nbsp;<\/strong>A forma como a quest\u00e3o foi formulada dificulta a interpreta\u00e7\u00e3o por parte do candidato, pois o trecho \u201cser\u00e3o pesquisadas publica\u00e7\u00f5es que contenham os termos \u201cPRF\u201d e \u201ccampanha\u201d&nbsp; na rede social Twitter\u201d apresentam elementos textuais que restringem a interpreta\u00e7\u00e3o de resultado da pesquisa \u00e0 rede social twitter, sendo que outras p\u00e1ginas, diferentes desta, s\u00e3o apresentadas.<\/p>\n\n\n\n<p>Ainda, o conectivo \u201ce\u201d, no trecho \u201cPRF\u201d e \u201ccampanha\u201d, apresenta o sentido de soma de elementos, trazendo a interpreta\u00e7\u00e3o de que serr\u00e3o apresentadas p\u00e1ginas de resultados com o temo \u201cPRF\u201d junto ao termo \u201ccampanha\u201d na rede social twitter. Por\u00e9m, na pr\u00e1tica o resultado apresentado s\u00e3o p\u00e1ginas com o termo \u201cPRF\u201d e \u201ccampanha\u201d (juntos), como tamb\u00e9m p\u00e1ginas com somente a express\u00e3o \u201cPRF\u201d e somente a express\u00e3o \u201ccampanha\u201d, diferentemente do que fora expresso na quest\u00e3o.<\/p>\n\n\n\n<p>Por fim, a reda\u00e7\u00e3o correta, de acordo com o resultado pr\u00e1tico, deveria ser \u201cser\u00e3o pesquisadas publica\u00e7\u00f5es que contenham os termos \u201cPRF\u201d e \u201ccampanha\u201d, \u201cPRF\u201d ou \u201ccampanha\u201d na rede social Twitter\u201d.<\/p>\n\n\n\n<p><strong>Solicita-se a anula\u00e7\u00e3o do item.<\/strong><\/p>\n\n\n\n<h3 class=\"has-pale-cyan-blue-background-color has-background wp-block-heading\" id=\"ingles\">Recursos PRF &#8211; \u00c9tica<\/h3>\n\n\n\n<p>Com rela\u00e7\u00e3o \u00e0 quest\u00e3o 46 abaixo transcrita exponho o que se segue:<\/p>\n\n\n\n<p>(A respeito da \u00e9tica no servi\u00e7o p\u00fablico, da administra\u00e7\u00e3o p\u00fablica federal bem como dos servidores p\u00fablicos federais e seus direitos e deveres, julgue os itens que se seguem. &nbsp;<\/p>\n\n\n\n<p>46 &#8211; O diretor-geral da Pol\u00edcia Rodovi\u00e1ria Federal, desde que satisfeitos os requisitos legais, poder\u00e1 realizar a contrata\u00e7\u00e3o direta de empresa na qual um primo seja s\u00f3cio.)<\/p>\n\n\n\n<p>Primeiramente, \u00e9 importante evidenciar que a referida quest\u00e3o n\u00e3o faz refer\u00eancia a nenhuma legisla\u00e7\u00e3o a ser considerada especificamente e, portanto, a depender do diploma legal referenciado a situa\u00e7\u00e3o trazida pela quest\u00e3o pode ser considerada certa ou errada.&nbsp;<\/p>\n\n\n\n<p>De acordo com o DECRETO N 1.171\/1994 em sua Se\u00e7\u00e3o I, \u201cII &#8211; O servidor p\u00fablico n\u00e3o poder\u00e1 jamais desprezar o elemento \u00e9tico de sua conduta. Assim<strong><u>, n\u00e3o ter\u00e1 que decidir somente entre o legal e o ilegal, o justo e o injusto, o conveniente e o inconveniente, o oportuno e o inoportuno, mas principalmente entre o honesto e o desonesto,<\/u><\/strong> consoante as regras contidas no art. 37, caput, e \u00a7 4\u00b0, da Constitui\u00e7\u00e3o Federal.\u201d<\/p>\n\n\n\n<p>Desta forma, com rela\u00e7\u00e3o \u00e0 situa\u00e7\u00e3o narrada pela quest\u00e3o, <strong><u>n\u00e3o bastaria apenas que fossem satisfeitos os requisitos legais para a contrata\u00e7\u00e3o<\/u><\/strong> do primo do diretor-geral, mas tamb\u00e9m devem ser verificados outros aspectos envolvidos nesta decis\u00e3o e a referida contrata\u00e7\u00e3o deve atender ao crivo \u00e9tico que envolve ser a decis\u00e3o <strong><u>justa ou injusta, conveniente ou inconveniente,&nbsp; oportuna e o inoportuna, mas principalmente honesta ou desonesta. INCORRETO o gabarito, portanto.<\/u><\/strong><\/p>\n\n\n\n<p>Outra legisla\u00e7\u00e3o aplic\u00e1vel a esta situa\u00e7\u00e3o seria a Lei n\u00ba 12.813 de 2013 em seu art. 5\u00ba, V. Vejamos:<\/p>\n\n\n\n<p>\u201cArt. 5\u00ba <strong><u>Configura conflito de interesses<\/u><\/strong> no exerc\u00edcio de cargo ou emprego no \u00e2mbito do Poder Executivo federal: (&#8230;)<\/p>\n\n\n\n<p>V &#8211; <strong><u>praticar ato em benef\u00edcio de interesse de pessoa jur\u00eddica de que participe<\/u><\/strong> o agente p\u00fablico, seu c\u00f4njuge, companheiro ou <strong>parentes, consangu\u00edneos ou afins, em linha reta ou colateral, at\u00e9 o terceiro grau<\/strong>, e que possa ser por ele beneficiada ou influir em seus atos de gest\u00e3o;\u201d<\/p>\n\n\n\n<p>Diante desta legisla\u00e7\u00e3o, a decis\u00e3o do diretor-geral em contratar empresa na qual um primo seja s\u00f3cio seria poss\u00edvel, uma vez que o parentesco de primo \u00e9 de 4\u00ba grau e, portanto, n\u00e3o inclu\u00eddo na proibi\u00e7\u00e3o legal. Neste caso a <strong><u>quest\u00e3o \u00e9 considerada CORRETA.<\/u><\/strong><\/p>\n\n\n\n<p>Tendo em vista que ambos, o Decretos n 1.171 e a Lei n\u00ba 12.813 de 2013, se aplicam ao caso concreto verifica-se que a quest\u00e3o pode ter dois gabaritos poss\u00edveis e, portanto, ambos devem ser considerados como resposta correta para fins de prova.<\/p>\n\n\n\n<h3 class=\"has-pale-cyan-blue-background-color has-background wp-block-heading\" id=\"leis-penais\">Recursos PRF &#8211; Leis Penais<\/h3>\n\n\n\n<p><strong>Q. 114<\/strong>&nbsp;A respeito da identifica\u00e7\u00e3o criminal, do crime de tortura, do abuso de direito, da preven\u00e7\u00e3o do uso indevido de drogas, da comercializa\u00e7\u00e3o de armas de fogo e dos crimes hediondos, julgue os itens que se seguem.<\/p>\n\n\n\n<p>Praticam o crime de tortura policiais rodovi\u00e1rios federais que, dentro de um posto policial, submetem o autor de crime a sofrimento f\u00edsico, independentemente de sua intensidade.<\/p>\n\n\n\n<p><strong>Coment\u00e1rios:<\/strong><\/p>\n\n\n\n<p>Observa-se que a quest\u00e3o traz uma reda\u00e7\u00e3o que destoa do inciso II do art. 1\u00ba &#8211; conhecida como Tortura-Castigo, que exige o \u201cintenso sofrimento f\u00edsico\u201d. Entretanto, fica not\u00f3rio que o examinador n\u00e3o percebeu que h\u00e1 a figura equiparada no \u00a7 1\u00ba, pois, conforme a quest\u00e3o, o criminoso encontrava-se \u201cpreso\u201d (em flagrante?&nbsp;impedido de se movimentar com liberdade?) dentro do posto policial, e naquele local, sofreu sofrimento f\u00edsico por interm\u00e9dio da pr\u00e1tica de ato n\u00e3o previsto em lei ou n\u00e3o resultante de medida legal. Assim, poder\u00edamos aplicar o \u00a7 1\u00ba do art. &nbsp;1\u00ba da Lei 9.455\/97.<\/p>\n\n\n\n<blockquote class=\"wp-block-quote is-layout-flow wp-block-quote-is-layout-flow\"><p><em>Art. 1\u00ba Constitui crime de tortura:<\/em><br \/><em>(&#8230;)<\/em><br \/><em>II &#8211; submeter algu\u00e9m, sob sua guarda, poder ou autoridade, com emprego de viol\u00eancia ou grave amea\u00e7a, a intenso sofrimento f\u00edsico ou mental, como forma de aplicar castigo pessoal ou medida de car\u00e1ter preventivo.<\/em><br \/><em>Pena &#8211; reclus\u00e3o, de dois a oito anos.<\/em><br \/><em>\u00a7 1\u00ba Na mesma pena incorre quem submete\u00a0<strong>pessoa presa\u00a0<\/strong>ou sujeita a medida de seguran\u00e7a\u00a0<strong>a sofrimento f\u00edsico<\/strong>\u00a0ou mental, por interm\u00e9dio da pr\u00e1tica de ato n\u00e3o previsto em lei ou n\u00e3o resultante de medida legal.<\/em><\/p><\/blockquote>\n\n\n\n<p>Por apresentar subjetividade, solicito a anula\u00e7\u00e3o da quest\u00e3o.<\/p>\n\n\n\n<p><strong>Gabarito da Banca: E.<\/strong><\/p>\n\n\n\n<hr class=\"wp-block-separator\"\/>\n\n\n\n<p class=\"has-text-align-center has-cyan-bluish-gray-background-color has-background has-medium-font-size\"><strong>Saiba mais: <a href=\"https:\/\/www.estrategiaconcursos.com.br\/blog\/concurso-prf-3\/\" target=\"_blank\" rel=\"noreferrer noopener\">Concurso PRF<\/a><\/strong><\/p>\n\n\n\n<div id=\"boxes\" class=\"container\">\n<div class=\"row\">\n<div class=\"col-sm\">\n<div id=\"box-assinatura\" class=\"banner-policial\">\n<h3 class=\"titulo-assinatura\">Concurso PRF<\/h3>\n<p class=\"subtitulo-assinatura\">Conhe\u00e7a os cursos<\/p>\n<div class=\"box-botao\"><a class=\"btn-assinatura\" role=\"button\" href=\"https:\/\/www.estrategiaconcursos.com.br\/cursosPorConcurso\/prf-policial-rodoviario-federal\/\/\" target=\"_blank\" rel=\"noopener noreferrer\">Conhe\u00e7a mais<\/a><\/div>\n<\/div>\n<p class=\"texto-auxiliar\">Prepare-se com o melhor material e com quem mais aprova em Concursos P\u00fablicos em todo o pa\u00eds.<\/p>\n<\/div>\n<\/div>\n<\/div>\n\n\n\n<div id=\"boxes\" class=\"container\">\n<div class=\"row\">\n<div class=\"col-sm\">\n<div id=\"box-assinatura\" class=\"estrategia\">\n<h3 class=\"titulo-assinatura\">Assinatura de Concursos<\/h3>\n<p class=\"subtitulo-assinatura\">Assinatura de 1 ou 2 anos*<\/p>\n<div class=\"box-botao\"><a class=\"btn-assinatura\" role=\"button\" href=\"https:\/\/www.estrategiaconcursos.com.br\/assinaturas\/\" target=\"_blank\" rel=\"noopener noreferrer\">ASSINE AGORA<\/a><\/div>\n<\/div>\n<p <=\"\" p=\"\">\n<\/p><\/div>\n<div class=\"col-sm\">\n<div id=\"box-assinatura\" class=\"questoes\">\n<h3 class=\"titulo-assinatura\">Sistema de Quest\u00f5es<\/h3>\n<p class=\"subtitulo-assinatura\">Assinatura de 1 ou 2 anos<\/p>\n<div class=\"box-botao\"><a class=\"btn-assinatura\" role=\"button\" href=\"https:\/\/www.estrategiaconcursos.com.br\/cursosPorConcurso\/sistema-de-questoes\/#\/\" target=\"_blank\" rel=\"noopener noreferrer\">ASSINE AGORA<\/a><\/div>\n<\/div>\n<p <=\"\" p=\"\">\n<\/p><\/div>\n<\/div>\n<\/div>\n\n\n\n<div class=\"container\" id=\"boxes\">\n  <div class=\"row\">\n\n    <div class=\"col-sm\" id=\"boxes-concursos\">\n      <div style=\"background-color: #005DAD;\" class=\"conteudo-concursos\" id=\"box-concursos\">\n        <h3 class=\"titulo-assinatura\">Concursos Abertos<\/h3>\n        <p class=\"subtitulo-assinatura\">Confira os editais publicados<\/p>\n        <div class=\"box-botao\">\n          <a class=\"btn-assinatura\" target=\"_blank\" href=\"https:\/\/www.estrategiaconcursos.com.br\/blog\/concursos-abertos\/\" role=\"button\" rel=\"noopener noreferrer\">Conhe\u00e7a Agora<\/a>\n        <\/div>\n      <\/div>\n    <\/div>\n\n    <div class=\"col-sm\" id=\"boxes-concursos\">\n      <div style=\"background-color: #419FF0;\" class=\"conteudo-concursos\" id=\"box-concursos\">\n        <h3 class=\"titulo-assinatura\">Concursos 2021<\/h3>\n        <p class=\"subtitulo-assinatura\">Confira as oportunidades previstas<\/p>\n        <div class=\"box-botao\">\n          <a class=\"btn-assinatura\" target=\"_blank\" href=\"https:\/\/www.estrategiaconcursos.com.br\/blog\/concursos-2021\/\" role=\"button\" rel=\"noopener noreferrer\">Conhe\u00e7a Agora<\/a>\n        <\/div>\n      <\/div>\n    <\/div>\n\n  <\/div>\n<\/div>\n\n\n\n<p class=\"has-text-align-center\"><strong>Quer ficar atualizado DIARIAMENTE sobre as not\u00edcias do mundo dos concursos? Entre no nosso Telegram!<\/strong><\/p>\n\n\n\n<div class=\"wp-block-image\"><figure class=\"aligncenter\"><a href=\"https:\/\/t.me\/estrategianews\" target=\"_blank\" rel=\"noopener\"><img decoding=\"async\" src=\"https:\/\/dhg1h5j42swfq.cloudfront.net\/2021\/05\/03172229\/news-1.jpg\" alt=\"\"\/><\/a><\/figure><\/div>\n","protected":false},"excerpt":{"rendered":"<p>As provas do concurso da Pol\u00edcia Rodovi\u00e1ria Federal (PRF) foram realizadas no \u00faltimo domingo, 9 de maio. Com a disponibiliza\u00e7\u00e3o dos gabaritos para consulta individual, candidatos come\u00e7am a questionar a validade de algumas quest\u00f5es do exame. Com o objetivo de realizar uma an\u00e1lise mais profunda, convidamos alguns de nossos professores para averiguar quais quest\u00f5es poder\u00e3o [&hellip;]<\/p>\n","protected":false},"author":1,"featured_media":720088,"comment_status":"open","ping_status":"closed","sticky":false,"template":"","format":"standard","meta":{"post_tipo":"news_page","footnotes":""},"categories":[1988],"tags":[],"tax_estado":[219963],"class_list":["post-738100","post","type-post","status-publish","format-standard","has-post-thumbnail","hentry","category-policia","tax_estado-concursos-federais"],"acf":[],"yoast_head":"<!-- This site is optimized with the Yoast SEO Premium plugin v27.2 (Yoast SEO v27.2) - https:\/\/yoast.com\/product\/yoast-seo-premium-wordpress\/ -->\n<title>Concurso PRF: confira os RECURSOS poss\u00edveis da prova!<\/title>\n<meta name=\"description\" content=\"Confira no site do Estrat\u00e9gia Concursos os recursos poss\u00edveis para a prova do concurso da Pol\u00edcia Rodovi\u00e1ria Federal (PRF).\" \/>\n<meta name=\"robots\" content=\"index, follow, max-snippet:-1, max-image-preview:large, max-video-preview:-1\" \/>\n<link rel=\"canonical\" href=\"https:\/\/www.estrategiaconcursos.com.br\/blog\/recursos-concurso-prf\/\" \/>\n<meta property=\"og:locale\" content=\"pt_BR\" \/>\n<meta property=\"og:type\" content=\"article\" \/>\n<meta property=\"og:title\" content=\"Concurso PRF: confira os RECURSOS poss\u00edveis da prova!\" \/>\n<meta property=\"og:description\" content=\"Confira no site do Estrat\u00e9gia Concursos os recursos poss\u00edveis para a prova do concurso da Pol\u00edcia Rodovi\u00e1ria Federal (PRF).\" \/>\n<meta property=\"og:url\" content=\"https:\/\/www.estrategiaconcursos.com.br\/blog\/recursos-concurso-prf\/\" \/>\n<meta property=\"og:site_name\" content=\"Estrat\u00e9gia Concursos\" \/>\n<meta property=\"article:author\" content=\"https:\/\/www.facebook.com\/EstrategiaConcursos\" \/>\n<meta property=\"article:published_time\" content=\"2021-05-13T15:03:00+00:00\" \/>\n<meta property=\"article:modified_time\" content=\"2021-05-13T22:50:59+00:00\" \/>\n<meta property=\"og:image\" content=\"https:\/\/dhg1h5j42swfq.cloudfront.net\/2021\/04\/20184744\/prf.jpg\" \/>\n\t<meta property=\"og:image:width\" content=\"1200\" \/>\n\t<meta property=\"og:image:height\" content=\"628\" \/>\n\t<meta property=\"og:image:type\" content=\"image\/jpeg\" \/>\n<meta name=\"author\" content=\"Coordena\u00e7\u00e3o\" \/>\n<meta name=\"twitter:card\" content=\"summary_large_image\" \/>\n<meta name=\"twitter:creator\" content=\"@EstratConcursos\" \/>\n<meta name=\"twitter:site\" content=\"@EstratConcursos\" \/>\n<meta name=\"twitter:label1\" content=\"Escrito por\" \/>\n\t<meta name=\"twitter:data1\" content=\"Coordena\u00e7\u00e3o\" \/>\n\t<meta name=\"twitter:label2\" content=\"Est. tempo de leitura\" \/>\n\t<meta name=\"twitter:data2\" content=\"28 minutos\" \/>\n<script type=\"application\/ld+json\" class=\"yoast-schema-graph\">{\"@context\":\"https:\/\/schema.org\",\"@graph\":[{\"@type\":\"NewsArticle\",\"@id\":\"https:\/\/www.estrategiaconcursos.com.br\/blog\/recursos-concurso-prf\/#article\",\"isPartOf\":{\"@id\":\"https:\/\/www.estrategiaconcursos.com.br\/blog\/recursos-concurso-prf\/\"},\"author\":{\"name\":\"Coordena\u00e7\u00e3o\",\"@id\":\"https:\/\/www.estrategiaconcursos.com.br\/blog\/#\/schema\/person\/b4a388c97673c5f483d72185668afa1f\"},\"headline\":\"Concurso PRF: confira os RECURSOS poss\u00edveis da prova!\",\"datePublished\":\"2021-05-13T15:03:00+00:00\",\"dateModified\":\"2021-05-13T22:50:59+00:00\",\"mainEntityOfPage\":{\"@id\":\"https:\/\/www.estrategiaconcursos.com.br\/blog\/recursos-concurso-prf\/\"},\"wordCount\":6948,\"commentCount\":0,\"publisher\":{\"@id\":\"https:\/\/www.estrategiaconcursos.com.br\/blog\/#organization\"},\"image\":{\"@id\":\"https:\/\/www.estrategiaconcursos.com.br\/blog\/recursos-concurso-prf\/#primaryimage\"},\"thumbnailUrl\":\"https:\/\/dhg1h5j42swfq.cloudfront.net\/2021\/04\/20184744\/prf.jpg\",\"articleSection\":[\"Policial (Agente, Escriv\u00e3o e Investigador)\"],\"inLanguage\":\"pt-BR\",\"potentialAction\":[{\"@type\":\"CommentAction\",\"name\":\"Comment\",\"target\":[\"https:\/\/www.estrategiaconcursos.com.br\/blog\/recursos-concurso-prf\/#respond\"]}],\"copyrightYear\":\"2021\",\"copyrightHolder\":{\"@id\":\"https:\/\/www.estrategiaconcursos.com.br\/blog\/#organization\"}},{\"@type\":\"WebPage\",\"@id\":\"https:\/\/www.estrategiaconcursos.com.br\/blog\/recursos-concurso-prf\/\",\"url\":\"https:\/\/www.estrategiaconcursos.com.br\/blog\/recursos-concurso-prf\/\",\"name\":\"Concurso PRF: confira os RECURSOS poss\u00edveis da prova!\",\"isPartOf\":{\"@id\":\"https:\/\/www.estrategiaconcursos.com.br\/blog\/#website\"},\"primaryImageOfPage\":{\"@id\":\"https:\/\/www.estrategiaconcursos.com.br\/blog\/recursos-concurso-prf\/#primaryimage\"},\"image\":{\"@id\":\"https:\/\/www.estrategiaconcursos.com.br\/blog\/recursos-concurso-prf\/#primaryimage\"},\"thumbnailUrl\":\"https:\/\/dhg1h5j42swfq.cloudfront.net\/2021\/04\/20184744\/prf.jpg\",\"datePublished\":\"2021-05-13T15:03:00+00:00\",\"dateModified\":\"2021-05-13T22:50:59+00:00\",\"description\":\"Confira no site do Estrat\u00e9gia Concursos os recursos poss\u00edveis para a prova do concurso da Pol\u00edcia Rodovi\u00e1ria Federal (PRF).\",\"breadcrumb\":{\"@id\":\"https:\/\/www.estrategiaconcursos.com.br\/blog\/recursos-concurso-prf\/#breadcrumb\"},\"inLanguage\":\"pt-BR\",\"potentialAction\":[{\"@type\":\"ReadAction\",\"target\":[\"https:\/\/www.estrategiaconcursos.com.br\/blog\/recursos-concurso-prf\/\"]}]},{\"@type\":\"ImageObject\",\"inLanguage\":\"pt-BR\",\"@id\":\"https:\/\/www.estrategiaconcursos.com.br\/blog\/recursos-concurso-prf\/#primaryimage\",\"url\":\"https:\/\/dhg1h5j42swfq.cloudfront.net\/2021\/04\/20184744\/prf.jpg\",\"contentUrl\":\"https:\/\/dhg1h5j42swfq.cloudfront.net\/2021\/04\/20184744\/prf.jpg\",\"width\":1200,\"height\":628,\"caption\":\"prf\"},{\"@type\":\"BreadcrumbList\",\"@id\":\"https:\/\/www.estrategiaconcursos.com.br\/blog\/recursos-concurso-prf\/#breadcrumb\",\"itemListElement\":[{\"@type\":\"ListItem\",\"position\":1,\"name\":\"In\u00edcio\",\"item\":\"https:\/\/www.estrategiaconcursos.com.br\/blog\/\"},{\"@type\":\"ListItem\",\"position\":2,\"name\":\"Concurso PRF: confira os RECURSOS poss\u00edveis da prova!\"}]},{\"@type\":\"WebSite\",\"@id\":\"https:\/\/www.estrategiaconcursos.com.br\/blog\/#website\",\"url\":\"https:\/\/www.estrategiaconcursos.com.br\/blog\/\",\"name\":\"Estrat\u00e9gia Concursos\",\"description\":\"O blog da Estrat\u00e9gia Concursos traz not\u00edcias sobre concursos e artigos de professores oferecendo cursos para concursos (pdf + videaulas) no site.\",\"publisher\":{\"@id\":\"https:\/\/www.estrategiaconcursos.com.br\/blog\/#organization\"},\"potentialAction\":[{\"@type\":\"SearchAction\",\"target\":{\"@type\":\"EntryPoint\",\"urlTemplate\":\"https:\/\/www.estrategiaconcursos.com.br\/blog\/?s={search_term_string}\"},\"query-input\":{\"@type\":\"PropertyValueSpecification\",\"valueRequired\":true,\"valueName\":\"search_term_string\"}}],\"inLanguage\":\"pt-BR\"},{\"@type\":\"Organization\",\"@id\":\"https:\/\/www.estrategiaconcursos.com.br\/blog\/#organization\",\"name\":\"Estrat\u00e9gia Concursos\",\"url\":\"https:\/\/www.estrategiaconcursos.com.br\/blog\/\",\"logo\":{\"@type\":\"ImageObject\",\"inLanguage\":\"pt-BR\",\"@id\":\"https:\/\/www.estrategiaconcursos.com.br\/blog\/#\/schema\/logo\/image\/\",\"url\":\"https:\/\/dhg1h5j42swfq.cloudfront.net\/2025\/06\/03203428\/logo_concursos-1.jpg\",\"contentUrl\":\"https:\/\/dhg1h5j42swfq.cloudfront.net\/2025\/06\/03203428\/logo_concursos-1.jpg\",\"width\":230,\"height\":60,\"caption\":\"Estrat\u00e9gia Concursos\"},\"image\":{\"@id\":\"https:\/\/www.estrategiaconcursos.com.br\/blog\/#\/schema\/logo\/image\/\"},\"sameAs\":[\"https:\/\/x.com\/EstratConcursos\"]},{\"@type\":\"Person\",\"@id\":\"https:\/\/www.estrategiaconcursos.com.br\/blog\/#\/schema\/person\/b4a388c97673c5f483d72185668afa1f\",\"name\":\"Coordena\u00e7\u00e3o\",\"image\":{\"@type\":\"ImageObject\",\"inLanguage\":\"pt-BR\",\"@id\":\"https:\/\/secure.gravatar.com\/avatar\/b720319e4c9a967eb58678d110f4fe35452fc5d5f97b202bac7b8acceb18c6ad?s=96&d=mm&r=g\",\"url\":\"https:\/\/secure.gravatar.com\/avatar\/b720319e4c9a967eb58678d110f4fe35452fc5d5f97b202bac7b8acceb18c6ad?s=96&d=mm&r=g\",\"contentUrl\":\"https:\/\/secure.gravatar.com\/avatar\/b720319e4c9a967eb58678d110f4fe35452fc5d5f97b202bac7b8acceb18c6ad?s=96&d=mm&r=g\",\"caption\":\"Coordena\u00e7\u00e3o\"},\"sameAs\":[\"https:\/\/www.facebook.com\/EstrategiaConcursos\",\"https:\/\/x.com\/EstratConcursos\"],\"url\":\"https:\/\/www.estrategiaconcursos.com.br\/blog\/author\/estrategia2013\/\"}]}<\/script>\n<!-- \/ Yoast SEO Premium plugin. -->","yoast_head_json":{"title":"Concurso PRF: confira os RECURSOS poss\u00edveis da prova!","description":"Confira no site do Estrat\u00e9gia Concursos os recursos poss\u00edveis para a prova do concurso da Pol\u00edcia Rodovi\u00e1ria Federal (PRF).","robots":{"index":"index","follow":"follow","max-snippet":"max-snippet:-1","max-image-preview":"max-image-preview:large","max-video-preview":"max-video-preview:-1"},"canonical":"https:\/\/www.estrategiaconcursos.com.br\/blog\/recursos-concurso-prf\/","og_locale":"pt_BR","og_type":"article","og_title":"Concurso PRF: confira os RECURSOS poss\u00edveis da prova!","og_description":"Confira no site do Estrat\u00e9gia Concursos os recursos poss\u00edveis para a prova do concurso da Pol\u00edcia Rodovi\u00e1ria Federal (PRF).","og_url":"https:\/\/www.estrategiaconcursos.com.br\/blog\/recursos-concurso-prf\/","og_site_name":"Estrat\u00e9gia Concursos","article_author":"https:\/\/www.facebook.com\/EstrategiaConcursos","article_published_time":"2021-05-13T15:03:00+00:00","article_modified_time":"2021-05-13T22:50:59+00:00","og_image":[{"width":1200,"height":628,"url":"https:\/\/dhg1h5j42swfq.cloudfront.net\/2021\/04\/20184744\/prf.jpg","type":"image\/jpeg"}],"author":"Coordena\u00e7\u00e3o","twitter_card":"summary_large_image","twitter_creator":"@EstratConcursos","twitter_site":"@EstratConcursos","twitter_misc":{"Escrito por":"Coordena\u00e7\u00e3o","Est. tempo de leitura":"28 minutos"},"schema":{"@context":"https:\/\/schema.org","@graph":[{"@type":"NewsArticle","@id":"https:\/\/www.estrategiaconcursos.com.br\/blog\/recursos-concurso-prf\/#article","isPartOf":{"@id":"https:\/\/www.estrategiaconcursos.com.br\/blog\/recursos-concurso-prf\/"},"author":{"name":"Coordena\u00e7\u00e3o","@id":"https:\/\/www.estrategiaconcursos.com.br\/blog\/#\/schema\/person\/b4a388c97673c5f483d72185668afa1f"},"headline":"Concurso PRF: confira os RECURSOS poss\u00edveis da prova!","datePublished":"2021-05-13T15:03:00+00:00","dateModified":"2021-05-13T22:50:59+00:00","mainEntityOfPage":{"@id":"https:\/\/www.estrategiaconcursos.com.br\/blog\/recursos-concurso-prf\/"},"wordCount":6948,"commentCount":0,"publisher":{"@id":"https:\/\/www.estrategiaconcursos.com.br\/blog\/#organization"},"image":{"@id":"https:\/\/www.estrategiaconcursos.com.br\/blog\/recursos-concurso-prf\/#primaryimage"},"thumbnailUrl":"https:\/\/dhg1h5j42swfq.cloudfront.net\/2021\/04\/20184744\/prf.jpg","articleSection":["Policial (Agente, Escriv\u00e3o e Investigador)"],"inLanguage":"pt-BR","potentialAction":[{"@type":"CommentAction","name":"Comment","target":["https:\/\/www.estrategiaconcursos.com.br\/blog\/recursos-concurso-prf\/#respond"]}],"copyrightYear":"2021","copyrightHolder":{"@id":"https:\/\/www.estrategiaconcursos.com.br\/blog\/#organization"}},{"@type":"WebPage","@id":"https:\/\/www.estrategiaconcursos.com.br\/blog\/recursos-concurso-prf\/","url":"https:\/\/www.estrategiaconcursos.com.br\/blog\/recursos-concurso-prf\/","name":"Concurso PRF: confira os RECURSOS poss\u00edveis da prova!","isPartOf":{"@id":"https:\/\/www.estrategiaconcursos.com.br\/blog\/#website"},"primaryImageOfPage":{"@id":"https:\/\/www.estrategiaconcursos.com.br\/blog\/recursos-concurso-prf\/#primaryimage"},"image":{"@id":"https:\/\/www.estrategiaconcursos.com.br\/blog\/recursos-concurso-prf\/#primaryimage"},"thumbnailUrl":"https:\/\/dhg1h5j42swfq.cloudfront.net\/2021\/04\/20184744\/prf.jpg","datePublished":"2021-05-13T15:03:00+00:00","dateModified":"2021-05-13T22:50:59+00:00","description":"Confira no site do Estrat\u00e9gia Concursos os recursos poss\u00edveis para a prova do concurso da Pol\u00edcia Rodovi\u00e1ria Federal (PRF).","breadcrumb":{"@id":"https:\/\/www.estrategiaconcursos.com.br\/blog\/recursos-concurso-prf\/#breadcrumb"},"inLanguage":"pt-BR","potentialAction":[{"@type":"ReadAction","target":["https:\/\/www.estrategiaconcursos.com.br\/blog\/recursos-concurso-prf\/"]}]},{"@type":"ImageObject","inLanguage":"pt-BR","@id":"https:\/\/www.estrategiaconcursos.com.br\/blog\/recursos-concurso-prf\/#primaryimage","url":"https:\/\/dhg1h5j42swfq.cloudfront.net\/2021\/04\/20184744\/prf.jpg","contentUrl":"https:\/\/dhg1h5j42swfq.cloudfront.net\/2021\/04\/20184744\/prf.jpg","width":1200,"height":628,"caption":"prf"},{"@type":"BreadcrumbList","@id":"https:\/\/www.estrategiaconcursos.com.br\/blog\/recursos-concurso-prf\/#breadcrumb","itemListElement":[{"@type":"ListItem","position":1,"name":"In\u00edcio","item":"https:\/\/www.estrategiaconcursos.com.br\/blog\/"},{"@type":"ListItem","position":2,"name":"Concurso PRF: confira os RECURSOS poss\u00edveis da prova!"}]},{"@type":"WebSite","@id":"https:\/\/www.estrategiaconcursos.com.br\/blog\/#website","url":"https:\/\/www.estrategiaconcursos.com.br\/blog\/","name":"Estrat\u00e9gia Concursos","description":"O blog da Estrat\u00e9gia Concursos traz not\u00edcias sobre concursos e artigos de professores oferecendo cursos para concursos (pdf + videaulas) no site.","publisher":{"@id":"https:\/\/www.estrategiaconcursos.com.br\/blog\/#organization"},"potentialAction":[{"@type":"SearchAction","target":{"@type":"EntryPoint","urlTemplate":"https:\/\/www.estrategiaconcursos.com.br\/blog\/?s={search_term_string}"},"query-input":{"@type":"PropertyValueSpecification","valueRequired":true,"valueName":"search_term_string"}}],"inLanguage":"pt-BR"},{"@type":"Organization","@id":"https:\/\/www.estrategiaconcursos.com.br\/blog\/#organization","name":"Estrat\u00e9gia Concursos","url":"https:\/\/www.estrategiaconcursos.com.br\/blog\/","logo":{"@type":"ImageObject","inLanguage":"pt-BR","@id":"https:\/\/www.estrategiaconcursos.com.br\/blog\/#\/schema\/logo\/image\/","url":"https:\/\/dhg1h5j42swfq.cloudfront.net\/2025\/06\/03203428\/logo_concursos-1.jpg","contentUrl":"https:\/\/dhg1h5j42swfq.cloudfront.net\/2025\/06\/03203428\/logo_concursos-1.jpg","width":230,"height":60,"caption":"Estrat\u00e9gia Concursos"},"image":{"@id":"https:\/\/www.estrategiaconcursos.com.br\/blog\/#\/schema\/logo\/image\/"},"sameAs":["https:\/\/x.com\/EstratConcursos"]},{"@type":"Person","@id":"https:\/\/www.estrategiaconcursos.com.br\/blog\/#\/schema\/person\/b4a388c97673c5f483d72185668afa1f","name":"Coordena\u00e7\u00e3o","image":{"@type":"ImageObject","inLanguage":"pt-BR","@id":"https:\/\/secure.gravatar.com\/avatar\/b720319e4c9a967eb58678d110f4fe35452fc5d5f97b202bac7b8acceb18c6ad?s=96&d=mm&r=g","url":"https:\/\/secure.gravatar.com\/avatar\/b720319e4c9a967eb58678d110f4fe35452fc5d5f97b202bac7b8acceb18c6ad?s=96&d=mm&r=g","contentUrl":"https:\/\/secure.gravatar.com\/avatar\/b720319e4c9a967eb58678d110f4fe35452fc5d5f97b202bac7b8acceb18c6ad?s=96&d=mm&r=g","caption":"Coordena\u00e7\u00e3o"},"sameAs":["https:\/\/www.facebook.com\/EstrategiaConcursos","https:\/\/x.com\/EstratConcursos"],"url":"https:\/\/www.estrategiaconcursos.com.br\/blog\/author\/estrategia2013\/"}]}},"_links":{"self":[{"href":"https:\/\/www.estrategiaconcursos.com.br\/blog\/wp-json\/wp\/v2\/posts\/738100","targetHints":{"allow":["GET"]}}],"collection":[{"href":"https:\/\/www.estrategiaconcursos.com.br\/blog\/wp-json\/wp\/v2\/posts"}],"about":[{"href":"https:\/\/www.estrategiaconcursos.com.br\/blog\/wp-json\/wp\/v2\/types\/post"}],"author":[{"embeddable":true,"href":"https:\/\/www.estrategiaconcursos.com.br\/blog\/wp-json\/wp\/v2\/users\/1"}],"replies":[{"embeddable":true,"href":"https:\/\/www.estrategiaconcursos.com.br\/blog\/wp-json\/wp\/v2\/comments?post=738100"}],"version-history":[{"count":23,"href":"https:\/\/www.estrategiaconcursos.com.br\/blog\/wp-json\/wp\/v2\/posts\/738100\/revisions"}],"predecessor-version":[{"id":739618,"href":"https:\/\/www.estrategiaconcursos.com.br\/blog\/wp-json\/wp\/v2\/posts\/738100\/revisions\/739618"}],"wp:featuredmedia":[{"embeddable":true,"href":"https:\/\/www.estrategiaconcursos.com.br\/blog\/wp-json\/wp\/v2\/media\/720088"}],"wp:attachment":[{"href":"https:\/\/www.estrategiaconcursos.com.br\/blog\/wp-json\/wp\/v2\/media?parent=738100"}],"wp:term":[{"taxonomy":"category","embeddable":true,"href":"https:\/\/www.estrategiaconcursos.com.br\/blog\/wp-json\/wp\/v2\/categories?post=738100"},{"taxonomy":"post_tag","embeddable":true,"href":"https:\/\/www.estrategiaconcursos.com.br\/blog\/wp-json\/wp\/v2\/tags?post=738100"},{"taxonomy":"tax_estado","embeddable":true,"href":"https:\/\/www.estrategiaconcursos.com.br\/blog\/wp-json\/wp\/v2\/tax_estado?post=738100"}],"curies":[{"name":"wp","href":"https:\/\/api.w.org\/{rel}","templated":true}]}}