{"id":737710,"date":"2021-05-15T06:06:00","date_gmt":"2021-05-15T09:06:00","guid":{"rendered":"https:\/\/www.estrategiaconcursos.com.br\/blog\/?p=737710"},"modified":"2023-08-28T14:05:11","modified_gmt":"2023-08-28T17:05:11","slug":"1-simulado-mp-rs-cargo-analista-do-ministerio-publico-especialidade-direito","status":"publish","type":"post","link":"https:\/\/www.estrategiaconcursos.com.br\/blog\/1-simulado-mp-rs-cargo-analista-do-ministerio-publico-especialidade-direito\/","title":{"rendered":"1\u00ba Simulado MP RS \u2013 Cargo: Analista do Minist\u00e9rio P\u00fablico \u2013 Especialidade Direito"},"content":{"rendered":"\n<p><strong>Sa\u00edram os editais<\/strong> <strong>do concurso Minist\u00e9rio P\u00fablico do Estado do Rio Grande do Sul (MP RS)<\/strong>. De acordo com os documentos, s\u00e3o ofertadas vagas para cadastro de reserva aos cargos de T\u00e9cnico e Analista.<\/p>\n\n\n\n<p>Para <strong>Analista do Minist\u00e9rio P\u00fablico<\/strong> \u00e9 necess\u00e1rio ter diploma ou certificado de conclus\u00e3o de curso superior na respectiva especialidade<\/p>\n\n\n\n<p>As inscri\u00e7\u00f5es est\u00e3o abertas no site do <strong>Instituto AOCP<\/strong> at\u00e9 o dia <strong>7 de junho de 2021<\/strong> e as provas est\u00e3o marcadas para o dia <strong>18 de julho de 2021.<\/strong><\/p>\n\n\n\n<p>Pensando nisso, o Estrat\u00e9gia Concursos preparou o 1\u00ba Simulado MP RS \u2013 Cargo: Analista do Minist\u00e9rio P\u00fablico \u2013 Especialidade Direito. O evento ocorrer\u00e1 neste s\u00e1bado, 15 de maio, a partir das 8h30. <\/p>\n\n\n\n<p><strong>Acompanhe tamb\u00e9m a corre\u00e7\u00e3o em v\u00eddeo, a partir das 14h.<\/strong><\/p>\n\n\n\n<p><strong>Confira abaixo a distribui\u00e7\u00e3o das quest\u00f5es:<\/strong><\/p>\n\n\n\n<figure class=\"wp-block-table is-style-stripes\"><table class=\"has-background\" style=\"background-color:#e9fbe5\"><tbody><tr><td><strong>Disciplina<\/strong><\/td><td><strong>N\u00famero de Quest\u00f5es<\/strong><\/td><\/tr><tr><td>Direito Administrativo&nbsp;<strong>(*)<\/strong><\/td><td>5<\/td><\/tr><tr><td>Direito Constitucional&nbsp;<strong>(*)<\/strong><\/td><td>5<\/td><\/tr><tr><td>Direito Penal&nbsp;<strong>(*)<\/strong><\/td><td>5<\/td><\/tr><tr><td>Direito Processual Penal&nbsp;<strong>(*)<\/strong><\/td><td>5<\/td><\/tr><tr><td>Direito Civil&nbsp;<strong>(*)<\/strong><\/td><td>5<\/td><\/tr><tr><td>Direito Processual Civil&nbsp;<strong>(*)<\/strong><\/td><td>5<\/td><\/tr><tr><td>No\u00e7\u00f5es de Legisla\u00e7\u00e3o&nbsp;<strong>(*)<\/strong><\/td><td>5<\/td><\/tr><tr><td>Direito Institucional Do Minist\u00e9rio P\u00fablico<\/td><td>5<\/td><\/tr><tr><td>Direito Ambiental<\/td><td>5<\/td><\/tr><tr><td>Legisla\u00e7\u00e3o Especial<\/td><td>5<\/td><\/tr><tr><td>L\u00edngua Portuguesa&nbsp;<strong>(*)<\/strong><\/td><td>20<\/td><\/tr><tr><td>Inform\u00e1tica&nbsp;<strong>(*)<\/strong><\/td><td>10<\/td><\/tr><\/tbody><\/table><\/figure>\n\n\n\n<p>A aplica\u00e7\u00e3o do simulado come\u00e7a \u00e0s 8h30 (hor\u00e1rio de Bras\u00edlia). Voc\u00ea ter\u00e1 a oportunidade de participar do nosso&nbsp;<em>ranking<\/em>&nbsp;classificat\u00f3rio, preenchendo o formul\u00e1rio eletr\u00f4nico disponibilizado nesta p\u00e1gina. <\/p>\n\n\n\n<h2 class=\"wp-block-heading\" id=\"h-1\u00ba-simulado-mp-rs-cargo-analista-do-ministerio-publico-especialidade-direito\">1\u00ba Simulado MP RS \u2013 Cargo: Analista do Minist\u00e9rio P\u00fablico \u2013 Especialidade Direito<\/h2>\n\n\n\n<p class=\"has-text-align-center has-black-color has-pale-cyan-blue-background-color has-text-color has-background has-medium-font-size\"><strong><a href=\"https:\/\/dhg1h5j42swfq.cloudfront.net\/2021\/05\/14221239\/sem_comentario_-_mp-rs-analista-do-ministerio-publico-15-05.pdf\" onclick=\"ga('gtm5.send', 'event', 'simulado', 'download', '20210515-1o-simulado-mp-rs-analista-do-ministerio-publico-especialidade-direito');\" target=\"_blank\" rel=\"noreferrer noopener\">Baixe aqui o Caderno de Quest\u00f5es<\/a><\/strong><\/p>\n\n\n\n<p class=\"has-text-align-center has-black-color has-very-light-gray-background-color has-text-color has-background\"><em><strong><a href=\"https:\/\/docs.google.com\/forms\/d\/e\/1FAIpQLSc0OSZcwmcFDDoF1olm07o-Dwr4NFEY-SUZIxUKVe_745qksA\/viewform\" target=\"_blank\" rel=\"noreferrer noopener\">Preencha seu gabarito<\/a><\/strong><\/em><\/p>\n\n\n\n<h3 class=\"wp-block-heading\" id=\"h-cronograma-de-aplicacao-do-1\u00ba-simulado-mp-rs-cargo-analista-do-ministerio-publico-especialidade-direito\">Cronograma de aplica\u00e7\u00e3o do 1\u00ba Simulado MP RS \u2013 Cargo: Analista do Minist\u00e9rio P\u00fablico \u2013 Especialidade Direito<\/h3>\n\n\n\n<p>Os Simulados acontecer\u00e3o da seguinte maneira:<\/p>\n\n\n\n<p class=\"has-very-light-gray-background-color has-background\"><strong>In\u00edcio da aplica\u00e7\u00e3o da prova:<\/strong>\u00a0\u00e0s 8h30<br \/><strong>Fim da aplica\u00e7\u00e3o:<\/strong>\u00a0\u00e0s 12h30<br \/><strong>Divulga\u00e7\u00e3o do Ranking:<\/strong>\u00a0\u00e0s 14h<br \/><strong>Corre\u00e7\u00e3o em v\u00eddeo:<\/strong> \u00e0s 14h<\/p>\n\n\n\n<h2 class=\"wp-block-heading\" id=\"h-ranking-estrategico\">Ranking Estrat\u00e9gico<\/h2>\n\n\n\n<p class=\"has-text-align-center has-very-dark-gray-color has-pale-cyan-blue-background-color has-text-color has-background\"><strong><a href=\"https:\/\/docs.google.com\/spreadsheets\/d\/1hReyjs7HGfq8t-qprKw7cTLO-h83C1jKddmyR_PiAkY\/edit#gid=430333596\" target=\"_blank\" rel=\"noreferrer noopener\">Ranking Estrat\u00e9gico:&nbsp;Simulado 1\u00ba Simulado MP RS &#8211; Analista<\/a><\/strong><\/p>\n\n\n\n<p class=\"has-text-align-center has-very-dark-gray-color has-very-light-gray-background-color has-text-color has-background\"><a href=\"https:\/\/dhg1h5j42swfq.cloudfront.net\/2021\/05\/14221437\/gabarito_-_mp-rs-analista-do-ministerio-publico-15-05.pdf\" target=\"_blank\" rel=\"noreferrer noopener\"><strong>Gabarito<\/strong><br \/>O gabarito comentado estar\u00e1 dispon\u00edvel na \u00e1rea do aluno<\/a><\/p>\n\n\n\n<h3 class=\"wp-block-heading\">Algum problema nos simulados? Fale conosco:<\/h3>\n\n\n\n<p class=\"has-text-align-center has-black-color has-pale-cyan-blue-background-color has-text-color has-background\"><a href=\"https:\/\/forms.gle\/4m2jW72tab1qXoRS7\"><strong>Clique aqui para baixar o formul\u00e1rio<\/strong><\/a><\/p>\n\n\n\n<p class=\"has-text-align-center has-cyan-bluish-gray-background-color has-background\" style=\"font-size:clamp(14px, 0.875rem + ((1vw - 3.2px) * 0.392), 18px);px\"><strong>Saiba mais: <\/strong><a href=\"https:\/\/www.estrategiaconcursos.com.br\/blog\/concurso-mp-rs\/\">Concurso MP RS<\/a><\/p>\n\n\n\n<h2 class=\"wp-block-heading has-text-align-center\" id=\"cursos-assinatura\">Quer estudar para o concurso MP RS? <\/h2>\n\n\n\n<div class=\"row\">\n\n    <div class=\"col-sm\">\n      <div class=\"banner-ecj\" id=\"box-assinatura\">\n        <h3 class=\"titulo-assinatura\">Cursos Concurso MP RS <\/h3>\n        <p class=\"subtitulo-assinatura\">Cursos focados no edital do concurso<\/p>\n        <div class=\"box-botao\">\n          <a class=\"btn-assinatura\" target=\"_blank\" href=\"https:\/\/www.estrategiaconcursos.com.br\/cursosPorConcurso\/ministerio-publico-do-rio-grande-do-sul-mp-rs\/\" role=\"button\" rel=\"noopener noreferrer\">Conhe\u00e7a mais<\/a>\n        <\/div>\n      <\/div>\n      <p class=\"texto-auxiliar\">Prepare-se com o melhor material e com quem mais aprova em concursos de Procuradorias em todo o pa\u00eds. \n<\/p>\n    <\/div>\n\n  <\/div>\n\n\n\n<div id=\"boxes\" class=\"container\">\n<div class=\"row\">\n<div class=\"col-sm\">\n<div id=\"box-assinatura\" class=\"estrategia\">\n<h3 class=\"titulo-assinatura\">Assinatura Concursos<\/h3>\n<p class=\"subtitulo-assinatura\">Assinatura de 1 ano ou 2 anos<\/p>\n<div class=\"box-botao\"><a class=\"btn-assinatura\" role=\"button\" href=\"https:\/\/www.estrategiaconcursos.com.br\/assinaturas\/\" target=\"_blank\" rel=\"noopener noreferrer\">ASSINE AGORA<\/a><\/div>\n<\/div>\n<\/div>\n<div class=\"col-sm\">\n<div id=\"box-assinatura\" class=\"questoes\">\n<h3 class=\"titulo-assinatura\">Sistema de Quest\u00f5es<\/h3>\n<p class=\"subtitulo-assinatura\">Assinatura de 1 ano ou 2 anos<\/p>\n<div class=\"box-botao\"><a class=\"btn-assinatura\" role=\"button\" href=\"https:\/\/www.estrategiaconcursos.com.br\/cursosPorConcurso\/sistema-de-questoes\/#\/\" target=\"_blank\" rel=\"noopener noreferrer\">ASSINE AGORA<\/a><\/div>\n<\/div>\n<\/div>\n<\/div>\n<\/div>\n\n\n\n<div class=\"container\" id=\"boxes\">\n  <div class=\"row\">\n\n    <div class=\"col-sm\" id=\"boxes-concursos\">\n      <div style=\"background-color: #005DAD;\" class=\"conteudo-concursos\" id=\"box-concursos\">\n        <h3 class=\"titulo-assinatura\">Concursos Abertos<\/h3>\n        <p class=\"subtitulo-assinatura\">Confira os editais publicados<\/p>\n        <div class=\"box-botao\">\n          <a class=\"btn-assinatura\" target=\"_blank\" href=\"https:\/\/www.estrategiaconcursos.com.br\/blog\/concursos-abertos\/\" role=\"button\" rel=\"noopener noreferrer\">Conhe\u00e7a Agora<\/a>\n        <\/div>\n      <\/div>\n    <\/div>\n\n    <div class=\"col-sm\" id=\"boxes-concursos\">\n      <div style=\"background-color: #419FF0;\" class=\"conteudo-concursos\" id=\"box-concursos\">\n        <h3 class=\"titulo-assinatura\">Concursos 2021<\/h3>\n        <p class=\"subtitulo-assinatura\">Confira as oportunidades previstas<\/p>\n        <div class=\"box-botao\">\n          <a class=\"btn-assinatura\" target=\"_blank\" href=\"https:\/\/www.estrategiaconcursos.com.br\/blog\/concursos-2021\/\" role=\"button\" rel=\"noopener noreferrer\">Conhe\u00e7a Agora<\/a>\n        <\/div>\n      <\/div>\n    <\/div>\n\n  <\/div>\n<\/div>\n\n\n\n<p><strong>Quer ficar atualizado DIARIAMENTE sobre as not\u00edcias do mundo dos concursos? Entre no nosso Telegram<\/strong>&nbsp;<strong>abaixo!<\/strong><\/p>\n\n\n\n<figure class=\"wp-block-image\"><a href=\"https:\/\/t.me\/estrategianews\" target=\"_blank\" rel=\"noreferrer noopener\"><img loading=\"lazy\" decoding=\"async\" width=\"899\" height=\"193\" src=\"https:\/\/dhg1h5j42swfq.cloudfront.net\/2021\/05\/03172229\/news-1.jpg\" alt=\"Telegram Estrat\u00e9gia News\" class=\"wp-image-730087\" srcset=\"https:\/\/dhg1h5j42swfq.cloudfront.net\/2021\/05\/03172229\/news-1.jpg 899w, https:\/\/dhg1h5j42swfq.cloudfront.net\/2021\/05\/03172229\/news-1-300x64.jpg 300w, https:\/\/dhg1h5j42swfq.cloudfront.net\/2021\/05\/03172229\/news-1-768x165.jpg 768w, https:\/\/dhg1h5j42swfq.cloudfront.net\/2021\/05\/03172229\/news-1-610x131.jpg 610w\" sizes=\"auto, (max-width: 899px) 100vw, 899px\" \/><\/a><\/figure>\n","protected":false},"excerpt":{"rendered":"<p>Sa\u00edram os editais do concurso Minist\u00e9rio P\u00fablico do Estado do Rio Grande do Sul (MP RS). De acordo com os documentos, s\u00e3o ofertadas vagas para cadastro de reserva aos cargos de T\u00e9cnico e Analista. Para Analista do Minist\u00e9rio P\u00fablico \u00e9 necess\u00e1rio ter diploma ou certificado de conclus\u00e3o de curso superior na respectiva especialidade As inscri\u00e7\u00f5es [&hellip;]<\/p>\n","protected":false},"author":1,"featured_media":741846,"comment_status":"open","ping_status":"closed","sticky":false,"template":"","format":"standard","meta":{"post_tipo":"news","footnotes":""},"categories":[1984],"tags":[],"tax_estado":[219986],"class_list":["post-737710","post","type-post","status-publish","format-standard","has-post-thumbnail","hentry","category-tribunais","tax_estado-rs"],"acf":[],"yoast_head":"<!-- This site is optimized with the Yoast SEO Premium plugin v27.2 (Yoast SEO v27.2) - https:\/\/yoast.com\/product\/yoast-seo-premium-wordpress\/ -->\n<title>1\u00ba Simulado MP RS \u2013 Cargo: Analista do Minist\u00e9rio P\u00fablico \u2013 Especialidade Direito<\/title>\n<meta name=\"robots\" content=\"index, follow, max-snippet:-1, max-image-preview:large, max-video-preview:-1\" \/>\n<link rel=\"canonical\" href=\"https:\/\/www.estrategiaconcursos.com.br\/blog\/1-simulado-mp-rs-cargo-analista-do-ministerio-publico-especialidade-direito\/\" \/>\n<meta property=\"og:locale\" content=\"pt_BR\" \/>\n<meta property=\"og:type\" content=\"article\" \/>\n<meta property=\"og:title\" content=\"1\u00ba Simulado MP RS \u2013 Cargo: Analista do Minist\u00e9rio P\u00fablico \u2013 Especialidade Direito\" \/>\n<meta property=\"og:description\" content=\"Sa\u00edram os editais do concurso Minist\u00e9rio P\u00fablico do Estado do Rio Grande do Sul (MP RS). De acordo com os documentos, s\u00e3o ofertadas vagas para cadastro de reserva aos cargos de T\u00e9cnico e Analista. Para Analista do Minist\u00e9rio P\u00fablico \u00e9 necess\u00e1rio ter diploma ou certificado de conclus\u00e3o de curso superior na respectiva especialidade As inscri\u00e7\u00f5es [&hellip;]\" \/>\n<meta property=\"og:url\" content=\"https:\/\/www.estrategiaconcursos.com.br\/blog\/1-simulado-mp-rs-cargo-analista-do-ministerio-publico-especialidade-direito\/\" \/>\n<meta property=\"og:site_name\" content=\"Estrat\u00e9gia Concursos\" \/>\n<meta property=\"article:author\" content=\"https:\/\/www.facebook.com\/EstrategiaConcursos\" \/>\n<meta property=\"article:published_time\" content=\"2021-05-15T09:06:00+00:00\" \/>\n<meta property=\"article:modified_time\" content=\"2023-08-28T17:05:11+00:00\" \/>\n<meta property=\"og:image\" content=\"https:\/\/dhg1h5j42swfq.cloudfront.net\/2021\/05\/15121847\/whatsapp-image-2021-05-15-at-12-18-31.jpeg\" \/>\n\t<meta property=\"og:image:width\" content=\"1225\" \/>\n\t<meta property=\"og:image:height\" content=\"621\" \/>\n\t<meta property=\"og:image:type\" content=\"image\/jpeg\" \/>\n<meta name=\"author\" content=\"Coordena\u00e7\u00e3o\" \/>\n<meta name=\"twitter:card\" content=\"summary_large_image\" \/>\n<meta name=\"twitter:creator\" content=\"@EstratConcursos\" \/>\n<meta name=\"twitter:site\" content=\"@EstratConcursos\" \/>\n<meta name=\"twitter:label1\" content=\"Escrito por\" \/>\n\t<meta name=\"twitter:data1\" content=\"Coordena\u00e7\u00e3o\" \/>\n\t<meta name=\"twitter:label2\" content=\"Est. tempo de leitura\" \/>\n\t<meta name=\"twitter:data2\" content=\"2 minutos\" \/>\n<script type=\"application\/ld+json\" class=\"yoast-schema-graph\">{\"@context\":\"https:\/\/schema.org\",\"@graph\":[{\"@type\":\"NewsArticle\",\"@id\":\"https:\/\/www.estrategiaconcursos.com.br\/blog\/1-simulado-mp-rs-cargo-analista-do-ministerio-publico-especialidade-direito\/#article\",\"isPartOf\":{\"@id\":\"https:\/\/www.estrategiaconcursos.com.br\/blog\/1-simulado-mp-rs-cargo-analista-do-ministerio-publico-especialidade-direito\/\"},\"author\":{\"name\":\"Coordena\u00e7\u00e3o\",\"@id\":\"https:\/\/www.estrategiaconcursos.com.br\/blog\/#\/schema\/person\/b4a388c97673c5f483d72185668afa1f\"},\"headline\":\"1\u00ba Simulado MP RS \u2013 Cargo: Analista do Minist\u00e9rio P\u00fablico \u2013 Especialidade Direito\",\"datePublished\":\"2021-05-15T09:06:00+00:00\",\"dateModified\":\"2023-08-28T17:05:11+00:00\",\"mainEntityOfPage\":{\"@id\":\"https:\/\/www.estrategiaconcursos.com.br\/blog\/1-simulado-mp-rs-cargo-analista-do-ministerio-publico-especialidade-direito\/\"},\"wordCount\":453,\"commentCount\":0,\"publisher\":{\"@id\":\"https:\/\/www.estrategiaconcursos.com.br\/blog\/#organization\"},\"image\":{\"@id\":\"https:\/\/www.estrategiaconcursos.com.br\/blog\/1-simulado-mp-rs-cargo-analista-do-ministerio-publico-especialidade-direito\/#primaryimage\"},\"thumbnailUrl\":\"https:\/\/dhg1h5j42swfq.cloudfront.net\/2021\/05\/15121847\/whatsapp-image-2021-05-15-at-12-18-31.jpeg\",\"articleSection\":[\"Tribunais\"],\"inLanguage\":\"pt-BR\",\"potentialAction\":[{\"@type\":\"CommentAction\",\"name\":\"Comment\",\"target\":[\"https:\/\/www.estrategiaconcursos.com.br\/blog\/1-simulado-mp-rs-cargo-analista-do-ministerio-publico-especialidade-direito\/#respond\"]}],\"copyrightYear\":\"2021\",\"copyrightHolder\":{\"@id\":\"https:\/\/www.estrategiaconcursos.com.br\/blog\/#organization\"}},{\"@type\":\"WebPage\",\"@id\":\"https:\/\/www.estrategiaconcursos.com.br\/blog\/1-simulado-mp-rs-cargo-analista-do-ministerio-publico-especialidade-direito\/\",\"url\":\"https:\/\/www.estrategiaconcursos.com.br\/blog\/1-simulado-mp-rs-cargo-analista-do-ministerio-publico-especialidade-direito\/\",\"name\":\"1\u00ba Simulado MP RS \u2013 Cargo: Analista do Minist\u00e9rio P\u00fablico \u2013 Especialidade Direito\",\"isPartOf\":{\"@id\":\"https:\/\/www.estrategiaconcursos.com.br\/blog\/#website\"},\"primaryImageOfPage\":{\"@id\":\"https:\/\/www.estrategiaconcursos.com.br\/blog\/1-simulado-mp-rs-cargo-analista-do-ministerio-publico-especialidade-direito\/#primaryimage\"},\"image\":{\"@id\":\"https:\/\/www.estrategiaconcursos.com.br\/blog\/1-simulado-mp-rs-cargo-analista-do-ministerio-publico-especialidade-direito\/#primaryimage\"},\"thumbnailUrl\":\"https:\/\/dhg1h5j42swfq.cloudfront.net\/2021\/05\/15121847\/whatsapp-image-2021-05-15-at-12-18-31.jpeg\",\"datePublished\":\"2021-05-15T09:06:00+00:00\",\"dateModified\":\"2023-08-28T17:05:11+00:00\",\"breadcrumb\":{\"@id\":\"https:\/\/www.estrategiaconcursos.com.br\/blog\/1-simulado-mp-rs-cargo-analista-do-ministerio-publico-especialidade-direito\/#breadcrumb\"},\"inLanguage\":\"pt-BR\",\"potentialAction\":[{\"@type\":\"ReadAction\",\"target\":[\"https:\/\/www.estrategiaconcursos.com.br\/blog\/1-simulado-mp-rs-cargo-analista-do-ministerio-publico-especialidade-direito\/\"]}]},{\"@type\":\"ImageObject\",\"inLanguage\":\"pt-BR\",\"@id\":\"https:\/\/www.estrategiaconcursos.com.br\/blog\/1-simulado-mp-rs-cargo-analista-do-ministerio-publico-especialidade-direito\/#primaryimage\",\"url\":\"https:\/\/dhg1h5j42swfq.cloudfront.net\/2021\/05\/15121847\/whatsapp-image-2021-05-15-at-12-18-31.jpeg\",\"contentUrl\":\"https:\/\/dhg1h5j42swfq.cloudfront.net\/2021\/05\/15121847\/whatsapp-image-2021-05-15-at-12-18-31.jpeg\",\"width\":1225,\"height\":621,\"caption\":\"1\u00ba Simulado MP RS \u2013 Analista do Minist\u00e9rio P\u00fablico \u2013 Especialidade Direito: Corre\u00e7\u00e3o\"},{\"@type\":\"BreadcrumbList\",\"@id\":\"https:\/\/www.estrategiaconcursos.com.br\/blog\/1-simulado-mp-rs-cargo-analista-do-ministerio-publico-especialidade-direito\/#breadcrumb\",\"itemListElement\":[{\"@type\":\"ListItem\",\"position\":1,\"name\":\"In\u00edcio\",\"item\":\"https:\/\/www.estrategiaconcursos.com.br\/blog\/\"},{\"@type\":\"ListItem\",\"position\":2,\"name\":\"1\u00ba Simulado MP RS \u2013 Cargo: Analista do Minist\u00e9rio P\u00fablico \u2013 Especialidade Direito\"}]},{\"@type\":\"WebSite\",\"@id\":\"https:\/\/www.estrategiaconcursos.com.br\/blog\/#website\",\"url\":\"https:\/\/www.estrategiaconcursos.com.br\/blog\/\",\"name\":\"Estrat\u00e9gia Concursos\",\"description\":\"O blog da Estrat\u00e9gia Concursos traz not\u00edcias sobre concursos e artigos de professores oferecendo cursos para concursos (pdf + videaulas) no site.\",\"publisher\":{\"@id\":\"https:\/\/www.estrategiaconcursos.com.br\/blog\/#organization\"},\"potentialAction\":[{\"@type\":\"SearchAction\",\"target\":{\"@type\":\"EntryPoint\",\"urlTemplate\":\"https:\/\/www.estrategiaconcursos.com.br\/blog\/?s={search_term_string}\"},\"query-input\":{\"@type\":\"PropertyValueSpecification\",\"valueRequired\":true,\"valueName\":\"search_term_string\"}}],\"inLanguage\":\"pt-BR\"},{\"@type\":\"Organization\",\"@id\":\"https:\/\/www.estrategiaconcursos.com.br\/blog\/#organization\",\"name\":\"Estrat\u00e9gia Concursos\",\"url\":\"https:\/\/www.estrategiaconcursos.com.br\/blog\/\",\"logo\":{\"@type\":\"ImageObject\",\"inLanguage\":\"pt-BR\",\"@id\":\"https:\/\/www.estrategiaconcursos.com.br\/blog\/#\/schema\/logo\/image\/\",\"url\":\"https:\/\/dhg1h5j42swfq.cloudfront.net\/2025\/06\/03203428\/logo_concursos-1.jpg\",\"contentUrl\":\"https:\/\/dhg1h5j42swfq.cloudfront.net\/2025\/06\/03203428\/logo_concursos-1.jpg\",\"width\":230,\"height\":60,\"caption\":\"Estrat\u00e9gia Concursos\"},\"image\":{\"@id\":\"https:\/\/www.estrategiaconcursos.com.br\/blog\/#\/schema\/logo\/image\/\"},\"sameAs\":[\"https:\/\/x.com\/EstratConcursos\"]},{\"@type\":\"Person\",\"@id\":\"https:\/\/www.estrategiaconcursos.com.br\/blog\/#\/schema\/person\/b4a388c97673c5f483d72185668afa1f\",\"name\":\"Coordena\u00e7\u00e3o\",\"image\":{\"@type\":\"ImageObject\",\"inLanguage\":\"pt-BR\",\"@id\":\"https:\/\/secure.gravatar.com\/avatar\/b720319e4c9a967eb58678d110f4fe35452fc5d5f97b202bac7b8acceb18c6ad?s=96&d=mm&r=g\",\"url\":\"https:\/\/secure.gravatar.com\/avatar\/b720319e4c9a967eb58678d110f4fe35452fc5d5f97b202bac7b8acceb18c6ad?s=96&d=mm&r=g\",\"contentUrl\":\"https:\/\/secure.gravatar.com\/avatar\/b720319e4c9a967eb58678d110f4fe35452fc5d5f97b202bac7b8acceb18c6ad?s=96&d=mm&r=g\",\"caption\":\"Coordena\u00e7\u00e3o\"},\"sameAs\":[\"https:\/\/www.facebook.com\/EstrategiaConcursos\",\"https:\/\/x.com\/EstratConcursos\"],\"url\":\"https:\/\/www.estrategiaconcursos.com.br\/blog\/author\/estrategia2013\/\"}]}<\/script>\n<!-- \/ Yoast SEO Premium plugin. -->","yoast_head_json":{"title":"1\u00ba Simulado MP RS \u2013 Cargo: Analista do Minist\u00e9rio P\u00fablico \u2013 Especialidade Direito","robots":{"index":"index","follow":"follow","max-snippet":"max-snippet:-1","max-image-preview":"max-image-preview:large","max-video-preview":"max-video-preview:-1"},"canonical":"https:\/\/www.estrategiaconcursos.com.br\/blog\/1-simulado-mp-rs-cargo-analista-do-ministerio-publico-especialidade-direito\/","og_locale":"pt_BR","og_type":"article","og_title":"1\u00ba Simulado MP RS \u2013 Cargo: Analista do Minist\u00e9rio P\u00fablico \u2013 Especialidade Direito","og_description":"Sa\u00edram os editais do concurso Minist\u00e9rio P\u00fablico do Estado do Rio Grande do Sul (MP RS). De acordo com os documentos, s\u00e3o ofertadas vagas para cadastro de reserva aos cargos de T\u00e9cnico e Analista. Para Analista do Minist\u00e9rio P\u00fablico \u00e9 necess\u00e1rio ter diploma ou certificado de conclus\u00e3o de curso superior na respectiva especialidade As inscri\u00e7\u00f5es [&hellip;]","og_url":"https:\/\/www.estrategiaconcursos.com.br\/blog\/1-simulado-mp-rs-cargo-analista-do-ministerio-publico-especialidade-direito\/","og_site_name":"Estrat\u00e9gia Concursos","article_author":"https:\/\/www.facebook.com\/EstrategiaConcursos","article_published_time":"2021-05-15T09:06:00+00:00","article_modified_time":"2023-08-28T17:05:11+00:00","og_image":[{"width":1225,"height":621,"url":"https:\/\/dhg1h5j42swfq.cloudfront.net\/2021\/05\/15121847\/whatsapp-image-2021-05-15-at-12-18-31.jpeg","type":"image\/jpeg"}],"author":"Coordena\u00e7\u00e3o","twitter_card":"summary_large_image","twitter_creator":"@EstratConcursos","twitter_site":"@EstratConcursos","twitter_misc":{"Escrito por":"Coordena\u00e7\u00e3o","Est. tempo de leitura":"2 minutos"},"schema":{"@context":"https:\/\/schema.org","@graph":[{"@type":"NewsArticle","@id":"https:\/\/www.estrategiaconcursos.com.br\/blog\/1-simulado-mp-rs-cargo-analista-do-ministerio-publico-especialidade-direito\/#article","isPartOf":{"@id":"https:\/\/www.estrategiaconcursos.com.br\/blog\/1-simulado-mp-rs-cargo-analista-do-ministerio-publico-especialidade-direito\/"},"author":{"name":"Coordena\u00e7\u00e3o","@id":"https:\/\/www.estrategiaconcursos.com.br\/blog\/#\/schema\/person\/b4a388c97673c5f483d72185668afa1f"},"headline":"1\u00ba Simulado MP RS \u2013 Cargo: Analista do Minist\u00e9rio P\u00fablico \u2013 Especialidade Direito","datePublished":"2021-05-15T09:06:00+00:00","dateModified":"2023-08-28T17:05:11+00:00","mainEntityOfPage":{"@id":"https:\/\/www.estrategiaconcursos.com.br\/blog\/1-simulado-mp-rs-cargo-analista-do-ministerio-publico-especialidade-direito\/"},"wordCount":453,"commentCount":0,"publisher":{"@id":"https:\/\/www.estrategiaconcursos.com.br\/blog\/#organization"},"image":{"@id":"https:\/\/www.estrategiaconcursos.com.br\/blog\/1-simulado-mp-rs-cargo-analista-do-ministerio-publico-especialidade-direito\/#primaryimage"},"thumbnailUrl":"https:\/\/dhg1h5j42swfq.cloudfront.net\/2021\/05\/15121847\/whatsapp-image-2021-05-15-at-12-18-31.jpeg","articleSection":["Tribunais"],"inLanguage":"pt-BR","potentialAction":[{"@type":"CommentAction","name":"Comment","target":["https:\/\/www.estrategiaconcursos.com.br\/blog\/1-simulado-mp-rs-cargo-analista-do-ministerio-publico-especialidade-direito\/#respond"]}],"copyrightYear":"2021","copyrightHolder":{"@id":"https:\/\/www.estrategiaconcursos.com.br\/blog\/#organization"}},{"@type":"WebPage","@id":"https:\/\/www.estrategiaconcursos.com.br\/blog\/1-simulado-mp-rs-cargo-analista-do-ministerio-publico-especialidade-direito\/","url":"https:\/\/www.estrategiaconcursos.com.br\/blog\/1-simulado-mp-rs-cargo-analista-do-ministerio-publico-especialidade-direito\/","name":"1\u00ba Simulado MP RS \u2013 Cargo: Analista do Minist\u00e9rio P\u00fablico \u2013 Especialidade Direito","isPartOf":{"@id":"https:\/\/www.estrategiaconcursos.com.br\/blog\/#website"},"primaryImageOfPage":{"@id":"https:\/\/www.estrategiaconcursos.com.br\/blog\/1-simulado-mp-rs-cargo-analista-do-ministerio-publico-especialidade-direito\/#primaryimage"},"image":{"@id":"https:\/\/www.estrategiaconcursos.com.br\/blog\/1-simulado-mp-rs-cargo-analista-do-ministerio-publico-especialidade-direito\/#primaryimage"},"thumbnailUrl":"https:\/\/dhg1h5j42swfq.cloudfront.net\/2021\/05\/15121847\/whatsapp-image-2021-05-15-at-12-18-31.jpeg","datePublished":"2021-05-15T09:06:00+00:00","dateModified":"2023-08-28T17:05:11+00:00","breadcrumb":{"@id":"https:\/\/www.estrategiaconcursos.com.br\/blog\/1-simulado-mp-rs-cargo-analista-do-ministerio-publico-especialidade-direito\/#breadcrumb"},"inLanguage":"pt-BR","potentialAction":[{"@type":"ReadAction","target":["https:\/\/www.estrategiaconcursos.com.br\/blog\/1-simulado-mp-rs-cargo-analista-do-ministerio-publico-especialidade-direito\/"]}]},{"@type":"ImageObject","inLanguage":"pt-BR","@id":"https:\/\/www.estrategiaconcursos.com.br\/blog\/1-simulado-mp-rs-cargo-analista-do-ministerio-publico-especialidade-direito\/#primaryimage","url":"https:\/\/dhg1h5j42swfq.cloudfront.net\/2021\/05\/15121847\/whatsapp-image-2021-05-15-at-12-18-31.jpeg","contentUrl":"https:\/\/dhg1h5j42swfq.cloudfront.net\/2021\/05\/15121847\/whatsapp-image-2021-05-15-at-12-18-31.jpeg","width":1225,"height":621,"caption":"1\u00ba Simulado MP RS \u2013 Analista do Minist\u00e9rio P\u00fablico \u2013 Especialidade Direito: Corre\u00e7\u00e3o"},{"@type":"BreadcrumbList","@id":"https:\/\/www.estrategiaconcursos.com.br\/blog\/1-simulado-mp-rs-cargo-analista-do-ministerio-publico-especialidade-direito\/#breadcrumb","itemListElement":[{"@type":"ListItem","position":1,"name":"In\u00edcio","item":"https:\/\/www.estrategiaconcursos.com.br\/blog\/"},{"@type":"ListItem","position":2,"name":"1\u00ba Simulado MP RS \u2013 Cargo: Analista do Minist\u00e9rio P\u00fablico \u2013 Especialidade Direito"}]},{"@type":"WebSite","@id":"https:\/\/www.estrategiaconcursos.com.br\/blog\/#website","url":"https:\/\/www.estrategiaconcursos.com.br\/blog\/","name":"Estrat\u00e9gia Concursos","description":"O blog da Estrat\u00e9gia Concursos traz not\u00edcias sobre concursos e artigos de professores oferecendo cursos para concursos (pdf + videaulas) no site.","publisher":{"@id":"https:\/\/www.estrategiaconcursos.com.br\/blog\/#organization"},"potentialAction":[{"@type":"SearchAction","target":{"@type":"EntryPoint","urlTemplate":"https:\/\/www.estrategiaconcursos.com.br\/blog\/?s={search_term_string}"},"query-input":{"@type":"PropertyValueSpecification","valueRequired":true,"valueName":"search_term_string"}}],"inLanguage":"pt-BR"},{"@type":"Organization","@id":"https:\/\/www.estrategiaconcursos.com.br\/blog\/#organization","name":"Estrat\u00e9gia Concursos","url":"https:\/\/www.estrategiaconcursos.com.br\/blog\/","logo":{"@type":"ImageObject","inLanguage":"pt-BR","@id":"https:\/\/www.estrategiaconcursos.com.br\/blog\/#\/schema\/logo\/image\/","url":"https:\/\/dhg1h5j42swfq.cloudfront.net\/2025\/06\/03203428\/logo_concursos-1.jpg","contentUrl":"https:\/\/dhg1h5j42swfq.cloudfront.net\/2025\/06\/03203428\/logo_concursos-1.jpg","width":230,"height":60,"caption":"Estrat\u00e9gia Concursos"},"image":{"@id":"https:\/\/www.estrategiaconcursos.com.br\/blog\/#\/schema\/logo\/image\/"},"sameAs":["https:\/\/x.com\/EstratConcursos"]},{"@type":"Person","@id":"https:\/\/www.estrategiaconcursos.com.br\/blog\/#\/schema\/person\/b4a388c97673c5f483d72185668afa1f","name":"Coordena\u00e7\u00e3o","image":{"@type":"ImageObject","inLanguage":"pt-BR","@id":"https:\/\/secure.gravatar.com\/avatar\/b720319e4c9a967eb58678d110f4fe35452fc5d5f97b202bac7b8acceb18c6ad?s=96&d=mm&r=g","url":"https:\/\/secure.gravatar.com\/avatar\/b720319e4c9a967eb58678d110f4fe35452fc5d5f97b202bac7b8acceb18c6ad?s=96&d=mm&r=g","contentUrl":"https:\/\/secure.gravatar.com\/avatar\/b720319e4c9a967eb58678d110f4fe35452fc5d5f97b202bac7b8acceb18c6ad?s=96&d=mm&r=g","caption":"Coordena\u00e7\u00e3o"},"sameAs":["https:\/\/www.facebook.com\/EstrategiaConcursos","https:\/\/x.com\/EstratConcursos"],"url":"https:\/\/www.estrategiaconcursos.com.br\/blog\/author\/estrategia2013\/"}]}},"_links":{"self":[{"href":"https:\/\/www.estrategiaconcursos.com.br\/blog\/wp-json\/wp\/v2\/posts\/737710","targetHints":{"allow":["GET"]}}],"collection":[{"href":"https:\/\/www.estrategiaconcursos.com.br\/blog\/wp-json\/wp\/v2\/posts"}],"about":[{"href":"https:\/\/www.estrategiaconcursos.com.br\/blog\/wp-json\/wp\/v2\/types\/post"}],"author":[{"embeddable":true,"href":"https:\/\/www.estrategiaconcursos.com.br\/blog\/wp-json\/wp\/v2\/users\/1"}],"replies":[{"embeddable":true,"href":"https:\/\/www.estrategiaconcursos.com.br\/blog\/wp-json\/wp\/v2\/comments?post=737710"}],"version-history":[{"count":6,"href":"https:\/\/www.estrategiaconcursos.com.br\/blog\/wp-json\/wp\/v2\/posts\/737710\/revisions"}],"predecessor-version":[{"id":1270106,"href":"https:\/\/www.estrategiaconcursos.com.br\/blog\/wp-json\/wp\/v2\/posts\/737710\/revisions\/1270106"}],"wp:featuredmedia":[{"embeddable":true,"href":"https:\/\/www.estrategiaconcursos.com.br\/blog\/wp-json\/wp\/v2\/media\/741846"}],"wp:attachment":[{"href":"https:\/\/www.estrategiaconcursos.com.br\/blog\/wp-json\/wp\/v2\/media?parent=737710"}],"wp:term":[{"taxonomy":"category","embeddable":true,"href":"https:\/\/www.estrategiaconcursos.com.br\/blog\/wp-json\/wp\/v2\/categories?post=737710"},{"taxonomy":"post_tag","embeddable":true,"href":"https:\/\/www.estrategiaconcursos.com.br\/blog\/wp-json\/wp\/v2\/tags?post=737710"},{"taxonomy":"tax_estado","embeddable":true,"href":"https:\/\/www.estrategiaconcursos.com.br\/blog\/wp-json\/wp\/v2\/tax_estado?post=737710"}],"curies":[{"name":"wp","href":"https:\/\/api.w.org\/{rel}","templated":true}]}}