{"id":73740,"date":"2017-05-14T18:57:07","date_gmt":"2017-05-14T21:57:07","guid":{"rendered":"https:\/\/www.estrategiaconcursos.com.br\/blog\/?p=73740"},"modified":"2017-05-14T19:03:05","modified_gmt":"2017-05-14T22:03:05","slug":"questao-discursiva-multidisciplinar","status":"publish","type":"post","link":"https:\/\/www.estrategiaconcursos.com.br\/blog\/questao-discursiva-multidisciplinar\/","title":{"rendered":"Quest\u00e3o Discursiva Multidisciplinar"},"content":{"rendered":"<p>Ol\u00e1! Meus queridos alunos!<\/p>\n<p>A nova tend\u00eancia das provas discursivas \u00e9 a abordagem de quest\u00e3o multidisciplinar.<\/p>\n<p>Segue uma quest\u00e3o discursiva multidisciplinar:<\/p>\n<p>Quest\u00e3o: Maria, desempregada h\u00e1 mais de dois anos foi chamada para uma entrevista de emprego na empresa Luz e Flor Ltda. Chegando l\u00e1 a diretora da empresa solicitou a Maria a apresenta\u00e7\u00e3o um exame para investigar uma poss\u00edvel gravidez ou um atestado de esteriliza\u00e7\u00e3o, como requisito para admiss\u00e3o ao emprego. Disserte sobre a atitude da empresa, enfocando os aspectos pertinentes ao Direito Constitucional, Direito do Trabalho e Direito Penal.<\/p>\n<p>Pontos para disserta\u00e7\u00e3o:<\/p>\n<p>A CLT em seu artigo 391 e a Constitui\u00e7\u00e3o Federal no artigo 10, al\u00ednea &#8220;a&#8221; do Ato das Disposi\u00e7\u00f5es Constitucionais Transit\u00f3rias protegem a mulher de discrimina\u00e7\u00f5es em torno da maternidade. Mesmo assim, na pr\u00e1tica existem casos em que o fato da mulher ter se casado ou se encontrar em estado de gravidez s\u00e3o determinantes para sua exclus\u00e3o da empresa.<\/p>\n<p>Art. 391 da CLT N\u00e3o constitui justo motivo para a rescis\u00e3o do contrato de trabalho da mulher o fato de haver contra\u00eddo matrim\u00f4nio ou de encontrar-se em estado de gravidez. Par\u00e1grafo \u00fanico &#8211; N\u00e3o ser\u00e3o permitidos em regulamentos de qualquer natureza contratos coletivos ou individuais de trabalho, restri\u00e7\u00f5es ao direito da mulher ao seu emprego, por motivo de casamento ou de gravidez.<\/p>\n<p>A Lei 9029\/95 protege o direito \u00e0 intimidade da mulher. <\/p>\n<p>Os artigos 1\u00ba e 4\u00ba, da Lei 9.029\/95, que pro\u00edbem as pr\u00e1ticas discriminat\u00f3rias para efeitos de perman\u00eancia da rela\u00e7\u00e3o jur\u00eddica de trabalho permitem que em caso de comprovada dispensa discriminat\u00f3ria o trabalhador seja reintegrado ao emprego, com o pagamento dos sal\u00e1rios e benef\u00edcios do per\u00edodo de afastamento.<\/p>\n<p>Observem os artigos da Lei 9.029\/95:<\/p>\n<p>Art. 1o  \u00c9 proibida a ado\u00e7\u00e3o de qualquer pr\u00e1tica discriminat\u00f3ria e limitativa para efeito de acesso \u00e0 rela\u00e7\u00e3o de trabalho, ou de sua manuten\u00e7\u00e3o, por motivo de sexo, origem, ra\u00e7a, cor, estado civil, situa\u00e7\u00e3o familiar, defici\u00eancia, reabilita\u00e7\u00e3o profissional, idade, entre outros, ressalvadas, nesse caso, as hip\u00f3teses de prote\u00e7\u00e3o \u00e0 crian\u00e7a e ao adolescente previstas no inciso XXXIII do art. 7o da Constitui\u00e7\u00e3o Federal.  <\/p>\n<p>Art. 2\u00ba Constituem crime as seguintes pr\u00e1ticas discriminat\u00f3rias:<br \/>\nI &#8211; a exig\u00eancia de teste, exame, per\u00edcia, laudo, atestado, declara\u00e7\u00e3o ou qualquer outro procedimento relativo \u00e0 esteriliza\u00e7\u00e3o ou a estado de gravidez;<br \/>\nII &#8211; a ado\u00e7\u00e3o de quaisquer medidas, de iniciativa do empregador, que configurem;<br \/>\na) indu\u00e7\u00e3o ou instigamento \u00e0 esteriliza\u00e7\u00e3o gen\u00e9tica;<br \/>\nb) promo\u00e7\u00e3o do controle de natalidade, assim n\u00e3o considerado o oferecimento de servi\u00e7os e de aconselhamento ou planejamento familiar, realizados atrav\u00e9s de institui\u00e7\u00f5es p\u00fablicas ou privadas, submetidas \u00e0s normas do Sistema \u00danico de Sa\u00fade (SUS).<br \/>\nPena: deten\u00e7\u00e3o de um a dois anos e multa.<br \/>\nPar\u00e1grafo \u00fanico. S\u00e3o sujeitos ativos dos crimes a que se refere este artigo:<br \/>\nI &#8211; a pessoa f\u00edsica empregadora;<br \/>\nII &#8211; o representante legal do empregador, como definido na legisla\u00e7\u00e3o trabalhista;<br \/>\nIII &#8211; o dirigente, direto ou por delega\u00e7\u00e3o, de \u00f3rg\u00e3os p\u00fablicos e entidades das administra\u00e7\u00f5es p\u00fablicas direta, indireta e fundacional de qualquer dos Poderes da Uni\u00e3o, dos Estados, do Distrito Federal e dos Munic\u00edpios.<\/p>\n<p>Art. 3o  Sem preju\u00edzo do prescrito no art. 2o desta Lei e nos dispositivos legais que tipificam os crimes resultantes de preconceito de etnia, ra\u00e7a, cor ou defici\u00eancia, as infra\u00e7\u00f5es ao disposto nesta Lei s\u00e3o pass\u00edveis das seguintes comina\u00e7\u00f5es:<br \/>\n I &#8211; multa administrativa de dez vezes o valor do maior sal\u00e1rio pago pelo empregador, elevado em cinq\u00fcenta por cento em caso de reincid\u00eancia;<br \/>\nII &#8211; proibi\u00e7\u00e3o de obter empr\u00e9stimo ou financiamento junto a institui\u00e7\u00f5es financeiras oficiais.<\/p>\n<p>Art. 4o  O rompimento da rela\u00e7\u00e3o de trabalho por ato discriminat\u00f3rio, nos moldes desta Lei, al\u00e9m do direito \u00e0 repara\u00e7\u00e3o pelo dano moral, faculta ao empregado optar entre:<br \/>\n I &#8211; a reintegra\u00e7\u00e3o com ressarcimento integral de todo o per\u00edodo de afastamento, mediante pagamento das remunera\u00e7\u00f5es devidas, corrigidas monetariamente e acrescidas de juros legais;<br \/>\n II &#8211; a percep\u00e7\u00e3o, em dobro, da remunera\u00e7\u00e3o do per\u00edodo de afastamento, corrigida monetariamente e acrescida dos juros legais.<\/p>\n<p>Assim, quanto \u00e0 repara\u00e7\u00e3o dos danos ante a inobserv\u00e2ncia aos termos da Lei 9.029\/95 \u00e9 facultado ao empregado \u2013 v\u00edtima da pr\u00e1tica discriminat\u00f3ria, a op\u00e7\u00e3o pela reintegra\u00e7\u00e3o, com ressarcimento integral do per\u00edodo de afastamento, ou a percep\u00e7\u00e3o em dobro da remunera\u00e7\u00e3o do per\u00edodo de afastamento.<\/p>\n<p>Premissa Maior<br \/>\nLei 9029\/95.<\/p>\n<p>Premissa Menor<br \/>\nFalar sobre a prote\u00e7\u00e3o constitucional \u00e0 gestante.<br \/>\nFalar sobre a conduta do empregador e suas implica\u00e7\u00f5es penais.<br \/>\nFalar sobre a op\u00e7\u00e3o de reintegra\u00e7\u00e3o ou recebimento de indeniza\u00e7\u00e3o.<\/p>\n<p>Conclus\u00e3o<br \/>\nConcluir julgando a atitude da empresa e falando das repercuss\u00f5es a que ela estar\u00e1 submetida no \u00e2mbito trabalhista e criminal.<\/p>\n<p><a href=\"http:\/\/https:\/\/www.estrategiaconcursos.com.br\/cursosPorProfessor\/deborah-paiva-3568\/\">Confiram meus cursos<\/a><\/p>\n<p>Por hoje \u00e9 s\u00f3!<\/p>\n<p>Um forte abra\u00e7o,<\/p>\n<p>D\u00e9borah Paiva<br \/>\nprofessoradeborahpaiva@hotmail.com<\/p>\n","protected":false},"excerpt":{"rendered":"<p>Ol\u00e1! Meus queridos alunos! A nova tend\u00eancia das provas discursivas \u00e9 a abordagem de quest\u00e3o multidisciplinar. Segue uma quest\u00e3o discursiva multidisciplinar: Quest\u00e3o: Maria, desempregada h\u00e1 mais de dois anos foi chamada para uma entrevista de emprego na empresa Luz e Flor Ltda. Chegando l\u00e1 a diretora da empresa solicitou a Maria a apresenta\u00e7\u00e3o um exame [&hellip;]<\/p>\n","protected":false},"author":408,"featured_media":0,"comment_status":"open","ping_status":"open","sticky":false,"template":"","format":"standard","meta":{"post_tipo":"article","footnotes":""},"categories":[1984],"tags":[],"tax_estado":[],"class_list":["post-73740","post","type-post","status-publish","format-standard","hentry","category-tribunais"],"acf":[],"yoast_head":"<!-- This site is optimized with the Yoast SEO Premium plugin v27.2 (Yoast SEO v27.2) - https:\/\/yoast.com\/product\/yoast-seo-premium-wordpress\/ -->\n<title>Quest\u00e3o Discursiva Multidisciplinar<\/title>\n<meta name=\"robots\" content=\"index, follow, max-snippet:-1, max-image-preview:large, max-video-preview:-1\" \/>\n<link rel=\"canonical\" href=\"https:\/\/www.estrategiaconcursos.com.br\/blog\/questao-discursiva-multidisciplinar\/\" \/>\n<meta property=\"og:locale\" content=\"pt_BR\" \/>\n<meta property=\"og:type\" content=\"article\" \/>\n<meta property=\"og:title\" content=\"Quest\u00e3o Discursiva Multidisciplinar\" \/>\n<meta property=\"og:description\" content=\"Ol\u00e1! Meus queridos alunos! A nova tend\u00eancia das provas discursivas \u00e9 a abordagem de quest\u00e3o multidisciplinar. Segue uma quest\u00e3o discursiva multidisciplinar: Quest\u00e3o: Maria, desempregada h\u00e1 mais de dois anos foi chamada para uma entrevista de emprego na empresa Luz e Flor Ltda. Chegando l\u00e1 a diretora da empresa solicitou a Maria a apresenta\u00e7\u00e3o um exame [&hellip;]\" \/>\n<meta property=\"og:url\" content=\"https:\/\/www.estrategiaconcursos.com.br\/blog\/questao-discursiva-multidisciplinar\/\" \/>\n<meta property=\"og:site_name\" content=\"Estrat\u00e9gia Concursos\" \/>\n<meta property=\"article:published_time\" content=\"2017-05-14T21:57:07+00:00\" \/>\n<meta property=\"article:modified_time\" content=\"2017-05-14T22:03:05+00:00\" \/>\n<meta name=\"author\" content=\"Deborah Paiva\" \/>\n<meta name=\"twitter:card\" content=\"summary_large_image\" \/>\n<meta name=\"twitter:creator\" content=\"@EstratConcursos\" \/>\n<meta name=\"twitter:site\" content=\"@EstratConcursos\" \/>\n<meta name=\"twitter:label1\" content=\"Escrito por\" \/>\n\t<meta name=\"twitter:data1\" content=\"Deborah Paiva\" \/>\n\t<meta name=\"twitter:label2\" content=\"Est. tempo de leitura\" \/>\n\t<meta name=\"twitter:data2\" content=\"4 minutos\" \/>\n<script type=\"application\/ld+json\" class=\"yoast-schema-graph\">{\"@context\":\"https:\/\/schema.org\",\"@graph\":[{\"@type\":\"NewsArticle\",\"@id\":\"https:\/\/www.estrategiaconcursos.com.br\/blog\/questao-discursiva-multidisciplinar\/#article\",\"isPartOf\":{\"@id\":\"https:\/\/www.estrategiaconcursos.com.br\/blog\/questao-discursiva-multidisciplinar\/\"},\"author\":{\"name\":\"Deborah Paiva\",\"@id\":\"https:\/\/www.estrategiaconcursos.com.br\/blog\/#\/schema\/person\/020032288bda52ebb06d54bdf1fec7ee\"},\"headline\":\"Quest\u00e3o Discursiva Multidisciplinar\",\"datePublished\":\"2017-05-14T21:57:07+00:00\",\"dateModified\":\"2017-05-14T22:03:05+00:00\",\"mainEntityOfPage\":{\"@id\":\"https:\/\/www.estrategiaconcursos.com.br\/blog\/questao-discursiva-multidisciplinar\/\"},\"wordCount\":862,\"commentCount\":3,\"publisher\":{\"@id\":\"https:\/\/www.estrategiaconcursos.com.br\/blog\/#organization\"},\"articleSection\":[\"Tribunais\"],\"inLanguage\":\"pt-BR\",\"potentialAction\":[{\"@type\":\"CommentAction\",\"name\":\"Comment\",\"target\":[\"https:\/\/www.estrategiaconcursos.com.br\/blog\/questao-discursiva-multidisciplinar\/#respond\"]}],\"copyrightYear\":\"2017\",\"copyrightHolder\":{\"@id\":\"https:\/\/www.estrategiaconcursos.com.br\/blog\/#organization\"}},{\"@type\":\"WebPage\",\"@id\":\"https:\/\/www.estrategiaconcursos.com.br\/blog\/questao-discursiva-multidisciplinar\/\",\"url\":\"https:\/\/www.estrategiaconcursos.com.br\/blog\/questao-discursiva-multidisciplinar\/\",\"name\":\"Quest\u00e3o Discursiva Multidisciplinar\",\"isPartOf\":{\"@id\":\"https:\/\/www.estrategiaconcursos.com.br\/blog\/#website\"},\"datePublished\":\"2017-05-14T21:57:07+00:00\",\"dateModified\":\"2017-05-14T22:03:05+00:00\",\"breadcrumb\":{\"@id\":\"https:\/\/www.estrategiaconcursos.com.br\/blog\/questao-discursiva-multidisciplinar\/#breadcrumb\"},\"inLanguage\":\"pt-BR\",\"potentialAction\":[{\"@type\":\"ReadAction\",\"target\":[\"https:\/\/www.estrategiaconcursos.com.br\/blog\/questao-discursiva-multidisciplinar\/\"]}]},{\"@type\":\"BreadcrumbList\",\"@id\":\"https:\/\/www.estrategiaconcursos.com.br\/blog\/questao-discursiva-multidisciplinar\/#breadcrumb\",\"itemListElement\":[{\"@type\":\"ListItem\",\"position\":1,\"name\":\"In\u00edcio\",\"item\":\"https:\/\/www.estrategiaconcursos.com.br\/blog\/\"},{\"@type\":\"ListItem\",\"position\":2,\"name\":\"Quest\u00e3o Discursiva Multidisciplinar\"}]},{\"@type\":\"WebSite\",\"@id\":\"https:\/\/www.estrategiaconcursos.com.br\/blog\/#website\",\"url\":\"https:\/\/www.estrategiaconcursos.com.br\/blog\/\",\"name\":\"Estrat\u00e9gia Concursos\",\"description\":\"O blog da Estrat\u00e9gia Concursos traz not\u00edcias sobre concursos e artigos de professores oferecendo cursos para concursos (pdf + videaulas) no site.\",\"publisher\":{\"@id\":\"https:\/\/www.estrategiaconcursos.com.br\/blog\/#organization\"},\"potentialAction\":[{\"@type\":\"SearchAction\",\"target\":{\"@type\":\"EntryPoint\",\"urlTemplate\":\"https:\/\/www.estrategiaconcursos.com.br\/blog\/?s={search_term_string}\"},\"query-input\":{\"@type\":\"PropertyValueSpecification\",\"valueRequired\":true,\"valueName\":\"search_term_string\"}}],\"inLanguage\":\"pt-BR\"},{\"@type\":\"Organization\",\"@id\":\"https:\/\/www.estrategiaconcursos.com.br\/blog\/#organization\",\"name\":\"Estrat\u00e9gia Concursos\",\"url\":\"https:\/\/www.estrategiaconcursos.com.br\/blog\/\",\"logo\":{\"@type\":\"ImageObject\",\"inLanguage\":\"pt-BR\",\"@id\":\"https:\/\/www.estrategiaconcursos.com.br\/blog\/#\/schema\/logo\/image\/\",\"url\":\"https:\/\/dhg1h5j42swfq.cloudfront.net\/2025\/06\/03203428\/logo_concursos-1.jpg\",\"contentUrl\":\"https:\/\/dhg1h5j42swfq.cloudfront.net\/2025\/06\/03203428\/logo_concursos-1.jpg\",\"width\":230,\"height\":60,\"caption\":\"Estrat\u00e9gia Concursos\"},\"image\":{\"@id\":\"https:\/\/www.estrategiaconcursos.com.br\/blog\/#\/schema\/logo\/image\/\"},\"sameAs\":[\"https:\/\/x.com\/EstratConcursos\"]},{\"@type\":\"Person\",\"@id\":\"https:\/\/www.estrategiaconcursos.com.br\/blog\/#\/schema\/person\/020032288bda52ebb06d54bdf1fec7ee\",\"name\":\"Deborah Paiva\",\"image\":{\"@type\":\"ImageObject\",\"inLanguage\":\"pt-BR\",\"@id\":\"https:\/\/secure.gravatar.com\/avatar\/a8272e1eb549c3fc129f06cc1c756a4dd7cf153c3cca338cd23580febd4d9d84?s=96&d=mm&r=g\",\"url\":\"https:\/\/secure.gravatar.com\/avatar\/a8272e1eb549c3fc129f06cc1c756a4dd7cf153c3cca338cd23580febd4d9d84?s=96&d=mm&r=g\",\"contentUrl\":\"https:\/\/secure.gravatar.com\/avatar\/a8272e1eb549c3fc129f06cc1c756a4dd7cf153c3cca338cd23580febd4d9d84?s=96&d=mm&r=g\",\"caption\":\"Deborah Paiva\"},\"url\":\"https:\/\/www.estrategiaconcursos.com.br\/blog\/author\/deborahpaivaestrategiaconcursos-com-br\/\"}]}<\/script>\n<!-- \/ Yoast SEO Premium plugin. -->","yoast_head_json":{"title":"Quest\u00e3o Discursiva Multidisciplinar","robots":{"index":"index","follow":"follow","max-snippet":"max-snippet:-1","max-image-preview":"max-image-preview:large","max-video-preview":"max-video-preview:-1"},"canonical":"https:\/\/www.estrategiaconcursos.com.br\/blog\/questao-discursiva-multidisciplinar\/","og_locale":"pt_BR","og_type":"article","og_title":"Quest\u00e3o Discursiva Multidisciplinar","og_description":"Ol\u00e1! Meus queridos alunos! A nova tend\u00eancia das provas discursivas \u00e9 a abordagem de quest\u00e3o multidisciplinar. Segue uma quest\u00e3o discursiva multidisciplinar: Quest\u00e3o: Maria, desempregada h\u00e1 mais de dois anos foi chamada para uma entrevista de emprego na empresa Luz e Flor Ltda. Chegando l\u00e1 a diretora da empresa solicitou a Maria a apresenta\u00e7\u00e3o um exame [&hellip;]","og_url":"https:\/\/www.estrategiaconcursos.com.br\/blog\/questao-discursiva-multidisciplinar\/","og_site_name":"Estrat\u00e9gia Concursos","article_published_time":"2017-05-14T21:57:07+00:00","article_modified_time":"2017-05-14T22:03:05+00:00","author":"Deborah Paiva","twitter_card":"summary_large_image","twitter_creator":"@EstratConcursos","twitter_site":"@EstratConcursos","twitter_misc":{"Escrito por":"Deborah Paiva","Est. tempo de leitura":"4 minutos"},"schema":{"@context":"https:\/\/schema.org","@graph":[{"@type":"NewsArticle","@id":"https:\/\/www.estrategiaconcursos.com.br\/blog\/questao-discursiva-multidisciplinar\/#article","isPartOf":{"@id":"https:\/\/www.estrategiaconcursos.com.br\/blog\/questao-discursiva-multidisciplinar\/"},"author":{"name":"Deborah Paiva","@id":"https:\/\/www.estrategiaconcursos.com.br\/blog\/#\/schema\/person\/020032288bda52ebb06d54bdf1fec7ee"},"headline":"Quest\u00e3o Discursiva Multidisciplinar","datePublished":"2017-05-14T21:57:07+00:00","dateModified":"2017-05-14T22:03:05+00:00","mainEntityOfPage":{"@id":"https:\/\/www.estrategiaconcursos.com.br\/blog\/questao-discursiva-multidisciplinar\/"},"wordCount":862,"commentCount":3,"publisher":{"@id":"https:\/\/www.estrategiaconcursos.com.br\/blog\/#organization"},"articleSection":["Tribunais"],"inLanguage":"pt-BR","potentialAction":[{"@type":"CommentAction","name":"Comment","target":["https:\/\/www.estrategiaconcursos.com.br\/blog\/questao-discursiva-multidisciplinar\/#respond"]}],"copyrightYear":"2017","copyrightHolder":{"@id":"https:\/\/www.estrategiaconcursos.com.br\/blog\/#organization"}},{"@type":"WebPage","@id":"https:\/\/www.estrategiaconcursos.com.br\/blog\/questao-discursiva-multidisciplinar\/","url":"https:\/\/www.estrategiaconcursos.com.br\/blog\/questao-discursiva-multidisciplinar\/","name":"Quest\u00e3o Discursiva Multidisciplinar","isPartOf":{"@id":"https:\/\/www.estrategiaconcursos.com.br\/blog\/#website"},"datePublished":"2017-05-14T21:57:07+00:00","dateModified":"2017-05-14T22:03:05+00:00","breadcrumb":{"@id":"https:\/\/www.estrategiaconcursos.com.br\/blog\/questao-discursiva-multidisciplinar\/#breadcrumb"},"inLanguage":"pt-BR","potentialAction":[{"@type":"ReadAction","target":["https:\/\/www.estrategiaconcursos.com.br\/blog\/questao-discursiva-multidisciplinar\/"]}]},{"@type":"BreadcrumbList","@id":"https:\/\/www.estrategiaconcursos.com.br\/blog\/questao-discursiva-multidisciplinar\/#breadcrumb","itemListElement":[{"@type":"ListItem","position":1,"name":"In\u00edcio","item":"https:\/\/www.estrategiaconcursos.com.br\/blog\/"},{"@type":"ListItem","position":2,"name":"Quest\u00e3o Discursiva Multidisciplinar"}]},{"@type":"WebSite","@id":"https:\/\/www.estrategiaconcursos.com.br\/blog\/#website","url":"https:\/\/www.estrategiaconcursos.com.br\/blog\/","name":"Estrat\u00e9gia Concursos","description":"O blog da Estrat\u00e9gia Concursos traz not\u00edcias sobre concursos e artigos de professores oferecendo cursos para concursos (pdf + videaulas) no site.","publisher":{"@id":"https:\/\/www.estrategiaconcursos.com.br\/blog\/#organization"},"potentialAction":[{"@type":"SearchAction","target":{"@type":"EntryPoint","urlTemplate":"https:\/\/www.estrategiaconcursos.com.br\/blog\/?s={search_term_string}"},"query-input":{"@type":"PropertyValueSpecification","valueRequired":true,"valueName":"search_term_string"}}],"inLanguage":"pt-BR"},{"@type":"Organization","@id":"https:\/\/www.estrategiaconcursos.com.br\/blog\/#organization","name":"Estrat\u00e9gia Concursos","url":"https:\/\/www.estrategiaconcursos.com.br\/blog\/","logo":{"@type":"ImageObject","inLanguage":"pt-BR","@id":"https:\/\/www.estrategiaconcursos.com.br\/blog\/#\/schema\/logo\/image\/","url":"https:\/\/dhg1h5j42swfq.cloudfront.net\/2025\/06\/03203428\/logo_concursos-1.jpg","contentUrl":"https:\/\/dhg1h5j42swfq.cloudfront.net\/2025\/06\/03203428\/logo_concursos-1.jpg","width":230,"height":60,"caption":"Estrat\u00e9gia Concursos"},"image":{"@id":"https:\/\/www.estrategiaconcursos.com.br\/blog\/#\/schema\/logo\/image\/"},"sameAs":["https:\/\/x.com\/EstratConcursos"]},{"@type":"Person","@id":"https:\/\/www.estrategiaconcursos.com.br\/blog\/#\/schema\/person\/020032288bda52ebb06d54bdf1fec7ee","name":"Deborah Paiva","image":{"@type":"ImageObject","inLanguage":"pt-BR","@id":"https:\/\/secure.gravatar.com\/avatar\/a8272e1eb549c3fc129f06cc1c756a4dd7cf153c3cca338cd23580febd4d9d84?s=96&d=mm&r=g","url":"https:\/\/secure.gravatar.com\/avatar\/a8272e1eb549c3fc129f06cc1c756a4dd7cf153c3cca338cd23580febd4d9d84?s=96&d=mm&r=g","contentUrl":"https:\/\/secure.gravatar.com\/avatar\/a8272e1eb549c3fc129f06cc1c756a4dd7cf153c3cca338cd23580febd4d9d84?s=96&d=mm&r=g","caption":"Deborah Paiva"},"url":"https:\/\/www.estrategiaconcursos.com.br\/blog\/author\/deborahpaivaestrategiaconcursos-com-br\/"}]}},"_links":{"self":[{"href":"https:\/\/www.estrategiaconcursos.com.br\/blog\/wp-json\/wp\/v2\/posts\/73740","targetHints":{"allow":["GET"]}}],"collection":[{"href":"https:\/\/www.estrategiaconcursos.com.br\/blog\/wp-json\/wp\/v2\/posts"}],"about":[{"href":"https:\/\/www.estrategiaconcursos.com.br\/blog\/wp-json\/wp\/v2\/types\/post"}],"author":[{"embeddable":true,"href":"https:\/\/www.estrategiaconcursos.com.br\/blog\/wp-json\/wp\/v2\/users\/408"}],"replies":[{"embeddable":true,"href":"https:\/\/www.estrategiaconcursos.com.br\/blog\/wp-json\/wp\/v2\/comments?post=73740"}],"version-history":[{"count":2,"href":"https:\/\/www.estrategiaconcursos.com.br\/blog\/wp-json\/wp\/v2\/posts\/73740\/revisions"}],"predecessor-version":[{"id":73743,"href":"https:\/\/www.estrategiaconcursos.com.br\/blog\/wp-json\/wp\/v2\/posts\/73740\/revisions\/73743"}],"wp:attachment":[{"href":"https:\/\/www.estrategiaconcursos.com.br\/blog\/wp-json\/wp\/v2\/media?parent=73740"}],"wp:term":[{"taxonomy":"category","embeddable":true,"href":"https:\/\/www.estrategiaconcursos.com.br\/blog\/wp-json\/wp\/v2\/categories?post=73740"},{"taxonomy":"post_tag","embeddable":true,"href":"https:\/\/www.estrategiaconcursos.com.br\/blog\/wp-json\/wp\/v2\/tags?post=73740"},{"taxonomy":"tax_estado","embeddable":true,"href":"https:\/\/www.estrategiaconcursos.com.br\/blog\/wp-json\/wp\/v2\/tax_estado?post=73740"}],"curies":[{"name":"wp","href":"https:\/\/api.w.org\/{rel}","templated":true}]}}