{"id":73677,"date":"2018-09-08T07:59:47","date_gmt":"2018-09-08T10:59:47","guid":{"rendered":"https:\/\/www.estrategiaconcursos.com.br\/blog\/?p=73677"},"modified":"2019-04-09T17:04:30","modified_gmt":"2019-04-09T20:04:30","slug":"espanhol-enem-treinamento-de-leitura-e-traducao","status":"publish","type":"post","link":"https:\/\/www.estrategiaconcursos.com.br\/blog\/espanhol-enem-treinamento-de-leitura-e-traducao\/","title":{"rendered":"ESPANHOL ENEM (Definici\u00f3n de Cambio Clim\u00e1tico)"},"content":{"rendered":"<p><span style=\"font-family: tahoma,geneva,sans-serif\"><span style=\"color: #000000\">Ol\u00e1 a todos!<\/span><\/span><\/p>\n<p><span style=\"font-family: tahoma,geneva,sans-serif\"><span style=\"color: #000000\">A mudan\u00e7a clim\u00e1tica \u00e9 um tema que parece velho, mas a todo momento volta para os notici\u00e1rios. Abaixo, temos um texto sobre esse tema.\u00a0<\/span><\/span><\/p>\n<p><span style=\"font-family: tahoma,geneva,sans-serif\"><span style=\"color: #000000\">Aproveitem para se informar sobre o assunto e tamb\u00e9m treinar leitura e tradu\u00e7\u00e3o de Espanhol.<\/span><\/span><\/p>\n<p><span style=\"font-family: tahoma,geneva,sans-serif\"><span style=\"color: #000000\">Abra\u00e7os.<\/span><\/span><\/p>\n<p><span style=\"font-family: tahoma,geneva,sans-serif\"><span style=\"color: #000000\">Prof. Adino\u00e9l e Profa. Elenice<\/span><\/span><\/p>\n<p><u><a href=\"https:\/\/www.estrategiaconcursos.com.br\/cursosPorProfessor\/adinoel-sebastiao-3238\/\" target=\"_blank\" rel=\"noopener noreferrer\"><span style=\"color: #0000ff\"><span style=\"font-family: tahoma,geneva,sans-serif\">CURSOS DE ESPANHOL DO ESTRAT\u00c9GIA CONCURSOS<\/span><\/span><\/a><\/u><\/p>\n<hr \/>\n<p><img loading=\"lazy\" decoding=\"async\" width=\"3508\" height=\"1183\" class=\"alignnone size-full wp-image-56644\" style=\"width: 200px;height: 67px\" src=\"https:\/\/dhg1h5j42swfq.cloudfront.net\/2016\/12\/01181448\/novas-corujas-11-34139.png\" alt=\"Espanhol ENEM\" srcset=\"https:\/\/dhg1h5j42swfq.cloudfront.net\/2016\/12\/01181448\/novas-corujas-11-34139.png 3508w, https:\/\/dhg1h5j42swfq.cloudfront.net\/2016\/12\/01181448\/novas-corujas-11-34139.png 300w, https:\/\/dhg1h5j42swfq.cloudfront.net\/2016\/12\/01181448\/novas-corujas-11-34139.png 768w, https:\/\/dhg1h5j42swfq.cloudfront.net\/2016\/12\/01181448\/novas-corujas-11-34139.png 1024w, https:\/\/dhg1h5j42swfq.cloudfront.net\/2016\/12\/01181448\/novas-corujas-11-34139.png 500w\" sizes=\"auto, (max-width: 3508px) 100vw, 3508px\" \/><\/p>\n<p><span style=\"font-size: 20px\"><span style=\"font-family: tahoma,geneva,sans-serif\">TEXTO<\/span><\/span><\/p>\n<h4 style=\"text-align: justify\"><span style=\"color: #000000\"><span style=\"font-family: tahoma,geneva,sans-serif\">Definici\u00f3n de Cambio Clim\u00e1tico<\/span><\/span><\/h4>\n<p style=\"text-align: justify\"><span style=\"color: #000000\"><span style=\"font-family: tahoma,geneva,sans-serif\">El cambio clim\u00e1tico se refiere al conjunto de perturbaciones a gran escala que se han suscitado en el planeta desde que comenz\u00f3 el uso desmedido de gases contaminantes llamados \u201cGases del cambio clim\u00e1tico\u201c. La emisi\u00f3n de gases que da\u00f1an la capa de ozono, aumentan la temperatura de la tierra, ya que la capa se desgasta y por consiguiente los rayos del sol penetran mas fuerte calentando la tierra exponencialmente. El cambio clim\u00e1tico es el problema m\u00e1s grande que tiene la vida en estos momentos.<\/span><\/span><\/p>\n<p style=\"text-align: justify\"><span style=\"color: #000000\"><span style=\"font-family: tahoma,geneva,sans-serif\">Los principales causantes de este fen\u00f3meno son los gases, sobre todo de CO2, que a diario emite la actividad humana a trav\u00e9s del consumo el\u00e9ctrico (pues la mayor\u00eda de la electricidad la obtenemos mediante la quema de carb\u00f3n, petr\u00f3leo y gas), el transporte a motor y los sistemas de calefacci\u00f3n que se basan en combustibles f\u00f3siles como el carb\u00f3n, el gas\u00f3leo y el gas. El cambio clim\u00e1tico provoca serias alteraciones en ecosistema, uno de los m\u00e1s renombrados el \u201cEl Ni\u00f1o\u201d El cual consiste en un cambio en los patrones de movimiento de las corrientes marinas en la zona intertropical provocando, en consecuencia, una superposici\u00f3n de aguas c\u00e1lidas procedentes de la zona del hemisferio norte inmediatamente al norte del ecuador sobre las aguas de emersi\u00f3n muy fr\u00edas que caracterizan la corriente de Humboldt; esta situaci\u00f3n provoca estragos a escala mundial debido a las intensas lluvias, afectando principalmente a Am\u00e9rica del Sur, tanto en las costas atl\u00e1nticas como en las del Pac\u00edfico.<\/span><\/span><\/p>\n<p style=\"text-align: justify\"><span style=\"color: #000000\"><span style=\"font-family: tahoma,geneva,sans-serif\">La contribuci\u00f3n mas notoria y es por la cual se lucha d\u00eda a d\u00eda es el consumo irresponsable de los recursos de la tierra, puesto que no existe una conciencia ambientalista que proteja al planeta. Debemos ser consientes, pues el cambio clim\u00e1tico es culpa de todos nosotros, que no se pretenda tapar al sol con un dedo, la contaminaci\u00f3n crece segundo a segundo. Si queremos planeta para nuestros hijos, debemos ser racionales.<\/span><\/span><\/p>\n<p style=\"text-align: justify\"><span style=\"color: #000000\"><span style=\"font-size: 10px\"><span style=\"font-family: tahoma,geneva,sans-serif\">Fonte: http:\/\/conceptodefinicion.de\/cambio-climatico\/<\/span><\/span><\/span><\/p>\n<p style=\"text-align: justify\"><img loading=\"lazy\" decoding=\"async\" width=\"413\" height=\"395\" class=\"alignnone size-full wp-image-34129\" style=\"width: 100px;height: 96px\" src=\"https:\/\/dhg1h5j42swfq.cloudfront.net\/2016\/02\/29100122\/coruja.png\" alt=\"Espanhol ENEM\" srcset=\"https:\/\/dhg1h5j42swfq.cloudfront.net\/2016\/02\/29100122\/coruja.png 413w, https:\/\/dhg1h5j42swfq.cloudfront.net\/2016\/02\/29100122\/coruja.png 300w, https:\/\/dhg1h5j42swfq.cloudfront.net\/2016\/02\/29100122\/coruja.png 314w\" sizes=\"auto, (max-width: 413px) 100vw, 413px\" \/><\/p>\n<p style=\"text-align: justify\"><span style=\"font-size: 20px\"><span style=\"font-family: tahoma,geneva,sans-serif\">TRADU\u00c7\u00c3O LIVRE<\/span><\/span><\/p>\n<h4 style=\"text-align: justify\"><span style=\"font-family: tahoma,geneva,sans-serif\"><span style=\"color: #000000\">Cambio Clim\u00e1tico<\/span><\/span><\/h4>\n<p dir=\"ltr\" style=\"text-align: justify\"><span style=\"color: #0000ff\"><span style=\"font-family: tahoma,geneva,sans-serif\">Mudan\u00e7a Clim\u00e1tica<\/span><\/span><\/p>\n<p style=\"text-align: justify\">El cambio clim\u00e1tico se refiere al conjunto de perturbaciones a gran escala que se han suscitado en el planeta desde que comenz\u00f3 el uso desmedido de gases contaminantes llamados \u201cGases del cambio clim\u00e1tico\u201c. La emisi\u00f3n de gases que da\u00f1an la capa de ozono, aumentan la temperatura de la tierra, ya que la capa se desgasta y por consiguiente los rayos del sol penetran mas fuerte calentando la tierra exponencialmente. El cambio clim\u00e1tico es el problema m\u00e1s grande que tiene la vida en estos momentos.<\/p>\n<p dir=\"ltr\" style=\"text-align: justify\"><span style=\"color: #0000ff\"><span style=\"font-family: tahoma,geneva,sans-serif\">A mudan\u00e7a clim\u00e1tica se refere ao conjunto de perturba\u00e7\u00f5es \u00a0em grande escala que se h\u00e3o suscitado (acontecido) no planeta desde que come\u00e7ou o uso desmedido de gases contaminantes chamados \u201cGases de Mudan\u00e7a Clim\u00e1tica\u201d. A emiss\u00e3o de gases que danificam a camada de oz\u00f4nio, aumentam a temperatura da terra, j\u00e1 que a camada se desgasta e por conseguinte os raios de sol penetram mais forte esquentando a terra exponencialmente. A mudan\u00e7a clim\u00e1tica \u00e9 o problema maior que tem a vida nestes momentos.<\/span><\/span><\/p>\n<p style=\"text-align: justify\"><span style=\"font-family: tahoma,geneva,sans-serif\"><span style=\"color: #000000\">Los principales causantes de este fen\u00f3meno son los gases, sobre todo de CO2, que a diario emite la actividad humana a trav\u00e9s del consumo el\u00e9ctrico (pues la mayor\u00eda de la electricidad la obtenemos mediante la quema de carb\u00f3n, petr\u00f3leo y gas), el transporte a motor y los sistemas de calefacci\u00f3n que se basan en combustibles f\u00f3siles como el carb\u00f3n, el gas\u00f3leo y el gas. El cambio clim\u00e1tico provoca serias alteraciones en ecosistema, uno de los m\u00e1s renombrados el \u201cEl Ni\u00f1o\u201d el cual consiste en un cambio en los patrones de movimiento de las corrientes marinas en la zona intertropical provocando, en consecuencia, una superposici\u00f3n de aguas c\u00e1lidas procedentes de la zona del hemisferio norte inmediatamente al norte del ecuador sobre las aguas de emersi\u00f3n muy fr\u00edas que caracterizan la corriente de Humboldt; esta situaci\u00f3n provoca estragos a escala mundial debido a las intensas lluvias, afectando principalmente a Am\u00e9rica del Sur, tanto en las costas atl\u00e1nticas como en las del Pac\u00edfico.<\/span><\/span><\/p>\n<p dir=\"ltr\" style=\"text-align: justify\"><span style=\"color: #0000ff\"><span style=\"font-family: tahoma,geneva,sans-serif\">Os principais causadores deste fen\u00f4meno s\u00e3o os gases, sobretudo de\u00a0<\/span><span style=\"font-family: tahoma,geneva,sans-serif\">CO2, que diariamente emite a atividade humana por meio do consumo\u00a0<\/span><span style=\"font-family: tahoma,geneva,sans-serif\">el\u00e9trico (pois a maioria da eletricidade \u00e9 obtida mediante a queima de carbono, petr\u00f3leo e g\u00e1s), do transporte a motor e dos sistemas de calefa\u00e7\u00e3o que se baseiam em combust\u00edveis f\u00f3sseis como o carbono, o diesel e o g\u00e1s. A mudan\u00e7a clim\u00e1tica provoca s\u00e9rias altera\u00e7\u00f5es no ecossistema, um dos mais conhecidos o \u201cEl Ni\u00f1o\u201d, consiste em uma mudan\u00e7a de padr\u00f5es de movimento das correntes marinhas na zona intertropical provocando, em consequ\u00eancia, uma superposi\u00e7\u00e3o de \u00e1guas quentes procedentes da zona do hemisf\u00e9rio norte imediatamente ao norte do equador sobre as \u00e1guas de imers\u00e3o muito frias que caracterizam a corrente de Humboldt; esta situa\u00e7\u00e3o provoca estragos em escala mundial devido \u00e0s intensas chuvas, afetando principalmente a Am\u00e9rica do Sul, tanto nas costas atl\u00e2nticas como nas costas do Pac\u00edfico.<\/span><\/span><\/p>\n<p style=\"text-align: justify\">La contribuci\u00f3n mas notoria y es por la cual se lucha d\u00eda a d\u00eda es el consumo irresponsable de los recursos de la tierra, puesto que no existe una conciencia ambientalista que proteja al planeta. Debemos ser consientes, pues el cambio clim\u00e1tico es culpa de todos nosotros, que no se pretenda tapar al sol con un dedo, la contaminaci\u00f3n crece segundo a segundo. Si queremos planeta para nuestros hijos, debemos ser racionales.<\/p>\n<p style=\"text-align: justify\"><span style=\"color: #0000ff\"><span style=\"font-family: tahoma,geneva,sans-serif\">A contribui\u00e7\u00e3o mais not\u00f3ria e \u00e9 pela qual se luta dia a dia \u00e9 o consumo irrespons\u00e1vel dos recursos da terra, posto que n\u00e3o existe uma consci\u00eancia ambientalista que proteja o planeta. Devemos ser conscientes, pois a mudan\u00e7a clim\u00e1tica \u00e9 culpa de todos n\u00f3s, que n\u00e3o se pretenda tapar o sol com um dedo (tapar o sol com a peneira), a contamina\u00e7\u00e3o cresce segundo a segundo. Se queremos um planeta para nossos filhos, devemos ser racionais.<\/span><\/span><\/p>\n<p style=\"text-align: justify\">\n","protected":false},"excerpt":{"rendered":"<p>Ol\u00e1 a todos! A mudan\u00e7a clim\u00e1tica \u00e9 um tema que parece velho, mas a todo momento volta para os notici\u00e1rios. Abaixo, temos um texto sobre esse tema.\u00a0 Aproveitem para se informar sobre o assunto e tamb\u00e9m treinar leitura e tradu\u00e7\u00e3o de Espanhol. Abra\u00e7os. Prof. Adino\u00e9l e Profa. Elenice CURSOS DE ESPANHOL DO ESTRAT\u00c9GIA CONCURSOS TEXTO [&hellip;]<\/p>\n","protected":false},"author":121,"featured_media":0,"comment_status":"open","ping_status":"open","sticky":false,"template":"","format":"standard","meta":{"post_tipo":"article","footnotes":""},"categories":[1],"tags":[],"tax_estado":[],"class_list":["post-73677","post","type-post","status-publish","format-standard","hentry","category-cursos-e-concursos"],"acf":[],"yoast_head":"<!-- This site is optimized with the Yoast SEO Premium plugin v27.2 (Yoast SEO v27.2) - https:\/\/yoast.com\/product\/yoast-seo-premium-wordpress\/ -->\n<title>ESPANHOL ENEM (Definici\u00f3n de Cambio Clim\u00e1tico)<\/title>\n<meta name=\"robots\" content=\"index, follow, max-snippet:-1, max-image-preview:large, max-video-preview:-1\" \/>\n<link rel=\"canonical\" href=\"https:\/\/www.estrategiaconcursos.com.br\/blog\/espanhol-enem-treinamento-de-leitura-e-traducao\/\" \/>\n<meta property=\"og:locale\" content=\"pt_BR\" \/>\n<meta property=\"og:type\" content=\"article\" \/>\n<meta property=\"og:title\" content=\"ESPANHOL ENEM (Definici\u00f3n de Cambio Clim\u00e1tico)\" \/>\n<meta property=\"og:description\" content=\"Ol\u00e1 a todos! A mudan\u00e7a clim\u00e1tica \u00e9 um tema que parece velho, mas a todo momento volta para os notici\u00e1rios. Abaixo, temos um texto sobre esse tema.\u00a0 Aproveitem para se informar sobre o assunto e tamb\u00e9m treinar leitura e tradu\u00e7\u00e3o de Espanhol. Abra\u00e7os. Prof. Adino\u00e9l e Profa. Elenice CURSOS DE ESPANHOL DO ESTRAT\u00c9GIA CONCURSOS TEXTO [&hellip;]\" \/>\n<meta property=\"og:url\" content=\"https:\/\/www.estrategiaconcursos.com.br\/blog\/espanhol-enem-treinamento-de-leitura-e-traducao\/\" \/>\n<meta property=\"og:site_name\" content=\"Estrat\u00e9gia Concursos\" \/>\n<meta property=\"article:published_time\" content=\"2018-09-08T10:59:47+00:00\" \/>\n<meta property=\"article:modified_time\" content=\"2019-04-09T20:04:30+00:00\" \/>\n<meta property=\"og:image\" content=\"https:\/\/www.estrategiaconcursos.com.br\/blog\/wp-content\/uploads\/2016\/12\/novas-corujas-11-34139.png\" \/>\n<meta name=\"author\" content=\"Adino\u00e9l Sebasti\u00e3o\" \/>\n<meta name=\"twitter:card\" content=\"summary_large_image\" \/>\n<meta name=\"twitter:creator\" content=\"@EstratConcursos\" \/>\n<meta name=\"twitter:site\" content=\"@EstratConcursos\" \/>\n<meta name=\"twitter:label1\" content=\"Escrito por\" \/>\n\t<meta name=\"twitter:data1\" content=\"Adino\u00e9l Sebasti\u00e3o\" \/>\n\t<meta name=\"twitter:label2\" content=\"Est. tempo de leitura\" \/>\n\t<meta name=\"twitter:data2\" content=\"6 minutos\" \/>\n<script type=\"application\/ld+json\" class=\"yoast-schema-graph\">{\"@context\":\"https:\/\/schema.org\",\"@graph\":[{\"@type\":\"NewsArticle\",\"@id\":\"https:\/\/www.estrategiaconcursos.com.br\/blog\/espanhol-enem-treinamento-de-leitura-e-traducao\/#article\",\"isPartOf\":{\"@id\":\"https:\/\/www.estrategiaconcursos.com.br\/blog\/espanhol-enem-treinamento-de-leitura-e-traducao\/\"},\"author\":{\"name\":\"Adino\u00e9l Sebasti\u00e3o\",\"@id\":\"https:\/\/www.estrategiaconcursos.com.br\/blog\/#\/schema\/person\/e6feecd7273067598aae46392fc9f322\"},\"headline\":\"ESPANHOL ENEM (Definici\u00f3n de Cambio Clim\u00e1tico)\",\"datePublished\":\"2018-09-08T10:59:47+00:00\",\"dateModified\":\"2019-04-09T20:04:30+00:00\",\"mainEntityOfPage\":{\"@id\":\"https:\/\/www.estrategiaconcursos.com.br\/blog\/espanhol-enem-treinamento-de-leitura-e-traducao\/\"},\"wordCount\":1131,\"commentCount\":0,\"publisher\":{\"@id\":\"https:\/\/www.estrategiaconcursos.com.br\/blog\/#organization\"},\"image\":{\"@id\":\"https:\/\/www.estrategiaconcursos.com.br\/blog\/espanhol-enem-treinamento-de-leitura-e-traducao\/#primaryimage\"},\"thumbnailUrl\":\"https:\/\/www.estrategiaconcursos.com.br\/blog\/wp-content\/uploads\/2016\/12\/novas-corujas-11-34139.png\",\"articleSection\":[\"Concursos P\u00fablicos\"],\"inLanguage\":\"pt-BR\",\"potentialAction\":[{\"@type\":\"CommentAction\",\"name\":\"Comment\",\"target\":[\"https:\/\/www.estrategiaconcursos.com.br\/blog\/espanhol-enem-treinamento-de-leitura-e-traducao\/#respond\"]}],\"copyrightYear\":\"2018\",\"copyrightHolder\":{\"@id\":\"https:\/\/www.estrategiaconcursos.com.br\/blog\/#organization\"}},{\"@type\":\"WebPage\",\"@id\":\"https:\/\/www.estrategiaconcursos.com.br\/blog\/espanhol-enem-treinamento-de-leitura-e-traducao\/\",\"url\":\"https:\/\/www.estrategiaconcursos.com.br\/blog\/espanhol-enem-treinamento-de-leitura-e-traducao\/\",\"name\":\"ESPANHOL ENEM (Definici\u00f3n de Cambio Clim\u00e1tico)\",\"isPartOf\":{\"@id\":\"https:\/\/www.estrategiaconcursos.com.br\/blog\/#website\"},\"primaryImageOfPage\":{\"@id\":\"https:\/\/www.estrategiaconcursos.com.br\/blog\/espanhol-enem-treinamento-de-leitura-e-traducao\/#primaryimage\"},\"image\":{\"@id\":\"https:\/\/www.estrategiaconcursos.com.br\/blog\/espanhol-enem-treinamento-de-leitura-e-traducao\/#primaryimage\"},\"thumbnailUrl\":\"https:\/\/www.estrategiaconcursos.com.br\/blog\/wp-content\/uploads\/2016\/12\/novas-corujas-11-34139.png\",\"datePublished\":\"2018-09-08T10:59:47+00:00\",\"dateModified\":\"2019-04-09T20:04:30+00:00\",\"breadcrumb\":{\"@id\":\"https:\/\/www.estrategiaconcursos.com.br\/blog\/espanhol-enem-treinamento-de-leitura-e-traducao\/#breadcrumb\"},\"inLanguage\":\"pt-BR\",\"potentialAction\":[{\"@type\":\"ReadAction\",\"target\":[\"https:\/\/www.estrategiaconcursos.com.br\/blog\/espanhol-enem-treinamento-de-leitura-e-traducao\/\"]}]},{\"@type\":\"ImageObject\",\"inLanguage\":\"pt-BR\",\"@id\":\"https:\/\/www.estrategiaconcursos.com.br\/blog\/espanhol-enem-treinamento-de-leitura-e-traducao\/#primaryimage\",\"url\":\"https:\/\/dhg1h5j42swfq.cloudfront.net\/2016\/12\/01181448\/novas-corujas-11-34139.png\",\"contentUrl\":\"https:\/\/dhg1h5j42swfq.cloudfront.net\/2016\/12\/01181448\/novas-corujas-11-34139.png\",\"width\":3508,\"height\":1183},{\"@type\":\"BreadcrumbList\",\"@id\":\"https:\/\/www.estrategiaconcursos.com.br\/blog\/espanhol-enem-treinamento-de-leitura-e-traducao\/#breadcrumb\",\"itemListElement\":[{\"@type\":\"ListItem\",\"position\":1,\"name\":\"In\u00edcio\",\"item\":\"https:\/\/www.estrategiaconcursos.com.br\/blog\/\"},{\"@type\":\"ListItem\",\"position\":2,\"name\":\"ESPANHOL ENEM (Definici\u00f3n de Cambio Clim\u00e1tico)\"}]},{\"@type\":\"WebSite\",\"@id\":\"https:\/\/www.estrategiaconcursos.com.br\/blog\/#website\",\"url\":\"https:\/\/www.estrategiaconcursos.com.br\/blog\/\",\"name\":\"Estrat\u00e9gia Concursos\",\"description\":\"O blog da Estrat\u00e9gia Concursos traz not\u00edcias sobre concursos e artigos de professores oferecendo cursos para concursos (pdf + videaulas) no site.\",\"publisher\":{\"@id\":\"https:\/\/www.estrategiaconcursos.com.br\/blog\/#organization\"},\"potentialAction\":[{\"@type\":\"SearchAction\",\"target\":{\"@type\":\"EntryPoint\",\"urlTemplate\":\"https:\/\/www.estrategiaconcursos.com.br\/blog\/?s={search_term_string}\"},\"query-input\":{\"@type\":\"PropertyValueSpecification\",\"valueRequired\":true,\"valueName\":\"search_term_string\"}}],\"inLanguage\":\"pt-BR\"},{\"@type\":\"Organization\",\"@id\":\"https:\/\/www.estrategiaconcursos.com.br\/blog\/#organization\",\"name\":\"Estrat\u00e9gia Concursos\",\"url\":\"https:\/\/www.estrategiaconcursos.com.br\/blog\/\",\"logo\":{\"@type\":\"ImageObject\",\"inLanguage\":\"pt-BR\",\"@id\":\"https:\/\/www.estrategiaconcursos.com.br\/blog\/#\/schema\/logo\/image\/\",\"url\":\"https:\/\/dhg1h5j42swfq.cloudfront.net\/2025\/06\/03203428\/logo_concursos-1.jpg\",\"contentUrl\":\"https:\/\/dhg1h5j42swfq.cloudfront.net\/2025\/06\/03203428\/logo_concursos-1.jpg\",\"width\":230,\"height\":60,\"caption\":\"Estrat\u00e9gia Concursos\"},\"image\":{\"@id\":\"https:\/\/www.estrategiaconcursos.com.br\/blog\/#\/schema\/logo\/image\/\"},\"sameAs\":[\"https:\/\/x.com\/EstratConcursos\"]},{\"@type\":\"Person\",\"@id\":\"https:\/\/www.estrategiaconcursos.com.br\/blog\/#\/schema\/person\/e6feecd7273067598aae46392fc9f322\",\"name\":\"Adino\u00e9l Sebasti\u00e3o\",\"image\":{\"@type\":\"ImageObject\",\"inLanguage\":\"pt-BR\",\"@id\":\"https:\/\/secure.gravatar.com\/avatar\/d076dd9a00cb1c92545aae4fae60d3013922a1a2e7e9599a079da4450204b8cd?s=96&d=mm&r=g\",\"url\":\"https:\/\/secure.gravatar.com\/avatar\/d076dd9a00cb1c92545aae4fae60d3013922a1a2e7e9599a079da4450204b8cd?s=96&d=mm&r=g\",\"contentUrl\":\"https:\/\/secure.gravatar.com\/avatar\/d076dd9a00cb1c92545aae4fae60d3013922a1a2e7e9599a079da4450204b8cd?s=96&d=mm&r=g\",\"caption\":\"Adino\u00e9l Sebasti\u00e3o\"},\"description\":\"Meu nome \u00e9 ADINO\u00c9L SEBASTI\u00c3O. Sou formado em Ci\u00eancias Cont\u00e1beis pela Funda\u00e7\u00e3o Faculdade de Ci\u00eancias Econ\u00f4micas de Apucarana-PR (FECEA). Sou Auditor-Fiscal do Trabalho (AFT). Estou lotado em Bras\u00edlia-DF na Secretaria de Inspe\u00e7\u00e3o do Trabalho em Bras\u00edlia-DF. Fui aprovado no concurso de AFT-2013. Esse concurso, segundo o CESPE, teve 48.035. Fui Analista Tribut\u00e1rio da Receita Federal (ATRFB) por mais de 22 anos (1991 a 2013). Sou autor do site \\\"www.adinoel.com\\\" e sou colaborador com tradu\u00e7\u00f5es livres de Ingl\u00eas e de Espanhol em alguns sites de concursos. J\u00e1 atuei como professor e tutor online da ESAF (aulas de inform\u00e1tica, palestras, funcionamento do CAC, etc). Elaborei\/elaboro aulas de Espanhol, Ingl\u00eas e Portugu\u00eas para concursos. Possuo v\u00e1rios cursos de forma\u00e7\u00e3o pessoal, entre eles destaco: curso de Espanhol no Instituto Cervantes da Espanha; curso de Ingl\u00eas nas escolas FISK; curso online \\\"Mejores Pr\u00e1cticas en la Administraci\u00f3n Tributaria, Ed. 9\\\", do Instituto de Estudios Fiscales e da Fundaci\u00f3n CEDDET da Espanha.\",\"url\":\"https:\/\/www.estrategiaconcursos.com.br\/blog\/author\/adinoel-sebastiaogmail-com\/\"}]}<\/script>\n<!-- \/ Yoast SEO Premium plugin. -->","yoast_head_json":{"title":"ESPANHOL ENEM (Definici\u00f3n de Cambio Clim\u00e1tico)","robots":{"index":"index","follow":"follow","max-snippet":"max-snippet:-1","max-image-preview":"max-image-preview:large","max-video-preview":"max-video-preview:-1"},"canonical":"https:\/\/www.estrategiaconcursos.com.br\/blog\/espanhol-enem-treinamento-de-leitura-e-traducao\/","og_locale":"pt_BR","og_type":"article","og_title":"ESPANHOL ENEM (Definici\u00f3n de Cambio Clim\u00e1tico)","og_description":"Ol\u00e1 a todos! A mudan\u00e7a clim\u00e1tica \u00e9 um tema que parece velho, mas a todo momento volta para os notici\u00e1rios. Abaixo, temos um texto sobre esse tema.\u00a0 Aproveitem para se informar sobre o assunto e tamb\u00e9m treinar leitura e tradu\u00e7\u00e3o de Espanhol. Abra\u00e7os. Prof. Adino\u00e9l e Profa. Elenice CURSOS DE ESPANHOL DO ESTRAT\u00c9GIA CONCURSOS TEXTO [&hellip;]","og_url":"https:\/\/www.estrategiaconcursos.com.br\/blog\/espanhol-enem-treinamento-de-leitura-e-traducao\/","og_site_name":"Estrat\u00e9gia Concursos","article_published_time":"2018-09-08T10:59:47+00:00","article_modified_time":"2019-04-09T20:04:30+00:00","og_image":[{"url":"https:\/\/www.estrategiaconcursos.com.br\/blog\/wp-content\/uploads\/2016\/12\/novas-corujas-11-34139.png","type":"","width":"","height":""}],"author":"Adino\u00e9l Sebasti\u00e3o","twitter_card":"summary_large_image","twitter_creator":"@EstratConcursos","twitter_site":"@EstratConcursos","twitter_misc":{"Escrito por":"Adino\u00e9l Sebasti\u00e3o","Est. tempo de leitura":"6 minutos"},"schema":{"@context":"https:\/\/schema.org","@graph":[{"@type":"NewsArticle","@id":"https:\/\/www.estrategiaconcursos.com.br\/blog\/espanhol-enem-treinamento-de-leitura-e-traducao\/#article","isPartOf":{"@id":"https:\/\/www.estrategiaconcursos.com.br\/blog\/espanhol-enem-treinamento-de-leitura-e-traducao\/"},"author":{"name":"Adino\u00e9l Sebasti\u00e3o","@id":"https:\/\/www.estrategiaconcursos.com.br\/blog\/#\/schema\/person\/e6feecd7273067598aae46392fc9f322"},"headline":"ESPANHOL ENEM (Definici\u00f3n de Cambio Clim\u00e1tico)","datePublished":"2018-09-08T10:59:47+00:00","dateModified":"2019-04-09T20:04:30+00:00","mainEntityOfPage":{"@id":"https:\/\/www.estrategiaconcursos.com.br\/blog\/espanhol-enem-treinamento-de-leitura-e-traducao\/"},"wordCount":1131,"commentCount":0,"publisher":{"@id":"https:\/\/www.estrategiaconcursos.com.br\/blog\/#organization"},"image":{"@id":"https:\/\/www.estrategiaconcursos.com.br\/blog\/espanhol-enem-treinamento-de-leitura-e-traducao\/#primaryimage"},"thumbnailUrl":"https:\/\/www.estrategiaconcursos.com.br\/blog\/wp-content\/uploads\/2016\/12\/novas-corujas-11-34139.png","articleSection":["Concursos P\u00fablicos"],"inLanguage":"pt-BR","potentialAction":[{"@type":"CommentAction","name":"Comment","target":["https:\/\/www.estrategiaconcursos.com.br\/blog\/espanhol-enem-treinamento-de-leitura-e-traducao\/#respond"]}],"copyrightYear":"2018","copyrightHolder":{"@id":"https:\/\/www.estrategiaconcursos.com.br\/blog\/#organization"}},{"@type":"WebPage","@id":"https:\/\/www.estrategiaconcursos.com.br\/blog\/espanhol-enem-treinamento-de-leitura-e-traducao\/","url":"https:\/\/www.estrategiaconcursos.com.br\/blog\/espanhol-enem-treinamento-de-leitura-e-traducao\/","name":"ESPANHOL ENEM (Definici\u00f3n de Cambio Clim\u00e1tico)","isPartOf":{"@id":"https:\/\/www.estrategiaconcursos.com.br\/blog\/#website"},"primaryImageOfPage":{"@id":"https:\/\/www.estrategiaconcursos.com.br\/blog\/espanhol-enem-treinamento-de-leitura-e-traducao\/#primaryimage"},"image":{"@id":"https:\/\/www.estrategiaconcursos.com.br\/blog\/espanhol-enem-treinamento-de-leitura-e-traducao\/#primaryimage"},"thumbnailUrl":"https:\/\/www.estrategiaconcursos.com.br\/blog\/wp-content\/uploads\/2016\/12\/novas-corujas-11-34139.png","datePublished":"2018-09-08T10:59:47+00:00","dateModified":"2019-04-09T20:04:30+00:00","breadcrumb":{"@id":"https:\/\/www.estrategiaconcursos.com.br\/blog\/espanhol-enem-treinamento-de-leitura-e-traducao\/#breadcrumb"},"inLanguage":"pt-BR","potentialAction":[{"@type":"ReadAction","target":["https:\/\/www.estrategiaconcursos.com.br\/blog\/espanhol-enem-treinamento-de-leitura-e-traducao\/"]}]},{"@type":"ImageObject","inLanguage":"pt-BR","@id":"https:\/\/www.estrategiaconcursos.com.br\/blog\/espanhol-enem-treinamento-de-leitura-e-traducao\/#primaryimage","url":"https:\/\/dhg1h5j42swfq.cloudfront.net\/2016\/12\/01181448\/novas-corujas-11-34139.png","contentUrl":"https:\/\/dhg1h5j42swfq.cloudfront.net\/2016\/12\/01181448\/novas-corujas-11-34139.png","width":3508,"height":1183},{"@type":"BreadcrumbList","@id":"https:\/\/www.estrategiaconcursos.com.br\/blog\/espanhol-enem-treinamento-de-leitura-e-traducao\/#breadcrumb","itemListElement":[{"@type":"ListItem","position":1,"name":"In\u00edcio","item":"https:\/\/www.estrategiaconcursos.com.br\/blog\/"},{"@type":"ListItem","position":2,"name":"ESPANHOL ENEM (Definici\u00f3n de Cambio Clim\u00e1tico)"}]},{"@type":"WebSite","@id":"https:\/\/www.estrategiaconcursos.com.br\/blog\/#website","url":"https:\/\/www.estrategiaconcursos.com.br\/blog\/","name":"Estrat\u00e9gia Concursos","description":"O blog da Estrat\u00e9gia Concursos traz not\u00edcias sobre concursos e artigos de professores oferecendo cursos para concursos (pdf + videaulas) no site.","publisher":{"@id":"https:\/\/www.estrategiaconcursos.com.br\/blog\/#organization"},"potentialAction":[{"@type":"SearchAction","target":{"@type":"EntryPoint","urlTemplate":"https:\/\/www.estrategiaconcursos.com.br\/blog\/?s={search_term_string}"},"query-input":{"@type":"PropertyValueSpecification","valueRequired":true,"valueName":"search_term_string"}}],"inLanguage":"pt-BR"},{"@type":"Organization","@id":"https:\/\/www.estrategiaconcursos.com.br\/blog\/#organization","name":"Estrat\u00e9gia Concursos","url":"https:\/\/www.estrategiaconcursos.com.br\/blog\/","logo":{"@type":"ImageObject","inLanguage":"pt-BR","@id":"https:\/\/www.estrategiaconcursos.com.br\/blog\/#\/schema\/logo\/image\/","url":"https:\/\/dhg1h5j42swfq.cloudfront.net\/2025\/06\/03203428\/logo_concursos-1.jpg","contentUrl":"https:\/\/dhg1h5j42swfq.cloudfront.net\/2025\/06\/03203428\/logo_concursos-1.jpg","width":230,"height":60,"caption":"Estrat\u00e9gia Concursos"},"image":{"@id":"https:\/\/www.estrategiaconcursos.com.br\/blog\/#\/schema\/logo\/image\/"},"sameAs":["https:\/\/x.com\/EstratConcursos"]},{"@type":"Person","@id":"https:\/\/www.estrategiaconcursos.com.br\/blog\/#\/schema\/person\/e6feecd7273067598aae46392fc9f322","name":"Adino\u00e9l Sebasti\u00e3o","image":{"@type":"ImageObject","inLanguage":"pt-BR","@id":"https:\/\/secure.gravatar.com\/avatar\/d076dd9a00cb1c92545aae4fae60d3013922a1a2e7e9599a079da4450204b8cd?s=96&d=mm&r=g","url":"https:\/\/secure.gravatar.com\/avatar\/d076dd9a00cb1c92545aae4fae60d3013922a1a2e7e9599a079da4450204b8cd?s=96&d=mm&r=g","contentUrl":"https:\/\/secure.gravatar.com\/avatar\/d076dd9a00cb1c92545aae4fae60d3013922a1a2e7e9599a079da4450204b8cd?s=96&d=mm&r=g","caption":"Adino\u00e9l Sebasti\u00e3o"},"description":"Meu nome \u00e9 ADINO\u00c9L SEBASTI\u00c3O. Sou formado em Ci\u00eancias Cont\u00e1beis pela Funda\u00e7\u00e3o Faculdade de Ci\u00eancias Econ\u00f4micas de Apucarana-PR (FECEA). Sou Auditor-Fiscal do Trabalho (AFT). Estou lotado em Bras\u00edlia-DF na Secretaria de Inspe\u00e7\u00e3o do Trabalho em Bras\u00edlia-DF. Fui aprovado no concurso de AFT-2013. Esse concurso, segundo o CESPE, teve 48.035. Fui Analista Tribut\u00e1rio da Receita Federal (ATRFB) por mais de 22 anos (1991 a 2013). Sou autor do site \"www.adinoel.com\" e sou colaborador com tradu\u00e7\u00f5es livres de Ingl\u00eas e de Espanhol em alguns sites de concursos. J\u00e1 atuei como professor e tutor online da ESAF (aulas de inform\u00e1tica, palestras, funcionamento do CAC, etc). Elaborei\/elaboro aulas de Espanhol, Ingl\u00eas e Portugu\u00eas para concursos. Possuo v\u00e1rios cursos de forma\u00e7\u00e3o pessoal, entre eles destaco: curso de Espanhol no Instituto Cervantes da Espanha; curso de Ingl\u00eas nas escolas FISK; curso online \"Mejores Pr\u00e1cticas en la Administraci\u00f3n Tributaria, Ed. 9\", do Instituto de Estudios Fiscales e da Fundaci\u00f3n CEDDET da Espanha.","url":"https:\/\/www.estrategiaconcursos.com.br\/blog\/author\/adinoel-sebastiaogmail-com\/"}]}},"_links":{"self":[{"href":"https:\/\/www.estrategiaconcursos.com.br\/blog\/wp-json\/wp\/v2\/posts\/73677","targetHints":{"allow":["GET"]}}],"collection":[{"href":"https:\/\/www.estrategiaconcursos.com.br\/blog\/wp-json\/wp\/v2\/posts"}],"about":[{"href":"https:\/\/www.estrategiaconcursos.com.br\/blog\/wp-json\/wp\/v2\/types\/post"}],"author":[{"embeddable":true,"href":"https:\/\/www.estrategiaconcursos.com.br\/blog\/wp-json\/wp\/v2\/users\/121"}],"replies":[{"embeddable":true,"href":"https:\/\/www.estrategiaconcursos.com.br\/blog\/wp-json\/wp\/v2\/comments?post=73677"}],"version-history":[{"count":11,"href":"https:\/\/www.estrategiaconcursos.com.br\/blog\/wp-json\/wp\/v2\/posts\/73677\/revisions"}],"predecessor-version":[{"id":182368,"href":"https:\/\/www.estrategiaconcursos.com.br\/blog\/wp-json\/wp\/v2\/posts\/73677\/revisions\/182368"}],"wp:attachment":[{"href":"https:\/\/www.estrategiaconcursos.com.br\/blog\/wp-json\/wp\/v2\/media?parent=73677"}],"wp:term":[{"taxonomy":"category","embeddable":true,"href":"https:\/\/www.estrategiaconcursos.com.br\/blog\/wp-json\/wp\/v2\/categories?post=73677"},{"taxonomy":"post_tag","embeddable":true,"href":"https:\/\/www.estrategiaconcursos.com.br\/blog\/wp-json\/wp\/v2\/tags?post=73677"},{"taxonomy":"tax_estado","embeddable":true,"href":"https:\/\/www.estrategiaconcursos.com.br\/blog\/wp-json\/wp\/v2\/tax_estado?post=73677"}],"curies":[{"name":"wp","href":"https:\/\/api.w.org\/{rel}","templated":true}]}}