{"id":736434,"date":"2021-05-10T15:30:00","date_gmt":"2021-05-10T18:30:00","guid":{"rendered":"https:\/\/www.estrategiaconcursos.com.br\/blog\/?p=736434"},"modified":"2021-05-11T07:59:56","modified_gmt":"2021-05-11T10:59:56","slug":"edital-apex-brasil-retificacoes","status":"publish","type":"post","link":"https:\/\/www.estrategiaconcursos.com.br\/blog\/edital-apex-brasil-retificacoes\/","title":{"rendered":"Edital do processo seletivo APEX-Brasil sofre retifica\u00e7\u00f5es. Veja!"},"content":{"rendered":"\n<p>O edital de n\u00ba 2 do processo seletivo da Ag\u00eancia Brasileira de Promo\u00e7\u00e3o de Exporta\u00e7\u00f5es e Investimentos (Apex-Brasil) acaba de passar por sua primeira retifica\u00e7\u00e3o. <\/p>\n\n\n\n<p>Segundo o documento publicado pelo Cebraspe, as altera\u00e7\u00f5es referem-se aos hor\u00e1rios das fases de solicita\u00e7\u00e3o de isen\u00e7\u00e3o das taxas e de inscri\u00e7\u00e3o, aos requisitos para o cargo de Analista (fun\u00e7\u00e3o de Neg\u00f3cios Internacionais) e \u00e0 etapa de Avalia\u00e7\u00e3o de T\u00edtulos.<\/p>\n\n\n\n<h4 class=\"wp-block-heading\" id=\"h-confira-abaixo-as-mudan-as-na-ntegra\">Confira abaixo as mudan\u00e7as na \u00edntegra:<\/h4>\n\n\n\n<p class=\"has-text-align-center has-luminous-vivid-amber-background-color has-background\" style=\"font-size:clamp(14.642px, 0.915rem + ((1vw - 3.2px) * 0.721), 22px);px\"><strong><a href=\"https:\/\/dhg1h5j42swfq.cloudfront.net\/2021\/05\/10162918\/ed_2_2021_apex_ps_2_ret_data_requisito_i.pdf\" target=\"_blank\" rel=\"noreferrer noopener\">Retifica\u00e7\u00f5es &#8211; Apex-Brasil (edital 2)<\/a><\/strong><\/p>\n\n\n\n<p id=\"block-7b0c52cc-444a-4627-8401-b4d6055ae11f\">Aos interessados em participar da sele\u00e7\u00e3o, as inscri\u00e7\u00f5es estar\u00e3o abertas no per\u00edodo de<strong>\u00a010 a 31 de maio<\/strong>, no site da banca organizadora (Cebraspe).<\/p>\n\n\n\n<p>Vale lembrar que, al\u00e9m desta sele\u00e7\u00e3o, a APEX Brasil tamb\u00e9m est\u00e1 com outro edital em andamento, com<strong>\u00a0tr\u00eas vagas imediatas mais cadastro reserva<\/strong>, apenas para\u00a0<strong>analistas<\/strong>. Para este, as inscri\u00e7\u00f5es j\u00e1 foram encerradas e as provas devem ser aplicadas no dia 30 de maio.<\/p>\n\n\n\n<h3 class=\"wp-block-heading\" id=\"h-requisitos-do-concurso-apex\">Requisitos do concurso APEX<\/h3>\n\n\n\n<p>(EDITAL 1) <strong>Analista I.1 \u2013<\/strong>&nbsp;<strong>Processos Jur\u00eddicos:<\/strong>&nbsp;diploma, devidamente registrado, de conclus\u00e3o de curso de gradua\u00e7\u00e3o em Direito e inscri\u00e7\u00e3o definitiva na Ordem dos Advogados do Brasil (OAB).<\/p>\n\n\n\n<p>(EDITAL 1) <strong>Analista I.1 \u2013<\/strong>&nbsp;<strong>Processos Cont\u00e1beis:<\/strong>&nbsp;diploma, devidamente registrado, de conclus\u00e3o de curso de gradua\u00e7\u00e3o em Ci\u00eancias Cont\u00e1beis inscri\u00e7\u00e3o definitiva no Conselho Regional de Contabilidade (CRC) e experi\u00eancia de, no m\u00ednimo, 6 meses de atua\u00e7\u00e3o profissional de n\u00edvel superior na \u00e1rea de contabilidade, e(ou) tribut\u00e1ria, e(ou) auditoria.<\/p>\n\n\n\n<p>(EDITAL 1) <strong>Analista I.1 \u2013<\/strong>&nbsp;<strong>Tecnologia da Informa\u00e7\u00e3o e Comunica\u00e7\u00e3o:<\/strong>&nbsp;diploma, devidamente registrado, de conclus\u00e3o de curso de gradua\u00e7\u00e3o em Ci\u00eancia da Computa\u00e7\u00e3o, Sistemas de Informa\u00e7\u00e3o, Engenharia da Computa\u00e7\u00e3o, Engenharia de Software, Processamento de Dados, An\u00e1lise e Desenvolvimento de Sistemas, Bancos de Dados, Redes de Computadores, Gest\u00e3o da Tecnologia de Informa\u00e7\u00e3o, Ci\u00eancia de Dados, Seguran\u00e7a da Informa\u00e7\u00e3o, Engenharia de Produ\u00e7\u00e3o, Engenharia Eletr\u00f4nica ou Engenharia Mecatr\u00f4nica, e experi\u00eancia de, no m\u00ednimo, 6 meses de atua\u00e7\u00e3o profissional de n\u00edvel superior atuando com desenvolvimento de sistemas de informa\u00e7\u00e3o WEB e(ou) aplicativos m\u00f3veis; e\/ou Banco de dados relacional e linguagem SQL; e\/ou gest\u00e3o de projetos de TIC utilizando metodologias PMBOK e \u00c1geis (Scrum ou XP); e\/ou integra\u00e7\u00e3o de sistemas de informa\u00e7\u00e3o usando webservices (REST ou SOAP); e(ou) levantamento e an\u00e1lise de requisitos.<\/p>\n\n\n\n<p>(EDITAL 2) <strong>Analista I.1 \u2013<\/strong>&nbsp;<strong>Neg\u00f3cios Internacionais<\/strong>: diploma, devidamente registrado, de conclus\u00e3o de curso de gradua\u00e7\u00e3o em qualquer \u00e1rea, fornecido por institui\u00e7\u00e3o de ensino superior reconhecida pelo Minist\u00e9rio da Educa\u00e7\u00e3o (MEC).<\/p>\n\n\n\n<p>(EDITAL 2) <strong>Assistente I.1 \u2013 Apoio Administrativo:<\/strong>&nbsp;certificado, devidamente registrado, de conclus\u00e3o do ensino m\u00e9dio, expedido por institui\u00e7\u00e3o de ensino reconhecida pelo Minist\u00e9rio da Educa\u00e7\u00e3o (MEC).<\/p>\n\n\n\n<h3 class=\"wp-block-heading\" id=\"h-remunera-o-e-benef-cios-do-concurso-apex\">Remunera\u00e7\u00e3o e benef\u00edcios do concurso APEX<\/h3>\n\n\n\n<p>A remunera\u00e7\u00e3o dos servidores aprovados no concurso Apex \u00e9 de&nbsp;<strong>R$ 7.654,75<\/strong>&nbsp;(Analista) e<strong>&nbsp;R$ 2.826,69&nbsp;<\/strong>(Assistente) para 40 horas semanais. Al\u00e9m do sal\u00e1rio-base, tamb\u00e9m s\u00e3o oferecidos os seguintes benef\u00edcios:<\/p>\n\n\n\n<ul class=\"wp-block-list\"><li>aux\u00edlio-creche\/bab\u00e1,<\/li><li>aux\u00edlio-educa\u00e7\u00e3o,<\/li><li>aux\u00edlio-idioma,<\/li><li>seguro de vida,<\/li><li>plano de assist\u00eancia odontol\u00f3gica,<\/li><li>seguro sa\u00fade,<\/li><li>aux\u00edlio-alimenta\u00e7\u00e3o\/refei\u00e7\u00e3o,<\/li><li>vale-transporte,<\/li><li>aux\u00edlio-enfermidade,<\/li><li>sa\u00fade ocupacional,<\/li><li>plano de previd\u00eancia<\/li><li>complementar,<\/li><li>aux\u00edlio a filho com defici\u00eancia,<\/li><li>demais licen\u00e7as previstas em acordo coletivo de trabalho.<\/li><\/ul>\n\n\n\n<p>Para mais informa\u00e7\u00f5es sobre o edital do concurso Apex-Brasil, que agora acaba de passar por retifica\u00e7\u00f5es, acesse o link a seguir:<\/p>\n\n\n\n<p class=\"has-text-align-center has-cyan-bluish-gray-background-color has-background\" style=\"font-size:clamp(16.293px, 1.018rem + ((1vw - 3.2px) * 0.854), 25px);px\"><strong><a href=\"https:\/\/www.estrategiaconcursos.com.br\/blog\/concurso-apex\/\" target=\"_blank\" rel=\"noreferrer noopener\">Concurso Apex-Brasil<\/a><\/strong><\/p>\n\n\n\n<hr class=\"wp-block-separator\"\/>\n\n\n\n<h2 class=\"has-text-align-center wp-block-heading\" id=\"cursos-assinatura\">Quer estudar para o concurso Apex-Brasil?<\/h2>\n\n\n\n<div id=\"boxes\" class=\"container\">\n<div class=\"row\">\n<div class=\"col-sm\">\n<div id=\"box-assinatura\" class=\"banner-estrategia\">\n<h3 class=\"titulo-assinatura\">Concurso Apex-Brasil<\/h3>\n<p class=\"subtitulo-assinatura\">Conhe\u00e7a os cursos<\/p>\n<div class=\"box-botao\"><a class=\"btn-assinatura\" role=\"button\" href=\"https:\/\/www.estrategiaconcursos.com.br\/cursosPorConcurso\/apex-agencia-brasileira-de-promocao-de-exportacoes-e-investimentos\/\" target=\"_blank\" rel=\"noopener noreferrer\">Conhe\u00e7a mais<\/a><\/div>\n<\/div>\n\n<\/div>\n<\/div>\n<\/div>\n\n\n\n<div id=\"boxes\" class=\"container\">\n<div class=\"row\">\n<div class=\"col-sm\">\n<div id=\"box-assinatura\" class=\"estrategia\">\n<h3 class=\"titulo-assinatura\">Assinatura de Concursos<\/h3>\n<p class=\"subtitulo-assinatura\">Assinatura de 1 ou 2 anos*<\/p>\n<div class=\"box-botao\"><a class=\"btn-assinatura\" role=\"button\" href=\"https:\/\/www.estrategiaconcursos.com.br\/assinaturas\/\" target=\"_blank\" rel=\"noopener noreferrer\">ASSINE AGORA<\/a><\/div>\n<\/div>\n<p <=\"\" p=\"\">\n<\/p><\/div>\n<div class=\"col-sm\">\n<div id=\"box-assinatura\" class=\"questoes\">\n<h3 class=\"titulo-assinatura\">Sistema de Quest\u00f5es<\/h3>\n<p class=\"subtitulo-assinatura\">Assinatura de 1 ou 2 anos<\/p>\n<div class=\"box-botao\"><a class=\"btn-assinatura\" role=\"button\" href=\"https:\/\/www.estrategiaconcursos.com.br\/cursosPorConcurso\/sistema-de-questoes\/#\/\" target=\"_blank\" rel=\"noopener noreferrer\">ASSINE AGORA<\/a><\/div>\n<\/div>\n<p <=\"\" p=\"\">\n<\/p><\/div>\n<\/div>\n<\/div>\n\n\n\n<div class=\"container\" id=\"boxes\">\n  <div class=\"row\">\n\n    <div class=\"col-sm\" id=\"boxes-concursos\">\n      <div style=\"background-color: #005DAD;\" class=\"conteudo-concursos\" id=\"box-concursos\">\n        <h3 class=\"titulo-assinatura\">Concursos Abertos<\/h3>\n        <p class=\"subtitulo-assinatura\">Confira os editais publicados<\/p>\n        <div class=\"box-botao\">\n          <a class=\"btn-assinatura\" target=\"_blank\" href=\"https:\/\/www.estrategiaconcursos.com.br\/blog\/concursos-abertos\/\" role=\"button\" rel=\"noopener noreferrer\">Conhe\u00e7a Agora<\/a>\n        <\/div>\n      <\/div>\n    <\/div>\n\n    <div class=\"col-sm\" id=\"boxes-concursos\">\n      <div style=\"background-color: #419FF0;\" class=\"conteudo-concursos\" id=\"box-concursos\">\n        <h3 class=\"titulo-assinatura\">Concursos 2021<\/h3>\n        <p class=\"subtitulo-assinatura\">Confira as oportunidades previstas<\/p>\n        <div class=\"box-botao\">\n          <a class=\"btn-assinatura\" target=\"_blank\" href=\"https:\/\/www.estrategiaconcursos.com.br\/blog\/concursos-2021\/\" role=\"button\" rel=\"noopener noreferrer\">Conhe\u00e7a Agora<\/a>\n        <\/div>\n      <\/div>\n    <\/div>\n\n  <\/div>\n<\/div>\n\n\n\n<p><strong>Quer ficar atualizado DIARIAMENTE sobre as not\u00edcias do mundo dos concursos? Entre no nosso Telegram<\/strong>&nbsp;<strong>abaixo!<\/strong><\/p>\n\n\n\n<figure class=\"wp-block-image\"><a href=\"https:\/\/t.me\/estrategianews\" target=\"_blank\" rel=\"noreferrer noopener\"><img loading=\"lazy\" decoding=\"async\" width=\"899\" height=\"193\" src=\"https:\/\/dhg1h5j42swfq.cloudfront.net\/2021\/05\/03180511\/news-1-1.jpg\" alt=\"Grupo Telegram Estrat\u00e9gia News. Apex-Brasil retifica\u00e7\u00f5es.\" class=\"wp-image-730150\" srcset=\"https:\/\/dhg1h5j42swfq.cloudfront.net\/2021\/05\/03180511\/news-1-1.jpg 899w, https:\/\/dhg1h5j42swfq.cloudfront.net\/2021\/05\/03180511\/news-1-1-300x64.jpg 300w, https:\/\/dhg1h5j42swfq.cloudfront.net\/2021\/05\/03180511\/news-1-1-768x165.jpg 768w, https:\/\/dhg1h5j42swfq.cloudfront.net\/2021\/05\/03180511\/news-1-1-610x131.jpg 610w\" sizes=\"auto, (max-width: 899px) 100vw, 899px\" \/><\/a><\/figure>\n","protected":false},"excerpt":{"rendered":"<p>O edital de n\u00ba 2 do processo seletivo da Ag\u00eancia Brasileira de Promo\u00e7\u00e3o de Exporta\u00e7\u00f5es e Investimentos (Apex-Brasil) acaba de passar por sua primeira retifica\u00e7\u00e3o. Segundo o documento publicado pelo Cebraspe, as altera\u00e7\u00f5es referem-se aos hor\u00e1rios das fases de solicita\u00e7\u00e3o de isen\u00e7\u00e3o das taxas e de inscri\u00e7\u00e3o, aos requisitos para o cargo de Analista (fun\u00e7\u00e3o [&hellip;]<\/p>\n","protected":false},"author":1,"featured_media":735948,"comment_status":"open","ping_status":"closed","sticky":false,"template":"","format":"standard","meta":{"post_tipo":"news","footnotes":""},"categories":[214992],"tags":[],"tax_estado":[219970],"class_list":["post-736434","post","type-post","status-publish","format-standard","has-post-thumbnail","hentry","category-concursos-administrativos","tax_estado-df"],"acf":[],"yoast_head":"<!-- This site is optimized with the Yoast SEO Premium plugin v27.2 (Yoast SEO v27.2) - https:\/\/yoast.com\/product\/yoast-seo-premium-wordpress\/ -->\n<title>Edital do processo seletivo APEX-Brasil sofre retifica\u00e7\u00f5es. Veja!<\/title>\n<meta name=\"description\" content=\"O edital n\u00ba 2 do processo seletivo da Ag\u00eancia Brasileira de Promo\u00e7\u00e3o de Exporta\u00e7\u00f5es e Investimentos (Apex-Brasil) passou por retifica\u00e7\u00f5es.\" \/>\n<meta name=\"robots\" content=\"index, follow, max-snippet:-1, max-image-preview:large, max-video-preview:-1\" \/>\n<link rel=\"canonical\" href=\"https:\/\/www.estrategiaconcursos.com.br\/blog\/edital-apex-brasil-retificacoes\/\" \/>\n<meta property=\"og:locale\" content=\"pt_BR\" \/>\n<meta property=\"og:type\" content=\"article\" \/>\n<meta property=\"og:title\" content=\"Edital do processo seletivo APEX-Brasil sofre retifica\u00e7\u00f5es. Veja!\" \/>\n<meta property=\"og:description\" content=\"O edital n\u00ba 2 do processo seletivo da Ag\u00eancia Brasileira de Promo\u00e7\u00e3o de Exporta\u00e7\u00f5es e Investimentos (Apex-Brasil) passou por retifica\u00e7\u00f5es.\" \/>\n<meta property=\"og:url\" content=\"https:\/\/www.estrategiaconcursos.com.br\/blog\/edital-apex-brasil-retificacoes\/\" \/>\n<meta property=\"og:site_name\" content=\"Estrat\u00e9gia Concursos\" \/>\n<meta property=\"article:author\" content=\"https:\/\/www.facebook.com\/EstrategiaConcursos\" \/>\n<meta property=\"article:published_time\" content=\"2021-05-10T18:30:00+00:00\" \/>\n<meta property=\"article:modified_time\" content=\"2021-05-11T10:59:56+00:00\" \/>\n<meta property=\"og:image\" content=\"https:\/\/dhg1h5j42swfq.cloudfront.net\/2021\/05\/10113351\/apex-brasil.jpg\" \/>\n\t<meta property=\"og:image:width\" content=\"768\" \/>\n\t<meta property=\"og:image:height\" content=\"432\" \/>\n\t<meta property=\"og:image:type\" content=\"image\/jpeg\" \/>\n<meta name=\"author\" content=\"Coordena\u00e7\u00e3o\" \/>\n<meta name=\"twitter:card\" content=\"summary_large_image\" \/>\n<meta name=\"twitter:creator\" content=\"@EstratConcursos\" \/>\n<meta name=\"twitter:site\" content=\"@EstratConcursos\" \/>\n<meta name=\"twitter:label1\" content=\"Escrito por\" \/>\n\t<meta name=\"twitter:data1\" content=\"Coordena\u00e7\u00e3o\" \/>\n\t<meta name=\"twitter:label2\" content=\"Est. tempo de leitura\" \/>\n\t<meta name=\"twitter:data2\" content=\"3 minutos\" \/>\n<script type=\"application\/ld+json\" class=\"yoast-schema-graph\">{\"@context\":\"https:\/\/schema.org\",\"@graph\":[{\"@type\":\"NewsArticle\",\"@id\":\"https:\/\/www.estrategiaconcursos.com.br\/blog\/edital-apex-brasil-retificacoes\/#article\",\"isPartOf\":{\"@id\":\"https:\/\/www.estrategiaconcursos.com.br\/blog\/edital-apex-brasil-retificacoes\/\"},\"author\":{\"name\":\"Coordena\u00e7\u00e3o\",\"@id\":\"https:\/\/www.estrategiaconcursos.com.br\/blog\/#\/schema\/person\/b4a388c97673c5f483d72185668afa1f\"},\"headline\":\"Edital do processo seletivo APEX-Brasil sofre retifica\u00e7\u00f5es. Veja!\",\"datePublished\":\"2021-05-10T18:30:00+00:00\",\"dateModified\":\"2021-05-11T10:59:56+00:00\",\"mainEntityOfPage\":{\"@id\":\"https:\/\/www.estrategiaconcursos.com.br\/blog\/edital-apex-brasil-retificacoes\/\"},\"wordCount\":637,\"commentCount\":0,\"publisher\":{\"@id\":\"https:\/\/www.estrategiaconcursos.com.br\/blog\/#organization\"},\"image\":{\"@id\":\"https:\/\/www.estrategiaconcursos.com.br\/blog\/edital-apex-brasil-retificacoes\/#primaryimage\"},\"thumbnailUrl\":\"https:\/\/dhg1h5j42swfq.cloudfront.net\/2021\/05\/10113351\/apex-brasil.jpg\",\"articleSection\":[\"Executivo (Administrativa)\"],\"inLanguage\":\"pt-BR\",\"potentialAction\":[{\"@type\":\"CommentAction\",\"name\":\"Comment\",\"target\":[\"https:\/\/www.estrategiaconcursos.com.br\/blog\/edital-apex-brasil-retificacoes\/#respond\"]}],\"copyrightYear\":\"2021\",\"copyrightHolder\":{\"@id\":\"https:\/\/www.estrategiaconcursos.com.br\/blog\/#organization\"}},{\"@type\":\"WebPage\",\"@id\":\"https:\/\/www.estrategiaconcursos.com.br\/blog\/edital-apex-brasil-retificacoes\/\",\"url\":\"https:\/\/www.estrategiaconcursos.com.br\/blog\/edital-apex-brasil-retificacoes\/\",\"name\":\"Edital do processo seletivo APEX-Brasil sofre retifica\u00e7\u00f5es. Veja!\",\"isPartOf\":{\"@id\":\"https:\/\/www.estrategiaconcursos.com.br\/blog\/#website\"},\"primaryImageOfPage\":{\"@id\":\"https:\/\/www.estrategiaconcursos.com.br\/blog\/edital-apex-brasil-retificacoes\/#primaryimage\"},\"image\":{\"@id\":\"https:\/\/www.estrategiaconcursos.com.br\/blog\/edital-apex-brasil-retificacoes\/#primaryimage\"},\"thumbnailUrl\":\"https:\/\/dhg1h5j42swfq.cloudfront.net\/2021\/05\/10113351\/apex-brasil.jpg\",\"datePublished\":\"2021-05-10T18:30:00+00:00\",\"dateModified\":\"2021-05-11T10:59:56+00:00\",\"description\":\"O edital n\u00ba 2 do processo seletivo da Ag\u00eancia Brasileira de Promo\u00e7\u00e3o de Exporta\u00e7\u00f5es e Investimentos (Apex-Brasil) passou por retifica\u00e7\u00f5es.\",\"breadcrumb\":{\"@id\":\"https:\/\/www.estrategiaconcursos.com.br\/blog\/edital-apex-brasil-retificacoes\/#breadcrumb\"},\"inLanguage\":\"pt-BR\",\"potentialAction\":[{\"@type\":\"ReadAction\",\"target\":[\"https:\/\/www.estrategiaconcursos.com.br\/blog\/edital-apex-brasil-retificacoes\/\"]}]},{\"@type\":\"ImageObject\",\"inLanguage\":\"pt-BR\",\"@id\":\"https:\/\/www.estrategiaconcursos.com.br\/blog\/edital-apex-brasil-retificacoes\/#primaryimage\",\"url\":\"https:\/\/dhg1h5j42swfq.cloudfront.net\/2021\/05\/10113351\/apex-brasil.jpg\",\"contentUrl\":\"https:\/\/dhg1h5j42swfq.cloudfront.net\/2021\/05\/10113351\/apex-brasil.jpg\",\"width\":768,\"height\":432},{\"@type\":\"BreadcrumbList\",\"@id\":\"https:\/\/www.estrategiaconcursos.com.br\/blog\/edital-apex-brasil-retificacoes\/#breadcrumb\",\"itemListElement\":[{\"@type\":\"ListItem\",\"position\":1,\"name\":\"In\u00edcio\",\"item\":\"https:\/\/www.estrategiaconcursos.com.br\/blog\/\"},{\"@type\":\"ListItem\",\"position\":2,\"name\":\"Edital do processo seletivo APEX-Brasil sofre retifica\u00e7\u00f5es. Veja!\"}]},{\"@type\":\"WebSite\",\"@id\":\"https:\/\/www.estrategiaconcursos.com.br\/blog\/#website\",\"url\":\"https:\/\/www.estrategiaconcursos.com.br\/blog\/\",\"name\":\"Estrat\u00e9gia Concursos\",\"description\":\"O blog da Estrat\u00e9gia Concursos traz not\u00edcias sobre concursos e artigos de professores oferecendo cursos para concursos (pdf + videaulas) no site.\",\"publisher\":{\"@id\":\"https:\/\/www.estrategiaconcursos.com.br\/blog\/#organization\"},\"potentialAction\":[{\"@type\":\"SearchAction\",\"target\":{\"@type\":\"EntryPoint\",\"urlTemplate\":\"https:\/\/www.estrategiaconcursos.com.br\/blog\/?s={search_term_string}\"},\"query-input\":{\"@type\":\"PropertyValueSpecification\",\"valueRequired\":true,\"valueName\":\"search_term_string\"}}],\"inLanguage\":\"pt-BR\"},{\"@type\":\"Organization\",\"@id\":\"https:\/\/www.estrategiaconcursos.com.br\/blog\/#organization\",\"name\":\"Estrat\u00e9gia Concursos\",\"url\":\"https:\/\/www.estrategiaconcursos.com.br\/blog\/\",\"logo\":{\"@type\":\"ImageObject\",\"inLanguage\":\"pt-BR\",\"@id\":\"https:\/\/www.estrategiaconcursos.com.br\/blog\/#\/schema\/logo\/image\/\",\"url\":\"https:\/\/dhg1h5j42swfq.cloudfront.net\/2025\/06\/03203428\/logo_concursos-1.jpg\",\"contentUrl\":\"https:\/\/dhg1h5j42swfq.cloudfront.net\/2025\/06\/03203428\/logo_concursos-1.jpg\",\"width\":230,\"height\":60,\"caption\":\"Estrat\u00e9gia Concursos\"},\"image\":{\"@id\":\"https:\/\/www.estrategiaconcursos.com.br\/blog\/#\/schema\/logo\/image\/\"},\"sameAs\":[\"https:\/\/x.com\/EstratConcursos\"]},{\"@type\":\"Person\",\"@id\":\"https:\/\/www.estrategiaconcursos.com.br\/blog\/#\/schema\/person\/b4a388c97673c5f483d72185668afa1f\",\"name\":\"Coordena\u00e7\u00e3o\",\"image\":{\"@type\":\"ImageObject\",\"inLanguage\":\"pt-BR\",\"@id\":\"https:\/\/secure.gravatar.com\/avatar\/b720319e4c9a967eb58678d110f4fe35452fc5d5f97b202bac7b8acceb18c6ad?s=96&d=mm&r=g\",\"url\":\"https:\/\/secure.gravatar.com\/avatar\/b720319e4c9a967eb58678d110f4fe35452fc5d5f97b202bac7b8acceb18c6ad?s=96&d=mm&r=g\",\"contentUrl\":\"https:\/\/secure.gravatar.com\/avatar\/b720319e4c9a967eb58678d110f4fe35452fc5d5f97b202bac7b8acceb18c6ad?s=96&d=mm&r=g\",\"caption\":\"Coordena\u00e7\u00e3o\"},\"sameAs\":[\"https:\/\/www.facebook.com\/EstrategiaConcursos\",\"https:\/\/x.com\/EstratConcursos\"],\"url\":\"https:\/\/www.estrategiaconcursos.com.br\/blog\/author\/estrategia2013\/\"}]}<\/script>\n<!-- \/ Yoast SEO Premium plugin. -->","yoast_head_json":{"title":"Edital do processo seletivo APEX-Brasil sofre retifica\u00e7\u00f5es. Veja!","description":"O edital n\u00ba 2 do processo seletivo da Ag\u00eancia Brasileira de Promo\u00e7\u00e3o de Exporta\u00e7\u00f5es e Investimentos (Apex-Brasil) passou por retifica\u00e7\u00f5es.","robots":{"index":"index","follow":"follow","max-snippet":"max-snippet:-1","max-image-preview":"max-image-preview:large","max-video-preview":"max-video-preview:-1"},"canonical":"https:\/\/www.estrategiaconcursos.com.br\/blog\/edital-apex-brasil-retificacoes\/","og_locale":"pt_BR","og_type":"article","og_title":"Edital do processo seletivo APEX-Brasil sofre retifica\u00e7\u00f5es. Veja!","og_description":"O edital n\u00ba 2 do processo seletivo da Ag\u00eancia Brasileira de Promo\u00e7\u00e3o de Exporta\u00e7\u00f5es e Investimentos (Apex-Brasil) passou por retifica\u00e7\u00f5es.","og_url":"https:\/\/www.estrategiaconcursos.com.br\/blog\/edital-apex-brasil-retificacoes\/","og_site_name":"Estrat\u00e9gia Concursos","article_author":"https:\/\/www.facebook.com\/EstrategiaConcursos","article_published_time":"2021-05-10T18:30:00+00:00","article_modified_time":"2021-05-11T10:59:56+00:00","og_image":[{"width":768,"height":432,"url":"https:\/\/dhg1h5j42swfq.cloudfront.net\/2021\/05\/10113351\/apex-brasil.jpg","type":"image\/jpeg"}],"author":"Coordena\u00e7\u00e3o","twitter_card":"summary_large_image","twitter_creator":"@EstratConcursos","twitter_site":"@EstratConcursos","twitter_misc":{"Escrito por":"Coordena\u00e7\u00e3o","Est. tempo de leitura":"3 minutos"},"schema":{"@context":"https:\/\/schema.org","@graph":[{"@type":"NewsArticle","@id":"https:\/\/www.estrategiaconcursos.com.br\/blog\/edital-apex-brasil-retificacoes\/#article","isPartOf":{"@id":"https:\/\/www.estrategiaconcursos.com.br\/blog\/edital-apex-brasil-retificacoes\/"},"author":{"name":"Coordena\u00e7\u00e3o","@id":"https:\/\/www.estrategiaconcursos.com.br\/blog\/#\/schema\/person\/b4a388c97673c5f483d72185668afa1f"},"headline":"Edital do processo seletivo APEX-Brasil sofre retifica\u00e7\u00f5es. Veja!","datePublished":"2021-05-10T18:30:00+00:00","dateModified":"2021-05-11T10:59:56+00:00","mainEntityOfPage":{"@id":"https:\/\/www.estrategiaconcursos.com.br\/blog\/edital-apex-brasil-retificacoes\/"},"wordCount":637,"commentCount":0,"publisher":{"@id":"https:\/\/www.estrategiaconcursos.com.br\/blog\/#organization"},"image":{"@id":"https:\/\/www.estrategiaconcursos.com.br\/blog\/edital-apex-brasil-retificacoes\/#primaryimage"},"thumbnailUrl":"https:\/\/dhg1h5j42swfq.cloudfront.net\/2021\/05\/10113351\/apex-brasil.jpg","articleSection":["Executivo (Administrativa)"],"inLanguage":"pt-BR","potentialAction":[{"@type":"CommentAction","name":"Comment","target":["https:\/\/www.estrategiaconcursos.com.br\/blog\/edital-apex-brasil-retificacoes\/#respond"]}],"copyrightYear":"2021","copyrightHolder":{"@id":"https:\/\/www.estrategiaconcursos.com.br\/blog\/#organization"}},{"@type":"WebPage","@id":"https:\/\/www.estrategiaconcursos.com.br\/blog\/edital-apex-brasil-retificacoes\/","url":"https:\/\/www.estrategiaconcursos.com.br\/blog\/edital-apex-brasil-retificacoes\/","name":"Edital do processo seletivo APEX-Brasil sofre retifica\u00e7\u00f5es. Veja!","isPartOf":{"@id":"https:\/\/www.estrategiaconcursos.com.br\/blog\/#website"},"primaryImageOfPage":{"@id":"https:\/\/www.estrategiaconcursos.com.br\/blog\/edital-apex-brasil-retificacoes\/#primaryimage"},"image":{"@id":"https:\/\/www.estrategiaconcursos.com.br\/blog\/edital-apex-brasil-retificacoes\/#primaryimage"},"thumbnailUrl":"https:\/\/dhg1h5j42swfq.cloudfront.net\/2021\/05\/10113351\/apex-brasil.jpg","datePublished":"2021-05-10T18:30:00+00:00","dateModified":"2021-05-11T10:59:56+00:00","description":"O edital n\u00ba 2 do processo seletivo da Ag\u00eancia Brasileira de Promo\u00e7\u00e3o de Exporta\u00e7\u00f5es e Investimentos (Apex-Brasil) passou por retifica\u00e7\u00f5es.","breadcrumb":{"@id":"https:\/\/www.estrategiaconcursos.com.br\/blog\/edital-apex-brasil-retificacoes\/#breadcrumb"},"inLanguage":"pt-BR","potentialAction":[{"@type":"ReadAction","target":["https:\/\/www.estrategiaconcursos.com.br\/blog\/edital-apex-brasil-retificacoes\/"]}]},{"@type":"ImageObject","inLanguage":"pt-BR","@id":"https:\/\/www.estrategiaconcursos.com.br\/blog\/edital-apex-brasil-retificacoes\/#primaryimage","url":"https:\/\/dhg1h5j42swfq.cloudfront.net\/2021\/05\/10113351\/apex-brasil.jpg","contentUrl":"https:\/\/dhg1h5j42swfq.cloudfront.net\/2021\/05\/10113351\/apex-brasil.jpg","width":768,"height":432},{"@type":"BreadcrumbList","@id":"https:\/\/www.estrategiaconcursos.com.br\/blog\/edital-apex-brasil-retificacoes\/#breadcrumb","itemListElement":[{"@type":"ListItem","position":1,"name":"In\u00edcio","item":"https:\/\/www.estrategiaconcursos.com.br\/blog\/"},{"@type":"ListItem","position":2,"name":"Edital do processo seletivo APEX-Brasil sofre retifica\u00e7\u00f5es. Veja!"}]},{"@type":"WebSite","@id":"https:\/\/www.estrategiaconcursos.com.br\/blog\/#website","url":"https:\/\/www.estrategiaconcursos.com.br\/blog\/","name":"Estrat\u00e9gia Concursos","description":"O blog da Estrat\u00e9gia Concursos traz not\u00edcias sobre concursos e artigos de professores oferecendo cursos para concursos (pdf + videaulas) no site.","publisher":{"@id":"https:\/\/www.estrategiaconcursos.com.br\/blog\/#organization"},"potentialAction":[{"@type":"SearchAction","target":{"@type":"EntryPoint","urlTemplate":"https:\/\/www.estrategiaconcursos.com.br\/blog\/?s={search_term_string}"},"query-input":{"@type":"PropertyValueSpecification","valueRequired":true,"valueName":"search_term_string"}}],"inLanguage":"pt-BR"},{"@type":"Organization","@id":"https:\/\/www.estrategiaconcursos.com.br\/blog\/#organization","name":"Estrat\u00e9gia Concursos","url":"https:\/\/www.estrategiaconcursos.com.br\/blog\/","logo":{"@type":"ImageObject","inLanguage":"pt-BR","@id":"https:\/\/www.estrategiaconcursos.com.br\/blog\/#\/schema\/logo\/image\/","url":"https:\/\/dhg1h5j42swfq.cloudfront.net\/2025\/06\/03203428\/logo_concursos-1.jpg","contentUrl":"https:\/\/dhg1h5j42swfq.cloudfront.net\/2025\/06\/03203428\/logo_concursos-1.jpg","width":230,"height":60,"caption":"Estrat\u00e9gia Concursos"},"image":{"@id":"https:\/\/www.estrategiaconcursos.com.br\/blog\/#\/schema\/logo\/image\/"},"sameAs":["https:\/\/x.com\/EstratConcursos"]},{"@type":"Person","@id":"https:\/\/www.estrategiaconcursos.com.br\/blog\/#\/schema\/person\/b4a388c97673c5f483d72185668afa1f","name":"Coordena\u00e7\u00e3o","image":{"@type":"ImageObject","inLanguage":"pt-BR","@id":"https:\/\/secure.gravatar.com\/avatar\/b720319e4c9a967eb58678d110f4fe35452fc5d5f97b202bac7b8acceb18c6ad?s=96&d=mm&r=g","url":"https:\/\/secure.gravatar.com\/avatar\/b720319e4c9a967eb58678d110f4fe35452fc5d5f97b202bac7b8acceb18c6ad?s=96&d=mm&r=g","contentUrl":"https:\/\/secure.gravatar.com\/avatar\/b720319e4c9a967eb58678d110f4fe35452fc5d5f97b202bac7b8acceb18c6ad?s=96&d=mm&r=g","caption":"Coordena\u00e7\u00e3o"},"sameAs":["https:\/\/www.facebook.com\/EstrategiaConcursos","https:\/\/x.com\/EstratConcursos"],"url":"https:\/\/www.estrategiaconcursos.com.br\/blog\/author\/estrategia2013\/"}]}},"_links":{"self":[{"href":"https:\/\/www.estrategiaconcursos.com.br\/blog\/wp-json\/wp\/v2\/posts\/736434","targetHints":{"allow":["GET"]}}],"collection":[{"href":"https:\/\/www.estrategiaconcursos.com.br\/blog\/wp-json\/wp\/v2\/posts"}],"about":[{"href":"https:\/\/www.estrategiaconcursos.com.br\/blog\/wp-json\/wp\/v2\/types\/post"}],"author":[{"embeddable":true,"href":"https:\/\/www.estrategiaconcursos.com.br\/blog\/wp-json\/wp\/v2\/users\/1"}],"replies":[{"embeddable":true,"href":"https:\/\/www.estrategiaconcursos.com.br\/blog\/wp-json\/wp\/v2\/comments?post=736434"}],"version-history":[{"count":7,"href":"https:\/\/www.estrategiaconcursos.com.br\/blog\/wp-json\/wp\/v2\/posts\/736434\/revisions"}],"predecessor-version":[{"id":736931,"href":"https:\/\/www.estrategiaconcursos.com.br\/blog\/wp-json\/wp\/v2\/posts\/736434\/revisions\/736931"}],"wp:featuredmedia":[{"embeddable":true,"href":"https:\/\/www.estrategiaconcursos.com.br\/blog\/wp-json\/wp\/v2\/media\/735948"}],"wp:attachment":[{"href":"https:\/\/www.estrategiaconcursos.com.br\/blog\/wp-json\/wp\/v2\/media?parent=736434"}],"wp:term":[{"taxonomy":"category","embeddable":true,"href":"https:\/\/www.estrategiaconcursos.com.br\/blog\/wp-json\/wp\/v2\/categories?post=736434"},{"taxonomy":"post_tag","embeddable":true,"href":"https:\/\/www.estrategiaconcursos.com.br\/blog\/wp-json\/wp\/v2\/tags?post=736434"},{"taxonomy":"tax_estado","embeddable":true,"href":"https:\/\/www.estrategiaconcursos.com.br\/blog\/wp-json\/wp\/v2\/tax_estado?post=736434"}],"curies":[{"name":"wp","href":"https:\/\/api.w.org\/{rel}","templated":true}]}}