{"id":736309,"date":"2021-05-10T15:29:03","date_gmt":"2021-05-10T18:29:03","guid":{"rendered":"https:\/\/www.estrategiaconcursos.com.br\/blog\/?p=736309"},"modified":"2021-05-12T13:54:32","modified_gmt":"2021-05-12T16:54:32","slug":"concurso-prf-com-provas-aplicadas-quais-as-proximas-etapas","status":"publish","type":"post","link":"https:\/\/www.estrategiaconcursos.com.br\/blog\/concurso-prf-com-provas-aplicadas-quais-as-proximas-etapas\/","title":{"rendered":"Concurso PRF: com provas aplicadas, quais as pr\u00f3ximas etapas?"},"content":{"rendered":"\n<p>O pedido de suspens\u00e3o do certame n\u00e3o foi analisado pelo presidente do Supremo Tribunal Federal (STF), ministro Luiz Fux, o que possibilitou que as provas do concurso da Pol\u00edcia Rodovi\u00e1ria Federal fossem aplicadas no \u00faltimo domingo, 9 de maio. Com isso, as pr\u00f3ximas etapas da sele\u00e7\u00e3o da PRF devem transcorrer normalmente.<\/p>\n\n\n\n<p>Com a realiza\u00e7\u00e3o das provas objetivas e discursivas, as etapas do concurso da Pol\u00edcia Rodovi\u00e1ria Federal, ser\u00e3o:<\/p>\n\n\n\n<h3 class=\"wp-block-heading\" id=\"h-teste-de-aptid-o-f-sica\">Teste de aptid\u00e3o F\u00edsica<\/h3>\n\n\n\n<p>Estar\u00e3o habilitados para realizar o exame de aptid\u00e3o f\u00edsica todos os aprovados na prova discursiva. A avalia\u00e7\u00e3o consiste nos seguintes exerc\u00edcios:<\/p>\n\n\n\n<ul class=\"wp-block-list\"><li>teste de flex\u00e3o em barra fixa;<\/li><li>teste de shuttle run (ir e vir);<\/li><li>teste de impuls\u00e3o horizontal;<\/li><li>teste de flex\u00e3o abdominal; e<\/li><li>teste de corrida de 12 minutos.<\/li><\/ul>\n\n\n\n<h3 class=\"wp-block-heading\" id=\"h-avalia-o-de-sa-de\">Avalia\u00e7\u00e3o de Sa\u00fade<\/h3>\n\n\n\n<p>A avalia\u00e7\u00e3o de sa\u00fade \u00e9 de responsabilidade do Cebraspe e objetiva aferir se o candidato est\u00e1 em condi\u00e7\u00f5es f\u00edsicas e psicol\u00f3gicas de suportar as atividades a que ser\u00e1 submetido durante o Concurso de Forma\u00e7\u00e3o Profissional e tarefas rotineiras da categoria funcional.<\/p>\n\n\n\n<h3 class=\"wp-block-heading\" id=\"h-avalia-o-psicol-gica\">Avalia\u00e7\u00e3o Psicol\u00f3gica<\/h3>\n\n\n\n<p>Os candidatos aprovados na Avalia\u00e7\u00e3o de Sa\u00fade estar\u00e3o habilitados a passarem pela etapa de Avalia\u00e7\u00e3o Psicol\u00f3gica da PRF, conhecida tamb\u00e9m como Exame Psicot\u00e9cnico.<\/p>\n\n\n\n<h3 class=\"wp-block-heading\" id=\"h-heteroidentifica-o\">Heteroidentifica\u00e7\u00e3o<\/h3>\n\n\n\n<p>A etapa de heteroidentifica\u00e7\u00e3o \u00e9 respons\u00e1vel por atestar a autodeclara\u00e7\u00e3o dos candidatos que concorrem \u00e0s cotas raciais. O candidato n\u00e3o aprovado ir\u00e1 retornar para a lista de ampla concorr\u00eancia, n\u00e3o sendo eliminado de forma imediata.<\/p>\n\n\n\n<h3 class=\"wp-block-heading\" id=\"h-investiga-o-social\">Investiga\u00e7\u00e3o Social<\/h3>\n\n\n\n<p>Esta etapa do concurso PRF consiste em uma investiga\u00e7\u00e3o social da vida pregressa do candidato, no \u00e2mbito familiar, social, funcional, civil e criminal.<\/p>\n\n\n\n<h3 class=\"wp-block-heading\" id=\"h-curso-de-forma-o\">Curso de Forma\u00e7\u00e3o<\/h3>\n\n\n\n<p>O curso de forma\u00e7\u00e3o da PRF conta com 50 pontos e \u00e9 de car\u00e1ter eliminat\u00f3rio e classificat\u00f3rio. O candidato matriculado nesta etapa receber\u00e1 um subs\u00eddio que corresponder\u00e1 a 50% do valor da classe inicial da carreira.<\/p>\n\n\n\n<p>A Pol\u00edcia Rodovi\u00e1ria Federal pretende formar 1.500 aprovados neste ano. A corpora\u00e7\u00e3o tamb\u00e9m planeja realizar as convoca\u00e7\u00f5es ainda em 2021.<\/p>\n\n\n\n<p class=\"has-text-align-center\"><strong>Para saber todos os detalhes sobre o concurso da Pol\u00edcia Rodovi\u00e1ria Federal, bem como as etapas de provas, acesse o artigo da PRF abaixo:<\/strong><\/p>\n\n\n\n<p class=\"has-text-align-center has-cyan-bluish-gray-background-color has-background has-medium-font-size\"><strong>Saiba mais: <a href=\"https:\/\/www.estrategiaconcursos.com.br\/blog\/concurso-prf-3\/\" target=\"_blank\" rel=\"noreferrer noopener\">concurso PRF<\/a><\/strong><\/p>\n\n\n\n<div id=\"boxes\" class=\"container\">\n<div class=\"row\">\n<div class=\"col-sm\">\n<div id=\"box-assinatura\" class=\"banner-policial\">\n<h3 class=\"titulo-assinatura\">Concurso PRF<\/h3>\n<p class=\"subtitulo-assinatura\">Conhe\u00e7a os cursos<\/p>\n<div class=\"box-botao\"><a class=\"btn-assinatura\" role=\"button\" href=\"https:\/\/www.estrategiaconcursos.com.br\/cursosPorConcurso\/prf-policial-rodoviario-federal\/\/\" target=\"_blank\" rel=\"noopener noreferrer\">Conhe\u00e7a mais<\/a><\/div>\n<\/div>\n<p class=\"texto-auxiliar\">Prepare-se com o melhor material e com quem mais aprova em Concursos P\u00fablicos em todo o pa\u00eds.<\/p>\n<\/div>\n<\/div>\n<\/div>\n\n\n\n<div id=\"boxes\" class=\"container\">\n<div class=\"row\">\n<div class=\"col-sm\">\n<div id=\"box-assinatura\" class=\"estrategia\">\n<h3 class=\"titulo-assinatura\">Assinatura de Concursos<\/h3>\n<p class=\"subtitulo-assinatura\">Assinatura de 1 ou 2 anos*<\/p>\n<div class=\"box-botao\"><a class=\"btn-assinatura\" role=\"button\" href=\"https:\/\/www.estrategiaconcursos.com.br\/assinaturas\/\" target=\"_blank\" rel=\"noopener noreferrer\">ASSINE AGORA<\/a><\/div>\n<\/div>\n<p <=\"\" p=\"\">\n<\/p><\/div>\n<div class=\"col-sm\">\n<div id=\"box-assinatura\" class=\"questoes\">\n<h3 class=\"titulo-assinatura\">Sistema de Quest\u00f5es<\/h3>\n<p class=\"subtitulo-assinatura\">Assinatura de 1 ou 2 anos<\/p>\n<div class=\"box-botao\"><a class=\"btn-assinatura\" role=\"button\" href=\"https:\/\/www.estrategiaconcursos.com.br\/cursosPorConcurso\/sistema-de-questoes\/#\/\" target=\"_blank\" rel=\"noopener noreferrer\">ASSINE AGORA<\/a><\/div>\n<\/div>\n<p <=\"\" p=\"\">\n<\/p><\/div>\n<\/div>\n<\/div>\n\n\n\n<div class=\"container\" id=\"boxes\">\n  <div class=\"row\">\n\n    <div class=\"col-sm\" id=\"boxes-concursos\">\n      <div style=\"background-color: #005DAD;\" class=\"conteudo-concursos\" id=\"box-concursos\">\n        <h3 class=\"titulo-assinatura\">Concursos Abertos<\/h3>\n        <p class=\"subtitulo-assinatura\">Confira os editais publicados<\/p>\n        <div class=\"box-botao\">\n          <a class=\"btn-assinatura\" target=\"_blank\" href=\"https:\/\/www.estrategiaconcursos.com.br\/blog\/concursos-abertos\/\" role=\"button\" rel=\"noopener noreferrer\">Conhe\u00e7a Agora<\/a>\n        <\/div>\n      <\/div>\n    <\/div>\n\n    <div class=\"col-sm\" id=\"boxes-concursos\">\n      <div style=\"background-color: #419FF0;\" class=\"conteudo-concursos\" id=\"box-concursos\">\n        <h3 class=\"titulo-assinatura\">Concursos 2021<\/h3>\n        <p class=\"subtitulo-assinatura\">Confira as oportunidades previstas<\/p>\n        <div class=\"box-botao\">\n          <a class=\"btn-assinatura\" target=\"_blank\" href=\"https:\/\/www.estrategiaconcursos.com.br\/blog\/concursos-2021\/\" role=\"button\" rel=\"noopener noreferrer\">Conhe\u00e7a Agora<\/a>\n        <\/div>\n      <\/div>\n    <\/div>\n\n  <\/div>\n<\/div>\n\n\n\n<p class=\"has-text-align-center\"><strong>Quer ficar atualizado DIARIAMENTE sobre as not\u00edcias do mundo dos concursos? Entre no nosso Telegram!<\/strong><\/p>\n\n\n\n<div class=\"wp-block-image\"><figure class=\"aligncenter\"><a href=\"https:\/\/t.me\/estrategianews\" target=\"_blank\" rel=\"noopener\"><img decoding=\"async\" src=\"https:\/\/dhg1h5j42swfq.cloudfront.net\/2021\/05\/03172229\/news-1.jpg\" alt=\"\"\/><\/a><\/figure><\/div>\n","protected":false},"excerpt":{"rendered":"<p>O pedido de suspens\u00e3o do certame n\u00e3o foi analisado pelo presidente do Supremo Tribunal Federal (STF), ministro Luiz Fux, o que possibilitou que as provas do concurso da Pol\u00edcia Rodovi\u00e1ria Federal fossem aplicadas no \u00faltimo domingo, 9 de maio. Com isso, as pr\u00f3ximas etapas da sele\u00e7\u00e3o da PRF devem transcorrer normalmente. Com a realiza\u00e7\u00e3o das [&hellip;]<\/p>\n","protected":false},"author":1,"featured_media":734605,"comment_status":"open","ping_status":"closed","sticky":false,"template":"","format":"standard","meta":{"post_tipo":"news","footnotes":""},"categories":[1988],"tags":[],"tax_estado":[219963],"class_list":["post-736309","post","type-post","status-publish","format-standard","has-post-thumbnail","hentry","category-policia","tax_estado-concursos-federais"],"acf":[],"yoast_head":"<!-- This site is optimized with the Yoast SEO Premium plugin v27.2 (Yoast SEO v27.2) - https:\/\/yoast.com\/product\/yoast-seo-premium-wordpress\/ -->\n<title>Concurso PRF: com provas aplicadas, quais as pr\u00f3ximas etapas?<\/title>\n<meta name=\"description\" content=\"Concurso PRF: as provas objetivas e discursivas foram aplicadas. Confira quais s\u00e3o as pr\u00f3ximas etapas da sele\u00e7\u00e3o e saiba se preparar!\" \/>\n<meta name=\"robots\" content=\"index, follow, max-snippet:-1, max-image-preview:large, max-video-preview:-1\" \/>\n<link rel=\"canonical\" href=\"https:\/\/www.estrategiaconcursos.com.br\/blog\/concurso-prf-com-provas-aplicadas-quais-as-proximas-etapas\/\" \/>\n<meta property=\"og:locale\" content=\"pt_BR\" \/>\n<meta property=\"og:type\" content=\"article\" \/>\n<meta property=\"og:title\" content=\"Concurso PRF: com provas aplicadas, quais as pr\u00f3ximas etapas?\" \/>\n<meta property=\"og:description\" content=\"Concurso PRF: as provas objetivas e discursivas foram aplicadas. Confira quais s\u00e3o as pr\u00f3ximas etapas da sele\u00e7\u00e3o e saiba se preparar!\" \/>\n<meta property=\"og:url\" content=\"https:\/\/www.estrategiaconcursos.com.br\/blog\/concurso-prf-com-provas-aplicadas-quais-as-proximas-etapas\/\" \/>\n<meta property=\"og:site_name\" content=\"Estrat\u00e9gia Concursos\" \/>\n<meta property=\"article:author\" content=\"https:\/\/www.facebook.com\/EstrategiaConcursos\" \/>\n<meta property=\"article:published_time\" content=\"2021-05-10T18:29:03+00:00\" \/>\n<meta property=\"article:modified_time\" content=\"2021-05-12T16:54:32+00:00\" \/>\n<meta property=\"og:image\" content=\"https:\/\/dhg1h5j42swfq.cloudfront.net\/2021\/05\/07172357\/1280-720-max-3-1.jpg\" \/>\n\t<meta property=\"og:image:width\" content=\"1280\" \/>\n\t<meta property=\"og:image:height\" content=\"720\" \/>\n\t<meta property=\"og:image:type\" content=\"image\/jpeg\" \/>\n<meta name=\"author\" content=\"Coordena\u00e7\u00e3o\" \/>\n<meta name=\"twitter:card\" content=\"summary_large_image\" \/>\n<meta name=\"twitter:creator\" content=\"@EstratConcursos\" \/>\n<meta name=\"twitter:site\" content=\"@EstratConcursos\" \/>\n<meta name=\"twitter:label1\" content=\"Escrito por\" \/>\n\t<meta name=\"twitter:data1\" content=\"Coordena\u00e7\u00e3o\" \/>\n\t<meta name=\"twitter:label2\" content=\"Est. tempo de leitura\" \/>\n\t<meta name=\"twitter:data2\" content=\"3 minutos\" \/>\n<script type=\"application\/ld+json\" class=\"yoast-schema-graph\">{\"@context\":\"https:\/\/schema.org\",\"@graph\":[{\"@type\":\"NewsArticle\",\"@id\":\"https:\/\/www.estrategiaconcursos.com.br\/blog\/concurso-prf-com-provas-aplicadas-quais-as-proximas-etapas\/#article\",\"isPartOf\":{\"@id\":\"https:\/\/www.estrategiaconcursos.com.br\/blog\/concurso-prf-com-provas-aplicadas-quais-as-proximas-etapas\/\"},\"author\":{\"name\":\"Coordena\u00e7\u00e3o\",\"@id\":\"https:\/\/www.estrategiaconcursos.com.br\/blog\/#\/schema\/person\/b4a388c97673c5f483d72185668afa1f\"},\"headline\":\"Concurso PRF: com provas aplicadas, quais as pr\u00f3ximas etapas?\",\"datePublished\":\"2021-05-10T18:29:03+00:00\",\"dateModified\":\"2021-05-12T16:54:32+00:00\",\"mainEntityOfPage\":{\"@id\":\"https:\/\/www.estrategiaconcursos.com.br\/blog\/concurso-prf-com-provas-aplicadas-quais-as-proximas-etapas\/\"},\"wordCount\":435,\"commentCount\":0,\"publisher\":{\"@id\":\"https:\/\/www.estrategiaconcursos.com.br\/blog\/#organization\"},\"image\":{\"@id\":\"https:\/\/www.estrategiaconcursos.com.br\/blog\/concurso-prf-com-provas-aplicadas-quais-as-proximas-etapas\/#primaryimage\"},\"thumbnailUrl\":\"https:\/\/dhg1h5j42swfq.cloudfront.net\/2021\/05\/07172357\/1280-720-max-3-1.jpg\",\"articleSection\":[\"Policial (Agente, Escriv\u00e3o e Investigador)\"],\"inLanguage\":\"pt-BR\",\"potentialAction\":[{\"@type\":\"CommentAction\",\"name\":\"Comment\",\"target\":[\"https:\/\/www.estrategiaconcursos.com.br\/blog\/concurso-prf-com-provas-aplicadas-quais-as-proximas-etapas\/#respond\"]}],\"copyrightYear\":\"2021\",\"copyrightHolder\":{\"@id\":\"https:\/\/www.estrategiaconcursos.com.br\/blog\/#organization\"}},{\"@type\":\"WebPage\",\"@id\":\"https:\/\/www.estrategiaconcursos.com.br\/blog\/concurso-prf-com-provas-aplicadas-quais-as-proximas-etapas\/\",\"url\":\"https:\/\/www.estrategiaconcursos.com.br\/blog\/concurso-prf-com-provas-aplicadas-quais-as-proximas-etapas\/\",\"name\":\"Concurso PRF: com provas aplicadas, quais as pr\u00f3ximas etapas?\",\"isPartOf\":{\"@id\":\"https:\/\/www.estrategiaconcursos.com.br\/blog\/#website\"},\"primaryImageOfPage\":{\"@id\":\"https:\/\/www.estrategiaconcursos.com.br\/blog\/concurso-prf-com-provas-aplicadas-quais-as-proximas-etapas\/#primaryimage\"},\"image\":{\"@id\":\"https:\/\/www.estrategiaconcursos.com.br\/blog\/concurso-prf-com-provas-aplicadas-quais-as-proximas-etapas\/#primaryimage\"},\"thumbnailUrl\":\"https:\/\/dhg1h5j42swfq.cloudfront.net\/2021\/05\/07172357\/1280-720-max-3-1.jpg\",\"datePublished\":\"2021-05-10T18:29:03+00:00\",\"dateModified\":\"2021-05-12T16:54:32+00:00\",\"description\":\"Concurso PRF: as provas objetivas e discursivas foram aplicadas. Confira quais s\u00e3o as pr\u00f3ximas etapas da sele\u00e7\u00e3o e saiba se preparar!\",\"breadcrumb\":{\"@id\":\"https:\/\/www.estrategiaconcursos.com.br\/blog\/concurso-prf-com-provas-aplicadas-quais-as-proximas-etapas\/#breadcrumb\"},\"inLanguage\":\"pt-BR\",\"potentialAction\":[{\"@type\":\"ReadAction\",\"target\":[\"https:\/\/www.estrategiaconcursos.com.br\/blog\/concurso-prf-com-provas-aplicadas-quais-as-proximas-etapas\/\"]}]},{\"@type\":\"ImageObject\",\"inLanguage\":\"pt-BR\",\"@id\":\"https:\/\/www.estrategiaconcursos.com.br\/blog\/concurso-prf-com-provas-aplicadas-quais-as-proximas-etapas\/#primaryimage\",\"url\":\"https:\/\/dhg1h5j42swfq.cloudfront.net\/2021\/05\/07172357\/1280-720-max-3-1.jpg\",\"contentUrl\":\"https:\/\/dhg1h5j42swfq.cloudfront.net\/2021\/05\/07172357\/1280-720-max-3-1.jpg\",\"width\":1280,\"height\":720,\"caption\":\"Revis\u00e3o de V\u00e9spera PRF\"},{\"@type\":\"BreadcrumbList\",\"@id\":\"https:\/\/www.estrategiaconcursos.com.br\/blog\/concurso-prf-com-provas-aplicadas-quais-as-proximas-etapas\/#breadcrumb\",\"itemListElement\":[{\"@type\":\"ListItem\",\"position\":1,\"name\":\"In\u00edcio\",\"item\":\"https:\/\/www.estrategiaconcursos.com.br\/blog\/\"},{\"@type\":\"ListItem\",\"position\":2,\"name\":\"Concurso PRF: com provas aplicadas, quais as pr\u00f3ximas etapas?\"}]},{\"@type\":\"WebSite\",\"@id\":\"https:\/\/www.estrategiaconcursos.com.br\/blog\/#website\",\"url\":\"https:\/\/www.estrategiaconcursos.com.br\/blog\/\",\"name\":\"Estrat\u00e9gia Concursos\",\"description\":\"O blog da Estrat\u00e9gia Concursos traz not\u00edcias sobre concursos e artigos de professores oferecendo cursos para concursos (pdf + videaulas) no site.\",\"publisher\":{\"@id\":\"https:\/\/www.estrategiaconcursos.com.br\/blog\/#organization\"},\"potentialAction\":[{\"@type\":\"SearchAction\",\"target\":{\"@type\":\"EntryPoint\",\"urlTemplate\":\"https:\/\/www.estrategiaconcursos.com.br\/blog\/?s={search_term_string}\"},\"query-input\":{\"@type\":\"PropertyValueSpecification\",\"valueRequired\":true,\"valueName\":\"search_term_string\"}}],\"inLanguage\":\"pt-BR\"},{\"@type\":\"Organization\",\"@id\":\"https:\/\/www.estrategiaconcursos.com.br\/blog\/#organization\",\"name\":\"Estrat\u00e9gia Concursos\",\"url\":\"https:\/\/www.estrategiaconcursos.com.br\/blog\/\",\"logo\":{\"@type\":\"ImageObject\",\"inLanguage\":\"pt-BR\",\"@id\":\"https:\/\/www.estrategiaconcursos.com.br\/blog\/#\/schema\/logo\/image\/\",\"url\":\"https:\/\/dhg1h5j42swfq.cloudfront.net\/2025\/06\/03203428\/logo_concursos-1.jpg\",\"contentUrl\":\"https:\/\/dhg1h5j42swfq.cloudfront.net\/2025\/06\/03203428\/logo_concursos-1.jpg\",\"width\":230,\"height\":60,\"caption\":\"Estrat\u00e9gia Concursos\"},\"image\":{\"@id\":\"https:\/\/www.estrategiaconcursos.com.br\/blog\/#\/schema\/logo\/image\/\"},\"sameAs\":[\"https:\/\/x.com\/EstratConcursos\"]},{\"@type\":\"Person\",\"@id\":\"https:\/\/www.estrategiaconcursos.com.br\/blog\/#\/schema\/person\/b4a388c97673c5f483d72185668afa1f\",\"name\":\"Coordena\u00e7\u00e3o\",\"image\":{\"@type\":\"ImageObject\",\"inLanguage\":\"pt-BR\",\"@id\":\"https:\/\/secure.gravatar.com\/avatar\/b720319e4c9a967eb58678d110f4fe35452fc5d5f97b202bac7b8acceb18c6ad?s=96&d=mm&r=g\",\"url\":\"https:\/\/secure.gravatar.com\/avatar\/b720319e4c9a967eb58678d110f4fe35452fc5d5f97b202bac7b8acceb18c6ad?s=96&d=mm&r=g\",\"contentUrl\":\"https:\/\/secure.gravatar.com\/avatar\/b720319e4c9a967eb58678d110f4fe35452fc5d5f97b202bac7b8acceb18c6ad?s=96&d=mm&r=g\",\"caption\":\"Coordena\u00e7\u00e3o\"},\"sameAs\":[\"https:\/\/www.facebook.com\/EstrategiaConcursos\",\"https:\/\/x.com\/EstratConcursos\"],\"url\":\"https:\/\/www.estrategiaconcursos.com.br\/blog\/author\/estrategia2013\/\"}]}<\/script>\n<!-- \/ Yoast SEO Premium plugin. -->","yoast_head_json":{"title":"Concurso PRF: com provas aplicadas, quais as pr\u00f3ximas etapas?","description":"Concurso PRF: as provas objetivas e discursivas foram aplicadas. Confira quais s\u00e3o as pr\u00f3ximas etapas da sele\u00e7\u00e3o e saiba se preparar!","robots":{"index":"index","follow":"follow","max-snippet":"max-snippet:-1","max-image-preview":"max-image-preview:large","max-video-preview":"max-video-preview:-1"},"canonical":"https:\/\/www.estrategiaconcursos.com.br\/blog\/concurso-prf-com-provas-aplicadas-quais-as-proximas-etapas\/","og_locale":"pt_BR","og_type":"article","og_title":"Concurso PRF: com provas aplicadas, quais as pr\u00f3ximas etapas?","og_description":"Concurso PRF: as provas objetivas e discursivas foram aplicadas. Confira quais s\u00e3o as pr\u00f3ximas etapas da sele\u00e7\u00e3o e saiba se preparar!","og_url":"https:\/\/www.estrategiaconcursos.com.br\/blog\/concurso-prf-com-provas-aplicadas-quais-as-proximas-etapas\/","og_site_name":"Estrat\u00e9gia Concursos","article_author":"https:\/\/www.facebook.com\/EstrategiaConcursos","article_published_time":"2021-05-10T18:29:03+00:00","article_modified_time":"2021-05-12T16:54:32+00:00","og_image":[{"width":1280,"height":720,"url":"https:\/\/dhg1h5j42swfq.cloudfront.net\/2021\/05\/07172357\/1280-720-max-3-1.jpg","type":"image\/jpeg"}],"author":"Coordena\u00e7\u00e3o","twitter_card":"summary_large_image","twitter_creator":"@EstratConcursos","twitter_site":"@EstratConcursos","twitter_misc":{"Escrito por":"Coordena\u00e7\u00e3o","Est. tempo de leitura":"3 minutos"},"schema":{"@context":"https:\/\/schema.org","@graph":[{"@type":"NewsArticle","@id":"https:\/\/www.estrategiaconcursos.com.br\/blog\/concurso-prf-com-provas-aplicadas-quais-as-proximas-etapas\/#article","isPartOf":{"@id":"https:\/\/www.estrategiaconcursos.com.br\/blog\/concurso-prf-com-provas-aplicadas-quais-as-proximas-etapas\/"},"author":{"name":"Coordena\u00e7\u00e3o","@id":"https:\/\/www.estrategiaconcursos.com.br\/blog\/#\/schema\/person\/b4a388c97673c5f483d72185668afa1f"},"headline":"Concurso PRF: com provas aplicadas, quais as pr\u00f3ximas etapas?","datePublished":"2021-05-10T18:29:03+00:00","dateModified":"2021-05-12T16:54:32+00:00","mainEntityOfPage":{"@id":"https:\/\/www.estrategiaconcursos.com.br\/blog\/concurso-prf-com-provas-aplicadas-quais-as-proximas-etapas\/"},"wordCount":435,"commentCount":0,"publisher":{"@id":"https:\/\/www.estrategiaconcursos.com.br\/blog\/#organization"},"image":{"@id":"https:\/\/www.estrategiaconcursos.com.br\/blog\/concurso-prf-com-provas-aplicadas-quais-as-proximas-etapas\/#primaryimage"},"thumbnailUrl":"https:\/\/dhg1h5j42swfq.cloudfront.net\/2021\/05\/07172357\/1280-720-max-3-1.jpg","articleSection":["Policial (Agente, Escriv\u00e3o e Investigador)"],"inLanguage":"pt-BR","potentialAction":[{"@type":"CommentAction","name":"Comment","target":["https:\/\/www.estrategiaconcursos.com.br\/blog\/concurso-prf-com-provas-aplicadas-quais-as-proximas-etapas\/#respond"]}],"copyrightYear":"2021","copyrightHolder":{"@id":"https:\/\/www.estrategiaconcursos.com.br\/blog\/#organization"}},{"@type":"WebPage","@id":"https:\/\/www.estrategiaconcursos.com.br\/blog\/concurso-prf-com-provas-aplicadas-quais-as-proximas-etapas\/","url":"https:\/\/www.estrategiaconcursos.com.br\/blog\/concurso-prf-com-provas-aplicadas-quais-as-proximas-etapas\/","name":"Concurso PRF: com provas aplicadas, quais as pr\u00f3ximas etapas?","isPartOf":{"@id":"https:\/\/www.estrategiaconcursos.com.br\/blog\/#website"},"primaryImageOfPage":{"@id":"https:\/\/www.estrategiaconcursos.com.br\/blog\/concurso-prf-com-provas-aplicadas-quais-as-proximas-etapas\/#primaryimage"},"image":{"@id":"https:\/\/www.estrategiaconcursos.com.br\/blog\/concurso-prf-com-provas-aplicadas-quais-as-proximas-etapas\/#primaryimage"},"thumbnailUrl":"https:\/\/dhg1h5j42swfq.cloudfront.net\/2021\/05\/07172357\/1280-720-max-3-1.jpg","datePublished":"2021-05-10T18:29:03+00:00","dateModified":"2021-05-12T16:54:32+00:00","description":"Concurso PRF: as provas objetivas e discursivas foram aplicadas. Confira quais s\u00e3o as pr\u00f3ximas etapas da sele\u00e7\u00e3o e saiba se preparar!","breadcrumb":{"@id":"https:\/\/www.estrategiaconcursos.com.br\/blog\/concurso-prf-com-provas-aplicadas-quais-as-proximas-etapas\/#breadcrumb"},"inLanguage":"pt-BR","potentialAction":[{"@type":"ReadAction","target":["https:\/\/www.estrategiaconcursos.com.br\/blog\/concurso-prf-com-provas-aplicadas-quais-as-proximas-etapas\/"]}]},{"@type":"ImageObject","inLanguage":"pt-BR","@id":"https:\/\/www.estrategiaconcursos.com.br\/blog\/concurso-prf-com-provas-aplicadas-quais-as-proximas-etapas\/#primaryimage","url":"https:\/\/dhg1h5j42swfq.cloudfront.net\/2021\/05\/07172357\/1280-720-max-3-1.jpg","contentUrl":"https:\/\/dhg1h5j42swfq.cloudfront.net\/2021\/05\/07172357\/1280-720-max-3-1.jpg","width":1280,"height":720,"caption":"Revis\u00e3o de V\u00e9spera PRF"},{"@type":"BreadcrumbList","@id":"https:\/\/www.estrategiaconcursos.com.br\/blog\/concurso-prf-com-provas-aplicadas-quais-as-proximas-etapas\/#breadcrumb","itemListElement":[{"@type":"ListItem","position":1,"name":"In\u00edcio","item":"https:\/\/www.estrategiaconcursos.com.br\/blog\/"},{"@type":"ListItem","position":2,"name":"Concurso PRF: com provas aplicadas, quais as pr\u00f3ximas etapas?"}]},{"@type":"WebSite","@id":"https:\/\/www.estrategiaconcursos.com.br\/blog\/#website","url":"https:\/\/www.estrategiaconcursos.com.br\/blog\/","name":"Estrat\u00e9gia Concursos","description":"O blog da Estrat\u00e9gia Concursos traz not\u00edcias sobre concursos e artigos de professores oferecendo cursos para concursos (pdf + videaulas) no site.","publisher":{"@id":"https:\/\/www.estrategiaconcursos.com.br\/blog\/#organization"},"potentialAction":[{"@type":"SearchAction","target":{"@type":"EntryPoint","urlTemplate":"https:\/\/www.estrategiaconcursos.com.br\/blog\/?s={search_term_string}"},"query-input":{"@type":"PropertyValueSpecification","valueRequired":true,"valueName":"search_term_string"}}],"inLanguage":"pt-BR"},{"@type":"Organization","@id":"https:\/\/www.estrategiaconcursos.com.br\/blog\/#organization","name":"Estrat\u00e9gia Concursos","url":"https:\/\/www.estrategiaconcursos.com.br\/blog\/","logo":{"@type":"ImageObject","inLanguage":"pt-BR","@id":"https:\/\/www.estrategiaconcursos.com.br\/blog\/#\/schema\/logo\/image\/","url":"https:\/\/dhg1h5j42swfq.cloudfront.net\/2025\/06\/03203428\/logo_concursos-1.jpg","contentUrl":"https:\/\/dhg1h5j42swfq.cloudfront.net\/2025\/06\/03203428\/logo_concursos-1.jpg","width":230,"height":60,"caption":"Estrat\u00e9gia Concursos"},"image":{"@id":"https:\/\/www.estrategiaconcursos.com.br\/blog\/#\/schema\/logo\/image\/"},"sameAs":["https:\/\/x.com\/EstratConcursos"]},{"@type":"Person","@id":"https:\/\/www.estrategiaconcursos.com.br\/blog\/#\/schema\/person\/b4a388c97673c5f483d72185668afa1f","name":"Coordena\u00e7\u00e3o","image":{"@type":"ImageObject","inLanguage":"pt-BR","@id":"https:\/\/secure.gravatar.com\/avatar\/b720319e4c9a967eb58678d110f4fe35452fc5d5f97b202bac7b8acceb18c6ad?s=96&d=mm&r=g","url":"https:\/\/secure.gravatar.com\/avatar\/b720319e4c9a967eb58678d110f4fe35452fc5d5f97b202bac7b8acceb18c6ad?s=96&d=mm&r=g","contentUrl":"https:\/\/secure.gravatar.com\/avatar\/b720319e4c9a967eb58678d110f4fe35452fc5d5f97b202bac7b8acceb18c6ad?s=96&d=mm&r=g","caption":"Coordena\u00e7\u00e3o"},"sameAs":["https:\/\/www.facebook.com\/EstrategiaConcursos","https:\/\/x.com\/EstratConcursos"],"url":"https:\/\/www.estrategiaconcursos.com.br\/blog\/author\/estrategia2013\/"}]}},"_links":{"self":[{"href":"https:\/\/www.estrategiaconcursos.com.br\/blog\/wp-json\/wp\/v2\/posts\/736309","targetHints":{"allow":["GET"]}}],"collection":[{"href":"https:\/\/www.estrategiaconcursos.com.br\/blog\/wp-json\/wp\/v2\/posts"}],"about":[{"href":"https:\/\/www.estrategiaconcursos.com.br\/blog\/wp-json\/wp\/v2\/types\/post"}],"author":[{"embeddable":true,"href":"https:\/\/www.estrategiaconcursos.com.br\/blog\/wp-json\/wp\/v2\/users\/1"}],"replies":[{"embeddable":true,"href":"https:\/\/www.estrategiaconcursos.com.br\/blog\/wp-json\/wp\/v2\/comments?post=736309"}],"version-history":[{"count":5,"href":"https:\/\/www.estrategiaconcursos.com.br\/blog\/wp-json\/wp\/v2\/posts\/736309\/revisions"}],"predecessor-version":[{"id":738673,"href":"https:\/\/www.estrategiaconcursos.com.br\/blog\/wp-json\/wp\/v2\/posts\/736309\/revisions\/738673"}],"wp:featuredmedia":[{"embeddable":true,"href":"https:\/\/www.estrategiaconcursos.com.br\/blog\/wp-json\/wp\/v2\/media\/734605"}],"wp:attachment":[{"href":"https:\/\/www.estrategiaconcursos.com.br\/blog\/wp-json\/wp\/v2\/media?parent=736309"}],"wp:term":[{"taxonomy":"category","embeddable":true,"href":"https:\/\/www.estrategiaconcursos.com.br\/blog\/wp-json\/wp\/v2\/categories?post=736309"},{"taxonomy":"post_tag","embeddable":true,"href":"https:\/\/www.estrategiaconcursos.com.br\/blog\/wp-json\/wp\/v2\/tags?post=736309"},{"taxonomy":"tax_estado","embeddable":true,"href":"https:\/\/www.estrategiaconcursos.com.br\/blog\/wp-json\/wp\/v2\/tax_estado?post=736309"}],"curies":[{"name":"wp","href":"https:\/\/api.w.org\/{rel}","templated":true}]}}