{"id":735496,"date":"2021-05-09T19:25:22","date_gmt":"2021-05-09T22:25:22","guid":{"rendered":"https:\/\/www.estrategiaconcursos.com.br\/blog\/?p=735496"},"modified":"2021-05-09T19:31:10","modified_gmt":"2021-05-09T22:31:10","slug":"gabarito-prf-direito-administrativo-2","status":"publish","type":"post","link":"https:\/\/www.estrategiaconcursos.com.br\/blog\/gabarito-prf-direito-administrativo-2\/","title":{"rendered":"Gabarito PRF Direito Administrativo"},"content":{"rendered":"\n<p>Ol\u00e1, pessoal! Vamos corrigir o <strong>Gabarito PRF Direito Administrativo<\/strong>. Como esperado, as quest\u00f5es n\u00e3o estavam t\u00e3o dif\u00edceis.<\/p>\n\n\n\n<p>Chamo a aten\u00e7\u00e3o para a quest\u00e3o que tratou do <strong>princ\u00edpio da sindicabilidade<\/strong>, tema que abordamos na p\u00e1g. 43 da aula sobre regime jur\u00eddico-administrativo, no nosso curso. A prova foi marcada por uma quest\u00e3o de controle, uma de licita\u00e7\u00f5es, uma de princ\u00edpios, uma de organiza\u00e7\u00e3o e uma de poderes administrativos. Todos os t\u00f3picos foram trabalhos no nosso curso, tanto no v\u00eddeo como no PDF. Aproveite as quest\u00f5es para dar um \u00faltimo tapa na prepara\u00e7\u00e3o para a PF.<\/p>\n\n\n\n<p>Se quiser acompanhar dicas de <strong>direito administrativo<\/strong>, siga o nosso Telegram e o nosso Instagram.<\/p>\n\n\n\n<p>Telegram: <a href=\"https:\/\/t.me\/profherbertalmeida\" target=\"_blank\" rel=\"noreferrer noopener\">https:\/\/t.me\/profherbertalmeida<\/a><\/p>\n\n\n\n<p>Instagram: <a href=\"https:\/\/www.instagram.com\/profherbertalmeida\/\" target=\"_blank\" rel=\"noreferrer noopener\">https:\/\/www.instagram.com\/profherbertalmeida\/<\/a><\/p>\n\n\n\n<p>Vamos aos coment\u00e1rios!<\/p>\n\n\n\n<h2 class=\"wp-block-heading\" id=\"h-v-deo\">V\u00eddeo<\/h2>\n\n\n<figure class=\"wp-block-embed-youtube wp-block-embed is-type-video is-provider-youtube wp-embed-aspect-16-9 wp-has-aspect-ratio\"><div class=\"lyte-wrapper\" style=\"width:853px;max-width:100%;margin:5px;\"><div class=\"lyMe\" id=\"WYL_WQxRQn-WK-A\"><div id=\"lyte_WQxRQn-WK-A\" data-src=\"\/\/i.ytimg.com\/vi\/WQxRQn-WK-A\/hqdefault.jpg\" class=\"pL\"><div class=\"tC\"><div class=\"tT\"><\/div><\/div><div class=\"play\"><\/div><div class=\"ctrl\"><div class=\"Lctrl\"><\/div><div class=\"Rctrl\"><\/div><\/div><\/div><noscript><a href=\"https:\/\/youtu.be\/WQxRQn-WK-A\" rel=\"nofollow\"><img loading=\"lazy\" decoding=\"async\" src=\"https:\/\/i.ytimg.com\/vi\/WQxRQn-WK-A\/0.jpg\" alt=\"YouTube video thumbnail\" width=\"853\" height=\"460\" \/><br \/>Assista a este v\u00eddeo no YouTube<\/a><\/noscript><\/div><\/div><div class=\"lL\" style=\"max-width:100%;width:853px;margin:5px;\"><\/div><figcaption><\/figcaption><\/figure>\n\n\n<h2 class=\"wp-block-heading\" id=\"h-texto\">Texto<\/h2>\n\n\n\n<p><strong>Determinado \u00f3rg\u00e3o p\u00fablico firmou contrato administrativo com uma empresa de reconhecida especializa\u00e7\u00e3o no mercado, para a presta\u00e7\u00e3o de servi\u00e7os de treinamento de pessoal de natureza singular aos seus servidores. Durante a execu\u00e7\u00e3o do contrato, a empresa descumpriu uma das cl\u00e1usulas contratuais. A administra\u00e7\u00e3o p\u00fablica, ent\u00e3o, aplicou multa por inexecu\u00e7\u00e3o parcial do acordado. Insatisfeita, a empresa impetrou mandado de seguran\u00e7a no Poder Judici\u00e1rio em face do ato administrativo que aplicaria a penalidade sem pr\u00e9via opitiva.<\/strong><\/p>\n\n\n\n<p><strong>Considerando essa situa\u00e7\u00e3o hipot\u00e9tica, julgue os itens que se seguem.<\/strong><\/p>\n\n\n\n<p><strong>86. A impetra\u00e7\u00e3o de mandado de seguran\u00e7a configura controle judicial de m\u00e9rito administrativo.<\/strong><\/p>\n\n\n\n<p><strong>Coment\u00e1rio<\/strong>: o mandado de seguran\u00e7a \u2013 MS representa forma de controle judicial, tendo como objetivo \u201cproteger direito l\u00edquido e certo, n\u00e3o amparado por habeas corpus ou habeas data, quando o respons\u00e1vel pela <strong>ilegalidade<\/strong> ou <strong>abuso de poder<\/strong> for autoridade p\u00fablica ou agente de pessoa jur\u00eddica no exerc\u00edcio de atribui\u00e7\u00f5es do Poder P\u00fablico\u201d (CF, art. 5\u00ba, LXIX).<\/p>\n\n\n\n<p>Como se trata de forma de controle judicial, o MS n\u00e3o alcan\u00e7a o m\u00e9rito, mas somente a legalidade. Note que o pr\u00f3prio conceito disp\u00f5e que ele serve para proteger direito l\u00edquido e certo em virtude de \u201c<strong>ilegalidade<\/strong> ou <strong>abuso de poder<\/strong>. Assim, o quesito est\u00e1 errado.<\/p>\n\n\n\n<p><strong>Gabarito: errado.<\/strong><\/p>\n\n\n\n<p><strong>87. Essa situa\u00e7\u00e3o caracteriza contrata\u00e7\u00e3o direta por dispensa de licita\u00e7\u00e3o.<\/strong><\/p>\n\n\n\n<p><strong>Coment\u00e1rio<\/strong>: trata-se de hip\u00f3tese de inexigibilidade, nos termos do art. 25, II, da Lei 8.666\/1993:<\/p>\n\n\n\n<blockquote class=\"wp-block-quote is-layout-flow wp-block-quote-is-layout-flow\"><p><em>Art. 25.\u00a0 \u00c9 inexig\u00edvel a licita\u00e7\u00e3o quando houver inviabilidade de competi\u00e7\u00e3o, em especial: [&#8230;] II &#8211; para a contrata\u00e7\u00e3o de servi\u00e7os t\u00e9cnicos enumerados no art. 13 desta Lei, de natureza singular, com profissionais ou empresas de not\u00f3ria especializa\u00e7\u00e3o, vedada a inexigibilidade para servi\u00e7os de publicidade e divulga\u00e7\u00e3o;<\/em><\/p><\/blockquote>\n\n\n\n<p>Dessa forma, como o enunciado prev\u00ea o treinamento de pessoal, que ser\u00e1 prestado por empresa de reconhecida especializa\u00e7\u00e3o no mercado, possuindo natureza singular, ent\u00e3o os requisitos legais foram observados para a inexigibilidade. Da\u00ed o erro da assertiva, que afirmou tratar-se de dispensa.<\/p>\n\n\n\n<p><strong>Gabarito: errado.<\/strong><\/p>\n\n\n\n<p><strong>88. O ajuizamento da a\u00e7\u00e3o judicial para conter eventuais abusos praticados pela administra\u00e7\u00e3o p\u00fablica caracteriza a aplica\u00e7\u00e3o do princ\u00edpio da sindicabilidade.<\/strong><\/p>\n\n\n\n<p><strong>Coment\u00e1rio<\/strong>: segue trecho que consta na p\u00e1gina 43 da aula sobre regime jur\u00eddico-administrativo do nosso curso:<\/p>\n\n\n\n<p><strong>Princ\u00edpio da sindicabilidade<\/strong>: <strong>significa que todo ato administrativo pode se submeter a algum tipo de controle<\/strong>. Vale lembrar que, no Brasil, vigora o princ\u00edpio da inafastabilidade da tutela jurisdicional (CF, art. 5\u00ba, XXXV), de tal forma que toda les\u00e3o ou amea\u00e7a de direito poder\u00e1 ser controlada pelo Poder Judici\u00e1rio. Al\u00e9m disso, a sindicabilidade tamb\u00e9m abrange a autotutela, pois a pr\u00f3pria Administra\u00e7\u00e3o pode exercer controle sobre os seus pr\u00f3prios atos, anulando os ilegais e revogando os inconvenientes e inoportunos.<\/p>\n\n\n\n<p>Portanto, o princ\u00edpio da sindicabilidade significa que os atos est\u00e3o sujeitos a controle, envolvendo inclusive o controle judicial. Logo, o quesito est\u00e1 devidamente correto, pois o ajuizamento da a\u00e7\u00e3o insere-se na aplica\u00e7\u00e3o do princ\u00edpio da sindicabilidade.<\/p>\n\n\n\n<p><strong>Gabarito: correto.<\/strong><\/p>\n\n\n\n<p><strong>89. \u00d3rg\u00e3o p\u00fablico \u00e9 ente descentralizado da administra\u00e7\u00e3o indireta que possui personalidade jur\u00eddica de direito p\u00fablico.<\/strong><\/p>\n\n\n\n<p><strong>Coment\u00e1rio<\/strong>: \u00f3rg\u00e3o p\u00fablico n\u00e3o goza de personalidade jur\u00eddica. Assim, a institui\u00e7\u00e3o de \u00f3rg\u00e3o \u00e9 associada \u00e0 desconcentra\u00e7\u00e3o e n\u00e3o \u00e0 descentraliza\u00e7\u00e3o.<\/p>\n\n\n\n<p><strong>Gabarito: errado.<\/strong><\/p>\n\n\n\n<p><strong>90. A aplica\u00e7\u00e3o da multa em quest\u00e3o decorre do poder administrativo disciplinar.<\/strong><\/p>\n\n\n\n<p><strong>Coment\u00e1rio<\/strong>: o poder disciplinar alcan\u00e7a a aplica\u00e7\u00e3o de penalidades: (i) aos servidores; (ii) aos particulares sujeitos \u00e0 disciplina interna da administra\u00e7\u00e3o p\u00fablica.<\/p>\n\n\n\n<p>Nesse caso, como se trata de multa contratual, existe um v\u00ednculo espec\u00edfico, qual seja: a rela\u00e7\u00e3o contratual. Assim, a multa insere-se na aplica\u00e7\u00e3o do poder administrativo disciplinar, como afirmado na quest\u00e3o.<\/p>\n\n\n\n<p>Talvez voc\u00ea se questione se n\u00e3o seria o poder de pol\u00edcia, mas n\u00e3o \u00e9, uma vez que n\u00e3o se trata de exerc\u00edcio do poder de pol\u00edcia (rela\u00e7\u00e3o geral), mas sim do controle sobre a execu\u00e7\u00e3o contratual. Logo, nesse caso espec\u00edfica, aplica-se o poder disciplinar.<\/p>\n\n\n\n<p><strong>Gabarito: correto.<\/strong><\/p>\n\n\n\n<p><\/p>\n\n\n\n<p>Abra\u00e7os,<\/p>\n\n\n\n<figure class=\"wp-block-image size-large is-resized\"><img loading=\"lazy\" decoding=\"async\" src=\"https:\/\/dhg1h5j42swfq.cloudfront.net\/2021\/05\/09180058\/assinatura_prancheta-1-1024x320.png\" alt=\"\" class=\"wp-image-735502\" width=\"241\" height=\"74\" srcset=\"https:\/\/dhg1h5j42swfq.cloudfront.net\/2021\/05\/09180058\/assinatura_prancheta-1-1024x320.png 1024w, https:\/\/dhg1h5j42swfq.cloudfront.net\/2021\/05\/09180058\/assinatura_prancheta-1-768x240.png 768w, https:\/\/dhg1h5j42swfq.cloudfront.net\/2021\/05\/09180058\/assinatura_prancheta-1-610x191.png 610w, https:\/\/dhg1h5j42swfq.cloudfront.net\/2021\/05\/09180058\/assinatura_prancheta-1.png 1526w\" sizes=\"auto, (max-width: 241px) 100vw, 241px\" \/><\/figure>\n","protected":false},"excerpt":{"rendered":"<p>Ol\u00e1, pessoal! Vamos corrigir o Gabarito PRF Direito Administrativo. Como esperado, as quest\u00f5es n\u00e3o estavam t\u00e3o dif\u00edceis. Chamo a aten\u00e7\u00e3o para a quest\u00e3o que tratou do princ\u00edpio da sindicabilidade, tema que abordamos na p\u00e1g. 43 da aula sobre regime jur\u00eddico-administrativo, no nosso curso. A prova foi marcada por uma quest\u00e3o de controle, uma de licita\u00e7\u00f5es, [&hellip;]<\/p>\n","protected":false},"author":129,"featured_media":0,"comment_status":"open","ping_status":"closed","sticky":false,"template":"","format":"standard","meta":{"post_tipo":"article","footnotes":""},"categories":[1],"tags":[],"tax_estado":[],"class_list":["post-735496","post","type-post","status-publish","format-standard","hentry","category-cursos-e-concursos"],"acf":[],"yoast_head":"<!-- This site is optimized with the Yoast SEO Premium plugin v27.2 (Yoast SEO v27.2) - https:\/\/yoast.com\/product\/yoast-seo-premium-wordpress\/ -->\n<title>Gabarito PRF Direito Administrativo<\/title>\n<meta name=\"description\" content=\"Corre\u00e7\u00e3o do gabarito PRF direito administrativo. Quest\u00f5es da prova da pol\u00edcia rodovi\u00e1ria federal, aplicada pelo Cebraspe em 2021.\" \/>\n<meta name=\"robots\" content=\"index, follow, max-snippet:-1, max-image-preview:large, max-video-preview:-1\" \/>\n<link rel=\"canonical\" href=\"https:\/\/www.estrategiaconcursos.com.br\/blog\/gabarito-prf-direito-administrativo-2\/\" \/>\n<meta property=\"og:locale\" content=\"pt_BR\" \/>\n<meta property=\"og:type\" content=\"article\" \/>\n<meta property=\"og:title\" content=\"Gabarito PRF Direito Administrativo\" \/>\n<meta property=\"og:description\" content=\"Corre\u00e7\u00e3o do gabarito PRF direito administrativo. Quest\u00f5es da prova da pol\u00edcia rodovi\u00e1ria federal, aplicada pelo Cebraspe em 2021.\" \/>\n<meta property=\"og:url\" content=\"https:\/\/www.estrategiaconcursos.com.br\/blog\/gabarito-prf-direito-administrativo-2\/\" \/>\n<meta property=\"og:site_name\" content=\"Estrat\u00e9gia Concursos\" \/>\n<meta property=\"article:published_time\" content=\"2021-05-09T22:25:22+00:00\" \/>\n<meta property=\"article:modified_time\" content=\"2021-05-09T22:31:10+00:00\" \/>\n<meta property=\"og:image\" content=\"https:\/\/www.estrategiaconcursos.com.br\/blog\/wp-content\/uploads\/2021\/05\/assinatura_prancheta-1-1024x320.png\" \/>\n<meta name=\"author\" content=\"Herbert Almeida\" \/>\n<meta name=\"twitter:card\" content=\"summary_large_image\" \/>\n<meta name=\"twitter:creator\" content=\"@EstratConcursos\" \/>\n<meta name=\"twitter:site\" content=\"@EstratConcursos\" \/>\n<meta name=\"twitter:label1\" content=\"Escrito por\" \/>\n\t<meta name=\"twitter:data1\" content=\"Herbert Almeida\" \/>\n\t<meta name=\"twitter:label2\" content=\"Est. tempo de leitura\" \/>\n\t<meta name=\"twitter:data2\" content=\"4 minutos\" \/>\n<script type=\"application\/ld+json\" class=\"yoast-schema-graph\">{\"@context\":\"https:\/\/schema.org\",\"@graph\":[{\"@type\":\"NewsArticle\",\"@id\":\"https:\/\/www.estrategiaconcursos.com.br\/blog\/gabarito-prf-direito-administrativo-2\/#article\",\"isPartOf\":{\"@id\":\"https:\/\/www.estrategiaconcursos.com.br\/blog\/gabarito-prf-direito-administrativo-2\/\"},\"author\":{\"name\":\"Herbert Almeida\",\"@id\":\"https:\/\/www.estrategiaconcursos.com.br\/blog\/#\/schema\/person\/59717c75350fa01aa0fd68a52a8d02e0\"},\"headline\":\"Gabarito PRF Direito Administrativo\",\"datePublished\":\"2021-05-09T22:25:22+00:00\",\"dateModified\":\"2021-05-09T22:31:10+00:00\",\"mainEntityOfPage\":{\"@id\":\"https:\/\/www.estrategiaconcursos.com.br\/blog\/gabarito-prf-direito-administrativo-2\/\"},\"wordCount\":862,\"commentCount\":0,\"publisher\":{\"@id\":\"https:\/\/www.estrategiaconcursos.com.br\/blog\/#organization\"},\"image\":{\"@id\":\"https:\/\/www.estrategiaconcursos.com.br\/blog\/gabarito-prf-direito-administrativo-2\/#primaryimage\"},\"thumbnailUrl\":\"https:\/\/www.estrategiaconcursos.com.br\/blog\/wp-content\/uploads\/2021\/05\/assinatura_prancheta-1-1024x320.png\",\"articleSection\":[\"Concursos P\u00fablicos\"],\"inLanguage\":\"pt-BR\",\"potentialAction\":[{\"@type\":\"CommentAction\",\"name\":\"Comment\",\"target\":[\"https:\/\/www.estrategiaconcursos.com.br\/blog\/gabarito-prf-direito-administrativo-2\/#respond\"]}],\"copyrightYear\":\"2021\",\"copyrightHolder\":{\"@id\":\"https:\/\/www.estrategiaconcursos.com.br\/blog\/#organization\"}},{\"@type\":\"WebPage\",\"@id\":\"https:\/\/www.estrategiaconcursos.com.br\/blog\/gabarito-prf-direito-administrativo-2\/\",\"url\":\"https:\/\/www.estrategiaconcursos.com.br\/blog\/gabarito-prf-direito-administrativo-2\/\",\"name\":\"Gabarito PRF Direito Administrativo\",\"isPartOf\":{\"@id\":\"https:\/\/www.estrategiaconcursos.com.br\/blog\/#website\"},\"primaryImageOfPage\":{\"@id\":\"https:\/\/www.estrategiaconcursos.com.br\/blog\/gabarito-prf-direito-administrativo-2\/#primaryimage\"},\"image\":{\"@id\":\"https:\/\/www.estrategiaconcursos.com.br\/blog\/gabarito-prf-direito-administrativo-2\/#primaryimage\"},\"thumbnailUrl\":\"https:\/\/www.estrategiaconcursos.com.br\/blog\/wp-content\/uploads\/2021\/05\/assinatura_prancheta-1-1024x320.png\",\"datePublished\":\"2021-05-09T22:25:22+00:00\",\"dateModified\":\"2021-05-09T22:31:10+00:00\",\"description\":\"Corre\u00e7\u00e3o do gabarito PRF direito administrativo. Quest\u00f5es da prova da pol\u00edcia rodovi\u00e1ria federal, aplicada pelo Cebraspe em 2021.\",\"breadcrumb\":{\"@id\":\"https:\/\/www.estrategiaconcursos.com.br\/blog\/gabarito-prf-direito-administrativo-2\/#breadcrumb\"},\"inLanguage\":\"pt-BR\",\"potentialAction\":[{\"@type\":\"ReadAction\",\"target\":[\"https:\/\/www.estrategiaconcursos.com.br\/blog\/gabarito-prf-direito-administrativo-2\/\"]}]},{\"@type\":\"ImageObject\",\"inLanguage\":\"pt-BR\",\"@id\":\"https:\/\/www.estrategiaconcursos.com.br\/blog\/gabarito-prf-direito-administrativo-2\/#primaryimage\",\"url\":\"https:\/\/dhg1h5j42swfq.cloudfront.net\/2021\/05\/09180058\/assinatura_prancheta-1.png\",\"contentUrl\":\"https:\/\/dhg1h5j42swfq.cloudfront.net\/2021\/05\/09180058\/assinatura_prancheta-1.png\",\"width\":1526,\"height\":477},{\"@type\":\"BreadcrumbList\",\"@id\":\"https:\/\/www.estrategiaconcursos.com.br\/blog\/gabarito-prf-direito-administrativo-2\/#breadcrumb\",\"itemListElement\":[{\"@type\":\"ListItem\",\"position\":1,\"name\":\"In\u00edcio\",\"item\":\"https:\/\/www.estrategiaconcursos.com.br\/blog\/\"},{\"@type\":\"ListItem\",\"position\":2,\"name\":\"Gabarito PRF Direito Administrativo\"}]},{\"@type\":\"WebSite\",\"@id\":\"https:\/\/www.estrategiaconcursos.com.br\/blog\/#website\",\"url\":\"https:\/\/www.estrategiaconcursos.com.br\/blog\/\",\"name\":\"Estrat\u00e9gia Concursos\",\"description\":\"O blog da Estrat\u00e9gia Concursos traz not\u00edcias sobre concursos e artigos de professores oferecendo cursos para concursos (pdf + videaulas) no site.\",\"publisher\":{\"@id\":\"https:\/\/www.estrategiaconcursos.com.br\/blog\/#organization\"},\"potentialAction\":[{\"@type\":\"SearchAction\",\"target\":{\"@type\":\"EntryPoint\",\"urlTemplate\":\"https:\/\/www.estrategiaconcursos.com.br\/blog\/?s={search_term_string}\"},\"query-input\":{\"@type\":\"PropertyValueSpecification\",\"valueRequired\":true,\"valueName\":\"search_term_string\"}}],\"inLanguage\":\"pt-BR\"},{\"@type\":\"Organization\",\"@id\":\"https:\/\/www.estrategiaconcursos.com.br\/blog\/#organization\",\"name\":\"Estrat\u00e9gia Concursos\",\"url\":\"https:\/\/www.estrategiaconcursos.com.br\/blog\/\",\"logo\":{\"@type\":\"ImageObject\",\"inLanguage\":\"pt-BR\",\"@id\":\"https:\/\/www.estrategiaconcursos.com.br\/blog\/#\/schema\/logo\/image\/\",\"url\":\"https:\/\/dhg1h5j42swfq.cloudfront.net\/2025\/06\/03203428\/logo_concursos-1.jpg\",\"contentUrl\":\"https:\/\/dhg1h5j42swfq.cloudfront.net\/2025\/06\/03203428\/logo_concursos-1.jpg\",\"width\":230,\"height\":60,\"caption\":\"Estrat\u00e9gia Concursos\"},\"image\":{\"@id\":\"https:\/\/www.estrategiaconcursos.com.br\/blog\/#\/schema\/logo\/image\/\"},\"sameAs\":[\"https:\/\/x.com\/EstratConcursos\"]},{\"@type\":\"Person\",\"@id\":\"https:\/\/www.estrategiaconcursos.com.br\/blog\/#\/schema\/person\/59717c75350fa01aa0fd68a52a8d02e0\",\"name\":\"Herbert Almeida\",\"image\":{\"@type\":\"ImageObject\",\"inLanguage\":\"pt-BR\",\"@id\":\"https:\/\/secure.gravatar.com\/avatar\/b6461a43893c24d5fc91efc433971ffec025c84c0341129f4578034d77f9a536?s=96&d=mm&r=g\",\"url\":\"https:\/\/secure.gravatar.com\/avatar\/b6461a43893c24d5fc91efc433971ffec025c84c0341129f4578034d77f9a536?s=96&d=mm&r=g\",\"contentUrl\":\"https:\/\/secure.gravatar.com\/avatar\/b6461a43893c24d5fc91efc433971ffec025c84c0341129f4578034d77f9a536?s=96&d=mm&r=g\",\"caption\":\"Herbert Almeida\"},\"url\":\"https:\/\/www.estrategiaconcursos.com.br\/blog\/author\/herbertestrategiaconcursos-com-br\/\"}]}<\/script>\n<!-- \/ Yoast SEO Premium plugin. -->","yoast_head_json":{"title":"Gabarito PRF Direito Administrativo","description":"Corre\u00e7\u00e3o do gabarito PRF direito administrativo. Quest\u00f5es da prova da pol\u00edcia rodovi\u00e1ria federal, aplicada pelo Cebraspe em 2021.","robots":{"index":"index","follow":"follow","max-snippet":"max-snippet:-1","max-image-preview":"max-image-preview:large","max-video-preview":"max-video-preview:-1"},"canonical":"https:\/\/www.estrategiaconcursos.com.br\/blog\/gabarito-prf-direito-administrativo-2\/","og_locale":"pt_BR","og_type":"article","og_title":"Gabarito PRF Direito Administrativo","og_description":"Corre\u00e7\u00e3o do gabarito PRF direito administrativo. Quest\u00f5es da prova da pol\u00edcia rodovi\u00e1ria federal, aplicada pelo Cebraspe em 2021.","og_url":"https:\/\/www.estrategiaconcursos.com.br\/blog\/gabarito-prf-direito-administrativo-2\/","og_site_name":"Estrat\u00e9gia Concursos","article_published_time":"2021-05-09T22:25:22+00:00","article_modified_time":"2021-05-09T22:31:10+00:00","og_image":[{"url":"https:\/\/www.estrategiaconcursos.com.br\/blog\/wp-content\/uploads\/2021\/05\/assinatura_prancheta-1-1024x320.png","type":"","width":"","height":""}],"author":"Herbert Almeida","twitter_card":"summary_large_image","twitter_creator":"@EstratConcursos","twitter_site":"@EstratConcursos","twitter_misc":{"Escrito por":"Herbert Almeida","Est. tempo de leitura":"4 minutos"},"schema":{"@context":"https:\/\/schema.org","@graph":[{"@type":"NewsArticle","@id":"https:\/\/www.estrategiaconcursos.com.br\/blog\/gabarito-prf-direito-administrativo-2\/#article","isPartOf":{"@id":"https:\/\/www.estrategiaconcursos.com.br\/blog\/gabarito-prf-direito-administrativo-2\/"},"author":{"name":"Herbert Almeida","@id":"https:\/\/www.estrategiaconcursos.com.br\/blog\/#\/schema\/person\/59717c75350fa01aa0fd68a52a8d02e0"},"headline":"Gabarito PRF Direito Administrativo","datePublished":"2021-05-09T22:25:22+00:00","dateModified":"2021-05-09T22:31:10+00:00","mainEntityOfPage":{"@id":"https:\/\/www.estrategiaconcursos.com.br\/blog\/gabarito-prf-direito-administrativo-2\/"},"wordCount":862,"commentCount":0,"publisher":{"@id":"https:\/\/www.estrategiaconcursos.com.br\/blog\/#organization"},"image":{"@id":"https:\/\/www.estrategiaconcursos.com.br\/blog\/gabarito-prf-direito-administrativo-2\/#primaryimage"},"thumbnailUrl":"https:\/\/www.estrategiaconcursos.com.br\/blog\/wp-content\/uploads\/2021\/05\/assinatura_prancheta-1-1024x320.png","articleSection":["Concursos P\u00fablicos"],"inLanguage":"pt-BR","potentialAction":[{"@type":"CommentAction","name":"Comment","target":["https:\/\/www.estrategiaconcursos.com.br\/blog\/gabarito-prf-direito-administrativo-2\/#respond"]}],"copyrightYear":"2021","copyrightHolder":{"@id":"https:\/\/www.estrategiaconcursos.com.br\/blog\/#organization"}},{"@type":"WebPage","@id":"https:\/\/www.estrategiaconcursos.com.br\/blog\/gabarito-prf-direito-administrativo-2\/","url":"https:\/\/www.estrategiaconcursos.com.br\/blog\/gabarito-prf-direito-administrativo-2\/","name":"Gabarito PRF Direito Administrativo","isPartOf":{"@id":"https:\/\/www.estrategiaconcursos.com.br\/blog\/#website"},"primaryImageOfPage":{"@id":"https:\/\/www.estrategiaconcursos.com.br\/blog\/gabarito-prf-direito-administrativo-2\/#primaryimage"},"image":{"@id":"https:\/\/www.estrategiaconcursos.com.br\/blog\/gabarito-prf-direito-administrativo-2\/#primaryimage"},"thumbnailUrl":"https:\/\/www.estrategiaconcursos.com.br\/blog\/wp-content\/uploads\/2021\/05\/assinatura_prancheta-1-1024x320.png","datePublished":"2021-05-09T22:25:22+00:00","dateModified":"2021-05-09T22:31:10+00:00","description":"Corre\u00e7\u00e3o do gabarito PRF direito administrativo. Quest\u00f5es da prova da pol\u00edcia rodovi\u00e1ria federal, aplicada pelo Cebraspe em 2021.","breadcrumb":{"@id":"https:\/\/www.estrategiaconcursos.com.br\/blog\/gabarito-prf-direito-administrativo-2\/#breadcrumb"},"inLanguage":"pt-BR","potentialAction":[{"@type":"ReadAction","target":["https:\/\/www.estrategiaconcursos.com.br\/blog\/gabarito-prf-direito-administrativo-2\/"]}]},{"@type":"ImageObject","inLanguage":"pt-BR","@id":"https:\/\/www.estrategiaconcursos.com.br\/blog\/gabarito-prf-direito-administrativo-2\/#primaryimage","url":"https:\/\/dhg1h5j42swfq.cloudfront.net\/2021\/05\/09180058\/assinatura_prancheta-1.png","contentUrl":"https:\/\/dhg1h5j42swfq.cloudfront.net\/2021\/05\/09180058\/assinatura_prancheta-1.png","width":1526,"height":477},{"@type":"BreadcrumbList","@id":"https:\/\/www.estrategiaconcursos.com.br\/blog\/gabarito-prf-direito-administrativo-2\/#breadcrumb","itemListElement":[{"@type":"ListItem","position":1,"name":"In\u00edcio","item":"https:\/\/www.estrategiaconcursos.com.br\/blog\/"},{"@type":"ListItem","position":2,"name":"Gabarito PRF Direito Administrativo"}]},{"@type":"WebSite","@id":"https:\/\/www.estrategiaconcursos.com.br\/blog\/#website","url":"https:\/\/www.estrategiaconcursos.com.br\/blog\/","name":"Estrat\u00e9gia Concursos","description":"O blog da Estrat\u00e9gia Concursos traz not\u00edcias sobre concursos e artigos de professores oferecendo cursos para concursos (pdf + videaulas) no site.","publisher":{"@id":"https:\/\/www.estrategiaconcursos.com.br\/blog\/#organization"},"potentialAction":[{"@type":"SearchAction","target":{"@type":"EntryPoint","urlTemplate":"https:\/\/www.estrategiaconcursos.com.br\/blog\/?s={search_term_string}"},"query-input":{"@type":"PropertyValueSpecification","valueRequired":true,"valueName":"search_term_string"}}],"inLanguage":"pt-BR"},{"@type":"Organization","@id":"https:\/\/www.estrategiaconcursos.com.br\/blog\/#organization","name":"Estrat\u00e9gia Concursos","url":"https:\/\/www.estrategiaconcursos.com.br\/blog\/","logo":{"@type":"ImageObject","inLanguage":"pt-BR","@id":"https:\/\/www.estrategiaconcursos.com.br\/blog\/#\/schema\/logo\/image\/","url":"https:\/\/dhg1h5j42swfq.cloudfront.net\/2025\/06\/03203428\/logo_concursos-1.jpg","contentUrl":"https:\/\/dhg1h5j42swfq.cloudfront.net\/2025\/06\/03203428\/logo_concursos-1.jpg","width":230,"height":60,"caption":"Estrat\u00e9gia Concursos"},"image":{"@id":"https:\/\/www.estrategiaconcursos.com.br\/blog\/#\/schema\/logo\/image\/"},"sameAs":["https:\/\/x.com\/EstratConcursos"]},{"@type":"Person","@id":"https:\/\/www.estrategiaconcursos.com.br\/blog\/#\/schema\/person\/59717c75350fa01aa0fd68a52a8d02e0","name":"Herbert Almeida","image":{"@type":"ImageObject","inLanguage":"pt-BR","@id":"https:\/\/secure.gravatar.com\/avatar\/b6461a43893c24d5fc91efc433971ffec025c84c0341129f4578034d77f9a536?s=96&d=mm&r=g","url":"https:\/\/secure.gravatar.com\/avatar\/b6461a43893c24d5fc91efc433971ffec025c84c0341129f4578034d77f9a536?s=96&d=mm&r=g","contentUrl":"https:\/\/secure.gravatar.com\/avatar\/b6461a43893c24d5fc91efc433971ffec025c84c0341129f4578034d77f9a536?s=96&d=mm&r=g","caption":"Herbert Almeida"},"url":"https:\/\/www.estrategiaconcursos.com.br\/blog\/author\/herbertestrategiaconcursos-com-br\/"}]}},"_links":{"self":[{"href":"https:\/\/www.estrategiaconcursos.com.br\/blog\/wp-json\/wp\/v2\/posts\/735496","targetHints":{"allow":["GET"]}}],"collection":[{"href":"https:\/\/www.estrategiaconcursos.com.br\/blog\/wp-json\/wp\/v2\/posts"}],"about":[{"href":"https:\/\/www.estrategiaconcursos.com.br\/blog\/wp-json\/wp\/v2\/types\/post"}],"author":[{"embeddable":true,"href":"https:\/\/www.estrategiaconcursos.com.br\/blog\/wp-json\/wp\/v2\/users\/129"}],"replies":[{"embeddable":true,"href":"https:\/\/www.estrategiaconcursos.com.br\/blog\/wp-json\/wp\/v2\/comments?post=735496"}],"version-history":[{"count":3,"href":"https:\/\/www.estrategiaconcursos.com.br\/blog\/wp-json\/wp\/v2\/posts\/735496\/revisions"}],"predecessor-version":[{"id":735537,"href":"https:\/\/www.estrategiaconcursos.com.br\/blog\/wp-json\/wp\/v2\/posts\/735496\/revisions\/735537"}],"wp:attachment":[{"href":"https:\/\/www.estrategiaconcursos.com.br\/blog\/wp-json\/wp\/v2\/media?parent=735496"}],"wp:term":[{"taxonomy":"category","embeddable":true,"href":"https:\/\/www.estrategiaconcursos.com.br\/blog\/wp-json\/wp\/v2\/categories?post=735496"},{"taxonomy":"post_tag","embeddable":true,"href":"https:\/\/www.estrategiaconcursos.com.br\/blog\/wp-json\/wp\/v2\/tags?post=735496"},{"taxonomy":"tax_estado","embeddable":true,"href":"https:\/\/www.estrategiaconcursos.com.br\/blog\/wp-json\/wp\/v2\/tax_estado?post=735496"}],"curies":[{"name":"wp","href":"https:\/\/api.w.org\/{rel}","templated":true}]}}