{"id":735311,"date":"2021-05-08T22:07:24","date_gmt":"2021-05-09T01:07:24","guid":{"rendered":"https:\/\/www.estrategiaconcursos.com.br\/blog\/?p=735311"},"modified":"2021-05-19T12:04:56","modified_gmt":"2021-05-19T15:04:56","slug":"concurso-prf-provas-o-que-pode-e-nao-pode","status":"publish","type":"post","link":"https:\/\/www.estrategiaconcursos.com.br\/blog\/concurso-prf-provas-o-que-pode-e-nao-pode\/","title":{"rendered":"Concurso PRF: TUDO sobre as provas; o que pode e n\u00e3o pode?"},"content":{"rendered":"\n<p>Apesar de muito &#8220;disse me disse&#8221;, &#8220;tira o casaco, bota o casaco&#8221;, <em>&#8220;ser\u00e1 que o STF vai suspender as provas do concurso PRF?&#8221;<\/em>, a etapa de avalia\u00e7\u00e3o do certame segue <strong>confirmad\u00edssima para este domingo, 09 de maio<\/strong>. Falando nisso, voc\u00ea j\u00e1 checou seu <a href=\"https:\/\/security.cebraspe.org.br\/PRF_21\/LocalHorario_OBJ_C71E0ABC-AED4-4C26-8338-6FBADEF583DC1\/\" target=\"_blank\" rel=\"noreferrer noopener\">local de prova<\/a>?<\/p>\n\n\n\n<p>O exame poder\u00e1 ser realizado somente no local designado na consulta individual dispon\u00edvel no site do Cebraspe. Ali\u00e1s, vale ressaltar que a cidade escolhida no momento da inscri\u00e7\u00e3o pode n\u00e3o ser a mesma onde ser\u00e3o realizadas as provas.<\/p>\n\n\n\n<p>Agora, ap\u00f3s muita pol\u00eamica e dor de cabe\u00e7a, que tal revisar alguns importantes pontos para que as provas do concurso PRF sejam realizadas com sucesso? Separamos alguns itens!<\/p>\n\n\n\n<h2 class=\"wp-block-heading\" id=\"h-como-ser-o-as-provas-do-concurso-prf\">Como ser\u00e3o as provas do concurso PRF?<\/h2>\n\n\n\n<p id=\"h-curso-de-forma-o-profissional-car-ter-eliminat-rio\">Neste domingo, 09 de maio, em meio \u00e0s muitas pol\u00eamicas, acontece a aplica\u00e7\u00e3o das <span style=\"text-decoration: underline;\">provas objetivas e discursivas<\/span> do concurso PRF. Os exames ter\u00e3o a dura\u00e7\u00e3o de 4 horas e 30 minutos. Confira abaixo mais detalhes:<\/p>\n\n\n\n<h4 class=\"wp-block-heading\" id=\"h-provas-objetivas\">Provas objetivas<\/h4>\n\n\n\n<p>A prova objetiva, de car\u00e1ter eliminat\u00f3rio e classificat\u00f3rio, valer\u00e1 120,00 pontos. O julgamento de cada item ser\u00e1 CERTO ou ERRADO. <\/p>\n\n\n\n<p>A nota em cada item ser\u00e1 igual a: 1,00 ponto, caso a resposta do candidato esteja em concord\u00e2ncia com o gabarito oficial definitivo da prova; 1,00 ponto negativo, caso a resposta do candidato esteja em discord\u00e2ncia com o gabarito oficial definitivo da prova; 0,00, caso n\u00e3o haja marca\u00e7\u00e3o ou haja marca\u00e7\u00e3o dupla (C e E).<\/p>\n\n\n\n<p id=\"h-bloco-i-55-itens\"><strong>Bloco I \u2013 55 itens<\/strong><\/p>\n\n\n\n<ul class=\"wp-block-list\"><li>L\u00edngua Portuguesa;<\/li><li>Racioc\u00ednio L\u00f3gico Matem\u00e1tico;<\/li><li>Inform\u00e1tica;<\/li><li><a href=\"https:\/\/www.estrategiaconcursos.com.br\/blog\/as-principais-formulas-de-fisica-para-prf-para-gabaritar-a-prova\/\" target=\"_blank\" rel=\"noreferrer noopener\">F\u00edsica<\/a>;<\/li><li>\u00c9tica e Cidadania;<\/li><li>Geopol\u00edtica;<\/li><li>L\u00edngua Estrangeira (<a href=\"https:\/\/www.estrategiaconcursos.com.br\/blog\/ingles-para-a-prf-como-estudar-ate-o-dia-da-prova\/\" target=\"_blank\" rel=\"noreferrer noopener\">Ingl\u00eas<\/a>&nbsp;ou&nbsp;<a href=\"https:\/\/www.estrategiaconcursos.com.br\/blog\/como-estudar-os-topicos-de-espanhol-para-a-prova-da-prf\/\" target=\"_blank\" rel=\"noreferrer noopener\">Espanhol<\/a>).<\/li><\/ul>\n\n\n\n<p id=\"h-bloco-ii-30-itens\"><strong>Bloco II \u2013 30 itens<\/strong><\/p>\n\n\n\n<ul class=\"wp-block-list\"><li><strong>*<\/strong>Legisla\u00e7\u00e3o de Tr\u00e2nsito&nbsp;(<a href=\"http:\/\/legislacao.planalto.gov.br\/legisla\/legislacao.nsf\/Viw_Identificacao\/lei%2014.071-2020?OpenDocument\" target=\"_blank\" rel=\"noreferrer noopener\">Novo C\u00f3digo de Tr\u00e2nsito Brasileiro<\/a>)<\/li><\/ul>\n\n\n\n<p id=\"h-bloco-iii-35-itens\"><strong>Bloco III \u2013 35 itens<\/strong><\/p>\n\n\n\n<ul class=\"wp-block-list\"><li>Direito Administrativo;<\/li><li>Direito Constitucional;<\/li><li>Direito Penal;<\/li><li>Direito Processual Penal;<\/li><li>Legisla\u00e7\u00e3o Especial;<\/li><li>Direitos Humanos.<\/li><\/ul>\n\n\n\n<h4 class=\"wp-block-heading\" id=\"h-prova-discursiva\">Prova discursiva<\/h4>\n\n\n\n<p>As provas discursivas do concurso PRF valer\u00e1 20,00 pontos e consistir\u00e1 da reda\u00e7\u00e3o de texto dissertativo, de at\u00e9 30 linhas, a respeito de temas relacionados aos objetos de avalia\u00e7\u00e3o.<\/p>\n\n\n\n<p>A prova discursiva de cada candidato ser\u00e1 submetida a duas avalia\u00e7\u00f5es: uma avalia\u00e7\u00e3o de conte\u00fado e uma avalia\u00e7\u00e3o do dom\u00ednio da modalidade escrita da L\u00edngua Portuguesa.<\/p>\n\n\n\n<h2 class=\"has-text-align-center has-luminous-vivid-amber-background-color has-background has-medium-font-size wp-block-heading\" id=\"h-edital-completo-concurso-prf\"><a href=\"https:\/\/cdn.cebraspe.org.br\/concursos\/prf_21\/arquivos\/ED_1_PRF_2021_ABERTURA.PDF\" target=\"_blank\" rel=\"noreferrer noopener\">Edital completo &#8211; concurso PRF<\/a><\/h2>\n\n\n\n<h2 class=\"wp-block-heading\" id=\"h-o-que-permitido-no-dia-das-provas-da-prf\">O que \u00e9 permitido no dia das provas da PRF?<\/h2>\n\n\n\n<p>Segundo comunicado do Cebraspe, o candidato do concurso PRF dever\u00e1 comparecer ao local designado para a realiza\u00e7\u00e3o das provas, <strong>munido de caneta esferogr\u00e1fica de tinta preta fabricada em material transparente, do comprovante de inscri\u00e7\u00e3o e do documento de identidade original<\/strong>.<\/p>\n\n\n\n<p>Al\u00e9m disso, o edital deixa claro que ser\u00e1 eliminado do concurso PRF o candidato que, durante a realiza\u00e7\u00e3o das provas, for surpreendido portando:<\/p>\n\n\n\n<ul class=\"wp-block-list\"><li>a) aparelhos eletr\u00f4nicos, tais como wearable tech, m\u00e1quinas calculadoras, agendas eletr\u00f4nicas e(ou) similares, telefones celulares, smartphones, tablets, ipods\u00ae, gravadores, pen drive, mp3 e(ou) similar, rel\u00f3gio de qualquer esp\u00e9cie, alarmes, chaves com alarme ou com qualquer outro componente eletr\u00f4nico, fones de ouvido e(ou) qualquer transmissor, gravador e(ou) receptor de dados, imagens, v\u00eddeos e mensagens etc.;<\/li><li>b) \u00f3culos escuros, protetor auricular, l\u00e1pis, lapiseira\/grafite, marca-texto e(ou) borracha;<\/li><li>c) quaisquer acess\u00f3rios de chapelaria, tais como chap\u00e9u, bon\u00e9, gorro etc.;<\/li><li>d) qualquer recipiente ou embalagem que n\u00e3o seja fabricado com material transparente, tais como garrafa de \u00e1gua, suco, refrigerante e embalagem de alimentos (biscoitos, barras de cereais, chocolate, balas etc.).<\/li><\/ul>\n\n\n\n<h2 class=\"wp-block-heading\" id=\"h-concurso-prf-medidas-de-seguran-a-para-as-provas\">Concurso PRF: medidas de seguran\u00e7a para as provas<\/h2>\n\n\n\n<p>Tendo em vista a realiza\u00e7\u00e3o das provas do concurso PRF, bem como o cen\u00e1rio atual de pandemia de Covid-19, o Cebraspe determinou algumas medidas de prote\u00e7\u00e3o \u00e0 transmiss\u00e3o do Coronav\u00edrus. Confira abaixo:<\/p>\n\n\n\n<ul class=\"wp-block-list\"><li>a) comparecer ao local de aplica\u00e7\u00e3o <span style=\"text-decoration: underline;\"><strong>usando m\u00e1scara e portando m\u00e1scaras reservas<\/strong><\/span>, se necess\u00e1rio, de modo a possibilitar a troca de sua m\u00e1scara a cada duas horas;<\/li><li>b) armazenar as m\u00e1scaras usadas em saco pl\u00e1stico transparente, que dever\u00e1 ser trazido pelo candidato;<\/li><li>c) <span style=\"text-decoration: underline;\"><strong>permanecer de m\u00e1scara durante todo o tempo<\/strong><\/span> em que estiver nas depend\u00eancias dos locais de aplica\u00e7\u00e3o de provas;<\/li><li>d) submeter-se \u00e0 <span style=\"text-decoration: underline;\"><strong>verifica\u00e7\u00e3o da temperatura corporal<\/strong><\/span> para acesso ao local de aplica\u00e7\u00e3o;<\/li><li>e) observar o <strong><span style=\"text-decoration: underline;\">distanciamento adequado<\/span><\/strong>, conforme demarca\u00e7\u00e3o do piso com fita adesiva em frente ao port\u00e3o de acesso ao local de aplica\u00e7\u00e3o, na entrada das salas de provas e dos banheiros;<\/li><li>f) observar o distanciamento m\u00ednimo exigido na legisla\u00e7\u00e3o aplic\u00e1vel entre os candidatos e entre membros da equipe de aplica\u00e7\u00e3o nas salas de aplica\u00e7\u00e3o das provas;<\/li><li>g) <span style=\"text-decoration: underline;\"><strong>verificar o seu hor\u00e1rio de acesso ao local de provas<\/strong><\/span>, conforme informado na consulta individual, em link espec\u00edfico, em que ser\u00e3o disponibilizadas as informa\u00e7\u00f5es relativas a seu grupo e a seu hor\u00e1rio de entrada;<\/li><li>h) submeter-se a pr\u00e9-identifica\u00e7\u00e3o realizada pela equipe de campo na chegada dos candidatos ao local de aplica\u00e7\u00e3o, sem contato f\u00edsico e sem o manuseio de documentos ou de qualquer outro objeto dos candidatos, podendo ser solicitado que o candidato abaixe a sua m\u00e1scara, de modo a permitir a visualiza\u00e7\u00e3o do seu rosto \u2014 concedendo-se somente ao candidato a manipula\u00e7\u00e3o de sua m\u00e1scara \u2014, mantendo-se o distanciamento m\u00ednimo exigido na legisla\u00e7\u00e3o aplic\u00e1vel de qualquer outro candidato ou membro da equipe de aplica\u00e7\u00e3o;<\/li><li>i) <span style=\"text-decoration: underline;\"><strong>permanecer de m\u00e1scara<\/strong><\/span> ao se retirar de sala para uso dos banheiros e observar os procedimentos de higieniza\u00e7\u00e3o das m\u00e3os nesses ambientes;<\/li><li>j) manter os cabelos arrumados de forma que n\u00e3o caiam sobre sua face enquanto estiver dentro dos locais de aplica\u00e7\u00e3o;<\/li><li>k) submeter-se ao controle de sa\u00edda dos candidatos ao t\u00e9rmino das provas para evitar aglomera\u00e7\u00e3o.<\/li><\/ul>\n\n\n\n<h2 class=\"has-text-align-center has-luminous-vivid-amber-background-color has-background has-medium-font-size wp-block-heading\" id=\"h-informa-es-sobre-as-provas-do-concurso-prf\"><a href=\"https:\/\/cdn.cebraspe.org.br\/concursos\/prf_21\/arquivos\/ED_7_PRF_2021_LOCAIS.PDF\" target=\"_blank\" rel=\"noreferrer noopener\">Informa\u00e7\u00f5es sobre as provas do concurso PRF<\/a><\/h2>\n\n\n\n<h2 class=\"wp-block-heading\" id=\"h-sobre-o-concurso-prf\">Sobre o concurso PRF<\/h2>\n\n\n\n<p>O <strong>concurso p\u00fablico da Pol\u00edcia Rodovi\u00e1ria Federal<\/strong> (PRF) oferece&nbsp;1.500 vagas para Policial Rodovi\u00e1rio Federal. distribu\u00eddas entre ampla concorr\u00eancia, candidatos negros e pessoas com defici\u00eancia. A&nbsp;remunera\u00e7\u00e3o inicial do cargo \u00e9 R$ 9.899,88.<\/p>\n\n\n\n<figure class=\"wp-block-table is-style-stripes\"><table class=\"has-subtle-pale-blue-background-color has-fixed-layout has-background\"><tbody><tr><td class=\"has-text-align-center\" data-align=\"center\"><strong>Vagas AC<\/strong><\/td><td class=\"has-text-align-center\" data-align=\"center\"><strong>Vagas Negros<\/strong><\/td><td class=\"has-text-align-center\" data-align=\"center\"><strong>Vagas PcD<\/strong><\/td><td class=\"has-text-align-center\" data-align=\"center\"><strong>TOTAL<\/strong><\/td><\/tr><tr><td class=\"has-text-align-center\" data-align=\"center\">1.125<\/td><td class=\"has-text-align-center\" data-align=\"center\">300<\/td><td class=\"has-text-align-center\" data-align=\"center\">75<\/td><td class=\"has-text-align-center\" data-align=\"center\">1.500<\/td><\/tr><\/tbody><\/table><\/figure>\n\n\n\n<ul class=\"wp-block-list\"><li><strong>Sal\u00e1rio<\/strong>: R$ 9.899,88<\/li><li><strong>Jornada de trabalho<\/strong>: 40 horas semanais<\/li><li><strong>Lota\u00e7\u00e3o<\/strong>: Abrang\u00eancia nacional, sendo ofertadas aos novos policiais as oportunidades de lota\u00e7\u00e3o de acordo com a necessidade do servi\u00e7o e o interesse p\u00fablico<\/li><\/ul>\n\n\n\n<p class=\"has-text-align-center has-luminous-vivid-amber-background-color has-background has-medium-font-size\"><strong>Saiba mais: <a href=\"https:\/\/www.estrategiaconcursos.com.br\/blog\/concurso-prf-3\/\" target=\"_blank\" rel=\"noreferrer noopener\">Concurso Pol\u00edcia Rodovi\u00e1ria Federal<\/a><\/strong><\/p>\n\n\n\n<div id=\"boxes\" class=\"container\">\n<div class=\"row\">\n<div class=\"col-sm\">\n<div id=\"box-assinatura\" class=\"banner-policial\">\n<h3 class=\"titulo-assinatura\">Concurso PRF<\/h3>\n<p class=\"subtitulo-assinatura\">Conhe\u00e7a os cursos<\/p>\n<div class=\"box-botao\"><a class=\"btn-assinatura\" role=\"button\" href=\"https:\/\/www.estrategiaconcursos.com.br\/cursosPorConcurso\/prf-policial-rodoviario-federal\/\/\" target=\"_blank\" rel=\"noopener noreferrer\">Conhe\u00e7a mais<\/a><\/div>\n<\/div>\n<p class=\"texto-auxiliar\">Prepare-se com o melhor material e com quem mais aprova em Concursos P\u00fablicos em todo o pa\u00eds.<\/p>\n<\/div>\n<\/div>\n<\/div>\n\n\n\n<div id=\"boxes\" class=\"container\">\n<div class=\"row\">\n<div class=\"col-sm\">\n<div id=\"box-assinatura\" class=\"estrategia\">\n<h3 class=\"titulo-assinatura\">Assinatura de Concursos<\/h3>\n<p class=\"subtitulo-assinatura\">Assinatura de 1 ou 2 anos*<\/p>\n<div class=\"box-botao\"><a class=\"btn-assinatura\" role=\"button\" href=\"https:\/\/www.estrategiaconcursos.com.br\/assinaturas\/\" target=\"_blank\" rel=\"noopener noreferrer\">ASSINE AGORA<\/a><\/div>\n<\/div>\n<p <=\"\" p=\"\">\n<\/p><\/div>\n<div class=\"col-sm\">\n<div id=\"box-assinatura\" class=\"questoes\">\n<h3 class=\"titulo-assinatura\">Sistema de Quest\u00f5es<\/h3>\n<p class=\"subtitulo-assinatura\">Assinatura de 1 ou 2 anos<\/p>\n<div class=\"box-botao\"><a class=\"btn-assinatura\" role=\"button\" href=\"https:\/\/www.estrategiaconcursos.com.br\/cursosPorConcurso\/sistema-de-questoes\/#\/\" target=\"_blank\" rel=\"noopener noreferrer\">ASSINE AGORA<\/a><\/div>\n<\/div>\n<p <=\"\" p=\"\">\n<\/p><\/div>\n<\/div>\n<\/div>\n\n\n\n<div class=\"container\" id=\"boxes\">\n  <div class=\"row\">\n\n    <div class=\"col-sm\" id=\"boxes-concursos\">\n      <div style=\"background-color: #005DAD;\" class=\"conteudo-concursos\" id=\"box-concursos\">\n        <h3 class=\"titulo-assinatura\">Concursos Abertos<\/h3>\n        <p class=\"subtitulo-assinatura\">Confira os editais publicados<\/p>\n        <div class=\"box-botao\">\n          <a class=\"btn-assinatura\" target=\"_blank\" href=\"https:\/\/www.estrategiaconcursos.com.br\/blog\/concursos-abertos\/\" role=\"button\" rel=\"noopener noreferrer\">Conhe\u00e7a Agora<\/a>\n        <\/div>\n      <\/div>\n    <\/div>\n\n    <div class=\"col-sm\" id=\"boxes-concursos\">\n      <div style=\"background-color: #419FF0;\" class=\"conteudo-concursos\" id=\"box-concursos\">\n        <h3 class=\"titulo-assinatura\">Concursos 2021<\/h3>\n        <p class=\"subtitulo-assinatura\">Confira as oportunidades previstas<\/p>\n        <div class=\"box-botao\">\n          <a class=\"btn-assinatura\" target=\"_blank\" href=\"https:\/\/www.estrategiaconcursos.com.br\/blog\/concursos-2021\/\" role=\"button\" rel=\"noopener noreferrer\">Conhe\u00e7a Agora<\/a>\n        <\/div>\n      <\/div>\n    <\/div>\n\n  <\/div>\n<\/div>\n\n\n\n<p class=\"has-text-align-center\"><strong>Quer ficar atualizado DIARIAMENTE sobre as not\u00edcias do mundo dos concursos? Entre no nosso Telegram!<\/strong><\/p>\n\n\n\n<div class=\"wp-block-image\"><figure class=\"aligncenter\"><a href=\"https:\/\/t.me\/estrategianews\" target=\"_blank\" rel=\"noopener\"><img decoding=\"async\" src=\"https:\/\/dhg1h5j42swfq.cloudfront.net\/2021\/05\/03172229\/news-1.jpg\" alt=\"\"\/><\/a><\/figure><\/div>\n","protected":false},"excerpt":{"rendered":"<p>Apesar de muito &#8220;disse me disse&#8221;, &#8220;tira o casaco, bota o casaco&#8221;, &#8220;ser\u00e1 que o STF vai suspender as provas do concurso PRF?&#8221;, a etapa de avalia\u00e7\u00e3o do certame segue confirmad\u00edssima para este domingo, 09 de maio. Falando nisso, voc\u00ea j\u00e1 checou seu local de prova? O exame poder\u00e1 ser realizado somente no local designado [&hellip;]<\/p>\n","protected":false},"author":1,"featured_media":720088,"comment_status":"open","ping_status":"closed","sticky":false,"template":"","format":"standard","meta":{"post_tipo":"news","footnotes":""},"categories":[1988],"tags":[],"tax_estado":[219963],"class_list":["post-735311","post","type-post","status-publish","format-standard","has-post-thumbnail","hentry","category-policia","tax_estado-concursos-federais"],"acf":[],"yoast_head":"<!-- This site is optimized with the Yoast SEO Premium plugin v27.2 (Yoast SEO v27.2) - https:\/\/yoast.com\/product\/yoast-seo-premium-wordpress\/ -->\n<title>Concurso PRF: TUDO sobre as provas; o que pode e n\u00e3o pode?<\/title>\n<meta name=\"description\" content=\"Com a aplica\u00e7\u00e3o das provas do concurso PRF mantidas para este domingo, 9, separamos alguns pontos importantes. Acesse e confira!\" \/>\n<meta name=\"robots\" content=\"index, follow, max-snippet:-1, max-image-preview:large, max-video-preview:-1\" \/>\n<link rel=\"canonical\" href=\"https:\/\/www.estrategiaconcursos.com.br\/blog\/concurso-prf-provas-o-que-pode-e-nao-pode\/\" \/>\n<meta property=\"og:locale\" content=\"pt_BR\" \/>\n<meta property=\"og:type\" content=\"article\" \/>\n<meta property=\"og:title\" content=\"Concurso PRF: TUDO sobre as provas; o que pode e n\u00e3o pode?\" \/>\n<meta property=\"og:description\" content=\"Com a aplica\u00e7\u00e3o das provas do concurso PRF mantidas para este domingo, 9, separamos alguns pontos importantes. Acesse e confira!\" \/>\n<meta property=\"og:url\" content=\"https:\/\/www.estrategiaconcursos.com.br\/blog\/concurso-prf-provas-o-que-pode-e-nao-pode\/\" \/>\n<meta property=\"og:site_name\" content=\"Estrat\u00e9gia Concursos\" \/>\n<meta property=\"article:author\" content=\"https:\/\/www.facebook.com\/EstrategiaConcursos\" \/>\n<meta property=\"article:published_time\" content=\"2021-05-09T01:07:24+00:00\" \/>\n<meta property=\"article:modified_time\" content=\"2021-05-19T15:04:56+00:00\" \/>\n<meta property=\"og:image\" content=\"https:\/\/dhg1h5j42swfq.cloudfront.net\/2021\/04\/20184744\/prf.jpg\" \/>\n\t<meta property=\"og:image:width\" content=\"1200\" \/>\n\t<meta property=\"og:image:height\" content=\"628\" \/>\n\t<meta property=\"og:image:type\" content=\"image\/jpeg\" \/>\n<meta name=\"author\" content=\"Coordena\u00e7\u00e3o\" \/>\n<meta name=\"twitter:card\" content=\"summary_large_image\" \/>\n<meta name=\"twitter:creator\" content=\"@EstratConcursos\" \/>\n<meta name=\"twitter:site\" content=\"@EstratConcursos\" \/>\n<meta name=\"twitter:label1\" content=\"Escrito por\" \/>\n\t<meta name=\"twitter:data1\" content=\"Coordena\u00e7\u00e3o\" \/>\n\t<meta name=\"twitter:label2\" content=\"Est. tempo de leitura\" \/>\n\t<meta name=\"twitter:data2\" content=\"5 minutos\" \/>\n<script type=\"application\/ld+json\" class=\"yoast-schema-graph\">{\"@context\":\"https:\/\/schema.org\",\"@graph\":[{\"@type\":\"NewsArticle\",\"@id\":\"https:\/\/www.estrategiaconcursos.com.br\/blog\/concurso-prf-provas-o-que-pode-e-nao-pode\/#article\",\"isPartOf\":{\"@id\":\"https:\/\/www.estrategiaconcursos.com.br\/blog\/concurso-prf-provas-o-que-pode-e-nao-pode\/\"},\"author\":{\"name\":\"Coordena\u00e7\u00e3o\",\"@id\":\"https:\/\/www.estrategiaconcursos.com.br\/blog\/#\/schema\/person\/b4a388c97673c5f483d72185668afa1f\"},\"headline\":\"Concurso PRF: TUDO sobre as provas; o que pode e n\u00e3o pode?\",\"datePublished\":\"2021-05-09T01:07:24+00:00\",\"dateModified\":\"2021-05-19T15:04:56+00:00\",\"mainEntityOfPage\":{\"@id\":\"https:\/\/www.estrategiaconcursos.com.br\/blog\/concurso-prf-provas-o-que-pode-e-nao-pode\/\"},\"wordCount\":1121,\"commentCount\":0,\"publisher\":{\"@id\":\"https:\/\/www.estrategiaconcursos.com.br\/blog\/#organization\"},\"image\":{\"@id\":\"https:\/\/www.estrategiaconcursos.com.br\/blog\/concurso-prf-provas-o-que-pode-e-nao-pode\/#primaryimage\"},\"thumbnailUrl\":\"https:\/\/dhg1h5j42swfq.cloudfront.net\/2021\/04\/20184744\/prf.jpg\",\"articleSection\":[\"Policial (Agente, Escriv\u00e3o e Investigador)\"],\"inLanguage\":\"pt-BR\",\"potentialAction\":[{\"@type\":\"CommentAction\",\"name\":\"Comment\",\"target\":[\"https:\/\/www.estrategiaconcursos.com.br\/blog\/concurso-prf-provas-o-que-pode-e-nao-pode\/#respond\"]}],\"copyrightYear\":\"2021\",\"copyrightHolder\":{\"@id\":\"https:\/\/www.estrategiaconcursos.com.br\/blog\/#organization\"}},{\"@type\":\"WebPage\",\"@id\":\"https:\/\/www.estrategiaconcursos.com.br\/blog\/concurso-prf-provas-o-que-pode-e-nao-pode\/\",\"url\":\"https:\/\/www.estrategiaconcursos.com.br\/blog\/concurso-prf-provas-o-que-pode-e-nao-pode\/\",\"name\":\"Concurso PRF: TUDO sobre as provas; o que pode e n\u00e3o pode?\",\"isPartOf\":{\"@id\":\"https:\/\/www.estrategiaconcursos.com.br\/blog\/#website\"},\"primaryImageOfPage\":{\"@id\":\"https:\/\/www.estrategiaconcursos.com.br\/blog\/concurso-prf-provas-o-que-pode-e-nao-pode\/#primaryimage\"},\"image\":{\"@id\":\"https:\/\/www.estrategiaconcursos.com.br\/blog\/concurso-prf-provas-o-que-pode-e-nao-pode\/#primaryimage\"},\"thumbnailUrl\":\"https:\/\/dhg1h5j42swfq.cloudfront.net\/2021\/04\/20184744\/prf.jpg\",\"datePublished\":\"2021-05-09T01:07:24+00:00\",\"dateModified\":\"2021-05-19T15:04:56+00:00\",\"description\":\"Com a aplica\u00e7\u00e3o das provas do concurso PRF mantidas para este domingo, 9, separamos alguns pontos importantes. Acesse e confira!\",\"breadcrumb\":{\"@id\":\"https:\/\/www.estrategiaconcursos.com.br\/blog\/concurso-prf-provas-o-que-pode-e-nao-pode\/#breadcrumb\"},\"inLanguage\":\"pt-BR\",\"potentialAction\":[{\"@type\":\"ReadAction\",\"target\":[\"https:\/\/www.estrategiaconcursos.com.br\/blog\/concurso-prf-provas-o-que-pode-e-nao-pode\/\"]}]},{\"@type\":\"ImageObject\",\"inLanguage\":\"pt-BR\",\"@id\":\"https:\/\/www.estrategiaconcursos.com.br\/blog\/concurso-prf-provas-o-que-pode-e-nao-pode\/#primaryimage\",\"url\":\"https:\/\/dhg1h5j42swfq.cloudfront.net\/2021\/04\/20184744\/prf.jpg\",\"contentUrl\":\"https:\/\/dhg1h5j42swfq.cloudfront.net\/2021\/04\/20184744\/prf.jpg\",\"width\":1200,\"height\":628,\"caption\":\"prf\"},{\"@type\":\"BreadcrumbList\",\"@id\":\"https:\/\/www.estrategiaconcursos.com.br\/blog\/concurso-prf-provas-o-que-pode-e-nao-pode\/#breadcrumb\",\"itemListElement\":[{\"@type\":\"ListItem\",\"position\":1,\"name\":\"In\u00edcio\",\"item\":\"https:\/\/www.estrategiaconcursos.com.br\/blog\/\"},{\"@type\":\"ListItem\",\"position\":2,\"name\":\"Concurso PRF: TUDO sobre as provas; o que pode e n\u00e3o pode?\"}]},{\"@type\":\"WebSite\",\"@id\":\"https:\/\/www.estrategiaconcursos.com.br\/blog\/#website\",\"url\":\"https:\/\/www.estrategiaconcursos.com.br\/blog\/\",\"name\":\"Estrat\u00e9gia Concursos\",\"description\":\"O blog da Estrat\u00e9gia Concursos traz not\u00edcias sobre concursos e artigos de professores oferecendo cursos para concursos (pdf + videaulas) no site.\",\"publisher\":{\"@id\":\"https:\/\/www.estrategiaconcursos.com.br\/blog\/#organization\"},\"potentialAction\":[{\"@type\":\"SearchAction\",\"target\":{\"@type\":\"EntryPoint\",\"urlTemplate\":\"https:\/\/www.estrategiaconcursos.com.br\/blog\/?s={search_term_string}\"},\"query-input\":{\"@type\":\"PropertyValueSpecification\",\"valueRequired\":true,\"valueName\":\"search_term_string\"}}],\"inLanguage\":\"pt-BR\"},{\"@type\":\"Organization\",\"@id\":\"https:\/\/www.estrategiaconcursos.com.br\/blog\/#organization\",\"name\":\"Estrat\u00e9gia Concursos\",\"url\":\"https:\/\/www.estrategiaconcursos.com.br\/blog\/\",\"logo\":{\"@type\":\"ImageObject\",\"inLanguage\":\"pt-BR\",\"@id\":\"https:\/\/www.estrategiaconcursos.com.br\/blog\/#\/schema\/logo\/image\/\",\"url\":\"https:\/\/dhg1h5j42swfq.cloudfront.net\/2025\/06\/03203428\/logo_concursos-1.jpg\",\"contentUrl\":\"https:\/\/dhg1h5j42swfq.cloudfront.net\/2025\/06\/03203428\/logo_concursos-1.jpg\",\"width\":230,\"height\":60,\"caption\":\"Estrat\u00e9gia Concursos\"},\"image\":{\"@id\":\"https:\/\/www.estrategiaconcursos.com.br\/blog\/#\/schema\/logo\/image\/\"},\"sameAs\":[\"https:\/\/x.com\/EstratConcursos\"]},{\"@type\":\"Person\",\"@id\":\"https:\/\/www.estrategiaconcursos.com.br\/blog\/#\/schema\/person\/b4a388c97673c5f483d72185668afa1f\",\"name\":\"Coordena\u00e7\u00e3o\",\"image\":{\"@type\":\"ImageObject\",\"inLanguage\":\"pt-BR\",\"@id\":\"https:\/\/secure.gravatar.com\/avatar\/b720319e4c9a967eb58678d110f4fe35452fc5d5f97b202bac7b8acceb18c6ad?s=96&d=mm&r=g\",\"url\":\"https:\/\/secure.gravatar.com\/avatar\/b720319e4c9a967eb58678d110f4fe35452fc5d5f97b202bac7b8acceb18c6ad?s=96&d=mm&r=g\",\"contentUrl\":\"https:\/\/secure.gravatar.com\/avatar\/b720319e4c9a967eb58678d110f4fe35452fc5d5f97b202bac7b8acceb18c6ad?s=96&d=mm&r=g\",\"caption\":\"Coordena\u00e7\u00e3o\"},\"sameAs\":[\"https:\/\/www.facebook.com\/EstrategiaConcursos\",\"https:\/\/x.com\/EstratConcursos\"],\"url\":\"https:\/\/www.estrategiaconcursos.com.br\/blog\/author\/estrategia2013\/\"}]}<\/script>\n<!-- \/ Yoast SEO Premium plugin. -->","yoast_head_json":{"title":"Concurso PRF: TUDO sobre as provas; o que pode e n\u00e3o pode?","description":"Com a aplica\u00e7\u00e3o das provas do concurso PRF mantidas para este domingo, 9, separamos alguns pontos importantes. Acesse e confira!","robots":{"index":"index","follow":"follow","max-snippet":"max-snippet:-1","max-image-preview":"max-image-preview:large","max-video-preview":"max-video-preview:-1"},"canonical":"https:\/\/www.estrategiaconcursos.com.br\/blog\/concurso-prf-provas-o-que-pode-e-nao-pode\/","og_locale":"pt_BR","og_type":"article","og_title":"Concurso PRF: TUDO sobre as provas; o que pode e n\u00e3o pode?","og_description":"Com a aplica\u00e7\u00e3o das provas do concurso PRF mantidas para este domingo, 9, separamos alguns pontos importantes. Acesse e confira!","og_url":"https:\/\/www.estrategiaconcursos.com.br\/blog\/concurso-prf-provas-o-que-pode-e-nao-pode\/","og_site_name":"Estrat\u00e9gia Concursos","article_author":"https:\/\/www.facebook.com\/EstrategiaConcursos","article_published_time":"2021-05-09T01:07:24+00:00","article_modified_time":"2021-05-19T15:04:56+00:00","og_image":[{"width":1200,"height":628,"url":"https:\/\/dhg1h5j42swfq.cloudfront.net\/2021\/04\/20184744\/prf.jpg","type":"image\/jpeg"}],"author":"Coordena\u00e7\u00e3o","twitter_card":"summary_large_image","twitter_creator":"@EstratConcursos","twitter_site":"@EstratConcursos","twitter_misc":{"Escrito por":"Coordena\u00e7\u00e3o","Est. tempo de leitura":"5 minutos"},"schema":{"@context":"https:\/\/schema.org","@graph":[{"@type":"NewsArticle","@id":"https:\/\/www.estrategiaconcursos.com.br\/blog\/concurso-prf-provas-o-que-pode-e-nao-pode\/#article","isPartOf":{"@id":"https:\/\/www.estrategiaconcursos.com.br\/blog\/concurso-prf-provas-o-que-pode-e-nao-pode\/"},"author":{"name":"Coordena\u00e7\u00e3o","@id":"https:\/\/www.estrategiaconcursos.com.br\/blog\/#\/schema\/person\/b4a388c97673c5f483d72185668afa1f"},"headline":"Concurso PRF: TUDO sobre as provas; o que pode e n\u00e3o pode?","datePublished":"2021-05-09T01:07:24+00:00","dateModified":"2021-05-19T15:04:56+00:00","mainEntityOfPage":{"@id":"https:\/\/www.estrategiaconcursos.com.br\/blog\/concurso-prf-provas-o-que-pode-e-nao-pode\/"},"wordCount":1121,"commentCount":0,"publisher":{"@id":"https:\/\/www.estrategiaconcursos.com.br\/blog\/#organization"},"image":{"@id":"https:\/\/www.estrategiaconcursos.com.br\/blog\/concurso-prf-provas-o-que-pode-e-nao-pode\/#primaryimage"},"thumbnailUrl":"https:\/\/dhg1h5j42swfq.cloudfront.net\/2021\/04\/20184744\/prf.jpg","articleSection":["Policial (Agente, Escriv\u00e3o e Investigador)"],"inLanguage":"pt-BR","potentialAction":[{"@type":"CommentAction","name":"Comment","target":["https:\/\/www.estrategiaconcursos.com.br\/blog\/concurso-prf-provas-o-que-pode-e-nao-pode\/#respond"]}],"copyrightYear":"2021","copyrightHolder":{"@id":"https:\/\/www.estrategiaconcursos.com.br\/blog\/#organization"}},{"@type":"WebPage","@id":"https:\/\/www.estrategiaconcursos.com.br\/blog\/concurso-prf-provas-o-que-pode-e-nao-pode\/","url":"https:\/\/www.estrategiaconcursos.com.br\/blog\/concurso-prf-provas-o-que-pode-e-nao-pode\/","name":"Concurso PRF: TUDO sobre as provas; o que pode e n\u00e3o pode?","isPartOf":{"@id":"https:\/\/www.estrategiaconcursos.com.br\/blog\/#website"},"primaryImageOfPage":{"@id":"https:\/\/www.estrategiaconcursos.com.br\/blog\/concurso-prf-provas-o-que-pode-e-nao-pode\/#primaryimage"},"image":{"@id":"https:\/\/www.estrategiaconcursos.com.br\/blog\/concurso-prf-provas-o-que-pode-e-nao-pode\/#primaryimage"},"thumbnailUrl":"https:\/\/dhg1h5j42swfq.cloudfront.net\/2021\/04\/20184744\/prf.jpg","datePublished":"2021-05-09T01:07:24+00:00","dateModified":"2021-05-19T15:04:56+00:00","description":"Com a aplica\u00e7\u00e3o das provas do concurso PRF mantidas para este domingo, 9, separamos alguns pontos importantes. Acesse e confira!","breadcrumb":{"@id":"https:\/\/www.estrategiaconcursos.com.br\/blog\/concurso-prf-provas-o-que-pode-e-nao-pode\/#breadcrumb"},"inLanguage":"pt-BR","potentialAction":[{"@type":"ReadAction","target":["https:\/\/www.estrategiaconcursos.com.br\/blog\/concurso-prf-provas-o-que-pode-e-nao-pode\/"]}]},{"@type":"ImageObject","inLanguage":"pt-BR","@id":"https:\/\/www.estrategiaconcursos.com.br\/blog\/concurso-prf-provas-o-que-pode-e-nao-pode\/#primaryimage","url":"https:\/\/dhg1h5j42swfq.cloudfront.net\/2021\/04\/20184744\/prf.jpg","contentUrl":"https:\/\/dhg1h5j42swfq.cloudfront.net\/2021\/04\/20184744\/prf.jpg","width":1200,"height":628,"caption":"prf"},{"@type":"BreadcrumbList","@id":"https:\/\/www.estrategiaconcursos.com.br\/blog\/concurso-prf-provas-o-que-pode-e-nao-pode\/#breadcrumb","itemListElement":[{"@type":"ListItem","position":1,"name":"In\u00edcio","item":"https:\/\/www.estrategiaconcursos.com.br\/blog\/"},{"@type":"ListItem","position":2,"name":"Concurso PRF: TUDO sobre as provas; o que pode e n\u00e3o pode?"}]},{"@type":"WebSite","@id":"https:\/\/www.estrategiaconcursos.com.br\/blog\/#website","url":"https:\/\/www.estrategiaconcursos.com.br\/blog\/","name":"Estrat\u00e9gia Concursos","description":"O blog da Estrat\u00e9gia Concursos traz not\u00edcias sobre concursos e artigos de professores oferecendo cursos para concursos (pdf + videaulas) no site.","publisher":{"@id":"https:\/\/www.estrategiaconcursos.com.br\/blog\/#organization"},"potentialAction":[{"@type":"SearchAction","target":{"@type":"EntryPoint","urlTemplate":"https:\/\/www.estrategiaconcursos.com.br\/blog\/?s={search_term_string}"},"query-input":{"@type":"PropertyValueSpecification","valueRequired":true,"valueName":"search_term_string"}}],"inLanguage":"pt-BR"},{"@type":"Organization","@id":"https:\/\/www.estrategiaconcursos.com.br\/blog\/#organization","name":"Estrat\u00e9gia Concursos","url":"https:\/\/www.estrategiaconcursos.com.br\/blog\/","logo":{"@type":"ImageObject","inLanguage":"pt-BR","@id":"https:\/\/www.estrategiaconcursos.com.br\/blog\/#\/schema\/logo\/image\/","url":"https:\/\/dhg1h5j42swfq.cloudfront.net\/2025\/06\/03203428\/logo_concursos-1.jpg","contentUrl":"https:\/\/dhg1h5j42swfq.cloudfront.net\/2025\/06\/03203428\/logo_concursos-1.jpg","width":230,"height":60,"caption":"Estrat\u00e9gia Concursos"},"image":{"@id":"https:\/\/www.estrategiaconcursos.com.br\/blog\/#\/schema\/logo\/image\/"},"sameAs":["https:\/\/x.com\/EstratConcursos"]},{"@type":"Person","@id":"https:\/\/www.estrategiaconcursos.com.br\/blog\/#\/schema\/person\/b4a388c97673c5f483d72185668afa1f","name":"Coordena\u00e7\u00e3o","image":{"@type":"ImageObject","inLanguage":"pt-BR","@id":"https:\/\/secure.gravatar.com\/avatar\/b720319e4c9a967eb58678d110f4fe35452fc5d5f97b202bac7b8acceb18c6ad?s=96&d=mm&r=g","url":"https:\/\/secure.gravatar.com\/avatar\/b720319e4c9a967eb58678d110f4fe35452fc5d5f97b202bac7b8acceb18c6ad?s=96&d=mm&r=g","contentUrl":"https:\/\/secure.gravatar.com\/avatar\/b720319e4c9a967eb58678d110f4fe35452fc5d5f97b202bac7b8acceb18c6ad?s=96&d=mm&r=g","caption":"Coordena\u00e7\u00e3o"},"sameAs":["https:\/\/www.facebook.com\/EstrategiaConcursos","https:\/\/x.com\/EstratConcursos"],"url":"https:\/\/www.estrategiaconcursos.com.br\/blog\/author\/estrategia2013\/"}]}},"_links":{"self":[{"href":"https:\/\/www.estrategiaconcursos.com.br\/blog\/wp-json\/wp\/v2\/posts\/735311","targetHints":{"allow":["GET"]}}],"collection":[{"href":"https:\/\/www.estrategiaconcursos.com.br\/blog\/wp-json\/wp\/v2\/posts"}],"about":[{"href":"https:\/\/www.estrategiaconcursos.com.br\/blog\/wp-json\/wp\/v2\/types\/post"}],"author":[{"embeddable":true,"href":"https:\/\/www.estrategiaconcursos.com.br\/blog\/wp-json\/wp\/v2\/users\/1"}],"replies":[{"embeddable":true,"href":"https:\/\/www.estrategiaconcursos.com.br\/blog\/wp-json\/wp\/v2\/comments?post=735311"}],"version-history":[{"count":9,"href":"https:\/\/www.estrategiaconcursos.com.br\/blog\/wp-json\/wp\/v2\/posts\/735311\/revisions"}],"predecessor-version":[{"id":745200,"href":"https:\/\/www.estrategiaconcursos.com.br\/blog\/wp-json\/wp\/v2\/posts\/735311\/revisions\/745200"}],"wp:featuredmedia":[{"embeddable":true,"href":"https:\/\/www.estrategiaconcursos.com.br\/blog\/wp-json\/wp\/v2\/media\/720088"}],"wp:attachment":[{"href":"https:\/\/www.estrategiaconcursos.com.br\/blog\/wp-json\/wp\/v2\/media?parent=735311"}],"wp:term":[{"taxonomy":"category","embeddable":true,"href":"https:\/\/www.estrategiaconcursos.com.br\/blog\/wp-json\/wp\/v2\/categories?post=735311"},{"taxonomy":"post_tag","embeddable":true,"href":"https:\/\/www.estrategiaconcursos.com.br\/blog\/wp-json\/wp\/v2\/tags?post=735311"},{"taxonomy":"tax_estado","embeddable":true,"href":"https:\/\/www.estrategiaconcursos.com.br\/blog\/wp-json\/wp\/v2\/tax_estado?post=735311"}],"curies":[{"name":"wp","href":"https:\/\/api.w.org\/{rel}","templated":true}]}}