{"id":735106,"date":"2021-06-27T23:59:00","date_gmt":"2021-06-28T02:59:00","guid":{"rendered":"https:\/\/www.estrategiaconcursos.com.br\/blog\/?p=735106"},"modified":"2022-11-11T09:28:28","modified_gmt":"2022-11-11T12:28:28","slug":"concurso-guaruja-previdencia-edital","status":"publish","type":"post","link":"https:\/\/www.estrategiaconcursos.com.br\/blog\/concurso-guaruja-previdencia-edital\/","title":{"rendered":"Edital Guaruj\u00e1 Previd\u00eancia: inscri\u00e7\u00f5es ENCERRADAS!"},"content":{"rendered":"\n<p>O edital do concurso <strong>Guaruj\u00e1 Previd\u00eancia<\/strong> destina selecionar candidatos para o cargo de <strong>Analista Previdenci\u00e1rio de Controle Interno<\/strong>. De acordo com documento oficial, s\u00e3o ofertadas 01 vaga imediata mais 10 para cadastro de reserva.<\/p>\n\n\n\n<p>Sob responsabilidade da Universidade Municipal de S\u00e3o Caetano do Sul (USC), por meio da Coordenadoria de Apoio a Institui\u00e7\u00f5es P\u00fablicas (<a href=\"http:\/\/www.caipimes.com.br\/\" target=\"_blank\" rel=\"noreferrer noopener\">CAIPIMES<\/a>), os interessados no certame tiveram que realizar as inscri\u00e7\u00f5es at\u00e9 o dia<strong> 27 de junho<\/strong>. A taxa de inscri\u00e7\u00e3o foi fixada no valor de <strong>R$ 65,00<\/strong>.<\/p>\n\n\n\n<p>O certame ter\u00e1 validade de 02 anos, podendo ser prorrogado por igual per\u00edodo, por uma \u00fanica vez. Na eventualidade de vac\u00e2ncia, o candidato classificado, obedecida a lista de classifica\u00e7\u00e3o, poder\u00e1 ser nomeado para o cargo existente durante a validade desta sele\u00e7\u00e3o.<\/p>\n\n\n\n<div class=\"container\" id=\"boxes\">\n  <div class=\"row\">\n\n    <div class=\"col-sm\">\n      <div class=\"banner-adm\" id=\"box-assinatura\">\n        <h3 class=\"titulo-assinatura\">Edital Guaruj\u00e1 Previd\u00eancia<\/h3>\n        <p class=\"subtitulo-assinatura\">Conhe\u00e7a os cursos<\/p>\n        <div class=\"box-botao\">\n          <a class=\"btn-assinatura\" target=\"_blank\" href=\"https:\/\/www.estrategiaconcursos.com.br\/cursosPorConcurso\/previdencia-social-municipal-dos-servidores-do-guaruja-sp-guaruja-previdencia\/\" role=\"button\" rel=\"noopener noreferrer\">Conhe\u00e7a mais<\/a>\n        <\/div>\n      <\/div>\n      \n    <\/div>\n\n  <\/div>\n<\/div>\n\n\n\n<h2 class=\"wp-block-heading\" id=\"h-principais-datas-do-edital-guaruj-previd-ncia\">Principais datas do edital Guaruj\u00e1 Previd\u00eancia<\/h2>\n\n\n\n<p class=\"has-background\" id=\"block-2268ce40-5f3e-4651-a945-697b09366c57\" style=\"background-color:#e8eaea\"><strong>Inscri\u00e7\u00f5es<\/strong>: <s>24 de maio a 27 de junho de 2021<\/s><br \/><strong>Isen\u00e7\u00e3o da taxa<\/strong>: <s>24 a 28 de maio<\/s><br \/><strong>Prova<\/strong>: 18 de julho<\/p>\n\n\n\n<h2 class=\"wp-block-heading\" id=\"cargo\">Cargos e vagas do edital Guaruj\u00e1 Previd\u00eancia<\/h2>\n\n\n\n<h3 class=\"wp-block-heading\" id=\"vagas\">Distribui\u00e7\u00e3o das vagas<\/h3>\n\n\n\n<figure class=\"wp-block-table is-style-stripes\"><table class=\"has-background has-fixed-layout\" style=\"background-color:#e7f5fe\"><tbody><tr><td class=\"has-text-align-center\" data-align=\"center\"><strong>Cargo<\/strong><\/td><td class=\"has-text-align-center\" data-align=\"center\"><strong>Vagas<\/strong><\/td><td class=\"has-text-align-center\" data-align=\"center\"><strong>Sal\u00e1rio <\/strong><\/td><td class=\"has-text-align-center\" data-align=\"center\"><strong>Escolaridade<\/strong><\/td><\/tr><tr><td class=\"has-text-align-center\" data-align=\"center\">Analista Previdenci\u00e1rio de Controle Interno <\/td><td class=\"has-text-align-center\" data-align=\"center\">01<\/td><td class=\"has-text-align-center\" data-align=\"center\">R$ 4.196,00<\/td><td class=\"has-text-align-center\" data-align=\"center\">Superior<\/td><\/tr><\/tbody><\/table><\/figure>\n\n\n\n<h3 class=\"wp-block-heading\" id=\"h-requisitos\">Requisitos<\/h3>\n\n\n\n<ul class=\"wp-block-list\"><li><strong>Analista Previdenci\u00e1rio de Controle Interno:<\/strong> N\u00edvel Superior Completo.<\/li><\/ul>\n\n\n\n<h3 class=\"wp-block-heading\" id=\"h-atribui-es\">Atribui\u00e7\u00f5es<\/h3>\n\n\n\n<p><strong>Analista Previdenci\u00e1rio de Controle Interno<\/strong><\/p>\n\n\n\n<ul class=\"wp-block-list\"><li>Planejar, coordenar, supervisionar, executar e avaliar trabalhos de n\u00edvel t\u00e9cnico de ampla complexidade, consistindo no exame e an\u00e1lise de documentos e atos nas \u00e1reas de controle de gest\u00e3o, gest\u00e3o or\u00e7ament\u00e1ria, financeira, patrimonial, de pessoas, de suprimento de bens, servi\u00e7os e operacional, emitindo relat\u00f3rios de auditoria, certificados, pareceres e informa\u00e7\u00f5es t\u00e9cnicas e executar demais atividades estabelecidas na legisla\u00e7\u00e3o espec\u00edfica;<\/li><li>Realizar procedimentos de controle interno nas \u00e1reas cont\u00e1bil, financeira, or\u00e7ament\u00e1ria, de benef\u00edcios previdenci\u00e1rios, de pessoal e nas demais \u00e1reas de atua\u00e7\u00e3o da Autarquia;<\/li><li>Fiscalizar, permanentemente, os \u00f3rg\u00e3os da Autarquia quanto ao cumprimento das leis, normas de orienta\u00e7\u00e3o financeira e outros normativos, inclusive os oriundos do pr\u00f3prio governo municipal, na execu\u00e7\u00e3o dos planos programas, projetos e atividades que envolvam aplica\u00e7\u00e3o de recursos p\u00fablicos;<\/li><li>Realizar avalia\u00e7\u00e3o peri\u00f3dica dos controles internos, visando o seu fortalecimento, a fim de evitar erros, fraudes e desperd\u00edcios;<\/li><li>Elaborar normas complementares e operacionais no \u00e2mbito da compet\u00eancia do \u00f3rg\u00e3o gestor do controle interno;<\/li><li>Emitir relat\u00f3rios, certificados e pareceres sobre demonstrativos cont\u00e1beis, presta\u00e7\u00f5es de contas e demais atos de gest\u00e3o da Autarquia;<\/li><li>Avaliar a execu\u00e7\u00e3o e o cumprimento dos contratos, conv\u00eanios, acordos e demais ajustes de qualquer natureza que gerem obriga\u00e7\u00f5es para a Autarquia;<\/li><li>Acompanhar a implementa\u00e7\u00e3o das recomenda\u00e7\u00f5es exaradas pelo Minist\u00e9rio da Previd\u00eancia Social, pelo Tribunal de Contas do Estado, pelo Poder Legislativo Municipal e pelo Conselho Fiscal da Autarquia;<\/li><li>Alertar formalmente o Controlador Interno, para que instaure tomada de contas especial, sempre que tiver conhecimento de qualquer das ocorr\u00eancias relacionadas com o descumprimento da legisla\u00e7\u00e3o municipal e federal relacionada ao Regime Pr\u00f3prio de Previd\u00eancia Social &#8211; RPPS;<\/li><li>Realizar tomada de contas especial em casos de fraude, desvio ou aplica\u00e7\u00e3o irregular de recursos previdenci\u00e1rios;<\/li><li>Examinar a legalidade dos atos de admiss\u00e3o, concess\u00e3o de melhoria, progress\u00e3o, promo\u00e7\u00e3o ou desligamento de pessoal da Autarquia;<\/li><li>Zelar pela conserva\u00e7\u00e3o e limpeza do local de trabalho e pela guarda dos bens que lhe forem confiados; <\/li><li>Executar em conformidade com a sua \u00e1rea de forma\u00e7\u00e3o as demais atividades de compet\u00eancia da GUARUJ\u00c1 PREVID\u00caNCIA.<\/li><\/ul>\n\n\n\n<h2 class=\"wp-block-heading\" id=\"etapas\">Etapas e provas do edital Guaruj\u00e1 Previd\u00eancia<\/h2>\n\n\n\n<p>A avalia\u00e7\u00e3o do certame ser\u00e1 realizada pela aplica\u00e7\u00e3o de Prova Objetiva, Prova de Reda\u00e7\u00e3o e Prova de T\u00edtulos. <\/p>\n\n\n\n<h3 class=\"wp-block-heading\" id=\"prova\">Prova Objetiva<\/h3>\n\n\n\n<p>A Prova Objetiva ser\u00e1 avaliada na escala de 0 a 100 pontos e constar\u00e1 de quest\u00f5es embasadas nos conte\u00fados program\u00e1ticos. Ter\u00e3o 50 quest\u00f5es com alternativas de A a D, valendo 2,00 pontos cada quest\u00e3o.<\/p>\n\n\n\n<h4 class=\"wp-block-heading\" id=\"h-confira-os-detalhes-no-quadro-abaixo\"><strong>Confira os detalhes no quadro abaixo: <\/strong><\/h4>\n\n\n\n<figure class=\"wp-block-image aligncenter size-large is-resized\"><img loading=\"lazy\" decoding=\"async\" src=\"https:\/\/dhg1h5j42swfq.cloudfront.net\/2021\/05\/08120828\/image-151.png\" alt=\"\" class=\"wp-image-735125\" width=\"545\" height=\"313\" srcset=\"https:\/\/dhg1h5j42swfq.cloudfront.net\/2021\/05\/08120828\/image-151.png 665w, https:\/\/dhg1h5j42swfq.cloudfront.net\/2021\/05\/08120828\/image-151-300x172.png 300w, https:\/\/dhg1h5j42swfq.cloudfront.net\/2021\/05\/08120828\/image-151-610x350.png 610w\" sizes=\"auto, (max-width: 545px) 100vw, 545px\" \/><\/figure>\n\n\n\n<h3 class=\"wp-block-heading\" id=\"reda\">Prova de Reda\u00e7\u00e3o<\/h3>\n\n\n\n<p>A Prova de Reda\u00e7\u00e3o ser\u00e1 avaliada de 0 a 10 pontos e constar\u00e1 de tema a ser divulgado entre os candidatos no momento de sua aplica\u00e7\u00e3o. Ela ser\u00e1 realizada junto com a Prova Objetiva. <\/p>\n\n\n\n<p>O tempo para que o candidato realize a Prova Objetiva e a Prova de Reda\u00e7\u00e3o ser\u00e1 de 3 horas e 30 minutos, incluindo neste per\u00edodo o tempo necess\u00e1rio para passagem dos rascunhos para a prova definitiva.<\/p>\n\n\n\n<h3 class=\"wp-block-heading\" id=\"titu\">Prova de T\u00edtulos <\/h3>\n\n\n\n<p>A Prova de T\u00edtulos ter\u00e1 car\u00e1ter exclusivamente classificat\u00f3rio, valendo de 0 a 05 pontos. Os t\u00edtulos ter\u00e3o car\u00e1ter cumulativo, at\u00e9 o m\u00e1ximo de 10 pontos. Somente ser\u00e3o avaliados os t\u00edtulos dos candidatos habilitados na Prova Objetiva (nota igual ou superior a 50,00 na Prova Objetiva). <\/p>\n\n\n\n<p>O crit\u00e9rio de desempate ser\u00e1 aplicado, nas notas da prova objetiva, analisando os t\u00edtulos exclusivamente dos candidatos habilitados na prova objetiva de acordo com o que disp\u00f5em o item anterior. Os t\u00edtulos dever\u00e3o ser entregues junto com a Prova Objetiva.<\/p>\n\n\n\n<p>A Avalia\u00e7\u00e3o de T\u00edtulos ser\u00e1 realizada por uma Comiss\u00e3o designada pela CAIP\/USCS, mediante an\u00e1lise documental comprobat\u00f3ria da titula\u00e7\u00e3o do candidato, da seguinte conformidade:<\/p>\n\n\n\n<figure class=\"wp-block-image aligncenter size-large\"><img loading=\"lazy\" decoding=\"async\" width=\"666\" height=\"262\" src=\"https:\/\/dhg1h5j42swfq.cloudfront.net\/2021\/05\/08121452\/image-155.png\" alt=\"Prova de T\u00edtulos do edital Guaruj\u00e1 Previd\u00eancia\" class=\"wp-image-735136\" srcset=\"https:\/\/dhg1h5j42swfq.cloudfront.net\/2021\/05\/08121452\/image-155.png 666w, https:\/\/dhg1h5j42swfq.cloudfront.net\/2021\/05\/08121452\/image-155-300x118.png 300w, https:\/\/dhg1h5j42swfq.cloudfront.net\/2021\/05\/08121452\/image-155-610x240.png 610w\" sizes=\"auto, (max-width: 666px) 100vw, 666px\" \/><figcaption>Tabela pontua\u00e7\u00e3o Prova de T\u00edtulos<\/figcaption><\/figure>\n\n\n\n<p class=\"has-text-align-center has-luminous-vivid-amber-background-color has-background has-medium-font-size\"><strong>Mais informa\u00e7\u00f5es: <a href=\"https:\/\/www.estrategiaconcursos.com.br\/blog\/concurso-guaruja-previdencia\/\" target=\"_blank\" rel=\"noreferrer noopener\">Concurso Guaruj\u00e1 Previd\u00eancia<\/a><\/strong><\/p>\n\n\n\n<hr class=\"wp-block-separator has-css-opacity\"\/>\n\n\n\n<h2 class=\"has-text-align-center wp-block-heading\" id=\"curso\">Quer estudar para o concurso Guaruj\u00e1 Previd\u00eancia?<\/h2>\n\n\n\n<div class=\"container\" id=\"boxes\">\n  <div class=\"row\">\n\n    <div class=\"col-sm\">\n      <div class=\"banner-estrategia\" id=\"box-assinatura\">\n        <h3 class=\"titulo-assinatura\">Concurso Guaruj\u00e1 Previd\u00eancia<\/h3>\n        <p class=\"subtitulo-assinatura\">Conhe\u00e7a os cursos<\/p>\n        <div class=\"box-botao\">\n          <a class=\"btn-assinatura\" target=\"_blank\" href=\"https:\/\/www.estrategiaconcursos.com.br\/cursosPorConcurso\/previdencia-social-municipal-dos-servidores-do-guaruja-sp-guaruja-previdencia\/\" role=\"button\" rel=\"noopener noreferrer\">Conhe\u00e7a mais<\/a>\n        <\/div>\n      <\/div><\/div><\/div><\/div>\n\n\n\n<div class=\"container\" id=\"boxes\">\n  <div class=\"row\">\n\n    <div class=\"col-sm\">\n      <div class=\"estrategia\" id=\"box-assinatura\">\n        <h3 class=\"titulo-assinatura\">Assinatura de Concursos<\/h3>\n        <p class=\"subtitulo-assinatura\">Assinatura de 1 ano ou 2 anos<\/p>\n        <div class=\"box-botao\">\n          <a class=\"btn-assinatura\" target=\"_blank\" href=\"https:\/\/www.estrategiaconcursos.com.br\/assinaturas\/\" role=\"button\" rel=\"noopener noreferrer\">ASSINE AGORA<\/a>\n        <\/div>\n      <\/div><\/div><\/div><\/div>\n\n\n\n<div class=\"container\" id=\"boxes\">\n  <div class=\"row\">\n\n    <div class=\"col-sm\" id=\"boxes-concursos\">\n      <div style=\"background-color: #005DAD;\" class=\"conteudo-concursos\" id=\"box-concursos\">\n        <h3 class=\"titulo-assinatura\">Concursos Abertos<\/h3>\n        <p class=\"subtitulo-assinatura\">Confira os editais publicados<\/p>\n        <div class=\"box-botao\">\n          <a class=\"btn-assinatura\" target=\"_blank\" href=\"https:\/\/www.estrategiaconcursos.com.br\/blog\/concursos-abertos\/\" role=\"button\" rel=\"noopener noreferrer\">Conhe\u00e7a Agora<\/a>\n        <\/div>\n      <\/div>\n    <\/div>\n\n    <div class=\"col-sm\" id=\"boxes-concursos\">\n      <div style=\"background-color: #1A7ED5;\" class=\"conteudo-concursos\" id=\"box-concursos\">\n        <h3 class=\"titulo-assinatura\">Concursos 2021<\/h3>\n        <p class=\"subtitulo-assinatura\">As oportunidades previstas<\/p>\n        <div class=\"box-botao\">\n          <a class=\"btn-assinatura\" target=\"_blank\" href=\"https:\/\/www.estrategiaconcursos.com.br\/blog\/concursos-2021\/\" role=\"button\" rel=\"noopener noreferrer\">Conhe\u00e7a Agora<\/a>\n        <\/div>\n      <\/div>\n    <\/div>\n\n    <div class=\"col-sm\" id=\"boxes-concursos\">\n      <div style=\"background-color: #419FF0;\" class=\"conteudo-concursos\" id=\"box-concursos\">\n        <h3 class=\"titulo-assinatura\">Concursos 2022<\/h3>\n        <p class=\"subtitulo-assinatura\">Vagas para o pr\u00f3ximo ano<\/p>\n        <div class=\"box-botao\">\n          <a class=\"btn-assinatura\" target=\"_blank\" href=\"https:\/\/www.estrategiaconcursos.com.br\/blog\/concursos-2022\/\" role=\"button\" rel=\"noopener noreferrer\">Conhe\u00e7a Agora<\/a>\n        <\/div>\n      <\/div>\n    <\/div>\n\n  <\/div>\n<\/div>\n\n\n\n<figure class=\"wp-block-image is-resized\" id=\"block-4b8c83af-1133-4f2a-9040-9e4a04421405\"><img loading=\"lazy\" decoding=\"async\" src=\"https:\/\/dhg1h5j42swfq.cloudfront.net\/2025\/06\/27101122\/ficha-tecnica-1-1024x632.png\" alt=\"Informa\u00e7\u00f5es do edital Guaruj\u00e1 Previd\u00eancia\" width=\"292\" height=\"180\"\/><\/figure>\n\n\n\n<h3 class=\"wp-block-heading\" id=\"info\">Informa\u00e7\u00f5es do edital Guaruj\u00e1 Previd\u00eancia<\/h3>\n\n\n\n<ul class=\"wp-block-list\" id=\"block-0311de64-c740-47c1-a48b-28f12fc56211\"><li><strong>Data da prova<\/strong>: 18 de julho<\/li><li><strong>Vagas:&nbsp;<\/strong>01 + 10 CR<\/li><li><strong>Cargo:<\/strong>&nbsp;Analista Previdenci\u00e1rio de Controle Interno<\/li><li><strong>Escolaridade:<\/strong>&nbsp;N\u00edvel Superior<\/li><li><strong>Banca:&nbsp;<\/strong>CAIPIMES <\/li><li><strong>Edital:<\/strong>&nbsp;<a href=\"https:\/\/dhg1h5j42swfq.cloudfront.net\/2021\/05\/08121937\/rp9of0sqgucmkrfdl6rygl8qfzykhuw0dtsfhuzb-1.pdf\" target=\"_blank\" rel=\"noreferrer noopener nofollow\">Edital Guaruj\u00e1 Previd\u00eancia<\/a> <\/li><\/ul>\n","protected":false},"excerpt":{"rendered":"<p>O edital do concurso Guaruj\u00e1 Previd\u00eancia destina selecionar candidatos para o cargo de Analista Previdenci\u00e1rio de Controle Interno. De acordo com documento oficial, s\u00e3o ofertadas 01 vaga imediata mais 10 para cadastro de reserva. Sob responsabilidade da Universidade Municipal de S\u00e3o Caetano do Sul (USC), por meio da Coordenadoria de Apoio a Institui\u00e7\u00f5es P\u00fablicas (CAIPIMES), [&hellip;]<\/p>\n","protected":false},"author":1,"featured_media":700085,"comment_status":"open","ping_status":"closed","sticky":false,"template":"","format":"standard","meta":{"post_tipo":"news","footnotes":""},"categories":[214992],"tags":[],"tax_estado":[219989],"class_list":["post-735106","post","type-post","status-publish","format-standard","has-post-thumbnail","hentry","category-concursos-administrativos","tax_estado-sp"],"acf":[],"yoast_head":"<!-- This site is optimized with the Yoast SEO Premium plugin v27.2 (Yoast SEO v27.2) - https:\/\/yoast.com\/product\/yoast-seo-premium-wordpress\/ -->\n<title>Edital Guaruj\u00e1 Previd\u00eancia: inscri\u00e7\u00f5es ENCERRADAS!<\/title>\n<meta name=\"description\" content=\"Saiu o edital do concurso Guaruj\u00e1 Previd\u00eancia: uma vaga para cargo de Analista Previdenci\u00e1rio de Controle Interno. Veja todos os detalhes!\" \/>\n<meta name=\"robots\" content=\"index, follow, max-snippet:-1, max-image-preview:large, max-video-preview:-1\" \/>\n<link rel=\"canonical\" href=\"https:\/\/www.estrategiaconcursos.com.br\/blog\/concurso-guaruja-previdencia-edital\/\" \/>\n<meta property=\"og:locale\" content=\"pt_BR\" \/>\n<meta property=\"og:type\" content=\"article\" \/>\n<meta property=\"og:title\" content=\"Edital Guaruj\u00e1 Previd\u00eancia: inscri\u00e7\u00f5es ENCERRADAS!\" \/>\n<meta property=\"og:description\" content=\"Saiu o edital do concurso Guaruj\u00e1 Previd\u00eancia: uma vaga para cargo de Analista Previdenci\u00e1rio de Controle Interno. Veja todos os detalhes!\" \/>\n<meta property=\"og:url\" content=\"https:\/\/www.estrategiaconcursos.com.br\/blog\/concurso-guaruja-previdencia-edital\/\" \/>\n<meta property=\"og:site_name\" content=\"Estrat\u00e9gia Concursos\" \/>\n<meta property=\"article:author\" content=\"https:\/\/www.facebook.com\/EstrategiaConcursos\" \/>\n<meta property=\"article:published_time\" content=\"2021-06-28T02:59:00+00:00\" \/>\n<meta property=\"article:modified_time\" content=\"2022-11-11T12:28:28+00:00\" \/>\n<meta property=\"og:image\" content=\"https:\/\/dhg1h5j42swfq.cloudfront.net\/2021\/03\/24103139\/guaruja-previdencia.jpg\" \/>\n\t<meta property=\"og:image:width\" content=\"1200\" \/>\n\t<meta property=\"og:image:height\" content=\"628\" \/>\n\t<meta property=\"og:image:type\" content=\"image\/jpeg\" \/>\n<meta name=\"author\" content=\"Coordena\u00e7\u00e3o\" \/>\n<meta name=\"twitter:card\" content=\"summary_large_image\" \/>\n<meta name=\"twitter:creator\" content=\"@EstratConcursos\" \/>\n<meta name=\"twitter:site\" content=\"@EstratConcursos\" \/>\n<meta name=\"twitter:label1\" content=\"Escrito por\" \/>\n\t<meta name=\"twitter:data1\" content=\"Coordena\u00e7\u00e3o\" \/>\n\t<meta name=\"twitter:label2\" content=\"Est. tempo de leitura\" \/>\n\t<meta name=\"twitter:data2\" content=\"5 minutos\" \/>\n<script type=\"application\/ld+json\" class=\"yoast-schema-graph\">{\"@context\":\"https:\/\/schema.org\",\"@graph\":[{\"@type\":\"NewsArticle\",\"@id\":\"https:\/\/www.estrategiaconcursos.com.br\/blog\/concurso-guaruja-previdencia-edital\/#article\",\"isPartOf\":{\"@id\":\"https:\/\/www.estrategiaconcursos.com.br\/blog\/concurso-guaruja-previdencia-edital\/\"},\"author\":{\"name\":\"Coordena\u00e7\u00e3o\",\"@id\":\"https:\/\/www.estrategiaconcursos.com.br\/blog\/#\/schema\/person\/b4a388c97673c5f483d72185668afa1f\"},\"headline\":\"Edital Guaruj\u00e1 Previd\u00eancia: inscri\u00e7\u00f5es ENCERRADAS!\",\"datePublished\":\"2021-06-28T02:59:00+00:00\",\"dateModified\":\"2022-11-11T12:28:28+00:00\",\"mainEntityOfPage\":{\"@id\":\"https:\/\/www.estrategiaconcursos.com.br\/blog\/concurso-guaruja-previdencia-edital\/\"},\"wordCount\":982,\"commentCount\":0,\"publisher\":{\"@id\":\"https:\/\/www.estrategiaconcursos.com.br\/blog\/#organization\"},\"image\":{\"@id\":\"https:\/\/www.estrategiaconcursos.com.br\/blog\/concurso-guaruja-previdencia-edital\/#primaryimage\"},\"thumbnailUrl\":\"https:\/\/dhg1h5j42swfq.cloudfront.net\/2021\/03\/24103139\/guaruja-previdencia.jpg\",\"articleSection\":[\"Executivo (Administrativa)\"],\"inLanguage\":\"pt-BR\",\"potentialAction\":[{\"@type\":\"CommentAction\",\"name\":\"Comment\",\"target\":[\"https:\/\/www.estrategiaconcursos.com.br\/blog\/concurso-guaruja-previdencia-edital\/#respond\"]}],\"copyrightYear\":\"2021\",\"copyrightHolder\":{\"@id\":\"https:\/\/www.estrategiaconcursos.com.br\/blog\/#organization\"}},{\"@type\":\"WebPage\",\"@id\":\"https:\/\/www.estrategiaconcursos.com.br\/blog\/concurso-guaruja-previdencia-edital\/\",\"url\":\"https:\/\/www.estrategiaconcursos.com.br\/blog\/concurso-guaruja-previdencia-edital\/\",\"name\":\"Edital Guaruj\u00e1 Previd\u00eancia: inscri\u00e7\u00f5es ENCERRADAS!\",\"isPartOf\":{\"@id\":\"https:\/\/www.estrategiaconcursos.com.br\/blog\/#website\"},\"primaryImageOfPage\":{\"@id\":\"https:\/\/www.estrategiaconcursos.com.br\/blog\/concurso-guaruja-previdencia-edital\/#primaryimage\"},\"image\":{\"@id\":\"https:\/\/www.estrategiaconcursos.com.br\/blog\/concurso-guaruja-previdencia-edital\/#primaryimage\"},\"thumbnailUrl\":\"https:\/\/dhg1h5j42swfq.cloudfront.net\/2021\/03\/24103139\/guaruja-previdencia.jpg\",\"datePublished\":\"2021-06-28T02:59:00+00:00\",\"dateModified\":\"2022-11-11T12:28:28+00:00\",\"description\":\"Saiu o edital do concurso Guaruj\u00e1 Previd\u00eancia: uma vaga para cargo de Analista Previdenci\u00e1rio de Controle Interno. Veja todos os detalhes!\",\"breadcrumb\":{\"@id\":\"https:\/\/www.estrategiaconcursos.com.br\/blog\/concurso-guaruja-previdencia-edital\/#breadcrumb\"},\"inLanguage\":\"pt-BR\",\"potentialAction\":[{\"@type\":\"ReadAction\",\"target\":[\"https:\/\/www.estrategiaconcursos.com.br\/blog\/concurso-guaruja-previdencia-edital\/\"]}]},{\"@type\":\"ImageObject\",\"inLanguage\":\"pt-BR\",\"@id\":\"https:\/\/www.estrategiaconcursos.com.br\/blog\/concurso-guaruja-previdencia-edital\/#primaryimage\",\"url\":\"https:\/\/dhg1h5j42swfq.cloudfront.net\/2021\/03\/24103139\/guaruja-previdencia.jpg\",\"contentUrl\":\"https:\/\/dhg1h5j42swfq.cloudfront.net\/2021\/03\/24103139\/guaruja-previdencia.jpg\",\"width\":1200,\"height\":628,\"caption\":\"concurso da Guaruj\u00e1 Previd\u00eancia\"},{\"@type\":\"BreadcrumbList\",\"@id\":\"https:\/\/www.estrategiaconcursos.com.br\/blog\/concurso-guaruja-previdencia-edital\/#breadcrumb\",\"itemListElement\":[{\"@type\":\"ListItem\",\"position\":1,\"name\":\"In\u00edcio\",\"item\":\"https:\/\/www.estrategiaconcursos.com.br\/blog\/\"},{\"@type\":\"ListItem\",\"position\":2,\"name\":\"Edital Guaruj\u00e1 Previd\u00eancia: inscri\u00e7\u00f5es ENCERRADAS!\"}]},{\"@type\":\"WebSite\",\"@id\":\"https:\/\/www.estrategiaconcursos.com.br\/blog\/#website\",\"url\":\"https:\/\/www.estrategiaconcursos.com.br\/blog\/\",\"name\":\"Estrat\u00e9gia Concursos\",\"description\":\"O blog da Estrat\u00e9gia Concursos traz not\u00edcias sobre concursos e artigos de professores oferecendo cursos para concursos (pdf + videaulas) no site.\",\"publisher\":{\"@id\":\"https:\/\/www.estrategiaconcursos.com.br\/blog\/#organization\"},\"potentialAction\":[{\"@type\":\"SearchAction\",\"target\":{\"@type\":\"EntryPoint\",\"urlTemplate\":\"https:\/\/www.estrategiaconcursos.com.br\/blog\/?s={search_term_string}\"},\"query-input\":{\"@type\":\"PropertyValueSpecification\",\"valueRequired\":true,\"valueName\":\"search_term_string\"}}],\"inLanguage\":\"pt-BR\"},{\"@type\":\"Organization\",\"@id\":\"https:\/\/www.estrategiaconcursos.com.br\/blog\/#organization\",\"name\":\"Estrat\u00e9gia Concursos\",\"url\":\"https:\/\/www.estrategiaconcursos.com.br\/blog\/\",\"logo\":{\"@type\":\"ImageObject\",\"inLanguage\":\"pt-BR\",\"@id\":\"https:\/\/www.estrategiaconcursos.com.br\/blog\/#\/schema\/logo\/image\/\",\"url\":\"https:\/\/dhg1h5j42swfq.cloudfront.net\/2025\/06\/03203428\/logo_concursos-1.jpg\",\"contentUrl\":\"https:\/\/dhg1h5j42swfq.cloudfront.net\/2025\/06\/03203428\/logo_concursos-1.jpg\",\"width\":230,\"height\":60,\"caption\":\"Estrat\u00e9gia Concursos\"},\"image\":{\"@id\":\"https:\/\/www.estrategiaconcursos.com.br\/blog\/#\/schema\/logo\/image\/\"},\"sameAs\":[\"https:\/\/x.com\/EstratConcursos\"]},{\"@type\":\"Person\",\"@id\":\"https:\/\/www.estrategiaconcursos.com.br\/blog\/#\/schema\/person\/b4a388c97673c5f483d72185668afa1f\",\"name\":\"Coordena\u00e7\u00e3o\",\"image\":{\"@type\":\"ImageObject\",\"inLanguage\":\"pt-BR\",\"@id\":\"https:\/\/secure.gravatar.com\/avatar\/b720319e4c9a967eb58678d110f4fe35452fc5d5f97b202bac7b8acceb18c6ad?s=96&d=mm&r=g\",\"url\":\"https:\/\/secure.gravatar.com\/avatar\/b720319e4c9a967eb58678d110f4fe35452fc5d5f97b202bac7b8acceb18c6ad?s=96&d=mm&r=g\",\"contentUrl\":\"https:\/\/secure.gravatar.com\/avatar\/b720319e4c9a967eb58678d110f4fe35452fc5d5f97b202bac7b8acceb18c6ad?s=96&d=mm&r=g\",\"caption\":\"Coordena\u00e7\u00e3o\"},\"sameAs\":[\"https:\/\/www.facebook.com\/EstrategiaConcursos\",\"https:\/\/x.com\/EstratConcursos\"],\"url\":\"https:\/\/www.estrategiaconcursos.com.br\/blog\/author\/estrategia2013\/\"}]}<\/script>\n<!-- \/ Yoast SEO Premium plugin. -->","yoast_head_json":{"title":"Edital Guaruj\u00e1 Previd\u00eancia: inscri\u00e7\u00f5es ENCERRADAS!","description":"Saiu o edital do concurso Guaruj\u00e1 Previd\u00eancia: uma vaga para cargo de Analista Previdenci\u00e1rio de Controle Interno. Veja todos os detalhes!","robots":{"index":"index","follow":"follow","max-snippet":"max-snippet:-1","max-image-preview":"max-image-preview:large","max-video-preview":"max-video-preview:-1"},"canonical":"https:\/\/www.estrategiaconcursos.com.br\/blog\/concurso-guaruja-previdencia-edital\/","og_locale":"pt_BR","og_type":"article","og_title":"Edital Guaruj\u00e1 Previd\u00eancia: inscri\u00e7\u00f5es ENCERRADAS!","og_description":"Saiu o edital do concurso Guaruj\u00e1 Previd\u00eancia: uma vaga para cargo de Analista Previdenci\u00e1rio de Controle Interno. Veja todos os detalhes!","og_url":"https:\/\/www.estrategiaconcursos.com.br\/blog\/concurso-guaruja-previdencia-edital\/","og_site_name":"Estrat\u00e9gia Concursos","article_author":"https:\/\/www.facebook.com\/EstrategiaConcursos","article_published_time":"2021-06-28T02:59:00+00:00","article_modified_time":"2022-11-11T12:28:28+00:00","og_image":[{"width":1200,"height":628,"url":"https:\/\/dhg1h5j42swfq.cloudfront.net\/2021\/03\/24103139\/guaruja-previdencia.jpg","type":"image\/jpeg"}],"author":"Coordena\u00e7\u00e3o","twitter_card":"summary_large_image","twitter_creator":"@EstratConcursos","twitter_site":"@EstratConcursos","twitter_misc":{"Escrito por":"Coordena\u00e7\u00e3o","Est. tempo de leitura":"5 minutos"},"schema":{"@context":"https:\/\/schema.org","@graph":[{"@type":"NewsArticle","@id":"https:\/\/www.estrategiaconcursos.com.br\/blog\/concurso-guaruja-previdencia-edital\/#article","isPartOf":{"@id":"https:\/\/www.estrategiaconcursos.com.br\/blog\/concurso-guaruja-previdencia-edital\/"},"author":{"name":"Coordena\u00e7\u00e3o","@id":"https:\/\/www.estrategiaconcursos.com.br\/blog\/#\/schema\/person\/b4a388c97673c5f483d72185668afa1f"},"headline":"Edital Guaruj\u00e1 Previd\u00eancia: inscri\u00e7\u00f5es ENCERRADAS!","datePublished":"2021-06-28T02:59:00+00:00","dateModified":"2022-11-11T12:28:28+00:00","mainEntityOfPage":{"@id":"https:\/\/www.estrategiaconcursos.com.br\/blog\/concurso-guaruja-previdencia-edital\/"},"wordCount":982,"commentCount":0,"publisher":{"@id":"https:\/\/www.estrategiaconcursos.com.br\/blog\/#organization"},"image":{"@id":"https:\/\/www.estrategiaconcursos.com.br\/blog\/concurso-guaruja-previdencia-edital\/#primaryimage"},"thumbnailUrl":"https:\/\/dhg1h5j42swfq.cloudfront.net\/2021\/03\/24103139\/guaruja-previdencia.jpg","articleSection":["Executivo (Administrativa)"],"inLanguage":"pt-BR","potentialAction":[{"@type":"CommentAction","name":"Comment","target":["https:\/\/www.estrategiaconcursos.com.br\/blog\/concurso-guaruja-previdencia-edital\/#respond"]}],"copyrightYear":"2021","copyrightHolder":{"@id":"https:\/\/www.estrategiaconcursos.com.br\/blog\/#organization"}},{"@type":"WebPage","@id":"https:\/\/www.estrategiaconcursos.com.br\/blog\/concurso-guaruja-previdencia-edital\/","url":"https:\/\/www.estrategiaconcursos.com.br\/blog\/concurso-guaruja-previdencia-edital\/","name":"Edital Guaruj\u00e1 Previd\u00eancia: inscri\u00e7\u00f5es ENCERRADAS!","isPartOf":{"@id":"https:\/\/www.estrategiaconcursos.com.br\/blog\/#website"},"primaryImageOfPage":{"@id":"https:\/\/www.estrategiaconcursos.com.br\/blog\/concurso-guaruja-previdencia-edital\/#primaryimage"},"image":{"@id":"https:\/\/www.estrategiaconcursos.com.br\/blog\/concurso-guaruja-previdencia-edital\/#primaryimage"},"thumbnailUrl":"https:\/\/dhg1h5j42swfq.cloudfront.net\/2021\/03\/24103139\/guaruja-previdencia.jpg","datePublished":"2021-06-28T02:59:00+00:00","dateModified":"2022-11-11T12:28:28+00:00","description":"Saiu o edital do concurso Guaruj\u00e1 Previd\u00eancia: uma vaga para cargo de Analista Previdenci\u00e1rio de Controle Interno. Veja todos os detalhes!","breadcrumb":{"@id":"https:\/\/www.estrategiaconcursos.com.br\/blog\/concurso-guaruja-previdencia-edital\/#breadcrumb"},"inLanguage":"pt-BR","potentialAction":[{"@type":"ReadAction","target":["https:\/\/www.estrategiaconcursos.com.br\/blog\/concurso-guaruja-previdencia-edital\/"]}]},{"@type":"ImageObject","inLanguage":"pt-BR","@id":"https:\/\/www.estrategiaconcursos.com.br\/blog\/concurso-guaruja-previdencia-edital\/#primaryimage","url":"https:\/\/dhg1h5j42swfq.cloudfront.net\/2021\/03\/24103139\/guaruja-previdencia.jpg","contentUrl":"https:\/\/dhg1h5j42swfq.cloudfront.net\/2021\/03\/24103139\/guaruja-previdencia.jpg","width":1200,"height":628,"caption":"concurso da Guaruj\u00e1 Previd\u00eancia"},{"@type":"BreadcrumbList","@id":"https:\/\/www.estrategiaconcursos.com.br\/blog\/concurso-guaruja-previdencia-edital\/#breadcrumb","itemListElement":[{"@type":"ListItem","position":1,"name":"In\u00edcio","item":"https:\/\/www.estrategiaconcursos.com.br\/blog\/"},{"@type":"ListItem","position":2,"name":"Edital Guaruj\u00e1 Previd\u00eancia: inscri\u00e7\u00f5es ENCERRADAS!"}]},{"@type":"WebSite","@id":"https:\/\/www.estrategiaconcursos.com.br\/blog\/#website","url":"https:\/\/www.estrategiaconcursos.com.br\/blog\/","name":"Estrat\u00e9gia Concursos","description":"O blog da Estrat\u00e9gia Concursos traz not\u00edcias sobre concursos e artigos de professores oferecendo cursos para concursos (pdf + videaulas) no site.","publisher":{"@id":"https:\/\/www.estrategiaconcursos.com.br\/blog\/#organization"},"potentialAction":[{"@type":"SearchAction","target":{"@type":"EntryPoint","urlTemplate":"https:\/\/www.estrategiaconcursos.com.br\/blog\/?s={search_term_string}"},"query-input":{"@type":"PropertyValueSpecification","valueRequired":true,"valueName":"search_term_string"}}],"inLanguage":"pt-BR"},{"@type":"Organization","@id":"https:\/\/www.estrategiaconcursos.com.br\/blog\/#organization","name":"Estrat\u00e9gia Concursos","url":"https:\/\/www.estrategiaconcursos.com.br\/blog\/","logo":{"@type":"ImageObject","inLanguage":"pt-BR","@id":"https:\/\/www.estrategiaconcursos.com.br\/blog\/#\/schema\/logo\/image\/","url":"https:\/\/dhg1h5j42swfq.cloudfront.net\/2025\/06\/03203428\/logo_concursos-1.jpg","contentUrl":"https:\/\/dhg1h5j42swfq.cloudfront.net\/2025\/06\/03203428\/logo_concursos-1.jpg","width":230,"height":60,"caption":"Estrat\u00e9gia Concursos"},"image":{"@id":"https:\/\/www.estrategiaconcursos.com.br\/blog\/#\/schema\/logo\/image\/"},"sameAs":["https:\/\/x.com\/EstratConcursos"]},{"@type":"Person","@id":"https:\/\/www.estrategiaconcursos.com.br\/blog\/#\/schema\/person\/b4a388c97673c5f483d72185668afa1f","name":"Coordena\u00e7\u00e3o","image":{"@type":"ImageObject","inLanguage":"pt-BR","@id":"https:\/\/secure.gravatar.com\/avatar\/b720319e4c9a967eb58678d110f4fe35452fc5d5f97b202bac7b8acceb18c6ad?s=96&d=mm&r=g","url":"https:\/\/secure.gravatar.com\/avatar\/b720319e4c9a967eb58678d110f4fe35452fc5d5f97b202bac7b8acceb18c6ad?s=96&d=mm&r=g","contentUrl":"https:\/\/secure.gravatar.com\/avatar\/b720319e4c9a967eb58678d110f4fe35452fc5d5f97b202bac7b8acceb18c6ad?s=96&d=mm&r=g","caption":"Coordena\u00e7\u00e3o"},"sameAs":["https:\/\/www.facebook.com\/EstrategiaConcursos","https:\/\/x.com\/EstratConcursos"],"url":"https:\/\/www.estrategiaconcursos.com.br\/blog\/author\/estrategia2013\/"}]}},"_links":{"self":[{"href":"https:\/\/www.estrategiaconcursos.com.br\/blog\/wp-json\/wp\/v2\/posts\/735106","targetHints":{"allow":["GET"]}}],"collection":[{"href":"https:\/\/www.estrategiaconcursos.com.br\/blog\/wp-json\/wp\/v2\/posts"}],"about":[{"href":"https:\/\/www.estrategiaconcursos.com.br\/blog\/wp-json\/wp\/v2\/types\/post"}],"author":[{"embeddable":true,"href":"https:\/\/www.estrategiaconcursos.com.br\/blog\/wp-json\/wp\/v2\/users\/1"}],"replies":[{"embeddable":true,"href":"https:\/\/www.estrategiaconcursos.com.br\/blog\/wp-json\/wp\/v2\/comments?post=735106"}],"version-history":[{"count":26,"href":"https:\/\/www.estrategiaconcursos.com.br\/blog\/wp-json\/wp\/v2\/posts\/735106\/revisions"}],"predecessor-version":[{"id":1123588,"href":"https:\/\/www.estrategiaconcursos.com.br\/blog\/wp-json\/wp\/v2\/posts\/735106\/revisions\/1123588"}],"wp:featuredmedia":[{"embeddable":true,"href":"https:\/\/www.estrategiaconcursos.com.br\/blog\/wp-json\/wp\/v2\/media\/700085"}],"wp:attachment":[{"href":"https:\/\/www.estrategiaconcursos.com.br\/blog\/wp-json\/wp\/v2\/media?parent=735106"}],"wp:term":[{"taxonomy":"category","embeddable":true,"href":"https:\/\/www.estrategiaconcursos.com.br\/blog\/wp-json\/wp\/v2\/categories?post=735106"},{"taxonomy":"post_tag","embeddable":true,"href":"https:\/\/www.estrategiaconcursos.com.br\/blog\/wp-json\/wp\/v2\/tags?post=735106"},{"taxonomy":"tax_estado","embeddable":true,"href":"https:\/\/www.estrategiaconcursos.com.br\/blog\/wp-json\/wp\/v2\/tax_estado?post=735106"}],"curies":[{"name":"wp","href":"https:\/\/api.w.org\/{rel}","templated":true}]}}