{"id":734695,"date":"2021-05-08T16:00:00","date_gmt":"2021-05-08T19:00:00","guid":{"rendered":"https:\/\/www.estrategiaconcursos.com.br\/blog\/?p=734695"},"modified":"2021-05-08T17:24:15","modified_gmt":"2021-05-08T20:24:15","slug":"concurso-prf-advogado-solicita-suspensao-provas-stf","status":"publish","type":"post","link":"https:\/\/www.estrategiaconcursos.com.br\/blog\/concurso-prf-advogado-solicita-suspensao-provas-stf\/","title":{"rendered":"Concurso PRF: advogado solicita suspens\u00e3o de provas ao STF!"},"content":{"rendered":"\n<p>Aten\u00e7\u00e3o, concurseiros! Ao que parece a novela das provas do <strong>concurso <a href=\"https:\/\/www.estrategiaconcursos.com.br\/cursosPorConcurso\/prf-policial-rodoviario-federal\/\" target=\"_blank\" rel=\"noreferrer noopener\">PRF<\/a><\/strong> ainda n\u00e3o chegou ao fim. Ontem o advogado Jos\u00e9 da Silva Moura Neto, respons\u00e1vel pela a\u00e7\u00e3o de suspens\u00e3o, encaminhou um pedido ao STF solicitando o deferimento de Contracautela, no sentido de deferir medida liminar para suspender a decis\u00e3o que manteve os exames. O pedido est\u00e1 aguardando an\u00e1lise do presidente do STF, ministro Luiz Fux.<\/p>\n\n\n\n<blockquote class=\"wp-block-quote is-layout-flow wp-block-quote-is-layout-flow\"><p><em>&#8220;Ante todo o exposto, passa-se a requerer:<\/em><\/p><p><em>a) ao Eminente Ministro Presidente do Supremo Tribunal Federal, com fundamento no artigo 4\u00ba e \u00a7 7\u00ba da Lei n\u00ba 8.437\/92 e no artigo 5\u00ba, \u00a7 4\u00ba da Lei 4.717\/65 e art. 297 e seguintes do Regimento Interno do STF, em virtude da demonstrada plausibilidade das raz\u00f5es invocadas e da urg\u00eancia na concess\u00e3o da medida, j\u00e1 que a situa\u00e7\u00e3o da sa\u00fade de todas unidades da federa\u00e7\u00e3o do Pa\u00eds,e em especial os Estados do Par\u00e1 (bandeiramento vermelho) e Pernambuco,Bahia \u00e9 cr\u00edtica e, por estas raz\u00f5es vem requerer o deferimento de CONTRACAUTELA, no sentido de DEFERIR MEDIDA LIMINAR para suspender os efeitos da decis\u00e3o proferida nos autos da Suspens\u00e3o da Liminar n\u00ba 1015078-17.2021.4.01.0000, restabelecendo a suspens\u00e3o da aplica\u00e7\u00e3o da prova na data de 09 de maio de 2021 determinada pelo Ju\u00edzo da 20\u00aa Vara Federal C\u00edvel da Se\u00e7\u00e3o Judici\u00e1ria do Distrito Federal;<\/em><\/p><p><em>b) a intima\u00e7\u00e3o da autoridade judici\u00e1ria no Tribunal de Origem para fins de apresenta\u00e7\u00e3o de informa\u00e7\u00f5es\/manifesta\u00e7\u00e3o, no prazo comum que vier a ser assinado e o parecer do Procurador Geral da Rep\u00fablica; <\/em><\/p><p><em>c) ao final, pugna-se pela declara\u00e7\u00e3o de que os efeitos da suspens\u00e3o deferida perdurem at\u00e9 o tr\u00e2nsito em julgado da a\u00e7\u00e3o, a teor do disposto no \u00a7 9\u00ba do art. 4\u00ba da Lei 8.437\/92 ou at\u00e9 outro momento a ser determinado por esse Excelsso Ju\u00edzo.&#8221;<\/em><\/p><\/blockquote>\n\n\n\n<div class=\"wp-block-image\"><figure class=\"aligncenter size-large\"><img loading=\"lazy\" decoding=\"async\" width=\"586\" height=\"504\" src=\"https:\/\/dhg1h5j42swfq.cloudfront.net\/2021\/05\/07185251\/image-146.png\" alt=\"Pedido de suspens\u00e3o do concurso PRF ao STF\" class=\"wp-image-734714\" srcset=\"https:\/\/dhg1h5j42swfq.cloudfront.net\/2021\/05\/07185251\/image-146.png 586w, https:\/\/dhg1h5j42swfq.cloudfront.net\/2021\/05\/07185251\/image-146-300x258.png 300w\" sizes=\"auto, (max-width: 586px) 100vw, 586px\" \/><\/figure><\/div>\n\n\n\n<p>Na tarde deste s\u00e1bado, o ministro plantonista, Alexandre de Moraes, indeferiu uma reclama\u00e7\u00e3o constitucional, protocolada por um advogado, que tinha o objetivo de suspender a aplica\u00e7\u00e3o das provas do concurso PRF. \u00c9 importante salientar que a decis\u00e3o de Moraes n\u00e3o interfere no pedido que ser\u00e1 analisado pelo presidente Fux.<\/p>\n\n\n\n<h2 class=\"wp-block-heading\" id=\"h-concurso-prf-advogado-entra-com-novo-recurso\">Concurso PRF: advogado entra com novo recurso<\/h2>\n\n\n\n<p>Na manh\u00e3 da \u00faltima sexta-feira, 7 de maio, o autor do processo que requer a suspens\u00e3o da aplica\u00e7\u00e3o das provas do concurso PRF interp\u00f4s Agravo Interno, a fim de que seja reconsiderada a decis\u00e3o que determina a realiza\u00e7\u00e3o do exame. <\/p>\n\n\n\n<p>Confira um trecho a seguir o documento:<\/p>\n\n\n\n<div class=\"wp-block-image\"><figure class=\"aligncenter size-large is-resized\"><img loading=\"lazy\" decoding=\"async\" src=\"https:\/\/dhg1h5j42swfq.cloudfront.net\/2021\/05\/07102338\/image-7-1.png\" alt=\"Concurso PRF: provas ainda podem ser adiadas? Descubra aqui!\" class=\"wp-image-733910\" width=\"328\" height=\"228\" srcset=\"https:\/\/dhg1h5j42swfq.cloudfront.net\/2021\/05\/07102338\/image-7-1.png 328w, https:\/\/dhg1h5j42swfq.cloudfront.net\/2021\/05\/07102338\/image-7-1-300x209.png 300w\" sizes=\"auto, (max-width: 328px) 100vw, 328px\" \/><figcaption><em>PRF &#8211; pedido<\/em><\/figcaption><\/figure><\/div>\n\n\n\n<p>O pedido solicita que o desembargador reconsidere sua decis\u00e3o ou ainda para que ela seja apreciada no Conselho Especial, j\u00e1 que o recurso da Advocacia-Geral da Uni\u00e3o (AGU) foi aceito e o presidente do TRF1 optou pela realiza\u00e7\u00e3o do exame.<\/p>\n\n\n\n<h2 class=\"wp-block-heading\" id=\"h-concurso-prf-liminar-derrubada\">Concurso PRF: Liminar \u00e9 derrubada<\/h2>\n\n\n\n<p>Na noite de quinta-feria, 06 de maio, saiu a decis\u00e3o que derrubou a liminar que determinava a suspens\u00e3o do concurso. O advogado Jos\u00e9 da Silva Moura Neto, respons\u00e1vel pela a\u00e7\u00e3o de suspens\u00e3o da aplica\u00e7\u00e3o das provas do concurso PRF, afirmou em entrevista exclusiva ao Estrat\u00e9gia Concursos que\u00a0<strong>as chances das provas acontecerem na data prevista \u00e9 de 95%<\/strong>.<\/p>\n\n\n\n<p>Moura Neto concedeu a entrevista pouco depois do parecer que invalidou a suspens\u00e3o vir a p\u00fablico. De acordo com o advogado,&nbsp;<strong>as chances da decis\u00e3o ser revertida \u201cs\u00e3o m\u00ednimas\u201d<\/strong>.<\/p>\n\n\n\n<p>Antes mesmo do pedido da Uni\u00e3o ser deferido pelo TRF-1, o Centro Brasileiro de Pesquisa e Avalia\u00e7\u00e3o e de Promo\u00e7\u00e3o de Eventos (Cebraspe), banca organizadora do certame, j\u00e1 disponibilizou em seu site a consulta dos locais de provas.<\/p>\n\n\n\n<h2 class=\"wp-block-heading\" id=\"h-concurso-prf-liminar-de-suspens-o\">Concurso PRF: Liminar de suspens\u00e3o<\/h2>\n\n\n\n<p>A liminar que suspendeu, na noite de segunda-feira, 3, a aplica\u00e7\u00e3o das provas considerou inaceit\u00e1vel que as autoridades federais, a quem cabe zelar pela sa\u00fade p\u00fablica, implementem medidas que tenham o potencial de agravar a j\u00e1 delicada situa\u00e7\u00e3o do pa\u00eds, em virtude da pandemia da Covid-19.<\/p>\n\n\n\n<p>Na decis\u00e3o, a ju\u00edza Liviane Kelly Soares Vasconcelos entendeu que seria adequado aguardar a melhora da situa\u00e7\u00e3o da sa\u00fade p\u00fablica para s\u00f3 ent\u00e3o realizar o concurso p\u00fablico, visando proteger a sa\u00fade de candidatos, funcion\u00e1rios que trabalhar\u00e3o na aplica\u00e7\u00e3o das provas e da popula\u00e7\u00e3o de forma geral.<\/p>\n\n\n\n<h2 class=\"wp-block-heading\" id=\"h-sobre-o-concurso-prf\">Sobre o concurso PRF<\/h2>\n\n\n\n<p>O concurso da PRF oferece <strong>1.500 vagas para Policial Rodovi\u00e1rio Federal<\/strong>. A <strong>remunera\u00e7\u00e3o inicial do cargo \u00e9 R$ 9.899,88<\/strong>.<\/p>\n\n\n\n<figure class=\"wp-block-table is-style-stripes\"><table class=\"has-subtle-pale-blue-background-color has-fixed-layout has-background\"><tbody><tr><td class=\"has-text-align-center\" data-align=\"center\"><strong>VAGAS AMPLA CONCORR\u00caNCIA<\/strong><\/td><td class=\"has-text-align-center\" data-align=\"center\"><strong>VAGAS CANDIDATOS NEGROS<\/strong><\/td><td class=\"has-text-align-center\" data-align=\"center\"><strong>VAGAS CANDIDATOS COM DEFIC\u00caNICA<\/strong><\/td><td class=\"has-text-align-center\" data-align=\"center\"><strong>TOTAL<\/strong><\/td><\/tr><tr><td class=\"has-text-align-center\" data-align=\"center\">1.125<\/td><td class=\"has-text-align-center\" data-align=\"center\">300<\/td><td class=\"has-text-align-center\" data-align=\"center\">75<\/td><td class=\"has-text-align-center\" data-align=\"center\">1.500<\/td><\/tr><\/tbody><\/table><\/figure>\n\n\n\n<ul class=\"wp-block-list\"><li><strong>Sal\u00e1rio<\/strong>: R$ 9.899,88<\/li><li><strong>Jornada de trabalho<\/strong>: 40 horas semanais<\/li><li><strong>Lota\u00e7\u00e3o<\/strong>: Abrang\u00eancia nacional, sendo ofertadas aos novos policiais as oportunidades de lota\u00e7\u00e3o de acordo com a necessidade do servi\u00e7o e o interesse p\u00fablico<\/li><\/ul>\n\n\n\n<p class=\"has-text-align-center\"><strong>Seguimos em contato com a corpora\u00e7\u00e3o e acompanhando todos os desdobramentos da sele\u00e7\u00e3o. Para saber todos os detalhes sobre as provas do concurso PRF acesse nosso artigo completo com todas as informa\u00e7\u00f5es:<\/strong><\/p>\n\n\n\n<p class=\"has-text-align-center has-cyan-bluish-gray-background-color has-background has-medium-font-size\"><strong>Saiba mais: <a href=\"https:\/\/www.estrategiaconcursos.com.br\/blog\/concurso-prf-3\/\" target=\"_blank\" rel=\"noreferrer noopener\">concurso PRF<\/a><\/strong><\/p>\n\n\n\n<h2 class=\"has-text-align-center wp-block-heading\" id=\"cursos-assinatura\">Quer estudar para o concurso PRF?<\/h2>\n\n\n\n<div id=\"boxes\" class=\"container\">\n<div class=\"row\">\n<div class=\"col-sm\">\n<div id=\"box-assinatura\" class=\"banner-policial\">\n<h3 class=\"titulo-assinatura\">Concurso PRF<\/h3>\n<p class=\"subtitulo-assinatura\">Conhe\u00e7a os cursos<\/p>\n<div class=\"box-botao\"><a class=\"btn-assinatura\" role=\"button\" href=\"https:\/\/www.estrategiaconcursos.com.br\/cursosPorConcurso\/prf-policial-rodoviario-federal\/\/\" target=\"_blank\" rel=\"noopener noreferrer\">Conhe\u00e7a mais<\/a><\/div>\n<\/div>\n<p class=\"texto-auxiliar\">Prepare-se com o melhor material e com quem mais aprova em Concursos P\u00fablicos em todo o pa\u00eds.<\/p>\n<\/div>\n<\/div>\n<\/div>\n\n\n\n<div id=\"boxes\" class=\"container\">\n<div class=\"row\">\n<div class=\"col-sm\">\n<div id=\"box-assinatura\" class=\"estrategia\">\n<h3 class=\"titulo-assinatura\">Assinatura de Concursos<\/h3>\n<p class=\"subtitulo-assinatura\">Assinatura de 1 ou 2 anos*<\/p>\n<div class=\"box-botao\"><a class=\"btn-assinatura\" role=\"button\" href=\"https:\/\/www.estrategiaconcursos.com.br\/assinaturas\/\" target=\"_blank\" rel=\"noopener noreferrer\">ASSINE AGORA<\/a><\/div>\n<\/div>\n<p <=\"\" p=\"\">\n<\/p><\/div>\n<div class=\"col-sm\">\n<div id=\"box-assinatura\" class=\"questoes\">\n<h3 class=\"titulo-assinatura\">Sistema de Quest\u00f5es<\/h3>\n<p class=\"subtitulo-assinatura\">Assinatura de 1 ou 2 anos<\/p>\n<div class=\"box-botao\"><a class=\"btn-assinatura\" role=\"button\" href=\"https:\/\/www.estrategiaconcursos.com.br\/cursosPorConcurso\/sistema-de-questoes\/#\/\" target=\"_blank\" rel=\"noopener noreferrer\">ASSINE AGORA<\/a><\/div>\n<\/div>\n<p <=\"\" p=\"\">\n<\/p><\/div>\n<\/div>\n<\/div>\n\n\n\n<div class=\"container\" id=\"boxes\">\n  <div class=\"row\">\n\n    <div class=\"col-sm\" id=\"boxes-concursos\">\n      <div style=\"background-color: #005DAD;\" class=\"conteudo-concursos\" id=\"box-concursos\">\n        <h3 class=\"titulo-assinatura\">Concursos Abertos<\/h3>\n        <p class=\"subtitulo-assinatura\">Confira os editais publicados<\/p>\n        <div class=\"box-botao\">\n          <a class=\"btn-assinatura\" target=\"_blank\" href=\"https:\/\/www.estrategiaconcursos.com.br\/blog\/concursos-abertos\/\" role=\"button\" rel=\"noopener noreferrer\">Conhe\u00e7a Agora<\/a>\n        <\/div>\n      <\/div>\n    <\/div>\n\n    <div class=\"col-sm\" id=\"boxes-concursos\">\n      <div style=\"background-color: #419FF0;\" class=\"conteudo-concursos\" id=\"box-concursos\">\n        <h3 class=\"titulo-assinatura\">Concursos 2021<\/h3>\n        <p class=\"subtitulo-assinatura\">Confira as oportunidades previstas<\/p>\n        <div class=\"box-botao\">\n          <a class=\"btn-assinatura\" target=\"_blank\" href=\"https:\/\/www.estrategiaconcursos.com.br\/blog\/concursos-2021\/\" role=\"button\" rel=\"noopener noreferrer\">Conhe\u00e7a Agora<\/a>\n        <\/div>\n      <\/div>\n    <\/div>\n\n  <\/div>\n<\/div>\n\n\n\n<p class=\"has-text-align-center\"><strong>Quer ficar atualizado DIARIAMENTE sobre as not\u00edcias do mundo dos concursos? Entre no nosso Telegram!<\/strong><\/p>\n\n\n\n<div class=\"wp-block-image\"><figure class=\"aligncenter\"><a href=\"https:\/\/t.me\/estrategianews\" target=\"_blank\" rel=\"noopener\"><img decoding=\"async\" src=\"https:\/\/dhg1h5j42swfq.cloudfront.net\/2021\/05\/03172229\/news-1.jpg\" alt=\"\"\/><\/a><\/figure><\/div>\n","protected":false},"excerpt":{"rendered":"<p>Aten\u00e7\u00e3o, concurseiros! Ao que parece a novela das provas do concurso PRF ainda n\u00e3o chegou ao fim. Ontem o advogado Jos\u00e9 da Silva Moura Neto, respons\u00e1vel pela a\u00e7\u00e3o de suspens\u00e3o, encaminhou um pedido ao STF solicitando o deferimento de Contracautela, no sentido de deferir medida liminar para suspender a decis\u00e3o que manteve os exames. O [&hellip;]<\/p>\n","protected":false},"author":1,"featured_media":720088,"comment_status":"open","ping_status":"closed","sticky":false,"template":"","format":"standard","meta":{"post_tipo":"news","footnotes":""},"categories":[1988],"tags":[],"tax_estado":[219963],"class_list":["post-734695","post","type-post","status-publish","format-standard","has-post-thumbnail","hentry","category-policia","tax_estado-concursos-federais"],"acf":[],"yoast_head":"<!-- This site is optimized with the Yoast SEO Premium plugin v27.2 (Yoast SEO v27.2) - https:\/\/yoast.com\/product\/yoast-seo-premium-wordpress\/ -->\n<title>Concurso PRF: advogado solicita suspens\u00e3o de provas ao STF!<\/title>\n<meta name=\"description\" content=\"Advogado entra com novo pedido, desta vez para o STF, solicitando suspens\u00e3o das provas do concurso PRF. Acesse e confira os detalhes!\" \/>\n<meta name=\"robots\" content=\"index, follow, max-snippet:-1, max-image-preview:large, max-video-preview:-1\" \/>\n<link rel=\"canonical\" href=\"https:\/\/www.estrategiaconcursos.com.br\/blog\/concurso-prf-advogado-solicita-suspensao-provas-stf\/\" \/>\n<meta property=\"og:locale\" content=\"pt_BR\" \/>\n<meta property=\"og:type\" content=\"article\" \/>\n<meta property=\"og:title\" content=\"Concurso PRF: advogado solicita suspens\u00e3o de provas ao STF!\" \/>\n<meta property=\"og:description\" content=\"Advogado entra com novo pedido, desta vez para o STF, solicitando suspens\u00e3o das provas do concurso PRF. Acesse e confira os detalhes!\" \/>\n<meta property=\"og:url\" content=\"https:\/\/www.estrategiaconcursos.com.br\/blog\/concurso-prf-advogado-solicita-suspensao-provas-stf\/\" \/>\n<meta property=\"og:site_name\" content=\"Estrat\u00e9gia Concursos\" \/>\n<meta property=\"article:author\" content=\"https:\/\/www.facebook.com\/EstrategiaConcursos\" \/>\n<meta property=\"article:published_time\" content=\"2021-05-08T19:00:00+00:00\" \/>\n<meta property=\"article:modified_time\" content=\"2021-05-08T20:24:15+00:00\" \/>\n<meta property=\"og:image\" content=\"https:\/\/dhg1h5j42swfq.cloudfront.net\/2021\/04\/20184744\/prf.jpg\" \/>\n\t<meta property=\"og:image:width\" content=\"1200\" \/>\n\t<meta property=\"og:image:height\" content=\"628\" \/>\n\t<meta property=\"og:image:type\" content=\"image\/jpeg\" \/>\n<meta name=\"author\" content=\"Coordena\u00e7\u00e3o\" \/>\n<meta name=\"twitter:card\" content=\"summary_large_image\" \/>\n<meta name=\"twitter:creator\" content=\"@EstratConcursos\" \/>\n<meta name=\"twitter:site\" content=\"@EstratConcursos\" \/>\n<meta name=\"twitter:label1\" content=\"Escrito por\" \/>\n\t<meta name=\"twitter:data1\" content=\"Coordena\u00e7\u00e3o\" \/>\n\t<meta name=\"twitter:label2\" content=\"Est. tempo de leitura\" \/>\n\t<meta name=\"twitter:data2\" content=\"5 minutos\" \/>\n<script type=\"application\/ld+json\" class=\"yoast-schema-graph\">{\"@context\":\"https:\/\/schema.org\",\"@graph\":[{\"@type\":\"NewsArticle\",\"@id\":\"https:\/\/www.estrategiaconcursos.com.br\/blog\/concurso-prf-advogado-solicita-suspensao-provas-stf\/#article\",\"isPartOf\":{\"@id\":\"https:\/\/www.estrategiaconcursos.com.br\/blog\/concurso-prf-advogado-solicita-suspensao-provas-stf\/\"},\"author\":{\"name\":\"Coordena\u00e7\u00e3o\",\"@id\":\"https:\/\/www.estrategiaconcursos.com.br\/blog\/#\/schema\/person\/b4a388c97673c5f483d72185668afa1f\"},\"headline\":\"Concurso PRF: advogado solicita suspens\u00e3o de provas ao STF!\",\"datePublished\":\"2021-05-08T19:00:00+00:00\",\"dateModified\":\"2021-05-08T20:24:15+00:00\",\"mainEntityOfPage\":{\"@id\":\"https:\/\/www.estrategiaconcursos.com.br\/blog\/concurso-prf-advogado-solicita-suspensao-provas-stf\/\"},\"wordCount\":888,\"commentCount\":0,\"publisher\":{\"@id\":\"https:\/\/www.estrategiaconcursos.com.br\/blog\/#organization\"},\"image\":{\"@id\":\"https:\/\/www.estrategiaconcursos.com.br\/blog\/concurso-prf-advogado-solicita-suspensao-provas-stf\/#primaryimage\"},\"thumbnailUrl\":\"https:\/\/dhg1h5j42swfq.cloudfront.net\/2021\/04\/20184744\/prf.jpg\",\"articleSection\":[\"Policial (Agente, Escriv\u00e3o e Investigador)\"],\"inLanguage\":\"pt-BR\",\"potentialAction\":[{\"@type\":\"CommentAction\",\"name\":\"Comment\",\"target\":[\"https:\/\/www.estrategiaconcursos.com.br\/blog\/concurso-prf-advogado-solicita-suspensao-provas-stf\/#respond\"]}],\"copyrightYear\":\"2021\",\"copyrightHolder\":{\"@id\":\"https:\/\/www.estrategiaconcursos.com.br\/blog\/#organization\"}},{\"@type\":\"WebPage\",\"@id\":\"https:\/\/www.estrategiaconcursos.com.br\/blog\/concurso-prf-advogado-solicita-suspensao-provas-stf\/\",\"url\":\"https:\/\/www.estrategiaconcursos.com.br\/blog\/concurso-prf-advogado-solicita-suspensao-provas-stf\/\",\"name\":\"Concurso PRF: advogado solicita suspens\u00e3o de provas ao STF!\",\"isPartOf\":{\"@id\":\"https:\/\/www.estrategiaconcursos.com.br\/blog\/#website\"},\"primaryImageOfPage\":{\"@id\":\"https:\/\/www.estrategiaconcursos.com.br\/blog\/concurso-prf-advogado-solicita-suspensao-provas-stf\/#primaryimage\"},\"image\":{\"@id\":\"https:\/\/www.estrategiaconcursos.com.br\/blog\/concurso-prf-advogado-solicita-suspensao-provas-stf\/#primaryimage\"},\"thumbnailUrl\":\"https:\/\/dhg1h5j42swfq.cloudfront.net\/2021\/04\/20184744\/prf.jpg\",\"datePublished\":\"2021-05-08T19:00:00+00:00\",\"dateModified\":\"2021-05-08T20:24:15+00:00\",\"description\":\"Advogado entra com novo pedido, desta vez para o STF, solicitando suspens\u00e3o das provas do concurso PRF. Acesse e confira os detalhes!\",\"breadcrumb\":{\"@id\":\"https:\/\/www.estrategiaconcursos.com.br\/blog\/concurso-prf-advogado-solicita-suspensao-provas-stf\/#breadcrumb\"},\"inLanguage\":\"pt-BR\",\"potentialAction\":[{\"@type\":\"ReadAction\",\"target\":[\"https:\/\/www.estrategiaconcursos.com.br\/blog\/concurso-prf-advogado-solicita-suspensao-provas-stf\/\"]}]},{\"@type\":\"ImageObject\",\"inLanguage\":\"pt-BR\",\"@id\":\"https:\/\/www.estrategiaconcursos.com.br\/blog\/concurso-prf-advogado-solicita-suspensao-provas-stf\/#primaryimage\",\"url\":\"https:\/\/dhg1h5j42swfq.cloudfront.net\/2021\/04\/20184744\/prf.jpg\",\"contentUrl\":\"https:\/\/dhg1h5j42swfq.cloudfront.net\/2021\/04\/20184744\/prf.jpg\",\"width\":1200,\"height\":628,\"caption\":\"prf\"},{\"@type\":\"BreadcrumbList\",\"@id\":\"https:\/\/www.estrategiaconcursos.com.br\/blog\/concurso-prf-advogado-solicita-suspensao-provas-stf\/#breadcrumb\",\"itemListElement\":[{\"@type\":\"ListItem\",\"position\":1,\"name\":\"In\u00edcio\",\"item\":\"https:\/\/www.estrategiaconcursos.com.br\/blog\/\"},{\"@type\":\"ListItem\",\"position\":2,\"name\":\"Concurso PRF: advogado solicita suspens\u00e3o de provas ao STF!\"}]},{\"@type\":\"WebSite\",\"@id\":\"https:\/\/www.estrategiaconcursos.com.br\/blog\/#website\",\"url\":\"https:\/\/www.estrategiaconcursos.com.br\/blog\/\",\"name\":\"Estrat\u00e9gia Concursos\",\"description\":\"O blog da Estrat\u00e9gia Concursos traz not\u00edcias sobre concursos e artigos de professores oferecendo cursos para concursos (pdf + videaulas) no site.\",\"publisher\":{\"@id\":\"https:\/\/www.estrategiaconcursos.com.br\/blog\/#organization\"},\"potentialAction\":[{\"@type\":\"SearchAction\",\"target\":{\"@type\":\"EntryPoint\",\"urlTemplate\":\"https:\/\/www.estrategiaconcursos.com.br\/blog\/?s={search_term_string}\"},\"query-input\":{\"@type\":\"PropertyValueSpecification\",\"valueRequired\":true,\"valueName\":\"search_term_string\"}}],\"inLanguage\":\"pt-BR\"},{\"@type\":\"Organization\",\"@id\":\"https:\/\/www.estrategiaconcursos.com.br\/blog\/#organization\",\"name\":\"Estrat\u00e9gia Concursos\",\"url\":\"https:\/\/www.estrategiaconcursos.com.br\/blog\/\",\"logo\":{\"@type\":\"ImageObject\",\"inLanguage\":\"pt-BR\",\"@id\":\"https:\/\/www.estrategiaconcursos.com.br\/blog\/#\/schema\/logo\/image\/\",\"url\":\"https:\/\/dhg1h5j42swfq.cloudfront.net\/2025\/06\/03203428\/logo_concursos-1.jpg\",\"contentUrl\":\"https:\/\/dhg1h5j42swfq.cloudfront.net\/2025\/06\/03203428\/logo_concursos-1.jpg\",\"width\":230,\"height\":60,\"caption\":\"Estrat\u00e9gia Concursos\"},\"image\":{\"@id\":\"https:\/\/www.estrategiaconcursos.com.br\/blog\/#\/schema\/logo\/image\/\"},\"sameAs\":[\"https:\/\/x.com\/EstratConcursos\"]},{\"@type\":\"Person\",\"@id\":\"https:\/\/www.estrategiaconcursos.com.br\/blog\/#\/schema\/person\/b4a388c97673c5f483d72185668afa1f\",\"name\":\"Coordena\u00e7\u00e3o\",\"image\":{\"@type\":\"ImageObject\",\"inLanguage\":\"pt-BR\",\"@id\":\"https:\/\/secure.gravatar.com\/avatar\/b720319e4c9a967eb58678d110f4fe35452fc5d5f97b202bac7b8acceb18c6ad?s=96&d=mm&r=g\",\"url\":\"https:\/\/secure.gravatar.com\/avatar\/b720319e4c9a967eb58678d110f4fe35452fc5d5f97b202bac7b8acceb18c6ad?s=96&d=mm&r=g\",\"contentUrl\":\"https:\/\/secure.gravatar.com\/avatar\/b720319e4c9a967eb58678d110f4fe35452fc5d5f97b202bac7b8acceb18c6ad?s=96&d=mm&r=g\",\"caption\":\"Coordena\u00e7\u00e3o\"},\"sameAs\":[\"https:\/\/www.facebook.com\/EstrategiaConcursos\",\"https:\/\/x.com\/EstratConcursos\"],\"url\":\"https:\/\/www.estrategiaconcursos.com.br\/blog\/author\/estrategia2013\/\"}]}<\/script>\n<!-- \/ Yoast SEO Premium plugin. -->","yoast_head_json":{"title":"Concurso PRF: advogado solicita suspens\u00e3o de provas ao STF!","description":"Advogado entra com novo pedido, desta vez para o STF, solicitando suspens\u00e3o das provas do concurso PRF. Acesse e confira os detalhes!","robots":{"index":"index","follow":"follow","max-snippet":"max-snippet:-1","max-image-preview":"max-image-preview:large","max-video-preview":"max-video-preview:-1"},"canonical":"https:\/\/www.estrategiaconcursos.com.br\/blog\/concurso-prf-advogado-solicita-suspensao-provas-stf\/","og_locale":"pt_BR","og_type":"article","og_title":"Concurso PRF: advogado solicita suspens\u00e3o de provas ao STF!","og_description":"Advogado entra com novo pedido, desta vez para o STF, solicitando suspens\u00e3o das provas do concurso PRF. Acesse e confira os detalhes!","og_url":"https:\/\/www.estrategiaconcursos.com.br\/blog\/concurso-prf-advogado-solicita-suspensao-provas-stf\/","og_site_name":"Estrat\u00e9gia Concursos","article_author":"https:\/\/www.facebook.com\/EstrategiaConcursos","article_published_time":"2021-05-08T19:00:00+00:00","article_modified_time":"2021-05-08T20:24:15+00:00","og_image":[{"width":1200,"height":628,"url":"https:\/\/dhg1h5j42swfq.cloudfront.net\/2021\/04\/20184744\/prf.jpg","type":"image\/jpeg"}],"author":"Coordena\u00e7\u00e3o","twitter_card":"summary_large_image","twitter_creator":"@EstratConcursos","twitter_site":"@EstratConcursos","twitter_misc":{"Escrito por":"Coordena\u00e7\u00e3o","Est. tempo de leitura":"5 minutos"},"schema":{"@context":"https:\/\/schema.org","@graph":[{"@type":"NewsArticle","@id":"https:\/\/www.estrategiaconcursos.com.br\/blog\/concurso-prf-advogado-solicita-suspensao-provas-stf\/#article","isPartOf":{"@id":"https:\/\/www.estrategiaconcursos.com.br\/blog\/concurso-prf-advogado-solicita-suspensao-provas-stf\/"},"author":{"name":"Coordena\u00e7\u00e3o","@id":"https:\/\/www.estrategiaconcursos.com.br\/blog\/#\/schema\/person\/b4a388c97673c5f483d72185668afa1f"},"headline":"Concurso PRF: advogado solicita suspens\u00e3o de provas ao STF!","datePublished":"2021-05-08T19:00:00+00:00","dateModified":"2021-05-08T20:24:15+00:00","mainEntityOfPage":{"@id":"https:\/\/www.estrategiaconcursos.com.br\/blog\/concurso-prf-advogado-solicita-suspensao-provas-stf\/"},"wordCount":888,"commentCount":0,"publisher":{"@id":"https:\/\/www.estrategiaconcursos.com.br\/blog\/#organization"},"image":{"@id":"https:\/\/www.estrategiaconcursos.com.br\/blog\/concurso-prf-advogado-solicita-suspensao-provas-stf\/#primaryimage"},"thumbnailUrl":"https:\/\/dhg1h5j42swfq.cloudfront.net\/2021\/04\/20184744\/prf.jpg","articleSection":["Policial (Agente, Escriv\u00e3o e Investigador)"],"inLanguage":"pt-BR","potentialAction":[{"@type":"CommentAction","name":"Comment","target":["https:\/\/www.estrategiaconcursos.com.br\/blog\/concurso-prf-advogado-solicita-suspensao-provas-stf\/#respond"]}],"copyrightYear":"2021","copyrightHolder":{"@id":"https:\/\/www.estrategiaconcursos.com.br\/blog\/#organization"}},{"@type":"WebPage","@id":"https:\/\/www.estrategiaconcursos.com.br\/blog\/concurso-prf-advogado-solicita-suspensao-provas-stf\/","url":"https:\/\/www.estrategiaconcursos.com.br\/blog\/concurso-prf-advogado-solicita-suspensao-provas-stf\/","name":"Concurso PRF: advogado solicita suspens\u00e3o de provas ao STF!","isPartOf":{"@id":"https:\/\/www.estrategiaconcursos.com.br\/blog\/#website"},"primaryImageOfPage":{"@id":"https:\/\/www.estrategiaconcursos.com.br\/blog\/concurso-prf-advogado-solicita-suspensao-provas-stf\/#primaryimage"},"image":{"@id":"https:\/\/www.estrategiaconcursos.com.br\/blog\/concurso-prf-advogado-solicita-suspensao-provas-stf\/#primaryimage"},"thumbnailUrl":"https:\/\/dhg1h5j42swfq.cloudfront.net\/2021\/04\/20184744\/prf.jpg","datePublished":"2021-05-08T19:00:00+00:00","dateModified":"2021-05-08T20:24:15+00:00","description":"Advogado entra com novo pedido, desta vez para o STF, solicitando suspens\u00e3o das provas do concurso PRF. Acesse e confira os detalhes!","breadcrumb":{"@id":"https:\/\/www.estrategiaconcursos.com.br\/blog\/concurso-prf-advogado-solicita-suspensao-provas-stf\/#breadcrumb"},"inLanguage":"pt-BR","potentialAction":[{"@type":"ReadAction","target":["https:\/\/www.estrategiaconcursos.com.br\/blog\/concurso-prf-advogado-solicita-suspensao-provas-stf\/"]}]},{"@type":"ImageObject","inLanguage":"pt-BR","@id":"https:\/\/www.estrategiaconcursos.com.br\/blog\/concurso-prf-advogado-solicita-suspensao-provas-stf\/#primaryimage","url":"https:\/\/dhg1h5j42swfq.cloudfront.net\/2021\/04\/20184744\/prf.jpg","contentUrl":"https:\/\/dhg1h5j42swfq.cloudfront.net\/2021\/04\/20184744\/prf.jpg","width":1200,"height":628,"caption":"prf"},{"@type":"BreadcrumbList","@id":"https:\/\/www.estrategiaconcursos.com.br\/blog\/concurso-prf-advogado-solicita-suspensao-provas-stf\/#breadcrumb","itemListElement":[{"@type":"ListItem","position":1,"name":"In\u00edcio","item":"https:\/\/www.estrategiaconcursos.com.br\/blog\/"},{"@type":"ListItem","position":2,"name":"Concurso PRF: advogado solicita suspens\u00e3o de provas ao STF!"}]},{"@type":"WebSite","@id":"https:\/\/www.estrategiaconcursos.com.br\/blog\/#website","url":"https:\/\/www.estrategiaconcursos.com.br\/blog\/","name":"Estrat\u00e9gia Concursos","description":"O blog da Estrat\u00e9gia Concursos traz not\u00edcias sobre concursos e artigos de professores oferecendo cursos para concursos (pdf + videaulas) no site.","publisher":{"@id":"https:\/\/www.estrategiaconcursos.com.br\/blog\/#organization"},"potentialAction":[{"@type":"SearchAction","target":{"@type":"EntryPoint","urlTemplate":"https:\/\/www.estrategiaconcursos.com.br\/blog\/?s={search_term_string}"},"query-input":{"@type":"PropertyValueSpecification","valueRequired":true,"valueName":"search_term_string"}}],"inLanguage":"pt-BR"},{"@type":"Organization","@id":"https:\/\/www.estrategiaconcursos.com.br\/blog\/#organization","name":"Estrat\u00e9gia Concursos","url":"https:\/\/www.estrategiaconcursos.com.br\/blog\/","logo":{"@type":"ImageObject","inLanguage":"pt-BR","@id":"https:\/\/www.estrategiaconcursos.com.br\/blog\/#\/schema\/logo\/image\/","url":"https:\/\/dhg1h5j42swfq.cloudfront.net\/2025\/06\/03203428\/logo_concursos-1.jpg","contentUrl":"https:\/\/dhg1h5j42swfq.cloudfront.net\/2025\/06\/03203428\/logo_concursos-1.jpg","width":230,"height":60,"caption":"Estrat\u00e9gia Concursos"},"image":{"@id":"https:\/\/www.estrategiaconcursos.com.br\/blog\/#\/schema\/logo\/image\/"},"sameAs":["https:\/\/x.com\/EstratConcursos"]},{"@type":"Person","@id":"https:\/\/www.estrategiaconcursos.com.br\/blog\/#\/schema\/person\/b4a388c97673c5f483d72185668afa1f","name":"Coordena\u00e7\u00e3o","image":{"@type":"ImageObject","inLanguage":"pt-BR","@id":"https:\/\/secure.gravatar.com\/avatar\/b720319e4c9a967eb58678d110f4fe35452fc5d5f97b202bac7b8acceb18c6ad?s=96&d=mm&r=g","url":"https:\/\/secure.gravatar.com\/avatar\/b720319e4c9a967eb58678d110f4fe35452fc5d5f97b202bac7b8acceb18c6ad?s=96&d=mm&r=g","contentUrl":"https:\/\/secure.gravatar.com\/avatar\/b720319e4c9a967eb58678d110f4fe35452fc5d5f97b202bac7b8acceb18c6ad?s=96&d=mm&r=g","caption":"Coordena\u00e7\u00e3o"},"sameAs":["https:\/\/www.facebook.com\/EstrategiaConcursos","https:\/\/x.com\/EstratConcursos"],"url":"https:\/\/www.estrategiaconcursos.com.br\/blog\/author\/estrategia2013\/"}]}},"_links":{"self":[{"href":"https:\/\/www.estrategiaconcursos.com.br\/blog\/wp-json\/wp\/v2\/posts\/734695","targetHints":{"allow":["GET"]}}],"collection":[{"href":"https:\/\/www.estrategiaconcursos.com.br\/blog\/wp-json\/wp\/v2\/posts"}],"about":[{"href":"https:\/\/www.estrategiaconcursos.com.br\/blog\/wp-json\/wp\/v2\/types\/post"}],"author":[{"embeddable":true,"href":"https:\/\/www.estrategiaconcursos.com.br\/blog\/wp-json\/wp\/v2\/users\/1"}],"replies":[{"embeddable":true,"href":"https:\/\/www.estrategiaconcursos.com.br\/blog\/wp-json\/wp\/v2\/comments?post=734695"}],"version-history":[{"count":10,"href":"https:\/\/www.estrategiaconcursos.com.br\/blog\/wp-json\/wp\/v2\/posts\/734695\/revisions"}],"predecessor-version":[{"id":735270,"href":"https:\/\/www.estrategiaconcursos.com.br\/blog\/wp-json\/wp\/v2\/posts\/734695\/revisions\/735270"}],"wp:featuredmedia":[{"embeddable":true,"href":"https:\/\/www.estrategiaconcursos.com.br\/blog\/wp-json\/wp\/v2\/media\/720088"}],"wp:attachment":[{"href":"https:\/\/www.estrategiaconcursos.com.br\/blog\/wp-json\/wp\/v2\/media?parent=734695"}],"wp:term":[{"taxonomy":"category","embeddable":true,"href":"https:\/\/www.estrategiaconcursos.com.br\/blog\/wp-json\/wp\/v2\/categories?post=734695"},{"taxonomy":"post_tag","embeddable":true,"href":"https:\/\/www.estrategiaconcursos.com.br\/blog\/wp-json\/wp\/v2\/tags?post=734695"},{"taxonomy":"tax_estado","embeddable":true,"href":"https:\/\/www.estrategiaconcursos.com.br\/blog\/wp-json\/wp\/v2\/tax_estado?post=734695"}],"curies":[{"name":"wp","href":"https:\/\/api.w.org\/{rel}","templated":true}]}}