{"id":734286,"date":"2021-05-12T10:00:00","date_gmt":"2021-05-12T13:00:00","guid":{"rendered":"https:\/\/www.estrategiaconcursos.com.br\/blog\/?p=734286"},"modified":"2021-05-11T14:10:37","modified_gmt":"2021-05-11T17:10:37","slug":"administracao-sefaz-rj-1","status":"publish","type":"post","link":"https:\/\/www.estrategiaconcursos.com.br\/blog\/administracao-sefaz-rj-1\/","title":{"rendered":"Resumo de Administra\u00e7\u00e3o para SEFAZ RJ \u2013  (parte 1)."},"content":{"rendered":"\n<p>Fala, estrategista! Tudo bem? Hoje traremos a primeira parte do nosso <strong>resumo de Administra\u00e7\u00e3o para SEFAZ RJ<\/strong>.<\/p>\n\n\n\n<p>Como \u00e9 sabido, o estado do Rio de Janeiro se encontra em Regime de Recupera\u00e7\u00e3o Fiscal, que imp\u00f5e algumas veda\u00e7\u00f5es a concursos. Por\u00e9m, alguns concursos s\u00e3o excepcionados, como \u00e9 o caso do concurso SEFAZ-RJ. Clique aqui e saiba tudo sobre o concurso e sobre o decreto que permite a instaura\u00e7\u00e3o de procedimentos administrativos com vistas ao concurso SEFAZ RJ!<\/p>\n\n\n\n<p>O \u00faltimo <a href=\"https:\/\/dhg1h5j42swfq.cloudfront.net\/2021\/03\/25114448\/sefaz_rj_2013_auditor_fiscal-edital.pdf\" target=\"_blank\" rel=\"noreferrer noopener\">edital <\/a>ficou a cargo da FCC e trouxe o seguinte programa de Administra\u00e7\u00e3o:<\/p>\n\n\n\n<ol class=\"wp-block-list\" type=\"1\"><li>Natureza e evolu\u00e7\u00e3o do conhecimento administrativo. 2. Processos gerenciais e as rela\u00e7\u00f5es com os fatores humanos, tecnol\u00f3gico e econ\u00f4mico. 3. Gest\u00e3o por processo. 4. Planejamento das organiza\u00e7\u00f5es. 5. Estrutura das decis\u00f5es empresariais. 6. Efici\u00eancia, efic\u00e1cia e efetividade. 7. Responsabilidade corporativa. 8. Modelos organizacionais. 9. Criatividade e inova\u00e7\u00e3o organizacional. 10. Comunica\u00e7\u00e3o Corporativa. 11. Gest\u00e3o de pessoas e compet\u00eancias. 12. Administra\u00e7\u00e3o participativa. 13. Desenvolvimento de equipes. 14. Gest\u00e3o de conflitos. 15. Gest\u00e3o de mudan\u00e7as organizacionais. 16. Gest\u00e3o do conhecimento. 17. Estrutura e funcionamento da administra\u00e7\u00e3o p\u00fablica. 18. Aspectos sociais, econ\u00f4micos e pol\u00edticos que condicionam a administra\u00e7\u00e3o p\u00fablica. 19. Papel dos gestores p\u00fablicos no tratamento dos recursos financeiros, humanos e f\u00edsicos. 20. Uso de controles e indicadores de produtividade.<\/li><\/ol>\n\n\n\n<p>Na parte de Administra\u00e7\u00e3o foram inclu\u00eddos tamb\u00e9m, no \u00faltimo edital, conte\u00fados de Administra\u00e7\u00e3o Financeira e Or\u00e7ament\u00e1ria. Omitimos no conte\u00fado transcrito acima, por n\u00e3o fazerem parte da nossa disciplina.<\/p>\n\n\n\n<p>Neste resumo, que ser\u00e1 dividido em duas partes, buscaremos analisar os t\u00f3picos mais cobrados pela FCC, bem como sua forma de cobran\u00e7a. Obviamente, \u00e9 poss\u00edvel que n\u00e3o seja a FCC a banca a realizar o concurso. Por\u00e9m, o conte\u00fado aqui apresentado servir\u00e1, tamb\u00e9m, para outras bancas.<\/p>\n\n\n\n<p>Siga conosco os pr\u00f3ximos t\u00f3picos do nosso resumo de Administra\u00e7\u00e3o para SEFAZ RJ.<\/p>\n\n\n\n<h2 class=\"wp-block-heading\" id=\"h-natureza-e-evolu-o-do-conhecimento-na-administra-o\">Natureza e evolu\u00e7\u00e3o do conhecimento na administra\u00e7\u00e3o<\/h2>\n\n\n\n<p>T\u00f3pico vital n\u00e3o apenas para o nosso resumo de Administra\u00e7\u00e3o para SEFAZ RJ, mas para todas as provas de Administra\u00e7\u00e3o. Tamb\u00e9m pode aparecer nos editais como \u201cTeoria Geral da Administra\u00e7\u00e3o\u201d ou \u201cTeorias Administrativas\u201d.<\/p>\n\n\n\n<p>Neste resumo, optamos por abordar a Teoria da Conting\u00eancia, uma das mais cobradas pela FCC. Para um resumo mais completo, n\u00e3o deixe de ler o nosso Guia Definitivo de <a href=\"https:\/\/www.estrategiaconcursos.com.br\/blog\/teorias-administrativas-para-concursos-guia-definitivo\/\" target=\"_blank\" rel=\"noreferrer noopener\">Teorias Administrativas<\/a> para concursos. D\u00ea especial \u00eanfase, tamb\u00e9m, \u00e0 Abordagem Cl\u00e1ssica.<\/p>\n\n\n\n<p>Vejamos como a FCC costuma cobrar a Teoria da Conting\u00eancia.<\/p>\n\n\n\n<p><strong>AL-AP (2020)<\/strong><\/p>\n\n\n\n<p><strong><em>\u201cA principal \u00eanfase da teoria administrativa denominada \u201cTeoria da Conting\u00eancia\u201d recai na<\/em><\/strong><\/p>\n\n\n\n<p><strong><em>A) execu\u00e7\u00e3o das tarefas.<\/em><\/strong><\/p>\n\n\n\n<p><strong><em>B) tecnologia.<\/em><\/strong><\/p>\n\n\n\n<p><strong><em>C) estrutura.<\/em><\/strong><\/p>\n\n\n\n<p><strong><em>D) rela\u00e7\u00e3o interpessoal.<\/em><\/strong><\/p>\n\n\n\n<p><strong><em>E) constitui\u00e7\u00e3o dos grupos informais.\u201d<\/em><\/strong><\/p>\n\n\n\n<p>O gabarito \u00e9 a <strong>letra B<\/strong>. A Teoria Contingencial, como o pr\u00f3prio nome sugere, busca trabalhar com as mais diversas <strong>conting\u00eancias<\/strong>, <strong>vari\u00e1veis<\/strong> que interagem e influenciam o <strong>ambiente<\/strong> das organiza\u00e7\u00f5es. Assim, para a teoria em quest\u00e3o, n\u00e3o h\u00e1 uma maneira ideal de administrar, tudo depende do ambiente e das vari\u00e1veis.<\/p>\n\n\n\n<p>Nesse sentido, ainda que n\u00e3o despreze as tarefas e a estrutura, al\u00e9m do ambiente, h\u00e1 grande \u00eanfase na <strong>tecnologia<\/strong>. Isso porque a tecnologia representa um recurso fundamental para as organiza\u00e7\u00f5es. Cada organiza\u00e7\u00e3o possui seus recursos tecnol\u00f3gicos e deles se utiliza para realizar suas atividades. Isso justifica o gabarito.<\/p>\n\n\n\n<p>Indo mais fundo, a tecnologia pode ser conceituada como uma das <strong>vari\u00e1veis dependentes<\/strong>. Estas vari\u00e1veis s\u00e3o aquelas que est\u00e3o inclu\u00eddas no \u00e2mbito <strong>interno<\/strong> da organiza\u00e7\u00e3o. J\u00e1 as <strong>vari\u00e1veis independentes<\/strong> s\u00e3o as que se encontram no ambiente <strong>externo<\/strong> \u00e0 organiza\u00e7\u00e3o.<\/p>\n\n\n\n<figure class=\"wp-block-image size-large\"><img loading=\"lazy\" decoding=\"async\" width=\"1024\" height=\"591\" src=\"https:\/\/dhg1h5j42swfq.cloudfront.net\/2021\/05\/07151230\/variaveis-contingenciais-1024x591.png\" alt=\"Resumo de administra\u00e7\u00e3o para SEFAZ RJ - vari\u00e1veis contingenciais\" class=\"wp-image-734296\" srcset=\"https:\/\/dhg1h5j42swfq.cloudfront.net\/2021\/05\/07151230\/variaveis-contingenciais-1024x591.png 1024w, https:\/\/dhg1h5j42swfq.cloudfront.net\/2021\/05\/07151230\/variaveis-contingenciais-300x173.png 300w, https:\/\/dhg1h5j42swfq.cloudfront.net\/2021\/05\/07151230\/variaveis-contingenciais-768x444.png 768w, https:\/\/dhg1h5j42swfq.cloudfront.net\/2021\/05\/07151230\/variaveis-contingenciais-1536x887.png 1536w, https:\/\/dhg1h5j42swfq.cloudfront.net\/2021\/05\/07151230\/variaveis-contingenciais-610x352.png 610w, https:\/\/dhg1h5j42swfq.cloudfront.net\/2021\/05\/07151230\/variaveis-contingenciais.png 1991w\" sizes=\"auto, (max-width: 1024px) 100vw, 1024px\" \/><figcaption>Vari\u00e1veis contingenciais (Alvarenga, 2021)<\/figcaption><\/figure>\n\n\n\n<p>Para Chiavenato, h\u00e1 uma <strong>rela\u00e7\u00e3o funcional<\/strong> entre ambas as vari\u00e1veis. Conforme o autor, estas rela\u00e7\u00f5es funcionais entre as vari\u00e1veis devem ser constantemente identificadas e ajustadas por parte das organiza\u00e7\u00f5es.<\/p>\n\n\n\n<h2 class=\"wp-block-heading\" id=\"h-criatividade-e-inova-o-organizacional\">Criatividade e inova\u00e7\u00e3o organizacional<\/h2>\n\n\n\n<p>Seguindo com o nosso resumo de Administra\u00e7\u00e3o para SEFAZ RJ, falaremos sobre criatividade e inova\u00e7\u00e3o organizacional. Este t\u00f3pico traz conceitos relacionados \u00e0 <strong>mudan\u00e7a<\/strong> no \u00e2mbito das organiza\u00e7\u00f5es, bem como \u00e0 <strong>inova\u00e7\u00e3o<\/strong> e aplica\u00e7\u00e3o de <strong>melhores pr\u00e1ticas<\/strong> na organiza\u00e7\u00e3o.<\/p>\n\n\n\n<p>Para ilustrar a cobran\u00e7a da FCC neste t\u00f3pico, optamos por falar da ferramenta \u201c<strong>Benchmarking<\/strong>\u201d.<\/p>\n\n\n\n<p><strong>AL-AP (2020)<\/strong><\/p>\n\n\n\n<p><strong><em>Ao comparar o processo de atendimento ao cidad\u00e3o-usu\u00e1rio de uma Assembleia Legislativa com o processo de atendimento ao cliente de um banco comercial, utiliza-se o m\u00e9todo de benchmarking conhecido como<\/em><\/strong><\/p>\n\n\n\n<p>A) <strong><em>Competitivo.<\/em><\/strong><\/p>\n\n\n\n<p>B) <strong><em>Funcional.<\/em><\/strong><\/p>\n\n\n\n<p>C) <strong><em>Interno.<\/em><\/strong><\/p>\n\n\n\n<p>D) <strong><em>Gen\u00e9rico.<\/em><\/strong><\/p>\n\n\n\n<p>E) <strong><em>Distintivo.<\/em><\/strong><\/p>\n\n\n\n<p>O gabarito \u00e9 a <strong>letra D<\/strong>. Primeiramente, cabe dizer que o benchmarking pode ser conceituado como uma &#8220;<strong>avalia\u00e7\u00e3o comparativa<\/strong>&#8220;, uma ferramenta de gest\u00e3o que consiste em analisar casos de sucesso nas organiza\u00e7\u00f5es, buscando identificar seus pontos positivos e fatores cr\u00edticos de sucesso. Para Chiavenato, trata-se de uma fonte inesgot\u00e1vel de ideias e experi\u00eancias de outras organiza\u00e7\u00f5es.<\/p>\n\n\n\n<p>J\u00e1 Sobral &amp; Peci conceituam benchmarking como &#8220;um processo cont\u00ednuo e sistem\u00e1tico que busca comparar pr\u00e1ticas e m\u00e9todos de trabalho de uma organiza\u00e7\u00e3o com os de outras empresas&#8221; (SOBRAL &amp; PECI, 2013, p. 380).<\/p>\n\n\n\n<p>Sobre os tipos de benchmarking, temos os seguintes:<\/p>\n\n\n\n<ul class=\"wp-block-list\"><li><strong>Competitivo <\/strong>\u2013 quando o benchmarking \u00e9 realizado em organiza\u00e7\u00f5es que concorrem no mesmo nicho de mercado.<\/li><li><strong>Funcional \u2013 <\/strong>\u00e9 realizado em uma fun\u00e7\u00e3o ou atividade espec\u00edfica e definida.<\/li><li><strong>Interno \u2013 <\/strong>quando a organiza\u00e7\u00e3o busca as melhores pr\u00e1ticas no seu pr\u00f3prio ambiente interno.<\/li><li><strong>Gen\u00e9rico \u2013 <\/strong>quando se comparam fluxos de processos similares entre duas organiza\u00e7\u00f5es, n\u00e3o necessariamente do mesmo ramo de mercado. Perceba que este conceito se encaixa perfeitamente no caso do enunciado (compara\u00e7\u00e3o entre o atendimento de uma Assembleia Legislativa e de um banco comercial).<\/li><li><strong>Distintivo \u2013 <\/strong>n\u00e3o h\u00e1 esta classifica\u00e7\u00e3o na literatura.<\/li><\/ul>\n\n\n\n<h2 class=\"wp-block-heading\" id=\"h-modelos-organizacionais-em-administra-o\">Modelos organizacionais em administra\u00e7\u00e3o<\/h2>\n\n\n\n<p>Em mais um t\u00f3pico do nosso resumo de Administra\u00e7\u00e3o para SEFAZ RJ, a parte de modelos organizacionais engloba diversos conhecimentos. De in\u00edcio, sugerimos a leitura dos nossos Guias Definitivos de <a href=\"https:\/\/www.estrategiaconcursos.com.br\/blog\/estruturas-organizacionais\/\" target=\"_blank\" rel=\"noreferrer noopener\">estruturas organizacionais para concursos<\/a> e <a href=\"https:\/\/www.estrategiaconcursos.com.br\/blog\/tipos-de-departamentalizacao-para-concursos\/\" target=\"_blank\" rel=\"noreferrer noopener\">tipos de departamentaliza\u00e7\u00e3o para concursos<\/a>, a fim de complementar o estudo.<\/p>\n\n\n\n<p>Vejamos um exemplo de cobran\u00e7a da banca sobre o assunto.<\/p>\n\n\n\n<p><strong>AL-AP (2020)<\/strong><\/p>\n\n\n\n<p><strong><em>Ao planejar a estrutura organizacional, uma das vari\u00e1veis refere-se a quem os indiv\u00edduos e os grupos se reportam. Essa vari\u00e1vel consiste em estruturar a<\/em><\/strong><\/p>\n\n\n\n<p>A) <strong><em>especializa\u00e7\u00e3o do trabalho.<\/em><\/strong><\/p>\n\n\n\n<p>B) <strong><em>departamentaliza\u00e7\u00e3o.<\/em><\/strong><\/p>\n\n\n\n<p>C) <strong><em>cadeia de comando.<\/em><\/strong><\/p>\n\n\n\n<p>D) <strong><em>centraliza\u00e7\u00e3o e descentraliza\u00e7\u00e3o.<\/em><\/strong><\/p>\n\n\n\n<p>E) <strong><em>formaliza\u00e7\u00e3o das regras.<\/em><\/strong><\/p>\n\n\n\n<p>O gabarito \u00e9 a <strong>letra C<\/strong>. Perceba que a quest\u00e3o pede a vari\u00e1vel que especifica as <strong>linhas de autoridade <\/strong>sobre os indiv\u00edduos. Isso s\u00f3 pode nos levar ao conceito de <strong>cadeia de comando<\/strong>, tamb\u00e9m chamada de \u201c<strong>cadeia escalar<\/strong>\u201d, que consiste em estabelecer as linhas de autoridade e subordina\u00e7\u00f5es dentro da organiza\u00e7\u00e3o.<\/p>\n\n\n\n<p>Sobre as alternativas restantes, a <strong>especializa\u00e7\u00e3o do trabalho<\/strong> consiste em estabelecer uma <strong>divis\u00e3o do trabalho<\/strong>, buscando <strong>padronizar<\/strong> sua execu\u00e7\u00e3o e tornar o colaborador especialista naquela tarefa. J\u00e1 a <strong>departamentaliza\u00e7\u00e3o<\/strong> \u00e9 o <strong>agrupamento<\/strong> das atividades da organiza\u00e7\u00e3o segundo determinados princ\u00edpios (confira os detalhes no link sugerido no in\u00edcio deste t\u00f3pico).<\/p>\n\n\n\n<p>Seguindo, a <strong>centraliza\u00e7\u00e3o<\/strong> e a <strong>descentraliza\u00e7\u00e3o<\/strong> s\u00e3o caracter\u00edsticas da estrutura que dizem respeito \u00e0 <strong>tomada de decis\u00f5es<\/strong>. Por fim, a <strong>formaliza\u00e7\u00e3o das regras<\/strong> consiste em buscar elaborar <strong>manuais e regulamentos<\/strong> com as regras existentes na organiza\u00e7\u00e3o.<\/p>\n\n\n\n<h2 class=\"wp-block-heading\" id=\"h-desenvolvimento-de-equipes\">Desenvolvimento de equipes<\/h2>\n\n\n\n<p>Fechando o nosso resumo de Administra\u00e7\u00e3o para SEFAZ RJ, falaremos sobre trabalho em equipe, que \u00e9 considerado como a evolu\u00e7\u00e3o do trabalho em grupo.<\/p>\n\n\n\n<p>Traremos mais detalhes nos coment\u00e1rios da quest\u00e3o abaixo:<\/p>\n\n\n\n<p><strong>SPPREV (2019)<\/strong><\/p>\n\n\n\n<p><strong><em>O bom desenvolvimento do trabalho em equipe no ambiente organizacional pressup\u00f5e:<\/em><\/strong><\/p>\n\n\n\n<p><strong><em>I. efic\u00e1cia no comportamento interpessoal dos servidores, com atitude cooperativa e de respeito m\u00fatuo.<\/em><\/strong><\/p>\n\n\n\n<p><strong><em>II. composi\u00e7\u00e3o homog\u00eanea da equipe, em termos de escolaridade e n\u00edvel cultural, como forma de evitar a diversidade, que, nesse contexto, se mostra contraproducente.<\/em><\/strong><\/p>\n\n\n\n<p><strong><em>III. hierarquia decis\u00f3ria, cabendo a um dos membros da equipe, necessariamente, o protagonismo nas discuss\u00f5es e a responsabilidade pelos resultados.<\/em><\/strong><\/p>\n\n\n\n<p><strong><em>IV. objetividade, o que significa que os membros devem ser diretos em suas a\u00e7\u00f5es, sem perder tempo com especula\u00e7\u00f5es, e agir de forma imparcial, independente de prefer\u00eancias pessoais.<\/em><\/strong><\/p>\n\n\n\n<p><strong><em>Est\u00e1 correto o que consta APENAS de<\/em><\/strong><\/p>\n\n\n\n<p>A) <strong><em>I, II e III.<\/em><\/strong><\/p>\n\n\n\n<p>B) <strong><em>I e II.<\/em><\/strong><\/p>\n\n\n\n<p><strong><em>C) I e IV.<\/em><\/strong><\/p>\n\n\n\n<p>D) <strong><em>II e III.<\/em><\/strong><\/p>\n\n\n\n<p>E) <strong><em>II e IV.<\/em><\/strong><\/p>\n\n\n\n<p>O gabarito \u00e9 a <strong>letra C<\/strong>. Sobre a afirmativa I, de fato, em uma equipe espera-se uma atitude <strong>cooperativa<\/strong> entre seus membros, sempre buscando os objetivos da equipe acima dos individuais.<\/p>\n\n\n\n<p>A Afirmativa II erra quando afirma que a equipe deve ter composi\u00e7\u00e3o homog\u00eanea. Na verdade, deve ser <strong>heterog\u00eanea<\/strong>, com diferentes habilidades complementares e diversidade.<\/p>\n\n\n\n<p>J\u00e1 na afirmativa III, o erro \u00e9 falar em <strong>obrigatoriedade<\/strong> de hierarquia decis\u00f3ria. Nas equipes, \u00e9 comum que a tomada de decis\u00e3o seja realizada em <strong>conjunto<\/strong>, com todos os membros tendo o mesmo grau de colabora\u00e7\u00e3o no processo.<\/p>\n\n\n\n<p>Por fim, a alternativa IV nos traz corretamente caracter\u00edsticas de uma equipe.<\/p>\n\n\n\n<p>Conclus\u00e3o<\/p>\n\n\n\n<p>Chegamos ao fim do nosso resumo de Administra\u00e7\u00e3o para SEFAZ RJ. Utilize-o em complemento ao material te\u00f3rico e \u00e0 resolu\u00e7\u00e3o de muitas quest\u00f5es sobre os temas aqui propostos.<\/p>\n\n\n\n<p>Leia, tamb\u00e9m, os outros resumos propostos ao longo deste artigo, para complementa\u00e7\u00e3o dos estudos.<\/p>\n\n\n\n<p>Abra\u00e7os e bons estudos!<\/p>\n\n\n\n<p>Paulo Alvarenga<\/p>\n\n\n\n<p><a href=\"https:\/\/www.instagram.com\/profpauloalvarenga\/\">https:\/\/www.instagram.com\/profpauloalvarenga\/<\/a><\/p>\n\n\n\n<p><strong>Refer\u00eancias<\/strong>:<\/p>\n\n\n\n<p>CHIAVENATO, Idalberto. <strong>Empreendedorismo: dando asas ao esp\u00edrito empreendedor<\/strong> \/ Idalberto Chiavenato. &#8211; 2.ed. rev. e atualizada. &#8211; S\u00e3o Paulo : Saraiva, 2007.<\/p>\n\n\n\n<p>SOBRAL, Filipe. PETA, Alkeci. <strong>Administra\u00e7\u00e3o: teoria e pr\u00e1tica no contexto brasileiro<\/strong> \/ Filipe Sobral, Alketa Peci. \u2013 2. ed. \u2013 S\u00e3o Paulo: Pearson Education do Brasil, 2013.<\/p>\n\n\n\n<p class=\"has-text-align-center\"><em><strong>Assinatura Anual Ilimitada*<\/strong><\/em><\/p>\n\n\n\n<p class=\"has-text-align-center\"><em>Prepare-se com o melhor material e com quem mais aprova em Concursos P\u00fablicos em todo o pa\u00eds. Portanto, adquira a Assinatura Anual e tenha acesso ilimitado* a todos os nossos cursos.<\/em><\/p>\n\n\n\n<p class=\"has-text-align-center has-black-color has-light-green-cyan-background-color has-text-color has-background\"><strong>ADQUIRA AGORA<\/strong>&nbsp;\u2013&nbsp;<strong><a rel=\"noreferrer noopener\" href=\"https:\/\/www.estrategiaconcursos.com.br\/assinaturas\" target=\"_blank\">Assinatura Ilimitada<\/a><\/strong><\/p>\n\n\n\n<p class=\"has-text-align-center\"><strong><em><strong>Sistema de Quest\u00f5es<\/strong><\/em><\/strong><\/p>\n\n\n\n<p class=\"has-text-align-center\"><em>Estrat\u00e9gia Quest\u00f5es nasceu maior do que todos os concorrentes, com mais quest\u00f5es cadastradas e mais solu\u00e7\u00f5es por professores. Clique no link e aproveite os descontos e b\u00f4nus imperd\u00edveis!<\/em><\/p>\n\n\n\n<p class=\"has-text-align-center has-light-green-cyan-background-color has-background\"><strong><a rel=\"noreferrer noopener\" href=\"https:\/\/www.estrategiaconcursos.com.br\/cursosPorConcurso\/sistema-de-questoes\/#\/\" target=\"_blank\">Sistema de Quest\u00f5es<\/a><\/strong><\/p>\n\n\n\n<p class=\"has-text-align-center\"><strong><em>Confira os concursos com editais em aberto<\/em><\/strong><\/p>\n\n\n\n<p class=\"has-text-align-center has-pale-cyan-blue-background-color has-background\"><a rel=\"noreferrer noopener\" href=\"https:\/\/www.estrategiaconcursos.com.br\/blog\/concursos-abertos\/\" target=\"_blank\"><strong>CONCURSOS ABERTOS<\/strong><\/a><\/p>\n\n\n\n<p class=\"has-text-align-center\"><strong><em>As oportunidades previstas<\/em><\/strong><\/p>\n\n\n\n<p class=\"has-text-align-center has-pale-cyan-blue-background-color has-background\"><a rel=\"noreferrer noopener\" href=\"https:\/\/www.estrategiaconcursos.com.br\/blog\/concursos-2021\/\" target=\"_blank\"><strong>CONCURSOS 2021<\/strong><\/a><\/p>\n","protected":false},"excerpt":{"rendered":"<p>Fala, estrategista! Tudo bem? Hoje traremos a primeira parte do nosso resumo de Administra\u00e7\u00e3o para SEFAZ RJ. Como \u00e9 sabido, o estado do Rio de Janeiro se encontra em Regime de Recupera\u00e7\u00e3o Fiscal, que imp\u00f5e algumas veda\u00e7\u00f5es a concursos. Por\u00e9m, alguns concursos s\u00e3o excepcionados, como \u00e9 o caso do concurso SEFAZ-RJ. Clique aqui e saiba [&hellip;]<\/p>\n","protected":false},"author":1822,"featured_media":734296,"comment_status":"open","ping_status":"closed","sticky":false,"template":"","format":"standard","meta":{"post_tipo":"article","footnotes":""},"categories":[1,1983],"tags":[],"tax_estado":[219982],"class_list":["post-734286","post","type-post","status-publish","format-standard","has-post-thumbnail","hentry","category-cursos-e-concursos","category-fiscal-estadual","tax_estado-rj"],"acf":[],"yoast_head":"<!-- This site is optimized with the Yoast SEO Premium plugin v27.2 (Yoast SEO v27.2) - https:\/\/yoast.com\/product\/yoast-seo-premium-wordpress\/ -->\n<title>Resumo de Administra\u00e7\u00e3o para SEFAZ RJ \u2013 (parte 1).<\/title>\n<meta name=\"description\" content=\"Comece a sua prepara\u00e7\u00e3o para o concurso SEFAZ RJ com o nosso Resumo de administra\u00e7\u00e3o para SEFAZ RJ e saia na frente da concorr\u00eancia!\" \/>\n<meta name=\"robots\" content=\"index, follow, max-snippet:-1, max-image-preview:large, max-video-preview:-1\" \/>\n<link rel=\"canonical\" href=\"https:\/\/www.estrategiaconcursos.com.br\/blog\/administracao-sefaz-rj-1\/\" \/>\n<meta property=\"og:locale\" content=\"pt_BR\" \/>\n<meta property=\"og:type\" content=\"article\" \/>\n<meta property=\"og:title\" content=\"Resumo de Administra\u00e7\u00e3o para SEFAZ RJ \u2013 (parte 1).\" \/>\n<meta property=\"og:description\" content=\"Comece a sua prepara\u00e7\u00e3o para o concurso SEFAZ RJ com o nosso Resumo de administra\u00e7\u00e3o para SEFAZ RJ e saia na frente da concorr\u00eancia!\" \/>\n<meta property=\"og:url\" content=\"https:\/\/www.estrategiaconcursos.com.br\/blog\/administracao-sefaz-rj-1\/\" \/>\n<meta property=\"og:site_name\" content=\"Estrat\u00e9gia Concursos\" \/>\n<meta property=\"article:published_time\" content=\"2021-05-12T13:00:00+00:00\" \/>\n<meta property=\"og:image\" content=\"https:\/\/dhg1h5j42swfq.cloudfront.net\/2021\/05\/07151230\/variaveis-contingenciais.png\" \/>\n\t<meta property=\"og:image:width\" content=\"1991\" \/>\n\t<meta property=\"og:image:height\" content=\"1150\" \/>\n\t<meta property=\"og:image:type\" content=\"image\/png\" \/>\n<meta name=\"author\" content=\"Paulo Alvarenga Pires Cavalcanti\" \/>\n<meta name=\"twitter:card\" content=\"summary_large_image\" \/>\n<meta name=\"twitter:creator\" content=\"@EstratConcursos\" \/>\n<meta name=\"twitter:site\" content=\"@EstratConcursos\" \/>\n<meta name=\"twitter:label1\" content=\"Escrito por\" \/>\n\t<meta name=\"twitter:data1\" content=\"Paulo Alvarenga Pires Cavalcanti\" \/>\n\t<meta name=\"twitter:label2\" content=\"Est. tempo de leitura\" \/>\n\t<meta name=\"twitter:data2\" content=\"8 minutos\" \/>\n<script type=\"application\/ld+json\" class=\"yoast-schema-graph\">{\"@context\":\"https:\/\/schema.org\",\"@graph\":[{\"@type\":\"NewsArticle\",\"@id\":\"https:\/\/www.estrategiaconcursos.com.br\/blog\/administracao-sefaz-rj-1\/#article\",\"isPartOf\":{\"@id\":\"https:\/\/www.estrategiaconcursos.com.br\/blog\/administracao-sefaz-rj-1\/\"},\"author\":{\"name\":\"Paulo Alvarenga Pires Cavalcanti\",\"@id\":\"https:\/\/www.estrategiaconcursos.com.br\/blog\/#\/schema\/person\/030ec00ff66706ab6b93e6857a66d51e\"},\"headline\":\"Resumo de Administra\u00e7\u00e3o para SEFAZ RJ \u2013 (parte 1).\",\"datePublished\":\"2021-05-12T13:00:00+00:00\",\"mainEntityOfPage\":{\"@id\":\"https:\/\/www.estrategiaconcursos.com.br\/blog\/administracao-sefaz-rj-1\/\"},\"wordCount\":1739,\"commentCount\":0,\"publisher\":{\"@id\":\"https:\/\/www.estrategiaconcursos.com.br\/blog\/#organization\"},\"image\":{\"@id\":\"https:\/\/www.estrategiaconcursos.com.br\/blog\/administracao-sefaz-rj-1\/#primaryimage\"},\"thumbnailUrl\":\"https:\/\/dhg1h5j42swfq.cloudfront.net\/2021\/05\/07151230\/variaveis-contingenciais.png\",\"articleSection\":[\"Concursos P\u00fablicos\",\"Fiscal - Estadual (ICMS)\"],\"inLanguage\":\"pt-BR\",\"potentialAction\":[{\"@type\":\"CommentAction\",\"name\":\"Comment\",\"target\":[\"https:\/\/www.estrategiaconcursos.com.br\/blog\/administracao-sefaz-rj-1\/#respond\"]}],\"copyrightYear\":\"2021\",\"copyrightHolder\":{\"@id\":\"https:\/\/www.estrategiaconcursos.com.br\/blog\/#organization\"}},{\"@type\":\"WebPage\",\"@id\":\"https:\/\/www.estrategiaconcursos.com.br\/blog\/administracao-sefaz-rj-1\/\",\"url\":\"https:\/\/www.estrategiaconcursos.com.br\/blog\/administracao-sefaz-rj-1\/\",\"name\":\"Resumo de Administra\u00e7\u00e3o para SEFAZ RJ \u2013 (parte 1).\",\"isPartOf\":{\"@id\":\"https:\/\/www.estrategiaconcursos.com.br\/blog\/#website\"},\"primaryImageOfPage\":{\"@id\":\"https:\/\/www.estrategiaconcursos.com.br\/blog\/administracao-sefaz-rj-1\/#primaryimage\"},\"image\":{\"@id\":\"https:\/\/www.estrategiaconcursos.com.br\/blog\/administracao-sefaz-rj-1\/#primaryimage\"},\"thumbnailUrl\":\"https:\/\/dhg1h5j42swfq.cloudfront.net\/2021\/05\/07151230\/variaveis-contingenciais.png\",\"datePublished\":\"2021-05-12T13:00:00+00:00\",\"description\":\"Comece a sua prepara\u00e7\u00e3o para o concurso SEFAZ RJ com o nosso Resumo de administra\u00e7\u00e3o para SEFAZ RJ e saia na frente da concorr\u00eancia!\",\"breadcrumb\":{\"@id\":\"https:\/\/www.estrategiaconcursos.com.br\/blog\/administracao-sefaz-rj-1\/#breadcrumb\"},\"inLanguage\":\"pt-BR\",\"potentialAction\":[{\"@type\":\"ReadAction\",\"target\":[\"https:\/\/www.estrategiaconcursos.com.br\/blog\/administracao-sefaz-rj-1\/\"]}]},{\"@type\":\"ImageObject\",\"inLanguage\":\"pt-BR\",\"@id\":\"https:\/\/www.estrategiaconcursos.com.br\/blog\/administracao-sefaz-rj-1\/#primaryimage\",\"url\":\"https:\/\/dhg1h5j42swfq.cloudfront.net\/2021\/05\/07151230\/variaveis-contingenciais.png\",\"contentUrl\":\"https:\/\/dhg1h5j42swfq.cloudfront.net\/2021\/05\/07151230\/variaveis-contingenciais.png\",\"width\":1991,\"height\":1150,\"caption\":\"Resumo de administra\u00e7\u00e3o para fiscal SEFAZ RJ - vari\u00e1veis contingenciais\"},{\"@type\":\"BreadcrumbList\",\"@id\":\"https:\/\/www.estrategiaconcursos.com.br\/blog\/administracao-sefaz-rj-1\/#breadcrumb\",\"itemListElement\":[{\"@type\":\"ListItem\",\"position\":1,\"name\":\"In\u00edcio\",\"item\":\"https:\/\/www.estrategiaconcursos.com.br\/blog\/\"},{\"@type\":\"ListItem\",\"position\":2,\"name\":\"Resumo de Administra\u00e7\u00e3o para SEFAZ RJ \u2013 (parte 1).\"}]},{\"@type\":\"WebSite\",\"@id\":\"https:\/\/www.estrategiaconcursos.com.br\/blog\/#website\",\"url\":\"https:\/\/www.estrategiaconcursos.com.br\/blog\/\",\"name\":\"Estrat\u00e9gia Concursos\",\"description\":\"O blog da Estrat\u00e9gia Concursos traz not\u00edcias sobre concursos e artigos de professores oferecendo cursos para concursos (pdf + videaulas) no site.\",\"publisher\":{\"@id\":\"https:\/\/www.estrategiaconcursos.com.br\/blog\/#organization\"},\"potentialAction\":[{\"@type\":\"SearchAction\",\"target\":{\"@type\":\"EntryPoint\",\"urlTemplate\":\"https:\/\/www.estrategiaconcursos.com.br\/blog\/?s={search_term_string}\"},\"query-input\":{\"@type\":\"PropertyValueSpecification\",\"valueRequired\":true,\"valueName\":\"search_term_string\"}}],\"inLanguage\":\"pt-BR\"},{\"@type\":\"Organization\",\"@id\":\"https:\/\/www.estrategiaconcursos.com.br\/blog\/#organization\",\"name\":\"Estrat\u00e9gia Concursos\",\"url\":\"https:\/\/www.estrategiaconcursos.com.br\/blog\/\",\"logo\":{\"@type\":\"ImageObject\",\"inLanguage\":\"pt-BR\",\"@id\":\"https:\/\/www.estrategiaconcursos.com.br\/blog\/#\/schema\/logo\/image\/\",\"url\":\"https:\/\/dhg1h5j42swfq.cloudfront.net\/2025\/06\/03203428\/logo_concursos-1.jpg\",\"contentUrl\":\"https:\/\/dhg1h5j42swfq.cloudfront.net\/2025\/06\/03203428\/logo_concursos-1.jpg\",\"width\":230,\"height\":60,\"caption\":\"Estrat\u00e9gia Concursos\"},\"image\":{\"@id\":\"https:\/\/www.estrategiaconcursos.com.br\/blog\/#\/schema\/logo\/image\/\"},\"sameAs\":[\"https:\/\/x.com\/EstratConcursos\"]},{\"@type\":\"Person\",\"@id\":\"https:\/\/www.estrategiaconcursos.com.br\/blog\/#\/schema\/person\/030ec00ff66706ab6b93e6857a66d51e\",\"name\":\"Paulo Alvarenga Pires Cavalcanti\",\"image\":{\"@type\":\"ImageObject\",\"inLanguage\":\"pt-BR\",\"@id\":\"https:\/\/secure.gravatar.com\/avatar\/6f9b01123d20ef71338ec5147532218e1af3162a2303dfcafaa699e63fbb5805?s=96&d=mm&r=g\",\"url\":\"https:\/\/secure.gravatar.com\/avatar\/6f9b01123d20ef71338ec5147532218e1af3162a2303dfcafaa699e63fbb5805?s=96&d=mm&r=g\",\"contentUrl\":\"https:\/\/secure.gravatar.com\/avatar\/6f9b01123d20ef71338ec5147532218e1af3162a2303dfcafaa699e63fbb5805?s=96&d=mm&r=g\",\"caption\":\"Paulo Alvarenga Pires Cavalcanti\"},\"url\":\"https:\/\/www.estrategiaconcursos.com.br\/blog\/author\/palvarenga88gmail-com\/\"}]}<\/script>\n<!-- \/ Yoast SEO Premium plugin. -->","yoast_head_json":{"title":"Resumo de Administra\u00e7\u00e3o para SEFAZ RJ \u2013 (parte 1).","description":"Comece a sua prepara\u00e7\u00e3o para o concurso SEFAZ RJ com o nosso Resumo de administra\u00e7\u00e3o para SEFAZ RJ e saia na frente da concorr\u00eancia!","robots":{"index":"index","follow":"follow","max-snippet":"max-snippet:-1","max-image-preview":"max-image-preview:large","max-video-preview":"max-video-preview:-1"},"canonical":"https:\/\/www.estrategiaconcursos.com.br\/blog\/administracao-sefaz-rj-1\/","og_locale":"pt_BR","og_type":"article","og_title":"Resumo de Administra\u00e7\u00e3o para SEFAZ RJ \u2013 (parte 1).","og_description":"Comece a sua prepara\u00e7\u00e3o para o concurso SEFAZ RJ com o nosso Resumo de administra\u00e7\u00e3o para SEFAZ RJ e saia na frente da concorr\u00eancia!","og_url":"https:\/\/www.estrategiaconcursos.com.br\/blog\/administracao-sefaz-rj-1\/","og_site_name":"Estrat\u00e9gia Concursos","article_published_time":"2021-05-12T13:00:00+00:00","og_image":[{"width":1991,"height":1150,"url":"https:\/\/dhg1h5j42swfq.cloudfront.net\/2021\/05\/07151230\/variaveis-contingenciais.png","type":"image\/png"}],"author":"Paulo Alvarenga Pires Cavalcanti","twitter_card":"summary_large_image","twitter_creator":"@EstratConcursos","twitter_site":"@EstratConcursos","twitter_misc":{"Escrito por":"Paulo Alvarenga Pires Cavalcanti","Est. tempo de leitura":"8 minutos"},"schema":{"@context":"https:\/\/schema.org","@graph":[{"@type":"NewsArticle","@id":"https:\/\/www.estrategiaconcursos.com.br\/blog\/administracao-sefaz-rj-1\/#article","isPartOf":{"@id":"https:\/\/www.estrategiaconcursos.com.br\/blog\/administracao-sefaz-rj-1\/"},"author":{"name":"Paulo Alvarenga Pires Cavalcanti","@id":"https:\/\/www.estrategiaconcursos.com.br\/blog\/#\/schema\/person\/030ec00ff66706ab6b93e6857a66d51e"},"headline":"Resumo de Administra\u00e7\u00e3o para SEFAZ RJ \u2013 (parte 1).","datePublished":"2021-05-12T13:00:00+00:00","mainEntityOfPage":{"@id":"https:\/\/www.estrategiaconcursos.com.br\/blog\/administracao-sefaz-rj-1\/"},"wordCount":1739,"commentCount":0,"publisher":{"@id":"https:\/\/www.estrategiaconcursos.com.br\/blog\/#organization"},"image":{"@id":"https:\/\/www.estrategiaconcursos.com.br\/blog\/administracao-sefaz-rj-1\/#primaryimage"},"thumbnailUrl":"https:\/\/dhg1h5j42swfq.cloudfront.net\/2021\/05\/07151230\/variaveis-contingenciais.png","articleSection":["Concursos P\u00fablicos","Fiscal - Estadual (ICMS)"],"inLanguage":"pt-BR","potentialAction":[{"@type":"CommentAction","name":"Comment","target":["https:\/\/www.estrategiaconcursos.com.br\/blog\/administracao-sefaz-rj-1\/#respond"]}],"copyrightYear":"2021","copyrightHolder":{"@id":"https:\/\/www.estrategiaconcursos.com.br\/blog\/#organization"}},{"@type":"WebPage","@id":"https:\/\/www.estrategiaconcursos.com.br\/blog\/administracao-sefaz-rj-1\/","url":"https:\/\/www.estrategiaconcursos.com.br\/blog\/administracao-sefaz-rj-1\/","name":"Resumo de Administra\u00e7\u00e3o para SEFAZ RJ \u2013 (parte 1).","isPartOf":{"@id":"https:\/\/www.estrategiaconcursos.com.br\/blog\/#website"},"primaryImageOfPage":{"@id":"https:\/\/www.estrategiaconcursos.com.br\/blog\/administracao-sefaz-rj-1\/#primaryimage"},"image":{"@id":"https:\/\/www.estrategiaconcursos.com.br\/blog\/administracao-sefaz-rj-1\/#primaryimage"},"thumbnailUrl":"https:\/\/dhg1h5j42swfq.cloudfront.net\/2021\/05\/07151230\/variaveis-contingenciais.png","datePublished":"2021-05-12T13:00:00+00:00","description":"Comece a sua prepara\u00e7\u00e3o para o concurso SEFAZ RJ com o nosso Resumo de administra\u00e7\u00e3o para SEFAZ RJ e saia na frente da concorr\u00eancia!","breadcrumb":{"@id":"https:\/\/www.estrategiaconcursos.com.br\/blog\/administracao-sefaz-rj-1\/#breadcrumb"},"inLanguage":"pt-BR","potentialAction":[{"@type":"ReadAction","target":["https:\/\/www.estrategiaconcursos.com.br\/blog\/administracao-sefaz-rj-1\/"]}]},{"@type":"ImageObject","inLanguage":"pt-BR","@id":"https:\/\/www.estrategiaconcursos.com.br\/blog\/administracao-sefaz-rj-1\/#primaryimage","url":"https:\/\/dhg1h5j42swfq.cloudfront.net\/2021\/05\/07151230\/variaveis-contingenciais.png","contentUrl":"https:\/\/dhg1h5j42swfq.cloudfront.net\/2021\/05\/07151230\/variaveis-contingenciais.png","width":1991,"height":1150,"caption":"Resumo de administra\u00e7\u00e3o para fiscal SEFAZ RJ - vari\u00e1veis contingenciais"},{"@type":"BreadcrumbList","@id":"https:\/\/www.estrategiaconcursos.com.br\/blog\/administracao-sefaz-rj-1\/#breadcrumb","itemListElement":[{"@type":"ListItem","position":1,"name":"In\u00edcio","item":"https:\/\/www.estrategiaconcursos.com.br\/blog\/"},{"@type":"ListItem","position":2,"name":"Resumo de Administra\u00e7\u00e3o para SEFAZ RJ \u2013 (parte 1)."}]},{"@type":"WebSite","@id":"https:\/\/www.estrategiaconcursos.com.br\/blog\/#website","url":"https:\/\/www.estrategiaconcursos.com.br\/blog\/","name":"Estrat\u00e9gia Concursos","description":"O blog da Estrat\u00e9gia Concursos traz not\u00edcias sobre concursos e artigos de professores oferecendo cursos para concursos (pdf + videaulas) no site.","publisher":{"@id":"https:\/\/www.estrategiaconcursos.com.br\/blog\/#organization"},"potentialAction":[{"@type":"SearchAction","target":{"@type":"EntryPoint","urlTemplate":"https:\/\/www.estrategiaconcursos.com.br\/blog\/?s={search_term_string}"},"query-input":{"@type":"PropertyValueSpecification","valueRequired":true,"valueName":"search_term_string"}}],"inLanguage":"pt-BR"},{"@type":"Organization","@id":"https:\/\/www.estrategiaconcursos.com.br\/blog\/#organization","name":"Estrat\u00e9gia Concursos","url":"https:\/\/www.estrategiaconcursos.com.br\/blog\/","logo":{"@type":"ImageObject","inLanguage":"pt-BR","@id":"https:\/\/www.estrategiaconcursos.com.br\/blog\/#\/schema\/logo\/image\/","url":"https:\/\/dhg1h5j42swfq.cloudfront.net\/2025\/06\/03203428\/logo_concursos-1.jpg","contentUrl":"https:\/\/dhg1h5j42swfq.cloudfront.net\/2025\/06\/03203428\/logo_concursos-1.jpg","width":230,"height":60,"caption":"Estrat\u00e9gia Concursos"},"image":{"@id":"https:\/\/www.estrategiaconcursos.com.br\/blog\/#\/schema\/logo\/image\/"},"sameAs":["https:\/\/x.com\/EstratConcursos"]},{"@type":"Person","@id":"https:\/\/www.estrategiaconcursos.com.br\/blog\/#\/schema\/person\/030ec00ff66706ab6b93e6857a66d51e","name":"Paulo Alvarenga Pires Cavalcanti","image":{"@type":"ImageObject","inLanguage":"pt-BR","@id":"https:\/\/secure.gravatar.com\/avatar\/6f9b01123d20ef71338ec5147532218e1af3162a2303dfcafaa699e63fbb5805?s=96&d=mm&r=g","url":"https:\/\/secure.gravatar.com\/avatar\/6f9b01123d20ef71338ec5147532218e1af3162a2303dfcafaa699e63fbb5805?s=96&d=mm&r=g","contentUrl":"https:\/\/secure.gravatar.com\/avatar\/6f9b01123d20ef71338ec5147532218e1af3162a2303dfcafaa699e63fbb5805?s=96&d=mm&r=g","caption":"Paulo Alvarenga Pires Cavalcanti"},"url":"https:\/\/www.estrategiaconcursos.com.br\/blog\/author\/palvarenga88gmail-com\/"}]}},"_links":{"self":[{"href":"https:\/\/www.estrategiaconcursos.com.br\/blog\/wp-json\/wp\/v2\/posts\/734286","targetHints":{"allow":["GET"]}}],"collection":[{"href":"https:\/\/www.estrategiaconcursos.com.br\/blog\/wp-json\/wp\/v2\/posts"}],"about":[{"href":"https:\/\/www.estrategiaconcursos.com.br\/blog\/wp-json\/wp\/v2\/types\/post"}],"author":[{"embeddable":true,"href":"https:\/\/www.estrategiaconcursos.com.br\/blog\/wp-json\/wp\/v2\/users\/1822"}],"replies":[{"embeddable":true,"href":"https:\/\/www.estrategiaconcursos.com.br\/blog\/wp-json\/wp\/v2\/comments?post=734286"}],"version-history":[{"count":7,"href":"https:\/\/www.estrategiaconcursos.com.br\/blog\/wp-json\/wp\/v2\/posts\/734286\/revisions"}],"predecessor-version":[{"id":737546,"href":"https:\/\/www.estrategiaconcursos.com.br\/blog\/wp-json\/wp\/v2\/posts\/734286\/revisions\/737546"}],"wp:featuredmedia":[{"embeddable":true,"href":"https:\/\/www.estrategiaconcursos.com.br\/blog\/wp-json\/wp\/v2\/media\/734296"}],"wp:attachment":[{"href":"https:\/\/www.estrategiaconcursos.com.br\/blog\/wp-json\/wp\/v2\/media?parent=734286"}],"wp:term":[{"taxonomy":"category","embeddable":true,"href":"https:\/\/www.estrategiaconcursos.com.br\/blog\/wp-json\/wp\/v2\/categories?post=734286"},{"taxonomy":"post_tag","embeddable":true,"href":"https:\/\/www.estrategiaconcursos.com.br\/blog\/wp-json\/wp\/v2\/tags?post=734286"},{"taxonomy":"tax_estado","embeddable":true,"href":"https:\/\/www.estrategiaconcursos.com.br\/blog\/wp-json\/wp\/v2\/tax_estado?post=734286"}],"curies":[{"name":"wp","href":"https:\/\/api.w.org\/{rel}","templated":true}]}}