{"id":73416,"date":"2026-04-27T08:00:00","date_gmt":"2026-04-27T11:00:00","guid":{"rendered":"https:\/\/www.estrategiaconcursos.com.br\/blog\/?p=73416"},"modified":"2026-04-27T08:59:19","modified_gmt":"2026-04-27T11:59:19","slug":"concurso-pm-al","status":"publish","type":"post","link":"https:\/\/www.estrategiaconcursos.com.br\/blog\/concurso-pm-al\/","title":{"rendered":"Concurso PM AL: 1.060 vagas e at\u00e9 R$ 11,5 mil. Inscreva-se!"},"content":{"rendered":"\n<p class=\"has-text-align-left\" style=\"font-size:clamp(15.197px, 0.95rem + ((1vw - 3.2px) * 0.765), 23px);\"><em><strong>Novo concurso PM AL tem edital publicado para as carreiras de Oficial e Soldado. Provas em julho!<\/strong><\/em><\/p>\n\n\n\n<div style=\"height:20px\" aria-hidden=\"true\" class=\"wp-block-spacer\"><\/div>\n\n\n\n<hr class=\"wp-block-separator has-alpha-channel-opacity\"\/>\n\n\n<a id=\"cta-icon\" href=\"https:\/\/www.redirectmais.com\/wpp\/pm-al-grupo\" target=\"blank\" style=\"background:rgb(41,166,26)\">\n            <img decoding=\"async\" src=\"https:\/\/dhg1h5j42swfq.cloudfront.net\/2023\/12\/07154107\/whatsapp_13851.png\" alt=\"logo grupo whatsapp estrat\u00e9gia concursos\" alt=\"whatsapp_1385[1]\"><span > Acesse agora o Grupo de Estudos para o Concurso PM AL<\/span><\/a>\n\n\n\n<div style=\"height:20px\" aria-hidden=\"true\" class=\"wp-block-spacer\"><\/div>\n\n\n\n<p>Est\u00e3o abertas as inscri\u00e7\u00f5es para o <strong>concurso PM AL<\/strong>\u00a0(<a href=\"https:\/\/www.estrategiaconcursos.com.br\/cursosPorConcurso\/pm-al\/\" target=\"_blank\" rel=\"noreferrer noopener\">Pol\u00edcia Militar do Estado de Alagoas<\/a>) para provimento de <strong>530 vagas imediatas e 530 para forma\u00e7\u00e3o de cadastro de reserva<\/strong>.<\/p>\n\n\n\n<p id=\"p-rc_b6d7deeb8dba21aa-66\">Sob organiza\u00e7\u00e3o do <strong>Cebraspe<\/strong>, os interessados podem se candidatar<strong> at\u00e9 o dia 30 de abril<\/strong>, ao custo de R$ 150,00. A aplica\u00e7\u00e3o das provas \u00e9 prevista no dia 19 de julho.<\/p>\n\n\n\n<p id=\"p-rc_b6d7deeb8dba21aa-65\">As oportunidades s\u00e3o distribu\u00eddas entre os cargos de <strong>Soldado do Quadro de Pra\u00e7as<\/strong> e <strong>Oficial de Estado-Maior<\/strong>, de n\u00edvel m\u00e9dio e idade m\u00e1xima de 30 anos. Os sal\u00e1rios variam de R$ 6.067,51 a R$ 11.563,77.<\/p>\n\n\n\n<ul class=\"wp-block-list has-very-light-gray-to-cyan-bluish-gray-gradient-background has-background\">\n<li><strong>Concurso PM AL<\/strong><\/li>\n\n\n\n<li><strong style=\"background-color: initial; color: initial;\">Situa\u00e7\u00e3o<\/strong><span style=\"background-color: initial; color: initial;\">: <\/span>inscri\u00e7\u00f5es abertas<\/li>\n\n\n\n<li><strong>Banca: <\/strong><a href=\"https:\/\/www.cebraspe.org.br\/concursos\/PM_AL_26\" target=\"_blank\" rel=\"noreferrer noopener\">Cebraspe<\/a><\/li>\n\n\n\n<li><strong style=\"background-color: initial; color: initial;\">Vagas<\/strong><span style=\"background-color: initial; color: initial;\">: <\/span>530 + 530 CR <\/li>\n\n\n\n<li><strong>Sal\u00e1rio<\/strong>: R$ 6.067,51 a R$ 11.563,77<\/li>\n\n\n\n<li><strong>Edital:<\/strong> <a href=\"https:\/\/dhg1h5j42swfq.cloudfront.net\/2026\/03\/20065157\/edital-concurso-pm-al-2026-estrategia-concursos.pdf\" target=\"_blank\" rel=\"noreferrer noopener nofollow\">PM AL-2026<\/a><\/li>\n<\/ul>\n\n\n\n<p>Sob organiza\u00e7\u00e3o do <span style=\"background-color: initial; color: initial;\">Cebraspe<\/span>, o <a href=\"https:\/\/dhg1h5j42swfq.cloudfront.net\/2021\/05\/17174723\/doeal-2021-05-17-completo-19-36.pdf\" target=\"_blank\" rel=\"noreferrer noopener nofollow\">\u00faltimo certame<\/a> ocorreu em 2021 e ofertou <strong>1.060 vagas<\/strong>, distribu\u00eddas entre os cargos de <strong>Soldado e Oficial<\/strong>, ambos de n\u00edvel m\u00e9dio, com sal\u00e1rios de at\u00e9 R$ 8.099,94.<\/p>\n\n\n\n<p id=\"indice\">Ao longo deste artigo, voc\u00ea vai conferir as \u00faltimas novidades e principais informa\u00e7\u00f5es sobre o concurso PM AL. Acompanhe pelos t\u00f3picos e n\u00e3o perca nenhum detalhe:<\/p>\n\n\n\n<ul id=\"indice\" class=\"wp-block-list\">\n<li><a href=\"#concurso-2026\">Informa\u00e7\u00f5es do novo concurso<\/a>\n<ul class=\"wp-block-list\">\n<li><a href=\"#datas\">Principais datas<\/a><\/li>\n\n\n\n<li><a href=\"#vagas-novo\">Cargos e vagas<\/a><\/li>\n\n\n\n<li><a href=\"#etapas-novo\">Etapas e provas<\/a><\/li>\n<\/ul>\n<\/li>\n\n\n\n<li><a href=\"#carreiras\">Conhe\u00e7a as carreiras<\/a>\n<ul class=\"wp-block-list\">\n<li><a href=\"#requisitos\">Requisitos<\/a><\/li>\n\n\n\n<li><a href=\"#salarios\">Sal\u00e1rios<\/a><\/li>\n<\/ul>\n<\/li>\n\n\n\n<li><a href=\"#ultimo\">\u00daltimo concurso<\/a>\n<ul class=\"wp-block-list\">\n<li><a href=\"#cargos-vagas\">Cargos e vagas<\/a><\/li>\n\n\n\n<li><a href=\"#etapas\">Etapas e provas<\/a><\/li>\n\n\n\n<li><a href=\"#inscritos\">Inscritos<\/a><\/li>\n<\/ul>\n<\/li>\n\n\n\n<li><a href=\"#cursos-assinatura\">Cursos e Assinaturas<\/a><\/li>\n\n\n\n<li><a href=\"#ficha-tecnica\">Ficha t\u00e9cnica<\/a><\/li>\n<\/ul>\n\n\n\n<div class=\"container\" id=\"boxes\">\n  <div class=\"row\">\n\n    <div class=\"col-sm\">\n      <div class=\"banner-policia-militar\" id=\"box-assinatura\">\n        <h3 class=\"titulo-assinatura\">Concurso PM AL<\/h3>\n        <p class=\"subtitulo-assinatura\">Conhe\u00e7a os cursos<\/p>\n        <div class=\"box-botao\">\n          <a class=\"btn-assinatura\" target=\"_blank\" href=\"https:\/\/www.estrategiaconcursos.com.br\/cursosPorConcurso\/pm-al\/\" role=\"button\" rel=\"noopener noreferrer\">Conhe\u00e7a mais<\/a>\n        <\/div>\n      <\/div>\n  \n    <\/div>\n\n  <\/div>\n<\/div>\n\n\n\n<h2 class=\"wp-block-heading has-cyan-bluish-gray-background-color has-background\" id=\"concurso-2026\">Concurso PM AL: informa\u00e7\u00f5es do edital<\/h2>\n\n\n\n<h3 class=\"wp-block-heading\" id=\"datas\">Principais datas do edital<\/h3>\n\n\n\n<ul class=\"wp-block-list\">\n<li><strong>Inscri\u00e7\u00f5es:<\/strong> 30 de mar\u00e7o a 30 de abril <\/li>\n\n\n\n<li><strong>Isen\u00e7\u00e3o da taxa:<\/strong> <s>30 de mar\u00e7o a 8 de abril<\/s><\/li>\n\n\n\n<li><strong>Pagamento da taxa:<\/strong> at\u00e9 5 de maio<\/li>\n\n\n\n<li><strong>Data da prova objetiva:<\/strong> 19 de julho <\/li>\n<\/ul>\n\n\n\n<h3 class=\"wp-block-heading\" id=\"vagas-novo\">Cargos e vagas do concurso PM AL<\/h3>\n\n\n\n<p>O novo concurso da Pol\u00edcia Militar de Alagoas visa preencher o d\u00e9ficit de pessoal e reduzir a sobrecarga dos policiais. <strong>S\u00e3o ofertadas 1.060 vagas<\/strong>.<\/p>\n\n\n\n<figure class=\"wp-block-table is-style-stripes\"><table class=\"has-very-light-gray-to-cyan-bluish-gray-gradient-background has-background has-fixed-layout\"><thead><tr><td class=\"has-text-align-center\" data-align=\"center\"><strong>Cargo<\/strong><\/td><td class=\"has-text-align-center\" data-align=\"center\"><strong>Vagas Imediatas<\/strong><\/td><td class=\"has-text-align-center\" data-align=\"center\"><strong>Cadastro Reserva<\/strong><\/td><td class=\"has-text-align-center\" data-align=\"center\"><strong>Total<\/strong><\/td><\/tr><\/thead><tbody><tr><td class=\"has-text-align-center\" data-align=\"center\"><strong>Oficial de Estado-Maior<\/strong><\/td><td class=\"has-text-align-center\" data-align=\"center\">30<\/td><td class=\"has-text-align-center\" data-align=\"center\">30<\/td><td class=\"has-text-align-center\" data-align=\"center\">60 <sup><\/sup><sup><\/sup><sup><\/sup><sup><\/sup><sup><\/sup><sup><\/sup><sup><\/sup><sup><\/sup><sup><\/sup><\/td><\/tr><tr><td class=\"has-text-align-center\" data-align=\"center\"><strong>Pra\u00e7a (Soldado)<\/strong><\/td><td class=\"has-text-align-center\" data-align=\"center\">500<\/td><td class=\"has-text-align-center\" data-align=\"center\">500<\/td><td class=\"has-text-align-center\" data-align=\"center\">1.000 <sup><\/sup><sup><\/sup><sup><\/sup><sup><\/sup><sup><\/sup><sup><\/sup><sup><\/sup><sup><\/sup><sup><\/sup><\/td><\/tr><\/tbody><\/table><\/figure>\n\n\n\n<p><strong>Sal\u00e1rios do concurso PM AL:<\/strong><\/p>\n\n\n\n<ul class=\"wp-block-list\">\n<li><strong><\/strong><strong>Oficial de Estado-Maior<\/strong>:\n<ul class=\"wp-block-list\">\n<li>I \u2013 durante o per\u00edodo do CFO:\n<ul class=\"wp-block-list\">\n<li>a) Cadete 1\u00ba ano: R$ 3.874,43<\/li>\n\n\n\n<li>b) Cadete 2\u00ba ano: R$ 4.163,78<\/li>\n\n\n\n<li>c) Cadete 3\u00ba ano: R$ 4.716,51<\/li>\n<\/ul>\n<\/li>\n\n\n\n<li>II \u2013 Aspirante, ap\u00f3s a conclus\u00e3o do CFO: R$ 11.563,77<\/li>\n<\/ul>\n<\/li>\n\n\n\n<li><strong><\/strong><strong>Soldado do Quadro de Pra\u00e7as<\/strong>:\n<ul class=\"wp-block-list\">\n<li>I \u2013 Soldado-Aluno, durante o per\u00edodo do CFP: R$ 2.354,67<\/li>\n\n\n\n<li>II \u2013 Soldado, ap\u00f3s a conclus\u00e3o do CFP: R$ 6.067,51<\/li>\n<\/ul>\n<\/li>\n<\/ul>\n\n\n\n<p><strong>Requisitos dos cargos:<\/strong><\/p>\n\n\n\n<ul class=\"wp-block-list\">\n<li>Certificado de conclus\u00e3o de curso de ensino m\u00e9dio;<\/li>\n\n\n\n<li>Idade m\u00e1xima de 30 anos completos at\u00e9 a data limite para inscri\u00e7\u00e3o no concurso p\u00fablico;<\/li>\n\n\n\n<li>altura m\u00ednima de 1,60 metros, se do sexo masculino e de 1,55 metros, se do sexo feminino;<\/li>\n\n\n\n<li>ser habilitado para conduzir ve\u00edculos automotores, no m\u00ednimo na categoria \u201cB\u201d, ou provis\u00f3ria para essa categoria.<\/li>\n<\/ul>\n\n\n\n<h3 class=\"wp-block-heading\" id=\"etapas-novo\">Etapas e provas do concurso PM AL<\/h3>\n\n\n\n<p id=\"h-etapas-e-provas-do-novo-concurso-pm-al\">Os candidatos ser\u00e3o avaliados por diferentes etapas, conforme abaixo:<\/p>\n\n\n\n<ul class=\"wp-block-list\">\n<li><strong>a) provas objetivas<\/strong>, de car\u00e1ter eliminat\u00f3rio e classificat\u00f3rio, de responsabilidade do Cebraspe;<\/li>\n\n\n\n<li><strong>b) prova discursiva,<\/strong> de car\u00e1ter eliminat\u00f3rio e classificat\u00f3rio, de responsabilidade do Cebraspe;<\/li>\n\n\n\n<li><strong>c) teste de aptid\u00e3o f\u00edsica<\/strong>, de car\u00e1ter eliminat\u00f3rio, de responsabilidade da PMAL;<\/li>\n\n\n\n<li><strong>d) avalia\u00e7\u00e3o m\u00e9dica das condi\u00e7\u00f5es de sa\u00fade f\u00edsica e mental<\/strong>, de car\u00e1ter eliminat\u00f3rio, de responsabilidade do Cebraspe;<\/li>\n\n\n\n<li><strong>e) avalia\u00e7\u00e3o psicol\u00f3gica<\/strong>, de car\u00e1ter eliminat\u00f3rio, de responsabilidade do Cebraspe;<\/li>\n\n\n\n<li><strong>f) comprova\u00e7\u00e3o documental e investiga\u00e7\u00e3o social<\/strong>, de car\u00e1ter eliminat\u00f3rio, de responsabilidade da PMAL;<\/li>\n\n\n\n<li><strong>g) exame toxicol\u00f3gico<\/strong>, de car\u00e1ter eliminat\u00f3rio, de responsabilidade do Cebraspe.<\/li>\n<\/ul>\n\n\n\n<h4 class=\"wp-block-heading\" id=\"objetiva\">Prova objetiva<\/h4>\n\n\n\n<p>As provas ter\u00e3o a dura\u00e7\u00e3o de <strong>4 horas e 30 minutos<\/strong>, aplicadas no turno da <strong>manh\u00e3<\/strong> para Oficial e no turno da <strong>tarde<\/strong> para Soldado.<\/p>\n\n\n\n<p>As avalia\u00e7\u00f5es ser\u00e3o compostas por <strong>120 itens<\/strong>, divididos em duas partes:&nbsp;<strong>P1 (Conhecimentos B\u00e1sicos)<\/strong>&nbsp;com 50 itens e&nbsp;<strong>P2 (Conhecimentos Espec\u00edficos)<\/strong>&nbsp;com 70 itens,&nbsp;para julgamento como&nbsp;<strong>\u201cCERTO\u201d ou \u201cERRADO\u201d<\/strong>.<\/p>\n\n\n\n<ul class=\"wp-block-list\">\n<li><strong>Soldado do Quadro de Pra\u00e7as<\/strong>:\n<ul class=\"wp-block-list\">\n<li>L\u00edngua Portuguesa<\/li>\n\n\n\n<li>Matem\u00e1tica<\/li>\n\n\n\n<li>No\u00e7\u00f5es de Inform\u00e1tica<\/li>\n\n\n\n<li>Conhecimentos do Estado de Alagoas<\/li>\n\n\n\n<li>Legisla\u00e7\u00e3o Pertinente ao Policial Militar de Alagoas<\/li>\n\n\n\n<li>No\u00e7\u00f5es de Direito Administrativo<\/li>\n\n\n\n<li>No\u00e7\u00f5es de Direito Constitucional<\/li>\n\n\n\n<li>No\u00e7\u00f5es de Direito Processual Penal<\/li>\n\n\n\n<li>No\u00e7\u00f5es de Direito Penal Militar<\/li>\n\n\n\n<li>No\u00e7\u00f5es de Direito Processual Penal Militar<\/li>\n\n\n\n<li>No\u00e7\u00f5es de Direitos Humanos<\/li>\n<\/ul>\n<\/li>\n<\/ul>\n\n\n\n<ul class=\"wp-block-list\">\n<li><strong>Oficial de Estado-Maior<\/strong>:\n<ul class=\"wp-block-list\">\n<li>L\u00edngua Portuguesa<\/li>\n\n\n\n<li>L\u00edngua Inglesa<\/li>\n\n\n\n<li>No\u00e7\u00f5es de Inform\u00e1tica<\/li>\n\n\n\n<li>Conhecimentos do Estado de Alagoas<\/li>\n\n\n\n<li>Ci\u00eancias Sociais: i Sociologia<\/li>\n\n\n\n<li>Ci\u00eancias da Natureza: i Biologia<\/li>\n\n\n\n<li>Matem\u00e1tica<\/li>\n\n\n\n<li>Legisla\u00e7\u00e3o Pertinente \u00e0 Atua\u00e7\u00e3o do Policial Militar de Alagoas<\/li>\n\n\n\n<li>No\u00e7\u00f5es de Direito Penal<\/li>\n\n\n\n<li>No\u00e7\u00f5es de Direitos Humanos<\/li>\n\n\n\n<li>No\u00e7\u00f5es de Processo Penal<\/li>\n\n\n\n<li>Direito Penal Militar<\/li>\n\n\n\n<li>Direito Processual Penal Militar<\/li>\n\n\n\n<li>No\u00e7\u00f5es de Direito Constitucional<\/li>\n\n\n\n<li>No\u00e7\u00f5es de Direito Administrativo<\/li>\n<\/ul>\n<\/li>\n<\/ul>\n\n\n\n<p>Ser\u00e1 reprovado nas provas objetivas e eliminado do concurso PM AL o candidato que se enquadrar em pelo menos um dos itens a seguir:<\/p>\n\n\n\n<ul class=\"wp-block-list\">\n<li>a) obtiver nota na prova objetiva de conhecimentos b\u00e1sicos inferior a M1;<\/li>\n\n\n\n<li>b) obtiver nota na prova objetiva de conhecimentos espec\u00edficos inferior a M2;<\/li>\n\n\n\n<li>c) obtiver nota no conjunto das provas objetivas inferior a M3.<\/li>\n<\/ul>\n\n\n\n<h4 class=\"wp-block-heading\" id=\"discursiva\">Prova discursiva<\/h4>\n\n\n\n<p>A prova discursiva valer\u00e1 30,00 pontos e consistir\u00e1 da reda\u00e7\u00e3o de texto dissertativo, de at\u00e9 30 linhas, a respeito de temas relacionados a Atualidades. <\/p>\n\n\n\n<p>Ser\u00e1 aprovado nesta etapa do concurso da Pol\u00edcia Militar de Alagoas o candidato que obtiver nota igual ou superior a 15,00 pontos.<\/p>\n\n\n\n<h4 class=\"wp-block-heading\" id=\"taf\">Teste de Aptid\u00e3o F\u00edsica<\/h4>\n\n\n\n<p>O teste de aptid\u00e3o f\u00edsica consistir\u00e1 em cinco provas, a serem realizadas em tr\u00eas dias distintos, com intervalo de 24 horas de descanso entre os dias de aplica\u00e7\u00e3o.<\/p>\n\n\n\n<ul class=\"wp-block-list\">\n<li><strong>1\u00ba Dia:<\/strong>&nbsp;Abdominal supra tocando os cotovelos nos quadr\u00edceps, Barra fixa (masculino) ou Isometria (feminino) e Corrida de ir e vir (<em>shuttle run<\/em>);<\/li>\n\n\n\n<li><strong>2\u00ba Dia:<\/strong>&nbsp;Corrida de 2.000m (masculino) ou 1.800m (feminino);<\/li>\n\n\n\n<li><strong>3\u00ba Dia:<\/strong>&nbsp;Nata\u00e7\u00e3o de 50 metros em piscina.<\/li>\n<\/ul>\n\n\n\n<figure class=\"wp-block-table is-style-stripes\"><table class=\"has-very-light-gray-to-cyan-bluish-gray-gradient-background has-background has-fixed-layout\"><thead><tr><th class=\"has-text-align-center\" data-align=\"center\">Teste<\/th><th class=\"has-text-align-center\" data-align=\"center\">Feminino<\/th><th class=\"has-text-align-center\" data-align=\"center\">Masculino<\/th><\/tr><\/thead><tbody><tr><td class=\"has-text-align-center\" data-align=\"center\">Abdominal supra<\/td><td class=\"has-text-align-center\" data-align=\"center\">30 repeti\u00e7\u00f5es<\/td><td class=\"has-text-align-center\" data-align=\"center\">40 repeti\u00e7\u00f5es<\/td><\/tr><tr><td class=\"has-text-align-center\" data-align=\"center\">Barra fixa<\/td><td class=\"has-text-align-center\" data-align=\"center\">&#8211;<\/td><td class=\"has-text-align-center\" data-align=\"center\">4 repeti\u00e7\u00f5es<\/td><\/tr><tr><td class=\"has-text-align-center\" data-align=\"center\">Isometria<\/td><td class=\"has-text-align-center\" data-align=\"center\">10 segundos<\/td><td class=\"has-text-align-center\" data-align=\"center\">&#8211;<\/td><\/tr><tr><td class=\"has-text-align-center\" data-align=\"center\">Corrida de ir e vir<\/td><td class=\"has-text-align-center\" data-align=\"center\">13 segundos<\/td><td class=\"has-text-align-center\" data-align=\"center\">11 segundos<\/td><\/tr><tr><td class=\"has-text-align-center\" data-align=\"center\">Corrida<\/td><td class=\"has-text-align-center\" data-align=\"center\">2.000 metros em 13 minutos<\/td><td class=\"has-text-align-center\" data-align=\"center\">1.800 metros em 11 minutos<\/td><\/tr><tr><td class=\"has-text-align-center\" data-align=\"center\">Nata\u00e7\u00e3o de 50 metros<\/td><td class=\"has-text-align-center\" data-align=\"center\">1 minuto e 5 segundos<\/td><td class=\"has-text-align-center\" data-align=\"center\">1 minuto e 5 segundos<\/td><\/tr><\/tbody><\/table><\/figure>\n\n\n\n<h2 class=\"wp-block-heading has-cyan-bluish-gray-background-color has-background\" id=\"carreiras\">Concurso PM AL: conhe\u00e7a as carreiras<\/h2>\n\n\n\n<h3 class=\"wp-block-heading\" id=\"requisitos\">Requisitos dos cargos<\/h3>\n\n\n\n<p>S\u00e3o requisitos b\u00e1sicos para o ingresso na Pol\u00edcia Militar do Estado de Alagoas, mediante matr\u00edcula no Curso de Forma\u00e7\u00e3o de Oficiais (CFO) ou no Curso de Forma\u00e7\u00e3o de Pra\u00e7as (CFP):<\/p>\n\n\n\n<ul class=\"wp-block-list\">\n<li>Ser brasileiro;<\/li>\n\n\n\n<li>Na data da matr\u00edcula, ter conclu\u00eddo a \u00faltima s\u00e9rie do <strong>Ensino M\u00e9dio<\/strong> ou equivalente, com certificado de conclus\u00e3o ou equivalente devidamente registrado e reconhecido pela Secretaria de Educa\u00e7\u00e3o ou outro \u00f3rg\u00e3o competente;<\/li>\n\n\n\n<li>Ter:\n<ul class=\"wp-block-list\">\n<li>18 anos completos na data da matr\u00edcula no curso de forma\u00e7\u00e3o para o cargo ao qual se inscreveu;<\/li>\n\n\n\n<li><strong>At\u00e9 30 anos completos<\/strong> na data do encerramento das inscri\u00e7\u00f5es no concurso p\u00fablico no cargo de Pra\u00e7as;<\/li>\n<\/ul>\n<\/li>\n\n\n\n<li>Ter altura m\u00ednima de 1,60 metros, se do sexo masculino, e 1,55 metros, se do sexo feminino.<\/li>\n\n\n\n<li>Ter aptid\u00e3o f\u00edsica e intelectual, comprovadas mediante exames espec\u00edficos;<\/li>\n\n\n\n<li>Ter sanidade f\u00edsica e mental;<\/li>\n\n\n\n<li>Possuir aptid\u00e3o psicol\u00f3gica para o preenchimento da vaga, aferida por avalia\u00e7\u00e3o psicol\u00f3gica de car\u00e1ter eliminat\u00f3rio, de acordo com o estabelecido em decreto governamental;<\/li>\n\n\n\n<li>Possuir bons antecedentes, comprovados via certid\u00f5es v\u00e1lidas negativas de antecedentes criminais nas justi\u00e7as Estadual, Militar Estadual, Federal e Eleitoral, al\u00e9m de certid\u00e3o negativa da Pol\u00edcia Judici\u00e1ria dos estados onde residiu nos \u00faltimos 5 anos;<\/li>\n\n\n\n<li>Estar quite com o servi\u00e7o militar, se do sexo masculino;<\/li>\n\n\n\n<li>Estar quite com as obriga\u00e7\u00f5es eleitorais;<\/li>\n\n\n\n<li>N\u00e3o ter sido julgado incapaz ou inv\u00e1lido para o servi\u00e7o ativo das For\u00e7as Armadas ou For\u00e7as Auxiliares;<\/li>\n\n\n\n<li>N\u00e3o ter sido desligado por motivos disciplinares de estabelecimento de ensino militar, policial militar, policial civil,<\/li>\n\n\n\n<li>policial federal ou bombeiro militar;<\/li>\n\n\n\n<li>N\u00e3o estar exercendo nem ter exercido atividades prejudiciais ou perigosas \u00e0 Seguran\u00e7a Nacional;<\/li>\n\n\n\n<li>Ser <strong>habilitado para conduzir ve\u00edculos automotores, no m\u00ednimo na categoria \u201cB\u201d<\/strong>, ou provis\u00f3ria para esta categoria;<\/li>\n\n\n\n<li>Apresentar nada consta da sua respectiva corpora\u00e7\u00e3o militar, se oriundo de institui\u00e7\u00e3o Militar;<\/li>\n\n\n\n<li>Atestar, por exame toxicol\u00f3gico de larga janela de detec\u00e7\u00e3o, que n\u00e3o utiliza droga il\u00edcita;<\/li>\n\n\n\n<li>N\u00e3o haver\u00e1 limite de idade para ingresso no Oficial de Estado-Maior para os que j\u00e1 s\u00e3o Policiais Militares de Alagoas, conforme a Lei n.\u00ba 14.751\/2023.<\/li>\n<\/ul>\n\n\n\n<h3 class=\"wp-block-heading\" id=\"salarios\">Sal\u00e1rios dos cargos<\/h3>\n\n\n\n<p>As remunera\u00e7\u00f5es das carreiras da PM AL variam durante participa\u00e7\u00e3o do curso de forma\u00e7\u00e3o e ap\u00f3s a conclus\u00e3o:<\/p>\n\n\n\n<p><strong>Oficial:<\/strong><\/p>\n\n\n\n<ul class=\"wp-block-list\">\n<li>I \u2013 durante o per\u00edodo do CFO:\n<ul class=\"wp-block-list\">\n<li>a) Cadete 1\u00ba ano: R$ 3.874,43;<\/li>\n\n\n\n<li>b) Cadete 2\u00ba ano: R$ 4.163,78;<\/li>\n\n\n\n<li>c) Cadete 3\u00ba ano: R$ 4.716,51.<\/li>\n<\/ul>\n<\/li>\n\n\n\n<li>II \u2013 condi\u00e7\u00e3o alcan\u00e7ada como Aspirante, ap\u00f3s a conclus\u00e3o do CFO: R$ 11.563,77.<\/li>\n<\/ul>\n\n\n\n<p><strong>Soldado:<\/strong><\/p>\n\n\n\n<ul class=\"wp-block-list\">\n<li>I \u2013 situa\u00e7\u00e3o definida como Soldado-Aluno, durante o per\u00edodo do CFP: R$ 2.354,67;<\/li>\n\n\n\n<li>II \u2013 condi\u00e7\u00e3o alcan\u00e7ada como Soldado, ap\u00f3s a conclus\u00e3o do CFP: R$ 6.067,51.<\/li>\n<\/ul>\n\n\n\n<h2 class=\"wp-block-heading has-cyan-bluish-gray-background-color has-background\" id=\"situacao\">Concurso PM AL: \u00faltimo concurso &#8211; 2021<\/h2>\n\n\n\n<p>Sob organiza\u00e7\u00e3o do Cebraspe, o \u00faltimo certame ocorreu em 2021 e ofertou <strong>1.060 vagas<\/strong>, distribu\u00eddas entre os cargos de<strong> Soldado e Oficial<\/strong>, ambos de n\u00edvel m\u00e9dio.<\/p>\n\n\n\n<p><strong>Os sal\u00e1rios iniciais das carreiras variaram de R$ 4.250,06 e R$ 8.099,94<\/strong>, ap\u00f3s o respectivo curso de forma\u00e7\u00e3o. <\/p>\n\n\n\n<h3 class=\"wp-block-heading\" id=\"cargos-vagas\">Cargos e vagas do concurso PM AL<\/h3>\n\n\n\n<figure class=\"wp-block-table is-style-stripes\"><table class=\"has-cyan-bluish-gray-background-color has-background has-fixed-layout\"><thead><tr><th class=\"has-text-align-center\" data-align=\"center\">Cargo<\/th><th class=\"has-text-align-center\" data-align=\"center\">Vagas<\/th><\/tr><\/thead><tbody><tr><td class=\"has-text-align-center\" data-align=\"center\">Oficial<\/td><td class=\"has-text-align-center\" data-align=\"center\">60<\/td><\/tr><tr><td class=\"has-text-align-center\" data-align=\"center\">Soldado<\/td><td class=\"has-text-align-center\" data-align=\"center\">1.000<\/td><\/tr><tr><td class=\"has-text-align-center\" data-align=\"center\"><strong>Total<\/strong><\/td><td class=\"has-text-align-center\" data-align=\"center\"><strong>1.060<\/strong><\/td><\/tr><\/tbody><\/table><figcaption class=\"wp-element-caption\">Quadro de cargos e vagas ofertadas da PM AL.<\/figcaption><\/figure>\n\n\n\n<h3 class=\"wp-block-heading\" id=\"inscritos\">N\u00famero de inscritos e rela\u00e7\u00e3o candidato\/vaga<\/h3>\n\n\n\n<p>O \u00faltimo certame da PM AL registrou o total de <strong>67.884 inscri\u00e7\u00f5es<\/strong>, sendo o cargo de Soldado o de maior procura. Veja abaixo os n\u00fameros completos:<\/p>\n\n\n\n<figure class=\"wp-block-image aligncenter size-large\"><img loading=\"lazy\" decoding=\"async\" width=\"1024\" height=\"347\" src=\"https:\/\/dhg1h5j42swfq.cloudfront.net\/2024\/02\/13201305\/image-300-1024x347.png\" alt=\"Demanda de inscritos 2021\" class=\"wp-image-1351626\" srcset=\"https:\/\/dhg1h5j42swfq.cloudfront.net\/2024\/02\/13201305\/image-300-1024x347.png 1024w, https:\/\/dhg1h5j42swfq.cloudfront.net\/2024\/02\/13201305\/image-300-300x102.png 300w, https:\/\/dhg1h5j42swfq.cloudfront.net\/2024\/02\/13201305\/image-300-768x260.png 768w, https:\/\/dhg1h5j42swfq.cloudfront.net\/2024\/02\/13201305\/image-300-610x207.png 610w, https:\/\/dhg1h5j42swfq.cloudfront.net\/2024\/02\/13201305\/image-300-150x51.png 150w, https:\/\/dhg1h5j42swfq.cloudfront.net\/2024\/02\/13201305\/image-300.png 1475w\" sizes=\"auto, (max-width: 1024px) 100vw, 1024px\" \/><figcaption class=\"wp-element-caption\">Demanda de inscritos do concurso PM AL 2021<\/figcaption><\/figure>\n\n\n\n<h3 class=\"wp-block-heading\">Etapas e provas do concurso PM AL<\/h3>\n\n\n\n<p>O concurso PM AL foi constitu\u00eddo das seguintes etapas:<\/p>\n\n\n\n<ol class=\"wp-block-list\">\n<li><strong>Prova objetiva<\/strong>, de car\u00e1ter eliminat\u00f3rio e classificat\u00f3rio;<\/li>\n\n\n\n<li><strong>Prova discursiva<\/strong>, de car\u00e1ter eliminat\u00f3rio e classificat\u00f3rio;<\/li>\n\n\n\n<li><strong>Teste de aptid\u00e3o f\u00edsica<\/strong>, de car\u00e1ter eliminat\u00f3rio;<\/li>\n\n\n\n<li><strong>Avalia\u00e7\u00e3o m\u00e9dica<\/strong> das condi\u00e7\u00f5es de sa\u00fade e psicol\u00f3gica, de car\u00e1ter eliminat\u00f3rio;<\/li>\n\n\n\n<li><strong>Apresenta\u00e7\u00e3o e comprova\u00e7\u00e3o documental<\/strong>, de car\u00e1ter eliminat\u00f3rio;<\/li>\n\n\n\n<li><strong>Investiga\u00e7\u00e3o social<\/strong>, de car\u00e1ter eliminat\u00f3rio; e<\/li>\n\n\n\n<li><strong>Exame toxicol\u00f3gico<\/strong>, de car\u00e1ter eliminat\u00f3rio.<\/li>\n<\/ol>\n\n\n\n<hr class=\"wp-block-separator has-css-opacity\"\/>\n\n\n\n<p class=\"has-text-align-center\" id=\"h-quer-saber-tudo-sobre-concursos-previstos-confira-nossos-artigos\" style=\"font-size:clamp(16.834px, 1.052rem + ((1vw - 3.2px) * 0.899), 26px);\"><strong>Quer saber tudo sobre concursos previstos?<br \/>Confira nossos artigos!<\/strong><\/p>\n\n\n\n<ul class=\"wp-block-list\">\n<li><a href=\"https:\/\/www.estrategiaconcursos.com.br\/blog\/concursos-abertos\/\" target=\"_blank\" rel=\"noreferrer noopener\">Concursos abertos<\/a><\/li>\n\n\n\n<li><a href=\"https:\/\/www.estrategiaconcursos.com.br\/blog\/concursos-policia-militar\" target=\"_blank\" rel=\"noreferrer noopener\">Concursos Pol\u00edcia Militar<\/a><\/li>\n\n\n\n<li><a href=\"https:\/\/www.estrategiaconcursos.com.br\/blog\/concursos-2026\/\" target=\"_blank\" rel=\"noreferrer noopener\">Concursos 2026<\/a><\/li>\n<\/ul>\n\n\n\n<p class=\"has-text-align-center\" id=\"cursos-assinatura\" style=\"font-size:clamp(17.905px, 1.119rem + ((1vw - 3.2px) * 0.99), 28px);\"><strong>Quer estudar para concurso PM AL?<\/strong><\/p>\n\n\n\n<div class=\"container\" id=\"boxes\">\n  <div class=\"row\">\n\n    <div class=\"col-sm\">\n      <div class=\"banner-policia-militar\" id=\"box-assinatura\">\n        <h3 class=\"titulo-assinatura\">Concurso PM AL<\/h3>\n        <p class=\"subtitulo-assinatura\">Conhe\u00e7a os cursos<\/p>\n        <div class=\"box-botao\">\n          <a class=\"btn-assinatura\" target=\"_blank\" href=\"https:\/\/www.estrategiaconcursos.com.br\/cursosPorConcurso\/pm-al\/\" role=\"button\" rel=\"noopener noreferrer\">Conhe\u00e7a mais<\/a>\n        <\/div>\n      <\/div>\n  \n    <\/div>\n\n  <\/div>\n<\/div>\n\n\n\n<div class=\"container\" id=\"boxes\">\n  <div class=\"row\">\n\n    <div class=\"col-sm\">\n      <div class=\"estrategia\" id=\"box-assinatura\">\n        <h3 class=\"titulo-assinatura\">Assinatura Concursos<\/h3>\n        <p class=\"subtitulo-assinatura\">Assinatura de 1 ano ou 2 anos<\/p>\n        <div class=\"box-botao\">\n          <a class=\"btn-assinatura\" target=\"_blank\" href=\"https:\/\/www.estrategiaconcursos.com.br\/assinaturas\/\" role=\"button\" rel=\"noopener noreferrer\">ASSINE AGORA<\/a>\n        <\/div>\n      <\/div>\n     \n    <\/div><\/div><\/div>\n\n\n\n<figure class=\"wp-block-image size-large is-resized\"><img loading=\"lazy\" decoding=\"async\" width=\"1024\" height=\"632\" src=\"https:\/\/dhg1h5j42swfq.cloudfront.net\/2020\/12\/27121704\/ficha-tecnica-1024x632.png\" alt=\"Ficha t\u00e9cnica\" class=\"wp-image-702891\" style=\"width:316px;height:auto\" srcset=\"https:\/\/dhg1h5j42swfq.cloudfront.net\/2020\/12\/27121704\/ficha-tecnica-1024x632.png 1024w, https:\/\/dhg1h5j42swfq.cloudfront.net\/2020\/12\/27121704\/ficha-tecnica-300x185.png 300w, https:\/\/dhg1h5j42swfq.cloudfront.net\/2020\/12\/27121704\/ficha-tecnica-768x474.png 768w, https:\/\/dhg1h5j42swfq.cloudfront.net\/2020\/12\/27121704\/ficha-tecnica-1536x948.png 1536w, https:\/\/dhg1h5j42swfq.cloudfront.net\/2020\/12\/27121704\/ficha-tecnica-610x377.png 610w, https:\/\/dhg1h5j42swfq.cloudfront.net\/2020\/12\/27121704\/ficha-tecnica.png 1571w\" sizes=\"auto, (max-width: 1024px) 100vw, 1024px\" \/><\/figure>\n\n\n\n<h3 class=\"wp-block-heading\" id=\"ficha-tecnica\">Informa\u00e7\u00f5es do novo concurso PM AL<\/h3>\n\n\n\n<ul class=\"wp-block-list\">\n<li><strong>Data da prova<\/strong>: 19\/07\/2026<\/li>\n\n\n\n<li><strong>Vagas: <\/strong>530 + 530 CR<\/li>\n\n\n\n<li><strong>Cargo: <\/strong>Soldado e Oficial<\/li>\n\n\n\n<li><strong>Banca: <\/strong>Cebraspe<\/li>\n\n\n\n<li><strong>Escolaridade: <\/strong>n\u00edvel m\u00e9dio<\/li>\n\n\n\n<li><strong>Edital:<\/strong> <a href=\"https:\/\/dhg1h5j42swfq.cloudfront.net\/2026\/03\/20065157\/edital-concurso-pm-al-2026-estrategia-concursos.pdf\" target=\"_blank\" rel=\"noreferrer noopener nofollow\">PM AL-2026<\/a><\/li>\n<\/ul>\n","protected":false},"excerpt":{"rendered":"<p>Novo concurso PM AL tem edital publicado para as carreiras de Oficial e Soldado. Provas em julho! Est\u00e3o abertas as inscri\u00e7\u00f5es para o concurso PM AL\u00a0(Pol\u00edcia Militar do Estado de Alagoas) para provimento de 530 vagas imediatas e 530 para forma\u00e7\u00e3o de cadastro de reserva. Sob organiza\u00e7\u00e3o do Cebraspe, os interessados podem se candidatar at\u00e9 [&hellip;]<\/p>\n","protected":false},"author":1206,"featured_media":740957,"comment_status":"open","ping_status":"open","sticky":false,"template":"","format":"standard","meta":{"post_tipo":"news_page","footnotes":""},"categories":[220186,220187],"tags":[2613],"tax_estado":[219965],"class_list":["post-73416","post","type-post","status-publish","format-standard","has-post-thumbnail","hentry","category-policial-oficial","category-policial-pracas","tag-concurso-pm-al","tax_estado-al"],"acf":[],"yoast_head":"<!-- This site is optimized with the Yoast SEO Premium plugin v27.2 (Yoast SEO v27.2) - https:\/\/yoast.com\/product\/yoast-seo-premium-wordpress\/ -->\n<title>Concurso PM AL: 1.060 vagas e at\u00e9 R$ 11,5 mil. Inscreva-se!<\/title>\n<meta name=\"description\" content=\"Concurso PM AL tem edital publicado com 1.060 vagas para Soldado e Oficial. Inscri\u00e7\u00f5es abertas e provas em julho. Confira!\" \/>\n<meta name=\"robots\" content=\"index, follow, max-snippet:-1, max-image-preview:large, max-video-preview:-1\" \/>\n<link rel=\"canonical\" href=\"https:\/\/www.estrategiaconcursos.com.br\/blog\/concurso-pm-al\/\" \/>\n<meta property=\"og:locale\" content=\"pt_BR\" \/>\n<meta property=\"og:type\" content=\"article\" \/>\n<meta property=\"og:title\" content=\"Concurso PM AL: 1.060 vagas e at\u00e9 R$ 11,5 mil. Inscreva-se!\" \/>\n<meta property=\"og:description\" content=\"Concurso PM AL tem edital publicado com 1.060 vagas para Soldado e Oficial. Inscri\u00e7\u00f5es abertas e provas em julho. Confira!\" \/>\n<meta property=\"og:url\" content=\"https:\/\/www.estrategiaconcursos.com.br\/blog\/concurso-pm-al\/\" \/>\n<meta property=\"og:site_name\" content=\"Estrat\u00e9gia Concursos\" \/>\n<meta property=\"article:published_time\" content=\"2026-04-27T11:00:00+00:00\" \/>\n<meta property=\"article:modified_time\" content=\"2026-04-27T11:59:19+00:00\" \/>\n<meta property=\"og:image\" content=\"https:\/\/dhg1h5j42swfq.cloudfront.net\/2021\/05\/14121551\/pm-al.jpg\" \/>\n\t<meta property=\"og:image:width\" content=\"768\" \/>\n\t<meta property=\"og:image:height\" content=\"432\" \/>\n\t<meta property=\"og:image:type\" content=\"image\/jpeg\" \/>\n<meta name=\"author\" content=\"Bruna de Andrade Fran\u00e7a\" \/>\n<meta name=\"twitter:card\" content=\"summary_large_image\" \/>\n<meta name=\"twitter:creator\" content=\"@EstratConcursos\" \/>\n<meta name=\"twitter:site\" content=\"@EstratConcursos\" \/>\n<meta name=\"twitter:label1\" content=\"Escrito por\" \/>\n\t<meta name=\"twitter:data1\" content=\"Bruna de Andrade Fran\u00e7a\" \/>\n\t<meta name=\"twitter:label2\" content=\"Est. tempo de leitura\" \/>\n\t<meta name=\"twitter:data2\" content=\"13 minutos\" \/>\n<script type=\"application\/ld+json\" class=\"yoast-schema-graph\">{\"@context\":\"https:\/\/schema.org\",\"@graph\":[{\"@type\":\"NewsArticle\",\"@id\":\"https:\/\/www.estrategiaconcursos.com.br\/blog\/concurso-pm-al\/#article\",\"isPartOf\":{\"@id\":\"https:\/\/www.estrategiaconcursos.com.br\/blog\/concurso-pm-al\/\"},\"author\":{\"name\":\"Bruna de Andrade Fran\u00e7a\",\"@id\":\"https:\/\/www.estrategiaconcursos.com.br\/blog\/#\/schema\/person\/6630f91134abc08115cca62ce6372855\"},\"headline\":\"Concurso PM AL: 1.060 vagas e at\u00e9 R$ 11,5 mil. Inscreva-se!\",\"datePublished\":\"2026-04-27T11:00:00+00:00\",\"dateModified\":\"2026-04-27T11:59:19+00:00\",\"mainEntityOfPage\":{\"@id\":\"https:\/\/www.estrategiaconcursos.com.br\/blog\/concurso-pm-al\/\"},\"wordCount\":1782,\"commentCount\":13,\"publisher\":{\"@id\":\"https:\/\/www.estrategiaconcursos.com.br\/blog\/#organization\"},\"image\":{\"@id\":\"https:\/\/www.estrategiaconcursos.com.br\/blog\/concurso-pm-al\/#primaryimage\"},\"thumbnailUrl\":\"https:\/\/dhg1h5j42swfq.cloudfront.net\/2021\/05\/14121551\/pm-al.jpg\",\"keywords\":[\"concurso pm al\"],\"articleSection\":[\"Policial (PM\/BM - Oficial)\",\"Policial (PM\/BM - Pra\u00e7as)\"],\"inLanguage\":\"pt-BR\",\"potentialAction\":[{\"@type\":\"CommentAction\",\"name\":\"Comment\",\"target\":[\"https:\/\/www.estrategiaconcursos.com.br\/blog\/concurso-pm-al\/#respond\"]}],\"copyrightYear\":\"2026\",\"copyrightHolder\":{\"@id\":\"https:\/\/www.estrategiaconcursos.com.br\/blog\/#organization\"}},{\"@type\":\"WebPage\",\"@id\":\"https:\/\/www.estrategiaconcursos.com.br\/blog\/concurso-pm-al\/\",\"url\":\"https:\/\/www.estrategiaconcursos.com.br\/blog\/concurso-pm-al\/\",\"name\":\"Concurso PM AL: 1.060 vagas e at\u00e9 R$ 11,5 mil. Inscreva-se!\",\"isPartOf\":{\"@id\":\"https:\/\/www.estrategiaconcursos.com.br\/blog\/#website\"},\"primaryImageOfPage\":{\"@id\":\"https:\/\/www.estrategiaconcursos.com.br\/blog\/concurso-pm-al\/#primaryimage\"},\"image\":{\"@id\":\"https:\/\/www.estrategiaconcursos.com.br\/blog\/concurso-pm-al\/#primaryimage\"},\"thumbnailUrl\":\"https:\/\/dhg1h5j42swfq.cloudfront.net\/2021\/05\/14121551\/pm-al.jpg\",\"datePublished\":\"2026-04-27T11:00:00+00:00\",\"dateModified\":\"2026-04-27T11:59:19+00:00\",\"description\":\"Concurso PM AL tem edital publicado com 1.060 vagas para Soldado e Oficial. Inscri\u00e7\u00f5es abertas e provas em julho. Confira!\",\"breadcrumb\":{\"@id\":\"https:\/\/www.estrategiaconcursos.com.br\/blog\/concurso-pm-al\/#breadcrumb\"},\"inLanguage\":\"pt-BR\",\"potentialAction\":[{\"@type\":\"ReadAction\",\"target\":[\"https:\/\/www.estrategiaconcursos.com.br\/blog\/concurso-pm-al\/\"]}]},{\"@type\":\"ImageObject\",\"inLanguage\":\"pt-BR\",\"@id\":\"https:\/\/www.estrategiaconcursos.com.br\/blog\/concurso-pm-al\/#primaryimage\",\"url\":\"https:\/\/dhg1h5j42swfq.cloudfront.net\/2021\/05\/14121551\/pm-al.jpg\",\"contentUrl\":\"https:\/\/dhg1h5j42swfq.cloudfront.net\/2021\/05\/14121551\/pm-al.jpg\",\"width\":768,\"height\":432,\"caption\":\"PM AL\"},{\"@type\":\"BreadcrumbList\",\"@id\":\"https:\/\/www.estrategiaconcursos.com.br\/blog\/concurso-pm-al\/#breadcrumb\",\"itemListElement\":[{\"@type\":\"ListItem\",\"position\":1,\"name\":\"In\u00edcio\",\"item\":\"https:\/\/www.estrategiaconcursos.com.br\/blog\/\"},{\"@type\":\"ListItem\",\"position\":2,\"name\":\"Concurso PM AL: 1.060 vagas e at\u00e9 R$ 11,5 mil. Inscreva-se!\"}]},{\"@type\":\"WebSite\",\"@id\":\"https:\/\/www.estrategiaconcursos.com.br\/blog\/#website\",\"url\":\"https:\/\/www.estrategiaconcursos.com.br\/blog\/\",\"name\":\"Estrat\u00e9gia Concursos\",\"description\":\"O blog da Estrat\u00e9gia Concursos traz not\u00edcias sobre concursos e artigos de professores oferecendo cursos para concursos (pdf + videaulas) no site.\",\"publisher\":{\"@id\":\"https:\/\/www.estrategiaconcursos.com.br\/blog\/#organization\"},\"potentialAction\":[{\"@type\":\"SearchAction\",\"target\":{\"@type\":\"EntryPoint\",\"urlTemplate\":\"https:\/\/www.estrategiaconcursos.com.br\/blog\/?s={search_term_string}\"},\"query-input\":{\"@type\":\"PropertyValueSpecification\",\"valueRequired\":true,\"valueName\":\"search_term_string\"}}],\"inLanguage\":\"pt-BR\"},{\"@type\":\"Organization\",\"@id\":\"https:\/\/www.estrategiaconcursos.com.br\/blog\/#organization\",\"name\":\"Estrat\u00e9gia Concursos\",\"url\":\"https:\/\/www.estrategiaconcursos.com.br\/blog\/\",\"logo\":{\"@type\":\"ImageObject\",\"inLanguage\":\"pt-BR\",\"@id\":\"https:\/\/www.estrategiaconcursos.com.br\/blog\/#\/schema\/logo\/image\/\",\"url\":\"https:\/\/dhg1h5j42swfq.cloudfront.net\/2025\/06\/03203428\/logo_concursos-1.jpg\",\"contentUrl\":\"https:\/\/dhg1h5j42swfq.cloudfront.net\/2025\/06\/03203428\/logo_concursos-1.jpg\",\"width\":230,\"height\":60,\"caption\":\"Estrat\u00e9gia Concursos\"},\"image\":{\"@id\":\"https:\/\/www.estrategiaconcursos.com.br\/blog\/#\/schema\/logo\/image\/\"},\"sameAs\":[\"https:\/\/x.com\/EstratConcursos\"]},{\"@type\":\"Person\",\"@id\":\"https:\/\/www.estrategiaconcursos.com.br\/blog\/#\/schema\/person\/6630f91134abc08115cca62ce6372855\",\"name\":\"Bruna de Andrade Fran\u00e7a\",\"image\":{\"@type\":\"ImageObject\",\"inLanguage\":\"pt-BR\",\"@id\":\"https:\/\/secure.gravatar.com\/avatar\/d6316d36d50cea0fadae28ed3015b8870cc90a2d3d8a95c37b44006af36a00e3?s=96&d=mm&r=g\",\"url\":\"https:\/\/secure.gravatar.com\/avatar\/d6316d36d50cea0fadae28ed3015b8870cc90a2d3d8a95c37b44006af36a00e3?s=96&d=mm&r=g\",\"contentUrl\":\"https:\/\/secure.gravatar.com\/avatar\/d6316d36d50cea0fadae28ed3015b8870cc90a2d3d8a95c37b44006af36a00e3?s=96&d=mm&r=g\",\"caption\":\"Bruna de Andrade Fran\u00e7a\"},\"description\":\"Bruna de Andrade Fran\u00e7a \u00e9 publicit\u00e1ria com p\u00f3s-gradua\u00e7\u00e3o em Marketing &amp; Growth, atuando h\u00e1 mais de 6 anos no universo dos concursos p\u00fablicos. Desde 2021, lidera no Blog do Estrat\u00e9gia Concursos a cobertura editorial especializada em Concursos Policiais (PF, PRF, PM, PC, etc.), al\u00e9m das frentes de concursos banc\u00e1rios, de sa\u00fade e da \u00e1rea legislativa. Especialista em reda\u00e7\u00e3o, com pr\u00e1ticas de SEO e Copywriting, possui tamb\u00e9m atua\u00e7\u00e3o pr\u00e1tica de contato direto com \u00f3rg\u00e3os p\u00fablicos respons\u00e1veis por editais, permitindo acesso antecipado a informa\u00e7\u00f5es, desdobramentos importantes e atualiza\u00e7\u00e3o eficiente dos concursos p\u00fablicos.\",\"url\":\"https:\/\/www.estrategiaconcursos.com.br\/blog\/author\/bruna-andrade\/\"}]}<\/script>\n<!-- \/ Yoast SEO Premium plugin. -->","yoast_head_json":{"title":"Concurso PM AL: 1.060 vagas e at\u00e9 R$ 11,5 mil. Inscreva-se!","description":"Concurso PM AL tem edital publicado com 1.060 vagas para Soldado e Oficial. Inscri\u00e7\u00f5es abertas e provas em julho. Confira!","robots":{"index":"index","follow":"follow","max-snippet":"max-snippet:-1","max-image-preview":"max-image-preview:large","max-video-preview":"max-video-preview:-1"},"canonical":"https:\/\/www.estrategiaconcursos.com.br\/blog\/concurso-pm-al\/","og_locale":"pt_BR","og_type":"article","og_title":"Concurso PM AL: 1.060 vagas e at\u00e9 R$ 11,5 mil. Inscreva-se!","og_description":"Concurso PM AL tem edital publicado com 1.060 vagas para Soldado e Oficial. Inscri\u00e7\u00f5es abertas e provas em julho. Confira!","og_url":"https:\/\/www.estrategiaconcursos.com.br\/blog\/concurso-pm-al\/","og_site_name":"Estrat\u00e9gia Concursos","article_published_time":"2026-04-27T11:00:00+00:00","article_modified_time":"2026-04-27T11:59:19+00:00","og_image":[{"width":768,"height":432,"url":"https:\/\/dhg1h5j42swfq.cloudfront.net\/2021\/05\/14121551\/pm-al.jpg","type":"image\/jpeg"}],"author":"Bruna de Andrade Fran\u00e7a","twitter_card":"summary_large_image","twitter_creator":"@EstratConcursos","twitter_site":"@EstratConcursos","twitter_misc":{"Escrito por":"Bruna de Andrade Fran\u00e7a","Est. tempo de leitura":"13 minutos"},"schema":{"@context":"https:\/\/schema.org","@graph":[{"@type":"NewsArticle","@id":"https:\/\/www.estrategiaconcursos.com.br\/blog\/concurso-pm-al\/#article","isPartOf":{"@id":"https:\/\/www.estrategiaconcursos.com.br\/blog\/concurso-pm-al\/"},"author":{"name":"Bruna de Andrade Fran\u00e7a","@id":"https:\/\/www.estrategiaconcursos.com.br\/blog\/#\/schema\/person\/6630f91134abc08115cca62ce6372855"},"headline":"Concurso PM AL: 1.060 vagas e at\u00e9 R$ 11,5 mil. Inscreva-se!","datePublished":"2026-04-27T11:00:00+00:00","dateModified":"2026-04-27T11:59:19+00:00","mainEntityOfPage":{"@id":"https:\/\/www.estrategiaconcursos.com.br\/blog\/concurso-pm-al\/"},"wordCount":1782,"commentCount":13,"publisher":{"@id":"https:\/\/www.estrategiaconcursos.com.br\/blog\/#organization"},"image":{"@id":"https:\/\/www.estrategiaconcursos.com.br\/blog\/concurso-pm-al\/#primaryimage"},"thumbnailUrl":"https:\/\/dhg1h5j42swfq.cloudfront.net\/2021\/05\/14121551\/pm-al.jpg","keywords":["concurso pm al"],"articleSection":["Policial (PM\/BM - Oficial)","Policial (PM\/BM - Pra\u00e7as)"],"inLanguage":"pt-BR","potentialAction":[{"@type":"CommentAction","name":"Comment","target":["https:\/\/www.estrategiaconcursos.com.br\/blog\/concurso-pm-al\/#respond"]}],"copyrightYear":"2026","copyrightHolder":{"@id":"https:\/\/www.estrategiaconcursos.com.br\/blog\/#organization"}},{"@type":"WebPage","@id":"https:\/\/www.estrategiaconcursos.com.br\/blog\/concurso-pm-al\/","url":"https:\/\/www.estrategiaconcursos.com.br\/blog\/concurso-pm-al\/","name":"Concurso PM AL: 1.060 vagas e at\u00e9 R$ 11,5 mil. Inscreva-se!","isPartOf":{"@id":"https:\/\/www.estrategiaconcursos.com.br\/blog\/#website"},"primaryImageOfPage":{"@id":"https:\/\/www.estrategiaconcursos.com.br\/blog\/concurso-pm-al\/#primaryimage"},"image":{"@id":"https:\/\/www.estrategiaconcursos.com.br\/blog\/concurso-pm-al\/#primaryimage"},"thumbnailUrl":"https:\/\/dhg1h5j42swfq.cloudfront.net\/2021\/05\/14121551\/pm-al.jpg","datePublished":"2026-04-27T11:00:00+00:00","dateModified":"2026-04-27T11:59:19+00:00","description":"Concurso PM AL tem edital publicado com 1.060 vagas para Soldado e Oficial. Inscri\u00e7\u00f5es abertas e provas em julho. Confira!","breadcrumb":{"@id":"https:\/\/www.estrategiaconcursos.com.br\/blog\/concurso-pm-al\/#breadcrumb"},"inLanguage":"pt-BR","potentialAction":[{"@type":"ReadAction","target":["https:\/\/www.estrategiaconcursos.com.br\/blog\/concurso-pm-al\/"]}]},{"@type":"ImageObject","inLanguage":"pt-BR","@id":"https:\/\/www.estrategiaconcursos.com.br\/blog\/concurso-pm-al\/#primaryimage","url":"https:\/\/dhg1h5j42swfq.cloudfront.net\/2021\/05\/14121551\/pm-al.jpg","contentUrl":"https:\/\/dhg1h5j42swfq.cloudfront.net\/2021\/05\/14121551\/pm-al.jpg","width":768,"height":432,"caption":"PM AL"},{"@type":"BreadcrumbList","@id":"https:\/\/www.estrategiaconcursos.com.br\/blog\/concurso-pm-al\/#breadcrumb","itemListElement":[{"@type":"ListItem","position":1,"name":"In\u00edcio","item":"https:\/\/www.estrategiaconcursos.com.br\/blog\/"},{"@type":"ListItem","position":2,"name":"Concurso PM AL: 1.060 vagas e at\u00e9 R$ 11,5 mil. Inscreva-se!"}]},{"@type":"WebSite","@id":"https:\/\/www.estrategiaconcursos.com.br\/blog\/#website","url":"https:\/\/www.estrategiaconcursos.com.br\/blog\/","name":"Estrat\u00e9gia Concursos","description":"O blog da Estrat\u00e9gia Concursos traz not\u00edcias sobre concursos e artigos de professores oferecendo cursos para concursos (pdf + videaulas) no site.","publisher":{"@id":"https:\/\/www.estrategiaconcursos.com.br\/blog\/#organization"},"potentialAction":[{"@type":"SearchAction","target":{"@type":"EntryPoint","urlTemplate":"https:\/\/www.estrategiaconcursos.com.br\/blog\/?s={search_term_string}"},"query-input":{"@type":"PropertyValueSpecification","valueRequired":true,"valueName":"search_term_string"}}],"inLanguage":"pt-BR"},{"@type":"Organization","@id":"https:\/\/www.estrategiaconcursos.com.br\/blog\/#organization","name":"Estrat\u00e9gia Concursos","url":"https:\/\/www.estrategiaconcursos.com.br\/blog\/","logo":{"@type":"ImageObject","inLanguage":"pt-BR","@id":"https:\/\/www.estrategiaconcursos.com.br\/blog\/#\/schema\/logo\/image\/","url":"https:\/\/dhg1h5j42swfq.cloudfront.net\/2025\/06\/03203428\/logo_concursos-1.jpg","contentUrl":"https:\/\/dhg1h5j42swfq.cloudfront.net\/2025\/06\/03203428\/logo_concursos-1.jpg","width":230,"height":60,"caption":"Estrat\u00e9gia Concursos"},"image":{"@id":"https:\/\/www.estrategiaconcursos.com.br\/blog\/#\/schema\/logo\/image\/"},"sameAs":["https:\/\/x.com\/EstratConcursos"]},{"@type":"Person","@id":"https:\/\/www.estrategiaconcursos.com.br\/blog\/#\/schema\/person\/6630f91134abc08115cca62ce6372855","name":"Bruna de Andrade Fran\u00e7a","image":{"@type":"ImageObject","inLanguage":"pt-BR","@id":"https:\/\/secure.gravatar.com\/avatar\/d6316d36d50cea0fadae28ed3015b8870cc90a2d3d8a95c37b44006af36a00e3?s=96&d=mm&r=g","url":"https:\/\/secure.gravatar.com\/avatar\/d6316d36d50cea0fadae28ed3015b8870cc90a2d3d8a95c37b44006af36a00e3?s=96&d=mm&r=g","contentUrl":"https:\/\/secure.gravatar.com\/avatar\/d6316d36d50cea0fadae28ed3015b8870cc90a2d3d8a95c37b44006af36a00e3?s=96&d=mm&r=g","caption":"Bruna de Andrade Fran\u00e7a"},"description":"Bruna de Andrade Fran\u00e7a \u00e9 publicit\u00e1ria com p\u00f3s-gradua\u00e7\u00e3o em Marketing &amp; Growth, atuando h\u00e1 mais de 6 anos no universo dos concursos p\u00fablicos. Desde 2021, lidera no Blog do Estrat\u00e9gia Concursos a cobertura editorial especializada em Concursos Policiais (PF, PRF, PM, PC, etc.), al\u00e9m das frentes de concursos banc\u00e1rios, de sa\u00fade e da \u00e1rea legislativa. Especialista em reda\u00e7\u00e3o, com pr\u00e1ticas de SEO e Copywriting, possui tamb\u00e9m atua\u00e7\u00e3o pr\u00e1tica de contato direto com \u00f3rg\u00e3os p\u00fablicos respons\u00e1veis por editais, permitindo acesso antecipado a informa\u00e7\u00f5es, desdobramentos importantes e atualiza\u00e7\u00e3o eficiente dos concursos p\u00fablicos.","url":"https:\/\/www.estrategiaconcursos.com.br\/blog\/author\/bruna-andrade\/"}]}},"_links":{"self":[{"href":"https:\/\/www.estrategiaconcursos.com.br\/blog\/wp-json\/wp\/v2\/posts\/73416","targetHints":{"allow":["GET"]}}],"collection":[{"href":"https:\/\/www.estrategiaconcursos.com.br\/blog\/wp-json\/wp\/v2\/posts"}],"about":[{"href":"https:\/\/www.estrategiaconcursos.com.br\/blog\/wp-json\/wp\/v2\/types\/post"}],"author":[{"embeddable":true,"href":"https:\/\/www.estrategiaconcursos.com.br\/blog\/wp-json\/wp\/v2\/users\/1206"}],"replies":[{"embeddable":true,"href":"https:\/\/www.estrategiaconcursos.com.br\/blog\/wp-json\/wp\/v2\/comments?post=73416"}],"version-history":[{"count":331,"href":"https:\/\/www.estrategiaconcursos.com.br\/blog\/wp-json\/wp\/v2\/posts\/73416\/revisions"}],"predecessor-version":[{"id":1755809,"href":"https:\/\/www.estrategiaconcursos.com.br\/blog\/wp-json\/wp\/v2\/posts\/73416\/revisions\/1755809"}],"wp:featuredmedia":[{"embeddable":true,"href":"https:\/\/www.estrategiaconcursos.com.br\/blog\/wp-json\/wp\/v2\/media\/740957"}],"wp:attachment":[{"href":"https:\/\/www.estrategiaconcursos.com.br\/blog\/wp-json\/wp\/v2\/media?parent=73416"}],"wp:term":[{"taxonomy":"category","embeddable":true,"href":"https:\/\/www.estrategiaconcursos.com.br\/blog\/wp-json\/wp\/v2\/categories?post=73416"},{"taxonomy":"post_tag","embeddable":true,"href":"https:\/\/www.estrategiaconcursos.com.br\/blog\/wp-json\/wp\/v2\/tags?post=73416"},{"taxonomy":"tax_estado","embeddable":true,"href":"https:\/\/www.estrategiaconcursos.com.br\/blog\/wp-json\/wp\/v2\/tax_estado?post=73416"}],"curies":[{"name":"wp","href":"https:\/\/api.w.org\/{rel}","templated":true}]}}