{"id":73201,"date":"2017-05-09T08:59:43","date_gmt":"2017-05-09T11:59:43","guid":{"rendered":"https:\/\/www.estrategiaconcursos.com.br\/blog\/?p=73201"},"modified":"2018-09-21T16:51:05","modified_gmt":"2018-09-21T19:51:05","slug":"raciocinio-logico-terracap-provas-resolvidas-com-recurso","status":"publish","type":"post","link":"https:\/\/www.estrategiaconcursos.com.br\/blog\/raciocinio-logico-terracap-provas-resolvidas-com-recurso\/","title":{"rendered":"Racioc\u00ednio L\u00f3gico TERRACAP &#8211; provas resolvidas (com recurso!)"},"content":{"rendered":"<p style=\"text-align: justify;\">Caros alunos,<\/p>\n<p style=\"text-align: justify;\">Vejam a seguir a resolu\u00e7\u00e3o das quest\u00f5es de Racioc\u00ednio L\u00f3gico do concurso da TERRACAP para os cargos de n\u00edvel superior.<\/p>\n<p style=\"text-align: justify;\"><strong>QUADRIX &#8211; TERRACAP &#8211; 2017)<\/strong>\u00a0Os irm\u00e3os Jo\u00e3o e Pedro criam porcos para abate. Sabe-se que, na idade de abate, esses animais consomem, diariamente, a mesma quantidade de ra\u00e7\u00e3o. Jo\u00e3o e Pedro possuem certa quantidade de porcos prontos para abate e ra\u00e7\u00e3o em estoque suficiente para alimentar esses animais durante determinada quantidade de dias. Jo\u00e3o prop\u00f4s a Pedro a venda de 75 porcos em idade de abate e, com isso, a ra\u00e7\u00e3o em estoque daria para mais 20 dias. J\u00e1 Pedro prop\u00f4s a Jo\u00e3o a compra de outros 100 porcos em idade de abate e, com isso, a ra\u00e7\u00e3o em estoque acabaria 15 dias antes do previsto. Com base nesse caso hipot\u00e9tico, \u00e9 correto afirmar que os irm\u00e3os possuem<br \/>\n(A) 200 porcos prontos para abate e ra\u00e7\u00e3o em estoque suficiente para aliment\u00e1-los durante 80 dias.<br \/>\n(B) 250 porcos prontos para abate e ra\u00e7\u00e3o em estoque suficiente para aliment\u00e1-los durante 70 dias.<br \/>\n(C) 300 porcos prontos para abate e ra\u00e7\u00e3o em estoque\u00a0suficiente para aliment\u00e1-los durante 60 dias.<br \/>\n(D) 350 porcos prontos para abate e ra\u00e7\u00e3o em estoque suficiente para aliment\u00e1-los durante 50 dias.<br \/>\n(E) 400 porcos prontos para abate e ra\u00e7\u00e3o em estoque suficiente para aliment\u00e1-los durante 40 dias.<\/p>\n<p style=\"text-align: justify;\"><strong>RESOLU\u00c7\u00c3O:<\/strong><\/p>\n<p style=\"text-align: justify;\">Seja N o n\u00famero de porcos que eles possuem inicialmente, e D o n\u00famero de dias que a ra\u00e7\u00e3o duraria. Na situa\u00e7\u00e3o proposta por Jo\u00e3o, eles ficariam com N-75 porcos e a ra\u00e7\u00e3o duraria 20+D dias. Na situa\u00e7\u00e3o proposta por Pedro, eles ficariam com N+100 porcos e a ra\u00e7\u00e3o duraria mais D-15 dias.<\/p>\n<p style=\"text-align: justify;\">A quantidade de ra\u00e7\u00e3o, em todos os casos, \u00e9 proporcional \u00e0\u00a0multiplica\u00e7\u00e3o entre o n\u00famero de porcos e o n\u00famero de dias de consumo. Ou seja,<\/p>\n<p style=\"text-align: justify;\">N.D = (N-75).(20+D)<\/p>\n<p style=\"text-align: justify;\">e<\/p>\n<p style=\"text-align: justify;\">N.D = (N+100).(D-15)<\/p>\n<p style=\"text-align: justify;\">\n<p style=\"text-align: justify;\">Desenvolvendo a primeira equa\u00e7\u00e3o:<\/p>\n<p style=\"text-align: justify;\">N.D = 20N + N.D &#8211; 1500 &#8211; 75D<\/p>\n<p style=\"text-align: justify;\">0 = 20N\u00a0&#8211; 1500 &#8211; 75D<\/p>\n<p style=\"text-align: justify;\">\n<p style=\"text-align: justify;\">Desenvolvendo a segunda:<\/p>\n<p style=\"text-align: justify;\">N.D = N.D &#8211; 15N + 100D &#8211; 1500<\/p>\n<p style=\"text-align: justify;\">0 = &#8211; 15N + 100D &#8211; 1500<\/p>\n<p style=\"text-align: justify;\">\n<p style=\"text-align: justify;\">Ficamos com as equa\u00e7\u00f5es:<\/p>\n<p style=\"text-align: justify;\">0 = 20N\u00a0&#8211; 1500 &#8211; 75D<\/p>\n<p style=\"text-align: justify;\">0 = &#8211; 15N + 100D &#8211; 1500<\/p>\n<p style=\"text-align: justify;\">\n<p style=\"text-align: justify;\">Multiplicando a primeira por 3 e a segunda por 4, veja como ficamos:<\/p>\n<p style=\"text-align: justify;\">0 = 60N &#8211; 4500 &#8211; 225D<\/p>\n<p style=\"text-align: justify;\">0 = -60N + 400D &#8211; 6000<\/p>\n<p style=\"text-align: justify;\">\n<p style=\"text-align: justify;\">Somando as equa\u00e7\u00f5es, vamos cancelar 60N com -60N, ficando com:<\/p>\n<p style=\"text-align: justify;\">0 = -4500 &#8211; 6000 &#8211; 225D + 400D<\/p>\n<p style=\"text-align: justify;\">0 = -10500 +\u00a0175D<\/p>\n<p style=\"text-align: justify;\">10500 = 175D<\/p>\n<p style=\"text-align: justify;\">D = 60 dias<\/p>\n<p style=\"text-align: justify;\">\n<p style=\"text-align: justify;\">O n\u00famero de porcos pode ser obtido na equa\u00e7\u00e3o:<\/p>\n<p style=\"text-align: justify;\">0 = 20N\u00a0&#8211; 1500 &#8211; 75D<\/p>\n<p style=\"text-align: justify;\">0 = 20N\u00a0&#8211; 1500 &#8211; 75.60<\/p>\n<p style=\"text-align: justify;\">0 = 20N\u00a0&#8211; 1500 &#8211; 4500<\/p>\n<p style=\"text-align: justify;\">6000 = 20N<\/p>\n<p style=\"text-align: justify;\">N = 300 porcos<\/p>\n<p style=\"text-align: justify;\">\n<p style=\"text-align: justify;\">Portanto, na data inicial os irm\u00e3os possuem 300 porcos, e a ra\u00e7\u00e3o duraria 60 dias.<\/p>\n<p style=\"text-align: justify;\"><b>Resposta: C<\/b><\/p>\n<p style=\"text-align: justify;\">\n<p style=\"text-align: justify;\"><strong>QUADRIX &#8211; TERRACAP &#8211; 2017)<\/strong>\u00a0Por problemas de log\u00edstica, os candidatos a um dos 18 empregos dispon\u00edveis no edital do concurso da Terracap \u2014 3 empregos de n\u00edvel m\u00e9dio e 15 empregos de n\u00edvel superior \u2014 dever\u00e3o realizar suas provas em data diferente da dos demais. Para evitar coment\u00e1rios de favorecimento ou de preju\u00edzo, ser\u00e1 realizado um sorteio para se decidir para qual emprego a data das provas ser\u00e1 alterada. Assim, os empregos foram numerados de 1 a 18 e foram colocadas, em uma urna, 18 bolas id\u00eanticas, numeradas de 1 a 18, correspondentes \u00e0s numera\u00e7\u00f5es dos empregos, para que se processe o sorteio. Nessa situa\u00e7\u00e3o hipot\u00e9tica,<\/p>\n<p style=\"text-align: justify;\">(A) a probabilidade de ser escolhido um emprego de n\u00edvel m\u00e9dio \u00e9 inferior a 15%.<br \/>\n(B) a probabilidade de ser escolhido um emprego de n\u00edvel superior \u00e9 superior a 85%.<br \/>\n(C) a probabilidade de ser escolhido um emprego de numera\u00e7\u00e3o par \u00e9 menor que a probabilidade de ser escolhido um emprego de numera\u00e7\u00e3o \u00edmpar.<br \/>\n(D) a probabilidade de ser escolhido um emprego cuja numera\u00e7\u00e3o seja um divisor de 18 \u00e9 superior a 30%.<br \/>\n(E) lembrando que o n\u00famero 1 n\u00e3o \u00e9 considerado como um n\u00famero primo, ent\u00e3o a probabilidade de ser escolhido um emprego cuja numera\u00e7\u00e3o seja um n\u00famero primo \u00e9 inferior a 35%.<\/p>\n<p style=\"text-align: justify;\"><strong>RESOLU\u00c7\u00c3O:<\/strong><\/p>\n<p style=\"text-align: justify;\">A probabilidade de escolher um emprego de n\u00edvel m\u00e9dio \u00e9 de 3 em 18, ou seja, 3\/18 = 1 \/ 6 = 0,166 = 16,6%. J\u00e1 a probabilidade de escolher um emprego de n\u00edvel superior \u00e9 de 100% &#8211; 16,6% = 83,4%. As alternativas A e B est\u00e3o erradas.<\/p>\n<p style=\"text-align: justify;\">Temos 9 empregos com n\u00famero par e 9 com n\u00famero \u00edmpar, de modo que as probabilidades de escolher um emprego com numera\u00e7\u00e3o par ou com numera\u00e7\u00e3o \u00edmpar s\u00e3o iguais entre si (50%). A alternativa C est\u00e1 errada.<\/p>\n<p style=\"text-align: justify;\">Os divisores de 18 s\u00e3o 1, 2, 3, 6, 9 e 18. Ou seja, temos 6 divisores. A chance de sair um deles \u00e9 de 6\/18 = 1\/3 = 33,3%. A alternativa D est\u00e1 correta.<\/p>\n<p style=\"text-align: justify;\">Os n\u00fameros primos s\u00e3o 2, 3, 5, 7, 11, 13 e 17. Temos 7 n\u00fameros primos. A chance de sair um deles \u00e9 de 7\/18 = 38,8%. A letra E est\u00e1 errada.<\/p>\n<p style=\"text-align: justify;\"><b>Resposta: D<\/b><\/p>\n<p style=\"text-align: justify;\">\n<p style=\"text-align: justify;\"><strong>QUADRIX &#8211; TERRACAP &#8211; 2017)<\/strong>\u00a0Considere-se que determinada categoria profissional tenha conseguido da classe patronal uma gratifica\u00e7\u00e3o de produtividade a ser paga mensalmente, mas que decresceria, anualmente, at\u00e9 que houvesse mudan\u00e7as na pol\u00edtica econ\u00f4mica do pa\u00eds e a empresa voltasse a crescer. No primeiro ano, o valor do abono correspondia a 2\/5 da renumera\u00e7\u00e3o da categoria profissional. No segundo ano, o abono seria de 2\/5 do valor do abono do ano anterior e assim sucessivamente. Se, no terceiro ano, o valor do abono foi de R$ 600,00, ent\u00e3o a remunera\u00e7\u00e3o dessa categoria profissional era<br \/>\n(A) inferior a R$ 9.000,00.<br \/>\n(B) superior a R$ 9.000,00 e inferior a R$ 9.500,00.<br \/>\n(C) superior a R$ 9.500,00 e inferior a R$ 10.000,00.<br \/>\n(D) superior a R$ 10.000,00 e inferior a R$ 10.500,00.<br \/>\n(E) superior a R$ 10.500,00.<\/p>\n<p style=\"text-align: justify;\"><strong>RESOLU\u00c7\u00c3O:<\/strong><\/p>\n<p style=\"text-align: justify;\">Veja que, de um ano para o outro, estamos multiplicando o abono por 2\/5. Se queremos &#8220;voltar no tempo&#8221;, basta ir dividindo o abono de um ano posterior por 2\/5 para obter o abono do ano anterior.<\/p>\n<p style=\"text-align: justify;\">Se o abono do terceiro ano foi 600, o abono do segundo ano foi 600 \/ (2\/5) = 600 x 5\/2 = 1500 reais.<\/p>\n<p style=\"text-align: justify;\">Se o abono do segundo ano foi 1500 reais, o abono do primeiro ano foi 1500 \/ (2\/5) = 1500 x 5\/2 = 3750 reais.<\/p>\n<p style=\"text-align: justify;\">Como o abono do primeiro ano foi 2\/5 do sal\u00e1rio, podemos dizer que:<\/p>\n<p style=\"text-align: justify;\">Abono = 2\/5 x Sal\u00e1rio<\/p>\n<p style=\"text-align: justify;\">3750 = 2\/5 x Sal\u00e1rio<\/p>\n<p style=\"text-align: justify;\">3750 x 5\/2 = Sal\u00e1rio<\/p>\n<p style=\"text-align: justify;\">Sal\u00e1rio = 9375 reais.<\/p>\n<p style=\"text-align: justify;\"><b>Resposta: B<\/b><\/p>\n<p style=\"text-align: justify;\">\n<p style=\"text-align: justify;\"><strong>QUADRIX &#8211; TERRACAP &#8211; 2017)<\/strong>\u00a0Um anagrama de determinada palavra \u00e9 uma \u201cpalavra\u201d \u2014 que pode ou n\u00e3o ter significado \u2014 formada pelas mesmas letras da palavra dada inicialmente. Assim, a quantidade de anagramas que se pode formar com a palavra TERRACAP, de modo que as quatro primeiras letras sejam os anagramas de RRAA \u2014 as letras repetidas da palavra dada \u2014 \u00e9<br \/>\n(A) inferior a 150.<br \/>\n(B) superior a 150 e inferior a 160.<br \/>\n(C) superior a 160 e inferior a 170.<br \/>\n(D) superior a 170 e inferior a 180.<br \/>\n(E) superior a 180.<\/p>\n<p style=\"text-align: justify;\"><strong>RESOLU\u00c7\u00c3O:<\/strong><\/p>\n<p style=\"text-align: justify;\">Devemos deixar as letras RRAA no in\u00edcio e as letras TECP na parte final do anagrama.<\/p>\n<p style=\"text-align: justify;\">Os anagramas obtidos a partir de RRAA consistem na permuta\u00e7\u00e3o de 4 letras com repeti\u00e7\u00e3o de 2R e 2A, ou seja, P(4; 2 e 2) = 4! \/ (2!x2!) = 24 \/ (2&#215;2) = 6 anagramas.<\/p>\n<p style=\"text-align: justify;\">Os anagramas obtidos a partir de TECP consistem na permuta\u00e7\u00e3o simples de 4 letras, ou seja, P(4) = 4! = 24 anagramas.<\/p>\n<p style=\"text-align: justify;\">Como as permuta\u00e7\u00f5es da primeira parte INDEPENDEM das permuta\u00e7\u00f5es da segunda parte, devemos multiplicar as possibilidades, ficando com 6 x 24 = 144 anagramas.<\/p>\n<p style=\"text-align: justify;\"><b>Resposta: A<\/b><\/p>\n<p style=\"text-align: justify;\">\n<p style=\"text-align: justify;\"><strong>QUADRIX &#8211; TERRACAP &#8211; 2017)<\/strong>\u00a0Considere-se a seguinte frase, retirada e adaptada do edital que regulamenta o presente concurso: \u201cTodos os candidatos aprovados e que se inscreveram como pessoa com defici\u00eancia ir\u00e3o compor o cadastro de reserva\u201d. Nesse caso, assinale a alternativa que apresenta uma proposi\u00e7\u00e3o correta de acordo com a norma citada.<br \/>\n(A) O cadastro de reserva ser\u00e1 formado integralmente por candidatos aprovados que se inscreveram como pessoa com defici\u00eancia.<br \/>\n(B) Se o nome de Felipe apareceu no cadastro de reserva, ent\u00e3o Felipe foi aprovado e se inscreveu como pessoa com defici\u00eancia.<br \/>\n(C) Se o nome de Marta n\u00e3o apareceu no cadastro de reserva, ent\u00e3o Marta se inscreveu como candidata a vagas da ampla concorr\u00eancia.<br \/>\n(D) Se o nome do candidato aprovado Natanael n\u00e3o apareceu no cadastro de reserva, ent\u00e3o ele n\u00e3o se inscreveu como pessoa com defici\u00eancia.<br \/>\n(E) Se o nome do candidato Marcelo n\u00e3o apareceu no cadastro de reserva, ent\u00e3o Marcelo foi aprovado, mas n\u00e3o como pessoa com defici\u00eancia.<\/p>\n<p style=\"text-align: justify;\"><strong>RESOLU\u00c7\u00c3O:<\/strong><\/p>\n<p style=\"text-align: justify;\">Como TODOS os aprovados e que se inscreveram como pessoa com defici\u00eancia compor\u00e3o o cadastro, podemos dizer que, se um determinado candidato \u00a0foi aprovado e se inscreveu como pessoa com defici\u00eancia, ent\u00e3o certamente ele vai compor o cadastro.<\/p>\n<p style=\"text-align: justify;\">Ou seja, podemos transformar a frase na proposi\u00e7\u00e3o condicional:<\/p>\n<p style=\"text-align: justify;\">&#8220;Se um candidato foi aprovado e se inscreveu como pessoa com defici\u00eancia, ent\u00e3o ele ir\u00e1 compor o cadastro de reserva&#8221;<\/p>\n<p style=\"text-align: justify;\">\n<p style=\"text-align: justify;\">Vamos julgar as op\u00e7\u00f5es de resposta:<\/p>\n<p style=\"text-align: justify;\"><em>(A) O cadastro de reserva ser\u00e1 formado integralmente por candidatos aprovados que se inscreveram como pessoa com defici\u00eancia.<\/em><\/p>\n<p style=\"text-align: justify;\">ERRADO! A frase diz que os aprovados que se inscreveram como deficientes ir\u00e3o compor o cadastro, mas n\u00e3o diz que o cadastro ser\u00e1 EXCLUSIVAMENTE composto por estas pessoas. \u00c9 poss\u00edvel que outras pessoas aprovadas e que n\u00e3o se inscreveram como deficientes tamb\u00e9m componham o cadastro. Na proposi\u00e7\u00e3o do enunciado temos uma condi\u00e7\u00e3o (ser aprovado e deficiente) que, se obedecida, leva a um resultado obrigat\u00f3rio (compor o cadastro). Mas NADA podemos afirmar sobre o que acontece quando a condi\u00e7\u00e3o n\u00e3o \u00e9 obedecida (por exemplo, quando uma pessoa \u00e9 aprovada e N\u00c3O \u00e9 deficiente). Portanto, \u00e9 poss\u00edvel SIM que pessoas aprovadas e n\u00e3o deficientes componham o cadastro, motivo pelo qual N\u00c3O temos elementos suficientes para concluir que o cadastro ter\u00e1 apenas pessoas com defici\u00eancia.<\/p>\n<p style=\"text-align: justify;\">\n<em>(B) Se o nome de Felipe apareceu no cadastro de reserva, ent\u00e3o Felipe foi aprovado e se inscreveu como pessoa com defici\u00eancia.<\/em><\/p>\n<p style=\"text-align: justify;\">ERRADO. Na condicional que eu escrevi acima, veja que no caso de Felipe a parte final (ele ir\u00e1 compor o cadastro)\u00a0\u00e9 V, de modo que a parte inicial da condicional pode ser V ou F (ele pode ou n\u00e3o ter sido aprovado e ter se inscrito como pessoa com defici\u00eancia).<\/p>\n<p style=\"text-align: justify;\">\n<em>(C) Se o nome de Marta n\u00e3o apareceu no cadastro de reserva, ent\u00e3o Marta se inscreveu como candidata a vagas da ampla concorr\u00eancia.<\/em><\/p>\n<p style=\"text-align: justify;\">ERRADO. Marta pode ter se inscrito como pessoa com defici\u00eancia, mas n\u00e3o ter sido aprovada (e por isso n\u00e3o aparecer no cadastro).<\/p>\n<p style=\"text-align: justify;\">\n<em>(D) Se o nome do candidato aprovado Natanael n\u00e3o apareceu no cadastro de reserva, ent\u00e3o ele n\u00e3o se inscreveu como pessoa com defici\u00eancia.<\/em><\/p>\n<p style=\"text-align: justify;\">CORRETO. A condicional\u00a0&#8220;Se um candidato foi aprovado e se inscreveu como pessoa com defici\u00eancia, ent\u00e3o ele ir\u00e1 compor o cadastro de reserva&#8221; equivale a &#8220;Se um candidato N\u00c3O compor o cadastro de reserva, ent\u00e3o ele n\u00e3o foi aprovado ou n\u00e3o se inscreveu como pessoa com defici\u00eancia&#8221;. Como Natanael n\u00e3o comp\u00f4s o cadastro de reserva (a primeira parte desta condicional \u00e9 V) e ele foi aprovado (o trecho &#8220;ele n\u00e3o foi aprovado&#8221;) \u00e9 F, precisamos que o trecho &#8220;n\u00e3o se inscreveu como pessoa com defici\u00eancia&#8221; seja V para que a condicional fique verdadeira. Ou seja, Natanael realmente n\u00e3o se inscreveu como pessoa com defici\u00eancia.<\/p>\n<p style=\"text-align: justify;\">\n<em>(E) Se o nome do candidato Marcelo n\u00e3o apareceu no cadastro de reserva, ent\u00e3o Marcelo foi aprovado, mas n\u00e3o como pessoa com defici\u00eancia.<\/em><\/p>\n<p style=\"text-align: justify;\">ERRADO. Marcelo pode simplesmente n\u00e3o ter sido aprovado e, com isso, n\u00e3o apareceu no cadastro de reserva (tendo se inscrito como deficiente ou n\u00e3o).<\/p>\n<p style=\"text-align: justify;\">\n<p style=\"text-align: justify;\">Veja que o gabarito oficial da banca foi a alternativa A. Entendo que a letra A est\u00e1 claramente equivocada, sendo correta a letra D. Esta quest\u00e3o merece recurso pleiteando a mudan\u00e7a de gabarito.<\/p>\n<p style=\"text-align: justify;\"><b>Resposta: A (mas o correto \u00e9 a D)<\/b><\/p>\n","protected":false},"excerpt":{"rendered":"<p>Caros alunos, Vejam a seguir a resolu\u00e7\u00e3o das quest\u00f5es de Racioc\u00ednio L\u00f3gico do concurso da TERRACAP para os cargos de n\u00edvel superior. QUADRIX &#8211; TERRACAP &#8211; 2017)\u00a0Os irm\u00e3os Jo\u00e3o e Pedro criam porcos para abate. Sabe-se que, na idade de abate, esses animais consomem, diariamente, a mesma quantidade de ra\u00e7\u00e3o. Jo\u00e3o e Pedro possuem certa [&hellip;]<\/p>\n","protected":false},"author":48,"featured_media":43262,"comment_status":"open","ping_status":"open","sticky":false,"template":"","format":"standard","meta":{"post_tipo":"article","footnotes":""},"categories":[1],"tags":[],"tax_estado":[],"class_list":["post-73201","post","type-post","status-publish","format-standard","has-post-thumbnail","hentry","category-cursos-e-concursos"],"acf":[],"yoast_head":"<!-- This site is optimized with the Yoast SEO Premium plugin v27.2 (Yoast SEO v27.2) - https:\/\/yoast.com\/product\/yoast-seo-premium-wordpress\/ -->\n<title>Racioc\u00ednio L\u00f3gico TERRACAP - provas resolvidas (com recurso!)<\/title>\n<meta name=\"robots\" content=\"index, follow, max-snippet:-1, max-image-preview:large, max-video-preview:-1\" \/>\n<link rel=\"canonical\" href=\"https:\/\/www.estrategiaconcursos.com.br\/blog\/raciocinio-logico-terracap-provas-resolvidas-com-recurso\/\" \/>\n<meta property=\"og:locale\" content=\"pt_BR\" \/>\n<meta property=\"og:type\" content=\"article\" \/>\n<meta property=\"og:title\" content=\"Racioc\u00ednio L\u00f3gico TERRACAP - provas resolvidas (com recurso!)\" \/>\n<meta property=\"og:description\" content=\"Caros alunos, Vejam a seguir a resolu\u00e7\u00e3o das quest\u00f5es de Racioc\u00ednio L\u00f3gico do concurso da TERRACAP para os cargos de n\u00edvel superior. QUADRIX &#8211; TERRACAP &#8211; 2017)\u00a0Os irm\u00e3os Jo\u00e3o e Pedro criam porcos para abate. Sabe-se que, na idade de abate, esses animais consomem, diariamente, a mesma quantidade de ra\u00e7\u00e3o. Jo\u00e3o e Pedro possuem certa [&hellip;]\" \/>\n<meta property=\"og:url\" content=\"https:\/\/www.estrategiaconcursos.com.br\/blog\/raciocinio-logico-terracap-provas-resolvidas-com-recurso\/\" \/>\n<meta property=\"og:site_name\" content=\"Estrat\u00e9gia Concursos\" \/>\n<meta property=\"article:published_time\" content=\"2017-05-09T11:59:43+00:00\" \/>\n<meta property=\"article:modified_time\" content=\"2018-09-21T19:51:05+00:00\" \/>\n<meta property=\"og:image\" content=\"https:\/\/dhg1h5j42swfq.cloudfront.net\/2016\/07\/09202054\/gabarito-e1509444514343.jpeg\" \/>\n\t<meta property=\"og:image:width\" content=\"400\" \/>\n\t<meta property=\"og:image:height\" content=\"267\" \/>\n\t<meta property=\"og:image:type\" content=\"image\/jpeg\" \/>\n<meta name=\"author\" content=\"Coordena\u00e7\u00e3o\" \/>\n<meta name=\"twitter:card\" content=\"summary_large_image\" \/>\n<meta name=\"twitter:creator\" content=\"@EstratConcursos\" \/>\n<meta name=\"twitter:site\" content=\"@EstratConcursos\" \/>\n<meta name=\"twitter:label1\" content=\"Escrito por\" \/>\n\t<meta name=\"twitter:data1\" content=\"Coordena\u00e7\u00e3o\" \/>\n\t<meta name=\"twitter:label2\" content=\"Est. tempo de leitura\" \/>\n\t<meta name=\"twitter:data2\" content=\"10 minutos\" \/>\n<script type=\"application\/ld+json\" class=\"yoast-schema-graph\">{\"@context\":\"https:\/\/schema.org\",\"@graph\":[{\"@type\":\"NewsArticle\",\"@id\":\"https:\/\/www.estrategiaconcursos.com.br\/blog\/raciocinio-logico-terracap-provas-resolvidas-com-recurso\/#article\",\"isPartOf\":{\"@id\":\"https:\/\/www.estrategiaconcursos.com.br\/blog\/raciocinio-logico-terracap-provas-resolvidas-com-recurso\/\"},\"author\":{\"name\":\"Coordena\u00e7\u00e3o\",\"@id\":\"https:\/\/www.estrategiaconcursos.com.br\/blog\/#\/schema\/person\/cdad40b5818eb228a838461fcd656da7\"},\"headline\":\"Racioc\u00ednio L\u00f3gico TERRACAP &#8211; provas resolvidas (com recurso!)\",\"datePublished\":\"2017-05-09T11:59:43+00:00\",\"dateModified\":\"2018-09-21T19:51:05+00:00\",\"mainEntityOfPage\":{\"@id\":\"https:\/\/www.estrategiaconcursos.com.br\/blog\/raciocinio-logico-terracap-provas-resolvidas-com-recurso\/\"},\"wordCount\":1979,\"commentCount\":1,\"publisher\":{\"@id\":\"https:\/\/www.estrategiaconcursos.com.br\/blog\/#organization\"},\"image\":{\"@id\":\"https:\/\/www.estrategiaconcursos.com.br\/blog\/raciocinio-logico-terracap-provas-resolvidas-com-recurso\/#primaryimage\"},\"thumbnailUrl\":\"https:\/\/dhg1h5j42swfq.cloudfront.net\/2016\/07\/09202054\/gabarito-e1509444514343.jpeg\",\"articleSection\":[\"Concursos P\u00fablicos\"],\"inLanguage\":\"pt-BR\",\"potentialAction\":[{\"@type\":\"CommentAction\",\"name\":\"Comment\",\"target\":[\"https:\/\/www.estrategiaconcursos.com.br\/blog\/raciocinio-logico-terracap-provas-resolvidas-com-recurso\/#respond\"]}],\"copyrightYear\":\"2017\",\"copyrightHolder\":{\"@id\":\"https:\/\/www.estrategiaconcursos.com.br\/blog\/#organization\"}},{\"@type\":\"WebPage\",\"@id\":\"https:\/\/www.estrategiaconcursos.com.br\/blog\/raciocinio-logico-terracap-provas-resolvidas-com-recurso\/\",\"url\":\"https:\/\/www.estrategiaconcursos.com.br\/blog\/raciocinio-logico-terracap-provas-resolvidas-com-recurso\/\",\"name\":\"Racioc\u00ednio L\u00f3gico TERRACAP - provas resolvidas (com recurso!)\",\"isPartOf\":{\"@id\":\"https:\/\/www.estrategiaconcursos.com.br\/blog\/#website\"},\"primaryImageOfPage\":{\"@id\":\"https:\/\/www.estrategiaconcursos.com.br\/blog\/raciocinio-logico-terracap-provas-resolvidas-com-recurso\/#primaryimage\"},\"image\":{\"@id\":\"https:\/\/www.estrategiaconcursos.com.br\/blog\/raciocinio-logico-terracap-provas-resolvidas-com-recurso\/#primaryimage\"},\"thumbnailUrl\":\"https:\/\/dhg1h5j42swfq.cloudfront.net\/2016\/07\/09202054\/gabarito-e1509444514343.jpeg\",\"datePublished\":\"2017-05-09T11:59:43+00:00\",\"dateModified\":\"2018-09-21T19:51:05+00:00\",\"breadcrumb\":{\"@id\":\"https:\/\/www.estrategiaconcursos.com.br\/blog\/raciocinio-logico-terracap-provas-resolvidas-com-recurso\/#breadcrumb\"},\"inLanguage\":\"pt-BR\",\"potentialAction\":[{\"@type\":\"ReadAction\",\"target\":[\"https:\/\/www.estrategiaconcursos.com.br\/blog\/raciocinio-logico-terracap-provas-resolvidas-com-recurso\/\"]}]},{\"@type\":\"ImageObject\",\"inLanguage\":\"pt-BR\",\"@id\":\"https:\/\/www.estrategiaconcursos.com.br\/blog\/raciocinio-logico-terracap-provas-resolvidas-com-recurso\/#primaryimage\",\"url\":\"https:\/\/dhg1h5j42swfq.cloudfront.net\/2016\/07\/09202054\/gabarito-e1509444514343.jpeg\",\"contentUrl\":\"https:\/\/dhg1h5j42swfq.cloudfront.net\/2016\/07\/09202054\/gabarito-e1509444514343.jpeg\",\"width\":400,\"height\":267,\"caption\":\"concursos 2019\"},{\"@type\":\"BreadcrumbList\",\"@id\":\"https:\/\/www.estrategiaconcursos.com.br\/blog\/raciocinio-logico-terracap-provas-resolvidas-com-recurso\/#breadcrumb\",\"itemListElement\":[{\"@type\":\"ListItem\",\"position\":1,\"name\":\"In\u00edcio\",\"item\":\"https:\/\/www.estrategiaconcursos.com.br\/blog\/\"},{\"@type\":\"ListItem\",\"position\":2,\"name\":\"Racioc\u00ednio L\u00f3gico TERRACAP &#8211; provas resolvidas (com recurso!)\"}]},{\"@type\":\"WebSite\",\"@id\":\"https:\/\/www.estrategiaconcursos.com.br\/blog\/#website\",\"url\":\"https:\/\/www.estrategiaconcursos.com.br\/blog\/\",\"name\":\"Estrat\u00e9gia Concursos\",\"description\":\"O blog da Estrat\u00e9gia Concursos traz not\u00edcias sobre concursos e artigos de professores oferecendo cursos para concursos (pdf + videaulas) no site.\",\"publisher\":{\"@id\":\"https:\/\/www.estrategiaconcursos.com.br\/blog\/#organization\"},\"potentialAction\":[{\"@type\":\"SearchAction\",\"target\":{\"@type\":\"EntryPoint\",\"urlTemplate\":\"https:\/\/www.estrategiaconcursos.com.br\/blog\/?s={search_term_string}\"},\"query-input\":{\"@type\":\"PropertyValueSpecification\",\"valueRequired\":true,\"valueName\":\"search_term_string\"}}],\"inLanguage\":\"pt-BR\"},{\"@type\":\"Organization\",\"@id\":\"https:\/\/www.estrategiaconcursos.com.br\/blog\/#organization\",\"name\":\"Estrat\u00e9gia Concursos\",\"url\":\"https:\/\/www.estrategiaconcursos.com.br\/blog\/\",\"logo\":{\"@type\":\"ImageObject\",\"inLanguage\":\"pt-BR\",\"@id\":\"https:\/\/www.estrategiaconcursos.com.br\/blog\/#\/schema\/logo\/image\/\",\"url\":\"https:\/\/dhg1h5j42swfq.cloudfront.net\/2025\/06\/03203428\/logo_concursos-1.jpg\",\"contentUrl\":\"https:\/\/dhg1h5j42swfq.cloudfront.net\/2025\/06\/03203428\/logo_concursos-1.jpg\",\"width\":230,\"height\":60,\"caption\":\"Estrat\u00e9gia Concursos\"},\"image\":{\"@id\":\"https:\/\/www.estrategiaconcursos.com.br\/blog\/#\/schema\/logo\/image\/\"},\"sameAs\":[\"https:\/\/x.com\/EstratConcursos\"]},{\"@type\":\"Person\",\"@id\":\"https:\/\/www.estrategiaconcursos.com.br\/blog\/#\/schema\/person\/cdad40b5818eb228a838461fcd656da7\",\"name\":\"Coordena\u00e7\u00e3o\",\"image\":{\"@type\":\"ImageObject\",\"inLanguage\":\"pt-BR\",\"@id\":\"https:\/\/secure.gravatar.com\/avatar\/a413b22da0f5009c634f6c4586a2dbe5207074fd5becd88db5183b8069ef25e4?s=96&d=mm&r=g\",\"url\":\"https:\/\/secure.gravatar.com\/avatar\/a413b22da0f5009c634f6c4586a2dbe5207074fd5becd88db5183b8069ef25e4?s=96&d=mm&r=g\",\"contentUrl\":\"https:\/\/secure.gravatar.com\/avatar\/a413b22da0f5009c634f6c4586a2dbe5207074fd5becd88db5183b8069ef25e4?s=96&d=mm&r=g\",\"caption\":\"Coordena\u00e7\u00e3o\"},\"url\":\"https:\/\/www.estrategiaconcursos.com.br\/blog\/author\/contatoestrategiaconcursos-com-br\/\"}]}<\/script>\n<!-- \/ Yoast SEO Premium plugin. -->","yoast_head_json":{"title":"Racioc\u00ednio L\u00f3gico TERRACAP - provas resolvidas (com recurso!)","robots":{"index":"index","follow":"follow","max-snippet":"max-snippet:-1","max-image-preview":"max-image-preview:large","max-video-preview":"max-video-preview:-1"},"canonical":"https:\/\/www.estrategiaconcursos.com.br\/blog\/raciocinio-logico-terracap-provas-resolvidas-com-recurso\/","og_locale":"pt_BR","og_type":"article","og_title":"Racioc\u00ednio L\u00f3gico TERRACAP - provas resolvidas (com recurso!)","og_description":"Caros alunos, Vejam a seguir a resolu\u00e7\u00e3o das quest\u00f5es de Racioc\u00ednio L\u00f3gico do concurso da TERRACAP para os cargos de n\u00edvel superior. QUADRIX &#8211; TERRACAP &#8211; 2017)\u00a0Os irm\u00e3os Jo\u00e3o e Pedro criam porcos para abate. Sabe-se que, na idade de abate, esses animais consomem, diariamente, a mesma quantidade de ra\u00e7\u00e3o. Jo\u00e3o e Pedro possuem certa [&hellip;]","og_url":"https:\/\/www.estrategiaconcursos.com.br\/blog\/raciocinio-logico-terracap-provas-resolvidas-com-recurso\/","og_site_name":"Estrat\u00e9gia Concursos","article_published_time":"2017-05-09T11:59:43+00:00","article_modified_time":"2018-09-21T19:51:05+00:00","og_image":[{"width":400,"height":267,"url":"https:\/\/dhg1h5j42swfq.cloudfront.net\/2016\/07\/09202054\/gabarito-e1509444514343.jpeg","type":"image\/jpeg"}],"author":"Coordena\u00e7\u00e3o","twitter_card":"summary_large_image","twitter_creator":"@EstratConcursos","twitter_site":"@EstratConcursos","twitter_misc":{"Escrito por":"Coordena\u00e7\u00e3o","Est. tempo de leitura":"10 minutos"},"schema":{"@context":"https:\/\/schema.org","@graph":[{"@type":"NewsArticle","@id":"https:\/\/www.estrategiaconcursos.com.br\/blog\/raciocinio-logico-terracap-provas-resolvidas-com-recurso\/#article","isPartOf":{"@id":"https:\/\/www.estrategiaconcursos.com.br\/blog\/raciocinio-logico-terracap-provas-resolvidas-com-recurso\/"},"author":{"name":"Coordena\u00e7\u00e3o","@id":"https:\/\/www.estrategiaconcursos.com.br\/blog\/#\/schema\/person\/cdad40b5818eb228a838461fcd656da7"},"headline":"Racioc\u00ednio L\u00f3gico TERRACAP &#8211; provas resolvidas (com recurso!)","datePublished":"2017-05-09T11:59:43+00:00","dateModified":"2018-09-21T19:51:05+00:00","mainEntityOfPage":{"@id":"https:\/\/www.estrategiaconcursos.com.br\/blog\/raciocinio-logico-terracap-provas-resolvidas-com-recurso\/"},"wordCount":1979,"commentCount":1,"publisher":{"@id":"https:\/\/www.estrategiaconcursos.com.br\/blog\/#organization"},"image":{"@id":"https:\/\/www.estrategiaconcursos.com.br\/blog\/raciocinio-logico-terracap-provas-resolvidas-com-recurso\/#primaryimage"},"thumbnailUrl":"https:\/\/dhg1h5j42swfq.cloudfront.net\/2016\/07\/09202054\/gabarito-e1509444514343.jpeg","articleSection":["Concursos P\u00fablicos"],"inLanguage":"pt-BR","potentialAction":[{"@type":"CommentAction","name":"Comment","target":["https:\/\/www.estrategiaconcursos.com.br\/blog\/raciocinio-logico-terracap-provas-resolvidas-com-recurso\/#respond"]}],"copyrightYear":"2017","copyrightHolder":{"@id":"https:\/\/www.estrategiaconcursos.com.br\/blog\/#organization"}},{"@type":"WebPage","@id":"https:\/\/www.estrategiaconcursos.com.br\/blog\/raciocinio-logico-terracap-provas-resolvidas-com-recurso\/","url":"https:\/\/www.estrategiaconcursos.com.br\/blog\/raciocinio-logico-terracap-provas-resolvidas-com-recurso\/","name":"Racioc\u00ednio L\u00f3gico TERRACAP - provas resolvidas (com recurso!)","isPartOf":{"@id":"https:\/\/www.estrategiaconcursos.com.br\/blog\/#website"},"primaryImageOfPage":{"@id":"https:\/\/www.estrategiaconcursos.com.br\/blog\/raciocinio-logico-terracap-provas-resolvidas-com-recurso\/#primaryimage"},"image":{"@id":"https:\/\/www.estrategiaconcursos.com.br\/blog\/raciocinio-logico-terracap-provas-resolvidas-com-recurso\/#primaryimage"},"thumbnailUrl":"https:\/\/dhg1h5j42swfq.cloudfront.net\/2016\/07\/09202054\/gabarito-e1509444514343.jpeg","datePublished":"2017-05-09T11:59:43+00:00","dateModified":"2018-09-21T19:51:05+00:00","breadcrumb":{"@id":"https:\/\/www.estrategiaconcursos.com.br\/blog\/raciocinio-logico-terracap-provas-resolvidas-com-recurso\/#breadcrumb"},"inLanguage":"pt-BR","potentialAction":[{"@type":"ReadAction","target":["https:\/\/www.estrategiaconcursos.com.br\/blog\/raciocinio-logico-terracap-provas-resolvidas-com-recurso\/"]}]},{"@type":"ImageObject","inLanguage":"pt-BR","@id":"https:\/\/www.estrategiaconcursos.com.br\/blog\/raciocinio-logico-terracap-provas-resolvidas-com-recurso\/#primaryimage","url":"https:\/\/dhg1h5j42swfq.cloudfront.net\/2016\/07\/09202054\/gabarito-e1509444514343.jpeg","contentUrl":"https:\/\/dhg1h5j42swfq.cloudfront.net\/2016\/07\/09202054\/gabarito-e1509444514343.jpeg","width":400,"height":267,"caption":"concursos 2019"},{"@type":"BreadcrumbList","@id":"https:\/\/www.estrategiaconcursos.com.br\/blog\/raciocinio-logico-terracap-provas-resolvidas-com-recurso\/#breadcrumb","itemListElement":[{"@type":"ListItem","position":1,"name":"In\u00edcio","item":"https:\/\/www.estrategiaconcursos.com.br\/blog\/"},{"@type":"ListItem","position":2,"name":"Racioc\u00ednio L\u00f3gico TERRACAP &#8211; provas resolvidas (com recurso!)"}]},{"@type":"WebSite","@id":"https:\/\/www.estrategiaconcursos.com.br\/blog\/#website","url":"https:\/\/www.estrategiaconcursos.com.br\/blog\/","name":"Estrat\u00e9gia Concursos","description":"O blog da Estrat\u00e9gia Concursos traz not\u00edcias sobre concursos e artigos de professores oferecendo cursos para concursos (pdf + videaulas) no site.","publisher":{"@id":"https:\/\/www.estrategiaconcursos.com.br\/blog\/#organization"},"potentialAction":[{"@type":"SearchAction","target":{"@type":"EntryPoint","urlTemplate":"https:\/\/www.estrategiaconcursos.com.br\/blog\/?s={search_term_string}"},"query-input":{"@type":"PropertyValueSpecification","valueRequired":true,"valueName":"search_term_string"}}],"inLanguage":"pt-BR"},{"@type":"Organization","@id":"https:\/\/www.estrategiaconcursos.com.br\/blog\/#organization","name":"Estrat\u00e9gia Concursos","url":"https:\/\/www.estrategiaconcursos.com.br\/blog\/","logo":{"@type":"ImageObject","inLanguage":"pt-BR","@id":"https:\/\/www.estrategiaconcursos.com.br\/blog\/#\/schema\/logo\/image\/","url":"https:\/\/dhg1h5j42swfq.cloudfront.net\/2025\/06\/03203428\/logo_concursos-1.jpg","contentUrl":"https:\/\/dhg1h5j42swfq.cloudfront.net\/2025\/06\/03203428\/logo_concursos-1.jpg","width":230,"height":60,"caption":"Estrat\u00e9gia Concursos"},"image":{"@id":"https:\/\/www.estrategiaconcursos.com.br\/blog\/#\/schema\/logo\/image\/"},"sameAs":["https:\/\/x.com\/EstratConcursos"]},{"@type":"Person","@id":"https:\/\/www.estrategiaconcursos.com.br\/blog\/#\/schema\/person\/cdad40b5818eb228a838461fcd656da7","name":"Coordena\u00e7\u00e3o","image":{"@type":"ImageObject","inLanguage":"pt-BR","@id":"https:\/\/secure.gravatar.com\/avatar\/a413b22da0f5009c634f6c4586a2dbe5207074fd5becd88db5183b8069ef25e4?s=96&d=mm&r=g","url":"https:\/\/secure.gravatar.com\/avatar\/a413b22da0f5009c634f6c4586a2dbe5207074fd5becd88db5183b8069ef25e4?s=96&d=mm&r=g","contentUrl":"https:\/\/secure.gravatar.com\/avatar\/a413b22da0f5009c634f6c4586a2dbe5207074fd5becd88db5183b8069ef25e4?s=96&d=mm&r=g","caption":"Coordena\u00e7\u00e3o"},"url":"https:\/\/www.estrategiaconcursos.com.br\/blog\/author\/contatoestrategiaconcursos-com-br\/"}]}},"_links":{"self":[{"href":"https:\/\/www.estrategiaconcursos.com.br\/blog\/wp-json\/wp\/v2\/posts\/73201","targetHints":{"allow":["GET"]}}],"collection":[{"href":"https:\/\/www.estrategiaconcursos.com.br\/blog\/wp-json\/wp\/v2\/posts"}],"about":[{"href":"https:\/\/www.estrategiaconcursos.com.br\/blog\/wp-json\/wp\/v2\/types\/post"}],"author":[{"embeddable":true,"href":"https:\/\/www.estrategiaconcursos.com.br\/blog\/wp-json\/wp\/v2\/users\/48"}],"replies":[{"embeddable":true,"href":"https:\/\/www.estrategiaconcursos.com.br\/blog\/wp-json\/wp\/v2\/comments?post=73201"}],"version-history":[{"count":2,"href":"https:\/\/www.estrategiaconcursos.com.br\/blog\/wp-json\/wp\/v2\/posts\/73201\/revisions"}],"predecessor-version":[{"id":142282,"href":"https:\/\/www.estrategiaconcursos.com.br\/blog\/wp-json\/wp\/v2\/posts\/73201\/revisions\/142282"}],"wp:featuredmedia":[{"embeddable":true,"href":"https:\/\/www.estrategiaconcursos.com.br\/blog\/wp-json\/wp\/v2\/media\/43262"}],"wp:attachment":[{"href":"https:\/\/www.estrategiaconcursos.com.br\/blog\/wp-json\/wp\/v2\/media?parent=73201"}],"wp:term":[{"taxonomy":"category","embeddable":true,"href":"https:\/\/www.estrategiaconcursos.com.br\/blog\/wp-json\/wp\/v2\/categories?post=73201"},{"taxonomy":"post_tag","embeddable":true,"href":"https:\/\/www.estrategiaconcursos.com.br\/blog\/wp-json\/wp\/v2\/tags?post=73201"},{"taxonomy":"tax_estado","embeddable":true,"href":"https:\/\/www.estrategiaconcursos.com.br\/blog\/wp-json\/wp\/v2\/tax_estado?post=73201"}],"curies":[{"name":"wp","href":"https:\/\/api.w.org\/{rel}","templated":true}]}}