{"id":73135,"date":"2017-05-09T06:57:44","date_gmt":"2017-05-09T09:57:44","guid":{"rendered":"https:\/\/www.estrategiaconcursos.com.br\/blog\/?p=73135"},"modified":"2018-12-13T13:28:31","modified_gmt":"2018-12-13T16:28:31","slug":"edital-esa-2017","status":"publish","type":"post","link":"https:\/\/www.estrategiaconcursos.com.br\/blog\/edital-esa-2017\/","title":{"rendered":"Edital ESA 2017. Mais de 1.000 vagas. Saiba tudo agora."},"content":{"rendered":"<h4 style=\"text-align: justify;\"><span style=\"color: #0000cd;\"><span style=\"font-family: tahoma,geneva,sans-serif;\">O Edital ESA 2017 est\u00e1 na pra\u00e7a.<\/span><\/span><\/h4>\n<p style=\"text-align: justify;\"><span style=\"font-family: tahoma,geneva,sans-serif;\"><span style=\"color: #000000;\">O Ex\u00e9rcito Brasileiro publicou no dia 08\/05\/2017 tr\u00eas editais para o\u00a0<strong>Concurso ESA (Escola de\u00a0Sargentos das Armas)<\/strong>. Esses editais s\u00e3o para concurso de admiss\u00e3o nos cursos de forma\u00e7\u00e3o de:<\/span><\/span><\/p>\n<p style=\"text-align: justify; margin-left: 40px;\"><span style=\"font-family: tahoma,geneva,sans-serif;\"><span style=\"color: #000000;\">\u2666Sargento do Ex\u00e9rcito Geral\/Avia\u00e7\u00e3o, <\/span><\/span><\/p>\n<p style=\"text-align: justify; margin-left: 40px;\"><span style=\"font-family: tahoma,geneva,sans-serif;\"><span style=\"color: #000000;\">\u2666Sargento\u00a0M\u00fasico\u00a0e <\/span><\/span><\/p>\n<p style=\"text-align: justify; margin-left: 40px;\"><span style=\"font-family: tahoma,geneva,sans-serif;\"><span style=\"color: #000000;\">\u2666Sargento\u00a0de Sa\u00fade.<\/span><\/span><\/p>\n<p style=\"text-align: justify;\"><span style=\"color: #000000;\">Saiba mais detalhes adiante.<\/span><\/p>\n<p style=\"text-align: justify;\"><img loading=\"lazy\" decoding=\"async\" width=\"1446\" height=\"816\" class=\"alignnone size-full wp-image-73136\" style=\"width: 800px; height: 451px;\" src=\"https:\/\/dhg1h5j42swfq.cloudfront.net\/2017\/05\/08183321\/Adinoel-ESA-2017-logotipo.jpg\" alt=\"Edital ESA 2017\" srcset=\"https:\/\/dhg1h5j42swfq.cloudfront.net\/2017\/05\/08183321\/Adinoel-ESA-2017-logotipo.jpg 1446w, https:\/\/dhg1h5j42swfq.cloudfront.net\/2017\/05\/08183321\/Adinoel-ESA-2017-logotipo.jpg 300w, https:\/\/dhg1h5j42swfq.cloudfront.net\/2017\/05\/08183321\/Adinoel-ESA-2017-logotipo.jpg 768w, https:\/\/dhg1h5j42swfq.cloudfront.net\/2017\/05\/08183321\/Adinoel-ESA-2017-logotipo.jpg 1024w, https:\/\/dhg1h5j42swfq.cloudfront.net\/2017\/05\/08183321\/Adinoel-ESA-2017-logotipo.jpg 610w\" sizes=\"auto, (max-width: 1446px) 100vw, 1446px\" \/><\/p>\n<h4 style=\"text-align: justify;\"><span style=\"color: #0000cd;\"><span style=\"font-family: tahoma,geneva,sans-serif;\">INSCRI\u00c7\u00d5ES<\/span><\/span><\/h4>\n<p style=\"text-align: justify;\"><span style=\"color: #000000;\"><span style=\"font-family: tahoma,geneva,sans-serif;\">As inscri\u00e7\u00f5es poder\u00e3o ser efetuadas de 08\/05\/17 a 12\/06\/17.<\/span><\/span><\/p>\n<p style=\"text-align: justify;\"><span style=\"font-family: tahoma,geneva,sans-serif;\"><span style=\"color: #000000;\">As inscri\u00e7\u00f5es somente poder\u00e3o ser feitas pela internet no seguinte endere\u00e7o:\u00a0<\/span><u><a href=\"http:\/\/www.esa.ensino.eb.br\" target=\"_blank\" rel=\"noopener\"><span style=\"color: #0000ff;\">www.esa.ensino.eb.br<\/span><\/a><\/u><span style=\"color: #000000;\">.<\/span><\/span><\/p>\n<p style=\"text-align: justify;\"><span style=\"color: #000000;\"><span style=\"font-family: tahoma,geneva,sans-serif;\">O valor da taxa de inscri\u00e7\u00e3o para o concurso \u00e9 de R$ 80,00 (oitenta reais). <\/span><\/span><\/p>\n<p style=\"text-align: justify;\"><span style=\"color: #000000;\"><span style=\"font-family: tahoma,geneva,sans-serif;\"><strong>Importante<\/strong>: somente efetue pagamento do boleto banc\u00e1rio emitido por interm\u00e9dio do s\u00edtio da ESA (Escola de Sargento das Armas).<\/span><\/span><\/p>\n<h4 style=\"text-align: justify;\"><span style=\"color: #0000cd;\"><span style=\"font-family: tahoma,geneva,sans-serif;\">VAGAS<\/span><\/span><\/h4>\n<p style=\"text-align: justify;\"><span style=\"color: #000000;\"><span style=\"font-family: tahoma,geneva,sans-serif;\">O Edital ESA 2017 est\u00e1 ofertando 1.100 vagas para os Curso de Forma\u00e7\u00e3o de Sargento. Adiante, voc\u00ea tem um quadro que demonstra a quantidade de vagas ofertadas para cada curso.<\/span><\/span><\/p>\n<p style=\"text-align: center;\"><img loading=\"lazy\" decoding=\"async\" class=\"size-full wp-image-73141 aligncenter\" style=\"width: 600px; height: 264px;\" title=\"\" src=\"https:\/\/dhg1h5j42swfq.cloudfront.net\/2017\/05\/08185054\/Adinoel-ESA-2017-vagas-01.jpg\" alt=\"edital esa 2017\" width=\"740\" height=\"326\" srcset=\"https:\/\/dhg1h5j42swfq.cloudfront.net\/2017\/05\/08185054\/Adinoel-ESA-2017-vagas-01.jpg 740w, https:\/\/dhg1h5j42swfq.cloudfront.net\/2017\/05\/08185054\/Adinoel-ESA-2017-vagas-01.jpg 300w, https:\/\/dhg1h5j42swfq.cloudfront.net\/2017\/05\/08185054\/Adinoel-ESA-2017-vagas-01.jpg 610w\" sizes=\"auto, (max-width: 740px) 100vw, 740px\" \/> <img loading=\"lazy\" decoding=\"async\" width=\"741\" height=\"368\" class=\"alignnone size-full wp-image-73142\" style=\"width: 600px; height: 298px;\" src=\"https:\/\/dhg1h5j42swfq.cloudfront.net\/2017\/05\/08185055\/Adinoel-ESA-2017-vagas-02.jpg\" alt=\"edital esa 2017\" srcset=\"https:\/\/dhg1h5j42swfq.cloudfront.net\/2017\/05\/08185055\/Adinoel-ESA-2017-vagas-02.jpg 741w, https:\/\/dhg1h5j42swfq.cloudfront.net\/2017\/05\/08185055\/Adinoel-ESA-2017-vagas-02.jpg 300w, https:\/\/dhg1h5j42swfq.cloudfront.net\/2017\/05\/08185055\/Adinoel-ESA-2017-vagas-02.jpg 610w\" sizes=\"auto, (max-width: 741px) 100vw, 741px\" \/><\/p>\n<h4 style=\"text-align: justify;\"><span style=\"color: #0000cd;\"><span style=\"font-family: tahoma,geneva,sans-serif;\">REMUNERA\u00c7\u00c3O<\/span><\/span><\/h4>\n<p style=\"text-align: justify;\"><span style=\"color: #000000;\"><span style=\"font-family: tahoma,geneva,sans-serif;\">Ap\u00f3s a formatura, o Sargento ter\u00e1 uma remunera\u00e7\u00e3o de aproximadamente R$ 3.500,00 (valores de 2017). No entanto, durante o curso de forma\u00e7\u00e3o, o aluno ter\u00e1 ajuda de custo para moradia, alimenta\u00e7\u00e3o e assist\u00eancia m\u00e9dica, odontol\u00f3gica e psicol\u00f3gica.<\/span><\/span><\/p>\n<h4 style=\"text-align: justify;\"><span style=\"color: #0000cd;\"><span style=\"font-family: tahoma,geneva,sans-serif;\">REQUISITOS B\u00c1SICOS<\/span><\/span><\/h4>\n<p style=\"text-align: justify;\"><span style=\"color: #000000;\"><span style=\"font-family: tahoma,geneva,sans-serif;\">Para concorrer a uma das vagas dos cursos de forma\u00e7\u00e3o o candidato deve possuir os seguintes requisitos:<\/span><\/span><\/p>\n<p style=\"text-align: justify; margin-left: 40px;\"><span style=\"color: #000000;\"><span style=\"font-family: tahoma,geneva,sans-serif;\">\u2666ser brasileiro(a) nato(a) ou naturalizado(a);<\/span><\/span><\/p>\n<p style=\"text-align: justify; margin-left: 40px;\"><span style=\"color: #000000;\"><span style=\"font-family: tahoma,geneva,sans-serif;\">\u2666ter conclu\u00eddo o ensino m\u00e9dio. Se estiver cursando a \u00faltima s\u00e9rie desse n\u00edvel escolar (3\u00aa s\u00e9rie) no ano da inscri\u00e7\u00e3o para o concurso, somente ser\u00e1 habilitado(a) \u00e0 matr\u00edcula se conclu\u00ed-la com aproveitamento, antes do encerramento do Concurso de Admiss\u00e3o;<\/span><\/span><\/p>\n<p style=\"text-align: justify; margin-left: 40px;\"><span style=\"color: #000000;\"><span style=\"font-family: tahoma,geneva,sans-serif;\">\u2666possuir no m\u00ednimo, 17 (dezessete) e, no m\u00e1ximo, 24 (vinte e quatro) anos de idade, sendo que, para as \u00e1reas de sa\u00fade e m\u00fasica, a idade m\u00e1xima ser\u00e1 de 26 (vinte e seis) anos de idade. Para todas as \u00e1reas as idades ser\u00e3o referenciadas a 31 de dezembro do ano da matr\u00edcula;<\/span><\/span><\/p>\n<p style=\"text-align: justify; margin-left: 40px;\"><span style=\"color: #000000;\"><span style=\"font-family: tahoma,geneva,sans-serif;\">\u2666se militar da ativa de For\u00e7a Armada ou de For\u00e7as Auxiliares, estar classificado(a), nos termos do Regulamento Disciplinar do Ex\u00e9rcito, no m\u00ednimo, no comportamento \u201cbom\u201d ou equivalente na For\u00e7a espec\u00edfica;<\/span><\/span><\/p>\n<p style=\"text-align: justify; margin-left: 40px;\"><span style=\"color: #000000;\"><span style=\"font-family: tahoma,geneva,sans-serif;\">\u2666n\u00e3o ter sido julgado(a), em inspe\u00e7\u00e3o de sa\u00fade (IS), \u201cincapaz definitivamente\u201d para o servi\u00e7o ativo do Ex\u00e9rcito, da Marinha, da Aeron\u00e1utica, de Pol\u00edcia Militar ou de Corpo de Bombeiros Militar;<\/span><\/span><\/p>\n<p style=\"text-align: justify; margin-left: 40px;\"><span style=\"color: #000000;\"><span style=\"font-family: tahoma,geneva,sans-serif;\">\u2666estar em dia com suas obriga\u00e7\u00f5es perante o Servi\u00e7o Militar e a Justi\u00e7a Eleitoral, quando aplic\u00e1vel;<\/span><\/span><\/p>\n<p style=\"text-align: justify; margin-left: 40px;\"><span style=\"color: #000000;\"><span style=\"font-family: tahoma,geneva,sans-serif;\">\u2666se ex-integrante de qualquer uma das For\u00e7as Armadas ou de For\u00e7a Auxiliar, n\u00e3o ter sido demitido(a) ex-officio por ter sido declarado(a) indigno(a) para o oficialato ou com ele incompat\u00edvel, exclu\u00eddo(a) ou licenciado(a) a bem da disciplina, salvo em caso de reabilita\u00e7\u00e3o;<\/span><\/span><\/p>\n<p style=\"text-align: justify; margin-left: 40px;\"><span style=\"color: #000000;\"><span style=\"font-family: tahoma,geneva,sans-serif;\">\u2666n\u00e3o ser oficial, aspirante-a-oficial ou guarda-marinha que esteja na ativa das For\u00e7as Armadas ou das For\u00e7as Auxiliares, podendo ser oficial da reserva n\u00e3o-remunerada (de 2\u00aa classe, tempor\u00e1rio);<\/span><\/span><\/p>\n<p style=\"text-align: justify; margin-left: 40px;\"><span style=\"color: #000000;\"><span style=\"font-family: tahoma,geneva,sans-serif;\">\u2666se do sexo masculino, ter, no m\u00ednimo, 1,60m (um metro e sessenta cent\u00edmetros) de altura, sendo que esta limita\u00e7\u00e3o n\u00e3o se aplica aos candidatos com at\u00e9 16 (dezesseis) anos de idade, desde que possuam a altura m\u00ednima de 1,57 m (um metro e cinquenta e sete cent\u00edmetros) e exame especializado revele a possibilidade do crescimento, ou se do sexo feminino, ter, no m\u00ednimo, 1,55m (um metro e cinquenta e cinco cent\u00edmetros) de altura;<\/span><\/span><\/p>\n<p style=\"text-align: justify; margin-left: 40px;\"><span style=\"color: #000000;\"><span style=\"font-family: tahoma,geneva,sans-serif;\">\u2666se menor de 18 (dezoito) anos, estar autorizado(a) por seu respons\u00e1vel legal a submeter-se ao Concurso de Admiss\u00e3o;<\/span><\/span><\/p>\n<p style=\"text-align: justify; margin-left: 40px;\"><span style=\"color: #000000;\"><span style=\"font-family: tahoma,geneva,sans-serif;\">\u2666n\u00e3o ser portador(a) de doen\u00e7a ou limita\u00e7\u00e3o incapacitante para o exerc\u00edcio do cargo, a ser verificado na IS e na Revis\u00e3o M\u00e9dica;<\/span><\/span><\/p>\n<p style=\"text-align: justify; margin-left: 40px;\"><span style=\"color: #000000;\"><span style=\"font-family: tahoma,geneva,sans-serif;\">\u2666possuir aptid\u00e3o f\u00edsica que o(a) habilite ao ingresso na carreira de sargento do Ex\u00e9rcito Brasileiro (EB), a ser verificada em exame de aptid\u00e3o f\u00edsica;<\/span><\/span><\/p>\n<p style=\"text-align: justify; margin-left: 40px;\"><span style=\"color: #000000;\"><span style=\"font-family: tahoma,geneva,sans-serif;\">\u2666possuir idoneidade moral que o(a) habilite ao ingresso na carreira de sargento do EB e, ainda, n\u00e3o exercer ou n\u00e3o ter exercido atividades prejudiciais ou perigosas \u00e0 seguran\u00e7a nacional;<\/span><\/span><\/p>\n<p style=\"text-align: justify; margin-left: 40px;\"><span style=\"color: #000000;\"><span style=\"font-family: tahoma,geneva,sans-serif;\">\u2666apresentar declara\u00e7\u00e3o de pr\u00f3prio punho quanto ao exerc\u00edcio ou n\u00e3o de outro cargo, emprego ou fun\u00e7\u00e3o p\u00fablica e sobre recebimento de proventos decorrentes de aposentadoria e pens\u00e3o;<\/span><\/span><\/p>\n<p style=\"text-align: justify; margin-left: 40px;\"><span style=\"color: #000000;\"><span style=\"font-family: tahoma,geneva,sans-serif;\">\u2666n\u00e3o apresentar tatuagens que, nos termos de detalhamento constante de normas do Comando do Ex\u00e9rcito, fa\u00e7a alus\u00e3o \u00e0 ideologia terrorista ou extremista contr\u00e1ria \u00e0s institui\u00e7\u00f5es democr\u00e1ticas; \u00e0 viol\u00eancia; \u00e0 criminalidade; \u00e0 ideia ou ato libidinoso; \u00e0 discrimina\u00e7\u00e3o ou preconceito de ra\u00e7a, credo, sexo ou origem; ou, ainda, \u00e0 ideia ou ato ofensivo \u00e0s For\u00e7as Armadas;<\/span><\/span><\/p>\n<p style=\"text-align: justify; margin-left: 40px;\"><span style=\"color: #000000;\"><span style=\"font-family: tahoma,geneva,sans-serif;\">\u2666n\u00e3o estar na condi\u00e7\u00e3o de r\u00e9u (r\u00e9) em a\u00e7\u00e3o penal;<\/span><\/span><\/p>\n<p style=\"text-align: justify; margin-left: 40px;\"><span style=\"color: #000000;\"><span style=\"font-family: tahoma,geneva,sans-serif;\">\u2666n\u00e3o ter sido, nos \u00faltimos 5 (cinco) anos, na forma da legisla\u00e7\u00e3o vigente:<br \/>\n\u2666 \u2666responsabilizado(a) por ato lesivo ao patrim\u00f4nio p\u00fablico de qualquer esfera do governo em processo disciplinar administrativo, do qual n\u00e3o caiba mais recurso, contado o prazo a partir da data do cumprimento da san\u00e7\u00e3o;<br \/>\n\u2666 \u2666condenado(a) em processo criminal transitado em julgado, contando o prazo a partir da data do cumprimento da pena;<\/span><\/span><\/p>\n<p style=\"text-align: justify; margin-left: 40px;\"><span style=\"color: #000000;\"><span style=\"font-family: tahoma,geneva,sans-serif;\">\u2666o(a)s candidato(a)s da \u00e1rea Sa\u00fade dever\u00e3o ter conclu\u00eddo o curso de T\u00e9cnico em Enfermagem at\u00e9 a data de sua apresenta\u00e7\u00e3o na organiza\u00e7\u00e3o militar de corpo de tropa (OMCT), portando, nessa ocasi\u00e3o, c\u00f3pia do certificado ou diploma de conclus\u00e3o do curso, autenticada em cart\u00f3rio, expedida pelo estabelecimento de ensino civil respons\u00e1vel. O curso dever\u00e1 ter seu registro reconhecido pelo Minist\u00e9rio da Educa\u00e7\u00e3o e pelo Conselho Regional de Enfermagem (COREN);<\/span><\/span><\/p>\n<p style=\"text-align: justify; margin-left: 40px;\"><span style=\"color: #000000;\"><span style=\"font-family: tahoma,geneva,sans-serif;\">\u2666o(a)s candidato(a)s da \u00e1rea Sa\u00fade dever\u00e3o, tamb\u00e9m, apresentar registro no COREN;<\/span><\/span><\/p>\n<p style=\"text-align: justify; margin-left: 40px;\"><span style=\"color: #000000;\"><span style=\"font-family: tahoma,geneva,sans-serif;\">\u2666o(a)s candidato(a)s da \u00e1rea M\u00fasica dever\u00e3o comprovar serem possuidore(a)s de habilidade na execu\u00e7\u00e3o de partituras com o instrumento musical correspondente a um dos naipes abrangidos pelas vagas estabelecidas em Portaria do Estado-Maior do Ex\u00e9rcito (EME), a ser verificada em exames espec\u00edficos do concurso de admiss\u00e3o.<\/span><\/span><\/p>\n<h4 style=\"text-align: justify;\"><span style=\"color: #0000cd;\"><span style=\"font-family: tahoma,geneva,sans-serif;\">ETAPAS DE CONCURSO DE ADMISS\u00c3O<\/span><\/span><\/h4>\n<p style=\"text-align: justify;\"><span style=\"color: #000000;\"><span style=\"font-family: tahoma,geneva,sans-serif;\">O concurso de admiss\u00e3o aos Cursos de Forma\u00e7\u00e3o de Sargentos ser\u00e1 dividido em duas fases. Esse concurso\u00a0visa \u00e0 avalia\u00e7\u00e3o e classifica\u00e7\u00e3o dos candidatos, de acordo com o n\u00famero de vagas fixado pelo Estado-Maior do Ex\u00e9rcito (EME) para cada um dos cursos. O concurso ser\u00e1\u00a0realizado, simultaneamente, em localidades distribu\u00eddas por todo o territ\u00f3rio nacional, selecionando os candidatos que demonstrarem possuir capacidade intelectual, conhecimentos fundamentais, vigor f\u00edsico e condi\u00e7\u00f5es de sa\u00fade que lhes possibilitem acompanhar os estudos e suportar os esfor\u00e7os exigidos durante a realiza\u00e7\u00e3o dos Cursos de Forma\u00e7\u00e3o de Sargentos.<\/span><\/span><\/p>\n<p style=\"text-align: justify;\"><span style=\"color: #000000;\"><span style=\"font-family: tahoma,geneva,sans-serif;\">A\u00a0<strong><u>1\u00aa fase<\/u><\/strong> ser\u00e1\u00a0composta de 5 (cinco) etapas, a saber:<\/span><\/span><\/p>\n<p style=\"margin-left: 40px; text-align: justify;\"><span style=\"color: #000000;\"><span style=\"font-family: tahoma,geneva,sans-serif;\">\u2666<strong>exame intelectual (EI)<\/strong>, para todos os candidatos inscritos de car\u00e1ter eliminat\u00f3rio e classificat\u00f3rio;<\/span><\/span><\/p>\n<p style=\"margin-left: 40px; text-align: justify;\"><span style=\"color: #000000;\"><span style=\"font-family: tahoma,geneva,sans-serif;\">\u2666<strong>valora\u00e7\u00e3o de t\u00edtulos<\/strong>, da qual participar\u00e3o apenas os candidatos aprovados no EI, de car\u00e1ter classificat\u00f3rio. Os candidatos que n\u00e3o possu\u00edrem T\u00edtulos participar\u00e3o somente das etapas subsequentes (nenhum candidato ser\u00e1 eliminado nessa etapa);<\/span><\/span><\/p>\n<p style=\"margin-left: 40px; text-align: justify;\"><span style=\"color: #000000;\"><span style=\"font-family: tahoma,geneva,sans-serif;\">\u2666<strong>inspe\u00e7\u00e3o de sa\u00fade (IS)<\/strong>, esta inspe\u00e7\u00e3o se destina aos aprovados no EI e classificados dentro das vagas destinadas \u00e0s \u00e1reas, bem como aos inclu\u00eddos na majora\u00e7\u00e3o que forem convocados pela ESA para continuarem no concurso de admiss\u00e3o, de car\u00e1ter eliminat\u00f3rio;<\/span><\/span><\/p>\n<p style=\"margin-left: 40px; text-align: justify;\"><span style=\"color: #000000;\"><span style=\"font-family: tahoma,geneva,sans-serif;\">\u2666<strong>exame de aptid\u00e3o f\u00edsica (EAF)<\/strong>, para os candidatos de todas as \u00e1reas, aprovados no EI e aptos na IS, de car\u00e1ter eliminat\u00f3rio;<\/span><\/span><\/p>\n<p style=\"margin-left: 40px; text-align: justify;\"><span style=\"color: #000000;\"><span style=\"font-family: tahoma,geneva,sans-serif;\">\u2666<strong>exame de habilita\u00e7\u00e3o musical (EHM)<\/strong>, para os candidatos da \u00e1rea M\u00fasica aprovados (aptos) nas etapas anteriores e convocados para este exame pr\u00e1tico, de car\u00e1ter eliminat\u00f3rio e classificat\u00f3rio; e<\/span><\/span><\/p>\n<p style=\"text-align: justify;\"><span style=\"color: #000000;\"><span style=\"font-family: tahoma,geneva,sans-serif;\">\u00a0A <strong><u>2\u00aa fase<\/u><\/strong> ser\u00e1 constitu\u00edda de\u00a0\u00a0revis\u00e3o m\u00e9dica e comprova\u00e7\u00e3o dos requisitos biogr\u00e1ficos dos candidatos. Essa fase ter\u00e1 car\u00e1ter eliminat\u00f3rio.<\/span><\/span><\/p>\n<p style=\"text-align: justify;\"><span style=\"color: #000000;\"><span style=\"font-family: tahoma,geneva,sans-serif;\">Mais adiante, voc\u00ea tem detalhes dessas fases e etapas.<\/span><\/span><\/p>\n<h4 style=\"text-align: justify;\"><span style=\"color: #0000cd;\"><span style=\"font-family: tahoma,geneva,sans-serif;\">ETAPA EXAME INTELECTUAL<\/span><\/span><\/h4>\n<p style=\"text-align: justify;\"><span style=\"color: #000000;\"><span style=\"font-family: tahoma,geneva,sans-serif;\">Segundo o edital ESA 2017, a\u00a0Etapa do Exame Intelectual ser\u00e1 composta de\u00a0uma prova escrita, constitu\u00edda de 4 (quatro) partes para as \u00c1reas Geral\/Avia\u00e7\u00e3o, e 5 (cinco) para as \u00c1reas M\u00fasica e Sa\u00fade, valendo cada uma de 0,000 (zero v\u00edrgula zero zero zero) a 10,000 (dez v\u00edrgula zero zero zero), aplicada a todos os candidatos inscritos, versando sobre os assuntos relacionados no edital de abertura do concurso de admiss\u00e3o. <\/span><\/span><\/p>\n<p style=\"text-align: justify;\"><span style=\"color: #000000;\"><span style=\"font-family: tahoma,geneva,sans-serif;\">As partes da prova, referentes aos assuntos de cada mat\u00e9ria abordada no exame, s\u00e3o as seguintes: <\/span><\/span><\/p>\n<p style=\"margin-left: 40px; text-align: justify;\"><span style=\"color: #000000;\"><span style=\"font-family: tahoma,geneva,sans-serif;\">\u26661\u00aa parte \u2013 Matem\u00e1tica (12 quest\u00f5es objetivas \u00e1rea Geral\/Avia\u00e7\u00e3o\u00a0e 08 quest\u00f5es objetivas \u00e1rea M\u00fasica e Sa\u00fade);<\/span><\/span><\/p>\n<p style=\"margin-left: 40px; text-align: justify;\"><span style=\"color: #000000;\"><span style=\"font-family: tahoma,geneva,sans-serif;\">\u26662\u00aa parte \u2013 Portugu\u00eas (12 quest\u00f5es objetivas \u00e1rea Geral\/Avia\u00e7\u00e3o e 08 quest\u00f5es objetivas \u00e1rea M\u00fasica e Sa\u00fade);<\/span><\/span><\/p>\n<p style=\"margin-left: 40px; text-align: justify;\"><span style=\"color: #000000;\"><span style=\"font-family: tahoma,geneva,sans-serif;\">\u26663\u00aa parte \u2013 Hist\u00f3ria e Geografia do Brasil (12 quest\u00f5es objetivas \u00e1rea Geral\/Avia\u00e7\u00e3o, sendo 6 de cada disciplina, e 08 quest\u00f5es objetivas \u00e1rea M\u00fasica e Sa\u00fade, sendo 4 de cada disciplina);<\/span><\/span><\/p>\n<p style=\"margin-left: 40px; text-align: justify;\"><span style=\"color: #000000;\"><span style=\"font-family: tahoma,geneva,sans-serif;\">\u26664\u00aa parte \u2013 Teoria Musical (12 quest\u00f5es objetivas), somente para os candidatos da \u00c1rea M\u00fasica, ou de Conhecimentos Espec\u00edficos de Enfermagem (12 quest\u00f5es objetivas), somente para os candidatos da \u00c1rea Sa\u00fade; e<\/span><\/span><\/p>\n<p style=\"margin-left: 40px; text-align: justify;\"><span style=\"color: #000000;\"><span style=\"font-family: tahoma,geneva,sans-serif;\">\u26665\u00aa parte \u2013 Portugu\u00eas (1 quest\u00e3o discursiva \u2013 reda\u00e7\u00e3o).<\/span><\/span><\/p>\n<p style=\"text-align: justify;\"><span style=\"color: #000000;\"><span style=\"font-family: tahoma,geneva,sans-serif;\">O(A) candidato(a) dever\u00e1 assinalar suas respostas \u00e0s quest\u00f5es objetivas na Folha de Respostas (FR), que ser\u00e1 o \u00fanico documento v\u00e1lido para a corre\u00e7\u00e3o. Dever\u00e1 ser utilizada caneta esferogr\u00e1fica, de material transparente, de tinta azul ou preta.<\/span><\/span><\/p>\n<p style=\"text-align: justify;\"><span style=\"color: #000000;\"><span style=\"font-family: tahoma,geneva,sans-serif;\">Os preju\u00edzos advindos de marca\u00e7\u00f5es incorretas na FR ser\u00e3o de inteira responsabilidade do candidato. Ser\u00e3o consideradas marca\u00e7\u00f5es incorretas as que n\u00e3o forem feitas com qualquer caneta que n\u00e3o seja esferogr\u00e1fica com tinta preta ou azul e que estiverem em desacordo com estas Instru\u00e7\u00f5es e com o modelo da FR, tais como: dupla marca\u00e7\u00e3o, marca\u00e7\u00e3o rasurada, marca\u00e7\u00e3o emendada, campo de marca\u00e7\u00e3o n\u00e3o preenchido integralmente, marcas externas \u00e0s quadr\u00edculas, ind\u00edcios de marca\u00e7\u00f5es apagadas, uso de l\u00e1pis, entre outras. Marca\u00e7\u00f5es incorretas ou a utiliza\u00e7\u00e3o de qualquer outro tipo de caneta poder\u00e3o acarretar erro de leitura por parte do equipamento de leitura \u00f3tico-eletr\u00f4nica a ser utilizado na corre\u00e7\u00e3o, cabendo ao(\u00e0) candidato(a) a responsabilidade pela consequente pontua\u00e7\u00e3o 0,000 (zero v\u00edrgula zero zero zero) atribu\u00edda \u00e0 respectiva quest\u00e3o ou item da prova.<\/span><\/span><\/p>\n<p style=\"text-align: justify;\"><span style=\"color: #000000;\"><span style=\"font-family: tahoma,geneva,sans-serif;\"><strong>Importante<\/strong>: ainda neste artigo, voc\u00ea encontrar\u00e1 as mat\u00e9rias desse concurso de forma detalhada.\u00a0<\/span><\/span><\/p>\n<h4 style=\"text-align: justify;\"><span style=\"color: #0000cd;\"><span style=\"font-family: tahoma,geneva,sans-serif;\">PROVA DE DISCURSIVA (REDA\u00c7\u00c3O)<\/span><\/span><\/h4>\n<p style=\"text-align: justify;\"><span style=\"color: #000000;\">De acordo com o Edital ESA 2017, a\u00a0parte discursiva de Portugu\u00eas ser\u00e1 constitu\u00edda de uma reda\u00e7\u00e3o e ter\u00e1 o objetivo de avaliar a capacidade de express\u00e3o escrita e o uso das normas do registro formal culto da L\u00edngua Portuguesa. <\/span><\/p>\n<p style=\"text-align: justify;\"><span style=\"color: #000000;\">O(A) candidato(a) dever\u00e1 produzir, com base no tema indicado na quest\u00e3o discursiva, uma reda\u00e7\u00e3o com extens\u00e3o m\u00ednima de 20 (vinte) e m\u00e1xima de 30 (trinta) linhas, primando pela coer\u00eancia, corre\u00e7\u00e3o e pela coes\u00e3o. Ser\u00e1 distribu\u00edda ao(\u00e0) candidato(a) uma folha de rascunho para que, caso assim deseje, possa fazer anota\u00e7\u00f5es, organizar suas ideias e\/ou elaborar o esbo\u00e7o de sua reda\u00e7\u00e3o. <\/span><\/p>\n<p style=\"text-align: justify;\"><span style=\"color: #000000;\">Contudo, tal rascunho dever\u00e1 ser passado a limpo na Folha de Reda\u00e7\u00e3o. Somente o texto produzido na Folha de Reda\u00e7\u00e3o ser\u00e1 corrigido.<\/span><\/p>\n<p style=\"text-align: justify;\"><span style=\"color: #000000;\">Na corre\u00e7\u00e3o da prova dissertativa (reda\u00e7\u00e3o), ser\u00e3o considerados os seguintes aspectos:<\/span><\/p>\n<p style=\"margin-left: 40px; text-align: justify;\"><span style=\"color: #000000;\">\u2666interpreta\u00e7\u00e3o, reflex\u00e3o, n\u00e3o tangenciamento, desvio ou fuga parcial do tema;<\/span><\/p>\n<p style=\"margin-left: 40px; text-align: justify;\"><span style=\"color: #000000;\">\u2666estrutura dissertativa com introdu\u00e7\u00e3o, desenvolvimento e conclus\u00e3o, sem caracter\u00edsticas de texto de relato (recorr\u00eancia ou predomin\u00e2ncia de verbos no pret\u00e9rito);<\/span><\/p>\n<p style=\"margin-left: 40px; text-align: justify;\"><span style=\"color: #000000;\">\u2666utiliza\u00e7\u00e3o da norma culta da l\u00edngua;<\/span><\/p>\n<p style=\"margin-left: 40px; text-align: justify;\"><span style=\"color: #000000;\">\u2666constru\u00e7\u00e3o de per\u00edodos gramaticalmente \u00edntegros, coesos, coerentes e claros; e<\/span><\/p>\n<p style=\"margin-left: 40px; text-align: justify;\"><span style=\"color: #000000;\">\u2666est\u00e9tica do texto (t\u00edtulo, caligrafia, margens e limpeza).<\/span><\/p>\n<p style=\"text-align: justify;\"><span style=\"color: #000000;\">Na realiza\u00e7\u00e3o da reda\u00e7\u00e3o, o(a) candidato(a) dever\u00e1 utilizar apenas caneta esferogr\u00e1fica de tinta azul ou preta. Em caso de utiliza\u00e7\u00e3o de caneta de outra cor ou l\u00e1pis, a reda\u00e7\u00e3o n\u00e3o ser\u00e1 corrigida e ser\u00e1 atribu\u00edda ao candidato a pontua\u00e7\u00e3o 0,000 (zero v\u00edrgula zero zero zero) nessa parte da prova.<\/span><\/p>\n<p style=\"text-align: justify;\"><span style=\"color: #000000;\">Durante a realiza\u00e7\u00e3o da prova, n\u00e3o ser\u00e1 admitida qualquer esp\u00e9cie de consulta pelo candidato.<\/span><\/p>\n<p style=\"text-align: justify;\"><span style=\"color: #000000;\">Em caso de algum(a) candidato(a) n\u00e3o assinar a Folha de Respostas ou a de Reda\u00e7\u00e3o nos locais para isso destinados, a respectiva prova ser\u00e1 anulada e ele(a) ser\u00e1 eliminado(a) do concurso.<\/span><\/p>\n<h4 style=\"text-align: justify;\"><span style=\"color: #0000cd;\"><span style=\"font-family: tahoma,geneva,sans-serif;\">REPROVA\u00c7\u00c3O NO EXAME INTELECTUAL<\/span><\/span><\/h4>\n<p style=\"text-align: justify;\"><span style=\"color: #000000;\"><span style=\"font-family: tahoma,geneva,sans-serif;\">Conforme disp\u00f5e o edital ESA\u00a02017, ser\u00e1\u00a0reprovado(a) no Exame Intelectual e eliminado(a) do concurso de admiss\u00e3o o(a) candidato(a) que for enquadrado(a) em uma ou mais das seguintes situa\u00e7\u00f5es:<\/span><\/span><\/p>\n<p style=\"text-align: justify; margin-left: 40px;\"><span style=\"color: #000000;\"><span style=\"font-family: tahoma,geneva,sans-serif;\">\u2666n\u00e3o obtiver, no m\u00ednimo, 50% (cinquenta por cento) de acertos do total das quest\u00f5es de cada uma das partes da prova:<\/span><\/span><\/p>\n<p style=\"text-align: justify; margin-left: 40px;\"><span style=\"color: #000000;\"><span style=\"font-family: tahoma,geneva,sans-serif;\">\u2666for considerado(a) inapto(a) na quest\u00e3o de Reda\u00e7\u00e3o (nota inferior a 5,000)<\/span><\/span><\/p>\n<p style=\"text-align: justify; margin-left: 40px;\"><span style=\"color: #000000;\"><span style=\"font-family: tahoma,geneva,sans-serif;\">\u2666utilizar ou tentar utilizar de meios il\u00edcitos para a resolu\u00e7\u00e3o de prova (\u201ccola\u201d, material de uso n\u00e3o permitido, comunica\u00e7\u00e3o com outras pessoas, etc.);<\/span><\/span><\/p>\n<p style=\"text-align: justify; margin-left: 40px;\"><span style=\"color: #000000;\"><span style=\"font-family: tahoma,geneva,sans-serif;\">\u2666fazer rasuras ou marca\u00e7\u00f5es indevidas nas Folhas de Respostas (FR) ou da Reda\u00e7\u00e3o, seja com o intuito de identific\u00e1-la para outrem, seja por erro de preenchimento; ou ainda, assinar fora dos locais para isso destinados nesse documento;<\/span><\/span><\/p>\n<p style=\"text-align: justify; margin-left: 40px;\"><span style=\"color: #000000;\"><span style=\"font-family: tahoma,geneva,sans-serif;\">\u2666contrariar determina\u00e7\u00f5es da CAF ou cometer qualquer ato de indisciplina durante a realiza\u00e7\u00e3o da prova;<\/span><\/span><\/p>\n<p style=\"text-align: justify; margin-left: 40px;\"><span style=\"color: #000000;\"><span style=\"font-family: tahoma,geneva,sans-serif;\">\u2666faltar \u00e0 prova ou chegar ao local de prova ap\u00f3s o hor\u00e1rio previsto para o fechamento dos seus port\u00f5es, ainda que por motivo de for\u00e7a maior;<\/span><\/span><\/p>\n<p style=\"text-align: justify; margin-left: 40px;\"><span style=\"color: #000000;\"><span style=\"font-family: tahoma,geneva,sans-serif;\">\u2666recusar-se a entregar o material da prova cuja restitui\u00e7\u00e3o seja obrigat\u00f3ria ao t\u00e9rmino do tempo destinado para a sua realiza\u00e7\u00e3o;<\/span><\/span><\/p>\n<p style=\"text-align: justify; margin-left: 40px;\"><span style=\"color: #000000;\"><span style=\"font-family: tahoma,geneva,sans-serif;\">\u2666n\u00e3o assinar a Folha de Respostas ou Folha de Reda\u00e7\u00e3o, em local reservado para isto;<\/span><\/span><\/p>\n<p style=\"text-align: justify; margin-left: 40px;\"><span style=\"color: #000000;\"><span style=\"font-family: tahoma,geneva,sans-serif;\">\u2666afastar-se do local de prova, durante o per\u00edodo de sua realiza\u00e7\u00e3o, portando quaisquer dos documentos utilizados (Folha de Respostas, folha de texto, provas objetivas e discursivas, Folha de Reda\u00e7\u00e3o e rascunho);<\/span><\/span><\/p>\n<p style=\"text-align: justify; margin-left: 40px;\">\u2666<span style=\"color: #000000;\"><span style=\"font-family: tahoma,geneva,sans-serif;\">afastar-se do local de prova, ap\u00f3s o per\u00edodo de sua realiza\u00e7\u00e3o, portando Folha de Respostas e\/ou de Reda\u00e7\u00e3o;<\/span><\/span><\/p>\n<p style=\"text-align: justify; margin-left: 40px;\"><span style=\"color: #000000;\"><span style=\"font-family: tahoma,geneva,sans-serif;\">\u2666descumprir as instru\u00e7\u00f5es contidas na prova para a sua resolu\u00e7\u00e3o;<\/span><\/span><\/p>\n<p style=\"text-align: justify; margin-left: 40px;\"><span style=\"color: #000000;\"><span style=\"font-family: tahoma,geneva,sans-serif;\">\u2666recusar-se a realizar a identifica\u00e7\u00e3o datilosc\u00f3pica, deixar de faz\u00ea-la ou, ainda, faz\u00ea-la de maneira a dificultar ou impossibilitar a identifica\u00e7\u00e3o;<\/span><\/span><\/p>\n<p style=\"text-align: justify; margin-left: 40px;\"><span style=\"color: #000000;\"><span style=\"font-family: tahoma,geneva,sans-serif;\">\u2666deixar de apresentar, por ocasi\u00e3o de sua entrada no local do EI ou durante a realiza\u00e7\u00e3o da prova, o original do seu documento de identifica\u00e7\u00e3o, de acordo com um dos tipos previstos neste manual, ou apresent\u00e1-lo com adultera\u00e7\u00f5es; e<\/span><\/span><\/p>\n<p style=\"text-align: justify; margin-left: 40px;\"><span style=\"color: #000000;\"><span style=\"font-family: tahoma,geneva,sans-serif;\">\u2666apresentar para a comiss\u00e3o de recep\u00e7\u00e3o ou para o aplicador, documento de identifica\u00e7\u00e3o com a data de nascimento fora do previsto no presente edital.<\/span><\/span><\/p>\n<h4 style=\"text-align: justify;\"><span style=\"color: #0000cd;\"><span style=\"font-family: tahoma,geneva,sans-serif;\">DATAS DAS PROVAS<\/span><\/span><\/h4>\n<p style=\"text-align: justify;\"><span style=\"color: #000000;\"><span style=\"font-family: tahoma,geneva,sans-serif;\">As provas ser\u00e3o realizadas dia 24\/09\/2017.<\/span><\/span><\/p>\n<p style=\"text-align: justify;\"><span style=\"color: #000000;\"><span style=\"font-family: tahoma,geneva,sans-serif;\">Os locais das provas poder\u00e3o ser obtidos <\/span><\/span><span style=\"font-family: tahoma,geneva,sans-serif;\"><span style=\"color: #000000;\">no <\/span><u><a href=\"http:\/\/concurso.esa.ensino.eb.br\/site\/ManualDoCandidato.aspx\" target=\"_blank\" rel=\"noopener\"><span style=\"color: #0000ff;\">Manual do Candidato<\/span><\/a><\/u><span style=\"color: #000000;\">.<\/span><\/span><span style=\"color: #000000;\"><span style=\"font-family: tahoma,geneva,sans-serif;\">\u00a0<\/span><\/span><\/p>\n<h4 style=\"text-align: justify;\"><span style=\"color: #0000cd;\"><span style=\"font-family: tahoma,geneva,sans-serif;\">COMO SER\u00c3O CORRIGIDAS AS QUEST\u00d5ES OBJETIVAS?<\/span><\/span><\/h4>\n<p><span style=\"color: #000000;\"><span style=\"font-family: tahoma,geneva,sans-serif;\">O Edital ESA 2017 prev\u00ea que\u00a0todo(a)s o(a)s candidato(a)s ter\u00e3o suas solu\u00e7\u00f5es \u00e0s quest\u00f5es objetivas corrigidas por meio de processamento \u00f3tico-eletr\u00f4nico.<\/span><\/span><\/p>\n<p style=\"text-align: justify;\"><span style=\"color: #000000;\"><span style=\"font-family: tahoma,geneva,sans-serif;\">Na corre\u00e7\u00e3o das folhas de respostas, <u>as quest\u00f5es ou itens ser\u00e3o considerados errados<\/u> e, portanto, n\u00e3o computados como acertos quando:<\/span><\/span><\/p>\n<p style=\"text-align: justify; margin-left: 40px;\">\u2666<span style=\"color: #000000;\"><span style=\"font-family: tahoma,geneva,sans-serif;\">a resposta assinalada pelo(a) candidato(a) for diferente daquela listada como correta no gabarito;<\/span><\/span><\/p>\n<p style=\"text-align: justify; margin-left: 40px;\">\u2666<span style=\"color: #000000;\"><span style=\"font-family: tahoma,geneva,sans-serif;\">o(a) candidato(a) assinalar mais de uma op\u00e7\u00e3o;<\/span><\/span><\/p>\n<p style=\"text-align: justify; margin-left: 40px;\">\u2666<span style=\"color: #000000;\"><span style=\"font-family: tahoma,geneva,sans-serif;\">o(a) candidato(a) deixar de assinalar alguma op\u00e7\u00e3o;<\/span><\/span><\/p>\n<p style=\"text-align: justify; margin-left: 40px;\">\u2666<span style=\"color: #000000;\"><span style=\"font-family: tahoma,geneva,sans-serif;\">houver rasuras;<\/span><\/span><\/p>\n<p style=\"text-align: justify; margin-left: 40px;\">\u2666<span style=\"color: #000000;\"><span style=\"font-family: tahoma,geneva,sans-serif;\">a marca\u00e7\u00e3o dos alv\u00e9olos n\u00e3o estiver em conformidade com as instru\u00e7\u00f5es constantes das provas; ou<\/span><\/span><\/p>\n<p style=\"text-align: justify; margin-left: 40px;\">\u2666<span style=\"color: #000000;\"><span style=\"font-family: tahoma,geneva,sans-serif;\">assinalados com caneta que n\u00e3o seja esferogr\u00e1fica com tinta preta ou azul.<\/span><\/span><\/p>\n<p style=\"text-align: justify;\"><span style=\"color: #000000;\"><span style=\"font-family: tahoma,geneva,sans-serif;\">3) A nota resultante da corre\u00e7\u00e3o de cada parte da prova com quest\u00f5es objetivas ser\u00e1 expressa por valor num\u00e9rico, com aproxima\u00e7\u00e3o de mil\u00e9simos, resultante da aplica\u00e7\u00e3o da f\u00f3rmula abaixo, e conforme as seguintes denomina\u00e7\u00f5es:<\/span><\/span><\/p>\n<p style=\"text-align: justify; margin-left: 40px;\"><img loading=\"lazy\" decoding=\"async\" width=\"608\" height=\"69\" class=\"alignnone size-full wp-image-73157\" style=\"width: 400px; height: 45px;\" src=\"https:\/\/dhg1h5j42swfq.cloudfront.net\/2017\/05\/08195014\/Adinoel-ESA-2017-formula-nota-objetiva.jpg\" alt=\"edital esa 2017\" srcset=\"https:\/\/dhg1h5j42swfq.cloudfront.net\/2017\/05\/08195014\/Adinoel-ESA-2017-formula-nota-objetiva.jpg 608w, https:\/\/dhg1h5j42swfq.cloudfront.net\/2017\/05\/08195014\/Adinoel-ESA-2017-formula-nota-objetiva.jpg 300w\" sizes=\"auto, (max-width: 608px) 100vw, 608px\" \/><\/p>\n<p style=\"text-align: justify; margin-left: 40px;\"><span style=\"color: #000000;\"><span style=\"font-family: tahoma,geneva,sans-serif;\">\u2666Nota de Matem\u00e1tica (NM); <\/span><\/span><\/p>\n<p style=\"text-align: justify; margin-left: 40px;\"><span style=\"color: #000000;\"><span style=\"font-family: tahoma,geneva,sans-serif;\">\u2666Nota das Quest\u00f5es Objetivas de Portugu\u00eas (NQOP); <\/span><\/span><\/p>\n<p style=\"text-align: justify; margin-left: 40px;\"><span style=\"color: #000000;\"><span style=\"font-family: tahoma,geneva,sans-serif;\">\u2666Nota de Hist\u00f3ria e Geografia do Brasil (NHGB); <\/span><\/span><\/p>\n<p style=\"text-align: justify; margin-left: 40px;\"><span style=\"color: #000000;\"><span style=\"font-family: tahoma,geneva,sans-serif;\">\u2666Nota de Teoria Musical (NTM), somente para o(a)s candidato(a)s da \u00e1rea M\u00fasica; <\/span><\/span><\/p>\n<p style=\"text-align: justify; margin-left: 40px;\"><span style=\"color: #000000;\"><span style=\"font-family: tahoma,geneva,sans-serif;\">\u2666Nota de Conhecimentos Espec\u00edficos de Enfermagem (NCE), somente para o(a)s candidato(a)s da \u00e1rea Sa\u00fade.<\/span><\/span><\/p>\n<h4 style=\"text-align: justify;\"><span style=\"color: #0000cd;\"><span style=\"font-family: tahoma,geneva,sans-serif;\">COMO SER\u00c1\u00a0CORRIGIDA\u00a0A PROVA DISCURSIVA?<\/span><\/span><\/h4>\n<p style=\"text-align: justify;\"><span style=\"color: #000000;\">Conforme o Edital ESA 2017, somente ter\u00e3o a parte discursiva de Portugu\u00eas (reda\u00e7\u00e3o) corrigida o(a)s candidato(a)s que obtiverem, no m\u00ednimo, 50% (cinquenta por cento) de acertos em cada uma das partes com quest\u00f5es objetivas, e que estiverem pr\u00e9-classificados at\u00e9 a classifica\u00e7\u00e3o correspondente a 03 vezes o n\u00famero de vagas dispon\u00edveis para a matr\u00edcula. A defini\u00e7\u00e3o dos pr\u00e9-classificados(as) para a corre\u00e7\u00e3o da reda\u00e7\u00e3o ser\u00e3o feitas atrav\u00e9s da aplica\u00e7\u00e3o das f\u00f3rmulas abaixo:<\/span><\/p>\n<p style=\"text-align: justify; margin-left: 40px;\"><span style=\"color: #000000;\">\u2666 candidatos \u00e0 \u00c1rea Geral\/Avia\u00e7\u00e3o: pela m\u00e9dia aritm\u00e9tica entre as notas das partes de quest\u00f5es objetivas (NM, NQOP e NHGB). <\/span><\/p>\n<p style=\"text-align: justify; margin-left: 40px;\"><span style=\"color: #000000;\"><img loading=\"lazy\" decoding=\"async\" width=\"480\" height=\"65\" class=\"alignnone size-full wp-image-73160\" style=\"width: 400px; height: 54px;\" src=\"https:\/\/dhg1h5j42swfq.cloudfront.net\/2017\/05\/08195741\/Adinoel-ESA-2017-formula-nota-discursiva-01.jpg\" alt=\"edital esa 2017\" srcset=\"https:\/\/dhg1h5j42swfq.cloudfront.net\/2017\/05\/08195741\/Adinoel-ESA-2017-formula-nota-discursiva-01.jpg 480w, https:\/\/dhg1h5j42swfq.cloudfront.net\/2017\/05\/08195741\/Adinoel-ESA-2017-formula-nota-discursiva-01.jpg 300w\" sizes=\"auto, (max-width: 480px) 100vw, 480px\" \/><\/span><\/p>\n<p style=\"text-align: justify; margin-left: 40px;\"><span style=\"color: #000000;\">\u2666candidatos \u00e0 \u00c1rea M\u00fasica: pela m\u00e9dia ponderada entre as notas NM, NQOP e NHGB, com peso 1 (um), e a Nota de Teoria Musical (NTM), esta com peso 2 (dois). <\/span><\/p>\n<p style=\"text-align: justify; margin-left: 40px;\"><span style=\"color: #000000;\"><img loading=\"lazy\" decoding=\"async\" width=\"639\" height=\"58\" class=\"alignnone size-full wp-image-73161\" style=\"width: 500px; height: 45px;\" src=\"https:\/\/dhg1h5j42swfq.cloudfront.net\/2017\/05\/08195753\/Adinoel-ESA-2017-formula-nota-discursiva-02.jpg\" alt=\"edital esa 2017\" srcset=\"https:\/\/dhg1h5j42swfq.cloudfront.net\/2017\/05\/08195753\/Adinoel-ESA-2017-formula-nota-discursiva-02.jpg 639w, https:\/\/dhg1h5j42swfq.cloudfront.net\/2017\/05\/08195753\/Adinoel-ESA-2017-formula-nota-discursiva-02.jpg 300w, https:\/\/dhg1h5j42swfq.cloudfront.net\/2017\/05\/08195753\/Adinoel-ESA-2017-formula-nota-discursiva-02.jpg 610w\" sizes=\"auto, (max-width: 639px) 100vw, 639px\" \/><\/span><\/p>\n<p style=\"text-align: justify; margin-left: 40px;\"><span style=\"color: #000000;\">\u2666candidatos \u00e0 \u00c1rea Sa\u00fade: pela m\u00e9dia ponderada entre as notas NM, NQOP e NHGB, com peso 1 (um), e a Nota de Conhecimentos Espec\u00edficos de Enfermagem (NCE), esta com peso 2 (dois). <\/span><\/p>\n<p style=\"text-align: justify; margin-left: 40px;\"><span style=\"color: #000000;\"><img loading=\"lazy\" decoding=\"async\" width=\"677\" height=\"62\" class=\"alignnone size-full wp-image-73162\" style=\"width: 500px; height: 46px;\" src=\"https:\/\/dhg1h5j42swfq.cloudfront.net\/2017\/05\/08195806\/Adinoel-ESA-2017-formula-nota-discursiva-03.jpg\" alt=\"edital esa 2017\" srcset=\"https:\/\/dhg1h5j42swfq.cloudfront.net\/2017\/05\/08195806\/Adinoel-ESA-2017-formula-nota-discursiva-03.jpg 677w, https:\/\/dhg1h5j42swfq.cloudfront.net\/2017\/05\/08195806\/Adinoel-ESA-2017-formula-nota-discursiva-03.jpg 300w, https:\/\/dhg1h5j42swfq.cloudfront.net\/2017\/05\/08195806\/Adinoel-ESA-2017-formula-nota-discursiva-03.jpg 610w\" sizes=\"auto, (max-width: 677px) 100vw, 677px\" \/><\/span><\/p>\n<h4 style=\"text-align: justify;\"><span style=\"color: #0000cd;\"><span style=\"font-family: tahoma,geneva,sans-serif;\">QUEM LEVA &#8220;ZERO&#8221; NA REDA\u00c7\u00c3O?<\/span><\/span><\/h4>\n<p style=\"text-align: justify;\"><span style=\"color: #000000;\">Ser\u00e1 atribu\u00eddo o grau 0,000 (zero v\u00edrgula zero zero zero) na prova de Reda\u00e7\u00e3o ao candidato que apresentar o seu texto: <\/span><\/p>\n<p style=\"margin-left: 40px; text-align: justify;\"><span style=\"color: #000000;\">\u2666com fuga total ao tema proposto na parte discursiva de Portugu\u00eas;<\/span><\/p>\n<p style=\"margin-left: 40px; text-align: justify;\"><span style=\"color: #000000;\">\u2666em modalidade textual diferente da pedida na parte discursiva de Portugu\u00eas;<\/span><\/p>\n<p style=\"margin-left: 40px; text-align: justify;\"><span style=\"color: #000000;\">\u2666ileg\u00edvel, isto \u00e9, que n\u00e3o pode ser lido;<\/span><\/p>\n<p style=\"margin-left: 40px; text-align: justify;\"><span style=\"color: #000000;\">\u2666com linguagem e\/ou texto incompreens\u00edvel, isto \u00e9, o vocabul\u00e1rio n\u00e3o pode ser compreendido;<\/span><\/p>\n<p style=\"margin-left: 40px; text-align: justify;\"><span style=\"color: #000000;\">\u2666em forma de poema ou outra que n\u00e3o em prosa;<\/span><\/p>\n<p style=\"margin-left: 40px; text-align: justify;\"><span style=\"color: #000000;\">\u2666com menos de 20 (vinte) ou mais de 30 (trinta) linhas;<\/span><\/p>\n<p style=\"margin-left: 40px; text-align: justify;\"><span style=\"color: #000000;\">\u2666com marcas ou rasuras na Folha de Reda\u00e7\u00e3o que possam identificar o(a) candidato(a); e<\/span><\/p>\n<p style=\"margin-left: 40px; text-align: justify;\"><span style=\"color: #000000;\">\u2666sem ter utilizado de caneta esferogr\u00e1fica de tinta azul ou preta.<\/span><\/p>\n<h4 style=\"text-align: justify;\"><span style=\"color: #0000cd;\"><span style=\"font-family: tahoma,geneva,sans-serif;\">RESULTADO DO EXAME INTELECTUAL<\/span><\/span><\/h4>\n<p style=\"text-align: justify;\"><span style=\"color: #000000;\"><span style=\"font-family: tahoma,geneva,sans-serif;\">Somente ser\u00e3o aprovados os candidatos que obtiverem, no m\u00ednimo, 50% (cinquenta por cento) de acertos em cada uma das partes da prova, inclusive na quest\u00e3o discursiva de Portugu\u00eas (reda\u00e7\u00e3o).<\/span><\/span><\/p>\n<p style=\"text-align: justify;\"><span style=\"font-family: tahoma,geneva,sans-serif;\"><span style=\"color: #000000;\">Mais detalhes dessa etapa podem ser obtidos no <\/span><u><a href=\"http:\/\/concurso.esa.ensino.eb.br\/site\/ManualDoCandidato.aspx\" target=\"_blank\" rel=\"noopener\"><span style=\"color: #0000ff;\">Manual do Candidato<\/span><\/a><\/u><span style=\"color: #000000;\">.<\/span><\/span><\/p>\n<h4 style=\"text-align: justify;\"><span style=\"color: #0000cd;\"><span style=\"font-family: tahoma,geneva,sans-serif;\">ETAPA VALORA\u00c7\u00c3O DE T\u00cdTULOS<\/span><\/span><\/h4>\n<p>O Edital ESA 2017 define que considerando o interesse do Ex\u00e9rcito, os t\u00edtulos, dos quais o candidato seja detentor, ser\u00e3o valorados e computados para o resultado final do concurso. Veja abaixo quais t\u00edtulos ser\u00e3o valorados:<\/p>\n<p style=\"text-align: center;\"><img loading=\"lazy\" decoding=\"async\" class=\"size-full wp-image-73164 aligncenter\" style=\"width: 600px; height: 399px;\" title=\"\" src=\"https:\/\/dhg1h5j42swfq.cloudfront.net\/2017\/05\/08200914\/Adinoel-ESA-2017-t%C3%ADtulos-01.jpg\" alt=\"edital esa 2017\" width=\"754\" height=\"501\" srcset=\"https:\/\/dhg1h5j42swfq.cloudfront.net\/2017\/05\/08200914\/Adinoel-ESA-2017-t%C3%ADtulos-01.jpg 754w, https:\/\/dhg1h5j42swfq.cloudfront.net\/2017\/05\/08200914\/Adinoel-ESA-2017-t%C3%ADtulos-01.jpg 300w, https:\/\/dhg1h5j42swfq.cloudfront.net\/2017\/05\/08200914\/Adinoel-ESA-2017-t%C3%ADtulos-01.jpg 610w\" sizes=\"auto, (max-width: 754px) 100vw, 754px\" \/><\/p>\n<p style=\"text-align: center;\"><img decoding=\"async\" class=\"alignnone size-full wp-image-73165\" style=\"width: 600px; height: 203px;\" src=\"https:\/\/dhg1h5j42swfq.cloudfront.net\/2017\/05\/08200916\/Adinoel-ESA-2017-t%C3%ADtulos-02.jpg\" alt=\"edital esa 2017\" \/><\/p>\n<p style=\"text-align: center;\"><img decoding=\"async\" class=\"alignnone size-full wp-image-73166\" style=\"width: 600px; height: 185px;\" src=\"https:\/\/dhg1h5j42swfq.cloudfront.net\/2017\/05\/08200917\/Adinoel-ESA-2017-t%C3%ADtulos-03.jpg\" alt=\"edital esa 2017\" \/><\/p>\n<p style=\"text-align: justify;\"><span style=\"font-family: tahoma,geneva,sans-serif;\"><span style=\"color: #000000;\">Mais detalhes dessa etapa podem ser obtidos no <\/span><u><a href=\"http:\/\/concurso.esa.ensino.eb.br\/site\/ManualDoCandidato.aspx\" target=\"_blank\" rel=\"noopener\"><span style=\"color: #0000ff;\">Manual do Candidato<\/span><\/a><\/u><span style=\"color: #000000;\">.<\/span><\/span><\/p>\n<h4 style=\"text-align: justify;\"><span style=\"color: #0000cd;\"><span style=\"font-family: tahoma,geneva,sans-serif;\">ETAPA INSPE\u00c7\u00c3O DE SA\u00daDE<\/span><\/span><\/h4>\n<p style=\"text-align: justify;\"><span style=\"color: #000000; font-family: tahoma, geneva, sans-serif;\">Os candidados aprovados no Exame Intelectual s<\/span><span style=\"color: #000000;\"><span style=\"font-family: tahoma,geneva,sans-serif;\">er\u00e3o submetidos \u00e0 inspe\u00e7\u00e3o de sa\u00fade, conforme prev\u00ea o Edital ESA 2017.<\/span><\/span><\/p>\n<p style=\"text-align: justify;\"><span style=\"color: #000000;\"><span style=\"font-family: tahoma,geneva,sans-serif;\">Para a Etapa Inspe\u00e7\u00e3o de Sa\u00fade, o\u00a0candidato convocado dever\u00e1 comparecer ao local determinado, apresentando um documento de identifica\u00e7\u00e3o e sua caderneta de vacina\u00e7\u00e3o, se a possuir. Ter\u00e1, ainda, que apresentar, obrigatoriamente, os laudos dos exames complementares abaixo relacionados, com os respectivos resultados, cuja realiza\u00e7\u00e3o \u00e9 de sua responsabilidade, <u>ou seja, \u00e9 o candidato quem paga pelos exames<\/u>: <\/span><\/span><\/p>\n<p style=\"text-align: justify;\"><span style=\"color: #000000;\"><span style=\"font-family: tahoma,geneva,sans-serif;\">(Obs.: os exames ter\u00e3o validade de 120 (cento e vinte ) dias anteriores \u00e0\u00a0data de inspe\u00e7\u00e3o de sa\u00fade, exceto para o teste de gravidez \u03b2-HCG sangu\u00edneo (sexo feminino) que ter\u00e1 validade de 30(trinta) dias).<\/span><\/span><\/p>\n<p style=\"text-align: justify; margin-left: 40px;\"><span style=\"color: #000000;\"><span style=\"font-family: tahoma,geneva,sans-serif;\">\u2666radiografia dos campos pleuro-pulmonares (com laudo);<\/span><\/span><\/p>\n<p style=\"text-align: justify; margin-left: 40px;\"><span style=\"color: #000000;\"><span style=\"font-family: tahoma,geneva,sans-serif;\">\u2666sorologia para Lues (m\u00e9todo de VDRL) e HIV;<\/span><\/span><\/p>\n<p style=\"text-align: justify; margin-left: 40px;\"><span style=\"color: #000000;\"><span style=\"font-family: tahoma,geneva,sans-serif;\">\u2666exame de detec\u00e7\u00e3o de Doen\u00e7a de Chagas, utilizando um dos m\u00e9todos a seguir: hemoaglutina\u00e7\u00e3o; imunofluoresc\u00eancia; ELISA (ou imunoensaio enzim\u00e1tico) ou rea\u00e7\u00e3o de Machado-Guerreiro;<\/span><\/span><\/p>\n<p style=\"text-align: justify; margin-left: 40px;\"><span style=\"color: #000000;\"><span style=\"font-family: tahoma,geneva,sans-serif;\">\u2666hemograma completo, tipagem sangu\u00ednea e fator RH, e coagulograma;<\/span><\/span><\/p>\n<p style=\"text-align: justify; margin-left: 40px;\"><span style=\"color: #000000;\"><span style=\"font-family: tahoma,geneva,sans-serif;\">\u2666parasitologia de fezes;<\/span><\/span><\/p>\n<p style=\"text-align: justify; margin-left: 40px;\"><span style=\"color: #000000;\"><span style=\"font-family: tahoma,geneva,sans-serif;\">\u2666sum\u00e1rio de urina (tamb\u00e9m conhecido como EAS, urina tipo I ou urina rotina);<\/span><\/span><\/p>\n<p style=\"text-align: justify; margin-left: 40px;\"><span style=\"color: #000000;\"><span style=\"font-family: tahoma,geneva,sans-serif;\">\u2666teste ergom\u00e9trico (com laudo);<\/span><\/span><\/p>\n<p style=\"text-align: justify; margin-left: 40px;\"><span style=\"color: #000000;\"><span style=\"font-family: tahoma,geneva,sans-serif;\">\u2666eletroencefalograma em vig\u00edlia com mapeamento (com laudo);<\/span><\/span><\/p>\n<p style=\"text-align: justify; margin-left: 40px;\"><span style=\"color: #000000;\"><span style=\"font-family: tahoma,geneva,sans-serif;\">\u2666radiografia panor\u00e2mica das arcadas dent\u00e1rias (com laudo);<\/span><\/span><\/p>\n<p style=\"text-align: justify; margin-left: 40px;\"><span style=\"color: #000000;\"><span style=\"font-family: tahoma,geneva,sans-serif;\">\u2666audiometria (tonal, com laudo);<\/span><\/span><\/p>\n<p style=\"text-align: justify; margin-left: 40px;\"><span style=\"color: #000000;\"><span style=\"font-family: tahoma,geneva,sans-serif;\">\u2666sorologia para hepatite B (contendo, no m\u00ednimo, HBsAg e Anti-HBc) e hepatite C (Anti-HCV);<\/span><\/span><\/p>\n<p style=\"text-align: justify; margin-left: 40px;\"><span style=\"color: #000000;\"><span style=\"font-family: tahoma,geneva,sans-serif;\">\u2666exame oftalmol\u00f3gico (com laudo, incluindo motilidade; acuidade visual; fundoscopia; tonometria; teste de Ishiara, relatando quais as cores em d\u00e9ficit);<\/span><\/span><\/p>\n<p style=\"text-align: justify; margin-left: 40px;\"><span style=\"color: #000000;\"><span style=\"font-family: tahoma,geneva,sans-serif;\">\u2666glicemia em jejum;<\/span><\/span><\/p>\n<p style=\"text-align: justify; margin-left: 40px;\"><span style=\"color: #000000;\"><span style=\"font-family: tahoma,geneva,sans-serif;\">\u2666ureia e creatinina;<\/span><\/span><\/p>\n<p style=\"text-align: justify; margin-left: 40px;\"><span style=\"color: #000000;\"><span style=\"font-family: tahoma,geneva,sans-serif;\">\u2666radiografia de coluna cervical, tor\u00e1cica (realizadas em 2 incid\u00eancias: PA e Perfil) e lombar com laudo, especificando os \u00e2ngulos de Cobb e Ferguson;<\/span><\/span><\/p>\n<p style=\"text-align: justify; margin-left: 40px;\"><span style=\"color: #000000;\"><span style=\"font-family: tahoma,geneva,sans-serif;\">\u2666teste de gravidez \u03b2-HCG sangu\u00edneo (sexo feminino);<\/span><\/span><\/p>\n<p style=\"text-align: justify; margin-left: 40px;\"><span style=\"color: #000000;\"><span style=\"font-family: tahoma,geneva,sans-serif;\">\u2666colpocitologia onc\u00f3tica (sexo feminino); e<\/span><\/span><\/p>\n<p style=\"text-align: justify; margin-left: 40px;\"><span style=\"color: #000000;\"><span style=\"font-family: tahoma,geneva,sans-serif;\">\u2666exame toxicol\u00f3gico, baseado em matriz biol\u00f3gica (queratina, cabelo ou pelo) com janela de detec\u00e7\u00e3o m\u00ednima de 90 dias (com laudo). As drogas a serem pesquisadas ser\u00e3o, no m\u00ednimo, maconha e derivados \u2013 incluindo crack e merla; anfetaminas; metanfetaminas; ecstasy (MDMA e MDA); opi\u00e1ceos incluindo morfina, code\u00edna, 6-acetilmorfina (hero\u00edna), oxicodine; hidromorfina e hidrocodona.<\/span><\/span><\/p>\n<p style=\"text-align: justify;\"><span style=\"color: #000000;\"><span style=\"font-family: tahoma,geneva,sans-serif;\">(Obs.: os exames ter\u00e3o validade de 120 (cento e vinte ) dias anteriores \u00e1 data de inspe\u00e7\u00e3o de sa\u00fade, exceto para o teste de gravidez \u03b2-HCG sangu\u00edneo (sexo feminino) que ter\u00e1 validade de 30(trinta) dias).<\/span><\/span><\/p>\n<p style=\"text-align: justify;\"><span style=\"font-family: tahoma,geneva,sans-serif;\"><span style=\"color: #000000;\">Mais detalhes dessa etapa podem ser obtidos no <\/span><u><a href=\"http:\/\/concurso.esa.ensino.eb.br\/site\/ManualDoCandidato.aspx\" target=\"_blank\" rel=\"noopener\"><span style=\"color: #0000ff;\">Manual do Candidato<\/span><\/a><\/u><span style=\"color: #000000;\">.<\/span><\/span><\/p>\n<h4 style=\"text-align: justify;\"><span style=\"color: #0000cd;\"><span style=\"font-family: tahoma,geneva,sans-serif;\">ETAPA EXAME DE APTID\u00c3O F\u00cdSICA<\/span><\/span><\/h4>\n<p style=\"text-align: justify;\"><span style=\"color: #000000;\"><span style=\"font-family: tahoma,geneva,sans-serif;\">O Edital ESA 2017 prev\u00ea que apenas o(a)s candidato(a)s considerado(a)s apto(a)s na Etapa Inspe\u00e7\u00e3o de Sa\u00fade submeter-se-\u00e3o ao exame de aptid\u00e3o f\u00edsica.<\/span><\/span><\/p>\n<p style=\"text-align: justify;\"><span style=\"color: #000000;\"><span style=\"font-family: tahoma,geneva,sans-serif;\">A Etapa de Aptid\u00e3o F\u00edsica ser\u00e1 expressa pelo conceito \u201cAPTO(A)\u201d ou \u201cINAPTO(A)\u201d, e ser\u00e1 avaliada pela aplica\u00e7\u00e3o de tarefas a serem realizadas pelo(a) candidato(a) (com seu pr\u00f3prio traje esportivo), em movimentos sequenciais padronizados e de forma cont\u00ednua.<\/span><\/span><\/p>\n<p style=\"text-align: justify;\"><span style=\"color: #000000;\"><span style=\"font-family: tahoma,geneva,sans-serif;\">As tarefas ser\u00e3o realizadas em dois dias consecutivos, e o(a)s candidato(a)s dever\u00e3o atingir os seguintes \u00edndices m\u00ednimos para aprova\u00e7\u00e3o:<\/span><\/span><\/p>\n<p style=\"text-align: center;\"><img loading=\"lazy\" decoding=\"async\" class=\"size-full wp-image-73172 aligncenter\" style=\"width: 500px; height: 255px;\" title=\"\" src=\"https:\/\/dhg1h5j42swfq.cloudfront.net\/2017\/05\/08202936\/Adinoel-ESA-2017-inspe%C3%A7%C3%A3o-fisica-01.jpg\" alt=\"edital esa 2017\" width=\"616\" height=\"314\" srcset=\"https:\/\/dhg1h5j42swfq.cloudfront.net\/2017\/05\/08202936\/Adinoel-ESA-2017-inspe%C3%A7%C3%A3o-fisica-01.jpg 616w, https:\/\/dhg1h5j42swfq.cloudfront.net\/2017\/05\/08202936\/Adinoel-ESA-2017-inspe%C3%A7%C3%A3o-fisica-01.jpg 300w, https:\/\/dhg1h5j42swfq.cloudfront.net\/2017\/05\/08202936\/Adinoel-ESA-2017-inspe%C3%A7%C3%A3o-fisica-01.jpg 610w\" sizes=\"auto, (max-width: 616px) 100vw, 616px\" \/><\/p>\n<p style=\"text-align: center;\"><img loading=\"lazy\" decoding=\"async\" class=\"size-full wp-image-73173 aligncenter\" style=\"width: 500px; height: 236px;\" title=\"\" src=\"https:\/\/dhg1h5j42swfq.cloudfront.net\/2017\/05\/08202937\/Adinoel-ESA-2017-inspe%C3%A7%C3%A3o-fisica-02.jpg\" alt=\"edital esa 2017\" width=\"617\" height=\"291\" srcset=\"https:\/\/dhg1h5j42swfq.cloudfront.net\/2017\/05\/08202937\/Adinoel-ESA-2017-inspe%C3%A7%C3%A3o-fisica-02.jpg 617w, https:\/\/dhg1h5j42swfq.cloudfront.net\/2017\/05\/08202937\/Adinoel-ESA-2017-inspe%C3%A7%C3%A3o-fisica-02.jpg 300w, https:\/\/dhg1h5j42swfq.cloudfront.net\/2017\/05\/08202937\/Adinoel-ESA-2017-inspe%C3%A7%C3%A3o-fisica-02.jpg 610w\" sizes=\"auto, (max-width: 617px) 100vw, 617px\" \/><\/p>\n<p style=\"text-align: justify;\"><span style=\"font-family: tahoma,geneva,sans-serif;\"><span style=\"color: #000000;\">Mais detalhes dessa etapa podem ser obtidos no <\/span><u><a href=\"http:\/\/concurso.esa.ensino.eb.br\/site\/ManualDoCandidato.aspx\" target=\"_blank\" rel=\"noopener\"><span style=\"color: #0000ff;\">Manual do Candidato<\/span><\/a><\/u><span style=\"color: #000000;\">.<\/span><\/span><\/p>\n<h4><span style=\"color: #0000ff;\"><span style=\"font-family: tahoma,geneva,sans-serif;\">ETAPA DO EXAME DE HABILITA\u00c7\u00c3O MUSICAL<\/span><\/span><\/h4>\n<p style=\"text-align: justify;\"><span style=\"color: #000000;\"><span style=\"font-family: tahoma,geneva,sans-serif;\">O Edital ESA 2017 normatiza que o Exame de Habilita\u00e7\u00e3o Musicial\u00a0constar\u00e1 de uma prova pr\u00e1tica, na qual o(a) candidato(a) dever\u00e1 utilizar seus pr\u00f3prios instrumentos musicais, de acordo com os naipes os quais declarou por ocasi\u00e3o da realiza\u00e7\u00e3o da inscri\u00e7\u00e3o (\u00e0 exce\u00e7\u00e3o do naipe de tuba, para o qual ser\u00e1 usado instrumento da Escola de Sargento de Log\u00edstica.<\/span><\/span><\/p>\n<p style=\"text-align: justify;\"><span style=\"color: #000000;\"><span style=\"font-family: tahoma,geneva,sans-serif;\">Assim, o(a)s candidato(a)s que forem aprovado(a)s no Exame Intelectual, apto(a)s na Inspe\u00e7\u00e3o de Sa\u00fade\u00a0e no Exame de Aptid\u00e3o F\u00edsica dever\u00e3o se apresentar na Escola de Sargentos de Log\u00edstica, no primeiro dia do prazo previsto para esta etapa no Calend\u00e1rio Anual do Concurso de Admiss\u00e3o, a fim de realizarem o Exame de Habilita\u00e7\u00e3o Musical, de acordo com os naipes dos instrumentos que escolheu na ficha de inscri\u00e7\u00e3o. <\/span><\/span><\/p>\n<p style=\"text-align: justify;\"><span style=\"font-family: tahoma,geneva,sans-serif;\"><span style=\"color: #000000;\">Mais detalhes dessa etapa podem ser obtidos no <\/span><u><a href=\"http:\/\/concurso.esa.ensino.eb.br\/site\/ManualDoCandidato.aspx\" target=\"_blank\" rel=\"noopener\"><span style=\"color: #0000ff;\">Manual do Candidato<\/span><\/a><\/u><span style=\"color: #000000;\">.<\/span><\/span><\/p>\n<h4 style=\"text-align: justify;\"><span style=\"color: #0000cd;\"><span style=\"font-family: tahoma,geneva,sans-serif;\">2a. FASE DO CONCURSO (FASE FINAL) &#8211; COMPROVA\u00c7\u00c3O DOS REQUISITOS BIOGR\u00c1FICOS DOS CANDIDATOS E REVIS\u00c3O M\u00c9DICA<\/span><\/span><\/h4>\n<p style=\"text-align: justify;\">Conforme prev\u00ea o Edital ESA 2017, na \u00faltima fase do Concurso de Admiss\u00e3o, a \u00a0Escola de Sargentos das Armas, de posse dos resultados do Concurso de Admiss\u00e3o (Exame Intelectual, valora\u00e7\u00e3o de t\u00edtulos, Inspe\u00e7\u00e3o de Sa\u00fade, Exame de Aptid\u00e3o F\u00edsica, Exame de Habilita\u00e7\u00e3o Musical), organizar\u00e1 rela\u00e7\u00f5es dos candidatos aprovados e classificados dentro de n\u00famero de vagas, no caso da \u00c1rea de M\u00fasica, classificados por naipe de instrumento. Estes candidatos ser\u00e3o convocados para se apresentarem na Organiza\u00e7\u00e3o Militar Corpo de Tropa\u00a0para a qual forem designados, a fim de realizarem a revis\u00e3o m\u00e9dica e a comprova\u00e7\u00e3o dos seus requisitos biogr\u00e1ficos (\u00faltima etapa do concurso de admiss\u00e3o).<\/p>\n<p><span style=\"font-family: tahoma,geneva,sans-serif;\"><span style=\"color: #000000;\">Mais detalhes dessa etapa podem ser obtidos no <\/span><u><a href=\"http:\/\/concurso.esa.ensino.eb.br\/site\/ManualDoCandidato.aspx\" target=\"_blank\" rel=\"noopener\"><span style=\"color: #0000ff;\">Manual do Candidato<\/span><\/a><\/u><span style=\"color: #000000;\">.<\/span><\/span><\/p>\n<p><img loading=\"lazy\" decoding=\"async\" width=\"1020\" height=\"616\" class=\"alignnone size-full wp-image-42649\" style=\"width: 200px; height: 121px;\" src=\"https:\/\/dhg1h5j42swfq.cloudfront.net\/2016\/05\/14113252\/novas-corujas-0621.png\" alt=\"edital esa 2017\" srcset=\"https:\/\/dhg1h5j42swfq.cloudfront.net\/2016\/05\/14113252\/novas-corujas-0621.png 1020w, https:\/\/dhg1h5j42swfq.cloudfront.net\/2016\/05\/14113252\/novas-corujas-0621.png 300w, https:\/\/dhg1h5j42swfq.cloudfront.net\/2016\/05\/14113252\/novas-corujas-0621.png 768w, https:\/\/dhg1h5j42swfq.cloudfront.net\/2016\/05\/14113252\/novas-corujas-0621.png 497w\" sizes=\"auto, (max-width: 1020px) 100vw, 1020px\" \/><\/p>\n<h4><span style=\"font-family: tahoma,geneva,sans-serif;\"><u><a href=\"https:\/\/www.estrategiaconcursos.com.br\/cursos\/concurso\" target=\"_blank\" rel=\"noopener\"><span style=\"color: #0000cd;\">CURSO P\/ CONCURSOS<\/span><\/a><\/u><\/span><\/h4>\n<p style=\"text-align: justify;\"><span style=\"font-family: tahoma,geneva,sans-serif;\"><span style=\"color: #000000;\">O Estrat\u00e9gia Concursos j\u00e1 lan\u00e7ou cursos focados no <\/span><u><a href=\"https:\/\/www.estrategiaconcursos.com.br\/cursosPorConcurso\/escola-de-sargentos-das-armas-esa\/\" target=\"_blank\" rel=\"noopener\"><span style=\"color: #0000ff;\">Concurso de Admiss\u00e3o ESA 2017<\/span><\/a><\/u><span style=\"color: #000000;\">.\u00a0Nossos cursos cont\u00eam o conte\u00fado completo que ser\u00e1 cobrado na sua prova. S\u00e3o PDF\u00b4s e videoaulas, al\u00e9m de um f\u00f3rum de d\u00favidas exclusivo na \u00e1rea do aluno para voc\u00ea esclarecer pontos com seus professores. Confiamos tanto na qualidade da nossa equipe e dos nossos materiais que n\u00f3s temos uma pol\u00edtica de satisfa\u00e7\u00e3o garantida ou seu dinheiro de volta, em at\u00e9 30 dias e sem burocracia.\u00a0Voc\u00ea n\u00e3o tem nada a perder, conhe\u00e7a nossos cursos!<\/span><\/span><\/p>\n<p>&nbsp;<\/p>\n<h4><span style=\"color: #0000cd;\"><span style=\"font-family: tahoma,geneva,sans-serif;\">MAT\u00c9RIAS DETALHADAS<\/span><\/span><\/h4>\n<p style=\"text-align: justify;\"><span style=\"color: #000000;\"><span style=\"font-family: tahoma,geneva,sans-serif;\">A seguir, voc\u00ea tem de forma detalhadas as mat\u00e9rias que ser\u00e3o cobradas no Concurso de Admiss\u00e3o da Escola de Sargento das Armas.<\/span><\/span><\/p>\n<p style=\"text-align: center;\"><strong><span style=\"color: #000000;\"><span style=\"font-family: tahoma,geneva,sans-serif;\">RELA\u00c7\u00c3O DOS ASSUNTOS DO EXAME INTELECTUAL E DO EHM<\/span><\/span><\/strong><\/p>\n<p style=\"text-align: justify;\"><span style=\"color: #000000;\"><span style=\"font-family: tahoma,geneva,sans-serif;\"><strong>MATEM\u00c1TICA <\/strong><\/span><\/span><\/p>\n<p style=\"text-align: justify;\"><span style=\"color: #000000;\"><span style=\"font-family: tahoma,geneva,sans-serif;\">1) Teoria dos conjuntos e conjuntos num\u00e9ricos<\/span><\/span><\/p>\n<p style=\"text-align: justify; margin-left: 40px;\"><span style=\"color: #000000;\"><span style=\"font-family: tahoma,geneva,sans-serif;\">a) Representa\u00e7\u00e3o de conjuntos e subconjuntos: uni\u00e3o, interse\u00e7\u00e3o e diferen\u00e7a de conjuntos.<\/span><\/span><\/p>\n<p style=\"text-align: justify; margin-left: 40px;\"><span style=\"color: #000000;\"><span style=\"font-family: tahoma,geneva,sans-serif;\">b) Raz\u00f5es e propor\u00e7\u00f5es: raz\u00e3o de duas grandezas, propor\u00e7\u00e3o e suas propriedades, escala, divis\u00e3o em partes direta e inversamente proporcionais, regra de tr\u00eas simples e composta, porcentagem, juros simples e juros compostos.<\/span><\/span><\/p>\n<p style=\"text-align: justify; margin-left: 40px;\"><span style=\"color: #000000;\"><span style=\"font-family: tahoma,geneva,sans-serif;\">c) N\u00fameros Naturais e Inteiros: divisibilidade, m\u00ednimo m\u00faltiplo comum, m\u00e1ximo divisor comum, decomposi\u00e7\u00e3o em fatores primos, opera\u00e7\u00f5es e propriedades.<\/span><\/span><\/p>\n<p style=\"text-align: justify; margin-left: 40px;\"><span style=\"color: #000000;\"><span style=\"font-family: tahoma,geneva,sans-serif;\">d) N\u00fameros Racionais e Reais: opera\u00e7\u00f5es e propriedades, representa\u00e7\u00e3o decimal, desigualdades, intervalos reais.<\/span><\/span><\/p>\n<p style=\"text-align: justify;\"><span style=\"color: #000000;\"><span style=\"font-family: tahoma,geneva,sans-serif;\">2) Fun\u00e7\u00f5es<\/span><\/span><\/p>\n<p style=\"text-align: justify; margin-left: 40px;\"><span style=\"color: #000000;\"><span style=\"font-family: tahoma,geneva,sans-serif;\">a) Dom\u00ednio, contradom\u00ednio e imagem.<\/span><\/span><\/p>\n<p style=\"text-align: justify; margin-left: 40px;\"><span style=\"color: #000000;\"><span style=\"font-family: tahoma,geneva,sans-serif;\">b) Raiz de uma fun\u00e7\u00e3o.<\/span><\/span><\/p>\n<p style=\"text-align: justify; margin-left: 40px;\"><span style=\"color: #000000;\"><span style=\"font-family: tahoma,geneva,sans-serif;\">c) Fun\u00e7\u00f5es injetoras, sobrejetoras e bijetoras.<\/span><\/span><\/p>\n<p style=\"text-align: justify; margin-left: 40px;\"><span style=\"color: #000000;\"><span style=\"font-family: tahoma,geneva,sans-serif;\">d) Fun\u00e7\u00f5es crescentes, decrescentes e constantes.<\/span><\/span><\/p>\n<p style=\"text-align: justify; margin-left: 40px;\"><span style=\"color: #000000;\"><span style=\"font-family: tahoma,geneva,sans-serif;\">e) Fun\u00e7\u00f5es compostas e inversas.<\/span><\/span><\/p>\n<p style=\"text-align: justify;\"><span style=\"color: #000000;\"><span style=\"font-family: tahoma,geneva,sans-serif;\">3) Fun\u00e7\u00e3o afim e fun\u00e7\u00e3o quadr\u00e1tica<\/span><\/span><\/p>\n<p style=\"text-align: justify; margin-left: 40px;\"><span style=\"color: #000000;\"><span style=\"font-family: tahoma,geneva,sans-serif;\">a) Gr\u00e1fico, dom\u00ednio, imagem e caracter\u00edsticas.<\/span><\/span><\/p>\n<p style=\"text-align: justify; margin-left: 40px;\"><span style=\"color: #000000;\"><span style=\"font-family: tahoma,geneva,sans-serif;\">b) Varia\u00e7\u00f5es de sinal.<\/span><\/span><\/p>\n<p style=\"text-align: justify; margin-left: 40px;\"><span style=\"color: #000000;\"><span style=\"font-family: tahoma,geneva,sans-serif;\">c) M\u00e1ximos e m\u00ednimos.<\/span><\/span><\/p>\n<p style=\"text-align: justify; margin-left: 40px;\"><span style=\"color: #000000;\"><span style=\"font-family: tahoma,geneva,sans-serif;\">d) Resolu\u00e7\u00e3o de equa\u00e7\u00f5es e inequa\u00e7\u00f5es.<\/span><\/span><\/p>\n<p style=\"text-align: justify; margin-left: 40px;\"><span style=\"color: #000000;\"><span style=\"font-family: tahoma,geneva,sans-serif;\">e) Inequa\u00e7\u00e3o produto e inequa\u00e7\u00e3o quociente.<\/span><\/span><\/p>\n<p style=\"text-align: justify;\"><span style=\"color: #000000;\"><span style=\"font-family: tahoma,geneva,sans-serif;\">4) Fun\u00e7\u00e3o exponencial<\/span><\/span><\/p>\n<p style=\"text-align: justify; margin-left: 40px;\"><span style=\"color: #000000;\"><span style=\"font-family: tahoma,geneva,sans-serif;\">a) Gr\u00e1fico, dom\u00ednio, imagem e caracter\u00edsticas.<\/span><\/span><\/p>\n<p style=\"text-align: justify; margin-left: 40px;\"><span style=\"color: #000000;\"><span style=\"font-family: tahoma,geneva,sans-serif;\">b) Equa\u00e7\u00f5es e inequa\u00e7\u00f5es exponenciais.<\/span><\/span><\/p>\n<p style=\"text-align: justify;\"><span style=\"color: #000000;\"><span style=\"font-family: tahoma,geneva,sans-serif;\">5) Fun\u00e7\u00e3o logar\u00edtmica<\/span><\/span><\/p>\n<p style=\"text-align: justify; margin-left: 40px;\"><span style=\"color: #000000;\"><span style=\"font-family: tahoma,geneva,sans-serif;\">a) Defini\u00e7\u00e3o de logaritmo, propriedades operat\u00f3rias e mudan\u00e7a de base.<\/span><\/span><\/p>\n<p style=\"text-align: justify; margin-left: 40px;\"><span style=\"color: #000000;\"><span style=\"font-family: tahoma,geneva,sans-serif;\">b) Gr\u00e1fico, dom\u00ednio, imagem e caracter\u00edsticas da fun\u00e7\u00e3o logar\u00edtmica.<\/span><\/span><\/p>\n<p style=\"text-align: justify; margin-left: 40px;\"><span style=\"color: #000000;\"><span style=\"font-family: tahoma,geneva,sans-serif;\">c) Equa\u00e7\u00f5es e inequa\u00e7\u00f5es logar\u00edtmicas.<\/span><\/span><\/p>\n<p style=\"text-align: justify;\"><span style=\"color: #000000;\"><span style=\"font-family: tahoma,geneva,sans-serif;\">6) Trigonometria<\/span><\/span><\/p>\n<p style=\"text-align: justify; margin-left: 40px;\"><span style=\"color: #000000;\"><span style=\"font-family: tahoma,geneva,sans-serif;\">a) Trigonometria no tri\u00e2ngulo ret\u00e2ngulo.<\/span><\/span><\/p>\n<p style=\"text-align: justify; margin-left: 40px;\"><span style=\"color: #000000;\"><span style=\"font-family: tahoma,geneva,sans-serif;\">b) Trigonometria num tri\u00e2ngulo qualquer.<\/span><\/span><\/p>\n<p style=\"text-align: justify; margin-left: 40px;\"><span style=\"color: #000000;\"><span style=\"font-family: tahoma,geneva,sans-serif;\">c) Unidades de medidas de arcos e \u00e2ngulos: graus e radianos.<\/span><\/span><\/p>\n<p style=\"text-align: justify; margin-left: 40px;\"><span style=\"color: #000000;\"><span style=\"font-family: tahoma,geneva,sans-serif;\">d) C\u00edrculo trigonom\u00e9trico, raz\u00f5es trigonom\u00e9tricas, redu\u00e7\u00e3o ao 1\u00ba quadrante.<\/span><\/span><\/p>\n<p style=\"text-align: justify; margin-left: 40px;\"><span style=\"color: #000000;\"><span style=\"font-family: tahoma,geneva,sans-serif;\">e) Fun\u00e7\u00f5es trigonom\u00e9tricas: seno, cosseno e tangente; rela\u00e7\u00f5es e identidades.<\/span><\/span><\/p>\n<p style=\"text-align: justify; margin-left: 40px;\"><span style=\"color: #000000;\"><span style=\"font-family: tahoma,geneva,sans-serif;\">f) F\u00f3rmulas de adi\u00e7\u00e3o de arcos e arcos duplos.<\/span><\/span><\/p>\n<p style=\"text-align: justify;\"><span style=\"color: #000000;\"><span style=\"font-family: tahoma,geneva,sans-serif;\">7) An\u00e1lise combinat\u00f3ria<\/span><\/span><\/p>\n<p style=\"text-align: justify; margin-left: 40px;\"><span style=\"color: #000000;\"><span style=\"font-family: tahoma,geneva,sans-serif;\">a) Fatorial: defini\u00e7\u00e3o e opera\u00e7\u00f5es.<\/span><\/span><\/p>\n<p style=\"text-align: justify; margin-left: 40px;\"><span style=\"color: #000000;\"><span style=\"font-family: tahoma,geneva,sans-serif;\">b) Princ\u00edpio Fundamental da Contagem.<\/span><\/span><\/p>\n<p style=\"text-align: justify; margin-left: 40px;\"><span style=\"color: #000000;\"><span style=\"font-family: tahoma,geneva,sans-serif;\">c) Arranjos, permuta\u00e7\u00f5es e combina\u00e7\u00f5es.<\/span><\/span><\/p>\n<p style=\"text-align: justify;\"><span style=\"color: #000000;\"><span style=\"font-family: tahoma,geneva,sans-serif;\">8) Probabilidade<\/span><\/span><\/p>\n<p style=\"text-align: justify; margin-left: 40px;\"><span style=\"color: #000000;\"><span style=\"font-family: tahoma,geneva,sans-serif;\">a) Experimento aleat\u00f3rio, espa\u00e7o amostral, evento.<\/span><\/span><\/p>\n<p style=\"text-align: justify; margin-left: 40px;\"><span style=\"color: #000000;\"><span style=\"font-family: tahoma,geneva,sans-serif;\">b) Probabilidade em espa\u00e7os amostrais equiprov\u00e1veis.<\/span><\/span><\/p>\n<p style=\"text-align: justify; margin-left: 40px;\"><span style=\"color: #000000;\"><span style=\"font-family: tahoma,geneva,sans-serif;\">c) Probabilidade da uni\u00e3o e interse\u00e7\u00e3o de eventos.<\/span><\/span><\/p>\n<p style=\"text-align: justify; margin-left: 40px;\"><span style=\"color: #000000;\"><span style=\"font-family: tahoma,geneva,sans-serif;\">d) Probabilidade condicional.<\/span><\/span><\/p>\n<p style=\"text-align: justify; margin-left: 40px;\"><span style=\"color: #000000;\"><span style=\"font-family: tahoma,geneva,sans-serif;\">e) Eventos independentes.<\/span><\/span><\/p>\n<p style=\"text-align: justify;\"><span style=\"color: #000000;\"><span style=\"font-family: tahoma,geneva,sans-serif;\">9) No\u00e7\u00f5es de estat\u00edstica<\/span><\/span><\/p>\n<p style=\"text-align: justify; margin-left: 40px;\"><span style=\"color: #000000;\"><span style=\"font-family: tahoma,geneva,sans-serif;\">a) Popula\u00e7\u00e3o e amostra.<\/span><\/span><\/p>\n<p style=\"text-align: justify; margin-left: 40px;\"><span style=\"color: #000000;\"><span style=\"font-family: tahoma,geneva,sans-serif;\">b) Frequ\u00eancia absoluta e frequ\u00eancia relativa.<\/span><\/span><\/p>\n<p style=\"text-align: justify; margin-left: 40px;\"><span style=\"color: #000000;\"><span style=\"font-family: tahoma,geneva,sans-serif;\">c) Medidas de tend\u00eancia central: m\u00e9dia aritm\u00e9tica, m\u00e9dia aritm\u00e9tica ponderada, mediana e moda.<\/span><\/span><\/p>\n<p style=\"text-align: justify;\"><span style=\"color: #000000;\"><span style=\"font-family: tahoma,geneva,sans-serif;\">10) Sequ\u00eancias num\u00e9ricas<\/span><\/span><\/p>\n<p style=\"text-align: justify; margin-left: 40px;\"><span style=\"color: #000000;\"><span style=\"font-family: tahoma,geneva,sans-serif;\">a) Lei de forma\u00e7\u00e3o de uma sequ\u00eancia.<\/span><\/span><\/p>\n<p style=\"text-align: justify; margin-left: 40px;\"><span style=\"color: #000000;\"><span style=\"font-family: tahoma,geneva,sans-serif;\">b) Progress\u00f5es aritm\u00e9ticas e geom\u00e9tricas: termo geral, soma dos termos e propriedades.<\/span><\/span><\/p>\n<p style=\"text-align: justify;\"><span style=\"color: #000000;\"><span style=\"font-family: tahoma,geneva,sans-serif;\">11) Matrizes, determinantes e sistemas lineares<\/span><\/span><\/p>\n<p style=\"text-align: justify; margin-left: 40px;\"><span style=\"color: #000000;\"><span style=\"font-family: tahoma,geneva,sans-serif;\">a) Matrizes: conceito, tipos especiais, opera\u00e7\u00f5es e matriz inversa.<\/span><\/span><\/p>\n<p style=\"text-align: justify; margin-left: 40px;\"><span style=\"color: #000000;\"><span style=\"font-family: tahoma,geneva,sans-serif;\">b) Determinantes: conceito, resolu\u00e7\u00e3o e propriedades.<\/span><\/span><\/p>\n<p style=\"text-align: justify; margin-left: 40px;\"><span style=\"color: #000000;\"><span style=\"font-family: tahoma,geneva,sans-serif;\">c) Sistemas lineares: resolu\u00e7\u00e3o, classifica\u00e7\u00e3o e discuss\u00e3o.<\/span><\/span><\/p>\n<p style=\"text-align: justify;\"><span style=\"color: #000000;\"><span style=\"font-family: tahoma,geneva,sans-serif;\">12) Geometria plana<\/span><\/span><\/p>\n<p style=\"text-align: justify; margin-left: 40px;\"><span style=\"color: #000000;\"><span style=\"font-family: tahoma,geneva,sans-serif;\">a) Congru\u00eancia de figuras planas.<\/span><\/span><\/p>\n<p style=\"text-align: justify; margin-left: 40px;\"><span style=\"color: #000000;\"><span style=\"font-family: tahoma,geneva,sans-serif;\">b) Semelhan\u00e7a de tri\u00e2ngulos.<\/span><\/span><\/p>\n<p style=\"text-align: justify; margin-left: 40px;\"><span style=\"color: #000000;\"><span style=\"font-family: tahoma,geneva,sans-serif;\">c) Rela\u00e7\u00f5es m\u00e9tricas nos tri\u00e2ngulos, pol\u00edgonos regulares e c\u00edrculos.<\/span><\/span><\/p>\n<p style=\"text-align: justify; margin-left: 40px;\"><span style=\"color: #000000;\"><span style=\"font-family: tahoma,geneva,sans-serif;\">d) Inscri\u00e7\u00e3o e circunscri\u00e7\u00e3o de pol\u00edgonos regulares.<\/span><\/span><\/p>\n<p style=\"text-align: justify; margin-left: 40px;\"><span style=\"color: #000000;\"><span style=\"font-family: tahoma,geneva,sans-serif;\">e) \u00c1reas de pol\u00edgonos, c\u00edrculo, coroa e setor circular.<\/span><\/span><\/p>\n<p style=\"text-align: justify;\"><span style=\"color: #000000;\"><span style=\"font-family: tahoma,geneva,sans-serif;\">13) Geometria espacial<\/span><\/span><\/p>\n<p style=\"text-align: justify; margin-left: 40px;\"><span style=\"color: #000000;\"><span style=\"font-family: tahoma,geneva,sans-serif;\">a) Retas e planos no espa\u00e7o: paralelismo e perpendicularismo.<\/span><\/span><\/p>\n<p style=\"text-align: justify; margin-left: 40px;\"><span style=\"color: #000000;\"><span style=\"font-family: tahoma,geneva,sans-serif;\">b) Prismas, pir\u00e2mides, cilindros e cones: conceito, elementos, classifica\u00e7\u00e3o, \u00e1reas, volumes e troncos.<\/span><\/span><\/p>\n<p style=\"text-align: justify; margin-left: 40px;\"><span style=\"color: #000000;\"><span style=\"font-family: tahoma,geneva,sans-serif;\">c) Esfera: elementos, se\u00e7\u00e3o da esfera, \u00e1rea e volume.<\/span><\/span><\/p>\n<p style=\"text-align: justify;\"><span style=\"color: #000000;\"><span style=\"font-family: tahoma,geneva,sans-serif;\">14) Geometria anal\u00edtica<\/span><\/span><\/p>\n<p style=\"text-align: justify; margin-left: 40px;\"><span style=\"color: #000000;\"><span style=\"font-family: tahoma,geneva,sans-serif;\">a) Ponto: o plano cartesiano, dist\u00e2ncia entre dois pontos, ponto m\u00e9dio de um segmento, condi\u00e7\u00e3o de alinhamento de tr\u00eas pontos.<\/span><\/span><\/p>\n<p style=\"text-align: justify; margin-left: 40px;\"><span style=\"color: #000000;\"><span style=\"font-family: tahoma,geneva,sans-serif;\">b) Estudo da reta: equa\u00e7\u00e3o geral e reduzida; interse\u00e7\u00e3o, paralelismo e perpendicularismo entre retas; dist\u00e2ncia de um ponto a uma reta; \u00e1rea de um tri\u00e2ngulo.<\/span><\/span><\/p>\n<p style=\"text-align: justify; margin-left: 40px;\"><span style=\"color: #000000;\"><span style=\"font-family: tahoma,geneva,sans-serif;\">c) Estudo da circunfer\u00eancia: equa\u00e7\u00e3o geral e reduzida; posi\u00e7\u00f5es relativas entre ponto e circunfer\u00eancia, reta e circunfer\u00eancia e duas circunfer\u00eancias; tang\u00eancia.<\/span><\/span><\/p>\n<p style=\"text-align: justify;\"><span style=\"color: #000000;\"><span style=\"font-family: tahoma,geneva,sans-serif;\">15) N\u00fameros complexos<\/span><\/span><\/p>\n<p style=\"text-align: justify; margin-left: 40px;\"><span style=\"color: #000000;\"><span style=\"font-family: tahoma,geneva,sans-serif;\">a) O n\u00famero \u201ci\u201d.<\/span><\/span><\/p>\n<p style=\"text-align: justify; margin-left: 40px;\"><span style=\"color: #000000;\"><span style=\"font-family: tahoma,geneva,sans-serif;\">b) Conjugado e m\u00f3dulo de um n\u00famero complexo.<\/span><\/span><\/p>\n<p style=\"text-align: justify; margin-left: 40px;\"><span style=\"color: #000000;\"><span style=\"font-family: tahoma,geneva,sans-serif;\">c) Representa\u00e7\u00e3o alg\u00e9brica e trigonom\u00e9trica de um n\u00famero complexo. d) Opera\u00e7\u00f5es nas formas alg\u00e9brica e trigonom\u00e9trica.<\/span><\/span><\/p>\n<p style=\"text-align: justify;\"><span style=\"color: #000000;\"><span style=\"font-family: tahoma,geneva,sans-serif;\">16) Polin\u00f4mios<\/span><\/span><\/p>\n<p style=\"text-align: justify; margin-left: 40px;\"><span style=\"color: #000000;\"><span style=\"font-family: tahoma,geneva,sans-serif;\">a) Fun\u00e7\u00e3o polinomial; polin\u00f4mio identicamente nulo; grau de um polin\u00f4mio; identidade de um polin\u00f4mio, raiz de um polin\u00f4mio; opera\u00e7\u00f5es com polin\u00f4mios; valor num\u00e9rico de um polin\u00f4mio.<\/span><\/span><\/p>\n<p style=\"text-align: justify; margin-left: 40px;\"><span style=\"color: #000000;\"><span style=\"font-family: tahoma,geneva,sans-serif;\">b) Divis\u00e3o de polin\u00f4mios, Teorema do Resto, Teorema de D&#8217;Alembert, dispositivo de Briot-Ruffini.<\/span><\/span><\/p>\n<p style=\"text-align: justify;\"><span style=\"color: #000000;\"><span style=\"font-family: tahoma,geneva,sans-serif;\">17) Equa\u00e7\u00f5es polinomiais<\/span><\/span><\/p>\n<p style=\"text-align: justify; margin-left: 40px;\"><span style=\"color: #000000;\"><span style=\"font-family: tahoma,geneva,sans-serif;\">a) Defini\u00e7\u00e3o, ra\u00edzes e multiplicidade.<\/span><\/span><\/p>\n<p style=\"text-align: justify; margin-left: 40px;\"><span style=\"color: #000000;\"><span style=\"font-family: tahoma,geneva,sans-serif;\">b) Teorema Fundamental da \u00c1lgebra.<\/span><\/span><\/p>\n<p style=\"text-align: justify; margin-left: 40px;\"><span style=\"color: #000000;\"><span style=\"font-family: tahoma,geneva,sans-serif;\">c) Rela\u00e7\u00f5es entre coeficientes e ra\u00edzes.<\/span><\/span><\/p>\n<p style=\"text-align: justify; margin-left: 40px;\"><span style=\"color: #000000;\"><span style=\"font-family: tahoma,geneva,sans-serif;\">d) Ra\u00edzes reais e complexas<\/span><\/span><\/p>\n<p style=\"text-align: justify;\">\n<p style=\"text-align: justify;\"><span style=\"color: #000000;\"><span style=\"font-family: tahoma,geneva,sans-serif;\"><strong>PORTUGU\u00caS <\/strong><\/span><\/span><\/p>\n<p style=\"text-align: justify;\"><span style=\"color: #000000;\"><span style=\"font-family: tahoma,geneva,sans-serif;\">1) Leitura, interpreta\u00e7\u00e3o e an\u00e1lise de textos Leitura, interpreta\u00e7\u00e3o e an\u00e1lise dos significados presentes em um texto e o respectivo relacionamento com o universo em que o texto foi produzido.<\/span><\/span><\/p>\n<p style=\"text-align: justify;\"><span style=\"color: #000000;\"><span style=\"font-family: tahoma,geneva,sans-serif;\">2) Fon\u00e9tica, ortografia e pontua\u00e7\u00e3o Correta escrita das palavras da l\u00edngua portuguesa, acentua\u00e7\u00e3o gr\u00e1fica, parti\u00e7\u00e3o sil\u00e1bica e pontua\u00e7\u00e3o. 3) Morfologia Estrutura e forma\u00e7\u00e3o das palavras e classes de palavras. 4) Morfossintaxe Frase, ora\u00e7\u00e3o e per\u00edodo, termos da ora\u00e7\u00e3o, ora\u00e7\u00f5es do per\u00edodo (desenvolvidas e reduzidas), fun\u00e7\u00f5es sint\u00e1ticas do pronome relativo, sintaxe de reg\u00eancia (verbal e nominal), sintaxe de concord\u00e2ncia (verbal e nominal) e sintaxe de coloca\u00e7\u00e3o.<\/span><\/span><\/p>\n<p style=\"text-align: justify;\"><span style=\"color: #000000;\"><span style=\"font-family: tahoma,geneva,sans-serif;\">5) No\u00e7\u00f5es de versifica\u00e7\u00e3o Estrutura do verso, tipos de verso, rima, estrofa\u00e7\u00e3o e poemas de forma fixa.<\/span><\/span><\/p>\n<p style=\"text-align: justify;\"><span style=\"color: #000000;\"><span style=\"font-family: tahoma,geneva,sans-serif;\">6) Teoria da linguagem e sem\u00e2ntica Hist\u00f3ria da L\u00edngua Portuguesa; linguagem, l\u00edngua, discurso e estilo; n\u00edveis de linguagem, fun\u00e7\u00f5es da linguagem; figuras de linguagem; e significado das palavras.<\/span><\/span><\/p>\n<p style=\"text-align: justify;\"><span style=\"color: #000000;\"><span style=\"font-family: tahoma,geneva,sans-serif;\">7) Introdu\u00e7\u00e3o \u00e0 literatura A arte liter\u00e1ria, os g\u00eaneros liter\u00e1rios e a evolu\u00e7\u00e3o da arte liter\u00e1ria, em Portugal e no Brasil.<\/span><\/span><\/p>\n<p style=\"text-align: justify;\"><span style=\"color: #000000;\"><span style=\"font-family: tahoma,geneva,sans-serif;\">8) Literatura brasileira Contexto hist\u00f3rico, caracter\u00edsticas, principais autores e obras do Quinhentismo, Barroco, Arcadismo, Romantismo, Realismo, Naturalismo, Impressionismo, Parnasianismo, Simbolismo, Pr\u00e9-Modernismo e Modernismo.<\/span><\/span><\/p>\n<p style=\"text-align: justify;\"><span style=\"color: #000000;\"><span style=\"font-family: tahoma,geneva,sans-serif;\">9) Reda\u00e7\u00e3o G\u00eanero textual; textualidade e estilo (fun\u00e7\u00f5es da linguagem; coes\u00e3o e coer\u00eancia textual; tipos de discurso; intertextualidade; denota\u00e7\u00e3o e conota\u00e7\u00e3o; figuras de linguagem; mecanismos de coes\u00e3o; a ambiguidade; a n\u00e3o-contradi\u00e7\u00e3o; paralelismos sint\u00e1ticos e sem\u00e2nticos; continuidade e progress\u00e3o textual); texto e contexto; o texto narrativo: o enredo, o tempo e o espa\u00e7o; a t\u00e9cnica da descri\u00e7\u00e3o; o narrador; o texto argumentativo; o tema; a impessoalidade; a carta argumentativa; a cr\u00f4nica argumentativa; a argumenta\u00e7\u00e3o e a persuas\u00e3o; o texto dissertativo-argumentativo; a consist\u00eancia dos argumentos; a contra-\u00a0 argumenta\u00e7\u00e3o; o par\u00e1grafo; a informatividade e o senso comum; formas de desenvolvimento do texto dissertativo-argumentativo; a introdu\u00e7\u00e3o; e a conclus\u00e3o.<\/span><\/span><\/p>\n<p style=\"text-align: justify;\"><span style=\"color: #000000;\"><span style=\"font-family: tahoma,geneva,sans-serif;\">10) Altera\u00e7\u00f5es introduzidas na ortografia da l\u00edngua portuguesa pelo Acordo Ortogr\u00e1fico da L\u00edngua Portuguesa, assinado em Lisboa, em 16 de dezembro de 1990, por Portugal, Brasil, Angola, S\u00e3o Tom\u00e9 e Pr\u00edncipe, Cabo Verde, Guin\u00e9-Bissau, Mo\u00e7ambique e, posteriormente, por Timor Leste, aprovado no Brasil pelo Decreto n\u00ba 6.583, de 29 de setembro de 2008 e alterado pelo Decreto n\u00ba 7.875, de 27 de dezembro de 2012.<\/span><\/span><\/p>\n<p style=\"text-align: justify;\">\n<p style=\"text-align: justify;\"><span style=\"color: #000000;\"><span style=\"font-family: tahoma,geneva,sans-serif;\"><strong>HIST\u00d3RIA E GEOGRAFIA DO BRASIL <\/strong><\/span><\/span><\/p>\n<p style=\"text-align: justify;\"><span style=\"color: #000000;\"><span style=\"font-family: tahoma,geneva,sans-serif;\">1) Hist\u00f3ria do Brasil<\/span><\/span><\/p>\n<p style=\"text-align: justify; margin-left: 40px;\"><span style=\"color: #000000;\"><span style=\"font-family: tahoma,geneva,sans-serif;\">a) A expans\u00e3o Ultramarina Europ\u00e9ia dos s\u00e9culos XV e XVI<\/span><\/span><\/p>\n<p style=\"text-align: justify; margin-left: 40px;\"><span style=\"color: #000000;\"><span style=\"font-family: tahoma,geneva,sans-serif;\">b) O Sistema Colonial Portugu\u00eas na Am\u00e9rica Estrutura pol\u00edtico-administrativa, estrutura socioecon\u00f4mica, invas\u00f5es estrangeiras, expans\u00e3o territorial, interioriza\u00e7\u00e3o e forma\u00e7\u00e3o das fronteiras, as reformas pombalinas, rebeli\u00f5es coloniais; e movimentos e tentativas emancipacionistas.<\/span><\/span><\/p>\n<p style=\"text-align: justify; margin-left: 40px;\"><span style=\"color: #000000;\"><span style=\"font-family: tahoma,geneva,sans-serif;\">c) O Per\u00edodo Joanino e a Independ\u00eancia<\/span><\/span><\/p>\n<p style=\"text-align: justify; margin-left: 80px;\"><span style=\"color: #000000;\"><span style=\"font-family: tahoma,geneva,sans-serif;\">(1) A presen\u00e7a brit\u00e2nica no Brasil, a transfer\u00eancia da Corte, os tratados, as principais medidas de D. Jo\u00e3o VI no Brasil, a pol\u00edtica joanina, os partidos pol\u00edticos, as revoltas, conspira\u00e7\u00f5es e revolu\u00e7\u00f5es e a emancipa\u00e7\u00e3o e os conflitos sociais.<\/span><\/span><\/p>\n<p style=\"text-align: justify; margin-left: 80px;\"><span style=\"color: #000000;\"><span style=\"font-family: tahoma,geneva,sans-serif;\">(2) O processo de independ\u00eancia do Brasil.<\/span><\/span><\/p>\n<p style=\"text-align: justify; margin-left: 40px;\"><span style=\"color: #000000;\"><span style=\"font-family: tahoma,geneva,sans-serif;\">d) Brasil Imperial Primeiro Reinado e Per\u00edodo Regencial: aspectos administrativos, militares, culturais, econ\u00f4micos, sociais e territoriais; Segundo Reinado: aspectos administrativos, militares, econ\u00f4micos, sociais e territoriais; e Crise da Monarquia e Proclama\u00e7\u00e3o da Rep\u00fablica. e) Brasil Rep\u00fablica Aspectos administrativos, culturais, econ\u00f4micos, sociais e territoriais, revoltas, crises e conflitos e a participa\u00e7\u00e3o brasileira na II Guerra Mundial.<\/span><\/span><\/p>\n<p style=\"text-align: justify;\"><span style=\"color: #000000;\"><span style=\"font-family: tahoma,geneva,sans-serif;\">2) Geografia do Brasil<\/span><\/span><\/p>\n<p style=\"text-align: justify; margin-left: 40px;\"><span style=\"color: #000000;\"><span style=\"font-family: tahoma,geneva,sans-serif;\">a) O territ\u00f3rio nacional: a constru\u00e7\u00e3o do Estado e da Na\u00e7\u00e3o, a obra de fronteiras, fusoshor\u00e1rios e a federa\u00e7\u00e3o brasileira.<\/span><\/span><\/p>\n<p style=\"text-align: justify; margin-left: 40px;\"><span style=\"color: #000000;\"><span style=\"font-family: tahoma,geneva,sans-serif;\">b) O espa\u00e7o brasileiro: relevo, climas, vegeta\u00e7\u00e3o, hidrografia e solos. <\/span><\/span><\/p>\n<p style=\"text-align: justify; margin-left: 40px;\"><span style=\"color: #000000;\"><span style=\"font-family: tahoma,geneva,sans-serif;\">c) Pol\u00edticas territoriais: meio ambiente.<\/span><\/span><\/p>\n<p style=\"text-align: justify; margin-left: 40px;\"><span style=\"color: #000000;\"><span style=\"font-family: tahoma,geneva,sans-serif;\">d) Modelo econ\u00f4mico brasileiro: o processo de industrializa\u00e7\u00e3o, o espa\u00e7o industrial, a energia e o meio ambiente, os complexos agroindustriais e os eixos de circula\u00e7\u00e3o e os custos de deslocamento. <\/span><\/span><\/p>\n<p style=\"text-align: justify; margin-left: 40px;\"><span style=\"color: #000000;\"><span style=\"font-family: tahoma,geneva,sans-serif;\">e) A popula\u00e7\u00e3o brasileira: a sociedade nacional, a nova din\u00e2mica demogr\u00e1fica, os trabalhadores e o mercado de trabalho, a quest\u00e3o agr\u00e1ria, pobreza e exclus\u00e3o social e o espa\u00e7o das cidades.<\/span><\/span><\/p>\n<p style=\"text-align: justify; margin-left: 40px;\"><span style=\"color: #000000;\"><span style=\"font-family: tahoma,geneva,sans-serif;\">f) Pol\u00edticas territoriais e regionais: a Amaz\u00f4nia, o Nordeste, o Mercosul e a Am\u00e9rica do Sul.<\/span><\/span><\/p>\n<p style=\"text-align: justify;\">\n<p style=\"text-align: justify;\"><span style=\"color: #000000;\"><span style=\"font-family: tahoma,geneva,sans-serif;\"><strong>TEORIA MUSICAL<\/strong><\/span><\/span><\/p>\n<p style=\"text-align: justify;\"><span style=\"color: #000000;\"><span style=\"font-family: tahoma,geneva,sans-serif;\">1) Compassos em geral (simples, composto, misto e alternado). Transforma\u00e7\u00e3o do compasso simples em composto e vice-versa. Tempos fortes e fracos. Partes fortes e fracas de tempo. Tempo meio-forte e contratempo.<\/span><\/span><\/p>\n<p style=\"text-align: justify;\"><span style=\"color: #000000;\"><span style=\"font-family: tahoma,geneva,sans-serif;\">2) S\u00edncopas regulares. Qui\u00e1lteras.<\/span><\/span><\/p>\n<p style=\"text-align: justify;\"><span style=\"color: #000000;\"><span style=\"font-family: tahoma,geneva,sans-serif;\">3) Sinais de altera\u00e7\u00e3o: sustenidos, bem\u00f3is, dobrado sustenido, dobrado bemol e bequadro; suas finalidades. Armadura de claves e acidentes. Tons relativos, tons vizinhos e afastados.<\/span><\/span><\/p>\n<p style=\"text-align: justify;\"><span style=\"color: #000000;\"><span style=\"font-family: tahoma,geneva,sans-serif;\">4) Sinais de intensidade. Palavras e express\u00f5es que modificam os andamentos.<\/span><\/span><\/p>\n<p style=\"text-align: justify;\"><span style=\"color: #000000;\"><span style=\"font-family: tahoma,geneva,sans-serif;\">5) Tetrac\u00f3rdio. Reprodu\u00e7\u00e3o das escalas maiores com sustenidos e bem\u00f3is.<\/span><\/span><\/p>\n<p style=\"text-align: justify;\"><span style=\"color: #000000;\"><span style=\"font-family: tahoma,geneva,sans-serif;\">6) Escalas crom\u00e1ticas ascendentes e descendentes, maiores e menores, com sustenidos e bem\u00f3is.<\/span><\/span><\/p>\n<p style=\"text-align: justify;\"><span style=\"color: #000000;\"><span style=\"font-family: tahoma,geneva,sans-serif;\">7) Escalas diat\u00f4nicas ascendentes e descendentes, maiores e menores, com sustenidos e bem\u00f3is.<\/span><\/span><\/p>\n<p style=\"text-align: justify;\"><span style=\"color: #000000;\"><span style=\"font-family: tahoma,geneva,sans-serif;\">8) Tons hom\u00f4nimos; notas comuns e diferenciais entre dois tons diferentes.<\/span><\/span><\/p>\n<p style=\"text-align: justify;\"><span style=\"color: #000000;\"><span style=\"font-family: tahoma,geneva,sans-serif;\">9) Intervalos em geral: intervalos superiores, suas classifica\u00e7\u00f5es e invers\u00f5es. Tom, semitons diat\u00f4nicos e crom\u00e1ticos; intervalos mel\u00f3dicos e harm\u00f4nicos.<\/span><\/span><\/p>\n<p style=\"text-align: justify;\"><span style=\"color: #000000;\"><span style=\"font-family: tahoma,geneva,sans-serif;\">10) Intervalos consonantes e dissonantes, suas classifica\u00e7\u00f5es e invers\u00f5es.<\/span><\/span><\/p>\n<p style=\"text-align: justify;\"><span style=\"color: #000000;\"><span style=\"font-family: tahoma,geneva,sans-serif;\">11) Ornamentos: portamento, apogiatura superior e inferior, simples e dupla; floreio de duas notas superiores e inferiores; mordente superior e inferior; trinado; e grupeto superior e inferior.<\/span><\/span><\/p>\n<p style=\"text-align: justify;\"><span style=\"color: #000000;\"><span style=\"font-family: tahoma,geneva,sans-serif;\">12) Acordes de 3 (tr\u00eas) sons.<\/span><\/span><\/p>\n<p style=\"text-align: justify;\"><span style=\"color: #000000;\"><span style=\"font-family: tahoma,geneva,sans-serif;\">13) Bibliografia sugerida &#8211; constitui apenas uma indica\u00e7\u00e3o para elabora\u00e7\u00e3o e corre\u00e7\u00e3o dos itens propostos nas provas do EI, n\u00e3o esgotando o conte\u00fado dos assuntos relacionados.<\/span><\/span><\/p>\n<p style=\"text-align: justify;\">\n<p style=\"text-align: justify;\"><span style=\"color: #000000;\"><span style=\"font-family: tahoma,geneva,sans-serif;\"><strong>PROGRAMA DO EXAME DE HABILITA\u00c7\u00c3O MUSICAL<\/strong><\/span><\/span><\/p>\n<p style=\"text-align: justify;\"><span style=\"color: #000000;\"><span style=\"font-family: tahoma,geneva,sans-serif;\"><strong>a. Prova pr\u00e1tica <\/strong><\/span><\/span><\/p>\n<p style=\"text-align: justify;\"><span style=\"color: #000000;\"><span style=\"font-family: tahoma,geneva,sans-serif;\">1) O Exame de Habilita\u00e7\u00e3o Musical (EHM) constar\u00e1 de uma prova pr\u00e1tica, com as seguintes tarefas a serem executadas pelo candidato \u00e0 \u00e1rea M\u00fasica:<\/span><\/span><\/p>\n<p style=\"text-align: justify; margin-left: 40px;\"><span style=\"color: #000000;\"><span style=\"font-family: tahoma,geneva,sans-serif;\">a) escalas ascendentes e descendentes, at\u00e9 4 (quatro) sustenidos e 4 (quatro) bem\u00f3is, dentro da extens\u00e3o do instrumento do candidato, selecionadas pela Comiss\u00e3o de Aplica\u00e7\u00e3o do EHM;<\/span><\/span><\/p>\n<p style=\"text-align: justify; margin-left: 40px;\"><span style=\"color: #000000;\"><span style=\"font-family: tahoma,geneva,sans-serif;\">b) um estudo de m\u00e9todo, que contenha ornamento de at\u00e9 3 (tr\u00eas) notas, dentre tr\u00eas apresentados pelo candidato, a crit\u00e9rio da Comiss\u00e3o de Aplica\u00e7\u00e3o do EHM;<\/span><\/span><\/p>\n<p style=\"text-align: justify; margin-left: 40px;\"><span style=\"color: #000000;\"><span style=\"font-family: tahoma,geneva,sans-serif;\">c) um estudo de m\u00e9todo, que contenha ornamento de at\u00e9 3 (tr\u00eas) notas, apresentada ao candidato pela Comiss\u00e3o de Aplica\u00e7\u00e3o do EHM, de acordo com o m\u00e9todo do instrumento para o qual estiver concorrendo; e<\/span><\/span><\/p>\n<p style=\"text-align: justify; margin-left: 40px;\"><span style=\"color: #000000;\"><span style=\"font-family: tahoma,geneva,sans-serif;\">d) o Hino Nacional Brasileiro, em parte de 1o instrumento.<\/span><\/span><\/p>\n<p style=\"text-align: justify;\"><span style=\"color: #000000;\"><span style=\"font-family: tahoma,geneva,sans-serif;\"><strong>b. Os m\u00e9todos a serem usados pelos candidatos ser\u00e3o os seguintes <\/strong><\/span><\/span><\/p>\n<p style=\"text-align: justify; margin-left: 40px;\"><span style=\"color: #000000;\"><span style=\"font-family: tahoma,geneva,sans-serif;\">1) M\u00e9todo Arbans, para instrumentos de metal.<\/span><\/span><\/p>\n<p style=\"text-align: justify; margin-left: 40px;\"><span style=\"color: #000000;\"><span style=\"font-family: tahoma,geneva,sans-serif;\">2) Klos\u00e9 para instrumentos de palheta.<\/span><\/span><\/p>\n<p style=\"text-align: justify;\">\n<p style=\"text-align: justify;\"><span style=\"color: #000000;\"><span style=\"font-family: tahoma,geneva,sans-serif;\"><strong>T\u00c9CNICO EM ENFERMAGEM <\/strong><\/span><\/span><\/p>\n<p style=\"text-align: justify;\"><span style=\"color: #000000;\"><span style=\"font-family: tahoma,geneva,sans-serif;\">1) Deontologia e Exerc\u00edcio Profissional Responsabilidade do T\u00e9cnico de Enfermagem em rela\u00e7\u00e3o ao paciente, \u00e0 fam\u00edlia e \u00e0 comunidade; Sigilo profissional; Rela\u00e7\u00f5es interpessoais, o papel do T\u00e9cnico de Enfermagem na equipe de Enfermagem; C\u00f3digo de Deontologia de Enfermagem; Lei n\u00ba 7.498\/86, do Exerc\u00edcio Profissional da Enfermagem: Dimens\u00f5es \u00e9tico-legais na Enfermagem; Remo\u00e7\u00e3o de \u00f3rg\u00e3os, tecidos e partes do corpo humano para fins de transplante e terap\u00eauticos: aspectos legais e deontol\u00f3gicos; Estatuto do Idoso, Estatuto da crian\u00e7a e do adolescente.<\/span><\/span><\/p>\n<p style=\"text-align: justify;\"><span style=\"color: #000000;\"><span style=\"font-family: tahoma,geneva,sans-serif;\">2) Fundamentos de Enfermagem Tipos de unidades de sa\u00fade, a equipe de sa\u00fade e a equipe de enfermagem; normatiza\u00e7\u00e3o do Sistema \u00danico de Sa\u00fade do Brasil; necessidades b\u00e1sicas do paciente; Primeiros socorros; princ\u00edpios b\u00e1sicos de Enfermagem; fundamentos de anatomia e fisiologia humanas, microbiologia, parasitologia, nutri\u00e7\u00e3o e higiene; princ\u00edpios e m\u00e9todos de desinfec\u00e7\u00e3o e esteriliza\u00e7\u00e3o; admiss\u00e3o e alta do paciente; a participa\u00e7\u00e3o do T\u00e9cnico de Enfermagem no plano de cuidados de Enfermagem; verifica\u00e7\u00e3o de sinais vitais, peso e\u00a0 mensura\u00e7\u00e3o; alimenta\u00e7\u00e3o, conforto, higiene e seguran\u00e7a do paciente, meios e m\u00e9todos; Preparo e manuten\u00e7\u00e3o da unidade do paciente; administra\u00e7\u00e3o e c\u00e1lculo de medicamentos; no\u00e7\u00f5es de farmacologia; registro e anota\u00e7\u00f5es dos cuidados prestados ao paciente; aplica\u00e7\u00e3o de calor e frio; terapia intravenosa; o paciente terminal e cuidados p\u00f3s-morte; oxigenioterapia e curativos.<\/span><\/span><\/p>\n<p style=\"text-align: justify;\"><span style=\"color: #000000;\"><span style=\"font-family: tahoma,geneva,sans-serif;\">3) Enfermagem M\u00e9dico-Cir\u00fargica Assist\u00eancia e cuidados de enfermagem a pacientes com patologias dos aparelhos e sistemas: urin\u00e1rio, cardiovascular, respirat\u00f3rio, digestivo, end\u00f3crino, hematopo\u00e9tico e nervoso; procedimentos t\u00e9cnicos de enfermagem para realiza\u00e7\u00e3o de exames e tratamentos: preparo do material, preparo do paciente e preparo do ambiente; posi\u00e7\u00f5es para exames; exames de laborat\u00f3rio: t\u00e9cnica para coleta de material (fezes, escarro, urina e sangue); necessidades do paciente cir\u00fargico: pr\u00e9, trans e p\u00f3s-operat\u00f3rio; papel da enfermagem na central de material esterilizado (CME): conceitos, preparo, uso e cuidado com materiais esterilizados; atendimento de enfermagem na unidade de recupera\u00e7\u00e3o anest\u00e9sica e de cuidado intensivo; tipos de les\u00f5es cut\u00e2neas e curativos; Assist\u00eancia e cuidados de Enfermagem em socorros de emerg\u00eancia em casos de queimadura, intoxica\u00e7\u00f5es, desidrata\u00e7\u00e3o, choques, traumas, corpo estranho e hemorragia; acidentes of\u00eddicos e com animais pe\u00e7onhentos (of\u00eddios, escorpi\u00f5es, aracn\u00eddeos, lonomia e outras lagartas); infec\u00e7\u00e3o hospitalar: participa\u00e7\u00e3o do t\u00e9cnico de enfermagem na preven\u00e7\u00e3o da infec\u00e7\u00e3o hospitalar; convuls\u00f5es; reanima\u00e7\u00e3o cardiopulmonar; assist\u00eancia de enfermagem na profilaxia e tratamento das doen\u00e7as infecciosas, parasit\u00e1ria e sexualmente transmiss\u00edveis: mal\u00e1ria, Aids, hansen\u00edase, sarampo, tuberculose, hepatites, meningite, doen\u00e7as parasit\u00e1rias; infec\u00e7\u00f5es ent\u00e9ricas; NPP (Nutri\u00e7\u00e3o Parenteral Prolongada) e NE (Nutri\u00e7\u00e3o Enteral): indica\u00e7\u00f5es, preparo e cuidados de enfermagem para administra\u00e7\u00e3o.<\/span><\/span><\/p>\n<p style=\"text-align: justify;\"><span style=\"color: #000000;\"><span style=\"font-family: tahoma,geneva,sans-serif;\">4) Enfermagem Materno-Infantil Assist\u00eancia e cuidados de enfermagem \u00e0 gestante, \u00e0 parturiente e \u00e0 pu\u00e9rpera nos programas de preven\u00e7\u00e3o e de tratamento; complica\u00e7\u00f5es e intercorr\u00eancias cl\u00ednicas na gesta\u00e7\u00e3o; patologias obst\u00e9tricas; m\u00e9todos contraceptivos; assist\u00eancia ao rec\u00e9m-nascido e \u00e0 crian\u00e7a em estado normal e patol\u00f3gico; aleitamento materno; cuidados com a crian\u00e7a enferma ou hospitalizada; avalia\u00e7\u00e3o f\u00edsica pedi\u00e1trica; assist\u00eancia de enfermagem nos dist\u00farbios pedi\u00e1tricos: respirat\u00f3rios, neurol\u00f3gicos, cardiovasculares, afec\u00e7\u00f5es auditivas e oculares, gastrointestinais e nutricionais, renais e geniturin\u00e1rios, end\u00f3crinos e metab\u00f3licos, oncologia pedi\u00e1trica, hematol\u00f3gicos, imunol\u00f3gicos, ortop\u00e9dicos e da pele; e o papel do t\u00e9cnico de enfermagem na equipe materno-infantil.<\/span><\/span><\/p>\n<p style=\"text-align: justify;\"><span style=\"color: #000000;\"><span style=\"font-family: tahoma,geneva,sans-serif;\">5) Enfermagem em Sa\u00fade P\u00fablica O papel da enfermagem na assist\u00eancia \u00e0 sa\u00fade: da mulher, da crian\u00e7a, do idoso, do hipertenso, do diab\u00e9tico, na Hansen\u00edase, na tuberculose, nas doen\u00e7as sexualmente transmiss\u00edveis e AIDS (DST-AIDS), na sa\u00fade ocupacional e na sa\u00fade mental; imuniza\u00e7\u00f5es; doen\u00e7as infecciosas virais e bacterianas; e t\u00e9cnicas de isolamento (precau\u00e7\u00f5es universais).<\/span><\/span><\/p>\n<p style=\"text-align: justify;\"><span style=\"color: #000000;\"><span style=\"font-family: tahoma,geneva,sans-serif;\">6) Programa Nacional de Imuniza\u00e7\u00e3o Imuniza\u00e7\u00e3o da crian\u00e7a, do adolescente, do adulto e idoso, da mulher e da popula\u00e7\u00e3o ind\u00edgena: calend\u00e1rios de vacina\u00e7\u00e3o do Minist\u00e9rio da Sa\u00fade; conceitos b\u00e1sicos de vacina\u00e7\u00e3o; conserva\u00e7\u00e3o e validade; contraindica\u00e7\u00f5es gerais; contraindica\u00e7\u00f5es espec\u00edficas; adiamento de 69 vacina\u00e7\u00e3o; falsas contraindica\u00e7\u00f5es; associa\u00e7\u00e3o de vacinas; eventos adversos ap\u00f3s as vacina\u00e7\u00f5es; vacina oral contra poliomielite (VOP); vacina tr\u00edplice DTP contra difteria, t\u00e9tano e coqueluche; vacina contra Haemophilusinfluenzae do tipo b; vacina contra hepatite B; vacina contra difteria e t\u00e9tano (dT &#8211; dupla bacteriana tipo adulto); vacina contra difteria, t\u00e9tano e coqueluche (vacina tr\u00edplice DTP &#8211; Tr\u00edplice bacteriana); vacina contra sarampo; vacina tr\u00edplice viral contra sarampo, rub\u00e9ola e caxumba; vacina contra rub\u00e9ola e sarampo (dupla viral); vacina contra rub\u00e9ola; vacina contra tuberculose; vacina contra febre amarela; vacina contra gripe (influenza); vacina contra pneumococo (antipneumoc\u00f3cica); e vacina contra varicela (catapora).<\/span><\/span><\/p>\n<p style=\"text-align: justify;\"><span style=\"color: #000000;\"><span style=\"font-family: tahoma,geneva,sans-serif;\">7) Enfermagem Psiqui\u00e1trica e Sa\u00fade Mental Assist\u00eancia do t\u00e9cnico de enfermagem na promo\u00e7\u00e3o e recupera\u00e7\u00e3o da sa\u00fade mental; assist\u00eancia de enfermagem nas doen\u00e7as mentais e nas emerg\u00eancias psiqui\u00e1tricas: transtornos do pensamento, transtornos de ansiedade, esquizofrenia, transtornos do humor, defici\u00eancia mental, retardo e autismo, transtornos de personalidade e depend\u00eancia qu\u00edmica; confus\u00e3o e dem\u00eancia; Doen\u00e7a de Alzheimer; e o papel do t\u00e9cnico de enfermagem nos m\u00e9todos de tratamento das doen\u00e7as mentais: psicoterapia, psicofarmacoterapia e reabilita\u00e7\u00e3o psicossocial.<\/span><\/span><\/p>\n<p style=\"text-align: justify;\">\n<p>Saiba mais sobre <a href=\"https:\/\/www.estrategiaconcursos.com.br\/blog\/concursos-2019\/\">Concursos em 2019<\/a><\/p>\n","protected":false},"excerpt":{"rendered":"<p>O Edital ESA 2017 est\u00e1 na pra\u00e7a. O Ex\u00e9rcito Brasileiro publicou no dia 08\/05\/2017 tr\u00eas editais para o\u00a0Concurso ESA (Escola de\u00a0Sargentos das Armas). Esses editais s\u00e3o para concurso de admiss\u00e3o nos cursos de forma\u00e7\u00e3o de: \u2666Sargento do Ex\u00e9rcito Geral\/Avia\u00e7\u00e3o, \u2666Sargento\u00a0M\u00fasico\u00a0e \u2666Sargento\u00a0de Sa\u00fade. Saiba mais detalhes adiante. INSCRI\u00c7\u00d5ES As inscri\u00e7\u00f5es poder\u00e3o ser efetuadas de 08\/05\/17 a [&hellip;]<\/p>\n","protected":false},"author":214,"featured_media":0,"comment_status":"open","ping_status":"open","sticky":false,"template":"","format":"standard","meta":{"post_tipo":"article","footnotes":""},"categories":[1],"tags":[],"tax_estado":[],"class_list":["post-73135","post","type-post","status-publish","format-standard","hentry","category-cursos-e-concursos"],"acf":[],"yoast_head":"<!-- This site is optimized with the Yoast SEO Premium plugin v27.2 (Yoast SEO v27.2) - https:\/\/yoast.com\/product\/yoast-seo-premium-wordpress\/ -->\n<title>Edital ESA 2017. Mais de 1.000 vagas. Saiba tudo agora.<\/title>\n<meta name=\"description\" content=\"Edital ESA 2017 (Escola de Sargento das Armas). An\u00e1lise do edital: vagas, requisitos b\u00e1sicos, remunera\u00e7\u00e3o, disciplinas detalhadas, etc.\" \/>\n<meta name=\"robots\" content=\"index, follow, max-snippet:-1, max-image-preview:large, max-video-preview:-1\" \/>\n<link rel=\"canonical\" href=\"https:\/\/www.estrategiaconcursos.com.br\/blog\/edital-esa-2017\/\" \/>\n<meta property=\"og:locale\" content=\"pt_BR\" \/>\n<meta property=\"og:type\" content=\"article\" \/>\n<meta property=\"og:title\" content=\"Edital ESA 2017. Mais de 1.000 vagas. Saiba tudo agora.\" \/>\n<meta property=\"og:description\" content=\"Edital ESA 2017 (Escola de Sargento das Armas). An\u00e1lise do edital: vagas, requisitos b\u00e1sicos, remunera\u00e7\u00e3o, disciplinas detalhadas, etc.\" \/>\n<meta property=\"og:url\" content=\"https:\/\/www.estrategiaconcursos.com.br\/blog\/edital-esa-2017\/\" \/>\n<meta property=\"og:site_name\" content=\"Estrat\u00e9gia Concursos\" \/>\n<meta property=\"article:published_time\" content=\"2017-05-09T09:57:44+00:00\" \/>\n<meta property=\"article:modified_time\" content=\"2018-12-13T16:28:31+00:00\" \/>\n<meta property=\"og:image\" content=\"https:\/\/www.estrategiaconcursos.com.br\/blog\/wp-content\/uploads\/2017\/05\/Adinoel-ESA-2017-logotipo.jpg\" \/>\n<meta name=\"author\" content=\"D\u00e9cio Terror Filho\" \/>\n<meta name=\"twitter:card\" content=\"summary_large_image\" \/>\n<meta name=\"twitter:creator\" content=\"@EstratConcursos\" \/>\n<meta name=\"twitter:site\" content=\"@EstratConcursos\" \/>\n<meta name=\"twitter:label1\" content=\"Escrito por\" \/>\n\t<meta name=\"twitter:data1\" content=\"D\u00e9cio Terror Filho\" \/>\n\t<meta name=\"twitter:label2\" content=\"Est. tempo de leitura\" \/>\n\t<meta name=\"twitter:data2\" content=\"35 minutos\" \/>\n<script type=\"application\/ld+json\" class=\"yoast-schema-graph\">{\"@context\":\"https:\/\/schema.org\",\"@graph\":[{\"@type\":\"NewsArticle\",\"@id\":\"https:\/\/www.estrategiaconcursos.com.br\/blog\/edital-esa-2017\/#article\",\"isPartOf\":{\"@id\":\"https:\/\/www.estrategiaconcursos.com.br\/blog\/edital-esa-2017\/\"},\"author\":{\"name\":\"D\u00e9cio Terror Filho\",\"@id\":\"https:\/\/www.estrategiaconcursos.com.br\/blog\/#\/schema\/person\/e8165364027a31208914fc77c3314727\"},\"headline\":\"Edital ESA 2017. Mais de 1.000 vagas. Saiba tudo agora.\",\"datePublished\":\"2017-05-09T09:57:44+00:00\",\"dateModified\":\"2018-12-13T16:28:31+00:00\",\"mainEntityOfPage\":{\"@id\":\"https:\/\/www.estrategiaconcursos.com.br\/blog\/edital-esa-2017\/\"},\"wordCount\":6998,\"commentCount\":1,\"publisher\":{\"@id\":\"https:\/\/www.estrategiaconcursos.com.br\/blog\/#organization\"},\"image\":{\"@id\":\"https:\/\/www.estrategiaconcursos.com.br\/blog\/edital-esa-2017\/#primaryimage\"},\"thumbnailUrl\":\"https:\/\/www.estrategiaconcursos.com.br\/blog\/wp-content\/uploads\/2017\/05\/Adinoel-ESA-2017-logotipo.jpg\",\"articleSection\":[\"Concursos P\u00fablicos\"],\"inLanguage\":\"pt-BR\",\"potentialAction\":[{\"@type\":\"CommentAction\",\"name\":\"Comment\",\"target\":[\"https:\/\/www.estrategiaconcursos.com.br\/blog\/edital-esa-2017\/#respond\"]}],\"copyrightYear\":\"2017\",\"copyrightHolder\":{\"@id\":\"https:\/\/www.estrategiaconcursos.com.br\/blog\/#organization\"}},{\"@type\":\"WebPage\",\"@id\":\"https:\/\/www.estrategiaconcursos.com.br\/blog\/edital-esa-2017\/\",\"url\":\"https:\/\/www.estrategiaconcursos.com.br\/blog\/edital-esa-2017\/\",\"name\":\"Edital ESA 2017. Mais de 1.000 vagas. Saiba tudo agora.\",\"isPartOf\":{\"@id\":\"https:\/\/www.estrategiaconcursos.com.br\/blog\/#website\"},\"primaryImageOfPage\":{\"@id\":\"https:\/\/www.estrategiaconcursos.com.br\/blog\/edital-esa-2017\/#primaryimage\"},\"image\":{\"@id\":\"https:\/\/www.estrategiaconcursos.com.br\/blog\/edital-esa-2017\/#primaryimage\"},\"thumbnailUrl\":\"https:\/\/www.estrategiaconcursos.com.br\/blog\/wp-content\/uploads\/2017\/05\/Adinoel-ESA-2017-logotipo.jpg\",\"datePublished\":\"2017-05-09T09:57:44+00:00\",\"dateModified\":\"2018-12-13T16:28:31+00:00\",\"description\":\"Edital ESA 2017 (Escola de Sargento das Armas). An\u00e1lise do edital: vagas, requisitos b\u00e1sicos, remunera\u00e7\u00e3o, disciplinas detalhadas, etc.\",\"breadcrumb\":{\"@id\":\"https:\/\/www.estrategiaconcursos.com.br\/blog\/edital-esa-2017\/#breadcrumb\"},\"inLanguage\":\"pt-BR\",\"potentialAction\":[{\"@type\":\"ReadAction\",\"target\":[\"https:\/\/www.estrategiaconcursos.com.br\/blog\/edital-esa-2017\/\"]}]},{\"@type\":\"ImageObject\",\"inLanguage\":\"pt-BR\",\"@id\":\"https:\/\/www.estrategiaconcursos.com.br\/blog\/edital-esa-2017\/#primaryimage\",\"url\":\"https:\/\/dhg1h5j42swfq.cloudfront.net\/2017\/05\/08183321\/Adinoel-ESA-2017-logotipo.jpg\",\"contentUrl\":\"https:\/\/dhg1h5j42swfq.cloudfront.net\/2017\/05\/08183321\/Adinoel-ESA-2017-logotipo.jpg\",\"width\":1446,\"height\":816},{\"@type\":\"BreadcrumbList\",\"@id\":\"https:\/\/www.estrategiaconcursos.com.br\/blog\/edital-esa-2017\/#breadcrumb\",\"itemListElement\":[{\"@type\":\"ListItem\",\"position\":1,\"name\":\"In\u00edcio\",\"item\":\"https:\/\/www.estrategiaconcursos.com.br\/blog\/\"},{\"@type\":\"ListItem\",\"position\":2,\"name\":\"Edital ESA 2017. Mais de 1.000 vagas. Saiba tudo agora.\"}]},{\"@type\":\"WebSite\",\"@id\":\"https:\/\/www.estrategiaconcursos.com.br\/blog\/#website\",\"url\":\"https:\/\/www.estrategiaconcursos.com.br\/blog\/\",\"name\":\"Estrat\u00e9gia Concursos\",\"description\":\"O blog da Estrat\u00e9gia Concursos traz not\u00edcias sobre concursos e artigos de professores oferecendo cursos para concursos (pdf + videaulas) no site.\",\"publisher\":{\"@id\":\"https:\/\/www.estrategiaconcursos.com.br\/blog\/#organization\"},\"potentialAction\":[{\"@type\":\"SearchAction\",\"target\":{\"@type\":\"EntryPoint\",\"urlTemplate\":\"https:\/\/www.estrategiaconcursos.com.br\/blog\/?s={search_term_string}\"},\"query-input\":{\"@type\":\"PropertyValueSpecification\",\"valueRequired\":true,\"valueName\":\"search_term_string\"}}],\"inLanguage\":\"pt-BR\"},{\"@type\":\"Organization\",\"@id\":\"https:\/\/www.estrategiaconcursos.com.br\/blog\/#organization\",\"name\":\"Estrat\u00e9gia Concursos\",\"url\":\"https:\/\/www.estrategiaconcursos.com.br\/blog\/\",\"logo\":{\"@type\":\"ImageObject\",\"inLanguage\":\"pt-BR\",\"@id\":\"https:\/\/www.estrategiaconcursos.com.br\/blog\/#\/schema\/logo\/image\/\",\"url\":\"https:\/\/dhg1h5j42swfq.cloudfront.net\/2025\/06\/03203428\/logo_concursos-1.jpg\",\"contentUrl\":\"https:\/\/dhg1h5j42swfq.cloudfront.net\/2025\/06\/03203428\/logo_concursos-1.jpg\",\"width\":230,\"height\":60,\"caption\":\"Estrat\u00e9gia Concursos\"},\"image\":{\"@id\":\"https:\/\/www.estrategiaconcursos.com.br\/blog\/#\/schema\/logo\/image\/\"},\"sameAs\":[\"https:\/\/x.com\/EstratConcursos\"]},{\"@type\":\"Person\",\"@id\":\"https:\/\/www.estrategiaconcursos.com.br\/blog\/#\/schema\/person\/e8165364027a31208914fc77c3314727\",\"name\":\"D\u00e9cio Terror Filho\",\"image\":{\"@type\":\"ImageObject\",\"inLanguage\":\"pt-BR\",\"@id\":\"https:\/\/secure.gravatar.com\/avatar\/a5b78e734de7c6482e965926e78344deb81abbc34282a3c9536cbb1a59728a37?s=96&d=mm&r=g\",\"url\":\"https:\/\/secure.gravatar.com\/avatar\/a5b78e734de7c6482e965926e78344deb81abbc34282a3c9536cbb1a59728a37?s=96&d=mm&r=g\",\"contentUrl\":\"https:\/\/secure.gravatar.com\/avatar\/a5b78e734de7c6482e965926e78344deb81abbc34282a3c9536cbb1a59728a37?s=96&d=mm&r=g\",\"caption\":\"D\u00e9cio Terror Filho\"},\"url\":\"https:\/\/www.estrategiaconcursos.com.br\/blog\/author\/contatoterrorportugues-com-br\/\"}]}<\/script>\n<!-- \/ Yoast SEO Premium plugin. -->","yoast_head_json":{"title":"Edital ESA 2017. Mais de 1.000 vagas. Saiba tudo agora.","description":"Edital ESA 2017 (Escola de Sargento das Armas). An\u00e1lise do edital: vagas, requisitos b\u00e1sicos, remunera\u00e7\u00e3o, disciplinas detalhadas, etc.","robots":{"index":"index","follow":"follow","max-snippet":"max-snippet:-1","max-image-preview":"max-image-preview:large","max-video-preview":"max-video-preview:-1"},"canonical":"https:\/\/www.estrategiaconcursos.com.br\/blog\/edital-esa-2017\/","og_locale":"pt_BR","og_type":"article","og_title":"Edital ESA 2017. Mais de 1.000 vagas. Saiba tudo agora.","og_description":"Edital ESA 2017 (Escola de Sargento das Armas). An\u00e1lise do edital: vagas, requisitos b\u00e1sicos, remunera\u00e7\u00e3o, disciplinas detalhadas, etc.","og_url":"https:\/\/www.estrategiaconcursos.com.br\/blog\/edital-esa-2017\/","og_site_name":"Estrat\u00e9gia Concursos","article_published_time":"2017-05-09T09:57:44+00:00","article_modified_time":"2018-12-13T16:28:31+00:00","og_image":[{"url":"https:\/\/www.estrategiaconcursos.com.br\/blog\/wp-content\/uploads\/2017\/05\/Adinoel-ESA-2017-logotipo.jpg","type":"","width":"","height":""}],"author":"D\u00e9cio Terror Filho","twitter_card":"summary_large_image","twitter_creator":"@EstratConcursos","twitter_site":"@EstratConcursos","twitter_misc":{"Escrito por":"D\u00e9cio Terror Filho","Est. tempo de leitura":"35 minutos"},"schema":{"@context":"https:\/\/schema.org","@graph":[{"@type":"NewsArticle","@id":"https:\/\/www.estrategiaconcursos.com.br\/blog\/edital-esa-2017\/#article","isPartOf":{"@id":"https:\/\/www.estrategiaconcursos.com.br\/blog\/edital-esa-2017\/"},"author":{"name":"D\u00e9cio Terror Filho","@id":"https:\/\/www.estrategiaconcursos.com.br\/blog\/#\/schema\/person\/e8165364027a31208914fc77c3314727"},"headline":"Edital ESA 2017. Mais de 1.000 vagas. Saiba tudo agora.","datePublished":"2017-05-09T09:57:44+00:00","dateModified":"2018-12-13T16:28:31+00:00","mainEntityOfPage":{"@id":"https:\/\/www.estrategiaconcursos.com.br\/blog\/edital-esa-2017\/"},"wordCount":6998,"commentCount":1,"publisher":{"@id":"https:\/\/www.estrategiaconcursos.com.br\/blog\/#organization"},"image":{"@id":"https:\/\/www.estrategiaconcursos.com.br\/blog\/edital-esa-2017\/#primaryimage"},"thumbnailUrl":"https:\/\/www.estrategiaconcursos.com.br\/blog\/wp-content\/uploads\/2017\/05\/Adinoel-ESA-2017-logotipo.jpg","articleSection":["Concursos P\u00fablicos"],"inLanguage":"pt-BR","potentialAction":[{"@type":"CommentAction","name":"Comment","target":["https:\/\/www.estrategiaconcursos.com.br\/blog\/edital-esa-2017\/#respond"]}],"copyrightYear":"2017","copyrightHolder":{"@id":"https:\/\/www.estrategiaconcursos.com.br\/blog\/#organization"}},{"@type":"WebPage","@id":"https:\/\/www.estrategiaconcursos.com.br\/blog\/edital-esa-2017\/","url":"https:\/\/www.estrategiaconcursos.com.br\/blog\/edital-esa-2017\/","name":"Edital ESA 2017. Mais de 1.000 vagas. Saiba tudo agora.","isPartOf":{"@id":"https:\/\/www.estrategiaconcursos.com.br\/blog\/#website"},"primaryImageOfPage":{"@id":"https:\/\/www.estrategiaconcursos.com.br\/blog\/edital-esa-2017\/#primaryimage"},"image":{"@id":"https:\/\/www.estrategiaconcursos.com.br\/blog\/edital-esa-2017\/#primaryimage"},"thumbnailUrl":"https:\/\/www.estrategiaconcursos.com.br\/blog\/wp-content\/uploads\/2017\/05\/Adinoel-ESA-2017-logotipo.jpg","datePublished":"2017-05-09T09:57:44+00:00","dateModified":"2018-12-13T16:28:31+00:00","description":"Edital ESA 2017 (Escola de Sargento das Armas). An\u00e1lise do edital: vagas, requisitos b\u00e1sicos, remunera\u00e7\u00e3o, disciplinas detalhadas, etc.","breadcrumb":{"@id":"https:\/\/www.estrategiaconcursos.com.br\/blog\/edital-esa-2017\/#breadcrumb"},"inLanguage":"pt-BR","potentialAction":[{"@type":"ReadAction","target":["https:\/\/www.estrategiaconcursos.com.br\/blog\/edital-esa-2017\/"]}]},{"@type":"ImageObject","inLanguage":"pt-BR","@id":"https:\/\/www.estrategiaconcursos.com.br\/blog\/edital-esa-2017\/#primaryimage","url":"https:\/\/dhg1h5j42swfq.cloudfront.net\/2017\/05\/08183321\/Adinoel-ESA-2017-logotipo.jpg","contentUrl":"https:\/\/dhg1h5j42swfq.cloudfront.net\/2017\/05\/08183321\/Adinoel-ESA-2017-logotipo.jpg","width":1446,"height":816},{"@type":"BreadcrumbList","@id":"https:\/\/www.estrategiaconcursos.com.br\/blog\/edital-esa-2017\/#breadcrumb","itemListElement":[{"@type":"ListItem","position":1,"name":"In\u00edcio","item":"https:\/\/www.estrategiaconcursos.com.br\/blog\/"},{"@type":"ListItem","position":2,"name":"Edital ESA 2017. Mais de 1.000 vagas. Saiba tudo agora."}]},{"@type":"WebSite","@id":"https:\/\/www.estrategiaconcursos.com.br\/blog\/#website","url":"https:\/\/www.estrategiaconcursos.com.br\/blog\/","name":"Estrat\u00e9gia Concursos","description":"O blog da Estrat\u00e9gia Concursos traz not\u00edcias sobre concursos e artigos de professores oferecendo cursos para concursos (pdf + videaulas) no site.","publisher":{"@id":"https:\/\/www.estrategiaconcursos.com.br\/blog\/#organization"},"potentialAction":[{"@type":"SearchAction","target":{"@type":"EntryPoint","urlTemplate":"https:\/\/www.estrategiaconcursos.com.br\/blog\/?s={search_term_string}"},"query-input":{"@type":"PropertyValueSpecification","valueRequired":true,"valueName":"search_term_string"}}],"inLanguage":"pt-BR"},{"@type":"Organization","@id":"https:\/\/www.estrategiaconcursos.com.br\/blog\/#organization","name":"Estrat\u00e9gia Concursos","url":"https:\/\/www.estrategiaconcursos.com.br\/blog\/","logo":{"@type":"ImageObject","inLanguage":"pt-BR","@id":"https:\/\/www.estrategiaconcursos.com.br\/blog\/#\/schema\/logo\/image\/","url":"https:\/\/dhg1h5j42swfq.cloudfront.net\/2025\/06\/03203428\/logo_concursos-1.jpg","contentUrl":"https:\/\/dhg1h5j42swfq.cloudfront.net\/2025\/06\/03203428\/logo_concursos-1.jpg","width":230,"height":60,"caption":"Estrat\u00e9gia Concursos"},"image":{"@id":"https:\/\/www.estrategiaconcursos.com.br\/blog\/#\/schema\/logo\/image\/"},"sameAs":["https:\/\/x.com\/EstratConcursos"]},{"@type":"Person","@id":"https:\/\/www.estrategiaconcursos.com.br\/blog\/#\/schema\/person\/e8165364027a31208914fc77c3314727","name":"D\u00e9cio Terror Filho","image":{"@type":"ImageObject","inLanguage":"pt-BR","@id":"https:\/\/secure.gravatar.com\/avatar\/a5b78e734de7c6482e965926e78344deb81abbc34282a3c9536cbb1a59728a37?s=96&d=mm&r=g","url":"https:\/\/secure.gravatar.com\/avatar\/a5b78e734de7c6482e965926e78344deb81abbc34282a3c9536cbb1a59728a37?s=96&d=mm&r=g","contentUrl":"https:\/\/secure.gravatar.com\/avatar\/a5b78e734de7c6482e965926e78344deb81abbc34282a3c9536cbb1a59728a37?s=96&d=mm&r=g","caption":"D\u00e9cio Terror Filho"},"url":"https:\/\/www.estrategiaconcursos.com.br\/blog\/author\/contatoterrorportugues-com-br\/"}]}},"_links":{"self":[{"href":"https:\/\/www.estrategiaconcursos.com.br\/blog\/wp-json\/wp\/v2\/posts\/73135","targetHints":{"allow":["GET"]}}],"collection":[{"href":"https:\/\/www.estrategiaconcursos.com.br\/blog\/wp-json\/wp\/v2\/posts"}],"about":[{"href":"https:\/\/www.estrategiaconcursos.com.br\/blog\/wp-json\/wp\/v2\/types\/post"}],"author":[{"embeddable":true,"href":"https:\/\/www.estrategiaconcursos.com.br\/blog\/wp-json\/wp\/v2\/users\/214"}],"replies":[{"embeddable":true,"href":"https:\/\/www.estrategiaconcursos.com.br\/blog\/wp-json\/wp\/v2\/comments?post=73135"}],"version-history":[{"count":29,"href":"https:\/\/www.estrategiaconcursos.com.br\/blog\/wp-json\/wp\/v2\/posts\/73135\/revisions"}],"predecessor-version":[{"id":155527,"href":"https:\/\/www.estrategiaconcursos.com.br\/blog\/wp-json\/wp\/v2\/posts\/73135\/revisions\/155527"}],"wp:attachment":[{"href":"https:\/\/www.estrategiaconcursos.com.br\/blog\/wp-json\/wp\/v2\/media?parent=73135"}],"wp:term":[{"taxonomy":"category","embeddable":true,"href":"https:\/\/www.estrategiaconcursos.com.br\/blog\/wp-json\/wp\/v2\/categories?post=73135"},{"taxonomy":"post_tag","embeddable":true,"href":"https:\/\/www.estrategiaconcursos.com.br\/blog\/wp-json\/wp\/v2\/tags?post=73135"},{"taxonomy":"tax_estado","embeddable":true,"href":"https:\/\/www.estrategiaconcursos.com.br\/blog\/wp-json\/wp\/v2\/tax_estado?post=73135"}],"curies":[{"name":"wp","href":"https:\/\/api.w.org\/{rel}","templated":true}]}}