{"id":73123,"date":"2017-05-08T17:41:27","date_gmt":"2017-05-08T20:41:27","guid":{"rendered":"https:\/\/www.estrategiaconcursos.com.br\/blog\/?p=73123"},"modified":"2017-05-08T22:23:17","modified_gmt":"2017-05-09T01:23:17","slug":"direito-empresarial-tecnico-em-atividades-administrativas-jucesc-analisa-da-prova","status":"publish","type":"post","link":"https:\/\/www.estrategiaconcursos.com.br\/blog\/direito-empresarial-tecnico-em-atividades-administrativas-jucesc-analisa-da-prova\/","title":{"rendered":"Direito Empresarial  &#8211; T\u00e9cnico em Atividades Administrativas Jucesc &#8211; An\u00e1lise da prova"},"content":{"rendered":"<p>\n\tOl&aacute; Amigos.\n<\/p>\n<p>\n\tDentre as cinco quest&otilde;es de Direito Empresarial, quatro (n&ordm;46, 47, 49 e 50)&nbsp;estavam esquematizadas em nosso resumo da aula 05, sendo a outra quest&atilde;o (n&ordm;48) abordada em nossa aula 04. N&atilde;o vemos possibilidade de recurso nem de altera&ccedil;&atilde;o de gabarito.\n<\/p>\n<p>\n\tGrande abra&ccedil;o.\n<\/p>\n<p>\n\t&nbsp;\n<\/p>\n<p>\n\tVamos ver as quest&otilde;es&#8230;\n<\/p>\n<p>\n\t46. A Junta Comercial de cada unidade federativa, com jurisdi&ccedil;&atilde;o na &aacute;rea da circunscri&ccedil;&atilde;o territorial respectiva e sede na capital, subordina-se:\n<\/p>\n<p>\n\ta.( ) tecnicamente, o governo de sua unidade federativa e ao Departamento Nacional de Registro do Com&eacute;rcio.\n<\/p>\n<p>\n\tb. ( ) administrativamente, ao Departamento Nacional de Registro do Com&eacute;rcio e, tecnicamente, ao governo de sua unidade federativa.\n<\/p>\n<p>\n\tc. ( ) administrativamente, ao governo de sua unidade federativa e ao Departamento Nacional de Registro do Com&eacute;rcio.\n<\/p>\n<p>\n\td. ( ) administrativamente e tecnicamente ao governo de sua unidade federativa e ao Departamento Nacional de Registro do Com&eacute;rcio.\n<\/p>\n<p>\n\te. ( ) administrativamente, ao governo de sua unidade federativa e, tecnicamente, ao Departamento Nacional de Registro do Com&eacute;rcio.\n<\/p>\n<p>\n\t&nbsp;\n<\/p>\n<p>\n\tSegundo a lei 8934:\n<\/p>\n<p>\n\tArt. 6&ordm; As juntas comerciais subordinam-se administrativamente ao governo da unidade federativa de sua jurisdi&ccedil;&atilde;o e, tecnicamente, ao DNRC, nos termos desta lei.\n<\/p>\n<p>\n\t<strong>Gabarito: E<\/strong>\n<\/p>\n<p>\n\t&nbsp;\n<\/p>\n<p>\n\t&nbsp;\n<\/p>\n<p>\n\t47. Assinale a alternativa que indica corretamente o &oacute;rg&atilde;o administrativo da estrutura b&aacute;sica das Juntas Comerciais.\n<\/p>\n<p>\n\ta. ( ) Turmas\n<\/p>\n<p>\n\tb. ( ) Plen&aacute;rio\n<\/p>\n<p>\n\tc. ( ) Presid&ecirc;ncia\n<\/p>\n<p>\n\td. ( ) Secretaria Geral\n<\/p>\n<p>\n\te. ( ) Procuradoria Jur&iacute;dica\n<\/p>\n<p>\n\t&nbsp;\n<\/p>\n<p>\n\tSegundo a lei 8934:\n<\/p>\n<p>\n\tArt. 9&ordm; A estrutura b&aacute;sica das juntas comerciais ser&aacute; integrada pelos seguintes &oacute;rg&atilde;os:\n<\/p>\n<p>\n\tI &#8211; a Presid&ecirc;ncia, como &oacute;rg&atilde;o diretivo e representativo;\n<\/p>\n<p>\n\tII &#8211; o Plen&aacute;rio, como &oacute;rg&atilde;o deliberativo superior;\n<\/p>\n<p>\n\tIII &#8211; as Turmas, como &oacute;rg&atilde;os deliberativos inferiores;\n<\/p>\n<p>\n\t<strong>IV &#8211; a Secretaria-Geral, como &oacute;rg&atilde;o administrativo;<\/strong>\n<\/p>\n<p>\n\tV &#8211; a Procuradoria, como &oacute;rg&atilde;o de fiscaliza&ccedil;&atilde;o e de consulta jur&iacute;dica.\n<\/p>\n<p>\n\t<strong>Gabarito: D<\/strong>\n<\/p>\n<p>\n\t&nbsp;\n<\/p>\n<p>\n\t&nbsp;\n<\/p>\n<p>\n\t48. Assinale a alternativa que indica corretamente o instituto sob o qual o empres&aacute;rio individual, empresa individual de responsabilidade Ltda &#8211; Eireli, as sociedades empres&aacute;rias, as cooperativas exercem suas atividades e se obrigam nos atos a elas pertinentes.\n<\/p>\n<p>\n\ta. ( ) Filial\n<\/p>\n<p>\n\tb. ( ) Aviamento\n<\/p>\n<p>\n\tc. ( ) Nome empresarial\n<\/p>\n<p>\n\td. ( ) Grupo empresarial\n<\/p>\n<p>\n\te. ( ) Estabelecimento\n<\/p>\n<p>\n\t&nbsp;\n<\/p>\n<p>\n\tSegundo a Instru&ccedil;&atilde;o Normativa DREI n&ordm;15:\n<\/p>\n<p>\n\t&nbsp;Art. 1&ordm; Nome empresarial &eacute; aquele sob o qual o empres&aacute;rio individual, empresa individual de responsabilidade Ltda &#8211; Eireli, as sociedades empres&aacute;rias, as cooperativas exercem suas atividades e se obrigam nos atos a elas pertinentes.\n<\/p>\n<p>\n\t&nbsp;\n<\/p>\n<p>\n\t<strong>Gabarito: C<\/strong>\n<\/p>\n<p>\n\t&nbsp;\n<\/p>\n<p>\n\t49. Assinale a alternativa que indica corretamente o momento em que come&ccedil;a a personalidade civil da pessoa natural.\n<\/p>\n<p>\n\ta. ( ) Concep&ccedil;&atilde;o uterina.\n<\/p>\n<p>\n\tb. ( ) Nascimento com vida.\n<\/p>\n<p>\n\tc. ( ) Registro no Cart&oacute;rio Civil.\n<\/p>\n<p>\n\td. ( ) Ao completar dezoito anos.\n<\/p>\n<p>\n\te. ( ) Batismo.\n<\/p>\n<p>\n\t&nbsp;\n<\/p>\n<p>\n\tSegundo o C&oacute;digo Civil:\n<\/p>\n<p>\n\tArt. 2&ordm;&nbsp;<strong>A personalidade civil da pessoa come&ccedil;a do nascimento com vida<\/strong>; mas a lei p&otilde;e a salvo, desde a concep&ccedil;&atilde;o, os direitos do nascituro.\n<\/p>\n<p>\n\t<strong>Gabarito: B<\/strong>\n<\/p>\n<p>\n\t&nbsp;\n<\/p>\n<p>\n\t&nbsp;\n<\/p>\n<p>\n\t50. Assinale a alternativa que cont&eacute;m apenas pessoas jur&iacute;dicas de direito privado.\n<\/p>\n<p>\n\ta. ( ) Associa&ccedil;&otilde;es, Partidos Pol&iacute;ticos e Sociedades.\n<\/p>\n<p>\n\tb. ( ) Associa&ccedil;&otilde;es, Territ&oacute;rios e Autarquias.\n<\/p>\n<p>\n\tc. ( ) Estado Estrangeiro, Territ&oacute;rios e Autarquias.\n<\/p>\n<p>\n\td. ( ) Funda&ccedil;&otilde;es, Autarquias e Empresas P&uacute;blicas.\n<\/p>\n<p>\n\te. ( ) Munic&iacute;pios, Estados e Uni&atilde;o.\n<\/p>\n<p>\n\t&nbsp;\n<\/p>\n<p>\n\tSegundo o C&oacute;digo Civil:\n<\/p>\n<p>\n\tArt. 44. S&atilde;o pessoas jur&iacute;dicas de direito privado:\n<\/p>\n<p>\n\t<strong>I &#8211; as associa&ccedil;&otilde;es;<\/strong>\n<\/p>\n<p>\n\t<strong>II &#8211; as sociedades;<\/strong>\n<\/p>\n<p>\n\tIII &#8211; as funda&ccedil;&otilde;es.\n<\/p>\n<p>\n\tIV &#8211; as organiza&ccedil;&otilde;es religiosas;\n<\/p>\n<p>\n\t<strong>V &#8211; os partidos pol&iacute;ticos.<\/strong>\n<\/p>\n<p>\n\t<strong>Gabarito: A<\/strong><\/p>\n","protected":false},"excerpt":{"rendered":"<p>Ol&aacute; Amigos. Dentre as cinco quest&otilde;es de Direito Empresarial, quatro (n&ordm;46, 47, 49 e 50)&nbsp;estavam esquematizadas em nosso resumo da aula 05, sendo a outra quest&atilde;o (n&ordm;48) abordada em nossa aula 04. N&atilde;o vemos possibilidade de recurso nem de altera&ccedil;&atilde;o de gabarito. Grande abra&ccedil;o. &nbsp; Vamos ver as quest&otilde;es&#8230; 46. A Junta Comercial de cada [&hellip;]<\/p>\n","protected":false},"author":385,"featured_media":0,"comment_status":"open","ping_status":"open","sticky":false,"template":"","format":"standard","meta":{"post_tipo":"article","footnotes":""},"categories":[1],"tags":[2509],"tax_estado":[],"class_list":["post-73123","post","type-post","status-publish","format-standard","hentry","category-cursos-e-concursos","tag-concurso-jucesc"],"acf":[],"yoast_head":"<!-- This site is optimized with the Yoast SEO Premium plugin v27.2 (Yoast SEO v27.2) - https:\/\/yoast.com\/product\/yoast-seo-premium-wordpress\/ -->\n<title>Direito Empresarial - T\u00e9cnico em Atividades Administrativas Jucesc - An\u00e1lise da prova<\/title>\n<meta name=\"robots\" content=\"index, follow, max-snippet:-1, max-image-preview:large, max-video-preview:-1\" \/>\n<link rel=\"canonical\" href=\"https:\/\/www.estrategiaconcursos.com.br\/blog\/direito-empresarial-tecnico-em-atividades-administrativas-jucesc-analisa-da-prova\/\" \/>\n<meta property=\"og:locale\" content=\"pt_BR\" \/>\n<meta property=\"og:type\" content=\"article\" \/>\n<meta property=\"og:title\" content=\"Direito Empresarial - T\u00e9cnico em Atividades Administrativas Jucesc - An\u00e1lise da prova\" \/>\n<meta property=\"og:description\" content=\"Ol&aacute; Amigos. Dentre as cinco quest&otilde;es de Direito Empresarial, quatro (n&ordm;46, 47, 49 e 50)&nbsp;estavam esquematizadas em nosso resumo da aula 05, sendo a outra quest&atilde;o (n&ordm;48) abordada em nossa aula 04. N&atilde;o vemos possibilidade de recurso nem de altera&ccedil;&atilde;o de gabarito. Grande abra&ccedil;o. &nbsp; Vamos ver as quest&otilde;es&#8230; 46. A Junta Comercial de cada [&hellip;]\" \/>\n<meta property=\"og:url\" content=\"https:\/\/www.estrategiaconcursos.com.br\/blog\/direito-empresarial-tecnico-em-atividades-administrativas-jucesc-analisa-da-prova\/\" \/>\n<meta property=\"og:site_name\" content=\"Estrat\u00e9gia Concursos\" \/>\n<meta property=\"article:published_time\" content=\"2017-05-08T20:41:27+00:00\" \/>\n<meta property=\"article:modified_time\" content=\"2017-05-09T01:23:17+00:00\" \/>\n<meta name=\"author\" content=\"Jo\u00e3o Gabriel Seabra\" \/>\n<meta name=\"twitter:card\" content=\"summary_large_image\" \/>\n<meta name=\"twitter:creator\" content=\"@EstratConcursos\" \/>\n<meta name=\"twitter:site\" content=\"@EstratConcursos\" \/>\n<meta name=\"twitter:label1\" content=\"Escrito por\" \/>\n\t<meta name=\"twitter:data1\" content=\"Jo\u00e3o Gabriel Seabra\" \/>\n\t<meta name=\"twitter:label2\" content=\"Est. tempo de leitura\" \/>\n\t<meta name=\"twitter:data2\" content=\"3 minutos\" \/>\n<script type=\"application\/ld+json\" class=\"yoast-schema-graph\">{\"@context\":\"https:\/\/schema.org\",\"@graph\":[{\"@type\":\"NewsArticle\",\"@id\":\"https:\/\/www.estrategiaconcursos.com.br\/blog\/direito-empresarial-tecnico-em-atividades-administrativas-jucesc-analisa-da-prova\/#article\",\"isPartOf\":{\"@id\":\"https:\/\/www.estrategiaconcursos.com.br\/blog\/direito-empresarial-tecnico-em-atividades-administrativas-jucesc-analisa-da-prova\/\"},\"author\":{\"name\":\"Jo\u00e3o Gabriel Seabra\",\"@id\":\"https:\/\/www.estrategiaconcursos.com.br\/blog\/#\/schema\/person\/aee200354b852e4156da00916fb875a5\"},\"headline\":\"Direito Empresarial &#8211; T\u00e9cnico em Atividades Administrativas Jucesc &#8211; An\u00e1lise da prova\",\"datePublished\":\"2017-05-08T20:41:27+00:00\",\"dateModified\":\"2017-05-09T01:23:17+00:00\",\"mainEntityOfPage\":{\"@id\":\"https:\/\/www.estrategiaconcursos.com.br\/blog\/direito-empresarial-tecnico-em-atividades-administrativas-jucesc-analisa-da-prova\/\"},\"wordCount\":676,\"commentCount\":0,\"publisher\":{\"@id\":\"https:\/\/www.estrategiaconcursos.com.br\/blog\/#organization\"},\"keywords\":[\"concurso JUCESC\"],\"articleSection\":[\"Concursos P\u00fablicos\"],\"inLanguage\":\"pt-BR\",\"potentialAction\":[{\"@type\":\"CommentAction\",\"name\":\"Comment\",\"target\":[\"https:\/\/www.estrategiaconcursos.com.br\/blog\/direito-empresarial-tecnico-em-atividades-administrativas-jucesc-analisa-da-prova\/#respond\"]}],\"copyrightYear\":\"2017\",\"copyrightHolder\":{\"@id\":\"https:\/\/www.estrategiaconcursos.com.br\/blog\/#organization\"}},{\"@type\":\"WebPage\",\"@id\":\"https:\/\/www.estrategiaconcursos.com.br\/blog\/direito-empresarial-tecnico-em-atividades-administrativas-jucesc-analisa-da-prova\/\",\"url\":\"https:\/\/www.estrategiaconcursos.com.br\/blog\/direito-empresarial-tecnico-em-atividades-administrativas-jucesc-analisa-da-prova\/\",\"name\":\"Direito Empresarial - T\u00e9cnico em Atividades Administrativas Jucesc - An\u00e1lise da prova\",\"isPartOf\":{\"@id\":\"https:\/\/www.estrategiaconcursos.com.br\/blog\/#website\"},\"datePublished\":\"2017-05-08T20:41:27+00:00\",\"dateModified\":\"2017-05-09T01:23:17+00:00\",\"breadcrumb\":{\"@id\":\"https:\/\/www.estrategiaconcursos.com.br\/blog\/direito-empresarial-tecnico-em-atividades-administrativas-jucesc-analisa-da-prova\/#breadcrumb\"},\"inLanguage\":\"pt-BR\",\"potentialAction\":[{\"@type\":\"ReadAction\",\"target\":[\"https:\/\/www.estrategiaconcursos.com.br\/blog\/direito-empresarial-tecnico-em-atividades-administrativas-jucesc-analisa-da-prova\/\"]}]},{\"@type\":\"BreadcrumbList\",\"@id\":\"https:\/\/www.estrategiaconcursos.com.br\/blog\/direito-empresarial-tecnico-em-atividades-administrativas-jucesc-analisa-da-prova\/#breadcrumb\",\"itemListElement\":[{\"@type\":\"ListItem\",\"position\":1,\"name\":\"In\u00edcio\",\"item\":\"https:\/\/www.estrategiaconcursos.com.br\/blog\/\"},{\"@type\":\"ListItem\",\"position\":2,\"name\":\"Direito Empresarial &#8211; T\u00e9cnico em Atividades Administrativas Jucesc &#8211; An\u00e1lise da prova\"}]},{\"@type\":\"WebSite\",\"@id\":\"https:\/\/www.estrategiaconcursos.com.br\/blog\/#website\",\"url\":\"https:\/\/www.estrategiaconcursos.com.br\/blog\/\",\"name\":\"Estrat\u00e9gia Concursos\",\"description\":\"O blog da Estrat\u00e9gia Concursos traz not\u00edcias sobre concursos e artigos de professores oferecendo cursos para concursos (pdf + videaulas) no site.\",\"publisher\":{\"@id\":\"https:\/\/www.estrategiaconcursos.com.br\/blog\/#organization\"},\"potentialAction\":[{\"@type\":\"SearchAction\",\"target\":{\"@type\":\"EntryPoint\",\"urlTemplate\":\"https:\/\/www.estrategiaconcursos.com.br\/blog\/?s={search_term_string}\"},\"query-input\":{\"@type\":\"PropertyValueSpecification\",\"valueRequired\":true,\"valueName\":\"search_term_string\"}}],\"inLanguage\":\"pt-BR\"},{\"@type\":\"Organization\",\"@id\":\"https:\/\/www.estrategiaconcursos.com.br\/blog\/#organization\",\"name\":\"Estrat\u00e9gia Concursos\",\"url\":\"https:\/\/www.estrategiaconcursos.com.br\/blog\/\",\"logo\":{\"@type\":\"ImageObject\",\"inLanguage\":\"pt-BR\",\"@id\":\"https:\/\/www.estrategiaconcursos.com.br\/blog\/#\/schema\/logo\/image\/\",\"url\":\"https:\/\/dhg1h5j42swfq.cloudfront.net\/2025\/06\/03203428\/logo_concursos-1.jpg\",\"contentUrl\":\"https:\/\/dhg1h5j42swfq.cloudfront.net\/2025\/06\/03203428\/logo_concursos-1.jpg\",\"width\":230,\"height\":60,\"caption\":\"Estrat\u00e9gia Concursos\"},\"image\":{\"@id\":\"https:\/\/www.estrategiaconcursos.com.br\/blog\/#\/schema\/logo\/image\/\"},\"sameAs\":[\"https:\/\/x.com\/EstratConcursos\"]},{\"@type\":\"Person\",\"@id\":\"https:\/\/www.estrategiaconcursos.com.br\/blog\/#\/schema\/person\/aee200354b852e4156da00916fb875a5\",\"name\":\"Jo\u00e3o Gabriel Seabra\",\"image\":{\"@type\":\"ImageObject\",\"inLanguage\":\"pt-BR\",\"@id\":\"https:\/\/secure.gravatar.com\/avatar\/1e6b956ed93a00f6c0b8ea9c2de2b342db306fc1b76b73c04753bc0908e257cf?s=96&d=mm&r=g\",\"url\":\"https:\/\/secure.gravatar.com\/avatar\/1e6b956ed93a00f6c0b8ea9c2de2b342db306fc1b76b73c04753bc0908e257cf?s=96&d=mm&r=g\",\"contentUrl\":\"https:\/\/secure.gravatar.com\/avatar\/1e6b956ed93a00f6c0b8ea9c2de2b342db306fc1b76b73c04753bc0908e257cf?s=96&d=mm&r=g\",\"caption\":\"Jo\u00e3o Gabriel Seabra\"},\"url\":\"https:\/\/www.estrategiaconcursos.com.br\/blog\/author\/seabra_jghotmail-com\/\"}]}<\/script>\n<!-- \/ Yoast SEO Premium plugin. -->","yoast_head_json":{"title":"Direito Empresarial - T\u00e9cnico em Atividades Administrativas Jucesc - An\u00e1lise da prova","robots":{"index":"index","follow":"follow","max-snippet":"max-snippet:-1","max-image-preview":"max-image-preview:large","max-video-preview":"max-video-preview:-1"},"canonical":"https:\/\/www.estrategiaconcursos.com.br\/blog\/direito-empresarial-tecnico-em-atividades-administrativas-jucesc-analisa-da-prova\/","og_locale":"pt_BR","og_type":"article","og_title":"Direito Empresarial - T\u00e9cnico em Atividades Administrativas Jucesc - An\u00e1lise da prova","og_description":"Ol&aacute; Amigos. Dentre as cinco quest&otilde;es de Direito Empresarial, quatro (n&ordm;46, 47, 49 e 50)&nbsp;estavam esquematizadas em nosso resumo da aula 05, sendo a outra quest&atilde;o (n&ordm;48) abordada em nossa aula 04. N&atilde;o vemos possibilidade de recurso nem de altera&ccedil;&atilde;o de gabarito. Grande abra&ccedil;o. &nbsp; Vamos ver as quest&otilde;es&#8230; 46. A Junta Comercial de cada [&hellip;]","og_url":"https:\/\/www.estrategiaconcursos.com.br\/blog\/direito-empresarial-tecnico-em-atividades-administrativas-jucesc-analisa-da-prova\/","og_site_name":"Estrat\u00e9gia Concursos","article_published_time":"2017-05-08T20:41:27+00:00","article_modified_time":"2017-05-09T01:23:17+00:00","author":"Jo\u00e3o Gabriel Seabra","twitter_card":"summary_large_image","twitter_creator":"@EstratConcursos","twitter_site":"@EstratConcursos","twitter_misc":{"Escrito por":"Jo\u00e3o Gabriel Seabra","Est. tempo de leitura":"3 minutos"},"schema":{"@context":"https:\/\/schema.org","@graph":[{"@type":"NewsArticle","@id":"https:\/\/www.estrategiaconcursos.com.br\/blog\/direito-empresarial-tecnico-em-atividades-administrativas-jucesc-analisa-da-prova\/#article","isPartOf":{"@id":"https:\/\/www.estrategiaconcursos.com.br\/blog\/direito-empresarial-tecnico-em-atividades-administrativas-jucesc-analisa-da-prova\/"},"author":{"name":"Jo\u00e3o Gabriel Seabra","@id":"https:\/\/www.estrategiaconcursos.com.br\/blog\/#\/schema\/person\/aee200354b852e4156da00916fb875a5"},"headline":"Direito Empresarial &#8211; T\u00e9cnico em Atividades Administrativas Jucesc &#8211; An\u00e1lise da prova","datePublished":"2017-05-08T20:41:27+00:00","dateModified":"2017-05-09T01:23:17+00:00","mainEntityOfPage":{"@id":"https:\/\/www.estrategiaconcursos.com.br\/blog\/direito-empresarial-tecnico-em-atividades-administrativas-jucesc-analisa-da-prova\/"},"wordCount":676,"commentCount":0,"publisher":{"@id":"https:\/\/www.estrategiaconcursos.com.br\/blog\/#organization"},"keywords":["concurso JUCESC"],"articleSection":["Concursos P\u00fablicos"],"inLanguage":"pt-BR","potentialAction":[{"@type":"CommentAction","name":"Comment","target":["https:\/\/www.estrategiaconcursos.com.br\/blog\/direito-empresarial-tecnico-em-atividades-administrativas-jucesc-analisa-da-prova\/#respond"]}],"copyrightYear":"2017","copyrightHolder":{"@id":"https:\/\/www.estrategiaconcursos.com.br\/blog\/#organization"}},{"@type":"WebPage","@id":"https:\/\/www.estrategiaconcursos.com.br\/blog\/direito-empresarial-tecnico-em-atividades-administrativas-jucesc-analisa-da-prova\/","url":"https:\/\/www.estrategiaconcursos.com.br\/blog\/direito-empresarial-tecnico-em-atividades-administrativas-jucesc-analisa-da-prova\/","name":"Direito Empresarial - T\u00e9cnico em Atividades Administrativas Jucesc - An\u00e1lise da prova","isPartOf":{"@id":"https:\/\/www.estrategiaconcursos.com.br\/blog\/#website"},"datePublished":"2017-05-08T20:41:27+00:00","dateModified":"2017-05-09T01:23:17+00:00","breadcrumb":{"@id":"https:\/\/www.estrategiaconcursos.com.br\/blog\/direito-empresarial-tecnico-em-atividades-administrativas-jucesc-analisa-da-prova\/#breadcrumb"},"inLanguage":"pt-BR","potentialAction":[{"@type":"ReadAction","target":["https:\/\/www.estrategiaconcursos.com.br\/blog\/direito-empresarial-tecnico-em-atividades-administrativas-jucesc-analisa-da-prova\/"]}]},{"@type":"BreadcrumbList","@id":"https:\/\/www.estrategiaconcursos.com.br\/blog\/direito-empresarial-tecnico-em-atividades-administrativas-jucesc-analisa-da-prova\/#breadcrumb","itemListElement":[{"@type":"ListItem","position":1,"name":"In\u00edcio","item":"https:\/\/www.estrategiaconcursos.com.br\/blog\/"},{"@type":"ListItem","position":2,"name":"Direito Empresarial &#8211; T\u00e9cnico em Atividades Administrativas Jucesc &#8211; An\u00e1lise da prova"}]},{"@type":"WebSite","@id":"https:\/\/www.estrategiaconcursos.com.br\/blog\/#website","url":"https:\/\/www.estrategiaconcursos.com.br\/blog\/","name":"Estrat\u00e9gia Concursos","description":"O blog da Estrat\u00e9gia Concursos traz not\u00edcias sobre concursos e artigos de professores oferecendo cursos para concursos (pdf + videaulas) no site.","publisher":{"@id":"https:\/\/www.estrategiaconcursos.com.br\/blog\/#organization"},"potentialAction":[{"@type":"SearchAction","target":{"@type":"EntryPoint","urlTemplate":"https:\/\/www.estrategiaconcursos.com.br\/blog\/?s={search_term_string}"},"query-input":{"@type":"PropertyValueSpecification","valueRequired":true,"valueName":"search_term_string"}}],"inLanguage":"pt-BR"},{"@type":"Organization","@id":"https:\/\/www.estrategiaconcursos.com.br\/blog\/#organization","name":"Estrat\u00e9gia Concursos","url":"https:\/\/www.estrategiaconcursos.com.br\/blog\/","logo":{"@type":"ImageObject","inLanguage":"pt-BR","@id":"https:\/\/www.estrategiaconcursos.com.br\/blog\/#\/schema\/logo\/image\/","url":"https:\/\/dhg1h5j42swfq.cloudfront.net\/2025\/06\/03203428\/logo_concursos-1.jpg","contentUrl":"https:\/\/dhg1h5j42swfq.cloudfront.net\/2025\/06\/03203428\/logo_concursos-1.jpg","width":230,"height":60,"caption":"Estrat\u00e9gia Concursos"},"image":{"@id":"https:\/\/www.estrategiaconcursos.com.br\/blog\/#\/schema\/logo\/image\/"},"sameAs":["https:\/\/x.com\/EstratConcursos"]},{"@type":"Person","@id":"https:\/\/www.estrategiaconcursos.com.br\/blog\/#\/schema\/person\/aee200354b852e4156da00916fb875a5","name":"Jo\u00e3o Gabriel Seabra","image":{"@type":"ImageObject","inLanguage":"pt-BR","@id":"https:\/\/secure.gravatar.com\/avatar\/1e6b956ed93a00f6c0b8ea9c2de2b342db306fc1b76b73c04753bc0908e257cf?s=96&d=mm&r=g","url":"https:\/\/secure.gravatar.com\/avatar\/1e6b956ed93a00f6c0b8ea9c2de2b342db306fc1b76b73c04753bc0908e257cf?s=96&d=mm&r=g","contentUrl":"https:\/\/secure.gravatar.com\/avatar\/1e6b956ed93a00f6c0b8ea9c2de2b342db306fc1b76b73c04753bc0908e257cf?s=96&d=mm&r=g","caption":"Jo\u00e3o Gabriel Seabra"},"url":"https:\/\/www.estrategiaconcursos.com.br\/blog\/author\/seabra_jghotmail-com\/"}]}},"_links":{"self":[{"href":"https:\/\/www.estrategiaconcursos.com.br\/blog\/wp-json\/wp\/v2\/posts\/73123","targetHints":{"allow":["GET"]}}],"collection":[{"href":"https:\/\/www.estrategiaconcursos.com.br\/blog\/wp-json\/wp\/v2\/posts"}],"about":[{"href":"https:\/\/www.estrategiaconcursos.com.br\/blog\/wp-json\/wp\/v2\/types\/post"}],"author":[{"embeddable":true,"href":"https:\/\/www.estrategiaconcursos.com.br\/blog\/wp-json\/wp\/v2\/users\/385"}],"replies":[{"embeddable":true,"href":"https:\/\/www.estrategiaconcursos.com.br\/blog\/wp-json\/wp\/v2\/comments?post=73123"}],"version-history":[{"count":3,"href":"https:\/\/www.estrategiaconcursos.com.br\/blog\/wp-json\/wp\/v2\/posts\/73123\/revisions"}],"predecessor-version":[{"id":73176,"href":"https:\/\/www.estrategiaconcursos.com.br\/blog\/wp-json\/wp\/v2\/posts\/73123\/revisions\/73176"}],"wp:attachment":[{"href":"https:\/\/www.estrategiaconcursos.com.br\/blog\/wp-json\/wp\/v2\/media?parent=73123"}],"wp:term":[{"taxonomy":"category","embeddable":true,"href":"https:\/\/www.estrategiaconcursos.com.br\/blog\/wp-json\/wp\/v2\/categories?post=73123"},{"taxonomy":"post_tag","embeddable":true,"href":"https:\/\/www.estrategiaconcursos.com.br\/blog\/wp-json\/wp\/v2\/tags?post=73123"},{"taxonomy":"tax_estado","embeddable":true,"href":"https:\/\/www.estrategiaconcursos.com.br\/blog\/wp-json\/wp\/v2\/tax_estado?post=73123"}],"curies":[{"name":"wp","href":"https:\/\/api.w.org\/{rel}","templated":true}]}}