{"id":73026,"date":"2017-06-12T06:00:02","date_gmt":"2017-06-12T09:00:02","guid":{"rendered":"https:\/\/www.estrategiaconcursos.com.br\/blog\/?p=73026"},"modified":"2019-07-29T16:40:23","modified_gmt":"2019-07-29T19:40:23","slug":"concurso-esa-2017","status":"publish","type":"post","link":"https:\/\/www.estrategiaconcursos.com.br\/blog\/concurso-esa-2017\/","title":{"rendered":"Concurso ESA: inscri\u00e7\u00f5es para certame com 1.100 vagas de Sargento encerram nesta segunda"},"content":{"rendered":"<p style=\"text-align: center;\">\n\t<img loading=\"lazy\" decoding=\"async\" alt=\"\" class=\"aligncenter size-full wp-image-73036\" height=\"336\" src=\"https:\/\/dhg1h5j42swfq.cloudfront.net\/2017\/05\/08112106\/sargentos-2.jpg\" style=\"\" title=\"\" width=\"596\" srcset=\"https:\/\/dhg1h5j42swfq.cloudfront.net\/2017\/05\/08112106\/sargentos-2.jpg 745w, https:\/\/dhg1h5j42swfq.cloudfront.net\/2017\/05\/08112106\/sargentos-2.jpg 300w, https:\/\/dhg1h5j42swfq.cloudfront.net\/2017\/05\/08112106\/sargentos-2.jpg 610w\" sizes=\"auto, (max-width: 596px) 100vw, 596px\" \/><\/p>\n<p>Termina nesta segunda-feira, 12 de junho, o per\u00edodo de inscri\u00e7\u00f5e para o concurso que prev\u00ea a admiss\u00e3o para o Curso de Forma\u00e7\u00e3o de Sargento do Ex\u00e9rcito Geral\/Avia\u00e7\u00e3o, Sargento M\u00fasico e Sargento da Sa\u00fade. O formul\u00e1rio para inscri\u00e7\u00e3o vai estar dispon\u00edvel no site da ESA at\u00e9 \u00e0s 23h59min desta segunda.<\/p>\n<p style=\"text-align: justify;\">\n\tPara concorrer, os candidatos dever\u00e3o ter conclu\u00eddo o ensino m\u00e9dio at\u00e9 o final de 2018, com idade m\u00ednima de 17 anos e m\u00e1xima de 24 para Sargento do Ex\u00e9rcito, e m\u00ednima de 17 e m\u00e1xima de 26 anos para as \u00e1reas de S\u00e1ude e M\u00fasica. Outros requisitos:&nbsp;altura m\u00ednima de 1,60m para o sexo masculino e 1,55m para o sexo feminino; n\u00e3o ser oficial ou aspirante na ativa das For\u00e7as Armadas ou For\u00e7as Auxiliares.<\/p>\n<p style=\"text-align: justify;\">\n\tAs vagas para Sargento do Ex\u00e9rcito Geral\/Avia\u00e7\u00e3o e Sargento M\u00fasico, s\u00e3o destinadas ao sexo masculino, sendo somente a \u00e1rea de Sa\u00fade ofertada para os dois g\u00eaneros.&nbsp;Os interessados em concorrer a uma das vagas poder\u00e3o se inscrever entre 08 de maio e 12 de junho de 2017, no endere\u00e7o eletr\u00f4nico oficial (<a href=\"http:\/\/www.esa.ensino.eb.br\/\" rel=\"nofollow noopener noreferrer\" target=\"_blank\">www.esa.ensino.eb.br<\/a>).<\/p>\n<p><img loading=\"lazy\" decoding=\"async\" alt=\"Concurso Ex\u00e9rcito Sargento\" class=\"aligncenter size-full wp-image-73031\" height=\"217\" src=\"https:\/\/dhg1h5j42swfq.cloudfront.net\/2017\/05\/08103951\/sargente-exercito.png\" width=\"343\" srcset=\"https:\/\/dhg1h5j42swfq.cloudfront.net\/2017\/05\/08103951\/sargente-exercito.png 343w, https:\/\/dhg1h5j42swfq.cloudfront.net\/2017\/05\/08103951\/sargente-exercito.png 300w\" sizes=\"auto, (max-width: 343px) 100vw, 343px\" \/><\/p>\n<h3>\n\tEdital 1 &#8211; Sargento do Ex\u00e9rcito&nbsp;Geral\/Avia\u00e7\u00e3o<\/h3>\n<p>As&nbsp;oportunidades s\u00e3o destinadas as \u00e1reas de avia\u00e7\u00e3o, combatente e log\u00edstica t\u00e9cnica, para as especialidades de cabalaria, infantaria, engenharia, comunica\u00e7\u00e3o, material b\u00e9lico\u2013manuten\u00e7\u00e3o de armamento, material b\u00e9lico-mec\u00e2nico operador, material b\u00e9lico-manuten\u00e7\u00e3o de viatura, topo grafia, intend\u00eancias, manuten\u00e7\u00e3o de comunica\u00e7\u00f5es e avia\u00e7\u00e3o-manuten\u00e7\u00e3o.<\/p>\n<p><img loading=\"lazy\" decoding=\"async\" alt=\"\" class=\"aligncenter size-full wp-image-73033\" height=\"221\" src=\"https:\/\/dhg1h5j42swfq.cloudfront.net\/2017\/05\/08104710\/exercito.png\" width=\"421\" srcset=\"https:\/\/dhg1h5j42swfq.cloudfront.net\/2017\/05\/08104710\/exercito.png 421w, https:\/\/dhg1h5j42swfq.cloudfront.net\/2017\/05\/08104710\/exercito.png 300w\" sizes=\"auto, (max-width: 421px) 100vw, 421px\" \/>Confira aqui o Calend\u00e1rio Anual que disp\u00f5e sobre os eventos e respectivas datas para o <a href=\"http:\/\/pesquisa.in.gov.br\/imprensa\/jsp\/visualiza\/index.jsp?data=08\/05\/2017&amp;jornal=3&amp;pagina=37&amp;totalArquivos=284\" target=\"_blank\" rel=\"noopener noreferrer\">Concurso de Admiss\u00e3o aos CFS &#8211; 2018-19<\/a>&nbsp;e o <a href=\"http:\/\/pesquisa.in.gov.br\/imprensa\/jsp\/visualiza\/index.jsp?jornal=3&amp;pagina=27&amp;data=08\/05\/2017\" target=\"_blank\" rel=\"noopener noreferrer\">Edital Completo<\/a> para esta \u00e1rea.<\/p>\n<h3>\n\tEdital 2- M\u00fasico<\/h3>\n<p>O segundo edital, conta com oportunidades para o curso de forma\u00e7\u00e3o de sargentos do ex\u00e9rcito na \u00e1rea de m\u00fasica. As vagas s\u00e3o destinadas a as \u00e1reas de clarineta, flauta em d\u00f3\/flautim em d\u00f3, saxhorne, saxofone, tuba, trombone tenor\/trombone baixo, trompa e trompete\/cornetim\/flueghome.<\/p>\n<p><img loading=\"lazy\" decoding=\"async\" alt=\"\" class=\"aligncenter size-full wp-image-73034\" height=\"188\" src=\"https:\/\/dhg1h5j42swfq.cloudfront.net\/2017\/05\/08110304\/musicos.png\" width=\"403\" srcset=\"https:\/\/dhg1h5j42swfq.cloudfront.net\/2017\/05\/08110304\/musicos.png 403w, https:\/\/dhg1h5j42swfq.cloudfront.net\/2017\/05\/08110304\/musicos.png 300w\" sizes=\"auto, (max-width: 403px) 100vw, 403px\" \/><\/p>\n<p>Confira aqui o Calend\u00e1rio Anual que disp\u00f5e sobre os eventos e respectivas datas para o <a href=\"http:\/\/pesquisa.in.gov.br\/imprensa\/jsp\/visualiza\/index.jsp?data=08\/05\/2017&amp;jornal=3&amp;pagina=48&amp;totalArquivos=284\" target=\"_blank\" rel=\"noopener noreferrer\">Concurso de Admiss\u00e3o aos CFS &#8211; 2018-19<\/a>&nbsp;e o <a href=\"http:\/\/pesquisa.in.gov.br\/imprensa\/jsp\/visualiza\/index.jsp?data=08\/05\/2017&amp;jornal=3&amp;pagina=38&amp;totalArquivos=284\" target=\"_blank\" rel=\"noopener noreferrer\">Edital Completo<\/a> para esta \u00e1rea.<\/p>\n<h3>\n\tEdital 3 &#8211; Sa\u00fade<\/h3>\n<p>O terceiro edital&nbsp;disp\u00f5e de oportunidades para o curso de forma\u00e7\u00e3o de sargentos na \u00e1rea da sa\u00fade. As oportunidades s\u00e3o destinadas ao cargo de T\u00e9cnico em Enfermagem.<\/p>\n<h3>\n\tVagas<\/h3>\n<\/p>\n<p style=\"text-align: center;\">\n\t<img loading=\"lazy\" decoding=\"async\" alt=\"\" class=\"aligncenter size-full wp-image-73039\" height=\"296\" src=\"https:\/\/dhg1h5j42swfq.cloudfront.net\/2017\/05\/08113351\/sargentos1.png\" style=\"\" title=\"\" width=\"518\" srcset=\"https:\/\/dhg1h5j42swfq.cloudfront.net\/2017\/05\/08113351\/sargentos1.png 647w, https:\/\/dhg1h5j42swfq.cloudfront.net\/2017\/05\/08113351\/sargentos1.png 300w, https:\/\/dhg1h5j42swfq.cloudfront.net\/2017\/05\/08113351\/sargentos1.png 610w\" sizes=\"auto, (max-width: 518px) 100vw, 518px\" \/><\/p>\n<p style=\"text-align: center;\">\n\t<img loading=\"lazy\" decoding=\"async\" alt=\"\" class=\"aligncenter size-full wp-image-73040\" height=\"232\" src=\"https:\/\/dhg1h5j42swfq.cloudfront.net\/2017\/05\/08113752\/sargentos3.png\" style=\"\" title=\"\" width=\"522\" srcset=\"https:\/\/dhg1h5j42swfq.cloudfront.net\/2017\/05\/08113752\/sargentos3.png 652w, https:\/\/dhg1h5j42swfq.cloudfront.net\/2017\/05\/08113752\/sargentos3.png 300w, https:\/\/dhg1h5j42swfq.cloudfront.net\/2017\/05\/08113752\/sargentos3.png 610w\" sizes=\"auto, (max-width: 522px) 100vw, 522px\" \/><\/p>\n<p>Confira aqui o Calend\u00e1rio Anual que disp\u00f5e sobre os eventos e respectivas datas para o <a href=\"http:\/\/pesquisa.in.gov.br\/imprensa\/jsp\/visualiza\/index.jsp?data=08\/05\/2017&amp;jornal=3&amp;pagina=59&amp;totalArquivos=284\" target=\"_blank\" rel=\"noopener noreferrer\">Concurso de Admiss\u00e3o aos CFS &#8211; 2018-19<\/a>&nbsp;e o <a href=\"http:\/\/pesquisa.in.gov.br\/imprensa\/jsp\/visualiza\/index.jsp?data=08\/05\/2017&amp;jornal=3&amp;pagina=50&amp;totalArquivos=284\" target=\"_blank\" rel=\"noopener noreferrer\">Edital Completo<\/a> para esta \u00e1rea.<\/p>\n<p>De acordo com a tabela de vencimentos dos militares, durante o curso de forma\u00e7\u00e3o, o aluno far\u00e1 jus a ajuda de custo para moradia, alimenta\u00e7\u00e3o e assist\u00eancia m\u00e9dica, odontol\u00f3gica e psicol\u00f3gica. Ap\u00f3s formado, o sargento far\u00e1 jus ao soldo de&nbsp;R$ 3.584,00.<\/p>\n<p>Os inscritos no concurso ser\u00e3o avaliados por exame intelectual, que compreende a prova objetiva, a ser aplicada a todos os candidatos. Al\u00e9m disso, se aprovado no exame, o candidato passar\u00e1 por&nbsp;avalia\u00e7\u00e3o de t\u00edtulos, inspe\u00e7\u00e3o de sa\u00fade, exame de aptid\u00e3o f\u00edsica, exame de habilita\u00e7\u00e3o musical (somente os cargos do edital 03\/2017), revis\u00e3o m\u00e9dica e comprova\u00e7\u00e3o de requisitos biogr\u00e1ficos dos aprovados.<\/p>\n<h3>\n\tAs avalia\u00e7\u00f5es objetivas ser\u00e3o aplicadas na data prevista de 24 de setembro de 2017, nas cidades de:<\/h3>\n<p>Rio de Janeiro (RJ), Resende (RJ), Vila Velha (ES), Niter\u00f3i (RJ), Juiz de Fora (MG), Tr\u00eas Cora\u00e7\u00f5es (MG), S\u00e3o Jo\u00e3o del Rei (MG), Uberl\u00e2ndia (MG), Montes Claros (MG), Teresina (PI), Porto Alegre (RS), Santa Maria (RS), Cruz Alta (RS), Santiago (RS), Pelotas (RS), Uruguaiana (RS), Bag\u00e9 (RS), Florian\u00f3polis (SC), Cascavel (PR), Curitiba (PR), Ponta Grossa (PR), Salvador (BA), Aracaju (SE), Macei\u00f3 (AL), Recife (PE), Jo\u00e3o Pessoa (PB), S\u00e3o Paulo (SP), Campinas (SP), Lins (SP), Guaruj\u00e1 (SP), Taubat\u00e9 (SP), Pirassununga (SP), Natal (RN), Fortaleza (CE), Petrolina (PE), Manaus (AM), Tabatinga (AM), Rio Branco (AC), Boa Vista (RR), Porto Velho (RO), Tef\u00e9 (AM), Bras\u00edlia (DF), Palmas (TO), Goi\u00e2nia (GO), Campo Grande (MS), Cuiab\u00e1 (MT), Corumb\u00e1 (MS), Rondon\u00f3polis (MT), Dourados (MS), S\u00e3o Lu\u00eds (MA), Altamira (PA), Bel\u00e9m (PA), Macap\u00e1 (AP), Imperatriz (MA), Santar\u00e9m (PA), Marab\u00e1 (PA) e Itaituba (PA).<\/p>\n<p>O certame ter\u00e1 validade at\u00e9 o ingresso em 2018, sendo encerrado ap\u00f3s 15 dias a data de publica\u00e7\u00e3o do resultado final. Voc\u00ea pode acessar o<a href=\"http:\/\/concurso.esa.ensino.eb.br\/divulgacao\/CA2017_manual.pdf\" target=\"_blank\" rel=\"noopener noreferrer\"> Manual do Candidato<\/a> aqui!<\/p>\n<p>ASCOM<\/p>\n<p>Nat\u00e1lia Scarano<\/p>\n<p>comunicacao@estrategiaconcursos.com.br<\/p>\n","protected":false},"excerpt":{"rendered":"<p>Termina nesta segunda-feira, 12 de junho, o per\u00edodo de inscri\u00e7\u00f5e para o concurso que prev\u00ea a admiss\u00e3o para o Curso de Forma\u00e7\u00e3o de Sargento do Ex\u00e9rcito Geral\/Avia\u00e7\u00e3o, Sargento M\u00fasico e Sargento da Sa\u00fade. O formul\u00e1rio para inscri\u00e7\u00e3o vai estar dispon\u00edvel no site da ESA at\u00e9 \u00e0s 23h59min desta segunda. Para concorrer, os candidatos dever\u00e3o ter [&hellip;]<\/p>\n","protected":false},"author":1,"featured_media":73035,"comment_status":"open","ping_status":"open","sticky":false,"template":"","format":"standard","meta":{"post_tipo":"news","footnotes":""},"categories":[1],"tags":[2601,1898,1852],"tax_estado":[],"class_list":["post-73026","post","type-post","status-publish","format-standard","has-post-thumbnail","hentry","category-cursos-e-concursos","tag-concurso-esa","tag-concurso-exercito","tag-escola-de-sargentos-das-armas"],"acf":[],"yoast_head":"<!-- This site is optimized with the Yoast SEO Premium plugin v27.2 (Yoast SEO v27.2) - https:\/\/yoast.com\/product\/yoast-seo-premium-wordpress\/ -->\n<title>Concurso ESA: Ex\u00e9rcito lan\u00e7a edital com 1.100 vagas!<\/title>\n<meta name=\"description\" content=\"Concurso ESA: Ex\u00e9rcito Brasileiro lan\u00e7a edital para forma\u00e7\u00e3o de Sargento! \u00e1reas da S\u00e1ude, M\u00fasica e Avia\u00e7\u00e3o ser\u00e3o contempladas com 1.100 vagas!\" \/>\n<meta name=\"robots\" content=\"index, follow, max-snippet:-1, max-image-preview:large, max-video-preview:-1\" \/>\n<link rel=\"canonical\" href=\"https:\/\/www.estrategiaconcursos.com.br\/blog\/concurso-esa-2017\/\" \/>\n<meta property=\"og:locale\" content=\"pt_BR\" \/>\n<meta property=\"og:type\" content=\"article\" \/>\n<meta property=\"og:title\" content=\"Concurso ESA: inscri\u00e7\u00f5es para certame com 1.100 vagas de Sargento encerram nesta segunda\" \/>\n<meta property=\"og:description\" content=\"Concurso ESA: Ex\u00e9rcito Brasileiro lan\u00e7a edital para forma\u00e7\u00e3o de Sargento! \u00e1reas da S\u00e1ude, M\u00fasica e Avia\u00e7\u00e3o ser\u00e3o contempladas com 1.100 vagas!\" \/>\n<meta property=\"og:url\" content=\"https:\/\/www.estrategiaconcursos.com.br\/blog\/concurso-esa-2017\/\" \/>\n<meta property=\"og:site_name\" content=\"Estrat\u00e9gia Concursos\" \/>\n<meta property=\"article:author\" content=\"https:\/\/www.facebook.com\/EstrategiaConcursos\" \/>\n<meta property=\"article:published_time\" content=\"2017-06-12T09:00:02+00:00\" \/>\n<meta property=\"article:modified_time\" content=\"2019-07-29T19:40:23+00:00\" \/>\n<meta property=\"og:image\" content=\"https:\/\/dhg1h5j42swfq.cloudfront.net\/2017\/05\/08111852\/sargentos.jpg\" \/>\n\t<meta property=\"og:image:width\" content=\"800\" \/>\n\t<meta property=\"og:image:height\" content=\"533\" \/>\n\t<meta property=\"og:image:type\" content=\"image\/jpeg\" \/>\n<meta name=\"author\" content=\"Coordena\u00e7\u00e3o\" \/>\n<meta name=\"twitter:card\" content=\"summary_large_image\" \/>\n<meta name=\"twitter:creator\" content=\"@EstratConcursos\" \/>\n<meta name=\"twitter:site\" content=\"@EstratConcursos\" \/>\n<meta name=\"twitter:label1\" content=\"Escrito por\" \/>\n\t<meta name=\"twitter:data1\" content=\"Coordena\u00e7\u00e3o\" \/>\n\t<meta name=\"twitter:label2\" content=\"Est. tempo de leitura\" \/>\n\t<meta name=\"twitter:data2\" content=\"4 minutos\" \/>\n<script type=\"application\/ld+json\" class=\"yoast-schema-graph\">{\"@context\":\"https:\/\/schema.org\",\"@graph\":[{\"@type\":\"NewsArticle\",\"@id\":\"https:\/\/www.estrategiaconcursos.com.br\/blog\/concurso-esa-2017\/#article\",\"isPartOf\":{\"@id\":\"https:\/\/www.estrategiaconcursos.com.br\/blog\/concurso-esa-2017\/\"},\"author\":{\"name\":\"Coordena\u00e7\u00e3o\",\"@id\":\"https:\/\/www.estrategiaconcursos.com.br\/blog\/#\/schema\/person\/b4a388c97673c5f483d72185668afa1f\"},\"headline\":\"Concurso ESA: inscri\u00e7\u00f5es para certame com 1.100 vagas de Sargento encerram nesta segunda\",\"datePublished\":\"2017-06-12T09:00:02+00:00\",\"dateModified\":\"2019-07-29T19:40:23+00:00\",\"mainEntityOfPage\":{\"@id\":\"https:\/\/www.estrategiaconcursos.com.br\/blog\/concurso-esa-2017\/\"},\"wordCount\":808,\"commentCount\":2,\"publisher\":{\"@id\":\"https:\/\/www.estrategiaconcursos.com.br\/blog\/#organization\"},\"image\":{\"@id\":\"https:\/\/www.estrategiaconcursos.com.br\/blog\/concurso-esa-2017\/#primaryimage\"},\"thumbnailUrl\":\"https:\/\/dhg1h5j42swfq.cloudfront.net\/2017\/05\/08111852\/sargentos.jpg\",\"keywords\":[\"Concurso ESA\",\"concurso Ex\u00e9rcito\",\"Escola de Sargentos das Armas\"],\"articleSection\":[\"Concursos P\u00fablicos\"],\"inLanguage\":\"pt-BR\",\"potentialAction\":[{\"@type\":\"CommentAction\",\"name\":\"Comment\",\"target\":[\"https:\/\/www.estrategiaconcursos.com.br\/blog\/concurso-esa-2017\/#respond\"]}],\"copyrightYear\":\"2017\",\"copyrightHolder\":{\"@id\":\"https:\/\/www.estrategiaconcursos.com.br\/blog\/#organization\"}},{\"@type\":\"WebPage\",\"@id\":\"https:\/\/www.estrategiaconcursos.com.br\/blog\/concurso-esa-2017\/\",\"url\":\"https:\/\/www.estrategiaconcursos.com.br\/blog\/concurso-esa-2017\/\",\"name\":\"Concurso ESA: Ex\u00e9rcito lan\u00e7a edital com 1.100 vagas!\",\"isPartOf\":{\"@id\":\"https:\/\/www.estrategiaconcursos.com.br\/blog\/#website\"},\"primaryImageOfPage\":{\"@id\":\"https:\/\/www.estrategiaconcursos.com.br\/blog\/concurso-esa-2017\/#primaryimage\"},\"image\":{\"@id\":\"https:\/\/www.estrategiaconcursos.com.br\/blog\/concurso-esa-2017\/#primaryimage\"},\"thumbnailUrl\":\"https:\/\/dhg1h5j42swfq.cloudfront.net\/2017\/05\/08111852\/sargentos.jpg\",\"datePublished\":\"2017-06-12T09:00:02+00:00\",\"dateModified\":\"2019-07-29T19:40:23+00:00\",\"description\":\"Concurso ESA: Ex\u00e9rcito Brasileiro lan\u00e7a edital para forma\u00e7\u00e3o de Sargento! \u00e1reas da S\u00e1ude, M\u00fasica e Avia\u00e7\u00e3o ser\u00e3o contempladas com 1.100 vagas!\",\"breadcrumb\":{\"@id\":\"https:\/\/www.estrategiaconcursos.com.br\/blog\/concurso-esa-2017\/#breadcrumb\"},\"inLanguage\":\"pt-BR\",\"potentialAction\":[{\"@type\":\"ReadAction\",\"target\":[\"https:\/\/www.estrategiaconcursos.com.br\/blog\/concurso-esa-2017\/\"]}]},{\"@type\":\"ImageObject\",\"inLanguage\":\"pt-BR\",\"@id\":\"https:\/\/www.estrategiaconcursos.com.br\/blog\/concurso-esa-2017\/#primaryimage\",\"url\":\"https:\/\/dhg1h5j42swfq.cloudfront.net\/2017\/05\/08111852\/sargentos.jpg\",\"contentUrl\":\"https:\/\/dhg1h5j42swfq.cloudfront.net\/2017\/05\/08111852\/sargentos.jpg\",\"width\":800,\"height\":533},{\"@type\":\"BreadcrumbList\",\"@id\":\"https:\/\/www.estrategiaconcursos.com.br\/blog\/concurso-esa-2017\/#breadcrumb\",\"itemListElement\":[{\"@type\":\"ListItem\",\"position\":1,\"name\":\"In\u00edcio\",\"item\":\"https:\/\/www.estrategiaconcursos.com.br\/blog\/\"},{\"@type\":\"ListItem\",\"position\":2,\"name\":\"Concurso ESA: inscri\u00e7\u00f5es para certame com 1.100 vagas de Sargento encerram nesta segunda\"}]},{\"@type\":\"WebSite\",\"@id\":\"https:\/\/www.estrategiaconcursos.com.br\/blog\/#website\",\"url\":\"https:\/\/www.estrategiaconcursos.com.br\/blog\/\",\"name\":\"Estrat\u00e9gia Concursos\",\"description\":\"O blog da Estrat\u00e9gia Concursos traz not\u00edcias sobre concursos e artigos de professores oferecendo cursos para concursos (pdf + videaulas) no site.\",\"publisher\":{\"@id\":\"https:\/\/www.estrategiaconcursos.com.br\/blog\/#organization\"},\"potentialAction\":[{\"@type\":\"SearchAction\",\"target\":{\"@type\":\"EntryPoint\",\"urlTemplate\":\"https:\/\/www.estrategiaconcursos.com.br\/blog\/?s={search_term_string}\"},\"query-input\":{\"@type\":\"PropertyValueSpecification\",\"valueRequired\":true,\"valueName\":\"search_term_string\"}}],\"inLanguage\":\"pt-BR\"},{\"@type\":\"Organization\",\"@id\":\"https:\/\/www.estrategiaconcursos.com.br\/blog\/#organization\",\"name\":\"Estrat\u00e9gia Concursos\",\"url\":\"https:\/\/www.estrategiaconcursos.com.br\/blog\/\",\"logo\":{\"@type\":\"ImageObject\",\"inLanguage\":\"pt-BR\",\"@id\":\"https:\/\/www.estrategiaconcursos.com.br\/blog\/#\/schema\/logo\/image\/\",\"url\":\"https:\/\/dhg1h5j42swfq.cloudfront.net\/2025\/06\/03203428\/logo_concursos-1.jpg\",\"contentUrl\":\"https:\/\/dhg1h5j42swfq.cloudfront.net\/2025\/06\/03203428\/logo_concursos-1.jpg\",\"width\":230,\"height\":60,\"caption\":\"Estrat\u00e9gia Concursos\"},\"image\":{\"@id\":\"https:\/\/www.estrategiaconcursos.com.br\/blog\/#\/schema\/logo\/image\/\"},\"sameAs\":[\"https:\/\/x.com\/EstratConcursos\"]},{\"@type\":\"Person\",\"@id\":\"https:\/\/www.estrategiaconcursos.com.br\/blog\/#\/schema\/person\/b4a388c97673c5f483d72185668afa1f\",\"name\":\"Coordena\u00e7\u00e3o\",\"image\":{\"@type\":\"ImageObject\",\"inLanguage\":\"pt-BR\",\"@id\":\"https:\/\/secure.gravatar.com\/avatar\/b720319e4c9a967eb58678d110f4fe35452fc5d5f97b202bac7b8acceb18c6ad?s=96&d=mm&r=g\",\"url\":\"https:\/\/secure.gravatar.com\/avatar\/b720319e4c9a967eb58678d110f4fe35452fc5d5f97b202bac7b8acceb18c6ad?s=96&d=mm&r=g\",\"contentUrl\":\"https:\/\/secure.gravatar.com\/avatar\/b720319e4c9a967eb58678d110f4fe35452fc5d5f97b202bac7b8acceb18c6ad?s=96&d=mm&r=g\",\"caption\":\"Coordena\u00e7\u00e3o\"},\"sameAs\":[\"https:\/\/www.facebook.com\/EstrategiaConcursos\",\"https:\/\/x.com\/EstratConcursos\"],\"url\":\"https:\/\/www.estrategiaconcursos.com.br\/blog\/author\/estrategia2013\/\"}]}<\/script>\n<!-- \/ Yoast SEO Premium plugin. -->","yoast_head_json":{"title":"Concurso ESA: Ex\u00e9rcito lan\u00e7a edital com 1.100 vagas!","description":"Concurso ESA: Ex\u00e9rcito Brasileiro lan\u00e7a edital para forma\u00e7\u00e3o de Sargento! \u00e1reas da S\u00e1ude, M\u00fasica e Avia\u00e7\u00e3o ser\u00e3o contempladas com 1.100 vagas!","robots":{"index":"index","follow":"follow","max-snippet":"max-snippet:-1","max-image-preview":"max-image-preview:large","max-video-preview":"max-video-preview:-1"},"canonical":"https:\/\/www.estrategiaconcursos.com.br\/blog\/concurso-esa-2017\/","og_locale":"pt_BR","og_type":"article","og_title":"Concurso ESA: inscri\u00e7\u00f5es para certame com 1.100 vagas de Sargento encerram nesta segunda","og_description":"Concurso ESA: Ex\u00e9rcito Brasileiro lan\u00e7a edital para forma\u00e7\u00e3o de Sargento! \u00e1reas da S\u00e1ude, M\u00fasica e Avia\u00e7\u00e3o ser\u00e3o contempladas com 1.100 vagas!","og_url":"https:\/\/www.estrategiaconcursos.com.br\/blog\/concurso-esa-2017\/","og_site_name":"Estrat\u00e9gia Concursos","article_author":"https:\/\/www.facebook.com\/EstrategiaConcursos","article_published_time":"2017-06-12T09:00:02+00:00","article_modified_time":"2019-07-29T19:40:23+00:00","og_image":[{"width":800,"height":533,"url":"https:\/\/dhg1h5j42swfq.cloudfront.net\/2017\/05\/08111852\/sargentos.jpg","type":"image\/jpeg"}],"author":"Coordena\u00e7\u00e3o","twitter_card":"summary_large_image","twitter_creator":"@EstratConcursos","twitter_site":"@EstratConcursos","twitter_misc":{"Escrito por":"Coordena\u00e7\u00e3o","Est. tempo de leitura":"4 minutos"},"schema":{"@context":"https:\/\/schema.org","@graph":[{"@type":"NewsArticle","@id":"https:\/\/www.estrategiaconcursos.com.br\/blog\/concurso-esa-2017\/#article","isPartOf":{"@id":"https:\/\/www.estrategiaconcursos.com.br\/blog\/concurso-esa-2017\/"},"author":{"name":"Coordena\u00e7\u00e3o","@id":"https:\/\/www.estrategiaconcursos.com.br\/blog\/#\/schema\/person\/b4a388c97673c5f483d72185668afa1f"},"headline":"Concurso ESA: inscri\u00e7\u00f5es para certame com 1.100 vagas de Sargento encerram nesta segunda","datePublished":"2017-06-12T09:00:02+00:00","dateModified":"2019-07-29T19:40:23+00:00","mainEntityOfPage":{"@id":"https:\/\/www.estrategiaconcursos.com.br\/blog\/concurso-esa-2017\/"},"wordCount":808,"commentCount":2,"publisher":{"@id":"https:\/\/www.estrategiaconcursos.com.br\/blog\/#organization"},"image":{"@id":"https:\/\/www.estrategiaconcursos.com.br\/blog\/concurso-esa-2017\/#primaryimage"},"thumbnailUrl":"https:\/\/dhg1h5j42swfq.cloudfront.net\/2017\/05\/08111852\/sargentos.jpg","keywords":["Concurso ESA","concurso Ex\u00e9rcito","Escola de Sargentos das Armas"],"articleSection":["Concursos P\u00fablicos"],"inLanguage":"pt-BR","potentialAction":[{"@type":"CommentAction","name":"Comment","target":["https:\/\/www.estrategiaconcursos.com.br\/blog\/concurso-esa-2017\/#respond"]}],"copyrightYear":"2017","copyrightHolder":{"@id":"https:\/\/www.estrategiaconcursos.com.br\/blog\/#organization"}},{"@type":"WebPage","@id":"https:\/\/www.estrategiaconcursos.com.br\/blog\/concurso-esa-2017\/","url":"https:\/\/www.estrategiaconcursos.com.br\/blog\/concurso-esa-2017\/","name":"Concurso ESA: Ex\u00e9rcito lan\u00e7a edital com 1.100 vagas!","isPartOf":{"@id":"https:\/\/www.estrategiaconcursos.com.br\/blog\/#website"},"primaryImageOfPage":{"@id":"https:\/\/www.estrategiaconcursos.com.br\/blog\/concurso-esa-2017\/#primaryimage"},"image":{"@id":"https:\/\/www.estrategiaconcursos.com.br\/blog\/concurso-esa-2017\/#primaryimage"},"thumbnailUrl":"https:\/\/dhg1h5j42swfq.cloudfront.net\/2017\/05\/08111852\/sargentos.jpg","datePublished":"2017-06-12T09:00:02+00:00","dateModified":"2019-07-29T19:40:23+00:00","description":"Concurso ESA: Ex\u00e9rcito Brasileiro lan\u00e7a edital para forma\u00e7\u00e3o de Sargento! \u00e1reas da S\u00e1ude, M\u00fasica e Avia\u00e7\u00e3o ser\u00e3o contempladas com 1.100 vagas!","breadcrumb":{"@id":"https:\/\/www.estrategiaconcursos.com.br\/blog\/concurso-esa-2017\/#breadcrumb"},"inLanguage":"pt-BR","potentialAction":[{"@type":"ReadAction","target":["https:\/\/www.estrategiaconcursos.com.br\/blog\/concurso-esa-2017\/"]}]},{"@type":"ImageObject","inLanguage":"pt-BR","@id":"https:\/\/www.estrategiaconcursos.com.br\/blog\/concurso-esa-2017\/#primaryimage","url":"https:\/\/dhg1h5j42swfq.cloudfront.net\/2017\/05\/08111852\/sargentos.jpg","contentUrl":"https:\/\/dhg1h5j42swfq.cloudfront.net\/2017\/05\/08111852\/sargentos.jpg","width":800,"height":533},{"@type":"BreadcrumbList","@id":"https:\/\/www.estrategiaconcursos.com.br\/blog\/concurso-esa-2017\/#breadcrumb","itemListElement":[{"@type":"ListItem","position":1,"name":"In\u00edcio","item":"https:\/\/www.estrategiaconcursos.com.br\/blog\/"},{"@type":"ListItem","position":2,"name":"Concurso ESA: inscri\u00e7\u00f5es para certame com 1.100 vagas de Sargento encerram nesta segunda"}]},{"@type":"WebSite","@id":"https:\/\/www.estrategiaconcursos.com.br\/blog\/#website","url":"https:\/\/www.estrategiaconcursos.com.br\/blog\/","name":"Estrat\u00e9gia Concursos","description":"O blog da Estrat\u00e9gia Concursos traz not\u00edcias sobre concursos e artigos de professores oferecendo cursos para concursos (pdf + videaulas) no site.","publisher":{"@id":"https:\/\/www.estrategiaconcursos.com.br\/blog\/#organization"},"potentialAction":[{"@type":"SearchAction","target":{"@type":"EntryPoint","urlTemplate":"https:\/\/www.estrategiaconcursos.com.br\/blog\/?s={search_term_string}"},"query-input":{"@type":"PropertyValueSpecification","valueRequired":true,"valueName":"search_term_string"}}],"inLanguage":"pt-BR"},{"@type":"Organization","@id":"https:\/\/www.estrategiaconcursos.com.br\/blog\/#organization","name":"Estrat\u00e9gia Concursos","url":"https:\/\/www.estrategiaconcursos.com.br\/blog\/","logo":{"@type":"ImageObject","inLanguage":"pt-BR","@id":"https:\/\/www.estrategiaconcursos.com.br\/blog\/#\/schema\/logo\/image\/","url":"https:\/\/dhg1h5j42swfq.cloudfront.net\/2025\/06\/03203428\/logo_concursos-1.jpg","contentUrl":"https:\/\/dhg1h5j42swfq.cloudfront.net\/2025\/06\/03203428\/logo_concursos-1.jpg","width":230,"height":60,"caption":"Estrat\u00e9gia Concursos"},"image":{"@id":"https:\/\/www.estrategiaconcursos.com.br\/blog\/#\/schema\/logo\/image\/"},"sameAs":["https:\/\/x.com\/EstratConcursos"]},{"@type":"Person","@id":"https:\/\/www.estrategiaconcursos.com.br\/blog\/#\/schema\/person\/b4a388c97673c5f483d72185668afa1f","name":"Coordena\u00e7\u00e3o","image":{"@type":"ImageObject","inLanguage":"pt-BR","@id":"https:\/\/secure.gravatar.com\/avatar\/b720319e4c9a967eb58678d110f4fe35452fc5d5f97b202bac7b8acceb18c6ad?s=96&d=mm&r=g","url":"https:\/\/secure.gravatar.com\/avatar\/b720319e4c9a967eb58678d110f4fe35452fc5d5f97b202bac7b8acceb18c6ad?s=96&d=mm&r=g","contentUrl":"https:\/\/secure.gravatar.com\/avatar\/b720319e4c9a967eb58678d110f4fe35452fc5d5f97b202bac7b8acceb18c6ad?s=96&d=mm&r=g","caption":"Coordena\u00e7\u00e3o"},"sameAs":["https:\/\/www.facebook.com\/EstrategiaConcursos","https:\/\/x.com\/EstratConcursos"],"url":"https:\/\/www.estrategiaconcursos.com.br\/blog\/author\/estrategia2013\/"}]}},"_links":{"self":[{"href":"https:\/\/www.estrategiaconcursos.com.br\/blog\/wp-json\/wp\/v2\/posts\/73026","targetHints":{"allow":["GET"]}}],"collection":[{"href":"https:\/\/www.estrategiaconcursos.com.br\/blog\/wp-json\/wp\/v2\/posts"}],"about":[{"href":"https:\/\/www.estrategiaconcursos.com.br\/blog\/wp-json\/wp\/v2\/types\/post"}],"author":[{"embeddable":true,"href":"https:\/\/www.estrategiaconcursos.com.br\/blog\/wp-json\/wp\/v2\/users\/1"}],"replies":[{"embeddable":true,"href":"https:\/\/www.estrategiaconcursos.com.br\/blog\/wp-json\/wp\/v2\/comments?post=73026"}],"version-history":[{"count":12,"href":"https:\/\/www.estrategiaconcursos.com.br\/blog\/wp-json\/wp\/v2\/posts\/73026\/revisions"}],"predecessor-version":[{"id":403694,"href":"https:\/\/www.estrategiaconcursos.com.br\/blog\/wp-json\/wp\/v2\/posts\/73026\/revisions\/403694"}],"wp:featuredmedia":[{"embeddable":true,"href":"https:\/\/www.estrategiaconcursos.com.br\/blog\/wp-json\/wp\/v2\/media\/73035"}],"wp:attachment":[{"href":"https:\/\/www.estrategiaconcursos.com.br\/blog\/wp-json\/wp\/v2\/media?parent=73026"}],"wp:term":[{"taxonomy":"category","embeddable":true,"href":"https:\/\/www.estrategiaconcursos.com.br\/blog\/wp-json\/wp\/v2\/categories?post=73026"},{"taxonomy":"post_tag","embeddable":true,"href":"https:\/\/www.estrategiaconcursos.com.br\/blog\/wp-json\/wp\/v2\/tags?post=73026"},{"taxonomy":"tax_estado","embeddable":true,"href":"https:\/\/www.estrategiaconcursos.com.br\/blog\/wp-json\/wp\/v2\/tax_estado?post=73026"}],"curies":[{"name":"wp","href":"https:\/\/api.w.org\/{rel}","templated":true}]}}