{"id":73021,"date":"2017-05-08T09:43:15","date_gmt":"2017-05-08T12:43:15","guid":{"rendered":"https:\/\/www.estrategiaconcursos.com.br\/blog\/?p=73021"},"modified":"2018-09-21T16:52:30","modified_gmt":"2018-09-21T19:52:30","slug":"abertas-as-inscricoes-para-o-enem-2017","status":"publish","type":"post","link":"https:\/\/www.estrategiaconcursos.com.br\/blog\/abertas-as-inscricoes-para-o-enem-2017\/","title":{"rendered":"Abertas as inscri\u00e7\u00f5es para o ENEM 2017"},"content":{"rendered":"<p><img loading=\"lazy\" decoding=\"async\" class=\"aligncenter size-full wp-image-69767\" src=\"https:\/\/dhg1h5j42swfq.cloudfront.net\/2017\/04\/06104140\/cronograma-enem.jpg\" alt=\"\" width=\"503\" height=\"254\" srcset=\"https:\/\/dhg1h5j42swfq.cloudfront.net\/2017\/04\/06104140\/cronograma-enem.jpg 503w, https:\/\/dhg1h5j42swfq.cloudfront.net\/2017\/04\/06104140\/cronograma-enem.jpg 300w, https:\/\/dhg1h5j42swfq.cloudfront.net\/2017\/04\/06104140\/cronograma-enem.jpg 500w\" sizes=\"auto, (max-width: 503px) 100vw, 503px\" \/><\/p>\n<p>Ol\u00e1 caros alunos e interessados,<\/p>\n<p>Est\u00e3o abertas as inscri\u00e7\u00f5es para o ENEM 2017! Acesse <a href=\"http:\/\/enem.inep.gov.br\/participante\">aqui<\/a> o site do INEP e garanta j\u00e1 a sua.\u00a0Voc\u00ea poder\u00e1 se <a href=\"http:\/\/enem.inep.gov.br\/participante\">inscrever<\/a>\u00a0entre os dias 8 e 19 de maio. Fique atento para n\u00e3o perder o prazo! Houve um reajuste no valor da taxa, que passou de 68 reais para 82 reais.<\/p>\n<p>o INEP publicou no\u00a0dia 10\/04\u00a0o edital\u00a0do ENEM 2017. No mesmo dia fizemos\u00a0um aul\u00e3o ao vivo sobre\u00a0&#8220;<b>Como fazer um planejamento de estudo eficiente para o ENEM?<\/b>&#8221; com os professores\u00a0D\u00e9cio Terror, Rafaela Freitas e Raphael Reis. Foram abordados temas como\u00a0a gest\u00e3o do tempo, a montagem de um cronograma de estudos e t\u00e9cnicas de estudo de alto rendimento. Assista abaixo a esse aul\u00e3o:<\/p>\n<p><a href=\"https:\/\/youtu.be\/9ag2n5zfuo4?t=217\">https:\/\/youtu.be\/9ag2n5zfuo4?t=217<\/a><\/p>\n<p>O ENEM ocorrer\u00e1 nos dias 5 e 12 de novembro.\u00a0Ser\u00e3o dois domingos consecutivos, portanto, ele deixa de ser aplicado aos s\u00e1bados. Se voc\u00ea acompanhou nosso <a href=\"https:\/\/www.estrategiaconcursos.com.br\/blog\/consulta-publica-enem-prorrogada-possiveis-mudancas-caminho\/\">blog<\/a>,\u00a0sabe que essa era uma das mudan\u00e7as que estava sendo pleiteada na consulta p\u00fablica que ocorreu at\u00e9 meados de fevereiro passado. Acesse o edital do ENEM clicando <a href=\"http:\/\/pesquisa.in.gov.br\/imprensa\/jsp\/visualiza\/index.jsp?data=10\/04\/2017&amp;jornal=3&amp;pagina=47&amp;totalArquivos=224\">aqui<\/a>.<\/p>\n<p>Outras novidades s\u00e3o os cadernos de prova personalizados (voc\u00ea n\u00e3o ter\u00e1 que preencher seu nome e outras informa\u00e7\u00f5es no mesmo); amplia\u00e7\u00e3o das op\u00e7\u00f5es de isen\u00e7\u00e3o de taxa de inscri\u00e7\u00e3o e que\u00a0o Exame perde sua validade como certificado de conclus\u00e3o do ensino m\u00e9dio.<\/p>\n<p>No primeiro domingo, dia 05\/11, teremos aplica\u00e7\u00e3o das provas de Linguagens, Ci\u00eancias Humanas e Reda\u00e7\u00e3o, com dura\u00e7\u00e3o total de 5h30min. \u00c9 isso mesmo, a Reda\u00e7\u00e3o passou para o primeiro dia de prova.<\/p>\n<p>J\u00e1 no segundo domingo, dia 12\/11, teremos aplica\u00e7\u00e3o das provas de Matem\u00e1tica e Ci\u00eancias da Natureza, com dura\u00e7\u00e3o total de 4h30min.<\/p>\n<p>O ENEM 2017 ter\u00e1 resultados divulgados, a princ\u00edpio, em 19 de janeiro de 2018.<\/p>\n<p><strong><u>A hora de se preparar para o Exame \u00e9 agora!<\/u><\/strong>\u00a0Voc\u00eas assistiram aos aul\u00f5es de f\u00edsica, linguagens, hist\u00f3ria e filosofia\/sociologia\u00a0que tivemos recentemente?\u00a0Inscreva-se j\u00e1 na <a href=\"https:\/\/www.youtube.com\/channel\/UC7OnZODw1SNhfs0CDyVNTKg\">nossa p\u00e1gina do Youtube<\/a>\u00a0e tamb\u00e9m na do <a href=\"https:\/\/www.facebook.com\/estrategiaenem\/\">Facebook<\/a>.\u00a0S\u00f3 assim voc\u00ea vai ficar sabendo em primeira m\u00e3o sempre que houver um aul\u00e3o ao vivo ou uma nova aula dispon\u00edvel no canal.<\/p>\n<p>No dia 08 de maio \u00e0s 19h,\u00a0teremos um aul\u00e3o com o Prof. de Filosofia\/Sociologia\u00a0Raphael Reis, sobre os temas: A Sociologia de Pierre Bourdieu,\u00a0principais conceitos de Bourdieu,\u00a0como resolver poss\u00edveis quest\u00f5es do ENEM,\u00a0como aplicar os conceitos de Bourdieu na reda\u00e7\u00e3o,\u00a0b\u00f4nus especial &#8211;\u00a0sociologia de Jess\u00e9 Souza.<\/p>\n<p>Voc\u00ea sabia que temos uma p\u00e1gina do Estrat\u00e9gia dedicada ao ENEM? \u00c9 esta <a href=\"http:\/\/www.estrategiaenem.com\/\">aqui.<\/a>\u00a0Se quiser saber\u00a0o que realmente cai na prova do ENEM, basta ir at\u00e9 a nossa <a href=\"http:\/\/www.estrategiaenem.com\/\">p\u00e1gina<\/a>\u00a0e deixar o seu e-mail. Enviaremos gratuitamente o Raio-X do ENEM feito a partir da an\u00e1lise dos \u00faltimos 10 anos do Exame!!!<\/p>\n<p>J\u00e1 conferiu nosso <strong>aul\u00e3o gratuito sobre o ENEM 2017<\/strong>? Nele nossos professores d\u00e3o v\u00e1rias dicas sobre <b>como se preparar em alto n\u00edvel para o pr\u00f3ximo Exame.\u00a0<\/b>\u00a0Voc\u00ea pode assistir a reprise abaixo. Aproveite e se inscreva no nosso canal do YouTube para receber em primeira m\u00e3o bastante conte\u00fado para ajudar na sua prepara\u00e7\u00e3o para o Exame!<\/p>\n<p><a href=\"https:\/\/youtu.be\/AxoFfuixnKc?\">https:\/\/youtu.be\/AxoFfuixnKc?<\/a><\/p>\n<p>Ah, <strong>n\u00e3o deixe de conferir os nossos cursos para o ENEM 2017<\/strong>:<\/p>\n<p><a href=\"https:\/\/www.estrategiaconcursos.com.br\/curso\/pacote-completo-p-enem-2017-com-videoaulas\/\">https:\/\/www.estrategiaconcursos.com.br\/curso\/pacote-cratuimpleto-p-enem-2017-com-videoaulas\/<\/a><\/p>\n","protected":false},"excerpt":{"rendered":"<p>Ol\u00e1 caros alunos e interessados, Est\u00e3o abertas as inscri\u00e7\u00f5es para o ENEM 2017! Acesse aqui o site do INEP e garanta j\u00e1 a sua.\u00a0Voc\u00ea poder\u00e1 se inscrever\u00a0entre os dias 8 e 19 de maio. Fique atento para n\u00e3o perder o prazo! Houve um reajuste no valor da taxa, que passou de 68 reais para 82 [&hellip;]<\/p>\n","protected":false},"author":48,"featured_media":0,"comment_status":"open","ping_status":"open","sticky":false,"template":"","format":"standard","meta":{"post_tipo":"article","footnotes":""},"categories":[1],"tags":[],"tax_estado":[],"class_list":["post-73021","post","type-post","status-publish","format-standard","hentry","category-cursos-e-concursos"],"acf":[],"yoast_head":"<!-- This site is optimized with the Yoast SEO Premium plugin v27.2 (Yoast SEO v27.2) - https:\/\/yoast.com\/product\/yoast-seo-premium-wordpress\/ -->\n<title>Abertas as inscri\u00e7\u00f5es para o ENEM 2017<\/title>\n<meta name=\"robots\" content=\"index, follow, max-snippet:-1, max-image-preview:large, max-video-preview:-1\" \/>\n<link rel=\"canonical\" href=\"https:\/\/www.estrategiaconcursos.com.br\/blog\/abertas-as-inscricoes-para-o-enem-2017\/\" \/>\n<meta property=\"og:locale\" content=\"pt_BR\" \/>\n<meta property=\"og:type\" content=\"article\" \/>\n<meta property=\"og:title\" content=\"Abertas as inscri\u00e7\u00f5es para o ENEM 2017\" \/>\n<meta property=\"og:description\" content=\"Ol\u00e1 caros alunos e interessados, Est\u00e3o abertas as inscri\u00e7\u00f5es para o ENEM 2017! Acesse aqui o site do INEP e garanta j\u00e1 a sua.\u00a0Voc\u00ea poder\u00e1 se inscrever\u00a0entre os dias 8 e 19 de maio. Fique atento para n\u00e3o perder o prazo! Houve um reajuste no valor da taxa, que passou de 68 reais para 82 [&hellip;]\" \/>\n<meta property=\"og:url\" content=\"https:\/\/www.estrategiaconcursos.com.br\/blog\/abertas-as-inscricoes-para-o-enem-2017\/\" \/>\n<meta property=\"og:site_name\" content=\"Estrat\u00e9gia Concursos\" \/>\n<meta property=\"article:published_time\" content=\"2017-05-08T12:43:15+00:00\" \/>\n<meta property=\"article:modified_time\" content=\"2018-09-21T19:52:30+00:00\" \/>\n<meta property=\"og:image\" content=\"https:\/\/www.estrategiaconcursos.com.br\/blog\/wp-content\/uploads\/2017\/04\/cronograma-enem.jpg\" \/>\n<meta name=\"author\" content=\"Coordena\u00e7\u00e3o\" \/>\n<meta name=\"twitter:card\" content=\"summary_large_image\" \/>\n<meta name=\"twitter:creator\" content=\"@EstratConcursos\" \/>\n<meta name=\"twitter:site\" content=\"@EstratConcursos\" \/>\n<meta name=\"twitter:label1\" content=\"Escrito por\" \/>\n\t<meta name=\"twitter:data1\" content=\"Coordena\u00e7\u00e3o\" \/>\n\t<meta name=\"twitter:label2\" content=\"Est. tempo de leitura\" \/>\n\t<meta name=\"twitter:data2\" content=\"3 minutos\" \/>\n<script type=\"application\/ld+json\" class=\"yoast-schema-graph\">{\"@context\":\"https:\/\/schema.org\",\"@graph\":[{\"@type\":\"NewsArticle\",\"@id\":\"https:\/\/www.estrategiaconcursos.com.br\/blog\/abertas-as-inscricoes-para-o-enem-2017\/#article\",\"isPartOf\":{\"@id\":\"https:\/\/www.estrategiaconcursos.com.br\/blog\/abertas-as-inscricoes-para-o-enem-2017\/\"},\"author\":{\"name\":\"Coordena\u00e7\u00e3o\",\"@id\":\"https:\/\/www.estrategiaconcursos.com.br\/blog\/#\/schema\/person\/cdad40b5818eb228a838461fcd656da7\"},\"headline\":\"Abertas as inscri\u00e7\u00f5es para o ENEM 2017\",\"datePublished\":\"2017-05-08T12:43:15+00:00\",\"dateModified\":\"2018-09-21T19:52:30+00:00\",\"mainEntityOfPage\":{\"@id\":\"https:\/\/www.estrategiaconcursos.com.br\/blog\/abertas-as-inscricoes-para-o-enem-2017\/\"},\"wordCount\":590,\"commentCount\":0,\"publisher\":{\"@id\":\"https:\/\/www.estrategiaconcursos.com.br\/blog\/#organization\"},\"image\":{\"@id\":\"https:\/\/www.estrategiaconcursos.com.br\/blog\/abertas-as-inscricoes-para-o-enem-2017\/#primaryimage\"},\"thumbnailUrl\":\"https:\/\/www.estrategiaconcursos.com.br\/blog\/wp-content\/uploads\/2017\/04\/cronograma-enem.jpg\",\"articleSection\":[\"Concursos P\u00fablicos\"],\"inLanguage\":\"pt-BR\",\"potentialAction\":[{\"@type\":\"CommentAction\",\"name\":\"Comment\",\"target\":[\"https:\/\/www.estrategiaconcursos.com.br\/blog\/abertas-as-inscricoes-para-o-enem-2017\/#respond\"]}],\"copyrightYear\":\"2017\",\"copyrightHolder\":{\"@id\":\"https:\/\/www.estrategiaconcursos.com.br\/blog\/#organization\"}},{\"@type\":\"WebPage\",\"@id\":\"https:\/\/www.estrategiaconcursos.com.br\/blog\/abertas-as-inscricoes-para-o-enem-2017\/\",\"url\":\"https:\/\/www.estrategiaconcursos.com.br\/blog\/abertas-as-inscricoes-para-o-enem-2017\/\",\"name\":\"Abertas as inscri\u00e7\u00f5es para o ENEM 2017\",\"isPartOf\":{\"@id\":\"https:\/\/www.estrategiaconcursos.com.br\/blog\/#website\"},\"primaryImageOfPage\":{\"@id\":\"https:\/\/www.estrategiaconcursos.com.br\/blog\/abertas-as-inscricoes-para-o-enem-2017\/#primaryimage\"},\"image\":{\"@id\":\"https:\/\/www.estrategiaconcursos.com.br\/blog\/abertas-as-inscricoes-para-o-enem-2017\/#primaryimage\"},\"thumbnailUrl\":\"https:\/\/www.estrategiaconcursos.com.br\/blog\/wp-content\/uploads\/2017\/04\/cronograma-enem.jpg\",\"datePublished\":\"2017-05-08T12:43:15+00:00\",\"dateModified\":\"2018-09-21T19:52:30+00:00\",\"breadcrumb\":{\"@id\":\"https:\/\/www.estrategiaconcursos.com.br\/blog\/abertas-as-inscricoes-para-o-enem-2017\/#breadcrumb\"},\"inLanguage\":\"pt-BR\",\"potentialAction\":[{\"@type\":\"ReadAction\",\"target\":[\"https:\/\/www.estrategiaconcursos.com.br\/blog\/abertas-as-inscricoes-para-o-enem-2017\/\"]}]},{\"@type\":\"ImageObject\",\"inLanguage\":\"pt-BR\",\"@id\":\"https:\/\/www.estrategiaconcursos.com.br\/blog\/abertas-as-inscricoes-para-o-enem-2017\/#primaryimage\",\"url\":\"https:\/\/dhg1h5j42swfq.cloudfront.net\/2017\/04\/06104140\/cronograma-enem.jpg\",\"contentUrl\":\"https:\/\/dhg1h5j42swfq.cloudfront.net\/2017\/04\/06104140\/cronograma-enem.jpg\",\"width\":503,\"height\":254},{\"@type\":\"BreadcrumbList\",\"@id\":\"https:\/\/www.estrategiaconcursos.com.br\/blog\/abertas-as-inscricoes-para-o-enem-2017\/#breadcrumb\",\"itemListElement\":[{\"@type\":\"ListItem\",\"position\":1,\"name\":\"In\u00edcio\",\"item\":\"https:\/\/www.estrategiaconcursos.com.br\/blog\/\"},{\"@type\":\"ListItem\",\"position\":2,\"name\":\"Abertas as inscri\u00e7\u00f5es para o ENEM 2017\"}]},{\"@type\":\"WebSite\",\"@id\":\"https:\/\/www.estrategiaconcursos.com.br\/blog\/#website\",\"url\":\"https:\/\/www.estrategiaconcursos.com.br\/blog\/\",\"name\":\"Estrat\u00e9gia Concursos\",\"description\":\"O blog da Estrat\u00e9gia Concursos traz not\u00edcias sobre concursos e artigos de professores oferecendo cursos para concursos (pdf + videaulas) no site.\",\"publisher\":{\"@id\":\"https:\/\/www.estrategiaconcursos.com.br\/blog\/#organization\"},\"potentialAction\":[{\"@type\":\"SearchAction\",\"target\":{\"@type\":\"EntryPoint\",\"urlTemplate\":\"https:\/\/www.estrategiaconcursos.com.br\/blog\/?s={search_term_string}\"},\"query-input\":{\"@type\":\"PropertyValueSpecification\",\"valueRequired\":true,\"valueName\":\"search_term_string\"}}],\"inLanguage\":\"pt-BR\"},{\"@type\":\"Organization\",\"@id\":\"https:\/\/www.estrategiaconcursos.com.br\/blog\/#organization\",\"name\":\"Estrat\u00e9gia Concursos\",\"url\":\"https:\/\/www.estrategiaconcursos.com.br\/blog\/\",\"logo\":{\"@type\":\"ImageObject\",\"inLanguage\":\"pt-BR\",\"@id\":\"https:\/\/www.estrategiaconcursos.com.br\/blog\/#\/schema\/logo\/image\/\",\"url\":\"https:\/\/dhg1h5j42swfq.cloudfront.net\/2025\/06\/03203428\/logo_concursos-1.jpg\",\"contentUrl\":\"https:\/\/dhg1h5j42swfq.cloudfront.net\/2025\/06\/03203428\/logo_concursos-1.jpg\",\"width\":230,\"height\":60,\"caption\":\"Estrat\u00e9gia Concursos\"},\"image\":{\"@id\":\"https:\/\/www.estrategiaconcursos.com.br\/blog\/#\/schema\/logo\/image\/\"},\"sameAs\":[\"https:\/\/x.com\/EstratConcursos\"]},{\"@type\":\"Person\",\"@id\":\"https:\/\/www.estrategiaconcursos.com.br\/blog\/#\/schema\/person\/cdad40b5818eb228a838461fcd656da7\",\"name\":\"Coordena\u00e7\u00e3o\",\"image\":{\"@type\":\"ImageObject\",\"inLanguage\":\"pt-BR\",\"@id\":\"https:\/\/secure.gravatar.com\/avatar\/a413b22da0f5009c634f6c4586a2dbe5207074fd5becd88db5183b8069ef25e4?s=96&d=mm&r=g\",\"url\":\"https:\/\/secure.gravatar.com\/avatar\/a413b22da0f5009c634f6c4586a2dbe5207074fd5becd88db5183b8069ef25e4?s=96&d=mm&r=g\",\"contentUrl\":\"https:\/\/secure.gravatar.com\/avatar\/a413b22da0f5009c634f6c4586a2dbe5207074fd5becd88db5183b8069ef25e4?s=96&d=mm&r=g\",\"caption\":\"Coordena\u00e7\u00e3o\"},\"url\":\"https:\/\/www.estrategiaconcursos.com.br\/blog\/author\/contatoestrategiaconcursos-com-br\/\"}]}<\/script>\n<!-- \/ Yoast SEO Premium plugin. -->","yoast_head_json":{"title":"Abertas as inscri\u00e7\u00f5es para o ENEM 2017","robots":{"index":"index","follow":"follow","max-snippet":"max-snippet:-1","max-image-preview":"max-image-preview:large","max-video-preview":"max-video-preview:-1"},"canonical":"https:\/\/www.estrategiaconcursos.com.br\/blog\/abertas-as-inscricoes-para-o-enem-2017\/","og_locale":"pt_BR","og_type":"article","og_title":"Abertas as inscri\u00e7\u00f5es para o ENEM 2017","og_description":"Ol\u00e1 caros alunos e interessados, Est\u00e3o abertas as inscri\u00e7\u00f5es para o ENEM 2017! Acesse aqui o site do INEP e garanta j\u00e1 a sua.\u00a0Voc\u00ea poder\u00e1 se inscrever\u00a0entre os dias 8 e 19 de maio. Fique atento para n\u00e3o perder o prazo! Houve um reajuste no valor da taxa, que passou de 68 reais para 82 [&hellip;]","og_url":"https:\/\/www.estrategiaconcursos.com.br\/blog\/abertas-as-inscricoes-para-o-enem-2017\/","og_site_name":"Estrat\u00e9gia Concursos","article_published_time":"2017-05-08T12:43:15+00:00","article_modified_time":"2018-09-21T19:52:30+00:00","og_image":[{"url":"https:\/\/www.estrategiaconcursos.com.br\/blog\/wp-content\/uploads\/2017\/04\/cronograma-enem.jpg","type":"","width":"","height":""}],"author":"Coordena\u00e7\u00e3o","twitter_card":"summary_large_image","twitter_creator":"@EstratConcursos","twitter_site":"@EstratConcursos","twitter_misc":{"Escrito por":"Coordena\u00e7\u00e3o","Est. tempo de leitura":"3 minutos"},"schema":{"@context":"https:\/\/schema.org","@graph":[{"@type":"NewsArticle","@id":"https:\/\/www.estrategiaconcursos.com.br\/blog\/abertas-as-inscricoes-para-o-enem-2017\/#article","isPartOf":{"@id":"https:\/\/www.estrategiaconcursos.com.br\/blog\/abertas-as-inscricoes-para-o-enem-2017\/"},"author":{"name":"Coordena\u00e7\u00e3o","@id":"https:\/\/www.estrategiaconcursos.com.br\/blog\/#\/schema\/person\/cdad40b5818eb228a838461fcd656da7"},"headline":"Abertas as inscri\u00e7\u00f5es para o ENEM 2017","datePublished":"2017-05-08T12:43:15+00:00","dateModified":"2018-09-21T19:52:30+00:00","mainEntityOfPage":{"@id":"https:\/\/www.estrategiaconcursos.com.br\/blog\/abertas-as-inscricoes-para-o-enem-2017\/"},"wordCount":590,"commentCount":0,"publisher":{"@id":"https:\/\/www.estrategiaconcursos.com.br\/blog\/#organization"},"image":{"@id":"https:\/\/www.estrategiaconcursos.com.br\/blog\/abertas-as-inscricoes-para-o-enem-2017\/#primaryimage"},"thumbnailUrl":"https:\/\/www.estrategiaconcursos.com.br\/blog\/wp-content\/uploads\/2017\/04\/cronograma-enem.jpg","articleSection":["Concursos P\u00fablicos"],"inLanguage":"pt-BR","potentialAction":[{"@type":"CommentAction","name":"Comment","target":["https:\/\/www.estrategiaconcursos.com.br\/blog\/abertas-as-inscricoes-para-o-enem-2017\/#respond"]}],"copyrightYear":"2017","copyrightHolder":{"@id":"https:\/\/www.estrategiaconcursos.com.br\/blog\/#organization"}},{"@type":"WebPage","@id":"https:\/\/www.estrategiaconcursos.com.br\/blog\/abertas-as-inscricoes-para-o-enem-2017\/","url":"https:\/\/www.estrategiaconcursos.com.br\/blog\/abertas-as-inscricoes-para-o-enem-2017\/","name":"Abertas as inscri\u00e7\u00f5es para o ENEM 2017","isPartOf":{"@id":"https:\/\/www.estrategiaconcursos.com.br\/blog\/#website"},"primaryImageOfPage":{"@id":"https:\/\/www.estrategiaconcursos.com.br\/blog\/abertas-as-inscricoes-para-o-enem-2017\/#primaryimage"},"image":{"@id":"https:\/\/www.estrategiaconcursos.com.br\/blog\/abertas-as-inscricoes-para-o-enem-2017\/#primaryimage"},"thumbnailUrl":"https:\/\/www.estrategiaconcursos.com.br\/blog\/wp-content\/uploads\/2017\/04\/cronograma-enem.jpg","datePublished":"2017-05-08T12:43:15+00:00","dateModified":"2018-09-21T19:52:30+00:00","breadcrumb":{"@id":"https:\/\/www.estrategiaconcursos.com.br\/blog\/abertas-as-inscricoes-para-o-enem-2017\/#breadcrumb"},"inLanguage":"pt-BR","potentialAction":[{"@type":"ReadAction","target":["https:\/\/www.estrategiaconcursos.com.br\/blog\/abertas-as-inscricoes-para-o-enem-2017\/"]}]},{"@type":"ImageObject","inLanguage":"pt-BR","@id":"https:\/\/www.estrategiaconcursos.com.br\/blog\/abertas-as-inscricoes-para-o-enem-2017\/#primaryimage","url":"https:\/\/dhg1h5j42swfq.cloudfront.net\/2017\/04\/06104140\/cronograma-enem.jpg","contentUrl":"https:\/\/dhg1h5j42swfq.cloudfront.net\/2017\/04\/06104140\/cronograma-enem.jpg","width":503,"height":254},{"@type":"BreadcrumbList","@id":"https:\/\/www.estrategiaconcursos.com.br\/blog\/abertas-as-inscricoes-para-o-enem-2017\/#breadcrumb","itemListElement":[{"@type":"ListItem","position":1,"name":"In\u00edcio","item":"https:\/\/www.estrategiaconcursos.com.br\/blog\/"},{"@type":"ListItem","position":2,"name":"Abertas as inscri\u00e7\u00f5es para o ENEM 2017"}]},{"@type":"WebSite","@id":"https:\/\/www.estrategiaconcursos.com.br\/blog\/#website","url":"https:\/\/www.estrategiaconcursos.com.br\/blog\/","name":"Estrat\u00e9gia Concursos","description":"O blog da Estrat\u00e9gia Concursos traz not\u00edcias sobre concursos e artigos de professores oferecendo cursos para concursos (pdf + videaulas) no site.","publisher":{"@id":"https:\/\/www.estrategiaconcursos.com.br\/blog\/#organization"},"potentialAction":[{"@type":"SearchAction","target":{"@type":"EntryPoint","urlTemplate":"https:\/\/www.estrategiaconcursos.com.br\/blog\/?s={search_term_string}"},"query-input":{"@type":"PropertyValueSpecification","valueRequired":true,"valueName":"search_term_string"}}],"inLanguage":"pt-BR"},{"@type":"Organization","@id":"https:\/\/www.estrategiaconcursos.com.br\/blog\/#organization","name":"Estrat\u00e9gia Concursos","url":"https:\/\/www.estrategiaconcursos.com.br\/blog\/","logo":{"@type":"ImageObject","inLanguage":"pt-BR","@id":"https:\/\/www.estrategiaconcursos.com.br\/blog\/#\/schema\/logo\/image\/","url":"https:\/\/dhg1h5j42swfq.cloudfront.net\/2025\/06\/03203428\/logo_concursos-1.jpg","contentUrl":"https:\/\/dhg1h5j42swfq.cloudfront.net\/2025\/06\/03203428\/logo_concursos-1.jpg","width":230,"height":60,"caption":"Estrat\u00e9gia Concursos"},"image":{"@id":"https:\/\/www.estrategiaconcursos.com.br\/blog\/#\/schema\/logo\/image\/"},"sameAs":["https:\/\/x.com\/EstratConcursos"]},{"@type":"Person","@id":"https:\/\/www.estrategiaconcursos.com.br\/blog\/#\/schema\/person\/cdad40b5818eb228a838461fcd656da7","name":"Coordena\u00e7\u00e3o","image":{"@type":"ImageObject","inLanguage":"pt-BR","@id":"https:\/\/secure.gravatar.com\/avatar\/a413b22da0f5009c634f6c4586a2dbe5207074fd5becd88db5183b8069ef25e4?s=96&d=mm&r=g","url":"https:\/\/secure.gravatar.com\/avatar\/a413b22da0f5009c634f6c4586a2dbe5207074fd5becd88db5183b8069ef25e4?s=96&d=mm&r=g","contentUrl":"https:\/\/secure.gravatar.com\/avatar\/a413b22da0f5009c634f6c4586a2dbe5207074fd5becd88db5183b8069ef25e4?s=96&d=mm&r=g","caption":"Coordena\u00e7\u00e3o"},"url":"https:\/\/www.estrategiaconcursos.com.br\/blog\/author\/contatoestrategiaconcursos-com-br\/"}]}},"_links":{"self":[{"href":"https:\/\/www.estrategiaconcursos.com.br\/blog\/wp-json\/wp\/v2\/posts\/73021","targetHints":{"allow":["GET"]}}],"collection":[{"href":"https:\/\/www.estrategiaconcursos.com.br\/blog\/wp-json\/wp\/v2\/posts"}],"about":[{"href":"https:\/\/www.estrategiaconcursos.com.br\/blog\/wp-json\/wp\/v2\/types\/post"}],"author":[{"embeddable":true,"href":"https:\/\/www.estrategiaconcursos.com.br\/blog\/wp-json\/wp\/v2\/users\/48"}],"replies":[{"embeddable":true,"href":"https:\/\/www.estrategiaconcursos.com.br\/blog\/wp-json\/wp\/v2\/comments?post=73021"}],"version-history":[{"count":2,"href":"https:\/\/www.estrategiaconcursos.com.br\/blog\/wp-json\/wp\/v2\/posts\/73021\/revisions"}],"predecessor-version":[{"id":142283,"href":"https:\/\/www.estrategiaconcursos.com.br\/blog\/wp-json\/wp\/v2\/posts\/73021\/revisions\/142283"}],"wp:attachment":[{"href":"https:\/\/www.estrategiaconcursos.com.br\/blog\/wp-json\/wp\/v2\/media?parent=73021"}],"wp:term":[{"taxonomy":"category","embeddable":true,"href":"https:\/\/www.estrategiaconcursos.com.br\/blog\/wp-json\/wp\/v2\/categories?post=73021"},{"taxonomy":"post_tag","embeddable":true,"href":"https:\/\/www.estrategiaconcursos.com.br\/blog\/wp-json\/wp\/v2\/tags?post=73021"},{"taxonomy":"tax_estado","embeddable":true,"href":"https:\/\/www.estrategiaconcursos.com.br\/blog\/wp-json\/wp\/v2\/tax_estado?post=73021"}],"curies":[{"name":"wp","href":"https:\/\/api.w.org\/{rel}","templated":true}]}}