{"id":72925,"date":"2017-05-09T13:04:25","date_gmt":"2017-05-09T16:04:25","guid":{"rendered":"https:\/\/www.estrategiaconcursos.com.br\/blog\/?p=72925"},"modified":"2017-05-09T13:04:25","modified_gmt":"2017-05-09T16:04:25","slug":"como-fui-aprovado-na-advocacia-geral-da-uniao-procurador-federal-minha-trajetoria","status":"publish","type":"post","link":"https:\/\/www.estrategiaconcursos.com.br\/blog\/como-fui-aprovado-na-advocacia-geral-da-uniao-procurador-federal-minha-trajetoria\/","title":{"rendered":"Como fui aprovado na Advocacia-Geral da Uni\u00e3o, Procurador Federal \u2013 Minha trajet\u00f3ria"},"content":{"rendered":"<p>\n\t<img loading=\"lazy\" decoding=\"async\" alt=\"\" class=\"alignnone size-medium wp-image-73259\" height=\"277\" src=\"https:\/\/dhg1h5j42swfq.cloudfront.net\/2017\/05\/09125606\/foto.-artigo.jpg\" width=\"300\" srcset=\"https:\/\/dhg1h5j42swfq.cloudfront.net\/2017\/05\/09125606\/foto.-artigo.jpg 950w, https:\/\/dhg1h5j42swfq.cloudfront.net\/2017\/05\/09125606\/foto.-artigo.jpg 300w, https:\/\/dhg1h5j42swfq.cloudfront.net\/2017\/05\/09125606\/foto.-artigo.jpg 768w, https:\/\/dhg1h5j42swfq.cloudfront.net\/2017\/05\/09125606\/foto.-artigo.jpg 610w\" sizes=\"auto, (max-width: 300px) 100vw, 300px\" \/>\n<\/p>\n<p style=\"text-align: justify\">\n\tEu sou Vagner Nunes, procurador federal e coach do Estrat&eacute;gia Concursos.\n<\/p>\n<p style=\"text-align: justify\">\n\t<br \/>\n\tSe minha caminhada no universo dos concursos pu\u0301blicos fosse um filme, acho que seria &quot;[a\u0300] procura da felicidade&quot;. Na\u0303o so\u0301 pelo sugestivo ti\u0301tulo, mas pelo drama sofrido por Chris Gardner (Will Smith). Ok, na\u0303o sofri tanto quanto o personagem principal do roteiro hollywoodiano, mas, guardadas as devidas propor&ccedil;&otilde;es, ha\u0301 certa semelhan&ccedil;a.<br \/>\n\tA cena mais comovente do filme e\u0301 aquela em que o personagem principal, apo\u0301s procurar e na\u0303o achar abrigo, e\u0301 obrigado a pernoitar no banheiro do metro\u0302 com seu filho, Christopher (Jaden Smith). Nunca sofri algo minimamente parecido com minha filha, Nat&aacute;lia, mas foi a chegada dela a mola propulsora para alcan&ccedil;ar o sonho que havia sido temporariamente arquivado.<br \/>\n\tDia 21 de fevereiro de 2012 ela nasceu e trouxe consigo a necessidade de alcan&ccedil;ar voos maiores. Era preciso sair da c&ocirc;moda e &oacute;tima carreira de analista judici&aacute;rio do Poder Judici&aacute;rio da Uni&atilde;o.<br \/>\n\tDurante o processo de aprova&ccedil;&atilde;o &ndash; em que &eacute; comum a priva&ccedil;&atilde;o do concursando, especialmente a de contato social &ndash; Nat&aacute;lia talvez tenha sido a maior v&iacute;tima. Foram inconta\u0301veis as vezes que, clamando por atenc\u0327a\u0303o, sua cabec\u0327a se chocou contra a mesa de estudos do papai &ndash; momento em que emergia a ingrata sensa&ccedil;&atilde;o de n&atilde;o ser o melhor dos pais. Perda\u0303o, filha.<br \/>\n\tO filme tem cenas de Will Smith estudando durante a madrugada, enquanto o pequeno dormia. Objetivando evitar novas coliso\u0303es cranianas, adotei este m&eacute;todo (ler durante o sono da baixinha). Acordava &agrave;s 5h da manh&atilde; e estudava at&eacute; que ela acordasse. Tr&ecirc;s horas pela manh&atilde; e duas &agrave; noite, depois que ela dormia, 5h\/dia de estudos, de segunda a s&aacute;bado, e ent&atilde;o cumpria as 30 horas semanais que havia estabelecido como meta.<br \/>\n\tAl&eacute;m das 30 horas por semana, aproveitava cada instante para estudar. Como assessor de juiz ou desembargador, lia muito para redigir as minutas, circunst&acirc;ncia que foi um grande aliado na aprova&ccedil;&atilde;o; ouvia a constitui&ccedil;&atilde;o e outras leis no som do carro durante o engarrafamento; e resolvia quest&otilde;es de concursos anteriores pelo celular quando &ldquo;n&atilde;o estava fazendo nada&rdquo;.<br \/>\n\tMas nem sempre estudei de forma organizada. Tentei in&uacute;meras t&eacute;cnicas de estudo. Faltou, muitas vezes, estrat&eacute;gia. Sem m&eacute;todo, toda essa dedica&ccedil;&atilde;o e disciplina me levaram a&#8230;REPROVA&Ccedil;&Otilde;ES! Diversas, &eacute; bom que se diga. Mas foi a dor de cada uma delas que trilharam o caminho rumo &agrave; aprova&ccedil;&atilde;o.\n<\/p>\n<p style=\"margin-left: 80px;text-align: justify\">\n\t&ldquo;Errei mais de 9.000 cestas e perdi quase 300 jogos. Em 26 diferentes finais de partidas fui encarregado de jogar a bola que venceria o jogo&#8230; e falhei. Eu tenho uma hist&oacute;ria repleta de falhas e fracassos em minha vida. E &eacute; exatamente por isso que sou um sucesso&rdquo; (Michael Jordan).\n<\/p>\n<p style=\"text-align: justify\">\n\tO edital para provimento de vagas do cargo de procurador federal foi publicado em 2013. Al&eacute;m de superar a dificuldade do certame, era preciso me livrar do sentimento de inferioridade, de que &ldquo;esse cargo &eacute; muito para mim&rdquo;.\n<\/p>\n<p style=\"text-align: justify\">\n\tS&aacute;bado, 2 de novembro de 2013, data da prova objetiva.\n<\/p>\n<p style=\"text-align: justify\">\n\tSaio de casa confiante. Volto arrebentado. As quest&otilde;es, muitas delas com alto grau de dificuldade, tratavam de refor&ccedil;ar a minha s&iacute;ndrome de vira-lata. Era preciso juntar os cacos. A prova discursiva estava prevista para o dia seguinte, manh&atilde; e tarde.\n<\/p>\n<p style=\"text-align: justify\">\n\tDomingo, 3 de novembro de 2013.\n<\/p>\n<p style=\"text-align: justify\">\n\tAcordo cedo. Saio de casa e sequer o cachorro est&aacute; acordado para me dar bom dia. Repito o ritual da sorte: expresso com leite na padaria e p&atilde;o na chapa. Me dirijo ao local da prova e, no trajeto, pistas interditadas por conta de uma corrida. O percurso que eu levaria 10 minutos, fa&ccedil;o em meia hora. Ultrapasso o port&atilde;o e ele fecha. Ap&oacute;s 8, 9 horas de prova, saio exausto f&iacute;sica e mentalmente.<br \/>\n\tSobrevivo &agrave;s provas objetiva e discursiva. Estava na prova oral. Tenho 3 (tr&ecirc;s) semanas para me preparar.\n<\/p>\n<p style=\"text-align: justify\">\n\tSegunda-feira, 24 de fevereiro de 2014, data da prova oral.\n<\/p>\n<p style=\"text-align: justify\">\n\tA argui&ccedil;&atilde;o estava agendada para o per&iacute;odo da tarde. Resolvo, ent&atilde;o, correr no Parque da Cidade pela manh&atilde; e, durante o exerc&iacute;cio, fui &ldquo;presenteado&rdquo; por um pombo, que resolveu que minha cabe&ccedil;a era um bom local para ele fazer a digest&atilde;o. Olho para o c&eacute;u e suplico: Deus, que essa seja a &uacute;nica lamban&ccedil;a que me aconte&ccedil;a no dia!<br \/>\n\tChego ao local da prova e enxergo nos demais candidatos o que estava sentindo: nervosismo, ansiedade e afli&ccedil;&atilde;o. O Procurador-Geral Federal &agrave; &eacute;poca, Marcelo Siqueira, d&aacute; as boas-vindas aos candidatos dizendo: &ldquo;Parab&eacute;ns por terem chegado a esta etapa. Hoje, a avalia&ccedil;&atilde;o n&atilde;o &eacute; de conhecimento. Isso voc&ecirc;s j&aacute; provaram ter. Queremos saber como reagem sob press&atilde;o&rdquo;.<br \/>\n\tO resto de coragem que tinha acaba ali. No local de prova n&atilde;o se ouvia nada al&eacute;m de respira&ccedil;&otilde;es ofegantes. Involuntariamente, todos os candidatos co&ccedil;am a cabe&ccedil;a, balan&ccedil;am a perna e exp&otilde;em todos os indicativos que o corpo demonstra quando colocado em situa&ccedil;&otilde;es desconfort&aacute;veis.<br \/>\n\tNo corredor para entrar na sala onde seria arguido, a perna treme e a m&atilde;o est&aacute; fria e encharcada. Me chamam. Entro na sala, digo meu nome para a c&acirc;mera e come&ccedil;am as perguntas. O tempo passa voando e o exame &eacute; conclu&iacute;do.<br \/>\n\tDez dias depois e l&aacute; estava meu nome dentre os aprovados. Aquela sensa&ccedil;&atilde;o libertadora, de dever cumprido, foi incr&iacute;vel, impressionante! Lembro dos meus pais orgulhosos na cerim&ocirc;nia de posse. Pedi a eles que n&atilde;o se queixassem mais do dia que foram obrigados a cancelar minha matr&iacute;cula na escola particular, quando eu ainda era garoto, porque os rendimentos n&atilde;o dialogavam com a mensalidade. Eles n&atilde;o responderam. S&oacute; choraram!<br \/>\n\tE, como m&aacute;gica, as priva&ccedil;&otilde;es por conta do estudo, as dores f&iacute;sicas e emocionais inerentes ao percurso at&eacute; a aprova&ccedil;&atilde;o somem. Tinha valido a pena. O filme, finalmente, chegava a um final feliz.<br \/>\n\tComo coach aqui no Estrat&eacute;gia Concursos, sinto-me honrado em ser diretor do filme, apontando o caminho para que a pel&iacute;cola dos coachees seja um curta metragem.\n<\/p>\n<p style=\"text-align: justify\">\n\tBons estudos! Vale a pena!\n<\/p>\n<p style=\"text-align: justify\">\n\tAbrac\u0327os fraternos!\n<\/p>\n<p style=\"text-align: justify\">\n\tVagner Nunes<br \/>\n\tProcurador Federal<br \/>\n\tCoach Estrat&eacute;gia Concursos\n<\/p>\n<p>\n\t&nbsp;<\/p>\n","protected":false},"excerpt":{"rendered":"<p>Eu sou Vagner Nunes, procurador federal e coach do Estrat&eacute;gia Concursos. Se minha caminhada no universo dos concursos pu\u0301blicos fosse um filme, acho que seria &quot;[a\u0300] procura da felicidade&quot;. Na\u0303o so\u0301 pelo sugestivo ti\u0301tulo, mas pelo drama sofrido por Chris Gardner (Will Smith). Ok, na\u0303o sofri tanto quanto o personagem principal do roteiro hollywoodiano, mas, [&hellip;]<\/p>\n","protected":false},"author":485,"featured_media":0,"comment_status":"open","ping_status":"open","sticky":false,"template":"","format":"standard","meta":{"post_tipo":"article","footnotes":""},"categories":[1],"tags":[],"tax_estado":[],"class_list":["post-72925","post","type-post","status-publish","format-standard","hentry","category-cursos-e-concursos"],"acf":[],"yoast_head":"<!-- This site is optimized with the Yoast SEO Premium plugin v27.2 (Yoast SEO v27.2) - https:\/\/yoast.com\/product\/yoast-seo-premium-wordpress\/ -->\n<title>Como fui aprovado na Advocacia-Geral da Uni\u00e3o, Procurador Federal \u2013 Minha trajet\u00f3ria<\/title>\n<meta name=\"robots\" content=\"index, follow, max-snippet:-1, max-image-preview:large, max-video-preview:-1\" \/>\n<link rel=\"canonical\" href=\"https:\/\/www.estrategiaconcursos.com.br\/blog\/como-fui-aprovado-na-advocacia-geral-da-uniao-procurador-federal-minha-trajetoria\/\" \/>\n<meta property=\"og:locale\" content=\"pt_BR\" \/>\n<meta property=\"og:type\" content=\"article\" \/>\n<meta property=\"og:title\" content=\"Como fui aprovado na Advocacia-Geral da Uni\u00e3o, Procurador Federal \u2013 Minha trajet\u00f3ria\" \/>\n<meta property=\"og:description\" content=\"Eu sou Vagner Nunes, procurador federal e coach do Estrat&eacute;gia Concursos. Se minha caminhada no universo dos concursos pu\u0301blicos fosse um filme, acho que seria &quot;[a\u0300] procura da felicidade&quot;. Na\u0303o so\u0301 pelo sugestivo ti\u0301tulo, mas pelo drama sofrido por Chris Gardner (Will Smith). Ok, na\u0303o sofri tanto quanto o personagem principal do roteiro hollywoodiano, mas, [&hellip;]\" \/>\n<meta property=\"og:url\" content=\"https:\/\/www.estrategiaconcursos.com.br\/blog\/como-fui-aprovado-na-advocacia-geral-da-uniao-procurador-federal-minha-trajetoria\/\" \/>\n<meta property=\"og:site_name\" content=\"Estrat\u00e9gia Concursos\" \/>\n<meta property=\"article:published_time\" content=\"2017-05-09T16:04:25+00:00\" \/>\n<meta property=\"og:image\" content=\"https:\/\/www.estrategiaconcursos.com.br\/blog\/wp-content\/uploads\/2017\/05\/foto.-artigo-300x277.jpg\" \/>\n<meta name=\"author\" content=\"Vagner Nunes\" \/>\n<meta name=\"twitter:card\" content=\"summary_large_image\" \/>\n<meta name=\"twitter:creator\" content=\"@EstratConcursos\" \/>\n<meta name=\"twitter:site\" content=\"@EstratConcursos\" \/>\n<meta name=\"twitter:label1\" content=\"Escrito por\" \/>\n\t<meta name=\"twitter:data1\" content=\"Vagner Nunes\" \/>\n\t<meta name=\"twitter:label2\" content=\"Est. tempo de leitura\" \/>\n\t<meta name=\"twitter:data2\" content=\"6 minutos\" \/>\n<script type=\"application\/ld+json\" class=\"yoast-schema-graph\">{\"@context\":\"https:\/\/schema.org\",\"@graph\":[{\"@type\":\"NewsArticle\",\"@id\":\"https:\/\/www.estrategiaconcursos.com.br\/blog\/como-fui-aprovado-na-advocacia-geral-da-uniao-procurador-federal-minha-trajetoria\/#article\",\"isPartOf\":{\"@id\":\"https:\/\/www.estrategiaconcursos.com.br\/blog\/como-fui-aprovado-na-advocacia-geral-da-uniao-procurador-federal-minha-trajetoria\/\"},\"author\":{\"name\":\"Vagner Nunes\",\"@id\":\"https:\/\/www.estrategiaconcursos.com.br\/blog\/#\/schema\/person\/b60ffbe511797ad109e204009d14fe3f\"},\"headline\":\"Como fui aprovado na Advocacia-Geral da Uni\u00e3o, Procurador Federal \u2013 Minha trajet\u00f3ria\",\"datePublished\":\"2017-05-09T16:04:25+00:00\",\"mainEntityOfPage\":{\"@id\":\"https:\/\/www.estrategiaconcursos.com.br\/blog\/como-fui-aprovado-na-advocacia-geral-da-uniao-procurador-federal-minha-trajetoria\/\"},\"wordCount\":1211,\"commentCount\":38,\"publisher\":{\"@id\":\"https:\/\/www.estrategiaconcursos.com.br\/blog\/#organization\"},\"image\":{\"@id\":\"https:\/\/www.estrategiaconcursos.com.br\/blog\/como-fui-aprovado-na-advocacia-geral-da-uniao-procurador-federal-minha-trajetoria\/#primaryimage\"},\"thumbnailUrl\":\"https:\/\/www.estrategiaconcursos.com.br\/blog\/wp-content\/uploads\/2017\/05\/foto.-artigo-300x277.jpg\",\"articleSection\":[\"Concursos P\u00fablicos\"],\"inLanguage\":\"pt-BR\",\"potentialAction\":[{\"@type\":\"CommentAction\",\"name\":\"Comment\",\"target\":[\"https:\/\/www.estrategiaconcursos.com.br\/blog\/como-fui-aprovado-na-advocacia-geral-da-uniao-procurador-federal-minha-trajetoria\/#respond\"]}],\"copyrightYear\":\"2017\",\"copyrightHolder\":{\"@id\":\"https:\/\/www.estrategiaconcursos.com.br\/blog\/#organization\"}},{\"@type\":\"WebPage\",\"@id\":\"https:\/\/www.estrategiaconcursos.com.br\/blog\/como-fui-aprovado-na-advocacia-geral-da-uniao-procurador-federal-minha-trajetoria\/\",\"url\":\"https:\/\/www.estrategiaconcursos.com.br\/blog\/como-fui-aprovado-na-advocacia-geral-da-uniao-procurador-federal-minha-trajetoria\/\",\"name\":\"Como fui aprovado na Advocacia-Geral da Uni\u00e3o, Procurador Federal \u2013 Minha trajet\u00f3ria\",\"isPartOf\":{\"@id\":\"https:\/\/www.estrategiaconcursos.com.br\/blog\/#website\"},\"primaryImageOfPage\":{\"@id\":\"https:\/\/www.estrategiaconcursos.com.br\/blog\/como-fui-aprovado-na-advocacia-geral-da-uniao-procurador-federal-minha-trajetoria\/#primaryimage\"},\"image\":{\"@id\":\"https:\/\/www.estrategiaconcursos.com.br\/blog\/como-fui-aprovado-na-advocacia-geral-da-uniao-procurador-federal-minha-trajetoria\/#primaryimage\"},\"thumbnailUrl\":\"https:\/\/www.estrategiaconcursos.com.br\/blog\/wp-content\/uploads\/2017\/05\/foto.-artigo-300x277.jpg\",\"datePublished\":\"2017-05-09T16:04:25+00:00\",\"breadcrumb\":{\"@id\":\"https:\/\/www.estrategiaconcursos.com.br\/blog\/como-fui-aprovado-na-advocacia-geral-da-uniao-procurador-federal-minha-trajetoria\/#breadcrumb\"},\"inLanguage\":\"pt-BR\",\"potentialAction\":[{\"@type\":\"ReadAction\",\"target\":[\"https:\/\/www.estrategiaconcursos.com.br\/blog\/como-fui-aprovado-na-advocacia-geral-da-uniao-procurador-federal-minha-trajetoria\/\"]}]},{\"@type\":\"ImageObject\",\"inLanguage\":\"pt-BR\",\"@id\":\"https:\/\/www.estrategiaconcursos.com.br\/blog\/como-fui-aprovado-na-advocacia-geral-da-uniao-procurador-federal-minha-trajetoria\/#primaryimage\",\"url\":\"https:\/\/dhg1h5j42swfq.cloudfront.net\/2017\/05\/09125606\/foto.-artigo.jpg\",\"contentUrl\":\"https:\/\/dhg1h5j42swfq.cloudfront.net\/2017\/05\/09125606\/foto.-artigo.jpg\",\"width\":950,\"height\":876},{\"@type\":\"BreadcrumbList\",\"@id\":\"https:\/\/www.estrategiaconcursos.com.br\/blog\/como-fui-aprovado-na-advocacia-geral-da-uniao-procurador-federal-minha-trajetoria\/#breadcrumb\",\"itemListElement\":[{\"@type\":\"ListItem\",\"position\":1,\"name\":\"In\u00edcio\",\"item\":\"https:\/\/www.estrategiaconcursos.com.br\/blog\/\"},{\"@type\":\"ListItem\",\"position\":2,\"name\":\"Como fui aprovado na Advocacia-Geral da Uni\u00e3o, Procurador Federal \u2013 Minha trajet\u00f3ria\"}]},{\"@type\":\"WebSite\",\"@id\":\"https:\/\/www.estrategiaconcursos.com.br\/blog\/#website\",\"url\":\"https:\/\/www.estrategiaconcursos.com.br\/blog\/\",\"name\":\"Estrat\u00e9gia Concursos\",\"description\":\"O blog da Estrat\u00e9gia Concursos traz not\u00edcias sobre concursos e artigos de professores oferecendo cursos para concursos (pdf + videaulas) no site.\",\"publisher\":{\"@id\":\"https:\/\/www.estrategiaconcursos.com.br\/blog\/#organization\"},\"potentialAction\":[{\"@type\":\"SearchAction\",\"target\":{\"@type\":\"EntryPoint\",\"urlTemplate\":\"https:\/\/www.estrategiaconcursos.com.br\/blog\/?s={search_term_string}\"},\"query-input\":{\"@type\":\"PropertyValueSpecification\",\"valueRequired\":true,\"valueName\":\"search_term_string\"}}],\"inLanguage\":\"pt-BR\"},{\"@type\":\"Organization\",\"@id\":\"https:\/\/www.estrategiaconcursos.com.br\/blog\/#organization\",\"name\":\"Estrat\u00e9gia Concursos\",\"url\":\"https:\/\/www.estrategiaconcursos.com.br\/blog\/\",\"logo\":{\"@type\":\"ImageObject\",\"inLanguage\":\"pt-BR\",\"@id\":\"https:\/\/www.estrategiaconcursos.com.br\/blog\/#\/schema\/logo\/image\/\",\"url\":\"https:\/\/dhg1h5j42swfq.cloudfront.net\/2025\/06\/03203428\/logo_concursos-1.jpg\",\"contentUrl\":\"https:\/\/dhg1h5j42swfq.cloudfront.net\/2025\/06\/03203428\/logo_concursos-1.jpg\",\"width\":230,\"height\":60,\"caption\":\"Estrat\u00e9gia Concursos\"},\"image\":{\"@id\":\"https:\/\/www.estrategiaconcursos.com.br\/blog\/#\/schema\/logo\/image\/\"},\"sameAs\":[\"https:\/\/x.com\/EstratConcursos\"]},{\"@type\":\"Person\",\"@id\":\"https:\/\/www.estrategiaconcursos.com.br\/blog\/#\/schema\/person\/b60ffbe511797ad109e204009d14fe3f\",\"name\":\"Vagner Nunes\",\"image\":{\"@type\":\"ImageObject\",\"inLanguage\":\"pt-BR\",\"@id\":\"https:\/\/secure.gravatar.com\/avatar\/4358da6e03f9798ce84c6211bc706ce5211676c8f4e86cd2c5a650f04f4374a1?s=96&d=mm&r=g\",\"url\":\"https:\/\/secure.gravatar.com\/avatar\/4358da6e03f9798ce84c6211bc706ce5211676c8f4e86cd2c5a650f04f4374a1?s=96&d=mm&r=g\",\"contentUrl\":\"https:\/\/secure.gravatar.com\/avatar\/4358da6e03f9798ce84c6211bc706ce5211676c8f4e86cd2c5a650f04f4374a1?s=96&d=mm&r=g\",\"caption\":\"Vagner Nunes\"},\"url\":\"https:\/\/www.estrategiaconcursos.com.br\/blog\/author\/vagnernunesestrategiaconcursos-com-br\/\"}]}<\/script>\n<!-- \/ Yoast SEO Premium plugin. -->","yoast_head_json":{"title":"Como fui aprovado na Advocacia-Geral da Uni\u00e3o, Procurador Federal \u2013 Minha trajet\u00f3ria","robots":{"index":"index","follow":"follow","max-snippet":"max-snippet:-1","max-image-preview":"max-image-preview:large","max-video-preview":"max-video-preview:-1"},"canonical":"https:\/\/www.estrategiaconcursos.com.br\/blog\/como-fui-aprovado-na-advocacia-geral-da-uniao-procurador-federal-minha-trajetoria\/","og_locale":"pt_BR","og_type":"article","og_title":"Como fui aprovado na Advocacia-Geral da Uni\u00e3o, Procurador Federal \u2013 Minha trajet\u00f3ria","og_description":"Eu sou Vagner Nunes, procurador federal e coach do Estrat&eacute;gia Concursos. Se minha caminhada no universo dos concursos pu\u0301blicos fosse um filme, acho que seria &quot;[a\u0300] procura da felicidade&quot;. Na\u0303o so\u0301 pelo sugestivo ti\u0301tulo, mas pelo drama sofrido por Chris Gardner (Will Smith). Ok, na\u0303o sofri tanto quanto o personagem principal do roteiro hollywoodiano, mas, [&hellip;]","og_url":"https:\/\/www.estrategiaconcursos.com.br\/blog\/como-fui-aprovado-na-advocacia-geral-da-uniao-procurador-federal-minha-trajetoria\/","og_site_name":"Estrat\u00e9gia Concursos","article_published_time":"2017-05-09T16:04:25+00:00","og_image":[{"url":"https:\/\/www.estrategiaconcursos.com.br\/blog\/wp-content\/uploads\/2017\/05\/foto.-artigo-300x277.jpg","type":"","width":"","height":""}],"author":"Vagner Nunes","twitter_card":"summary_large_image","twitter_creator":"@EstratConcursos","twitter_site":"@EstratConcursos","twitter_misc":{"Escrito por":"Vagner Nunes","Est. tempo de leitura":"6 minutos"},"schema":{"@context":"https:\/\/schema.org","@graph":[{"@type":"NewsArticle","@id":"https:\/\/www.estrategiaconcursos.com.br\/blog\/como-fui-aprovado-na-advocacia-geral-da-uniao-procurador-federal-minha-trajetoria\/#article","isPartOf":{"@id":"https:\/\/www.estrategiaconcursos.com.br\/blog\/como-fui-aprovado-na-advocacia-geral-da-uniao-procurador-federal-minha-trajetoria\/"},"author":{"name":"Vagner Nunes","@id":"https:\/\/www.estrategiaconcursos.com.br\/blog\/#\/schema\/person\/b60ffbe511797ad109e204009d14fe3f"},"headline":"Como fui aprovado na Advocacia-Geral da Uni\u00e3o, Procurador Federal \u2013 Minha trajet\u00f3ria","datePublished":"2017-05-09T16:04:25+00:00","mainEntityOfPage":{"@id":"https:\/\/www.estrategiaconcursos.com.br\/blog\/como-fui-aprovado-na-advocacia-geral-da-uniao-procurador-federal-minha-trajetoria\/"},"wordCount":1211,"commentCount":38,"publisher":{"@id":"https:\/\/www.estrategiaconcursos.com.br\/blog\/#organization"},"image":{"@id":"https:\/\/www.estrategiaconcursos.com.br\/blog\/como-fui-aprovado-na-advocacia-geral-da-uniao-procurador-federal-minha-trajetoria\/#primaryimage"},"thumbnailUrl":"https:\/\/www.estrategiaconcursos.com.br\/blog\/wp-content\/uploads\/2017\/05\/foto.-artigo-300x277.jpg","articleSection":["Concursos P\u00fablicos"],"inLanguage":"pt-BR","potentialAction":[{"@type":"CommentAction","name":"Comment","target":["https:\/\/www.estrategiaconcursos.com.br\/blog\/como-fui-aprovado-na-advocacia-geral-da-uniao-procurador-federal-minha-trajetoria\/#respond"]}],"copyrightYear":"2017","copyrightHolder":{"@id":"https:\/\/www.estrategiaconcursos.com.br\/blog\/#organization"}},{"@type":"WebPage","@id":"https:\/\/www.estrategiaconcursos.com.br\/blog\/como-fui-aprovado-na-advocacia-geral-da-uniao-procurador-federal-minha-trajetoria\/","url":"https:\/\/www.estrategiaconcursos.com.br\/blog\/como-fui-aprovado-na-advocacia-geral-da-uniao-procurador-federal-minha-trajetoria\/","name":"Como fui aprovado na Advocacia-Geral da Uni\u00e3o, Procurador Federal \u2013 Minha trajet\u00f3ria","isPartOf":{"@id":"https:\/\/www.estrategiaconcursos.com.br\/blog\/#website"},"primaryImageOfPage":{"@id":"https:\/\/www.estrategiaconcursos.com.br\/blog\/como-fui-aprovado-na-advocacia-geral-da-uniao-procurador-federal-minha-trajetoria\/#primaryimage"},"image":{"@id":"https:\/\/www.estrategiaconcursos.com.br\/blog\/como-fui-aprovado-na-advocacia-geral-da-uniao-procurador-federal-minha-trajetoria\/#primaryimage"},"thumbnailUrl":"https:\/\/www.estrategiaconcursos.com.br\/blog\/wp-content\/uploads\/2017\/05\/foto.-artigo-300x277.jpg","datePublished":"2017-05-09T16:04:25+00:00","breadcrumb":{"@id":"https:\/\/www.estrategiaconcursos.com.br\/blog\/como-fui-aprovado-na-advocacia-geral-da-uniao-procurador-federal-minha-trajetoria\/#breadcrumb"},"inLanguage":"pt-BR","potentialAction":[{"@type":"ReadAction","target":["https:\/\/www.estrategiaconcursos.com.br\/blog\/como-fui-aprovado-na-advocacia-geral-da-uniao-procurador-federal-minha-trajetoria\/"]}]},{"@type":"ImageObject","inLanguage":"pt-BR","@id":"https:\/\/www.estrategiaconcursos.com.br\/blog\/como-fui-aprovado-na-advocacia-geral-da-uniao-procurador-federal-minha-trajetoria\/#primaryimage","url":"https:\/\/dhg1h5j42swfq.cloudfront.net\/2017\/05\/09125606\/foto.-artigo.jpg","contentUrl":"https:\/\/dhg1h5j42swfq.cloudfront.net\/2017\/05\/09125606\/foto.-artigo.jpg","width":950,"height":876},{"@type":"BreadcrumbList","@id":"https:\/\/www.estrategiaconcursos.com.br\/blog\/como-fui-aprovado-na-advocacia-geral-da-uniao-procurador-federal-minha-trajetoria\/#breadcrumb","itemListElement":[{"@type":"ListItem","position":1,"name":"In\u00edcio","item":"https:\/\/www.estrategiaconcursos.com.br\/blog\/"},{"@type":"ListItem","position":2,"name":"Como fui aprovado na Advocacia-Geral da Uni\u00e3o, Procurador Federal \u2013 Minha trajet\u00f3ria"}]},{"@type":"WebSite","@id":"https:\/\/www.estrategiaconcursos.com.br\/blog\/#website","url":"https:\/\/www.estrategiaconcursos.com.br\/blog\/","name":"Estrat\u00e9gia Concursos","description":"O blog da Estrat\u00e9gia Concursos traz not\u00edcias sobre concursos e artigos de professores oferecendo cursos para concursos (pdf + videaulas) no site.","publisher":{"@id":"https:\/\/www.estrategiaconcursos.com.br\/blog\/#organization"},"potentialAction":[{"@type":"SearchAction","target":{"@type":"EntryPoint","urlTemplate":"https:\/\/www.estrategiaconcursos.com.br\/blog\/?s={search_term_string}"},"query-input":{"@type":"PropertyValueSpecification","valueRequired":true,"valueName":"search_term_string"}}],"inLanguage":"pt-BR"},{"@type":"Organization","@id":"https:\/\/www.estrategiaconcursos.com.br\/blog\/#organization","name":"Estrat\u00e9gia Concursos","url":"https:\/\/www.estrategiaconcursos.com.br\/blog\/","logo":{"@type":"ImageObject","inLanguage":"pt-BR","@id":"https:\/\/www.estrategiaconcursos.com.br\/blog\/#\/schema\/logo\/image\/","url":"https:\/\/dhg1h5j42swfq.cloudfront.net\/2025\/06\/03203428\/logo_concursos-1.jpg","contentUrl":"https:\/\/dhg1h5j42swfq.cloudfront.net\/2025\/06\/03203428\/logo_concursos-1.jpg","width":230,"height":60,"caption":"Estrat\u00e9gia Concursos"},"image":{"@id":"https:\/\/www.estrategiaconcursos.com.br\/blog\/#\/schema\/logo\/image\/"},"sameAs":["https:\/\/x.com\/EstratConcursos"]},{"@type":"Person","@id":"https:\/\/www.estrategiaconcursos.com.br\/blog\/#\/schema\/person\/b60ffbe511797ad109e204009d14fe3f","name":"Vagner Nunes","image":{"@type":"ImageObject","inLanguage":"pt-BR","@id":"https:\/\/secure.gravatar.com\/avatar\/4358da6e03f9798ce84c6211bc706ce5211676c8f4e86cd2c5a650f04f4374a1?s=96&d=mm&r=g","url":"https:\/\/secure.gravatar.com\/avatar\/4358da6e03f9798ce84c6211bc706ce5211676c8f4e86cd2c5a650f04f4374a1?s=96&d=mm&r=g","contentUrl":"https:\/\/secure.gravatar.com\/avatar\/4358da6e03f9798ce84c6211bc706ce5211676c8f4e86cd2c5a650f04f4374a1?s=96&d=mm&r=g","caption":"Vagner Nunes"},"url":"https:\/\/www.estrategiaconcursos.com.br\/blog\/author\/vagnernunesestrategiaconcursos-com-br\/"}]}},"_links":{"self":[{"href":"https:\/\/www.estrategiaconcursos.com.br\/blog\/wp-json\/wp\/v2\/posts\/72925","targetHints":{"allow":["GET"]}}],"collection":[{"href":"https:\/\/www.estrategiaconcursos.com.br\/blog\/wp-json\/wp\/v2\/posts"}],"about":[{"href":"https:\/\/www.estrategiaconcursos.com.br\/blog\/wp-json\/wp\/v2\/types\/post"}],"author":[{"embeddable":true,"href":"https:\/\/www.estrategiaconcursos.com.br\/blog\/wp-json\/wp\/v2\/users\/485"}],"replies":[{"embeddable":true,"href":"https:\/\/www.estrategiaconcursos.com.br\/blog\/wp-json\/wp\/v2\/comments?post=72925"}],"version-history":[{"count":6,"href":"https:\/\/www.estrategiaconcursos.com.br\/blog\/wp-json\/wp\/v2\/posts\/72925\/revisions"}],"predecessor-version":[{"id":73263,"href":"https:\/\/www.estrategiaconcursos.com.br\/blog\/wp-json\/wp\/v2\/posts\/72925\/revisions\/73263"}],"wp:attachment":[{"href":"https:\/\/www.estrategiaconcursos.com.br\/blog\/wp-json\/wp\/v2\/media?parent=72925"}],"wp:term":[{"taxonomy":"category","embeddable":true,"href":"https:\/\/www.estrategiaconcursos.com.br\/blog\/wp-json\/wp\/v2\/categories?post=72925"},{"taxonomy":"post_tag","embeddable":true,"href":"https:\/\/www.estrategiaconcursos.com.br\/blog\/wp-json\/wp\/v2\/tags?post=72925"},{"taxonomy":"tax_estado","embeddable":true,"href":"https:\/\/www.estrategiaconcursos.com.br\/blog\/wp-json\/wp\/v2\/tax_estado?post=72925"}],"curies":[{"name":"wp","href":"https:\/\/api.w.org\/{rel}","templated":true}]}}