{"id":728491,"date":"2021-04-30T18:20:40","date_gmt":"2021-04-30T21:20:40","guid":{"rendered":"https:\/\/www.estrategiaconcursos.com.br\/blog\/?p=728491"},"modified":"2021-05-07T10:43:50","modified_gmt":"2021-05-07T13:43:50","slug":"provas-do-concurso-prf","status":"publish","type":"post","link":"https:\/\/www.estrategiaconcursos.com.br\/blog\/provas-do-concurso-prf\/","title":{"rendered":"PRF e Cebraspe trabalham para provas ocorrerem em maio"},"content":{"rendered":"\n<p>Apesar de toda incerteza, a Pol\u00edcia Rodovi\u00e1ria Federal em conjunto com o Cebraspe, banca organizadora, seguem trabalhando para que as provas do concurso da PRF realmente ocorram no dia 09 de maio.<\/p>\n\n\n\n<p>De acordo com informa\u00e7\u00e3o publicada no Di\u00e1rio Oficial da Uni\u00e3o, <strong>os locais de prova poder\u00e3o ser consultados a partir do dia 4 de maio<\/strong>.  \u00c9 importante lembrar que o texto enfatiza que <em><strong>\u201c<\/strong>a cidade de prova escolhida pelo candidato no momento da inscri\u00e7\u00e3o poder\u00e1 n\u00e3o ser a mesma onde o candidato realizar\u00e1 a etapa, conforme disposto no subitem 1.4.1 do Edital da PRF, de 18 de janeiro de 2021\u2033<\/em>.<\/p>\n\n\n\n<p>O certame da Pol\u00edcia Rodovi\u00e1ria Federal \u00e9, sem d\u00favida, um dos mais aguardados deste ano. Embora exista uma press\u00e3o de grande parte dos candidatos de todo o pa\u00eds, representantes da corpora\u00e7\u00e3o permanecem conversando com os governos estaduais a fim de garantir a realiza\u00e7\u00e3o da sele\u00e7\u00e3o na data prevista.<\/p>\n\n\n\n<p>O superintendente da PRF no estado do Tocantins, Hallison Andr\u00e9 Ara\u00fajo de Melo, afirmou, em entrevista, que h\u00e1 seguran\u00e7a sanit\u00e1ria para a aplica\u00e7\u00e3o das provas, mesmo havendo cerca de 4 mil inscritos na capital. Na entrevista, o superintendente destacou a confiabilidade dos protocolos de seguran\u00e7a adotados pelo Cebraspe.<\/p>\n\n\n\n<p>Hallisson declarou que as provas ocorrer\u00e3o em 10 localidades diferentes, mesmo que todos candidatos pudessem ser concentrados em apenas duas universidades, que, segundo ele, j\u00e1 teriam capacidade de acolher a totalidade dos concorrentes.<\/p>\n\n\n\n<p>O superintendente confirmou, ainda, que as demais superintend\u00eancias estaduais tamb\u00e9m est\u00e3o se movimentando para viabilizar o concurso e que a corpora\u00e7\u00e3o tem autoriza\u00e7\u00e3o do Minist\u00e9rio da Justi\u00e7a e Seguran\u00e7a P\u00fablica.<\/p>\n\n\n\n<p>Refor\u00e7ando o alinhamento favor\u00e1vel das autoridades \u00e0 execu\u00e7\u00e3o das provas no estado, houve uma reuni\u00e3o de secret\u00e1rios do estado do Tocantins. O encontro foi por videoconfer\u00eancia. Nele, foi discutido o cen\u00e1rio epidemiol\u00f3gico e o andamento do concurso da Pol\u00edcia Rodovi\u00e1ria Federal.<\/p>\n\n\n\n<p>No dia 27 de abril, o superintendente da PRF no Amap\u00e1, Aldo Balieiro, se encontrou com o governador do estado, Waldez G\u00f3es, para tratar da realiza\u00e7\u00e3o do concurso. Imagens que circulam nas redes sociais demonstram que a PRF est\u00e1 em contato tamb\u00e9m com o governo de Rond\u00f4nia.<\/p>\n\n\n\n<p>O governador Renan Filho, declarou, publicamente, que n\u00e3o ir\u00e1 interferir na realiza\u00e7\u00e3o do certame. Da mesma forma, o governador do estado do Esp\u00edrito Santo, Renato Casagrande, por meio de sua assessoria, afirmou que interferir na aplica\u00e7\u00e3o das provas <em>&#8220;n\u00e3o \u00e9 da esfera dele\u201d.<\/em><\/p>\n\n\n\n<p>A governadora do Rio Grande do Norte, F\u00e1tima Bezerra, tem recebido, em suas redes sociais, diversas manifesta\u00e7\u00f5es contr\u00e1rias \u00e0 aplica\u00e7\u00e3o das provas do concurso PRF no estado. Grande parte dos coment\u00e1rios s\u00e3o cr\u00edticos \u00e0 postura do governo no atual cen\u00e1rio da pandemia.<\/p>\n\n\n\n<h3 class=\"wp-block-heading\" id=\"h-etapas-do-concurso-prf\">Etapas do concurso PRF<\/h3>\n\n\n\n<p>O concurso da Pol\u00edcia Rodovi\u00e1ria Federal \u00e9 constitu\u00eddo pelas seguintes etapas:<\/p>\n\n\n\n<p><strong>1\u00aa etapa:<\/strong><\/p>\n\n\n\n<ul class=\"wp-block-list\"><li>Prova objetiva e discursiva \u2013 car\u00e1ter eliminat\u00f3rio e classificat\u00f3rio;<\/li><li>Exame de aptid\u00e3o f\u00edsica \u2013 car\u00e1ter eliminat\u00f3rio e classificat\u00f3rio;<\/li><li>Avalia\u00e7\u00e3o de sa\u00fade \u2013 car\u00e1ter eliminat\u00f3rio;<\/li><li>Avalia\u00e7\u00e3o psicol\u00f3gica \u2013 car\u00e1ter eliminat\u00f3rio;<\/li><li>Avalia\u00e7\u00e3o de t\u00edtulos \u2013 car\u00e1ter eliminat\u00f3rio;<\/li><li>Investiga\u00e7\u00e3o social \u2013 car\u00e1ter classificat\u00f3rio.<\/li><\/ul>\n\n\n\n<p><strong>2\u00aa etapa:<\/strong><\/p>\n\n\n\n<ul class=\"wp-block-list\"><li>Curso de Forma\u00e7\u00e3o Profissional \u2013 car\u00e1ter eliminat\u00f3rio.<\/li><\/ul>\n\n\n\n<p>O Estrat\u00e9gia Concursos segue em contato com a corpora\u00e7\u00e3o e acompanhando todos os desdobramentos do certame. O edital da PRF 2021 oferece&nbsp;<strong>1.500 vagas<\/strong>&nbsp;para Policial Rodovi\u00e1rio Federal. A remunera\u00e7\u00e3o inicial do cargo \u00e9&nbsp;<strong>R$ 9.899,88<\/strong>. <\/p>\n\n\n\n<p class=\"has-text-align-center\"><strong>Para saber todos os detalhes sobre o concurso da Pol\u00edcia Rodovi\u00e1ria Federal acesse nosso artigo completo com todas as informa\u00e7\u00f5es<\/strong>:<\/p>\n\n\n\n<p class=\"has-text-align-center has-cyan-bluish-gray-background-color has-background has-medium-font-size\"><strong>Saiba mais:&nbsp;<a href=\"https:\/\/www.estrategiaconcursos.com.br\/blog\/concurso-prf-3\/\" target=\"_blank\" rel=\"noreferrer noopener\">Concurso PRF<\/a><\/strong><\/p>\n\n\n\n<hr class=\"wp-block-separator\"\/>\n\n\n\n<div class=\"container\" id=\"boxes\">\n  <div class=\"row\">\n\n    <div class=\"col-sm\">\n      <div class=\"banner-policial\" id=\"box-assinatura\">\n        <h3 class=\"titulo-assinatura\">Cursos PRF<\/h3>\n        <p class=\"subtitulo-assinatura\">Estude conosco<\/p>\n        <div class=\"box-botao\">\n          <a class=\"btn-assinatura\" target=\"_blank\" href=\"https:\/\/www.estrategiaconcursos.com.br\/curso\/pacote-completo-p-prf-policial-rodoviario-federal-com-videoaulas-2020\/\/\" rel=\"noopener noreferrer\">Conhe\u00e7a os cursos<\/a>\n        <\/div>\n      <\/div>\n    \n    <\/div>\n\n  <\/div>\n<\/div>\n\n\n\n<div class=\"container\" id=\"boxes\">\n  <div class=\"row\">\n\n    <div class=\"col-sm\">\n      <div class=\"estrategia\" id=\"box-assinatura\">\n        <h3 class=\"titulo-assinatura\">Assinatura Concursos<\/h3>\n        <p class=\"subtitulo-assinatura\">Assinatura de 1 ano ou 2 anos<\/p>\n        <div class=\"box-botao\">\n          <a class=\"btn-assinatura\" target=\"_blank\" href=\"https:\/\/www.estrategiaconcursos.com.br\/assinaturas\/\" role=\"button\" rel=\"noopener noreferrer\">ASSINE AGORA<\/a>\n        <\/div>\n      <\/div>\n     \n    <\/div>\n\n    <div class=\"col-sm\">\n      <div class=\"questoes\" id=\"box-assinatura\">\n        <h3 class=\"titulo-assinatura\">Sistema de Quest\u00f5es<\/h3>\n        <p class=\"subtitulo-assinatura\">Assinatura de 1 ano ou 2 anos\n<\/p>\n        <div class=\"box-botao\">\n          <a class=\"btn-assinatura\" target=\"_blank\" href=\"https:\/\/questoes.estrategiaconcursos.com.br\/\" role=\"button\" rel=\"noopener noreferrer\">ASSINE AGORA<\/a>\n        <\/div>\n      <\/div>\n    \n    <\/div>\n  <\/div>\n<\/div>\n\n\n\n<div class=\"container\" id=\"boxes\">\n  <div class=\"row\">\n\n    <div class=\"col-sm\" id=\"boxes-concursos\">\n      <div style=\"background-color: #005DAD;\" class=\"conteudo-concursos\" id=\"box-concursos\">\n        <h3 class=\"titulo-assinatura\">Concursos Abertos<\/h3>\n        <p class=\"subtitulo-assinatura\">Confira os editais publicados<\/p>\n        <div class=\"box-botao\">\n          <a class=\"btn-assinatura\" target=\"_blank\" href=\"https:\/\/www.estrategiaconcursos.com.br\/blog\/concursos-abertos\/\" role=\"button\" rel=\"noopener noreferrer\">Conhe\u00e7a Agora<\/a>\n        <\/div>\n      <\/div>\n    <\/div>\n\n    <div class=\"col-sm\" id=\"boxes-concursos\">\n      <div style=\"background-color: #419FF0;\" class=\"conteudo-concursos\" id=\"box-concursos\">\n        <h3 class=\"titulo-assinatura\">Concursos 2021<\/h3>\n        <p class=\"subtitulo-assinatura\">Confira as oportunidades previstas<\/p>\n        <div class=\"box-botao\">\n          <a class=\"btn-assinatura\" target=\"_blank\" href=\"https:\/\/www.estrategiaconcursos.com.br\/blog\/concursos-2021\/\" role=\"button\" rel=\"noopener noreferrer\">Conhe\u00e7a Agora<\/a>\n        <\/div>\n      <\/div>\n    <\/div>\n\n  <\/div>\n<\/div>\n","protected":false},"excerpt":{"rendered":"<p>Apesar de toda incerteza, a Pol\u00edcia Rodovi\u00e1ria Federal em conjunto com o Cebraspe, banca organizadora, seguem trabalhando para que as provas do concurso da PRF realmente ocorram no dia 09 de maio. De acordo com informa\u00e7\u00e3o publicada no Di\u00e1rio Oficial da Uni\u00e3o, os locais de prova poder\u00e3o ser consultados a partir do dia 4 de [&hellip;]<\/p>\n","protected":false},"author":1,"featured_media":720088,"comment_status":"open","ping_status":"closed","sticky":false,"template":"","format":"standard","meta":{"post_tipo":"news","footnotes":""},"categories":[1988],"tags":[],"tax_estado":[219963],"class_list":["post-728491","post","type-post","status-publish","format-standard","has-post-thumbnail","hentry","category-policia","tax_estado-concursos-federais"],"acf":[],"yoast_head":"<!-- This site is optimized with the Yoast SEO Premium plugin v27.2 (Yoast SEO v27.2) - https:\/\/yoast.com\/product\/yoast-seo-premium-wordpress\/ -->\n<title>PRF e Cebraspe trabalham para provas ocorrerem em maio<\/title>\n<meta name=\"description\" content=\"Representantes da PRF seguem conversando com os governos estaduais a fim de garantir a realiza\u00e7\u00e3o do certame em 9 de maio. Confira!\" \/>\n<meta name=\"robots\" content=\"index, follow, max-snippet:-1, max-image-preview:large, max-video-preview:-1\" \/>\n<link rel=\"canonical\" href=\"https:\/\/www.estrategiaconcursos.com.br\/blog\/provas-do-concurso-prf\/\" \/>\n<meta property=\"og:locale\" content=\"pt_BR\" \/>\n<meta property=\"og:type\" content=\"article\" \/>\n<meta property=\"og:title\" content=\"PRF e Cebraspe trabalham para provas ocorrerem em maio\" \/>\n<meta property=\"og:description\" content=\"Representantes da PRF seguem conversando com os governos estaduais a fim de garantir a realiza\u00e7\u00e3o do certame em 9 de maio. Confira!\" \/>\n<meta property=\"og:url\" content=\"https:\/\/www.estrategiaconcursos.com.br\/blog\/provas-do-concurso-prf\/\" \/>\n<meta property=\"og:site_name\" content=\"Estrat\u00e9gia Concursos\" \/>\n<meta property=\"article:author\" content=\"https:\/\/www.facebook.com\/EstrategiaConcursos\" \/>\n<meta property=\"article:published_time\" content=\"2021-04-30T21:20:40+00:00\" \/>\n<meta property=\"article:modified_time\" content=\"2021-05-07T13:43:50+00:00\" \/>\n<meta property=\"og:image\" content=\"https:\/\/dhg1h5j42swfq.cloudfront.net\/2021\/04\/20184744\/prf.jpg\" \/>\n\t<meta property=\"og:image:width\" content=\"1200\" \/>\n\t<meta property=\"og:image:height\" content=\"628\" \/>\n\t<meta property=\"og:image:type\" content=\"image\/jpeg\" \/>\n<meta name=\"author\" content=\"Coordena\u00e7\u00e3o\" \/>\n<meta name=\"twitter:card\" content=\"summary_large_image\" \/>\n<meta name=\"twitter:creator\" content=\"@EstratConcursos\" \/>\n<meta name=\"twitter:site\" content=\"@EstratConcursos\" \/>\n<meta name=\"twitter:label1\" content=\"Escrito por\" \/>\n\t<meta name=\"twitter:data1\" content=\"Coordena\u00e7\u00e3o\" \/>\n\t<meta name=\"twitter:label2\" content=\"Est. tempo de leitura\" \/>\n\t<meta name=\"twitter:data2\" content=\"3 minutos\" \/>\n<script type=\"application\/ld+json\" class=\"yoast-schema-graph\">{\"@context\":\"https:\/\/schema.org\",\"@graph\":[{\"@type\":\"NewsArticle\",\"@id\":\"https:\/\/www.estrategiaconcursos.com.br\/blog\/provas-do-concurso-prf\/#article\",\"isPartOf\":{\"@id\":\"https:\/\/www.estrategiaconcursos.com.br\/blog\/provas-do-concurso-prf\/\"},\"author\":{\"name\":\"Coordena\u00e7\u00e3o\",\"@id\":\"https:\/\/www.estrategiaconcursos.com.br\/blog\/#\/schema\/person\/b4a388c97673c5f483d72185668afa1f\"},\"headline\":\"PRF e Cebraspe trabalham para provas ocorrerem em maio\",\"datePublished\":\"2021-04-30T21:20:40+00:00\",\"dateModified\":\"2021-05-07T13:43:50+00:00\",\"mainEntityOfPage\":{\"@id\":\"https:\/\/www.estrategiaconcursos.com.br\/blog\/provas-do-concurso-prf\/\"},\"wordCount\":683,\"commentCount\":0,\"publisher\":{\"@id\":\"https:\/\/www.estrategiaconcursos.com.br\/blog\/#organization\"},\"image\":{\"@id\":\"https:\/\/www.estrategiaconcursos.com.br\/blog\/provas-do-concurso-prf\/#primaryimage\"},\"thumbnailUrl\":\"https:\/\/dhg1h5j42swfq.cloudfront.net\/2021\/04\/20184744\/prf.jpg\",\"articleSection\":[\"Policial (Agente, Escriv\u00e3o e Investigador)\"],\"inLanguage\":\"pt-BR\",\"potentialAction\":[{\"@type\":\"CommentAction\",\"name\":\"Comment\",\"target\":[\"https:\/\/www.estrategiaconcursos.com.br\/blog\/provas-do-concurso-prf\/#respond\"]}],\"copyrightYear\":\"2021\",\"copyrightHolder\":{\"@id\":\"https:\/\/www.estrategiaconcursos.com.br\/blog\/#organization\"}},{\"@type\":\"WebPage\",\"@id\":\"https:\/\/www.estrategiaconcursos.com.br\/blog\/provas-do-concurso-prf\/\",\"url\":\"https:\/\/www.estrategiaconcursos.com.br\/blog\/provas-do-concurso-prf\/\",\"name\":\"PRF e Cebraspe trabalham para provas ocorrerem em maio\",\"isPartOf\":{\"@id\":\"https:\/\/www.estrategiaconcursos.com.br\/blog\/#website\"},\"primaryImageOfPage\":{\"@id\":\"https:\/\/www.estrategiaconcursos.com.br\/blog\/provas-do-concurso-prf\/#primaryimage\"},\"image\":{\"@id\":\"https:\/\/www.estrategiaconcursos.com.br\/blog\/provas-do-concurso-prf\/#primaryimage\"},\"thumbnailUrl\":\"https:\/\/dhg1h5j42swfq.cloudfront.net\/2021\/04\/20184744\/prf.jpg\",\"datePublished\":\"2021-04-30T21:20:40+00:00\",\"dateModified\":\"2021-05-07T13:43:50+00:00\",\"description\":\"Representantes da PRF seguem conversando com os governos estaduais a fim de garantir a realiza\u00e7\u00e3o do certame em 9 de maio. Confira!\",\"breadcrumb\":{\"@id\":\"https:\/\/www.estrategiaconcursos.com.br\/blog\/provas-do-concurso-prf\/#breadcrumb\"},\"inLanguage\":\"pt-BR\",\"potentialAction\":[{\"@type\":\"ReadAction\",\"target\":[\"https:\/\/www.estrategiaconcursos.com.br\/blog\/provas-do-concurso-prf\/\"]}]},{\"@type\":\"ImageObject\",\"inLanguage\":\"pt-BR\",\"@id\":\"https:\/\/www.estrategiaconcursos.com.br\/blog\/provas-do-concurso-prf\/#primaryimage\",\"url\":\"https:\/\/dhg1h5j42swfq.cloudfront.net\/2021\/04\/20184744\/prf.jpg\",\"contentUrl\":\"https:\/\/dhg1h5j42swfq.cloudfront.net\/2021\/04\/20184744\/prf.jpg\",\"width\":1200,\"height\":628,\"caption\":\"prf\"},{\"@type\":\"BreadcrumbList\",\"@id\":\"https:\/\/www.estrategiaconcursos.com.br\/blog\/provas-do-concurso-prf\/#breadcrumb\",\"itemListElement\":[{\"@type\":\"ListItem\",\"position\":1,\"name\":\"In\u00edcio\",\"item\":\"https:\/\/www.estrategiaconcursos.com.br\/blog\/\"},{\"@type\":\"ListItem\",\"position\":2,\"name\":\"PRF e Cebraspe trabalham para provas ocorrerem em maio\"}]},{\"@type\":\"WebSite\",\"@id\":\"https:\/\/www.estrategiaconcursos.com.br\/blog\/#website\",\"url\":\"https:\/\/www.estrategiaconcursos.com.br\/blog\/\",\"name\":\"Estrat\u00e9gia Concursos\",\"description\":\"O blog da Estrat\u00e9gia Concursos traz not\u00edcias sobre concursos e artigos de professores oferecendo cursos para concursos (pdf + videaulas) no site.\",\"publisher\":{\"@id\":\"https:\/\/www.estrategiaconcursos.com.br\/blog\/#organization\"},\"potentialAction\":[{\"@type\":\"SearchAction\",\"target\":{\"@type\":\"EntryPoint\",\"urlTemplate\":\"https:\/\/www.estrategiaconcursos.com.br\/blog\/?s={search_term_string}\"},\"query-input\":{\"@type\":\"PropertyValueSpecification\",\"valueRequired\":true,\"valueName\":\"search_term_string\"}}],\"inLanguage\":\"pt-BR\"},{\"@type\":\"Organization\",\"@id\":\"https:\/\/www.estrategiaconcursos.com.br\/blog\/#organization\",\"name\":\"Estrat\u00e9gia Concursos\",\"url\":\"https:\/\/www.estrategiaconcursos.com.br\/blog\/\",\"logo\":{\"@type\":\"ImageObject\",\"inLanguage\":\"pt-BR\",\"@id\":\"https:\/\/www.estrategiaconcursos.com.br\/blog\/#\/schema\/logo\/image\/\",\"url\":\"https:\/\/dhg1h5j42swfq.cloudfront.net\/2025\/06\/03203428\/logo_concursos-1.jpg\",\"contentUrl\":\"https:\/\/dhg1h5j42swfq.cloudfront.net\/2025\/06\/03203428\/logo_concursos-1.jpg\",\"width\":230,\"height\":60,\"caption\":\"Estrat\u00e9gia Concursos\"},\"image\":{\"@id\":\"https:\/\/www.estrategiaconcursos.com.br\/blog\/#\/schema\/logo\/image\/\"},\"sameAs\":[\"https:\/\/x.com\/EstratConcursos\"]},{\"@type\":\"Person\",\"@id\":\"https:\/\/www.estrategiaconcursos.com.br\/blog\/#\/schema\/person\/b4a388c97673c5f483d72185668afa1f\",\"name\":\"Coordena\u00e7\u00e3o\",\"image\":{\"@type\":\"ImageObject\",\"inLanguage\":\"pt-BR\",\"@id\":\"https:\/\/secure.gravatar.com\/avatar\/b720319e4c9a967eb58678d110f4fe35452fc5d5f97b202bac7b8acceb18c6ad?s=96&d=mm&r=g\",\"url\":\"https:\/\/secure.gravatar.com\/avatar\/b720319e4c9a967eb58678d110f4fe35452fc5d5f97b202bac7b8acceb18c6ad?s=96&d=mm&r=g\",\"contentUrl\":\"https:\/\/secure.gravatar.com\/avatar\/b720319e4c9a967eb58678d110f4fe35452fc5d5f97b202bac7b8acceb18c6ad?s=96&d=mm&r=g\",\"caption\":\"Coordena\u00e7\u00e3o\"},\"sameAs\":[\"https:\/\/www.facebook.com\/EstrategiaConcursos\",\"https:\/\/x.com\/EstratConcursos\"],\"url\":\"https:\/\/www.estrategiaconcursos.com.br\/blog\/author\/estrategia2013\/\"}]}<\/script>\n<!-- \/ Yoast SEO Premium plugin. -->","yoast_head_json":{"title":"PRF e Cebraspe trabalham para provas ocorrerem em maio","description":"Representantes da PRF seguem conversando com os governos estaduais a fim de garantir a realiza\u00e7\u00e3o do certame em 9 de maio. Confira!","robots":{"index":"index","follow":"follow","max-snippet":"max-snippet:-1","max-image-preview":"max-image-preview:large","max-video-preview":"max-video-preview:-1"},"canonical":"https:\/\/www.estrategiaconcursos.com.br\/blog\/provas-do-concurso-prf\/","og_locale":"pt_BR","og_type":"article","og_title":"PRF e Cebraspe trabalham para provas ocorrerem em maio","og_description":"Representantes da PRF seguem conversando com os governos estaduais a fim de garantir a realiza\u00e7\u00e3o do certame em 9 de maio. Confira!","og_url":"https:\/\/www.estrategiaconcursos.com.br\/blog\/provas-do-concurso-prf\/","og_site_name":"Estrat\u00e9gia Concursos","article_author":"https:\/\/www.facebook.com\/EstrategiaConcursos","article_published_time":"2021-04-30T21:20:40+00:00","article_modified_time":"2021-05-07T13:43:50+00:00","og_image":[{"width":1200,"height":628,"url":"https:\/\/dhg1h5j42swfq.cloudfront.net\/2021\/04\/20184744\/prf.jpg","type":"image\/jpeg"}],"author":"Coordena\u00e7\u00e3o","twitter_card":"summary_large_image","twitter_creator":"@EstratConcursos","twitter_site":"@EstratConcursos","twitter_misc":{"Escrito por":"Coordena\u00e7\u00e3o","Est. tempo de leitura":"3 minutos"},"schema":{"@context":"https:\/\/schema.org","@graph":[{"@type":"NewsArticle","@id":"https:\/\/www.estrategiaconcursos.com.br\/blog\/provas-do-concurso-prf\/#article","isPartOf":{"@id":"https:\/\/www.estrategiaconcursos.com.br\/blog\/provas-do-concurso-prf\/"},"author":{"name":"Coordena\u00e7\u00e3o","@id":"https:\/\/www.estrategiaconcursos.com.br\/blog\/#\/schema\/person\/b4a388c97673c5f483d72185668afa1f"},"headline":"PRF e Cebraspe trabalham para provas ocorrerem em maio","datePublished":"2021-04-30T21:20:40+00:00","dateModified":"2021-05-07T13:43:50+00:00","mainEntityOfPage":{"@id":"https:\/\/www.estrategiaconcursos.com.br\/blog\/provas-do-concurso-prf\/"},"wordCount":683,"commentCount":0,"publisher":{"@id":"https:\/\/www.estrategiaconcursos.com.br\/blog\/#organization"},"image":{"@id":"https:\/\/www.estrategiaconcursos.com.br\/blog\/provas-do-concurso-prf\/#primaryimage"},"thumbnailUrl":"https:\/\/dhg1h5j42swfq.cloudfront.net\/2021\/04\/20184744\/prf.jpg","articleSection":["Policial (Agente, Escriv\u00e3o e Investigador)"],"inLanguage":"pt-BR","potentialAction":[{"@type":"CommentAction","name":"Comment","target":["https:\/\/www.estrategiaconcursos.com.br\/blog\/provas-do-concurso-prf\/#respond"]}],"copyrightYear":"2021","copyrightHolder":{"@id":"https:\/\/www.estrategiaconcursos.com.br\/blog\/#organization"}},{"@type":"WebPage","@id":"https:\/\/www.estrategiaconcursos.com.br\/blog\/provas-do-concurso-prf\/","url":"https:\/\/www.estrategiaconcursos.com.br\/blog\/provas-do-concurso-prf\/","name":"PRF e Cebraspe trabalham para provas ocorrerem em maio","isPartOf":{"@id":"https:\/\/www.estrategiaconcursos.com.br\/blog\/#website"},"primaryImageOfPage":{"@id":"https:\/\/www.estrategiaconcursos.com.br\/blog\/provas-do-concurso-prf\/#primaryimage"},"image":{"@id":"https:\/\/www.estrategiaconcursos.com.br\/blog\/provas-do-concurso-prf\/#primaryimage"},"thumbnailUrl":"https:\/\/dhg1h5j42swfq.cloudfront.net\/2021\/04\/20184744\/prf.jpg","datePublished":"2021-04-30T21:20:40+00:00","dateModified":"2021-05-07T13:43:50+00:00","description":"Representantes da PRF seguem conversando com os governos estaduais a fim de garantir a realiza\u00e7\u00e3o do certame em 9 de maio. Confira!","breadcrumb":{"@id":"https:\/\/www.estrategiaconcursos.com.br\/blog\/provas-do-concurso-prf\/#breadcrumb"},"inLanguage":"pt-BR","potentialAction":[{"@type":"ReadAction","target":["https:\/\/www.estrategiaconcursos.com.br\/blog\/provas-do-concurso-prf\/"]}]},{"@type":"ImageObject","inLanguage":"pt-BR","@id":"https:\/\/www.estrategiaconcursos.com.br\/blog\/provas-do-concurso-prf\/#primaryimage","url":"https:\/\/dhg1h5j42swfq.cloudfront.net\/2021\/04\/20184744\/prf.jpg","contentUrl":"https:\/\/dhg1h5j42swfq.cloudfront.net\/2021\/04\/20184744\/prf.jpg","width":1200,"height":628,"caption":"prf"},{"@type":"BreadcrumbList","@id":"https:\/\/www.estrategiaconcursos.com.br\/blog\/provas-do-concurso-prf\/#breadcrumb","itemListElement":[{"@type":"ListItem","position":1,"name":"In\u00edcio","item":"https:\/\/www.estrategiaconcursos.com.br\/blog\/"},{"@type":"ListItem","position":2,"name":"PRF e Cebraspe trabalham para provas ocorrerem em maio"}]},{"@type":"WebSite","@id":"https:\/\/www.estrategiaconcursos.com.br\/blog\/#website","url":"https:\/\/www.estrategiaconcursos.com.br\/blog\/","name":"Estrat\u00e9gia Concursos","description":"O blog da Estrat\u00e9gia Concursos traz not\u00edcias sobre concursos e artigos de professores oferecendo cursos para concursos (pdf + videaulas) no site.","publisher":{"@id":"https:\/\/www.estrategiaconcursos.com.br\/blog\/#organization"},"potentialAction":[{"@type":"SearchAction","target":{"@type":"EntryPoint","urlTemplate":"https:\/\/www.estrategiaconcursos.com.br\/blog\/?s={search_term_string}"},"query-input":{"@type":"PropertyValueSpecification","valueRequired":true,"valueName":"search_term_string"}}],"inLanguage":"pt-BR"},{"@type":"Organization","@id":"https:\/\/www.estrategiaconcursos.com.br\/blog\/#organization","name":"Estrat\u00e9gia Concursos","url":"https:\/\/www.estrategiaconcursos.com.br\/blog\/","logo":{"@type":"ImageObject","inLanguage":"pt-BR","@id":"https:\/\/www.estrategiaconcursos.com.br\/blog\/#\/schema\/logo\/image\/","url":"https:\/\/dhg1h5j42swfq.cloudfront.net\/2025\/06\/03203428\/logo_concursos-1.jpg","contentUrl":"https:\/\/dhg1h5j42swfq.cloudfront.net\/2025\/06\/03203428\/logo_concursos-1.jpg","width":230,"height":60,"caption":"Estrat\u00e9gia Concursos"},"image":{"@id":"https:\/\/www.estrategiaconcursos.com.br\/blog\/#\/schema\/logo\/image\/"},"sameAs":["https:\/\/x.com\/EstratConcursos"]},{"@type":"Person","@id":"https:\/\/www.estrategiaconcursos.com.br\/blog\/#\/schema\/person\/b4a388c97673c5f483d72185668afa1f","name":"Coordena\u00e7\u00e3o","image":{"@type":"ImageObject","inLanguage":"pt-BR","@id":"https:\/\/secure.gravatar.com\/avatar\/b720319e4c9a967eb58678d110f4fe35452fc5d5f97b202bac7b8acceb18c6ad?s=96&d=mm&r=g","url":"https:\/\/secure.gravatar.com\/avatar\/b720319e4c9a967eb58678d110f4fe35452fc5d5f97b202bac7b8acceb18c6ad?s=96&d=mm&r=g","contentUrl":"https:\/\/secure.gravatar.com\/avatar\/b720319e4c9a967eb58678d110f4fe35452fc5d5f97b202bac7b8acceb18c6ad?s=96&d=mm&r=g","caption":"Coordena\u00e7\u00e3o"},"sameAs":["https:\/\/www.facebook.com\/EstrategiaConcursos","https:\/\/x.com\/EstratConcursos"],"url":"https:\/\/www.estrategiaconcursos.com.br\/blog\/author\/estrategia2013\/"}]}},"_links":{"self":[{"href":"https:\/\/www.estrategiaconcursos.com.br\/blog\/wp-json\/wp\/v2\/posts\/728491","targetHints":{"allow":["GET"]}}],"collection":[{"href":"https:\/\/www.estrategiaconcursos.com.br\/blog\/wp-json\/wp\/v2\/posts"}],"about":[{"href":"https:\/\/www.estrategiaconcursos.com.br\/blog\/wp-json\/wp\/v2\/types\/post"}],"author":[{"embeddable":true,"href":"https:\/\/www.estrategiaconcursos.com.br\/blog\/wp-json\/wp\/v2\/users\/1"}],"replies":[{"embeddable":true,"href":"https:\/\/www.estrategiaconcursos.com.br\/blog\/wp-json\/wp\/v2\/comments?post=728491"}],"version-history":[{"count":6,"href":"https:\/\/www.estrategiaconcursos.com.br\/blog\/wp-json\/wp\/v2\/posts\/728491\/revisions"}],"predecessor-version":[{"id":728693,"href":"https:\/\/www.estrategiaconcursos.com.br\/blog\/wp-json\/wp\/v2\/posts\/728491\/revisions\/728693"}],"wp:featuredmedia":[{"embeddable":true,"href":"https:\/\/www.estrategiaconcursos.com.br\/blog\/wp-json\/wp\/v2\/media\/720088"}],"wp:attachment":[{"href":"https:\/\/www.estrategiaconcursos.com.br\/blog\/wp-json\/wp\/v2\/media?parent=728491"}],"wp:term":[{"taxonomy":"category","embeddable":true,"href":"https:\/\/www.estrategiaconcursos.com.br\/blog\/wp-json\/wp\/v2\/categories?post=728491"},{"taxonomy":"post_tag","embeddable":true,"href":"https:\/\/www.estrategiaconcursos.com.br\/blog\/wp-json\/wp\/v2\/tags?post=728491"},{"taxonomy":"tax_estado","embeddable":true,"href":"https:\/\/www.estrategiaconcursos.com.br\/blog\/wp-json\/wp\/v2\/tax_estado?post=728491"}],"curies":[{"name":"wp","href":"https:\/\/api.w.org\/{rel}","templated":true}]}}