{"id":728056,"date":"2021-04-30T11:30:00","date_gmt":"2021-04-30T14:30:00","guid":{"rendered":"https:\/\/www.estrategiaconcursos.com.br\/blog\/?p=728056"},"modified":"2021-05-03T15:50:39","modified_gmt":"2021-05-03T18:50:39","slug":"inscritos-do-concurso-ferraz-de-vasconcelos","status":"publish","type":"post","link":"https:\/\/www.estrategiaconcursos.com.br\/blog\/inscritos-do-concurso-ferraz-de-vasconcelos\/","title":{"rendered":"Publicada estat\u00edstica de inscritos do concurso Ferraz de Vasconcelos"},"content":{"rendered":"\n<p>J\u00e1 est\u00e1 dispon\u00edvel para consulta a <a href=\"https:\/\/dhg1h5j42swfq.cloudfront.net\/2021\/05\/01113523\/inscritos.pdf\" target=\"_blank\" rel=\"noreferrer noopener\">estat\u00edstica de inscritos<\/a> do concurso da prefeitura de Ferraz de Vasconcelos, munic\u00edpio do estado de S\u00e3o Paulo. Foram registrados no total, <strong>5.561 candidatos inscritos<\/strong>. Ao todo, s\u00e3o ofertadas 83 vagas para dez cargos de n\u00edveis fundamental, m\u00e9dio e superior. <\/p>\n\n\n\n<p>Os interessados em participar tiveram que acessar o site da banca organizadora, a Funda\u00e7\u00e3o Vunesp, at\u00e9 o dia 22 de abril e garantir sua candidatura. Agora, a pr\u00f3xima etapa ser\u00e1 a realiza\u00e7\u00e3o das provas objetivas, previstas para o dia 13 de junho de 2021. <\/p>\n\n\n\n<h4 class=\"has-text-align-left wp-block-heading\" id=\"h-confira-abaixo-a-demanda-de-inscritos-por-cargo-do-concurso-ferraz-de-vasconcelos\"><strong>Confira abaixo a demanda de inscritos por cargo do concurso Ferraz de Vasconcelos:<\/strong><\/h4>\n\n\n\n<figure class=\"wp-block-table is-style-stripes\"><table class=\"has-subtle-pale-blue-background-color has-fixed-layout has-background\"><tbody><tr><td class=\"has-text-align-center\" data-align=\"center\"><strong>Descri\u00e7\u00e3o<\/strong><\/td><td class=\"has-text-align-center\" data-align=\"center\"><strong>Total<\/strong><\/td><\/tr><tr><td class=\"has-text-align-center\" data-align=\"center\">Ajudante de Obras e Servi\u00e7os P\u00fablicos<\/td><td class=\"has-text-align-center\" data-align=\"center\">641<\/td><\/tr><tr><td class=\"has-text-align-center\" data-align=\"center\">Art\u00edfice de Obras e Servi\u00e7os P\u00fablicos<\/td><td class=\"has-text-align-center\" data-align=\"center\">45<\/td><\/tr><tr><td class=\"has-text-align-center\" data-align=\"center\">Operador de M\u00e1quinas Pesadas<\/td><td class=\"has-text-align-center\" data-align=\"center\">60<\/td><\/tr><tr><td class=\"has-text-align-center\" data-align=\"center\">Eletricista Predial<\/td><td class=\"has-text-align-center\" data-align=\"center\">160<\/td><\/tr><tr><td class=\"has-text-align-center\" data-align=\"center\">Orientador Social<\/td><td class=\"has-text-align-center\" data-align=\"center\">399<\/td><\/tr><tr><td class=\"has-text-align-center\" data-align=\"center\">Advogado P\u00fablico<\/td><td class=\"has-text-align-center\" data-align=\"center\">1.758<\/td><\/tr><tr><td class=\"has-text-align-center\" data-align=\"center\">Assistente Social do Sistema \u00danico de Assist\u00eancia Social<\/td><td class=\"has-text-align-center\" data-align=\"center\">1.128<\/td><\/tr><tr><td class=\"has-text-align-center\" data-align=\"center\">Contador<\/td><td class=\"has-text-align-center\" data-align=\"center\">462<\/td><\/tr><tr><td class=\"has-text-align-center\" data-align=\"center\">Engenheiro de Seguran\u00e7a do Trabalho<\/td><td class=\"has-text-align-center\" data-align=\"center\">115<\/td><\/tr><tr><td class=\"has-text-align-center\" data-align=\"center\">Psic\u00f3logo Social<\/td><td class=\"has-text-align-center\" data-align=\"center\">793<\/td><\/tr><\/tbody><\/table><\/figure>\n\n\n\n<p>Os sal\u00e1rios iniciais variam de R$ 1.100,00 a R$ 7.120,72, com jornada de trabalho de 30 e 40 horas semanais.<\/p>\n\n\n\n<h2 class=\"wp-block-heading\" id=\"etapas\">Etapas e provas do concurso Ferraz de Vasconcelos<\/h2>\n\n\n\n<p>Os candidatos inscritos no concurso da Prefeitura de Ferraz de Vasconcelos ser\u00e3o avaliados atrav\u00e9s de at\u00e9 tr\u00eas etapas de provas, conforme o cargo pretendido, sendo elas:<\/p>\n\n\n\n<ol class=\"wp-block-list\"><li><strong>Provas Objetivas<\/strong>&nbsp;\u2013 para todos os cargos;<\/li><li><strong>Prova Pr\u00e1tico-Profissional<\/strong>&nbsp;\u2013 apenas para Advogado;<\/li><li><strong>Prova Pr\u00e1tica<\/strong>&nbsp;\u2013 somente para Operador de M\u00e1quinas Pesadas.<\/li><\/ol>\n\n\n\n<p>O conte\u00fado das provas ser\u00e1 diferente para cada cargo, assim como o n\u00famero de quest\u00f5es e tempo de dura\u00e7\u00e3o do teste.<\/p>\n\n\n\n<p><strong>Quer saber mais sobre o concurso Ferraz de Vasconcelos? Acesse o link abaixo, preparamos um artigo completo para voc\u00ea!<\/strong><\/p>\n\n\n\n<p class=\"has-text-align-center has-luminous-vivid-amber-background-color has-background has-medium-font-size\"><strong>Saiba mais: <a href=\"https:\/\/www.estrategiaconcursos.com.br\/blog\/concurso-ferraz-de-vasconcelos\/\" target=\"_blank\" rel=\"noreferrer noopener\">Concurso Ferraz de Vasconcelos<\/a><\/strong><\/p>\n\n\n\n<h2 class=\"has-text-align-center wp-block-heading\" id=\"curso\">Quer estudar para o concurso Ferraz de Vasconcelos?<\/h2>\n\n\n\n<div class=\"container\" id=\"boxes\">\n  <div class=\"row\">\n\n    <div class=\"col-sm\">\n      <div class=\"banner-estrategia\" id=\"box-assinatura\">\n        <h3 class=\"titulo-assinatura\">Concurso Ferraz de Vasconcelos<\/h3>\n        <p class=\"subtitulo-assinatura\">Conhe\u00e7a os cursos<\/p>\n        <div class=\"box-botao\">\n          <a class=\"btn-assinatura\" target=\"_blank\" href=\"https:\/\/www.estrategiaconcursos.com.br\/cursosPorConcurso\/prefeitura-municipal-de-ferraz-de-vasconcelos-sp\/\" role=\"button\" rel=\"noopener noreferrer\">Conhe\u00e7a mais<\/a>\n        <\/div>\n      <\/div><\/div><\/div><\/div>\n\n\n\n<div class=\"container\" id=\"boxes\">\n  <div class=\"row\">\n\n    <div class=\"col-sm\">\n      <div class=\"estrategia\" id=\"box-assinatura\">\n        <h3 class=\"titulo-assinatura\">Assinatura de Concursos<\/h3>\n        <p class=\"subtitulo-assinatura\">Assinatura de 1 ano ou 2 anos<\/p>\n        <div class=\"box-botao\">\n          <a class=\"btn-assinatura\" target=\"_blank\" href=\"https:\/\/www.estrategiaconcursos.com.br\/assinaturas\/\" role=\"button\" rel=\"noopener noreferrer\">ASSINE AGORA<\/a>\n        <\/div>\n      <\/div>\n     \n    <\/div>\n\n    <div class=\"col-sm\">\n      <div class=\"questoes\" id=\"box-assinatura\">\n        <h3 class=\"titulo-assinatura\">Sistema de Quest\u00f5es<\/h3>\n        <p class=\"subtitulo-assinatura\">Assinatura de 1 ano ou 2 anos\n<\/p>\n        <div class=\"box-botao\">\n          <a class=\"btn-assinatura\" target=\"_blank\" href=\"https:\/\/questoes.estrategiaconcursos.com.br\/\" role=\"button\" rel=\"noopener noreferrer\">ASSINE AGORA<\/a>\n        <\/div>\n      <\/div>\n    \n    <\/div>\n  <\/div>\n<\/div>\n\n\n\n<div class=\"container\" id=\"boxes\">\n  <div class=\"row\">\n\n    <div class=\"col-sm\" id=\"boxes-concursos\">\n      <div style=\"background-color: #005DAD;\" class=\"conteudo-concursos\" id=\"box-concursos\">\n        <h3 class=\"titulo-assinatura\">Concursos Abertos<\/h3>\n        <p class=\"subtitulo-assinatura\">Confira os editais publicados<\/p>\n        <div class=\"box-botao\">\n          <a class=\"btn-assinatura\" target=\"_blank\" href=\"https:\/\/www.estrategiaconcursos.com.br\/blog\/concursos-abertos\/\" role=\"button\" rel=\"noopener noreferrer\">Conhe\u00e7a Agora<\/a>\n        <\/div>\n      <\/div>\n    <\/div>\n\n    <div class=\"col-sm\" id=\"boxes-concursos\">\n      <div style=\"background-color: #419FF0;\" class=\"conteudo-concursos\" id=\"box-concursos\">\n        <h3 class=\"titulo-assinatura\">Concursos 2021<\/h3>\n        <p class=\"subtitulo-assinatura\">Confira as oportunidades previstas<\/p>\n        <div class=\"box-botao\">\n          <a class=\"btn-assinatura\" target=\"_blank\" href=\"https:\/\/www.estrategiaconcursos.com.br\/blog\/concursos-2021\/\" role=\"button\" rel=\"noopener noreferrer\">Conhe\u00e7a Agora<\/a>\n        <\/div>\n      <\/div>\n    <\/div>\n\n  <\/div>\n<\/div>\n","protected":false},"excerpt":{"rendered":"<p>J\u00e1 est\u00e1 dispon\u00edvel para consulta a estat\u00edstica de inscritos do concurso da prefeitura de Ferraz de Vasconcelos, munic\u00edpio do estado de S\u00e3o Paulo. Foram registrados no total, 5.561 candidatos inscritos. Ao todo, s\u00e3o ofertadas 83 vagas para dez cargos de n\u00edveis fundamental, m\u00e9dio e superior. Os interessados em participar tiveram que acessar o site da [&hellip;]<\/p>\n","protected":false},"author":1,"featured_media":622053,"comment_status":"open","ping_status":"closed","sticky":false,"template":"","format":"standard","meta":{"post_tipo":"news","footnotes":""},"categories":[1],"tags":[],"tax_estado":[219989],"class_list":["post-728056","post","type-post","status-publish","format-standard","has-post-thumbnail","hentry","category-cursos-e-concursos","tax_estado-sp"],"acf":[],"yoast_head":"<!-- This site is optimized with the Yoast SEO Premium plugin v27.2 (Yoast SEO v27.2) - https:\/\/yoast.com\/product\/yoast-seo-premium-wordpress\/ -->\n<title>Publicada estat\u00edstica de inscritos do concurso Ferraz de Vasconcelos<\/title>\n<meta name=\"description\" content=\"J\u00e1 est\u00e1 dispon\u00edvel para consulta a estat\u00edstica de inscritos do concurso Ferraz de Vasconcelos. Confira detalhes no site do Estrat\u00e9gia!\" \/>\n<meta name=\"robots\" content=\"index, follow, max-snippet:-1, max-image-preview:large, max-video-preview:-1\" \/>\n<link rel=\"canonical\" href=\"https:\/\/www.estrategiaconcursos.com.br\/blog\/inscritos-do-concurso-ferraz-de-vasconcelos\/\" \/>\n<meta property=\"og:locale\" content=\"pt_BR\" \/>\n<meta property=\"og:type\" content=\"article\" \/>\n<meta property=\"og:title\" content=\"Publicada estat\u00edstica de inscritos do concurso Ferraz de Vasconcelos\" \/>\n<meta property=\"og:description\" content=\"J\u00e1 est\u00e1 dispon\u00edvel para consulta a estat\u00edstica de inscritos do concurso Ferraz de Vasconcelos. Confira detalhes no site do Estrat\u00e9gia!\" \/>\n<meta property=\"og:url\" content=\"https:\/\/www.estrategiaconcursos.com.br\/blog\/inscritos-do-concurso-ferraz-de-vasconcelos\/\" \/>\n<meta property=\"og:site_name\" content=\"Estrat\u00e9gia Concursos\" \/>\n<meta property=\"article:author\" content=\"https:\/\/www.facebook.com\/EstrategiaConcursos\" \/>\n<meta property=\"article:published_time\" content=\"2021-04-30T14:30:00+00:00\" \/>\n<meta property=\"article:modified_time\" content=\"2021-05-03T18:50:39+00:00\" \/>\n<meta property=\"og:image\" content=\"https:\/\/dhg1h5j42swfq.cloudfront.net\/2020\/12\/03105146\/Prefeitura_Ferraz_de_Vasconcelos_SP.jpg\" \/>\n\t<meta property=\"og:image:width\" content=\"1200\" \/>\n\t<meta property=\"og:image:height\" content=\"628\" \/>\n\t<meta property=\"og:image:type\" content=\"image\/jpeg\" \/>\n<meta name=\"author\" content=\"Coordena\u00e7\u00e3o\" \/>\n<meta name=\"twitter:card\" content=\"summary_large_image\" \/>\n<meta name=\"twitter:creator\" content=\"@EstratConcursos\" \/>\n<meta name=\"twitter:site\" content=\"@EstratConcursos\" \/>\n<meta name=\"twitter:label1\" content=\"Escrito por\" \/>\n\t<meta name=\"twitter:data1\" content=\"Coordena\u00e7\u00e3o\" \/>\n\t<meta name=\"twitter:label2\" content=\"Est. tempo de leitura\" \/>\n\t<meta name=\"twitter:data2\" content=\"2 minutos\" \/>\n<script type=\"application\/ld+json\" class=\"yoast-schema-graph\">{\"@context\":\"https:\/\/schema.org\",\"@graph\":[{\"@type\":\"NewsArticle\",\"@id\":\"https:\/\/www.estrategiaconcursos.com.br\/blog\/inscritos-do-concurso-ferraz-de-vasconcelos\/#article\",\"isPartOf\":{\"@id\":\"https:\/\/www.estrategiaconcursos.com.br\/blog\/inscritos-do-concurso-ferraz-de-vasconcelos\/\"},\"author\":{\"name\":\"Coordena\u00e7\u00e3o\",\"@id\":\"https:\/\/www.estrategiaconcursos.com.br\/blog\/#\/schema\/person\/b4a388c97673c5f483d72185668afa1f\"},\"headline\":\"Publicada estat\u00edstica de inscritos do concurso Ferraz de Vasconcelos\",\"datePublished\":\"2021-04-30T14:30:00+00:00\",\"dateModified\":\"2021-05-03T18:50:39+00:00\",\"mainEntityOfPage\":{\"@id\":\"https:\/\/www.estrategiaconcursos.com.br\/blog\/inscritos-do-concurso-ferraz-de-vasconcelos\/\"},\"wordCount\":354,\"commentCount\":0,\"publisher\":{\"@id\":\"https:\/\/www.estrategiaconcursos.com.br\/blog\/#organization\"},\"image\":{\"@id\":\"https:\/\/www.estrategiaconcursos.com.br\/blog\/inscritos-do-concurso-ferraz-de-vasconcelos\/#primaryimage\"},\"thumbnailUrl\":\"https:\/\/dhg1h5j42swfq.cloudfront.net\/2020\/12\/03105146\/Prefeitura_Ferraz_de_Vasconcelos_SP.jpg\",\"articleSection\":[\"Concursos P\u00fablicos\"],\"inLanguage\":\"pt-BR\",\"potentialAction\":[{\"@type\":\"CommentAction\",\"name\":\"Comment\",\"target\":[\"https:\/\/www.estrategiaconcursos.com.br\/blog\/inscritos-do-concurso-ferraz-de-vasconcelos\/#respond\"]}],\"copyrightYear\":\"2021\",\"copyrightHolder\":{\"@id\":\"https:\/\/www.estrategiaconcursos.com.br\/blog\/#organization\"}},{\"@type\":\"WebPage\",\"@id\":\"https:\/\/www.estrategiaconcursos.com.br\/blog\/inscritos-do-concurso-ferraz-de-vasconcelos\/\",\"url\":\"https:\/\/www.estrategiaconcursos.com.br\/blog\/inscritos-do-concurso-ferraz-de-vasconcelos\/\",\"name\":\"Publicada estat\u00edstica de inscritos do concurso Ferraz de Vasconcelos\",\"isPartOf\":{\"@id\":\"https:\/\/www.estrategiaconcursos.com.br\/blog\/#website\"},\"primaryImageOfPage\":{\"@id\":\"https:\/\/www.estrategiaconcursos.com.br\/blog\/inscritos-do-concurso-ferraz-de-vasconcelos\/#primaryimage\"},\"image\":{\"@id\":\"https:\/\/www.estrategiaconcursos.com.br\/blog\/inscritos-do-concurso-ferraz-de-vasconcelos\/#primaryimage\"},\"thumbnailUrl\":\"https:\/\/dhg1h5j42swfq.cloudfront.net\/2020\/12\/03105146\/Prefeitura_Ferraz_de_Vasconcelos_SP.jpg\",\"datePublished\":\"2021-04-30T14:30:00+00:00\",\"dateModified\":\"2021-05-03T18:50:39+00:00\",\"description\":\"J\u00e1 est\u00e1 dispon\u00edvel para consulta a estat\u00edstica de inscritos do concurso Ferraz de Vasconcelos. Confira detalhes no site do Estrat\u00e9gia!\",\"breadcrumb\":{\"@id\":\"https:\/\/www.estrategiaconcursos.com.br\/blog\/inscritos-do-concurso-ferraz-de-vasconcelos\/#breadcrumb\"},\"inLanguage\":\"pt-BR\",\"potentialAction\":[{\"@type\":\"ReadAction\",\"target\":[\"https:\/\/www.estrategiaconcursos.com.br\/blog\/inscritos-do-concurso-ferraz-de-vasconcelos\/\"]}]},{\"@type\":\"ImageObject\",\"inLanguage\":\"pt-BR\",\"@id\":\"https:\/\/www.estrategiaconcursos.com.br\/blog\/inscritos-do-concurso-ferraz-de-vasconcelos\/#primaryimage\",\"url\":\"https:\/\/dhg1h5j42swfq.cloudfront.net\/2020\/12\/03105146\/Prefeitura_Ferraz_de_Vasconcelos_SP.jpg\",\"contentUrl\":\"https:\/\/dhg1h5j42swfq.cloudfront.net\/2020\/12\/03105146\/Prefeitura_Ferraz_de_Vasconcelos_SP.jpg\",\"width\":1200,\"height\":628,\"caption\":\"Concurso Ferraz de Vasconcelos\"},{\"@type\":\"BreadcrumbList\",\"@id\":\"https:\/\/www.estrategiaconcursos.com.br\/blog\/inscritos-do-concurso-ferraz-de-vasconcelos\/#breadcrumb\",\"itemListElement\":[{\"@type\":\"ListItem\",\"position\":1,\"name\":\"In\u00edcio\",\"item\":\"https:\/\/www.estrategiaconcursos.com.br\/blog\/\"},{\"@type\":\"ListItem\",\"position\":2,\"name\":\"Publicada estat\u00edstica de inscritos do concurso Ferraz de Vasconcelos\"}]},{\"@type\":\"WebSite\",\"@id\":\"https:\/\/www.estrategiaconcursos.com.br\/blog\/#website\",\"url\":\"https:\/\/www.estrategiaconcursos.com.br\/blog\/\",\"name\":\"Estrat\u00e9gia Concursos\",\"description\":\"O blog da Estrat\u00e9gia Concursos traz not\u00edcias sobre concursos e artigos de professores oferecendo cursos para concursos (pdf + videaulas) no site.\",\"publisher\":{\"@id\":\"https:\/\/www.estrategiaconcursos.com.br\/blog\/#organization\"},\"potentialAction\":[{\"@type\":\"SearchAction\",\"target\":{\"@type\":\"EntryPoint\",\"urlTemplate\":\"https:\/\/www.estrategiaconcursos.com.br\/blog\/?s={search_term_string}\"},\"query-input\":{\"@type\":\"PropertyValueSpecification\",\"valueRequired\":true,\"valueName\":\"search_term_string\"}}],\"inLanguage\":\"pt-BR\"},{\"@type\":\"Organization\",\"@id\":\"https:\/\/www.estrategiaconcursos.com.br\/blog\/#organization\",\"name\":\"Estrat\u00e9gia Concursos\",\"url\":\"https:\/\/www.estrategiaconcursos.com.br\/blog\/\",\"logo\":{\"@type\":\"ImageObject\",\"inLanguage\":\"pt-BR\",\"@id\":\"https:\/\/www.estrategiaconcursos.com.br\/blog\/#\/schema\/logo\/image\/\",\"url\":\"https:\/\/dhg1h5j42swfq.cloudfront.net\/2025\/06\/03203428\/logo_concursos-1.jpg\",\"contentUrl\":\"https:\/\/dhg1h5j42swfq.cloudfront.net\/2025\/06\/03203428\/logo_concursos-1.jpg\",\"width\":230,\"height\":60,\"caption\":\"Estrat\u00e9gia Concursos\"},\"image\":{\"@id\":\"https:\/\/www.estrategiaconcursos.com.br\/blog\/#\/schema\/logo\/image\/\"},\"sameAs\":[\"https:\/\/x.com\/EstratConcursos\"]},{\"@type\":\"Person\",\"@id\":\"https:\/\/www.estrategiaconcursos.com.br\/blog\/#\/schema\/person\/b4a388c97673c5f483d72185668afa1f\",\"name\":\"Coordena\u00e7\u00e3o\",\"image\":{\"@type\":\"ImageObject\",\"inLanguage\":\"pt-BR\",\"@id\":\"https:\/\/secure.gravatar.com\/avatar\/b720319e4c9a967eb58678d110f4fe35452fc5d5f97b202bac7b8acceb18c6ad?s=96&d=mm&r=g\",\"url\":\"https:\/\/secure.gravatar.com\/avatar\/b720319e4c9a967eb58678d110f4fe35452fc5d5f97b202bac7b8acceb18c6ad?s=96&d=mm&r=g\",\"contentUrl\":\"https:\/\/secure.gravatar.com\/avatar\/b720319e4c9a967eb58678d110f4fe35452fc5d5f97b202bac7b8acceb18c6ad?s=96&d=mm&r=g\",\"caption\":\"Coordena\u00e7\u00e3o\"},\"sameAs\":[\"https:\/\/www.facebook.com\/EstrategiaConcursos\",\"https:\/\/x.com\/EstratConcursos\"],\"url\":\"https:\/\/www.estrategiaconcursos.com.br\/blog\/author\/estrategia2013\/\"}]}<\/script>\n<!-- \/ Yoast SEO Premium plugin. -->","yoast_head_json":{"title":"Publicada estat\u00edstica de inscritos do concurso Ferraz de Vasconcelos","description":"J\u00e1 est\u00e1 dispon\u00edvel para consulta a estat\u00edstica de inscritos do concurso Ferraz de Vasconcelos. Confira detalhes no site do Estrat\u00e9gia!","robots":{"index":"index","follow":"follow","max-snippet":"max-snippet:-1","max-image-preview":"max-image-preview:large","max-video-preview":"max-video-preview:-1"},"canonical":"https:\/\/www.estrategiaconcursos.com.br\/blog\/inscritos-do-concurso-ferraz-de-vasconcelos\/","og_locale":"pt_BR","og_type":"article","og_title":"Publicada estat\u00edstica de inscritos do concurso Ferraz de Vasconcelos","og_description":"J\u00e1 est\u00e1 dispon\u00edvel para consulta a estat\u00edstica de inscritos do concurso Ferraz de Vasconcelos. Confira detalhes no site do Estrat\u00e9gia!","og_url":"https:\/\/www.estrategiaconcursos.com.br\/blog\/inscritos-do-concurso-ferraz-de-vasconcelos\/","og_site_name":"Estrat\u00e9gia Concursos","article_author":"https:\/\/www.facebook.com\/EstrategiaConcursos","article_published_time":"2021-04-30T14:30:00+00:00","article_modified_time":"2021-05-03T18:50:39+00:00","og_image":[{"width":1200,"height":628,"url":"https:\/\/dhg1h5j42swfq.cloudfront.net\/2020\/12\/03105146\/Prefeitura_Ferraz_de_Vasconcelos_SP.jpg","type":"image\/jpeg"}],"author":"Coordena\u00e7\u00e3o","twitter_card":"summary_large_image","twitter_creator":"@EstratConcursos","twitter_site":"@EstratConcursos","twitter_misc":{"Escrito por":"Coordena\u00e7\u00e3o","Est. tempo de leitura":"2 minutos"},"schema":{"@context":"https:\/\/schema.org","@graph":[{"@type":"NewsArticle","@id":"https:\/\/www.estrategiaconcursos.com.br\/blog\/inscritos-do-concurso-ferraz-de-vasconcelos\/#article","isPartOf":{"@id":"https:\/\/www.estrategiaconcursos.com.br\/blog\/inscritos-do-concurso-ferraz-de-vasconcelos\/"},"author":{"name":"Coordena\u00e7\u00e3o","@id":"https:\/\/www.estrategiaconcursos.com.br\/blog\/#\/schema\/person\/b4a388c97673c5f483d72185668afa1f"},"headline":"Publicada estat\u00edstica de inscritos do concurso Ferraz de Vasconcelos","datePublished":"2021-04-30T14:30:00+00:00","dateModified":"2021-05-03T18:50:39+00:00","mainEntityOfPage":{"@id":"https:\/\/www.estrategiaconcursos.com.br\/blog\/inscritos-do-concurso-ferraz-de-vasconcelos\/"},"wordCount":354,"commentCount":0,"publisher":{"@id":"https:\/\/www.estrategiaconcursos.com.br\/blog\/#organization"},"image":{"@id":"https:\/\/www.estrategiaconcursos.com.br\/blog\/inscritos-do-concurso-ferraz-de-vasconcelos\/#primaryimage"},"thumbnailUrl":"https:\/\/dhg1h5j42swfq.cloudfront.net\/2020\/12\/03105146\/Prefeitura_Ferraz_de_Vasconcelos_SP.jpg","articleSection":["Concursos P\u00fablicos"],"inLanguage":"pt-BR","potentialAction":[{"@type":"CommentAction","name":"Comment","target":["https:\/\/www.estrategiaconcursos.com.br\/blog\/inscritos-do-concurso-ferraz-de-vasconcelos\/#respond"]}],"copyrightYear":"2021","copyrightHolder":{"@id":"https:\/\/www.estrategiaconcursos.com.br\/blog\/#organization"}},{"@type":"WebPage","@id":"https:\/\/www.estrategiaconcursos.com.br\/blog\/inscritos-do-concurso-ferraz-de-vasconcelos\/","url":"https:\/\/www.estrategiaconcursos.com.br\/blog\/inscritos-do-concurso-ferraz-de-vasconcelos\/","name":"Publicada estat\u00edstica de inscritos do concurso Ferraz de Vasconcelos","isPartOf":{"@id":"https:\/\/www.estrategiaconcursos.com.br\/blog\/#website"},"primaryImageOfPage":{"@id":"https:\/\/www.estrategiaconcursos.com.br\/blog\/inscritos-do-concurso-ferraz-de-vasconcelos\/#primaryimage"},"image":{"@id":"https:\/\/www.estrategiaconcursos.com.br\/blog\/inscritos-do-concurso-ferraz-de-vasconcelos\/#primaryimage"},"thumbnailUrl":"https:\/\/dhg1h5j42swfq.cloudfront.net\/2020\/12\/03105146\/Prefeitura_Ferraz_de_Vasconcelos_SP.jpg","datePublished":"2021-04-30T14:30:00+00:00","dateModified":"2021-05-03T18:50:39+00:00","description":"J\u00e1 est\u00e1 dispon\u00edvel para consulta a estat\u00edstica de inscritos do concurso Ferraz de Vasconcelos. Confira detalhes no site do Estrat\u00e9gia!","breadcrumb":{"@id":"https:\/\/www.estrategiaconcursos.com.br\/blog\/inscritos-do-concurso-ferraz-de-vasconcelos\/#breadcrumb"},"inLanguage":"pt-BR","potentialAction":[{"@type":"ReadAction","target":["https:\/\/www.estrategiaconcursos.com.br\/blog\/inscritos-do-concurso-ferraz-de-vasconcelos\/"]}]},{"@type":"ImageObject","inLanguage":"pt-BR","@id":"https:\/\/www.estrategiaconcursos.com.br\/blog\/inscritos-do-concurso-ferraz-de-vasconcelos\/#primaryimage","url":"https:\/\/dhg1h5j42swfq.cloudfront.net\/2020\/12\/03105146\/Prefeitura_Ferraz_de_Vasconcelos_SP.jpg","contentUrl":"https:\/\/dhg1h5j42swfq.cloudfront.net\/2020\/12\/03105146\/Prefeitura_Ferraz_de_Vasconcelos_SP.jpg","width":1200,"height":628,"caption":"Concurso Ferraz de Vasconcelos"},{"@type":"BreadcrumbList","@id":"https:\/\/www.estrategiaconcursos.com.br\/blog\/inscritos-do-concurso-ferraz-de-vasconcelos\/#breadcrumb","itemListElement":[{"@type":"ListItem","position":1,"name":"In\u00edcio","item":"https:\/\/www.estrategiaconcursos.com.br\/blog\/"},{"@type":"ListItem","position":2,"name":"Publicada estat\u00edstica de inscritos do concurso Ferraz de Vasconcelos"}]},{"@type":"WebSite","@id":"https:\/\/www.estrategiaconcursos.com.br\/blog\/#website","url":"https:\/\/www.estrategiaconcursos.com.br\/blog\/","name":"Estrat\u00e9gia Concursos","description":"O blog da Estrat\u00e9gia Concursos traz not\u00edcias sobre concursos e artigos de professores oferecendo cursos para concursos (pdf + videaulas) no site.","publisher":{"@id":"https:\/\/www.estrategiaconcursos.com.br\/blog\/#organization"},"potentialAction":[{"@type":"SearchAction","target":{"@type":"EntryPoint","urlTemplate":"https:\/\/www.estrategiaconcursos.com.br\/blog\/?s={search_term_string}"},"query-input":{"@type":"PropertyValueSpecification","valueRequired":true,"valueName":"search_term_string"}}],"inLanguage":"pt-BR"},{"@type":"Organization","@id":"https:\/\/www.estrategiaconcursos.com.br\/blog\/#organization","name":"Estrat\u00e9gia Concursos","url":"https:\/\/www.estrategiaconcursos.com.br\/blog\/","logo":{"@type":"ImageObject","inLanguage":"pt-BR","@id":"https:\/\/www.estrategiaconcursos.com.br\/blog\/#\/schema\/logo\/image\/","url":"https:\/\/dhg1h5j42swfq.cloudfront.net\/2025\/06\/03203428\/logo_concursos-1.jpg","contentUrl":"https:\/\/dhg1h5j42swfq.cloudfront.net\/2025\/06\/03203428\/logo_concursos-1.jpg","width":230,"height":60,"caption":"Estrat\u00e9gia Concursos"},"image":{"@id":"https:\/\/www.estrategiaconcursos.com.br\/blog\/#\/schema\/logo\/image\/"},"sameAs":["https:\/\/x.com\/EstratConcursos"]},{"@type":"Person","@id":"https:\/\/www.estrategiaconcursos.com.br\/blog\/#\/schema\/person\/b4a388c97673c5f483d72185668afa1f","name":"Coordena\u00e7\u00e3o","image":{"@type":"ImageObject","inLanguage":"pt-BR","@id":"https:\/\/secure.gravatar.com\/avatar\/b720319e4c9a967eb58678d110f4fe35452fc5d5f97b202bac7b8acceb18c6ad?s=96&d=mm&r=g","url":"https:\/\/secure.gravatar.com\/avatar\/b720319e4c9a967eb58678d110f4fe35452fc5d5f97b202bac7b8acceb18c6ad?s=96&d=mm&r=g","contentUrl":"https:\/\/secure.gravatar.com\/avatar\/b720319e4c9a967eb58678d110f4fe35452fc5d5f97b202bac7b8acceb18c6ad?s=96&d=mm&r=g","caption":"Coordena\u00e7\u00e3o"},"sameAs":["https:\/\/www.facebook.com\/EstrategiaConcursos","https:\/\/x.com\/EstratConcursos"],"url":"https:\/\/www.estrategiaconcursos.com.br\/blog\/author\/estrategia2013\/"}]}},"_links":{"self":[{"href":"https:\/\/www.estrategiaconcursos.com.br\/blog\/wp-json\/wp\/v2\/posts\/728056","targetHints":{"allow":["GET"]}}],"collection":[{"href":"https:\/\/www.estrategiaconcursos.com.br\/blog\/wp-json\/wp\/v2\/posts"}],"about":[{"href":"https:\/\/www.estrategiaconcursos.com.br\/blog\/wp-json\/wp\/v2\/types\/post"}],"author":[{"embeddable":true,"href":"https:\/\/www.estrategiaconcursos.com.br\/blog\/wp-json\/wp\/v2\/users\/1"}],"replies":[{"embeddable":true,"href":"https:\/\/www.estrategiaconcursos.com.br\/blog\/wp-json\/wp\/v2\/comments?post=728056"}],"version-history":[{"count":12,"href":"https:\/\/www.estrategiaconcursos.com.br\/blog\/wp-json\/wp\/v2\/posts\/728056\/revisions"}],"predecessor-version":[{"id":729976,"href":"https:\/\/www.estrategiaconcursos.com.br\/blog\/wp-json\/wp\/v2\/posts\/728056\/revisions\/729976"}],"wp:featuredmedia":[{"embeddable":true,"href":"https:\/\/www.estrategiaconcursos.com.br\/blog\/wp-json\/wp\/v2\/media\/622053"}],"wp:attachment":[{"href":"https:\/\/www.estrategiaconcursos.com.br\/blog\/wp-json\/wp\/v2\/media?parent=728056"}],"wp:term":[{"taxonomy":"category","embeddable":true,"href":"https:\/\/www.estrategiaconcursos.com.br\/blog\/wp-json\/wp\/v2\/categories?post=728056"},{"taxonomy":"post_tag","embeddable":true,"href":"https:\/\/www.estrategiaconcursos.com.br\/blog\/wp-json\/wp\/v2\/tags?post=728056"},{"taxonomy":"tax_estado","embeddable":true,"href":"https:\/\/www.estrategiaconcursos.com.br\/blog\/wp-json\/wp\/v2\/tax_estado?post=728056"}],"curies":[{"name":"wp","href":"https:\/\/api.w.org\/{rel}","templated":true}]}}