{"id":727713,"date":"2021-04-30T09:15:19","date_gmt":"2021-04-30T12:15:19","guid":{"rendered":"https:\/\/www.estrategiaconcursos.com.br\/blog\/?p=727713"},"modified":"2021-04-30T10:04:43","modified_gmt":"2021-04-30T13:04:43","slug":"prf-divulga-locais-de-prova","status":"publish","type":"post","link":"https:\/\/www.estrategiaconcursos.com.br\/blog\/prf-divulga-locais-de-prova\/","title":{"rendered":"PRF divulga detalhes sobre os locais de prova! Confira!"},"content":{"rendered":"\n<p>Aten\u00e7\u00e3o! Foram publicados, nesta sexta-feira, 30 de abril, o edital de convoca\u00e7\u00e3o com os locais e hor\u00e1rios de provas do concurso PRF. A partir do dia <strong>04 de maio<\/strong>, os candidatos poder\u00e3o consultar as informa\u00e7\u00f5es no site da banca organizadora, o <a href=\"https:\/\/www.cebraspe.org.br\/concursos\/prf_21\" target=\"_blank\" rel=\"noreferrer noopener\">Cebraspe<\/a>.<\/p>\n\n\n\n<p>A prova objetiva e a prova discursiva ter\u00e3o a dura\u00e7\u00e3o de 4 horas e 30 minutos e ser\u00e3o aplicadas na data prevista de 9 de maio de 2021, \u00e0s 14 horas.<\/p>\n\n\n\n<p>O documento ressalta que <strong>a cidade de prova escolhida pelo candidato no momento da inscri\u00e7\u00e3o poder\u00e1 n\u00e3o ser a mesma onde o candidato realizar\u00e1 a etapa<\/strong>, conforme disposto no subitem 1.4.1 do Edital da PRF, de 18 de janeiro de 2021.<\/p>\n\n\n\n<h2 class=\"has-text-align-center has-cyan-bluish-gray-background-color has-background has-medium-font-size wp-block-heading\" id=\"h-locais-de-prova-concurso-prf\"><a href=\"https:\/\/www.in.gov.br\/en\/web\/dou\/-\/edital-concurso-prf-n-7-de-29-de-abril-de-2021-317124435\" target=\"_blank\" rel=\"noreferrer noopener\">Locais de prova &#8211; concurso PRF<\/a><\/h2>\n\n\n\n<h3 class=\"wp-block-heading\" id=\"h-medidas-de-prote-o-ao-coronav-rus\">Medidas de prote\u00e7\u00e3o ao coronav\u00edrus<\/h3>\n\n\n\n<p>Por ocasi\u00e3o da realiza\u00e7\u00e3o das provas, e tendo em vista as medidas de prote\u00e7\u00e3o \u00e0 transmiss\u00e3o do coronav\u00edrus adotadas pelo Cebraspe, o candidato dever\u00e1:<\/p>\n\n\n\n<ul class=\"wp-block-list\"><li>a) comparecer ao local de aplica\u00e7\u00e3o usando m\u00e1scara e portando m\u00e1scaras reservas, se necess\u00e1rio, de modo a possibilitar a troca de sua m\u00e1scara a cada duas horas;<\/li><li>b) armazenar as m\u00e1scaras usadas em saco pl\u00e1stico transparente, que dever\u00e1 ser trazido pelo candidato;<\/li><li>c) permanecer de m\u00e1scara durante todo o tempo em que estiver nas depend\u00eancias dos locais de aplica\u00e7\u00e3o de provas;<\/li><li>d) submeter-se \u00e0 verifica\u00e7\u00e3o da temperatura corporal para acesso ao local de aplica\u00e7\u00e3o, observado o subitem 6.1.5 deste edital;<\/li><li>e) observar o distanciamento adequado, conforme demarca\u00e7\u00e3o do piso com fita adesiva em frente ao port\u00e3o de acesso ao local de aplica\u00e7\u00e3o, na entrada das salas de provas e dos banheiros;<\/li><li>f) observar o distanciamento m\u00ednimo exigido na legisla\u00e7\u00e3o aplic\u00e1vel entre os candidatos e entre membros da equipe de aplica\u00e7\u00e3o nas salas de aplica\u00e7\u00e3o das provas;<\/li><li>g) verificar o seu hor\u00e1rio de acesso ao local de provas, conforme informado na consulta individual, em link espec\u00edfico, em que ser\u00e3o disponibilizadas as informa\u00e7\u00f5es relativas a seu grupo e a seu hor\u00e1rio de entrada;<\/li><li>h) submeter-se a pr\u00e9-identifica\u00e7\u00e3o realizada pela equipe de campo na chegada dos candidatos ao local de aplica\u00e7\u00e3o, sem contato f\u00edsico e sem o manuseio de documentos ou de qualquer outro objeto dos candidatos, podendo ser solicitado que o candidato abaixe a sua m\u00e1scara, de modo a permitir a visualiza\u00e7\u00e3o do seu rosto &#8211; concedendo-se somente ao candidato a manipula\u00e7\u00e3o de sua m\u00e1scara -, mantendo-se o distanciamento m\u00ednimo exigido na legisla\u00e7\u00e3o aplic\u00e1vel de qualquer outro candidato ou membro da equipe de aplica\u00e7\u00e3o;<\/li><li>i) permanecer de m\u00e1scara ao se retirar de sala para uso dos banheiros e observar os procedimentos de higieniza\u00e7\u00e3o das m\u00e3os nesses ambientes;<\/li><li>j) manter os cabelos arrumados de forma que n\u00e3o caiam sobre sua face enquanto estiver dentro dos locais de aplica\u00e7\u00e3o;<\/li><li>k) submeter-se ao controle de sa\u00edda dos candidatos ao t\u00e9rmino das provas para evitar aglomera\u00e7\u00e3o.<\/li><\/ul>\n\n\n\n<h2 class=\"wp-block-heading\" id=\"h-sobre-o-concurso-prf\">Sobre o concurso PRF<\/h2>\n\n\n\n<p>Ao todo, s\u00e3o ofertadas&nbsp;<strong>1.500 vagas<\/strong>, sendo 1.125 para ampla concorr\u00eancia, 300 para negros e 75 para candidatos com defici\u00eancia. O sal\u00e1rio deste&nbsp;<a href=\"https:\/\/www.estrategiaconcursos.com.br\/blog\/concursos-de-policia\/\" target=\"_blank\" rel=\"noreferrer noopener\">concurso policial<\/a>&nbsp;\u00e9 na forma de subs\u00eddio. No in\u00edcio de carreira, o Policial Rodovi\u00e1rio Federal recebe o&nbsp;<strong>subs\u00eddio de R$ 9.899,88.<\/strong><\/p>\n\n\n\n<p class=\"has-text-align-center\"><strong>O Estrat\u00e9gia Concursos segue atento \u00e0s informa\u00e7\u00f5es sobre os locais de provas do concurso PRF e noticiar\u00e1 eventuais mudan\u00e7as. Confira todas as not\u00edcias sobre o concurso PRF no link abaixo:<\/strong><\/p>\n\n\n\n<p class=\"has-text-align-center has-luminous-vivid-amber-background-color has-background has-medium-font-size\"><strong><a href=\"https:\/\/www.estrategiaconcursos.com.br\/blog\/concurso-prf-3\/\" target=\"_blank\" rel=\"noreferrer noopener\">Concurso PRF<\/a><\/strong><\/p>\n\n\n\n<p class=\"has-text-align-center has-pale-cyan-blue-background-color has-background has-medium-font-size\"><strong><a href=\"https:\/\/www.estrategiaconcursos.com.br\/blog\/concursos-de-policia\/\" target=\"_blank\" rel=\"noreferrer noopener\">CONCURSOS POLICIAIS<\/a><\/strong><\/p>\n\n\n\n<div id=\"boxes\" class=\"container\">\n<div class=\"row\">\n<div class=\"col-sm\">\n<div id=\"box-assinatura\" class=\"banner-policial\">\n<h3 class=\"titulo-assinatura\">Curso PRF<\/h3>\n<p class=\"subtitulo-assinatura\">Conhe\u00e7a os cursos<\/p>\n<div class=\"box-botao\"><a class=\"btn-assinatura\" role=\"button\" href=\"https:\/\/www.estrategiaconcursos.com.br\/cursosPorConcurso\/prf-policial-rodoviario-federal\/\/\" target=\"_blank\" rel=\"noopener noreferrer\">Conhe\u00e7a mais<\/a><\/div>\n<\/div>\n<p class=\"texto-auxiliar\">Prepare-se com o melhor material e com quem mais aprova em Concursos P\u00fablicos em todo o pa\u00eds.<\/p>\n<\/div>\n<\/div>\n<\/div>\n\n\n\n<div id=\"boxes\" class=\"container\">\n<div class=\"row\">\n<div class=\"col-sm\">\n<div id=\"box-assinatura\" class=\"estrategia\">\n<h3 class=\"titulo-assinatura\">Assinatura de Concursos<\/h3>\n<p class=\"subtitulo-assinatura\">Assinatura de 1 ou 2 anos*<\/p>\n<div class=\"box-botao\"><a class=\"btn-assinatura\" role=\"button\" href=\"https:\/\/www.estrategiaconcursos.com.br\/assinaturas\/\" target=\"_blank\" rel=\"noopener noreferrer\">ASSINE AGORA<\/a><\/div>\n<\/div>\n<p <=\"\" p=\"\">\n<\/p><\/div>\n<div class=\"col-sm\">\n<div id=\"box-assinatura\" class=\"questoes\">\n<h3 class=\"titulo-assinatura\">Sistema de Quest\u00f5es<\/h3>\n<p class=\"subtitulo-assinatura\">Assinatura de 1 ou 2 anos<\/p>\n<div class=\"box-botao\"><a class=\"btn-assinatura\" role=\"button\" href=\"https:\/\/www.estrategiaconcursos.com.br\/cursosPorConcurso\/sistema-de-questoes\/#\/\" target=\"_blank\" rel=\"noopener noreferrer\">ASSINE AGORA<\/a><\/div>\n<\/div>\n<p <=\"\" p=\"\">\n<\/p><\/div>\n<\/div>\n<\/div>\n\n\n\n<div id=\"boxes\" class=\"container\">\n<div class=\"row\">\n<div id=\"boxes-concursos\" class=\"col-sm\">\n<div id=\"box-concursos\" class=\"conteudo-concursos\" style=\"background-color: #005dad;\">\n<h3 class=\"titulo-assinatura\">Concursos Abertos<\/h3>\n<p class=\"subtitulo-assinatura\">mais de 15 mil vagas<\/p>\n<div class=\"box-botao\"><a class=\"btn-assinatura\" role=\"button\" href=\"https:\/\/www.estrategiaconcursos.com.br\/blog\/concursos-abertos\/\" target=\"_blank\" rel=\"noopener noreferrer\">Conhe\u00e7a Agora<\/a><\/div>\n<\/div>\n<\/div>\n<div id=\"boxes-concursos\" class=\"col-sm\">\n<div id=\"box-concursos\" class=\"conteudo-concursos\" style=\"background-color: #419ff0;\">\n<h3 class=\"titulo-assinatura\">Concursos 2021<\/h3>\n<p class=\"subtitulo-assinatura\">mais de 17 mil vagas<\/p>\n<div class=\"box-botao\"><a class=\"btn-assinatura\" role=\"button\" href=\"https:\/\/www.estrategiaconcursos.com.br\/blog\/concursos-2021\/\" target=\"_blank\" rel=\"noopener noreferrer\">Conhe\u00e7a Agora<\/a><\/div>\n<\/div>\n<\/div>\n<\/div>\n<\/div>\n","protected":false},"excerpt":{"rendered":"<p>Aten\u00e7\u00e3o! Foram publicados, nesta sexta-feira, 30 de abril, o edital de convoca\u00e7\u00e3o com os locais e hor\u00e1rios de provas do concurso PRF. A partir do dia 04 de maio, os candidatos poder\u00e3o consultar as informa\u00e7\u00f5es no site da banca organizadora, o Cebraspe. A prova objetiva e a prova discursiva ter\u00e3o a dura\u00e7\u00e3o de 4 horas [&hellip;]<\/p>\n","protected":false},"author":48,"featured_media":664866,"comment_status":"open","ping_status":"closed","sticky":false,"template":"","format":"standard","meta":{"post_tipo":"news","footnotes":""},"categories":[1988],"tags":[],"tax_estado":[219963],"class_list":["post-727713","post","type-post","status-publish","format-standard","has-post-thumbnail","hentry","category-policia","tax_estado-concursos-federais"],"acf":[],"yoast_head":"<!-- This site is optimized with the Yoast SEO Premium plugin v27.2 (Yoast SEO v27.2) - https:\/\/yoast.com\/product\/yoast-seo-premium-wordpress\/ -->\n<title>PRF divulga detalhes sobre os locais de prova! Confira!<\/title>\n<meta name=\"description\" content=\"Foram publicados os locais e hor\u00e1rios de provas do concurso PRF. As provas continuam previstas para 09 de maio! Veja aqui!\" \/>\n<meta name=\"robots\" content=\"index, follow, max-snippet:-1, max-image-preview:large, max-video-preview:-1\" \/>\n<link rel=\"canonical\" href=\"https:\/\/www.estrategiaconcursos.com.br\/blog\/prf-divulga-locais-de-prova\/\" \/>\n<meta property=\"og:locale\" content=\"pt_BR\" \/>\n<meta property=\"og:type\" content=\"article\" \/>\n<meta property=\"og:title\" content=\"PRF divulga detalhes sobre os locais de prova! Confira!\" \/>\n<meta property=\"og:description\" content=\"Foram publicados os locais e hor\u00e1rios de provas do concurso PRF. As provas continuam previstas para 09 de maio! Veja aqui!\" \/>\n<meta property=\"og:url\" content=\"https:\/\/www.estrategiaconcursos.com.br\/blog\/prf-divulga-locais-de-prova\/\" \/>\n<meta property=\"og:site_name\" content=\"Estrat\u00e9gia Concursos\" \/>\n<meta property=\"article:published_time\" content=\"2021-04-30T12:15:19+00:00\" \/>\n<meta property=\"article:modified_time\" content=\"2021-04-30T13:04:43+00:00\" \/>\n<meta property=\"og:image\" content=\"https:\/\/dhg1h5j42swfq.cloudfront.net\/2021\/02\/05141122\/prf.jpg\" \/>\n\t<meta property=\"og:image:width\" content=\"309\" \/>\n\t<meta property=\"og:image:height\" content=\"163\" \/>\n\t<meta property=\"og:image:type\" content=\"image\/jpeg\" \/>\n<meta name=\"author\" content=\"Coordena\u00e7\u00e3o\" \/>\n<meta name=\"twitter:card\" content=\"summary_large_image\" \/>\n<meta name=\"twitter:creator\" content=\"@EstratConcursos\" \/>\n<meta name=\"twitter:site\" content=\"@EstratConcursos\" \/>\n<meta name=\"twitter:label1\" content=\"Escrito por\" \/>\n\t<meta name=\"twitter:data1\" content=\"Coordena\u00e7\u00e3o\" \/>\n\t<meta name=\"twitter:label2\" content=\"Est. tempo de leitura\" \/>\n\t<meta name=\"twitter:data2\" content=\"3 minutos\" \/>\n<script type=\"application\/ld+json\" class=\"yoast-schema-graph\">{\"@context\":\"https:\/\/schema.org\",\"@graph\":[{\"@type\":\"NewsArticle\",\"@id\":\"https:\/\/www.estrategiaconcursos.com.br\/blog\/prf-divulga-locais-de-prova\/#article\",\"isPartOf\":{\"@id\":\"https:\/\/www.estrategiaconcursos.com.br\/blog\/prf-divulga-locais-de-prova\/\"},\"author\":{\"name\":\"Coordena\u00e7\u00e3o\",\"@id\":\"https:\/\/www.estrategiaconcursos.com.br\/blog\/#\/schema\/person\/cdad40b5818eb228a838461fcd656da7\"},\"headline\":\"PRF divulga detalhes sobre os locais de prova! Confira!\",\"datePublished\":\"2021-04-30T12:15:19+00:00\",\"dateModified\":\"2021-04-30T13:04:43+00:00\",\"mainEntityOfPage\":{\"@id\":\"https:\/\/www.estrategiaconcursos.com.br\/blog\/prf-divulga-locais-de-prova\/\"},\"wordCount\":646,\"commentCount\":0,\"publisher\":{\"@id\":\"https:\/\/www.estrategiaconcursos.com.br\/blog\/#organization\"},\"image\":{\"@id\":\"https:\/\/www.estrategiaconcursos.com.br\/blog\/prf-divulga-locais-de-prova\/#primaryimage\"},\"thumbnailUrl\":\"https:\/\/dhg1h5j42swfq.cloudfront.net\/2021\/02\/05141122\/prf.jpg\",\"articleSection\":[\"Policial (Agente, Escriv\u00e3o e Investigador)\"],\"inLanguage\":\"pt-BR\",\"potentialAction\":[{\"@type\":\"CommentAction\",\"name\":\"Comment\",\"target\":[\"https:\/\/www.estrategiaconcursos.com.br\/blog\/prf-divulga-locais-de-prova\/#respond\"]}],\"copyrightYear\":\"2021\",\"copyrightHolder\":{\"@id\":\"https:\/\/www.estrategiaconcursos.com.br\/blog\/#organization\"}},{\"@type\":\"WebPage\",\"@id\":\"https:\/\/www.estrategiaconcursos.com.br\/blog\/prf-divulga-locais-de-prova\/\",\"url\":\"https:\/\/www.estrategiaconcursos.com.br\/blog\/prf-divulga-locais-de-prova\/\",\"name\":\"PRF divulga detalhes sobre os locais de prova! Confira!\",\"isPartOf\":{\"@id\":\"https:\/\/www.estrategiaconcursos.com.br\/blog\/#website\"},\"primaryImageOfPage\":{\"@id\":\"https:\/\/www.estrategiaconcursos.com.br\/blog\/prf-divulga-locais-de-prova\/#primaryimage\"},\"image\":{\"@id\":\"https:\/\/www.estrategiaconcursos.com.br\/blog\/prf-divulga-locais-de-prova\/#primaryimage\"},\"thumbnailUrl\":\"https:\/\/dhg1h5j42swfq.cloudfront.net\/2021\/02\/05141122\/prf.jpg\",\"datePublished\":\"2021-04-30T12:15:19+00:00\",\"dateModified\":\"2021-04-30T13:04:43+00:00\",\"description\":\"Foram publicados os locais e hor\u00e1rios de provas do concurso PRF. As provas continuam previstas para 09 de maio! Veja aqui!\",\"breadcrumb\":{\"@id\":\"https:\/\/www.estrategiaconcursos.com.br\/blog\/prf-divulga-locais-de-prova\/#breadcrumb\"},\"inLanguage\":\"pt-BR\",\"potentialAction\":[{\"@type\":\"ReadAction\",\"target\":[\"https:\/\/www.estrategiaconcursos.com.br\/blog\/prf-divulga-locais-de-prova\/\"]}]},{\"@type\":\"ImageObject\",\"inLanguage\":\"pt-BR\",\"@id\":\"https:\/\/www.estrategiaconcursos.com.br\/blog\/prf-divulga-locais-de-prova\/#primaryimage\",\"url\":\"https:\/\/dhg1h5j42swfq.cloudfront.net\/2021\/02\/05141122\/prf.jpg\",\"contentUrl\":\"https:\/\/dhg1h5j42swfq.cloudfront.net\/2021\/02\/05141122\/prf.jpg\",\"width\":309,\"height\":163,\"caption\":\"PRF 2021\"},{\"@type\":\"BreadcrumbList\",\"@id\":\"https:\/\/www.estrategiaconcursos.com.br\/blog\/prf-divulga-locais-de-prova\/#breadcrumb\",\"itemListElement\":[{\"@type\":\"ListItem\",\"position\":1,\"name\":\"In\u00edcio\",\"item\":\"https:\/\/www.estrategiaconcursos.com.br\/blog\/\"},{\"@type\":\"ListItem\",\"position\":2,\"name\":\"PRF divulga detalhes sobre os locais de prova! Confira!\"}]},{\"@type\":\"WebSite\",\"@id\":\"https:\/\/www.estrategiaconcursos.com.br\/blog\/#website\",\"url\":\"https:\/\/www.estrategiaconcursos.com.br\/blog\/\",\"name\":\"Estrat\u00e9gia Concursos\",\"description\":\"O blog da Estrat\u00e9gia Concursos traz not\u00edcias sobre concursos e artigos de professores oferecendo cursos para concursos (pdf + videaulas) no site.\",\"publisher\":{\"@id\":\"https:\/\/www.estrategiaconcursos.com.br\/blog\/#organization\"},\"potentialAction\":[{\"@type\":\"SearchAction\",\"target\":{\"@type\":\"EntryPoint\",\"urlTemplate\":\"https:\/\/www.estrategiaconcursos.com.br\/blog\/?s={search_term_string}\"},\"query-input\":{\"@type\":\"PropertyValueSpecification\",\"valueRequired\":true,\"valueName\":\"search_term_string\"}}],\"inLanguage\":\"pt-BR\"},{\"@type\":\"Organization\",\"@id\":\"https:\/\/www.estrategiaconcursos.com.br\/blog\/#organization\",\"name\":\"Estrat\u00e9gia Concursos\",\"url\":\"https:\/\/www.estrategiaconcursos.com.br\/blog\/\",\"logo\":{\"@type\":\"ImageObject\",\"inLanguage\":\"pt-BR\",\"@id\":\"https:\/\/www.estrategiaconcursos.com.br\/blog\/#\/schema\/logo\/image\/\",\"url\":\"https:\/\/dhg1h5j42swfq.cloudfront.net\/2025\/06\/03203428\/logo_concursos-1.jpg\",\"contentUrl\":\"https:\/\/dhg1h5j42swfq.cloudfront.net\/2025\/06\/03203428\/logo_concursos-1.jpg\",\"width\":230,\"height\":60,\"caption\":\"Estrat\u00e9gia Concursos\"},\"image\":{\"@id\":\"https:\/\/www.estrategiaconcursos.com.br\/blog\/#\/schema\/logo\/image\/\"},\"sameAs\":[\"https:\/\/x.com\/EstratConcursos\"]},{\"@type\":\"Person\",\"@id\":\"https:\/\/www.estrategiaconcursos.com.br\/blog\/#\/schema\/person\/cdad40b5818eb228a838461fcd656da7\",\"name\":\"Coordena\u00e7\u00e3o\",\"image\":{\"@type\":\"ImageObject\",\"inLanguage\":\"pt-BR\",\"@id\":\"https:\/\/secure.gravatar.com\/avatar\/a413b22da0f5009c634f6c4586a2dbe5207074fd5becd88db5183b8069ef25e4?s=96&d=mm&r=g\",\"url\":\"https:\/\/secure.gravatar.com\/avatar\/a413b22da0f5009c634f6c4586a2dbe5207074fd5becd88db5183b8069ef25e4?s=96&d=mm&r=g\",\"contentUrl\":\"https:\/\/secure.gravatar.com\/avatar\/a413b22da0f5009c634f6c4586a2dbe5207074fd5becd88db5183b8069ef25e4?s=96&d=mm&r=g\",\"caption\":\"Coordena\u00e7\u00e3o\"},\"url\":\"https:\/\/www.estrategiaconcursos.com.br\/blog\/author\/contatoestrategiaconcursos-com-br\/\"}]}<\/script>\n<!-- \/ Yoast SEO Premium plugin. -->","yoast_head_json":{"title":"PRF divulga detalhes sobre os locais de prova! Confira!","description":"Foram publicados os locais e hor\u00e1rios de provas do concurso PRF. As provas continuam previstas para 09 de maio! Veja aqui!","robots":{"index":"index","follow":"follow","max-snippet":"max-snippet:-1","max-image-preview":"max-image-preview:large","max-video-preview":"max-video-preview:-1"},"canonical":"https:\/\/www.estrategiaconcursos.com.br\/blog\/prf-divulga-locais-de-prova\/","og_locale":"pt_BR","og_type":"article","og_title":"PRF divulga detalhes sobre os locais de prova! Confira!","og_description":"Foram publicados os locais e hor\u00e1rios de provas do concurso PRF. As provas continuam previstas para 09 de maio! Veja aqui!","og_url":"https:\/\/www.estrategiaconcursos.com.br\/blog\/prf-divulga-locais-de-prova\/","og_site_name":"Estrat\u00e9gia Concursos","article_published_time":"2021-04-30T12:15:19+00:00","article_modified_time":"2021-04-30T13:04:43+00:00","og_image":[{"width":309,"height":163,"url":"https:\/\/dhg1h5j42swfq.cloudfront.net\/2021\/02\/05141122\/prf.jpg","type":"image\/jpeg"}],"author":"Coordena\u00e7\u00e3o","twitter_card":"summary_large_image","twitter_creator":"@EstratConcursos","twitter_site":"@EstratConcursos","twitter_misc":{"Escrito por":"Coordena\u00e7\u00e3o","Est. tempo de leitura":"3 minutos"},"schema":{"@context":"https:\/\/schema.org","@graph":[{"@type":"NewsArticle","@id":"https:\/\/www.estrategiaconcursos.com.br\/blog\/prf-divulga-locais-de-prova\/#article","isPartOf":{"@id":"https:\/\/www.estrategiaconcursos.com.br\/blog\/prf-divulga-locais-de-prova\/"},"author":{"name":"Coordena\u00e7\u00e3o","@id":"https:\/\/www.estrategiaconcursos.com.br\/blog\/#\/schema\/person\/cdad40b5818eb228a838461fcd656da7"},"headline":"PRF divulga detalhes sobre os locais de prova! Confira!","datePublished":"2021-04-30T12:15:19+00:00","dateModified":"2021-04-30T13:04:43+00:00","mainEntityOfPage":{"@id":"https:\/\/www.estrategiaconcursos.com.br\/blog\/prf-divulga-locais-de-prova\/"},"wordCount":646,"commentCount":0,"publisher":{"@id":"https:\/\/www.estrategiaconcursos.com.br\/blog\/#organization"},"image":{"@id":"https:\/\/www.estrategiaconcursos.com.br\/blog\/prf-divulga-locais-de-prova\/#primaryimage"},"thumbnailUrl":"https:\/\/dhg1h5j42swfq.cloudfront.net\/2021\/02\/05141122\/prf.jpg","articleSection":["Policial (Agente, Escriv\u00e3o e Investigador)"],"inLanguage":"pt-BR","potentialAction":[{"@type":"CommentAction","name":"Comment","target":["https:\/\/www.estrategiaconcursos.com.br\/blog\/prf-divulga-locais-de-prova\/#respond"]}],"copyrightYear":"2021","copyrightHolder":{"@id":"https:\/\/www.estrategiaconcursos.com.br\/blog\/#organization"}},{"@type":"WebPage","@id":"https:\/\/www.estrategiaconcursos.com.br\/blog\/prf-divulga-locais-de-prova\/","url":"https:\/\/www.estrategiaconcursos.com.br\/blog\/prf-divulga-locais-de-prova\/","name":"PRF divulga detalhes sobre os locais de prova! Confira!","isPartOf":{"@id":"https:\/\/www.estrategiaconcursos.com.br\/blog\/#website"},"primaryImageOfPage":{"@id":"https:\/\/www.estrategiaconcursos.com.br\/blog\/prf-divulga-locais-de-prova\/#primaryimage"},"image":{"@id":"https:\/\/www.estrategiaconcursos.com.br\/blog\/prf-divulga-locais-de-prova\/#primaryimage"},"thumbnailUrl":"https:\/\/dhg1h5j42swfq.cloudfront.net\/2021\/02\/05141122\/prf.jpg","datePublished":"2021-04-30T12:15:19+00:00","dateModified":"2021-04-30T13:04:43+00:00","description":"Foram publicados os locais e hor\u00e1rios de provas do concurso PRF. As provas continuam previstas para 09 de maio! Veja aqui!","breadcrumb":{"@id":"https:\/\/www.estrategiaconcursos.com.br\/blog\/prf-divulga-locais-de-prova\/#breadcrumb"},"inLanguage":"pt-BR","potentialAction":[{"@type":"ReadAction","target":["https:\/\/www.estrategiaconcursos.com.br\/blog\/prf-divulga-locais-de-prova\/"]}]},{"@type":"ImageObject","inLanguage":"pt-BR","@id":"https:\/\/www.estrategiaconcursos.com.br\/blog\/prf-divulga-locais-de-prova\/#primaryimage","url":"https:\/\/dhg1h5j42swfq.cloudfront.net\/2021\/02\/05141122\/prf.jpg","contentUrl":"https:\/\/dhg1h5j42swfq.cloudfront.net\/2021\/02\/05141122\/prf.jpg","width":309,"height":163,"caption":"PRF 2021"},{"@type":"BreadcrumbList","@id":"https:\/\/www.estrategiaconcursos.com.br\/blog\/prf-divulga-locais-de-prova\/#breadcrumb","itemListElement":[{"@type":"ListItem","position":1,"name":"In\u00edcio","item":"https:\/\/www.estrategiaconcursos.com.br\/blog\/"},{"@type":"ListItem","position":2,"name":"PRF divulga detalhes sobre os locais de prova! Confira!"}]},{"@type":"WebSite","@id":"https:\/\/www.estrategiaconcursos.com.br\/blog\/#website","url":"https:\/\/www.estrategiaconcursos.com.br\/blog\/","name":"Estrat\u00e9gia Concursos","description":"O blog da Estrat\u00e9gia Concursos traz not\u00edcias sobre concursos e artigos de professores oferecendo cursos para concursos (pdf + videaulas) no site.","publisher":{"@id":"https:\/\/www.estrategiaconcursos.com.br\/blog\/#organization"},"potentialAction":[{"@type":"SearchAction","target":{"@type":"EntryPoint","urlTemplate":"https:\/\/www.estrategiaconcursos.com.br\/blog\/?s={search_term_string}"},"query-input":{"@type":"PropertyValueSpecification","valueRequired":true,"valueName":"search_term_string"}}],"inLanguage":"pt-BR"},{"@type":"Organization","@id":"https:\/\/www.estrategiaconcursos.com.br\/blog\/#organization","name":"Estrat\u00e9gia Concursos","url":"https:\/\/www.estrategiaconcursos.com.br\/blog\/","logo":{"@type":"ImageObject","inLanguage":"pt-BR","@id":"https:\/\/www.estrategiaconcursos.com.br\/blog\/#\/schema\/logo\/image\/","url":"https:\/\/dhg1h5j42swfq.cloudfront.net\/2025\/06\/03203428\/logo_concursos-1.jpg","contentUrl":"https:\/\/dhg1h5j42swfq.cloudfront.net\/2025\/06\/03203428\/logo_concursos-1.jpg","width":230,"height":60,"caption":"Estrat\u00e9gia Concursos"},"image":{"@id":"https:\/\/www.estrategiaconcursos.com.br\/blog\/#\/schema\/logo\/image\/"},"sameAs":["https:\/\/x.com\/EstratConcursos"]},{"@type":"Person","@id":"https:\/\/www.estrategiaconcursos.com.br\/blog\/#\/schema\/person\/cdad40b5818eb228a838461fcd656da7","name":"Coordena\u00e7\u00e3o","image":{"@type":"ImageObject","inLanguage":"pt-BR","@id":"https:\/\/secure.gravatar.com\/avatar\/a413b22da0f5009c634f6c4586a2dbe5207074fd5becd88db5183b8069ef25e4?s=96&d=mm&r=g","url":"https:\/\/secure.gravatar.com\/avatar\/a413b22da0f5009c634f6c4586a2dbe5207074fd5becd88db5183b8069ef25e4?s=96&d=mm&r=g","contentUrl":"https:\/\/secure.gravatar.com\/avatar\/a413b22da0f5009c634f6c4586a2dbe5207074fd5becd88db5183b8069ef25e4?s=96&d=mm&r=g","caption":"Coordena\u00e7\u00e3o"},"url":"https:\/\/www.estrategiaconcursos.com.br\/blog\/author\/contatoestrategiaconcursos-com-br\/"}]}},"_links":{"self":[{"href":"https:\/\/www.estrategiaconcursos.com.br\/blog\/wp-json\/wp\/v2\/posts\/727713","targetHints":{"allow":["GET"]}}],"collection":[{"href":"https:\/\/www.estrategiaconcursos.com.br\/blog\/wp-json\/wp\/v2\/posts"}],"about":[{"href":"https:\/\/www.estrategiaconcursos.com.br\/blog\/wp-json\/wp\/v2\/types\/post"}],"author":[{"embeddable":true,"href":"https:\/\/www.estrategiaconcursos.com.br\/blog\/wp-json\/wp\/v2\/users\/48"}],"replies":[{"embeddable":true,"href":"https:\/\/www.estrategiaconcursos.com.br\/blog\/wp-json\/wp\/v2\/comments?post=727713"}],"version-history":[{"count":6,"href":"https:\/\/www.estrategiaconcursos.com.br\/blog\/wp-json\/wp\/v2\/posts\/727713\/revisions"}],"predecessor-version":[{"id":727931,"href":"https:\/\/www.estrategiaconcursos.com.br\/blog\/wp-json\/wp\/v2\/posts\/727713\/revisions\/727931"}],"wp:featuredmedia":[{"embeddable":true,"href":"https:\/\/www.estrategiaconcursos.com.br\/blog\/wp-json\/wp\/v2\/media\/664866"}],"wp:attachment":[{"href":"https:\/\/www.estrategiaconcursos.com.br\/blog\/wp-json\/wp\/v2\/media?parent=727713"}],"wp:term":[{"taxonomy":"category","embeddable":true,"href":"https:\/\/www.estrategiaconcursos.com.br\/blog\/wp-json\/wp\/v2\/categories?post=727713"},{"taxonomy":"post_tag","embeddable":true,"href":"https:\/\/www.estrategiaconcursos.com.br\/blog\/wp-json\/wp\/v2\/tags?post=727713"},{"taxonomy":"tax_estado","embeddable":true,"href":"https:\/\/www.estrategiaconcursos.com.br\/blog\/wp-json\/wp\/v2\/tax_estado?post=727713"}],"curies":[{"name":"wp","href":"https:\/\/api.w.org\/{rel}","templated":true}]}}