{"id":727587,"date":"2021-05-09T09:07:00","date_gmt":"2021-05-09T12:07:00","guid":{"rendered":"https:\/\/www.estrategiaconcursos.com.br\/blog\/?p=727587"},"modified":"2021-05-06T13:44:28","modified_gmt":"2021-05-06T16:44:28","slug":"administracao-iss-crato","status":"publish","type":"post","link":"https:\/\/www.estrategiaconcursos.com.br\/blog\/administracao-iss-crato\/","title":{"rendered":"Administra\u00e7\u00e3o para Fiscal ISS Crato \u2013 t\u00f3picos avan\u00e7ados"},"content":{"rendered":"\n<p>Ol\u00e1, pessoal! Tudo bem? Trataremos, neste artigo, sobre Administra\u00e7\u00e3o para Fiscal ISS Crato. Analisaremos os t\u00f3picos avan\u00e7ados da mat\u00e9ria, aqueles que entendemos que t\u00eam boas chances de cobran\u00e7a na prova e que podem te dar um diferencial perante a concorr\u00eancia.<\/p>\n\n\n\n<p>Para todos os detalhes sobre o cargo, acesse a <a href=\"https:\/\/www.estrategiaconcursos.com.br\/blog\/concurso-iss-crato\/\" target=\"_blank\" rel=\"noreferrer noopener\">p\u00e1gina do concurso aqui no Estrat\u00e9gia Concursos<\/a>.<\/p>\n\n\n\n<p>N\u00e3o deixe de ler, tamb\u00e9m, o <a href=\"https:\/\/dhg1h5j42swfq.cloudfront.net\/2020\/10\/01121910\/EDITAL-PREFEITURA-DE-CRATO-CE.pdf\" target=\"_blank\" rel=\"noreferrer noopener\">edital do concurso<\/a><a href=\"https:\/\/dhg1h5j42swfq.cloudfront.net\/2020\/10\/01121910\/EDITAL-PREFEITURA-DE-CRATO-CE.pdf\">.<\/a><\/p>\n\n\n\n<p>Por fim, confira a nossa an\u00e1lise em v\u00eddeo sobre o concurso:<\/p>\n\n\n<figure class=\"wp-block-embed-youtube wp-block-embed is-type-video is-provider-youtube wp-embed-aspect-16-9 wp-has-aspect-ratio\"><div class=\"lyte-wrapper\" style=\"width:853px;max-width:100%;margin:5px;\"><div class=\"lyMe\" id=\"WYL_oIzm7kKI2zo\"><div id=\"lyte_oIzm7kKI2zo\" data-src=\"\/\/i.ytimg.com\/vi\/oIzm7kKI2zo\/hqdefault.jpg\" class=\"pL\"><div class=\"tC\"><div class=\"tT\"><\/div><\/div><div class=\"play\"><\/div><div class=\"ctrl\"><div class=\"Lctrl\"><\/div><div class=\"Rctrl\"><\/div><\/div><\/div><noscript><a href=\"https:\/\/youtu.be\/oIzm7kKI2zo\" rel=\"nofollow\"><img loading=\"lazy\" decoding=\"async\" src=\"https:\/\/i.ytimg.com\/vi\/oIzm7kKI2zo\/0.jpg\" alt=\"YouTube video thumbnail\" width=\"853\" height=\"460\" \/><br \/>Assista a este v\u00eddeo no YouTube<\/a><\/noscript><\/div><\/div><div class=\"lL\" style=\"max-width:100%;width:853px;margin:5px;\"><\/div><figcaption><\/figcaption><\/figure>\n\n\n<p>Sobre a nossa disciplina de <strong>Administra\u00e7\u00e3o<\/strong>, o edital traz o seguinte conte\u00fado program\u00e1tico:<\/p>\n\n\n\n<p><em>Teoria Geral da Administra\u00e7\u00e3o: conceitos, teorias, princ\u00edpios gerais da administra\u00e7\u00e3o, influenciadores do pensamento administrativo. No\u00e7\u00f5es sobre Gest\u00e3o P\u00fablica. Fun\u00e7\u00f5es Administrativas: planejamento, organiza\u00e7\u00e3o, dire\u00e7\u00e3o e controle. N\u00edveis Organizacionais: planejamento estrat\u00e9gico, t\u00e1tico e operacional. Gest\u00e3o da Qualidade: conceitos, princ\u00edpios, dimens\u00f5es da qualidade, NBR ISO 9000:2000 &#8211; Auditoria de Sistema de Gest\u00e3o da Qualidade, ferramentas de controle da qualidade. Gest\u00e3o de Pessoas: conceitos, processos b\u00e1sicos de gest\u00e3o de pessoas, motiva\u00e7\u00e3o, gest\u00e3o de conflitos. Cultura e Clima Organizacional. Comportamento Organizacional: conceitos, caracter\u00edsticas, lideran\u00e7a, rela\u00e7\u00f5es entre indiv\u00edduos, grupos e estrutura.<\/em><\/p>\n\n\n\n<p>Iniciaremos, a partir de agora, a an\u00e1lise dos t\u00f3picos avan\u00e7ados de Administra\u00e7\u00e3o para Fiscal ISS Crato.<\/p>\n\n\n\n<h2 class=\"wp-block-heading\" id=\"h-influenciadores-do-pensamento-administrativo\">Influenciadores do pensamento administrativo<\/h2>\n\n\n\n<p>Iniciando a an\u00e1lise de Administra\u00e7\u00e3o para Fiscal ISS Crato, falaremos sobre os <strong>influenciadores do pensamento administrativo<\/strong>. A Administra\u00e7\u00e3o \u00e9 uma ci\u00eancia bastante rica e em constante evolu\u00e7\u00e3o.<\/p>\n\n\n\n<p>Assim, poder\u00edamos discorrer sobre os te\u00f3ricos de cada uma das teorias administrativas estudadas em TGA. No entanto, para isso, sugerimos a leitura do nosso Guia Definitivo sobre as <a href=\"https:\/\/www.estrategiaconcursos.com.br\/blog\/teorias-administrativas-para-concursos-guia-definitivo\/\" target=\"_blank\" rel=\"noreferrer noopener\">Teorias Administrativas para concursos<\/a>. Optamos por abordar, neste t\u00f3pico, alguns antecedentes da Administra\u00e7\u00e3o.<\/p>\n\n\n\n<p>H\u00e1 duas institui\u00e7\u00f5es essenciais para entendermos a forma\u00e7\u00e3o da Administra\u00e7\u00e3o enquanto ci\u00eancia: as <strong>organiza\u00e7\u00f5es militares<\/strong> e a <strong>Igreja Cat\u00f3lica<\/strong>. Ambas contribu\u00edram com suas r\u00edgidas no\u00e7\u00f5es de <strong>hierarquia<\/strong> e <strong>unidade de dire\u00e7\u00e3o<\/strong>. No caso das organiza\u00e7\u00f5es militares, \u00e9 poss\u00edvel apontar, ainda, sua <strong>estrutura linear<\/strong>, com <strong>unidade de comando e disciplina<\/strong>.<\/p>\n\n\n\n<p>Seguindo, \u00e9 necess\u00e1rio falarmos sobre o pensamento liberal, fundamental para compreendermos o ambiente capitalista em que as organiza\u00e7\u00f5es atuam. Seu principal expoente \u00e9 <strong>Adam Smith<\/strong> (1723 &#8211; 1790), que conceituou aquilo que ficou conhecido como a \u201c<strong>m\u00e3o invis\u00edvel do mercado<\/strong>\u201d.<\/p>\n\n\n\n<p>Para o autor, os indiv\u00edduos sempre agiam em benef\u00edcio pr\u00f3prio. No entanto, a atua\u00e7\u00e3o destes indiv\u00edduos se daria no \u201cmercado\u201d, ambiente de trocas onde um deseja comprar e outro deseja vender ou prestar e receber um servi\u00e7o. Este mercado seria autorregul\u00e1vel, sem a necessidade de uma interven\u00e7\u00e3o estatal para que funcionasse a contento. A oferta e a demanda seriam respons\u00e1veis por esta regula\u00e7\u00e3o.<\/p>\n\n\n\n<p>Seguindo, temos <strong>Karl Marx<\/strong> (1818- 1883), que trabalhou na tentativa de estabelecer uma linha hist\u00f3rica de fatos que teriam desencadeado o modo de produ\u00e7\u00e3o capitalista da \u00e9poca, tendo sempre o protagonismo das classes sociais e a forma pela qual se relacionam com o processo produtivo.<\/p>\n\n\n\n<p>Sua obra tamb\u00e9m \u00e9 important\u00edssima para a compreens\u00e3o do desenvolvimento do capitalismo e das organiza\u00e7\u00f5es, principalmente no que tange \u00e0s <strong>rela\u00e7\u00f5es entre trabalhadores e empregadores.<\/strong><\/p>\n\n\n\n<h2 class=\"wp-block-heading\" id=\"h-no-es-sobre-gest-o-p-blica\">No\u00e7\u00f5es sobre gest\u00e3o p\u00fablica<\/h2>\n\n\n\n<p>Neste t\u00f3pico de Administra\u00e7\u00e3o para Fiscal ISS Crato, falaremos sobre a contribui\u00e7\u00e3o dos estudos de <strong>Max Weber<\/strong> para a gest\u00e3o p\u00fablica e sobre o conceito de <strong>cidadania de Marshall<\/strong>.<\/p>\n\n\n\n<p>Sobre os estudos de Weber, destacam-se os estudos sobre organiza\u00e7\u00f5es, que levaram \u00e0 conceitua\u00e7\u00e3o da <strong>Teoria Burocr\u00e1tica<\/strong>. Nesse sentido, a teoria burocr\u00e1tica busca imprimir rigidez, estabilidade, previsibilidade, estabilidade, alta formaliza\u00e7\u00e3o e especializa\u00e7\u00e3o nas organiza\u00e7\u00f5es. Deriva do poder racional-legal, poder este em que as regras s\u00e3o estabelecidas em leis, normas e outras conven\u00e7\u00f5es.<\/p>\n\n\n\n<p>A burocracia n\u00e3o pode, de forma alguma, ser confundida com suas <strong>disfun\u00e7\u00f5es<\/strong>. Estas podem ser definidas como o apego exagerado a normas e formalidade; a rigidez exacerbada e a autorrefer\u00eancia organizacional.<\/p>\n\n\n\n<p>Outro conceito importante de Weber \u00e9 o conceito de <strong>domina\u00e7\u00e3o<\/strong>. Para ele, uma das principais caracter\u00edsticas do Estado \u00e9 a <strong>utiliza\u00e7\u00e3o leg\u00edtima da viol\u00eancia<\/strong>.<\/p>\n\n\n\n<p>A grande diferen\u00e7a entre o Estado e outros agrupamentos que se utilizam de viol\u00eancia, \u00e9 que o Estado possui <strong>poder<\/strong> conferido para isso. \u201cPoder\u201d \u00e9 quando um superior obt\u00e9m do inferior um comportamento desejado, que n\u00e3o seria obtido sem a sua utiliza\u00e7\u00e3o.<\/p>\n\n\n\n<p>Mas apenas o poder n\u00e3o \u00e9 suficiente. \u00c9 necess\u00e1rio que a utiliza\u00e7\u00e3o do poder seja aceita. Isso nos leva ao conceito de <strong>legitimidade<\/strong>. Assim, a mistura entre poder e legitimidade gera a domina\u00e7\u00e3o.<\/p>\n\n\n\n<p>Avan\u00e7ando, falaremos sobre o conceito de <strong>cidadania de Marshall<\/strong>. Marshall compreendia que a cidadania confere pertencimento a uma determinada sociedade. Este pertencimento se traduz nos direitos e deveres de um cidad\u00e3o perante a sociedade \u00e0 qual pertence.<\/p>\n\n\n\n<p>Tais direitos podem ser resumidos em tr\u00eas \u00e1reas: <strong>civis, pol\u00edticos e sociais<\/strong>. Marshall entendia tamb\u00e9m haver uma rela\u00e7\u00e3o de sucess\u00e3o na conquista desses direitos, pois com os direitos civis, abriu-se a possibilidade de obten\u00e7\u00e3o dos direitos pol\u00edticos, tendo estes possibilitado a conquista democr\u00e1tica de direitos sociais (SANTOS, 2014).<\/p>\n\n\n\n<h2 class=\"wp-block-heading\" id=\"h-gest-o-da-qualidade-conceitos-princ-pios-dimens-es-da-qualidade\">Gest\u00e3o da Qualidade: conceitos, princ\u00edpios, dimens\u00f5es da qualidade<\/h2>\n\n\n\n<p>Neste t\u00f3pico de Administra\u00e7\u00e3o para fiscal ISS Crato, falaremos sobre gest\u00e3o da qualidade. Em primeiro lugar, gostar\u00edamos de sugerir os seguintes artigos, que complementam o presente: <a href=\"https:\/\/www.estrategiaconcursos.com.br\/blog\/o-ciclo-pdca-nos-estudos-para-concursos-publicos\/\" target=\"_blank\" rel=\"noreferrer noopener\">Ciclo PDCA nos estudos para concursos p\u00fablicos<\/a>; <a href=\"https:\/\/www.estrategiaconcursos.com.br\/blog\/gestao-da-qualidade-para-concursos-guia-definitivo\/\" target=\"_blank\" rel=\"noreferrer noopener\">gest\u00e3o da qualidade para concursos<\/a> e <a href=\"https:\/\/www.estrategiaconcursos.com.br\/blog\/metodologia-5s\/\" target=\"_blank\" rel=\"noreferrer noopener\">metodologia 5S para concursos<\/a>. Neste artigo abordaremos os custos da qualidade e as dimens\u00f5es da qualidade.<\/p>\n\n\n\n<p>Dentro dos conceitos relacionados \u00e0 gest\u00e3o da qualidade, \u00e9 importante conhecermos o conceito de <strong>custos da qualidade<\/strong>. Utilizaremos o conceito de Feigenbaum, conforme o que se segue:<\/p>\n\n\n\n<ul class=\"wp-block-list\"><li><strong>Custos da Preven\u00e7\u00e3o<\/strong> &#8211; s\u00e3o aqueles custos gerados para evitar que as falhas ocorram. Podem ser considerados como custos pr\u00e9vios \u00e0 produ\u00e7\u00e3o, tais como o treinamento dos empregados, custos de planejamento e estudos dos processos da qualidade, dentre outros.<\/li><li><strong>Custos da Avalia\u00e7\u00e3o<\/strong> &#8211; s\u00e3o os custos gerados com inspe\u00e7\u00e3o dos produtos, ou seja, posteriores \u00e0 produ\u00e7\u00e3o, tais como testes e inspe\u00e7\u00f5es em produtos acabados, custos com laborat\u00f3rios, auditorias, dentre outros.<\/li><li><strong>Custos das falhas internas<\/strong> &#8211; s\u00e3o os custos gerados internamente com as falhas no processo produtivo, por exemplo, defeitos em materiais, retrabalhos, dentre outros.<\/li><li><strong>Custos das falhas externas<\/strong> &#8211; custos gerados externamente ao processo produtivo, por exemplo, entregas fora do prazo.<\/li><\/ul>\n\n\n\n<figure class=\"wp-block-image size-large\"><img loading=\"lazy\" decoding=\"async\" width=\"1024\" height=\"598\" src=\"https:\/\/dhg1h5j42swfq.cloudfront.net\/2021\/05\/04090201\/custos-da-qualidade-1024x598.png\" alt=\"Administra\u00e7\u00e3o para fiscal ISS Crato - Custos da Qualidade\" class=\"wp-image-730433\" srcset=\"https:\/\/dhg1h5j42swfq.cloudfront.net\/2021\/05\/04090201\/custos-da-qualidade-1024x598.png 1024w, https:\/\/dhg1h5j42swfq.cloudfront.net\/2021\/05\/04090201\/custos-da-qualidade-300x175.png 300w, https:\/\/dhg1h5j42swfq.cloudfront.net\/2021\/05\/04090201\/custos-da-qualidade-768x449.png 768w, https:\/\/dhg1h5j42swfq.cloudfront.net\/2021\/05\/04090201\/custos-da-qualidade-1536x897.png 1536w, https:\/\/dhg1h5j42swfq.cloudfront.net\/2021\/05\/04090201\/custos-da-qualidade-610x356.png 610w, https:\/\/dhg1h5j42swfq.cloudfront.net\/2021\/05\/04090201\/custos-da-qualidade.png 1984w\" sizes=\"auto, (max-width: 1024px) 100vw, 1024px\" \/><figcaption>Custos da Qualidade (Alvarenga, 2021)<\/figcaption><\/figure>\n\n\n\n<p>Sobre as <strong>dimens\u00f5es da qualidade<\/strong>, a literatura nos apresenta as seguintes:<\/p>\n\n\n\n<ul class=\"wp-block-list\"><li><strong>Desempenho<\/strong>: Caracter\u00edsticas operacionais b\u00e1sicas, aspectos operacionais do produto\/servi\u00e7o;<\/li><li><strong>Caracter\u00edsticas<\/strong> &#8211; Atributos dos produtos que o diferenciam de seus concorrentes;<\/li><li><strong>Confiabilidade<\/strong>: quanto um produto funciona sem falhas ou varia\u00e7\u00f5es percept\u00edveis;<\/li><li><strong>Conformidade<\/strong>: o quanto o produto atende especifica\u00e7\u00f5es preestabelecidas;<\/li><li><strong>Durabilidade<\/strong>: o quanto um produto dura antes de se deteriorar;<\/li><li><strong>Servi\u00e7o<\/strong>: o atendimento pr\u00e9 e p\u00f3s-venda oferecido pela empresa;<\/li><li><strong>Est\u00e9tica<\/strong>: apar\u00eancia, aroma, sensa\u00e7\u00f5es que o produto oferece ao cliente;<\/li><li><strong>Qualidade percebida<\/strong>: o quanto a empresa que oferece o produto \u00e9 reconhecida no mercado.<\/li><\/ul>\n\n\n\n<h2 class=\"wp-block-heading\" id=\"h-conclus-o\">Conclus\u00e3o<\/h2>\n\n\n\n<p>Finalizamos nosso resumo de Administra\u00e7\u00e3o para Fiscal ISS Crato. Busque utilizar este resumo em conjunto com o material te\u00f3rico e a resolu\u00e7\u00e3o de quest\u00f5es sobre o tema, imprescind\u00edveis para uma boa prepara\u00e7\u00e3o.<\/p>\n\n\n\n<p>Importante frisar que a banca n\u00e3o possui um grande acervo de quest\u00f5es. Por isso, \u00e9 v\u00e1lido executar quest\u00f5es de outras bancas.<\/p>\n\n\n\n<p>Leia, tamb\u00e9m, os outros resumos propostos ao longo deste artigo, para complementa\u00e7\u00e3o dos estudos.<\/p>\n\n\n\n<p>Abra\u00e7os e bons estudos!<\/p>\n\n\n\n<p>Paulo Alvarenga<\/p>\n\n\n\n<p><a href=\"https:\/\/www.instagram.com\/profpauloalvarenga\/\">https:\/\/www.instagram.com\/profpauloalvarenga\/<\/a><\/p>\n\n\n\n<p><strong>Refer\u00eancias<\/strong>:<\/p>\n\n\n\n<p>SANTOS, Maria Paula Gomes dos. <strong>O Estado e os problemas contempor\u00e2neos<\/strong> \/ Maria Paula Gomes dos Santos. \u2013 3. ed. rev. atual. \u2013 Florian\u00f3polis: Departamento de Ci\u00eancias da Administra\u00e7\u00e3o \/ UFSC; [Bras\u00edlia] : CAPES : UAB, 2014.<\/p>\n\n\n\n<p class=\"has-text-align-center\"><em><strong>Assinatura Anual Ilimitada*<\/strong><\/em><\/p>\n\n\n\n<p class=\"has-text-align-center\"><em>Prepare-se com o melhor material e com quem mais aprova em Concursos P\u00fablicos em todo o pa\u00eds. Portanto, adquira a Assinatura Anual e tenha acesso ilimitado* a todos os nossos cursos.<\/em><\/p>\n\n\n\n<p class=\"has-text-align-center has-black-color has-light-green-cyan-background-color has-text-color has-background\"><strong>ADQUIRA AGORA<\/strong>&nbsp;\u2013&nbsp;<strong><a rel=\"noreferrer noopener\" href=\"https:\/\/www.estrategiaconcursos.com.br\/assinaturas\" target=\"_blank\">Assinatura Ilimitada<\/a><\/strong><\/p>\n\n\n\n<p class=\"has-text-align-center\"><strong><em><strong>Sistema de Quest\u00f5es<\/strong><\/em><\/strong><\/p>\n\n\n\n<p class=\"has-text-align-center\"><em>Estrat\u00e9gia Quest\u00f5es nasceu maior do que todos os concorrentes, com mais quest\u00f5es cadastradas e mais solu\u00e7\u00f5es por professores. Clique no link e aproveite os descontos e b\u00f4nus imperd\u00edveis!<\/em><\/p>\n\n\n\n<p class=\"has-text-align-center has-light-green-cyan-background-color has-background\"><strong><a rel=\"noreferrer noopener\" href=\"https:\/\/www.estrategiaconcursos.com.br\/cursosPorConcurso\/sistema-de-questoes\/#\/\" target=\"_blank\">Sistema de Quest\u00f5es<\/a><\/strong><\/p>\n\n\n\n<p class=\"has-text-align-center\"><strong><em>Confira os concursos com editais em aberto<\/em><\/strong><\/p>\n\n\n\n<p class=\"has-text-align-center has-pale-cyan-blue-background-color has-background\"><a rel=\"noreferrer noopener\" href=\"https:\/\/www.estrategiaconcursos.com.br\/blog\/concursos-abertos\/\" target=\"_blank\"><strong>CONCURSOS ABERTOS<\/strong><\/a><\/p>\n\n\n\n<p class=\"has-text-align-center\"><strong><em>As oportunidades previstas<\/em><\/strong><\/p>\n\n\n\n<p class=\"has-text-align-center has-pale-cyan-blue-background-color has-background\"><a rel=\"noreferrer noopener\" href=\"https:\/\/www.estrategiaconcursos.com.br\/blog\/concursos-2021\/\" target=\"_blank\"><strong>CONCURSOS 2021<\/strong><\/a><\/p>\n","protected":false},"excerpt":{"rendered":"<p>Ol\u00e1, pessoal! Tudo bem? Trataremos, neste artigo, sobre Administra\u00e7\u00e3o para Fiscal ISS Crato. Analisaremos os t\u00f3picos avan\u00e7ados da mat\u00e9ria, aqueles que entendemos que t\u00eam boas chances de cobran\u00e7a na prova e que podem te dar um diferencial perante a concorr\u00eancia. Para todos os detalhes sobre o cargo, acesse a p\u00e1gina do concurso aqui no Estrat\u00e9gia [&hellip;]<\/p>\n","protected":false},"author":1822,"featured_media":730433,"comment_status":"open","ping_status":"closed","sticky":false,"template":"","format":"standard","meta":{"post_tipo":"article","footnotes":""},"categories":[1,1983],"tags":[],"tax_estado":[219969],"class_list":["post-727587","post","type-post","status-publish","format-standard","has-post-thumbnail","hentry","category-cursos-e-concursos","category-fiscal-estadual","tax_estado-ce"],"acf":[],"yoast_head":"<!-- This site is optimized with the Yoast SEO Premium plugin v27.2 (Yoast SEO v27.2) - https:\/\/yoast.com\/product\/yoast-seo-premium-wordpress\/ -->\n<title>Administra\u00e7\u00e3o para Fiscal ISS Crato \u2013 t\u00f3picos avan\u00e7ados<\/title>\n<meta name=\"description\" content=\"Venha conosco conhecer os t\u00f3picos avan\u00e7ados de Administra\u00e7\u00e3o para Fiscal ISS Crato e esteja preparado para a prova e seus detalhes!\" \/>\n<meta name=\"robots\" content=\"index, follow, max-snippet:-1, max-image-preview:large, max-video-preview:-1\" \/>\n<link rel=\"canonical\" href=\"https:\/\/www.estrategiaconcursos.com.br\/blog\/administracao-iss-crato\/\" \/>\n<meta property=\"og:locale\" content=\"pt_BR\" \/>\n<meta property=\"og:type\" content=\"article\" \/>\n<meta property=\"og:title\" content=\"Administra\u00e7\u00e3o para Fiscal ISS Crato \u2013 t\u00f3picos avan\u00e7ados\" \/>\n<meta property=\"og:description\" content=\"Venha conosco conhecer os t\u00f3picos avan\u00e7ados de Administra\u00e7\u00e3o para Fiscal ISS Crato e esteja preparado para a prova e seus detalhes!\" \/>\n<meta property=\"og:url\" content=\"https:\/\/www.estrategiaconcursos.com.br\/blog\/administracao-iss-crato\/\" \/>\n<meta property=\"og:site_name\" content=\"Estrat\u00e9gia Concursos\" \/>\n<meta property=\"article:published_time\" content=\"2021-05-09T12:07:00+00:00\" \/>\n<meta property=\"og:image\" content=\"https:\/\/dhg1h5j42swfq.cloudfront.net\/2021\/05\/04090201\/custos-da-qualidade.png\" \/>\n\t<meta property=\"og:image:width\" content=\"1984\" \/>\n\t<meta property=\"og:image:height\" content=\"1159\" \/>\n\t<meta property=\"og:image:type\" content=\"image\/png\" \/>\n<meta name=\"author\" content=\"Paulo Alvarenga Pires Cavalcanti\" \/>\n<meta name=\"twitter:card\" content=\"summary_large_image\" \/>\n<meta name=\"twitter:creator\" content=\"@EstratConcursos\" \/>\n<meta name=\"twitter:site\" content=\"@EstratConcursos\" \/>\n<meta name=\"twitter:label1\" content=\"Escrito por\" \/>\n\t<meta name=\"twitter:data1\" content=\"Paulo Alvarenga Pires Cavalcanti\" \/>\n\t<meta name=\"twitter:label2\" content=\"Est. tempo de leitura\" \/>\n\t<meta name=\"twitter:data2\" content=\"6 minutos\" \/>\n<script type=\"application\/ld+json\" class=\"yoast-schema-graph\">{\"@context\":\"https:\/\/schema.org\",\"@graph\":[{\"@type\":\"NewsArticle\",\"@id\":\"https:\/\/www.estrategiaconcursos.com.br\/blog\/administracao-iss-crato\/#article\",\"isPartOf\":{\"@id\":\"https:\/\/www.estrategiaconcursos.com.br\/blog\/administracao-iss-crato\/\"},\"author\":{\"name\":\"Paulo Alvarenga Pires Cavalcanti\",\"@id\":\"https:\/\/www.estrategiaconcursos.com.br\/blog\/#\/schema\/person\/030ec00ff66706ab6b93e6857a66d51e\"},\"headline\":\"Administra\u00e7\u00e3o para Fiscal ISS Crato \u2013 t\u00f3picos avan\u00e7ados\",\"datePublished\":\"2021-05-09T12:07:00+00:00\",\"mainEntityOfPage\":{\"@id\":\"https:\/\/www.estrategiaconcursos.com.br\/blog\/administracao-iss-crato\/\"},\"wordCount\":1472,\"commentCount\":0,\"publisher\":{\"@id\":\"https:\/\/www.estrategiaconcursos.com.br\/blog\/#organization\"},\"image\":{\"@id\":\"https:\/\/www.estrategiaconcursos.com.br\/blog\/administracao-iss-crato\/#primaryimage\"},\"thumbnailUrl\":\"https:\/\/dhg1h5j42swfq.cloudfront.net\/2021\/05\/04090201\/custos-da-qualidade.png\",\"articleSection\":[\"Concursos P\u00fablicos\",\"Fiscal - Estadual (ICMS)\"],\"inLanguage\":\"pt-BR\",\"potentialAction\":[{\"@type\":\"CommentAction\",\"name\":\"Comment\",\"target\":[\"https:\/\/www.estrategiaconcursos.com.br\/blog\/administracao-iss-crato\/#respond\"]}],\"copyrightYear\":\"2021\",\"copyrightHolder\":{\"@id\":\"https:\/\/www.estrategiaconcursos.com.br\/blog\/#organization\"}},{\"@type\":\"WebPage\",\"@id\":\"https:\/\/www.estrategiaconcursos.com.br\/blog\/administracao-iss-crato\/\",\"url\":\"https:\/\/www.estrategiaconcursos.com.br\/blog\/administracao-iss-crato\/\",\"name\":\"Administra\u00e7\u00e3o para Fiscal ISS Crato \u2013 t\u00f3picos avan\u00e7ados\",\"isPartOf\":{\"@id\":\"https:\/\/www.estrategiaconcursos.com.br\/blog\/#website\"},\"primaryImageOfPage\":{\"@id\":\"https:\/\/www.estrategiaconcursos.com.br\/blog\/administracao-iss-crato\/#primaryimage\"},\"image\":{\"@id\":\"https:\/\/www.estrategiaconcursos.com.br\/blog\/administracao-iss-crato\/#primaryimage\"},\"thumbnailUrl\":\"https:\/\/dhg1h5j42swfq.cloudfront.net\/2021\/05\/04090201\/custos-da-qualidade.png\",\"datePublished\":\"2021-05-09T12:07:00+00:00\",\"description\":\"Venha conosco conhecer os t\u00f3picos avan\u00e7ados de Administra\u00e7\u00e3o para Fiscal ISS Crato e esteja preparado para a prova e seus detalhes!\",\"breadcrumb\":{\"@id\":\"https:\/\/www.estrategiaconcursos.com.br\/blog\/administracao-iss-crato\/#breadcrumb\"},\"inLanguage\":\"pt-BR\",\"potentialAction\":[{\"@type\":\"ReadAction\",\"target\":[\"https:\/\/www.estrategiaconcursos.com.br\/blog\/administracao-iss-crato\/\"]}]},{\"@type\":\"ImageObject\",\"inLanguage\":\"pt-BR\",\"@id\":\"https:\/\/www.estrategiaconcursos.com.br\/blog\/administracao-iss-crato\/#primaryimage\",\"url\":\"https:\/\/dhg1h5j42swfq.cloudfront.net\/2021\/05\/04090201\/custos-da-qualidade.png\",\"contentUrl\":\"https:\/\/dhg1h5j42swfq.cloudfront.net\/2021\/05\/04090201\/custos-da-qualidade.png\",\"width\":1984,\"height\":1159,\"caption\":\"Administra\u00e7\u00e3o para Fiscal ISS Crato - Custos da Qualidade\"},{\"@type\":\"BreadcrumbList\",\"@id\":\"https:\/\/www.estrategiaconcursos.com.br\/blog\/administracao-iss-crato\/#breadcrumb\",\"itemListElement\":[{\"@type\":\"ListItem\",\"position\":1,\"name\":\"In\u00edcio\",\"item\":\"https:\/\/www.estrategiaconcursos.com.br\/blog\/\"},{\"@type\":\"ListItem\",\"position\":2,\"name\":\"Administra\u00e7\u00e3o para Fiscal ISS Crato \u2013 t\u00f3picos avan\u00e7ados\"}]},{\"@type\":\"WebSite\",\"@id\":\"https:\/\/www.estrategiaconcursos.com.br\/blog\/#website\",\"url\":\"https:\/\/www.estrategiaconcursos.com.br\/blog\/\",\"name\":\"Estrat\u00e9gia Concursos\",\"description\":\"O blog da Estrat\u00e9gia Concursos traz not\u00edcias sobre concursos e artigos de professores oferecendo cursos para concursos (pdf + videaulas) no site.\",\"publisher\":{\"@id\":\"https:\/\/www.estrategiaconcursos.com.br\/blog\/#organization\"},\"potentialAction\":[{\"@type\":\"SearchAction\",\"target\":{\"@type\":\"EntryPoint\",\"urlTemplate\":\"https:\/\/www.estrategiaconcursos.com.br\/blog\/?s={search_term_string}\"},\"query-input\":{\"@type\":\"PropertyValueSpecification\",\"valueRequired\":true,\"valueName\":\"search_term_string\"}}],\"inLanguage\":\"pt-BR\"},{\"@type\":\"Organization\",\"@id\":\"https:\/\/www.estrategiaconcursos.com.br\/blog\/#organization\",\"name\":\"Estrat\u00e9gia Concursos\",\"url\":\"https:\/\/www.estrategiaconcursos.com.br\/blog\/\",\"logo\":{\"@type\":\"ImageObject\",\"inLanguage\":\"pt-BR\",\"@id\":\"https:\/\/www.estrategiaconcursos.com.br\/blog\/#\/schema\/logo\/image\/\",\"url\":\"https:\/\/dhg1h5j42swfq.cloudfront.net\/2025\/06\/03203428\/logo_concursos-1.jpg\",\"contentUrl\":\"https:\/\/dhg1h5j42swfq.cloudfront.net\/2025\/06\/03203428\/logo_concursos-1.jpg\",\"width\":230,\"height\":60,\"caption\":\"Estrat\u00e9gia Concursos\"},\"image\":{\"@id\":\"https:\/\/www.estrategiaconcursos.com.br\/blog\/#\/schema\/logo\/image\/\"},\"sameAs\":[\"https:\/\/x.com\/EstratConcursos\"]},{\"@type\":\"Person\",\"@id\":\"https:\/\/www.estrategiaconcursos.com.br\/blog\/#\/schema\/person\/030ec00ff66706ab6b93e6857a66d51e\",\"name\":\"Paulo Alvarenga Pires Cavalcanti\",\"image\":{\"@type\":\"ImageObject\",\"inLanguage\":\"pt-BR\",\"@id\":\"https:\/\/secure.gravatar.com\/avatar\/6f9b01123d20ef71338ec5147532218e1af3162a2303dfcafaa699e63fbb5805?s=96&d=mm&r=g\",\"url\":\"https:\/\/secure.gravatar.com\/avatar\/6f9b01123d20ef71338ec5147532218e1af3162a2303dfcafaa699e63fbb5805?s=96&d=mm&r=g\",\"contentUrl\":\"https:\/\/secure.gravatar.com\/avatar\/6f9b01123d20ef71338ec5147532218e1af3162a2303dfcafaa699e63fbb5805?s=96&d=mm&r=g\",\"caption\":\"Paulo Alvarenga Pires Cavalcanti\"},\"url\":\"https:\/\/www.estrategiaconcursos.com.br\/blog\/author\/palvarenga88gmail-com\/\"}]}<\/script>\n<!-- \/ Yoast SEO Premium plugin. -->","yoast_head_json":{"title":"Administra\u00e7\u00e3o para Fiscal ISS Crato \u2013 t\u00f3picos avan\u00e7ados","description":"Venha conosco conhecer os t\u00f3picos avan\u00e7ados de Administra\u00e7\u00e3o para Fiscal ISS Crato e esteja preparado para a prova e seus detalhes!","robots":{"index":"index","follow":"follow","max-snippet":"max-snippet:-1","max-image-preview":"max-image-preview:large","max-video-preview":"max-video-preview:-1"},"canonical":"https:\/\/www.estrategiaconcursos.com.br\/blog\/administracao-iss-crato\/","og_locale":"pt_BR","og_type":"article","og_title":"Administra\u00e7\u00e3o para Fiscal ISS Crato \u2013 t\u00f3picos avan\u00e7ados","og_description":"Venha conosco conhecer os t\u00f3picos avan\u00e7ados de Administra\u00e7\u00e3o para Fiscal ISS Crato e esteja preparado para a prova e seus detalhes!","og_url":"https:\/\/www.estrategiaconcursos.com.br\/blog\/administracao-iss-crato\/","og_site_name":"Estrat\u00e9gia Concursos","article_published_time":"2021-05-09T12:07:00+00:00","og_image":[{"width":1984,"height":1159,"url":"https:\/\/dhg1h5j42swfq.cloudfront.net\/2021\/05\/04090201\/custos-da-qualidade.png","type":"image\/png"}],"author":"Paulo Alvarenga Pires Cavalcanti","twitter_card":"summary_large_image","twitter_creator":"@EstratConcursos","twitter_site":"@EstratConcursos","twitter_misc":{"Escrito por":"Paulo Alvarenga Pires Cavalcanti","Est. tempo de leitura":"6 minutos"},"schema":{"@context":"https:\/\/schema.org","@graph":[{"@type":"NewsArticle","@id":"https:\/\/www.estrategiaconcursos.com.br\/blog\/administracao-iss-crato\/#article","isPartOf":{"@id":"https:\/\/www.estrategiaconcursos.com.br\/blog\/administracao-iss-crato\/"},"author":{"name":"Paulo Alvarenga Pires Cavalcanti","@id":"https:\/\/www.estrategiaconcursos.com.br\/blog\/#\/schema\/person\/030ec00ff66706ab6b93e6857a66d51e"},"headline":"Administra\u00e7\u00e3o para Fiscal ISS Crato \u2013 t\u00f3picos avan\u00e7ados","datePublished":"2021-05-09T12:07:00+00:00","mainEntityOfPage":{"@id":"https:\/\/www.estrategiaconcursos.com.br\/blog\/administracao-iss-crato\/"},"wordCount":1472,"commentCount":0,"publisher":{"@id":"https:\/\/www.estrategiaconcursos.com.br\/blog\/#organization"},"image":{"@id":"https:\/\/www.estrategiaconcursos.com.br\/blog\/administracao-iss-crato\/#primaryimage"},"thumbnailUrl":"https:\/\/dhg1h5j42swfq.cloudfront.net\/2021\/05\/04090201\/custos-da-qualidade.png","articleSection":["Concursos P\u00fablicos","Fiscal - Estadual (ICMS)"],"inLanguage":"pt-BR","potentialAction":[{"@type":"CommentAction","name":"Comment","target":["https:\/\/www.estrategiaconcursos.com.br\/blog\/administracao-iss-crato\/#respond"]}],"copyrightYear":"2021","copyrightHolder":{"@id":"https:\/\/www.estrategiaconcursos.com.br\/blog\/#organization"}},{"@type":"WebPage","@id":"https:\/\/www.estrategiaconcursos.com.br\/blog\/administracao-iss-crato\/","url":"https:\/\/www.estrategiaconcursos.com.br\/blog\/administracao-iss-crato\/","name":"Administra\u00e7\u00e3o para Fiscal ISS Crato \u2013 t\u00f3picos avan\u00e7ados","isPartOf":{"@id":"https:\/\/www.estrategiaconcursos.com.br\/blog\/#website"},"primaryImageOfPage":{"@id":"https:\/\/www.estrategiaconcursos.com.br\/blog\/administracao-iss-crato\/#primaryimage"},"image":{"@id":"https:\/\/www.estrategiaconcursos.com.br\/blog\/administracao-iss-crato\/#primaryimage"},"thumbnailUrl":"https:\/\/dhg1h5j42swfq.cloudfront.net\/2021\/05\/04090201\/custos-da-qualidade.png","datePublished":"2021-05-09T12:07:00+00:00","description":"Venha conosco conhecer os t\u00f3picos avan\u00e7ados de Administra\u00e7\u00e3o para Fiscal ISS Crato e esteja preparado para a prova e seus detalhes!","breadcrumb":{"@id":"https:\/\/www.estrategiaconcursos.com.br\/blog\/administracao-iss-crato\/#breadcrumb"},"inLanguage":"pt-BR","potentialAction":[{"@type":"ReadAction","target":["https:\/\/www.estrategiaconcursos.com.br\/blog\/administracao-iss-crato\/"]}]},{"@type":"ImageObject","inLanguage":"pt-BR","@id":"https:\/\/www.estrategiaconcursos.com.br\/blog\/administracao-iss-crato\/#primaryimage","url":"https:\/\/dhg1h5j42swfq.cloudfront.net\/2021\/05\/04090201\/custos-da-qualidade.png","contentUrl":"https:\/\/dhg1h5j42swfq.cloudfront.net\/2021\/05\/04090201\/custos-da-qualidade.png","width":1984,"height":1159,"caption":"Administra\u00e7\u00e3o para Fiscal ISS Crato - Custos da Qualidade"},{"@type":"BreadcrumbList","@id":"https:\/\/www.estrategiaconcursos.com.br\/blog\/administracao-iss-crato\/#breadcrumb","itemListElement":[{"@type":"ListItem","position":1,"name":"In\u00edcio","item":"https:\/\/www.estrategiaconcursos.com.br\/blog\/"},{"@type":"ListItem","position":2,"name":"Administra\u00e7\u00e3o para Fiscal ISS Crato \u2013 t\u00f3picos avan\u00e7ados"}]},{"@type":"WebSite","@id":"https:\/\/www.estrategiaconcursos.com.br\/blog\/#website","url":"https:\/\/www.estrategiaconcursos.com.br\/blog\/","name":"Estrat\u00e9gia Concursos","description":"O blog da Estrat\u00e9gia Concursos traz not\u00edcias sobre concursos e artigos de professores oferecendo cursos para concursos (pdf + videaulas) no site.","publisher":{"@id":"https:\/\/www.estrategiaconcursos.com.br\/blog\/#organization"},"potentialAction":[{"@type":"SearchAction","target":{"@type":"EntryPoint","urlTemplate":"https:\/\/www.estrategiaconcursos.com.br\/blog\/?s={search_term_string}"},"query-input":{"@type":"PropertyValueSpecification","valueRequired":true,"valueName":"search_term_string"}}],"inLanguage":"pt-BR"},{"@type":"Organization","@id":"https:\/\/www.estrategiaconcursos.com.br\/blog\/#organization","name":"Estrat\u00e9gia Concursos","url":"https:\/\/www.estrategiaconcursos.com.br\/blog\/","logo":{"@type":"ImageObject","inLanguage":"pt-BR","@id":"https:\/\/www.estrategiaconcursos.com.br\/blog\/#\/schema\/logo\/image\/","url":"https:\/\/dhg1h5j42swfq.cloudfront.net\/2025\/06\/03203428\/logo_concursos-1.jpg","contentUrl":"https:\/\/dhg1h5j42swfq.cloudfront.net\/2025\/06\/03203428\/logo_concursos-1.jpg","width":230,"height":60,"caption":"Estrat\u00e9gia Concursos"},"image":{"@id":"https:\/\/www.estrategiaconcursos.com.br\/blog\/#\/schema\/logo\/image\/"},"sameAs":["https:\/\/x.com\/EstratConcursos"]},{"@type":"Person","@id":"https:\/\/www.estrategiaconcursos.com.br\/blog\/#\/schema\/person\/030ec00ff66706ab6b93e6857a66d51e","name":"Paulo Alvarenga Pires Cavalcanti","image":{"@type":"ImageObject","inLanguage":"pt-BR","@id":"https:\/\/secure.gravatar.com\/avatar\/6f9b01123d20ef71338ec5147532218e1af3162a2303dfcafaa699e63fbb5805?s=96&d=mm&r=g","url":"https:\/\/secure.gravatar.com\/avatar\/6f9b01123d20ef71338ec5147532218e1af3162a2303dfcafaa699e63fbb5805?s=96&d=mm&r=g","contentUrl":"https:\/\/secure.gravatar.com\/avatar\/6f9b01123d20ef71338ec5147532218e1af3162a2303dfcafaa699e63fbb5805?s=96&d=mm&r=g","caption":"Paulo Alvarenga Pires Cavalcanti"},"url":"https:\/\/www.estrategiaconcursos.com.br\/blog\/author\/palvarenga88gmail-com\/"}]}},"_links":{"self":[{"href":"https:\/\/www.estrategiaconcursos.com.br\/blog\/wp-json\/wp\/v2\/posts\/727587","targetHints":{"allow":["GET"]}}],"collection":[{"href":"https:\/\/www.estrategiaconcursos.com.br\/blog\/wp-json\/wp\/v2\/posts"}],"about":[{"href":"https:\/\/www.estrategiaconcursos.com.br\/blog\/wp-json\/wp\/v2\/types\/post"}],"author":[{"embeddable":true,"href":"https:\/\/www.estrategiaconcursos.com.br\/blog\/wp-json\/wp\/v2\/users\/1822"}],"replies":[{"embeddable":true,"href":"https:\/\/www.estrategiaconcursos.com.br\/blog\/wp-json\/wp\/v2\/comments?post=727587"}],"version-history":[{"count":4,"href":"https:\/\/www.estrategiaconcursos.com.br\/blog\/wp-json\/wp\/v2\/posts\/727587\/revisions"}],"predecessor-version":[{"id":733068,"href":"https:\/\/www.estrategiaconcursos.com.br\/blog\/wp-json\/wp\/v2\/posts\/727587\/revisions\/733068"}],"wp:featuredmedia":[{"embeddable":true,"href":"https:\/\/www.estrategiaconcursos.com.br\/blog\/wp-json\/wp\/v2\/media\/730433"}],"wp:attachment":[{"href":"https:\/\/www.estrategiaconcursos.com.br\/blog\/wp-json\/wp\/v2\/media?parent=727587"}],"wp:term":[{"taxonomy":"category","embeddable":true,"href":"https:\/\/www.estrategiaconcursos.com.br\/blog\/wp-json\/wp\/v2\/categories?post=727587"},{"taxonomy":"post_tag","embeddable":true,"href":"https:\/\/www.estrategiaconcursos.com.br\/blog\/wp-json\/wp\/v2\/tags?post=727587"},{"taxonomy":"tax_estado","embeddable":true,"href":"https:\/\/www.estrategiaconcursos.com.br\/blog\/wp-json\/wp\/v2\/tax_estado?post=727587"}],"curies":[{"name":"wp","href":"https:\/\/api.w.org\/{rel}","templated":true}]}}