{"id":725723,"date":"2025-07-22T06:15:00","date_gmt":"2025-07-22T09:15:00","guid":{"rendered":"https:\/\/www.estrategiaconcursos.com.br\/blog\/?p=725723"},"modified":"2025-07-22T16:14:49","modified_gmt":"2025-07-22T19:14:49","slug":"concurso-ager-mt","status":"publish","type":"post","link":"https:\/\/www.estrategiaconcursos.com.br\/blog\/concurso-ager-mt\/","title":{"rendered":"Concurso Ager MT: validade prorrogada at\u00e9 2027!"},"content":{"rendered":"\n<p>Homologado em 2023, a validade do <strong>concurso AGER MT (Ag\u00eancia Estadual de Regula\u00e7\u00e3o dos Servi\u00e7os P\u00fablicos Delegados de Mato Grosso) <\/strong>foi prorrogada.<\/p>\n\n\n\n<p>De acordo com o comunicado via Di\u00e1rio Oficial do Estado, agora, o certame seguir\u00e1 v\u00e1lido <strong>at\u00e9 16 de agosto de 2027<\/strong>, em sua segunda validade, n\u00e3o podendo mais ser prorrogado.<\/p>\n\n\n\n<ul class=\"wp-block-list\">\n<li><a href=\"https:\/\/dhg1h5j42swfq.cloudfront.net\/2023\/11\/22071529\/ager-mt.pdf\" target=\"_blank\" rel=\"noreferrer noopener nofollow\"><strong>Veja o an\u00fancio<\/strong><\/a><\/li>\n<\/ul>\n\n\n\n<p>Com a oferta de<strong> 55 vagas<\/strong> em cadastro reserva, o concurso contou com <strong>5.722 candidatos inscritos<\/strong>. <\/p>\n\n\n\n<p>Os cargos oferecidos abrangiam diversas \u00e1reas, refletindo a abrang\u00eancia das responsabilidades da ag\u00eancia na fiscaliza\u00e7\u00e3o e regula\u00e7\u00e3o de servi\u00e7os essenciais, como transporte, saneamento b\u00e1sico e energia.<\/p>\n\n\n\n<ul class=\"wp-block-list has-very-light-gray-to-cyan-bluish-gray-gradient-background has-background\">\n<li><strong>Ag\u00eancia Estadual de Regula\u00e7\u00e3o dos Servi\u00e7os P\u00fablicos Delegados de Mato Grosso<\/strong> <\/li>\n\n\n\n<li><strong style=\"color: initial;\">Status:<\/strong> homologado\/validade prorrogada<\/li>\n\n\n\n<li><strong>Banca:<\/strong>&nbsp;<a href=\"https:\/\/www.cebraspe.org.br\/concursos\/AGER_MT_23\" target=\"_blank\" rel=\"noreferrer noopener\">Cebraspe<\/a><\/li>\n\n\n\n<li><strong>Vagas:<\/strong> 55 CR<\/li>\n\n\n\n<li><strong>Sal\u00e1rio:<\/strong>&nbsp;R$ 3.707,18 a R$ 8.288,82<\/li>\n\n\n\n<li><strong>Edital<\/strong>:&nbsp;<a href=\"https:\/\/dhg1h5j42swfq.cloudfront.net\/2023\/02\/01105901\/ed_1_2023_ager_mt_abertura.pdf\" target=\"_blank\" rel=\"noreferrer noopener nofollow\">Ager MT 2023<\/a><\/li>\n<\/ul>\n\n\n\n<p>Se voc\u00ea tem interesse no concurso da Ager MT, chegou ao lugar certo! Ao longo deste artigo reunimos as principais informa\u00e7\u00f5es sobre o \u00f3rg\u00e3o e o certame. Acompanhe pelos t\u00f3picos abaixo e n\u00e3o perca nada!<\/p>\n\n\n\n<ul id=\"indice\" class=\"wp-block-list\">\n<li><a href=\"#vagas\"><strong>Distribui\u00e7\u00e3o das vagas<\/strong><\/a>\n<ul class=\"wp-block-list\">\n<li><a href=\"#medio\">N\u00edvel m\u00e9dio<\/a><\/li>\n\n\n\n<li><a href=\"#superior\">N\u00edvel superior<\/a><\/li>\n<\/ul>\n<\/li>\n\n\n\n<li><strong><a href=\"#carreira\">Carreira na Ager MT<\/a><\/strong><ul><li><a href=\"#requisitos\">Requisitos<\/a><\/li><\/ul>\n<ul class=\"wp-block-list\">\n<li><a href=\"#salario\">Sal\u00e1rio<\/a><\/li>\n<\/ul>\n<\/li>\n\n\n\n<li><a href=\"#etapas\"><strong>Etapas<\/strong><\/a>\n<ul class=\"wp-block-list\">\n<li><a href=\"#objetiva\">Prova objetiva<\/a><\/li>\n\n\n\n<li><a href=\"#discursiva\">Prova discursiva<\/a><\/li>\n\n\n\n<li><a href=\"#titulos\">Prova de t\u00edtulos<\/a><\/li>\n<\/ul>\n<\/li>\n\n\n\n<li><strong><a href=\"#sobre\">Sobre a Ager MT<\/a><\/strong><\/li>\n\n\n\n<li><strong><a href=\"#cursos\">Assinatura e cursos<\/a><\/strong><\/li>\n\n\n\n<li><strong><a href=\"#ficha\">Ficha t\u00e9cnica<\/a><\/strong><\/li>\n<\/ul>\n\n\n\n<div class=\"container\" id=\"boxes\">\n  <div class=\"row\">\n\n    <div class=\"col-sm\">\n      <div class=\"banner-estrategia\" id=\"box-assinatura\">\n        <h3 class=\"titulo-assinatura\">Cursos para Ager MT<\/h3>\n        <p class=\"subtitulo-assinatura\">Estude conosco<\/p>\n        <div class=\"box-botao\">\n          <a class=\"btn-assinatura\" target=\"_blank\" href=\"https:\/\/www.estrategiaconcursos.com.br\/cursosPorConcurso\/agencia-estadual-de-regulacao-dos-servicos-publicos-delegados-de-mato-grosso-ager-mt\/\" role=\"button\" rel=\"noopener noreferrer\">Conhe\u00e7a os cursos<\/a>\n        <\/div>\n      <\/div>\n     \n    <\/div>\n\n  <\/div>\n<\/div>\n\n\n\n<h2 class=\"wp-block-heading\" id=\"vagas\">Concurso Ager MT: distribui\u00e7\u00e3o das vagas<\/h2>\n\n\n\n<p>Foram registradas 5.722 inscri\u00e7\u00f5es, sendo que o cargo com maior procura foi o de <strong>Inspetor Regulador <\/strong>com lota\u00e7\u00e3o na cidade de Cuiab\u00e1 (cargo 12), com <strong>1.588 inscritos<\/strong>. Confira a rela\u00e7\u00e3o completa:<\/p>\n\n\n\n<ul class=\"wp-block-list\">\n<li><strong><a href=\"https:\/\/dhg1h5j42swfq.cloudfront.net\/2023\/04\/24165532\/ager_mt_23___demanda_candidatos_por_vaga_atualizada.pdf\" target=\"_blank\" rel=\"noreferrer noopener nofollow\">Demanda x vaga<\/a><\/strong> <\/li>\n<\/ul>\n\n\n\n<h3 class=\"wp-block-heading\" id=\"medio\">N\u00edvel m\u00e9dio<\/h3>\n\n\n\n<ul class=\"wp-block-list\">\n<li>T\u00e9cnico Administrativo: 1 CR &#8211; R$ 3.769,89; e<\/li>\n\n\n\n<li>Inspetor Regulador: 30 CR &#8211; R$ 3.707,18.<\/li>\n<\/ul>\n\n\n\n<h3 class=\"wp-block-heading\" id=\"superior\">N\u00edvel superior<\/h3>\n\n\n\n<ul class=\"wp-block-list\">\n<li>Analista Administrativo \u2013 Administra\u00e7\u00e3o: 1 CR &#8211; R$ 7.153,53;<\/li>\n\n\n\n<li>Analista Administrativo  Ci\u00eancias Cont\u00e1beis: 1 CR &#8211; R$ 7.153,53;<\/li>\n\n\n\n<li>Analista Regulador \u2013 Administra\u00e7\u00e3o: 1 CR &#8211; R$ 8.288,82;<\/li>\n\n\n\n<li>Analista Regulador \u2013 Ci\u00eancias Cont\u00e1beis: 4 CR &#8211; R$ 8.288,82;<\/li>\n\n\n\n<li>Analista Regulador \u2013 Ci\u00eancias da Computa\u00e7\u00e3o e(ou) Sistemas de Informa\u00e7\u00e3o: 2 CR &#8211; R$ 8.288,82;<\/li>\n\n\n\n<li>Analista Regulador \u2013 Direito: 1 CR &#8211; R$ 8.288,82;<\/li>\n\n\n\n<li>Analista Regulador \u2013 Economia: 3 CR &#8211; R$ 8.288,82;<\/li>\n\n\n\n<li>Analista Regulador \u2013 Engenharia Civil: 7 CR &#8211; R$ 8.288,82;<\/li>\n\n\n\n<li>Analista Regulador \u2013 Engenharia El\u00e9trica: 1 CR &#8211; R$ 8.288,82; e<\/li>\n\n\n\n<li>Analista Regulador \u2013 Engenharia Sanit\u00e1ria: 3 CR &#8211; R$ 8.288,82.<\/li>\n<\/ul>\n\n\n\n<h2 class=\"wp-block-heading\" id=\"carreira\">Concurso Ager MT: carreira<\/h2>\n\n\n\n<h3 class=\"wp-block-heading\" id=\"requisitos\">Requisitos<\/h3>\n\n\n\n<ul class=\"wp-block-list\">\n<li><strong>Analista Administrativo:<\/strong> \n<ul class=\"wp-block-list\">\n<li><strong>Administra\u00e7\u00e3o: <\/strong>diploma de n\u00edvel superior em Administra\u00e7\u00e3o, e registro no \u00f3rg\u00e3o de classe;<\/li>\n\n\n\n<li><strong>Ci\u00eancias Cont\u00e1beis:<\/strong> diploma de n\u00edvel superior em Ci\u00eancias Cont\u00e1beis, e registro no \u00f3rg\u00e3o de classe.<\/li>\n<\/ul>\n<\/li>\n\n\n\n<li><strong>Analista Regulador:<\/strong> \n<ul class=\"wp-block-list\">\n<li><strong>Administra\u00e7\u00e3o:<\/strong> diploma de conclus\u00e3o de curso de n\u00edvel superior em Administra\u00e7\u00e3o de Empresa, e registro no \u00f3rg\u00e3o de classe;<\/li>\n\n\n\n<li><strong>Ci\u00eancias Cont\u00e1beis: <\/strong>diploma de conclus\u00e3o de curso de n\u00edvel superior em Ci\u00eancias Cont\u00e1beis, e registro no \u00f3rg\u00e3o de classe;<\/li>\n\n\n\n<li><strong>Ci\u00eancias da Computa\u00e7\u00e3o e\/ou Sistemas de Informa\u00e7\u00e3o: <\/strong>diploma de n\u00edvel superior em Ci\u00eancias da Computa\u00e7\u00e3o e(ou) Sistemas de Informa\u00e7\u00e3o, e registro no \u00f3rg\u00e3o de classe;<\/li>\n\n\n\n<li><strong>Direito:<\/strong> diploma de n\u00edvel superior em Direito, e registro no \u00f3rg\u00e3o de classe;<\/li>\n\n\n\n<li><strong>Economia<\/strong>: diploma de n\u00edvel superior em Economia, e registro no \u00f3rg\u00e3o de classe;<\/li>\n\n\n\n<li><strong>Engenharia Civil: <\/strong>diploma de n\u00edvel superior em Engenharia Civil, e registro no \u00f3rg\u00e3o de classe;<\/li>\n\n\n\n<li><strong>Engenharia El\u00e9trica:<\/strong> diploma de conclus\u00e3o de curso de n\u00edvel superior em Engenharia El\u00e9trica, e registro no \u00f3rg\u00e3o de classe;<\/li>\n\n\n\n<li><strong>Engenharia Sanit\u00e1ria:<\/strong> diploma de n\u00edvel superior em Engenharia Sanit\u00e1ria, e registro no \u00f3rg\u00e3o de classe.<\/li>\n<\/ul>\n<\/li>\n\n\n\n<li><strong>Inspetor Regulador:<\/strong> \n<ul class=\"wp-block-list\">\n<li>Certificado de ensino m\u00e9dio, e Carteira Nacional de Habilita\u00e7\u00e3o (CNH), categoria \u201cA\/B.<\/li>\n<\/ul>\n<\/li>\n\n\n\n<li><strong>T\u00e9cnico Administrativo:<\/strong> \n<ul class=\"wp-block-list\">\n<li>Diploma de n\u00edvel superior em qualquer \u00e1rea de forma\u00e7\u00e3o.<\/li>\n<\/ul>\n<\/li>\n<\/ul>\n\n\n\n<h3 class=\"wp-block-heading\" id=\"salario\">Sal\u00e1rio<\/h3>\n\n\n\n<p>Confira abaixo os sal\u00e1rios iniciais dos principais cargos da AGER MT, conforme estrutura remunerat\u00f3ria atual, dispon\u00edvel no Portal da Transpar\u00eancia do Estado.<\/p>\n\n\n\n<ul class=\"wp-block-list\">\n<li><strong>Analista regulador: <\/strong>R$ 8.288,82;<\/li>\n\n\n\n<li><strong>Inspetor Regulador:<\/strong> R$ 3.707,18;<\/li>\n\n\n\n<li><strong>T\u00e9cnico Administrativo:<\/strong> R$ 3.769,89; e<\/li>\n\n\n\n<li><strong>Analista Administrativo:<\/strong> R$ 7.153,53.<\/li>\n<\/ul>\n\n\n\n<h2 class=\"wp-block-heading\" id=\"etapas\">Concurso Ager MT: etapas<\/h2>\n\n\n\n<ul class=\"wp-block-list\">\n<li><strong>Prova objetiva<\/strong> (eliminat\u00f3rio e classificat\u00f3rio) para todos os cargos;<\/li>\n\n\n\n<li><strong>Prova discursiva <\/strong>(eliminat\u00f3rio e classificat\u00f3rio) para todos os cargos; e<\/li>\n\n\n\n<li><strong>Prova de t\u00edtulos <\/strong>(eliminat\u00f3rio e classificat\u00f3rio) somente para Analista Regulador e Inspetor Regulador.<\/li>\n<\/ul>\n\n\n\n<h3 class=\"wp-block-heading\" id=\"objetiva\">Prova objetiva<\/h3>\n\n\n\n<p>As provas objetivas e discursivas tiveram a dura\u00e7\u00e3o de 5 horas e foram aplicadas no dia&nbsp;30 de abril. Foram 60 quest\u00f5es de m\u00faltipla escolha (A, B, C, D e E), distribu\u00eddas entre conhecimentos b\u00e1sicos e espec\u00edficos.<\/p>\n\n\n\n<ul class=\"wp-block-list\">\n<li><strong>Conhecimentos b\u00e1sicos &#8211; 25 quest\u00f5es<\/strong>\n<ul class=\"wp-block-list\">\n<li>L\u00edngua Portuguesa;<\/li>\n\n\n\n<li>Racioc\u00ednio L\u00f3gico;<\/li>\n\n\n\n<li>No\u00e7\u00f5es de Inform\u00e1tica;<\/li>\n\n\n\n<li>\u00c9tica no Servi\u00e7o P\u00fablico;<\/li>\n\n\n\n<li>Geografia e Hist\u00f3ria de Mato Grosso;<\/li>\n\n\n\n<li>Legisla\u00e7\u00e3o.<\/li>\n<\/ul>\n<\/li>\n\n\n\n<li><strong>Conhecimentos espec\u00edficos &#8211; 35 quest\u00f5es<\/strong><\/li>\n<\/ul>\n\n\n\n<h3 class=\"wp-block-heading\" id=\"discursiva\">Prova discursiva<\/h3>\n\n\n\n<p>A prova discursiva valeu 40,00 pontos e consistiu de:<\/p>\n\n\n\n<ul class=\"wp-block-list\">\n<li>Para os cargos de<strong> Analista Administrativo e de Analista Regulador:<\/strong> quatro quest\u00f5es, a respeito de temas relacionados a conhecimentos espec\u00edficos do cargo\/perfil, respondidas em at\u00e9 10 linhas cada, no valor de 10,00 pontos cada, totalizando 40,00 pontos;<\/li>\n\n\n\n<li>Para os cargos de <strong>T\u00e9cnico Administrativo e de Inspetor Regulador:<\/strong> reda\u00e7\u00e3o de texto dissertativo, de at\u00e9 30 linhas, a respeito de temas relacionados a Atualidades, no valor de 40,00 pontos.<\/li>\n<\/ul>\n\n\n\n<h3 class=\"wp-block-heading\" id=\"titulos\">Prova de t\u00edtulos<\/h3>\n\n\n\n<p>Foram convocados para a avalia\u00e7\u00e3o de t\u00edtulos os candidatos aos cargos de Analista Regulador e de Inspetor Regulador classificados na prova discursiva.<\/p>\n\n\n\n<p>Somente foram aceitos os t\u00edtulos abaixo relacionados, expedidos at\u00e9 a data de envio, observados os limites de pontos dos quadros a seguir:<\/p>\n\n\n\n<p><strong>PARA O CARGO DE ANALISTA REGULADOR:<\/strong><\/p>\n\n\n\n<figure class=\"wp-block-image aligncenter size-full\"><img loading=\"lazy\" decoding=\"async\" width=\"682\" height=\"406\" src=\"https:\/\/dhg1h5j42swfq.cloudfront.net\/2023\/02\/01111140\/image-8.png\" alt=\"Tabela de atribui\u00e7\u00e3o de pontos na Avalia\u00e7\u00e3o de T\u00edtulos para Analista Regulador\" class=\"wp-image-1162762\" srcset=\"https:\/\/dhg1h5j42swfq.cloudfront.net\/2023\/02\/01111140\/image-8.png 682w, https:\/\/dhg1h5j42swfq.cloudfront.net\/2023\/02\/01111140\/image-8-300x179.png 300w, https:\/\/dhg1h5j42swfq.cloudfront.net\/2023\/02\/01111140\/image-8-610x363.png 610w, https:\/\/dhg1h5j42swfq.cloudfront.net\/2023\/02\/01111140\/image-8-150x89.png 150w\" sizes=\"auto, (max-width: 682px) 100vw, 682px\" \/><\/figure>\n\n\n\n<p><strong>PARA O CARGO DE INSPETOR REGULADOR:<\/strong><\/p>\n\n\n\n<figure class=\"wp-block-image aligncenter size-full\"><img loading=\"lazy\" decoding=\"async\" width=\"684\" height=\"485\" src=\"https:\/\/dhg1h5j42swfq.cloudfront.net\/2023\/02\/01111241\/image-9.png\" alt=\"Tabela de atribui\u00e7\u00e3o de pontos na Avalia\u00e7\u00e3o de T\u00edtulos para Inspetor Regulador\" class=\"wp-image-1162764\" srcset=\"https:\/\/dhg1h5j42swfq.cloudfront.net\/2023\/02\/01111241\/image-9.png 684w, https:\/\/dhg1h5j42swfq.cloudfront.net\/2023\/02\/01111241\/image-9-300x213.png 300w, https:\/\/dhg1h5j42swfq.cloudfront.net\/2023\/02\/01111241\/image-9-610x433.png 610w, https:\/\/dhg1h5j42swfq.cloudfront.net\/2023\/02\/01111241\/image-9-150x106.png 150w\" sizes=\"auto, (max-width: 684px) 100vw, 684px\" \/><\/figure>\n\n\n\n<h2 class=\"wp-block-heading\" id=\"sobre\">Sobre a Ager MT<\/h2>\n\n\n\n<p>Compete \u00e0 <a href=\"http:\/\/www.ager.mt.gov.br\/\" target=\"_blank\" rel=\"noreferrer noopener\">AGER MT<\/a> regular, normatizar, controlar e fiscalizar, nos limites da lei, os servi\u00e7os p\u00fablicos e suas respectivas tarifas, prestados diretamente pelo Estado de Mato Grosso ou prestados indiretamente por meio de delega\u00e7\u00e3o \u00e0 iniciativa privada, referentes a<strong>:<\/strong><\/p>\n\n\n\n<ul class=\"wp-block-list\">\n<li>I &#8211; saneamento;<\/li>\n\n\n\n<li>II &#8211; rodovias;<\/li>\n\n\n\n<li>III &#8211; portos e hidrovias;<\/li>\n\n\n\n<li>IV &#8211; transporte coletivo intermunicipal de passageiros e seus terminais rodovi\u00e1rios;<\/li>\n\n\n\n<li>V &#8211; distribui\u00e7\u00e3o de g\u00e1s canalizado;<\/li>\n\n\n\n<li>VI &#8211; energia el\u00e9trica; e<\/li>\n\n\n\n<li>VII &#8211; telecomunica\u00e7\u00f5es.<\/li>\n<\/ul>\n\n\n\n<hr class=\"wp-block-separator has-css-opacity\"\/>\n\n\n\n<h2 class=\"wp-block-heading has-text-align-center\" id=\"cursos\"><em>Quer estudar para o concurso Ager MT?<\/em><\/h2>\n\n\n\n<div class=\"container\" id=\"boxes\">\n  <div class=\"row\">\n\n    <div class=\"col-sm\">\n      <div class=\"banner-estrategia\" id=\"box-assinatura\">\n        <h3 class=\"titulo-assinatura\">Cursos para Ager MT<\/h3>\n        <p class=\"subtitulo-assinatura\">Estude conosco<\/p>\n        <div class=\"box-botao\">\n          <a class=\"btn-assinatura\" target=\"_blank\" href=\"https:\/\/www.estrategiaconcursos.com.br\/cursosPorConcurso\/agencia-estadual-de-regulacao-dos-servicos-publicos-delegados-de-mato-grosso-ager-mt\/\" role=\"button\" rel=\"noopener noreferrer\">Conhe\u00e7a os cursos<\/a>\n        <\/div>\n      <\/div>\n     \n    <\/div>\n\n  <\/div>\n<\/div>\n\n\n\n<div class=\"container\" id=\"boxes\">\n  <div class=\"row\">\n\n    <div class=\"col-sm\">\n      <div class=\"estrategia\" id=\"box-assinatura\">\n        <h3 class=\"titulo-assinatura\">Assinatura Concursos<\/h3>\n        <p class=\"subtitulo-assinatura\">Assinatura de 1 ano ou 2 anos<\/p>\n        <div class=\"box-botao\">\n          <a class=\"btn-assinatura\" target=\"_blank\" href=\"https:\/\/www.estrategiaconcursos.com.br\/assinaturas\/\" role=\"button\" rel=\"noopener noreferrer\">ASSINE AGORA<\/a>\n        <\/div>\n      <\/div><\/div><\/div><\/div>\n\n\n\n<h2 class=\"wp-block-heading has-text-align-center\" id=\"h-quer-saber-tudo-sobre-concursos-previstos-confira-nossos-artigos\">Quer saber tudo sobre concursos previstos?<br \/>Confira nossos artigos!<\/h2>\n\n\n\n<ul class=\"wp-block-list\">\n<li><a href=\"https:\/\/www.estrategiaconcursos.com.br\/blog\/concursos-abertos\/\" target=\"_blank\" rel=\"noreferrer noopener\">Concursos Abertos<\/a><\/li>\n\n\n\n<li><a href=\"https:\/\/www.estrategiaconcursos.com.br\/blog\/concurso-administrativos\/\">Concursos Administrativos<\/a><\/li>\n\n\n\n<li><a href=\"https:\/\/www.estrategiaconcursos.com.br\/blog\/concursos-2025\/\" target=\"_blank\" rel=\"noreferrer noopener\">Concursos 2025<\/a><\/li>\n\n\n\n<li><a href=\"https:\/\/www.estrategiaconcursos.com.br\/blog\/concursos-2026\/\" target=\"_blank\" rel=\"noreferrer noopener\">Concursos 2026<\/a><\/li>\n<\/ul>\n\n\n\n<figure class=\"wp-block-image is-resized\"><img loading=\"lazy\" decoding=\"async\" width=\"1024\" height=\"632\" src=\"https:\/\/dhg1h5j42swfq.cloudfront.net\/2021\/04\/27084917\/ficha-tecnica-173-1024x632.png\" alt=\"Ficha T\u00e9cnica Concurso Ager MT\" class=\"wp-image-724003\" style=\"width:309px;height:auto\" srcset=\"https:\/\/dhg1h5j42swfq.cloudfront.net\/2021\/04\/27084917\/ficha-tecnica-173-1024x632.png 1024w, https:\/\/dhg1h5j42swfq.cloudfront.net\/2021\/04\/27084917\/ficha-tecnica-173-300x185.png 300w, https:\/\/dhg1h5j42swfq.cloudfront.net\/2021\/04\/27084917\/ficha-tecnica-173-768x474.png 768w, https:\/\/dhg1h5j42swfq.cloudfront.net\/2021\/04\/27084917\/ficha-tecnica-173-1536x948.png 1536w, https:\/\/dhg1h5j42swfq.cloudfront.net\/2021\/04\/27084917\/ficha-tecnica-173-610x377.png 610w, https:\/\/dhg1h5j42swfq.cloudfront.net\/2021\/04\/27084917\/ficha-tecnica-173.png 1571w\" sizes=\"auto, (max-width: 1024px) 100vw, 1024px\" \/><\/figure>\n\n\n\n<h3 class=\"wp-block-heading\" id=\"ficha\">Informa\u00e7\u00f5es do&nbsp;Concurso Ager MT<\/h3>\n\n\n\n<ul class=\"wp-block-list\">\n<li><strong>Ano:<\/strong>&nbsp;2023<\/li>\n\n\n\n<li><strong>Vagas<\/strong>: 55 CR<\/li>\n\n\n\n<li><strong>Cargos<\/strong>: Analista, T\u00e9cnico e Inspetor<\/li>\n\n\n\n<li><strong>Banca<\/strong>: Cebraspe<\/li>\n\n\n\n<li><strong>Escolaridade<\/strong>: n\u00edveis m\u00e9dio e superior<\/li>\n\n\n\n<li><strong>Edital<\/strong>:&nbsp;<a href=\"https:\/\/dhg1h5j42swfq.cloudfront.net\/2023\/02\/01105901\/ed_1_2023_ager_mt_abertura.pdf\" target=\"_blank\" rel=\"noreferrer noopener nofollow\">Ager MT 2023<\/a> | <a href=\"https:\/\/dhg1h5j42swfq.cloudfront.net\/2023\/02\/24112442\/ed_2_2023_ager_mt_retificao.pdf\" target=\"_blank\" rel=\"noreferrer noopener nofollow\">Retifica\u00e7\u00e3o<\/a> | <a href=\"https:\/\/dhg1h5j42swfq.cloudfront.net\/2023\/03\/07121756\/ed_4_2023_ager_mt_ret_pcds.pdf\" target=\"_blank\" rel=\"noreferrer noopener nofollow\">Retifica\u00e7\u00e3o II<\/a><\/li>\n<\/ul>\n","protected":false},"excerpt":{"rendered":"<p>Homologado em 2023, a validade do concurso AGER MT (Ag\u00eancia Estadual de Regula\u00e7\u00e3o dos Servi\u00e7os P\u00fablicos Delegados de Mato Grosso) foi prorrogada. De acordo com o comunicado via Di\u00e1rio Oficial do Estado, agora, o certame seguir\u00e1 v\u00e1lido at\u00e9 16 de agosto de 2027, em sua segunda validade, n\u00e3o podendo mais ser prorrogado. Com a oferta [&hellip;]<\/p>\n","protected":false},"author":1,"featured_media":728272,"comment_status":"open","ping_status":"closed","sticky":false,"template":"","format":"standard","meta":{"post_tipo":"news_page","footnotes":""},"categories":[214992],"tags":[],"tax_estado":[219976],"class_list":["post-725723","post","type-post","status-publish","format-standard","has-post-thumbnail","hentry","category-concursos-administrativos","tax_estado-mt"],"acf":[],"yoast_head":"<!-- This site is optimized with the Yoast SEO Premium plugin v27.2 (Yoast SEO v27.2) - https:\/\/yoast.com\/product\/yoast-seo-premium-wordpress\/ -->\n<title>Concurso Ager MT: validade prorrogada at\u00e9 2027!<\/title>\n<meta name=\"description\" content=\"Saiba tudo sobre o concurso AGER MT, com validade prorrogada at\u00e9 2027 e as 55 vagas em cadastro reserva ofertadas.\" \/>\n<meta name=\"robots\" content=\"index, follow, max-snippet:-1, max-image-preview:large, max-video-preview:-1\" \/>\n<link rel=\"canonical\" href=\"https:\/\/www.estrategiaconcursos.com.br\/blog\/concurso-ager-mt\/\" \/>\n<meta property=\"og:locale\" content=\"pt_BR\" \/>\n<meta property=\"og:type\" content=\"article\" \/>\n<meta property=\"og:title\" content=\"Concurso Ager MT: validade prorrogada at\u00e9 2027!\" \/>\n<meta property=\"og:description\" content=\"Saiba tudo sobre o concurso AGER MT, com validade prorrogada at\u00e9 2027 e as 55 vagas em cadastro reserva ofertadas.\" \/>\n<meta property=\"og:url\" content=\"https:\/\/www.estrategiaconcursos.com.br\/blog\/concurso-ager-mt\/\" \/>\n<meta property=\"og:site_name\" content=\"Estrat\u00e9gia Concursos\" \/>\n<meta property=\"article:author\" content=\"https:\/\/www.facebook.com\/EstrategiaConcursos\" \/>\n<meta property=\"article:published_time\" content=\"2025-07-22T09:15:00+00:00\" \/>\n<meta property=\"article:modified_time\" content=\"2025-07-22T19:14:49+00:00\" \/>\n<meta property=\"og:image\" content=\"https:\/\/dhg1h5j42swfq.cloudfront.net\/2021\/04\/30153827\/ager-mt.jpg\" \/>\n\t<meta property=\"og:image:width\" content=\"768\" \/>\n\t<meta property=\"og:image:height\" content=\"432\" \/>\n\t<meta property=\"og:image:type\" content=\"image\/jpeg\" \/>\n<meta name=\"author\" content=\"Coordena\u00e7\u00e3o\" \/>\n<meta name=\"twitter:card\" content=\"summary_large_image\" \/>\n<meta name=\"twitter:creator\" content=\"@EstratConcursos\" \/>\n<meta name=\"twitter:site\" content=\"@EstratConcursos\" \/>\n<meta name=\"twitter:label1\" content=\"Escrito por\" \/>\n\t<meta name=\"twitter:data1\" content=\"Coordena\u00e7\u00e3o\" \/>\n\t<meta name=\"twitter:label2\" content=\"Est. tempo de leitura\" \/>\n\t<meta name=\"twitter:data2\" content=\"5 minutos\" \/>\n<script type=\"application\/ld+json\" class=\"yoast-schema-graph\">{\"@context\":\"https:\/\/schema.org\",\"@graph\":[{\"@type\":\"NewsArticle\",\"@id\":\"https:\/\/www.estrategiaconcursos.com.br\/blog\/concurso-ager-mt\/#article\",\"isPartOf\":{\"@id\":\"https:\/\/www.estrategiaconcursos.com.br\/blog\/concurso-ager-mt\/\"},\"author\":{\"name\":\"Coordena\u00e7\u00e3o\",\"@id\":\"https:\/\/www.estrategiaconcursos.com.br\/blog\/#\/schema\/person\/b4a388c97673c5f483d72185668afa1f\"},\"headline\":\"Concurso Ager MT: validade prorrogada at\u00e9 2027!\",\"datePublished\":\"2025-07-22T09:15:00+00:00\",\"dateModified\":\"2025-07-22T19:14:49+00:00\",\"mainEntityOfPage\":{\"@id\":\"https:\/\/www.estrategiaconcursos.com.br\/blog\/concurso-ager-mt\/\"},\"wordCount\":1097,\"commentCount\":0,\"publisher\":{\"@id\":\"https:\/\/www.estrategiaconcursos.com.br\/blog\/#organization\"},\"image\":{\"@id\":\"https:\/\/www.estrategiaconcursos.com.br\/blog\/concurso-ager-mt\/#primaryimage\"},\"thumbnailUrl\":\"https:\/\/dhg1h5j42swfq.cloudfront.net\/2021\/04\/30153827\/ager-mt.jpg\",\"articleSection\":[\"Executivo (Administrativa)\"],\"inLanguage\":\"pt-BR\",\"potentialAction\":[{\"@type\":\"CommentAction\",\"name\":\"Comment\",\"target\":[\"https:\/\/www.estrategiaconcursos.com.br\/blog\/concurso-ager-mt\/#respond\"]}],\"copyrightYear\":\"2025\",\"copyrightHolder\":{\"@id\":\"https:\/\/www.estrategiaconcursos.com.br\/blog\/#organization\"}},{\"@type\":\"WebPage\",\"@id\":\"https:\/\/www.estrategiaconcursos.com.br\/blog\/concurso-ager-mt\/\",\"url\":\"https:\/\/www.estrategiaconcursos.com.br\/blog\/concurso-ager-mt\/\",\"name\":\"Concurso Ager MT: validade prorrogada at\u00e9 2027!\",\"isPartOf\":{\"@id\":\"https:\/\/www.estrategiaconcursos.com.br\/blog\/#website\"},\"primaryImageOfPage\":{\"@id\":\"https:\/\/www.estrategiaconcursos.com.br\/blog\/concurso-ager-mt\/#primaryimage\"},\"image\":{\"@id\":\"https:\/\/www.estrategiaconcursos.com.br\/blog\/concurso-ager-mt\/#primaryimage\"},\"thumbnailUrl\":\"https:\/\/dhg1h5j42swfq.cloudfront.net\/2021\/04\/30153827\/ager-mt.jpg\",\"datePublished\":\"2025-07-22T09:15:00+00:00\",\"dateModified\":\"2025-07-22T19:14:49+00:00\",\"description\":\"Saiba tudo sobre o concurso AGER MT, com validade prorrogada at\u00e9 2027 e as 55 vagas em cadastro reserva ofertadas.\",\"breadcrumb\":{\"@id\":\"https:\/\/www.estrategiaconcursos.com.br\/blog\/concurso-ager-mt\/#breadcrumb\"},\"inLanguage\":\"pt-BR\",\"potentialAction\":[{\"@type\":\"ReadAction\",\"target\":[\"https:\/\/www.estrategiaconcursos.com.br\/blog\/concurso-ager-mt\/\"]}]},{\"@type\":\"ImageObject\",\"inLanguage\":\"pt-BR\",\"@id\":\"https:\/\/www.estrategiaconcursos.com.br\/blog\/concurso-ager-mt\/#primaryimage\",\"url\":\"https:\/\/dhg1h5j42swfq.cloudfront.net\/2021\/04\/30153827\/ager-mt.jpg\",\"contentUrl\":\"https:\/\/dhg1h5j42swfq.cloudfront.net\/2021\/04\/30153827\/ager-mt.jpg\",\"width\":768,\"height\":432,\"caption\":\"Concurso AGER MT gabaritos preliminares\"},{\"@type\":\"BreadcrumbList\",\"@id\":\"https:\/\/www.estrategiaconcursos.com.br\/blog\/concurso-ager-mt\/#breadcrumb\",\"itemListElement\":[{\"@type\":\"ListItem\",\"position\":1,\"name\":\"In\u00edcio\",\"item\":\"https:\/\/www.estrategiaconcursos.com.br\/blog\/\"},{\"@type\":\"ListItem\",\"position\":2,\"name\":\"Concurso Ager MT: validade prorrogada at\u00e9 2027!\"}]},{\"@type\":\"WebSite\",\"@id\":\"https:\/\/www.estrategiaconcursos.com.br\/blog\/#website\",\"url\":\"https:\/\/www.estrategiaconcursos.com.br\/blog\/\",\"name\":\"Estrat\u00e9gia Concursos\",\"description\":\"O blog da Estrat\u00e9gia Concursos traz not\u00edcias sobre concursos e artigos de professores oferecendo cursos para concursos (pdf + videaulas) no site.\",\"publisher\":{\"@id\":\"https:\/\/www.estrategiaconcursos.com.br\/blog\/#organization\"},\"potentialAction\":[{\"@type\":\"SearchAction\",\"target\":{\"@type\":\"EntryPoint\",\"urlTemplate\":\"https:\/\/www.estrategiaconcursos.com.br\/blog\/?s={search_term_string}\"},\"query-input\":{\"@type\":\"PropertyValueSpecification\",\"valueRequired\":true,\"valueName\":\"search_term_string\"}}],\"inLanguage\":\"pt-BR\"},{\"@type\":\"Organization\",\"@id\":\"https:\/\/www.estrategiaconcursos.com.br\/blog\/#organization\",\"name\":\"Estrat\u00e9gia Concursos\",\"url\":\"https:\/\/www.estrategiaconcursos.com.br\/blog\/\",\"logo\":{\"@type\":\"ImageObject\",\"inLanguage\":\"pt-BR\",\"@id\":\"https:\/\/www.estrategiaconcursos.com.br\/blog\/#\/schema\/logo\/image\/\",\"url\":\"https:\/\/dhg1h5j42swfq.cloudfront.net\/2025\/06\/03203428\/logo_concursos-1.jpg\",\"contentUrl\":\"https:\/\/dhg1h5j42swfq.cloudfront.net\/2025\/06\/03203428\/logo_concursos-1.jpg\",\"width\":230,\"height\":60,\"caption\":\"Estrat\u00e9gia Concursos\"},\"image\":{\"@id\":\"https:\/\/www.estrategiaconcursos.com.br\/blog\/#\/schema\/logo\/image\/\"},\"sameAs\":[\"https:\/\/x.com\/EstratConcursos\"]},{\"@type\":\"Person\",\"@id\":\"https:\/\/www.estrategiaconcursos.com.br\/blog\/#\/schema\/person\/b4a388c97673c5f483d72185668afa1f\",\"name\":\"Coordena\u00e7\u00e3o\",\"image\":{\"@type\":\"ImageObject\",\"inLanguage\":\"pt-BR\",\"@id\":\"https:\/\/secure.gravatar.com\/avatar\/b720319e4c9a967eb58678d110f4fe35452fc5d5f97b202bac7b8acceb18c6ad?s=96&d=mm&r=g\",\"url\":\"https:\/\/secure.gravatar.com\/avatar\/b720319e4c9a967eb58678d110f4fe35452fc5d5f97b202bac7b8acceb18c6ad?s=96&d=mm&r=g\",\"contentUrl\":\"https:\/\/secure.gravatar.com\/avatar\/b720319e4c9a967eb58678d110f4fe35452fc5d5f97b202bac7b8acceb18c6ad?s=96&d=mm&r=g\",\"caption\":\"Coordena\u00e7\u00e3o\"},\"sameAs\":[\"https:\/\/www.facebook.com\/EstrategiaConcursos\",\"https:\/\/x.com\/EstratConcursos\"],\"url\":\"https:\/\/www.estrategiaconcursos.com.br\/blog\/author\/estrategia2013\/\"}]}<\/script>\n<!-- \/ Yoast SEO Premium plugin. -->","yoast_head_json":{"title":"Concurso Ager MT: validade prorrogada at\u00e9 2027!","description":"Saiba tudo sobre o concurso AGER MT, com validade prorrogada at\u00e9 2027 e as 55 vagas em cadastro reserva ofertadas.","robots":{"index":"index","follow":"follow","max-snippet":"max-snippet:-1","max-image-preview":"max-image-preview:large","max-video-preview":"max-video-preview:-1"},"canonical":"https:\/\/www.estrategiaconcursos.com.br\/blog\/concurso-ager-mt\/","og_locale":"pt_BR","og_type":"article","og_title":"Concurso Ager MT: validade prorrogada at\u00e9 2027!","og_description":"Saiba tudo sobre o concurso AGER MT, com validade prorrogada at\u00e9 2027 e as 55 vagas em cadastro reserva ofertadas.","og_url":"https:\/\/www.estrategiaconcursos.com.br\/blog\/concurso-ager-mt\/","og_site_name":"Estrat\u00e9gia Concursos","article_author":"https:\/\/www.facebook.com\/EstrategiaConcursos","article_published_time":"2025-07-22T09:15:00+00:00","article_modified_time":"2025-07-22T19:14:49+00:00","og_image":[{"width":768,"height":432,"url":"https:\/\/dhg1h5j42swfq.cloudfront.net\/2021\/04\/30153827\/ager-mt.jpg","type":"image\/jpeg"}],"author":"Coordena\u00e7\u00e3o","twitter_card":"summary_large_image","twitter_creator":"@EstratConcursos","twitter_site":"@EstratConcursos","twitter_misc":{"Escrito por":"Coordena\u00e7\u00e3o","Est. tempo de leitura":"5 minutos"},"schema":{"@context":"https:\/\/schema.org","@graph":[{"@type":"NewsArticle","@id":"https:\/\/www.estrategiaconcursos.com.br\/blog\/concurso-ager-mt\/#article","isPartOf":{"@id":"https:\/\/www.estrategiaconcursos.com.br\/blog\/concurso-ager-mt\/"},"author":{"name":"Coordena\u00e7\u00e3o","@id":"https:\/\/www.estrategiaconcursos.com.br\/blog\/#\/schema\/person\/b4a388c97673c5f483d72185668afa1f"},"headline":"Concurso Ager MT: validade prorrogada at\u00e9 2027!","datePublished":"2025-07-22T09:15:00+00:00","dateModified":"2025-07-22T19:14:49+00:00","mainEntityOfPage":{"@id":"https:\/\/www.estrategiaconcursos.com.br\/blog\/concurso-ager-mt\/"},"wordCount":1097,"commentCount":0,"publisher":{"@id":"https:\/\/www.estrategiaconcursos.com.br\/blog\/#organization"},"image":{"@id":"https:\/\/www.estrategiaconcursos.com.br\/blog\/concurso-ager-mt\/#primaryimage"},"thumbnailUrl":"https:\/\/dhg1h5j42swfq.cloudfront.net\/2021\/04\/30153827\/ager-mt.jpg","articleSection":["Executivo (Administrativa)"],"inLanguage":"pt-BR","potentialAction":[{"@type":"CommentAction","name":"Comment","target":["https:\/\/www.estrategiaconcursos.com.br\/blog\/concurso-ager-mt\/#respond"]}],"copyrightYear":"2025","copyrightHolder":{"@id":"https:\/\/www.estrategiaconcursos.com.br\/blog\/#organization"}},{"@type":"WebPage","@id":"https:\/\/www.estrategiaconcursos.com.br\/blog\/concurso-ager-mt\/","url":"https:\/\/www.estrategiaconcursos.com.br\/blog\/concurso-ager-mt\/","name":"Concurso Ager MT: validade prorrogada at\u00e9 2027!","isPartOf":{"@id":"https:\/\/www.estrategiaconcursos.com.br\/blog\/#website"},"primaryImageOfPage":{"@id":"https:\/\/www.estrategiaconcursos.com.br\/blog\/concurso-ager-mt\/#primaryimage"},"image":{"@id":"https:\/\/www.estrategiaconcursos.com.br\/blog\/concurso-ager-mt\/#primaryimage"},"thumbnailUrl":"https:\/\/dhg1h5j42swfq.cloudfront.net\/2021\/04\/30153827\/ager-mt.jpg","datePublished":"2025-07-22T09:15:00+00:00","dateModified":"2025-07-22T19:14:49+00:00","description":"Saiba tudo sobre o concurso AGER MT, com validade prorrogada at\u00e9 2027 e as 55 vagas em cadastro reserva ofertadas.","breadcrumb":{"@id":"https:\/\/www.estrategiaconcursos.com.br\/blog\/concurso-ager-mt\/#breadcrumb"},"inLanguage":"pt-BR","potentialAction":[{"@type":"ReadAction","target":["https:\/\/www.estrategiaconcursos.com.br\/blog\/concurso-ager-mt\/"]}]},{"@type":"ImageObject","inLanguage":"pt-BR","@id":"https:\/\/www.estrategiaconcursos.com.br\/blog\/concurso-ager-mt\/#primaryimage","url":"https:\/\/dhg1h5j42swfq.cloudfront.net\/2021\/04\/30153827\/ager-mt.jpg","contentUrl":"https:\/\/dhg1h5j42swfq.cloudfront.net\/2021\/04\/30153827\/ager-mt.jpg","width":768,"height":432,"caption":"Concurso AGER MT gabaritos preliminares"},{"@type":"BreadcrumbList","@id":"https:\/\/www.estrategiaconcursos.com.br\/blog\/concurso-ager-mt\/#breadcrumb","itemListElement":[{"@type":"ListItem","position":1,"name":"In\u00edcio","item":"https:\/\/www.estrategiaconcursos.com.br\/blog\/"},{"@type":"ListItem","position":2,"name":"Concurso Ager MT: validade prorrogada at\u00e9 2027!"}]},{"@type":"WebSite","@id":"https:\/\/www.estrategiaconcursos.com.br\/blog\/#website","url":"https:\/\/www.estrategiaconcursos.com.br\/blog\/","name":"Estrat\u00e9gia Concursos","description":"O blog da Estrat\u00e9gia Concursos traz not\u00edcias sobre concursos e artigos de professores oferecendo cursos para concursos (pdf + videaulas) no site.","publisher":{"@id":"https:\/\/www.estrategiaconcursos.com.br\/blog\/#organization"},"potentialAction":[{"@type":"SearchAction","target":{"@type":"EntryPoint","urlTemplate":"https:\/\/www.estrategiaconcursos.com.br\/blog\/?s={search_term_string}"},"query-input":{"@type":"PropertyValueSpecification","valueRequired":true,"valueName":"search_term_string"}}],"inLanguage":"pt-BR"},{"@type":"Organization","@id":"https:\/\/www.estrategiaconcursos.com.br\/blog\/#organization","name":"Estrat\u00e9gia Concursos","url":"https:\/\/www.estrategiaconcursos.com.br\/blog\/","logo":{"@type":"ImageObject","inLanguage":"pt-BR","@id":"https:\/\/www.estrategiaconcursos.com.br\/blog\/#\/schema\/logo\/image\/","url":"https:\/\/dhg1h5j42swfq.cloudfront.net\/2025\/06\/03203428\/logo_concursos-1.jpg","contentUrl":"https:\/\/dhg1h5j42swfq.cloudfront.net\/2025\/06\/03203428\/logo_concursos-1.jpg","width":230,"height":60,"caption":"Estrat\u00e9gia Concursos"},"image":{"@id":"https:\/\/www.estrategiaconcursos.com.br\/blog\/#\/schema\/logo\/image\/"},"sameAs":["https:\/\/x.com\/EstratConcursos"]},{"@type":"Person","@id":"https:\/\/www.estrategiaconcursos.com.br\/blog\/#\/schema\/person\/b4a388c97673c5f483d72185668afa1f","name":"Coordena\u00e7\u00e3o","image":{"@type":"ImageObject","inLanguage":"pt-BR","@id":"https:\/\/secure.gravatar.com\/avatar\/b720319e4c9a967eb58678d110f4fe35452fc5d5f97b202bac7b8acceb18c6ad?s=96&d=mm&r=g","url":"https:\/\/secure.gravatar.com\/avatar\/b720319e4c9a967eb58678d110f4fe35452fc5d5f97b202bac7b8acceb18c6ad?s=96&d=mm&r=g","contentUrl":"https:\/\/secure.gravatar.com\/avatar\/b720319e4c9a967eb58678d110f4fe35452fc5d5f97b202bac7b8acceb18c6ad?s=96&d=mm&r=g","caption":"Coordena\u00e7\u00e3o"},"sameAs":["https:\/\/www.facebook.com\/EstrategiaConcursos","https:\/\/x.com\/EstratConcursos"],"url":"https:\/\/www.estrategiaconcursos.com.br\/blog\/author\/estrategia2013\/"}]}},"_links":{"self":[{"href":"https:\/\/www.estrategiaconcursos.com.br\/blog\/wp-json\/wp\/v2\/posts\/725723","targetHints":{"allow":["GET"]}}],"collection":[{"href":"https:\/\/www.estrategiaconcursos.com.br\/blog\/wp-json\/wp\/v2\/posts"}],"about":[{"href":"https:\/\/www.estrategiaconcursos.com.br\/blog\/wp-json\/wp\/v2\/types\/post"}],"author":[{"embeddable":true,"href":"https:\/\/www.estrategiaconcursos.com.br\/blog\/wp-json\/wp\/v2\/users\/1"}],"replies":[{"embeddable":true,"href":"https:\/\/www.estrategiaconcursos.com.br\/blog\/wp-json\/wp\/v2\/comments?post=725723"}],"version-history":[{"count":89,"href":"https:\/\/www.estrategiaconcursos.com.br\/blog\/wp-json\/wp\/v2\/posts\/725723\/revisions"}],"predecessor-version":[{"id":1611456,"href":"https:\/\/www.estrategiaconcursos.com.br\/blog\/wp-json\/wp\/v2\/posts\/725723\/revisions\/1611456"}],"wp:featuredmedia":[{"embeddable":true,"href":"https:\/\/www.estrategiaconcursos.com.br\/blog\/wp-json\/wp\/v2\/media\/728272"}],"wp:attachment":[{"href":"https:\/\/www.estrategiaconcursos.com.br\/blog\/wp-json\/wp\/v2\/media?parent=725723"}],"wp:term":[{"taxonomy":"category","embeddable":true,"href":"https:\/\/www.estrategiaconcursos.com.br\/blog\/wp-json\/wp\/v2\/categories?post=725723"},{"taxonomy":"post_tag","embeddable":true,"href":"https:\/\/www.estrategiaconcursos.com.br\/blog\/wp-json\/wp\/v2\/tags?post=725723"},{"taxonomy":"tax_estado","embeddable":true,"href":"https:\/\/www.estrategiaconcursos.com.br\/blog\/wp-json\/wp\/v2\/tax_estado?post=725723"}],"curies":[{"name":"wp","href":"https:\/\/api.w.org\/{rel}","templated":true}]}}