{"id":725638,"date":"2021-04-28T12:01:00","date_gmt":"2021-04-28T15:01:00","guid":{"rendered":"https:\/\/www.estrategiaconcursos.com.br\/blog\/?p=725638"},"modified":"2021-04-28T22:14:53","modified_gmt":"2021-04-29T01:14:53","slug":"selecao-secult-df-estudos","status":"publish","type":"post","link":"https:\/\/www.estrategiaconcursos.com.br\/blog\/selecao-secult-df-estudos\/","title":{"rendered":"Sele\u00e7\u00e3o Secult DF: estudos para o concurso s\u00e3o prorrogados"},"content":{"rendered":"\n<p>O grupo institu\u00eddo com o objetivo de propor a cria\u00e7\u00e3o e reativa\u00e7\u00e3o de Especialidade dos cargos de Analista, T\u00e9cnico e Auxiliar da Carreira de Atividades Culturais junto \u00e0 Secretaria de Estado de Economia do Distrito Federal (Sele\u00e7\u00e3o Secult DF) <strong>ganhou mais 30 dias para conclus\u00e3o dos trabalhos. <\/strong><\/p>\n\n\n\n<p>Vale lembrar que esses estudos s\u00e3o necess\u00e1rios para que a Secult DF possa realizar o seu pedido de concurso p\u00fablico, que est\u00e1 prevista desde o come\u00e7o de 2020. Isso porque o \u00f3rg\u00e3o precisa repor o seu quadro de servidores que tem atualmente um d\u00e9ficit de <strong>729 cargos vagos<\/strong>. <\/p>\n\n\n\n<p><strong>Confira abaixo a Portaria N\u00b0 50, que disp\u00f5e sobre a prorroga\u00e7\u00e3o dos estudos referentes a sele\u00e7\u00e3o Secult DF:<\/strong><\/p>\n\n\n\n<div class=\"wp-block-image\"><figure class=\"aligncenter size-large is-resized\"><img loading=\"lazy\" decoding=\"async\" src=\"https:\/\/dhg1h5j42swfq.cloudfront.net\/2021\/04\/28122237\/image-34-1-1.png\" alt=\"Estudos Sele\u00e7\u00e3o Secult DF\" class=\"wp-image-725643\" width=\"409\" height=\"339\" srcset=\"https:\/\/dhg1h5j42swfq.cloudfront.net\/2021\/04\/28122237\/image-34-1-1.png 472w, https:\/\/dhg1h5j42swfq.cloudfront.net\/2021\/04\/28122237\/image-34-1-1-300x249.png 300w\" sizes=\"auto, (max-width: 409px) 100vw, 409px\" \/><\/figure><\/div>\n\n\n\n<p>Al\u00e9m disso, recentemente, diversas&nbsp;<a href=\"https:\/\/www.estrategiaconcursos.com.br\/blog\/concurso-df\/\" target=\"_blank\" rel=\"noreferrer noopener\">sele\u00e7\u00f5es no Distrito Federal foram autorizadas<\/a>&nbsp;e algumas at\u00e9 j\u00e1 tiveram comiss\u00f5es organizadoras. Por isso, as expectativas para que a sele\u00e7\u00e3o da Secult DF aconte\u00e7a nos pr\u00f3ximos meses s\u00f3 aumenta. Por isso, essa \u00e9 a hora de se preparar para este t\u00e3o aguardado concurso p\u00fablico. Entretanto, voc\u00ea sabe o que \u00e9 a Secult DF? Confira abaixo!<\/p>\n\n\n\n<h3 class=\"wp-block-heading\" id=\"sobre\">Sobre a Secult DF<\/h3>\n\n\n\n<p>A Secretaria de Estado de Cultura do Distrito Federal (SEC) \u00e9 o \u00f3rg\u00e3o respons\u00e1vel pela articula\u00e7\u00e3o e coordena\u00e7\u00e3o da pol\u00edtica cultural do Governo do Distrito Federal. Ap\u00f3s uma ampla reforma administrativa, por meio do Decreto n\u00ba 20.264\/99, absorveu a Funda\u00e7\u00e3o Cultural do DF, o que possibilitou a otimiza\u00e7\u00e3o dos recursos humanos e materiais.<\/p>\n\n\n\n<p>Tem por objetivo incentivar, apoiar, fomentar e difundir a cultura, em todas suas formas de manifesta\u00e7\u00e3o, al\u00e9m de realizar por meio de suas atividades, projetos, programas e eventos.<\/p>\n\n\n\n<p class=\"has-text-align-center\">Para saber mais detalhes sobre o concurso Secult DF, basta acessar o link abaixo! Preparamos um artigo exclusivo e muito mais completo para voc\u00ea. N\u00e3o deixe de acessar e conferir TUDO na \u00edntegra!!<\/p>\n\n\n\n<p class=\"has-text-align-center has-background\" style=\"background-color:#dbe5ee;font-size:clamp(14.642px, 0.915rem + ((1vw - 3.2px) * 0.721), 22px);px\"><strong>Saiba mais: <a href=\"https:\/\/www.estrategiaconcursos.com.br\/blog\/concurso-secult-df\/\" target=\"_blank\" rel=\"noreferrer noopener\">Concurso Secult DF<\/a><\/strong><\/p>\n\n\n\n<hr class=\"wp-block-separator\"\/>\n\n\n\n<h2 class=\"has-text-align-center wp-block-heading\" id=\"assinatura-e-cursos\">Assinatura e cursos para a sele\u00e7\u00e3o SECULT DF<\/h2>\n\n\n\n<div class=\"container\" id=\"boxes\">\n  <div class=\"row\">\n\n    <div class=\"col-sm\">\n      <div class=\"banner-estrategia\" id=\"box-assinatura\">\n        <h3 class=\"titulo-assinatura\">Cursos para concursos<\/h3>\n        <p class=\"subtitulo-assinatura\">Estude conosco<\/p>\n        <div class=\"box-botao\">\n          <a class=\"btn-assinatura\" target=\"_blank\" href=\"https:\/\/www.estrategiaconcursos.com.br\/cursos\/\" role=\"button\" rel=\"noopener noreferrer\">Conhe\u00e7a os cursos<\/a>\n        <\/div>\n      <\/div>\n     \n    <\/div>\n\n  <\/div>\n<\/div>\n\n\n\n<div class=\"container\" id=\"boxes\">\n  <div class=\"row\">\n\n    <div class=\"col-sm\">\n      <div class=\"estrategia\" id=\"box-assinatura\">\n        <h3 class=\"titulo-assinatura\">Assinatura Concursos<\/h3>\n        <p class=\"subtitulo-assinatura\">Assinatura de 1 ano ou 2 anos<\/p>\n        <div class=\"box-botao\">\n          <a class=\"btn-assinatura\" target=\"_blank\" href=\"https:\/\/www.estrategiaconcursos.com.br\/assinaturas\/\" role=\"button\" rel=\"noopener noreferrer\">ASSINE AGORA<\/a>\n        <\/div>\n      <\/div>\n     \n    <\/div>\n\n    <div class=\"col-sm\">\n      <div class=\"questoes\" id=\"box-assinatura\">\n        <h3 class=\"titulo-assinatura\">Sistema de Quest\u00f5es<\/h3>\n        <p class=\"subtitulo-assinatura\">Assinatura de 1 ano ou 2 anos\n<\/p>\n        <div class=\"box-botao\">\n          <a class=\"btn-assinatura\" target=\"_blank\" href=\"https:\/\/questoes.estrategiaconcursos.com.br\/\" role=\"button\" rel=\"noopener noreferrer\">ASSINE AGORA<\/a>\n        <\/div>\n      <\/div>\n    \n    <\/div>\n  <\/div>\n<\/div>\n\n\n\n<div class=\"container\" id=\"boxes\">\n  <div class=\"row\">\n\n    <div class=\"col-sm\" id=\"boxes-concursos\">\n      <div style=\"background-color: #005DAD;\" class=\"conteudo-concursos\" id=\"box-concursos\">\n        <h3 class=\"titulo-assinatura\">Concursos Abertos<\/h3>\n        <p class=\"subtitulo-assinatura\">mais de 15 mil vagas<\/p>\n        <div class=\"box-botao\">\n          <a class=\"btn-assinatura\" target=\"_blank\" href=\"https:\/\/www.estrategiaconcursos.com.br\/blog\/concursos-abertos\/\" role=\"button\" rel=\"noopener noreferrer\">Conhe\u00e7a Agora<\/a>\n        <\/div>\n      <\/div>\n    <\/div>\n\n    <div class=\"col-sm\" id=\"boxes-concursos\">\n      <div style=\"background-color: #419FF0;\" class=\"conteudo-concursos\" id=\"box-concursos\">\n        <h3 class=\"titulo-assinatura\">Concursos 2021<\/h3>\n        <p class=\"subtitulo-assinatura\">mais de 50 mil vagas<\/p>\n        <div class=\"box-botao\">\n          <a class=\"btn-assinatura\" target=\"_blank\" href=\"https:\/\/www.estrategiaconcursos.com.br\/blog\/concursos-2021\/\" role=\"button\" rel=\"noopener noreferrer\">Conhe\u00e7a Agora<\/a>\n        <\/div>\n      <\/div>\n    <\/div>\n\n  <\/div>\n<\/div>\n","protected":false},"excerpt":{"rendered":"<p>O grupo institu\u00eddo com o objetivo de propor a cria\u00e7\u00e3o e reativa\u00e7\u00e3o de Especialidade dos cargos de Analista, T\u00e9cnico e Auxiliar da Carreira de Atividades Culturais junto \u00e0 Secretaria de Estado de Economia do Distrito Federal (Sele\u00e7\u00e3o Secult DF) ganhou mais 30 dias para conclus\u00e3o dos trabalhos. Vale lembrar que esses estudos s\u00e3o necess\u00e1rios para [&hellip;]<\/p>\n","protected":false},"author":48,"featured_media":700967,"comment_status":"open","ping_status":"closed","sticky":false,"template":"","format":"standard","meta":{"post_tipo":"news","footnotes":""},"categories":[214992],"tags":[],"tax_estado":[219970],"class_list":["post-725638","post","type-post","status-publish","format-standard","has-post-thumbnail","hentry","category-concursos-administrativos","tax_estado-df"],"acf":[],"yoast_head":"<!-- This site is optimized with the Yoast SEO Premium plugin v27.2 (Yoast SEO v27.2) - https:\/\/yoast.com\/product\/yoast-seo-premium-wordpress\/ -->\n<title>Sele\u00e7\u00e3o Secult DF: estudos para o concurso s\u00e3o prorrogados<\/title>\n<meta name=\"description\" content=\"Sele\u00e7\u00e3o Secult DF: Grupo de Trabalho tem prazo para estudos acerca da solicita\u00e7\u00e3o do concurso p\u00fablico prorrogado por mais 30 dias.\" \/>\n<meta name=\"robots\" content=\"index, follow, max-snippet:-1, max-image-preview:large, max-video-preview:-1\" \/>\n<link rel=\"canonical\" href=\"https:\/\/www.estrategiaconcursos.com.br\/blog\/selecao-secult-df-estudos\/\" \/>\n<meta property=\"og:locale\" content=\"pt_BR\" \/>\n<meta property=\"og:type\" content=\"article\" \/>\n<meta property=\"og:title\" content=\"Sele\u00e7\u00e3o Secult DF: estudos para o concurso s\u00e3o prorrogados\" \/>\n<meta property=\"og:description\" content=\"Sele\u00e7\u00e3o Secult DF: Grupo de Trabalho tem prazo para estudos acerca da solicita\u00e7\u00e3o do concurso p\u00fablico prorrogado por mais 30 dias.\" \/>\n<meta property=\"og:url\" content=\"https:\/\/www.estrategiaconcursos.com.br\/blog\/selecao-secult-df-estudos\/\" \/>\n<meta property=\"og:site_name\" content=\"Estrat\u00e9gia Concursos\" \/>\n<meta property=\"article:published_time\" content=\"2021-04-28T15:01:00+00:00\" \/>\n<meta property=\"article:modified_time\" content=\"2021-04-29T01:14:53+00:00\" \/>\n<meta property=\"og:image\" content=\"https:\/\/dhg1h5j42swfq.cloudfront.net\/2021\/03\/25102714\/secult-df.jpg\" \/>\n\t<meta property=\"og:image:width\" content=\"1200\" \/>\n\t<meta property=\"og:image:height\" content=\"628\" \/>\n\t<meta property=\"og:image:type\" content=\"image\/jpeg\" \/>\n<meta name=\"author\" content=\"Coordena\u00e7\u00e3o\" \/>\n<meta name=\"twitter:card\" content=\"summary_large_image\" \/>\n<meta name=\"twitter:creator\" content=\"@EstratConcursos\" \/>\n<meta name=\"twitter:site\" content=\"@EstratConcursos\" \/>\n<meta name=\"twitter:label1\" content=\"Escrito por\" \/>\n\t<meta name=\"twitter:data1\" content=\"Coordena\u00e7\u00e3o\" \/>\n\t<meta name=\"twitter:label2\" content=\"Est. tempo de leitura\" \/>\n\t<meta name=\"twitter:data2\" content=\"2 minutos\" \/>\n<script type=\"application\/ld+json\" class=\"yoast-schema-graph\">{\"@context\":\"https:\/\/schema.org\",\"@graph\":[{\"@type\":\"NewsArticle\",\"@id\":\"https:\/\/www.estrategiaconcursos.com.br\/blog\/selecao-secult-df-estudos\/#article\",\"isPartOf\":{\"@id\":\"https:\/\/www.estrategiaconcursos.com.br\/blog\/selecao-secult-df-estudos\/\"},\"author\":{\"name\":\"Coordena\u00e7\u00e3o\",\"@id\":\"https:\/\/www.estrategiaconcursos.com.br\/blog\/#\/schema\/person\/cdad40b5818eb228a838461fcd656da7\"},\"headline\":\"Sele\u00e7\u00e3o Secult DF: estudos para o concurso s\u00e3o prorrogados\",\"datePublished\":\"2021-04-28T15:01:00+00:00\",\"dateModified\":\"2021-04-29T01:14:53+00:00\",\"mainEntityOfPage\":{\"@id\":\"https:\/\/www.estrategiaconcursos.com.br\/blog\/selecao-secult-df-estudos\/\"},\"wordCount\":389,\"commentCount\":0,\"publisher\":{\"@id\":\"https:\/\/www.estrategiaconcursos.com.br\/blog\/#organization\"},\"image\":{\"@id\":\"https:\/\/www.estrategiaconcursos.com.br\/blog\/selecao-secult-df-estudos\/#primaryimage\"},\"thumbnailUrl\":\"https:\/\/dhg1h5j42swfq.cloudfront.net\/2021\/03\/25102714\/secult-df.jpg\",\"articleSection\":[\"Executivo (Administrativa)\"],\"inLanguage\":\"pt-BR\",\"potentialAction\":[{\"@type\":\"CommentAction\",\"name\":\"Comment\",\"target\":[\"https:\/\/www.estrategiaconcursos.com.br\/blog\/selecao-secult-df-estudos\/#respond\"]}],\"copyrightYear\":\"2021\",\"copyrightHolder\":{\"@id\":\"https:\/\/www.estrategiaconcursos.com.br\/blog\/#organization\"}},{\"@type\":\"WebPage\",\"@id\":\"https:\/\/www.estrategiaconcursos.com.br\/blog\/selecao-secult-df-estudos\/\",\"url\":\"https:\/\/www.estrategiaconcursos.com.br\/blog\/selecao-secult-df-estudos\/\",\"name\":\"Sele\u00e7\u00e3o Secult DF: estudos para o concurso s\u00e3o prorrogados\",\"isPartOf\":{\"@id\":\"https:\/\/www.estrategiaconcursos.com.br\/blog\/#website\"},\"primaryImageOfPage\":{\"@id\":\"https:\/\/www.estrategiaconcursos.com.br\/blog\/selecao-secult-df-estudos\/#primaryimage\"},\"image\":{\"@id\":\"https:\/\/www.estrategiaconcursos.com.br\/blog\/selecao-secult-df-estudos\/#primaryimage\"},\"thumbnailUrl\":\"https:\/\/dhg1h5j42swfq.cloudfront.net\/2021\/03\/25102714\/secult-df.jpg\",\"datePublished\":\"2021-04-28T15:01:00+00:00\",\"dateModified\":\"2021-04-29T01:14:53+00:00\",\"description\":\"Sele\u00e7\u00e3o Secult DF: Grupo de Trabalho tem prazo para estudos acerca da solicita\u00e7\u00e3o do concurso p\u00fablico prorrogado por mais 30 dias.\",\"breadcrumb\":{\"@id\":\"https:\/\/www.estrategiaconcursos.com.br\/blog\/selecao-secult-df-estudos\/#breadcrumb\"},\"inLanguage\":\"pt-BR\",\"potentialAction\":[{\"@type\":\"ReadAction\",\"target\":[\"https:\/\/www.estrategiaconcursos.com.br\/blog\/selecao-secult-df-estudos\/\"]}]},{\"@type\":\"ImageObject\",\"inLanguage\":\"pt-BR\",\"@id\":\"https:\/\/www.estrategiaconcursos.com.br\/blog\/selecao-secult-df-estudos\/#primaryimage\",\"url\":\"https:\/\/dhg1h5j42swfq.cloudfront.net\/2021\/03\/25102714\/secult-df.jpg\",\"contentUrl\":\"https:\/\/dhg1h5j42swfq.cloudfront.net\/2021\/03\/25102714\/secult-df.jpg\",\"width\":1200,\"height\":628,\"caption\":\"Sele\u00e7\u00e3o Secult DF\"},{\"@type\":\"BreadcrumbList\",\"@id\":\"https:\/\/www.estrategiaconcursos.com.br\/blog\/selecao-secult-df-estudos\/#breadcrumb\",\"itemListElement\":[{\"@type\":\"ListItem\",\"position\":1,\"name\":\"In\u00edcio\",\"item\":\"https:\/\/www.estrategiaconcursos.com.br\/blog\/\"},{\"@type\":\"ListItem\",\"position\":2,\"name\":\"Sele\u00e7\u00e3o Secult DF: estudos para o concurso s\u00e3o prorrogados\"}]},{\"@type\":\"WebSite\",\"@id\":\"https:\/\/www.estrategiaconcursos.com.br\/blog\/#website\",\"url\":\"https:\/\/www.estrategiaconcursos.com.br\/blog\/\",\"name\":\"Estrat\u00e9gia Concursos\",\"description\":\"O blog da Estrat\u00e9gia Concursos traz not\u00edcias sobre concursos e artigos de professores oferecendo cursos para concursos (pdf + videaulas) no site.\",\"publisher\":{\"@id\":\"https:\/\/www.estrategiaconcursos.com.br\/blog\/#organization\"},\"potentialAction\":[{\"@type\":\"SearchAction\",\"target\":{\"@type\":\"EntryPoint\",\"urlTemplate\":\"https:\/\/www.estrategiaconcursos.com.br\/blog\/?s={search_term_string}\"},\"query-input\":{\"@type\":\"PropertyValueSpecification\",\"valueRequired\":true,\"valueName\":\"search_term_string\"}}],\"inLanguage\":\"pt-BR\"},{\"@type\":\"Organization\",\"@id\":\"https:\/\/www.estrategiaconcursos.com.br\/blog\/#organization\",\"name\":\"Estrat\u00e9gia Concursos\",\"url\":\"https:\/\/www.estrategiaconcursos.com.br\/blog\/\",\"logo\":{\"@type\":\"ImageObject\",\"inLanguage\":\"pt-BR\",\"@id\":\"https:\/\/www.estrategiaconcursos.com.br\/blog\/#\/schema\/logo\/image\/\",\"url\":\"https:\/\/dhg1h5j42swfq.cloudfront.net\/2025\/06\/03203428\/logo_concursos-1.jpg\",\"contentUrl\":\"https:\/\/dhg1h5j42swfq.cloudfront.net\/2025\/06\/03203428\/logo_concursos-1.jpg\",\"width\":230,\"height\":60,\"caption\":\"Estrat\u00e9gia Concursos\"},\"image\":{\"@id\":\"https:\/\/www.estrategiaconcursos.com.br\/blog\/#\/schema\/logo\/image\/\"},\"sameAs\":[\"https:\/\/x.com\/EstratConcursos\"]},{\"@type\":\"Person\",\"@id\":\"https:\/\/www.estrategiaconcursos.com.br\/blog\/#\/schema\/person\/cdad40b5818eb228a838461fcd656da7\",\"name\":\"Coordena\u00e7\u00e3o\",\"image\":{\"@type\":\"ImageObject\",\"inLanguage\":\"pt-BR\",\"@id\":\"https:\/\/secure.gravatar.com\/avatar\/a413b22da0f5009c634f6c4586a2dbe5207074fd5becd88db5183b8069ef25e4?s=96&d=mm&r=g\",\"url\":\"https:\/\/secure.gravatar.com\/avatar\/a413b22da0f5009c634f6c4586a2dbe5207074fd5becd88db5183b8069ef25e4?s=96&d=mm&r=g\",\"contentUrl\":\"https:\/\/secure.gravatar.com\/avatar\/a413b22da0f5009c634f6c4586a2dbe5207074fd5becd88db5183b8069ef25e4?s=96&d=mm&r=g\",\"caption\":\"Coordena\u00e7\u00e3o\"},\"url\":\"https:\/\/www.estrategiaconcursos.com.br\/blog\/author\/contatoestrategiaconcursos-com-br\/\"}]}<\/script>\n<!-- \/ Yoast SEO Premium plugin. -->","yoast_head_json":{"title":"Sele\u00e7\u00e3o Secult DF: estudos para o concurso s\u00e3o prorrogados","description":"Sele\u00e7\u00e3o Secult DF: Grupo de Trabalho tem prazo para estudos acerca da solicita\u00e7\u00e3o do concurso p\u00fablico prorrogado por mais 30 dias.","robots":{"index":"index","follow":"follow","max-snippet":"max-snippet:-1","max-image-preview":"max-image-preview:large","max-video-preview":"max-video-preview:-1"},"canonical":"https:\/\/www.estrategiaconcursos.com.br\/blog\/selecao-secult-df-estudos\/","og_locale":"pt_BR","og_type":"article","og_title":"Sele\u00e7\u00e3o Secult DF: estudos para o concurso s\u00e3o prorrogados","og_description":"Sele\u00e7\u00e3o Secult DF: Grupo de Trabalho tem prazo para estudos acerca da solicita\u00e7\u00e3o do concurso p\u00fablico prorrogado por mais 30 dias.","og_url":"https:\/\/www.estrategiaconcursos.com.br\/blog\/selecao-secult-df-estudos\/","og_site_name":"Estrat\u00e9gia Concursos","article_published_time":"2021-04-28T15:01:00+00:00","article_modified_time":"2021-04-29T01:14:53+00:00","og_image":[{"width":1200,"height":628,"url":"https:\/\/dhg1h5j42swfq.cloudfront.net\/2021\/03\/25102714\/secult-df.jpg","type":"image\/jpeg"}],"author":"Coordena\u00e7\u00e3o","twitter_card":"summary_large_image","twitter_creator":"@EstratConcursos","twitter_site":"@EstratConcursos","twitter_misc":{"Escrito por":"Coordena\u00e7\u00e3o","Est. tempo de leitura":"2 minutos"},"schema":{"@context":"https:\/\/schema.org","@graph":[{"@type":"NewsArticle","@id":"https:\/\/www.estrategiaconcursos.com.br\/blog\/selecao-secult-df-estudos\/#article","isPartOf":{"@id":"https:\/\/www.estrategiaconcursos.com.br\/blog\/selecao-secult-df-estudos\/"},"author":{"name":"Coordena\u00e7\u00e3o","@id":"https:\/\/www.estrategiaconcursos.com.br\/blog\/#\/schema\/person\/cdad40b5818eb228a838461fcd656da7"},"headline":"Sele\u00e7\u00e3o Secult DF: estudos para o concurso s\u00e3o prorrogados","datePublished":"2021-04-28T15:01:00+00:00","dateModified":"2021-04-29T01:14:53+00:00","mainEntityOfPage":{"@id":"https:\/\/www.estrategiaconcursos.com.br\/blog\/selecao-secult-df-estudos\/"},"wordCount":389,"commentCount":0,"publisher":{"@id":"https:\/\/www.estrategiaconcursos.com.br\/blog\/#organization"},"image":{"@id":"https:\/\/www.estrategiaconcursos.com.br\/blog\/selecao-secult-df-estudos\/#primaryimage"},"thumbnailUrl":"https:\/\/dhg1h5j42swfq.cloudfront.net\/2021\/03\/25102714\/secult-df.jpg","articleSection":["Executivo (Administrativa)"],"inLanguage":"pt-BR","potentialAction":[{"@type":"CommentAction","name":"Comment","target":["https:\/\/www.estrategiaconcursos.com.br\/blog\/selecao-secult-df-estudos\/#respond"]}],"copyrightYear":"2021","copyrightHolder":{"@id":"https:\/\/www.estrategiaconcursos.com.br\/blog\/#organization"}},{"@type":"WebPage","@id":"https:\/\/www.estrategiaconcursos.com.br\/blog\/selecao-secult-df-estudos\/","url":"https:\/\/www.estrategiaconcursos.com.br\/blog\/selecao-secult-df-estudos\/","name":"Sele\u00e7\u00e3o Secult DF: estudos para o concurso s\u00e3o prorrogados","isPartOf":{"@id":"https:\/\/www.estrategiaconcursos.com.br\/blog\/#website"},"primaryImageOfPage":{"@id":"https:\/\/www.estrategiaconcursos.com.br\/blog\/selecao-secult-df-estudos\/#primaryimage"},"image":{"@id":"https:\/\/www.estrategiaconcursos.com.br\/blog\/selecao-secult-df-estudos\/#primaryimage"},"thumbnailUrl":"https:\/\/dhg1h5j42swfq.cloudfront.net\/2021\/03\/25102714\/secult-df.jpg","datePublished":"2021-04-28T15:01:00+00:00","dateModified":"2021-04-29T01:14:53+00:00","description":"Sele\u00e7\u00e3o Secult DF: Grupo de Trabalho tem prazo para estudos acerca da solicita\u00e7\u00e3o do concurso p\u00fablico prorrogado por mais 30 dias.","breadcrumb":{"@id":"https:\/\/www.estrategiaconcursos.com.br\/blog\/selecao-secult-df-estudos\/#breadcrumb"},"inLanguage":"pt-BR","potentialAction":[{"@type":"ReadAction","target":["https:\/\/www.estrategiaconcursos.com.br\/blog\/selecao-secult-df-estudos\/"]}]},{"@type":"ImageObject","inLanguage":"pt-BR","@id":"https:\/\/www.estrategiaconcursos.com.br\/blog\/selecao-secult-df-estudos\/#primaryimage","url":"https:\/\/dhg1h5j42swfq.cloudfront.net\/2021\/03\/25102714\/secult-df.jpg","contentUrl":"https:\/\/dhg1h5j42swfq.cloudfront.net\/2021\/03\/25102714\/secult-df.jpg","width":1200,"height":628,"caption":"Sele\u00e7\u00e3o Secult DF"},{"@type":"BreadcrumbList","@id":"https:\/\/www.estrategiaconcursos.com.br\/blog\/selecao-secult-df-estudos\/#breadcrumb","itemListElement":[{"@type":"ListItem","position":1,"name":"In\u00edcio","item":"https:\/\/www.estrategiaconcursos.com.br\/blog\/"},{"@type":"ListItem","position":2,"name":"Sele\u00e7\u00e3o Secult DF: estudos para o concurso s\u00e3o prorrogados"}]},{"@type":"WebSite","@id":"https:\/\/www.estrategiaconcursos.com.br\/blog\/#website","url":"https:\/\/www.estrategiaconcursos.com.br\/blog\/","name":"Estrat\u00e9gia Concursos","description":"O blog da Estrat\u00e9gia Concursos traz not\u00edcias sobre concursos e artigos de professores oferecendo cursos para concursos (pdf + videaulas) no site.","publisher":{"@id":"https:\/\/www.estrategiaconcursos.com.br\/blog\/#organization"},"potentialAction":[{"@type":"SearchAction","target":{"@type":"EntryPoint","urlTemplate":"https:\/\/www.estrategiaconcursos.com.br\/blog\/?s={search_term_string}"},"query-input":{"@type":"PropertyValueSpecification","valueRequired":true,"valueName":"search_term_string"}}],"inLanguage":"pt-BR"},{"@type":"Organization","@id":"https:\/\/www.estrategiaconcursos.com.br\/blog\/#organization","name":"Estrat\u00e9gia Concursos","url":"https:\/\/www.estrategiaconcursos.com.br\/blog\/","logo":{"@type":"ImageObject","inLanguage":"pt-BR","@id":"https:\/\/www.estrategiaconcursos.com.br\/blog\/#\/schema\/logo\/image\/","url":"https:\/\/dhg1h5j42swfq.cloudfront.net\/2025\/06\/03203428\/logo_concursos-1.jpg","contentUrl":"https:\/\/dhg1h5j42swfq.cloudfront.net\/2025\/06\/03203428\/logo_concursos-1.jpg","width":230,"height":60,"caption":"Estrat\u00e9gia Concursos"},"image":{"@id":"https:\/\/www.estrategiaconcursos.com.br\/blog\/#\/schema\/logo\/image\/"},"sameAs":["https:\/\/x.com\/EstratConcursos"]},{"@type":"Person","@id":"https:\/\/www.estrategiaconcursos.com.br\/blog\/#\/schema\/person\/cdad40b5818eb228a838461fcd656da7","name":"Coordena\u00e7\u00e3o","image":{"@type":"ImageObject","inLanguage":"pt-BR","@id":"https:\/\/secure.gravatar.com\/avatar\/a413b22da0f5009c634f6c4586a2dbe5207074fd5becd88db5183b8069ef25e4?s=96&d=mm&r=g","url":"https:\/\/secure.gravatar.com\/avatar\/a413b22da0f5009c634f6c4586a2dbe5207074fd5becd88db5183b8069ef25e4?s=96&d=mm&r=g","contentUrl":"https:\/\/secure.gravatar.com\/avatar\/a413b22da0f5009c634f6c4586a2dbe5207074fd5becd88db5183b8069ef25e4?s=96&d=mm&r=g","caption":"Coordena\u00e7\u00e3o"},"url":"https:\/\/www.estrategiaconcursos.com.br\/blog\/author\/contatoestrategiaconcursos-com-br\/"}]}},"_links":{"self":[{"href":"https:\/\/www.estrategiaconcursos.com.br\/blog\/wp-json\/wp\/v2\/posts\/725638","targetHints":{"allow":["GET"]}}],"collection":[{"href":"https:\/\/www.estrategiaconcursos.com.br\/blog\/wp-json\/wp\/v2\/posts"}],"about":[{"href":"https:\/\/www.estrategiaconcursos.com.br\/blog\/wp-json\/wp\/v2\/types\/post"}],"author":[{"embeddable":true,"href":"https:\/\/www.estrategiaconcursos.com.br\/blog\/wp-json\/wp\/v2\/users\/48"}],"replies":[{"embeddable":true,"href":"https:\/\/www.estrategiaconcursos.com.br\/blog\/wp-json\/wp\/v2\/comments?post=725638"}],"version-history":[{"count":14,"href":"https:\/\/www.estrategiaconcursos.com.br\/blog\/wp-json\/wp\/v2\/posts\/725638\/revisions"}],"predecessor-version":[{"id":726304,"href":"https:\/\/www.estrategiaconcursos.com.br\/blog\/wp-json\/wp\/v2\/posts\/725638\/revisions\/726304"}],"wp:featuredmedia":[{"embeddable":true,"href":"https:\/\/www.estrategiaconcursos.com.br\/blog\/wp-json\/wp\/v2\/media\/700967"}],"wp:attachment":[{"href":"https:\/\/www.estrategiaconcursos.com.br\/blog\/wp-json\/wp\/v2\/media?parent=725638"}],"wp:term":[{"taxonomy":"category","embeddable":true,"href":"https:\/\/www.estrategiaconcursos.com.br\/blog\/wp-json\/wp\/v2\/categories?post=725638"},{"taxonomy":"post_tag","embeddable":true,"href":"https:\/\/www.estrategiaconcursos.com.br\/blog\/wp-json\/wp\/v2\/tags?post=725638"},{"taxonomy":"tax_estado","embeddable":true,"href":"https:\/\/www.estrategiaconcursos.com.br\/blog\/wp-json\/wp\/v2\/tax_estado?post=725638"}],"curies":[{"name":"wp","href":"https:\/\/api.w.org\/{rel}","templated":true}]}}