{"id":722802,"date":"2025-10-30T17:23:14","date_gmt":"2025-10-30T20:23:14","guid":{"rendered":"https:\/\/www.estrategiaconcursos.com.br\/blog\/?p=722802"},"modified":"2025-11-06T17:57:16","modified_gmt":"2025-11-06T20:57:16","slug":"concurso-pb-saude","status":"publish","type":"post","link":"https:\/\/www.estrategiaconcursos.com.br\/blog\/concurso-pb-saude\/","title":{"rendered":"Concurso PB Sa\u00fade: edital \u00e9 previsto por superintendente!"},"content":{"rendered":"\n<p style=\"font-size:clamp(14.642px, 0.915rem + ((1vw - 3.2px) * 0.721), 22px);\"><strong><em>\u00daltimo concurso PB Sa\u00fade ofereceu 4.338 vagas para diversos cargos e iniciais de at\u00e9 R$ 12 mil. Validade segue at\u00e9 2027!<\/em><\/strong><\/p>\n\n\n\n<p>O superintendente Jhony Bezerra anunciou a previs\u00e3o de um novo <strong>concurso PB Sa\u00fade<\/strong> (<a href=\"https:\/\/www.estrategiaconcursos.com.br\/cursosPorConcurso\/fundacao-paraibana-de-gestao-em-saude-pb-saude\/\" target=\"_blank\" rel=\"noreferrer noopener\">Funda\u00e7\u00e3o Paraibana de Gest\u00e3o em Sa\u00fade<\/a>) para atender \u00e0s demandas dos hospitais que ser\u00e3o entregues e ampliados na Para\u00edba.<\/p>\n\n\n\n<p>Em entrevista, o superintendente informou que, apesar de haver <strong><a href=\"https:\/\/www.estrategiaconcursos.com.br\/blog\/concurso-pb-saude-superintendente-preve-novo-edital\/\" target=\"_blank\" rel=\"noreferrer noopener\">4 mil vagas em cadastro de reserva<\/a><\/strong>, outras oportunidades ser\u00e3o necess\u00e1rias para as unidades.<\/p>\n\n\n\n<p>&#8220;<em>Evidentemente que ser\u00e1 preciso fazer um novo concurso para suprir todos esses servi\u00e7os<\/em>&#8220;, afirmou ao programa &#8220;Arapuan Verdade&#8221;.<\/p>\n\n\n\n<p>O estado ter\u00e1<strong> quatro novos hospitais<\/strong>, incluindo os da Mulher em Jo\u00e3o Pessoa, Campina Grande e Sousa, al\u00e9m do Hospital de Trauma do Sert\u00e3o e a reforma de outras seis unidades.<\/p>\n\n\n\n<ul class=\"wp-block-list has-very-light-gray-to-cyan-bluish-gray-gradient-background has-background\">\n<li><strong>Concurso PB Sa\u00fade<\/strong><\/li>\n\n\n\n<li><strong>Status:<\/strong> anunciado<\/li>\n\n\n\n<li><strong>Banca<\/strong><span style=\"background-color: initial; color: initial;\">: <\/span>a definir<\/li>\n\n\n\n<li><strong>Vagas<\/strong>: 4 mil CR<\/li>\n\n\n\n<li><strong>Sal\u00e1rio<\/strong>: R$ 1.698,00 a R$ 12.000,00 (\u00faltimo edital)<\/li>\n\n\n\n<li><strong>\u00daltimos editais 2024<\/strong>: <a href=\"https:\/\/dhg1h5j42swfq.cloudfront.net\/2024\/09\/24163604\/o1jy3gdk7kxamo3nqpcjcix08fefcdbqulnftan4.pdf\" target=\"_blank\" rel=\"noreferrer noopener nofollow\">Edital Adv<\/a> | <a href=\"https:\/\/dhg1h5j42swfq.cloudfront.net\/2024\/09\/24163620\/wpnsbbacnbwglhznmkdcntpeivyijiqjaep4zdih.pdf\" target=\"_blank\" rel=\"noreferrer noopener nofollow\">Edital Adm<\/a> | <a href=\"https:\/\/dhg1h5j42swfq.cloudfront.net\/2024\/09\/24163654\/mbgigtwp44kgow93jbgcubp6e3utvuwpfgywxczw.pdf\" target=\"_blank\" rel=\"noreferrer noopener nofollow\">Edital M\u00e9dicos<\/a> | <a href=\"https:\/\/dhg1h5j42swfq.cloudfront.net\/2024\/09\/24163721\/oayqwg7rvnrm2lwwyndt9v4dsrw5jvczbnizi6kj.pdf\" target=\"_blank\" rel=\"noreferrer noopener nofollow\">Edital Sa\u00fade<\/a><\/li>\n<\/ul>\n\n\n\n<p>Dias ap\u00f3s serem divulgados os resultados finais do certame realizado em 2024, a <strong>homologa\u00e7\u00e3o foi publicada<\/strong>! Com isso, prazo de validade do certame \u00e9 de <strong>dois anos<\/strong> (at\u00e9 2027), podendo ser prorrogado uma vez. <\/p>\n\n\n\n<ul class=\"wp-block-list\">\n<li><a href=\"https:\/\/dhg1h5j42swfq.cloudfront.net\/2025\/03\/31193918\/pb-saude-resultado-final-area-medica.pdf\" target=\"_blank\" rel=\"noreferrer noopener nofollow\">Resultado final \u2013 \u00c1rea M\u00e9dica<\/a><\/li>\n\n\n\n<li><a href=\"https:\/\/dhg1h5j42swfq.cloudfront.net\/2025\/03\/31193949\/pb-saude-resultado-final-area-assistencial.pdf\" target=\"_blank\" rel=\"noreferrer noopener nofollow\">Resultado final \u2013 \u00c1rea Sa\u00fade<\/a><\/li>\n\n\n\n<li><a href=\"https:\/\/dhg1h5j42swfq.cloudfront.net\/2025\/03\/31193909\/pb-saude-resultado-final-area-administrativa.pdf\" target=\"_blank\" rel=\"noreferrer noopener nofollow\">Resultado final \u2013 \u00c1rea Adm.<\/a><\/li>\n\n\n\n<li><a href=\"https:\/\/dhg1h5j42swfq.cloudfront.net\/2025\/03\/31193901\/pb-saude-resultado-final-advogados.pdf\" target=\"_blank\" rel=\"noreferrer noopener nofollow\">Resultado final \u2013 Advogados<\/a><\/li>\n<\/ul>\n\n\n\n<p>O edital ofertou <strong>4.338 vagas<\/strong>, sendo 1.410 imediatas e 2.928 para forma\u00e7\u00e3o de cadastro de reserva. As oportunidades foram para diversos cargos de n\u00edveis m\u00e9dio, t\u00e9cnico e superior, com sal\u00e1rios de <strong>R$ 1.698,00 a R$ 12.000,00<\/strong>.<\/p>\n\n\n\n<p>A fim de te deixar sempre bem informado, elaboramos este artigo com as principais informa\u00e7\u00f5es e novidades sobre o concurso da Funda\u00e7\u00e3o PB Sa\u00fade. Acompanhe os t\u00f3picos abaixo e n\u00e3o perca nenhum detalhe:<\/p>\n\n\n\n<ul id=\"indice\" class=\"wp-block-list\">\n<li><a href=\"#situacao\">Situa\u00e7\u00e3o atual e panorama<\/a>\n<ul class=\"wp-block-list\">\n<li><a href=\"#edital-previsto\">Novo edital previsto<\/a><\/li>\n<\/ul>\n<\/li>\n\n\n\n<li><a href=\"#edital-2024\">Informa\u00e7\u00f5es do edital 2024<\/a>\n<ul class=\"wp-block-list\">\n<li><a href=\"#cargos-vagas\">Cargos, vagas e sal\u00e1rios<\/a><\/li>\n\n\n\n<li><a href=\"#etapas-2024\">Etapas do concurso<\/a><\/li>\n<\/ul>\n<\/li>\n\n\n\n<li><a href=\"#ultimo-edital\">\u00daltimos concursos<\/a>\n<ul class=\"wp-block-list\">\n<li><a href=\"#2022\">Edital 2022<\/a><\/li>\n\n\n\n<li><a href=\"#2021\">Edital 2021<\/a><\/li>\n<\/ul>\n<\/li>\n\n\n\n<li><a href=\"#sobre\">Sobre a Funda\u00e7\u00e3o<\/a><\/li>\n\n\n\n<li><a href=\"#cursos-e-assinaturas-pb-saude\">Cursos e assinaturas<\/a><\/li>\n\n\n\n<li><a href=\"#ficha\">Ficha t\u00e9cnica<\/a><\/li>\n<\/ul>\n\n\n\n<div class=\"container\" id=\"boxes\">\n  <div class=\"row\">\n\n    <div class=\"col-sm\">\n      <div class=\"banner-residencia-medica\" id=\"box-assinatura\">\n        <h2 class=\"titulo-assinatura\">Concurso PB Sa\u00fade<\/h2>\n        <p class=\"subtitulo-assinatura\">Prepara\u00e7\u00e3o completa para a \u00e1rea da Sa\u00fade!<\/p>\n        <div class=\"box-botao\">\n          <a class=\"btn-assinatura\" target=\"_blank\" href=\"https:\/\/www.estrategiaconcursos.com.br\/cursosPorConcurso\/fundacao-paraibana-de-gestao-em-saude-pb-saude\/\" rel=\"noopener noreferrer\">COMECE SUA JORNADA<\/a>\n        <\/div>\n      <\/div>\n    \n    <\/div>\n\n  <\/div>\n<\/div>\n\n\n\n<h2 class=\"wp-block-heading\" id=\"edital-2024\">Concurso PB Sa\u00fade: situa\u00e7\u00e3o atual e panorama<\/h2>\n\n\n\n<p>Veja as informa\u00e7\u00f5es mais importantes do Concurso PB Sa\u00fade:<\/p>\n\n\n\n<h3 class=\"wp-block-heading\" id=\"edital-previsto\">Novo edital previsto<\/h3>\n\n\n\n<p>Novidades acerca do&nbsp;<strong>concurso PB Sa\u00fade<\/strong>: um novo edital \u00e9 previsto pelo superintendente da&nbsp;Funda\u00e7\u00e3o Paraibana de Gest\u00e3o em Sa\u00fade, Jhony Bezerra.<\/p>\n\n\n\n<p>Isso porque novas unidades hospitalares, bem como a reforma e amplia\u00e7\u00e3o de outras, far\u00e3o com que o governo realize novos certames para suprir a demanda.<\/p>\n\n\n\n<p>Em entrevista ao \u2018<a href=\"https:\/\/www.youtube.com\/watch?v=kTd7DmCrme4\" target=\"_blank\" rel=\"noreferrer noopener nofollow\">Arapuan Verdade<\/a>\u2018, o superintendente informou que, apesar de haver\u00a0<strong>4 mil vagas em cadastro de reserva<\/strong>, outras oportunidades ser\u00e3o necess\u00e1rias para as unidades: \u201c<em>Evidentemente que ser\u00e1 preciso fazer um novo concurso para suprir todos esses servi\u00e7os<\/em>\u201c.<\/p>\n\n\n\n<p>O estado ter\u00e1<strong>&nbsp;quatro novos hospitais<\/strong>, incluindo os da Mulher em Jo\u00e3o Pessoa, Campina Grande e Sousa, al\u00e9m do Hospital de Trauma do Sert\u00e3o e a reforma de outras seis unidades.<\/p>\n\n\n\n<h2 class=\"wp-block-heading\" id=\"edital-2024\">Concurso PB Sa\u00fade: informa\u00e7\u00f5es do edital 2024<\/h2>\n\n\n\n<ul class=\"wp-block-list\">\n<li><strong>Status:<\/strong> homologado e v\u00e1lido at\u00e9 2027<\/li>\n\n\n\n<li><strong>Banca<\/strong><span style=\"background-color: initial; color: initial;\">: IDECAN<\/span> (<a href=\"http:\/\/idecan.selecao.net.br\/informacoes\/69\/\" target=\"_blank\" rel=\"noreferrer noopener\">ASS<\/a> | <a href=\"http:\/\/idecan.selecao.net.br\/informacoes\/67\/\" target=\"_blank\" rel=\"noreferrer noopener\">ADM<\/a> | <a href=\"http:\/\/idecan.selecao.net.br\/informacoes\/68\/\" target=\"_blank\" rel=\"noreferrer noopener\">MED<\/a>)<\/li>\n\n\n\n<li><strong>Vagas<\/strong>: 1.410 + 2.928 CR<\/li>\n\n\n\n<li><strong>Editais 2024<\/strong>: <a href=\"https:\/\/dhg1h5j42swfq.cloudfront.net\/2024\/09\/24163604\/o1jy3gdk7kxamo3nqpcjcix08fefcdbqulnftan4.pdf\" target=\"_blank\" rel=\"noreferrer noopener nofollow\">Edital Adv<\/a> | <a href=\"https:\/\/dhg1h5j42swfq.cloudfront.net\/2024\/09\/24163620\/wpnsbbacnbwglhznmkdcntpeivyijiqjaep4zdih.pdf\" target=\"_blank\" rel=\"noreferrer noopener nofollow\">Edital Adm<\/a> | <a href=\"https:\/\/dhg1h5j42swfq.cloudfront.net\/2024\/09\/24163654\/mbgigtwp44kgow93jbgcubp6e3utvuwpfgywxczw.pdf\" target=\"_blank\" rel=\"noreferrer noopener nofollow\">Edital M\u00e9dicos<\/a> | <a href=\"https:\/\/dhg1h5j42swfq.cloudfront.net\/2024\/09\/24163721\/oayqwg7rvnrm2lwwyndt9v4dsrw5jvczbnizi6kj.pdf\" target=\"_blank\" rel=\"noreferrer noopener nofollow\">Edital Sa\u00fade<\/a><\/li>\n<\/ul>\n\n\n\n<h3 class=\"wp-block-heading\" id=\"cargos-vagas\">Cargos e vagas do concurso PB Sa\u00fade<\/h3>\n\n\n\n<p><strong>N\u00edvel m\u00e9dio e t\u00e9cnico<\/strong><\/p>\n\n\n\n<figure class=\"wp-block-table is-style-stripes\"><table class=\"has-very-light-gray-to-cyan-bluish-gray-gradient-background has-background has-fixed-layout\"><thead><tr><th class=\"has-text-align-center\" data-align=\"center\">Cargos<\/th><th class=\"has-text-align-center\" data-align=\"center\">Vagas <\/th><th class=\"has-text-align-center\" data-align=\"center\">Sal\u00e1rio<\/th><\/tr><\/thead><tbody><tr><td class=\"has-text-align-center\" data-align=\"center\">T\u00e9cnico de Enfermagem<\/td><td class=\"has-text-align-center\" data-align=\"center\">238 + 476 CR<\/td><td class=\"has-text-align-center\" data-align=\"center\">R$ 3.325,00<\/td><\/tr><tr><td class=\"has-text-align-center\" data-align=\"center\">T\u00e9cnico em Radiologia<\/td><td class=\"has-text-align-center\" data-align=\"center\">24 + 48 CR<\/td><td class=\"has-text-align-center\" data-align=\"center\">R$ 2.824,00<\/td><\/tr><tr><td class=\"has-text-align-center\" data-align=\"center\">T\u00e9cnico de Imobiliza\u00e7\u00e3o Ortop\u00e9dica <\/td><td class=\"has-text-align-center\" data-align=\"center\">02 + 04 CR<\/td><td class=\"has-text-align-center\" data-align=\"center\">R$ 2.400,00<\/td><\/tr><tr><td class=\"has-text-align-center\" data-align=\"center\">T\u00e9cnico em Sa\u00fade Bucal<\/td><td class=\"has-text-align-center\" data-align=\"center\">01 + 02 CR<\/td><td class=\"has-text-align-center\" data-align=\"center\">R$ 2.400,00<\/td><\/tr><tr><td class=\"has-text-align-center\" data-align=\"center\">T\u00e9cnico em Farm\u00e1cia<\/td><td class=\"has-text-align-center\" data-align=\"center\">34 + 188 CR<\/td><td class=\"has-text-align-center\" data-align=\"center\">R$ 2.400,00<\/td><\/tr><tr><td class=\"has-text-align-center\" data-align=\"center\">T\u00e9cnico em Seguran\u00e7a do Trabalho<\/td><td class=\"has-text-align-center\" data-align=\"center\">4 + 8 CR<\/td><td class=\"has-text-align-center\" data-align=\"center\">R$ 2.400,00<\/td><\/tr><tr><td class=\"has-text-align-center\" data-align=\"center\">T\u00e9cnico em Inform\u00e1tica <\/td><td class=\"has-text-align-center\" data-align=\"center\">4 + 12 CR<\/td><td class=\"has-text-align-center\" data-align=\"center\">R$ 2.400,00<\/td><\/tr><tr><td class=\"has-text-align-center\" data-align=\"center\">T\u00e9cnico de Manuten\u00e7\u00e3o Hidr\u00e1ulica<\/td><td class=\"has-text-align-center\" data-align=\"center\">8 + 4 CR<\/td><td class=\"has-text-align-center\" data-align=\"center\">R$ 2.400,00<\/td><\/tr><tr><td class=\"has-text-align-center\" data-align=\"center\">Designer Gr\u00e1fico <\/td><td class=\"has-text-align-center\" data-align=\"center\">4 + 8 CR<\/td><td class=\"has-text-align-center\" data-align=\"center\">R$ 2.400,00<\/td><\/tr><tr><td class=\"has-text-align-center\" data-align=\"center\">Assistente Administrativo <\/td><td class=\"has-text-align-center\" data-align=\"center\">60 + 120 CR<\/td><td class=\"has-text-align-center\" data-align=\"center\">R$ 2.400,00<\/td><\/tr><tr><td class=\"has-text-align-center\" data-align=\"center\">Eletricista de Manuten\u00e7\u00e3o <\/td><td class=\"has-text-align-center\" data-align=\"center\">8 + 16 CR<\/td><td class=\"has-text-align-center\" data-align=\"center\">R$ 1.698,00<\/td><\/tr><\/tbody><\/table><\/figure>\n\n\n\n<p><strong>Curso superior<\/strong><\/p>\n\n\n\n<figure class=\"wp-block-table is-style-stripes\"><table class=\"has-very-light-gray-to-cyan-bluish-gray-gradient-background has-background has-fixed-layout\"><thead><tr><th class=\"has-text-align-center\" data-align=\"center\">Cargo<\/th><th class=\"has-text-align-center\" data-align=\"center\">Vagas <\/th><th class=\"has-text-align-center\" data-align=\"center\">Sal\u00e1rio<\/th><\/tr><\/thead><tbody><tr><td class=\"has-text-align-center\" data-align=\"center\">Advogado<\/td><td class=\"has-text-align-center\" data-align=\"center\">3 + 6 CR<\/td><td class=\"has-text-align-center\" data-align=\"center\">R$ 2.900,00<\/td><\/tr><tr><td class=\"has-text-align-center\" data-align=\"center\">Analista de Recursos Humanos<\/td><td class=\"has-text-align-center\" data-align=\"center\">9 + 18 CR<\/td><td class=\"has-text-align-center\" data-align=\"center\">R$ 2.900,00<\/td><\/tr><tr><td class=\"has-text-align-center\" data-align=\"center\">Analista de Sistema<\/td><td class=\"has-text-align-center\" data-align=\"center\">2 + 4 CR<\/td><td class=\"has-text-align-center\" data-align=\"center\">R$ 2.900,00<\/td><\/tr><tr><td class=\"has-text-align-center\" data-align=\"center\">Analista de Infraestrutura de Tecnologia da Informa\u00e7\u00e3o<\/td><td class=\"has-text-align-center\" data-align=\"center\">4 + 8 CR<\/td><td class=\"has-text-align-center\" data-align=\"center\">R$ 2.900,00<\/td><\/tr><tr><td class=\"has-text-align-center\" data-align=\"center\">Assessor de Imprensa<\/td><td class=\"has-text-align-center\" data-align=\"center\">6 + 12 CR<\/td><td class=\"has-text-align-center\" data-align=\"center\">R$ 2.900,00<\/td><\/tr><tr><td class=\"has-text-align-center\" data-align=\"center\">Arquivista<\/td><td class=\"has-text-align-center\" data-align=\"center\">2 + 4 CR<\/td><td class=\"has-text-align-center\" data-align=\"center\">R$ 2.900,00<\/td><\/tr><tr><td class=\"has-text-align-center\" data-align=\"center\">Contador<\/td><td class=\"has-text-align-center\" data-align=\"center\">5 + 10 CR<\/td><td class=\"has-text-align-center\" data-align=\"center\">R$ 2.900,00<\/td><\/tr><tr><td class=\"has-text-align-center\" data-align=\"center\">Ec\u00f3logo<\/td><td class=\"has-text-align-center\" data-align=\"center\">2 + 4 CR<\/td><td class=\"has-text-align-center\" data-align=\"center\">R$ 2.900,00<\/td><\/tr><tr><td class=\"has-text-align-center\" data-align=\"center\">Engenheiro do Trabalho<\/td><td class=\"has-text-align-center\" data-align=\"center\">2 + 4 CR<\/td><td class=\"has-text-align-center\" data-align=\"center\">R$ 8.472,00<\/td><\/tr><tr><td class=\"has-text-align-center\" data-align=\"center\">Estat\u00edstico<\/td><td class=\"has-text-align-center\" data-align=\"center\">2 + 4 CR<\/td><td class=\"has-text-align-center\" data-align=\"center\">R$ 2.900,00<\/td><\/tr><tr><td class=\"has-text-align-center\" data-align=\"center\">Enfermeiro<\/td><td class=\"has-text-align-center\" data-align=\"center\">104 + 208 CR<\/td><td class=\"has-text-align-center\" data-align=\"center\">R$ 4.750,00<\/td><\/tr><tr><td class=\"has-text-align-center\" data-align=\"center\">Enfermeiro Auditor<\/td><td class=\"has-text-align-center\" data-align=\"center\">18 + 36 CR<\/td><td class=\"has-text-align-center\" data-align=\"center\">R$ 7.125,00<\/td><\/tr><tr><td class=\"has-text-align-center\" data-align=\"center\">Enfermeiro Centro Cir\u00fargico<\/td><td class=\"has-text-align-center\" data-align=\"center\">34 + 68 CR<\/td><td class=\"has-text-align-center\" data-align=\"center\">R$ 4.750,00<\/td><\/tr><tr><td class=\"has-text-align-center\" data-align=\"center\">Enfermeiro do Trabalho<\/td><td class=\"has-text-align-center\" data-align=\"center\">04 + 02 CR<\/td><td class=\"has-text-align-center\" data-align=\"center\">R$ 4.750,00<\/td><\/tr><tr><td class=\"has-text-align-center\" data-align=\"center\">Enfermeiro em Hemoterapia<\/td><td class=\"has-text-align-center\" data-align=\"center\">06 + 12 CR<\/td><td class=\"has-text-align-center\" data-align=\"center\">R$ 4.750,00<\/td><\/tr><tr><td class=\"has-text-align-center\" data-align=\"center\">Enfermeiro Emergencista<\/td><td class=\"has-text-align-center\" data-align=\"center\">15 + 30 CR<\/td><td class=\"has-text-align-center\" data-align=\"center\">R$ 4.750,00<\/td><\/tr><tr><td class=\"has-text-align-center\" data-align=\"center\">Enfermeiro Hemodinamicista<\/td><td class=\"has-text-align-center\" data-align=\"center\">06 + 12 CR<\/td><td class=\"has-text-align-center\" data-align=\"center\">R$ 4.750,00<\/td><\/tr><tr><td class=\"has-text-align-center\" data-align=\"center\">Enfermeiro Intensivista Adulto<\/td><td class=\"has-text-align-center\" data-align=\"center\">36 + 72 CR<\/td><td class=\"has-text-align-center\" data-align=\"center\">R$ 4.750,00<\/td><\/tr><tr><td class=\"has-text-align-center\" data-align=\"center\">Enfermeiro Intensivista Pedi\u00e1trico<\/td><td class=\"has-text-align-center\" data-align=\"center\">36 + 72 CR<\/td><td class=\"has-text-align-center\" data-align=\"center\">R$ 4.750,00<\/td><\/tr><tr><td class=\"has-text-align-center\" data-align=\"center\">Enfermeiro Obstetra<\/td><td class=\"has-text-align-center\" data-align=\"center\">18 + 36 CR<\/td><td class=\"has-text-align-center\" data-align=\"center\">R$ 4.750,00<\/td><\/tr><tr><td class=\"has-text-align-center\" data-align=\"center\">Enfermeiro Oncologista<\/td><td class=\"has-text-align-center\" data-align=\"center\">18 + 36 CR<\/td><td class=\"has-text-align-center\" data-align=\"center\">R$ 4.750,00<\/td><\/tr><tr><td class=\"has-text-align-center\" data-align=\"center\">Assistente Social<\/td><td class=\"has-text-align-center\" data-align=\"center\">38 + 76 CR<\/td><td class=\"has-text-align-center\" data-align=\"center\">R$ 2.900,00<\/td><\/tr><tr><td class=\"has-text-align-center\" data-align=\"center\">Biom\u00e9dico<\/td><td class=\"has-text-align-center\" data-align=\"center\">04 + 08 CR<\/td><td class=\"has-text-align-center\" data-align=\"center\">R$ 2.900,00<\/td><\/tr><tr><td class=\"has-text-align-center\" data-align=\"center\">Farmac\u00eautico<\/td><td class=\"has-text-align-center\" data-align=\"center\">22 + 44 CR<\/td><td class=\"has-text-align-center\" data-align=\"center\">R$ 2.900,00<\/td><\/tr><tr><td class=\"has-text-align-center\" data-align=\"center\">Fisioterapeuta<\/td><td class=\"has-text-align-center\" data-align=\"center\">40 + 80 CR<\/td><td class=\"has-text-align-center\" data-align=\"center\">R$ 2.900,00<\/td><\/tr><tr><td class=\"has-text-align-center\" data-align=\"center\">Fisioterapeuta Intensivista Adulto<\/td><td class=\"has-text-align-center\" data-align=\"center\">16 + 32 CR<\/td><td class=\"has-text-align-center\" data-align=\"center\">R$ 2.900,00<\/td><\/tr><tr><td class=\"has-text-align-center\" data-align=\"center\">Fisioterapeuta Intensivista Neonatologista<\/td><td class=\"has-text-align-center\" data-align=\"center\">06 + 12 CR<\/td><td class=\"has-text-align-center\" data-align=\"center\">R$ 2.900,00<\/td><\/tr><tr><td class=\"has-text-align-center\" data-align=\"center\">Fonoaudiologia<\/td><td class=\"has-text-align-center\" data-align=\"center\">35 + 70 CR<\/td><td class=\"has-text-align-center\" data-align=\"center\">R$ 2.900,00<\/td><\/tr><tr><td class=\"has-text-align-center\" data-align=\"center\">Neuropsic\u00f3logo<\/td><td class=\"has-text-align-center\" data-align=\"center\">02 + 04 CR<\/td><td class=\"has-text-align-center\" data-align=\"center\">R$ 2.900,00<\/td><\/tr><tr><td class=\"has-text-align-center\" data-align=\"center\">Nutricionista<\/td><td class=\"has-text-align-center\" data-align=\"center\">16 + 32 CR<\/td><td class=\"has-text-align-center\" data-align=\"center\">R$ 2.900,00<\/td><\/tr><tr><td class=\"has-text-align-center\" data-align=\"center\">Odontologia (Cirurgi\u00e3o Dentista)<\/td><td class=\"has-text-align-center\" data-align=\"center\">09 + 18 CR<\/td><td class=\"has-text-align-center\" data-align=\"center\">R$ 4.236,00<\/td><\/tr><tr><td class=\"has-text-align-center\" data-align=\"center\">Perfusionista<\/td><td class=\"has-text-align-center\" data-align=\"center\">10 + 20 CR<\/td><td class=\"has-text-align-center\" data-align=\"center\">R$ 4.750,00<\/td><\/tr><tr><td class=\"has-text-align-center\" data-align=\"center\">Psic\u00f3logo<\/td><td class=\"has-text-align-center\" data-align=\"center\">27 + 54 CR<\/td><td class=\"has-text-align-center\" data-align=\"center\">R$ 2.900,00<\/td><\/tr><tr><td class=\"has-text-align-center\" data-align=\"center\">Psicopedagogo<\/td><td class=\"has-text-align-center\" data-align=\"center\">01 + 02 CR<\/td><td class=\"has-text-align-center\" data-align=\"center\">R$ 2.900,00<\/td><\/tr><tr><td class=\"has-text-align-center\" data-align=\"center\">Terapeuta Ocupacional<\/td><td class=\"has-text-align-center\" data-align=\"center\">20 + 40 CR<\/td><td class=\"has-text-align-center\" data-align=\"center\">R$ 2.900,00<\/td><\/tr><tr><td class=\"has-text-align-center\" data-align=\"center\">M\u00e9dico<\/td><td class=\"has-text-align-center\" data-align=\"center\">71 + 142 CR<\/td><td class=\"has-text-align-center\" data-align=\"center\">R$ 11.088,00<\/td><\/tr><tr><td class=\"has-text-align-center\" data-align=\"center\">M\u00e9dico (v\u00e1rios)<\/td><td class=\"has-text-align-center\" data-align=\"center\">374 + 750 CR<\/td><td class=\"has-text-align-center\" data-align=\"center\">R$ 12.000,00<\/td><\/tr><\/tbody><\/table><\/figure>\n\n\n\n<h3 class=\"wp-block-heading\" id=\"etapas-2024\">Etapas e provas do concurso PB Sa\u00fade<\/h3>\n\n\n\n<p>Os candidatos do novo concurso PB Sa\u00fade foram avaliados mediante aplica\u00e7\u00e3o das seguintes etapas:<\/p>\n\n\n\n<ul class=\"wp-block-list\">\n<li><strong>a) <\/strong>provas objetivas de m\u00faltipla escolha, de car\u00e1ter eliminat\u00f3rio e classificat\u00f3rio;<\/li>\n\n\n\n<li><strong>b) <\/strong>prova de t\u00edtulos, de car\u00e1ter classificat\u00f3rio;<\/li>\n\n\n\n<li><strong>c) <\/strong>avalia\u00e7\u00e3o biopsicossocial aplicada aos candidatos inscritos na condi\u00e7\u00e3o de pessoa com defici\u00eancia e que optaram por concorrer \u00e0s vagas reservadas \u00e0s pessoas com defici\u00eancia, no ato de inscri\u00e7\u00e3o do concurso; e<\/li>\n\n\n\n<li><strong>d) <\/strong>avalia\u00e7\u00e3o de heteroidentifica\u00e7\u00e3o aplicada aos candidatos inscritos na condi\u00e7\u00e3o de cotas para pessoas negras no ato de inscri\u00e7\u00e3o do concurso.<\/li>\n<\/ul>\n\n\n\n<h4 class=\"wp-block-heading\" id=\"h-prova-objetiva\">Prova Objetiva<\/h4>\n\n\n\n<p>Foram aplicadas provas objetivas, de car\u00e1ter eliminat\u00f3rio e classificat\u00f3rio, compostas por 65 quest\u00f5es de m\u00faltipla escolha, com cinco alternativas (A a E). A dura\u00e7\u00e3o foi de 4 horas.<\/p>\n\n\n\n<ul class=\"wp-block-list\">\n<li><strong>Conhecimentos Comuns:<\/strong>\n<ul class=\"wp-block-list\">\n<li>L\u00edngua Portuguesa &#8211; 15<\/li>\n\n\n\n<li>Legisla\u00e7\u00e3o do SUS &#8211; 10 <\/li>\n\n\n\n<li>Legisla\u00e7\u00e3o da PB Sa\u00fade &#8211; 05 <\/li>\n<\/ul>\n<\/li>\n\n\n\n<li><strong>Conhecimentos Espec\u00edficos:<\/strong>\n<ul class=\"wp-block-list\">\n<li>Conhecimentos Espec\u00edficos ao emprego &#8211; 35<\/li>\n<\/ul>\n<\/li>\n<\/ul>\n\n\n\n<p>Foi considerado classificado o candidato aos empregos que, cumulativamente, pontuaram, no m\u00ednimo, 50% do total de pontos na prova objetiva e n\u00e3o podendo obter nota igual a 0,00 em qualquer uma das disciplinas.<\/p>\n\n\n\n<h4 class=\"wp-block-heading\" id=\"h-prova-de-titulos\">Prova de T\u00edtulos<\/h4>\n\n\n\n<p>A prova de t\u00edtulos foi aplicada apenas para os candidatos aprovados na etapa anterior, exclusivamente de car\u00e1ter classificat\u00f3rio. A avalia\u00e7\u00e3o consistiu na an\u00e1lise dos t\u00edtulos apresentados pelos candidatos, conforme quadro a seguir:<\/p>\n\n\n\n<figure class=\"wp-block-image aligncenter size-large\"><img loading=\"lazy\" decoding=\"async\" width=\"1024\" height=\"558\" src=\"https:\/\/dhg1h5j42swfq.cloudfront.net\/2024\/09\/11092325\/image-290-1024x558.png\" alt=\"Avalia\u00e7\u00e3o de t\u00edtulos do concurso PB Sa\u00fade\" class=\"wp-image-1460066\" srcset=\"https:\/\/dhg1h5j42swfq.cloudfront.net\/2024\/09\/11092325\/image-290-1024x558.png 1024w, https:\/\/dhg1h5j42swfq.cloudfront.net\/2024\/09\/11092325\/image-290-300x163.png 300w, https:\/\/dhg1h5j42swfq.cloudfront.net\/2024\/09\/11092325\/image-290-768x418.png 768w, https:\/\/dhg1h5j42swfq.cloudfront.net\/2024\/09\/11092325\/image-290-610x332.png 610w, https:\/\/dhg1h5j42swfq.cloudfront.net\/2024\/09\/11092325\/image-290-150x82.png 150w, https:\/\/dhg1h5j42swfq.cloudfront.net\/2024\/09\/11092325\/image-290.png 1103w\" sizes=\"auto, (max-width: 1024px) 100vw, 1024px\" \/><figcaption class=\"wp-element-caption\">Avalia\u00e7\u00e3o de t\u00edtulos do concurso PB Sa\u00fade<\/figcaption><\/figure>\n\n\n\n<h2 class=\"wp-block-heading\" id=\"ultimo-edital\">Concurso PB Sa\u00fade: \u00faltimos editais<\/h2>\n\n\n\n<h3 class=\"wp-block-heading\" id=\"2022\">Cargos e vagas da sele\u00e7\u00e3o PB Sa\u00fade &#8211; Edital 2022<\/h3>\n\n\n\n<p><strong>N\u00edvel m\u00e9dio<\/strong><\/p>\n\n\n\n<figure class=\"wp-block-table is-style-stripes\"><table class=\"has-very-light-gray-to-cyan-bluish-gray-gradient-background has-background has-fixed-layout\"><thead><tr><th class=\"has-text-align-center\" data-align=\"center\">CARGOS<\/th><th class=\"has-text-align-center\" data-align=\"center\">VAGAS<\/th><th class=\"has-text-align-center\" data-align=\"center\">SAL\u00c1RIO<\/th><\/tr><\/thead><tbody><tr><td class=\"has-text-align-center\" data-align=\"center\">Auxiliar de Farm\u00e1cia<\/td><td class=\"has-text-align-center\" data-align=\"center\">12 + 156 CR<\/td><td class=\"has-text-align-center\" data-align=\"center\">R$ 1.212,00<\/td><\/tr><tr><td class=\"has-text-align-center\" data-align=\"center\">Auxiliar de Manuten\u00e7\u00e3o Predial<\/td><td class=\"has-text-align-center\" data-align=\"center\">2 + 31 CR<\/td><td class=\"has-text-align-center\" data-align=\"center\">R$ 1.212,00<\/td><\/tr><tr><td class=\"has-text-align-center\" data-align=\"center\">Estoquista<\/td><td class=\"has-text-align-center\" data-align=\"center\">2 + 30 CR<\/td><td class=\"has-text-align-center\" data-align=\"center\">R$ 1.212,00<\/td><\/tr><\/tbody><\/table><\/figure>\n\n\n\n<p><strong>N\u00edvel t\u00e9cnico<\/strong><\/p>\n\n\n\n<figure class=\"wp-block-table is-style-stripes\"><table class=\"has-very-light-gray-to-cyan-bluish-gray-gradient-background has-background has-fixed-layout\"><thead><tr><th class=\"has-text-align-center\" data-align=\"center\">CARGOS<\/th><th class=\"has-text-align-center\" data-align=\"center\">VAGAS<\/th><th class=\"has-text-align-center\" data-align=\"center\">SAL\u00c1RIO<\/th><\/tr><\/thead><tbody><tr><td class=\"has-text-align-center\" data-align=\"center\">Instrumenta\u00e7\u00e3o em Cirurgia Cardiol\u00f3gica<\/td><td class=\"has-text-align-center\" data-align=\"center\">1 + 12 CR<\/td><td class=\"has-text-align-center\" data-align=\"center\">R$ 1.300,00<\/td><\/tr><tr><td class=\"has-text-align-center\" data-align=\"center\">Instrumenta\u00e7\u00e3o em Cirurgia Neurol\u00f3gica<\/td><td class=\"has-text-align-center\" data-align=\"center\">1 + 12 CR<\/td><td class=\"has-text-align-center\" data-align=\"center\">R$ 1.300,00<\/td><\/tr><tr><td class=\"has-text-align-center\" data-align=\"center\">T\u00e9cnico de Enfermagem<\/td><td class=\"has-text-align-center\" data-align=\"center\">42 + 250 CR<\/td><td class=\"has-text-align-center\" data-align=\"center\">R$ 1.300,00<\/td><\/tr><tr><td class=\"has-text-align-center\" data-align=\"center\">T\u00e9cnico de Equipamento M\u00e9dico Hospitalar<\/td><td class=\"has-text-align-center\" data-align=\"center\">19 CR<\/td><td class=\"has-text-align-center\" data-align=\"center\">R$ 1.300,00<\/td><\/tr><tr><td class=\"has-text-align-center\" data-align=\"center\">T\u00e9cnico de Manuten\u00e7\u00e3o Hidr\u00e1ulica<\/td><td class=\"has-text-align-center\" data-align=\"center\">1 + 13 CR<\/td><td class=\"has-text-align-center\" data-align=\"center\">R$ 1.300,00<\/td><\/tr><\/tbody><\/table><\/figure>\n\n\n\n<p><strong>N\u00edvel superior<\/strong><\/p>\n\n\n\n<figure class=\"wp-block-table is-style-stripes\"><table class=\"has-very-light-gray-to-cyan-bluish-gray-gradient-background has-background has-fixed-layout\"><thead><tr><th class=\"has-text-align-center\" data-align=\"center\">CARGOS<\/th><th class=\"has-text-align-center\" data-align=\"center\">VAGAS<\/th><th class=\"has-text-align-center\" data-align=\"center\">SAL\u00c1RIO<\/th><\/tr><\/thead><tbody><tr><td class=\"has-text-align-center\" data-align=\"center\">Enfermeiro<\/td><td class=\"has-text-align-center\" data-align=\"center\">12 + 50 CR<\/td><td class=\"has-text-align-center\" data-align=\"center\">R$ 1.500,00<\/td><\/tr><tr><td class=\"has-text-align-center\" data-align=\"center\">Perfusionista<\/td><td class=\"has-text-align-center\" data-align=\"center\">1 + 10 CR<\/td><td class=\"has-text-align-center\" data-align=\"center\">R$ 1.500,00<\/td><\/tr><tr><td class=\"has-text-align-center\" data-align=\"center\">M\u00e9dico (diversas especialidades)<\/td><td class=\"has-text-align-center\" data-align=\"center\">27 + 364 CR<\/td><td class=\"has-text-align-center\" data-align=\"center\">R$ 1.386,00<\/td><\/tr><\/tbody><\/table><\/figure>\n\n\n\n<h3 class=\"wp-block-heading\" id=\"h-etapas-e-provas-da-selecao\">Etapas e provas da sele\u00e7\u00e3o <\/h3>\n\n\n\n<p><strong>Provas Objetivas<\/strong><\/p>\n\n\n\n<p>A prova objetiva, de car\u00e1ter eliminat\u00f3rio e classificat\u00f3rio, foi composta por quest\u00f5es do tipo m\u00faltipla escolha com quatro alternativas cada, sendo apenas uma alternativa correta.<\/p>\n\n\n\n<figure class=\"wp-block-image aligncenter size-full\"><img loading=\"lazy\" decoding=\"async\" width=\"833\" height=\"707\" src=\"https:\/\/dhg1h5j42swfq.cloudfront.net\/2022\/05\/25154612\/image-316.png\" alt=\"Quadro de informa\u00e7\u00f5es detalhando o conte\u00fado, disciplinas, n\u00famero de quest\u00f5es, total de quest\u00f5es e valor da prova para n\u00edvel m\u00e9dio e t\u00e9cnico, e n\u00edvel superior do concurso PB Sa\u00fade.\" class=\"wp-image-1034167\" srcset=\"https:\/\/dhg1h5j42swfq.cloudfront.net\/2022\/05\/25154612\/image-316.png 833w, https:\/\/dhg1h5j42swfq.cloudfront.net\/2022\/05\/25154612\/image-316-300x255.png 300w, https:\/\/dhg1h5j42swfq.cloudfront.net\/2022\/05\/25154612\/image-316-768x652.png 768w, https:\/\/dhg1h5j42swfq.cloudfront.net\/2022\/05\/25154612\/image-316-610x518.png 610w\" sizes=\"auto, (max-width: 833px) 100vw, 833px\" \/><\/figure>\n\n\n\n<h3 class=\"wp-block-heading\" id=\"2021\">Cargos e vagas da sele\u00e7\u00e3o PB Sa\u00fade &#8211; Edital 2021<\/h3>\n\n\n\n<p><strong>Ensino m\u00e9dio<\/strong><\/p>\n\n\n\n<figure class=\"wp-block-table is-style-stripes\"><table class=\"has-very-light-gray-to-cyan-bluish-gray-gradient-background has-background has-fixed-layout\"><thead><tr><th class=\"has-text-align-center\" data-align=\"center\">Cargo<\/th><th class=\"has-text-align-center\" data-align=\"center\">Vagas imediatas<\/th><th class=\"has-text-align-center\" data-align=\"center\">Sal\u00e1rio<\/th><\/tr><\/thead><tbody><tr><td class=\"has-text-align-center\" data-align=\"center\">Auxiliar Administrativo<\/td><td class=\"has-text-align-center\" data-align=\"center\">14 + CR<\/td><td class=\"has-text-align-center\" data-align=\"center\">R$ 1.100,00<\/td><\/tr><tr><td class=\"has-text-align-center\" data-align=\"center\">Auxiliar de Cozinha<\/td><td class=\"has-text-align-center\" data-align=\"center\">8 + CR<\/td><td class=\"has-text-align-center\" data-align=\"center\">R$ 1.100,00<\/td><\/tr><tr><td class=\"has-text-align-center\" data-align=\"center\">Auxiliar de Manuten\u00e7\u00e3o Predial<\/td><td class=\"has-text-align-center\" data-align=\"center\">2 + CR<\/td><td class=\"has-text-align-center\" data-align=\"center\">R$ 1.100,00<\/td><\/tr><tr><td class=\"has-text-align-center\" data-align=\"center\">Copeiro<\/td><td class=\"has-text-align-center\" data-align=\"center\">6 + CR<\/td><td class=\"has-text-align-center\" data-align=\"center\">R$ 1.100,00<\/td><\/tr><tr><td class=\"has-text-align-center\" data-align=\"center\">Costureira<\/td><td class=\"has-text-align-center\" data-align=\"center\">1 + CR<\/td><td class=\"has-text-align-center\" data-align=\"center\">R$ 1.100,00<\/td><\/tr><tr><td class=\"has-text-align-center\" data-align=\"center\">Cozinheiro<\/td><td class=\"has-text-align-center\" data-align=\"center\">2 + CR<\/td><td class=\"has-text-align-center\" data-align=\"center\">R$ 1.100,00<\/td><\/tr><tr><td class=\"has-text-align-center\" data-align=\"center\">Eletricista de Manuten\u00e7\u00e3o<\/td><td class=\"has-text-align-center\" data-align=\"center\">2 + CR<\/td><td class=\"has-text-align-center\" data-align=\"center\">R$ 1.100,00<\/td><\/tr><tr><td class=\"has-text-align-center\" data-align=\"center\">Estoquista<\/td><td class=\"has-text-align-center\" data-align=\"center\">2 + CR<\/td><td class=\"has-text-align-center\" data-align=\"center\">R$ 1.100,00<\/td><\/tr><tr><td class=\"has-text-align-center\" data-align=\"center\">Maqueiro<\/td><td class=\"has-text-align-center\" data-align=\"center\">12 + CR<\/td><td class=\"has-text-align-center\" data-align=\"center\">R$ 1.100,00<\/td><\/tr><tr><td class=\"has-text-align-center\" data-align=\"center\">Motorista Administrativo<\/td><td class=\"has-text-align-center\" data-align=\"center\">CR<\/td><td class=\"has-text-align-center\" data-align=\"center\">R$ 1.100,00<\/td><\/tr><\/tbody><\/table><\/figure>\n\n\n\n<p><strong>N\u00edvel t\u00e9cnico<\/strong><\/p>\n\n\n\n<figure class=\"wp-block-table is-style-stripes\"><table class=\"has-very-light-gray-to-cyan-bluish-gray-gradient-background has-background has-fixed-layout\"><thead><tr><th class=\"has-text-align-center\" data-align=\"center\">Cargo<\/th><th class=\"has-text-align-center\" data-align=\"center\">Vagas imediatas<\/th><th class=\"has-text-align-center\" data-align=\"center\">Sal\u00e1rio<\/th><\/tr><\/thead><tbody><tr><td class=\"has-text-align-center\" data-align=\"center\">Auxiliar de farm\u00e1cia<\/td><td class=\"has-text-align-center\" data-align=\"center\">13 + CR<\/td><td class=\"has-text-align-center\" data-align=\"center\">R$ 1.100,00<\/td><\/tr><tr><td class=\"has-text-align-center\" data-align=\"center\">Assistente Administrativo<\/td><td class=\"has-text-align-center\" data-align=\"center\">15 + CR<\/td><td class=\"has-text-align-center\" data-align=\"center\">R$ 1.300,00<\/td><\/tr><tr><td class=\"has-text-align-center\" data-align=\"center\">Designer Gr\u00e1fico<\/td><td class=\"has-text-align-center\" data-align=\"center\">CR<\/td><td class=\"has-text-align-center\" data-align=\"center\">R$ 1.300,00<\/td><\/tr><tr><td class=\"has-text-align-center\" data-align=\"center\">T\u00e9cnico em Seguran\u00e7a do Trabalho<\/td><td class=\"has-text-align-center\" data-align=\"center\">1 + CR<\/td><td class=\"has-text-align-center\" data-align=\"center\">R$ 1.300,00<\/td><\/tr><tr><td class=\"has-text-align-center\" data-align=\"center\">T\u00e9cnico de manuten\u00e7\u00e3o em Equipamento M\u00e9dico-hospitalar<\/td><td class=\"has-text-align-center\" data-align=\"center\">2 + CR<\/td><td class=\"has-text-align-center\" data-align=\"center\">R$ 1.300,00<\/td><\/tr><tr><td class=\"has-text-align-center\" data-align=\"center\">T\u00e9cnico de manuten\u00e7\u00e3o Hidr\u00e1ulica<\/td><td class=\"has-text-align-center\" data-align=\"center\">1 + CR<\/td><td class=\"has-text-align-center\" data-align=\"center\">R$ 1.300,00<\/td><\/tr><tr><td class=\"has-text-align-center\" data-align=\"center\">T\u00e9cnico de Refrigera\u00e7\u00e3o<\/td><td class=\"has-text-align-center\" data-align=\"center\">2 + CR<\/td><td class=\"has-text-align-center\" data-align=\"center\">R$ 1.300,00<\/td><\/tr><tr><td class=\"has-text-align-center\" data-align=\"center\">T\u00e9cnico em Inform\u00e1tica<\/td><td class=\"has-text-align-center\" data-align=\"center\">2 + CR<\/td><td class=\"has-text-align-center\" data-align=\"center\">R$ 1.300,00<\/td><\/tr><tr><td class=\"has-text-align-center\" data-align=\"center\">Instrumentador em Cirurgia Cardiovascular<\/td><td class=\"has-text-align-center\" data-align=\"center\">1 + CR<\/td><td class=\"has-text-align-center\" data-align=\"center\">R$ 1.300,00<\/td><\/tr><tr><td class=\"has-text-align-center\" data-align=\"center\">Instrumentador em Cirurgia Neurol\u00f3gica<\/td><td class=\"has-text-align-center\" data-align=\"center\">1 + CR<\/td><td class=\"has-text-align-center\" data-align=\"center\">R$ 1.300,00<\/td><\/tr><tr><td class=\"has-text-align-center\" data-align=\"center\">T\u00e9cnico de Enfermagem<\/td><td class=\"has-text-align-center\" data-align=\"center\">44 + CR<\/td><td class=\"has-text-align-center\" data-align=\"center\">R$ 1.300,00<\/td><\/tr><tr><td class=\"has-text-align-center\" data-align=\"center\">T\u00e9cnico de Enfermagem em Centro Cir\u00fargico<\/td><td class=\"has-text-align-center\" data-align=\"center\">15 + CR<\/td><td class=\"has-text-align-center\" data-align=\"center\">R$ 1.300,00<\/td><\/tr><tr><td class=\"has-text-align-center\" data-align=\"center\">T\u00e9cnico de Enfermagem em Hemodin\u00e2mica<\/td><td class=\"has-text-align-center\" data-align=\"center\">5 + CR<\/td><td class=\"has-text-align-center\" data-align=\"center\">R$ 1.300,00<\/td><\/tr><tr><td class=\"has-text-align-center\" data-align=\"center\">T\u00e9cnico de Enfermagem em Hemoterapia<\/td><td class=\"has-text-align-center\" data-align=\"center\">5 + CR<\/td><td class=\"has-text-align-center\" data-align=\"center\">R$ 1.300,00<\/td><\/tr><tr><td class=\"has-text-align-center\" data-align=\"center\">T\u00e9cnico de Enfermagem em Terapia Intensiva Adulto<\/td><td class=\"has-text-align-center\" data-align=\"center\">25 + CR<\/td><td class=\"has-text-align-center\" data-align=\"center\">R$ 1.300,00<\/td><\/tr><tr><td class=\"has-text-align-center\" data-align=\"center\">T\u00e9cnico de Enfermagem em Terapia Intensiva Pedi\u00e1trica<\/td><td class=\"has-text-align-center\" data-align=\"center\">10 + CR<\/td><td class=\"has-text-align-center\" data-align=\"center\">R$ 1.300,00<\/td><\/tr><tr><td class=\"has-text-align-center\" data-align=\"center\">T\u00e9cnico de Imobiliza\u00e7\u00e3o Ortop\u00e9dica<\/td><td class=\"has-text-align-center\" data-align=\"center\">2 + CR<\/td><td class=\"has-text-align-center\" data-align=\"center\">R$ 1.300,00<\/td><\/tr><tr><td class=\"has-text-align-center\" data-align=\"center\">T\u00e9cnico em Radiologia<\/td><td class=\"has-text-align-center\" data-align=\"center\">1 + CR<\/td><td class=\"has-text-align-center\" data-align=\"center\">R$ 2.200,00<\/td><\/tr><\/tbody><\/table><\/figure>\n\n\n\n<p><strong>Curso superior<\/strong><\/p>\n\n\n\n<figure class=\"wp-block-table is-style-stripes\"><table class=\"has-very-light-gray-to-cyan-bluish-gray-gradient-background has-background has-fixed-layout\"><thead><tr><th class=\"has-text-align-center\" data-align=\"center\">Cargo<\/th><th class=\"has-text-align-center\" data-align=\"center\">Vagas imediatas<\/th><th class=\"has-text-align-center\" data-align=\"center\">Sal\u00e1rio<\/th><\/tr><\/thead><tbody><tr><td class=\"has-text-align-center\" data-align=\"center\">Advogado<\/td><td class=\"has-text-align-center\" data-align=\"center\">1 + CR<\/td><td class=\"has-text-align-center\" data-align=\"center\">R$ 1.500,00<\/td><\/tr><tr><td class=\"has-text-align-center\" data-align=\"center\">Analista de Rede\/Sistemas\/Software<\/td><td class=\"has-text-align-center\" data-align=\"center\">1 + CR<\/td><td class=\"has-text-align-center\" data-align=\"center\">R$ 1.500,00<\/td><\/tr><tr><td class=\"has-text-align-center\" data-align=\"center\">Assistente Social<\/td><td class=\"has-text-align-center\" data-align=\"center\">3 + CR<\/td><td class=\"has-text-align-center\" data-align=\"center\">R$ 1.500,00<\/td><\/tr><tr><td class=\"has-text-align-center\" data-align=\"center\">Analista de Departamento Pessoal<\/td><td class=\"has-text-align-center\" data-align=\"center\">CR<\/td><td class=\"has-text-align-center\" data-align=\"center\">R$ 1.500,00<\/td><\/tr><tr><td class=\"has-text-align-center\" data-align=\"center\">Analista de Recursos Humanos<\/td><td class=\"has-text-align-center\" data-align=\"center\">CR<\/td><td class=\"has-text-align-center\" data-align=\"center\">R$ 1.500,00<\/td><\/tr><tr><td class=\"has-text-align-center\" data-align=\"center\">Assessor de Imprensa<\/td><td class=\"has-text-align-center\" data-align=\"center\">CR<\/td><td class=\"has-text-align-center\" data-align=\"center\">R$ 1.500,00<\/td><\/tr><tr><td class=\"has-text-align-center\" data-align=\"center\">Biom\u00e9dico<\/td><td class=\"has-text-align-center\" data-align=\"center\">2 + CR<\/td><td class=\"has-text-align-center\" data-align=\"center\">R$ 1.500,00<\/td><\/tr><tr><td class=\"has-text-align-center\" data-align=\"center\">Contador<\/td><td class=\"has-text-align-center\" data-align=\"center\">CR<\/td><td class=\"has-text-align-center\" data-align=\"center\">R$ 1.500,00<\/td><\/tr><tr><td class=\"has-text-align-center\" data-align=\"center\">Engenheiro do Trabalho<\/td><td class=\"has-text-align-center\" data-align=\"center\">CR<\/td><td class=\"has-text-align-center\" data-align=\"center\">R$ 1.500,00<\/td><\/tr><tr><td class=\"has-text-align-center\" data-align=\"center\">Estat\u00edstico<\/td><td class=\"has-text-align-center\" data-align=\"center\">CR<\/td><td class=\"has-text-align-center\" data-align=\"center\">R$ 1.500,00<\/td><\/tr><tr><td class=\"has-text-align-center\" data-align=\"center\">Enfermeiro<\/td><td class=\"has-text-align-center\" data-align=\"center\">13 + CR<\/td><td class=\"has-text-align-center\" data-align=\"center\">R$ 1.500,00<\/td><\/tr><tr><td class=\"has-text-align-center\" data-align=\"center\">Enfermeiro Auditor<\/td><td class=\"has-text-align-center\" data-align=\"center\">CR<\/td><td class=\"has-text-align-center\" data-align=\"center\">R$ 1.500,00<\/td><\/tr><tr><td class=\"has-text-align-center\" data-align=\"center\">Enfermeiro Centro Cir\u00fargico<\/td><td class=\"has-text-align-center\" data-align=\"center\">2 + CR<\/td><td class=\"has-text-align-center\" data-align=\"center\">R$ 1.500,00<\/td><\/tr><tr><td class=\"has-text-align-center\" data-align=\"center\">Enfermeiro em Hemoterapia<\/td><td class=\"has-text-align-center\" data-align=\"center\">2 + CR<\/td><td class=\"has-text-align-center\" data-align=\"center\">R$ 1.500,00<\/td><\/tr><tr><td class=\"has-text-align-center\" data-align=\"center\">Enfermeiro Emergencista<\/td><td class=\"has-text-align-center\" data-align=\"center\">4 + CR<\/td><td class=\"has-text-align-center\" data-align=\"center\">R$ 1.500,00<\/td><\/tr><tr><td class=\"has-text-align-center\" data-align=\"center\">Enfermeiro Hemodinamicista<\/td><td class=\"has-text-align-center\" data-align=\"center\">2 + CR<\/td><td class=\"has-text-align-center\" data-align=\"center\">R$ 1.500,00<\/td><\/tr><tr><td class=\"has-text-align-center\" data-align=\"center\">Enfermeiro Intensivista Adulto<\/td><td class=\"has-text-align-center\" data-align=\"center\">11 + CR<\/td><td class=\"has-text-align-center\" data-align=\"center\">R$ 1.500,00<\/td><\/tr><tr><td class=\"has-text-align-center\" data-align=\"center\">Enfermeiro Intensivista Pedi\u00e1trico<\/td><td class=\"has-text-align-center\" data-align=\"center\">8 + CR<\/td><td class=\"has-text-align-center\" data-align=\"center\">R$ 1.500,00<\/td><\/tr><tr><td class=\"has-text-align-center\" data-align=\"center\">Enfermeiro Obstetra<\/td><td class=\"has-text-align-center\" data-align=\"center\">3 + CR<\/td><td class=\"has-text-align-center\" data-align=\"center\">R$ 1.500,00<\/td><\/tr><tr><td class=\"has-text-align-center\" data-align=\"center\">Farmac\u00eautico<\/td><td class=\"has-text-align-center\" data-align=\"center\">4 + CR<\/td><td class=\"has-text-align-center\" data-align=\"center\">R$ 1.500,00<\/td><\/tr><tr><td class=\"has-text-align-center\" data-align=\"center\">Fisioterapeuta<\/td><td class=\"has-text-align-center\" data-align=\"center\">10 + CR<\/td><td class=\"has-text-align-center\" data-align=\"center\">R$ 1.500,00<\/td><\/tr><tr><td class=\"has-text-align-center\" data-align=\"center\">Fisioterapeuta Intensivista Adulto<\/td><td class=\"has-text-align-center\" data-align=\"center\">6 + CR<\/td><td class=\"has-text-align-center\" data-align=\"center\">R$ 1.500,00<\/td><\/tr><tr><td class=\"has-text-align-center\" data-align=\"center\">Fisioterapeuta Intensivista Pedi\u00e1trico<\/td><td class=\"has-text-align-center\" data-align=\"center\">4 + CR<\/td><td class=\"has-text-align-center\" data-align=\"center\">R$ 1.500,00<\/td><\/tr><tr><td class=\"has-text-align-center\" data-align=\"center\">Fonoaudiologia<\/td><td class=\"has-text-align-center\" data-align=\"center\">1 + CR<\/td><td class=\"has-text-align-center\" data-align=\"center\">R$ 1.500,00<\/td><\/tr><tr><td class=\"has-text-align-center\" data-align=\"center\">Neuropsic\u00f3logo<\/td><td class=\"has-text-align-center\" data-align=\"center\">CR<\/td><td class=\"has-text-align-center\" data-align=\"center\">R$ 1.500,00<\/td><\/tr><tr><td class=\"has-text-align-center\" data-align=\"center\">Nutricionista<\/td><td class=\"has-text-align-center\" data-align=\"center\">3 + CR<\/td><td class=\"has-text-align-center\" data-align=\"center\">R$ 1.500,00<\/td><\/tr><tr><td class=\"has-text-align-center\" data-align=\"center\">Odontologia (Cirurgi\u00e3o Dentista)<\/td><td class=\"has-text-align-center\" data-align=\"center\">1 + CR<\/td><td class=\"has-text-align-center\" data-align=\"center\">R$ 1.500,00<\/td><\/tr><tr><td class=\"has-text-align-center\" data-align=\"center\">Perfusionista<\/td><td class=\"has-text-align-center\" data-align=\"center\">1 + CR<\/td><td class=\"has-text-align-center\" data-align=\"center\">R$ 1.500,00<\/td><\/tr><tr><td class=\"has-text-align-center\" data-align=\"center\">Psic\u00f3logo<\/td><td class=\"has-text-align-center\" data-align=\"center\">3 + CR<\/td><td class=\"has-text-align-center\" data-align=\"center\">R$ 1.500,00<\/td><\/tr><tr><td class=\"has-text-align-center\" data-align=\"center\">Terapeuta Ocupacional<\/td><td class=\"has-text-align-center\" data-align=\"center\">1 + CR<\/td><td class=\"has-text-align-center\" data-align=\"center\">R$ 1.500,00<\/td><\/tr><tr><td class=\"has-text-align-center\" data-align=\"center\">Ec\u00f3logo<\/td><td class=\"has-text-align-center\" data-align=\"center\">CR<\/td><td class=\"has-text-align-center\" data-align=\"center\">R$ 1.500,00<\/td><\/tr><tr><td class=\"has-text-align-center\" data-align=\"center\">Psicopedagogo<\/td><td class=\"has-text-align-center\" data-align=\"center\">CR<\/td><td class=\"has-text-align-center\" data-align=\"center\">R$ 1.500,00<\/td><\/tr><tr><td class=\"has-text-align-center\" data-align=\"center\">M\u00e9dico<\/td><td class=\"has-text-align-center\" data-align=\"center\">2 + CR<\/td><td class=\"has-text-align-center\" data-align=\"center\">R$ 960,00 (por plant\u00e3o)<\/td><\/tr><tr><td class=\"has-text-align-center\" data-align=\"center\">M\u00e9dico Auditor<\/td><td class=\"has-text-align-center\" data-align=\"center\">CR<\/td><td class=\"has-text-align-center\" data-align=\"center\">R$ 1.100,00 (por plant\u00e3o)<\/td><\/tr><tr><td class=\"has-text-align-center\" data-align=\"center\">M\u00e9dico Cardiologista Adulto<\/td><td class=\"has-text-align-center\" data-align=\"center\">3 + CR<\/td><td class=\"has-text-align-center\" data-align=\"center\">R$ 1.100,00 (por plant\u00e3o)<\/td><\/tr><tr><td class=\"has-text-align-center\" data-align=\"center\">M\u00e9dico Cardiologista Pedi\u00e1trico<\/td><td class=\"has-text-align-center\" data-align=\"center\">1 + CR<\/td><td class=\"has-text-align-center\" data-align=\"center\">R$ 1.100,00 (por plant\u00e3o)<\/td><\/tr><tr><td class=\"has-text-align-center\" data-align=\"center\">M\u00e9dico Cl\u00ednico Geral \/ Hospitalista<\/td><td class=\"has-text-align-center\" data-align=\"center\">7 + CR<\/td><td class=\"has-text-align-center\" data-align=\"center\">R$ 1.100,00 (por plant\u00e3o)<\/td><\/tr><tr><td class=\"has-text-align-center\" data-align=\"center\">M\u00e9dico Hemoterapeuta \/ Hematologista<\/td><td class=\"has-text-align-center\" data-align=\"center\">CR<\/td><td class=\"has-text-align-center\" data-align=\"center\">R$ 1.100,00 (por plant\u00e3o)<\/td><\/tr><tr><td class=\"has-text-align-center\" data-align=\"center\">M\u00e9dico Infectologista<\/td><td class=\"has-text-align-center\" data-align=\"center\">1 + CR<\/td><td class=\"has-text-align-center\" data-align=\"center\">R$ 1.100,00 (por plant\u00e3o)<\/td><\/tr><tr><td class=\"has-text-align-center\" data-align=\"center\">M\u00e9dico Intensivista Adulto<\/td><td class=\"has-text-align-center\" data-align=\"center\">11 + CR<\/td><td class=\"has-text-align-center\" data-align=\"center\">R$ 1.100,00 (por plant\u00e3o)<\/td><\/tr><tr><td class=\"has-text-align-center\" data-align=\"center\">M\u00e9dico Intensivista Pedi\u00e1trico<\/td><td class=\"has-text-align-center\" data-align=\"center\">2 + CR<\/td><td class=\"has-text-align-center\" data-align=\"center\">R$ 1.100,00 (por plant\u00e3o)<\/td><\/tr><tr><td class=\"has-text-align-center\" data-align=\"center\">M\u00e9dico Neurologista Adulto<\/td><td class=\"has-text-align-center\" data-align=\"center\">2 + CR<\/td><td class=\"has-text-align-center\" data-align=\"center\">R$ 1.100,00 (por plant\u00e3o)<\/td><\/tr><tr><td class=\"has-text-align-center\" data-align=\"center\">M\u00e9dico Neurologista Pedi\u00e1trico<\/td><td class=\"has-text-align-center\" data-align=\"center\">CR<\/td><td class=\"has-text-align-center\" data-align=\"center\">R$ 1.100,00 (por plant\u00e3o)<\/td><\/tr><tr><td class=\"has-text-align-center\" data-align=\"center\">M\u00e9dico Nutr\u00f3logo<\/td><td class=\"has-text-align-center\" data-align=\"center\">CR<\/td><td class=\"has-text-align-center\" data-align=\"center\">R$ 1.100,00 (por plant\u00e3o)<\/td><\/tr><tr><td class=\"has-text-align-center\" data-align=\"center\">M\u00e9dico Obstetra \/ Ginecologia<\/td><td class=\"has-text-align-center\" data-align=\"center\">4 + CR<\/td><td class=\"has-text-align-center\" data-align=\"center\">R$ 1.100,00 (por plant\u00e3o)<\/td><\/tr><tr><td class=\"has-text-align-center\" data-align=\"center\">M\u00e9dico Pediatra<\/td><td class=\"has-text-align-center\" data-align=\"center\">3 + CR<\/td><td class=\"has-text-align-center\" data-align=\"center\">R$ 1.100,00 (por plant\u00e3o)<\/td><\/tr><\/tbody><\/table><\/figure>\n\n\n\n<h3 class=\"wp-block-heading\" id=\"h-etapas-e-provas-do-concurso\">Etapas e provas do concurso<\/h3>\n\n\n\n<p>A sele\u00e7\u00e3o dos candidatos do concurso PB Sa\u00fade foi constitu\u00edda por duas etapas, de acordo com o cargo pretendido, conforme abaixo:<\/p>\n\n\n\n<ol class=\"wp-block-list\">\n<li><strong>Provas Objetivas<\/strong>, de car\u00e1ter eliminat\u00f3rio e classificat\u00f3rio;<\/li>\n\n\n\n<li><strong>Avalia\u00e7\u00e3o de T\u00edtulos<\/strong>, de car\u00e1ter classificat\u00f3rio.<\/li>\n<\/ol>\n\n\n\n<p>A <strong>prova objetiva<\/strong> foi composta por quest\u00f5es de m\u00faltipla escolha, aplicada na cidade de Jo\u00e3o Pessoa\/PB, da seguinte maneira:<\/p>\n\n\n\n<ul class=\"wp-block-list\">\n<li><strong>no per\u00edodo da manh\u00e3<\/strong>: para todos os empregos em concurso de ensino m\u00e9dio b\u00e1sico e t\u00e9cnico;<\/li>\n\n\n\n<li><strong>no per\u00edodo da tarde<\/strong>: para todos os empregos em concurso de ensino superior.<\/li>\n<\/ul>\n\n\n\n<p>A <strong>prova objetiva<\/strong> visou avaliar o grau de conhecimento geral do candidato, bem como a capacidade de an\u00e1lise, entendimento e interpreta\u00e7\u00e3o de informa\u00e7\u00f5es, habilidade de trabalhar com estrutura l\u00f3gica das rela\u00e7\u00f5es, capacidade dedutiva e conhecimentos t\u00e9cnicos espec\u00edficos do respectivo emprego.<\/p>\n\n\n\n<p>A<strong> prova de t\u00edtulos <\/strong>do concurso PB Sa\u00fade visou valorizar a forma\u00e7\u00e3o acad\u00eamica na especialidade do emprego a que concorre e\/ou a experi\u00eancia profissional do candidato na especialidade do emprego que guarde rela\u00e7\u00e3o com as atribui\u00e7\u00f5es da fun\u00e7\u00e3o do emprego a que concorre.<\/p>\n\n\n\n<h2 class=\"wp-block-heading\" id=\"sobre\">Concurso PB Sa\u00fade: conhe\u00e7a a Funda\u00e7\u00e3o <\/h2>\n\n\n\n<p>A PB Sa\u00fade atua de acordo com as normas e diretrizes do Sistema \u00danico de Sa\u00fade (SUS). A Funda\u00e7\u00e3o \u00e9 respons\u00e1vel por executar atividades de gest\u00e3o e presta\u00e7\u00e3o de servi\u00e7os de sa\u00fade, al\u00e9m de praticar a\u00e7\u00f5es, programas e estrat\u00e9gias que venham a ser objeto de determina\u00e7\u00f5es das pol\u00edticas de sa\u00fade emanadas da Secretaria de Estado da Sa\u00fade.<\/p>\n\n\n\n<p>O gerenciamento do \u00f3rg\u00e3o fica a cargo de um Conselho de Administra\u00e7\u00e3o composto por oito membros. Tr\u00eas integrantes constituem a Dire\u00e7\u00e3o Superior e cinco componentes integram o Conselho Fiscal.<\/p>\n\n\n\n<p>Vale destacar que sua cria\u00e7\u00e3o se deu em fevereiro de 2021, cujo ato foi publicado no Di\u00e1rio Oficial do Estado, com o aval do governador Jo\u00e3o Az\u00eavedo. No mesmo m\u00eas, foi aprovada a lei que permitiu&nbsp;a cria\u00e7\u00e3o da entidade. Pouco tempo depois, o governador decretou a cria\u00e7\u00e3o da nova funda\u00e7\u00e3o de sa\u00fade do estado.<\/p>\n\n\n\n<p>A PB Sa\u00fade ter\u00e1 um quadro de pessoal pr\u00f3prio. Portanto, a contrata\u00e7\u00e3o dos servidores dever\u00e1 ser feita atrav\u00e9s de concurso ou processo seletivo simplificado. O quadro de empregos e a estrutura remunerat\u00f3ria ainda ser\u00e3o elaborados pela dire\u00e7\u00e3o superior.<\/p>\n\n\n\n<p class=\"has-text-align-center has-very-light-gray-to-cyan-bluish-gray-gradient-background has-background\"><a href=\"https:\/\/dhg1h5j42swfq.cloudfront.net\/2021\/06\/23103419\/criacao-pb-saude-1-3.pdf\" target=\"_blank\" rel=\"noreferrer noopener nofollow\"><strong>Lei Complementar n\u00ba 157 de 17 de fevereiro de 2020<\/strong><\/a><\/p>\n\n\n\n<hr class=\"wp-block-separator has-css-opacity\"\/>\n\n\n\n<h2 class=\"wp-block-heading has-text-align-center\" id=\"cursos\">Quer saber tudo sobre concursos previstos? <br \/>Confira nossos artigos!<\/h2>\n\n\n\n<ul class=\"wp-block-list\">\n<li><a href=\"https:\/\/www.estrategiaconcursos.com.br\/blog\/concursos-area-da-saude\/\" target=\"_blank\" rel=\"noreferrer noopener\">Concursos Sa\u00fade<\/a><\/li>\n\n\n\n<li><a href=\"https:\/\/www.estrategiaconcursos.com.br\/blog\/concursos-abertos\/\" target=\"_blank\" rel=\"noreferrer noopener\">Concursos abertos<\/a><\/li>\n\n\n\n<li><a href=\"https:\/\/www.estrategiaconcursos.com.br\/blog\/concursos-2025\/\" target=\"_blank\" rel=\"noreferrer noopener\">Concursos 2025<\/a><\/li>\n\n\n\n<li><a href=\"https:\/\/www.estrategiaconcursos.com.br\/blog\/concursos-2026\/\" target=\"_blank\" rel=\"noreferrer noopener\">Concursos 2026<\/a><\/li>\n<\/ul>\n\n\n\n<h2 class=\"wp-block-heading has-text-align-center\" id=\"cursos-e-assinaturas-pb-saude\">Quer estudar para o concurso PB Sa\u00fade?<\/h2>\n\n\n\n<div class=\"container\" id=\"boxes\">\n  <div class=\"row\">\n\n    <div class=\"col-sm\">\n      <div class=\"banner-residencia-medica\" id=\"box-assinatura\">\n        <h3 class=\"titulo-assinatura\">Concurso Funda\u00e7\u00e3o PB Sa\u00fade<\/h3>\n        <p class=\"subtitulo-assinatura\">Prepara\u00e7\u00e3o completa para a \u00e1rea da Sa\u00fade!<\/p>\n        <div class=\"box-botao\">\n          <a class=\"btn-assinatura\" target=\"_blank\" href=\"https:\/\/www.estrategiaconcursos.com.br\/cursosPorConcurso\/fundacao-paraibana-de-gestao-em-saude-pb-saude\/\" rel=\"noopener noreferrer\">COMECE SUA JORNADA<\/a>\n        <\/div>\n      <\/div>\n    \n    <\/div>\n\n  <\/div>\n<\/div>\n\n\n\n<div class=\"container\" id=\"boxes\">\n  <div class=\"row\">\n\n    <div class=\"col-sm\">\n      <div class=\"estrategia\" id=\"box-assinatura\">\n        <h3 class=\"titulo-assinatura\">Assinatura Concursos<\/h3>\n        <p class=\"subtitulo-assinatura\">Assinatura de 1 ano ou 2 anos<\/p>\n        <div class=\"box-botao\">\n          <a class=\"btn-assinatura\" target=\"_blank\" href=\"https:\/\/www.estrategiaconcursos.com.br\/assinaturas\/\" role=\"button\" rel=\"noopener noreferrer\">ASSINE AGORA<\/a>\n        <\/div>\n      <\/div>\n     \n    <\/div><\/div><\/div>\n\n\n\n<figure class=\"wp-block-image\"><img loading=\"lazy\" decoding=\"async\" width=\"300\" height=\"185\" src=\"https:\/\/dhg1h5j42swfq.cloudfront.net\/2021\/04\/01163324\/ficha-tecnica-1-300x185-3.png\" alt=\"Ficha t\u00e9cnica \" class=\"wp-image-706822\"\/><\/figure>\n\n\n\n<h3 class=\"wp-block-heading\" id=\"ficha\">Ficha t\u00e9cnica do concurso PB Sa\u00fade<\/h3>\n\n\n\n<ul class=\"wp-block-list\">\n<li><strong>Provas<\/strong>: 14 e 15\/12\/2024<\/li>\n\n\n\n<li><strong>Vagas<\/strong>: 1.410 + 2.928 CR<\/li>\n\n\n\n<li><strong>Cargos<\/strong>: v\u00e1rios<\/li>\n\n\n\n<li><strong>Banca<\/strong>: IDECAN<\/li>\n\n\n\n<li><strong>Escolaridade<\/strong>: n\u00edveis m\u00e9dio, t\u00e9cnico e superior<\/li>\n\n\n\n<li><strong>Editais 2024<\/strong>: <a href=\"https:\/\/dhg1h5j42swfq.cloudfront.net\/2024\/09\/24163604\/o1jy3gdk7kxamo3nqpcjcix08fefcdbqulnftan4.pdf\" target=\"_blank\" rel=\"noreferrer noopener nofollow\">Edital Adv<\/a> | <a href=\"https:\/\/dhg1h5j42swfq.cloudfront.net\/2024\/09\/24163620\/wpnsbbacnbwglhznmkdcntpeivyijiqjaep4zdih.pdf\" target=\"_blank\" rel=\"noreferrer noopener nofollow\">Edital Adm<\/a> | <a href=\"https:\/\/dhg1h5j42swfq.cloudfront.net\/2024\/09\/24163654\/mbgigtwp44kgow93jbgcubp6e3utvuwpfgywxczw.pdf\" target=\"_blank\" rel=\"noreferrer noopener nofollow\">Edital M\u00e9dicos<\/a> | <a href=\"https:\/\/dhg1h5j42swfq.cloudfront.net\/2024\/09\/24163721\/oayqwg7rvnrm2lwwyndt9v4dsrw5jvczbnizi6kj.pdf\" target=\"_blank\" rel=\"noreferrer noopener nofollow\">Edital Sa\u00fade<\/a><\/li>\n<\/ul>\n","protected":false},"excerpt":{"rendered":"<p>\u00daltimo concurso PB Sa\u00fade ofereceu 4.338 vagas para diversos cargos e iniciais de at\u00e9 R$ 12 mil. Validade segue at\u00e9 2027! O superintendente Jhony Bezerra anunciou a previs\u00e3o de um novo concurso PB Sa\u00fade (Funda\u00e7\u00e3o Paraibana de Gest\u00e3o em Sa\u00fade) para atender \u00e0s demandas dos hospitais que ser\u00e3o entregues e ampliados na Para\u00edba. Em entrevista, [&hellip;]<\/p>\n","protected":false},"author":2134,"featured_media":777115,"comment_status":"open","ping_status":"closed","sticky":false,"template":"","format":"standard","meta":{"post_tipo":"news_page","footnotes":""},"categories":[1981],"tags":[],"tax_estado":[219978],"class_list":["post-722802","post","type-post","status-publish","format-standard","has-post-thumbnail","hentry","category-saude","tax_estado-pb"],"acf":[],"yoast_head":"<!-- This site is optimized with the Yoast SEO Premium plugin v27.2 (Yoast SEO v27.2) - https:\/\/yoast.com\/product\/yoast-seo-premium-wordpress\/ -->\n<title>Concurso PB Sa\u00fade: edital \u00e9 previsto por superintendente!<\/title>\n<meta name=\"description\" content=\"Concurso PB Sa\u00fade pode ter novo edital em breve; \u00faltimo edital est\u00e1 homologado, ofereceu 4.338 vagas e segue vigente at\u00e9 2027\" \/>\n<meta name=\"robots\" content=\"index, follow, max-snippet:-1, max-image-preview:large, max-video-preview:-1\" \/>\n<link rel=\"canonical\" href=\"https:\/\/www.estrategiaconcursos.com.br\/blog\/concurso-pb-saude\/\" \/>\n<meta property=\"og:locale\" content=\"pt_BR\" \/>\n<meta property=\"og:type\" content=\"article\" \/>\n<meta property=\"og:title\" content=\"Concurso PB Sa\u00fade: edital \u00e9 previsto por superintendente!\" \/>\n<meta property=\"og:description\" content=\"Concurso PB Sa\u00fade pode ter novo edital em breve; \u00faltimo edital est\u00e1 homologado, ofereceu 4.338 vagas e segue vigente at\u00e9 2027\" \/>\n<meta property=\"og:url\" content=\"https:\/\/www.estrategiaconcursos.com.br\/blog\/concurso-pb-saude\/\" \/>\n<meta property=\"og:site_name\" content=\"Estrat\u00e9gia Concursos\" \/>\n<meta property=\"article:published_time\" content=\"2025-10-30T20:23:14+00:00\" \/>\n<meta property=\"article:modified_time\" content=\"2025-11-06T20:57:16+00:00\" \/>\n<meta property=\"og:image\" content=\"https:\/\/dhg1h5j42swfq.cloudfront.net\/2021\/06\/25131005\/pb-saude.jpg\" \/>\n\t<meta property=\"og:image:width\" content=\"768\" \/>\n\t<meta property=\"og:image:height\" content=\"432\" \/>\n\t<meta property=\"og:image:type\" content=\"image\/jpeg\" \/>\n<meta name=\"author\" content=\"Rafaela Teixeira\" \/>\n<meta name=\"twitter:card\" content=\"summary_large_image\" \/>\n<meta name=\"twitter:creator\" content=\"@EstratConcursos\" \/>\n<meta name=\"twitter:site\" content=\"@EstratConcursos\" \/>\n<meta name=\"twitter:label1\" content=\"Escrito por\" \/>\n\t<meta name=\"twitter:data1\" content=\"Rafaela Teixeira\" \/>\n\t<meta name=\"twitter:label2\" content=\"Est. tempo de leitura\" \/>\n\t<meta name=\"twitter:data2\" content=\"11 minutos\" \/>\n<script type=\"application\/ld+json\" class=\"yoast-schema-graph\">{\"@context\":\"https:\/\/schema.org\",\"@graph\":[{\"@type\":\"NewsArticle\",\"@id\":\"https:\/\/www.estrategiaconcursos.com.br\/blog\/concurso-pb-saude\/#article\",\"isPartOf\":{\"@id\":\"https:\/\/www.estrategiaconcursos.com.br\/blog\/concurso-pb-saude\/\"},\"author\":{\"name\":\"Rafaela Teixeira\",\"@id\":\"https:\/\/www.estrategiaconcursos.com.br\/blog\/#\/schema\/person\/e75352021ea7f60781c599934f916eb1\"},\"headline\":\"Concurso PB Sa\u00fade: edital \u00e9 previsto por superintendente!\",\"datePublished\":\"2025-10-30T20:23:14+00:00\",\"dateModified\":\"2025-11-06T20:57:16+00:00\",\"mainEntityOfPage\":{\"@id\":\"https:\/\/www.estrategiaconcursos.com.br\/blog\/concurso-pb-saude\/\"},\"wordCount\":2204,\"commentCount\":2,\"publisher\":{\"@id\":\"https:\/\/www.estrategiaconcursos.com.br\/blog\/#organization\"},\"image\":{\"@id\":\"https:\/\/www.estrategiaconcursos.com.br\/blog\/concurso-pb-saude\/#primaryimage\"},\"thumbnailUrl\":\"https:\/\/dhg1h5j42swfq.cloudfront.net\/2021\/06\/25131005\/pb-saude.jpg\",\"articleSection\":[\"Sa\u00fade\"],\"inLanguage\":\"pt-BR\",\"potentialAction\":[{\"@type\":\"CommentAction\",\"name\":\"Comment\",\"target\":[\"https:\/\/www.estrategiaconcursos.com.br\/blog\/concurso-pb-saude\/#respond\"]}],\"copyrightYear\":\"2025\",\"copyrightHolder\":{\"@id\":\"https:\/\/www.estrategiaconcursos.com.br\/blog\/#organization\"}},{\"@type\":\"WebPage\",\"@id\":\"https:\/\/www.estrategiaconcursos.com.br\/blog\/concurso-pb-saude\/\",\"url\":\"https:\/\/www.estrategiaconcursos.com.br\/blog\/concurso-pb-saude\/\",\"name\":\"Concurso PB Sa\u00fade: edital \u00e9 previsto por superintendente!\",\"isPartOf\":{\"@id\":\"https:\/\/www.estrategiaconcursos.com.br\/blog\/#website\"},\"primaryImageOfPage\":{\"@id\":\"https:\/\/www.estrategiaconcursos.com.br\/blog\/concurso-pb-saude\/#primaryimage\"},\"image\":{\"@id\":\"https:\/\/www.estrategiaconcursos.com.br\/blog\/concurso-pb-saude\/#primaryimage\"},\"thumbnailUrl\":\"https:\/\/dhg1h5j42swfq.cloudfront.net\/2021\/06\/25131005\/pb-saude.jpg\",\"datePublished\":\"2025-10-30T20:23:14+00:00\",\"dateModified\":\"2025-11-06T20:57:16+00:00\",\"description\":\"Concurso PB Sa\u00fade pode ter novo edital em breve; \u00faltimo edital est\u00e1 homologado, ofereceu 4.338 vagas e segue vigente at\u00e9 2027\",\"breadcrumb\":{\"@id\":\"https:\/\/www.estrategiaconcursos.com.br\/blog\/concurso-pb-saude\/#breadcrumb\"},\"inLanguage\":\"pt-BR\",\"potentialAction\":[{\"@type\":\"ReadAction\",\"target\":[\"https:\/\/www.estrategiaconcursos.com.br\/blog\/concurso-pb-saude\/\"]}]},{\"@type\":\"ImageObject\",\"inLanguage\":\"pt-BR\",\"@id\":\"https:\/\/www.estrategiaconcursos.com.br\/blog\/concurso-pb-saude\/#primaryimage\",\"url\":\"https:\/\/dhg1h5j42swfq.cloudfront.net\/2021\/06\/25131005\/pb-saude.jpg\",\"contentUrl\":\"https:\/\/dhg1h5j42swfq.cloudfront.net\/2021\/06\/25131005\/pb-saude.jpg\",\"width\":768,\"height\":432,\"caption\":\"PB SAUDE\"},{\"@type\":\"BreadcrumbList\",\"@id\":\"https:\/\/www.estrategiaconcursos.com.br\/blog\/concurso-pb-saude\/#breadcrumb\",\"itemListElement\":[{\"@type\":\"ListItem\",\"position\":1,\"name\":\"In\u00edcio\",\"item\":\"https:\/\/www.estrategiaconcursos.com.br\/blog\/\"},{\"@type\":\"ListItem\",\"position\":2,\"name\":\"Concurso PB Sa\u00fade: edital \u00e9 previsto por superintendente!\"}]},{\"@type\":\"WebSite\",\"@id\":\"https:\/\/www.estrategiaconcursos.com.br\/blog\/#website\",\"url\":\"https:\/\/www.estrategiaconcursos.com.br\/blog\/\",\"name\":\"Estrat\u00e9gia Concursos\",\"description\":\"O blog da Estrat\u00e9gia Concursos traz not\u00edcias sobre concursos e artigos de professores oferecendo cursos para concursos (pdf + videaulas) no site.\",\"publisher\":{\"@id\":\"https:\/\/www.estrategiaconcursos.com.br\/blog\/#organization\"},\"potentialAction\":[{\"@type\":\"SearchAction\",\"target\":{\"@type\":\"EntryPoint\",\"urlTemplate\":\"https:\/\/www.estrategiaconcursos.com.br\/blog\/?s={search_term_string}\"},\"query-input\":{\"@type\":\"PropertyValueSpecification\",\"valueRequired\":true,\"valueName\":\"search_term_string\"}}],\"inLanguage\":\"pt-BR\"},{\"@type\":\"Organization\",\"@id\":\"https:\/\/www.estrategiaconcursos.com.br\/blog\/#organization\",\"name\":\"Estrat\u00e9gia Concursos\",\"url\":\"https:\/\/www.estrategiaconcursos.com.br\/blog\/\",\"logo\":{\"@type\":\"ImageObject\",\"inLanguage\":\"pt-BR\",\"@id\":\"https:\/\/www.estrategiaconcursos.com.br\/blog\/#\/schema\/logo\/image\/\",\"url\":\"https:\/\/dhg1h5j42swfq.cloudfront.net\/2025\/06\/03203428\/logo_concursos-1.jpg\",\"contentUrl\":\"https:\/\/dhg1h5j42swfq.cloudfront.net\/2025\/06\/03203428\/logo_concursos-1.jpg\",\"width\":230,\"height\":60,\"caption\":\"Estrat\u00e9gia Concursos\"},\"image\":{\"@id\":\"https:\/\/www.estrategiaconcursos.com.br\/blog\/#\/schema\/logo\/image\/\"},\"sameAs\":[\"https:\/\/x.com\/EstratConcursos\"]},{\"@type\":\"Person\",\"@id\":\"https:\/\/www.estrategiaconcursos.com.br\/blog\/#\/schema\/person\/e75352021ea7f60781c599934f916eb1\",\"name\":\"Rafaela Teixeira\",\"image\":{\"@type\":\"ImageObject\",\"inLanguage\":\"pt-BR\",\"@id\":\"https:\/\/secure.gravatar.com\/avatar\/8a349a2b22039b1ee88fc06461487c950fd6aa411ea8af8633314b43334ae793?s=96&d=mm&r=g\",\"url\":\"https:\/\/secure.gravatar.com\/avatar\/8a349a2b22039b1ee88fc06461487c950fd6aa411ea8af8633314b43334ae793?s=96&d=mm&r=g\",\"contentUrl\":\"https:\/\/secure.gravatar.com\/avatar\/8a349a2b22039b1ee88fc06461487c950fd6aa411ea8af8633314b43334ae793?s=96&d=mm&r=g\",\"caption\":\"Rafaela Teixeira\"},\"description\":\"Rafaela Teixeira \u00e9 advogada conveniada \u00e0 Defensoria P\u00fablica de S\u00e3o Paulo pela OAB, com experi\u00eancia em reda\u00e7\u00e3o jur\u00eddica e atua\u00e7\u00e3o em institui\u00e7\u00f5es p\u00fablicas, incluindo est\u00e1gio no TRE-SP. Possui mais de 7 anos de experi\u00eancia na produ\u00e7\u00e3o de conte\u00fados voltados ao nicho de concursos p\u00fablicos, com foco em apura\u00e7\u00e3o jornal\u00edstica cont\u00ednua, an\u00e1lise de editais e obten\u00e7\u00e3o de informa\u00e7\u00f5es diretamente junto a \u00f3rg\u00e3os e fontes oficiais. No Blog do Estrat\u00e9gia Concursos, atua como Analista de Conte\u00fado S\u00eanior, respons\u00e1vel pelo jornalismo do per\u00edodo noturno e da madrugada, com atua\u00e7\u00e3o transversal na cobertura de concursos p\u00fablicos, garantindo a continuidade, fluidez e confiabilidade das publica\u00e7\u00f5es e dos bastidores dos certames.\",\"url\":\"https:\/\/www.estrategiaconcursos.com.br\/blog\/author\/rafaela-teixeira\/\"}]}<\/script>\n<!-- \/ Yoast SEO Premium plugin. -->","yoast_head_json":{"title":"Concurso PB Sa\u00fade: edital \u00e9 previsto por superintendente!","description":"Concurso PB Sa\u00fade pode ter novo edital em breve; \u00faltimo edital est\u00e1 homologado, ofereceu 4.338 vagas e segue vigente at\u00e9 2027","robots":{"index":"index","follow":"follow","max-snippet":"max-snippet:-1","max-image-preview":"max-image-preview:large","max-video-preview":"max-video-preview:-1"},"canonical":"https:\/\/www.estrategiaconcursos.com.br\/blog\/concurso-pb-saude\/","og_locale":"pt_BR","og_type":"article","og_title":"Concurso PB Sa\u00fade: edital \u00e9 previsto por superintendente!","og_description":"Concurso PB Sa\u00fade pode ter novo edital em breve; \u00faltimo edital est\u00e1 homologado, ofereceu 4.338 vagas e segue vigente at\u00e9 2027","og_url":"https:\/\/www.estrategiaconcursos.com.br\/blog\/concurso-pb-saude\/","og_site_name":"Estrat\u00e9gia Concursos","article_published_time":"2025-10-30T20:23:14+00:00","article_modified_time":"2025-11-06T20:57:16+00:00","og_image":[{"width":768,"height":432,"url":"https:\/\/dhg1h5j42swfq.cloudfront.net\/2021\/06\/25131005\/pb-saude.jpg","type":"image\/jpeg"}],"author":"Rafaela Teixeira","twitter_card":"summary_large_image","twitter_creator":"@EstratConcursos","twitter_site":"@EstratConcursos","twitter_misc":{"Escrito por":"Rafaela Teixeira","Est. tempo de leitura":"11 minutos"},"schema":{"@context":"https:\/\/schema.org","@graph":[{"@type":"NewsArticle","@id":"https:\/\/www.estrategiaconcursos.com.br\/blog\/concurso-pb-saude\/#article","isPartOf":{"@id":"https:\/\/www.estrategiaconcursos.com.br\/blog\/concurso-pb-saude\/"},"author":{"name":"Rafaela Teixeira","@id":"https:\/\/www.estrategiaconcursos.com.br\/blog\/#\/schema\/person\/e75352021ea7f60781c599934f916eb1"},"headline":"Concurso PB Sa\u00fade: edital \u00e9 previsto por superintendente!","datePublished":"2025-10-30T20:23:14+00:00","dateModified":"2025-11-06T20:57:16+00:00","mainEntityOfPage":{"@id":"https:\/\/www.estrategiaconcursos.com.br\/blog\/concurso-pb-saude\/"},"wordCount":2204,"commentCount":2,"publisher":{"@id":"https:\/\/www.estrategiaconcursos.com.br\/blog\/#organization"},"image":{"@id":"https:\/\/www.estrategiaconcursos.com.br\/blog\/concurso-pb-saude\/#primaryimage"},"thumbnailUrl":"https:\/\/dhg1h5j42swfq.cloudfront.net\/2021\/06\/25131005\/pb-saude.jpg","articleSection":["Sa\u00fade"],"inLanguage":"pt-BR","potentialAction":[{"@type":"CommentAction","name":"Comment","target":["https:\/\/www.estrategiaconcursos.com.br\/blog\/concurso-pb-saude\/#respond"]}],"copyrightYear":"2025","copyrightHolder":{"@id":"https:\/\/www.estrategiaconcursos.com.br\/blog\/#organization"}},{"@type":"WebPage","@id":"https:\/\/www.estrategiaconcursos.com.br\/blog\/concurso-pb-saude\/","url":"https:\/\/www.estrategiaconcursos.com.br\/blog\/concurso-pb-saude\/","name":"Concurso PB Sa\u00fade: edital \u00e9 previsto por superintendente!","isPartOf":{"@id":"https:\/\/www.estrategiaconcursos.com.br\/blog\/#website"},"primaryImageOfPage":{"@id":"https:\/\/www.estrategiaconcursos.com.br\/blog\/concurso-pb-saude\/#primaryimage"},"image":{"@id":"https:\/\/www.estrategiaconcursos.com.br\/blog\/concurso-pb-saude\/#primaryimage"},"thumbnailUrl":"https:\/\/dhg1h5j42swfq.cloudfront.net\/2021\/06\/25131005\/pb-saude.jpg","datePublished":"2025-10-30T20:23:14+00:00","dateModified":"2025-11-06T20:57:16+00:00","description":"Concurso PB Sa\u00fade pode ter novo edital em breve; \u00faltimo edital est\u00e1 homologado, ofereceu 4.338 vagas e segue vigente at\u00e9 2027","breadcrumb":{"@id":"https:\/\/www.estrategiaconcursos.com.br\/blog\/concurso-pb-saude\/#breadcrumb"},"inLanguage":"pt-BR","potentialAction":[{"@type":"ReadAction","target":["https:\/\/www.estrategiaconcursos.com.br\/blog\/concurso-pb-saude\/"]}]},{"@type":"ImageObject","inLanguage":"pt-BR","@id":"https:\/\/www.estrategiaconcursos.com.br\/blog\/concurso-pb-saude\/#primaryimage","url":"https:\/\/dhg1h5j42swfq.cloudfront.net\/2021\/06\/25131005\/pb-saude.jpg","contentUrl":"https:\/\/dhg1h5j42swfq.cloudfront.net\/2021\/06\/25131005\/pb-saude.jpg","width":768,"height":432,"caption":"PB SAUDE"},{"@type":"BreadcrumbList","@id":"https:\/\/www.estrategiaconcursos.com.br\/blog\/concurso-pb-saude\/#breadcrumb","itemListElement":[{"@type":"ListItem","position":1,"name":"In\u00edcio","item":"https:\/\/www.estrategiaconcursos.com.br\/blog\/"},{"@type":"ListItem","position":2,"name":"Concurso PB Sa\u00fade: edital \u00e9 previsto por superintendente!"}]},{"@type":"WebSite","@id":"https:\/\/www.estrategiaconcursos.com.br\/blog\/#website","url":"https:\/\/www.estrategiaconcursos.com.br\/blog\/","name":"Estrat\u00e9gia Concursos","description":"O blog da Estrat\u00e9gia Concursos traz not\u00edcias sobre concursos e artigos de professores oferecendo cursos para concursos (pdf + videaulas) no site.","publisher":{"@id":"https:\/\/www.estrategiaconcursos.com.br\/blog\/#organization"},"potentialAction":[{"@type":"SearchAction","target":{"@type":"EntryPoint","urlTemplate":"https:\/\/www.estrategiaconcursos.com.br\/blog\/?s={search_term_string}"},"query-input":{"@type":"PropertyValueSpecification","valueRequired":true,"valueName":"search_term_string"}}],"inLanguage":"pt-BR"},{"@type":"Organization","@id":"https:\/\/www.estrategiaconcursos.com.br\/blog\/#organization","name":"Estrat\u00e9gia Concursos","url":"https:\/\/www.estrategiaconcursos.com.br\/blog\/","logo":{"@type":"ImageObject","inLanguage":"pt-BR","@id":"https:\/\/www.estrategiaconcursos.com.br\/blog\/#\/schema\/logo\/image\/","url":"https:\/\/dhg1h5j42swfq.cloudfront.net\/2025\/06\/03203428\/logo_concursos-1.jpg","contentUrl":"https:\/\/dhg1h5j42swfq.cloudfront.net\/2025\/06\/03203428\/logo_concursos-1.jpg","width":230,"height":60,"caption":"Estrat\u00e9gia Concursos"},"image":{"@id":"https:\/\/www.estrategiaconcursos.com.br\/blog\/#\/schema\/logo\/image\/"},"sameAs":["https:\/\/x.com\/EstratConcursos"]},{"@type":"Person","@id":"https:\/\/www.estrategiaconcursos.com.br\/blog\/#\/schema\/person\/e75352021ea7f60781c599934f916eb1","name":"Rafaela Teixeira","image":{"@type":"ImageObject","inLanguage":"pt-BR","@id":"https:\/\/secure.gravatar.com\/avatar\/8a349a2b22039b1ee88fc06461487c950fd6aa411ea8af8633314b43334ae793?s=96&d=mm&r=g","url":"https:\/\/secure.gravatar.com\/avatar\/8a349a2b22039b1ee88fc06461487c950fd6aa411ea8af8633314b43334ae793?s=96&d=mm&r=g","contentUrl":"https:\/\/secure.gravatar.com\/avatar\/8a349a2b22039b1ee88fc06461487c950fd6aa411ea8af8633314b43334ae793?s=96&d=mm&r=g","caption":"Rafaela Teixeira"},"description":"Rafaela Teixeira \u00e9 advogada conveniada \u00e0 Defensoria P\u00fablica de S\u00e3o Paulo pela OAB, com experi\u00eancia em reda\u00e7\u00e3o jur\u00eddica e atua\u00e7\u00e3o em institui\u00e7\u00f5es p\u00fablicas, incluindo est\u00e1gio no TRE-SP. Possui mais de 7 anos de experi\u00eancia na produ\u00e7\u00e3o de conte\u00fados voltados ao nicho de concursos p\u00fablicos, com foco em apura\u00e7\u00e3o jornal\u00edstica cont\u00ednua, an\u00e1lise de editais e obten\u00e7\u00e3o de informa\u00e7\u00f5es diretamente junto a \u00f3rg\u00e3os e fontes oficiais. No Blog do Estrat\u00e9gia Concursos, atua como Analista de Conte\u00fado S\u00eanior, respons\u00e1vel pelo jornalismo do per\u00edodo noturno e da madrugada, com atua\u00e7\u00e3o transversal na cobertura de concursos p\u00fablicos, garantindo a continuidade, fluidez e confiabilidade das publica\u00e7\u00f5es e dos bastidores dos certames.","url":"https:\/\/www.estrategiaconcursos.com.br\/blog\/author\/rafaela-teixeira\/"}]}},"_links":{"self":[{"href":"https:\/\/www.estrategiaconcursos.com.br\/blog\/wp-json\/wp\/v2\/posts\/722802","targetHints":{"allow":["GET"]}}],"collection":[{"href":"https:\/\/www.estrategiaconcursos.com.br\/blog\/wp-json\/wp\/v2\/posts"}],"about":[{"href":"https:\/\/www.estrategiaconcursos.com.br\/blog\/wp-json\/wp\/v2\/types\/post"}],"author":[{"embeddable":true,"href":"https:\/\/www.estrategiaconcursos.com.br\/blog\/wp-json\/wp\/v2\/users\/2134"}],"replies":[{"embeddable":true,"href":"https:\/\/www.estrategiaconcursos.com.br\/blog\/wp-json\/wp\/v2\/comments?post=722802"}],"version-history":[{"count":150,"href":"https:\/\/www.estrategiaconcursos.com.br\/blog\/wp-json\/wp\/v2\/posts\/722802\/revisions"}],"predecessor-version":[{"id":1666689,"href":"https:\/\/www.estrategiaconcursos.com.br\/blog\/wp-json\/wp\/v2\/posts\/722802\/revisions\/1666689"}],"wp:featuredmedia":[{"embeddable":true,"href":"https:\/\/www.estrategiaconcursos.com.br\/blog\/wp-json\/wp\/v2\/media\/777115"}],"wp:attachment":[{"href":"https:\/\/www.estrategiaconcursos.com.br\/blog\/wp-json\/wp\/v2\/media?parent=722802"}],"wp:term":[{"taxonomy":"category","embeddable":true,"href":"https:\/\/www.estrategiaconcursos.com.br\/blog\/wp-json\/wp\/v2\/categories?post=722802"},{"taxonomy":"post_tag","embeddable":true,"href":"https:\/\/www.estrategiaconcursos.com.br\/blog\/wp-json\/wp\/v2\/tags?post=722802"},{"taxonomy":"tax_estado","embeddable":true,"href":"https:\/\/www.estrategiaconcursos.com.br\/blog\/wp-json\/wp\/v2\/tax_estado?post=722802"}],"curies":[{"name":"wp","href":"https:\/\/api.w.org\/{rel}","templated":true}]}}