{"id":722552,"date":"2025-09-25T11:24:00","date_gmt":"2025-09-25T14:24:00","guid":{"rendered":"https:\/\/www.estrategiaconcursos.com.br\/blog\/?p=722552"},"modified":"2025-12-12T08:56:12","modified_gmt":"2025-12-12T11:56:12","slug":"concurso-mp-mt","status":"publish","type":"post","link":"https:\/\/www.estrategiaconcursos.com.br\/blog\/concurso-mp-mt\/","title":{"rendered":"Concurso MP MT: \u00f3rg\u00e3o conta com 113 cargos vagos!"},"content":{"rendered":"<p><center><a id=\"cta-icon\" href=\"https:\/\/sndflw.com\/i\/mpmt-grupo\" target=\"_blank\" style=\"background:#29a61a; display:inline-flex; align-items:center; padding:10px 15px; border-radius:6px; color:#fff; text-decoration:none; font-weight:500; font-size:15px;\"><img decoding=\"async\" src=\"https:\/\/dhg1h5j42swfq.cloudfront.net\/2023\/12\/07154107\/whatsapp_13851.png\" alt=\"\" style=\"width:20px; height:20px; margin-right:8px;\"><span>Acesse agora o Grupo de Estudos para o Concurso MP MT<\/span><\/a><\/center><\/p>\n\n\n\n<p>O <strong><a href=\"https:\/\/www.estrategiaconcursos.com.br\/\" target=\"_blank\" rel=\"noreferrer noopener\">Minist\u00e9rio P\u00fablico do Estado de Mato Grosso (MP MT)<\/a><\/strong> acumula <strong>113 cargos vagos<\/strong> e h\u00e1 especula\u00e7\u00e3o de edital este ano &#8211; 2025!<\/p>\n\n\n\n<p>De acordo com o \u00f3rg\u00e3o, uma nova sele\u00e7\u00e3o est\u00e1 em fase de estudo e a realiza\u00e7\u00e3o do certame est\u00e1 condicionada \u00e0 manuten\u00e7\u00e3o dos \u00edndices de arrecada\u00e7\u00e3o do estado.<\/p>\n\n\n\n<p>A promotora de Justi\u00e7a, coordenadora do programa de qualidade de vida no trabalho, Claire Vogel Dutra, refor\u00e7ou que o concurso deve ser regionalizado para efetivamente beneficiar os moradores locais e evitar poss\u00edvel evas\u00e3o dos efetivos para Cuiab\u00e1.<\/p>\n\n\n\n<ul id=\"block-ee678516-e9d1-48bd-b327-7b9acd55f0fd\" class=\"wp-block-list has-vivid-green-cyan-background-color has-background\">\n<li><strong>Concurso MP MT<\/strong><\/li>\n\n\n\n<li><strong>Status:<\/strong>&nbsp;em estudos<\/li>\n\n\n\n<li><strong>Banca:&nbsp;<\/strong>a definir<\/li>\n\n\n\n<li><strong>Vagas:&nbsp;<\/strong>113 (vagos)<\/li>\n\n\n\n<li><strong>Sal\u00e1rio inicial:<\/strong>&nbsp;at\u00e9 R$ 23.861,94<\/li>\n\n\n\n<li><strong>\u00daltimo edital:<\/strong> <a href=\"https:\/\/dhg1h5j42swfq.cloudfront.net\/2021\/04\/24102013\/mp-mt-2012.pdf\" target=\"_blank\" rel=\"noreferrer noopener\">MP MT 2012<\/a><\/li>\n<\/ul>\n\n\n\n<div class=\"container\" id=\"boxes\">\n  <div class=\"row\">\n\n    <div class=\"col-sm\">\n      <div class=\"banner-tribunal\" id=\"box-assinatura\">\n        <h3 class=\"titulo-assinatura\">Cursos para MP-MT<\/h3>\n        <p class=\"subtitulo-assinatura\">Conhe\u00e7a os cursos<\/p>\n        <div class=\"box-botao\">\n          <a class=\"btn-assinatura\" target=\"_blank\" href=\"https:\/\/www.estrategiaconcursos.com.br\/pesquisa\/?q=MP+MT\" role=\"button\" rel=\"noopener noreferrer\">Conhe\u00e7a mais<\/a>\n        <\/div>\n      <\/div>\n      <p class=\"texto-auxiliar\">Prepare-se com o melhor material e com quem mais aprova em Concursos P\u00fablicos em todo o pa\u00eds.<\/p>\n    <\/div>\n\n  <\/div>\n<\/div>\n\n\n\n<ul class=\"wp-block-list\">\n<li><a href=\"#atual\">Situa\u00e7\u00e3o atual do concurso<\/a>\n<ul class=\"wp-block-list\">\n<li><a href=\"#apuracao\">Apura\u00e7\u00e3o<\/a><\/li>\n\n\n\n<li><a href=\"#h-cargos-vagos-2025\">Cargos vagos<\/a><\/li>\n\n\n\n<li><a href=\"#h-previsto-para-2022\">Previsto para 2022<\/a><\/li>\n<\/ul>\n<\/li>\n\n\n\n<li><a href=\"#carreira\">Carreira<\/a>\n<ul class=\"wp-block-list\">\n<li><a href=\"#vagos\">Cargos Vagos<\/a><\/li>\n\n\n\n<li><a href=\"#salario\">Sal\u00e1rios e Benef\u00edcios<\/a><\/li>\n<\/ul>\n<\/li>\n\n\n\n<li><a href=\"#ultimo\">\u00daltimo concurso<\/a>\n<ul class=\"wp-block-list\">\n<li><a href=\"#ETAPA\">Etapas do \u00faltimo concurso<\/a><\/li>\n<\/ul>\n<\/li>\n\n\n\n<li><a href=\"#curso\">Cursos e Assinaturas <\/a><\/li>\n\n\n\n<li><a href=\"#ficha\">Ficha T\u00e9cnica<\/a><\/li>\n<\/ul>\n\n\n\n<h2 class=\"wp-block-heading\" id=\"atual\">Concurso MP MT: situa\u00e7\u00e3o atual<\/h2>\n\n\n\n<h3 class=\"wp-block-heading\" id=\"h-apuracao\">Apura\u00e7\u00e3o <\/h3>\n\n\n\n<p>No fim de agosto de 2025 o time da Coruja recebeu a seguinte informa\u00e7\u00e3o:<\/p>\n\n\n\n<figure class=\"wp-block-image aligncenter size-full\"><img loading=\"lazy\" decoding=\"async\" width=\"753\" height=\"509\" src=\"https:\/\/dhg1h5j42swfq.cloudfront.net\/2025\/08\/01083309\/mpmt.png\" alt=\"\" class=\"wp-image-1631525\" srcset=\"https:\/\/dhg1h5j42swfq.cloudfront.net\/2025\/08\/01083309\/mpmt.png 753w, https:\/\/dhg1h5j42swfq.cloudfront.net\/2025\/08\/01083309\/mpmt-300x203.png 300w, https:\/\/dhg1h5j42swfq.cloudfront.net\/2025\/08\/01083309\/mpmt-150x101.png 150w\" sizes=\"auto, (max-width: 753px) 100vw, 753px\" \/><\/figure>\n\n\n\n<h3 class=\"wp-block-heading\" id=\"h-cargos-vagos-em-2025\">Cargos vagos em 2025<\/h3>\n\n\n\n<p>Confira a distribui\u00e7\u00e3o de cargos vagos no \u00f3rg\u00e3o:<\/p>\n\n\n\n<figure class=\"wp-block-table is-style-stripes\"><table class=\"has-vivid-green-cyan-background-color has-background has-fixed-layout\"><thead><tr><th>Cargos<\/th><th class=\"has-text-align-center\" data-align=\"center\">Vagas<\/th><\/tr><\/thead><tbody><tr><td>ADMINISTRADOR<\/td><td class=\"has-text-align-center\" data-align=\"center\">4<\/td><\/tr><tr><td>ANALISTA CONTADOR<\/td><td class=\"has-text-align-center\" data-align=\"center\">1<\/td><\/tr><tr><td>ANALISTA DE SISTEMA<\/td><td class=\"has-text-align-center\" data-align=\"center\">1<\/td><\/tr><tr><td>ANALISTA JURIDICO<\/td><td class=\"has-text-align-center\" data-align=\"center\">1<\/td><\/tr><tr><td>ANALISTA PEDAGOGICO<\/td><td class=\"has-text-align-center\" data-align=\"center\">1<\/td><\/tr><tr><td>ASSISTENTE SOCIAL<\/td><td class=\"has-text-align-center\" data-align=\"center\">1<\/td><\/tr><tr><td>AUXILIAR DE AGENTE ADMINISTRATIVO<\/td><td class=\"has-text-align-center\" data-align=\"center\">3<\/td><\/tr><tr><td>ECONOMISTA<\/td><td class=\"has-text-align-center\" data-align=\"center\">1<\/td><\/tr><tr><td>ENGENHEIRO SANITARISTA<\/td><td class=\"has-text-align-center\" data-align=\"center\">1<\/td><\/tr><tr><td>JORNALISTA<\/td><td class=\"has-text-align-center\" data-align=\"center\">3<\/td><\/tr><tr><td>LETRAS<\/td><td class=\"has-text-align-center\" data-align=\"center\">2<\/td><\/tr><tr><td>PSICOLOGO<\/td><td class=\"has-text-align-center\" data-align=\"center\">2<\/td><\/tr><tr><td>T\u00c3\u0089CNICO ADMINISTRATIVO<\/td><td class=\"has-text-align-center\" data-align=\"center\">92<\/td><\/tr><\/tbody><\/table><figcaption class=\"wp-element-caption\">Cargos vagos no MP MT<\/figcaption><\/figure>\n\n\n\n<h3 class=\"wp-block-heading\" id=\"h-previsto-para-2022\">Previsto para 2022<\/h3>\n\n\n\n<p>O procurador-geral de Justi\u00e7a do Mato Grosso, Jos\u00e9 Ant\u00f4nio Borges Pereira, divulgou na reuni\u00e3o virtual de integra\u00e7\u00e3o do programa \u201cVida Plena \u2013 MPMT pensando em voc\u00ea\u201d que pretende realizar um novo concurso MP MT para servidores em 2022. <\/p>\n\n\n\n<h2 class=\"wp-block-heading\" id=\"carreira\">Carreira no MP MT<\/h2>\n\n\n\n<h3 class=\"wp-block-heading\" id=\"vagos\">Cargos vagos<\/h3>\n\n\n\n<figure class=\"wp-block-table is-style-stripes\"><table class=\"has-vivid-green-cyan-background-color has-background\"><tbody><tr><td>CARGOS<\/td><td>EXISTENTES <\/td><td>OCUPADOS <\/td><td>VAGOS<\/td><\/tr><tr><td>ADMINISTRADOR<\/td><td>4<\/td><td>0<\/td><td>4<\/td><\/tr><tr><td>AGENTE DE SERVICOS GERAIS<\/td><td>1<\/td><td>0<\/td><td>1<\/td><\/tr><tr><td>ANALISTA CONTADOR<\/td><td>17<\/td><td>17<\/td><td>0<\/td><\/tr><tr><td>ANALISTA DE SISTEMA<\/td><td>12<\/td><td>10<\/td><td>2<\/td><\/tr><tr><td>ANALISTA GEOLOGO<\/td><td>1<\/td><td>1<\/td><td>0<\/td><\/tr><tr><td>ANALISTA JURIDICO<\/td><td>26<\/td><td>26<\/td><td>0<\/td><\/tr><tr><td>ANALISTA PEDAGOGICO<\/td><td>1<\/td><td>0<\/td><td>1<\/td><\/tr><tr><td>ASSISTENTE SOCIAL<\/td><td>18<\/td><td>17<\/td><td>1<\/td><\/tr><tr><td>AUXILIAR DE AGENTE ADMINISTRATIVO<\/td><td>24<\/td><td>24<\/td><td>0<\/td><\/tr><tr><td>BIBLIOTECARIO<\/td><td>1<\/td><td>1<\/td><td>0<\/td><\/tr><tr><td>ECONOMISTA<\/td><td>2<\/td><td>1<\/td><td>1<\/td><\/tr><tr><td>ENGENHEIRO CIVIL<\/td><td>4<\/td><td>4<\/td><td>0<\/td><\/tr><tr><td>ENGENHEIRO FLORESTAL<\/td><td>1<\/td><td>1<\/td><td>0<\/td><\/tr><tr><td>ENGENHEIRO SANITARISTA<\/td><td>2<\/td><td>1<\/td><td>1<\/td><\/tr><tr><td>JORNALISTA<\/td><td>3<\/td><td>0<\/td><td>3<\/td><\/tr><tr><td>LETRAS<\/td><td>2<\/td><td>0<\/td><td>2<\/td><\/tr><tr><td>MOTORISTA<\/td><td>10<\/td><td>4<\/td><td>6<\/td><\/tr><tr><td>PSICOLOGO<\/td><td>2<\/td><td>0<\/td><td>2<\/td><\/tr><tr><td>TEC. ADMINISTRATIVO<\/td><td>381<\/td><td>309<\/td><td>72<\/td><\/tr><\/tbody><\/table><figcaption class=\"wp-element-caption\">Tabela de cargos vagos<\/figcaption><\/figure>\n\n\n\n<h3 class=\"wp-block-heading\" id=\"salario\">Sal\u00e1rios e Benef\u00edcios <\/h3>\n\n\n\n<h4 class=\"wp-block-heading\" id=\"h-nivel-superior-e-medio\">N\u00edvel superior e m\u00e9dio<\/h4>\n\n\n\n<figure class=\"wp-block-image aligncenter size-large is-resized\"><img loading=\"lazy\" decoding=\"async\" width=\"625\" height=\"531\" src=\"https:\/\/dhg1h5j42swfq.cloudfront.net\/2021\/04\/24101221\/image-178.png\" alt=\"Tabela remunerat\u00f3ria dos cargos do MP MT\" class=\"wp-image-722612\" srcset=\"https:\/\/dhg1h5j42swfq.cloudfront.net\/2021\/04\/24101221\/image-178.png 625w, https:\/\/dhg1h5j42swfq.cloudfront.net\/2021\/04\/24101221\/image-178-300x255.png 300w, https:\/\/dhg1h5j42swfq.cloudfront.net\/2021\/04\/24101221\/image-178-610x518.png 610w\" sizes=\"auto, (max-width: 625px) 100vw, 625px\" \/><\/figure>\n\n\n\n<figure class=\"wp-block-image aligncenter size-large is-resized\"><img loading=\"lazy\" decoding=\"async\" width=\"588\" height=\"541\" src=\"https:\/\/dhg1h5j42swfq.cloudfront.net\/2021\/04\/24101328\/image-179.png\" alt=\"Tabela remunerat\u00f3ria dos cargos do MP MT\" class=\"wp-image-722617\" srcset=\"https:\/\/dhg1h5j42swfq.cloudfront.net\/2021\/04\/24101328\/image-179.png 588w, https:\/\/dhg1h5j42swfq.cloudfront.net\/2021\/04\/24101328\/image-179-300x276.png 300w\" sizes=\"auto, (max-width: 588px) 100vw, 588px\" \/><\/figure>\n\n\n\n<figure class=\"wp-block-image aligncenter size-large is-resized\"><img loading=\"lazy\" decoding=\"async\" width=\"574\" height=\"573\" src=\"https:\/\/dhg1h5j42swfq.cloudfront.net\/2021\/04\/24101425\/image-180.png\" alt=\"Tabela remunerat\u00f3ria dos cargos do MP MT\" class=\"wp-image-722618\" srcset=\"https:\/\/dhg1h5j42swfq.cloudfront.net\/2021\/04\/24101425\/image-180.png 574w, https:\/\/dhg1h5j42swfq.cloudfront.net\/2021\/04\/24101425\/image-180-300x300.png 300w, https:\/\/dhg1h5j42swfq.cloudfront.net\/2021\/04\/24101425\/image-180-150x150.png 150w\" sizes=\"auto, (max-width: 574px) 100vw, 574px\" \/><\/figure>\n\n\n\n<hr class=\"wp-block-separator has-alpha-channel-opacity\"\/>\n\n\n\n<h2 class=\"wp-block-heading\" id=\"ULTIMO\">\u00daltimo concurso MP MT<\/h2>\n\n\n\n<p>Organizado pela Universidade Federal do Mato Grosso, o \u00faltimo Concurso MP MT foi realizado em <strong>2012<\/strong>, com a oferta de <strong>64 vagas<\/strong>, a maioria para T\u00e9cnico Administrativo (40 vagas de N\u00edvel M\u00e9dio), com remunera\u00e7\u00e3o, \u00e0 \u00e9poca, de R$ 3.000,00.<\/p>\n\n\n\n<p>Tamb\u00e9m foram oferecidas vagas para os cargos de n\u00edvel superior como os de: Assistente Social (10 vagas), Analista de Sistemas (3 vagas); Engenheiro Civil e Contador (2 vagas, cada); Engenheiro Florestal (1), Ge\u00f3logo e Bibliotec\u00e1rio (1 vaga). J\u00e1 para o n\u00edvel fundamental, as \u00fanicas vagas abertas foram para a \u00e1rea de Motorista (4 vagas).<\/p>\n\n\n\n<h2 class=\"wp-block-heading\" id=\"ETAPA\">Etapas do \u00faltimo concurso MP MT<\/h2>\n\n\n\n<p>O conte\u00fado program\u00e1tico do Concurso MP MT de 2012 foi dividido de acordo com a escolaridade. Al\u00e9m disso, para a \u00e1rea de Analista de Sistema, tamb\u00e9m houve uma diferencia\u00e7\u00e3o em rela\u00e7\u00e3o ao conte\u00fado program\u00e1tico. Confira abaixo:<\/p>\n\n\n\n<figure class=\"wp-block-image aligncenter size-large is-resized\"><img loading=\"lazy\" decoding=\"async\" width=\"675\" height=\"596\" src=\"https:\/\/dhg1h5j42swfq.cloudfront.net\/2021\/04\/24101627\/image-181.png\" alt=\"Tabela de detalhes da prova objetiva do \u00faltimo edita MP MT\" class=\"wp-image-722625\" srcset=\"https:\/\/dhg1h5j42swfq.cloudfront.net\/2021\/04\/24101627\/image-181.png 675w, https:\/\/dhg1h5j42swfq.cloudfront.net\/2021\/04\/24101627\/image-181-300x265.png 300w, https:\/\/dhg1h5j42swfq.cloudfront.net\/2021\/04\/24101627\/image-181-610x539.png 610w\" sizes=\"auto, (max-width: 675px) 100vw, 675px\" \/><\/figure>\n\n\n\n<h2 class=\"wp-block-heading has-text-align-center\" id=\"h-quer-saber-tudo-sobre-concursos-previstos-confira-nossos-artigos\">Quer saber tudo sobre concursos previstos?<br \/>Confira nossos artigos!<\/h2>\n\n\n\n<ul class=\"wp-block-list\">\n<li><a href=\"https:\/\/www.estrategiaconcursos.com.br\/blog\/concursos-abertos\/\" target=\"_blank\" rel=\"noreferrer noopener\">Concursos abertos<\/a><\/li>\n\n\n\n<li><a href=\"https:\/\/www.estrategiaconcursos.com.br\/blog\/concursos-mp\/\">Concursos MP<\/a><\/li>\n\n\n\n<li><a href=\"https:\/\/www.estrategiaconcursos.com.br\/blog\/concursos-2025\" target=\"_blank\" rel=\"noreferrer noopener\">Concursos 2025<\/a><\/li>\n\n\n\n<li><a href=\"https:\/\/www.estrategiaconcursos.com.br\/blog\/concursos-2026\/\">Concursos 2026<\/a><\/li>\n<\/ul>\n\n\n\n<h2 class=\"wp-block-heading has-text-align-center\" id=\"curso\">Cursos para concurso MP MT<\/h2>\n\n\n\n<div class=\"container\" id=\"boxes\">\n  <div class=\"row\">\n\n    <div class=\"col-sm\">\n      <div class=\"banner-tribunal\" id=\"box-assinatura\">\n        <h3 class=\"titulo-assinatura\">Cursos para MP-MT<\/h3>\n        <p class=\"subtitulo-assinatura\">Conhe\u00e7a os cursos<\/p>\n        <div class=\"box-botao\">\n          <a class=\"btn-assinatura\" target=\"_blank\" href=\"https:\/\/www.estrategiaconcursos.com.br\/pesquisa\/?q=MP+MT\" role=\"button\" rel=\"noopener noreferrer\">Conhe\u00e7a mais<\/a>\n        <\/div>\n      <\/div>\n      <p class=\"texto-auxiliar\">Prepare-se com o melhor material e com quem mais aprova em Concursos P\u00fablicos em todo o pa\u00eds.<\/p>\n    <\/div>\n\n  <\/div>\n<\/div>\n\n\n\n<div class=\"container\" id=\"boxes\">\n  <div class=\"row\">\n\n    <div class=\"col-sm\">\n      <div class=\"estrategia\" id=\"box-assinatura\">\n        <h3 class=\"titulo-assinatura\">Assinatura Concursos<\/h3>\n        <p class=\"subtitulo-assinatura\">Assinatura de 1 ano ou 2 anos<\/p>\n        <div class=\"box-botao\">\n          <a class=\"btn-assinatura\" target=\"_blank\" href=\"https:\/\/www.estrategiaconcursos.com.br\/assinaturas\/\" role=\"button\" rel=\"noopener noreferrer\">ASSINE AGORA<\/a>\n        <\/div>\n      <\/div>\n     \n    <\/div><\/div><\/div>\n\n\n\n<figure class=\"wp-block-image size-large is-resized\"><img loading=\"lazy\" decoding=\"async\" width=\"1024\" height=\"632\" src=\"https:\/\/dhg1h5j42swfq.cloudfront.net\/2021\/04\/06114644\/ficha-tecnica-63-1024x632.png\" alt=\"\" class=\"wp-image-708378\" style=\"width:142px;height:88px\" srcset=\"https:\/\/dhg1h5j42swfq.cloudfront.net\/2021\/04\/06114644\/ficha-tecnica-63-1024x632.png 1024w, https:\/\/dhg1h5j42swfq.cloudfront.net\/2021\/04\/06114644\/ficha-tecnica-63-300x185.png 300w, https:\/\/dhg1h5j42swfq.cloudfront.net\/2021\/04\/06114644\/ficha-tecnica-63-768x474.png 768w, https:\/\/dhg1h5j42swfq.cloudfront.net\/2021\/04\/06114644\/ficha-tecnica-63-1536x948.png 1536w, https:\/\/dhg1h5j42swfq.cloudfront.net\/2021\/04\/06114644\/ficha-tecnica-63-610x377.png 610w, https:\/\/dhg1h5j42swfq.cloudfront.net\/2021\/04\/06114644\/ficha-tecnica-63.png 1571w\" sizes=\"auto, (max-width: 1024px) 100vw, 1024px\" \/><\/figure>\n\n\n\n<h4 class=\"wp-block-heading\" id=\"ficha\">Informa\u00e7\u00f5es sobre o pr\u00f3ximo concurso MP MT<\/h4>\n\n\n\n<p><br \/>\u25ba<strong>Vagas<\/strong>: A definir<br \/>\u25ba<strong>Cargos<\/strong>: A definir<br \/>\u25ba<strong>Escolaridade<\/strong>: n\u00edvel m\u00e9dio e superior<br \/>\u25ba<strong>Banca<\/strong>: A definir<br \/>\u25ba<strong>\u00daltimo edital: <\/strong><a href=\"https:\/\/dhg1h5j42swfq.cloudfront.net\/2021\/04\/24102013\/mp-mt-2012.pdf\" target=\"_blank\" rel=\"noreferrer noopener nofollow\">MP MT 2012<\/a><\/p>\n","protected":false},"excerpt":{"rendered":"<p>O Minist\u00e9rio P\u00fablico do Estado de Mato Grosso (MP MT) acumula 113 cargos vagos e h\u00e1 especula\u00e7\u00e3o de edital este ano &#8211; 2025! De acordo com o \u00f3rg\u00e3o, uma nova sele\u00e7\u00e3o est\u00e1 em fase de estudo e a realiza\u00e7\u00e3o do certame est\u00e1 condicionada \u00e0 manuten\u00e7\u00e3o dos \u00edndices de arrecada\u00e7\u00e3o do estado. A promotora de Justi\u00e7a, [&hellip;]<\/p>\n","protected":false},"author":1,"featured_media":1061813,"comment_status":"open","ping_status":"closed","sticky":false,"template":"","format":"standard","meta":{"post_tipo":"news_page","footnotes":""},"categories":[1984],"tags":[],"tax_estado":[219976],"class_list":["post-722552","post","type-post","status-publish","format-standard","has-post-thumbnail","hentry","category-tribunais","tax_estado-mt"],"acf":[],"yoast_head":"<!-- This site is optimized with the Yoast SEO Premium plugin v27.2 (Yoast SEO v27.2) - https:\/\/yoast.com\/product\/yoast-seo-premium-wordpress\/ -->\n<title>Concurso MP MT: \u00f3rg\u00e3o conta com 113 cargos vagos!<\/title>\n<meta name=\"description\" content=\"Um novo concurso MP MT para servidores est\u00e1 em estudos e pode acontecer em 2025. Atualmente, existem 113 vac\u00e2ncias!\" \/>\n<meta name=\"robots\" content=\"index, follow, max-snippet:-1, max-image-preview:large, max-video-preview:-1\" \/>\n<link rel=\"canonical\" href=\"https:\/\/www.estrategiaconcursos.com.br\/blog\/concurso-mp-mt\/\" \/>\n<meta property=\"og:locale\" content=\"pt_BR\" \/>\n<meta property=\"og:type\" content=\"article\" \/>\n<meta property=\"og:title\" content=\"Concurso MP MT: \u00f3rg\u00e3o conta com 113 cargos vagos!\" \/>\n<meta property=\"og:description\" content=\"Um novo concurso MP MT para servidores est\u00e1 em estudos e pode acontecer em 2025. Atualmente, existem 113 vac\u00e2ncias!\" \/>\n<meta property=\"og:url\" content=\"https:\/\/www.estrategiaconcursos.com.br\/blog\/concurso-mp-mt\/\" \/>\n<meta property=\"og:site_name\" content=\"Estrat\u00e9gia Concursos\" \/>\n<meta property=\"article:author\" content=\"https:\/\/www.facebook.com\/EstrategiaConcursos\" \/>\n<meta property=\"article:published_time\" content=\"2025-09-25T14:24:00+00:00\" \/>\n<meta property=\"article:modified_time\" content=\"2025-12-12T11:56:12+00:00\" \/>\n<meta property=\"og:image\" content=\"https:\/\/dhg1h5j42swfq.cloudfront.net\/2022\/07\/15125235\/concursos-tribunais-estrategia-concursos.jpeg\" \/>\n\t<meta property=\"og:image:width\" content=\"768\" \/>\n\t<meta property=\"og:image:height\" content=\"432\" \/>\n\t<meta property=\"og:image:type\" content=\"image\/jpeg\" \/>\n<meta name=\"author\" content=\"Coordena\u00e7\u00e3o\" \/>\n<meta name=\"twitter:card\" content=\"summary_large_image\" \/>\n<meta name=\"twitter:creator\" content=\"@EstratConcursos\" \/>\n<meta name=\"twitter:site\" content=\"@EstratConcursos\" \/>\n<meta name=\"twitter:label1\" content=\"Escrito por\" \/>\n\t<meta name=\"twitter:data1\" content=\"Coordena\u00e7\u00e3o\" \/>\n\t<meta name=\"twitter:label2\" content=\"Est. tempo de leitura\" \/>\n\t<meta name=\"twitter:data2\" content=\"4 minutos\" \/>\n<script type=\"application\/ld+json\" class=\"yoast-schema-graph\">{\"@context\":\"https:\/\/schema.org\",\"@graph\":[{\"@type\":\"NewsArticle\",\"@id\":\"https:\/\/www.estrategiaconcursos.com.br\/blog\/concurso-mp-mt\/#article\",\"isPartOf\":{\"@id\":\"https:\/\/www.estrategiaconcursos.com.br\/blog\/concurso-mp-mt\/\"},\"author\":{\"name\":\"Coordena\u00e7\u00e3o\",\"@id\":\"https:\/\/www.estrategiaconcursos.com.br\/blog\/#\/schema\/person\/b4a388c97673c5f483d72185668afa1f\"},\"headline\":\"Concurso MP MT: \u00f3rg\u00e3o conta com 113 cargos vagos!\",\"datePublished\":\"2025-09-25T14:24:00+00:00\",\"dateModified\":\"2025-12-12T11:56:12+00:00\",\"mainEntityOfPage\":{\"@id\":\"https:\/\/www.estrategiaconcursos.com.br\/blog\/concurso-mp-mt\/\"},\"wordCount\":624,\"commentCount\":0,\"publisher\":{\"@id\":\"https:\/\/www.estrategiaconcursos.com.br\/blog\/#organization\"},\"image\":{\"@id\":\"https:\/\/www.estrategiaconcursos.com.br\/blog\/concurso-mp-mt\/#primaryimage\"},\"thumbnailUrl\":\"https:\/\/dhg1h5j42swfq.cloudfront.net\/2022\/07\/15125235\/concursos-tribunais-estrategia-concursos.jpeg\",\"articleSection\":[\"Tribunais\"],\"inLanguage\":\"pt-BR\",\"potentialAction\":[{\"@type\":\"CommentAction\",\"name\":\"Comment\",\"target\":[\"https:\/\/www.estrategiaconcursos.com.br\/blog\/concurso-mp-mt\/#respond\"]}],\"copyrightYear\":\"2025\",\"copyrightHolder\":{\"@id\":\"https:\/\/www.estrategiaconcursos.com.br\/blog\/#organization\"}},{\"@type\":\"WebPage\",\"@id\":\"https:\/\/www.estrategiaconcursos.com.br\/blog\/concurso-mp-mt\/\",\"url\":\"https:\/\/www.estrategiaconcursos.com.br\/blog\/concurso-mp-mt\/\",\"name\":\"Concurso MP MT: \u00f3rg\u00e3o conta com 113 cargos vagos!\",\"isPartOf\":{\"@id\":\"https:\/\/www.estrategiaconcursos.com.br\/blog\/#website\"},\"primaryImageOfPage\":{\"@id\":\"https:\/\/www.estrategiaconcursos.com.br\/blog\/concurso-mp-mt\/#primaryimage\"},\"image\":{\"@id\":\"https:\/\/www.estrategiaconcursos.com.br\/blog\/concurso-mp-mt\/#primaryimage\"},\"thumbnailUrl\":\"https:\/\/dhg1h5j42swfq.cloudfront.net\/2022\/07\/15125235\/concursos-tribunais-estrategia-concursos.jpeg\",\"datePublished\":\"2025-09-25T14:24:00+00:00\",\"dateModified\":\"2025-12-12T11:56:12+00:00\",\"description\":\"Um novo concurso MP MT para servidores est\u00e1 em estudos e pode acontecer em 2025. Atualmente, existem 113 vac\u00e2ncias!\",\"breadcrumb\":{\"@id\":\"https:\/\/www.estrategiaconcursos.com.br\/blog\/concurso-mp-mt\/#breadcrumb\"},\"inLanguage\":\"pt-BR\",\"potentialAction\":[{\"@type\":\"ReadAction\",\"target\":[\"https:\/\/www.estrategiaconcursos.com.br\/blog\/concurso-mp-mt\/\"]}]},{\"@type\":\"ImageObject\",\"inLanguage\":\"pt-BR\",\"@id\":\"https:\/\/www.estrategiaconcursos.com.br\/blog\/concurso-mp-mt\/#primaryimage\",\"url\":\"https:\/\/dhg1h5j42swfq.cloudfront.net\/2022\/07\/15125235\/concursos-tribunais-estrategia-concursos.jpeg\",\"contentUrl\":\"https:\/\/dhg1h5j42swfq.cloudfront.net\/2022\/07\/15125235\/concursos-tribunais-estrategia-concursos.jpeg\",\"width\":768,\"height\":432,\"caption\":\"concurso trt abertos\"},{\"@type\":\"BreadcrumbList\",\"@id\":\"https:\/\/www.estrategiaconcursos.com.br\/blog\/concurso-mp-mt\/#breadcrumb\",\"itemListElement\":[{\"@type\":\"ListItem\",\"position\":1,\"name\":\"In\u00edcio\",\"item\":\"https:\/\/www.estrategiaconcursos.com.br\/blog\/\"},{\"@type\":\"ListItem\",\"position\":2,\"name\":\"Concurso MP MT: \u00f3rg\u00e3o conta com 113 cargos vagos!\"}]},{\"@type\":\"WebSite\",\"@id\":\"https:\/\/www.estrategiaconcursos.com.br\/blog\/#website\",\"url\":\"https:\/\/www.estrategiaconcursos.com.br\/blog\/\",\"name\":\"Estrat\u00e9gia Concursos\",\"description\":\"O blog da Estrat\u00e9gia Concursos traz not\u00edcias sobre concursos e artigos de professores oferecendo cursos para concursos (pdf + videaulas) no site.\",\"publisher\":{\"@id\":\"https:\/\/www.estrategiaconcursos.com.br\/blog\/#organization\"},\"potentialAction\":[{\"@type\":\"SearchAction\",\"target\":{\"@type\":\"EntryPoint\",\"urlTemplate\":\"https:\/\/www.estrategiaconcursos.com.br\/blog\/?s={search_term_string}\"},\"query-input\":{\"@type\":\"PropertyValueSpecification\",\"valueRequired\":true,\"valueName\":\"search_term_string\"}}],\"inLanguage\":\"pt-BR\"},{\"@type\":\"Organization\",\"@id\":\"https:\/\/www.estrategiaconcursos.com.br\/blog\/#organization\",\"name\":\"Estrat\u00e9gia Concursos\",\"url\":\"https:\/\/www.estrategiaconcursos.com.br\/blog\/\",\"logo\":{\"@type\":\"ImageObject\",\"inLanguage\":\"pt-BR\",\"@id\":\"https:\/\/www.estrategiaconcursos.com.br\/blog\/#\/schema\/logo\/image\/\",\"url\":\"https:\/\/dhg1h5j42swfq.cloudfront.net\/2025\/06\/03203428\/logo_concursos-1.jpg\",\"contentUrl\":\"https:\/\/dhg1h5j42swfq.cloudfront.net\/2025\/06\/03203428\/logo_concursos-1.jpg\",\"width\":230,\"height\":60,\"caption\":\"Estrat\u00e9gia Concursos\"},\"image\":{\"@id\":\"https:\/\/www.estrategiaconcursos.com.br\/blog\/#\/schema\/logo\/image\/\"},\"sameAs\":[\"https:\/\/x.com\/EstratConcursos\"]},{\"@type\":\"Person\",\"@id\":\"https:\/\/www.estrategiaconcursos.com.br\/blog\/#\/schema\/person\/b4a388c97673c5f483d72185668afa1f\",\"name\":\"Coordena\u00e7\u00e3o\",\"image\":{\"@type\":\"ImageObject\",\"inLanguage\":\"pt-BR\",\"@id\":\"https:\/\/secure.gravatar.com\/avatar\/b720319e4c9a967eb58678d110f4fe35452fc5d5f97b202bac7b8acceb18c6ad?s=96&d=mm&r=g\",\"url\":\"https:\/\/secure.gravatar.com\/avatar\/b720319e4c9a967eb58678d110f4fe35452fc5d5f97b202bac7b8acceb18c6ad?s=96&d=mm&r=g\",\"contentUrl\":\"https:\/\/secure.gravatar.com\/avatar\/b720319e4c9a967eb58678d110f4fe35452fc5d5f97b202bac7b8acceb18c6ad?s=96&d=mm&r=g\",\"caption\":\"Coordena\u00e7\u00e3o\"},\"sameAs\":[\"https:\/\/www.facebook.com\/EstrategiaConcursos\",\"https:\/\/x.com\/EstratConcursos\"],\"url\":\"https:\/\/www.estrategiaconcursos.com.br\/blog\/author\/estrategia2013\/\"}]}<\/script>\n<!-- \/ Yoast SEO Premium plugin. -->","yoast_head_json":{"title":"Concurso MP MT: \u00f3rg\u00e3o conta com 113 cargos vagos!","description":"Um novo concurso MP MT para servidores est\u00e1 em estudos e pode acontecer em 2025. Atualmente, existem 113 vac\u00e2ncias!","robots":{"index":"index","follow":"follow","max-snippet":"max-snippet:-1","max-image-preview":"max-image-preview:large","max-video-preview":"max-video-preview:-1"},"canonical":"https:\/\/www.estrategiaconcursos.com.br\/blog\/concurso-mp-mt\/","og_locale":"pt_BR","og_type":"article","og_title":"Concurso MP MT: \u00f3rg\u00e3o conta com 113 cargos vagos!","og_description":"Um novo concurso MP MT para servidores est\u00e1 em estudos e pode acontecer em 2025. Atualmente, existem 113 vac\u00e2ncias!","og_url":"https:\/\/www.estrategiaconcursos.com.br\/blog\/concurso-mp-mt\/","og_site_name":"Estrat\u00e9gia Concursos","article_author":"https:\/\/www.facebook.com\/EstrategiaConcursos","article_published_time":"2025-09-25T14:24:00+00:00","article_modified_time":"2025-12-12T11:56:12+00:00","og_image":[{"width":768,"height":432,"url":"https:\/\/dhg1h5j42swfq.cloudfront.net\/2022\/07\/15125235\/concursos-tribunais-estrategia-concursos.jpeg","type":"image\/jpeg"}],"author":"Coordena\u00e7\u00e3o","twitter_card":"summary_large_image","twitter_creator":"@EstratConcursos","twitter_site":"@EstratConcursos","twitter_misc":{"Escrito por":"Coordena\u00e7\u00e3o","Est. tempo de leitura":"4 minutos"},"schema":{"@context":"https:\/\/schema.org","@graph":[{"@type":"NewsArticle","@id":"https:\/\/www.estrategiaconcursos.com.br\/blog\/concurso-mp-mt\/#article","isPartOf":{"@id":"https:\/\/www.estrategiaconcursos.com.br\/blog\/concurso-mp-mt\/"},"author":{"name":"Coordena\u00e7\u00e3o","@id":"https:\/\/www.estrategiaconcursos.com.br\/blog\/#\/schema\/person\/b4a388c97673c5f483d72185668afa1f"},"headline":"Concurso MP MT: \u00f3rg\u00e3o conta com 113 cargos vagos!","datePublished":"2025-09-25T14:24:00+00:00","dateModified":"2025-12-12T11:56:12+00:00","mainEntityOfPage":{"@id":"https:\/\/www.estrategiaconcursos.com.br\/blog\/concurso-mp-mt\/"},"wordCount":624,"commentCount":0,"publisher":{"@id":"https:\/\/www.estrategiaconcursos.com.br\/blog\/#organization"},"image":{"@id":"https:\/\/www.estrategiaconcursos.com.br\/blog\/concurso-mp-mt\/#primaryimage"},"thumbnailUrl":"https:\/\/dhg1h5j42swfq.cloudfront.net\/2022\/07\/15125235\/concursos-tribunais-estrategia-concursos.jpeg","articleSection":["Tribunais"],"inLanguage":"pt-BR","potentialAction":[{"@type":"CommentAction","name":"Comment","target":["https:\/\/www.estrategiaconcursos.com.br\/blog\/concurso-mp-mt\/#respond"]}],"copyrightYear":"2025","copyrightHolder":{"@id":"https:\/\/www.estrategiaconcursos.com.br\/blog\/#organization"}},{"@type":"WebPage","@id":"https:\/\/www.estrategiaconcursos.com.br\/blog\/concurso-mp-mt\/","url":"https:\/\/www.estrategiaconcursos.com.br\/blog\/concurso-mp-mt\/","name":"Concurso MP MT: \u00f3rg\u00e3o conta com 113 cargos vagos!","isPartOf":{"@id":"https:\/\/www.estrategiaconcursos.com.br\/blog\/#website"},"primaryImageOfPage":{"@id":"https:\/\/www.estrategiaconcursos.com.br\/blog\/concurso-mp-mt\/#primaryimage"},"image":{"@id":"https:\/\/www.estrategiaconcursos.com.br\/blog\/concurso-mp-mt\/#primaryimage"},"thumbnailUrl":"https:\/\/dhg1h5j42swfq.cloudfront.net\/2022\/07\/15125235\/concursos-tribunais-estrategia-concursos.jpeg","datePublished":"2025-09-25T14:24:00+00:00","dateModified":"2025-12-12T11:56:12+00:00","description":"Um novo concurso MP MT para servidores est\u00e1 em estudos e pode acontecer em 2025. Atualmente, existem 113 vac\u00e2ncias!","breadcrumb":{"@id":"https:\/\/www.estrategiaconcursos.com.br\/blog\/concurso-mp-mt\/#breadcrumb"},"inLanguage":"pt-BR","potentialAction":[{"@type":"ReadAction","target":["https:\/\/www.estrategiaconcursos.com.br\/blog\/concurso-mp-mt\/"]}]},{"@type":"ImageObject","inLanguage":"pt-BR","@id":"https:\/\/www.estrategiaconcursos.com.br\/blog\/concurso-mp-mt\/#primaryimage","url":"https:\/\/dhg1h5j42swfq.cloudfront.net\/2022\/07\/15125235\/concursos-tribunais-estrategia-concursos.jpeg","contentUrl":"https:\/\/dhg1h5j42swfq.cloudfront.net\/2022\/07\/15125235\/concursos-tribunais-estrategia-concursos.jpeg","width":768,"height":432,"caption":"concurso trt abertos"},{"@type":"BreadcrumbList","@id":"https:\/\/www.estrategiaconcursos.com.br\/blog\/concurso-mp-mt\/#breadcrumb","itemListElement":[{"@type":"ListItem","position":1,"name":"In\u00edcio","item":"https:\/\/www.estrategiaconcursos.com.br\/blog\/"},{"@type":"ListItem","position":2,"name":"Concurso MP MT: \u00f3rg\u00e3o conta com 113 cargos vagos!"}]},{"@type":"WebSite","@id":"https:\/\/www.estrategiaconcursos.com.br\/blog\/#website","url":"https:\/\/www.estrategiaconcursos.com.br\/blog\/","name":"Estrat\u00e9gia Concursos","description":"O blog da Estrat\u00e9gia Concursos traz not\u00edcias sobre concursos e artigos de professores oferecendo cursos para concursos (pdf + videaulas) no site.","publisher":{"@id":"https:\/\/www.estrategiaconcursos.com.br\/blog\/#organization"},"potentialAction":[{"@type":"SearchAction","target":{"@type":"EntryPoint","urlTemplate":"https:\/\/www.estrategiaconcursos.com.br\/blog\/?s={search_term_string}"},"query-input":{"@type":"PropertyValueSpecification","valueRequired":true,"valueName":"search_term_string"}}],"inLanguage":"pt-BR"},{"@type":"Organization","@id":"https:\/\/www.estrategiaconcursos.com.br\/blog\/#organization","name":"Estrat\u00e9gia Concursos","url":"https:\/\/www.estrategiaconcursos.com.br\/blog\/","logo":{"@type":"ImageObject","inLanguage":"pt-BR","@id":"https:\/\/www.estrategiaconcursos.com.br\/blog\/#\/schema\/logo\/image\/","url":"https:\/\/dhg1h5j42swfq.cloudfront.net\/2025\/06\/03203428\/logo_concursos-1.jpg","contentUrl":"https:\/\/dhg1h5j42swfq.cloudfront.net\/2025\/06\/03203428\/logo_concursos-1.jpg","width":230,"height":60,"caption":"Estrat\u00e9gia Concursos"},"image":{"@id":"https:\/\/www.estrategiaconcursos.com.br\/blog\/#\/schema\/logo\/image\/"},"sameAs":["https:\/\/x.com\/EstratConcursos"]},{"@type":"Person","@id":"https:\/\/www.estrategiaconcursos.com.br\/blog\/#\/schema\/person\/b4a388c97673c5f483d72185668afa1f","name":"Coordena\u00e7\u00e3o","image":{"@type":"ImageObject","inLanguage":"pt-BR","@id":"https:\/\/secure.gravatar.com\/avatar\/b720319e4c9a967eb58678d110f4fe35452fc5d5f97b202bac7b8acceb18c6ad?s=96&d=mm&r=g","url":"https:\/\/secure.gravatar.com\/avatar\/b720319e4c9a967eb58678d110f4fe35452fc5d5f97b202bac7b8acceb18c6ad?s=96&d=mm&r=g","contentUrl":"https:\/\/secure.gravatar.com\/avatar\/b720319e4c9a967eb58678d110f4fe35452fc5d5f97b202bac7b8acceb18c6ad?s=96&d=mm&r=g","caption":"Coordena\u00e7\u00e3o"},"sameAs":["https:\/\/www.facebook.com\/EstrategiaConcursos","https:\/\/x.com\/EstratConcursos"],"url":"https:\/\/www.estrategiaconcursos.com.br\/blog\/author\/estrategia2013\/"}]}},"_links":{"self":[{"href":"https:\/\/www.estrategiaconcursos.com.br\/blog\/wp-json\/wp\/v2\/posts\/722552","targetHints":{"allow":["GET"]}}],"collection":[{"href":"https:\/\/www.estrategiaconcursos.com.br\/blog\/wp-json\/wp\/v2\/posts"}],"about":[{"href":"https:\/\/www.estrategiaconcursos.com.br\/blog\/wp-json\/wp\/v2\/types\/post"}],"author":[{"embeddable":true,"href":"https:\/\/www.estrategiaconcursos.com.br\/blog\/wp-json\/wp\/v2\/users\/1"}],"replies":[{"embeddable":true,"href":"https:\/\/www.estrategiaconcursos.com.br\/blog\/wp-json\/wp\/v2\/comments?post=722552"}],"version-history":[{"count":51,"href":"https:\/\/www.estrategiaconcursos.com.br\/blog\/wp-json\/wp\/v2\/posts\/722552\/revisions"}],"predecessor-version":[{"id":1684291,"href":"https:\/\/www.estrategiaconcursos.com.br\/blog\/wp-json\/wp\/v2\/posts\/722552\/revisions\/1684291"}],"wp:featuredmedia":[{"embeddable":true,"href":"https:\/\/www.estrategiaconcursos.com.br\/blog\/wp-json\/wp\/v2\/media\/1061813"}],"wp:attachment":[{"href":"https:\/\/www.estrategiaconcursos.com.br\/blog\/wp-json\/wp\/v2\/media?parent=722552"}],"wp:term":[{"taxonomy":"category","embeddable":true,"href":"https:\/\/www.estrategiaconcursos.com.br\/blog\/wp-json\/wp\/v2\/categories?post=722552"},{"taxonomy":"post_tag","embeddable":true,"href":"https:\/\/www.estrategiaconcursos.com.br\/blog\/wp-json\/wp\/v2\/tags?post=722552"},{"taxonomy":"tax_estado","embeddable":true,"href":"https:\/\/www.estrategiaconcursos.com.br\/blog\/wp-json\/wp\/v2\/tax_estado?post=722552"}],"curies":[{"name":"wp","href":"https:\/\/api.w.org\/{rel}","templated":true}]}}