{"id":72245,"date":"2026-04-06T15:00:00","date_gmt":"2026-04-06T18:00:00","guid":{"rendered":"https:\/\/www.estrategiaconcursos.com.br\/blog\/?p=72245"},"modified":"2026-04-06T15:21:13","modified_gmt":"2026-04-06T18:21:13","slug":"concurso-policia-cientifica-sc","status":"publish","type":"post","link":"https:\/\/www.estrategiaconcursos.com.br\/blog\/concurso-policia-cientifica-sc\/","title":{"rendered":"Concurso Pol\u00edcia Cient\u00edfica SC: saiu o resultado preliminar do TAF"},"content":{"rendered":"\n<p style=\"font-size:clamp(14.082px, 0.88rem + ((1vw - 3.2px) * 0.678), 21px);\"><strong><em>Edital do concurso Pol\u00edcia Cient\u00edfica SC tem 60 vagas imediatas e em cadastro de reserva!<\/em><\/strong><\/p>\n\n\n\n<p>Foi divulgado o resultado preliminar do Teste de Aptid\u00e3o F\u00edsica (TAF) do <strong>concurso Pol\u00edcia Cient\u00edfica SC<\/strong> (<a href=\"https:\/\/www.estrategiaconcursos.com.br\/cursosPorConcurso\/instituto-geral-de-pericias-de-santa-catarina-igp-sc\/\" target=\"_blank\" rel=\"noreferrer noopener\">Instituto Geral de Per\u00edcias de Santa Catarina<\/a>).<\/p>\n\n\n\n<ul class=\"wp-block-list\">\n<li><strong>Resultado preliminar<\/strong>: <a href=\"https:\/\/2025pciperito.fepese.org.br\/?go=resultado&amp;type=1&amp;edital=1\" target=\"_blank\" rel=\"noreferrer noopener\">TAF<\/a><\/li>\n<\/ul>\n\n\n\n<p>Os interessados podem ingressar com recursos entre os dias <strong>06 e 07 de abril<\/strong>, no site da banca FEPESE.<\/p>\n\n\n\n<p>S\u00e3o ofertadas <strong>60 vagas imediatas e forma\u00e7\u00e3o de cadastro de reserva<\/strong>, distribu\u00eddas entre diferentes \u00e1reas do <strong>cargo de Perito Oficial Criminal<\/strong>. O sal\u00e1rio inicial \u00e9 de R$ 27.737,24.<\/p>\n\n\n\n<ul class=\"wp-block-list has-very-light-gray-to-cyan-bluish-gray-gradient-background has-background\">\n<li><strong>Pol\u00edcia Cient\u00edfica SC &#8211; Perito Oficial<\/strong><\/li>\n\n\n\n<li><strong>Situa\u00e7\u00e3o<\/strong>: resultados divulgados<\/li>\n\n\n\n<li><strong>Banca: <\/strong><a href=\"https:\/\/2025pciperito.fepese.org.br\/\" target=\"_blank\" rel=\"noreferrer noopener\">FEPESE<\/a><\/li>\n\n\n\n<li><strong style=\"color: initial;\">Vagas:<\/strong> 60 + CR<\/li>\n\n\n\n<li><strong>Sal\u00e1rio inicial:<\/strong>&nbsp;R$ 27.737,24<\/li>\n\n\n\n<li><strong>Edital:<\/strong> <a href=\"https:\/\/dhg1h5j42swfq.cloudfront.net\/2025\/12\/19164838\/2025_001_cp_pci.pdf\" target=\"_blank\" rel=\"noreferrer noopener nofollow\">Pol\u00edcia Cient\u00edfica SC-2025<\/a><\/li>\n<\/ul>\n\n\n\n<p>Se voc\u00ea tem interesse em trabalhar nesta \u00e1rea, ao longo deste artigo vai conferir as principais informa\u00e7\u00f5es sobre o concurso Pol\u00edcia Cient\u00edfica SC. Confira pelos t\u00f3picos a seguir:<\/p>\n\n\n\n<ul id=\"indice\" class=\"wp-block-list\">\n<li><a href=\"#situacao\">Informa\u00e7\u00f5es do novo concurso<\/a>\n<ul class=\"wp-block-list\">\n<li><a href=\"#cargos-vagas\">Cargos e vagas<\/a><\/li>\n\n\n\n<li><a href=\"#etapas\">Etapas e provas<\/a><\/li>\n<\/ul>\n<\/li>\n\n\n\n<li><a href=\"#sobre-cargo\">Sobre os cargos<\/a>\n<ul class=\"wp-block-list\">\n<li><a href=\"#salario\">Tabela salarial<\/a><\/li>\n<\/ul>\n<\/li>\n\n\n\n<li><a href=\"#ultimos-concursos\">\u00daltimos concursos<\/a>\n<ul class=\"wp-block-list\">\n<li><a href=\"#edital-2022\">Edital 2022<\/a><\/li>\n\n\n\n<li><a href=\"#edital-2021\">Edital 2021<\/a><\/li>\n\n\n\n<li><a href=\"#edital-2017\">Edital 2017<\/a><\/li>\n<\/ul>\n<\/li>\n\n\n\n<li><a href=\"#curso\">Cursos e assinaturas<\/a><\/li>\n\n\n\n<li><a href=\"#ficha\">Ficha t\u00e9cnica<\/a><\/li>\n<\/ul>\n\n\n\n<div class=\"container\" id=\"boxes\">\n  <div class=\"row\">\n\n    <div class=\"col-sm\">\n      <div class=\"banner-policia-cientifica\" id=\"box-assinatura\">\n        <h3 class=\"titulo-assinatura\" style=\"text-align: left;\">Concurso Pol\u00edcia Cient\u00edfica SC<\/h3>\n        <p class=\"subtitulo-assinatura\" style=\"text-align: left;\">Conhe\u00e7a os cursos<\/p>\n        <div class=\"box-botao\" style=\"text-align: left;\">\n          <a class=\"btn-assinatura\" target=\"_blank\" href=\"https:\/\/www.estrategiaconcursos.com.br\/cursosPorConcurso\/instituto-geral-de-pericias-de-santa-catarina-igp-sc\/\" role=\"button\" rel=\"noopener noreferrer\">CLIQUE AQUI<\/a>\n        <\/div>\n      <\/div><\/div><\/div><\/div>\n\n\n\n<h2 class=\"wp-block-heading\" id=\"situacao\">Concurso Pol\u00edcia Cient\u00edfica SC: informa\u00e7\u00f5es do edital<\/h2>\n\n\n\n<h3 class=\"wp-block-heading\" id=\"cargos-vagas\">Cargos e vagas do concurso Pol\u00edcia Cient\u00edfica SC<\/h3>\n\n\n\n<p>S\u00e3o ofertadas 60 vagas para o cargo de Perito Oficial Criminal, em diversas \u00e1reas de atua\u00e7\u00e3o.<\/p>\n\n\n\n<figure class=\"wp-block-table is-style-stripes\"><table class=\"has-very-light-gray-to-cyan-bluish-gray-gradient-background has-background has-fixed-layout\"><thead><tr><th class=\"has-text-align-center\" data-align=\"center\">\u00c1rea<\/th><th class=\"has-text-align-center\" data-align=\"center\">Vagas<\/th><th class=\"has-text-align-center\" data-align=\"center\">Sal\u00e1rio<\/th><\/tr><\/thead><tbody><tr><td class=\"has-text-align-center\" data-align=\"center\">Ambiental<\/td><td class=\"has-text-align-center\" data-align=\"center\">6<\/td><td class=\"has-text-align-center\" data-align=\"center\">R$ 27.737,24<\/td><\/tr><tr><td class=\"has-text-align-center\" data-align=\"center\">\u00c1udio e Imagem<\/td><td class=\"has-text-align-center\" data-align=\"center\">3<\/td><td class=\"has-text-align-center\" data-align=\"center\">R$ 27.737,24<\/td><\/tr><tr><td class=\"has-text-align-center\" data-align=\"center\">Ci\u00eancias Aeron\u00e1uticas<\/td><td class=\"has-text-align-center\" data-align=\"center\">1<\/td><td class=\"has-text-align-center\" data-align=\"center\">R$ 27.737,24<\/td><\/tr><tr><td class=\"has-text-align-center\" data-align=\"center\">Ci\u00eancias Biol\u00f3gicas<\/td><td class=\"has-text-align-center\" data-align=\"center\">1<\/td><td class=\"has-text-align-center\" data-align=\"center\">R$ 27.737,24<\/td><\/tr><tr><td class=\"has-text-align-center\" data-align=\"center\">Ci\u00eancias Sociais Aplicadas<\/td><td class=\"has-text-align-center\" data-align=\"center\">2<\/td><td class=\"has-text-align-center\" data-align=\"center\">R$ 27.737,24<\/td><\/tr><tr><td class=\"has-text-align-center\" data-align=\"center\">Engenharia Civil<\/td><td class=\"has-text-align-center\" data-align=\"center\">4<\/td><td class=\"has-text-align-center\" data-align=\"center\">R$ 27.737,24<\/td><\/tr><tr><td class=\"has-text-align-center\" data-align=\"center\">Geologia\/Minas<\/td><td class=\"has-text-align-center\" data-align=\"center\">1<\/td><td class=\"has-text-align-center\" data-align=\"center\">R$ 27.737,24<\/td><\/tr><tr><td class=\"has-text-align-center\" data-align=\"center\">Inform\u00e1tica<\/td><td class=\"has-text-align-center\" data-align=\"center\">8<\/td><td class=\"has-text-align-center\" data-align=\"center\">R$ 27.737,24<\/td><\/tr><tr><td class=\"has-text-align-center\" data-align=\"center\">Medicina Legal<\/td><td class=\"has-text-align-center\" data-align=\"center\">24 + CR<\/td><td class=\"has-text-align-center\" data-align=\"center\">R$ 27.737,24<\/td><\/tr><tr><td class=\"has-text-align-center\" data-align=\"center\">Medicina Legal (Psiquiatria)<\/td><td class=\"has-text-align-center\" data-align=\"center\">6<\/td><td class=\"has-text-align-center\" data-align=\"center\">R$ 27.737,24<\/td><\/tr><tr><td class=\"has-text-align-center\" data-align=\"center\">Mec\u00e2nica\/Mecatr\u00f4nica\/Materiais<\/td><td class=\"has-text-align-center\" data-align=\"center\">2<\/td><td class=\"has-text-align-center\" data-align=\"center\">R$ 27.737,24<\/td><\/tr><tr><td class=\"has-text-align-center\" data-align=\"center\">Medicina Veterin\u00e1ria<\/td><td class=\"has-text-align-center\" data-align=\"center\">1<\/td><td class=\"has-text-align-center\" data-align=\"center\">R$ 27.737,24<\/td><\/tr><tr><td class=\"has-text-align-center\" data-align=\"center\">Odontologia<\/td><td class=\"has-text-align-center\" data-align=\"center\">CR<\/td><td class=\"has-text-align-center\" data-align=\"center\">R$ 27.737,24<\/td><\/tr><tr><td class=\"has-text-align-center\" data-align=\"center\">Qu\u00edmica<\/td><td class=\"has-text-align-center\" data-align=\"center\">1<\/td><td class=\"has-text-align-center\" data-align=\"center\">R$ 27.737,24<\/td><\/tr><\/tbody><\/table><\/figure>\n\n\n\n<p>Ao valor de subs\u00eddio \u00e9 acrescido o valor vari\u00e1vel de R$ 550,00, a t\u00edtulo de Aux\u00edlio-Alimenta\u00e7\u00e3o.<\/p>\n\n\n\n<h3 class=\"wp-block-heading\" id=\"etapas\">Etapas e provas do concurso Pol\u00edcia Cient\u00edfica SC<\/h3>\n\n\n\n<p>Os candidatos do concurso s\u00e3o avaliados mediante aplica\u00e7\u00e3o das seguintes etapas:<\/p>\n\n\n\n<ul class=\"wp-block-list\">\n<li><strong>Prova Objetiva de Conhecimentos<\/strong>, de car\u00e1ter eliminat\u00f3rio e classificat\u00f3rio;<\/li>\n\n\n\n<li><strong>Teste de Aptid\u00e3o F\u00edsica<\/strong>, de car\u00e1ter eliminat\u00f3rio;<\/li>\n\n\n\n<li><strong>Avalia\u00e7\u00e3o da Aptid\u00e3o Psicol\u00f3gica Vocacionada<\/strong>, de car\u00e1ter eliminat\u00f3rio;<\/li>\n\n\n\n<li><strong>Prova de T\u00edtulos<\/strong>, de car\u00e1ter classificat\u00f3rio;<\/li>\n\n\n\n<li><strong>Exame Toxicol\u00f3gico<\/strong>, de car\u00e1ter eliminat\u00f3rio;<\/li>\n\n\n\n<li><strong>Investiga\u00e7\u00e3o Social<\/strong>, de car\u00e1ter eliminat\u00f3rio.<\/li>\n<\/ul>\n\n\n\n<h4 class=\"wp-block-heading\" id=\"objetiva\">Prova Objetiva<\/h4>\n\n\n\n<p>A etapa foi composta por quest\u00f5es de m\u00faltipla escolha, com cinco alternativas cada. A dura\u00e7\u00e3o foi de cinco horas.<\/p>\n\n\n\n<ul class=\"wp-block-list\">\n<li>L\u00edngua Portuguesa &#8211; 5<\/li>\n\n\n\n<li>L\u00edngua Inglesa &#8211; 5 <\/li>\n\n\n\n<li>Matem\u00e1tica e Racioc\u00ednio L\u00f3gico &#8211; 10 <\/li>\n\n\n\n<li>No\u00e7\u00f5es de Direito Penal e Processual Penal &#8211; 5<\/li>\n\n\n\n<li>No\u00e7\u00f5es de Direito Constitucional e Administrativo &#8211; 5 <\/li>\n\n\n\n<li>No\u00e7\u00f5es de Criminal\u00edstica &#8211; 5 <\/li>\n\n\n\n<li>No\u00e7\u00f5es de Medicina Legal &#8211; 5<\/li>\n\n\n\n<li>Conhecimentos Espec\u00edficos da \u00e1rea &#8211; 40<\/li>\n<\/ul>\n\n\n\n<p>Para ser aprovado na Prova Objetiva do concurso Pol\u00edcia Cient\u00edfica SC o candidato deve obter o m\u00ednimo de 50% na pontua\u00e7\u00e3o do bloco de Conhecimentos Gerais (2,00 pontos) e 50% no bloco de Conhecimentos Espec\u00edficos (3,00 pontos).<\/p>\n\n\n\n<h4 class=\"wp-block-heading\" id=\"discursiva\">Teste de Aptid\u00e3o F\u00edsica<\/h4>\n\n\n\n<p>O Teste de Aptid\u00e3o F\u00edsica ser\u00e1 aplicado nas datas prov\u00e1veis de 28 e 29 de mar\u00e7o, na grande Florian\u00f3polis (SC). A etapa do edital Pol\u00edcia Cient\u00edfica SC consistir\u00e1 em submeter os candidatos \u00e0s seguintes provas:<\/p>\n\n\n\n<ul class=\"wp-block-list\">\n<li>Impuls\u00e3o Horizontal;<\/li>\n\n\n\n<li>Barra Fixa; <\/li>\n\n\n\n<li>Corrida de 12 minutos.<\/li>\n<\/ul>\n\n\n\n<figure class=\"wp-block-table is-style-stripes\"><table class=\"has-very-light-gray-to-cyan-bluish-gray-gradient-background has-background has-fixed-layout\"><thead><tr><th class=\"has-text-align-center\" data-align=\"center\">Teste<\/th><th class=\"has-text-align-center\" data-align=\"center\">Feminino<\/th><th class=\"has-text-align-center\" data-align=\"center\">Masculino<\/th><\/tr><\/thead><tbody><tr><td class=\"has-text-align-center\" data-align=\"center\">Impuls\u00e3o Horizontal<\/td><td class=\"has-text-align-center\" data-align=\"center\">\u2265 1,30 metros<\/td><td class=\"has-text-align-center\" data-align=\"center\">\u2265 1,60 metros<\/td><\/tr><tr><td class=\"has-text-align-center\" data-align=\"center\">Barra Fixa<\/td><td class=\"has-text-align-center\" data-align=\"center\">\u2265 15 segundos<\/td><td class=\"has-text-align-center\" data-align=\"center\">\u2265 2 flex\u00f5es<\/td><\/tr><tr><td class=\"has-text-align-center\" data-align=\"center\">Corrida de 12 minutos<\/td><td class=\"has-text-align-center\" data-align=\"center\">1.500 metros<\/td><td class=\"has-text-align-center\" data-align=\"center\">1.800 metros<\/td><\/tr><\/tbody><\/table><\/figure>\n\n\n\n<h4 class=\"wp-block-heading\" id=\"titulos\">Avalia\u00e7\u00e3o de T\u00edtulos<\/h4>\n\n\n\n<p id=\"objetiva\">A Prova de T\u00edtulos constar\u00e1 da avalia\u00e7\u00e3o dos certificados de Cursos de P\u00f3s-Gradua\u00e7\u00e3o, bem como da avalia\u00e7\u00e3o do tempo de servi\u00e7o em cargo p\u00fablico de Perito Oficial de natureza criminal (em Unidades da Federa\u00e7\u00e3o ou na Pol\u00edcia Federal).<\/p>\n\n\n\n<figure class=\"wp-block-image aligncenter size-large\"><img loading=\"lazy\" decoding=\"async\" width=\"1024\" height=\"202\" src=\"https:\/\/dhg1h5j42swfq.cloudfront.net\/2025\/12\/19170524\/image-201-1024x202.png\" alt=\"\" class=\"wp-image-1688933\" srcset=\"https:\/\/dhg1h5j42swfq.cloudfront.net\/2025\/12\/19170524\/image-201-1024x202.png 1024w, https:\/\/dhg1h5j42swfq.cloudfront.net\/2025\/12\/19170524\/image-201-300x59.png 300w, https:\/\/dhg1h5j42swfq.cloudfront.net\/2025\/12\/19170524\/image-201-768x152.png 768w, https:\/\/dhg1h5j42swfq.cloudfront.net\/2025\/12\/19170524\/image-201-150x30.png 150w, https:\/\/dhg1h5j42swfq.cloudfront.net\/2025\/12\/19170524\/image-201.png 1251w\" sizes=\"auto, (max-width: 1024px) 100vw, 1024px\" \/><figcaption class=\"wp-element-caption\">Quadro de t\u00edtulos do concurso Pol\u00edcia Cient\u00edfica SC<\/figcaption><\/figure>\n\n\n\n<h2 class=\"wp-block-heading\" id=\"sobre-cargo\">Concurso Pol\u00edcia Cient\u00edfica SC: sobre o cargo<\/h2>\n\n\n\n<h3 class=\"wp-block-heading\" id=\"salario\">Tabela salarial<\/h3>\n\n\n\n<p><strong>Perito Oficial<\/strong><\/p>\n\n\n\n<figure class=\"wp-block-table is-style-stripes\"><table class=\"has-very-light-gray-to-cyan-bluish-gray-gradient-background has-background has-fixed-layout\"><tbody><tr><td class=\"has-text-align-center\" data-align=\"center\">Classe Especial<\/td><td class=\"has-text-align-center\" data-align=\"center\">R$ 39.623,58<\/td><\/tr><tr><td class=\"has-text-align-center\" data-align=\"center\">Classe III<\/td><td class=\"has-text-align-center\" data-align=\"center\">R$ 35.661,47<\/td><\/tr><tr><td class=\"has-text-align-center\" data-align=\"center\">Classe II<\/td><td class=\"has-text-align-center\" data-align=\"center\">R$ 31.699,35<\/td><\/tr><tr><td class=\"has-text-align-center\" data-align=\"center\">Classe I<\/td><td class=\"has-text-align-center\" data-align=\"center\">R$ 27.737,24<\/td><\/tr><\/tbody><\/table><\/figure>\n\n\n\n<p><strong>T\u00e9cnico Pericial&nbsp;<\/strong><\/p>\n\n\n\n<figure class=\"wp-block-table is-style-stripes\"><table class=\"has-very-light-gray-to-cyan-bluish-gray-gradient-background has-background has-fixed-layout\"><tbody><tr><td class=\"has-text-align-center\" data-align=\"center\">T\u00e9cnico Pericial &#8211; V<\/td><td class=\"has-text-align-center\" data-align=\"center\">R$ 10.950,28<\/td><\/tr><tr><td class=\"has-text-align-center\" data-align=\"center\">T\u00e9cnico Pericial &#8211; IV<\/td><td class=\"has-text-align-center\" data-align=\"center\">R$ 8.659,38<\/td><\/tr><tr><td class=\"has-text-align-center\" data-align=\"center\">T\u00e9cnico Pericial &#8211; III<\/td><td class=\"has-text-align-center\" data-align=\"center\">R$ 7.360,47<\/td><\/tr><tr><td class=\"has-text-align-center\" data-align=\"center\">T\u00e9cnico Pericial &#8211; II<\/td><td class=\"has-text-align-center\" data-align=\"center\">R$ 6.256,40<\/td><\/tr><tr><td class=\"has-text-align-center\" data-align=\"center\">T\u00e9cnico Pericial &#8211; I<\/td><td class=\"has-text-align-center\" data-align=\"center\">R$ 5.317,94<\/td><\/tr><\/tbody><\/table><\/figure>\n\n\n\n<p><strong>Auxiliar Pericial<\/strong><\/p>\n\n\n\n<figure class=\"wp-block-table is-style-stripes\"><table class=\"has-very-light-gray-to-cyan-bluish-gray-gradient-background has-background has-fixed-layout\"><tbody><tr><td class=\"has-text-align-center\" data-align=\"center\">Auxiliar Pericial &#8211; VIII<\/td><td class=\"has-text-align-center\" data-align=\"center\">R$ 10.950,28<\/td><\/tr><tr><td class=\"has-text-align-center\" data-align=\"center\">Auxiliar Pericial &#8211; VII<\/td><td class=\"has-text-align-center\" data-align=\"center\">R$ 8.659,38<\/td><\/tr><tr><td class=\"has-text-align-center\" data-align=\"center\">Auxiliar Pericial &#8211; VI<\/td><td class=\"has-text-align-center\" data-align=\"center\">R$ 7.360,47<\/td><\/tr><tr><td class=\"has-text-align-center\" data-align=\"center\">Auxiliar Pericial &#8211; V<\/td><td class=\"has-text-align-center\" data-align=\"center\">R$ 6.256,40<\/td><\/tr><tr><td class=\"has-text-align-center\" data-align=\"center\">Auxiliar Pericial &#8211; IV<\/td><td class=\"has-text-align-center\" data-align=\"center\">R$ 5.317,94<\/td><\/tr><tr><td class=\"has-text-align-center\" data-align=\"center\">Auxiliar Pericial &#8211; III<\/td><td class=\"has-text-align-center\" data-align=\"center\">R$ 4.520,24<\/td><\/tr><tr><td class=\"has-text-align-center\" data-align=\"center\">Auxiliar Pericial &#8211; II<\/td><td class=\"has-text-align-center\" data-align=\"center\">R$ 4.068,21<\/td><\/tr><tr><td class=\"has-text-align-center\" data-align=\"center\">Auxiliar Pericial &#8211; I<\/td><td class=\"has-text-align-center\" data-align=\"center\">R$ 3.842,20<\/td><\/tr><\/tbody><\/table><\/figure>\n\n\n\n<h2 class=\"wp-block-heading\" id=\"ultimos-concursos\">Concurso Pol\u00edcia Cient\u00edfica SC: \u00faltimos editais<\/h2>\n\n\n\n<h3 class=\"wp-block-heading has-very-light-gray-to-cyan-bluish-gray-gradient-background has-background\" id=\"edital-2022\">Edital 2022<\/h3>\n\n\n\n<ul class=\"wp-block-list\">\n<li><strong style=\"color: initial;\">Data<\/strong><span style=\"color: initial;\">: 2022<\/span><\/li>\n\n\n\n<li><strong>Vagas<\/strong>: 196<\/li>\n\n\n\n<li><strong>Cargos<\/strong>: Auxiliar Criminal\u00edstico<\/li>\n\n\n\n<li><strong>Banca<\/strong>: FEPESE<\/li>\n\n\n\n<li><strong>Escolaridade<\/strong>: n\u00edvel m\u00e9dio<\/li>\n\n\n\n<li><strong>Edital:<\/strong> <a href=\"https:\/\/dhg1h5j42swfq.cloudfront.net\/2022\/09\/23183047\/igp-sc-edital-2022-32-40.pdf\" target=\"_blank\" rel=\"noreferrer noopener nofollow\">IGPSC-2022<\/a><\/li>\n<\/ul>\n\n\n\n<h4 class=\"wp-block-heading\" id=\"cargos-2022\">Cargo e vagas do concurso Pol\u00edcia Cient\u00edfica SC<\/h4>\n\n\n\n<figure class=\"wp-block-table is-style-stripes\"><table class=\"has-very-light-gray-to-cyan-bluish-gray-gradient-background has-background has-fixed-layout\"><thead><tr><th class=\"has-text-align-center\" data-align=\"center\">CARGOS<\/th><th class=\"has-text-align-center\" data-align=\"center\">VAGAS<\/th><th class=\"has-text-align-center\" data-align=\"center\">SAL\u00c1RIO<\/th><\/tr><\/thead><tbody><tr><td class=\"has-text-align-center\" data-align=\"center\">Auxiliar Criminal\u00edstico<\/td><td class=\"has-text-align-center\" data-align=\"center\">196<\/td><td class=\"has-text-align-center\" data-align=\"center\">R$ 6.000,00<\/td><\/tr><\/tbody><\/table><\/figure>\n\n\n\n<ul class=\"wp-block-list\">\n<li><a href=\"https:\/\/dhg1h5j42swfq.cloudfront.net\/2022\/09\/23191424\/vagas-igp-sc-2022_watermark.pdf\" target=\"_blank\" rel=\"noreferrer noopener nofollow\">Confira a distribui\u00e7\u00e3o das vagas<\/a><\/li>\n<\/ul>\n\n\n\n<p><strong>Requisitos<\/strong><\/p>\n\n\n\n<ol class=\"wp-block-list\">\n<li>Idade m\u00ednima de 18 anos;<\/li>\n\n\n\n<li>Possuir carteira nacional de habilita\u00e7\u00e3o, m\u00ednimo categoria \u201cb\u201d; e<\/li>\n\n\n\n<li>N\u00edvel m\u00e9dio completo de escolaridade.<\/li>\n<\/ol>\n\n\n\n<h4 class=\"wp-block-heading\" id=\"etapas-2022\">Etapas e provas do concurso Pol\u00edcia Cient\u00edfica SC<\/h4>\n\n\n\n<p>A avalia\u00e7\u00e3o dos candidatos foi realizada mediante aplica\u00e7\u00e3o das seguintes etapas:<\/p>\n\n\n\n<ul class=\"wp-block-list\">\n<li>Prova objetiva de conhecimentos de car\u00e1ter eliminat\u00f3rio e classificat\u00f3rio;<\/li>\n\n\n\n<li>Exame de Avalia\u00e7\u00e3o de T\u00edtulos de car\u00e1ter classificat\u00f3rio;<\/li>\n\n\n\n<li>Exame de Avalia\u00e7\u00e3o da Aptid\u00e3o Psicol\u00f3gica Vocacionada de car\u00e1ter eliminat\u00f3rio;<\/li>\n\n\n\n<li>Exame Toxicol\u00f3gico de car\u00e1ter eliminat\u00f3rio;<\/li>\n\n\n\n<li>Investiga\u00e7\u00e3o social de car\u00e1ter eliminat\u00f3rio.<\/li>\n<\/ul>\n\n\n\n<p>A <strong>prova objetiva<\/strong> de conhecimentos, de car\u00e1ter classificat\u00f3rio e eliminat\u00f3rio, constou de <strong>80 quest\u00f5es<\/strong>, sendo divididas entre 35 para a parte de conhecimentos gerais e 45 para a parte de conhecimentos espec\u00edficos, cada uma delas com cinco alternativas.<\/p>\n\n\n\n<figure class=\"wp-block-image aligncenter size-full\"><img loading=\"lazy\" decoding=\"async\" width=\"550\" height=\"509\" src=\"https:\/\/dhg1h5j42swfq.cloudfront.net\/2022\/09\/23185054\/image-345.png\" alt=\"Tabela de disciplinas, n\u00famero de quest\u00f5es e pontua\u00e7\u00e3o da Prova Objetiva da Pol\u00edcia Cient\u00edfica SC.\" class=\"wp-image-1099839\" srcset=\"https:\/\/dhg1h5j42swfq.cloudfront.net\/2022\/09\/23185054\/image-345.png 550w, https:\/\/dhg1h5j42swfq.cloudfront.net\/2022\/09\/23185054\/image-345-300x278.png 300w, https:\/\/dhg1h5j42swfq.cloudfront.net\/2022\/09\/23185054\/image-345-150x139.png 150w\" sizes=\"auto, (max-width: 550px) 100vw, 550px\" \/><figcaption class=\"wp-element-caption\">Provas do concurso Pol\u00edcia Cient\u00edfica SC<\/figcaption><\/figure>\n\n\n\n<p>Foi considerado aprovado o candidato que obteve, isoladamente, em cada uma das provas \u2013 de Conhecimentos Gerais e de Conhecimentos Espec\u00edficos \u2013 nota igual ou superior a 5,00 inteiros.<\/p>\n\n\n\n<p>O <strong>Exame de Avalia\u00e7\u00e3o de T\u00edtulos<\/strong>, de car\u00e1ter classificat\u00f3rio, constou da avalia\u00e7\u00e3o dos certificados de Cursos de Gradua\u00e7\u00e3o de n\u00edvel superior e Cursos de P\u00f3s-gradua\u00e7\u00e3o (Especializa\u00e7\u00e3o, Mestrado e Doutorado), entregues no per\u00edodo determinado.<\/p>\n\n\n\n<figure class=\"wp-block-image aligncenter size-full\"><img loading=\"lazy\" decoding=\"async\" width=\"474\" height=\"475\" src=\"https:\/\/dhg1h5j42swfq.cloudfront.net\/2022\/09\/23185253\/image-346.png\" alt=\"Tabela de atribui\u00e7\u00e3o de pontos na Prova de T\u00edtulos do Concurso Pol\u00edcia Cient\u00edfica SC.\" class=\"wp-image-1099840\" srcset=\"https:\/\/dhg1h5j42swfq.cloudfront.net\/2022\/09\/23185253\/image-346.png 474w, https:\/\/dhg1h5j42swfq.cloudfront.net\/2022\/09\/23185253\/image-346-300x300.png 300w, https:\/\/dhg1h5j42swfq.cloudfront.net\/2022\/09\/23185253\/image-346-150x150.png 150w, https:\/\/dhg1h5j42swfq.cloudfront.net\/2022\/09\/23185253\/image-346-96x96.png 96w\" sizes=\"auto, (max-width: 474px) 100vw, 474px\" \/><figcaption class=\"wp-element-caption\">Quadro de t\u00edtulos do concurso Pol\u00edcia Cient\u00edfica SC<\/figcaption><\/figure>\n\n\n\n<h3 class=\"wp-block-heading has-very-light-gray-to-cyan-bluish-gray-gradient-background has-background\" id=\"edital-2021\">Edital 2021<\/h3>\n\n\n\n<ul class=\"wp-block-list\">\n<li><span style=\"color: #000000;\"><strong>Ano<\/strong>: 20<\/span>21<\/li>\n\n\n\n<li><span style=\"color: #000000;\"><strong>Vagas<\/strong>: <span style=\"color: #000000;\">70<\/span><\/span><\/li>\n\n\n\n<li><strong>Cargo:<\/strong> Auxiliar M\u00e9dico-Legal<\/li>\n\n\n\n<li><strong>Escolaridade<\/strong>: n\u00edvel m\u00e9dio<\/li>\n\n\n\n<li><span style=\"color: #000000;\"><strong>Banca<\/strong>: <\/span>FEPESE<\/li>\n\n\n\n<li><span style=\"color: #000000;\"><strong>Edital<\/strong>:&nbsp;<\/span><a href=\"https:\/\/dhg1h5j42swfq.cloudfront.net\/2021\/11\/22214005\/2021_igp_ed_001.pdf\" target=\"_blank\" rel=\"noreferrer noopener nofollow\">IGP SC 2021<\/a><\/li>\n<\/ul>\n\n\n\n<h4 class=\"wp-block-heading\" id=\"vagas-2021\">Cargo e vagas<\/h4>\n\n\n\n<figure class=\"wp-block-table is-style-stripes\"><table class=\"has-very-light-gray-to-cyan-bluish-gray-gradient-background has-background has-fixed-layout\"><tbody><tr><td class=\"has-text-align-center\" data-align=\"center\"><strong>Cargo<\/strong><\/td><td class=\"has-text-align-center\" data-align=\"center\"><strong>Vagas<\/strong><\/td><td class=\"has-text-align-center\" data-align=\"center\"><strong>Sal\u00e1rio<\/strong><\/td><\/tr><tr><td class=\"has-text-align-center\" data-align=\"center\">Auxiliar M\u00e9dico-Legal<\/td><td class=\"has-text-align-center\" data-align=\"center\">70<\/td><td class=\"has-text-align-center\" data-align=\"center\">R$ 4.581,90<\/td><\/tr><\/tbody><\/table><\/figure>\n\n\n\n<h4 class=\"wp-block-heading\" id=\"etapas-2021\">Etapas de provas do concurso Pol\u00edcia Cient\u00edfica SC <\/h4>\n\n\n\n<ul class=\"wp-block-list\">\n<li><strong>Primeira fase:<\/strong> Inscri\u00e7\u00e3o do concurso<\/li>\n\n\n\n<li><strong>Segunda fase: <\/strong>Prova Objetiva de Conhecimentos, de car\u00e1ter eliminat\u00f3rio e classificat\u00f3rio.<\/li>\n\n\n\n<li><strong>Terceira Fase: <\/strong>Exames espec\u00edficos:\n<ul class=\"wp-block-list\">\n<li>Exame de avalia\u00e7\u00e3o da capacidade f\u00edsica, de car\u00e1ter eliminat\u00f3rio.<\/li>\n\n\n\n<li>Exame de avalia\u00e7\u00e3o da aptid\u00e3o psicol\u00f3gica vocacionada, de car\u00e1ter eliminat\u00f3rio.<\/li>\n\n\n\n<li>Exame de Avalia\u00e7\u00e3o de T\u00edtulos, de car\u00e1ter classificat\u00f3rio.<\/li>\n\n\n\n<li>Avalia\u00e7\u00e3o PcD, de car\u00e1ter eliminat\u00f3rio.<\/li>\n<\/ul>\n<\/li>\n\n\n\n<li><strong>Quarta fase:<\/strong> Exame Toxicol\u00f3gico, de car\u00e1ter eliminat\u00f3rio.<\/li>\n\n\n\n<li><strong>Quinta fase:<\/strong> Investiga\u00e7\u00e3o social, de car\u00e1ter eliminat\u00f3rio.<\/li>\n<\/ul>\n\n\n\n<p>A <strong>prova objetiva de conhecimentos<\/strong>, de car\u00e1ter eliminat\u00f3rio e classificat\u00f3rio, constou da avalia\u00e7\u00e3o de conhecimentos te\u00f3ricos e pr\u00e1ticos, mediante aplica\u00e7\u00e3o de <strong>80 quest\u00f5es<\/strong> (cinco alternativas), divididas em 2 provas:<\/p>\n\n\n\n<ul class=\"wp-block-list\">\n<li>Prova de Conhecimentos Gerais;<\/li>\n\n\n\n<li>Prova de Conhecimentos espec\u00edficos.<\/li>\n<\/ul>\n\n\n\n<p>As \u00e1reas de conhecimento exigidas, o n\u00famero de quest\u00f5es e o valor que foi atribu\u00eddo a cada uma, est\u00e3o dispostos nos quadros abaixo:<\/p>\n\n\n\n<figure class=\"wp-block-image aligncenter size-full\"><img loading=\"lazy\" decoding=\"async\" width=\"727\" height=\"199\" src=\"https:\/\/dhg1h5j42swfq.cloudfront.net\/2021\/11\/22221322\/image-467.png\" alt=\"Tabela de disciplinas da prova de conhecimentos gerais do edital.\" class=\"wp-image-914013\" srcset=\"https:\/\/dhg1h5j42swfq.cloudfront.net\/2021\/11\/22221322\/image-467.png 727w, https:\/\/dhg1h5j42swfq.cloudfront.net\/2021\/11\/22221322\/image-467-300x82.png 300w, https:\/\/dhg1h5j42swfq.cloudfront.net\/2021\/11\/22221322\/image-467-610x167.png 610w\" sizes=\"auto, (max-width: 727px) 100vw, 727px\" \/><figcaption class=\"wp-element-caption\">Provas do concurso Pol\u00edcia Cient\u00edfica SC<\/figcaption><\/figure>\n\n\n\n<figure class=\"wp-block-image aligncenter size-full\"><img loading=\"lazy\" decoding=\"async\" width=\"723\" height=\"154\" src=\"https:\/\/dhg1h5j42swfq.cloudfront.net\/2021\/11\/22221337\/image-468.png\" alt=\"Tabela com as disciplinas da prova de conhecimentos espec\u00edficos.\" class=\"wp-image-914014\" srcset=\"https:\/\/dhg1h5j42swfq.cloudfront.net\/2021\/11\/22221337\/image-468.png 723w, https:\/\/dhg1h5j42swfq.cloudfront.net\/2021\/11\/22221337\/image-468-300x64.png 300w, https:\/\/dhg1h5j42swfq.cloudfront.net\/2021\/11\/22221337\/image-468-610x130.png 610w\" sizes=\"auto, (max-width: 723px) 100vw, 723px\" \/><figcaption class=\"wp-element-caption\"> Provas do concurso Pol\u00edcia Cient\u00edfica SC <\/figcaption><\/figure>\n\n\n\n<p>O <strong>exame de avalia\u00e7\u00e3o da capacidade f\u00edsica<\/strong>, de car\u00e1ter eliminat\u00f3rio, foi aplicado na cidade de Florian\u00f3polis e cidade da Grande Florian\u00f3polis. A etapa consistiu nos seguintes testes:<\/p>\n\n\n\n<ul class=\"wp-block-list\">\n<li>Testes de abdominal remador;<\/li>\n\n\n\n<li>Apoio de quatro tempos (burpee);<\/li>\n\n\n\n<li>Agachamento e desenvolvimento com barra;<\/li>\n\n\n\n<li>Caminhada de fazendeiro com kettlebell (farmwalk);<\/li>\n\n\n\n<li>Teste de Cooper \u2013 Corrida (12 minutos).<\/li>\n<\/ul>\n\n\n\n<p id=\"titulos\"><strong>Avalia\u00e7\u00e3o de T\u00edtulos<\/strong><\/p>\n\n\n\n<figure class=\"wp-block-image aligncenter size-full\"><img loading=\"lazy\" decoding=\"async\" width=\"738\" height=\"716\" src=\"https:\/\/dhg1h5j42swfq.cloudfront.net\/2021\/11\/22222056\/image-470.png\" alt=\"T\u00edtulos considerados e sua pontua\u00e7\u00e3o na Prova de T\u00edtulos.\" class=\"wp-image-914017\" srcset=\"https:\/\/dhg1h5j42swfq.cloudfront.net\/2021\/11\/22222056\/image-470.png 738w, https:\/\/dhg1h5j42swfq.cloudfront.net\/2021\/11\/22222056\/image-470-300x291.png 300w, https:\/\/dhg1h5j42swfq.cloudfront.net\/2021\/11\/22222056\/image-470-610x592.png 610w\" sizes=\"auto, (max-width: 738px) 100vw, 738px\" \/><figcaption class=\"wp-element-caption\">T\u00edtulos do concurso Pol\u00edcia Cient\u00edfica SC <\/figcaption><\/figure>\n\n\n\n<h3 class=\"wp-block-heading has-very-light-gray-to-cyan-bluish-gray-gradient-background has-background\" id=\"edital-2017\">Edital 2017<\/h3>\n\n\n\n<ul class=\"wp-block-list\">\n<li><span style=\"color: #000000;\"><strong>Ano<\/strong>: <\/span>2017<\/li>\n\n\n\n<li><span style=\"color: #000000;\"><strong>Vagas<\/strong>: <\/span>51<\/li>\n\n\n\n<li><strong>Cargo:<\/strong> Perito Oficial e T\u00e9cnico Pericial<\/li>\n\n\n\n<li><strong>Escolaridade<\/strong>: n\u00edvel m\u00e9dio e superior<\/li>\n\n\n\n<li><span style=\"color: #000000;\"><strong>Banca<\/strong>: <\/span>IASES<\/li>\n\n\n\n<li><strong>Edital:<\/strong> <a href=\"https:\/\/dhg1h5j42swfq.cloudfront.net\/2017\/09\/18105217\/Edital-IGP-SC.pdf\" target=\"_blank\" rel=\"noreferrer noopener\">IGP SC &#8211; 2017<\/a><\/li>\n<\/ul>\n\n\n\n<h4 class=\"wp-block-heading\" id=\"cargos-2017\">Cargos do concurso Pol\u00edcia Cient\u00edfica SC<\/h4>\n\n\n\n<p><strong>Perito Criminal &#8211;&nbsp;R$ 15.820,84<\/strong><\/p>\n\n\n\n<ul class=\"wp-block-list\">\n<li>Geral &#8211; 09 vagas &#8211; Estadual<\/li>\n\n\n\n<li>\u00c1udio e V\u00eddeo &#8211; 04 vagas &#8211; Estadual<\/li>\n\n\n\n<li>Ambiental &#8211; 02 vagas &#8211; Estadual<\/li>\n\n\n\n<li>Inform\u00e1tica &#8211; 04 vagas &#8211; Estadual<\/li>\n\n\n\n<li>Engenharia &#8211; 10 vagas &#8211; Estadual<\/li>\n\n\n\n<li>M\u00e9dico Legista &#8211; &nbsp;02 vagas &#8211; Joinville<\/li>\n\n\n\n<li>M\u00e9dico Legista &#8211; 02 vagas &#8211; Blumenau<\/li>\n\n\n\n<li>M\u00e9dico Legista &#8211; 02 vagas &#8211; Crici\u00fama<\/li>\n\n\n\n<li>M\u00e9dico Legista &#8211; 02 vagas &#8211; Chapec\u00f3<\/li>\n\n\n\n<li>M\u00e9dico Legista &#8211; 02 vagas &#8211; Lages<\/li>\n\n\n\n<li>M\u00e9dico Legista &#8211; 02 vagas &#8211; Balne\u00e1rio Cambori\u00fa<\/li>\n\n\n\n<li>M\u00e9dico Legista &#8211; 02 vagas &#8211; Joa\u00e7aba<\/li>\n\n\n\n<li>Odontolegista &#8211; 01 vagas &#8211; Florian\u00f3polis<\/li>\n\n\n\n<li>Bioqu\u00edmico &#8211; 05 vagas &#8211; Estadual<\/li>\n<\/ul>\n\n\n\n<p style=\"font-size:clamp(14px, 0.875rem + ((1vw - 3.2px) * 0.392), 18px);px\"><strong>T\u00e9cnico Pericial &#8211; R$ 5.317,94<\/strong><\/p>\n\n\n\n<ul class=\"wp-block-list\">\n<li>Papiloscopista &#8211; 01 vaga &#8211; Florian\u00f3polis<\/li>\n\n\n\n<li>Papiloscopista &#8211; 01 vaga &#8211; Joinville<\/li>\n<\/ul>\n\n\n\n<h4 class=\"wp-block-heading\" id=\"etapas-2017\">Etapas do concurso de 2017<\/h4>\n\n\n\n<ul class=\"wp-block-list\">\n<li>Prova Objetiva de Conhecimentos, de car\u00e1ter eliminat\u00f3rio e classificat\u00f3rio.<\/li>\n\n\n\n<li>Exame de Avalia\u00e7\u00e3o de T\u00edtulos, de car\u00e1ter classificat\u00f3rio.<\/li>\n\n\n\n<li>Exame de Avalia\u00e7\u00e3o da Aptid\u00e3o Psicol\u00f3gica Vocacionada, de car\u00e1ter eliminat\u00f3rio.<\/li>\n\n\n\n<li>Exame Toxicol\u00f3gico, de car\u00e1ter eliminat\u00f3rio.<\/li>\n\n\n\n<li>Investiga\u00e7\u00e3o Social, de car\u00e1ter eliminat\u00f3rio.<\/li>\n<\/ul>\n\n\n\n<p id=\"prova-objetiva\">A <strong>Prova Objetiva<\/strong> foi composta por 2 provas: Prova de Conhecimentos Gerais (Peso 1) e prova de Conhecimentos Espec\u00edficos (Peso 2).<\/p>\n\n\n\n<ul class=\"wp-block-list\">\n<li><strong>Cargo de Perito Criminal<\/strong>\n<ul class=\"wp-block-list\">\n<li>L\u00edngua&nbsp;Portuguesa&nbsp;\u2010&nbsp;10&nbsp;quest\u00f5es<\/li>\n\n\n\n<li>Ingl\u00eas&nbsp;\u2013&nbsp;08&nbsp;quest\u00f5es<\/li>\n\n\n\n<li>No\u00e7\u00f5es&nbsp;de&nbsp;Direito&nbsp;\u2013&nbsp;12&nbsp;quest\u00f5es<\/li>\n\n\n\n<li>No\u00e7\u00f5es&nbsp;de&nbsp;L\u00f3gica&nbsp;\u2013&nbsp;5&nbsp;quest\u00f5es<\/li>\n\n\n\n<li>No\u00e7\u00f5es&nbsp;de&nbsp;Inform\u00e1tica&nbsp;\u2013&nbsp;5&nbsp;quest\u00f5es<\/li>\n\n\n\n<li>Conhecimentos Espec\u00edficos para cada \u00e1rea<\/li>\n<\/ul>\n<\/li>\n<\/ul>\n\n\n\n<ul class=\"wp-block-list\">\n<li><strong>Cargo de T\u00e9cnico Pericial<\/strong>\n<ul class=\"wp-block-list\">\n<li>L\u00edngua&nbsp;Portuguesa&nbsp;\u2010&nbsp;10&nbsp;quest\u00f5es<\/li>\n\n\n\n<li>Ingl\u00eas&nbsp;\u2013&nbsp;08&nbsp;quest\u00f5es<\/li>\n\n\n\n<li>No\u00e7\u00f5es&nbsp;de&nbsp;Direito&nbsp;\u2013&nbsp;12&nbsp;quest\u00f5es<\/li>\n\n\n\n<li>No\u00e7\u00f5es&nbsp;de&nbsp;L\u00f3gica&nbsp;\u2013&nbsp;5&nbsp;quest\u00f5es<\/li>\n\n\n\n<li>No\u00e7\u00f5es&nbsp;de&nbsp;Inform\u00e1tica&nbsp;\u2013&nbsp;5&nbsp;quest\u00f5es<\/li>\n<\/ul>\n<\/li>\n<\/ul>\n\n\n\n<p id=\"exame-de-avaliacao-de-titulos\"><strong>Exame&nbsp;de&nbsp;Avalia\u00e7\u00e3o&nbsp;de&nbsp;T\u00edtulos<\/strong><\/p>\n\n\n\n<ul class=\"wp-block-list\">\n<li>Doutorado: 3,50 pontos<\/li>\n\n\n\n<li>Mestrado: 2,00 pontos<\/li>\n\n\n\n<li>P\u00f3s-Gradua\u00e7\u00e3o (lato sensu): 1,50 pontos<\/li>\n\n\n\n<li>Experi\u00eancia Profissional: 0,40 por ano completo. M\u00e1ximo de 2,00 pontos<\/li>\n\n\n\n<li>Experi\u00eancia Profissional em \u00c1rea Correlata: 0,20 pontos por ano completo. M\u00e1ximo de 1,00 ponto<\/li>\n<\/ul>\n\n\n\n<hr class=\"wp-block-separator has-css-opacity\"\/>\n\n\n\n<h2 class=\"wp-block-heading has-text-align-center\" id=\"h-quer-saber-tudo-sobre-concursos-previstos-confira-nossos-artigos\">Quer saber tudo sobre concursos previstos?<br \/>Confira nossos artigos!<\/h2>\n\n\n\n<ul class=\"wp-block-list\">\n<li><a href=\"https:\/\/www.estrategiaconcursos.com.br\/blog\/concursos-abertos\/\" target=\"_blank\" rel=\"noreferrer noopener\">Concursos abertos<\/a><\/li>\n\n\n\n<li><a href=\"https:\/\/www.estrategiaconcursos.com.br\/blog\/concursos-2026\/\">Concursos 2026<\/a><\/li>\n\n\n\n<li><a href=\"https:\/\/www.estrategiaconcursos.com.br\/blog\/concursos-de-policia\/\" target=\"_blank\" rel=\"noreferrer noopener\">Concursos Policiais<\/a><\/li>\n<\/ul>\n\n\n\n<h2 class=\"wp-block-heading has-text-align-center\" id=\"curso\">Quer estudar para o concurso Pol\u00edcia Cient\u00edfica SC?<\/h2>\n\n\n\n<div class=\"container\" id=\"boxes\">\n  <div class=\"row\">\n\n    <div class=\"col-sm\">\n      <div class=\"banner-policia-cientifica\" id=\"box-assinatura\">\n        <h3 class=\"titulo-assinatura\" style=\"text-align: left;\">Concurso Pol\u00edcia Cient\u00edfica SC<\/h3>\n        <p class=\"subtitulo-assinatura\" style=\"text-align: left;\">Conhe\u00e7a os cursos<\/p>\n        <div class=\"box-botao\" style=\"text-align: left;\">\n          <a class=\"btn-assinatura\" target=\"_blank\" href=\"https:\/\/www.estrategiaconcursos.com.br\/cursosPorConcurso\/instituto-geral-de-pericias-de-santa-catarina-igp-sc\/\" role=\"button\" rel=\"noopener noreferrer\">CLIQUE AQUI<\/a>\n        <\/div>\n      <\/div><\/div><\/div><\/div>\n\n\n\n<div id=\"boxes\" class=\"container\">\n<div class=\"row\">\n<div class=\"col-sm\">\n<div id=\"box-assinatura\" class=\"estrategia\">\n<h3 class=\"titulo-assinatura\">Assinatura de Concursos<\/h3>\n<p class=\"subtitulo-assinatura\">Assinatura de 1 ou 2 anos*<\/p>\n<div class=\"box-botao\"><a class=\"btn-assinatura\" role=\"button\" href=\"https:\/\/www.estrategiaconcursos.com.br\/assinaturas\/\" target=\"_blank\" rel=\"noopener noreferrer\">ASSINE AGORA<\/a><\/div>\n<\/div><\/div><\/div><\/div>\n\n\n\n<figure class=\"wp-block-image size-large is-resized\"><img loading=\"lazy\" decoding=\"async\" width=\"1024\" height=\"632\" src=\"https:\/\/dhg1h5j42swfq.cloudfront.net\/2021\/05\/20215428\/ficha-tecnica-1-1024x632-1-15.png\" alt=\"Ficha do concurso IGP SC\" class=\"wp-image-746613\" style=\"width:265px;height:164px\" srcset=\"https:\/\/dhg1h5j42swfq.cloudfront.net\/2021\/05\/20215428\/ficha-tecnica-1-1024x632-1-15.png 1024w, https:\/\/dhg1h5j42swfq.cloudfront.net\/2021\/05\/20215428\/ficha-tecnica-1-1024x632-1-15-300x185.png 300w, https:\/\/dhg1h5j42swfq.cloudfront.net\/2021\/05\/20215428\/ficha-tecnica-1-1024x632-1-15-768x474.png 768w, https:\/\/dhg1h5j42swfq.cloudfront.net\/2021\/05\/20215428\/ficha-tecnica-1-1024x632-1-15-610x376.png 610w\" sizes=\"auto, (max-width: 1024px) 100vw, 1024px\" \/><\/figure>\n\n\n\n<h3 class=\"wp-block-heading\" id=\"ficha\"><span style=\"color: #000000;\">Informa\u00e7\u00f5es do novo concurso Pol\u00edcia Cient\u00edfica<\/span> <span style=\"color: #000000;\">SC<\/span><\/h3>\n\n\n\n<ul class=\"wp-block-list\">\n<li><strong>Provas<\/strong>: 22\/02\/2026<\/li>\n\n\n\n<li><strong>Vagas<\/strong>: 60 + CR<\/li>\n\n\n\n<li><strong>Cargos<\/strong>: Perito Oficial Criminal<\/li>\n\n\n\n<li><strong>Banca<\/strong>: FEPESE<\/li>\n\n\n\n<li><strong>Escolaridade<\/strong>: n\u00edvel superior<\/li>\n\n\n\n<li><strong>Edital:<\/strong> <a href=\"https:\/\/dhg1h5j42swfq.cloudfront.net\/2025\/12\/19164838\/2025_001_cp_pci.pdf\" target=\"_blank\" rel=\"noreferrer noopener nofollow\">Pol\u00edcia Cient\u00edfica SC-2025<\/a><\/li>\n<\/ul>\n","protected":false},"excerpt":{"rendered":"<p>Edital do concurso Pol\u00edcia Cient\u00edfica SC tem 60 vagas imediatas e em cadastro de reserva! Foi divulgado o resultado preliminar do Teste de Aptid\u00e3o F\u00edsica (TAF) do concurso Pol\u00edcia Cient\u00edfica SC (Instituto Geral de Per\u00edcias de Santa Catarina). Os interessados podem ingressar com recursos entre os dias 06 e 07 de abril, no site da [&hellip;]<\/p>\n","protected":false},"author":1,"featured_media":1112797,"comment_status":"open","ping_status":"open","sticky":false,"template":"","format":"standard","meta":{"post_tipo":"news_page","footnotes":""},"categories":[220190],"tags":[2590],"tax_estado":[219987],"class_list":["post-72245","post","type-post","status-publish","format-standard","has-post-thumbnail","hentry","category-policial-peritos","tag-concurso-igp-sc","tax_estado-sc"],"acf":[],"yoast_head":"<!-- This site is optimized with the Yoast SEO Premium plugin v27.2 (Yoast SEO v27.2) - https:\/\/yoast.com\/product\/yoast-seo-premium-wordpress\/ -->\n<title>Concurso Pol\u00edcia Cient\u00edfica SC: saiu o resultado preliminar do TAF<\/title>\n<meta name=\"description\" content=\"Concurso Pol\u00edcia Cient\u00edfica SC tem edital publicado com 60 vagas e iniciais de R$ 27,7 mil. Sa\u00edram os resultados preliminares do TAF!\" \/>\n<meta name=\"robots\" content=\"index, follow, max-snippet:-1, max-image-preview:large, max-video-preview:-1\" \/>\n<link rel=\"canonical\" href=\"https:\/\/www.estrategiaconcursos.com.br\/blog\/concurso-policia-cientifica-sc\/\" \/>\n<meta property=\"og:locale\" content=\"pt_BR\" \/>\n<meta property=\"og:type\" content=\"article\" \/>\n<meta property=\"og:title\" content=\"Concurso Pol\u00edcia Cient\u00edfica SC: saiu o resultado preliminar do TAF\" \/>\n<meta property=\"og:description\" content=\"Concurso Pol\u00edcia Cient\u00edfica SC tem edital publicado com 60 vagas e iniciais de R$ 27,7 mil. Sa\u00edram os resultados preliminares do TAF!\" \/>\n<meta property=\"og:url\" content=\"https:\/\/www.estrategiaconcursos.com.br\/blog\/concurso-policia-cientifica-sc\/\" \/>\n<meta property=\"og:site_name\" content=\"Estrat\u00e9gia Concursos\" \/>\n<meta property=\"article:author\" content=\"https:\/\/www.facebook.com\/EstrategiaConcursos\" \/>\n<meta property=\"article:published_time\" content=\"2026-04-06T18:00:00+00:00\" \/>\n<meta property=\"article:modified_time\" content=\"2026-04-06T18:21:13+00:00\" \/>\n<meta property=\"og:image\" content=\"https:\/\/dhg1h5j42swfq.cloudfront.net\/2022\/09\/19155627\/concurso-policia-cientifica-sc.jpg\" \/>\n\t<meta property=\"og:image:width\" content=\"768\" \/>\n\t<meta property=\"og:image:height\" content=\"432\" \/>\n\t<meta property=\"og:image:type\" content=\"image\/jpeg\" \/>\n<meta name=\"author\" content=\"Coordena\u00e7\u00e3o\" \/>\n<meta name=\"twitter:card\" content=\"summary_large_image\" \/>\n<meta name=\"twitter:creator\" content=\"@EstratConcursos\" \/>\n<meta name=\"twitter:site\" content=\"@EstratConcursos\" \/>\n<meta name=\"twitter:label1\" content=\"Escrito por\" \/>\n\t<meta name=\"twitter:data1\" content=\"Coordena\u00e7\u00e3o\" \/>\n\t<meta name=\"twitter:label2\" content=\"Est. tempo de leitura\" \/>\n\t<meta name=\"twitter:data2\" content=\"11 minutos\" \/>\n<script type=\"application\/ld+json\" class=\"yoast-schema-graph\">{\"@context\":\"https:\/\/schema.org\",\"@graph\":[{\"@type\":\"NewsArticle\",\"@id\":\"https:\/\/www.estrategiaconcursos.com.br\/blog\/concurso-policia-cientifica-sc\/#article\",\"isPartOf\":{\"@id\":\"https:\/\/www.estrategiaconcursos.com.br\/blog\/concurso-policia-cientifica-sc\/\"},\"author\":{\"name\":\"Coordena\u00e7\u00e3o\",\"@id\":\"https:\/\/www.estrategiaconcursos.com.br\/blog\/#\/schema\/person\/b4a388c97673c5f483d72185668afa1f\"},\"headline\":\"Concurso Pol\u00edcia Cient\u00edfica SC: saiu o resultado preliminar do TAF\",\"datePublished\":\"2026-04-06T18:00:00+00:00\",\"dateModified\":\"2026-04-06T18:21:13+00:00\",\"mainEntityOfPage\":{\"@id\":\"https:\/\/www.estrategiaconcursos.com.br\/blog\/concurso-policia-cientifica-sc\/\"},\"wordCount\":1782,\"commentCount\":13,\"publisher\":{\"@id\":\"https:\/\/www.estrategiaconcursos.com.br\/blog\/#organization\"},\"image\":{\"@id\":\"https:\/\/www.estrategiaconcursos.com.br\/blog\/concurso-policia-cientifica-sc\/#primaryimage\"},\"thumbnailUrl\":\"https:\/\/dhg1h5j42swfq.cloudfront.net\/2022\/09\/19155627\/concurso-policia-cientifica-sc.jpg\",\"keywords\":[\"concurso IGP SC\"],\"articleSection\":[\"Policial (Peritos, Papiloscopistas)\"],\"inLanguage\":\"pt-BR\",\"potentialAction\":[{\"@type\":\"CommentAction\",\"name\":\"Comment\",\"target\":[\"https:\/\/www.estrategiaconcursos.com.br\/blog\/concurso-policia-cientifica-sc\/#respond\"]}],\"copyrightYear\":\"2026\",\"copyrightHolder\":{\"@id\":\"https:\/\/www.estrategiaconcursos.com.br\/blog\/#organization\"}},{\"@type\":\"WebPage\",\"@id\":\"https:\/\/www.estrategiaconcursos.com.br\/blog\/concurso-policia-cientifica-sc\/\",\"url\":\"https:\/\/www.estrategiaconcursos.com.br\/blog\/concurso-policia-cientifica-sc\/\",\"name\":\"Concurso Pol\u00edcia Cient\u00edfica SC: saiu o resultado preliminar do TAF\",\"isPartOf\":{\"@id\":\"https:\/\/www.estrategiaconcursos.com.br\/blog\/#website\"},\"primaryImageOfPage\":{\"@id\":\"https:\/\/www.estrategiaconcursos.com.br\/blog\/concurso-policia-cientifica-sc\/#primaryimage\"},\"image\":{\"@id\":\"https:\/\/www.estrategiaconcursos.com.br\/blog\/concurso-policia-cientifica-sc\/#primaryimage\"},\"thumbnailUrl\":\"https:\/\/dhg1h5j42swfq.cloudfront.net\/2022\/09\/19155627\/concurso-policia-cientifica-sc.jpg\",\"datePublished\":\"2026-04-06T18:00:00+00:00\",\"dateModified\":\"2026-04-06T18:21:13+00:00\",\"description\":\"Concurso Pol\u00edcia Cient\u00edfica SC tem edital publicado com 60 vagas e iniciais de R$ 27,7 mil. Sa\u00edram os resultados preliminares do TAF!\",\"breadcrumb\":{\"@id\":\"https:\/\/www.estrategiaconcursos.com.br\/blog\/concurso-policia-cientifica-sc\/#breadcrumb\"},\"inLanguage\":\"pt-BR\",\"potentialAction\":[{\"@type\":\"ReadAction\",\"target\":[\"https:\/\/www.estrategiaconcursos.com.br\/blog\/concurso-policia-cientifica-sc\/\"]}]},{\"@type\":\"ImageObject\",\"inLanguage\":\"pt-BR\",\"@id\":\"https:\/\/www.estrategiaconcursos.com.br\/blog\/concurso-policia-cientifica-sc\/#primaryimage\",\"url\":\"https:\/\/dhg1h5j42swfq.cloudfront.net\/2022\/09\/19155627\/concurso-policia-cientifica-sc.jpg\",\"contentUrl\":\"https:\/\/dhg1h5j42swfq.cloudfront.net\/2022\/09\/19155627\/concurso-policia-cientifica-sc.jpg\",\"width\":768,\"height\":432,\"caption\":\"concurso pol\u00edcia cient\u00edfica sc\"},{\"@type\":\"BreadcrumbList\",\"@id\":\"https:\/\/www.estrategiaconcursos.com.br\/blog\/concurso-policia-cientifica-sc\/#breadcrumb\",\"itemListElement\":[{\"@type\":\"ListItem\",\"position\":1,\"name\":\"In\u00edcio\",\"item\":\"https:\/\/www.estrategiaconcursos.com.br\/blog\/\"},{\"@type\":\"ListItem\",\"position\":2,\"name\":\"Concurso Pol\u00edcia Cient\u00edfica SC: saiu o resultado preliminar do TAF\"}]},{\"@type\":\"WebSite\",\"@id\":\"https:\/\/www.estrategiaconcursos.com.br\/blog\/#website\",\"url\":\"https:\/\/www.estrategiaconcursos.com.br\/blog\/\",\"name\":\"Estrat\u00e9gia Concursos\",\"description\":\"O blog da Estrat\u00e9gia Concursos traz not\u00edcias sobre concursos e artigos de professores oferecendo cursos para concursos (pdf + videaulas) no site.\",\"publisher\":{\"@id\":\"https:\/\/www.estrategiaconcursos.com.br\/blog\/#organization\"},\"potentialAction\":[{\"@type\":\"SearchAction\",\"target\":{\"@type\":\"EntryPoint\",\"urlTemplate\":\"https:\/\/www.estrategiaconcursos.com.br\/blog\/?s={search_term_string}\"},\"query-input\":{\"@type\":\"PropertyValueSpecification\",\"valueRequired\":true,\"valueName\":\"search_term_string\"}}],\"inLanguage\":\"pt-BR\"},{\"@type\":\"Organization\",\"@id\":\"https:\/\/www.estrategiaconcursos.com.br\/blog\/#organization\",\"name\":\"Estrat\u00e9gia Concursos\",\"url\":\"https:\/\/www.estrategiaconcursos.com.br\/blog\/\",\"logo\":{\"@type\":\"ImageObject\",\"inLanguage\":\"pt-BR\",\"@id\":\"https:\/\/www.estrategiaconcursos.com.br\/blog\/#\/schema\/logo\/image\/\",\"url\":\"https:\/\/dhg1h5j42swfq.cloudfront.net\/2025\/06\/03203428\/logo_concursos-1.jpg\",\"contentUrl\":\"https:\/\/dhg1h5j42swfq.cloudfront.net\/2025\/06\/03203428\/logo_concursos-1.jpg\",\"width\":230,\"height\":60,\"caption\":\"Estrat\u00e9gia Concursos\"},\"image\":{\"@id\":\"https:\/\/www.estrategiaconcursos.com.br\/blog\/#\/schema\/logo\/image\/\"},\"sameAs\":[\"https:\/\/x.com\/EstratConcursos\"]},{\"@type\":\"Person\",\"@id\":\"https:\/\/www.estrategiaconcursos.com.br\/blog\/#\/schema\/person\/b4a388c97673c5f483d72185668afa1f\",\"name\":\"Coordena\u00e7\u00e3o\",\"image\":{\"@type\":\"ImageObject\",\"inLanguage\":\"pt-BR\",\"@id\":\"https:\/\/secure.gravatar.com\/avatar\/b720319e4c9a967eb58678d110f4fe35452fc5d5f97b202bac7b8acceb18c6ad?s=96&d=mm&r=g\",\"url\":\"https:\/\/secure.gravatar.com\/avatar\/b720319e4c9a967eb58678d110f4fe35452fc5d5f97b202bac7b8acceb18c6ad?s=96&d=mm&r=g\",\"contentUrl\":\"https:\/\/secure.gravatar.com\/avatar\/b720319e4c9a967eb58678d110f4fe35452fc5d5f97b202bac7b8acceb18c6ad?s=96&d=mm&r=g\",\"caption\":\"Coordena\u00e7\u00e3o\"},\"sameAs\":[\"https:\/\/www.facebook.com\/EstrategiaConcursos\",\"https:\/\/x.com\/EstratConcursos\"],\"url\":\"https:\/\/www.estrategiaconcursos.com.br\/blog\/author\/estrategia2013\/\"}]}<\/script>\n<!-- \/ Yoast SEO Premium plugin. -->","yoast_head_json":{"title":"Concurso Pol\u00edcia Cient\u00edfica SC: saiu o resultado preliminar do TAF","description":"Concurso Pol\u00edcia Cient\u00edfica SC tem edital publicado com 60 vagas e iniciais de R$ 27,7 mil. Sa\u00edram os resultados preliminares do TAF!","robots":{"index":"index","follow":"follow","max-snippet":"max-snippet:-1","max-image-preview":"max-image-preview:large","max-video-preview":"max-video-preview:-1"},"canonical":"https:\/\/www.estrategiaconcursos.com.br\/blog\/concurso-policia-cientifica-sc\/","og_locale":"pt_BR","og_type":"article","og_title":"Concurso Pol\u00edcia Cient\u00edfica SC: saiu o resultado preliminar do TAF","og_description":"Concurso Pol\u00edcia Cient\u00edfica SC tem edital publicado com 60 vagas e iniciais de R$ 27,7 mil. Sa\u00edram os resultados preliminares do TAF!","og_url":"https:\/\/www.estrategiaconcursos.com.br\/blog\/concurso-policia-cientifica-sc\/","og_site_name":"Estrat\u00e9gia Concursos","article_author":"https:\/\/www.facebook.com\/EstrategiaConcursos","article_published_time":"2026-04-06T18:00:00+00:00","article_modified_time":"2026-04-06T18:21:13+00:00","og_image":[{"width":768,"height":432,"url":"https:\/\/dhg1h5j42swfq.cloudfront.net\/2022\/09\/19155627\/concurso-policia-cientifica-sc.jpg","type":"image\/jpeg"}],"author":"Coordena\u00e7\u00e3o","twitter_card":"summary_large_image","twitter_creator":"@EstratConcursos","twitter_site":"@EstratConcursos","twitter_misc":{"Escrito por":"Coordena\u00e7\u00e3o","Est. tempo de leitura":"11 minutos"},"schema":{"@context":"https:\/\/schema.org","@graph":[{"@type":"NewsArticle","@id":"https:\/\/www.estrategiaconcursos.com.br\/blog\/concurso-policia-cientifica-sc\/#article","isPartOf":{"@id":"https:\/\/www.estrategiaconcursos.com.br\/blog\/concurso-policia-cientifica-sc\/"},"author":{"name":"Coordena\u00e7\u00e3o","@id":"https:\/\/www.estrategiaconcursos.com.br\/blog\/#\/schema\/person\/b4a388c97673c5f483d72185668afa1f"},"headline":"Concurso Pol\u00edcia Cient\u00edfica SC: saiu o resultado preliminar do TAF","datePublished":"2026-04-06T18:00:00+00:00","dateModified":"2026-04-06T18:21:13+00:00","mainEntityOfPage":{"@id":"https:\/\/www.estrategiaconcursos.com.br\/blog\/concurso-policia-cientifica-sc\/"},"wordCount":1782,"commentCount":13,"publisher":{"@id":"https:\/\/www.estrategiaconcursos.com.br\/blog\/#organization"},"image":{"@id":"https:\/\/www.estrategiaconcursos.com.br\/blog\/concurso-policia-cientifica-sc\/#primaryimage"},"thumbnailUrl":"https:\/\/dhg1h5j42swfq.cloudfront.net\/2022\/09\/19155627\/concurso-policia-cientifica-sc.jpg","keywords":["concurso IGP SC"],"articleSection":["Policial (Peritos, Papiloscopistas)"],"inLanguage":"pt-BR","potentialAction":[{"@type":"CommentAction","name":"Comment","target":["https:\/\/www.estrategiaconcursos.com.br\/blog\/concurso-policia-cientifica-sc\/#respond"]}],"copyrightYear":"2026","copyrightHolder":{"@id":"https:\/\/www.estrategiaconcursos.com.br\/blog\/#organization"}},{"@type":"WebPage","@id":"https:\/\/www.estrategiaconcursos.com.br\/blog\/concurso-policia-cientifica-sc\/","url":"https:\/\/www.estrategiaconcursos.com.br\/blog\/concurso-policia-cientifica-sc\/","name":"Concurso Pol\u00edcia Cient\u00edfica SC: saiu o resultado preliminar do TAF","isPartOf":{"@id":"https:\/\/www.estrategiaconcursos.com.br\/blog\/#website"},"primaryImageOfPage":{"@id":"https:\/\/www.estrategiaconcursos.com.br\/blog\/concurso-policia-cientifica-sc\/#primaryimage"},"image":{"@id":"https:\/\/www.estrategiaconcursos.com.br\/blog\/concurso-policia-cientifica-sc\/#primaryimage"},"thumbnailUrl":"https:\/\/dhg1h5j42swfq.cloudfront.net\/2022\/09\/19155627\/concurso-policia-cientifica-sc.jpg","datePublished":"2026-04-06T18:00:00+00:00","dateModified":"2026-04-06T18:21:13+00:00","description":"Concurso Pol\u00edcia Cient\u00edfica SC tem edital publicado com 60 vagas e iniciais de R$ 27,7 mil. Sa\u00edram os resultados preliminares do TAF!","breadcrumb":{"@id":"https:\/\/www.estrategiaconcursos.com.br\/blog\/concurso-policia-cientifica-sc\/#breadcrumb"},"inLanguage":"pt-BR","potentialAction":[{"@type":"ReadAction","target":["https:\/\/www.estrategiaconcursos.com.br\/blog\/concurso-policia-cientifica-sc\/"]}]},{"@type":"ImageObject","inLanguage":"pt-BR","@id":"https:\/\/www.estrategiaconcursos.com.br\/blog\/concurso-policia-cientifica-sc\/#primaryimage","url":"https:\/\/dhg1h5j42swfq.cloudfront.net\/2022\/09\/19155627\/concurso-policia-cientifica-sc.jpg","contentUrl":"https:\/\/dhg1h5j42swfq.cloudfront.net\/2022\/09\/19155627\/concurso-policia-cientifica-sc.jpg","width":768,"height":432,"caption":"concurso pol\u00edcia cient\u00edfica sc"},{"@type":"BreadcrumbList","@id":"https:\/\/www.estrategiaconcursos.com.br\/blog\/concurso-policia-cientifica-sc\/#breadcrumb","itemListElement":[{"@type":"ListItem","position":1,"name":"In\u00edcio","item":"https:\/\/www.estrategiaconcursos.com.br\/blog\/"},{"@type":"ListItem","position":2,"name":"Concurso Pol\u00edcia Cient\u00edfica SC: saiu o resultado preliminar do TAF"}]},{"@type":"WebSite","@id":"https:\/\/www.estrategiaconcursos.com.br\/blog\/#website","url":"https:\/\/www.estrategiaconcursos.com.br\/blog\/","name":"Estrat\u00e9gia Concursos","description":"O blog da Estrat\u00e9gia Concursos traz not\u00edcias sobre concursos e artigos de professores oferecendo cursos para concursos (pdf + videaulas) no site.","publisher":{"@id":"https:\/\/www.estrategiaconcursos.com.br\/blog\/#organization"},"potentialAction":[{"@type":"SearchAction","target":{"@type":"EntryPoint","urlTemplate":"https:\/\/www.estrategiaconcursos.com.br\/blog\/?s={search_term_string}"},"query-input":{"@type":"PropertyValueSpecification","valueRequired":true,"valueName":"search_term_string"}}],"inLanguage":"pt-BR"},{"@type":"Organization","@id":"https:\/\/www.estrategiaconcursos.com.br\/blog\/#organization","name":"Estrat\u00e9gia Concursos","url":"https:\/\/www.estrategiaconcursos.com.br\/blog\/","logo":{"@type":"ImageObject","inLanguage":"pt-BR","@id":"https:\/\/www.estrategiaconcursos.com.br\/blog\/#\/schema\/logo\/image\/","url":"https:\/\/dhg1h5j42swfq.cloudfront.net\/2025\/06\/03203428\/logo_concursos-1.jpg","contentUrl":"https:\/\/dhg1h5j42swfq.cloudfront.net\/2025\/06\/03203428\/logo_concursos-1.jpg","width":230,"height":60,"caption":"Estrat\u00e9gia Concursos"},"image":{"@id":"https:\/\/www.estrategiaconcursos.com.br\/blog\/#\/schema\/logo\/image\/"},"sameAs":["https:\/\/x.com\/EstratConcursos"]},{"@type":"Person","@id":"https:\/\/www.estrategiaconcursos.com.br\/blog\/#\/schema\/person\/b4a388c97673c5f483d72185668afa1f","name":"Coordena\u00e7\u00e3o","image":{"@type":"ImageObject","inLanguage":"pt-BR","@id":"https:\/\/secure.gravatar.com\/avatar\/b720319e4c9a967eb58678d110f4fe35452fc5d5f97b202bac7b8acceb18c6ad?s=96&d=mm&r=g","url":"https:\/\/secure.gravatar.com\/avatar\/b720319e4c9a967eb58678d110f4fe35452fc5d5f97b202bac7b8acceb18c6ad?s=96&d=mm&r=g","contentUrl":"https:\/\/secure.gravatar.com\/avatar\/b720319e4c9a967eb58678d110f4fe35452fc5d5f97b202bac7b8acceb18c6ad?s=96&d=mm&r=g","caption":"Coordena\u00e7\u00e3o"},"sameAs":["https:\/\/www.facebook.com\/EstrategiaConcursos","https:\/\/x.com\/EstratConcursos"],"url":"https:\/\/www.estrategiaconcursos.com.br\/blog\/author\/estrategia2013\/"}]}},"_links":{"self":[{"href":"https:\/\/www.estrategiaconcursos.com.br\/blog\/wp-json\/wp\/v2\/posts\/72245","targetHints":{"allow":["GET"]}}],"collection":[{"href":"https:\/\/www.estrategiaconcursos.com.br\/blog\/wp-json\/wp\/v2\/posts"}],"about":[{"href":"https:\/\/www.estrategiaconcursos.com.br\/blog\/wp-json\/wp\/v2\/types\/post"}],"author":[{"embeddable":true,"href":"https:\/\/www.estrategiaconcursos.com.br\/blog\/wp-json\/wp\/v2\/users\/1"}],"replies":[{"embeddable":true,"href":"https:\/\/www.estrategiaconcursos.com.br\/blog\/wp-json\/wp\/v2\/comments?post=72245"}],"version-history":[{"count":153,"href":"https:\/\/www.estrategiaconcursos.com.br\/blog\/wp-json\/wp\/v2\/posts\/72245\/revisions"}],"predecessor-version":[{"id":1749060,"href":"https:\/\/www.estrategiaconcursos.com.br\/blog\/wp-json\/wp\/v2\/posts\/72245\/revisions\/1749060"}],"wp:featuredmedia":[{"embeddable":true,"href":"https:\/\/www.estrategiaconcursos.com.br\/blog\/wp-json\/wp\/v2\/media\/1112797"}],"wp:attachment":[{"href":"https:\/\/www.estrategiaconcursos.com.br\/blog\/wp-json\/wp\/v2\/media?parent=72245"}],"wp:term":[{"taxonomy":"category","embeddable":true,"href":"https:\/\/www.estrategiaconcursos.com.br\/blog\/wp-json\/wp\/v2\/categories?post=72245"},{"taxonomy":"post_tag","embeddable":true,"href":"https:\/\/www.estrategiaconcursos.com.br\/blog\/wp-json\/wp\/v2\/tags?post=72245"},{"taxonomy":"tax_estado","embeddable":true,"href":"https:\/\/www.estrategiaconcursos.com.br\/blog\/wp-json\/wp\/v2\/tax_estado?post=72245"}],"curies":[{"name":"wp","href":"https:\/\/api.w.org\/{rel}","templated":true}]}}