{"id":722003,"date":"2026-03-30T19:18:40","date_gmt":"2026-03-30T22:18:40","guid":{"rendered":"https:\/\/www.estrategiaconcursos.com.br\/blog\/?p=722003"},"modified":"2026-03-31T19:18:40","modified_gmt":"2026-03-31T22:18:40","slug":"concurso-policia-penal-df","status":"publish","type":"post","link":"https:\/\/www.estrategiaconcursos.com.br\/blog\/concurso-policia-penal-df\/","title":{"rendered":"Concurso Pol\u00edcia Penal DF: 1.179 vagas. Validade at\u00e9 2027!"},"content":{"rendered":"\n<p style=\"font-size:clamp(15.197px, 0.95rem + ((1vw - 3.2px) * 0.765), 23px);\"><em><strong>Validade do \u00faltimo concurso Pol\u00edcia Penal DF foi prorrogada at\u00e9 agosto de 2027. 753 nomea\u00e7\u00f5es est\u00e3o previstas na LDO 2026!<\/strong><\/em><\/p>\n\n\n\n<p>Foi prorrogado o prazo de validade do <strong>concurso Pol\u00edcia Penal DF<\/strong>. Segundo divulgado no Di\u00e1rio Oficial do Distrito Federal, a sele\u00e7\u00e3o seguir\u00e1 vigente at\u00e9 <strong>agosto de 2027<\/strong>. <\/p>\n\n\n\n<p>Inclusive, a <strong>Lei de Diretrizes Or\u00e7ament\u00e1rias (LDO) de 2026 <\/strong>prev\u00ea a nomea\u00e7\u00e3o de 753 aprovados no \u00faltimo concurso. Os provimentos est\u00e3o condicionados \u00e0 exist\u00eancia de dota\u00e7\u00e3o or\u00e7ament\u00e1ria e \u00e0 previs\u00e3o na Lei Or\u00e7ament\u00e1ria Anual (LOA). <\/p>\n\n\n\n<ul class=\"wp-block-list\">\n<li><a href=\"https:\/\/dhg1h5j42swfq.cloudfront.net\/2025\/08\/11085424\/anexo-iv-ldo-2026-df.pdf\" target=\"_blank\" rel=\"noreferrer noopener nofollow\">LDO 2026 &#8211; 753 nomea\u00e7\u00f5es previstas<\/a><\/li>\n\n\n\n<li><a href=\"https:\/\/dhg1h5j42swfq.cloudfront.net\/2025\/06\/26085242\/image-261.png\" target=\"_blank\" rel=\"noreferrer noopener nofollow\">Validade prorrogada at\u00e9 2027<\/a><\/li>\n\n\n\n<li><a href=\"https:\/\/dhg1h5j42swfq.cloudfront.net\/2023\/08\/22085230\/diariooficial-2023-08-22t070026-089-50-58.pdf\" target=\"_blank\" rel=\"noreferrer noopener nofollow\">Resultado final e homologa\u00e7\u00e3o<\/a><\/li>\n<\/ul>\n\n\n\n<p>O edital contou com oferta de<strong> 400 vagas imediatas<\/strong>, al\u00e9m de <strong>779 para cadastro de reserva<\/strong>. As oportunidades se destinaram ao cargo de Policial Penal do Distrito Federal, que exige n\u00edvel superior.<\/p>\n\n\n\n<p>Em mar\u00e7o de 2024, foi sancionada a lei de reestrutura\u00e7\u00e3o da carreira de Policial Penal. Com isso, o <strong>subs\u00eddio inicial passa a ser de R$ 9.428,40<\/strong>, podendo chegar a R$ 18.417,51 ao final da carreira. <a href=\"https:\/\/dhg1h5j42swfq.cloudfront.net\/2025\/01\/06171805\/lei-7481-de-26_03_2024.pdf\" target=\"_blank\" rel=\"noreferrer noopener nofollow\">Confira a Lei n\u00ba 7.481\/2024<\/a>!<\/p>\n\n\n\n<p>At\u00e9 o momento, foram registradas 272 nomea\u00e7\u00f5es. Segundo despacho encaminhado \u00e0 Diretoria de Gest\u00e3o Pessoal da SEAP DF, um novo grupo de 150 aprovados deve ser nomeado em breve. <a href=\"https:\/\/dhg1h5j42swfq.cloudfront.net\/2025\/02\/26171937\/image-390.png\" target=\"_blank\" rel=\"noreferrer noopener nofollow\">Confira o documento<\/a>!<\/p>\n\n\n\n<p>Importante destacar que o <a href=\"https:\/\/www.estrategiaconcursos.com.br\/blog\/concursos-seguranca-df-senado-aprova-reajuste\" target=\"_blank\" rel=\"noreferrer noopener\">Senado aprovou uma MP<\/a> que trata dos reajustes e reestrutura\u00e7\u00e3o das carreiras de seguran\u00e7a do DF. Agora, o texto segue para san\u00e7\u00e3o presidencial.<\/p>\n\n\n\n<ul class=\"wp-block-list has-very-light-gray-to-cyan-bluish-gray-gradient-background has-background\">\n<li><strong>Pol\u00edcia Penal DF<\/strong><\/li>\n\n\n\n<li><strong>Status<\/strong>: v\u00e1lido at\u00e9 08\/2027<\/li>\n\n\n\n<li><strong style=\"color: initial;\">Banca<\/strong><span style=\"color: initial;\">: <a href=\"https:\/\/www.institutoaocp.org.br\/\" target=\"_blank\" rel=\"noreferrer noopener\">Instituto AOCP<\/a><\/span><\/li>\n\n\n\n<li><strong style=\"background-color: initial; color: initial;\">Vagas<\/strong><span style=\"background-color: initial; color: initial;\">: 400 + 779 CR<\/span><\/li>\n\n\n\n<li><strong>Sal\u00e1rio<\/strong>: R$ 9.428,40 <\/li>\n\n\n\n<li><strong>Edital<\/strong>:&nbsp;<a href=\"https:\/\/dhg1h5j42swfq.cloudfront.net\/2022\/03\/10064633\/ppdf-1-2.pdf\" target=\"_blank\" rel=\"noreferrer noopener nofollow\">Pol\u00edcia Penal DF&nbsp;&#8211; 2022<\/a> | <a href=\"https:\/\/dhg1h5j42swfq.cloudfront.net\/2022\/03\/28081757\/diariooficial-65.pdf\" target=\"_blank\" rel=\"noreferrer noopener nofollow\">1\u00aa ret.<\/a> | <a href=\"https:\/\/dhg1h5j42swfq.cloudfront.net\/2022\/04\/12172432\/edital-prorrogacao_inscricao-1.pdf\" target=\"_blank\" rel=\"noreferrer noopener nofollow\">2\u00aa ret.<\/a> | <a href=\"https:\/\/dhg1h5j42swfq.cloudfront.net\/2022\/04\/12084811\/edital-003-retifica-ed-abertura.pdf\" target=\"_blank\" rel=\"noreferrer noopener nofollow\">3\u00aa ret.<\/a> | <a href=\"https:\/\/dhg1h5j42swfq.cloudfront.net\/2022\/05\/16112730\/retificacao-adaptacao-teste-fisico.pdf\" target=\"_blank\" rel=\"noreferrer noopener nofollow\">4\u00aa ret.<\/a><\/li>\n<\/ul>\n\n\n\n<p>Neste artigo voc\u00ea encontrar\u00e1 tudo o que precisa saber sobre o concurso. Portanto, acompanhe os t\u00f3picos abaixo e n\u00e3o perca nenhum detalhe!<\/p>\n\n\n\n<ul id=\"indice\" class=\"wp-block-list\">\n<li><a href=\"#situacao\">Informa\u00e7\u00f5es do edital 2022<\/a>\n<ul class=\"wp-block-list\">\n<li><a href=\"#cargos-vagas\">Cargos e vagas<\/a><\/li>\n\n\n\n<li><a href=\"#etapas\">Etapas e provas<\/a><\/li>\n<\/ul>\n<\/li>\n\n\n\n<li><a href=\"#carreira\">Carreira<\/a>\n\n\n\n\n\n\n\n\n\n\n\n\n\n\n\n\n\n\n\n\n<ul class=\"wp-block-list\">\n<li><a href=\"#criacao\">Cria\u00e7\u00e3o da carreira<\/a><\/li>\n\n\n\n<li><a href=\"#cargos\"><span style=\"text-decoration: underline;\">Cargos vagos e ocupados<\/span><\/a><\/li>\n\n\n\n<li><a href=\"#requisitos\">Requisitos do cargo<\/a><\/li>\n\n\n\n<li><a href=\"#remuneracao\">Sal\u00e1rios e Benef\u00edcios<\/a><\/li>\n<\/ul>\n<\/li>\n\n\n\n<li><a href=\"#ultimo\"><span style=\"text-decoration: underline;\">\u00daltimo Concurso<\/span><\/a>\n<ul class=\"wp-block-list\">\n<li><span style=\"text-decoration: underline;\"><a href=\"#etapas-ultimo-certame\">Etapas do concurso<\/a><\/span><\/li>\n<\/ul>\n<\/li>\n\n\n\n<li><a href=\"#cursos-assinatura\">Cursos e Assinaturas<\/a><\/li>\n\n\n\n<li><a href=\"#ficha\">Ficha t\u00e9cnica<\/a><\/li>\n<\/ul>\n\n\n\n<div class=\"container\" id=\"boxes\">\n  <div class=\"row\">\n\n    <div class=\"col-sm\">\n      <div class=\"banner-policia-penal\" id=\"box-assinatura\">\n        <h3 class=\"titulo-assinatura\">Concurso Pol\u00edcia Penal DF<\/h3>\n        <p class=\"subtitulo-assinatura\">Prepare-se para o concurso! \u2b50<\/p>\n        <div class=\"box-botao\">\n          <a class=\"btn-assinatura\" target=\"_blank\" href=\"https:\/\/www.estrategiaconcursos.com.br\/cursosPorConcurso\/subsecretaria-do-sistema-penitenciario-do-distrito-federal-sesipe-df\/\" role=\"button\" rel=\"noopener noreferrer\">CLIQUE AQUI<\/a>\n        <\/div>\n      <\/div>\n     \n    <\/div>\n\n  <\/div>\n<\/div>\n\n\n\n<h2 class=\"wp-block-heading has-very-light-gray-to-cyan-bluish-gray-gradient-background has-background\" id=\"situacao\">Concurso Pol\u00edcia Penal DF: edital 2022<\/h2>\n\n\n\n<p>Veja as informa\u00e7\u00f5es mais importantes do \u00faltimo edital do Concurso Pol\u00edcia Penal DF:<\/p>\n\n\n\n<figure class=\"wp-block-image aligncenter size-full\"><img loading=\"lazy\" decoding=\"async\" width=\"850\" height=\"456\" src=\"https:\/\/dhg1h5j42swfq.cloudfront.net\/2025\/06\/26085242\/image-261.png\" alt=\"Prazo de validade do concurso Pol\u00edcia Penal DF \u00e9 prorrogado\" class=\"wp-image-1596482\" srcset=\"https:\/\/dhg1h5j42swfq.cloudfront.net\/2025\/06\/26085242\/image-261.png 850w, https:\/\/dhg1h5j42swfq.cloudfront.net\/2025\/06\/26085242\/image-261-300x161.png 300w, https:\/\/dhg1h5j42swfq.cloudfront.net\/2025\/06\/26085242\/image-261-768x412.png 768w, https:\/\/dhg1h5j42swfq.cloudfront.net\/2025\/06\/26085242\/image-261-150x80.png 150w\" sizes=\"auto, (max-width: 850px) 100vw, 850px\" \/><figcaption class=\"wp-element-caption\">Prazo de validade do concurso Pol\u00edcia Penal DF \u00e9 prorrogado<\/figcaption><\/figure>\n\n\n\n<h3 class=\"wp-block-heading\" id=\"cargos-vagas\">Cargos e vagas do concurso Pol\u00edcia Penal DF<\/h3>\n\n\n\n<figure class=\"wp-block-table is-style-stripes\"><table class=\"has-very-light-gray-to-cyan-bluish-gray-gradient-background has-background has-fixed-layout\"><thead><tr><th class=\"has-text-align-center\" data-align=\"center\">Cargo<\/th><th class=\"has-text-align-center\" data-align=\"center\">Vagas imediatas<\/th><th class=\"has-text-align-center\" data-align=\"center\">Cadastro reserva<\/th><th class=\"has-text-align-center\" data-align=\"center\">Total<\/th><\/tr><\/thead><tbody><tr><td class=\"has-text-align-center\" data-align=\"center\"><a href=\"https:\/\/www.estrategiaconcursos.com.br\/cursosPorConcurso\/subsecretaria-do-sistema-penitenciario-do-distrito-federal-sesipe-df\/\" target=\"_blank\" rel=\"noreferrer noopener\">Pol\u00edcia Penal<\/a><\/td><td class=\"has-text-align-center\" data-align=\"center\">400<\/td><td class=\"has-text-align-center\" data-align=\"center\">779<\/td><td class=\"has-text-align-center\" data-align=\"center\">1.179<\/td><\/tr><\/tbody><\/table><figcaption class=\"wp-element-caption\">Quadro de vagas para Concurso Pol\u00edcia Penal DF<\/figcaption><\/figure>\n\n\n\n<ul class=\"wp-block-list\">\n<li><strong>Requisitos<\/strong>: N\u00edvel superior<\/li>\n\n\n\n<li><strong>Sal\u00e1rio<\/strong>: R$ 5.445,00<\/li>\n\n\n\n<li><strong>Carga hor\u00e1ria<\/strong>: 40 horas<\/li>\n<\/ul>\n\n\n\n<p>De acordo com a assessoria de comunica\u00e7\u00e3o, foram registrados 58.626 inscritos. <a href=\"https:\/\/dhg1h5j42swfq.cloudfront.net\/2022\/06\/10175709\/image-160.png\" target=\"_blank\" rel=\"noreferrer noopener nofollow\">Confira aqui<\/a>!<\/p>\n\n\n\n<h3 class=\"wp-block-heading\" id=\"etapas\">Etapas e provas do concurso Pol\u00edcia Penal DF<\/h3>\n\n\n\n<p>Os candidatos do concurso Pol\u00edcia Penal DF foram avaliados atrav\u00e9s das seguintes etapas:<\/p>\n\n\n\n<ul class=\"wp-block-list\">\n<li>1\u00aa \u2013 Prova Objetiva, de car\u00e1ter eliminat\u00f3rio e classificat\u00f3rio;<\/li>\n\n\n\n<li>2\u00aa \u2013 Teste de Aptid\u00e3o F\u00edsica, de car\u00e1ter eliminat\u00f3rio;<\/li>\n\n\n\n<li>3\u00aa \u2013 Avalia\u00e7\u00e3o Psicol\u00f3gica, de car\u00e1ter eliminat\u00f3rio;<\/li>\n\n\n\n<li>4\u00aa \u2013 Sindic\u00e2ncia de Vida Pregressa e Investiga\u00e7\u00e3o Social, de car\u00e1ter eliminat\u00f3rio;<\/li>\n\n\n\n<li>5\u00aa \u2013 Curso de Forma\u00e7\u00e3o, de car\u00e1ter eliminat\u00f3rio.<\/li>\n<\/ul>\n\n\n\n<h4 class=\"wp-block-heading\" id=\"objetiva\">Provas Objetivas<\/h4>\n\n\n\n<p>A Prova objetiva foi aplicada na cidade de Bras\u00edlia-DF (RA-I). O julgamento de cada item da prova foi de CERTO ou ERRADO, sendo atribu\u00eddo o valor de 1 ponto para cada marca\u00e7\u00e3o em acordo com o gabarito oficial.<\/p>\n\n\n\n<figure class=\"wp-block-image aligncenter size-full\"><img loading=\"lazy\" decoding=\"async\" width=\"494\" height=\"692\" src=\"https:\/\/dhg1h5j42swfq.cloudfront.net\/2022\/03\/10064901\/image-129-1.png\" alt=\"Tabela com as provas do concurso SESIPE DF\" class=\"wp-image-984252\" srcset=\"https:\/\/dhg1h5j42swfq.cloudfront.net\/2022\/03\/10064901\/image-129-1.png 494w, https:\/\/dhg1h5j42swfq.cloudfront.net\/2022\/03\/10064901\/image-129-1-214x300.png 214w\" sizes=\"auto, (max-width: 494px) 100vw, 494px\" \/><figcaption class=\"wp-element-caption\">Quadro de prova objetiva do concurso PP DF<\/figcaption><\/figure>\n\n\n\n<p>Foi eliminado na prova objetiva e no concurso Pol\u00edcia Penal DF o candidato que se enquadrou em, pelo menos, um dos itens a seguir:<\/p>\n\n\n\n<ul class=\"wp-block-list\">\n<li>obteve nota inferior a 20.00 pontos na soma dos cadernos de conhecimentos b\u00e1sicos;<\/li>\n\n\n\n<li>obteve nota inferior a 40.00 pontos no caderno de Conhecimentos Espec\u00edficos;<\/li>\n\n\n\n<li>obteve nota inferior a 50% na soma de todos os cadernos.<\/li>\n<\/ul>\n\n\n\n<h4 class=\"wp-block-heading\" id=\"pratica\">Teste de Aptid\u00e3o F\u00edsica (TAF)<\/h4>\n\n\n\n<p>O <a href=\"https:\/\/www.estrategiaconcursos.com.br\/blog\/preparacao-teste-aptidao-fisica\/\" target=\"_blank\" rel=\"noreferrer noopener\">Teste de aptid\u00e3o f\u00edsica (TAF)<\/a> foi constitu\u00eddo das seguintes provas:<\/p>\n\n\n\n<ul class=\"wp-block-list\">\n<li>a) Teste Din\u00e2mico de Barra Fixa \u2013 Masculino \/ Teste Est\u00e1tico de Barra Fixa \u2013 Feminino;<\/li>\n\n\n\n<li>b) Impuls\u00e3o horizontal;<\/li>\n\n\n\n<li>c) Flex\u00e3o de Bra\u00e7o com o Apoio;<\/li>\n\n\n\n<li>d) Flex\u00e3o Abdominal;<\/li>\n\n\n\n<li>e) Prova de Corrida de 12 minutos.<\/li>\n<\/ul>\n\n\n\n<h2 class=\"wp-block-heading has-very-light-gray-to-cyan-bluish-gray-gradient-background has-background\" id=\"carreira\">Concurso Pol\u00edcia Penal DF: carreira na PP DF<\/h2>\n\n\n\n<h3 class=\"wp-block-heading\" id=\"criacao\">Carreira de Policial Penal<\/h3>\n\n\n\n<p>Anteriormente, os concursos p\u00fablicos eram realizados no \u00e2mbito da <strong>SESIPE DF<\/strong>. Contudo, ap\u00f3s o governador do Distrito Federal, Ibaneis Rocha, sancionar a lei de regulamenta\u00e7\u00e3o da carreira de policial penal, a nomenclatura mudou para <strong>Pol\u00edcia Penal DF<\/strong>. <\/p>\n\n\n\n<p>O texto abrange informa\u00e7\u00f5es como a quantidade de cargos, as atribui\u00e7\u00f5es, remunera\u00e7\u00e3o, jornada de trabalho. J\u00e1 o quadro de subs\u00eddio demonstra a varia\u00e7\u00e3o salarial da carreira entre R$ 9,4 mil a R$ 18,7 mil.<\/p>\n\n\n\n<p>A carreira \u00e9 composta por 3.000 cargos de Policial Penal, criados a partir da transforma\u00e7\u00e3o da carreira de atividades penitenci\u00e1rias. A medida tamb\u00e9m fixou o quantitativo de cargos para homens e mulheres.<\/p>\n\n\n\n<p>Al\u00e9m disso, a norma tamb\u00e9m estabeleceu o requisito de ensino superior para ingresso nos quadros do \u00f3rg\u00e3o.<\/p>\n\n\n\n<ul class=\"wp-block-list has-very-light-gray-to-cyan-bluish-gray-gradient-background has-background\">\n<li><a href=\"https:\/\/dhg1h5j42swfq.cloudfront.net\/2025\/01\/06171805\/lei-7481-de-26_03_2024.pdf\" target=\"_blank\" rel=\"noreferrer noopener nofollow\">Confira o documento na \u00edntegra!<\/a><\/li>\n<\/ul>\n\n\n\n<h3 class=\"wp-block-heading\" id=\"cargos\">Cargos vagos e ocupados<\/h3>\n\n\n\n<p>Conforme levantamento de julho de 2023, dispon\u00edvel no Portal da Transpar\u00eancia do DF, existem, atualmente, 1.262 cargos vagos para Policial Penal. Confira abaixo a rela\u00e7\u00e3o completa:<\/p>\n\n\n\n<figure class=\"wp-block-table is-style-stripes\"><table class=\"has-very-light-gray-to-cyan-bluish-gray-gradient-background has-background has-fixed-layout\"><thead><tr><th class=\"has-text-align-center\" data-align=\"center\">Refer\u00eancia<\/th><th class=\"has-text-align-center\" data-align=\"center\">Vagos<\/th><th class=\"has-text-align-center\" data-align=\"center\">Ocupados<\/th><th class=\"has-text-align-center\" data-align=\"center\">Total<\/th><\/tr><\/thead><tbody><tr><td class=\"has-text-align-center\" data-align=\"center\">01\/2022<\/td><td class=\"has-text-align-center\" data-align=\"center\">1.286<\/td><td class=\"has-text-align-center\" data-align=\"center\">1.714<\/td><td class=\"has-text-align-center\" data-align=\"center\">3.000<\/td><\/tr><\/tbody><\/table><figcaption class=\"wp-element-caption\">Tabela de cargos vagos e ocupados<\/figcaption><\/figure>\n\n\n\n<h3 class=\"wp-block-heading\" id=\"requisitos\">Principais requisitos da PP DF<\/h3>\n\n\n\n<p>Para concorrer ao cargo do concurso de Policial Penal do Distrito Federal \u00e9 preciso ter&nbsp;idade m\u00ednima de 18 anos e<strong> <\/strong>diploma de <strong>n\u00edvel superior <\/strong>em qualquer \u00e1rea de forma\u00e7\u00e3o.<\/p>\n\n\n\n<h3 class=\"wp-block-heading\" id=\"remuneracao\">Sal\u00e1rios e Benef\u00edcios <\/h3>\n\n\n\n<p>Abaixo, relacionamos as remunera\u00e7\u00f5es que os servidores podem ter durante a carreira profissional quando s\u00e3o aprovados no concurso. <\/p>\n\n\n\n<figure class=\"wp-block-image aligncenter size-full\"><img loading=\"lazy\" decoding=\"async\" width=\"897\" height=\"420\" src=\"https:\/\/dhg1h5j42swfq.cloudfront.net\/2024\/03\/05185950\/image-96.png\" alt=\"Reestrutura\u00e7\u00e3o da Pol\u00edcia Penal DF \u00e9 aprovada; at\u00e9 R$ 18 mil!\" class=\"wp-image-1364160\" srcset=\"https:\/\/dhg1h5j42swfq.cloudfront.net\/2024\/03\/05185950\/image-96.png 897w, https:\/\/dhg1h5j42swfq.cloudfront.net\/2024\/03\/05185950\/image-96-300x140.png 300w, https:\/\/dhg1h5j42swfq.cloudfront.net\/2024\/03\/05185950\/image-96-768x360.png 768w, https:\/\/dhg1h5j42swfq.cloudfront.net\/2024\/03\/05185950\/image-96-610x286.png 610w, https:\/\/dhg1h5j42swfq.cloudfront.net\/2024\/03\/05185950\/image-96-150x70.png 150w\" sizes=\"auto, (max-width: 897px) 100vw, 897px\" \/><figcaption class=\"wp-element-caption\">Reestrutura\u00e7\u00e3o da Pol\u00edcia Penal DF \u00e9 aprovada<\/figcaption><\/figure>\n\n\n\n<h2 class=\"wp-block-heading has-very-light-gray-to-cyan-bluish-gray-gradient-background has-background\" id=\"ultimo\">Concurso Pol\u00edcia Penal DF: \u00faltimo edital SESIPE DF<\/h2>\n\n\n\n<p>O \u00faltimo concurso, realizado no \u00e2mbito da SESIPE DF, nomenclatura antecessora \u00e0 cria\u00e7\u00e3o da Pol\u00edcia Penal DF, foi realizado em <strong>2014<\/strong> e organizado pela Funda\u00e7\u00e3o Universa. Na \u00e9poca, foram ofertadas 1.100 vagas, sendo 200 para provimento imediato e 900 para cadastro de reserva.<\/p>\n\n\n\n<p>Dos 1.200 aprovados, 417 j\u00e1 foram nomeados, conforme o \u00faltimo levantamento divulgado pela Secretaria de Planejamento do Distrito Federal.<\/p>\n\n\n\n<p>Recentemente, um Despacho do Governo determinou a retomada do concurso da Subsecretaria do Sistema Penitenci\u00e1rio do Distrito Federal, assim como a convoca\u00e7\u00e3o dos candidatos classificados remanescentes.<\/p>\n\n\n\n<ul class=\"wp-block-list\">\n<li><strong>Edital<\/strong>:&nbsp;<a href=\"https:\/\/dhg1h5j42swfq.cloudfront.net\/2024\/01\/10165737\/edital-sesipe-agente-de-atividades-penitenciarias-2014-concursos-estrategia.pdf\" target=\"_blank\" rel=\"noreferrer noopener\">AGEPEN DF&nbsp;&#8211; 2014<\/a>.<\/li>\n<\/ul>\n\n\n\n<h3 class=\"wp-block-heading\" id=\"etapas-ultimo-certame\">Etapas do \u00faltimo concurso <\/h3>\n\n\n\n<p class=\"has-normal-font-size\"><strong>Primeira etapa<\/strong>: Na primeira etapa os candidatos foram submetidos a 4 fases, conforme abaixo:<\/p>\n\n\n\n<ul class=\"wp-block-list\">\n<li>1.\u00aa \u2013 prova objetiva, de car\u00e1ter eliminat\u00f3rio e classificat\u00f3rio;<\/li>\n\n\n\n<li>2.\u00aa \u2013 teste de aptid\u00e3o f\u00edsica, de car\u00e1ter unicamente eliminat\u00f3rio;<\/li>\n\n\n\n<li>3.\u00aa \u2013 avalia\u00e7\u00e3o psicol\u00f3gica, de car\u00e1ter unicamente eliminat\u00f3rio;<\/li>\n\n\n\n<li>4.\u00aa \u2013 sindic\u00e2ncia de vida pregressa e investiga\u00e7\u00e3o social, de car\u00e1ter unicamente eliminat\u00f3rio.<\/li>\n<\/ul>\n\n\n\n<p class=\"has-normal-font-size\"><strong>Segunda etapa<\/strong>: A segunda etapa consistiu na realiza\u00e7\u00e3o de curso de forma\u00e7\u00e3o, de car\u00e1ter unicamente eliminat\u00f3rio.<\/p>\n\n\n\n<h4 class=\"wp-block-heading\" id=\"prova-objetiva\">Prova objetiva<\/h4>\n\n\n\n<p>A prova objetiva para se tornar um policial penal, em 2014, foi do tipo &#8220;certo&#8221; e &#8220;errado&#8221;, composta por&nbsp;150 itens de peso 1. Desse total, 50 abordaram conhecimentos b\u00e1sicos e 100 espec\u00edficos. A prova teve dura\u00e7\u00e3o m\u00e1xima de 4 horas. O edital cobrou as respectivas disciplinas:<\/p>\n\n\n\n<ul class=\"wp-block-list\">\n<li><strong>Conhecimentos B\u00e1sicos (50 itens)<\/strong>\n<ul class=\"wp-block-list\">\n<li><em>Portugu\u00eas<\/em><\/li>\n\n\n\n<li><em>Atualidades<\/em><\/li>\n\n\n\n<li><em>\u00c9tica no servi\u00e7o P\u00fablico<\/em><\/li>\n\n\n\n<li><em>Racioc\u00ednio l\u00f3gico<\/em><\/li>\n\n\n\n<li><em>No\u00e7\u00f5es de inform\u00e1tica<\/em><\/li>\n<\/ul>\n<\/li>\n<\/ul>\n\n\n\n<ul class=\"wp-block-list\">\n<li><strong>Conhecimentos Espec\u00edficos (100 itens)<\/strong>\n<ul class=\"wp-block-list\">\n<li><em>No\u00e7\u00f5es de Direito Constitucional<\/em><\/li>\n\n\n\n<li><em>No\u00e7\u00f5es de Direito Penal<\/em><\/li>\n\n\n\n<li><em>No\u00e7\u00f5es de Direito Processual Penal<\/em><\/li>\n\n\n\n<li><em>No\u00e7\u00f5es de Direitos Humanos<\/em><\/li>\n<\/ul>\n<\/li>\n<\/ul>\n\n\n\n<p style=\"font-size:clamp(14px, 0.875rem + ((1vw - 3.2px) * 0.392), 18px);\"><strong>C\u00e1lculo da nota<\/strong><\/p>\n\n\n\n<ul class=\"wp-block-list\">\n<li>Marca\u00e7\u00f5es de acordo com gabarito oficial: +1 ponto;<\/li>\n\n\n\n<li>Marca\u00e7\u00f5es em desacordo com o gabarito oficial -1 ponto;<\/li>\n\n\n\n<li>Marca\u00e7\u00f5es duplas ou em branco: 0.<\/li>\n<\/ul>\n\n\n\n<p style=\"font-size:clamp(14px, 0.875rem + ((1vw - 3.2px) * 0.392), 18px);\"><strong>Crit\u00e9rios de avalia\u00e7\u00e3o<\/strong> &#8211; <strong>Notas m\u00ednimas<\/strong> <strong>no concurso Pol\u00edcia Penal<\/strong> <strong>DF<\/strong><\/p>\n\n\n\n<ul class=\"wp-block-list\">\n<li>Conhecimentos b\u00e1sicos: 10<\/li>\n\n\n\n<li>Conhecimentos espec\u00edficos:  40 pontos<\/li>\n\n\n\n<li>Total da prova: 60 pontos<\/li>\n<\/ul>\n\n\n\n<p style=\"font-size:clamp(14px, 0.875rem + ((1vw - 3.2px) * 0.392), 18px);\"><strong>Convocados para o TAF<\/strong><\/p>\n\n\n\n<figure class=\"wp-block-table is-style-stripes\"><table class=\"has-very-light-gray-to-cyan-bluish-gray-gradient-background has-background has-fixed-layout\"><tbody><tr><td class=\"has-text-align-center\" data-align=\"center\"><strong>Vagas ampla concorr\u00eancia<\/strong><\/td><td class=\"has-text-align-center\" data-align=\"center\"><strong>Vagas PcD<\/strong><\/td><td class=\"has-text-align-center\" data-align=\"center\"><strong>Total<\/strong><\/td><\/tr><tr><td class=\"has-text-align-center\" data-align=\"center\">960<\/td><td class=\"has-text-align-center\" data-align=\"center\">240<\/td><td class=\"has-text-align-center\" data-align=\"center\">1.200<\/td><\/tr><\/tbody><\/table><figcaption class=\"wp-element-caption\">Quadro do n\u00famero de vagas em ampla concorr\u00eancia e PcD<\/figcaption><\/figure>\n\n\n\n<h4 class=\"wp-block-heading\" id=\"teste\">Teste de aptid\u00e3o f\u00edsica<\/h4>\n\n\n\n<p>Abaixo mostramos o que foi cobrado na fase de Aptid\u00e3o F\u00edsica no \u00faltimo concurso.<\/p>\n\n\n\n<p class=\"has-medium-font-size\"><span style=\"text-decoration: underline;\">Policial Penal &#8211; Sexo masculino<\/span><\/p>\n\n\n\n<ul class=\"wp-block-list\">\n<li>Flex\u00e3o din\u00e2mica de bra\u00e7o na barra fixa: 5 repeti\u00e7\u00f5es; <\/li>\n\n\n\n<li>Flex\u00e3o Abdominal: 35 repeti\u00e7\u00f5es, realizadas de forma ininterrupta; <\/li>\n\n\n\n<li>Corrida de 12 minutos: 2.300 metros.  <\/li>\n<\/ul>\n\n\n\n<p class=\"has-medium-font-size\"><span style=\"text-decoration: underline;\">Policial Penal &#8211; Sexo feminino<\/span><\/p>\n\n\n\n<ul class=\"wp-block-list\">\n<li>Flex\u00e3o est\u00e1tica de bra\u00e7o na barra fixa: 10 segundos; <\/li>\n\n\n\n<li>Flex\u00e3o Abdominal: 28 repeti\u00e7\u00f5es, realizadas de forma ininterrupta; <\/li>\n\n\n\n<li>Corrida de 12 minutos: 1.900 metros. <\/li>\n<\/ul>\n\n\n\n<hr class=\"wp-block-separator has-css-opacity\"\/>\n\n\n\n<h2 class=\"wp-block-heading has-text-align-center\" id=\"h-quer-saber-tudo-sobre-concursos-previstos-confira-nossos-artigos\">Quer saber tudo sobre concursos previstos?<br \/>Confira nossos artigos!<\/h2>\n\n\n\n<ul class=\"wp-block-list\">\n<li><a href=\"https:\/\/www.estrategiaconcursos.com.br\/blog\/concursos-abertos\/\" target=\"_blank\" rel=\"noreferrer noopener\">Concursos abertos<\/a><\/li>\n\n\n\n<li><a href=\"https:\/\/www.estrategiaconcursos.com.br\/blog\/concursos-df\/\" target=\"_blank\" rel=\"noreferrer noopener\">Concursos DF<\/a><\/li>\n\n\n\n<li><a href=\"https:\/\/www.estrategiaconcursos.com.br\/blog\/concursos-policia-penal\/\" target=\"_blank\" rel=\"noreferrer noopener\">Concursos Pol\u00edcia Penal<\/a><\/li>\n\n\n\n<li><a href=\"https:\/\/www.estrategiaconcursos.com.br\/blog\/concursos-2025\" target=\"_blank\" rel=\"noreferrer noopener\">Concursos 2025<\/a><\/li>\n\n\n\n<li><a href=\"https:\/\/www.estrategiaconcursos.com.br\/blog\/concursos-2026\/\" target=\"_blank\" rel=\"noreferrer noopener\">Concursos 2026<\/a><\/li>\n<\/ul>\n\n\n\n<h2 class=\"wp-block-heading has-text-align-center\" id=\"cursos-assinatura\">Quer estudar para o concurso Pol\u00edcia Penal DF?<\/h2>\n\n\n\n<div class=\"container\" id=\"boxes\">\n  <div class=\"row\">\n\n    <div class=\"col-sm\">\n      <div class=\"banner-policia-penal\" id=\"box-assinatura\">\n        <h3 class=\"titulo-assinatura\">Concurso Pol\u00edcia Penal DF<\/h3>\n        <p class=\"subtitulo-assinatura\">Prepare-se para o concurso! \u2b50<\/p>\n        <div class=\"box-botao\">\n          <a class=\"btn-assinatura\" target=\"_blank\" href=\"https:\/\/www.estrategiaconcursos.com.br\/cursosPorConcurso\/subsecretaria-do-sistema-penitenciario-do-distrito-federal-sesipe-df\/\" role=\"button\" rel=\"noopener noreferrer\">CLIQUE AQUI<\/a>\n        <\/div>\n      <\/div>\n     \n    <\/div>\n\n  <\/div>\n<\/div>\n\n\n\n<div class=\"container\" id=\"boxes\">\n  <div class=\"row\">\n\n    <div class=\"col-sm\">\n      <div class=\"estrategia\" id=\"box-assinatura\">\n        <h3 class=\"titulo-assinatura\">Assinatura Concursos<\/h3>\n        <p class=\"subtitulo-assinatura\">Assinatura de 1 ano ou 2 anos<\/p>\n        <div class=\"box-botao\">\n          <a class=\"btn-assinatura\" target=\"_blank\" href=\"https:\/\/www.estrategiaconcursos.com.br\/assinaturas\/\" role=\"button\" rel=\"noopener noreferrer\">ASSINE AGORA<\/a>\n        <\/div>\n      <\/div>\n     \n    <\/div><\/div><\/div>\n\n\n\n<figure class=\"wp-block-image size-large is-resized\"><img loading=\"lazy\" decoding=\"async\" width=\"1024\" height=\"632\" src=\"https:\/\/dhg1h5j42swfq.cloudfront.net\/2021\/04\/23083008\/ficha-tecnica-164-1024x632.png\" alt=\"Ficha t\u00e9cnica \" class=\"wp-image-721393\" style=\"width:279px;height:172px\" srcset=\"https:\/\/dhg1h5j42swfq.cloudfront.net\/2021\/04\/23083008\/ficha-tecnica-164-1024x632.png 1024w, https:\/\/dhg1h5j42swfq.cloudfront.net\/2021\/04\/23083008\/ficha-tecnica-164-300x185.png 300w, https:\/\/dhg1h5j42swfq.cloudfront.net\/2021\/04\/23083008\/ficha-tecnica-164-768x474.png 768w, https:\/\/dhg1h5j42swfq.cloudfront.net\/2021\/04\/23083008\/ficha-tecnica-164-1536x948.png 1536w, https:\/\/dhg1h5j42swfq.cloudfront.net\/2021\/04\/23083008\/ficha-tecnica-164-610x377.png 610w, https:\/\/dhg1h5j42swfq.cloudfront.net\/2021\/04\/23083008\/ficha-tecnica-164.png 1571w\" sizes=\"auto, (max-width: 1024px) 100vw, 1024px\" \/><\/figure>\n\n\n\n<h3 class=\"wp-block-heading\" id=\"ficha\">Informa\u00e7\u00f5es do \u00faltimo concurso Pol\u00edcia Penal DF&nbsp;<\/h3>\n\n\n\n<ul class=\"wp-block-list\">\n<li><strong>Prova: <\/strong>03\/07\/2022<\/li>\n\n\n\n<li><strong>Vagas<\/strong>: 400 + 779 CR<\/li>\n\n\n\n<li><strong>Cargos<\/strong>: Policial Penal<\/li>\n\n\n\n<li><strong>Banca<\/strong>: Instituto AOCP<\/li>\n\n\n\n<li><strong>Escolaridade<\/strong>: n\u00edvel superior<\/li>\n\n\n\n<li><strong>Edital<\/strong>: <a href=\"https:\/\/dhg1h5j42swfq.cloudfront.net\/2022\/03\/10064936\/ppdf-1-3.pdf\" target=\"_blank\" rel=\"noreferrer noopener nofollow\">Pol\u00edcia Penal DF 2022<\/a> | <a href=\"https:\/\/dhg1h5j42swfq.cloudfront.net\/2022\/03\/28081757\/diariooficial-65.pdf\" target=\"_blank\" rel=\"noreferrer noopener nofollow\">1\u00aa ret.<\/a> | <a href=\"https:\/\/dhg1h5j42swfq.cloudfront.net\/2022\/04\/12172432\/edital-prorrogacao_inscricao-1.pdf\" target=\"_blank\" rel=\"noreferrer noopener nofollow\">2\u00aa ret.<\/a> | <a href=\"https:\/\/dhg1h5j42swfq.cloudfront.net\/2022\/04\/12084811\/edital-003-retifica-ed-abertura.pdf\" target=\"_blank\" rel=\"noreferrer noopener nofollow\">3\u00aa ret.<\/a> | <a href=\"https:\/\/dhg1h5j42swfq.cloudfront.net\/2022\/05\/16112730\/retificacao-adaptacao-teste-fisico.pdf\" target=\"_blank\" rel=\"noreferrer noopener nofollow\">4\u00aa ret.<\/a><\/li>\n<\/ul>\n","protected":false},"excerpt":{"rendered":"<p>Validade do \u00faltimo concurso Pol\u00edcia Penal DF foi prorrogada at\u00e9 agosto de 2027. 753 nomea\u00e7\u00f5es est\u00e3o previstas na LDO 2026! Foi prorrogado o prazo de validade do concurso Pol\u00edcia Penal DF. Segundo divulgado no Di\u00e1rio Oficial do Distrito Federal, a sele\u00e7\u00e3o seguir\u00e1 vigente at\u00e9 agosto de 2027. Inclusive, a Lei de Diretrizes Or\u00e7ament\u00e1rias (LDO) de [&hellip;]<\/p>\n","protected":false},"author":1,"featured_media":937897,"comment_status":"open","ping_status":"closed","sticky":false,"template":"","format":"standard","meta":{"post_tipo":"news_page","footnotes":""},"categories":[220188],"tags":[],"tax_estado":[219970],"class_list":["post-722003","post","type-post","status-publish","format-standard","has-post-thumbnail","hentry","category-policial-agente-penitenciario","tax_estado-df"],"acf":[],"yoast_head":"<!-- This site is optimized with the Yoast SEO Premium plugin v27.2 (Yoast SEO v27.2) - https:\/\/yoast.com\/product\/yoast-seo-premium-wordpress\/ -->\n<title>Concurso Pol\u00edcia Penal DF: 1.179 vagas. Validade at\u00e9 2027!<\/title>\n<meta name=\"description\" content=\"Concurso Pol\u00edcia Penal DF ofertou 400 vagas e 779 CR e at\u00e9 R$ 9,4 mil. Validade prorrogada e 753 nomea\u00e7\u00f5es previstas na LDO 2026!\" \/>\n<meta name=\"robots\" content=\"index, follow, max-snippet:-1, max-image-preview:large, max-video-preview:-1\" \/>\n<link rel=\"canonical\" href=\"https:\/\/www.estrategiaconcursos.com.br\/blog\/concurso-policia-penal-df\/\" \/>\n<meta property=\"og:locale\" content=\"pt_BR\" \/>\n<meta property=\"og:type\" content=\"article\" \/>\n<meta property=\"og:title\" content=\"Concurso Pol\u00edcia Penal DF: 1.179 vagas. Validade at\u00e9 2027!\" \/>\n<meta property=\"og:description\" content=\"Concurso Pol\u00edcia Penal DF ofertou 400 vagas e 779 CR e at\u00e9 R$ 9,4 mil. Validade prorrogada e 753 nomea\u00e7\u00f5es previstas na LDO 2026!\" \/>\n<meta property=\"og:url\" content=\"https:\/\/www.estrategiaconcursos.com.br\/blog\/concurso-policia-penal-df\/\" \/>\n<meta property=\"og:site_name\" content=\"Estrat\u00e9gia Concursos\" \/>\n<meta property=\"article:author\" content=\"https:\/\/www.facebook.com\/EstrategiaConcursos\" \/>\n<meta property=\"article:published_time\" content=\"2026-03-30T22:18:40+00:00\" \/>\n<meta property=\"article:modified_time\" content=\"2026-03-31T22:18:40+00:00\" \/>\n<meta property=\"og:image\" content=\"https:\/\/dhg1h5j42swfq.cloudfront.net\/2021\/12\/31084105\/policia_penal_df.jpg\" \/>\n\t<meta property=\"og:image:width\" content=\"768\" \/>\n\t<meta property=\"og:image:height\" content=\"432\" \/>\n\t<meta property=\"og:image:type\" content=\"image\/jpeg\" \/>\n<meta name=\"author\" content=\"Coordena\u00e7\u00e3o\" \/>\n<meta name=\"twitter:card\" content=\"summary_large_image\" \/>\n<meta name=\"twitter:creator\" content=\"@EstratConcursos\" \/>\n<meta name=\"twitter:site\" content=\"@EstratConcursos\" \/>\n<meta name=\"twitter:label1\" content=\"Escrito por\" \/>\n\t<meta name=\"twitter:data1\" content=\"Coordena\u00e7\u00e3o\" \/>\n\t<meta name=\"twitter:label2\" content=\"Est. tempo de leitura\" \/>\n\t<meta name=\"twitter:data2\" content=\"7 minutos\" \/>\n<script type=\"application\/ld+json\" class=\"yoast-schema-graph\">{\"@context\":\"https:\/\/schema.org\",\"@graph\":[{\"@type\":\"NewsArticle\",\"@id\":\"https:\/\/www.estrategiaconcursos.com.br\/blog\/concurso-policia-penal-df\/#article\",\"isPartOf\":{\"@id\":\"https:\/\/www.estrategiaconcursos.com.br\/blog\/concurso-policia-penal-df\/\"},\"author\":{\"name\":\"Coordena\u00e7\u00e3o\",\"@id\":\"https:\/\/www.estrategiaconcursos.com.br\/blog\/#\/schema\/person\/b4a388c97673c5f483d72185668afa1f\"},\"headline\":\"Concurso Pol\u00edcia Penal DF: 1.179 vagas. Validade at\u00e9 2027!\",\"datePublished\":\"2026-03-30T22:18:40+00:00\",\"dateModified\":\"2026-03-31T22:18:40+00:00\",\"mainEntityOfPage\":{\"@id\":\"https:\/\/www.estrategiaconcursos.com.br\/blog\/concurso-policia-penal-df\/\"},\"wordCount\":1451,\"commentCount\":0,\"publisher\":{\"@id\":\"https:\/\/www.estrategiaconcursos.com.br\/blog\/#organization\"},\"image\":{\"@id\":\"https:\/\/www.estrategiaconcursos.com.br\/blog\/concurso-policia-penal-df\/#primaryimage\"},\"thumbnailUrl\":\"https:\/\/dhg1h5j42swfq.cloudfront.net\/2021\/12\/31084105\/policia_penal_df.jpg\",\"articleSection\":[\"Policial (Agente Penitenci\u00e1rio)\"],\"inLanguage\":\"pt-BR\",\"potentialAction\":[{\"@type\":\"CommentAction\",\"name\":\"Comment\",\"target\":[\"https:\/\/www.estrategiaconcursos.com.br\/blog\/concurso-policia-penal-df\/#respond\"]}],\"copyrightYear\":\"2026\",\"copyrightHolder\":{\"@id\":\"https:\/\/www.estrategiaconcursos.com.br\/blog\/#organization\"}},{\"@type\":\"WebPage\",\"@id\":\"https:\/\/www.estrategiaconcursos.com.br\/blog\/concurso-policia-penal-df\/\",\"url\":\"https:\/\/www.estrategiaconcursos.com.br\/blog\/concurso-policia-penal-df\/\",\"name\":\"Concurso Pol\u00edcia Penal DF: 1.179 vagas. Validade at\u00e9 2027!\",\"isPartOf\":{\"@id\":\"https:\/\/www.estrategiaconcursos.com.br\/blog\/#website\"},\"primaryImageOfPage\":{\"@id\":\"https:\/\/www.estrategiaconcursos.com.br\/blog\/concurso-policia-penal-df\/#primaryimage\"},\"image\":{\"@id\":\"https:\/\/www.estrategiaconcursos.com.br\/blog\/concurso-policia-penal-df\/#primaryimage\"},\"thumbnailUrl\":\"https:\/\/dhg1h5j42swfq.cloudfront.net\/2021\/12\/31084105\/policia_penal_df.jpg\",\"datePublished\":\"2026-03-30T22:18:40+00:00\",\"dateModified\":\"2026-03-31T22:18:40+00:00\",\"description\":\"Concurso Pol\u00edcia Penal DF ofertou 400 vagas e 779 CR e at\u00e9 R$ 9,4 mil. Validade prorrogada e 753 nomea\u00e7\u00f5es previstas na LDO 2026!\",\"breadcrumb\":{\"@id\":\"https:\/\/www.estrategiaconcursos.com.br\/blog\/concurso-policia-penal-df\/#breadcrumb\"},\"inLanguage\":\"pt-BR\",\"potentialAction\":[{\"@type\":\"ReadAction\",\"target\":[\"https:\/\/www.estrategiaconcursos.com.br\/blog\/concurso-policia-penal-df\/\"]}]},{\"@type\":\"ImageObject\",\"inLanguage\":\"pt-BR\",\"@id\":\"https:\/\/www.estrategiaconcursos.com.br\/blog\/concurso-policia-penal-df\/#primaryimage\",\"url\":\"https:\/\/dhg1h5j42swfq.cloudfront.net\/2021\/12\/31084105\/policia_penal_df.jpg\",\"contentUrl\":\"https:\/\/dhg1h5j42swfq.cloudfront.net\/2021\/12\/31084105\/policia_penal_df.jpg\",\"width\":768,\"height\":432,\"caption\":\"Pol\u00edcia Penal DF\"},{\"@type\":\"BreadcrumbList\",\"@id\":\"https:\/\/www.estrategiaconcursos.com.br\/blog\/concurso-policia-penal-df\/#breadcrumb\",\"itemListElement\":[{\"@type\":\"ListItem\",\"position\":1,\"name\":\"In\u00edcio\",\"item\":\"https:\/\/www.estrategiaconcursos.com.br\/blog\/\"},{\"@type\":\"ListItem\",\"position\":2,\"name\":\"Concurso Pol\u00edcia Penal DF: 1.179 vagas. Validade at\u00e9 2027!\"}]},{\"@type\":\"WebSite\",\"@id\":\"https:\/\/www.estrategiaconcursos.com.br\/blog\/#website\",\"url\":\"https:\/\/www.estrategiaconcursos.com.br\/blog\/\",\"name\":\"Estrat\u00e9gia Concursos\",\"description\":\"O blog da Estrat\u00e9gia Concursos traz not\u00edcias sobre concursos e artigos de professores oferecendo cursos para concursos (pdf + videaulas) no site.\",\"publisher\":{\"@id\":\"https:\/\/www.estrategiaconcursos.com.br\/blog\/#organization\"},\"potentialAction\":[{\"@type\":\"SearchAction\",\"target\":{\"@type\":\"EntryPoint\",\"urlTemplate\":\"https:\/\/www.estrategiaconcursos.com.br\/blog\/?s={search_term_string}\"},\"query-input\":{\"@type\":\"PropertyValueSpecification\",\"valueRequired\":true,\"valueName\":\"search_term_string\"}}],\"inLanguage\":\"pt-BR\"},{\"@type\":\"Organization\",\"@id\":\"https:\/\/www.estrategiaconcursos.com.br\/blog\/#organization\",\"name\":\"Estrat\u00e9gia Concursos\",\"url\":\"https:\/\/www.estrategiaconcursos.com.br\/blog\/\",\"logo\":{\"@type\":\"ImageObject\",\"inLanguage\":\"pt-BR\",\"@id\":\"https:\/\/www.estrategiaconcursos.com.br\/blog\/#\/schema\/logo\/image\/\",\"url\":\"https:\/\/dhg1h5j42swfq.cloudfront.net\/2025\/06\/03203428\/logo_concursos-1.jpg\",\"contentUrl\":\"https:\/\/dhg1h5j42swfq.cloudfront.net\/2025\/06\/03203428\/logo_concursos-1.jpg\",\"width\":230,\"height\":60,\"caption\":\"Estrat\u00e9gia Concursos\"},\"image\":{\"@id\":\"https:\/\/www.estrategiaconcursos.com.br\/blog\/#\/schema\/logo\/image\/\"},\"sameAs\":[\"https:\/\/x.com\/EstratConcursos\"]},{\"@type\":\"Person\",\"@id\":\"https:\/\/www.estrategiaconcursos.com.br\/blog\/#\/schema\/person\/b4a388c97673c5f483d72185668afa1f\",\"name\":\"Coordena\u00e7\u00e3o\",\"image\":{\"@type\":\"ImageObject\",\"inLanguage\":\"pt-BR\",\"@id\":\"https:\/\/secure.gravatar.com\/avatar\/b720319e4c9a967eb58678d110f4fe35452fc5d5f97b202bac7b8acceb18c6ad?s=96&d=mm&r=g\",\"url\":\"https:\/\/secure.gravatar.com\/avatar\/b720319e4c9a967eb58678d110f4fe35452fc5d5f97b202bac7b8acceb18c6ad?s=96&d=mm&r=g\",\"contentUrl\":\"https:\/\/secure.gravatar.com\/avatar\/b720319e4c9a967eb58678d110f4fe35452fc5d5f97b202bac7b8acceb18c6ad?s=96&d=mm&r=g\",\"caption\":\"Coordena\u00e7\u00e3o\"},\"sameAs\":[\"https:\/\/www.facebook.com\/EstrategiaConcursos\",\"https:\/\/x.com\/EstratConcursos\"],\"url\":\"https:\/\/www.estrategiaconcursos.com.br\/blog\/author\/estrategia2013\/\"}]}<\/script>\n<!-- \/ Yoast SEO Premium plugin. -->","yoast_head_json":{"title":"Concurso Pol\u00edcia Penal DF: 1.179 vagas. Validade at\u00e9 2027!","description":"Concurso Pol\u00edcia Penal DF ofertou 400 vagas e 779 CR e at\u00e9 R$ 9,4 mil. Validade prorrogada e 753 nomea\u00e7\u00f5es previstas na LDO 2026!","robots":{"index":"index","follow":"follow","max-snippet":"max-snippet:-1","max-image-preview":"max-image-preview:large","max-video-preview":"max-video-preview:-1"},"canonical":"https:\/\/www.estrategiaconcursos.com.br\/blog\/concurso-policia-penal-df\/","og_locale":"pt_BR","og_type":"article","og_title":"Concurso Pol\u00edcia Penal DF: 1.179 vagas. Validade at\u00e9 2027!","og_description":"Concurso Pol\u00edcia Penal DF ofertou 400 vagas e 779 CR e at\u00e9 R$ 9,4 mil. Validade prorrogada e 753 nomea\u00e7\u00f5es previstas na LDO 2026!","og_url":"https:\/\/www.estrategiaconcursos.com.br\/blog\/concurso-policia-penal-df\/","og_site_name":"Estrat\u00e9gia Concursos","article_author":"https:\/\/www.facebook.com\/EstrategiaConcursos","article_published_time":"2026-03-30T22:18:40+00:00","article_modified_time":"2026-03-31T22:18:40+00:00","og_image":[{"width":768,"height":432,"url":"https:\/\/dhg1h5j42swfq.cloudfront.net\/2021\/12\/31084105\/policia_penal_df.jpg","type":"image\/jpeg"}],"author":"Coordena\u00e7\u00e3o","twitter_card":"summary_large_image","twitter_creator":"@EstratConcursos","twitter_site":"@EstratConcursos","twitter_misc":{"Escrito por":"Coordena\u00e7\u00e3o","Est. tempo de leitura":"7 minutos"},"schema":{"@context":"https:\/\/schema.org","@graph":[{"@type":"NewsArticle","@id":"https:\/\/www.estrategiaconcursos.com.br\/blog\/concurso-policia-penal-df\/#article","isPartOf":{"@id":"https:\/\/www.estrategiaconcursos.com.br\/blog\/concurso-policia-penal-df\/"},"author":{"name":"Coordena\u00e7\u00e3o","@id":"https:\/\/www.estrategiaconcursos.com.br\/blog\/#\/schema\/person\/b4a388c97673c5f483d72185668afa1f"},"headline":"Concurso Pol\u00edcia Penal DF: 1.179 vagas. Validade at\u00e9 2027!","datePublished":"2026-03-30T22:18:40+00:00","dateModified":"2026-03-31T22:18:40+00:00","mainEntityOfPage":{"@id":"https:\/\/www.estrategiaconcursos.com.br\/blog\/concurso-policia-penal-df\/"},"wordCount":1451,"commentCount":0,"publisher":{"@id":"https:\/\/www.estrategiaconcursos.com.br\/blog\/#organization"},"image":{"@id":"https:\/\/www.estrategiaconcursos.com.br\/blog\/concurso-policia-penal-df\/#primaryimage"},"thumbnailUrl":"https:\/\/dhg1h5j42swfq.cloudfront.net\/2021\/12\/31084105\/policia_penal_df.jpg","articleSection":["Policial (Agente Penitenci\u00e1rio)"],"inLanguage":"pt-BR","potentialAction":[{"@type":"CommentAction","name":"Comment","target":["https:\/\/www.estrategiaconcursos.com.br\/blog\/concurso-policia-penal-df\/#respond"]}],"copyrightYear":"2026","copyrightHolder":{"@id":"https:\/\/www.estrategiaconcursos.com.br\/blog\/#organization"}},{"@type":"WebPage","@id":"https:\/\/www.estrategiaconcursos.com.br\/blog\/concurso-policia-penal-df\/","url":"https:\/\/www.estrategiaconcursos.com.br\/blog\/concurso-policia-penal-df\/","name":"Concurso Pol\u00edcia Penal DF: 1.179 vagas. Validade at\u00e9 2027!","isPartOf":{"@id":"https:\/\/www.estrategiaconcursos.com.br\/blog\/#website"},"primaryImageOfPage":{"@id":"https:\/\/www.estrategiaconcursos.com.br\/blog\/concurso-policia-penal-df\/#primaryimage"},"image":{"@id":"https:\/\/www.estrategiaconcursos.com.br\/blog\/concurso-policia-penal-df\/#primaryimage"},"thumbnailUrl":"https:\/\/dhg1h5j42swfq.cloudfront.net\/2021\/12\/31084105\/policia_penal_df.jpg","datePublished":"2026-03-30T22:18:40+00:00","dateModified":"2026-03-31T22:18:40+00:00","description":"Concurso Pol\u00edcia Penal DF ofertou 400 vagas e 779 CR e at\u00e9 R$ 9,4 mil. Validade prorrogada e 753 nomea\u00e7\u00f5es previstas na LDO 2026!","breadcrumb":{"@id":"https:\/\/www.estrategiaconcursos.com.br\/blog\/concurso-policia-penal-df\/#breadcrumb"},"inLanguage":"pt-BR","potentialAction":[{"@type":"ReadAction","target":["https:\/\/www.estrategiaconcursos.com.br\/blog\/concurso-policia-penal-df\/"]}]},{"@type":"ImageObject","inLanguage":"pt-BR","@id":"https:\/\/www.estrategiaconcursos.com.br\/blog\/concurso-policia-penal-df\/#primaryimage","url":"https:\/\/dhg1h5j42swfq.cloudfront.net\/2021\/12\/31084105\/policia_penal_df.jpg","contentUrl":"https:\/\/dhg1h5j42swfq.cloudfront.net\/2021\/12\/31084105\/policia_penal_df.jpg","width":768,"height":432,"caption":"Pol\u00edcia Penal DF"},{"@type":"BreadcrumbList","@id":"https:\/\/www.estrategiaconcursos.com.br\/blog\/concurso-policia-penal-df\/#breadcrumb","itemListElement":[{"@type":"ListItem","position":1,"name":"In\u00edcio","item":"https:\/\/www.estrategiaconcursos.com.br\/blog\/"},{"@type":"ListItem","position":2,"name":"Concurso Pol\u00edcia Penal DF: 1.179 vagas. Validade at\u00e9 2027!"}]},{"@type":"WebSite","@id":"https:\/\/www.estrategiaconcursos.com.br\/blog\/#website","url":"https:\/\/www.estrategiaconcursos.com.br\/blog\/","name":"Estrat\u00e9gia Concursos","description":"O blog da Estrat\u00e9gia Concursos traz not\u00edcias sobre concursos e artigos de professores oferecendo cursos para concursos (pdf + videaulas) no site.","publisher":{"@id":"https:\/\/www.estrategiaconcursos.com.br\/blog\/#organization"},"potentialAction":[{"@type":"SearchAction","target":{"@type":"EntryPoint","urlTemplate":"https:\/\/www.estrategiaconcursos.com.br\/blog\/?s={search_term_string}"},"query-input":{"@type":"PropertyValueSpecification","valueRequired":true,"valueName":"search_term_string"}}],"inLanguage":"pt-BR"},{"@type":"Organization","@id":"https:\/\/www.estrategiaconcursos.com.br\/blog\/#organization","name":"Estrat\u00e9gia Concursos","url":"https:\/\/www.estrategiaconcursos.com.br\/blog\/","logo":{"@type":"ImageObject","inLanguage":"pt-BR","@id":"https:\/\/www.estrategiaconcursos.com.br\/blog\/#\/schema\/logo\/image\/","url":"https:\/\/dhg1h5j42swfq.cloudfront.net\/2025\/06\/03203428\/logo_concursos-1.jpg","contentUrl":"https:\/\/dhg1h5j42swfq.cloudfront.net\/2025\/06\/03203428\/logo_concursos-1.jpg","width":230,"height":60,"caption":"Estrat\u00e9gia Concursos"},"image":{"@id":"https:\/\/www.estrategiaconcursos.com.br\/blog\/#\/schema\/logo\/image\/"},"sameAs":["https:\/\/x.com\/EstratConcursos"]},{"@type":"Person","@id":"https:\/\/www.estrategiaconcursos.com.br\/blog\/#\/schema\/person\/b4a388c97673c5f483d72185668afa1f","name":"Coordena\u00e7\u00e3o","image":{"@type":"ImageObject","inLanguage":"pt-BR","@id":"https:\/\/secure.gravatar.com\/avatar\/b720319e4c9a967eb58678d110f4fe35452fc5d5f97b202bac7b8acceb18c6ad?s=96&d=mm&r=g","url":"https:\/\/secure.gravatar.com\/avatar\/b720319e4c9a967eb58678d110f4fe35452fc5d5f97b202bac7b8acceb18c6ad?s=96&d=mm&r=g","contentUrl":"https:\/\/secure.gravatar.com\/avatar\/b720319e4c9a967eb58678d110f4fe35452fc5d5f97b202bac7b8acceb18c6ad?s=96&d=mm&r=g","caption":"Coordena\u00e7\u00e3o"},"sameAs":["https:\/\/www.facebook.com\/EstrategiaConcursos","https:\/\/x.com\/EstratConcursos"],"url":"https:\/\/www.estrategiaconcursos.com.br\/blog\/author\/estrategia2013\/"}]}},"_links":{"self":[{"href":"https:\/\/www.estrategiaconcursos.com.br\/blog\/wp-json\/wp\/v2\/posts\/722003","targetHints":{"allow":["GET"]}}],"collection":[{"href":"https:\/\/www.estrategiaconcursos.com.br\/blog\/wp-json\/wp\/v2\/posts"}],"about":[{"href":"https:\/\/www.estrategiaconcursos.com.br\/blog\/wp-json\/wp\/v2\/types\/post"}],"author":[{"embeddable":true,"href":"https:\/\/www.estrategiaconcursos.com.br\/blog\/wp-json\/wp\/v2\/users\/1"}],"replies":[{"embeddable":true,"href":"https:\/\/www.estrategiaconcursos.com.br\/blog\/wp-json\/wp\/v2\/comments?post=722003"}],"version-history":[{"count":168,"href":"https:\/\/www.estrategiaconcursos.com.br\/blog\/wp-json\/wp\/v2\/posts\/722003\/revisions"}],"predecessor-version":[{"id":1746577,"href":"https:\/\/www.estrategiaconcursos.com.br\/blog\/wp-json\/wp\/v2\/posts\/722003\/revisions\/1746577"}],"wp:featuredmedia":[{"embeddable":true,"href":"https:\/\/www.estrategiaconcursos.com.br\/blog\/wp-json\/wp\/v2\/media\/937897"}],"wp:attachment":[{"href":"https:\/\/www.estrategiaconcursos.com.br\/blog\/wp-json\/wp\/v2\/media?parent=722003"}],"wp:term":[{"taxonomy":"category","embeddable":true,"href":"https:\/\/www.estrategiaconcursos.com.br\/blog\/wp-json\/wp\/v2\/categories?post=722003"},{"taxonomy":"post_tag","embeddable":true,"href":"https:\/\/www.estrategiaconcursos.com.br\/blog\/wp-json\/wp\/v2\/tags?post=722003"},{"taxonomy":"tax_estado","embeddable":true,"href":"https:\/\/www.estrategiaconcursos.com.br\/blog\/wp-json\/wp\/v2\/tax_estado?post=722003"}],"curies":[{"name":"wp","href":"https:\/\/api.w.org\/{rel}","templated":true}]}}