{"id":720161,"date":"2021-04-23T17:30:00","date_gmt":"2021-04-23T20:30:00","guid":{"rendered":"https:\/\/www.estrategiaconcursos.com.br\/blog\/?p=720161"},"modified":"2021-04-21T09:22:08","modified_gmt":"2021-04-21T12:22:08","slug":"promotor-de-justica-estudo-de-medio-prazo-para-concursos","status":"publish","type":"post","link":"https:\/\/www.estrategiaconcursos.com.br\/blog\/promotor-de-justica-estudo-de-medio-prazo-para-concursos\/","title":{"rendered":"Promotor de Justi\u00e7a: estudo de m\u00e9dio prazo para concursos"},"content":{"rendered":"\n<p>O professor <strong>Fl\u00e1vio Milhomem<\/strong> ministra nesta sexta-feira, 23 de abril de 2021, \u00e0s 19:00, uma aula completa sobre concursos para Promotor de Justi\u00e7a. Veja abaixo: <\/p>\n\n\n\n<h3 class=\"wp-block-heading\" id=\"h-promotor-de-justi-a-cronograma\">Promotor de Justi\u00e7a: Cronograma<\/h3>\n\n\n\n<p>Data: 23\/04\/2021<br \/>Hor\u00e1rio: 19:00<br \/>Onde:<a href=\"https:\/\/youtu.be\/emVeLCaoo0A\"> Canal do Estrat\u00e9gia Carreira Jur\u00eddica<\/a><\/p>\n\n\n\n<h3 class=\"wp-block-heading\" id=\"h-promotor-de-justi-a-evento-ao-vivo\">Promotor de Justi\u00e7a: Evento ao vivo <\/h3>\n\n\n<figure class=\"wp-block-embed-youtube wp-block-embed is-type-video is-provider-youtube wp-embed-aspect-16-9 wp-has-aspect-ratio\"><div class=\"lyte-wrapper\" style=\"width:853px;max-width:100%;margin:5px;\"><div class=\"lyMe\" id=\"WYL_emVeLCaoo0A\"><div id=\"lyte_emVeLCaoo0A\" data-src=\"\/\/i.ytimg.com\/vi\/emVeLCaoo0A\/hqdefault.jpg\" class=\"pL\"><div class=\"tC\"><div class=\"tT\"><\/div><\/div><div class=\"play\"><\/div><div class=\"ctrl\"><div class=\"Lctrl\"><\/div><div class=\"Rctrl\"><\/div><\/div><\/div><noscript><a href=\"https:\/\/youtu.be\/emVeLCaoo0A\" rel=\"nofollow\"><img loading=\"lazy\" decoding=\"async\" src=\"https:\/\/i.ytimg.com\/vi\/emVeLCaoo0A\/0.jpg\" alt=\"YouTube video thumbnail\" width=\"853\" height=\"460\" \/><br \/>Assista a este v\u00eddeo no YouTube<\/a><\/noscript><\/div><\/div><div class=\"lL\" style=\"max-width:100%;width:853px;margin:5px;\"><\/div><figcaption><\/figcaption><\/figure>\n\n\n<h3 class=\"wp-block-heading\" id=\"h-promotor-de-justi-a-curiosidades\">Promotor de Justi\u00e7a: Curiosidades<\/h3>\n\n\n\n<p class=\"has-light-green-cyan-background-color has-background\"><a href=\"https:\/\/www.estrategiaconcursos.com.br\/blog\/concurso-mp-ms-promotor\/\">MP MS <\/a><\/p>\n\n\n\n<p><strong>Status:<\/strong>&nbsp;Previsto<\/p>\n\n\n\n<p><strong>Perspectivas<\/strong>: PGJ revelou que pretende realizar sele\u00e7\u00e3o em 2021.<\/p>\n\n\n\n<p class=\"has-light-green-cyan-background-color has-background\"><a href=\"https:\/\/www.estrategiaconcursos.com.br\/blog\/concurso-mp-to-promotor\/\">MP TO <\/a><\/p>\n\n\n\n<p><strong>Status:<\/strong>&nbsp;Previsto PLOA 2021 \/ Em estudos<\/p>\n\n\n\n<p><strong>Perspectivas:<\/strong>&nbsp;sele\u00e7\u00e3o prevista para acontecer em 2021. Iniciado estudos para realiza\u00e7\u00e3o do novo concurso.<\/p>\n\n\n\n<p class=\"has-light-green-cyan-background-color has-background\"><a href=\"https:\/\/www.estrategiaconcursos.com.br\/blog\/concurso-mp-mg-promotor\/\" target=\"_blank\" rel=\"noreferrer noopener\"><strong>MP MG<\/strong><\/a><\/p>\n\n\n\n<p><strong>Status:<\/strong>&nbsp;Autorizado \/ comiss\u00e3o formada \/ banca definida \/ PGJ quer realizar dois concursos em 2021<\/p>\n\n\n\n<p><strong>Perspectivas:&nbsp;<\/strong>Um novo concurso foi autorizado pelo Minist\u00e9rio P\u00fablico de Minas Gerais. A comiss\u00e3o do certame j\u00e1 foi formada e a banca examinadora j\u00e1 foi definida. O pr\u00f3ximo passo \u00e9 a publica\u00e7\u00e3o do edital. O Procurador-Geral de Justi\u00e7a, Jarbas Soares J\u00fanior, que j\u00e1 havia dito que pretende realizar dois concursos em 2021, afirmou que ser\u00e3o ofertadas 60 vagas para Promotor de Justi\u00e7a Substituto no \u00f3rg\u00e3o.<\/p>\n\n\n\n<p class=\"has-light-green-cyan-background-color has-background\"><strong><a href=\"https:\/\/www.estrategiaconcursos.com.br\/blog\/concurso-mp-go-promotor\/\" target=\"_blank\" rel=\"noreferrer noopener\">MP GO<\/a><\/strong><\/p>\n\n\n\n<p><strong>Status:<\/strong>&nbsp;Anunciado<\/p>\n\n\n\n<p><strong>Perspectivas:<\/strong>&nbsp;Durante a transmiss\u00e3o de um dos epis\u00f3dios do podcast MP-GO no Ar, o Procurador-Geral de Justi\u00e7a do Minist\u00e9rio P\u00fablico de Goi\u00e1s recentemente empossado, Aylton Fl\u00e1vio Vechi, anunciou a necessidade de realiza\u00e7\u00e3o de um novo concurso MP GO para membros da carreira no bi\u00eanio 2021\/2022.<\/p>\n\n\n\n<p class=\"has-light-green-cyan-background-color has-background\"><a href=\"https:\/\/www.estrategiaconcursos.com.br\/blog\/concurso-mp-pa-promotor\/\" target=\"_blank\" rel=\"noreferrer noopener\"><strong>MP PA<\/strong><\/a><\/p>\n\n\n\n<p><strong>Status<\/strong>: Em estudo<\/p>\n\n\n\n<p><strong>Perspectivas<\/strong>: O&nbsp;<strong>Minist\u00e9rio P\u00fablico do Par\u00e1<\/strong>&nbsp;confirmou que estuda realizar um novo concurso p\u00fablico para&nbsp;<strong>Promotor de Justi\u00e7a<\/strong>.<\/p>\n\n\n\n<p class=\"has-light-green-cyan-background-color has-background\"><a href=\"https:\/\/www.estrategiaconcursos.com.br\/blog\/concurso-mp-sp-promotor\/\" target=\"_blank\" rel=\"noreferrer noopener\"><strong>MP SP<\/strong><\/a><\/p>\n\n\n\n<p><strong>Status<\/strong>: Autorizado<\/p>\n\n\n\n<p><strong>Perspectivas<\/strong>: O \u00f3rg\u00e3o Especial do Col\u00e9gio de Procuradores do Minist\u00e9rio P\u00fablico do Estado de S\u00e3o Paulo autorizou a realiza\u00e7\u00e3o do 94.\u00ba concurso para Promotor Substituto.<\/p>\n\n\n\n<p class=\"has-light-green-cyan-background-color has-background\"><strong><a href=\"https:\/\/www.estrategiaconcursos.com.br\/blog\/concurso-mp-ma-promotor\/\" target=\"_blank\" rel=\"noreferrer noopener\">MP MA<\/a><\/strong><\/p>\n\n\n\n<p><strong>Status:<\/strong>&nbsp;Comiss\u00e3o formada\/ contrata\u00e7\u00e3o da banca suspensa<\/p>\n\n\n\n<p><strong>Perspectivas<\/strong>: O Conselho Superior do Minist\u00e9rio P\u00fablico, aprovou de Resolu\u00e7\u00e3o n.\u00ba 10\/2020, aprovando o Regulamento para o novo concurso MP PA Promotor. PGJ e o Governador Fl\u00e1vio Dino, afirmaram que v\u00e3o realizar o concurso MP MA Promotor.<\/p>\n\n\n\n<h2 class=\"has-text-align-center wp-block-heading\" id=\"cursos-ficha\">Quer estudar para Concursos de Direito?<\/h2>\n\n\n\n<div id=\"boxes\" class=\"container\">\n<div class=\"row\">\n<div class=\"col-sm\">\n<div id=\"box-assinatura\" class=\"banner-ecj\">\n<h3 class=\"titulo-assinatura\">Curso para Carreiras Jur\u00eddicas<\/h3>\n<p class=\"subtitulo-assinatura\">Cursos focados no edital do concurso<\/p>\n<div class=\"box-botao\"><a class=\"btn-assinatura\" role=\"button\" href=\"https:\/\/www.estrategiaconcursos.com.br\/cursosPorConcurso\/carreira-juridica-regular\/\" target=\"_blank\" rel=\"noopener noreferrer\">Conhe\u00e7a mais<\/a><\/div>\n<\/div>\n<p class=\"texto-auxiliar\">Prepare-se com o melhor material e com quem mais aprova em concursos em todo o pa\u00eds.<\/p>\n<\/div>\n<\/div>\n<\/div>\n\n\n\n<div id=\"boxes\" class=\"container\">\n<div class=\"row\">\n<div class=\"col-sm\">\n<div id=\"box-assinatura\" class=\"banner-ecj\">\n<h3 class=\"titulo-assinatura\">Assinatura Jur\u00eddica<\/h3>\n<p class=\"subtitulo-assinatura\">Conhe\u00e7a os planos<\/p>\n<div class=\"box-botao\"><a class=\"btn-assinatura\" role=\"button\" href=\"https:\/\/www.estrategiaconcursos.com.br\/assinaturas-ecj\/\" target=\"_blank\" rel=\"noopener noreferrer\">Conhe\u00e7a mais<\/a><\/div>\n<\/div>\n<p class=\"texto-auxiliar\">Prepare-se com o melhor material e com quem mais aprova em Concursos P\u00fablicos em todo o pa\u00eds.<\/p>\n<\/div>\n<\/div>\n<\/div>\n\n\n\n<div id=\"boxes\" class=\"container\">\n<div class=\"row\">\n<div id=\"boxes-concursos\" class=\"col-sm\">\n<div id=\"box-concursos\" class=\"conteudo-concursos\" style=\"background-color: #005dad;\">\n<h3 class=\"titulo-assinatura\">Concursos Abertos<\/h3>\n<p class=\"subtitulo-assinatura\">mais de 15 mil vagas<\/p>\n<div class=\"box-botao\"><a class=\"btn-assinatura\" role=\"button\" href=\"https:\/\/www.estrategiaconcursos.com.br\/blog\/concursos-abertos\/\" target=\"_blank\" rel=\"noopener noreferrer\">Conhe\u00e7a Agora<\/a><\/div>\n<\/div>\n<\/div>\n<div id=\"boxes-concursos\" class=\"col-sm\">\n<div id=\"box-concursos\" class=\"conteudo-concursos\" style=\"background-color: #419ff0;\">\n<h3 class=\"titulo-assinatura\">Concursos 2021<\/h3>\n<p class=\"subtitulo-assinatura\">mais de 17 mil vagas<\/p>\n<div class=\"box-botao\"><a class=\"btn-assinatura\" role=\"button\" href=\"https:\/\/www.estrategiaconcursos.com.br\/blog\/concursos-2021\/\" target=\"_blank\" rel=\"noopener noreferrer\">Conhe\u00e7a Agora<\/a><\/div>\n<\/div>\n<\/div>\n<div id=\"boxes-concursos\" class=\"col-sm\">\n<div id=\"box-concursos\" class=\"conteudo-concursos\" style=\"background-color: #1a7ed5;\">\n<h3 class=\"titulo-assinatura\">Concursos de Direito<\/h3>\n<p class=\"subtitulo-assinatura\">Vagas para a \u00e1rea jur\u00eddica<\/p>\n<div class=\"box-botao\"><a class=\"btn-assinatura\" role=\"button\" href=\"https:\/\/www.estrategiaconcursos.com.br\/blog\/concursos-de-direito\/\" target=\"_blank\" rel=\"noopener noreferrer\">Conhe\u00e7a Agora<\/a><\/div>\n<\/div>\n<\/div>\n<\/div>\n<\/div>\n\n\n\n<p><\/p>\n","protected":false},"excerpt":{"rendered":"<p>O professor Fl\u00e1vio Milhomem ministra nesta sexta-feira, 23 de abril de 2021, \u00e0s 19:00, uma aula completa sobre concursos para Promotor de Justi\u00e7a. Veja abaixo: Promotor de Justi\u00e7a: Cronograma Data: 23\/04\/2021Hor\u00e1rio: 19:00Onde: Canal do Estrat\u00e9gia Carreira Jur\u00eddica Promotor de Justi\u00e7a: Evento ao vivo Promotor de Justi\u00e7a: Curiosidades MP MS Status:&nbsp;Previsto Perspectivas: PGJ revelou que pretende [&hellip;]<\/p>\n","protected":false},"author":1,"featured_media":698783,"comment_status":"open","ping_status":"closed","sticky":false,"template":"","format":"standard","meta":{"post_tipo":"news","footnotes":""},"categories":[2185],"tags":[],"tax_estado":[219972,219973,219974,219975,219977,219989,219990],"class_list":["post-720161","post","type-post","status-publish","format-standard","has-post-thumbnail","hentry","category-carreiras-juridicas","tax_estado-go","tax_estado-ma","tax_estado-mg","tax_estado-ms","tax_estado-pa","tax_estado-sp","tax_estado-to"],"acf":[],"yoast_head":"<!-- This site is optimized with the Yoast SEO Premium plugin v27.2 (Yoast SEO v27.2) - https:\/\/yoast.com\/product\/yoast-seo-premium-wordpress\/ -->\n<title>Promotor de Justi\u00e7a: estudo de m\u00e9dio prazo para concursos<\/title>\n<meta name=\"description\" content=\"Reforce sua prepara\u00e7\u00e3o para concursos de Promotor de Justi\u00e7a. Saiba mais informa\u00e7\u00f5es sobre a aula neste artigo!\" \/>\n<meta name=\"robots\" content=\"index, follow, max-snippet:-1, max-image-preview:large, max-video-preview:-1\" \/>\n<link rel=\"canonical\" href=\"https:\/\/www.estrategiaconcursos.com.br\/blog\/promotor-de-justica-estudo-de-medio-prazo-para-concursos\/\" \/>\n<meta property=\"og:locale\" content=\"pt_BR\" \/>\n<meta property=\"og:type\" content=\"article\" \/>\n<meta property=\"og:title\" content=\"Promotor de Justi\u00e7a: estudo de m\u00e9dio prazo para concursos\" \/>\n<meta property=\"og:description\" content=\"Reforce sua prepara\u00e7\u00e3o para concursos de Promotor de Justi\u00e7a. Saiba mais informa\u00e7\u00f5es sobre a aula neste artigo!\" \/>\n<meta property=\"og:url\" content=\"https:\/\/www.estrategiaconcursos.com.br\/blog\/promotor-de-justica-estudo-de-medio-prazo-para-concursos\/\" \/>\n<meta property=\"og:site_name\" content=\"Estrat\u00e9gia Concursos\" \/>\n<meta property=\"article:author\" content=\"https:\/\/www.facebook.com\/EstrategiaConcursos\" \/>\n<meta property=\"article:published_time\" content=\"2021-04-23T20:30:00+00:00\" \/>\n<meta property=\"og:image\" content=\"https:\/\/dhg1h5j42swfq.cloudfront.net\/2021\/03\/22180424\/concursos-de-direito.jpg\" \/>\n\t<meta property=\"og:image:width\" content=\"1200\" \/>\n\t<meta property=\"og:image:height\" content=\"628\" \/>\n\t<meta property=\"og:image:type\" content=\"image\/jpeg\" \/>\n<meta name=\"author\" content=\"Coordena\u00e7\u00e3o\" \/>\n<meta name=\"twitter:card\" content=\"summary_large_image\" \/>\n<meta name=\"twitter:creator\" content=\"@EstratConcursos\" \/>\n<meta name=\"twitter:site\" content=\"@EstratConcursos\" \/>\n<meta name=\"twitter:label1\" content=\"Escrito por\" \/>\n\t<meta name=\"twitter:data1\" content=\"Coordena\u00e7\u00e3o\" \/>\n\t<meta name=\"twitter:label2\" content=\"Est. tempo de leitura\" \/>\n\t<meta name=\"twitter:data2\" content=\"2 minutos\" \/>\n<script type=\"application\/ld+json\" class=\"yoast-schema-graph\">{\"@context\":\"https:\/\/schema.org\",\"@graph\":[{\"@type\":\"NewsArticle\",\"@id\":\"https:\/\/www.estrategiaconcursos.com.br\/blog\/promotor-de-justica-estudo-de-medio-prazo-para-concursos\/#article\",\"isPartOf\":{\"@id\":\"https:\/\/www.estrategiaconcursos.com.br\/blog\/promotor-de-justica-estudo-de-medio-prazo-para-concursos\/\"},\"author\":{\"name\":\"Coordena\u00e7\u00e3o\",\"@id\":\"https:\/\/www.estrategiaconcursos.com.br\/blog\/#\/schema\/person\/b4a388c97673c5f483d72185668afa1f\"},\"headline\":\"Promotor de Justi\u00e7a: estudo de m\u00e9dio prazo para concursos\",\"datePublished\":\"2021-04-23T20:30:00+00:00\",\"mainEntityOfPage\":{\"@id\":\"https:\/\/www.estrategiaconcursos.com.br\/blog\/promotor-de-justica-estudo-de-medio-prazo-para-concursos\/\"},\"wordCount\":469,\"commentCount\":0,\"publisher\":{\"@id\":\"https:\/\/www.estrategiaconcursos.com.br\/blog\/#organization\"},\"image\":{\"@id\":\"https:\/\/www.estrategiaconcursos.com.br\/blog\/promotor-de-justica-estudo-de-medio-prazo-para-concursos\/#primaryimage\"},\"thumbnailUrl\":\"https:\/\/dhg1h5j42swfq.cloudfront.net\/2021\/03\/22180424\/concursos-de-direito.jpg\",\"articleSection\":[\"Jur\u00eddico\"],\"inLanguage\":\"pt-BR\",\"potentialAction\":[{\"@type\":\"CommentAction\",\"name\":\"Comment\",\"target\":[\"https:\/\/www.estrategiaconcursos.com.br\/blog\/promotor-de-justica-estudo-de-medio-prazo-para-concursos\/#respond\"]}],\"copyrightYear\":\"2021\",\"copyrightHolder\":{\"@id\":\"https:\/\/www.estrategiaconcursos.com.br\/blog\/#organization\"}},{\"@type\":\"WebPage\",\"@id\":\"https:\/\/www.estrategiaconcursos.com.br\/blog\/promotor-de-justica-estudo-de-medio-prazo-para-concursos\/\",\"url\":\"https:\/\/www.estrategiaconcursos.com.br\/blog\/promotor-de-justica-estudo-de-medio-prazo-para-concursos\/\",\"name\":\"Promotor de Justi\u00e7a: estudo de m\u00e9dio prazo para concursos\",\"isPartOf\":{\"@id\":\"https:\/\/www.estrategiaconcursos.com.br\/blog\/#website\"},\"primaryImageOfPage\":{\"@id\":\"https:\/\/www.estrategiaconcursos.com.br\/blog\/promotor-de-justica-estudo-de-medio-prazo-para-concursos\/#primaryimage\"},\"image\":{\"@id\":\"https:\/\/www.estrategiaconcursos.com.br\/blog\/promotor-de-justica-estudo-de-medio-prazo-para-concursos\/#primaryimage\"},\"thumbnailUrl\":\"https:\/\/dhg1h5j42swfq.cloudfront.net\/2021\/03\/22180424\/concursos-de-direito.jpg\",\"datePublished\":\"2021-04-23T20:30:00+00:00\",\"description\":\"Reforce sua prepara\u00e7\u00e3o para concursos de Promotor de Justi\u00e7a. Saiba mais informa\u00e7\u00f5es sobre a aula neste artigo!\",\"breadcrumb\":{\"@id\":\"https:\/\/www.estrategiaconcursos.com.br\/blog\/promotor-de-justica-estudo-de-medio-prazo-para-concursos\/#breadcrumb\"},\"inLanguage\":\"pt-BR\",\"potentialAction\":[{\"@type\":\"ReadAction\",\"target\":[\"https:\/\/www.estrategiaconcursos.com.br\/blog\/promotor-de-justica-estudo-de-medio-prazo-para-concursos\/\"]}]},{\"@type\":\"ImageObject\",\"inLanguage\":\"pt-BR\",\"@id\":\"https:\/\/www.estrategiaconcursos.com.br\/blog\/promotor-de-justica-estudo-de-medio-prazo-para-concursos\/#primaryimage\",\"url\":\"https:\/\/dhg1h5j42swfq.cloudfront.net\/2021\/03\/22180424\/concursos-de-direito.jpg\",\"contentUrl\":\"https:\/\/dhg1h5j42swfq.cloudfront.net\/2021\/03\/22180424\/concursos-de-direito.jpg\",\"width\":1200,\"height\":628,\"caption\":\"concursos de direito\"},{\"@type\":\"BreadcrumbList\",\"@id\":\"https:\/\/www.estrategiaconcursos.com.br\/blog\/promotor-de-justica-estudo-de-medio-prazo-para-concursos\/#breadcrumb\",\"itemListElement\":[{\"@type\":\"ListItem\",\"position\":1,\"name\":\"In\u00edcio\",\"item\":\"https:\/\/www.estrategiaconcursos.com.br\/blog\/\"},{\"@type\":\"ListItem\",\"position\":2,\"name\":\"Promotor de Justi\u00e7a: estudo de m\u00e9dio prazo para concursos\"}]},{\"@type\":\"WebSite\",\"@id\":\"https:\/\/www.estrategiaconcursos.com.br\/blog\/#website\",\"url\":\"https:\/\/www.estrategiaconcursos.com.br\/blog\/\",\"name\":\"Estrat\u00e9gia Concursos\",\"description\":\"O blog da Estrat\u00e9gia Concursos traz not\u00edcias sobre concursos e artigos de professores oferecendo cursos para concursos (pdf + videaulas) no site.\",\"publisher\":{\"@id\":\"https:\/\/www.estrategiaconcursos.com.br\/blog\/#organization\"},\"potentialAction\":[{\"@type\":\"SearchAction\",\"target\":{\"@type\":\"EntryPoint\",\"urlTemplate\":\"https:\/\/www.estrategiaconcursos.com.br\/blog\/?s={search_term_string}\"},\"query-input\":{\"@type\":\"PropertyValueSpecification\",\"valueRequired\":true,\"valueName\":\"search_term_string\"}}],\"inLanguage\":\"pt-BR\"},{\"@type\":\"Organization\",\"@id\":\"https:\/\/www.estrategiaconcursos.com.br\/blog\/#organization\",\"name\":\"Estrat\u00e9gia Concursos\",\"url\":\"https:\/\/www.estrategiaconcursos.com.br\/blog\/\",\"logo\":{\"@type\":\"ImageObject\",\"inLanguage\":\"pt-BR\",\"@id\":\"https:\/\/www.estrategiaconcursos.com.br\/blog\/#\/schema\/logo\/image\/\",\"url\":\"https:\/\/dhg1h5j42swfq.cloudfront.net\/2025\/06\/03203428\/logo_concursos-1.jpg\",\"contentUrl\":\"https:\/\/dhg1h5j42swfq.cloudfront.net\/2025\/06\/03203428\/logo_concursos-1.jpg\",\"width\":230,\"height\":60,\"caption\":\"Estrat\u00e9gia Concursos\"},\"image\":{\"@id\":\"https:\/\/www.estrategiaconcursos.com.br\/blog\/#\/schema\/logo\/image\/\"},\"sameAs\":[\"https:\/\/x.com\/EstratConcursos\"]},{\"@type\":\"Person\",\"@id\":\"https:\/\/www.estrategiaconcursos.com.br\/blog\/#\/schema\/person\/b4a388c97673c5f483d72185668afa1f\",\"name\":\"Coordena\u00e7\u00e3o\",\"image\":{\"@type\":\"ImageObject\",\"inLanguage\":\"pt-BR\",\"@id\":\"https:\/\/secure.gravatar.com\/avatar\/b720319e4c9a967eb58678d110f4fe35452fc5d5f97b202bac7b8acceb18c6ad?s=96&d=mm&r=g\",\"url\":\"https:\/\/secure.gravatar.com\/avatar\/b720319e4c9a967eb58678d110f4fe35452fc5d5f97b202bac7b8acceb18c6ad?s=96&d=mm&r=g\",\"contentUrl\":\"https:\/\/secure.gravatar.com\/avatar\/b720319e4c9a967eb58678d110f4fe35452fc5d5f97b202bac7b8acceb18c6ad?s=96&d=mm&r=g\",\"caption\":\"Coordena\u00e7\u00e3o\"},\"sameAs\":[\"https:\/\/www.facebook.com\/EstrategiaConcursos\",\"https:\/\/x.com\/EstratConcursos\"],\"url\":\"https:\/\/www.estrategiaconcursos.com.br\/blog\/author\/estrategia2013\/\"}]}<\/script>\n<!-- \/ Yoast SEO Premium plugin. -->","yoast_head_json":{"title":"Promotor de Justi\u00e7a: estudo de m\u00e9dio prazo para concursos","description":"Reforce sua prepara\u00e7\u00e3o para concursos de Promotor de Justi\u00e7a. Saiba mais informa\u00e7\u00f5es sobre a aula neste artigo!","robots":{"index":"index","follow":"follow","max-snippet":"max-snippet:-1","max-image-preview":"max-image-preview:large","max-video-preview":"max-video-preview:-1"},"canonical":"https:\/\/www.estrategiaconcursos.com.br\/blog\/promotor-de-justica-estudo-de-medio-prazo-para-concursos\/","og_locale":"pt_BR","og_type":"article","og_title":"Promotor de Justi\u00e7a: estudo de m\u00e9dio prazo para concursos","og_description":"Reforce sua prepara\u00e7\u00e3o para concursos de Promotor de Justi\u00e7a. Saiba mais informa\u00e7\u00f5es sobre a aula neste artigo!","og_url":"https:\/\/www.estrategiaconcursos.com.br\/blog\/promotor-de-justica-estudo-de-medio-prazo-para-concursos\/","og_site_name":"Estrat\u00e9gia Concursos","article_author":"https:\/\/www.facebook.com\/EstrategiaConcursos","article_published_time":"2021-04-23T20:30:00+00:00","og_image":[{"width":1200,"height":628,"url":"https:\/\/dhg1h5j42swfq.cloudfront.net\/2021\/03\/22180424\/concursos-de-direito.jpg","type":"image\/jpeg"}],"author":"Coordena\u00e7\u00e3o","twitter_card":"summary_large_image","twitter_creator":"@EstratConcursos","twitter_site":"@EstratConcursos","twitter_misc":{"Escrito por":"Coordena\u00e7\u00e3o","Est. tempo de leitura":"2 minutos"},"schema":{"@context":"https:\/\/schema.org","@graph":[{"@type":"NewsArticle","@id":"https:\/\/www.estrategiaconcursos.com.br\/blog\/promotor-de-justica-estudo-de-medio-prazo-para-concursos\/#article","isPartOf":{"@id":"https:\/\/www.estrategiaconcursos.com.br\/blog\/promotor-de-justica-estudo-de-medio-prazo-para-concursos\/"},"author":{"name":"Coordena\u00e7\u00e3o","@id":"https:\/\/www.estrategiaconcursos.com.br\/blog\/#\/schema\/person\/b4a388c97673c5f483d72185668afa1f"},"headline":"Promotor de Justi\u00e7a: estudo de m\u00e9dio prazo para concursos","datePublished":"2021-04-23T20:30:00+00:00","mainEntityOfPage":{"@id":"https:\/\/www.estrategiaconcursos.com.br\/blog\/promotor-de-justica-estudo-de-medio-prazo-para-concursos\/"},"wordCount":469,"commentCount":0,"publisher":{"@id":"https:\/\/www.estrategiaconcursos.com.br\/blog\/#organization"},"image":{"@id":"https:\/\/www.estrategiaconcursos.com.br\/blog\/promotor-de-justica-estudo-de-medio-prazo-para-concursos\/#primaryimage"},"thumbnailUrl":"https:\/\/dhg1h5j42swfq.cloudfront.net\/2021\/03\/22180424\/concursos-de-direito.jpg","articleSection":["Jur\u00eddico"],"inLanguage":"pt-BR","potentialAction":[{"@type":"CommentAction","name":"Comment","target":["https:\/\/www.estrategiaconcursos.com.br\/blog\/promotor-de-justica-estudo-de-medio-prazo-para-concursos\/#respond"]}],"copyrightYear":"2021","copyrightHolder":{"@id":"https:\/\/www.estrategiaconcursos.com.br\/blog\/#organization"}},{"@type":"WebPage","@id":"https:\/\/www.estrategiaconcursos.com.br\/blog\/promotor-de-justica-estudo-de-medio-prazo-para-concursos\/","url":"https:\/\/www.estrategiaconcursos.com.br\/blog\/promotor-de-justica-estudo-de-medio-prazo-para-concursos\/","name":"Promotor de Justi\u00e7a: estudo de m\u00e9dio prazo para concursos","isPartOf":{"@id":"https:\/\/www.estrategiaconcursos.com.br\/blog\/#website"},"primaryImageOfPage":{"@id":"https:\/\/www.estrategiaconcursos.com.br\/blog\/promotor-de-justica-estudo-de-medio-prazo-para-concursos\/#primaryimage"},"image":{"@id":"https:\/\/www.estrategiaconcursos.com.br\/blog\/promotor-de-justica-estudo-de-medio-prazo-para-concursos\/#primaryimage"},"thumbnailUrl":"https:\/\/dhg1h5j42swfq.cloudfront.net\/2021\/03\/22180424\/concursos-de-direito.jpg","datePublished":"2021-04-23T20:30:00+00:00","description":"Reforce sua prepara\u00e7\u00e3o para concursos de Promotor de Justi\u00e7a. Saiba mais informa\u00e7\u00f5es sobre a aula neste artigo!","breadcrumb":{"@id":"https:\/\/www.estrategiaconcursos.com.br\/blog\/promotor-de-justica-estudo-de-medio-prazo-para-concursos\/#breadcrumb"},"inLanguage":"pt-BR","potentialAction":[{"@type":"ReadAction","target":["https:\/\/www.estrategiaconcursos.com.br\/blog\/promotor-de-justica-estudo-de-medio-prazo-para-concursos\/"]}]},{"@type":"ImageObject","inLanguage":"pt-BR","@id":"https:\/\/www.estrategiaconcursos.com.br\/blog\/promotor-de-justica-estudo-de-medio-prazo-para-concursos\/#primaryimage","url":"https:\/\/dhg1h5j42swfq.cloudfront.net\/2021\/03\/22180424\/concursos-de-direito.jpg","contentUrl":"https:\/\/dhg1h5j42swfq.cloudfront.net\/2021\/03\/22180424\/concursos-de-direito.jpg","width":1200,"height":628,"caption":"concursos de direito"},{"@type":"BreadcrumbList","@id":"https:\/\/www.estrategiaconcursos.com.br\/blog\/promotor-de-justica-estudo-de-medio-prazo-para-concursos\/#breadcrumb","itemListElement":[{"@type":"ListItem","position":1,"name":"In\u00edcio","item":"https:\/\/www.estrategiaconcursos.com.br\/blog\/"},{"@type":"ListItem","position":2,"name":"Promotor de Justi\u00e7a: estudo de m\u00e9dio prazo para concursos"}]},{"@type":"WebSite","@id":"https:\/\/www.estrategiaconcursos.com.br\/blog\/#website","url":"https:\/\/www.estrategiaconcursos.com.br\/blog\/","name":"Estrat\u00e9gia Concursos","description":"O blog da Estrat\u00e9gia Concursos traz not\u00edcias sobre concursos e artigos de professores oferecendo cursos para concursos (pdf + videaulas) no site.","publisher":{"@id":"https:\/\/www.estrategiaconcursos.com.br\/blog\/#organization"},"potentialAction":[{"@type":"SearchAction","target":{"@type":"EntryPoint","urlTemplate":"https:\/\/www.estrategiaconcursos.com.br\/blog\/?s={search_term_string}"},"query-input":{"@type":"PropertyValueSpecification","valueRequired":true,"valueName":"search_term_string"}}],"inLanguage":"pt-BR"},{"@type":"Organization","@id":"https:\/\/www.estrategiaconcursos.com.br\/blog\/#organization","name":"Estrat\u00e9gia Concursos","url":"https:\/\/www.estrategiaconcursos.com.br\/blog\/","logo":{"@type":"ImageObject","inLanguage":"pt-BR","@id":"https:\/\/www.estrategiaconcursos.com.br\/blog\/#\/schema\/logo\/image\/","url":"https:\/\/dhg1h5j42swfq.cloudfront.net\/2025\/06\/03203428\/logo_concursos-1.jpg","contentUrl":"https:\/\/dhg1h5j42swfq.cloudfront.net\/2025\/06\/03203428\/logo_concursos-1.jpg","width":230,"height":60,"caption":"Estrat\u00e9gia Concursos"},"image":{"@id":"https:\/\/www.estrategiaconcursos.com.br\/blog\/#\/schema\/logo\/image\/"},"sameAs":["https:\/\/x.com\/EstratConcursos"]},{"@type":"Person","@id":"https:\/\/www.estrategiaconcursos.com.br\/blog\/#\/schema\/person\/b4a388c97673c5f483d72185668afa1f","name":"Coordena\u00e7\u00e3o","image":{"@type":"ImageObject","inLanguage":"pt-BR","@id":"https:\/\/secure.gravatar.com\/avatar\/b720319e4c9a967eb58678d110f4fe35452fc5d5f97b202bac7b8acceb18c6ad?s=96&d=mm&r=g","url":"https:\/\/secure.gravatar.com\/avatar\/b720319e4c9a967eb58678d110f4fe35452fc5d5f97b202bac7b8acceb18c6ad?s=96&d=mm&r=g","contentUrl":"https:\/\/secure.gravatar.com\/avatar\/b720319e4c9a967eb58678d110f4fe35452fc5d5f97b202bac7b8acceb18c6ad?s=96&d=mm&r=g","caption":"Coordena\u00e7\u00e3o"},"sameAs":["https:\/\/www.facebook.com\/EstrategiaConcursos","https:\/\/x.com\/EstratConcursos"],"url":"https:\/\/www.estrategiaconcursos.com.br\/blog\/author\/estrategia2013\/"}]}},"_links":{"self":[{"href":"https:\/\/www.estrategiaconcursos.com.br\/blog\/wp-json\/wp\/v2\/posts\/720161","targetHints":{"allow":["GET"]}}],"collection":[{"href":"https:\/\/www.estrategiaconcursos.com.br\/blog\/wp-json\/wp\/v2\/posts"}],"about":[{"href":"https:\/\/www.estrategiaconcursos.com.br\/blog\/wp-json\/wp\/v2\/types\/post"}],"author":[{"embeddable":true,"href":"https:\/\/www.estrategiaconcursos.com.br\/blog\/wp-json\/wp\/v2\/users\/1"}],"replies":[{"embeddable":true,"href":"https:\/\/www.estrategiaconcursos.com.br\/blog\/wp-json\/wp\/v2\/comments?post=720161"}],"version-history":[{"count":18,"href":"https:\/\/www.estrategiaconcursos.com.br\/blog\/wp-json\/wp\/v2\/posts\/720161\/revisions"}],"predecessor-version":[{"id":720185,"href":"https:\/\/www.estrategiaconcursos.com.br\/blog\/wp-json\/wp\/v2\/posts\/720161\/revisions\/720185"}],"wp:featuredmedia":[{"embeddable":true,"href":"https:\/\/www.estrategiaconcursos.com.br\/blog\/wp-json\/wp\/v2\/media\/698783"}],"wp:attachment":[{"href":"https:\/\/www.estrategiaconcursos.com.br\/blog\/wp-json\/wp\/v2\/media?parent=720161"}],"wp:term":[{"taxonomy":"category","embeddable":true,"href":"https:\/\/www.estrategiaconcursos.com.br\/blog\/wp-json\/wp\/v2\/categories?post=720161"},{"taxonomy":"post_tag","embeddable":true,"href":"https:\/\/www.estrategiaconcursos.com.br\/blog\/wp-json\/wp\/v2\/tags?post=720161"},{"taxonomy":"tax_estado","embeddable":true,"href":"https:\/\/www.estrategiaconcursos.com.br\/blog\/wp-json\/wp\/v2\/tax_estado?post=720161"}],"curies":[{"name":"wp","href":"https:\/\/api.w.org\/{rel}","templated":true}]}}