{"id":71943,"date":"2017-04-27T15:44:40","date_gmt":"2017-04-27T18:44:40","guid":{"rendered":"https:\/\/www.estrategiaconcursos.com.br\/blog\/?p=71943"},"modified":"2023-01-09T17:06:46","modified_gmt":"2023-01-09T20:06:46","slug":"apresentacoes-da-semana-de-analise-avancada-de-materias-da-receita-federal","status":"publish","type":"post","link":"https:\/\/www.estrategiaconcursos.com.br\/blog\/apresentacoes-da-semana-de-analise-avancada-de-materias-da-receita-federal\/","title":{"rendered":"Apresenta\u00e7\u00f5es da Semana de An\u00e1lise Avan\u00e7ada de mat\u00e9rias da Receita Federal"},"content":{"rendered":"<p>Ol\u00e1 caros(as) amigos(as),<\/p>\n<p>Nesta semana, o Estrat\u00e9gia Concursos est\u00e1 fazendo uma an\u00e1lise bastante criteriosa sobre as mat\u00e9rias do certame da Receita Federal. Estamos analisando estatisticamente tudo o que o ESAF cobrou nos \u00faltimos 5 anos, item a item e mostrando algumas conclus\u00f5es interessantes para os alunos.<\/p>\n<p>Abaixo, seguem os links dos\u00a0<strong>slides<\/strong> das apresenta\u00e7\u00f5es que j\u00e1 foram feitas. Espero que gostem ;-)<\/p>\n<ul>\n<li>\n<h3>Direito Tribut\u00e1rio, Legisla\u00e7\u00e3o Tribut\u00e1ria e Contabilidade Geral: <u><a href=\"https:\/\/dhg1h5j42swfq.cloudfront.net\/2017\/04\/25155456\/Passo-_-1a-apresentacao_alunos-Passo.pdf\" target=\"_blank\" rel=\"noopener\">slides em PDF<\/a><\/u> <strong>X<\/strong>\u00a0<u><a href=\"https:\/\/www.youtube.com\/watch?v=g7F8fpgLVT8&amp;list=PL70rxKg7qWNUtWgYl7BE1UDtAccnL38Bk\" target=\"_blank\" rel=\"noopener\">apresenta\u00e7\u00e3o em v\u00eddeo<\/a><\/u><\/h3>\n<\/li>\n<li>\n<h3>Legisla\u00e7\u00e3o Aduaneira, Com\u00e9rcio Internacional e Direito Previdenci\u00e1rio: <u><a href=\"https:\/\/dhg1h5j42swfq.cloudfront.net\/2017\/04\/27151935\/Passo-_-2a-_-apresentacao.pdf\" target=\"_blank\" rel=\"noopener\">slides em PDF<\/a><\/u> <strong>X<\/strong>\u00a0<u><a href=\"https:\/\/www.youtube.com\/watch?v=5DNkfwZrvAM&amp;list=PL70rxKg7qWNUtWgYl7BE1UDtAccnL38Bk&amp;index=2\" target=\"_blank\" rel=\"noopener\">apresenta\u00e7\u00e3o em v\u00eddeo<\/a><\/u><\/h3>\n<\/li>\n<li>\n<h3>Direito Constitucional e Racioc\u00ednio L\u00f3gico (RLQ, Mat. B\u00e1sica, Mat. Financeira e Estat\u00edstica): <u><a href=\"https:\/\/dhg1h5j42swfq.cloudfront.net\/2017\/04\/27152114\/Passo-_-3a-_-apresentacao.pdf\" target=\"_blank\" rel=\"noopener\">slides em PDF<\/a><\/u> <strong>X<\/strong>\u00a0<u>apresenta\u00e7\u00e3o em v\u00eddeo<\/u><\/h3>\n<\/li>\n<\/ul>\n<p>Se voc\u00ea, por algum motivo, ainda n\u00e3o puder adquirir o Passo Estrat\u00e9gico (promo\u00e7\u00e3o de lan\u00e7amento se encerra em 02\/05), sugiro fortemente que assista \u00e0s apresenta\u00e7\u00f5es no Youtube, pois certamente elas poder\u00e3o ajud\u00e1-lo a focar suas revis\u00f5es (se voc\u00ea est\u00e1 em fase intermedi\u00e1ria ou avan\u00e7ada dos estudos) ou ajudar no aprendizado dos itens mais importantes cobrados pela ESAF.<\/p>\n<p>Para saber mais a metodologia do <a href=\"https:\/\/www.estrategiaconcursos.com.br\/cursosPorConcurso\/promocao-passo-estrategico-receita-federal\/\" target=\"_blank\" rel=\"noopener\"><span style=\"color: #0000cd;\">Passo Estrat\u00e9gico, acesse\u00a0aqui<\/span><\/a> e baixe os PDFs demonstrativos (gratuitos).<\/p>\n<p>Abra\u00e7os,<\/p>\n<p>Heber Carvalho<\/p>\n<p>PS: caso voc\u00ea tenha d\u00favidas sobre o Passo Estrat\u00e9gico, sugiro que acesse <a href=\"https:\/\/www.estrategiaconcursos.com.br\/blog\/principais-duvidas-sobre-o-passo-estrategico-receita-federal\/\" target=\"_blank\" rel=\"noopener\"><span style=\"color: #0000cd;\">esse artigo<\/span><\/a>, em que eu respondi a maior parte dos questionamentos dos alunos.<\/p>\n","protected":false},"excerpt":{"rendered":"<p>Ol\u00e1 caros(as) amigos(as), Nesta semana, o Estrat\u00e9gia Concursos est\u00e1 fazendo uma an\u00e1lise bastante criteriosa sobre as mat\u00e9rias do certame da Receita Federal. Estamos analisando estatisticamente tudo o que o ESAF cobrou nos \u00faltimos 5 anos, item a item e mostrando algumas conclus\u00f5es interessantes para os alunos. Abaixo, seguem os links dos\u00a0slides das apresenta\u00e7\u00f5es que j\u00e1 [&hellip;]<\/p>\n","protected":false},"author":13,"featured_media":0,"comment_status":"open","ping_status":"open","sticky":false,"template":"","format":"standard","meta":{"post_tipo":"article","footnotes":""},"categories":[1],"tags":[484],"tax_estado":[],"class_list":["post-71943","post","type-post","status-publish","format-standard","hentry","category-cursos-e-concursos","tag-receita-federal"],"acf":[],"yoast_head":"<!-- This site is optimized with the Yoast SEO Premium plugin v27.2 (Yoast SEO v27.2) - https:\/\/yoast.com\/product\/yoast-seo-premium-wordpress\/ -->\n<title>An\u00e1lise Avan\u00e7ada de Mat\u00e9rias da Receita Federal<\/title>\n<meta name=\"description\" content=\"Veja aqui as apresenta\u00e7\u00f5es das An\u00e1lises avan\u00e7adas de Mat\u00e9rias para Concurso da Receita Federal. Saiba tudo sobre as mat\u00e9rias RFB em v\u00eddeo e ppt!\" \/>\n<meta name=\"robots\" content=\"index, follow, max-snippet:-1, max-image-preview:large, max-video-preview:-1\" \/>\n<link rel=\"canonical\" href=\"https:\/\/www.estrategiaconcursos.com.br\/blog\/apresentacoes-da-semana-de-analise-avancada-de-materias-da-receita-federal\/\" \/>\n<meta property=\"og:locale\" content=\"pt_BR\" \/>\n<meta property=\"og:type\" content=\"article\" \/>\n<meta property=\"og:title\" content=\"Apresenta\u00e7\u00f5es da Semana de An\u00e1lise Avan\u00e7ada de mat\u00e9rias da Receita Federal\" \/>\n<meta property=\"og:description\" content=\"Veja aqui as apresenta\u00e7\u00f5es das An\u00e1lises avan\u00e7adas de Mat\u00e9rias para Concurso da Receita Federal. Saiba tudo sobre as mat\u00e9rias RFB em v\u00eddeo e ppt!\" \/>\n<meta property=\"og:url\" content=\"https:\/\/www.estrategiaconcursos.com.br\/blog\/apresentacoes-da-semana-de-analise-avancada-de-materias-da-receita-federal\/\" \/>\n<meta property=\"og:site_name\" content=\"Estrat\u00e9gia Concursos\" \/>\n<meta property=\"article:author\" content=\"https:\/\/www.facebook.com\/heber.economia\" \/>\n<meta property=\"article:published_time\" content=\"2017-04-27T18:44:40+00:00\" \/>\n<meta property=\"article:modified_time\" content=\"2023-01-09T20:06:46+00:00\" \/>\n<meta name=\"author\" content=\"Heber Carvalho\" \/>\n<meta name=\"twitter:card\" content=\"summary_large_image\" \/>\n<meta name=\"twitter:creator\" content=\"@https:\/\/twitter.com\/EstratConcursos\" \/>\n<meta name=\"twitter:site\" content=\"@EstratConcursos\" \/>\n<meta name=\"twitter:label1\" content=\"Escrito por\" \/>\n\t<meta name=\"twitter:data1\" content=\"Heber Carvalho\" \/>\n\t<meta name=\"twitter:label2\" content=\"Est. tempo de leitura\" \/>\n\t<meta name=\"twitter:data2\" content=\"1 minuto\" \/>\n<script type=\"application\/ld+json\" class=\"yoast-schema-graph\">{\"@context\":\"https:\/\/schema.org\",\"@graph\":[{\"@type\":\"NewsArticle\",\"@id\":\"https:\/\/www.estrategiaconcursos.com.br\/blog\/apresentacoes-da-semana-de-analise-avancada-de-materias-da-receita-federal\/#article\",\"isPartOf\":{\"@id\":\"https:\/\/www.estrategiaconcursos.com.br\/blog\/apresentacoes-da-semana-de-analise-avancada-de-materias-da-receita-federal\/\"},\"author\":{\"name\":\"Heber Carvalho\",\"@id\":\"https:\/\/www.estrategiaconcursos.com.br\/blog\/#\/schema\/person\/555176e5fb81029706226eaf88b58f77\"},\"headline\":\"Apresenta\u00e7\u00f5es da Semana de An\u00e1lise Avan\u00e7ada de mat\u00e9rias da Receita Federal\",\"datePublished\":\"2017-04-27T18:44:40+00:00\",\"dateModified\":\"2023-01-09T20:06:46+00:00\",\"mainEntityOfPage\":{\"@id\":\"https:\/\/www.estrategiaconcursos.com.br\/blog\/apresentacoes-da-semana-de-analise-avancada-de-materias-da-receita-federal\/\"},\"wordCount\":260,\"commentCount\":0,\"publisher\":{\"@id\":\"https:\/\/www.estrategiaconcursos.com.br\/blog\/#organization\"},\"keywords\":[\"Receita Federal\"],\"articleSection\":[\"Concursos P\u00fablicos\"],\"inLanguage\":\"pt-BR\",\"potentialAction\":[{\"@type\":\"CommentAction\",\"name\":\"Comment\",\"target\":[\"https:\/\/www.estrategiaconcursos.com.br\/blog\/apresentacoes-da-semana-de-analise-avancada-de-materias-da-receita-federal\/#respond\"]}],\"copyrightYear\":\"2017\",\"copyrightHolder\":{\"@id\":\"https:\/\/www.estrategiaconcursos.com.br\/blog\/#organization\"}},{\"@type\":\"WebPage\",\"@id\":\"https:\/\/www.estrategiaconcursos.com.br\/blog\/apresentacoes-da-semana-de-analise-avancada-de-materias-da-receita-federal\/\",\"url\":\"https:\/\/www.estrategiaconcursos.com.br\/blog\/apresentacoes-da-semana-de-analise-avancada-de-materias-da-receita-federal\/\",\"name\":\"An\u00e1lise Avan\u00e7ada de Mat\u00e9rias da Receita Federal\",\"isPartOf\":{\"@id\":\"https:\/\/www.estrategiaconcursos.com.br\/blog\/#website\"},\"datePublished\":\"2017-04-27T18:44:40+00:00\",\"dateModified\":\"2023-01-09T20:06:46+00:00\",\"description\":\"Veja aqui as apresenta\u00e7\u00f5es das An\u00e1lises avan\u00e7adas de Mat\u00e9rias para Concurso da Receita Federal. Saiba tudo sobre as mat\u00e9rias RFB em v\u00eddeo e ppt!\",\"breadcrumb\":{\"@id\":\"https:\/\/www.estrategiaconcursos.com.br\/blog\/apresentacoes-da-semana-de-analise-avancada-de-materias-da-receita-federal\/#breadcrumb\"},\"inLanguage\":\"pt-BR\",\"potentialAction\":[{\"@type\":\"ReadAction\",\"target\":[\"https:\/\/www.estrategiaconcursos.com.br\/blog\/apresentacoes-da-semana-de-analise-avancada-de-materias-da-receita-federal\/\"]}]},{\"@type\":\"BreadcrumbList\",\"@id\":\"https:\/\/www.estrategiaconcursos.com.br\/blog\/apresentacoes-da-semana-de-analise-avancada-de-materias-da-receita-federal\/#breadcrumb\",\"itemListElement\":[{\"@type\":\"ListItem\",\"position\":1,\"name\":\"In\u00edcio\",\"item\":\"https:\/\/www.estrategiaconcursos.com.br\/blog\/\"},{\"@type\":\"ListItem\",\"position\":2,\"name\":\"Apresenta\u00e7\u00f5es da Semana de An\u00e1lise Avan\u00e7ada de mat\u00e9rias da Receita Federal\"}]},{\"@type\":\"WebSite\",\"@id\":\"https:\/\/www.estrategiaconcursos.com.br\/blog\/#website\",\"url\":\"https:\/\/www.estrategiaconcursos.com.br\/blog\/\",\"name\":\"Estrat\u00e9gia Concursos\",\"description\":\"O blog da Estrat\u00e9gia Concursos traz not\u00edcias sobre concursos e artigos de professores oferecendo cursos para concursos (pdf + videaulas) no site.\",\"publisher\":{\"@id\":\"https:\/\/www.estrategiaconcursos.com.br\/blog\/#organization\"},\"potentialAction\":[{\"@type\":\"SearchAction\",\"target\":{\"@type\":\"EntryPoint\",\"urlTemplate\":\"https:\/\/www.estrategiaconcursos.com.br\/blog\/?s={search_term_string}\"},\"query-input\":{\"@type\":\"PropertyValueSpecification\",\"valueRequired\":true,\"valueName\":\"search_term_string\"}}],\"inLanguage\":\"pt-BR\"},{\"@type\":\"Organization\",\"@id\":\"https:\/\/www.estrategiaconcursos.com.br\/blog\/#organization\",\"name\":\"Estrat\u00e9gia Concursos\",\"url\":\"https:\/\/www.estrategiaconcursos.com.br\/blog\/\",\"logo\":{\"@type\":\"ImageObject\",\"inLanguage\":\"pt-BR\",\"@id\":\"https:\/\/www.estrategiaconcursos.com.br\/blog\/#\/schema\/logo\/image\/\",\"url\":\"https:\/\/dhg1h5j42swfq.cloudfront.net\/2025\/06\/03203428\/logo_concursos-1.jpg\",\"contentUrl\":\"https:\/\/dhg1h5j42swfq.cloudfront.net\/2025\/06\/03203428\/logo_concursos-1.jpg\",\"width\":230,\"height\":60,\"caption\":\"Estrat\u00e9gia Concursos\"},\"image\":{\"@id\":\"https:\/\/www.estrategiaconcursos.com.br\/blog\/#\/schema\/logo\/image\/\"},\"sameAs\":[\"https:\/\/x.com\/EstratConcursos\"]},{\"@type\":\"Person\",\"@id\":\"https:\/\/www.estrategiaconcursos.com.br\/blog\/#\/schema\/person\/555176e5fb81029706226eaf88b58f77\",\"name\":\"Heber Carvalho\",\"image\":{\"@type\":\"ImageObject\",\"inLanguage\":\"pt-BR\",\"@id\":\"https:\/\/secure.gravatar.com\/avatar\/7fb00f951b5b5ef6352d915a4dd32e75828f1e329e22967291a52e461270e40a?s=96&d=mm&r=g\",\"url\":\"https:\/\/secure.gravatar.com\/avatar\/7fb00f951b5b5ef6352d915a4dd32e75828f1e329e22967291a52e461270e40a?s=96&d=mm&r=g\",\"contentUrl\":\"https:\/\/secure.gravatar.com\/avatar\/7fb00f951b5b5ef6352d915a4dd32e75828f1e329e22967291a52e461270e40a?s=96&d=mm&r=g\",\"caption\":\"Heber Carvalho\"},\"sameAs\":[\"https:\/\/www.facebook.com\/heber.economia\",\"https:\/\/x.com\/https:\/\/twitter.com\/EstratConcursos\"],\"url\":\"https:\/\/www.estrategiaconcursos.com.br\/blog\/author\/hebercarvalhoestrategiaconcursos-com-br\/\"}]}<\/script>\n<!-- \/ Yoast SEO Premium plugin. -->","yoast_head_json":{"title":"An\u00e1lise Avan\u00e7ada de Mat\u00e9rias da Receita Federal","description":"Veja aqui as apresenta\u00e7\u00f5es das An\u00e1lises avan\u00e7adas de Mat\u00e9rias para Concurso da Receita Federal. Saiba tudo sobre as mat\u00e9rias RFB em v\u00eddeo e ppt!","robots":{"index":"index","follow":"follow","max-snippet":"max-snippet:-1","max-image-preview":"max-image-preview:large","max-video-preview":"max-video-preview:-1"},"canonical":"https:\/\/www.estrategiaconcursos.com.br\/blog\/apresentacoes-da-semana-de-analise-avancada-de-materias-da-receita-federal\/","og_locale":"pt_BR","og_type":"article","og_title":"Apresenta\u00e7\u00f5es da Semana de An\u00e1lise Avan\u00e7ada de mat\u00e9rias da Receita Federal","og_description":"Veja aqui as apresenta\u00e7\u00f5es das An\u00e1lises avan\u00e7adas de Mat\u00e9rias para Concurso da Receita Federal. Saiba tudo sobre as mat\u00e9rias RFB em v\u00eddeo e ppt!","og_url":"https:\/\/www.estrategiaconcursos.com.br\/blog\/apresentacoes-da-semana-de-analise-avancada-de-materias-da-receita-federal\/","og_site_name":"Estrat\u00e9gia Concursos","article_author":"https:\/\/www.facebook.com\/heber.economia","article_published_time":"2017-04-27T18:44:40+00:00","article_modified_time":"2023-01-09T20:06:46+00:00","author":"Heber Carvalho","twitter_card":"summary_large_image","twitter_creator":"@https:\/\/twitter.com\/EstratConcursos","twitter_site":"@EstratConcursos","twitter_misc":{"Escrito por":"Heber Carvalho","Est. tempo de leitura":"1 minuto"},"schema":{"@context":"https:\/\/schema.org","@graph":[{"@type":"NewsArticle","@id":"https:\/\/www.estrategiaconcursos.com.br\/blog\/apresentacoes-da-semana-de-analise-avancada-de-materias-da-receita-federal\/#article","isPartOf":{"@id":"https:\/\/www.estrategiaconcursos.com.br\/blog\/apresentacoes-da-semana-de-analise-avancada-de-materias-da-receita-federal\/"},"author":{"name":"Heber Carvalho","@id":"https:\/\/www.estrategiaconcursos.com.br\/blog\/#\/schema\/person\/555176e5fb81029706226eaf88b58f77"},"headline":"Apresenta\u00e7\u00f5es da Semana de An\u00e1lise Avan\u00e7ada de mat\u00e9rias da Receita Federal","datePublished":"2017-04-27T18:44:40+00:00","dateModified":"2023-01-09T20:06:46+00:00","mainEntityOfPage":{"@id":"https:\/\/www.estrategiaconcursos.com.br\/blog\/apresentacoes-da-semana-de-analise-avancada-de-materias-da-receita-federal\/"},"wordCount":260,"commentCount":0,"publisher":{"@id":"https:\/\/www.estrategiaconcursos.com.br\/blog\/#organization"},"keywords":["Receita Federal"],"articleSection":["Concursos P\u00fablicos"],"inLanguage":"pt-BR","potentialAction":[{"@type":"CommentAction","name":"Comment","target":["https:\/\/www.estrategiaconcursos.com.br\/blog\/apresentacoes-da-semana-de-analise-avancada-de-materias-da-receita-federal\/#respond"]}],"copyrightYear":"2017","copyrightHolder":{"@id":"https:\/\/www.estrategiaconcursos.com.br\/blog\/#organization"}},{"@type":"WebPage","@id":"https:\/\/www.estrategiaconcursos.com.br\/blog\/apresentacoes-da-semana-de-analise-avancada-de-materias-da-receita-federal\/","url":"https:\/\/www.estrategiaconcursos.com.br\/blog\/apresentacoes-da-semana-de-analise-avancada-de-materias-da-receita-federal\/","name":"An\u00e1lise Avan\u00e7ada de Mat\u00e9rias da Receita Federal","isPartOf":{"@id":"https:\/\/www.estrategiaconcursos.com.br\/blog\/#website"},"datePublished":"2017-04-27T18:44:40+00:00","dateModified":"2023-01-09T20:06:46+00:00","description":"Veja aqui as apresenta\u00e7\u00f5es das An\u00e1lises avan\u00e7adas de Mat\u00e9rias para Concurso da Receita Federal. Saiba tudo sobre as mat\u00e9rias RFB em v\u00eddeo e ppt!","breadcrumb":{"@id":"https:\/\/www.estrategiaconcursos.com.br\/blog\/apresentacoes-da-semana-de-analise-avancada-de-materias-da-receita-federal\/#breadcrumb"},"inLanguage":"pt-BR","potentialAction":[{"@type":"ReadAction","target":["https:\/\/www.estrategiaconcursos.com.br\/blog\/apresentacoes-da-semana-de-analise-avancada-de-materias-da-receita-federal\/"]}]},{"@type":"BreadcrumbList","@id":"https:\/\/www.estrategiaconcursos.com.br\/blog\/apresentacoes-da-semana-de-analise-avancada-de-materias-da-receita-federal\/#breadcrumb","itemListElement":[{"@type":"ListItem","position":1,"name":"In\u00edcio","item":"https:\/\/www.estrategiaconcursos.com.br\/blog\/"},{"@type":"ListItem","position":2,"name":"Apresenta\u00e7\u00f5es da Semana de An\u00e1lise Avan\u00e7ada de mat\u00e9rias da Receita Federal"}]},{"@type":"WebSite","@id":"https:\/\/www.estrategiaconcursos.com.br\/blog\/#website","url":"https:\/\/www.estrategiaconcursos.com.br\/blog\/","name":"Estrat\u00e9gia Concursos","description":"O blog da Estrat\u00e9gia Concursos traz not\u00edcias sobre concursos e artigos de professores oferecendo cursos para concursos (pdf + videaulas) no site.","publisher":{"@id":"https:\/\/www.estrategiaconcursos.com.br\/blog\/#organization"},"potentialAction":[{"@type":"SearchAction","target":{"@type":"EntryPoint","urlTemplate":"https:\/\/www.estrategiaconcursos.com.br\/blog\/?s={search_term_string}"},"query-input":{"@type":"PropertyValueSpecification","valueRequired":true,"valueName":"search_term_string"}}],"inLanguage":"pt-BR"},{"@type":"Organization","@id":"https:\/\/www.estrategiaconcursos.com.br\/blog\/#organization","name":"Estrat\u00e9gia Concursos","url":"https:\/\/www.estrategiaconcursos.com.br\/blog\/","logo":{"@type":"ImageObject","inLanguage":"pt-BR","@id":"https:\/\/www.estrategiaconcursos.com.br\/blog\/#\/schema\/logo\/image\/","url":"https:\/\/dhg1h5j42swfq.cloudfront.net\/2025\/06\/03203428\/logo_concursos-1.jpg","contentUrl":"https:\/\/dhg1h5j42swfq.cloudfront.net\/2025\/06\/03203428\/logo_concursos-1.jpg","width":230,"height":60,"caption":"Estrat\u00e9gia Concursos"},"image":{"@id":"https:\/\/www.estrategiaconcursos.com.br\/blog\/#\/schema\/logo\/image\/"},"sameAs":["https:\/\/x.com\/EstratConcursos"]},{"@type":"Person","@id":"https:\/\/www.estrategiaconcursos.com.br\/blog\/#\/schema\/person\/555176e5fb81029706226eaf88b58f77","name":"Heber Carvalho","image":{"@type":"ImageObject","inLanguage":"pt-BR","@id":"https:\/\/secure.gravatar.com\/avatar\/7fb00f951b5b5ef6352d915a4dd32e75828f1e329e22967291a52e461270e40a?s=96&d=mm&r=g","url":"https:\/\/secure.gravatar.com\/avatar\/7fb00f951b5b5ef6352d915a4dd32e75828f1e329e22967291a52e461270e40a?s=96&d=mm&r=g","contentUrl":"https:\/\/secure.gravatar.com\/avatar\/7fb00f951b5b5ef6352d915a4dd32e75828f1e329e22967291a52e461270e40a?s=96&d=mm&r=g","caption":"Heber Carvalho"},"sameAs":["https:\/\/www.facebook.com\/heber.economia","https:\/\/x.com\/https:\/\/twitter.com\/EstratConcursos"],"url":"https:\/\/www.estrategiaconcursos.com.br\/blog\/author\/hebercarvalhoestrategiaconcursos-com-br\/"}]}},"_links":{"self":[{"href":"https:\/\/www.estrategiaconcursos.com.br\/blog\/wp-json\/wp\/v2\/posts\/71943","targetHints":{"allow":["GET"]}}],"collection":[{"href":"https:\/\/www.estrategiaconcursos.com.br\/blog\/wp-json\/wp\/v2\/posts"}],"about":[{"href":"https:\/\/www.estrategiaconcursos.com.br\/blog\/wp-json\/wp\/v2\/types\/post"}],"author":[{"embeddable":true,"href":"https:\/\/www.estrategiaconcursos.com.br\/blog\/wp-json\/wp\/v2\/users\/13"}],"replies":[{"embeddable":true,"href":"https:\/\/www.estrategiaconcursos.com.br\/blog\/wp-json\/wp\/v2\/comments?post=71943"}],"version-history":[{"count":5,"href":"https:\/\/www.estrategiaconcursos.com.br\/blog\/wp-json\/wp\/v2\/posts\/71943\/revisions"}],"predecessor-version":[{"id":1149789,"href":"https:\/\/www.estrategiaconcursos.com.br\/blog\/wp-json\/wp\/v2\/posts\/71943\/revisions\/1149789"}],"wp:attachment":[{"href":"https:\/\/www.estrategiaconcursos.com.br\/blog\/wp-json\/wp\/v2\/media?parent=71943"}],"wp:term":[{"taxonomy":"category","embeddable":true,"href":"https:\/\/www.estrategiaconcursos.com.br\/blog\/wp-json\/wp\/v2\/categories?post=71943"},{"taxonomy":"post_tag","embeddable":true,"href":"https:\/\/www.estrategiaconcursos.com.br\/blog\/wp-json\/wp\/v2\/tags?post=71943"},{"taxonomy":"tax_estado","embeddable":true,"href":"https:\/\/www.estrategiaconcursos.com.br\/blog\/wp-json\/wp\/v2\/tax_estado?post=71943"}],"curies":[{"name":"wp","href":"https:\/\/api.w.org\/{rel}","templated":true}]}}