{"id":71930,"date":"2017-04-27T13:21:12","date_gmt":"2017-04-27T16:21:12","guid":{"rendered":"https:\/\/www.estrategiaconcursos.com.br\/blog\/?p=71930"},"modified":"2017-04-27T13:37:44","modified_gmt":"2017-04-27T16:37:44","slug":"questao-discursiva-aft-e-reforma-trabalhista","status":"publish","type":"post","link":"https:\/\/www.estrategiaconcursos.com.br\/blog\/questao-discursiva-aft-e-reforma-trabalhista\/","title":{"rendered":"Quest\u00e3o Discursiva AFT e Reforma Trabalhista"},"content":{"rendered":"<p style=\"text-align: justify\">\n\tQueridos alunos!\n<\/p>\n<p style=\"text-align: justify\">\n\tAbaixo segue a quest&atilde;o discursiva da prova de AFT realizada pela ESAF em 2010.\n<\/p>\n<p style=\"text-align: justify\">\n\tVoc&ecirc;s observar&atilde;o que ao resolver quest&otilde;es discursivas &eacute; preciso tomar muito cuidado com a fundamenta&ccedil;&atilde;o da quest&atilde;o, uma vez que o <strong>argumento e o pensamento utilizados<\/strong> precisam estar em <strong>sintonia com a fundamenta&ccedil;&atilde;o<\/strong> e com a conclus&atilde;o.\n<\/p>\n<p style=\"text-align: justify\">\n\tObservem a quest&atilde;o que abordou tema que faz parte da atual reforma trabalhista e est&aacute; comentada na aula demonstrativa do curso.\n<\/p>\n<p style=\"text-align: justify\">\n\t<span style=\"color:#FF0000\"><strong>Quest&atilde;o de Prova AFT 2010:<\/strong> <\/span>O sindicato dos empregados de bares e restaurantes do Distrito Federal celebrou conven&ccedil;&atilde;o coletiva de trabalho com o sindicato dos bares e restaurantes do Distrito Federal. A referida norma coletiva estabeleceu que, para os trabalhadores integrantes da categoria representada pelo sindicato profissional, a hora noturna, assim considerada aquela compreendida entre 22 horas de um dia e 5 horas do dia seguinte, seria computada como de 60 (sessenta) minutos. O instrumento normativo determinou tamb&eacute;m que o labor noturno teria remunera&ccedil;&atilde;o acrescida de 60% (sessenta por cento) do valor da hora diurna. Finalmente, os sindicatos envolvidos estabeleceram o prazo de vig&ecirc;ncia de tr&ecirc;s anos para a conven&ccedil;&atilde;o coletiva.\n<\/p>\n<p style=\"text-align: justify\">\n\tEm face do caso hipot&eacute;tico apresentado, disserte sobre conven&ccedil;&otilde;es e acordos coletivos de trabalho, enfocando necessariamente os seguintes aspectos:\n<\/p>\n<p style=\"text-align: justify\">\n\t(I) natureza jur&iacute;dica das normas coletivas;\n<\/p>\n<p style=\"text-align: justify\">\n\t(II) limite ao regramento de condi&ccedil;&otilde;es laborais por conven&ccedil;&otilde;es e acordos coletivos de trabalho e princ&iacute;pios da prote&ccedil;&atilde;o e da indisponibilidade dos direitos trabalhistas;\n<\/p>\n<p style=\"text-align: justify\">\n\t(III) efeitos e integra&ccedil;&atilde;o das normas coletivas nos contratos individuais de trabalho;\n<\/p>\n<p style=\"text-align: justify\">\n\t(IV) &eacute; v&aacute;lida a fixa&ccedil;&atilde;o de prazo de vig&ecirc;ncia de tr&ecirc;s anos para a norma coletiva? Fundamente.\n<\/p>\n<p style=\"text-align: justify\">\n\tConfirma a aula demonstrativa do curso de Discursivas Direito do Trabalho AFT.\n<\/p>\n<p style=\"text-align: justify\">\n\t<a href=\"https:\/\/dhg1h5j42swfq.cloudfront.net\/2017\/04\/27131227\/Aula-Demonstrativa-Discursiva-AFT.pdf\">Aula-Demonstrativa-Discursiva-AFT<\/a>\n<\/p>\n<p style=\"text-align: justify\">\n\tConfiram os meus cursos que est&atilde;o dispon&iacute;veis aqui no site. Em todos eles haver&aacute; atualiza&ccedil;&atilde;o segundo a Reforma Trabalhista e as altera&ccedil;&otilde;es nas S&uacute;mulas e Orienta&ccedil;&otilde;es Jurisprudencias do TST.\n<\/p>\n<p style=\"text-align: justify\">\n\t<a href=\"https:\/\/www.estrategiaconcursos.com.br\/cursosPorProfessor\/deborah-paiva-3568\/\">https:\/\/www.estrategiaconcursos.com.br\/cursosPorProfessor\/deborah-paiva-3568\/<\/a>\n<\/p>\n<p style=\"text-align: justify\">\n\tBons estudos!\n<\/p>\n<p style=\"text-align: justify\">\n\tUm forte abra&ccedil;o,\n<\/p>\n<p style=\"text-align: justify\">\n\tD&eacute;borah Paiva\n<\/p>\n<p style=\"text-align: justify\">\n\tprofesoradeborahpaiva@hotmail.com\n<\/p>\n<p style=\"text-align: justify\">\n\t&nbsp;\n<\/p>\n<p style=\"text-align: justify\">\n\t&nbsp;<\/p>\n","protected":false},"excerpt":{"rendered":"<p>Queridos alunos! Abaixo segue a quest&atilde;o discursiva da prova de AFT realizada pela ESAF em 2010. Voc&ecirc;s observar&atilde;o que ao resolver quest&otilde;es discursivas &eacute; preciso tomar muito cuidado com a fundamenta&ccedil;&atilde;o da quest&atilde;o, uma vez que o argumento e o pensamento utilizados precisam estar em sintonia com a fundamenta&ccedil;&atilde;o e com a conclus&atilde;o. Observem a [&hellip;]<\/p>\n","protected":false},"author":408,"featured_media":0,"comment_status":"open","ping_status":"open","sticky":false,"template":"","format":"standard","meta":{"post_tipo":"article","footnotes":""},"categories":[1983],"tags":[],"tax_estado":[],"class_list":["post-71930","post","type-post","status-publish","format-standard","hentry","category-fiscal-estadual"],"acf":[],"yoast_head":"<!-- This site is optimized with the Yoast SEO Premium plugin v27.2 (Yoast SEO v27.2) - https:\/\/yoast.com\/product\/yoast-seo-premium-wordpress\/ -->\n<title>Quest\u00e3o Discursiva AFT e Reforma Trabalhista<\/title>\n<meta name=\"robots\" content=\"index, follow, max-snippet:-1, max-image-preview:large, max-video-preview:-1\" \/>\n<link rel=\"canonical\" href=\"https:\/\/www.estrategiaconcursos.com.br\/blog\/questao-discursiva-aft-e-reforma-trabalhista\/\" \/>\n<meta property=\"og:locale\" content=\"pt_BR\" \/>\n<meta property=\"og:type\" content=\"article\" \/>\n<meta property=\"og:title\" content=\"Quest\u00e3o Discursiva AFT e Reforma Trabalhista\" \/>\n<meta property=\"og:description\" content=\"Queridos alunos! Abaixo segue a quest&atilde;o discursiva da prova de AFT realizada pela ESAF em 2010. Voc&ecirc;s observar&atilde;o que ao resolver quest&otilde;es discursivas &eacute; preciso tomar muito cuidado com a fundamenta&ccedil;&atilde;o da quest&atilde;o, uma vez que o argumento e o pensamento utilizados precisam estar em sintonia com a fundamenta&ccedil;&atilde;o e com a conclus&atilde;o. Observem a [&hellip;]\" \/>\n<meta property=\"og:url\" content=\"https:\/\/www.estrategiaconcursos.com.br\/blog\/questao-discursiva-aft-e-reforma-trabalhista\/\" \/>\n<meta property=\"og:site_name\" content=\"Estrat\u00e9gia Concursos\" \/>\n<meta property=\"article:published_time\" content=\"2017-04-27T16:21:12+00:00\" \/>\n<meta property=\"article:modified_time\" content=\"2017-04-27T16:37:44+00:00\" \/>\n<meta name=\"author\" content=\"Deborah Paiva\" \/>\n<meta name=\"twitter:card\" content=\"summary_large_image\" \/>\n<meta name=\"twitter:creator\" content=\"@EstratConcursos\" \/>\n<meta name=\"twitter:site\" content=\"@EstratConcursos\" \/>\n<meta name=\"twitter:label1\" content=\"Escrito por\" \/>\n\t<meta name=\"twitter:data1\" content=\"Deborah Paiva\" \/>\n\t<meta name=\"twitter:label2\" content=\"Est. tempo de leitura\" \/>\n\t<meta name=\"twitter:data2\" content=\"2 minutos\" \/>\n<script type=\"application\/ld+json\" class=\"yoast-schema-graph\">{\"@context\":\"https:\/\/schema.org\",\"@graph\":[{\"@type\":\"NewsArticle\",\"@id\":\"https:\/\/www.estrategiaconcursos.com.br\/blog\/questao-discursiva-aft-e-reforma-trabalhista\/#article\",\"isPartOf\":{\"@id\":\"https:\/\/www.estrategiaconcursos.com.br\/blog\/questao-discursiva-aft-e-reforma-trabalhista\/\"},\"author\":{\"name\":\"Deborah Paiva\",\"@id\":\"https:\/\/www.estrategiaconcursos.com.br\/blog\/#\/schema\/person\/020032288bda52ebb06d54bdf1fec7ee\"},\"headline\":\"Quest\u00e3o Discursiva AFT e Reforma Trabalhista\",\"datePublished\":\"2017-04-27T16:21:12+00:00\",\"dateModified\":\"2017-04-27T16:37:44+00:00\",\"mainEntityOfPage\":{\"@id\":\"https:\/\/www.estrategiaconcursos.com.br\/blog\/questao-discursiva-aft-e-reforma-trabalhista\/\"},\"wordCount\":413,\"commentCount\":0,\"publisher\":{\"@id\":\"https:\/\/www.estrategiaconcursos.com.br\/blog\/#organization\"},\"articleSection\":[\"Fiscal - Estadual (ICMS)\"],\"inLanguage\":\"pt-BR\",\"potentialAction\":[{\"@type\":\"CommentAction\",\"name\":\"Comment\",\"target\":[\"https:\/\/www.estrategiaconcursos.com.br\/blog\/questao-discursiva-aft-e-reforma-trabalhista\/#respond\"]}],\"copyrightYear\":\"2017\",\"copyrightHolder\":{\"@id\":\"https:\/\/www.estrategiaconcursos.com.br\/blog\/#organization\"}},{\"@type\":\"WebPage\",\"@id\":\"https:\/\/www.estrategiaconcursos.com.br\/blog\/questao-discursiva-aft-e-reforma-trabalhista\/\",\"url\":\"https:\/\/www.estrategiaconcursos.com.br\/blog\/questao-discursiva-aft-e-reforma-trabalhista\/\",\"name\":\"Quest\u00e3o Discursiva AFT e Reforma Trabalhista\",\"isPartOf\":{\"@id\":\"https:\/\/www.estrategiaconcursos.com.br\/blog\/#website\"},\"datePublished\":\"2017-04-27T16:21:12+00:00\",\"dateModified\":\"2017-04-27T16:37:44+00:00\",\"breadcrumb\":{\"@id\":\"https:\/\/www.estrategiaconcursos.com.br\/blog\/questao-discursiva-aft-e-reforma-trabalhista\/#breadcrumb\"},\"inLanguage\":\"pt-BR\",\"potentialAction\":[{\"@type\":\"ReadAction\",\"target\":[\"https:\/\/www.estrategiaconcursos.com.br\/blog\/questao-discursiva-aft-e-reforma-trabalhista\/\"]}]},{\"@type\":\"BreadcrumbList\",\"@id\":\"https:\/\/www.estrategiaconcursos.com.br\/blog\/questao-discursiva-aft-e-reforma-trabalhista\/#breadcrumb\",\"itemListElement\":[{\"@type\":\"ListItem\",\"position\":1,\"name\":\"In\u00edcio\",\"item\":\"https:\/\/www.estrategiaconcursos.com.br\/blog\/\"},{\"@type\":\"ListItem\",\"position\":2,\"name\":\"Quest\u00e3o Discursiva AFT e Reforma Trabalhista\"}]},{\"@type\":\"WebSite\",\"@id\":\"https:\/\/www.estrategiaconcursos.com.br\/blog\/#website\",\"url\":\"https:\/\/www.estrategiaconcursos.com.br\/blog\/\",\"name\":\"Estrat\u00e9gia Concursos\",\"description\":\"O blog da Estrat\u00e9gia Concursos traz not\u00edcias sobre concursos e artigos de professores oferecendo cursos para concursos (pdf + videaulas) no site.\",\"publisher\":{\"@id\":\"https:\/\/www.estrategiaconcursos.com.br\/blog\/#organization\"},\"potentialAction\":[{\"@type\":\"SearchAction\",\"target\":{\"@type\":\"EntryPoint\",\"urlTemplate\":\"https:\/\/www.estrategiaconcursos.com.br\/blog\/?s={search_term_string}\"},\"query-input\":{\"@type\":\"PropertyValueSpecification\",\"valueRequired\":true,\"valueName\":\"search_term_string\"}}],\"inLanguage\":\"pt-BR\"},{\"@type\":\"Organization\",\"@id\":\"https:\/\/www.estrategiaconcursos.com.br\/blog\/#organization\",\"name\":\"Estrat\u00e9gia Concursos\",\"url\":\"https:\/\/www.estrategiaconcursos.com.br\/blog\/\",\"logo\":{\"@type\":\"ImageObject\",\"inLanguage\":\"pt-BR\",\"@id\":\"https:\/\/www.estrategiaconcursos.com.br\/blog\/#\/schema\/logo\/image\/\",\"url\":\"https:\/\/dhg1h5j42swfq.cloudfront.net\/2025\/06\/03203428\/logo_concursos-1.jpg\",\"contentUrl\":\"https:\/\/dhg1h5j42swfq.cloudfront.net\/2025\/06\/03203428\/logo_concursos-1.jpg\",\"width\":230,\"height\":60,\"caption\":\"Estrat\u00e9gia Concursos\"},\"image\":{\"@id\":\"https:\/\/www.estrategiaconcursos.com.br\/blog\/#\/schema\/logo\/image\/\"},\"sameAs\":[\"https:\/\/x.com\/EstratConcursos\"]},{\"@type\":\"Person\",\"@id\":\"https:\/\/www.estrategiaconcursos.com.br\/blog\/#\/schema\/person\/020032288bda52ebb06d54bdf1fec7ee\",\"name\":\"Deborah Paiva\",\"image\":{\"@type\":\"ImageObject\",\"inLanguage\":\"pt-BR\",\"@id\":\"https:\/\/secure.gravatar.com\/avatar\/a8272e1eb549c3fc129f06cc1c756a4dd7cf153c3cca338cd23580febd4d9d84?s=96&d=mm&r=g\",\"url\":\"https:\/\/secure.gravatar.com\/avatar\/a8272e1eb549c3fc129f06cc1c756a4dd7cf153c3cca338cd23580febd4d9d84?s=96&d=mm&r=g\",\"contentUrl\":\"https:\/\/secure.gravatar.com\/avatar\/a8272e1eb549c3fc129f06cc1c756a4dd7cf153c3cca338cd23580febd4d9d84?s=96&d=mm&r=g\",\"caption\":\"Deborah Paiva\"},\"url\":\"https:\/\/www.estrategiaconcursos.com.br\/blog\/author\/deborahpaivaestrategiaconcursos-com-br\/\"}]}<\/script>\n<!-- \/ Yoast SEO Premium plugin. -->","yoast_head_json":{"title":"Quest\u00e3o Discursiva AFT e Reforma Trabalhista","robots":{"index":"index","follow":"follow","max-snippet":"max-snippet:-1","max-image-preview":"max-image-preview:large","max-video-preview":"max-video-preview:-1"},"canonical":"https:\/\/www.estrategiaconcursos.com.br\/blog\/questao-discursiva-aft-e-reforma-trabalhista\/","og_locale":"pt_BR","og_type":"article","og_title":"Quest\u00e3o Discursiva AFT e Reforma Trabalhista","og_description":"Queridos alunos! Abaixo segue a quest&atilde;o discursiva da prova de AFT realizada pela ESAF em 2010. Voc&ecirc;s observar&atilde;o que ao resolver quest&otilde;es discursivas &eacute; preciso tomar muito cuidado com a fundamenta&ccedil;&atilde;o da quest&atilde;o, uma vez que o argumento e o pensamento utilizados precisam estar em sintonia com a fundamenta&ccedil;&atilde;o e com a conclus&atilde;o. Observem a [&hellip;]","og_url":"https:\/\/www.estrategiaconcursos.com.br\/blog\/questao-discursiva-aft-e-reforma-trabalhista\/","og_site_name":"Estrat\u00e9gia Concursos","article_published_time":"2017-04-27T16:21:12+00:00","article_modified_time":"2017-04-27T16:37:44+00:00","author":"Deborah Paiva","twitter_card":"summary_large_image","twitter_creator":"@EstratConcursos","twitter_site":"@EstratConcursos","twitter_misc":{"Escrito por":"Deborah Paiva","Est. tempo de leitura":"2 minutos"},"schema":{"@context":"https:\/\/schema.org","@graph":[{"@type":"NewsArticle","@id":"https:\/\/www.estrategiaconcursos.com.br\/blog\/questao-discursiva-aft-e-reforma-trabalhista\/#article","isPartOf":{"@id":"https:\/\/www.estrategiaconcursos.com.br\/blog\/questao-discursiva-aft-e-reforma-trabalhista\/"},"author":{"name":"Deborah Paiva","@id":"https:\/\/www.estrategiaconcursos.com.br\/blog\/#\/schema\/person\/020032288bda52ebb06d54bdf1fec7ee"},"headline":"Quest\u00e3o Discursiva AFT e Reforma Trabalhista","datePublished":"2017-04-27T16:21:12+00:00","dateModified":"2017-04-27T16:37:44+00:00","mainEntityOfPage":{"@id":"https:\/\/www.estrategiaconcursos.com.br\/blog\/questao-discursiva-aft-e-reforma-trabalhista\/"},"wordCount":413,"commentCount":0,"publisher":{"@id":"https:\/\/www.estrategiaconcursos.com.br\/blog\/#organization"},"articleSection":["Fiscal - Estadual (ICMS)"],"inLanguage":"pt-BR","potentialAction":[{"@type":"CommentAction","name":"Comment","target":["https:\/\/www.estrategiaconcursos.com.br\/blog\/questao-discursiva-aft-e-reforma-trabalhista\/#respond"]}],"copyrightYear":"2017","copyrightHolder":{"@id":"https:\/\/www.estrategiaconcursos.com.br\/blog\/#organization"}},{"@type":"WebPage","@id":"https:\/\/www.estrategiaconcursos.com.br\/blog\/questao-discursiva-aft-e-reforma-trabalhista\/","url":"https:\/\/www.estrategiaconcursos.com.br\/blog\/questao-discursiva-aft-e-reforma-trabalhista\/","name":"Quest\u00e3o Discursiva AFT e Reforma Trabalhista","isPartOf":{"@id":"https:\/\/www.estrategiaconcursos.com.br\/blog\/#website"},"datePublished":"2017-04-27T16:21:12+00:00","dateModified":"2017-04-27T16:37:44+00:00","breadcrumb":{"@id":"https:\/\/www.estrategiaconcursos.com.br\/blog\/questao-discursiva-aft-e-reforma-trabalhista\/#breadcrumb"},"inLanguage":"pt-BR","potentialAction":[{"@type":"ReadAction","target":["https:\/\/www.estrategiaconcursos.com.br\/blog\/questao-discursiva-aft-e-reforma-trabalhista\/"]}]},{"@type":"BreadcrumbList","@id":"https:\/\/www.estrategiaconcursos.com.br\/blog\/questao-discursiva-aft-e-reforma-trabalhista\/#breadcrumb","itemListElement":[{"@type":"ListItem","position":1,"name":"In\u00edcio","item":"https:\/\/www.estrategiaconcursos.com.br\/blog\/"},{"@type":"ListItem","position":2,"name":"Quest\u00e3o Discursiva AFT e Reforma Trabalhista"}]},{"@type":"WebSite","@id":"https:\/\/www.estrategiaconcursos.com.br\/blog\/#website","url":"https:\/\/www.estrategiaconcursos.com.br\/blog\/","name":"Estrat\u00e9gia Concursos","description":"O blog da Estrat\u00e9gia Concursos traz not\u00edcias sobre concursos e artigos de professores oferecendo cursos para concursos (pdf + videaulas) no site.","publisher":{"@id":"https:\/\/www.estrategiaconcursos.com.br\/blog\/#organization"},"potentialAction":[{"@type":"SearchAction","target":{"@type":"EntryPoint","urlTemplate":"https:\/\/www.estrategiaconcursos.com.br\/blog\/?s={search_term_string}"},"query-input":{"@type":"PropertyValueSpecification","valueRequired":true,"valueName":"search_term_string"}}],"inLanguage":"pt-BR"},{"@type":"Organization","@id":"https:\/\/www.estrategiaconcursos.com.br\/blog\/#organization","name":"Estrat\u00e9gia Concursos","url":"https:\/\/www.estrategiaconcursos.com.br\/blog\/","logo":{"@type":"ImageObject","inLanguage":"pt-BR","@id":"https:\/\/www.estrategiaconcursos.com.br\/blog\/#\/schema\/logo\/image\/","url":"https:\/\/dhg1h5j42swfq.cloudfront.net\/2025\/06\/03203428\/logo_concursos-1.jpg","contentUrl":"https:\/\/dhg1h5j42swfq.cloudfront.net\/2025\/06\/03203428\/logo_concursos-1.jpg","width":230,"height":60,"caption":"Estrat\u00e9gia Concursos"},"image":{"@id":"https:\/\/www.estrategiaconcursos.com.br\/blog\/#\/schema\/logo\/image\/"},"sameAs":["https:\/\/x.com\/EstratConcursos"]},{"@type":"Person","@id":"https:\/\/www.estrategiaconcursos.com.br\/blog\/#\/schema\/person\/020032288bda52ebb06d54bdf1fec7ee","name":"Deborah Paiva","image":{"@type":"ImageObject","inLanguage":"pt-BR","@id":"https:\/\/secure.gravatar.com\/avatar\/a8272e1eb549c3fc129f06cc1c756a4dd7cf153c3cca338cd23580febd4d9d84?s=96&d=mm&r=g","url":"https:\/\/secure.gravatar.com\/avatar\/a8272e1eb549c3fc129f06cc1c756a4dd7cf153c3cca338cd23580febd4d9d84?s=96&d=mm&r=g","contentUrl":"https:\/\/secure.gravatar.com\/avatar\/a8272e1eb549c3fc129f06cc1c756a4dd7cf153c3cca338cd23580febd4d9d84?s=96&d=mm&r=g","caption":"Deborah Paiva"},"url":"https:\/\/www.estrategiaconcursos.com.br\/blog\/author\/deborahpaivaestrategiaconcursos-com-br\/"}]}},"_links":{"self":[{"href":"https:\/\/www.estrategiaconcursos.com.br\/blog\/wp-json\/wp\/v2\/posts\/71930","targetHints":{"allow":["GET"]}}],"collection":[{"href":"https:\/\/www.estrategiaconcursos.com.br\/blog\/wp-json\/wp\/v2\/posts"}],"about":[{"href":"https:\/\/www.estrategiaconcursos.com.br\/blog\/wp-json\/wp\/v2\/types\/post"}],"author":[{"embeddable":true,"href":"https:\/\/www.estrategiaconcursos.com.br\/blog\/wp-json\/wp\/v2\/users\/408"}],"replies":[{"embeddable":true,"href":"https:\/\/www.estrategiaconcursos.com.br\/blog\/wp-json\/wp\/v2\/comments?post=71930"}],"version-history":[{"count":2,"href":"https:\/\/www.estrategiaconcursos.com.br\/blog\/wp-json\/wp\/v2\/posts\/71930\/revisions"}],"predecessor-version":[{"id":71936,"href":"https:\/\/www.estrategiaconcursos.com.br\/blog\/wp-json\/wp\/v2\/posts\/71930\/revisions\/71936"}],"wp:attachment":[{"href":"https:\/\/www.estrategiaconcursos.com.br\/blog\/wp-json\/wp\/v2\/media?parent=71930"}],"wp:term":[{"taxonomy":"category","embeddable":true,"href":"https:\/\/www.estrategiaconcursos.com.br\/blog\/wp-json\/wp\/v2\/categories?post=71930"},{"taxonomy":"post_tag","embeddable":true,"href":"https:\/\/www.estrategiaconcursos.com.br\/blog\/wp-json\/wp\/v2\/tags?post=71930"},{"taxonomy":"tax_estado","embeddable":true,"href":"https:\/\/www.estrategiaconcursos.com.br\/blog\/wp-json\/wp\/v2\/tax_estado?post=71930"}],"curies":[{"name":"wp","href":"https:\/\/api.w.org\/{rel}","templated":true}]}}