{"id":71893,"date":"2017-04-26T18:44:38","date_gmt":"2017-04-26T21:44:38","guid":{"rendered":"https:\/\/www.estrategiaconcursos.com.br\/blog\/?p=71893"},"modified":"2017-04-26T18:46:00","modified_gmt":"2017-04-26T21:46:00","slug":"espanhol-treinamento-de-leitura-e-traducao-noticia-emprego-salarios","status":"publish","type":"post","link":"https:\/\/www.estrategiaconcursos.com.br\/blog\/espanhol-treinamento-de-leitura-e-traducao-noticia-emprego-salarios\/","title":{"rendered":"Espanhol &#8211; Treinamento de Leitura e Tradu\u00e7\u00e3o &#8211; Not\u00edcia: emprego, sal\u00e1rios."},"content":{"rendered":"<p>\n\tOl&aacute; a todos,\n<\/p>\n<p>\n\tSegue texto para treinamento de leitura e tradu&ccedil;&atilde;o.\n<\/p>\n<p style=\"text-align: justify\">\n\tInformo que aqui no site voc&ecirc; encontrar&aacute; mais textos de Espanhol para treinamento de leitura e tradu&ccedil;&atilde;o.\n<\/p>\n<p style=\"text-align: justify\">\n\t<a href=\"https:\/\/www.estrategiaconcursos.com.br\/blog\/author\/adinoel-sebastiaogmail-com\/\" target=\"_blank\"><u>Clique aqui para mais textos de Espanhol para treinamento de leitura e tradu&ccedil;&atilde;o<\/u>.<\/a>\n<\/p>\n<p style=\"text-align: justify\">\n\tBoa leitura.\n<\/p>\n<p>\n\tProf. Adino&eacute;l e Profa. Elenice.\n<\/p>\n<p>\n\t<u><a href=\"https:\/\/www.estrategiaconcursos.com.br\/cursosPorProfessor\/adinoel-sebastiao-3238\/\" target=\"_blank\">Clique aqui para ver os Cursos de Espanhol do Estrat&eacute;gia Concursos<\/a><\/u>\n<\/p>\n<p>\n\t&nbsp;\n<\/p>\n<p>\n\t&nbsp;\n<\/p>\n<p>\n\t<img decoding=\"async\" alt=\"Espanhol Receita Federal\" src=\"https:\/\/www.estrategiaconcursos.com.br\/blog\/wp-content\/uploads\/2016\/12\/novas-corujas-11-34139.png\" style=\"height: 84px;width: 250px\" \/>\n<\/p>\n<h2>\n\tTEXTO<br \/>\n<\/h2>\n<p style=\"text-align: justify\">\n\t<strong>Crece el empleo de las grandes empresas y bajan los salarios<\/strong>\n<\/p>\n<p style=\"text-align: justify\">\n\tEl empleo en las grandes empresas creci&oacute; en febrero un 3,6% en relaci&oacute;n al mismo mes del 2016, cifra dos d&eacute;cimas inferior a la de enero, mientras que los salarios en los grandes grupos disminuyeron el 0,7%.\n<\/p>\n<p style=\"text-align: justify\">\n\tDe este modo, las plantillas totales de las grandes empresas (las que tienen un volumen de negocio superior a los seis millones de euros) cerraron el mes de febrero con 5.007.846 trabajadores, seg&uacute;n datos de la encuesta &lsquo;Ventas, empleos y salarios de las grandes empresas&#039;, publicada este lunes por la Agencia Tributaria.\n<\/p>\n<p style=\"text-align: justify\">\n\tLas retribuciones, por el contrario, han ido a la baja. El sueldo medio bruto en las grandes firmas disminuy&oacute; un 0,7% en febrero respecto a hace un a&ntilde;o, y ha quedado en una media de 2.042 euros mensuales. Este descenso contrasta con el repunte del 0,3% registrado en enero pasado.\n<\/p>\n<p style=\"text-align: justify\">\n\tLa Agencia Tributaria se&ntilde;ala que esta cifra &quot;a&uacute;n no es indicativa de lo que suceder&aacute; en el conjunto del a&ntilde;o&quot; al no estar cerrada aun la negociaci&oacute;n colectiva y porque la ca&iacute;da se debe a la parte de retribuciones extraordinarias.\n<\/p>\n<p style=\"text-align: justify\">\n\tMEJORA DE LAS VENTAS\n<\/p>\n<p style=\"text-align: justify\">\n\tLas grandes empresas han mejorado tambi&eacute;n sus ventas, que aumentaron el 4,1% en febrero respecto al mismo mes de 2016. Este crecimiento fue siete d&eacute;cimas mayor que en enero (3,4%).\n<\/p>\n<p style=\"text-align: justify\">\n\tHacienda subraya que en los dos primeros meses del a&ntilde;o el crecimiento fue del 3,8%, superior al de los trimestres anteriores. &quot;La aceleraci&oacute;n de las ventas totales se sustenta en el mayor crecimiento de las exportaciones, mientras que las ventas interiores aumentan de manera sostenida&quot;, explica.\n<\/p>\n<p style=\"text-align: justify\">\n\tLos sectores en los que las grandes firmas incrementaron la ocupaci&oacute;n fueron servicios (4%), construcci&oacute;n (3%) y la industria sin energ&iacute;a y agua (2,7%). El empleo en la industria con energ&iacute;a y agua retrocedi&oacute; el 1,1%.\n<\/p>\n<p style=\"text-align: justify\">\n\t<span style=\"font-size:10px\">Fonte: <a href=\"http:\/\/www.elperiodico.com\/es\/noticias\/economia\">http:\/\/www.elperiodico.com\/es\/noticias\/economia<\/a><\/span>\n<\/p>\n<p>\n\t&nbsp;\n<\/p>\n<p>\n\t<img decoding=\"async\" alt=\"Espanhol Receita Federal\" src=\"https:\/\/www.estrategiaconcursos.com.br\/blog\/wp-content\/uploads\/2017\/04\/panorama.png\" \/>\n<\/p>\n<h2>\n\tTRADU&Ccedil;&Atilde;O LIVRE<br \/>\n<\/h2>\n<p style=\"text-align: justify\">\n\t<strong>Crece el empleo de las grandes empresas y bajan los sal&aacute;rios<\/strong>\n<\/p>\n<p style=\"text-align: justify\">\n\t<span style=\"color:#0000FF\">Cresce o emprego das grandes empresas e baixam os sal&aacute;rios<\/span>\n<\/p>\n<p style=\"text-align: justify\">\n\t&nbsp;\n<\/p>\n<p style=\"text-align: justify\">\n\tEl empleo en las grandes empresas creci&oacute; en febrero un 3,6% en relaci&oacute;n al mismo mes del 2016, cifra dos d&eacute;cimas inferior a la de enero, mientras que los salarios en los grandes grupos disminuyeron el 0,7%.\n<\/p>\n<p style=\"text-align: justify\">\n\t<span style=\"color:#0000FF\">O emprego nas grandes empresas cresceu em fevereiro 3,6% em rela&ccedil;&atilde;o ao mesmo m&ecirc;s de 2016, cifra dois d&eacute;cimos inferior ao de janeiro, enquanto que os grandes grupos diminu&iacute;ram em 0,7%.<\/span>\n<\/p>\n<p style=\"text-align: justify\">\n\t&nbsp;\n<\/p>\n<p style=\"text-align: justify\">\n\tDe este modo, las plantillas totales de las grandes empresas (las que tienen un volumen de negocio superior a los seis millones de euros) cerraron el mes de febrero con 5.007.846 trabajadores, seg&uacute;n datos de la encuesta &lsquo;Ventas, empleos y salarios de las grandes empresas&#039;, publicada este lunes por la Agencia Tributaria.\n<\/p>\n<p style=\"text-align: justify\">\n\t<span style=\"color:#0000FF\">Deste modo, os modelos totais das grandes empresas (as que t&ecirc;m um volume de neg&oacute;cio superior aos seis milh&otilde;es de euros) fecharam o m&ecirc;s de fevereiro com 5.007.846 trabalhadores, segundo dados da pesquisa &ldquo;Vendas, empregos e sal&aacute;rios das grandes empresas&rdquo;, publicada na segunda-feira pela Ag&ecirc;ncia Tribut&aacute;ria.<\/span>\n<\/p>\n<p style=\"text-align: justify\">\n\t&nbsp;\n<\/p>\n<p style=\"text-align: justify\">\n\tLas retribuciones, por el contrario, han ido a la baja. El sueldo medio bruto en las grandes firmas disminuy&oacute; un 0,7% en febrero respecto a hace un a&ntilde;o, y ha quedado en una media de 2.042 euros mensuales. Este descenso contrasta con el repunte del 0,3% registrado en enero pasado.\n<\/p>\n<p style=\"text-align: justify\">\n\t<span style=\"color:#0000FF\">As retribui&ccedil;&otilde;es (sal&aacute;rios), pelo contr&aacute;rio, h&atilde;o baixado. O saldo m&eacute;dio bruto nas grandes empresas diminuiu 0,7% em fevereiro em rela&ccedil;&atilde;o a um ano atr&aacute;s, e h&aacute; ficado em uma m&eacute;dia de 2.042 euros mensais. Esta queda contrasta com o aumento de 0,3% registrado em janeiro passado.<\/span>\n<\/p>\n<p style=\"text-align: justify\">\n\t&nbsp;\n<\/p>\n<p style=\"text-align: justify\">\n\tLa Agencia Tributaria se&ntilde;ala que esta cifra &quot;a&uacute;n no es indicativa de lo que suceder&aacute; en el conjunto del a&ntilde;o&quot; al no estar cerrada aun la negociaci&oacute;n colectiva y porque la ca&iacute;da se debe a la parte de retribuciones extraordinarias.\n<\/p>\n<p style=\"text-align: justify\">\n\t<span style=\"color:#0000FF\">A Ag&ecirc;ncia Tribut&aacute;ria assinala que esta cifra &ldquo;ainda n&atilde;o &eacute; indicativa do que acontecer&aacute; no conjunto do ano&rdquo; ao n&atilde;o estar fechada ainda anegocia&ccedil;&atilde;o coletiva e porque a queda se deve a parte de retribui&ccedil;&otilde;es extraordin&aacute;rias.<\/span>\n<\/p>\n<p style=\"text-align: justify\">\n\t&nbsp;\n<\/p>\n<p style=\"text-align: justify\">\n\tMEJORA DE LAS VENTAS\n<\/p>\n<p style=\"text-align: justify\">\n\t<span style=\"color:#0000FF\">Melhoria das vendas<\/span>\n<\/p>\n<p style=\"text-align: justify\">\n\t&nbsp;\n<\/p>\n<p style=\"text-align: justify\">\n\tLas grandes empresas han mejorado tambi&eacute;n sus ventas, que aumentaron el 4,1% en febrero respecto al mismo mes de 2016. Este crecimiento fue siete d&eacute;cimas mayor que en enero (3,4%).\n<\/p>\n<p style=\"text-align: justify\">\n\t<span style=\"color:#0000FF\">As grandes empresas h&atilde;o melhorado tamb&eacute;m suas vendas, que aumentaram 4,1% em fevereiro em rela&ccedil;&atilde;o ao mesmo m&ecirc;s de 2016. Este crescimento foi sete d&eacute;cimos maior que em janeiro (3,4%).<\/span>\n<\/p>\n<p style=\"text-align: justify\">\n\t&nbsp;\n<\/p>\n<p style=\"text-align: justify\">\n\tHacienda subraya que en los dos primeros meses del a&ntilde;o el crecimiento fue del 3,8%, superior al de los trimestres anteriores. &quot;La aceleraci&oacute;n de las ventas totales se sustenta en el mayor crecimiento de las exportaciones, mientras que las ventas interiores aumentan de manera sostenida&quot;, explica.\n<\/p>\n<p style=\"text-align: justify\">\n\t<span style=\"color:#0000FF\">A Fazenda observa que nos dois primeiros meses do ano o crescimento foi de 3,8%, superior ao dos trimestres anteriores. &ldquo;A acelera&ccedil;&atilde;o das vendas totais se sustenta no maior crescimento das exporta&ccedil;&otilde;es, enquanto que as vendas interiores aumentam de maneira sustentada&rdquo;, explica.<\/span>\n<\/p>\n<p style=\"text-align: justify\">\n\t&nbsp;\n<\/p>\n<p style=\"text-align: justify\">\n\tLos sectores en los que las grandes firmas incrementaron la ocupaci&oacute;n fueron servicios (4%), construcci&oacute;n (3%) y la industria sin energ&iacute;a y agua (2,7%). El empleo en la industria con energ&iacute;a y agua retrocedi&oacute; el 1,1%.\n<\/p>\n<p style=\"text-align: justify\">\n\t<span style=\"color:#0000FF\">Os setores em que as grandes empresas incrementaram a ocupa&ccedil;&atilde;o foram servi&ccedil;os (4%), constru&ccedil;&atilde;o (3%) e a ind&uacute;stria sem energia e &aacute;gua (2,7%). O emprego na ind&uacute;stria com energia e &aacute;gua retrocederam 1,1%.<\/span>\n<\/p>\n<p style=\"text-align: justify\">\n\t&nbsp;\n<\/p>\n<p style=\"text-align: justify\">\n\t&nbsp;<\/p>\n","protected":false},"excerpt":{"rendered":"<p>Ol&aacute; a todos, Segue texto para treinamento de leitura e tradu&ccedil;&atilde;o. Informo que aqui no site voc&ecirc; encontrar&aacute; mais textos de Espanhol para treinamento de leitura e tradu&ccedil;&atilde;o. Clique aqui para mais textos de Espanhol para treinamento de leitura e tradu&ccedil;&atilde;o. Boa leitura. Prof. Adino&eacute;l e Profa. Elenice. Clique aqui para ver os Cursos de [&hellip;]<\/p>\n","protected":false},"author":121,"featured_media":0,"comment_status":"open","ping_status":"open","sticky":false,"template":"","format":"standard","meta":{"post_tipo":"article","footnotes":""},"categories":[1],"tags":[],"tax_estado":[],"class_list":["post-71893","post","type-post","status-publish","format-standard","hentry","category-cursos-e-concursos"],"acf":[],"yoast_head":"<!-- This site is optimized with the Yoast SEO Premium plugin v27.2 (Yoast SEO v27.2) - https:\/\/yoast.com\/product\/yoast-seo-premium-wordpress\/ -->\n<title>Espanhol - Treinamento de Leitura e Tradu\u00e7\u00e3o - Not\u00edcia: emprego, sal\u00e1rios.<\/title>\n<meta name=\"robots\" content=\"index, follow, max-snippet:-1, max-image-preview:large, max-video-preview:-1\" \/>\n<link rel=\"canonical\" href=\"https:\/\/www.estrategiaconcursos.com.br\/blog\/espanhol-treinamento-de-leitura-e-traducao-noticia-emprego-salarios\/\" \/>\n<meta property=\"og:locale\" content=\"pt_BR\" \/>\n<meta property=\"og:type\" content=\"article\" \/>\n<meta property=\"og:title\" content=\"Espanhol - Treinamento de Leitura e Tradu\u00e7\u00e3o - Not\u00edcia: emprego, sal\u00e1rios.\" \/>\n<meta property=\"og:description\" content=\"Ol&aacute; a todos, Segue texto para treinamento de leitura e tradu&ccedil;&atilde;o. Informo que aqui no site voc&ecirc; encontrar&aacute; mais textos de Espanhol para treinamento de leitura e tradu&ccedil;&atilde;o. Clique aqui para mais textos de Espanhol para treinamento de leitura e tradu&ccedil;&atilde;o. Boa leitura. Prof. Adino&eacute;l e Profa. Elenice. Clique aqui para ver os Cursos de [&hellip;]\" \/>\n<meta property=\"og:url\" content=\"https:\/\/www.estrategiaconcursos.com.br\/blog\/espanhol-treinamento-de-leitura-e-traducao-noticia-emprego-salarios\/\" \/>\n<meta property=\"og:site_name\" content=\"Estrat\u00e9gia Concursos\" \/>\n<meta property=\"article:published_time\" content=\"2017-04-26T21:44:38+00:00\" \/>\n<meta property=\"article:modified_time\" content=\"2017-04-26T21:46:00+00:00\" \/>\n<meta property=\"og:image\" content=\"https:\/\/www.estrategiaconcursos.com.br\/blog\/wp-content\/uploads\/2016\/12\/novas-corujas-11-34139.png\" \/>\n<meta name=\"author\" content=\"Adino\u00e9l Sebasti\u00e3o\" \/>\n<meta name=\"twitter:card\" content=\"summary_large_image\" \/>\n<meta name=\"twitter:creator\" content=\"@EstratConcursos\" \/>\n<meta name=\"twitter:site\" content=\"@EstratConcursos\" \/>\n<meta name=\"twitter:label1\" content=\"Escrito por\" \/>\n\t<meta name=\"twitter:data1\" content=\"Adino\u00e9l Sebasti\u00e3o\" \/>\n\t<meta name=\"twitter:label2\" content=\"Est. tempo de leitura\" \/>\n\t<meta name=\"twitter:data2\" content=\"6 minutos\" \/>\n<script type=\"application\/ld+json\" class=\"yoast-schema-graph\">{\"@context\":\"https:\/\/schema.org\",\"@graph\":[{\"@type\":\"NewsArticle\",\"@id\":\"https:\/\/www.estrategiaconcursos.com.br\/blog\/espanhol-treinamento-de-leitura-e-traducao-noticia-emprego-salarios\/#article\",\"isPartOf\":{\"@id\":\"https:\/\/www.estrategiaconcursos.com.br\/blog\/espanhol-treinamento-de-leitura-e-traducao-noticia-emprego-salarios\/\"},\"author\":{\"name\":\"Adino\u00e9l Sebasti\u00e3o\",\"@id\":\"https:\/\/www.estrategiaconcursos.com.br\/blog\/#\/schema\/person\/e6feecd7273067598aae46392fc9f322\"},\"headline\":\"Espanhol &#8211; Treinamento de Leitura e Tradu\u00e7\u00e3o &#8211; Not\u00edcia: emprego, sal\u00e1rios.\",\"datePublished\":\"2017-04-26T21:44:38+00:00\",\"dateModified\":\"2017-04-26T21:46:00+00:00\",\"mainEntityOfPage\":{\"@id\":\"https:\/\/www.estrategiaconcursos.com.br\/blog\/espanhol-treinamento-de-leitura-e-traducao-noticia-emprego-salarios\/\"},\"wordCount\":1146,\"commentCount\":0,\"publisher\":{\"@id\":\"https:\/\/www.estrategiaconcursos.com.br\/blog\/#organization\"},\"image\":{\"@id\":\"https:\/\/www.estrategiaconcursos.com.br\/blog\/espanhol-treinamento-de-leitura-e-traducao-noticia-emprego-salarios\/#primaryimage\"},\"thumbnailUrl\":\"https:\/\/www.estrategiaconcursos.com.br\/blog\/wp-content\/uploads\/2016\/12\/novas-corujas-11-34139.png\",\"articleSection\":[\"Concursos P\u00fablicos\"],\"inLanguage\":\"pt-BR\",\"potentialAction\":[{\"@type\":\"CommentAction\",\"name\":\"Comment\",\"target\":[\"https:\/\/www.estrategiaconcursos.com.br\/blog\/espanhol-treinamento-de-leitura-e-traducao-noticia-emprego-salarios\/#respond\"]}],\"copyrightYear\":\"2017\",\"copyrightHolder\":{\"@id\":\"https:\/\/www.estrategiaconcursos.com.br\/blog\/#organization\"}},{\"@type\":\"WebPage\",\"@id\":\"https:\/\/www.estrategiaconcursos.com.br\/blog\/espanhol-treinamento-de-leitura-e-traducao-noticia-emprego-salarios\/\",\"url\":\"https:\/\/www.estrategiaconcursos.com.br\/blog\/espanhol-treinamento-de-leitura-e-traducao-noticia-emprego-salarios\/\",\"name\":\"Espanhol - Treinamento de Leitura e Tradu\u00e7\u00e3o - Not\u00edcia: emprego, sal\u00e1rios.\",\"isPartOf\":{\"@id\":\"https:\/\/www.estrategiaconcursos.com.br\/blog\/#website\"},\"primaryImageOfPage\":{\"@id\":\"https:\/\/www.estrategiaconcursos.com.br\/blog\/espanhol-treinamento-de-leitura-e-traducao-noticia-emprego-salarios\/#primaryimage\"},\"image\":{\"@id\":\"https:\/\/www.estrategiaconcursos.com.br\/blog\/espanhol-treinamento-de-leitura-e-traducao-noticia-emprego-salarios\/#primaryimage\"},\"thumbnailUrl\":\"https:\/\/www.estrategiaconcursos.com.br\/blog\/wp-content\/uploads\/2016\/12\/novas-corujas-11-34139.png\",\"datePublished\":\"2017-04-26T21:44:38+00:00\",\"dateModified\":\"2017-04-26T21:46:00+00:00\",\"breadcrumb\":{\"@id\":\"https:\/\/www.estrategiaconcursos.com.br\/blog\/espanhol-treinamento-de-leitura-e-traducao-noticia-emprego-salarios\/#breadcrumb\"},\"inLanguage\":\"pt-BR\",\"potentialAction\":[{\"@type\":\"ReadAction\",\"target\":[\"https:\/\/www.estrategiaconcursos.com.br\/blog\/espanhol-treinamento-de-leitura-e-traducao-noticia-emprego-salarios\/\"]}]},{\"@type\":\"ImageObject\",\"inLanguage\":\"pt-BR\",\"@id\":\"https:\/\/www.estrategiaconcursos.com.br\/blog\/espanhol-treinamento-de-leitura-e-traducao-noticia-emprego-salarios\/#primaryimage\",\"url\":\"https:\/\/dhg1h5j42swfq.cloudfront.net\/2016\/12\/01181448\/novas-corujas-11-34139.png\",\"contentUrl\":\"https:\/\/dhg1h5j42swfq.cloudfront.net\/2016\/12\/01181448\/novas-corujas-11-34139.png\",\"width\":3508,\"height\":1183},{\"@type\":\"BreadcrumbList\",\"@id\":\"https:\/\/www.estrategiaconcursos.com.br\/blog\/espanhol-treinamento-de-leitura-e-traducao-noticia-emprego-salarios\/#breadcrumb\",\"itemListElement\":[{\"@type\":\"ListItem\",\"position\":1,\"name\":\"In\u00edcio\",\"item\":\"https:\/\/www.estrategiaconcursos.com.br\/blog\/\"},{\"@type\":\"ListItem\",\"position\":2,\"name\":\"Espanhol &#8211; Treinamento de Leitura e Tradu\u00e7\u00e3o &#8211; Not\u00edcia: emprego, sal\u00e1rios.\"}]},{\"@type\":\"WebSite\",\"@id\":\"https:\/\/www.estrategiaconcursos.com.br\/blog\/#website\",\"url\":\"https:\/\/www.estrategiaconcursos.com.br\/blog\/\",\"name\":\"Estrat\u00e9gia Concursos\",\"description\":\"O blog da Estrat\u00e9gia Concursos traz not\u00edcias sobre concursos e artigos de professores oferecendo cursos para concursos (pdf + videaulas) no site.\",\"publisher\":{\"@id\":\"https:\/\/www.estrategiaconcursos.com.br\/blog\/#organization\"},\"potentialAction\":[{\"@type\":\"SearchAction\",\"target\":{\"@type\":\"EntryPoint\",\"urlTemplate\":\"https:\/\/www.estrategiaconcursos.com.br\/blog\/?s={search_term_string}\"},\"query-input\":{\"@type\":\"PropertyValueSpecification\",\"valueRequired\":true,\"valueName\":\"search_term_string\"}}],\"inLanguage\":\"pt-BR\"},{\"@type\":\"Organization\",\"@id\":\"https:\/\/www.estrategiaconcursos.com.br\/blog\/#organization\",\"name\":\"Estrat\u00e9gia Concursos\",\"url\":\"https:\/\/www.estrategiaconcursos.com.br\/blog\/\",\"logo\":{\"@type\":\"ImageObject\",\"inLanguage\":\"pt-BR\",\"@id\":\"https:\/\/www.estrategiaconcursos.com.br\/blog\/#\/schema\/logo\/image\/\",\"url\":\"https:\/\/dhg1h5j42swfq.cloudfront.net\/2025\/06\/03203428\/logo_concursos-1.jpg\",\"contentUrl\":\"https:\/\/dhg1h5j42swfq.cloudfront.net\/2025\/06\/03203428\/logo_concursos-1.jpg\",\"width\":230,\"height\":60,\"caption\":\"Estrat\u00e9gia Concursos\"},\"image\":{\"@id\":\"https:\/\/www.estrategiaconcursos.com.br\/blog\/#\/schema\/logo\/image\/\"},\"sameAs\":[\"https:\/\/x.com\/EstratConcursos\"]},{\"@type\":\"Person\",\"@id\":\"https:\/\/www.estrategiaconcursos.com.br\/blog\/#\/schema\/person\/e6feecd7273067598aae46392fc9f322\",\"name\":\"Adino\u00e9l Sebasti\u00e3o\",\"image\":{\"@type\":\"ImageObject\",\"inLanguage\":\"pt-BR\",\"@id\":\"https:\/\/secure.gravatar.com\/avatar\/d076dd9a00cb1c92545aae4fae60d3013922a1a2e7e9599a079da4450204b8cd?s=96&d=mm&r=g\",\"url\":\"https:\/\/secure.gravatar.com\/avatar\/d076dd9a00cb1c92545aae4fae60d3013922a1a2e7e9599a079da4450204b8cd?s=96&d=mm&r=g\",\"contentUrl\":\"https:\/\/secure.gravatar.com\/avatar\/d076dd9a00cb1c92545aae4fae60d3013922a1a2e7e9599a079da4450204b8cd?s=96&d=mm&r=g\",\"caption\":\"Adino\u00e9l Sebasti\u00e3o\"},\"description\":\"Meu nome \u00e9 ADINO\u00c9L SEBASTI\u00c3O. Sou formado em Ci\u00eancias Cont\u00e1beis pela Funda\u00e7\u00e3o Faculdade de Ci\u00eancias Econ\u00f4micas de Apucarana-PR (FECEA). Sou Auditor-Fiscal do Trabalho (AFT). Estou lotado em Bras\u00edlia-DF na Secretaria de Inspe\u00e7\u00e3o do Trabalho em Bras\u00edlia-DF. Fui aprovado no concurso de AFT-2013. Esse concurso, segundo o CESPE, teve 48.035. Fui Analista Tribut\u00e1rio da Receita Federal (ATRFB) por mais de 22 anos (1991 a 2013). Sou autor do site \\\"www.adinoel.com\\\" e sou colaborador com tradu\u00e7\u00f5es livres de Ingl\u00eas e de Espanhol em alguns sites de concursos. J\u00e1 atuei como professor e tutor online da ESAF (aulas de inform\u00e1tica, palestras, funcionamento do CAC, etc). Elaborei\/elaboro aulas de Espanhol, Ingl\u00eas e Portugu\u00eas para concursos. Possuo v\u00e1rios cursos de forma\u00e7\u00e3o pessoal, entre eles destaco: curso de Espanhol no Instituto Cervantes da Espanha; curso de Ingl\u00eas nas escolas FISK; curso online \\\"Mejores Pr\u00e1cticas en la Administraci\u00f3n Tributaria, Ed. 9\\\", do Instituto de Estudios Fiscales e da Fundaci\u00f3n CEDDET da Espanha.\",\"url\":\"https:\/\/www.estrategiaconcursos.com.br\/blog\/author\/adinoel-sebastiaogmail-com\/\"}]}<\/script>\n<!-- \/ Yoast SEO Premium plugin. -->","yoast_head_json":{"title":"Espanhol - Treinamento de Leitura e Tradu\u00e7\u00e3o - Not\u00edcia: emprego, sal\u00e1rios.","robots":{"index":"index","follow":"follow","max-snippet":"max-snippet:-1","max-image-preview":"max-image-preview:large","max-video-preview":"max-video-preview:-1"},"canonical":"https:\/\/www.estrategiaconcursos.com.br\/blog\/espanhol-treinamento-de-leitura-e-traducao-noticia-emprego-salarios\/","og_locale":"pt_BR","og_type":"article","og_title":"Espanhol - Treinamento de Leitura e Tradu\u00e7\u00e3o - Not\u00edcia: emprego, sal\u00e1rios.","og_description":"Ol&aacute; a todos, Segue texto para treinamento de leitura e tradu&ccedil;&atilde;o. Informo que aqui no site voc&ecirc; encontrar&aacute; mais textos de Espanhol para treinamento de leitura e tradu&ccedil;&atilde;o. Clique aqui para mais textos de Espanhol para treinamento de leitura e tradu&ccedil;&atilde;o. Boa leitura. Prof. Adino&eacute;l e Profa. Elenice. Clique aqui para ver os Cursos de [&hellip;]","og_url":"https:\/\/www.estrategiaconcursos.com.br\/blog\/espanhol-treinamento-de-leitura-e-traducao-noticia-emprego-salarios\/","og_site_name":"Estrat\u00e9gia Concursos","article_published_time":"2017-04-26T21:44:38+00:00","article_modified_time":"2017-04-26T21:46:00+00:00","og_image":[{"url":"https:\/\/www.estrategiaconcursos.com.br\/blog\/wp-content\/uploads\/2016\/12\/novas-corujas-11-34139.png","type":"","width":"","height":""}],"author":"Adino\u00e9l Sebasti\u00e3o","twitter_card":"summary_large_image","twitter_creator":"@EstratConcursos","twitter_site":"@EstratConcursos","twitter_misc":{"Escrito por":"Adino\u00e9l Sebasti\u00e3o","Est. tempo de leitura":"6 minutos"},"schema":{"@context":"https:\/\/schema.org","@graph":[{"@type":"NewsArticle","@id":"https:\/\/www.estrategiaconcursos.com.br\/blog\/espanhol-treinamento-de-leitura-e-traducao-noticia-emprego-salarios\/#article","isPartOf":{"@id":"https:\/\/www.estrategiaconcursos.com.br\/blog\/espanhol-treinamento-de-leitura-e-traducao-noticia-emprego-salarios\/"},"author":{"name":"Adino\u00e9l Sebasti\u00e3o","@id":"https:\/\/www.estrategiaconcursos.com.br\/blog\/#\/schema\/person\/e6feecd7273067598aae46392fc9f322"},"headline":"Espanhol &#8211; Treinamento de Leitura e Tradu\u00e7\u00e3o &#8211; Not\u00edcia: emprego, sal\u00e1rios.","datePublished":"2017-04-26T21:44:38+00:00","dateModified":"2017-04-26T21:46:00+00:00","mainEntityOfPage":{"@id":"https:\/\/www.estrategiaconcursos.com.br\/blog\/espanhol-treinamento-de-leitura-e-traducao-noticia-emprego-salarios\/"},"wordCount":1146,"commentCount":0,"publisher":{"@id":"https:\/\/www.estrategiaconcursos.com.br\/blog\/#organization"},"image":{"@id":"https:\/\/www.estrategiaconcursos.com.br\/blog\/espanhol-treinamento-de-leitura-e-traducao-noticia-emprego-salarios\/#primaryimage"},"thumbnailUrl":"https:\/\/www.estrategiaconcursos.com.br\/blog\/wp-content\/uploads\/2016\/12\/novas-corujas-11-34139.png","articleSection":["Concursos P\u00fablicos"],"inLanguage":"pt-BR","potentialAction":[{"@type":"CommentAction","name":"Comment","target":["https:\/\/www.estrategiaconcursos.com.br\/blog\/espanhol-treinamento-de-leitura-e-traducao-noticia-emprego-salarios\/#respond"]}],"copyrightYear":"2017","copyrightHolder":{"@id":"https:\/\/www.estrategiaconcursos.com.br\/blog\/#organization"}},{"@type":"WebPage","@id":"https:\/\/www.estrategiaconcursos.com.br\/blog\/espanhol-treinamento-de-leitura-e-traducao-noticia-emprego-salarios\/","url":"https:\/\/www.estrategiaconcursos.com.br\/blog\/espanhol-treinamento-de-leitura-e-traducao-noticia-emprego-salarios\/","name":"Espanhol - Treinamento de Leitura e Tradu\u00e7\u00e3o - Not\u00edcia: emprego, sal\u00e1rios.","isPartOf":{"@id":"https:\/\/www.estrategiaconcursos.com.br\/blog\/#website"},"primaryImageOfPage":{"@id":"https:\/\/www.estrategiaconcursos.com.br\/blog\/espanhol-treinamento-de-leitura-e-traducao-noticia-emprego-salarios\/#primaryimage"},"image":{"@id":"https:\/\/www.estrategiaconcursos.com.br\/blog\/espanhol-treinamento-de-leitura-e-traducao-noticia-emprego-salarios\/#primaryimage"},"thumbnailUrl":"https:\/\/www.estrategiaconcursos.com.br\/blog\/wp-content\/uploads\/2016\/12\/novas-corujas-11-34139.png","datePublished":"2017-04-26T21:44:38+00:00","dateModified":"2017-04-26T21:46:00+00:00","breadcrumb":{"@id":"https:\/\/www.estrategiaconcursos.com.br\/blog\/espanhol-treinamento-de-leitura-e-traducao-noticia-emprego-salarios\/#breadcrumb"},"inLanguage":"pt-BR","potentialAction":[{"@type":"ReadAction","target":["https:\/\/www.estrategiaconcursos.com.br\/blog\/espanhol-treinamento-de-leitura-e-traducao-noticia-emprego-salarios\/"]}]},{"@type":"ImageObject","inLanguage":"pt-BR","@id":"https:\/\/www.estrategiaconcursos.com.br\/blog\/espanhol-treinamento-de-leitura-e-traducao-noticia-emprego-salarios\/#primaryimage","url":"https:\/\/dhg1h5j42swfq.cloudfront.net\/2016\/12\/01181448\/novas-corujas-11-34139.png","contentUrl":"https:\/\/dhg1h5j42swfq.cloudfront.net\/2016\/12\/01181448\/novas-corujas-11-34139.png","width":3508,"height":1183},{"@type":"BreadcrumbList","@id":"https:\/\/www.estrategiaconcursos.com.br\/blog\/espanhol-treinamento-de-leitura-e-traducao-noticia-emprego-salarios\/#breadcrumb","itemListElement":[{"@type":"ListItem","position":1,"name":"In\u00edcio","item":"https:\/\/www.estrategiaconcursos.com.br\/blog\/"},{"@type":"ListItem","position":2,"name":"Espanhol &#8211; Treinamento de Leitura e Tradu\u00e7\u00e3o &#8211; Not\u00edcia: emprego, sal\u00e1rios."}]},{"@type":"WebSite","@id":"https:\/\/www.estrategiaconcursos.com.br\/blog\/#website","url":"https:\/\/www.estrategiaconcursos.com.br\/blog\/","name":"Estrat\u00e9gia Concursos","description":"O blog da Estrat\u00e9gia Concursos traz not\u00edcias sobre concursos e artigos de professores oferecendo cursos para concursos (pdf + videaulas) no site.","publisher":{"@id":"https:\/\/www.estrategiaconcursos.com.br\/blog\/#organization"},"potentialAction":[{"@type":"SearchAction","target":{"@type":"EntryPoint","urlTemplate":"https:\/\/www.estrategiaconcursos.com.br\/blog\/?s={search_term_string}"},"query-input":{"@type":"PropertyValueSpecification","valueRequired":true,"valueName":"search_term_string"}}],"inLanguage":"pt-BR"},{"@type":"Organization","@id":"https:\/\/www.estrategiaconcursos.com.br\/blog\/#organization","name":"Estrat\u00e9gia Concursos","url":"https:\/\/www.estrategiaconcursos.com.br\/blog\/","logo":{"@type":"ImageObject","inLanguage":"pt-BR","@id":"https:\/\/www.estrategiaconcursos.com.br\/blog\/#\/schema\/logo\/image\/","url":"https:\/\/dhg1h5j42swfq.cloudfront.net\/2025\/06\/03203428\/logo_concursos-1.jpg","contentUrl":"https:\/\/dhg1h5j42swfq.cloudfront.net\/2025\/06\/03203428\/logo_concursos-1.jpg","width":230,"height":60,"caption":"Estrat\u00e9gia Concursos"},"image":{"@id":"https:\/\/www.estrategiaconcursos.com.br\/blog\/#\/schema\/logo\/image\/"},"sameAs":["https:\/\/x.com\/EstratConcursos"]},{"@type":"Person","@id":"https:\/\/www.estrategiaconcursos.com.br\/blog\/#\/schema\/person\/e6feecd7273067598aae46392fc9f322","name":"Adino\u00e9l Sebasti\u00e3o","image":{"@type":"ImageObject","inLanguage":"pt-BR","@id":"https:\/\/secure.gravatar.com\/avatar\/d076dd9a00cb1c92545aae4fae60d3013922a1a2e7e9599a079da4450204b8cd?s=96&d=mm&r=g","url":"https:\/\/secure.gravatar.com\/avatar\/d076dd9a00cb1c92545aae4fae60d3013922a1a2e7e9599a079da4450204b8cd?s=96&d=mm&r=g","contentUrl":"https:\/\/secure.gravatar.com\/avatar\/d076dd9a00cb1c92545aae4fae60d3013922a1a2e7e9599a079da4450204b8cd?s=96&d=mm&r=g","caption":"Adino\u00e9l Sebasti\u00e3o"},"description":"Meu nome \u00e9 ADINO\u00c9L SEBASTI\u00c3O. Sou formado em Ci\u00eancias Cont\u00e1beis pela Funda\u00e7\u00e3o Faculdade de Ci\u00eancias Econ\u00f4micas de Apucarana-PR (FECEA). Sou Auditor-Fiscal do Trabalho (AFT). Estou lotado em Bras\u00edlia-DF na Secretaria de Inspe\u00e7\u00e3o do Trabalho em Bras\u00edlia-DF. Fui aprovado no concurso de AFT-2013. Esse concurso, segundo o CESPE, teve 48.035. Fui Analista Tribut\u00e1rio da Receita Federal (ATRFB) por mais de 22 anos (1991 a 2013). Sou autor do site \"www.adinoel.com\" e sou colaborador com tradu\u00e7\u00f5es livres de Ingl\u00eas e de Espanhol em alguns sites de concursos. J\u00e1 atuei como professor e tutor online da ESAF (aulas de inform\u00e1tica, palestras, funcionamento do CAC, etc). Elaborei\/elaboro aulas de Espanhol, Ingl\u00eas e Portugu\u00eas para concursos. Possuo v\u00e1rios cursos de forma\u00e7\u00e3o pessoal, entre eles destaco: curso de Espanhol no Instituto Cervantes da Espanha; curso de Ingl\u00eas nas escolas FISK; curso online \"Mejores Pr\u00e1cticas en la Administraci\u00f3n Tributaria, Ed. 9\", do Instituto de Estudios Fiscales e da Fundaci\u00f3n CEDDET da Espanha.","url":"https:\/\/www.estrategiaconcursos.com.br\/blog\/author\/adinoel-sebastiaogmail-com\/"}]}},"_links":{"self":[{"href":"https:\/\/www.estrategiaconcursos.com.br\/blog\/wp-json\/wp\/v2\/posts\/71893","targetHints":{"allow":["GET"]}}],"collection":[{"href":"https:\/\/www.estrategiaconcursos.com.br\/blog\/wp-json\/wp\/v2\/posts"}],"about":[{"href":"https:\/\/www.estrategiaconcursos.com.br\/blog\/wp-json\/wp\/v2\/types\/post"}],"author":[{"embeddable":true,"href":"https:\/\/www.estrategiaconcursos.com.br\/blog\/wp-json\/wp\/v2\/users\/121"}],"replies":[{"embeddable":true,"href":"https:\/\/www.estrategiaconcursos.com.br\/blog\/wp-json\/wp\/v2\/comments?post=71893"}],"version-history":[{"count":9,"href":"https:\/\/www.estrategiaconcursos.com.br\/blog\/wp-json\/wp\/v2\/posts\/71893\/revisions"}],"predecessor-version":[{"id":71903,"href":"https:\/\/www.estrategiaconcursos.com.br\/blog\/wp-json\/wp\/v2\/posts\/71893\/revisions\/71903"}],"wp:attachment":[{"href":"https:\/\/www.estrategiaconcursos.com.br\/blog\/wp-json\/wp\/v2\/media?parent=71893"}],"wp:term":[{"taxonomy":"category","embeddable":true,"href":"https:\/\/www.estrategiaconcursos.com.br\/blog\/wp-json\/wp\/v2\/categories?post=71893"},{"taxonomy":"post_tag","embeddable":true,"href":"https:\/\/www.estrategiaconcursos.com.br\/blog\/wp-json\/wp\/v2\/tags?post=71893"},{"taxonomy":"tax_estado","embeddable":true,"href":"https:\/\/www.estrategiaconcursos.com.br\/blog\/wp-json\/wp\/v2\/tax_estado?post=71893"}],"curies":[{"name":"wp","href":"https:\/\/api.w.org\/{rel}","templated":true}]}}