{"id":71750,"date":"2017-04-25T09:28:04","date_gmt":"2017-04-25T12:28:04","guid":{"rendered":"https:\/\/www.estrategiaconcursos.com.br\/blog\/?p=71750"},"modified":"2017-05-10T10:11:12","modified_gmt":"2017-05-10T13:11:12","slug":"ancoras-mentais-livre-se-das-crencas-limitadoras","status":"publish","type":"post","link":"https:\/\/www.estrategiaconcursos.com.br\/blog\/ancoras-mentais-livre-se-das-crencas-limitadoras\/","title":{"rendered":"\u00c2ncoras mentais: Livre-se das cren\u00e7as limitadoras!"},"content":{"rendered":"<p style=\"text-align: justify\">\n\t&nbsp;\n<\/p>\n<p style=\"text-align: justify\">\n\t<span style=\"color:#FF0000\"><strong><span style=\"font-size:14px\"><span style=\"font-family:verdana,geneva,sans-serif\">Vamos come&ccedil;ar com um exerc&iacute;cio:&nbsp;Quais s&atilde;o suas &acirc;ncoras mentais?<\/span><\/span><\/strong><\/span>\n<\/p>\n<p style=\"text-align: justify\">\n\t&nbsp;\n<\/p>\n<p style=\"text-align: justify\">\n\t<span style=\"font-size:14px\"><span style=\"font-family:verdana,geneva,sans-serif\">Aposto que assim, de supet&atilde;o, voc&ecirc; n&atilde;o tem uma resposta. Mas j&aacute; sabe do que estou falando, n&atilde;o &eacute; mesmo? <strong><span style=\"color:#0000CD\">Todos n&oacute;s vamos juntando &acirc;ncoras ao longo da vida, e quanto mais juntamos, mais pesada fica nossa caminhada. <\/span><\/strong>Arrast&aacute;-las por a&iacute; n&atilde;o &eacute; tarefa f&aacute;cil.<\/span><\/span>\n<\/p>\n<p style=\"text-align: justify\">\n\t&nbsp;\n<\/p>\n<p style=\"text-align: justify\">\n\t<span style=\"font-family: verdana, geneva, sans-serif;font-size: 14px\">Lembra daquele dia em que seu pai ou m&atilde;e, no calor do momento, lhe disse que voc&ecirc; &eacute; pregui&ccedil;oso (a), ou que tem dificuldade em matem&aacute;tica ou portugu&ecirc;s? Ou que seu irm&atilde;o era mais inteligente do que voc&ecirc;? Lembra de algum adulto que lhe questionou porque raios voc&ecirc; n&atilde;o poderia ser mais como o Jo&atilde;ozinho ou como a Mariazinha?<\/span>\n<\/p>\n<p style=\"text-align: justify\">\n\t&nbsp;\n<\/p>\n<p style=\"text-align: justify\">\n\t<span style=\"font-size:14px\"><span style=\"font-family:verdana,geneva,sans-serif\">Lembra da professora do col&eacute;gio? Aquela que te disse uma vez que voc&ecirc; era t&atilde;o indisciplinado e desatento que nunca seria algu&eacute;m na vida?<\/span><\/span>\n<\/p>\n<p style=\"text-align: justify\">\n\t&nbsp;\n<\/p>\n<p style=\"text-align: justify\">\n\t<span style=\"font-size:14px\"><span style=\"font-family:verdana,geneva,sans-serif\">E daquele dia em que voc&ecirc; foi apresentar um trabalho na frente da turma toda, travou ou gaguejou um pouco. Os segundos que se seguiram at&eacute; que pudesse retomar sua apresenta&ccedil;&atilde;o n&atilde;o s&oacute; pareceram uma eternidade como te fazem crer &ndash; at&eacute; hoje! &ndash; que n&atilde;o fala bem em p&uacute;blico.<\/span><\/span>\n<\/p>\n<p style=\"text-align: justify\">\n\t&nbsp;\n<\/p>\n<p style=\"text-align: justify\">\n\t<span style=\"font-size:14px\"><span style=\"font-family:verdana,geneva,sans-serif\">E na faculdade? Como esquecer daquela pessoa especial que te esnobou por voc&ecirc; n&atilde;o ser a pessoa mais bem-sucedida, bonita ou descolada do mundo naquela &eacute;poca? Voc&ecirc; se sentiu a &uacute;ltima das criaturas, n&eacute;? E aquela pessoa invejosa que nunca suportou te ver brilhar em nada e lhe disse que voc&ecirc; deveria parar de se iludir e se conformar que as coisas nunca mudariam para melhor? N&atilde;o podemos esquecer de alguns&nbsp;parentes mais abastados, que sempre lhe trataram como um &ldquo;pobre coitado (a)&rdquo;, um fracassado (a). D&oacute;i, n&eacute;?<\/span><\/span><br \/>\n\t&nbsp;\n<\/p>\n<p style=\"text-align: justify\">\n\t<span style=\"font-size:14px\"><span style=\"font-family:verdana,geneva,sans-serif\">E o amigo do trabalho, que te classificou como incompetente s&oacute; para criar intrigas e tentar te deixar mal com o chefe (para que o figura pudesse ser o destaque do local)?<\/span><\/span>\n<\/p>\n<p style=\"text-align: justify\">\n\t&nbsp;\n<\/p>\n<p style=\"text-align: justify\">\n\t<span style=\"font-size:14px\"><span style=\"font-family:verdana,geneva,sans-serif\">E os vizinhos fofoqueiros? Nossa&#8230; &eacute; muito chato saber que dizem que voc&ecirc; &eacute; uma pessoa encostada, que &ldquo;deu errado&rdquo; na vida, falhou e &ldquo;diz que estuda, mas nunca passa em nada&rdquo;?<\/span><\/span>\n<\/p>\n<p style=\"text-align: justify\">\n\t&nbsp;\n<\/p>\n<p style=\"text-align: justify\">\n\t<span style=\"font-size:14px\"><span style=\"font-family:verdana,geneva,sans-serif\"><span style=\"color:#0000CD\"><strong>Quando somos crian&ccedil;as (ou mesmo adultos sem muito filtro mental), absorvemos coment&aacute;rios assim como verdades absolutas. Inquestion&aacute;veis.&nbsp;<\/strong><\/span>Cada situa&ccedil;&atilde;o como as citadas contaminam a imagem que temos de n&oacute;s mesmos. Deturpam a vis&atilde;o que temos das nossas potencialidades.<span style=\"color:#0000CD\"><strong> Vamos murchando com o tempo. Ficamos acuados, com medo de nos expor, com medo de tentar o novo. <\/strong><\/span>Com medo at&eacute; do sucesso e da felicidade. Questionamos nosso grau de merecimento. Ficamos com vergonha de n&oacute;s mesmos.<\/span><\/span>\n<\/p>\n<p style=\"text-align: justify\">\n\t&nbsp;\n<\/p>\n<p style=\"text-align: justify\">\n\t<span style=\"font-size:14px\"><span style=\"font-family:verdana,geneva,sans-serif\"><span style=\"color:#0000CD\"><strong>Cada coment&aacute;rio desses que voc&ecirc; acreditou virou uma &acirc;ncora na sua cabe&ccedil;a, na sua alma, no seu cora&ccedil;&atilde;o.&nbsp;E sabe o que acontece? Voc&ecirc; come&ccedil;a a sonhar menos, querer menos, achar que merece menos. <\/strong><\/span>Consequentemente, passa a se esfor&ccedil;ar menos!&nbsp;Isso mesmo! Se acha que n&atilde;o vai conseguir realizar seus sonhos e que &ndash; se por um milagre conseguir &ndash; n&atilde;o o&nbsp;merecer&aacute;, para que vai se esfor&ccedil;ar ? Por que dar&aacute; o seu melhor?<\/span><\/span>\n<\/p>\n<p style=\"text-align: justify\">\n\t&nbsp;\n<\/p>\n<p style=\"text-align: justify\">\n\t<span style=\"font-size:14px\"><span style=\"font-family:verdana,geneva,sans-serif\">Garanto que voc&ecirc; NEM CONHECE o seu melhor. Nunca o viu, pois achou que nem existisse. Dentro de voc&ecirc; est&aacute; a SUA MELHOR VERS&Atilde;O! Creia em mim.<\/span><\/span>\n<\/p>\n<p style=\"text-align: justify\">\n\t&nbsp;\n<\/p>\n<p style=\"text-align: justify\">\n\t<span style=\"color:#FF0000\"><strong><span style=\"font-size:14px\"><span style=\"font-family:verdana,geneva,sans-serif\">VOC&Ecirc; PODE, DEVE E MERECE CONHECER E SER SUA MELHOR VERS&Atilde;O.<\/span><\/span><\/strong><\/span>\n<\/p>\n<p style=\"text-align: justify\">\n\t&nbsp;\n<\/p>\n<p style=\"text-align: justify\">\n\t<span style=\"font-size:14px\"><span style=\"font-family:verdana,geneva,sans-serif\">Para isso, o autoconhecimento &eacute; o caminho!<\/span><\/span>\n<\/p>\n<p style=\"text-align: justify\">\n\t&nbsp;\n<\/p>\n<p style=\"text-align: justify\">\n\t<span style=\"font-size:14px\"><span style=\"font-family:verdana,geneva,sans-serif\"><strong><span style=\"color:#0000CD\">Quantas &acirc;ncoras voc&ecirc; coleciona?<\/span><\/strong> Identifique todas. Lembre de cada uma delas, de quando surgiram&nbsp;em sua mente. Esse processo &eacute; bem dolorido.<\/span><\/span>\n<\/p>\n<p style=\"text-align: justify\">\n\t&nbsp;\n<\/p>\n<p style=\"text-align: justify\">\n\t<span style=\"font-size:14px\"><span style=\"font-family:verdana,geneva,sans-serif\">Depois, <span style=\"color:#0000CD\"><strong>ressignifique o evento que gerou a &acirc;ncora<\/strong><\/span>. Reinterprete com seus olhos de adulto. Reconte a hist&oacute;ria de forma POSITIVA.<\/span><\/span>\n<\/p>\n<p style=\"text-align: justify\">\n\t&nbsp;\n<\/p>\n<p style=\"text-align: justify\">\n\t<span style=\"color:#FF0000\"><strong><span style=\"font-size:14px\"><span style=\"font-family:verdana,geneva,sans-serif\">Antes que voc&ecirc; me pergunte como fazer isso, te digo: COMECE FINGINDO!<\/span><\/span><\/strong><\/span>\n<\/p>\n<p style=\"text-align: justify\">\n\t&nbsp;\n<\/p>\n<p style=\"text-align: justify\">\n\t<span style=\"font-size:14px\"><span style=\"font-family:verdana,geneva,sans-serif\">&Eacute; isso mesmo!<\/span><\/span>\n<\/p>\n<p style=\"text-align: justify\">\n\t&nbsp;\n<\/p>\n<p style=\"text-align: justify\">\n\t<span style=\"font-size:14px\"><span style=\"font-family:verdana,geneva,sans-serif\">Acha que &eacute; pregui&ccedil;oso? Reconte a hist&oacute;ria mentalmente com outro final. Um desfecho em que voc&ecirc; n&atilde;o seja pregui&ccedil;oso. No come&ccedil;o, pode ser dif&iacute;cil e parecer meio for&ccedil;ado. &Eacute; assim mesmo! Finja que n&atilde;o &eacute; pregui&ccedil;oso (a), devagar, desmemoriado (a), desconcentrado (a), fracassado (a), reprovado (a) _____________ (Insira aqui sua &acirc;ncora!).<\/span><\/span>\n<\/p>\n<p style=\"text-align: justify\">\n\t&nbsp;\n<\/p>\n<p style=\"text-align: justify\">\n\t<span style=\"color:#0000CD\"><strong><span style=\"font-size:14px\"><span style=\"font-family:verdana,geneva,sans-serif\">Comece a agir de modo diferente. Seja proativo, atento, motivado. Ande e sente-se de modo ereto, como quem tem controle sobre a pr&oacute;pria vida.<\/span><\/span><\/strong><\/span>\n<\/p>\n<p style=\"text-align: justify\">\n\t<br \/>\n\t<span style=\"font-size:14px\"><span style=\"font-family:verdana,geneva,sans-serif\"><span style=\"color:#FF0000\"><strong>TIRE O PODER DE QUEM AJUDOU A CRIAR SUA &Acirc;NCORA E EMPODERE-SE!<\/strong><\/span><\/span><\/span>\n<\/p>\n<p style=\"text-align: justify\">\n\t<br \/>\n\t<span style=\"font-size:14px\"><span style=\"font-family:verdana,geneva,sans-serif\"><span style=\"color:#0000CD\"><strong>O &ldquo;teatro&rdquo; para voc&ecirc; mesmo logo come&ccedil;ar&aacute; a ficar mais e mais confort&aacute;vel. <\/strong><\/span>A &acirc;ncora ficar&aacute; no ch&atilde;o, para tr&aacute;s, e voc&ecirc; caminhar&aacute; LIVRE para ser quem quiser ser. N&atilde;o sentir&aacute; mais que estar&aacute; fingindo ser melhor do que &eacute;. Perceber&aacute; que sempre foi assim, mas que tudo isso estava abafado dentro de voc&ecirc;. Sentir&aacute; MUITO MAIS LEVEZA nos seus dias.<\/span><\/span>\n<\/p>\n<p style=\"text-align: justify\">\n\t&nbsp;\n<\/p>\n<p style=\"text-align: justify\">\n\t<span style=\"font-size:14px\"><span style=\"font-family:verdana,geneva,sans-serif\">Pe&ccedil;o, de cora&ccedil;&atilde;o, que reflitam sobre o que falei e que apliquem o que disse. E &ndash; n&atilde;o se esque&ccedil;am &ndash; de me escrever para contar os resultados que notar&atilde;o. Pois certamente notar&atilde;o. E em breve.<\/span><\/span>\n<\/p>\n<p style=\"text-align: justify\">\n\t&nbsp;\n<\/p>\n<p>\n\t<span style=\"font-size:14px\">Bons estudos, pessoal!<\/span>\n<\/p>\n<p>\n\t<span style=\"font-size:14px\">Gabi<\/span>\n<\/p>\n<p>\n\t<strong><u><a href=\"https:\/\/www.estrategiaconcursos.com.br\/cursosPorConcurso\/coaching-382\/\">Coach<\/a><\/u><\/strong><a href=\"https:\/\/www.estrategiaconcursos.com.br\/cursosPorConcurso\/coaching-382\/\"><strong><u>&nbsp;Estrat&eacute;gia Concursos<\/u><\/strong><\/a>\n<\/p>\n<p>\n\t<strong>&#8212;&#8212;&#8212;&#8212;&#8212;&#8212;&#8212;&#8212;&#8212;&#8212;&#8212;&#8212;&#8212;&#8212;&#8212;&#8212;&#8212;&#8212;&#8212;&#8212;&#8212;&#8212;&#8212;&#8212;&#8212;&#8212;&#8212;&#8212;&#8212;&#8212;&#8212;&#8212;&#8212;&#8212;&#8212;&#8212;&#8212;&#8212;&#8212;&#8212;&#8212;&#8212;&#8212;&#8212;&#8212;&#8212;&#8212;&#8212;&#8212;&#8211;<\/strong>\n<\/p>\n<p>\n\t<strong>AVISO:<\/strong>\n<\/p>\n<p>\n\t<strong>1 &#8211; Os artigos ser&atilde;o postados TODA TER&Ccedil;A!&nbsp;<\/strong>\n<\/p>\n<p>\n\t&#8212;&#8212;&#8212;&#8212;&#8212;&#8212;&#8212;&#8212;&#8212;&#8212;&#8212;&#8212;&#8212;&#8212;&#8212;&#8212;&#8212;&#8212;&#8212;&#8212;&#8212;&#8212;&#8212;&#8212;&#8212;&#8212;&#8212;&#8212;&#8212;&#8212;&#8212;&#8212;&#8212;&#8212;&#8212;&#8212;&#8212;&#8212;&#8212;&#8212;&#8212;&#8212;&#8212;&#8212;&#8212;&#8212;&#8212;&#8212;&#8212;&#8212;&#8212;&#8212;&#8212;&#8212;&#8212;&#8212;&#8212;&#8212;&#8212;&#8212;&#8212;&#8212;-\n<\/p>\n<p>\n\tCurtiu o artigo? Comente a&iacute; embaixo! Quer sugerir tema de artigo? Fique &agrave; vontade!\n<\/p>\n<p>\n\tJ&aacute; me acompanha nas redes sociais? T&ocirc; te esperando l&aacute;!\n<\/p>\n<p>\n\t<strong>Quer ser meu coachee?<\/strong>&nbsp;&Eacute; s&oacute; avisar a equipe do Estrat&eacute;gia quando fizer a matr&iacute;cula! :)<\/p>\n","protected":false},"excerpt":{"rendered":"<p>&nbsp; Vamos come&ccedil;ar com um exerc&iacute;cio:&nbsp;Quais s&atilde;o suas &acirc;ncoras mentais? &nbsp; Aposto que assim, de supet&atilde;o, voc&ecirc; n&atilde;o tem uma resposta. Mas j&aacute; sabe do que estou falando, n&atilde;o &eacute; mesmo? Todos n&oacute;s vamos juntando &acirc;ncoras ao longo da vida, e quanto mais juntamos, mais pesada fica nossa caminhada. Arrast&aacute;-las por a&iacute; n&atilde;o &eacute; tarefa [&hellip;]<\/p>\n","protected":false},"author":423,"featured_media":0,"comment_status":"open","ping_status":"open","sticky":false,"template":"","format":"standard","meta":{"post_tipo":"article","footnotes":""},"categories":[1],"tags":[],"tax_estado":[],"class_list":["post-71750","post","type-post","status-publish","format-standard","hentry","category-cursos-e-concursos"],"acf":[],"yoast_head":"<!-- This site is optimized with the Yoast SEO Premium plugin v27.2 (Yoast SEO v27.2) - https:\/\/yoast.com\/product\/yoast-seo-premium-wordpress\/ -->\n<title>\u00c2ncoras mentais: Livre-se das cren\u00e7as limitadoras!<\/title>\n<meta name=\"robots\" content=\"index, follow, max-snippet:-1, max-image-preview:large, max-video-preview:-1\" \/>\n<link rel=\"canonical\" href=\"https:\/\/www.estrategiaconcursos.com.br\/blog\/ancoras-mentais-livre-se-das-crencas-limitadoras\/\" \/>\n<meta property=\"og:locale\" content=\"pt_BR\" \/>\n<meta property=\"og:type\" content=\"article\" \/>\n<meta property=\"og:title\" content=\"\u00c2ncoras mentais: Livre-se das cren\u00e7as limitadoras!\" \/>\n<meta property=\"og:description\" content=\"&nbsp; Vamos come&ccedil;ar com um exerc&iacute;cio:&nbsp;Quais s&atilde;o suas &acirc;ncoras mentais? &nbsp; Aposto que assim, de supet&atilde;o, voc&ecirc; n&atilde;o tem uma resposta. Mas j&aacute; sabe do que estou falando, n&atilde;o &eacute; mesmo? Todos n&oacute;s vamos juntando &acirc;ncoras ao longo da vida, e quanto mais juntamos, mais pesada fica nossa caminhada. Arrast&aacute;-las por a&iacute; n&atilde;o &eacute; tarefa [&hellip;]\" \/>\n<meta property=\"og:url\" content=\"https:\/\/www.estrategiaconcursos.com.br\/blog\/ancoras-mentais-livre-se-das-crencas-limitadoras\/\" \/>\n<meta property=\"og:site_name\" content=\"Estrat\u00e9gia Concursos\" \/>\n<meta property=\"article:published_time\" content=\"2017-04-25T12:28:04+00:00\" \/>\n<meta property=\"article:modified_time\" content=\"2017-05-10T13:11:12+00:00\" \/>\n<meta name=\"author\" content=\"Gabriela Knoblauch\" \/>\n<meta name=\"twitter:card\" content=\"summary_large_image\" \/>\n<meta name=\"twitter:creator\" content=\"@EstratConcursos\" \/>\n<meta name=\"twitter:site\" content=\"@EstratConcursos\" \/>\n<meta name=\"twitter:label1\" content=\"Escrito por\" \/>\n\t<meta name=\"twitter:data1\" content=\"Gabriela Knoblauch\" \/>\n\t<meta name=\"twitter:label2\" content=\"Est. tempo de leitura\" \/>\n\t<meta name=\"twitter:data2\" content=\"5 minutos\" \/>\n<script type=\"application\/ld+json\" class=\"yoast-schema-graph\">{\"@context\":\"https:\/\/schema.org\",\"@graph\":[{\"@type\":\"NewsArticle\",\"@id\":\"https:\/\/www.estrategiaconcursos.com.br\/blog\/ancoras-mentais-livre-se-das-crencas-limitadoras\/#article\",\"isPartOf\":{\"@id\":\"https:\/\/www.estrategiaconcursos.com.br\/blog\/ancoras-mentais-livre-se-das-crencas-limitadoras\/\"},\"author\":{\"name\":\"Gabriela Knoblauch\",\"@id\":\"https:\/\/www.estrategiaconcursos.com.br\/blog\/#\/schema\/person\/622d93253cb9ef3af014a0ce658d184a\"},\"headline\":\"\u00c2ncoras mentais: Livre-se das cren\u00e7as limitadoras!\",\"datePublished\":\"2017-04-25T12:28:04+00:00\",\"dateModified\":\"2017-05-10T13:11:12+00:00\",\"mainEntityOfPage\":{\"@id\":\"https:\/\/www.estrategiaconcursos.com.br\/blog\/ancoras-mentais-livre-se-das-crencas-limitadoras\/\"},\"wordCount\":1077,\"commentCount\":29,\"publisher\":{\"@id\":\"https:\/\/www.estrategiaconcursos.com.br\/blog\/#organization\"},\"articleSection\":[\"Concursos P\u00fablicos\"],\"inLanguage\":\"pt-BR\",\"potentialAction\":[{\"@type\":\"CommentAction\",\"name\":\"Comment\",\"target\":[\"https:\/\/www.estrategiaconcursos.com.br\/blog\/ancoras-mentais-livre-se-das-crencas-limitadoras\/#respond\"]}],\"copyrightYear\":\"2017\",\"copyrightHolder\":{\"@id\":\"https:\/\/www.estrategiaconcursos.com.br\/blog\/#organization\"}},{\"@type\":\"WebPage\",\"@id\":\"https:\/\/www.estrategiaconcursos.com.br\/blog\/ancoras-mentais-livre-se-das-crencas-limitadoras\/\",\"url\":\"https:\/\/www.estrategiaconcursos.com.br\/blog\/ancoras-mentais-livre-se-das-crencas-limitadoras\/\",\"name\":\"\u00c2ncoras mentais: Livre-se das cren\u00e7as limitadoras!\",\"isPartOf\":{\"@id\":\"https:\/\/www.estrategiaconcursos.com.br\/blog\/#website\"},\"datePublished\":\"2017-04-25T12:28:04+00:00\",\"dateModified\":\"2017-05-10T13:11:12+00:00\",\"breadcrumb\":{\"@id\":\"https:\/\/www.estrategiaconcursos.com.br\/blog\/ancoras-mentais-livre-se-das-crencas-limitadoras\/#breadcrumb\"},\"inLanguage\":\"pt-BR\",\"potentialAction\":[{\"@type\":\"ReadAction\",\"target\":[\"https:\/\/www.estrategiaconcursos.com.br\/blog\/ancoras-mentais-livre-se-das-crencas-limitadoras\/\"]}]},{\"@type\":\"BreadcrumbList\",\"@id\":\"https:\/\/www.estrategiaconcursos.com.br\/blog\/ancoras-mentais-livre-se-das-crencas-limitadoras\/#breadcrumb\",\"itemListElement\":[{\"@type\":\"ListItem\",\"position\":1,\"name\":\"In\u00edcio\",\"item\":\"https:\/\/www.estrategiaconcursos.com.br\/blog\/\"},{\"@type\":\"ListItem\",\"position\":2,\"name\":\"\u00c2ncoras mentais: Livre-se das cren\u00e7as limitadoras!\"}]},{\"@type\":\"WebSite\",\"@id\":\"https:\/\/www.estrategiaconcursos.com.br\/blog\/#website\",\"url\":\"https:\/\/www.estrategiaconcursos.com.br\/blog\/\",\"name\":\"Estrat\u00e9gia Concursos\",\"description\":\"O blog da Estrat\u00e9gia Concursos traz not\u00edcias sobre concursos e artigos de professores oferecendo cursos para concursos (pdf + videaulas) no site.\",\"publisher\":{\"@id\":\"https:\/\/www.estrategiaconcursos.com.br\/blog\/#organization\"},\"potentialAction\":[{\"@type\":\"SearchAction\",\"target\":{\"@type\":\"EntryPoint\",\"urlTemplate\":\"https:\/\/www.estrategiaconcursos.com.br\/blog\/?s={search_term_string}\"},\"query-input\":{\"@type\":\"PropertyValueSpecification\",\"valueRequired\":true,\"valueName\":\"search_term_string\"}}],\"inLanguage\":\"pt-BR\"},{\"@type\":\"Organization\",\"@id\":\"https:\/\/www.estrategiaconcursos.com.br\/blog\/#organization\",\"name\":\"Estrat\u00e9gia Concursos\",\"url\":\"https:\/\/www.estrategiaconcursos.com.br\/blog\/\",\"logo\":{\"@type\":\"ImageObject\",\"inLanguage\":\"pt-BR\",\"@id\":\"https:\/\/www.estrategiaconcursos.com.br\/blog\/#\/schema\/logo\/image\/\",\"url\":\"https:\/\/dhg1h5j42swfq.cloudfront.net\/2025\/06\/03203428\/logo_concursos-1.jpg\",\"contentUrl\":\"https:\/\/dhg1h5j42swfq.cloudfront.net\/2025\/06\/03203428\/logo_concursos-1.jpg\",\"width\":230,\"height\":60,\"caption\":\"Estrat\u00e9gia Concursos\"},\"image\":{\"@id\":\"https:\/\/www.estrategiaconcursos.com.br\/blog\/#\/schema\/logo\/image\/\"},\"sameAs\":[\"https:\/\/x.com\/EstratConcursos\"]},{\"@type\":\"Person\",\"@id\":\"https:\/\/www.estrategiaconcursos.com.br\/blog\/#\/schema\/person\/622d93253cb9ef3af014a0ce658d184a\",\"name\":\"Gabriela Knoblauch\",\"image\":{\"@type\":\"ImageObject\",\"inLanguage\":\"pt-BR\",\"@id\":\"https:\/\/secure.gravatar.com\/avatar\/d26c5a121c8db2de08ffbc428752dadaae2055eefb797f261688ca1ac09b241f?s=96&d=mm&r=g\",\"url\":\"https:\/\/secure.gravatar.com\/avatar\/d26c5a121c8db2de08ffbc428752dadaae2055eefb797f261688ca1ac09b241f?s=96&d=mm&r=g\",\"contentUrl\":\"https:\/\/secure.gravatar.com\/avatar\/d26c5a121c8db2de08ffbc428752dadaae2055eefb797f261688ca1ac09b241f?s=96&d=mm&r=g\",\"caption\":\"Gabriela Knoblauch\"},\"description\":\"Acredito no poder da persist\u00eancia e na import\u00e2ncia da estrat\u00e9gia nos estudos para acelerar a aprova\u00e7\u00e3o. No meu curso de Coaching trabalho em 2 frentes: 1 - T\u00e9cnicas de estudo 2 - Intelig\u00eancia emocional para concursos Entendo que ambas s\u00e3o fundamentais para obter um resultado excelente em qualquer certame. Toda ter\u00e7a posto artigo no site sobre os temas citados. N\u00e3o perca! :)\",\"url\":\"https:\/\/www.estrategiaconcursos.com.br\/blog\/author\/gabrielaknobluachestrategiaconcursos-com-br\/\"}]}<\/script>\n<!-- \/ Yoast SEO Premium plugin. -->","yoast_head_json":{"title":"\u00c2ncoras mentais: Livre-se das cren\u00e7as limitadoras!","robots":{"index":"index","follow":"follow","max-snippet":"max-snippet:-1","max-image-preview":"max-image-preview:large","max-video-preview":"max-video-preview:-1"},"canonical":"https:\/\/www.estrategiaconcursos.com.br\/blog\/ancoras-mentais-livre-se-das-crencas-limitadoras\/","og_locale":"pt_BR","og_type":"article","og_title":"\u00c2ncoras mentais: Livre-se das cren\u00e7as limitadoras!","og_description":"&nbsp; Vamos come&ccedil;ar com um exerc&iacute;cio:&nbsp;Quais s&atilde;o suas &acirc;ncoras mentais? &nbsp; Aposto que assim, de supet&atilde;o, voc&ecirc; n&atilde;o tem uma resposta. Mas j&aacute; sabe do que estou falando, n&atilde;o &eacute; mesmo? Todos n&oacute;s vamos juntando &acirc;ncoras ao longo da vida, e quanto mais juntamos, mais pesada fica nossa caminhada. Arrast&aacute;-las por a&iacute; n&atilde;o &eacute; tarefa [&hellip;]","og_url":"https:\/\/www.estrategiaconcursos.com.br\/blog\/ancoras-mentais-livre-se-das-crencas-limitadoras\/","og_site_name":"Estrat\u00e9gia Concursos","article_published_time":"2017-04-25T12:28:04+00:00","article_modified_time":"2017-05-10T13:11:12+00:00","author":"Gabriela Knoblauch","twitter_card":"summary_large_image","twitter_creator":"@EstratConcursos","twitter_site":"@EstratConcursos","twitter_misc":{"Escrito por":"Gabriela Knoblauch","Est. tempo de leitura":"5 minutos"},"schema":{"@context":"https:\/\/schema.org","@graph":[{"@type":"NewsArticle","@id":"https:\/\/www.estrategiaconcursos.com.br\/blog\/ancoras-mentais-livre-se-das-crencas-limitadoras\/#article","isPartOf":{"@id":"https:\/\/www.estrategiaconcursos.com.br\/blog\/ancoras-mentais-livre-se-das-crencas-limitadoras\/"},"author":{"name":"Gabriela Knoblauch","@id":"https:\/\/www.estrategiaconcursos.com.br\/blog\/#\/schema\/person\/622d93253cb9ef3af014a0ce658d184a"},"headline":"\u00c2ncoras mentais: Livre-se das cren\u00e7as limitadoras!","datePublished":"2017-04-25T12:28:04+00:00","dateModified":"2017-05-10T13:11:12+00:00","mainEntityOfPage":{"@id":"https:\/\/www.estrategiaconcursos.com.br\/blog\/ancoras-mentais-livre-se-das-crencas-limitadoras\/"},"wordCount":1077,"commentCount":29,"publisher":{"@id":"https:\/\/www.estrategiaconcursos.com.br\/blog\/#organization"},"articleSection":["Concursos P\u00fablicos"],"inLanguage":"pt-BR","potentialAction":[{"@type":"CommentAction","name":"Comment","target":["https:\/\/www.estrategiaconcursos.com.br\/blog\/ancoras-mentais-livre-se-das-crencas-limitadoras\/#respond"]}],"copyrightYear":"2017","copyrightHolder":{"@id":"https:\/\/www.estrategiaconcursos.com.br\/blog\/#organization"}},{"@type":"WebPage","@id":"https:\/\/www.estrategiaconcursos.com.br\/blog\/ancoras-mentais-livre-se-das-crencas-limitadoras\/","url":"https:\/\/www.estrategiaconcursos.com.br\/blog\/ancoras-mentais-livre-se-das-crencas-limitadoras\/","name":"\u00c2ncoras mentais: Livre-se das cren\u00e7as limitadoras!","isPartOf":{"@id":"https:\/\/www.estrategiaconcursos.com.br\/blog\/#website"},"datePublished":"2017-04-25T12:28:04+00:00","dateModified":"2017-05-10T13:11:12+00:00","breadcrumb":{"@id":"https:\/\/www.estrategiaconcursos.com.br\/blog\/ancoras-mentais-livre-se-das-crencas-limitadoras\/#breadcrumb"},"inLanguage":"pt-BR","potentialAction":[{"@type":"ReadAction","target":["https:\/\/www.estrategiaconcursos.com.br\/blog\/ancoras-mentais-livre-se-das-crencas-limitadoras\/"]}]},{"@type":"BreadcrumbList","@id":"https:\/\/www.estrategiaconcursos.com.br\/blog\/ancoras-mentais-livre-se-das-crencas-limitadoras\/#breadcrumb","itemListElement":[{"@type":"ListItem","position":1,"name":"In\u00edcio","item":"https:\/\/www.estrategiaconcursos.com.br\/blog\/"},{"@type":"ListItem","position":2,"name":"\u00c2ncoras mentais: Livre-se das cren\u00e7as limitadoras!"}]},{"@type":"WebSite","@id":"https:\/\/www.estrategiaconcursos.com.br\/blog\/#website","url":"https:\/\/www.estrategiaconcursos.com.br\/blog\/","name":"Estrat\u00e9gia Concursos","description":"O blog da Estrat\u00e9gia Concursos traz not\u00edcias sobre concursos e artigos de professores oferecendo cursos para concursos (pdf + videaulas) no site.","publisher":{"@id":"https:\/\/www.estrategiaconcursos.com.br\/blog\/#organization"},"potentialAction":[{"@type":"SearchAction","target":{"@type":"EntryPoint","urlTemplate":"https:\/\/www.estrategiaconcursos.com.br\/blog\/?s={search_term_string}"},"query-input":{"@type":"PropertyValueSpecification","valueRequired":true,"valueName":"search_term_string"}}],"inLanguage":"pt-BR"},{"@type":"Organization","@id":"https:\/\/www.estrategiaconcursos.com.br\/blog\/#organization","name":"Estrat\u00e9gia Concursos","url":"https:\/\/www.estrategiaconcursos.com.br\/blog\/","logo":{"@type":"ImageObject","inLanguage":"pt-BR","@id":"https:\/\/www.estrategiaconcursos.com.br\/blog\/#\/schema\/logo\/image\/","url":"https:\/\/dhg1h5j42swfq.cloudfront.net\/2025\/06\/03203428\/logo_concursos-1.jpg","contentUrl":"https:\/\/dhg1h5j42swfq.cloudfront.net\/2025\/06\/03203428\/logo_concursos-1.jpg","width":230,"height":60,"caption":"Estrat\u00e9gia Concursos"},"image":{"@id":"https:\/\/www.estrategiaconcursos.com.br\/blog\/#\/schema\/logo\/image\/"},"sameAs":["https:\/\/x.com\/EstratConcursos"]},{"@type":"Person","@id":"https:\/\/www.estrategiaconcursos.com.br\/blog\/#\/schema\/person\/622d93253cb9ef3af014a0ce658d184a","name":"Gabriela Knoblauch","image":{"@type":"ImageObject","inLanguage":"pt-BR","@id":"https:\/\/secure.gravatar.com\/avatar\/d26c5a121c8db2de08ffbc428752dadaae2055eefb797f261688ca1ac09b241f?s=96&d=mm&r=g","url":"https:\/\/secure.gravatar.com\/avatar\/d26c5a121c8db2de08ffbc428752dadaae2055eefb797f261688ca1ac09b241f?s=96&d=mm&r=g","contentUrl":"https:\/\/secure.gravatar.com\/avatar\/d26c5a121c8db2de08ffbc428752dadaae2055eefb797f261688ca1ac09b241f?s=96&d=mm&r=g","caption":"Gabriela Knoblauch"},"description":"Acredito no poder da persist\u00eancia e na import\u00e2ncia da estrat\u00e9gia nos estudos para acelerar a aprova\u00e7\u00e3o. No meu curso de Coaching trabalho em 2 frentes: 1 - T\u00e9cnicas de estudo 2 - Intelig\u00eancia emocional para concursos Entendo que ambas s\u00e3o fundamentais para obter um resultado excelente em qualquer certame. Toda ter\u00e7a posto artigo no site sobre os temas citados. N\u00e3o perca! :)","url":"https:\/\/www.estrategiaconcursos.com.br\/blog\/author\/gabrielaknobluachestrategiaconcursos-com-br\/"}]}},"_links":{"self":[{"href":"https:\/\/www.estrategiaconcursos.com.br\/blog\/wp-json\/wp\/v2\/posts\/71750","targetHints":{"allow":["GET"]}}],"collection":[{"href":"https:\/\/www.estrategiaconcursos.com.br\/blog\/wp-json\/wp\/v2\/posts"}],"about":[{"href":"https:\/\/www.estrategiaconcursos.com.br\/blog\/wp-json\/wp\/v2\/types\/post"}],"author":[{"embeddable":true,"href":"https:\/\/www.estrategiaconcursos.com.br\/blog\/wp-json\/wp\/v2\/users\/423"}],"replies":[{"embeddable":true,"href":"https:\/\/www.estrategiaconcursos.com.br\/blog\/wp-json\/wp\/v2\/comments?post=71750"}],"version-history":[{"count":1,"href":"https:\/\/www.estrategiaconcursos.com.br\/blog\/wp-json\/wp\/v2\/posts\/71750\/revisions"}],"predecessor-version":[{"id":71751,"href":"https:\/\/www.estrategiaconcursos.com.br\/blog\/wp-json\/wp\/v2\/posts\/71750\/revisions\/71751"}],"wp:attachment":[{"href":"https:\/\/www.estrategiaconcursos.com.br\/blog\/wp-json\/wp\/v2\/media?parent=71750"}],"wp:term":[{"taxonomy":"category","embeddable":true,"href":"https:\/\/www.estrategiaconcursos.com.br\/blog\/wp-json\/wp\/v2\/categories?post=71750"},{"taxonomy":"post_tag","embeddable":true,"href":"https:\/\/www.estrategiaconcursos.com.br\/blog\/wp-json\/wp\/v2\/tags?post=71750"},{"taxonomy":"tax_estado","embeddable":true,"href":"https:\/\/www.estrategiaconcursos.com.br\/blog\/wp-json\/wp\/v2\/tax_estado?post=71750"}],"curies":[{"name":"wp","href":"https:\/\/api.w.org\/{rel}","templated":true}]}}