{"id":71713,"date":"2017-04-24T20:42:30","date_gmt":"2017-04-24T23:42:30","guid":{"rendered":"https:\/\/www.estrategiaconcursos.com.br\/blog\/?p=71713"},"modified":"2019-05-21T08:00:48","modified_gmt":"2019-05-21T11:00:48","slug":"2o-edital-ibge-2017","status":"publish","type":"post","link":"https:\/\/www.estrategiaconcursos.com.br\/blog\/2o-edital-ibge-2017\/","title":{"rendered":"2o. Edital IBGE 2017. Edital IBGE Recenseador e Agente Censit\u00e1rio."},"content":{"rendered":"<h2 style=\"text-align: justify;\">\n\t<strong><a href=\"https:\/\/www.estrategiaconcursos.com.br\/blog\/wp-content\/uploads\/2017\/04\/Edital_2o_PSS_FGV_-_24_04_17-djsgdb8656-.pdf\" target=\"_blank\" rel=\"noopener noreferrer\"><span style=\"color:#0000FF;\">Edital IBGE Recenseador e Agente Censit\u00e1rio 2017<\/span><\/a><\/strong><\/h2>\n<p style=\"text-align: justify;\">\n\t<span style=\"color:#000000;\">O Instituto Brasileiro de Geografia e Estat\u00edstica&nbsp;(IBGE) divulgou, no dia 24\/04\/2017, o&nbsp;<\/span><strong><a href=\"https:\/\/www.estrategiaconcursos.com.br\/blog\/wp-content\/uploads\/2017\/04\/Edital_2o_PSS_FGV_-_24_04_17-djsgdb8656-.pdf\" target=\"_blank\" rel=\"noopener noreferrer\"><span style=\"color:#0000FF;\">2\u00b0 Edital IBGE 2017<\/span><\/a><\/strong><span style=\"color:#000000;\">. Esse edital oferece mais de 24 mil vagas, por meio de Processo Seletivo Simplificado. Saiba mais neste artigo.<\/span><\/p>\n<p style=\"text-align: center;\">\n\t<img loading=\"lazy\" decoding=\"async\" width=\"672\" height=\"240\" alt=\"edital ibge recenseador\" class=\"size-full wp-image-70317 aligncenter\" src=\"https:\/\/dhg1h5j42swfq.cloudfront.net\/2017\/04\/11093734\/Adinoel-IBGE-2017-logotipo.png\" style=\"width: 500px; height: 179px;\" title=\"\" srcset=\"https:\/\/dhg1h5j42swfq.cloudfront.net\/2017\/04\/11093734\/Adinoel-IBGE-2017-logotipo.png 672w, https:\/\/dhg1h5j42swfq.cloudfront.net\/2017\/04\/11093734\/Adinoel-IBGE-2017-logotipo.png 300w, https:\/\/dhg1h5j42swfq.cloudfront.net\/2017\/04\/11093734\/Adinoel-IBGE-2017-logotipo.png 500w\" sizes=\"auto, (max-width: 672px) 100vw, 672px\" \/><\/p>\n<p style=\"text-align: justify;\">\n\t<span style=\"color:#000000;\">O&nbsp;<strong>Concurso IBGE Tempor\u00e1rio<\/strong>, ser\u00e1 realizado pela <\/span><a href=\"http:\/\/fgvprojetos.fgv.br\/concursos\" target=\"_blank\" rel=\"noopener noreferrer\"><span style=\"color:#0000FF;\">Funda\u00e7\u00e3o Get\u00falio Vargas<\/span><\/a><span style=\"color:#000000;\">, conta com a oferta de&nbsp;<span style=\"font-size:14px;\"><strong>24.984 vagas<\/strong><\/span>&nbsp;tempor\u00e1rias para as&nbsp;seguintes fun\u00e7\u00f5es:<\/span><\/p>\n<p style=\"text-align: justify;\">\n\t<span style=\"color:#000000;\">\u2192 Agente Censit\u00e1rio Municipal (ACM), de n\u00edvel m\u00e9dio,<\/span><\/p>\n<p style=\"text-align: justify;\">\n\t<span style=\"color:#000000;\">\u2192 Agente Censit\u00e1rio Supervisor (ACS), de n\u00edvel m\u00e9dio,&nbsp;<\/span><\/p>\n<p style=\"text-align: justify;\">\n\t<span style=\"color:#000000;\">\u2192 Recenseador, de n\u00edvel fundamental.<\/span><\/p>\n<p style=\"text-align: justify;\">\n\t<span style=\"color:#000000;\">Importante, ser\u00e1 respeitado o percentual de <strong>5%<\/strong> das vagas para portadores de necessidades especiais e <strong>20%<\/strong> para candidatos que se declararem negros.<\/span><\/p>\n<p style=\"text-align: justify;\">\n\t<span style=\"color:#000000;\">A&nbsp;sele\u00e7\u00e3o de candidatos para contrata\u00e7\u00e3o tempor\u00e1ria para a realiza\u00e7\u00e3o do Censo Agropecu\u00e1rio 2017, e ser\u00e1 realizado nos termos em vigor da <\/span><a href=\"http:\/\/www.planalto.gov.br\/ccivil_03\/leis\/L8745cons.htm\" target=\"_blank\" rel=\"noopener noreferrer\"><span style=\"color:#0000FF;\">Lei n\u00ba 8.745, de 9 de dezembro de 1993<\/span><\/a><span style=\"color:#000000;\">, que disp\u00f5e sobre a contrata\u00e7\u00e3o por tempo determinado para atender necessidade tempor\u00e1ria de excepcional interesse p\u00fablico.<\/span><\/p>\n<p style=\"text-align: justify;\">\n\t&nbsp;<\/p>\n<p style=\"text-align: justify;\">\n\t<span style=\"color:#000000;\">Voc\u00ea tamb\u00e9m pode assistir a an\u00e1lise do 2o. edital IBGE 2017. Veja o v\u00eddeo abaixo.<\/span><\/p>\n<p style=\"text-align: justify;\">\n\thttps:\/\/youtu.be\/TeF3agCpiv0?t=715<\/p>\n<p style=\"text-align: justify;\">\n\t&nbsp;<\/p>\n<h3>\n\tVagas<\/h3>\n<\/p>\n<p style=\"text-align: justify;\">\n\t<span style=\"color:#000000;\">O edital IBGE Recenseador e Agente Censit\u00e1rio 2017&nbsp;visa ao preenchimento, em car\u00e1ter tempor\u00e1rio, de <strong>24.984 vagas<\/strong> para as fun\u00e7\u00f5es de <strong>Agente Censit\u00e1rio Municipal (ACM) e Agente Censit\u00e1rio Supervisor (ACS), de N\u00edvel M\u00e9dio e Recenseador, de N\u00edvel Fundamental<\/strong>, respeitando o percentual m\u00ednimo de <strong>5%<\/strong> (cinco por cento) das vagas para candidatos com defici\u00eancia. e o percentual de <strong>20%<\/strong> (vinte por cento) das vagas para pessoas pretas ou pardas.<\/span><\/p>\n<p style=\"text-align: justify;\">\n\t<span style=\"color:#000000;\">No quadro abaixo voc\u00ea tem de forma detalhada a fun\u00e7\u00e3o, a escolaridade exigida, a retribui\u00e7\u00e3o mensal, o valor da inscri\u00e7\u00e3o e o n\u00famero de vagas para cada fun\u00e7\u00e3o.<\/span><\/p>\n<p style=\"text-align: justify;\">\n\t<img loading=\"lazy\" decoding=\"async\" width=\"984\" height=\"221\" alt=\"edital ibge recenseador\" class=\"alignnone size-full wp-image-71718\" src=\"https:\/\/dhg1h5j42swfq.cloudfront.net\/2017\/04\/24191822\/Adinoel-IBGE2-vagas.jpg\" style=\"width: 700px; height: 157px;\" srcset=\"https:\/\/dhg1h5j42swfq.cloudfront.net\/2017\/04\/24191822\/Adinoel-IBGE2-vagas.jpg 984w, https:\/\/dhg1h5j42swfq.cloudfront.net\/2017\/04\/24191822\/Adinoel-IBGE2-vagas.jpg 300w, https:\/\/dhg1h5j42swfq.cloudfront.net\/2017\/04\/24191822\/Adinoel-IBGE2-vagas.jpg 768w, https:\/\/dhg1h5j42swfq.cloudfront.net\/2017\/04\/24191822\/Adinoel-IBGE2-vagas.jpg 610w, https:\/\/dhg1h5j42swfq.cloudfront.net\/2017\/04\/24191822\/Adinoel-IBGE2-vagas.jpg 500w\" sizes=\"auto, (max-width: 984px) 100vw, 984px\" \/><\/p>\n<p style=\"text-align: justify;\">\n\t<span style=\"color:#000000;\">*O edital informa que a&nbsp;retribui\u00e7\u00e3o mensal do <strong>Recenseador<\/strong> ser\u00e1 por produ\u00e7\u00e3o, calculada por setor censit\u00e1rio, conforme taxa fixada e de conhecimento pr\u00e9vio pelo Recenseador, com base nas quantidades de unidades de estabelecimentos agropecu\u00e1rios recenseados. Al\u00e9m disso, far\u00e1 jus a Aux\u00edlio Alimenta\u00e7\u00e3o e Aux\u00edlio Transporte.<\/span><\/p>\n<p style=\"text-align: justify;\">\n\t<span style=\"color:#000000;\">Para as fun\u00e7\u00f5es de <strong>Agente Censit\u00e1rio Municipal (ACM)<\/strong> e <strong>Agente<\/strong> <strong>Censit\u00e1rio Supervisor (ACS)<\/strong>, o contratado far\u00e1 jus ao Aux\u00edlio Alimenta\u00e7\u00e3o, Aux\u00edlio Transporte, F\u00e9rias e 13o. Sal\u00e1rio.<\/span><\/p>\n<p style=\"text-align: justify;\">\n\t&nbsp;<\/p>\n<h3 style=\"text-align: justify;\">\n\tDura\u00e7\u00e3o do Contrato<\/h3>\n<\/p>\n<p style=\"text-align: justify;\">\n\t<span style=\"color:#000000;\">Para os candidatos aprovados no Processo Seletivo Simplificado, a&nbsp;previs\u00e3o de dura\u00e7\u00e3o do contrato \u00e9 de at\u00e9 7 meses para as fun\u00e7\u00f5es de Agente Censit\u00e1rio Municipal (ACM) e Agente Censit\u00e1rio Supervisor (ACS) e de at\u00e9 5 meses para a fun\u00e7\u00e3o de Recenseador.<\/span><\/p>\n<p style=\"text-align: justify;\">\n\t&nbsp;<\/p>\n<h3>\n\tValidade do concurso<\/h3>\n<\/p>\n<p style=\"text-align: justify;\">\n\t<span style=\"color:#000000;\">O prazo de validade do Processo Seletivo Simplificado ser\u00e1 de 2 (dois) anos, contados a partir da data de divulga\u00e7\u00e3o do resultado final.<\/span><\/p>\n<p style=\"text-align: justify;\">\n\t&nbsp;<\/p>\n<h3>\n\tCarga hor\u00e1ria de trabalho<\/h3>\n<\/p>\n<p style=\"text-align: justify;\">\n\t<span style=\"color:#000000;\">O 2o. edital IBGE 2017 informa que para as fun\u00e7\u00f5es de <strong>Agente Censit\u00e1rio Municipal (ACM)<\/strong> e <strong>Agente<\/strong> <strong>Censit\u00e1rio Supervisor (ACS)<\/strong>, a jornada de trabalho ser\u00e1 de 40 (quarenta) horas semanais, sendo 8 (oito) horas di\u00e1rias.<\/span><\/p>\n<p style=\"text-align: justify;\">\n\t<span style=\"color:#000000;\">J\u00e1 para&nbsp;a fun\u00e7\u00e3o de <strong>Recenseador<\/strong>, a jornada de trabalho recomend\u00e1vel \u00e9 de, no m\u00ednimo, 25 (vinte e cinco) horas semanais, al\u00e9m da participa\u00e7\u00e3o integral e obrigat\u00f3ria no Treinamento.<\/span><\/p>\n<p style=\"text-align: justify;\">\n\t&nbsp;<\/p>\n<h3>\n\tInscri\u00e7\u00f5es<\/h3>\n<\/p>\n<p style=\"text-align: justify;\">\n\t<span style=\"color:#000000;\">As inscri\u00e7\u00f5es para o Processo Seletivo Simplificado se encontrar\u00e3o abertas no per\u00edodo de 24 de abril de 2017 a 23 de maio de 2017.<\/span><\/p>\n<p style=\"text-align: justify;\">\n\t<span style=\"color:#000000;\">Para efetuar sua inscri\u00e7\u00e3o, o interessado dever\u00e1 acessar, via internet, o endere\u00e7o eletr\u00f4nico <a href=\"http:\/\/www.fgv.br\/fgvprojetos\/concursos\/ibge-pss\" target=\"_blank\" rel=\"noopener noreferrer\">www.fgv.br\/fgvprojetos\/concursos\/ibge-pss<\/a>, observando o seguinte:<\/span><\/p>\n<p style=\"text-align: justify;\">\n\t<span style=\"color:#000000;\">\u2192 acessar o endere\u00e7o eletr\u00f4nico a partir das 14h do dia 24 de abril de 2017 at\u00e9 as 23h59 do dia 23 de maio de 2017;<\/span><\/p>\n<p style=\"text-align: justify;\">\n\t<span style=\"color:#000000;\">\u2192 preencher o requerimento de inscri\u00e7\u00e3o que ser\u00e1 exibido e, em seguida, envi\u00e1-lo de acordo com as respectivas instru\u00e7\u00f5es.<\/span><\/p>\n<p>&nbsp;<\/p>\n<h3>\n\tDo processo de sele\u00e7\u00e3o<\/h3>\n<\/p>\n<p style=\"text-align: justify;\">\n\t<span style=\"color:#000000;\">Para as fun\u00e7\u00f5es de <strong>Agente Censit\u00e1rio Municipal (ACM)<\/strong> e <strong>Agente Censit\u00e1rio Supervisor (ACS)<\/strong>, a sele\u00e7\u00e3o dos candidatos dar-se-\u00e1 por meio de uma Prova Objetiva, de car\u00e1ter eliminat\u00f3rio e classificat\u00f3rio.<\/span><\/p>\n<p style=\"text-align: justify;\">\n\t<span style=\"color:#000000;\">Para a fun\u00e7\u00e3o de Recenseador, a sele\u00e7\u00e3o dos candidatos se dar\u00e1 por meio de Prova Objetiva e de Treinamento, ambos de car\u00e1ter eliminat\u00f3rio e classificat\u00f3rio.<\/span><\/p>\n<p style=\"text-align: justify;\">\n\t&nbsp;<\/p>\n<h3>\n\tData das provas<\/h3>\n<\/p>\n<p style=\"text-align: justify;\">\n\t<span style=\"color:#000000;\">A Prova Objetiva de m\u00faltipla escolha, de car\u00e1ter eliminat\u00f3rio e classificat\u00f3rio, ser\u00e1 realizada nas cidades previstas no Anexo III do&nbsp;<\/span><strong><a href=\"https:\/\/www.estrategiaconcursos.com.br\/blog\/wp-content\/uploads\/2017\/04\/Edital_2o_PSS_FGV_-_24_04_17-djsgdb8656-.pdf\" target=\"_blank\" rel=\"noopener noreferrer\"><span style=\"color:#0000FF;\">2\u00b0 Edital IBGE 2017<\/span><\/a><\/strong><span style=\"color:#000000;\">, no dia 16 de julho de 2017, das 13h \u00e0s 17h, segundo o hor\u00e1rio oficial de Bras\u00edlia-DF. Os locais para realiza\u00e7\u00e3o da Prova Objetiva ser\u00e3o divulgados no endere\u00e7o eletr\u00f4nico <\/span><a href=\"http:\/\/www.fgv.br\/fgvprojetos\/concursos\/ibge-pss\" target=\"_blank\" rel=\"noopener noreferrer\"><span style=\"color:#0000FF;\">www.fgv.br\/fgvprojetos\/concursos\/ibge-pss<\/span><\/a><span style=\"color:#000000;\">.<\/span><\/p>\n<p style=\"text-align: justify;\">\n\t&nbsp;<\/p>\n<h3 style=\"text-align: justify;\">\n\tProva Objetiva ACM e ACS<\/h3>\n<\/p>\n<p style=\"text-align: justify;\">\n\t<span style=\"color:#000000;\">Segundo o edital, para as fun\u00e7\u00f5es de <strong>Agente Censit\u00e1rio Municipal (ACM)<\/strong> e <strong>Agente Censit\u00e1rio Supervisor (ACS),<\/strong> a Prova Objetiva ser\u00e1 composta por 50 (cinquenta) quest\u00f5es de m\u00faltipla escolha, numeradas sequencialmente, com 05 (cinco) alternativas e apenas uma resposta correta.<\/span><\/p>\n<p style=\"text-align: justify;\">\n\t<span style=\"color:#000000;\">Cada quest\u00e3o de m\u00faltipla escolha valer\u00e1 1 (um) ponto, sendo 50 (cinquenta) pontos a pontua\u00e7\u00e3o m\u00e1xima obtida na Prova Objetiva. <\/span><\/p>\n<p style=\"text-align: justify;\">\n\t<span style=\"color:#000000;\">Abaixo voc\u00ea tem quadro detalhado&nbsp;dessa prova.<\/span><\/p>\n<p style=\"text-align: center;\">\n\t<img loading=\"lazy\" decoding=\"async\" width=\"708\" height=\"189\" alt=\"edital ibge recenseador\" class=\"size-full wp-image-71725 aligncenter\" src=\"https:\/\/dhg1h5j42swfq.cloudfront.net\/2017\/04\/24193710\/Adinoel-IBGE2-disciplinas-01.jpg\" style=\"width: 500px; height: 133px;\" title=\"\" srcset=\"https:\/\/dhg1h5j42swfq.cloudfront.net\/2017\/04\/24193710\/Adinoel-IBGE2-disciplinas-01.jpg 708w, https:\/\/dhg1h5j42swfq.cloudfront.net\/2017\/04\/24193710\/Adinoel-IBGE2-disciplinas-01.jpg 300w, https:\/\/dhg1h5j42swfq.cloudfront.net\/2017\/04\/24193710\/Adinoel-IBGE2-disciplinas-01.jpg 610w, https:\/\/dhg1h5j42swfq.cloudfront.net\/2017\/04\/24193710\/Adinoel-IBGE2-disciplinas-01.jpg 500w\" sizes=\"auto, (max-width: 708px) 100vw, 708px\" \/><\/p>\n<p style=\"text-align: justify;\">\n\t<span style=\"color:#000000;\">Ser\u00e1 considerado aprovado na Prova Objetiva o candidato que, cumulativamente: <\/span><\/p>\n<p style=\"text-align: justify;\">\n\t<span style=\"color:#000000;\">\u2192&nbsp;acertar, no m\u00ednimo, 30% (trinta por cento) do total da prova; e <\/span><\/p>\n<p style=\"text-align: justify;\">\n\t<span style=\"color:#000000;\">\u2192&nbsp;acertar, no m\u00ednimo, 1 (uma) quest\u00e3o de cada disciplina. <\/span><\/p>\n<p style=\"text-align: justify;\">\n\t<span style=\"color:#000000;\">O candidato aprovado dentro do n\u00famero de vagas ser\u00e1 considerado classificado, enquanto o candidato aprovado fora do n\u00famero de vagas ser\u00e1 considerado n\u00e3o eliminado.<\/span><\/p>\n<p style=\"text-align: justify;\">\n\t<span style=\"color:#000000;\">Ainda neste artigo, voc\u00ea ter\u00e1 as disciplinas detalhadas.<\/span><\/p>\n<p style=\"text-align: justify;\">\n\t&nbsp;<\/p>\n<h3 style=\"text-align: justify;\">\n\tProva objetiva para Recenseador<\/h3>\n<\/p>\n<p style=\"text-align: justify;\">\n\t<span style=\"color:#000000;\">Conforme o edital, para a fun\u00e7\u00e3o de <strong>Recenseador<\/strong>, a Prova Objetiva ser\u00e1 composta por 40 (quarenta) quest\u00f5es de m\u00faltipla escolha, numeradas sequencialmente, com 05 (cinco) alternativas e apenas uma resposta correta.<\/span><\/p>\n<p style=\"text-align: justify;\">\n\t<span style=\"color:#000000;\">Cada quest\u00e3o de m\u00faltipla escolha valer\u00e1 1 (um) ponto, sendo 40 (quarenta) pontos a pontua\u00e7\u00e3o m\u00e1xima obtida na Prova Objetiva.<\/span><\/p>\n<p style=\"text-align: center;\">\n\t<img loading=\"lazy\" decoding=\"async\" width=\"709\" height=\"137\" alt=\"edital ibge recenseador\" class=\"size-full wp-image-71726 aligncenter\" src=\"https:\/\/dhg1h5j42swfq.cloudfront.net\/2017\/04\/24193711\/Adinoel-IBGE2-disciplinas-02.jpg\" style=\"width: 500px; height: 97px;\" title=\"\" srcset=\"https:\/\/dhg1h5j42swfq.cloudfront.net\/2017\/04\/24193711\/Adinoel-IBGE2-disciplinas-02.jpg 709w, https:\/\/dhg1h5j42swfq.cloudfront.net\/2017\/04\/24193711\/Adinoel-IBGE2-disciplinas-02.jpg 300w, https:\/\/dhg1h5j42swfq.cloudfront.net\/2017\/04\/24193711\/Adinoel-IBGE2-disciplinas-02.jpg 610w, https:\/\/dhg1h5j42swfq.cloudfront.net\/2017\/04\/24193711\/Adinoel-IBGE2-disciplinas-02.jpg 500w\" sizes=\"auto, (max-width: 709px) 100vw, 709px\" \/><\/p>\n<p style=\"text-align: justify;\">\n\t<span style=\"color:#000000;\">Ser\u00e1 considerado aprovado na Prova Objetiva o candidato que, cumulativamente: <\/span><\/p>\n<p style=\"text-align: justify;\">\n\t<span style=\"color:#000000;\">\u2192&nbsp;acertar, no m\u00ednimo, 30% (trinta por cento) do total da prova; e <\/span><\/p>\n<p style=\"text-align: justify;\">\n\t<span style=\"color:#000000;\">\u2192&nbsp;acertar, no m\u00ednimo, 1 (uma) quest\u00e3o de cada disciplina. <\/span><\/p>\n<p style=\"text-align: justify;\">\n\t<span style=\"color:#000000;\">O candidato aprovado dentro do n\u00famero de vagas ser\u00e1 considerado classificado, enquanto o candidato aprovado fora do n\u00famero de vagas ser\u00e1 considerado n\u00e3o eliminado.<\/span><\/p>\n<p style=\"text-align: justify;\">\n\t<span style=\"color:#000000;\">Ainda neste artigo, voc\u00ea ter\u00e1 as disciplinas detalhadas.<\/span><\/p>\n<p style=\"text-align: justify;\">\n\t&nbsp;<\/p>\n<h3 style=\"text-align: justify;\">\n\tRecenseador &#8211; Treinamento<\/h3>\n<\/p>\n<p style=\"text-align: justify;\">\n\t<span style=\"color:#000000;\">O&nbsp;candidato ao cargo de <strong>Recenseador<\/strong>, aprovado na prova objetiva, ser\u00e1 convocado para treinamento, de car\u00e1ter eliminat\u00f3rio e classificat\u00f3rio, a ser realizado pelo IBGE. Esse treinamento&nbsp;ter\u00e1 a dura\u00e7\u00e3o total de 04 (quatro) dias, com carga hor\u00e1ria de 8 (oito) horas di\u00e1rias.<\/span><\/p>\n<p style=\"text-align: justify;\">\n\t<span style=\"color:#000000;\">O Treinamento ser\u00e1 composto por duas etapas: autoinstru\u00e7\u00e3o e curso presencial.<\/span><\/p>\n<p style=\"text-align: justify;\">\n\t<span style=\"color:#000000;\">Para a autoinstru\u00e7\u00e3o, estar\u00e1 dispon\u00edvel para retirada no Posto de Coleta ou no endere\u00e7o eletr\u00f4nico <a href=\"http:\/\/www.ibge.gov.br\" target=\"_blank\" rel=\"noopener noreferrer\">www.ibge.gov.br<\/a>, o Manual do Recenseador e Roteiro de Estudos do Recenseador.<\/span><\/p>\n<p style=\"text-align: justify;\">\n\t<span style=\"color:#000000;\">Tamb\u00e9m estar\u00e1 dispon\u00edvel no site do IBGE curso a dist\u00e2ncia com os conceitos fundamentais que norteiam a coleta de dados que os candidatos dever\u00e3o realizar para auxiliar no estudo individualizado. <\/span><\/p>\n<p style=\"text-align: justify;\">\n\t<span style=\"color:#000000;\">Tanto o material para a autoinstru\u00e7\u00e3o quanto o curso a dist\u00e2ncia estar\u00e3o dispon\u00edveis no site do IBGE, a partir da data de divulga\u00e7\u00e3o do resultado final da Prova Objetiva.<\/span><\/p>\n<p style=\"text-align: justify;\">\n\t<span style=\"color:#000000;\">Ao final da etapa presencial, o candidato realizar\u00e1 o Teste Final do Treinamento, cujo resultado ser\u00e1 representado em percentual de acertos e aquele que n\u00e3o obtiver o m\u00ednimo de 40% de acertos ser\u00e1 eliminado do processo seletivo. O percentual ser\u00e1 computado considerando-se a 1\u00aa casa decimal e descartando-se as demais.<\/span><\/p>\n<p style=\"text-align: justify;\">\n\t<span style=\"color:#000000;\">Caso haja necessidade de reposi\u00e7\u00e3o de pessoal para a fun\u00e7\u00e3o de Recenseador, depois de esgotada a reserva de candidatos treinados, poder\u00e3o ser convocados novos candidatos, obedecendo-se \u00e0 classifica\u00e7\u00e3o nas provas objetivas, sem exceder o n\u00famero de vagas previsto.<\/span><\/p>\n<p style=\"text-align: justify;\">\n\t<span style=\"color:#000000;\">Os candidatos que tiverem 100% de frequ\u00eancia no Treinamento far\u00e3o jus a uma ajuda de custo.<\/span><\/p>\n<p style=\"text-align: justify;\">\n\t<span style=\"color:#000000;\">Caso a(s) vaga(s) reservada(s) aos candidatos com defici\u00eancia e\/ou aos candidatos pretos ou pardos n\u00e3o tenha(m) sido preenchida(s) por motivo de reprova\u00e7\u00e3o no treinamento e, caso seja realizado novo treinamento, dever\u00e1(\u00e3o) ser convocado(s) para treinamento o(s) pr\u00f3ximo(s) candidato(s) com defici\u00eancia e\/ou os candidatos pretos ou pardos n\u00e3o eliminado(s) na prova objetiva.<\/span><\/p>\n<p style=\"text-align: justify;\">\n\t<span style=\"color:#000000;\">A ordem de classifica\u00e7\u00e3o dos candidatos no treinamento ser\u00e1 obedecida para a escolha do setor censit\u00e1rio de trabalho, dentre aqueles oferecidos pelo IBGE e considerados priorit\u00e1rios para o in\u00edcio da coleta.<\/span><\/p>\n<p style=\"text-align: justify;\">\n\t<span style=\"color:#000000;\">Em caso de igualdade na nota final do treinamento, para fins de escolha do setor censit\u00e1rio de trabalho, ser\u00e1 considerada a classifica\u00e7\u00e3o obtida pelo candidato na primeira etapa (provas objetivas).<\/span><\/p>\n<p style=\"text-align: justify;\">\n\t&nbsp;<\/p>\n<h3>\n\tRequisitos para ser contratado<\/h3>\n<\/p>\n<p style=\"text-align: justify;\">\n\t<span style=\"color:#000000;\">O 2o. edital IBGE 2017 informa quais requisitos s\u00e3o necess\u00e1rios para ser contratado, ap\u00f3s ser aprovado no Processo Seletivo Simplificado. Veja esses requisitos adiante:<\/span><\/p>\n<p style=\"text-align: justify;\">\n\t<span style=\"color: rgb(0, 0, 0);\">\u2192 ter nacionalidade brasileira ou portuguesa e, em caso de nacionalidade portuguesa, estar amparado pelo estatuto de igualdade entre brasileiros e portugueses;<\/span><\/p>\n<p style=\"text-align: justify;\">\n\t<span style=\"color:#000000;\">\u2192 estar em dia com as obriga\u00e7\u00f5es eleitorais;<\/span><\/p>\n<p style=\"text-align: justify;\">\n\t<span style=\"color:#000000;\">\u2192 estar em dia com as obriga\u00e7\u00f5es militares, em caso de candidato brasileiro do sexo masculino;<\/span><\/p>\n<p style=\"text-align: justify;\">\n\t<span style=\"color:#000000;\">\u2192 ter, na data da contrata\u00e7\u00e3o, idade m\u00ednima de dezoito anos completos;<\/span><\/p>\n<p style=\"text-align: justify;\">\n\t<span style=\"color:#000000;\">\u2192 n\u00e3o estar incompatibilizado com o disposto no artigo 6\u00ba da <a href=\"http:\/\/www.planalto.gov.br\/ccivil_03\/leis\/L8745cons.htm\" target=\"_blank\" rel=\"noopener noreferrer\">Lei n\u00ba 8.745, de 9 de dezembro de 1993<\/a>, que pro\u00edbe a contrata\u00e7\u00e3o de servidores da Administra\u00e7\u00e3o direta ou indireta da Uni\u00e3o, dos Estados, do Distrito Federal e dos Munic\u00edpios, bem como de empregados ou servidores de suas subsidi\u00e1rias e controladas. S\u00e3o aplicadas tamb\u00e9m as restri\u00e7\u00f5es \u00e0 contrata\u00e7\u00e3o de aposentados previstas no artigo 37, \u00a7 10 da <a href=\"http:\/\/www.planalto.gov.br\/ccivil_03\/constituicao\/constituicao.htm\" target=\"_blank\" rel=\"noopener noreferrer\">Constitui\u00e7\u00e3o Federal\/1988<\/a>;<\/span><\/p>\n<p style=\"text-align: justify;\">\n\t<span style=\"color:#000000;\">\u2192 n\u00e3o ter sido contratado nos \u00faltimos 24 (vinte e quatro) meses para servi\u00e7o tempor\u00e1rio conforme disp\u00f5e o artigo 9\u00ba, inciso III, da Lei n\u00ba 8.745, de 9 de dezembro de 1993;<\/span><\/p>\n<p style=\"text-align: justify;\">\n\t<span style=\"color:#000000;\">\u2192 possuir aptid\u00e3o f\u00edsica e mental para o exerc\u00edcio das atribui\u00e7\u00f5es da fun\u00e7\u00e3o a que concorre \u00e0 vaga;<\/span><\/p>\n<p style=\"text-align: justify;\">\n\t<span style=\"color:#000000;\">\u2192 ser aprovado no Processo Seletivo Simplificado e possuir o n\u00edvel de escolaridade exigido para o exerc\u00edcio da fun\u00e7\u00e3o de acordo com o estabelecido no Anexo II deste Edital;<\/span><\/p>\n<p style=\"text-align: justify;\">\n\t<span style=\"color:#000000;\">\u2192 apresentar declara\u00e7\u00e3o de pr\u00f3prio punho de que n\u00e3o se encontra na condi\u00e7\u00e3o de s\u00f3cio-gerente ou administrador de sociedades privadas.<\/span><\/p>\n<p style=\"text-align: justify;\">\n\t&nbsp;<\/p>\n<h3 style=\"text-align: justify;\">\n\tAtribui\u00e7\u00f5es das fun\u00e7\u00f5es<\/h3>\n<\/p>\n<p style=\"text-align: justify;\">\n\t<span style=\"color:#000000;\">O edital especifica as atribui\u00e7\u00f5es de cada fun\u00e7\u00e3o. Veja isso adiante.<\/span><\/p>\n<p style=\"text-align: justify;\">\n\t<font color=\"#000000\"><b>Atribui\u00e7\u00f5es do Agente Censit\u00e1rio Municipal<\/b><\/font><\/p>\n<p style=\"text-align: justify; margin-left: 40px;\">\n\t<span style=\"color:#000000;\">\u2192 instalar, organizar e zelar pelo Posto de Coleta, adotando provid\u00eancias para garantir seu adequado funcionamento;<\/span><\/p>\n<p style=\"text-align: justify; margin-left: 40px;\">\n\t<span style=\"color:#000000;\">\u2192 conhecer a \u00e1rea geogr\u00e1fica e os setores censit\u00e1rios dos munic\u00edpios de sua \u00e1rea de atua\u00e7\u00e3o;<\/span><\/p>\n<p style=\"text-align: justify; margin-left: 40px;\">\n\t<span style=\"color:#000000;\">\u2192 ter pleno conhecimento de todas as instru\u00e7\u00f5es e conceitos contidos nos manuais t\u00e9cnicos e operacionais;<\/span><\/p>\n<p style=\"text-align: justify; margin-left: 40px;\">\n\t<span style=\"color:#000000;\">\u2192 coordenar todas as atividades censit\u00e1rias e orientar os trabalhos das equipes de campo de sua \u00e1rea de atua\u00e7\u00e3o, obedecendo \u00e0s instru\u00e7\u00f5es t\u00e9cnicas, operacionais, administrativas e de inform\u00e1tica estabelecidas nos manuais e normas vigentes, sob orienta\u00e7\u00e3o superior;<\/span><\/p>\n<p style=\"text-align: justify; margin-left: 40px;\">\n\t<span style=\"color:#000000;\">\u2192 organizar e definir as \u00e1reas de atua\u00e7\u00e3o de cada Agente Censit\u00e1rio Supervisor e seus respectivos setores censit\u00e1rios, observando as recomenda\u00e7\u00f5es e crit\u00e9rios de seus superiores;<\/span><\/p>\n<p style=\"text-align: justify; margin-left: 40px;\">\n\t<span style=\"color:#000000;\">\u2192 providenciar para que os mapas das \u00e1reas a serem pesquisadas sejam afixados em local vis\u00edvel no Posto de Coleta;<\/span><\/p>\n<p style=\"text-align: justify; margin-left: 40px;\">\n\t<span style=\"color:#000000;\">\u2192 organizar, com os Agentes Censit\u00e1rios Supervisores, o treinamento dos Recenseadores, atuando como instrutor;<\/span><\/p>\n<p style=\"text-align: justify; margin-left: 40px;\">\n\t<span style=\"color:#000000;\">\u2192 acompanhar o andamento da coleta de dados nas \u00e1reas de atua\u00e7\u00e3o de cada Agente Censit\u00e1rio Supervisor e adotar as provid\u00eancias cab\u00edveis, com vistas ao bom andamento dos trabalhos, \u00e0 total cobertura da \u00e1rea territorial, o cumprimento dos prazos e a qualidade das informa\u00e7\u00f5es coletadas;<\/span><\/p>\n<p style=\"text-align: justify; margin-left: 40px;\">\n\t<span style=\"color:#000000;\">\u2192 analisar sistematicamente os relat\u00f3rios dos sistemas gerenciais e adotar as provid\u00eancias cab\u00edveis, com vistas ao bom andamento dos trabalhos, com estrita aten\u00e7\u00e3o \u00e0 cobertura territorial, aos prazos e padr\u00f5es de qualidade determinados;<\/span><\/p>\n<p style=\"text-align: justify; margin-left: 40px;\">\n\t<span style=\"color:#000000;\">\u2192 exercer a fun\u00e7\u00e3o de Agente Censit\u00e1rio Supervisor e realizar a coleta de dados, quando determinado por seus superiores, ou quando, na sua \u00e1rea de atua\u00e7\u00e3o n\u00e3o existir o Agente Censit\u00e1rio Supervisor;<\/span><\/p>\n<p style=\"text-align: justify; margin-left: 40px;\">\n\t<span style=\"color:#000000;\">\u2192 transcrever e transmitir dados em microcomputador e dispositivo m\u00f3vel de coleta, emitir relat\u00f3rios e executar os procedimentos de seguran\u00e7a (backups di\u00e1rios e recupera\u00e7\u00e3o do sistema), quando determinado por seus superiores;<\/span><\/p>\n<p style=\"text-align: justify; margin-left: 40px;\">\n\t<span style=\"color:#000000;\">\u2192 manter organizada toda a documenta\u00e7\u00e3o administrativa;<\/span><\/p>\n<p style=\"text-align: justify; margin-left: 40px;\">\n\t<span style=\"color:#000000;\">\u2192 responsabilizar-se pela guarda, distribui\u00e7\u00e3o e controle dos equipamentos eletr\u00f4nicos e acess\u00f3rios de uso pr\u00f3prio e de sua equipe, assumindo e repassando a responsabilidade pela seguran\u00e7a e uso adequado dos equipamentos;<\/span><\/p>\n<p style=\"text-align: justify; margin-left: 40px;\">\n\t<span style=\"color:#000000;\">\u2192 divulgar o Censo Agropecu\u00e1rio 2017 em toda sua \u00e1rea de atua\u00e7\u00e3o, observando as orienta\u00e7\u00f5es dos superiores hier\u00e1rquicos;<\/span><\/p>\n<p style=\"text-align: justify; margin-left: 40px;\">\n\t<span style=\"color:#000000;\">\u2192 realizar contatos com autoridades, institui\u00e7\u00f5es p\u00fablicas ou privadas, visando obter apoio para a realiza\u00e7\u00e3o dos trabalhos, quando solicitado pelos superiores;<\/span><\/p>\n<p style=\"text-align: justify; margin-left: 40px;\">\n\t<span style=\"color:#000000;\">\u2192 participar das reuni\u00f5es da Comiss\u00e3o Municipal de Geografia e Estat\u00edstica (CMGE), e auxiliar o seu Presidente nas atividades de organiza\u00e7\u00e3o das mesmas;<\/span><\/p>\n<p style=\"text-align: justify; margin-left: 40px;\">\n\t<span style=\"color:#000000;\">\u2192 recepcionar e atender ao p\u00fablico que eventualmente procurar o Posto de Coleta;<\/span><\/p>\n<p style=\"text-align: justify; margin-left: 40px;\">\n\t<span style=\"color:#000000;\">\u2192 ter disponibilidade para viajar dentro da \u00e1rea de jurisdi\u00e7\u00e3o do Posto de Coleta e da Sub\u00e1rea de sua lota\u00e7\u00e3o;<\/span><\/p>\n<p style=\"text-align: justify; margin-left: 40px;\">\n\t<span style=\"color:#000000;\">\u2192 executar outras tarefas correlatas que lhe forem atribu\u00eddas por seus superiores hier\u00e1rquicos; e poder\u00e1 ser solicitado a dirigir ve\u00edculo pr\u00f3prio do IBGE ou locado pela Institui\u00e7\u00e3o, desde que seja necess\u00e1rio para a realiza\u00e7\u00e3o dos levantamentos sob sua responsabilidade, uma vez que possua habilita\u00e7\u00e3o.<\/span><\/p>\n<p style=\"text-align: justify;\">\n\t&nbsp;<\/p>\n<p style=\"text-align: justify;\">\n\t<font color=\"#000000\"><b>Atribui\u00e7\u00f5es do Agente Censit\u00e1rio Supervisor<\/b><\/font><\/p>\n<p style=\"text-align: justify; margin-left: 40px;\">\n\t<span style=\"color:#000000;\">\u2192 planejar, organizar, gerenciar e acompanhar a execu\u00e7\u00e3o da coleta de dados realizada pelos Recenseadores, fazendo uso dos sistemas disponibilizados e de visitas em campo, quando necess\u00e1rias, para garantir a cobertura da \u00e1rea territorial, o cumprimento dos prazos e a qualidade das informa\u00e7\u00f5es coletadas;<\/span><\/p>\n<p style=\"text-align: justify; margin-left: 40px;\">\n\t<span style=\"color:#000000;\">\u2192 acompanhar os Recenseadores em campo para esclarecer as d\u00favidas quanto \u00e0 identifica\u00e7\u00e3o dos limites dos setores censit\u00e1rios e percursos;<\/span><\/p>\n<p style=\"text-align: justify; margin-left: 40px;\">\n\t<span style=\"color:#000000;\">\u2192 auxiliar os Recenseadores na solu\u00e7\u00e3o dos casos de recusa\/resist\u00eancia de informantes em atend\u00ea- los;<\/span><\/p>\n<p style=\"text-align: justify; margin-left: 40px;\">\n\t<span style=\"color:#000000;\">\u2192 colaborar na organiza\u00e7\u00e3o e administra\u00e7\u00e3o do Posto de Coleta;<\/span><\/p>\n<p style=\"text-align: justify; margin-left: 40px;\">\n\t<span style=\"color:#000000;\">\u2192 realizar carga e descarga dos dispositivos m\u00f3veis de coleta dos Recenseadores;<\/span><\/p>\n<p style=\"text-align: justify; margin-left: 40px;\">\n\t<span style=\"color:#000000;\">\u2192 fazer registros administrativos e de controle da coleta de dados;<\/span><\/p>\n<p style=\"text-align: justify; margin-left: 40px;\">\n\t<span style=\"color:#000000;\">\u2192 fazer uso dos relat\u00f3rios gerenciais e adotar as provid\u00eancias necess\u00e1rias para corrigir as falhas observadas;<\/span><\/p>\n<p style=\"text-align: justify; margin-left: 40px;\">\n\t<span style=\"color:#000000;\">\u2192 organizar o treinamento dos Recenseadores, junto com o Agente Censit\u00e1rio Municipal, e atuar como instrutor;<\/span><\/p>\n<p style=\"text-align: justify; margin-left: 40px;\">\n\t<span style=\"color:#000000;\">\u2192 realizar as tarefas de reentrevistas e revis\u00e3o do percurso, seguindo as rotinas definidas no Manual do Supervisor;<\/span><\/p>\n<p style=\"text-align: justify; margin-left: 40px;\">\n\t<span style=\"color:#000000;\">\u2192 realizar as tarefas de fechamento dos setores censit\u00e1rios conclu\u00eddos, conforme estabelecido no Manual do Supervisor;<\/span><\/p>\n<p style=\"text-align: justify; margin-left: 40px;\">\n\t<span style=\"color:#000000;\">\u2192 realizar a coleta de dados em estabelecimentos da Coleta Regular e\/ou da Coleta Especial e\/ou da Coleta Descentralizada.;<\/span><\/p>\n<p style=\"text-align: justify; margin-left: 40px;\">\n\t<span style=\"color:#000000;\">\u2192 ter pleno conhecimento de todas as instru\u00e7\u00f5es, conceitos e procedimentos contidos nos manuais t\u00e9cnicos e operacionais;<\/span><\/p>\n<p style=\"text-align: justify; margin-left: 40px;\">\n\t<span style=\"color:#000000;\">\u2192 responsabilizar-se pela guarda, distribui\u00e7\u00e3o e controle dos equipamentos eletr\u00f4nicos e acess\u00f3rios de uso pr\u00f3prio e de sua equipe de Recenseadores, assumindo e repassando a responsabilidade pela seguran\u00e7a e uso adequado dos equipamentos;<\/span><\/p>\n<p style=\"text-align: justify; margin-left: 40px;\">\n\t<span style=\"color:#000000;\">\u2192 adotar as provid\u00eancias relativas \u00e0 contrata\u00e7\u00e3o, prorroga\u00e7\u00e3o de contratos e desligamento de Recenseadores, quando determinado por seu superior;<\/span><\/p>\n<p style=\"text-align: justify; margin-left: 40px;\">\n\t<span style=\"color:#000000;\">\u2192 subsidiar o Coordenador da Sub\u00e1rea ou seu superior imediato, prestando suporte na instala\u00e7\u00e3o e manuten\u00e7\u00e3o da infraestrutura necess\u00e1ria ao funcionamento dos recursos de inform\u00e1tica, de forma a assegurar o adequado desenvolvimento das atividades censit\u00e1rias na sua \u00e1rea de atua\u00e7\u00e3o;<\/span><\/p>\n<p style=\"text-align: justify; margin-left: 40px;\">\n\t<span style=\"color:#000000;\">\u2192 transcrever e transmitir dados em microcomputador e dispositivo m\u00f3vel de coleta;<\/span><\/p>\n<p style=\"text-align: justify; margin-left: 40px;\">\n\t<span style=\"color:#000000;\">\u2192 ter disponibilidade para viajar dentro da jurisdi\u00e7\u00e3o do seu Posto de Coleta, e<\/span><\/p>\n<p style=\"text-align: justify; margin-left: 40px;\">\n\t<span style=\"color:#000000;\">\u2192 executar outras tarefas correlatas que lhe forem atribu\u00eddas por seus superiores hier\u00e1rquicos; e poder\u00e1 ser solicitado a dirigir ve\u00edculo pr\u00f3prio do IBGE ou locado pela Institui\u00e7\u00e3o, desde que seja necess\u00e1rio para a realiza\u00e7\u00e3o dos levantamentos sob sua responsabilidade, uma vez que possua habilita\u00e7\u00e3o.<\/span><\/p>\n<p style=\"text-align: justify;\">\n\t&nbsp;<\/p>\n<p style=\"text-align: justify;\">\n\t<span style=\"color:#000000;\"><strong>Atribui\u00e7\u00f5es do Recenseador<\/strong><\/span><\/p>\n<p style=\"text-align: justify; margin-left: 40px;\">\n\t<span style=\"color:#000000;\">\u2192 ter dom\u00ednio dos conceitos e procedimentos definidos para a coleta de dados;<\/span><\/p>\n<p style=\"text-align: justify; margin-left: 40px;\">\n\t<span style=\"color:#000000;\">\u2192 reconhecer os limites e a \u00e1rea do setor censit\u00e1rio que lhe for designado, registrando as falhas e\/ou inconsist\u00eancias porventura encontradas na descri\u00e7\u00e3o dos limites;<\/span><\/p>\n<p style=\"text-align: justify; margin-left: 40px;\">\n\t<span style=\"color:#000000;\">\u2192 apresentar-se ao informante com o crach\u00e1 de identifica\u00e7\u00e3o fornecido pelo IBGE e o documento de identidade citado no crach\u00e1;<\/span><\/p>\n<p style=\"text-align: justify; margin-left: 40px;\">\n\t<span style=\"color:#000000;\">\u2192 coletar as informa\u00e7\u00f5es do Censo Agropecu\u00e1rio 2017 em todos os estabelecimentos agropecu\u00e1rios do setor censit\u00e1rio que lhe foi atribu\u00eddo no \u00e2mbito da sua \u00c1rea de Trabalho, registrando-as no dispositivo m\u00f3vel de coleta, de acordo com as instru\u00e7\u00f5es recebidas e dentro do prazo preestabelecido;<\/span><\/p>\n<p style=\"text-align: justify; margin-left: 40px;\">\n\t<span style=\"color:#000000;\">\u2192 transmitir os dados das entrevistas coletadas ou entregar ao seu Supervisor o dispositivo m\u00f3vel de coleta, de acordo com as instru\u00e7\u00f5es recebidas;<\/span><\/p>\n<p style=\"text-align: justify; margin-left: 40px;\">\n\t<span style=\"color:#000000;\">\u2192 adotar as a\u00e7\u00f5es necess\u00e1rias para atender as recomenda\u00e7\u00f5es recebidas atrav\u00e9s do servi\u00e7o de mensagens no seu dispositivo m\u00f3vel de coleta;<\/span><\/p>\n<p style=\"text-align: justify; margin-left: 40px;\">\n\t<span style=\"color:#000000;\">\u2192 consultar os diversos relat\u00f3rios de acompanhamento de coleta no dispositivo m\u00f3vel de coleta e sanar as eventuais pend\u00eancias apontadas;<\/span><\/p>\n<p style=\"text-align: justify; margin-left: 40px;\">\n\t<span style=\"color:#000000;\">\u2192 comparecer ao Posto de Coleta conforme determina\u00e7\u00e3o do Supervisor;<\/span><\/p>\n<p style=\"text-align: justify; margin-left: 40px;\">\n\t<span style=\"color:#000000;\">\u2192 retornar aos estabelecimentos para complementar as informa\u00e7\u00f5es e\/ou corrigir as falhas apontadas pelo Supervisor;<\/span><\/p>\n<p style=\"text-align: justify; margin-left: 40px;\">\n\t<span style=\"color:#000000;\">\u2192 assumir a responsabilidade pela seguran\u00e7a e uso adequado do equipamento eletr\u00f4nico e acess\u00f3rios fornecidos pelo IBGE para execu\u00e7\u00e3o de seu trabalho.<\/span><\/p>\n<p style=\"text-align: justify;\">\n\t&nbsp;<\/p>\n<h3 style=\"text-align: justify;\">\n\tExig\u00eancias para desempenhar as atribui\u00e7\u00f5es<\/h3>\n<p><span style=\"color:#000000;\">O segundo edital IBGE 2017, al\u00e9m de detalhar&nbsp;as atribui\u00e7\u00f5es de cada fun\u00e7\u00e3o, informa quais exig\u00eancias ser\u00e3o cobradas do ocupante da fun\u00e7\u00e3o.<\/span><\/p>\n<p><span style=\"color:#000000;\">Assim, ser\u00e1&nbsp;exigido do <strong>Agente Censit\u00e1rio Municipal<\/strong>&nbsp;e do <strong>Agente Censit\u00e1rio Supervisor<\/strong>:<\/span><\/p>\n<p><span style=\"color:#000000;\">\u2192 capacidade auditiva e de comunica\u00e7\u00e3o verbal para realizar entrevistas e coletar dados fazendo uso de dispositivo m\u00f3vel de coleta e para atendimento ao p\u00fablico;<\/span><\/p>\n<p style=\"text-align: justify;\">\n\t<span style=\"color:#000000;\">\u2192 acuidade visual para leitura e preenchimento dos question\u00e1rios e formul\u00e1rios impressos e\/ou em meio eletr\u00f4nico e para conferir documentos, elaborar e transcrever textos, dados e\/ou planilhas em microcomputador;<\/span><\/p>\n<p style=\"text-align: justify;\">\n\t<span style=\"color:#000000;\">\u2192 acuidade visual para interpretar mapas e croquis de setores censit\u00e1rios e identificar no campo os pontos que constituem os limites dos setores;<\/span><\/p>\n<p style=\"text-align: justify;\">\n\t<span style=\"color:#000000;\">\u2192 capacidade de locomo\u00e7\u00e3o para execu\u00e7\u00e3o de trabalhos de campo, nas zonas urbana e rural, em \u00e1reas de terreno \u00edngreme, localidades de dif\u00edcil acesso e \u00e1reas de ocupa\u00e7\u00e3o irregular, bem como para acesso em pr\u00e9dios e resid\u00eancias com escadarias e sem rampas de acesso ou elevadores, caminhos e estradas n\u00e3o pavimentadas;<\/span><\/p>\n<p style=\"text-align: justify;\">\n\t<span style=\"color:#000000;\">\u2192 capacidade motora para manusear o dispositivo m\u00f3vel de coleta durante a realiza\u00e7\u00e3o de entrevista, que pode ocorrer em condi\u00e7\u00f5es prec\u00e1rias e preencher os question\u00e1rios e formul\u00e1rios, registrando n\u00fameros, palavras e marcas, com a precis\u00e3o exigida pelo dispositivo m\u00f3vel de coleta;<\/span><\/p>\n<p style=\"text-align: justify;\">\n\t<span style=\"color:#000000;\">\u2192 agilidade para cumprir as tarefas determinadas, nos prazos exigidos, em conformidade com o cronograma da opera\u00e7\u00e3o censit\u00e1ria e de acordo com o padr\u00e3o de qualidade requerido.<\/span><\/p>\n<p style=\"text-align: justify;\">\n\t&nbsp;<\/p>\n<p style=\"text-align: justify;\">\n\t<span style=\"color:#000000;\">Ser\u00e1&nbsp;exigido do <b>Recenseador<\/b>:<\/span><\/p>\n<p style=\"text-align: justify;\">\n\t<span style=\"color:#000000;\">\u2192 capacidade auditiva e de comunica\u00e7\u00e3o verbal para realizar entrevistas e coletar dados fazendo uso de dispositivo m\u00f3vel de coleta; <\/span><\/p>\n<p style=\"text-align: justify;\">\n\t<span style=\"color:#000000;\">\u2192 ter acuidade visual para leitura e preenchimento dos question\u00e1rios e formul\u00e1rios impressos e\/ou em meio eletr\u00f4nico;<\/span><\/p>\n<p style=\"text-align: justify;\">\n\t<span style=\"color:#000000;\">\u2192 ter acuidade visual para interpretar mapas e croquis de setores censit\u00e1rios e identificar no campo os pontos que constituem os limites dos setores;<\/span><\/p>\n<p style=\"text-align: justify;\">\n\t<span style=\"color:#000000;\">\u2192 capacidade de locomo\u00e7\u00e3o para execu\u00e7\u00e3o de trabalhos de campo, nas zonas urbana e rural, em \u00e1reas de terreno \u00edngreme, localidades de dif\u00edcil acesso e \u00e1reas de ocupa\u00e7\u00e3o irregular, bem como para acesso em pr\u00e9dios e resid\u00eancias com escadarias e sem rampas de acesso ou elevadores, caminhos e estradas n\u00e3o pavimentadas;<\/span><\/p>\n<p style=\"text-align: justify;\">\n\t<span style=\"color:#000000;\">\u2192 capacidade motora para manusear o dispositivo m\u00f3vel de coleta durante a realiza\u00e7\u00e3o de entrevista, que pode ocorrer em condi\u00e7\u00f5es prec\u00e1rias e preencher os question\u00e1rios e formul\u00e1rios, registrando n\u00fameros, palavras e marcas, com a precis\u00e3o exigida pelo dispositivo m\u00f3vel de coleta;<\/span><\/p>\n<p style=\"text-align: justify;\">\n\t<span style=\"color:#000000;\">\u2192 agilidade para cumprir as tarefas determinadas, nos prazos exigidos, em conformidade com o cronograma da opera\u00e7\u00e3o censit\u00e1ria e de acordo com o padr\u00e3o de qualidade requerido.<\/span><\/p>\n<p style=\"text-align: justify;\">\n\t&nbsp;<\/p>\n<p style=\"text-align: justify;\">\n\t<img loading=\"lazy\" decoding=\"async\" width=\"1020\" height=\"616\" alt=\"edital ibge recenseador\" class=\"alignnone size-full wp-image-42649\" src=\"https:\/\/dhg1h5j42swfq.cloudfront.net\/2016\/05\/14113252\/novas-corujas-0621.png\" style=\"width: 200px; height: 121px;\" srcset=\"https:\/\/dhg1h5j42swfq.cloudfront.net\/2016\/05\/14113252\/novas-corujas-0621.png 1020w, https:\/\/dhg1h5j42swfq.cloudfront.net\/2016\/05\/14113252\/novas-corujas-0621.png 300w, https:\/\/dhg1h5j42swfq.cloudfront.net\/2016\/05\/14113252\/novas-corujas-0621.png 768w, https:\/\/dhg1h5j42swfq.cloudfront.net\/2016\/05\/14113252\/novas-corujas-0621.png 497w\" sizes=\"auto, (max-width: 1020px) 100vw, 1020px\" \/><\/p>\n<h3>\n\t<a href=\"https:\/\/www.estrategiaconcursos.com.br\/cursos\/concurso\/\" target=\"_blank\" rel=\"noopener noreferrer\">Curso p\/ Concursos<\/a><\/h3>\n<\/p>\n<p style=\"text-align: justify;\">\n\t<span style=\"color:#008000;\">O Estrat\u00e9gia Concursos j\u00e1 lan\u00e7ou cursos focados no <\/span><strong><a href=\"https:\/\/www.estrategiaconcursos.com.br\/cursosPorConcurso\/ibge-temporarios\/\" target=\"_blank\" rel=\"noopener noreferrer\"><span style=\"color:#0000FF;\">IBGE TEMPOR\u00c1RIO<\/span><\/a><\/strong><span style=\"color:#008000;\">.&nbsp;Nossos cursos cont\u00eam o conte\u00fado completo que ser\u00e1 cobrado na sua prova. S\u00e3o PDF\u00b4s e videoaulas, al\u00e9m de um f\u00f3rum de d\u00favidas exclusivo na \u00e1rea do aluno para voc\u00ea esclarecer pontos com seus professores. Confiamos tanto na qualidade da nossa equipe e dos nossos materiais que n\u00f3s temos uma pol\u00edtica de satisfa\u00e7\u00e3o garantida ou seu dinheiro de volta, em at\u00e9 30 dias e sem burocracia.&nbsp;Voc\u00ea n\u00e3o tem nada a perder, conhe\u00e7a nossos cursos!<\/span><\/p>\n<p style=\"text-align: justify;\">\n\t&nbsp;<\/p>\n<p style=\"text-align: justify;\">\n\t<img loading=\"lazy\" decoding=\"async\" width=\"300\" height=\"102\" alt=\"edital ibge recenseador\" class=\"alignnone size-full wp-image-68542\" src=\"https:\/\/dhg1h5j42swfq.cloudfront.net\/2017\/03\/28152500\/coruja-ficha-tecnica-300x102.png\" style=\"width: 200px; height: 68px;\"\/><\/p>\n<p>\u25ba&nbsp;<strong>Informa\u00e7\u00f5es do Pr\u00f3ximo Concurso<\/strong><\/p>\n<p>\u2022\u2022\u2022 Data prevista de prova:&nbsp;<strong><a href=\"http:\/\/fgvprojetos.fgv.br\/concursos\/ibge-pss\/1pss\" target=\"_blank\" rel=\"noopener noreferrer\"><span style=\"color:#0000FF;\">Edital 1<\/span><\/a> <\/strong>= dia&nbsp;02 de julho de 2017 \/&nbsp;<a href=\"http:\/\/fgvprojetos.fgv.br\/concursos\/ibge-pss\/2pss\" target=\"_blank\" rel=\"noopener noreferrer\"><span style=\"color:#0000FF;\"><strong>Edital 2<\/strong><\/span><\/a>&nbsp;= dia 16 de julho de 2017<\/p>\n<p>\u2022\u2022\u2022 Vagas: 26.023 ( Edital 1 com 1038 vagas e Edital 2 com 24.984)<\/p>\n<p>\u2022\u2022\u2022 Lota\u00e7\u00f5es: 26 Estados + Distrito Federal<\/p>\n<p>\u2022\u2022\u2022 Inscri\u00e7\u00f5es&nbsp;<strong>Edital 1<\/strong>&nbsp;\u2013 De 10 de abril a 09 de maio<\/p>\n<p>\u2022\u2022\u2022 Inscri\u00e7\u00f5es&nbsp;<strong>Edital 2&nbsp;<\/strong>\u2013 24 de abril a 23 de maio<\/p>\n<p>\u2022\u2022\u2022 Banca: Funda\u00e7\u00e3o Get\u00falio Vargas \u2013 FGV<\/p>\n<p>\u2022\u2022\u2022 Escolaridade: Ensino Fundamental \/ Ensino m\u00e9dio<\/p>\n<p>\u25baCursos Estrat\u00e9gia Concursos:&nbsp;<a href=\"https:\/\/www.estrategiaconcursos.com.br\/cursosPorConcurso\/ibge-temporarios\/\" target=\"_blank\" rel=\"noopener noreferrer\"><strong>CURSOS CONCURSO IBGE TEMPOR\u00c1RIO<\/strong><\/a><\/p>\n<p style=\"text-align: justify;\">\n\t&nbsp;<\/p>\n<h3 style=\"text-align: justify;\">\n\tDisciplinas Detalhadas<\/h3>\n<\/p>\n<p style=\"text-align: justify;\">\n\t<span style=\"color:#000000;\">Abaixo, voc\u00ea tem as disciplinas do 2o. edital IBGE 2017 de forma detalhada.<\/span><\/p>\n<p style=\"text-align: justify;\">\n\t&nbsp;<\/p>\n<h3 style=\"text-align: center;\">\n\t<span style=\"color:#000000;\"><strong>CONTE\u00daDO PROGRAM\u00c1TICO <\/strong><\/span><\/h3>\n<h3 style=\"text-align: center;\">\n\t<span style=\"color:#000000;\"><strong>AGENTE CENSIT\u00c1RIO MUNICIPAL (ACM) E AGENTE CENSIT\u00c1RIO SUPERVISOR (ACS)<\/strong><\/span><\/h3>\n<\/p>\n<p style=\"text-align: justify;\">\n\t<span style=\"color:#000000;\"><strong>L\u00cdNGUA PORTUGUESA<\/strong><\/span><\/p>\n<p style=\"text-align: justify;\">\n\t<span style=\"color:#000000;\">I &#8211; Compreens\u00e3o e interpreta\u00e7\u00e3o de texto.<\/span><\/p>\n<p style=\"text-align: justify;\">\n\t<span style=\"color:#000000;\">II &#8211; Significa\u00e7\u00e3o das palavras: sin\u00f4nimos, ant\u00f4nimos, hom\u00f4nimos e par\u00f4nimos.<\/span><\/p>\n<p style=\"text-align: justify;\">\n\t<span style=\"color:#000000;\">III &#8211; Pontua\u00e7\u00e3o. Estrutura e sequ\u00eancia l\u00f3gica de frases e par\u00e1grafos. IV &#8211; Ortografia oficial. Acentua\u00e7\u00e3o gr\u00e1fica.<\/span><\/p>\n<p style=\"text-align: justify;\">\n\t<span style=\"color:#000000;\">V &#8211; Classes das palavras.<\/span><\/p>\n<p style=\"text-align: justify;\">\n\t<span style=\"color:#000000;\">VI &#8211; Concord\u00e2ncia nominal e verbal.<\/span><\/p>\n<p style=\"text-align: justify;\">\n\t<span style=\"color:#000000;\">VII &#8211; Reg\u00eancia nominal e verbal. Emprego da crase.<\/span><\/p>\n<p style=\"text-align: justify;\">\n\t<span style=\"color:#000000;\">VIII &#8211; Emprego dos verbos regulares, irregulares e an\u00f4malos. Vozes dos verbos.<\/span><\/p>\n<p style=\"text-align: justify;\">\n\t<span style=\"color:#000000;\">IX &#8211; Emprego dos pronomes.<\/span><\/p>\n<p style=\"text-align: justify;\">\n\t<span style=\"color:#000000;\">X &#8211; Sintaxe: termos essenciais, integrantes e acess\u00f3rios da ora\u00e7\u00e3o.<\/span><\/p>\n<p style=\"text-align: justify;\">\n\t&nbsp;<\/p>\n<p style=\"text-align: justify;\">\n\t<span style=\"color:#000000;\"><strong>RACIOC\u00cdNIO L\u00d3GICO QUANTITATIVO<\/strong><\/span><\/p>\n<p style=\"text-align: justify;\">\n\t<span style=\"color:#000000;\">Avalia\u00e7\u00e3o da habilidade do candidato em entender a estrutura l\u00f3gica de rela\u00e7\u00f5es entre pessoas, lugares, coisas e\/ou eventos, deduzir novas informa\u00e7\u00f5es e avaliar as condi\u00e7\u00f5es usadas para estabelecer a estrutura dessas rela\u00e7\u00f5es.<\/span><\/p>\n<p style=\"text-align: justify;\">\n\t<span style=\"color:#000000;\">As quest\u00f5es das provas poder\u00e3o tratar das seguintes \u00e1reas: estruturas l\u00f3gicas; l\u00f3gica de argumenta\u00e7\u00e3o; diagramas l\u00f3gicos; aritm\u00e9tica; \u00e1lgebra e geometria b\u00e1sicas.<\/span><\/p>\n<p style=\"text-align: justify;\">\n\t&nbsp;<\/p>\n<p style=\"text-align: justify;\">\n\t<span style=\"color:#000000;\"><strong>CONHECIMENTOS T\u00c9CNICOS<\/strong><\/span><\/p>\n<p style=\"text-align: justify;\">\n\t<span style=\"color:#000000;\">Conte\u00fado do documento \u201cEstudo dos conhecimentos t\u00e9cnicos a serem aplicados no Censo Agropecu\u00e1rio 2017\u201d (apostila disponibilizada no endere\u00e7o eletr\u00f4nico www.fgv.br\/fgvprojetos\/concursos\/ibge-pss para download).<\/span><\/p>\n<p style=\"text-align: justify;\">\n\t&nbsp;<\/p>\n<p style=\"text-align: justify;\">\n\t<span style=\"color:#000000;\"><strong>NO\u00c7\u00d5ES DE ADMINISTRA\u00c7\u00c3O\/ SITUA\u00c7\u00d5ES GERENCIAIS<\/strong><\/span><\/p>\n<p style=\"text-align: justify;\">\n\t<span style=\"color:#000000;\">I &#8211; Aspectos gerais da Administra\u00e7\u00e3o. Organiza\u00e7\u00f5es como sistemas abertos.<\/span><\/p>\n<p style=\"text-align: justify;\">\n\t<span style=\"color:#000000;\">II &#8211; Fun\u00e7\u00f5es administrativas: planejamento, organiza\u00e7\u00e3o, dire\u00e7\u00e3o e controle.<\/span><\/p>\n<p style=\"text-align: justify;\">\n\t<span style=\"color:#000000;\">III &#8211; Motiva\u00e7\u00e3o, comunica\u00e7\u00e3o e lideran\u00e7a.<\/span><\/p>\n<p style=\"text-align: justify;\">\n\t<span style=\"color:#000000;\">IV &#8211; Processo decis\u00f3rio e resolu\u00e7\u00e3o de problemas.<\/span><\/p>\n<p style=\"text-align: justify;\">\n\t<span style=\"color:#000000;\">V &#8211; No\u00e7\u00f5es b\u00e1sicas de ger\u00eancia e gest\u00e3o de organiza\u00e7\u00f5es e de pessoas. VI &#8211; Efici\u00eancia e funcionamento de grupos. O indiv\u00edduo na organiza\u00e7\u00e3o: pap\u00e9is e intera\u00e7\u00f5es. Trabalho em equipe. Equipes de trabalho.<\/span><\/p>\n<p style=\"text-align: justify;\">\n\t<span style=\"color:#000000;\">VII &#8211; Responsabilidade, coordena\u00e7\u00e3o, autoridade, poder e delega\u00e7\u00e3o. VIII &#8211; Avalia\u00e7\u00e3o de desempenho.<\/span><\/p>\n<p style=\"text-align: justify;\">\n\t<span style=\"color:#000000;\">IX &#8211; Compromisso com a qualidade nos servi\u00e7os prestados.<\/span><\/p>\n<p style=\"text-align: justify;\">\n\t&nbsp;<\/p>\n<h3 style=\"text-align: center;\">\n\t<span style=\"color:#000000;\"><strong>CONTE\u00daDO PROGRAM\u00c1TICO <\/strong><\/span><\/h3>\n<h3 style=\"text-align: center;\">\n\t<span style=\"color:#000000;\"><strong>RECENSEADOR<\/strong><\/span><\/h3>\n<\/p>\n<p style=\"text-align: justify;\">\n\t<span style=\"color:#000000;\"><strong>L\u00cdNGUA PORTUGUESA<\/strong><\/span><\/p>\n<p style=\"text-align: justify;\">\n\t<span style=\"color:#000000;\">I &#8211; Compreens\u00e3o de texto.<\/span><\/p>\n<p style=\"text-align: justify;\">\n\t<span style=\"color:#000000;\">II &#8211; Significa\u00e7\u00e3o das palavras: sin\u00f4nimos, ant\u00f4nimos e hom\u00f4nimos.<\/span><\/p>\n<p style=\"text-align: justify;\">\n\t<span style=\"color:#000000;\">III &#8211; Pontua\u00e7\u00e3o. Estrutura e sequ\u00eancia l\u00f3gica de frases e par\u00e1grafos. IV &#8211; Ortografia oficial. Acentua\u00e7\u00e3o gr\u00e1fica.<\/span><\/p>\n<p style=\"text-align: justify;\">\n\t<span style=\"color:#000000;\">V &#8211; Classes das palavras.<\/span><\/p>\n<p style=\"text-align: justify;\">\n\t<span style=\"color:#000000;\">VI &#8211; Concord\u00e2ncia nominal e verbal.<\/span><\/p>\n<p style=\"text-align: justify;\">\n\t<span style=\"color:#000000;\">VII &#8211; Reg\u00eancia nominal e verbal. Emprego da crase.<\/span><\/p>\n<p style=\"text-align: justify;\">\n\t<span style=\"color:#000000;\">VIII &#8211; Emprego dos verbos regulares e irregulares. Vozes dos verbos. IX &#8211; Emprego dos pronomes.<\/span><\/p>\n<p style=\"text-align: justify;\">\n\t&nbsp;<\/p>\n<p style=\"text-align: justify;\">\n\t<span style=\"color:#000000;\"><strong>MATEM\u00c1TICA<\/strong><\/span><\/p>\n<p style=\"text-align: justify;\">\n\t<span style=\"color:#000000;\">I &#8211; N\u00fameros inteiros e racionais: opera\u00e7\u00f5es e propriedades. Problemas.<\/span><\/p>\n<p style=\"text-align: justify;\">\n\t<span style=\"color:#000000;\">II &#8211; N\u00fameros e grandezas proporcionais. Raz\u00e3o e propor\u00e7\u00e3o. Divis\u00e3o proporcional. Regra de tr\u00eas simples.<\/span><\/p>\n<p style=\"text-align: justify;\">\n\t<span style=\"color:#000000;\">III &#8211; Porcentagem. Juros e descontos simples.<\/span><\/p>\n<p style=\"text-align: justify;\">\n\t<span style=\"color:#000000;\">IV &#8211; Equa\u00e7\u00f5es do 1\u00ba grau. Problemas.<\/span><\/p>\n<p style=\"text-align: justify;\">\n\t<span style=\"color:#000000;\">V &#8211; M\u00e1ximo Divisor Comum (m.d.c.) e M\u00ednimo M\u00faltiplo Comum (m.m.c.).<\/span><\/p>\n<p style=\"text-align: justify;\">\n\t<span style=\"color:#000000;\">VI &#8211; Medidas de comprimento, superf\u00edcie, volume, massa e tempo. Convers\u00e3o de medidas. Sistema m\u00e9trico decimal.<\/span><\/p>\n<p style=\"text-align: justify;\">\n\t<span style=\"color:#000000;\">VII &#8211; Leitura e interpreta\u00e7\u00e3o de tabelas e gr\u00e1ficos.<\/span><\/p>\n<p style=\"text-align: justify;\">\n\t&nbsp;<\/p>\n<p style=\"text-align: justify;\">\n\t<span style=\"color:#000000;\"><strong>CONHECIMENTOS T\u00c9CNICOS<\/strong><\/span><\/p>\n<p style=\"text-align: justify;\">\n\t<span style=\"color:#000000;\">Conte\u00fado do documento \u201cEstudo dos conhecimentos t\u00e9cnicos a serem aplicados no Censo Agropecu\u00e1rio 2017\u201d (apostila disponibilizada no endere\u00e7o eletr\u00f4nico <a href=\"http:\/\/www.fgv.br\/fgvprojetos\/concursos\/ibge-pss\" target=\"_blank\" rel=\"noopener noreferrer\">www.fgv.br\/fgvprojetos\/concursos\/ibge-pss<\/a> para download).<\/span><\/p>\n<p style=\"text-align: justify;\">\n\t&nbsp;<\/p>\n<p style=\"text-align: justify;\">\n\t&nbsp;<\/p>\n<p style=\"text-align: justify;\">\n\t&nbsp;<\/p>\n","protected":false},"excerpt":{"rendered":"<p>Edital IBGE Recenseador e Agente Censit\u00e1rio 2017 O Instituto Brasileiro de Geografia e Estat\u00edstica&nbsp;(IBGE) divulgou, no dia 24\/04\/2017, o&nbsp;2\u00b0 Edital IBGE 2017. Esse edital oferece mais de 24 mil vagas, por meio de Processo Seletivo Simplificado. Saiba mais neste artigo. O&nbsp;Concurso IBGE Tempor\u00e1rio, ser\u00e1 realizado pela Funda\u00e7\u00e3o Get\u00falio Vargas, conta com a oferta de&nbsp;24.984 vagas&nbsp;tempor\u00e1rias [&hellip;]<\/p>\n","protected":false},"author":48,"featured_media":0,"comment_status":"open","ping_status":"open","sticky":false,"template":"","format":"standard","meta":{"post_tipo":"article","footnotes":""},"categories":[1],"tags":[],"tax_estado":[],"class_list":["post-71713","post","type-post","status-publish","format-standard","hentry","category-cursos-e-concursos"],"acf":[],"yoast_head":"<!-- This site is optimized with the Yoast SEO Premium plugin v27.2 (Yoast SEO v27.2) - https:\/\/yoast.com\/product\/yoast-seo-premium-wordpress\/ -->\n<title>2o. Edital IBGE 2017. Edital IBGE Recenseador e Agente Censit\u00e1rio.<\/title>\n<meta name=\"description\" content=\"Edital IBGE Recenseador. An\u00e1lise completa do 2o. edital IBGE 2017: remunera\u00e7\u00e3o, vagas, disciplinas, provas, requisitos b\u00e1sicos.\" \/>\n<meta name=\"robots\" content=\"index, follow, max-snippet:-1, max-image-preview:large, max-video-preview:-1\" \/>\n<link rel=\"canonical\" href=\"https:\/\/www.estrategiaconcursos.com.br\/blog\/2o-edital-ibge-2017\/\" \/>\n<meta property=\"og:locale\" content=\"pt_BR\" \/>\n<meta property=\"og:type\" content=\"article\" \/>\n<meta property=\"og:title\" content=\"2o. Edital IBGE 2017. Edital IBGE Recenseador e Agente Censit\u00e1rio.\" \/>\n<meta property=\"og:description\" content=\"Edital IBGE Recenseador. An\u00e1lise completa do 2o. edital IBGE 2017: remunera\u00e7\u00e3o, vagas, disciplinas, provas, requisitos b\u00e1sicos.\" \/>\n<meta property=\"og:url\" content=\"https:\/\/www.estrategiaconcursos.com.br\/blog\/2o-edital-ibge-2017\/\" \/>\n<meta property=\"og:site_name\" content=\"Estrat\u00e9gia Concursos\" \/>\n<meta property=\"article:published_time\" content=\"2017-04-24T23:42:30+00:00\" \/>\n<meta property=\"article:modified_time\" content=\"2019-05-21T11:00:48+00:00\" \/>\n<meta property=\"og:image\" content=\"https:\/\/www.estrategiaconcursos.com.br\/blog\/wp-content\/uploads\/2017\/04\/Adinoel-IBGE-2017-logotipo.png\" \/>\n<meta name=\"author\" content=\"Coordena\u00e7\u00e3o\" \/>\n<meta name=\"twitter:card\" content=\"summary_large_image\" \/>\n<meta name=\"twitter:creator\" content=\"@EstratConcursos\" \/>\n<meta name=\"twitter:site\" content=\"@EstratConcursos\" \/>\n<meta name=\"twitter:label1\" content=\"Escrito por\" \/>\n\t<meta name=\"twitter:data1\" content=\"Coordena\u00e7\u00e3o\" \/>\n\t<meta name=\"twitter:label2\" content=\"Est. tempo de leitura\" \/>\n\t<meta name=\"twitter:data2\" content=\"21 minutos\" \/>\n<script type=\"application\/ld+json\" class=\"yoast-schema-graph\">{\"@context\":\"https:\/\/schema.org\",\"@graph\":[{\"@type\":\"NewsArticle\",\"@id\":\"https:\/\/www.estrategiaconcursos.com.br\/blog\/2o-edital-ibge-2017\/#article\",\"isPartOf\":{\"@id\":\"https:\/\/www.estrategiaconcursos.com.br\/blog\/2o-edital-ibge-2017\/\"},\"author\":{\"name\":\"Coordena\u00e7\u00e3o\",\"@id\":\"https:\/\/www.estrategiaconcursos.com.br\/blog\/#\/schema\/person\/cdad40b5818eb228a838461fcd656da7\"},\"headline\":\"2o. Edital IBGE 2017. Edital IBGE Recenseador e Agente Censit\u00e1rio.\",\"datePublished\":\"2017-04-24T23:42:30+00:00\",\"dateModified\":\"2019-05-21T11:00:48+00:00\",\"mainEntityOfPage\":{\"@id\":\"https:\/\/www.estrategiaconcursos.com.br\/blog\/2o-edital-ibge-2017\/\"},\"wordCount\":4185,\"commentCount\":1,\"publisher\":{\"@id\":\"https:\/\/www.estrategiaconcursos.com.br\/blog\/#organization\"},\"image\":{\"@id\":\"https:\/\/www.estrategiaconcursos.com.br\/blog\/2o-edital-ibge-2017\/#primaryimage\"},\"thumbnailUrl\":\"https:\/\/www.estrategiaconcursos.com.br\/blog\/wp-content\/uploads\/2017\/04\/Adinoel-IBGE-2017-logotipo.png\",\"articleSection\":[\"Concursos P\u00fablicos\"],\"inLanguage\":\"pt-BR\",\"potentialAction\":[{\"@type\":\"CommentAction\",\"name\":\"Comment\",\"target\":[\"https:\/\/www.estrategiaconcursos.com.br\/blog\/2o-edital-ibge-2017\/#respond\"]}],\"copyrightYear\":\"2017\",\"copyrightHolder\":{\"@id\":\"https:\/\/www.estrategiaconcursos.com.br\/blog\/#organization\"}},{\"@type\":\"WebPage\",\"@id\":\"https:\/\/www.estrategiaconcursos.com.br\/blog\/2o-edital-ibge-2017\/\",\"url\":\"https:\/\/www.estrategiaconcursos.com.br\/blog\/2o-edital-ibge-2017\/\",\"name\":\"2o. Edital IBGE 2017. Edital IBGE Recenseador e Agente Censit\u00e1rio.\",\"isPartOf\":{\"@id\":\"https:\/\/www.estrategiaconcursos.com.br\/blog\/#website\"},\"primaryImageOfPage\":{\"@id\":\"https:\/\/www.estrategiaconcursos.com.br\/blog\/2o-edital-ibge-2017\/#primaryimage\"},\"image\":{\"@id\":\"https:\/\/www.estrategiaconcursos.com.br\/blog\/2o-edital-ibge-2017\/#primaryimage\"},\"thumbnailUrl\":\"https:\/\/www.estrategiaconcursos.com.br\/blog\/wp-content\/uploads\/2017\/04\/Adinoel-IBGE-2017-logotipo.png\",\"datePublished\":\"2017-04-24T23:42:30+00:00\",\"dateModified\":\"2019-05-21T11:00:48+00:00\",\"description\":\"Edital IBGE Recenseador. An\u00e1lise completa do 2o. edital IBGE 2017: remunera\u00e7\u00e3o, vagas, disciplinas, provas, requisitos b\u00e1sicos.\",\"breadcrumb\":{\"@id\":\"https:\/\/www.estrategiaconcursos.com.br\/blog\/2o-edital-ibge-2017\/#breadcrumb\"},\"inLanguage\":\"pt-BR\",\"potentialAction\":[{\"@type\":\"ReadAction\",\"target\":[\"https:\/\/www.estrategiaconcursos.com.br\/blog\/2o-edital-ibge-2017\/\"]}]},{\"@type\":\"ImageObject\",\"inLanguage\":\"pt-BR\",\"@id\":\"https:\/\/www.estrategiaconcursos.com.br\/blog\/2o-edital-ibge-2017\/#primaryimage\",\"url\":\"https:\/\/dhg1h5j42swfq.cloudfront.net\/2017\/04\/11093734\/Adinoel-IBGE-2017-logotipo.png\",\"contentUrl\":\"https:\/\/dhg1h5j42swfq.cloudfront.net\/2017\/04\/11093734\/Adinoel-IBGE-2017-logotipo.png\",\"width\":672,\"height\":240},{\"@type\":\"BreadcrumbList\",\"@id\":\"https:\/\/www.estrategiaconcursos.com.br\/blog\/2o-edital-ibge-2017\/#breadcrumb\",\"itemListElement\":[{\"@type\":\"ListItem\",\"position\":1,\"name\":\"In\u00edcio\",\"item\":\"https:\/\/www.estrategiaconcursos.com.br\/blog\/\"},{\"@type\":\"ListItem\",\"position\":2,\"name\":\"2o. Edital IBGE 2017. Edital IBGE Recenseador e Agente Censit\u00e1rio.\"}]},{\"@type\":\"WebSite\",\"@id\":\"https:\/\/www.estrategiaconcursos.com.br\/blog\/#website\",\"url\":\"https:\/\/www.estrategiaconcursos.com.br\/blog\/\",\"name\":\"Estrat\u00e9gia Concursos\",\"description\":\"O blog da Estrat\u00e9gia Concursos traz not\u00edcias sobre concursos e artigos de professores oferecendo cursos para concursos (pdf + videaulas) no site.\",\"publisher\":{\"@id\":\"https:\/\/www.estrategiaconcursos.com.br\/blog\/#organization\"},\"potentialAction\":[{\"@type\":\"SearchAction\",\"target\":{\"@type\":\"EntryPoint\",\"urlTemplate\":\"https:\/\/www.estrategiaconcursos.com.br\/blog\/?s={search_term_string}\"},\"query-input\":{\"@type\":\"PropertyValueSpecification\",\"valueRequired\":true,\"valueName\":\"search_term_string\"}}],\"inLanguage\":\"pt-BR\"},{\"@type\":\"Organization\",\"@id\":\"https:\/\/www.estrategiaconcursos.com.br\/blog\/#organization\",\"name\":\"Estrat\u00e9gia Concursos\",\"url\":\"https:\/\/www.estrategiaconcursos.com.br\/blog\/\",\"logo\":{\"@type\":\"ImageObject\",\"inLanguage\":\"pt-BR\",\"@id\":\"https:\/\/www.estrategiaconcursos.com.br\/blog\/#\/schema\/logo\/image\/\",\"url\":\"https:\/\/dhg1h5j42swfq.cloudfront.net\/2025\/06\/03203428\/logo_concursos-1.jpg\",\"contentUrl\":\"https:\/\/dhg1h5j42swfq.cloudfront.net\/2025\/06\/03203428\/logo_concursos-1.jpg\",\"width\":230,\"height\":60,\"caption\":\"Estrat\u00e9gia Concursos\"},\"image\":{\"@id\":\"https:\/\/www.estrategiaconcursos.com.br\/blog\/#\/schema\/logo\/image\/\"},\"sameAs\":[\"https:\/\/x.com\/EstratConcursos\"]},{\"@type\":\"Person\",\"@id\":\"https:\/\/www.estrategiaconcursos.com.br\/blog\/#\/schema\/person\/cdad40b5818eb228a838461fcd656da7\",\"name\":\"Coordena\u00e7\u00e3o\",\"image\":{\"@type\":\"ImageObject\",\"inLanguage\":\"pt-BR\",\"@id\":\"https:\/\/secure.gravatar.com\/avatar\/a413b22da0f5009c634f6c4586a2dbe5207074fd5becd88db5183b8069ef25e4?s=96&d=mm&r=g\",\"url\":\"https:\/\/secure.gravatar.com\/avatar\/a413b22da0f5009c634f6c4586a2dbe5207074fd5becd88db5183b8069ef25e4?s=96&d=mm&r=g\",\"contentUrl\":\"https:\/\/secure.gravatar.com\/avatar\/a413b22da0f5009c634f6c4586a2dbe5207074fd5becd88db5183b8069ef25e4?s=96&d=mm&r=g\",\"caption\":\"Coordena\u00e7\u00e3o\"},\"url\":\"https:\/\/www.estrategiaconcursos.com.br\/blog\/author\/contatoestrategiaconcursos-com-br\/\"}]}<\/script>\n<!-- \/ Yoast SEO Premium plugin. -->","yoast_head_json":{"title":"2o. Edital IBGE 2017. Edital IBGE Recenseador e Agente Censit\u00e1rio.","description":"Edital IBGE Recenseador. An\u00e1lise completa do 2o. edital IBGE 2017: remunera\u00e7\u00e3o, vagas, disciplinas, provas, requisitos b\u00e1sicos.","robots":{"index":"index","follow":"follow","max-snippet":"max-snippet:-1","max-image-preview":"max-image-preview:large","max-video-preview":"max-video-preview:-1"},"canonical":"https:\/\/www.estrategiaconcursos.com.br\/blog\/2o-edital-ibge-2017\/","og_locale":"pt_BR","og_type":"article","og_title":"2o. Edital IBGE 2017. Edital IBGE Recenseador e Agente Censit\u00e1rio.","og_description":"Edital IBGE Recenseador. An\u00e1lise completa do 2o. edital IBGE 2017: remunera\u00e7\u00e3o, vagas, disciplinas, provas, requisitos b\u00e1sicos.","og_url":"https:\/\/www.estrategiaconcursos.com.br\/blog\/2o-edital-ibge-2017\/","og_site_name":"Estrat\u00e9gia Concursos","article_published_time":"2017-04-24T23:42:30+00:00","article_modified_time":"2019-05-21T11:00:48+00:00","og_image":[{"url":"https:\/\/www.estrategiaconcursos.com.br\/blog\/wp-content\/uploads\/2017\/04\/Adinoel-IBGE-2017-logotipo.png","type":"","width":"","height":""}],"author":"Coordena\u00e7\u00e3o","twitter_card":"summary_large_image","twitter_creator":"@EstratConcursos","twitter_site":"@EstratConcursos","twitter_misc":{"Escrito por":"Coordena\u00e7\u00e3o","Est. tempo de leitura":"21 minutos"},"schema":{"@context":"https:\/\/schema.org","@graph":[{"@type":"NewsArticle","@id":"https:\/\/www.estrategiaconcursos.com.br\/blog\/2o-edital-ibge-2017\/#article","isPartOf":{"@id":"https:\/\/www.estrategiaconcursos.com.br\/blog\/2o-edital-ibge-2017\/"},"author":{"name":"Coordena\u00e7\u00e3o","@id":"https:\/\/www.estrategiaconcursos.com.br\/blog\/#\/schema\/person\/cdad40b5818eb228a838461fcd656da7"},"headline":"2o. Edital IBGE 2017. Edital IBGE Recenseador e Agente Censit\u00e1rio.","datePublished":"2017-04-24T23:42:30+00:00","dateModified":"2019-05-21T11:00:48+00:00","mainEntityOfPage":{"@id":"https:\/\/www.estrategiaconcursos.com.br\/blog\/2o-edital-ibge-2017\/"},"wordCount":4185,"commentCount":1,"publisher":{"@id":"https:\/\/www.estrategiaconcursos.com.br\/blog\/#organization"},"image":{"@id":"https:\/\/www.estrategiaconcursos.com.br\/blog\/2o-edital-ibge-2017\/#primaryimage"},"thumbnailUrl":"https:\/\/www.estrategiaconcursos.com.br\/blog\/wp-content\/uploads\/2017\/04\/Adinoel-IBGE-2017-logotipo.png","articleSection":["Concursos P\u00fablicos"],"inLanguage":"pt-BR","potentialAction":[{"@type":"CommentAction","name":"Comment","target":["https:\/\/www.estrategiaconcursos.com.br\/blog\/2o-edital-ibge-2017\/#respond"]}],"copyrightYear":"2017","copyrightHolder":{"@id":"https:\/\/www.estrategiaconcursos.com.br\/blog\/#organization"}},{"@type":"WebPage","@id":"https:\/\/www.estrategiaconcursos.com.br\/blog\/2o-edital-ibge-2017\/","url":"https:\/\/www.estrategiaconcursos.com.br\/blog\/2o-edital-ibge-2017\/","name":"2o. Edital IBGE 2017. Edital IBGE Recenseador e Agente Censit\u00e1rio.","isPartOf":{"@id":"https:\/\/www.estrategiaconcursos.com.br\/blog\/#website"},"primaryImageOfPage":{"@id":"https:\/\/www.estrategiaconcursos.com.br\/blog\/2o-edital-ibge-2017\/#primaryimage"},"image":{"@id":"https:\/\/www.estrategiaconcursos.com.br\/blog\/2o-edital-ibge-2017\/#primaryimage"},"thumbnailUrl":"https:\/\/www.estrategiaconcursos.com.br\/blog\/wp-content\/uploads\/2017\/04\/Adinoel-IBGE-2017-logotipo.png","datePublished":"2017-04-24T23:42:30+00:00","dateModified":"2019-05-21T11:00:48+00:00","description":"Edital IBGE Recenseador. An\u00e1lise completa do 2o. edital IBGE 2017: remunera\u00e7\u00e3o, vagas, disciplinas, provas, requisitos b\u00e1sicos.","breadcrumb":{"@id":"https:\/\/www.estrategiaconcursos.com.br\/blog\/2o-edital-ibge-2017\/#breadcrumb"},"inLanguage":"pt-BR","potentialAction":[{"@type":"ReadAction","target":["https:\/\/www.estrategiaconcursos.com.br\/blog\/2o-edital-ibge-2017\/"]}]},{"@type":"ImageObject","inLanguage":"pt-BR","@id":"https:\/\/www.estrategiaconcursos.com.br\/blog\/2o-edital-ibge-2017\/#primaryimage","url":"https:\/\/dhg1h5j42swfq.cloudfront.net\/2017\/04\/11093734\/Adinoel-IBGE-2017-logotipo.png","contentUrl":"https:\/\/dhg1h5j42swfq.cloudfront.net\/2017\/04\/11093734\/Adinoel-IBGE-2017-logotipo.png","width":672,"height":240},{"@type":"BreadcrumbList","@id":"https:\/\/www.estrategiaconcursos.com.br\/blog\/2o-edital-ibge-2017\/#breadcrumb","itemListElement":[{"@type":"ListItem","position":1,"name":"In\u00edcio","item":"https:\/\/www.estrategiaconcursos.com.br\/blog\/"},{"@type":"ListItem","position":2,"name":"2o. Edital IBGE 2017. Edital IBGE Recenseador e Agente Censit\u00e1rio."}]},{"@type":"WebSite","@id":"https:\/\/www.estrategiaconcursos.com.br\/blog\/#website","url":"https:\/\/www.estrategiaconcursos.com.br\/blog\/","name":"Estrat\u00e9gia Concursos","description":"O blog da Estrat\u00e9gia Concursos traz not\u00edcias sobre concursos e artigos de professores oferecendo cursos para concursos (pdf + videaulas) no site.","publisher":{"@id":"https:\/\/www.estrategiaconcursos.com.br\/blog\/#organization"},"potentialAction":[{"@type":"SearchAction","target":{"@type":"EntryPoint","urlTemplate":"https:\/\/www.estrategiaconcursos.com.br\/blog\/?s={search_term_string}"},"query-input":{"@type":"PropertyValueSpecification","valueRequired":true,"valueName":"search_term_string"}}],"inLanguage":"pt-BR"},{"@type":"Organization","@id":"https:\/\/www.estrategiaconcursos.com.br\/blog\/#organization","name":"Estrat\u00e9gia Concursos","url":"https:\/\/www.estrategiaconcursos.com.br\/blog\/","logo":{"@type":"ImageObject","inLanguage":"pt-BR","@id":"https:\/\/www.estrategiaconcursos.com.br\/blog\/#\/schema\/logo\/image\/","url":"https:\/\/dhg1h5j42swfq.cloudfront.net\/2025\/06\/03203428\/logo_concursos-1.jpg","contentUrl":"https:\/\/dhg1h5j42swfq.cloudfront.net\/2025\/06\/03203428\/logo_concursos-1.jpg","width":230,"height":60,"caption":"Estrat\u00e9gia Concursos"},"image":{"@id":"https:\/\/www.estrategiaconcursos.com.br\/blog\/#\/schema\/logo\/image\/"},"sameAs":["https:\/\/x.com\/EstratConcursos"]},{"@type":"Person","@id":"https:\/\/www.estrategiaconcursos.com.br\/blog\/#\/schema\/person\/cdad40b5818eb228a838461fcd656da7","name":"Coordena\u00e7\u00e3o","image":{"@type":"ImageObject","inLanguage":"pt-BR","@id":"https:\/\/secure.gravatar.com\/avatar\/a413b22da0f5009c634f6c4586a2dbe5207074fd5becd88db5183b8069ef25e4?s=96&d=mm&r=g","url":"https:\/\/secure.gravatar.com\/avatar\/a413b22da0f5009c634f6c4586a2dbe5207074fd5becd88db5183b8069ef25e4?s=96&d=mm&r=g","contentUrl":"https:\/\/secure.gravatar.com\/avatar\/a413b22da0f5009c634f6c4586a2dbe5207074fd5becd88db5183b8069ef25e4?s=96&d=mm&r=g","caption":"Coordena\u00e7\u00e3o"},"url":"https:\/\/www.estrategiaconcursos.com.br\/blog\/author\/contatoestrategiaconcursos-com-br\/"}]}},"_links":{"self":[{"href":"https:\/\/www.estrategiaconcursos.com.br\/blog\/wp-json\/wp\/v2\/posts\/71713","targetHints":{"allow":["GET"]}}],"collection":[{"href":"https:\/\/www.estrategiaconcursos.com.br\/blog\/wp-json\/wp\/v2\/posts"}],"about":[{"href":"https:\/\/www.estrategiaconcursos.com.br\/blog\/wp-json\/wp\/v2\/types\/post"}],"author":[{"embeddable":true,"href":"https:\/\/www.estrategiaconcursos.com.br\/blog\/wp-json\/wp\/v2\/users\/48"}],"replies":[{"embeddable":true,"href":"https:\/\/www.estrategiaconcursos.com.br\/blog\/wp-json\/wp\/v2\/comments?post=71713"}],"version-history":[{"count":22,"href":"https:\/\/www.estrategiaconcursos.com.br\/blog\/wp-json\/wp\/v2\/posts\/71713\/revisions"}],"predecessor-version":[{"id":375968,"href":"https:\/\/www.estrategiaconcursos.com.br\/blog\/wp-json\/wp\/v2\/posts\/71713\/revisions\/375968"}],"wp:attachment":[{"href":"https:\/\/www.estrategiaconcursos.com.br\/blog\/wp-json\/wp\/v2\/media?parent=71713"}],"wp:term":[{"taxonomy":"category","embeddable":true,"href":"https:\/\/www.estrategiaconcursos.com.br\/blog\/wp-json\/wp\/v2\/categories?post=71713"},{"taxonomy":"post_tag","embeddable":true,"href":"https:\/\/www.estrategiaconcursos.com.br\/blog\/wp-json\/wp\/v2\/tags?post=71713"},{"taxonomy":"tax_estado","embeddable":true,"href":"https:\/\/www.estrategiaconcursos.com.br\/blog\/wp-json\/wp\/v2\/tax_estado?post=71713"}],"curies":[{"name":"wp","href":"https:\/\/api.w.org\/{rel}","templated":true}]}}