{"id":716277,"date":"2021-04-24T18:21:00","date_gmt":"2021-04-24T21:21:00","guid":{"rendered":"https:\/\/www.estrategiaconcursos.com.br\/blog\/?p=716277"},"modified":"2021-04-20T14:09:11","modified_gmt":"2021-04-20T17:09:11","slug":"resumo-da-seguridade-social-p1","status":"publish","type":"post","link":"https:\/\/www.estrategiaconcursos.com.br\/blog\/resumo-da-seguridade-social-p1\/","title":{"rendered":"Resumo da Seguridade Social na Constitui\u00e7\u00e3o Federal \u2013 parte 1"},"content":{"rendered":"\n<p>Ol\u00e1, pessoal. Tudo certo? No artigo de hoje veremos o Resumo da Seguridade Social na Constitui\u00e7\u00e3o Federal.<\/p>\n\n\n\n<p class=\"has-text-align-center\"><a href=\"http:\/\/www.planalto.gov.br\/ccivil_03\/constituicao\/constituicaocompilado.htm\">Constitui\u00e7\u00e3o Federal \/ 88<\/a><\/p>\n\n\n\n<p>Trata-se de um tema relevante no \u00e2mbito constitucional e mais ainda no Direito Previdenci\u00e1rio.<\/p>\n\n\n\n<p>No artigo de hoje veremos os seguintes t\u00f3picos:<\/p>\n\n\n\n<ul class=\"wp-block-list\"><li>Disposi\u00e7\u00f5es gerais sobre a seguridade social<\/li><li>Sa\u00fade<\/li><\/ul>\n\n\n\n<p>Vamos l\u00e1.<\/p>\n\n\n\n<h2 class=\"wp-block-heading\" id=\"h-seguridade-social-disposi-es-gerais\">Seguridade Social &#8211; Disposi\u00e7\u00f5es Gerais<\/h2>\n\n\n\n<p>Iniciemos o Resumo da Seguridade Social na Constitui\u00e7\u00e3o pela literalidade do important\u00edssimo artigo 194.<\/p>\n\n\n\n<p><em>&nbsp;Art. 194. A <\/em><strong><em><span class=\"has-inline-color has-vivid-cyan-blue-color\">seguridade social<\/span><\/em><\/strong><em><span class=\"has-inline-color has-vivid-purple-color\"> <\/span>compreende um conjunto integrado de <strong>a\u00e7\u00f5es de iniciativa dos Poderes P\u00fablicos e da sociedade<\/strong>, destinadas a assegurar os direitos relativos \u00e0 <\/em><strong><em><span class=\"has-inline-color has-vivid-green-cyan-color\">sa\u00fade<\/span><\/em><\/strong><em>, \u00e0 <\/em><strong><span class=\"has-inline-color has-vivid-green-cyan-color\"><em>previd\u00eancia<\/em><\/span><\/strong><em><span class=\"has-inline-color has-vivid-green-cyan-color\"> <\/span>e \u00e0 <\/em><strong><em><span class=\"has-inline-color has-vivid-green-cyan-color\">assist\u00eancia social<\/span><\/em><\/strong><em>.<\/em><\/p>\n\n\n\n<p>Assim, observe que as a\u00e7\u00f5es para garantir a seguridade social v\u00e3o al\u00e9m do Poder P\u00fablico e englobam a sociedade. Ainda, memorize o <strong><span class=\"has-inline-color has-cyan-bluish-gray-color\">Mnem\u00f4nico<\/span>.<\/strong><\/p>\n\n\n\n<p class=\"has-text-align-center\"><span class=\"has-inline-color has-vivid-purple-color\"><strong>Seguridade Social<\/strong> <\/span>= <span class=\"has-inline-color has-vivid-red-color\"><strong>PAS<\/strong> <\/span>(<strong><span class=\"has-inline-color has-vivid-red-color\">P<\/span><\/strong>revid\u00eancia; <strong><span class=\"has-inline-color has-vivid-red-color\">A<\/span><\/strong>ssist\u00eancia social e <strong><span class=\"has-inline-color has-vivid-red-color\">S<\/span><\/strong>a\u00fade)<\/p>\n\n\n\n<div class=\"wp-block-image\"><figure class=\"aligncenter\"><img decoding=\"async\" src=\"https:\/\/lh3.googleusercontent.com\/proxy\/X1szL_7g3gfWp7WUHNems2wUj2Th3c4HS-uPXLrZ_lCnF3iwxJb913vOkOvzz6CqqH7jOBojXTcOAqIlxuwvxalj8kBO90IU5V1wDL4SR417724U-L-ZCfU2hm3EgyELlEL-uCF6aNxhONL3eS9T\" alt=\"Resumo da Seguridade Social na Constitui\u00e7\u00e3o Federal \u2013 parte 1\"\/><figcaption>Resumo da Seguridade Social na Constitui\u00e7\u00e3o Federal \u2013 parte 1<\/figcaption><\/figure><\/div>\n\n\n\n<h3 class=\"wp-block-heading\" id=\"h-objetivos-da-seguridade-social\">Objetivos da Seguridade Social<\/h3>\n\n\n\n<p>Os <strong><span class=\"has-inline-color has-vivid-cyan-blue-color\">objetivos da seguridade social<\/span><\/strong> s\u00e3o:<\/p>\n\n\n\n<ul class=\"wp-block-list\"><li>I &#8211; universalidade da cobertura e do atendimento; <strong>-&gt; <span class=\"has-inline-color has-vivid-green-cyan-color\">UCA<\/span><\/strong><\/li><\/ul>\n\n\n\n<p>Trata-se da prote\u00e7\u00e3o do maior n\u00famero de problemas sociais (universalidade de cobertura) e que todas as pessoas que necessitarem s\u00e3o \u201caceitas\u201d na seguridade social (universalidade de atendimento).<\/p>\n\n\n\n<p><strong><span class=\"has-inline-color has-cyan-bluish-gray-color\">N\u00e3o confunda:<\/span><\/strong><\/p>\n\n\n\n<p><strong><span class=\"has-inline-color has-vivid-purple-color\">Previd\u00eancia social<\/span><\/strong> -&gt; direito apenas dos que contribu\u00edrem;<br \/><span class=\"has-inline-color has-vivid-purple-color\"><strong>Sa\u00fade<\/strong> <\/span>-&gt; direito de todos;<br \/><span class=\"has-inline-color has-vivid-purple-color\"><strong>Assist\u00eancia social<\/strong> <\/span>-&gt; direito de todos que necessitarem, independentemente de contribui\u00e7\u00e3o.<\/p>\n\n\n\n<ul class=\"wp-block-list\"><li>II &#8211; uniformidade e equival\u00eancia dos benef\u00edcios e servi\u00e7os \u00e0s popula\u00e7\u00f5es urbanas e rurais; <strong>-&gt; <span class=\"has-inline-color has-vivid-green-cyan-color\">UEBS<\/span><\/strong><\/li><li>III &#8211; seletividade e distributividade na presta\u00e7\u00e3o dos benef\u00edcios e servi\u00e7os; <strong>-&gt; <span class=\"has-inline-color has-vivid-green-cyan-color\">SDBS<\/span><\/strong><\/li><\/ul>\n\n\n\n<p>Deve-se selecionar os benef\u00edcios e servi\u00e7os de maior prioridade (seletividade) para os que mais precisam (distributividade), afinal os recursos s\u00e3o limitados.<\/p>\n\n\n\n<ul class=\"wp-block-list\"><li>IV &#8211; irredutibilidade do valor dos benef\u00edcios; <strong>-&gt; <span class=\"has-inline-color has-vivid-green-cyan-color\">IRRVB<\/span><\/strong><\/li><\/ul>\n\n\n\n<p>O objetivo \u00e9 garantir o valor <strong>nominal<\/strong> dos benef\u00edcios da seguridade social.<\/p>\n\n\n\n<ul class=\"wp-block-list\"><li>V &#8211; equidade na forma de participa\u00e7\u00e3o no custeio; <strong>-&gt; <span class=\"has-inline-color has-vivid-green-cyan-color\">EPFC<\/span><\/strong><\/li><\/ul>\n\n\n\n<p>Quem pode mais, paga mais. Trata-se de um objetivo decorrente do princ\u00edpio da capacidade contributiva.<\/p>\n\n\n\n<ul class=\"wp-block-list\"><li>VI &#8211; diversidade da base de financiamento, identificando-se, em rubricas cont\u00e1beis espec\u00edficas para cada \u00e1rea, as receitas e as despesas vinculadas a a\u00e7\u00f5es de sa\u00fade, previd\u00eancia e assist\u00eancia social, preservado o car\u00e1ter contributivo da previd\u00eancia social; <strong>-&gt; <span class=\"has-inline-color has-vivid-green-cyan-color\">DBF<\/span><\/strong><\/li><\/ul>\n\n\n\n<p>Deve-se buscar o maior n\u00famero de fontes de financiamento para a seguridade social, afinal a seguridade social ser\u00e1 financiada por toda a sociedade (Art. 195).<\/p>\n\n\n\n<ul class=\"wp-block-list\"><li>VII &#8211; car\u00e1ter democr\u00e1tico e descentralizado da administra\u00e7\u00e3o, mediante gest\u00e3o quadripartite, com participa\u00e7\u00e3o dos trabalhadores, dos empregadores, dos aposentados e do Governo nos \u00f3rg\u00e3os colegiados. <strong>-&gt; <span class=\"has-inline-color has-vivid-green-cyan-color\">DDQ<\/span><\/strong><\/li><\/ul>\n\n\n\n<h3 class=\"wp-block-heading\" id=\"h-financiamento-da-seguridade-social\">Financiamento da Seguridade Social<\/h3>\n\n\n\n<p>Acabamos de ver que um dos objetivos da seguridade social \u00e9 a diversidade da base de financiamento. Basicamente temos as fontes de financiamento:<\/p>\n\n\n\n<p class=\"has-text-align-center\"><strong>Recursos dos or\u00e7amentos<\/strong> dos entes (U, E, DF e M)<strong><span class=\"has-inline-color has-luminous-vivid-amber-color\">*<\/span><\/strong> + <strong>Contribui\u00e7\u00f5es sociais<\/strong><\/p>\n\n\n\n<p><strong><span class=\"has-inline-color has-luminous-vivid-amber-color\">*<\/span><\/strong>As receitas dos Estados, do Distrito Federal e dos Munic\u00edpios destinadas \u00e0 seguridade social <span style=\"text-decoration: underline;\">constar\u00e3o dos respectivos or\u00e7amentos<\/span>, n\u00e3o integrando o or\u00e7amento da Uni\u00e3o (Art. 195, \u00a71\u00ba)<\/p>\n\n\n\n<p><strong><span class=\"has-inline-color has-luminous-vivid-amber-color\">*<\/span><\/strong>A proposta de or\u00e7amento da seguridade social ser\u00e1<span style=\"text-decoration: underline;\"> elaborada de forma integrada<\/span> pelos \u00f3rg\u00e3os respons\u00e1veis pela sa\u00fade, previd\u00eancia social e assist\u00eancia social, tendo em vista as metas e prioridades estabelecidas na LDO (Art. 195, \u00a72\u00ba).<\/p>\n\n\n\n<p>Referente \u00e0s<span class=\"has-inline-color has-vivid-cyan-blue-color\"> <strong>Contribui\u00e7\u00f5es Sociais<\/strong><\/span>, temos as seguintes (Art. 195): &nbsp;<\/p>\n\n\n\n<ul class=\"wp-block-list\"><li>I &#8211; do <strong><span class=\"has-inline-color has-vivid-green-cyan-color\">empregador<\/span><\/strong>, da empresa e da entidade a ela equiparada na forma da lei, incidentes sobre:&nbsp;&nbsp;&nbsp;&nbsp;&nbsp;&nbsp;&nbsp;<\/li><\/ul>\n\n\n\n<p>a) a <strong><span class=\"has-inline-color has-vivid-purple-color\">folha de sal\u00e1rios<\/span><\/strong> e demais rendimentos do trabalho pagos ou creditados, a qualquer t\u00edtulo, \u00e0 pessoa f\u00edsica que lhe preste servi\u00e7o, mesmo sem v\u00ednculo empregat\u00edcio;&nbsp;&nbsp;<br \/>b) a <span class=\"has-inline-color has-vivid-purple-color\"><strong>receita ou o faturamento<\/strong>;<\/span> -&gt; PIS\/PASEP e COFINS&nbsp;&nbsp;&nbsp;&nbsp;<br \/>c) o <strong><span class=\"has-inline-color has-vivid-purple-color\">lucro<\/span><\/strong>; -&gt; CSLL&nbsp;&nbsp;&nbsp;<\/p>\n\n\n\n<ul class=\"wp-block-list\"><li>II &#8211; do <span class=\"has-inline-color has-vivid-green-cyan-color\"><strong>trabalhador<\/strong> <\/span>e dos demais segurados da previd\u00eancia social, podendo ser adotadas al\u00edquotas progressivas de acordo com o valor do sal\u00e1rio de contribui\u00e7\u00e3o, n\u00e3o incidindo contribui\u00e7\u00e3o sobre aposentadoria e pens\u00e3o concedidas pelo Regime Geral de Previd\u00eancia Social;&nbsp;&nbsp;&nbsp;&nbsp;&nbsp;&nbsp;<\/li><li>III &#8211; sobre a receita de <strong><span class=\"has-inline-color has-vivid-green-cyan-color\">concursos de progn\u00f3sticos<\/span><\/strong>.<\/li><li>IV &#8211; do <span class=\"has-inline-color has-vivid-green-cyan-color\"><strong>importador<\/strong> <\/span>de bens ou servi\u00e7os do exterior, ou de quem a lei a ele equiparar.&nbsp;&nbsp;&nbsp;&nbsp;&nbsp;&nbsp;<\/li><\/ul>\n\n\n\n<h3 class=\"wp-block-heading\" id=\"h-demais-regras\">Demais regras<\/h3>\n\n\n\n<p>Vejamos ainda algumas regras:<\/p>\n\n\n\n<p>&#8211; A pessoa jur\u00eddica em <strong>d\u00e9bito<\/strong> a seguridade social <strong>n\u00e3o poder\u00e1 contratar com o Poder P\u00fablico<\/strong> nem dele receber benef\u00edcios (Art. 195, \u00a73\u00ba)<\/p>\n\n\n\n<p>-A uni\u00e3o poder\u00e1 instituir outras fontes de custeio &#8211; <strong>contribui\u00e7\u00f5es sociais residuais<\/strong> (Art. 195, \u00a74\u00ba).<\/p>\n\n\n\n<p>Requisitos: LC + N\u00e3o cumulativas + n\u00e3o ter FG e BC id\u00eanticos de outras contribui\u00e7\u00f5es).<\/p>\n\n\n\n<p>&#8211; Nenhum benef\u00edcio ou servi\u00e7o da seguridade social poder\u00e1 ser criado, majorado ou estendido sem a correspondente <strong>fonte de custeio total<\/strong> (Art. 195, \u00a75\u00ba).<\/p>\n\n\n\n<p>&#8211; As contribui\u00e7\u00f5es sociais <strong>respeitam a anterioridade nonagesimal<\/strong>, mas s\u00e3o exce\u00e7\u00e3o \u00e0 anterioridade anual (Art. 195, \u00a76\u00ba).<\/p>\n\n\n\n<h2 class=\"wp-block-heading\" id=\"h-da-sa-de\">Da sa\u00fade<\/h2>\n\n\n\n<p>Iniciemos pela literalidade do artigo 196.<\/p>\n\n\n\n<p><em>&nbsp;Art. 196. A <\/em><strong><span class=\"has-inline-color has-vivid-cyan-blue-color\"><em>sa\u00fade<\/em><\/span><\/strong><em><span class=\"has-inline-color has-vivid-cyan-blue-color\"> <\/span>\u00e9 <strong>direito de todos e dever do Estado<\/strong>, garantido mediante pol\u00edticas sociais e econ\u00f4micas que visem \u00e0 redu\u00e7\u00e3o do risco de doen\u00e7a e de outros agravos e ao acesso universal e igualit\u00e1rio \u00e0s a\u00e7\u00f5es e servi\u00e7os para sua promo\u00e7\u00e3o, prote\u00e7\u00e3o e recupera\u00e7\u00e3o.<\/em><\/p>\n\n\n\n<p>Duas informa\u00e7\u00f5es devem ser decoradas:<\/p>\n\n\n\n<ul class=\"wp-block-list\"><li>Sa\u00fade \u00e9 direito de todos, independentemente de contribui\u00e7\u00e3o.<\/li><li>Sa\u00fade \u00e9 dever do Estado, ainda que haja a iniciativa privada participe de forma complementar. <\/li><\/ul>\n\n\n\n<p>J\u00e1 as <span class=\"has-inline-color has-vivid-green-cyan-color\"><strong>a\u00e7\u00f5es e servi\u00e7os de sa\u00fade<\/strong> <\/span>(Art. 197):<\/p>\n\n\n\n<ul class=\"wp-block-list\"><li>Regulamenta\u00e7\u00e3o, fiscaliza\u00e7\u00e3o e controle -&gt; Poder P\u00fablico<\/li><li>Execu\u00e7\u00e3o -&gt; Poder P\u00fablico (diretamente) ou <span style=\"text-decoration: underline;\">terceiros<\/span> (pessoa f\u00edsica ou pessoa jur\u00eddica)<\/li><\/ul>\n\n\n\n<h3 class=\"wp-block-heading\" id=\"h-sistema-nico-de-sa-de-sus\">Sistema \u00danico de Sa\u00fade (SUS)<\/h3>\n\n\n\n<p>Vejamos sobre as disposi\u00e7\u00f5es do SUS.<\/p>\n\n\n\n<p><em>&nbsp;Art. 198. As a\u00e7\u00f5es e servi\u00e7os p\u00fablicos de sa\u00fade integram uma <strong>rede regionalizada e hierarquizada<\/strong> e constituem um <\/em><strong><em><span class=\"has-inline-color has-vivid-cyan-blue-color\">sistema \u00fanico <\/span><\/em><\/strong><em>(&#8230;)<\/em><\/p>\n\n\n\n<p><strong><span class=\"has-inline-color has-vivid-green-cyan-color\">Rede regionalizada<\/span><\/strong>: para adequar as necessidades locais.<br \/><strong><span class=\"has-inline-color has-vivid-green-cyan-color\">Hierarquizada<\/span><\/strong>: devido \u00e0 distribui\u00e7\u00e3o de tarefas entre os entes federativos, conforme a complexidade das tarefas.<\/p>\n\n\n\n<p>Nesse sentido, o SUS segue as seguintes <strong><span class=\"has-inline-color has-vivid-green-cyan-color\">diretrizes<\/span><\/strong>:<\/p>\n\n\n\n<ul class=\"wp-block-list\"><li>I &#8211; <strong><span class=\"has-inline-color has-vivid-purple-color\">descentraliza\u00e7\u00e3o<\/span><\/strong>, com dire\u00e7\u00e3o \u00fanica em <strong>cada esfera de governo<\/strong>;<\/li><li>II &#8211; <strong><span class=\"has-inline-color has-vivid-purple-color\">atendimento integral<\/span><\/strong>, com prioridade para as atividades preventivas, sem preju\u00edzo dos servi\u00e7os assistenciais;<\/li><li>III &#8211; <strong><span class=\"has-inline-color has-vivid-purple-color\">participa\u00e7\u00e3o da comunidade<\/span><\/strong>.<\/li><\/ul>\n\n\n\n<h4 class=\"wp-block-heading\" id=\"h-financiamento-do-sus\">Financiamento do SUS<\/h4>\n\n\n\n<p>A Uni\u00e3o, os Estados, o Distrito Federal e os Munic\u00edpios aplicar\u00e3o, anualmente, em a\u00e7\u00f5es e servi\u00e7os p\u00fablicos de sa\u00fade <strong><span class=\"has-inline-color has-vivid-cyan-blue-color\">recursos m\u00ednimos<\/span><\/strong> derivados da <strong>aplica\u00e7\u00e3o de percentuais calculados sobre<\/strong> (<em>Art. 198, <\/em>\u00a7 2\u00ba):&nbsp;&nbsp;&nbsp;&nbsp;&nbsp;&nbsp;&nbsp;&nbsp;&nbsp;<\/p>\n\n\n\n<ul class=\"wp-block-list\"><li><strong><span class=\"has-inline-color has-vivid-green-cyan-color\">Uni\u00e3o <\/span><\/strong>\u2013 m\u00ednimo 15% sobre a receita corrente l\u00edquida<\/li><li><span class=\"has-inline-color has-vivid-green-cyan-color\"><strong>Estados e do Distrito Federal<\/strong> <\/span>\u2013 ITCMD, ICMS e IPVA + repasse da uni\u00e3o para os estados + Fundo de Participa\u00e7\u00e3o dos Estados\/DF (FPE)&nbsp; &#8211; parcelas que forem transferidas aos respectivos Munic\u00edpios;&nbsp;&nbsp;&nbsp;&nbsp;&nbsp;&nbsp;<\/li><li><strong><span class=\"has-inline-color has-vivid-green-cyan-color\">Munic\u00edpios e do Distrito Federal<\/span><\/strong> \u2013 ITBI, ISS e IPTU + repasse dos estados para o munic\u00edpio + Fundo de Participa\u00e7\u00e3o dos Munic\u00edpio (FPM)<\/li><\/ul>\n\n\n\n<h4 class=\"wp-block-heading\" id=\"h-agentes-comunit-rios-de-sa-de-e-agentes-de-combate-s-endemias\">Agentes comunit\u00e1rios de sa\u00fade e agentes de combate \u00e0s endemias<\/h4>\n\n\n\n<p>Ainda sobre o SUS, \u00e9 v\u00e1lido conhecer a exist\u00eancia dos<span class=\"has-inline-color has-vivid-cyan-blue-color\"> <strong>agentes comunit\u00e1rios de sa\u00fade<\/strong><\/span> e <span class=\"has-inline-color has-vivid-cyan-blue-color\"><strong>agentes de combate \u00e0s endemias<\/strong>.<\/span><\/p>\n\n\n\n<p>Nesse sentido os gestores locais (ex. secret\u00e1rio de sa\u00fade) poder\u00e1 <strong>contrat\u00e1-los por <\/strong>meio de <strong><span class=\"has-inline-color has-vivid-green-cyan-color\">processo seletivo p\u00fablico<\/span><\/strong>, ou seja, o concurso \u00e9 dispensado (<em>Art. 198, <\/em>\u00a74\u00ba).<\/p>\n\n\n\n<p>V\u00e1lido ressaltar que a<span class=\"has-inline-color has-vivid-green-cyan-color\"> <strong>Lei federal<\/strong> <\/span>dispor\u00e1 sobre o <strong>regime jur\u00eddico<\/strong>, o piso salarial profissional nacional, as diretrizes para os Planos de Carreira e a regulamenta\u00e7\u00e3o das atividades de agente comunit\u00e1rio de sa\u00fade e agente de combate \u00e0s endemias (<em>Art. 198, <\/em>\u00a75\u00ba).<\/p>\n\n\n\n<h4 class=\"wp-block-heading\" id=\"h-assist-ncia-sa-de-pela-iniciativa-privada\">Assist\u00eancia \u00e0 sa\u00fade pela iniciativa privada<\/h4>\n\n\n\n<p>Relembremos a letra da lei sobre a Assist\u00eancia \u00e0 sa\u00fade pela iniciativa privada.<\/p>\n\n\n\n<p><em>Art. 199. A <\/em><strong><em><span class=\"has-inline-color has-vivid-cyan-blue-color\">assist\u00eancia \u00e0 sa\u00fade<\/span><\/em><\/strong><em> \u00e9 livre \u00e0 iniciativa privada.<\/em><\/p>\n\n\n\n<p><em>\u00a7 1\u00ba As institui\u00e7\u00f5es privadas <\/em><strong><em><span class=\"has-inline-color has-vivid-green-cyan-color\">poder\u00e3o participar de forma complementar do sistema \u00fanico de sa\u00fade<\/span><\/em><\/strong><em>, segundo diretrizes deste, mediante contrato de direito p\u00fablico ou conv\u00eanio, tendo prefer\u00eancia as entidades filantr\u00f3picas e as sem fins lucrativos.<\/em><\/p>\n\n\n\n<p>Da literalidade podemos retirar alguns pontos importantes:<\/p>\n\n\n\n<ul class=\"wp-block-list\"><li>As institui\u00e7\u00f5es privadas podem participar de forma <strong><span class=\"has-inline-color has-vivid-red-color\">complementar<\/span><\/strong><\/li><li>Devem seguir as diretrizes do SUS<\/li><li>Mediante contrato de direito p\u00fablico ou conv\u00eanio<\/li><li><span class=\"has-inline-color has-vivid-red-color\"><strong>Preferencialmente<\/strong> <\/span>as entidades filantr\u00f3picas e as sem fins lucrativos <em>-&gt; n\u00e3o impedindo assim as entidades com fins lucrativos<\/em><\/li><\/ul>\n\n\n\n<p>Atente-se ainda a duas <strong><span class=\"has-inline-color has-cyan-bluish-gray-color\">veda\u00e7\u00f5es<\/span><\/strong>:<\/p>\n\n\n\n<ul class=\"wp-block-list\"><li><strong><span class=\"has-inline-color has-vivid-purple-color\">Recursos para institui\u00e7\u00f5es privadas com fins lucrativos<\/span><\/strong> <em>&#8211; \u00c9 vedada a destina\u00e7\u00e3o de recursos p\u00fablicos para aux\u00edlios ou subven\u00e7\u00f5es \u00e0s institui\u00e7\u00f5es privadas <\/em><strong><em>com<\/em><\/strong><em> fins lucrativos.<\/em><\/li><li><strong><span class=\"has-inline-color has-vivid-purple-color\">Participa\u00e7\u00e3o de capital estrangeiro<\/span><\/strong> &#8211; <em>\u00c9 vedada a participa\u00e7\u00e3o direta ou indireta de empresas ou capitais estrangeiros na assist\u00eancia \u00e0 sa\u00fade no Pa\u00eds, <\/em><strong><em>salvo<\/em><\/strong><em> nos casos previstos em lei (Art. 199, \u00a73\u00ba)<\/em><\/li><\/ul>\n\n\n\n<h4 class=\"wp-block-heading\" id=\"h-compet-ncias-do-sus\">Compet\u00eancias do SUS &nbsp;<\/h4>\n\n\n\n<p>\u00c9 v\u00e1lido conhecer as compet\u00eancias do SUS, entretanto saiba que se trata de um rol exemplificativo, uma vez que a lei poder\u00e1 prever outras atribui\u00e7\u00f5es.<\/p>\n\n\n\n<p><strong><span class=\"has-inline-color has-vivid-cyan-blue-color\">Compet\u00eancias do SUS<\/span><\/strong> (Art. 202)<\/p>\n\n\n\n<ul class=\"wp-block-list\"><li>I &#8211; <strong>controlar e fiscalizar<\/strong> procedimentos, produtos e subst\u00e2ncias de interesse para a <span class=\"has-inline-color has-vivid-green-cyan-color\"><strong>sa\u00fade<\/strong> <\/span>e participar da <strong>produ\u00e7\u00e3o de <span class=\"has-inline-color has-vivid-green-cyan-color\">medicamentos<\/span><\/strong>, equipamentos, imunobiol\u00f3gicos, hemoderivados e outros insumos;<\/li><li>II &#8211; <strong>executar<\/strong> as a\u00e7\u00f5es de <strong><span class=\"has-inline-color has-vivid-green-cyan-color\">vigil\u00e2ncia sanit\u00e1ria e epidemiol\u00f3gica<\/span><\/strong>, bem como as de sa\u00fade do trabalhador;<\/li><li>III &#8211; <strong>ordenar<\/strong> a forma\u00e7\u00e3o de<span class=\"has-inline-color has-vivid-green-cyan-color\"> <strong>recursos humanos<\/strong><\/span><strong> na \u00e1rea de sa\u00fade<\/strong>;<\/li><li>IV &#8211; <strong>participar da formula\u00e7\u00e3o da pol\u00edtica e da execu\u00e7\u00e3o<\/strong> das <strong>a\u00e7\u00f5es de<span class=\"has-inline-color has-vivid-green-cyan-color\"> saneamento b\u00e1sico<\/span><\/strong>;<\/li><li>VI &#8211; <strong>fiscalizar<\/strong> e <strong>inspecionar<\/strong> <strong><span class=\"has-inline-color has-vivid-green-cyan-color\">alimentos<\/span><\/strong>, compreendido o controle de seu teor nutricional, bem como bebidas e \u00e1guas para consumo humano;<\/li><li>VII &#8211; <strong>participar<\/strong> do controle e fiscaliza\u00e7\u00e3o da produ\u00e7\u00e3o, transporte, guarda e utiliza\u00e7\u00e3o de <strong><span class=\"has-inline-color has-vivid-green-cyan-color\">subst\u00e2ncias e produtos psicoativos, t\u00f3xicos e radioativos<\/span><\/strong>;<\/li><li>VIII &#8211; <strong>colaborar na prote\u00e7\u00e3o<\/strong> do <strong><span class=\"has-inline-color has-vivid-green-cyan-color\">meio ambiente<\/span><\/strong>, nele compreendido o do trabalho.<\/li><\/ul>\n\n\n\n<p>\u00c9 natural associar o SUS \u00e0 sa\u00fade, \u00e0 medicamos e etc., assim destaquemos pontos que podem causar confus\u00e3o: inciso IV (saneamento b\u00e1sico), Inciso VI (alimentos) e inciso VIII (meio ambiente), cuidado.<\/p>\n\n\n\n<h2 class=\"wp-block-heading\" id=\"h-considera-es-finais\">Considera\u00e7\u00f5es Finais<\/h2>\n\n\n\n<p>Pessoal, chegamos ao final da primeira parte do Resumo da Seguridade Social na Constitui\u00e7\u00e3o Federal. Espero que tenha sido proveitoso para seu estudo.<\/p>\n\n\n\n<p>Continue acompanhando o blog para a continua\u00e7\u00e3o do resumo, pois no pr\u00f3ximo artigo ser\u00e3o abordados os temas:<\/p>\n\n\n\n<ul class=\"wp-block-list\"><li>Previd\u00eancia social<\/li><li>Assist\u00eancia social<\/li><\/ul>\n\n\n\n<p>At\u00e9 mais e bons estudos!<\/p>\n\n\n\n<p class=\"has-text-align-center\"><em><strong>Assinatura Anual Ilimitada*<\/strong><\/em><\/p>\n\n\n\n<p class=\"has-text-align-center\"><em>Prepare-se com o melhor material e com quem mais aprova em Concursos P\u00fablicos em todo o pa\u00eds. Assine agora a nossa Assinatura Anual e tenha acesso ilimitado* a todos os nossos cursos.<\/em><\/p>\n\n\n\n<p class=\"has-text-align-center has-light-green-cyan-background-color has-background\"><strong>ASSINE AGORA<\/strong>&nbsp;\u2013&nbsp;<strong><a rel=\"noreferrer noopener\" href=\"https:\/\/www.estrategiaconcursos.com.br\/assinaturas\" target=\"_blank\">Assinatura Ilimitada<\/a><\/strong><\/p>\n\n\n\n<p class=\"has-text-align-center\"><strong><em><strong>Sistema de Quest\u00f5es<\/strong><\/em><\/strong><\/p>\n\n\n\n<p class=\"has-text-align-center\"><em>Estrat\u00e9gia Quest\u00f5es nasceu maior do que todos os concorrentes, com mais quest\u00f5es cadastradas e mais solu\u00e7\u00f5es por professores. Ent\u00e3o, confira e aproveite os descontos e b\u00f4nus imperd\u00edveis!<\/em><\/p>\n\n\n\n<p class=\"has-text-align-center has-vivid-green-cyan-background-color has-background\"><strong>ASSINE AGORA \u2013&nbsp;<a rel=\"noreferrer noopener\" href=\"https:\/\/www.estrategiaconcursos.com.br\/cursosPorConcurso\/sistema-de-questoes\/#\/\" target=\"_blank\">Sistema de Quest\u00f5es<\/a><\/strong><\/p>\n\n\n\n<p class=\"has-text-align-center\"><strong><em>Fique por dentro dos concursos em aberto<\/em><\/strong><\/p>\n\n\n\n<p class=\"has-text-align-center has-pale-cyan-blue-background-color has-background\"><a rel=\"noreferrer noopener\" href=\"https:\/\/www.estrategiaconcursos.com.br\/blog\/concursos-abertos\/\" target=\"_blank\"><strong>CONCURSOS ABERTOS<\/strong><\/a><\/p>\n\n\n\n<p class=\"has-text-align-center\"><strong><em>As oportunidades previstas<\/em><\/strong><\/p>\n\n\n\n<p class=\"has-text-align-center has-pale-cyan-blue-background-color has-background\"><a rel=\"noreferrer noopener\" href=\"https:\/\/www.estrategiaconcursos.com.br\/blog\/concursos-2021\/\" target=\"_blank\"><strong>CONCURSOS 2021<\/strong><\/a><\/p>\n","protected":false},"excerpt":{"rendered":"<p>Ol\u00e1, pessoal. Tudo certo? No artigo de hoje veremos o Resumo da Seguridade Social na Constitui\u00e7\u00e3o Federal. Constitui\u00e7\u00e3o Federal \/ 88 Trata-se de um tema relevante no \u00e2mbito constitucional e mais ainda no Direito Previdenci\u00e1rio. No artigo de hoje veremos os seguintes t\u00f3picos: Disposi\u00e7\u00f5es gerais sobre a seguridade social Sa\u00fade Vamos l\u00e1. Seguridade Social &#8211; [&hellip;]<\/p>\n","protected":false},"author":1763,"featured_media":546314,"comment_status":"open","ping_status":"closed","sticky":false,"template":"","format":"standard","meta":{"post_tipo":"article","footnotes":""},"categories":[1983,2185,220016,2017,1984,214710],"tags":[],"tax_estado":[219964,219965,219966,219967,219968,219969,219963,219970,219971,219972,219973,219974,219975,219976,219977,219978,219979,219980,219981,219982,219983,219984,219985,219986,219987,219988,219989,219990],"class_list":["post-716277","post","type-post","status-publish","format-standard","has-post-thumbnail","hentry","category-fiscal-estadual","category-carreiras-juridicas","category-cartorios","category-concursos-legislativos","category-tribunais","category-tribunais-de-contas","tax_estado-ac","tax_estado-al","tax_estado-am","tax_estado-ap","tax_estado-ba","tax_estado-ce","tax_estado-concursos-federais","tax_estado-df","tax_estado-es","tax_estado-go","tax_estado-ma","tax_estado-mg","tax_estado-ms","tax_estado-mt","tax_estado-pa","tax_estado-pb","tax_estado-pe","tax_estado-pi","tax_estado-pr","tax_estado-rj","tax_estado-rn","tax_estado-ro","tax_estado-rr","tax_estado-rs","tax_estado-sc","tax_estado-se","tax_estado-sp","tax_estado-to"],"acf":[],"yoast_head":"<!-- This site is optimized with the Yoast SEO Premium plugin v27.2 (Yoast SEO v27.2) - https:\/\/yoast.com\/product\/yoast-seo-premium-wordpress\/ -->\n<title>Resumo da Seguridade Social na Constitui\u00e7\u00e3o Federal \u2013 parte 1<\/title>\n<meta name=\"description\" content=\"Veja neste artigo a primeira parte o Resumo da Seguridade Social na Constitui\u00e7\u00e3o Federal, tratando sobre seguridade social e sa\u00fade.\" \/>\n<meta name=\"robots\" content=\"index, follow, max-snippet:-1, max-image-preview:large, max-video-preview:-1\" \/>\n<link rel=\"canonical\" href=\"https:\/\/www.estrategiaconcursos.com.br\/blog\/resumo-da-seguridade-social-p1\/\" \/>\n<meta property=\"og:locale\" content=\"pt_BR\" \/>\n<meta property=\"og:type\" content=\"article\" \/>\n<meta property=\"og:title\" content=\"Resumo da Seguridade Social na Constitui\u00e7\u00e3o Federal \u2013 parte 1\" \/>\n<meta property=\"og:description\" content=\"Veja neste artigo a primeira parte o Resumo da Seguridade Social na Constitui\u00e7\u00e3o Federal, tratando sobre seguridade social e sa\u00fade.\" \/>\n<meta property=\"og:url\" content=\"https:\/\/www.estrategiaconcursos.com.br\/blog\/resumo-da-seguridade-social-p1\/\" \/>\n<meta property=\"og:site_name\" content=\"Estrat\u00e9gia Concursos\" \/>\n<meta property=\"article:published_time\" content=\"2021-04-24T21:21:00+00:00\" \/>\n<meta property=\"og:image\" content=\"https:\/\/dhg1h5j42swfq.cloudfront.net\/2020\/07\/23182056\/19886ace418df687ca440582407c1b26a4ba3f56.jpeg\" \/>\n\t<meta property=\"og:image:width\" content=\"2307\" \/>\n\t<meta property=\"og:image:height\" content=\"1358\" \/>\n\t<meta property=\"og:image:type\" content=\"image\/jpeg\" \/>\n<meta name=\"author\" content=\"Leonardo Menezes Passarin\" \/>\n<meta name=\"twitter:card\" content=\"summary_large_image\" \/>\n<meta name=\"twitter:creator\" content=\"@EstratConcursos\" \/>\n<meta name=\"twitter:site\" content=\"@EstratConcursos\" \/>\n<meta name=\"twitter:label1\" content=\"Escrito por\" \/>\n\t<meta name=\"twitter:data1\" content=\"Leonardo Menezes Passarin\" \/>\n\t<meta name=\"twitter:label2\" content=\"Est. tempo de leitura\" \/>\n\t<meta name=\"twitter:data2\" content=\"8 minutos\" \/>\n<script type=\"application\/ld+json\" class=\"yoast-schema-graph\">{\"@context\":\"https:\/\/schema.org\",\"@graph\":[{\"@type\":\"NewsArticle\",\"@id\":\"https:\/\/www.estrategiaconcursos.com.br\/blog\/resumo-da-seguridade-social-p1\/#article\",\"isPartOf\":{\"@id\":\"https:\/\/www.estrategiaconcursos.com.br\/blog\/resumo-da-seguridade-social-p1\/\"},\"author\":{\"name\":\"Leonardo Menezes Passarin\",\"@id\":\"https:\/\/www.estrategiaconcursos.com.br\/blog\/#\/schema\/person\/245b44e43eb13f0dbd04a7a078cd0d0d\"},\"headline\":\"Resumo da Seguridade Social na Constitui\u00e7\u00e3o Federal \u2013 parte 1\",\"datePublished\":\"2021-04-24T21:21:00+00:00\",\"mainEntityOfPage\":{\"@id\":\"https:\/\/www.estrategiaconcursos.com.br\/blog\/resumo-da-seguridade-social-p1\/\"},\"wordCount\":1907,\"commentCount\":0,\"publisher\":{\"@id\":\"https:\/\/www.estrategiaconcursos.com.br\/blog\/#organization\"},\"image\":{\"@id\":\"https:\/\/www.estrategiaconcursos.com.br\/blog\/resumo-da-seguridade-social-p1\/#primaryimage\"},\"thumbnailUrl\":\"https:\/\/dhg1h5j42swfq.cloudfront.net\/2020\/07\/23182056\/19886ace418df687ca440582407c1b26a4ba3f56.jpeg\",\"articleSection\":[\"Fiscal - Estadual (ICMS)\",\"Jur\u00eddico\",\"Jur\u00eddico - Cart\u00f3rios\",\"Legislativo\",\"Tribunais\",\"Tribunais de Contas (TCU, TCE, TCM)\"],\"inLanguage\":\"pt-BR\",\"potentialAction\":[{\"@type\":\"CommentAction\",\"name\":\"Comment\",\"target\":[\"https:\/\/www.estrategiaconcursos.com.br\/blog\/resumo-da-seguridade-social-p1\/#respond\"]}],\"copyrightYear\":\"2021\",\"copyrightHolder\":{\"@id\":\"https:\/\/www.estrategiaconcursos.com.br\/blog\/#organization\"}},{\"@type\":\"WebPage\",\"@id\":\"https:\/\/www.estrategiaconcursos.com.br\/blog\/resumo-da-seguridade-social-p1\/\",\"url\":\"https:\/\/www.estrategiaconcursos.com.br\/blog\/resumo-da-seguridade-social-p1\/\",\"name\":\"Resumo da Seguridade Social na Constitui\u00e7\u00e3o Federal \u2013 parte 1\",\"isPartOf\":{\"@id\":\"https:\/\/www.estrategiaconcursos.com.br\/blog\/#website\"},\"primaryImageOfPage\":{\"@id\":\"https:\/\/www.estrategiaconcursos.com.br\/blog\/resumo-da-seguridade-social-p1\/#primaryimage\"},\"image\":{\"@id\":\"https:\/\/www.estrategiaconcursos.com.br\/blog\/resumo-da-seguridade-social-p1\/#primaryimage\"},\"thumbnailUrl\":\"https:\/\/dhg1h5j42swfq.cloudfront.net\/2020\/07\/23182056\/19886ace418df687ca440582407c1b26a4ba3f56.jpeg\",\"datePublished\":\"2021-04-24T21:21:00+00:00\",\"description\":\"Veja neste artigo a primeira parte o Resumo da Seguridade Social na Constitui\u00e7\u00e3o Federal, tratando sobre seguridade social e sa\u00fade.\",\"breadcrumb\":{\"@id\":\"https:\/\/www.estrategiaconcursos.com.br\/blog\/resumo-da-seguridade-social-p1\/#breadcrumb\"},\"inLanguage\":\"pt-BR\",\"potentialAction\":[{\"@type\":\"ReadAction\",\"target\":[\"https:\/\/www.estrategiaconcursos.com.br\/blog\/resumo-da-seguridade-social-p1\/\"]}]},{\"@type\":\"ImageObject\",\"inLanguage\":\"pt-BR\",\"@id\":\"https:\/\/www.estrategiaconcursos.com.br\/blog\/resumo-da-seguridade-social-p1\/#primaryimage\",\"url\":\"https:\/\/dhg1h5j42swfq.cloudfront.net\/2020\/07\/23182056\/19886ace418df687ca440582407c1b26a4ba3f56.jpeg\",\"contentUrl\":\"https:\/\/dhg1h5j42swfq.cloudfront.net\/2020\/07\/23182056\/19886ace418df687ca440582407c1b26a4ba3f56.jpeg\",\"width\":2307,\"height\":1358,\"caption\":\"Constitui\u00e7\u00e3o Federal de 1988\"},{\"@type\":\"BreadcrumbList\",\"@id\":\"https:\/\/www.estrategiaconcursos.com.br\/blog\/resumo-da-seguridade-social-p1\/#breadcrumb\",\"itemListElement\":[{\"@type\":\"ListItem\",\"position\":1,\"name\":\"In\u00edcio\",\"item\":\"https:\/\/www.estrategiaconcursos.com.br\/blog\/\"},{\"@type\":\"ListItem\",\"position\":2,\"name\":\"Resumo da Seguridade Social na Constitui\u00e7\u00e3o Federal \u2013 parte 1\"}]},{\"@type\":\"WebSite\",\"@id\":\"https:\/\/www.estrategiaconcursos.com.br\/blog\/#website\",\"url\":\"https:\/\/www.estrategiaconcursos.com.br\/blog\/\",\"name\":\"Estrat\u00e9gia Concursos\",\"description\":\"O blog da Estrat\u00e9gia Concursos traz not\u00edcias sobre concursos e artigos de professores oferecendo cursos para concursos (pdf + videaulas) no site.\",\"publisher\":{\"@id\":\"https:\/\/www.estrategiaconcursos.com.br\/blog\/#organization\"},\"potentialAction\":[{\"@type\":\"SearchAction\",\"target\":{\"@type\":\"EntryPoint\",\"urlTemplate\":\"https:\/\/www.estrategiaconcursos.com.br\/blog\/?s={search_term_string}\"},\"query-input\":{\"@type\":\"PropertyValueSpecification\",\"valueRequired\":true,\"valueName\":\"search_term_string\"}}],\"inLanguage\":\"pt-BR\"},{\"@type\":\"Organization\",\"@id\":\"https:\/\/www.estrategiaconcursos.com.br\/blog\/#organization\",\"name\":\"Estrat\u00e9gia Concursos\",\"url\":\"https:\/\/www.estrategiaconcursos.com.br\/blog\/\",\"logo\":{\"@type\":\"ImageObject\",\"inLanguage\":\"pt-BR\",\"@id\":\"https:\/\/www.estrategiaconcursos.com.br\/blog\/#\/schema\/logo\/image\/\",\"url\":\"https:\/\/dhg1h5j42swfq.cloudfront.net\/2025\/06\/03203428\/logo_concursos-1.jpg\",\"contentUrl\":\"https:\/\/dhg1h5j42swfq.cloudfront.net\/2025\/06\/03203428\/logo_concursos-1.jpg\",\"width\":230,\"height\":60,\"caption\":\"Estrat\u00e9gia Concursos\"},\"image\":{\"@id\":\"https:\/\/www.estrategiaconcursos.com.br\/blog\/#\/schema\/logo\/image\/\"},\"sameAs\":[\"https:\/\/x.com\/EstratConcursos\"]},{\"@type\":\"Person\",\"@id\":\"https:\/\/www.estrategiaconcursos.com.br\/blog\/#\/schema\/person\/245b44e43eb13f0dbd04a7a078cd0d0d\",\"name\":\"Leonardo Menezes Passarin\",\"image\":{\"@type\":\"ImageObject\",\"inLanguage\":\"pt-BR\",\"@id\":\"https:\/\/secure.gravatar.com\/avatar\/fc0e5714ceaa97f24e6e6a30eab74ba8a701c2b62f8cab100ffdb22c6d8f42c3?s=96&d=mm&r=g\",\"url\":\"https:\/\/secure.gravatar.com\/avatar\/fc0e5714ceaa97f24e6e6a30eab74ba8a701c2b62f8cab100ffdb22c6d8f42c3?s=96&d=mm&r=g\",\"contentUrl\":\"https:\/\/secure.gravatar.com\/avatar\/fc0e5714ceaa97f24e6e6a30eab74ba8a701c2b62f8cab100ffdb22c6d8f42c3?s=96&d=mm&r=g\",\"caption\":\"Leonardo Menezes Passarin\"},\"url\":\"https:\/\/www.estrategiaconcursos.com.br\/blog\/author\/passarin-leonardohotmail-com\/\"}]}<\/script>\n<!-- \/ Yoast SEO Premium plugin. -->","yoast_head_json":{"title":"Resumo da Seguridade Social na Constitui\u00e7\u00e3o Federal \u2013 parte 1","description":"Veja neste artigo a primeira parte o Resumo da Seguridade Social na Constitui\u00e7\u00e3o Federal, tratando sobre seguridade social e sa\u00fade.","robots":{"index":"index","follow":"follow","max-snippet":"max-snippet:-1","max-image-preview":"max-image-preview:large","max-video-preview":"max-video-preview:-1"},"canonical":"https:\/\/www.estrategiaconcursos.com.br\/blog\/resumo-da-seguridade-social-p1\/","og_locale":"pt_BR","og_type":"article","og_title":"Resumo da Seguridade Social na Constitui\u00e7\u00e3o Federal \u2013 parte 1","og_description":"Veja neste artigo a primeira parte o Resumo da Seguridade Social na Constitui\u00e7\u00e3o Federal, tratando sobre seguridade social e sa\u00fade.","og_url":"https:\/\/www.estrategiaconcursos.com.br\/blog\/resumo-da-seguridade-social-p1\/","og_site_name":"Estrat\u00e9gia Concursos","article_published_time":"2021-04-24T21:21:00+00:00","og_image":[{"width":2307,"height":1358,"url":"https:\/\/dhg1h5j42swfq.cloudfront.net\/2020\/07\/23182056\/19886ace418df687ca440582407c1b26a4ba3f56.jpeg","type":"image\/jpeg"}],"author":"Leonardo Menezes Passarin","twitter_card":"summary_large_image","twitter_creator":"@EstratConcursos","twitter_site":"@EstratConcursos","twitter_misc":{"Escrito por":"Leonardo Menezes Passarin","Est. tempo de leitura":"8 minutos"},"schema":{"@context":"https:\/\/schema.org","@graph":[{"@type":"NewsArticle","@id":"https:\/\/www.estrategiaconcursos.com.br\/blog\/resumo-da-seguridade-social-p1\/#article","isPartOf":{"@id":"https:\/\/www.estrategiaconcursos.com.br\/blog\/resumo-da-seguridade-social-p1\/"},"author":{"name":"Leonardo Menezes Passarin","@id":"https:\/\/www.estrategiaconcursos.com.br\/blog\/#\/schema\/person\/245b44e43eb13f0dbd04a7a078cd0d0d"},"headline":"Resumo da Seguridade Social na Constitui\u00e7\u00e3o Federal \u2013 parte 1","datePublished":"2021-04-24T21:21:00+00:00","mainEntityOfPage":{"@id":"https:\/\/www.estrategiaconcursos.com.br\/blog\/resumo-da-seguridade-social-p1\/"},"wordCount":1907,"commentCount":0,"publisher":{"@id":"https:\/\/www.estrategiaconcursos.com.br\/blog\/#organization"},"image":{"@id":"https:\/\/www.estrategiaconcursos.com.br\/blog\/resumo-da-seguridade-social-p1\/#primaryimage"},"thumbnailUrl":"https:\/\/dhg1h5j42swfq.cloudfront.net\/2020\/07\/23182056\/19886ace418df687ca440582407c1b26a4ba3f56.jpeg","articleSection":["Fiscal - Estadual (ICMS)","Jur\u00eddico","Jur\u00eddico - Cart\u00f3rios","Legislativo","Tribunais","Tribunais de Contas (TCU, TCE, TCM)"],"inLanguage":"pt-BR","potentialAction":[{"@type":"CommentAction","name":"Comment","target":["https:\/\/www.estrategiaconcursos.com.br\/blog\/resumo-da-seguridade-social-p1\/#respond"]}],"copyrightYear":"2021","copyrightHolder":{"@id":"https:\/\/www.estrategiaconcursos.com.br\/blog\/#organization"}},{"@type":"WebPage","@id":"https:\/\/www.estrategiaconcursos.com.br\/blog\/resumo-da-seguridade-social-p1\/","url":"https:\/\/www.estrategiaconcursos.com.br\/blog\/resumo-da-seguridade-social-p1\/","name":"Resumo da Seguridade Social na Constitui\u00e7\u00e3o Federal \u2013 parte 1","isPartOf":{"@id":"https:\/\/www.estrategiaconcursos.com.br\/blog\/#website"},"primaryImageOfPage":{"@id":"https:\/\/www.estrategiaconcursos.com.br\/blog\/resumo-da-seguridade-social-p1\/#primaryimage"},"image":{"@id":"https:\/\/www.estrategiaconcursos.com.br\/blog\/resumo-da-seguridade-social-p1\/#primaryimage"},"thumbnailUrl":"https:\/\/dhg1h5j42swfq.cloudfront.net\/2020\/07\/23182056\/19886ace418df687ca440582407c1b26a4ba3f56.jpeg","datePublished":"2021-04-24T21:21:00+00:00","description":"Veja neste artigo a primeira parte o Resumo da Seguridade Social na Constitui\u00e7\u00e3o Federal, tratando sobre seguridade social e sa\u00fade.","breadcrumb":{"@id":"https:\/\/www.estrategiaconcursos.com.br\/blog\/resumo-da-seguridade-social-p1\/#breadcrumb"},"inLanguage":"pt-BR","potentialAction":[{"@type":"ReadAction","target":["https:\/\/www.estrategiaconcursos.com.br\/blog\/resumo-da-seguridade-social-p1\/"]}]},{"@type":"ImageObject","inLanguage":"pt-BR","@id":"https:\/\/www.estrategiaconcursos.com.br\/blog\/resumo-da-seguridade-social-p1\/#primaryimage","url":"https:\/\/dhg1h5j42swfq.cloudfront.net\/2020\/07\/23182056\/19886ace418df687ca440582407c1b26a4ba3f56.jpeg","contentUrl":"https:\/\/dhg1h5j42swfq.cloudfront.net\/2020\/07\/23182056\/19886ace418df687ca440582407c1b26a4ba3f56.jpeg","width":2307,"height":1358,"caption":"Constitui\u00e7\u00e3o Federal de 1988"},{"@type":"BreadcrumbList","@id":"https:\/\/www.estrategiaconcursos.com.br\/blog\/resumo-da-seguridade-social-p1\/#breadcrumb","itemListElement":[{"@type":"ListItem","position":1,"name":"In\u00edcio","item":"https:\/\/www.estrategiaconcursos.com.br\/blog\/"},{"@type":"ListItem","position":2,"name":"Resumo da Seguridade Social na Constitui\u00e7\u00e3o Federal \u2013 parte 1"}]},{"@type":"WebSite","@id":"https:\/\/www.estrategiaconcursos.com.br\/blog\/#website","url":"https:\/\/www.estrategiaconcursos.com.br\/blog\/","name":"Estrat\u00e9gia Concursos","description":"O blog da Estrat\u00e9gia Concursos traz not\u00edcias sobre concursos e artigos de professores oferecendo cursos para concursos (pdf + videaulas) no site.","publisher":{"@id":"https:\/\/www.estrategiaconcursos.com.br\/blog\/#organization"},"potentialAction":[{"@type":"SearchAction","target":{"@type":"EntryPoint","urlTemplate":"https:\/\/www.estrategiaconcursos.com.br\/blog\/?s={search_term_string}"},"query-input":{"@type":"PropertyValueSpecification","valueRequired":true,"valueName":"search_term_string"}}],"inLanguage":"pt-BR"},{"@type":"Organization","@id":"https:\/\/www.estrategiaconcursos.com.br\/blog\/#organization","name":"Estrat\u00e9gia Concursos","url":"https:\/\/www.estrategiaconcursos.com.br\/blog\/","logo":{"@type":"ImageObject","inLanguage":"pt-BR","@id":"https:\/\/www.estrategiaconcursos.com.br\/blog\/#\/schema\/logo\/image\/","url":"https:\/\/dhg1h5j42swfq.cloudfront.net\/2025\/06\/03203428\/logo_concursos-1.jpg","contentUrl":"https:\/\/dhg1h5j42swfq.cloudfront.net\/2025\/06\/03203428\/logo_concursos-1.jpg","width":230,"height":60,"caption":"Estrat\u00e9gia Concursos"},"image":{"@id":"https:\/\/www.estrategiaconcursos.com.br\/blog\/#\/schema\/logo\/image\/"},"sameAs":["https:\/\/x.com\/EstratConcursos"]},{"@type":"Person","@id":"https:\/\/www.estrategiaconcursos.com.br\/blog\/#\/schema\/person\/245b44e43eb13f0dbd04a7a078cd0d0d","name":"Leonardo Menezes Passarin","image":{"@type":"ImageObject","inLanguage":"pt-BR","@id":"https:\/\/secure.gravatar.com\/avatar\/fc0e5714ceaa97f24e6e6a30eab74ba8a701c2b62f8cab100ffdb22c6d8f42c3?s=96&d=mm&r=g","url":"https:\/\/secure.gravatar.com\/avatar\/fc0e5714ceaa97f24e6e6a30eab74ba8a701c2b62f8cab100ffdb22c6d8f42c3?s=96&d=mm&r=g","contentUrl":"https:\/\/secure.gravatar.com\/avatar\/fc0e5714ceaa97f24e6e6a30eab74ba8a701c2b62f8cab100ffdb22c6d8f42c3?s=96&d=mm&r=g","caption":"Leonardo Menezes Passarin"},"url":"https:\/\/www.estrategiaconcursos.com.br\/blog\/author\/passarin-leonardohotmail-com\/"}]}},"_links":{"self":[{"href":"https:\/\/www.estrategiaconcursos.com.br\/blog\/wp-json\/wp\/v2\/posts\/716277","targetHints":{"allow":["GET"]}}],"collection":[{"href":"https:\/\/www.estrategiaconcursos.com.br\/blog\/wp-json\/wp\/v2\/posts"}],"about":[{"href":"https:\/\/www.estrategiaconcursos.com.br\/blog\/wp-json\/wp\/v2\/types\/post"}],"author":[{"embeddable":true,"href":"https:\/\/www.estrategiaconcursos.com.br\/blog\/wp-json\/wp\/v2\/users\/1763"}],"replies":[{"embeddable":true,"href":"https:\/\/www.estrategiaconcursos.com.br\/blog\/wp-json\/wp\/v2\/comments?post=716277"}],"version-history":[{"count":4,"href":"https:\/\/www.estrategiaconcursos.com.br\/blog\/wp-json\/wp\/v2\/posts\/716277\/revisions"}],"predecessor-version":[{"id":719758,"href":"https:\/\/www.estrategiaconcursos.com.br\/blog\/wp-json\/wp\/v2\/posts\/716277\/revisions\/719758"}],"wp:featuredmedia":[{"embeddable":true,"href":"https:\/\/www.estrategiaconcursos.com.br\/blog\/wp-json\/wp\/v2\/media\/546314"}],"wp:attachment":[{"href":"https:\/\/www.estrategiaconcursos.com.br\/blog\/wp-json\/wp\/v2\/media?parent=716277"}],"wp:term":[{"taxonomy":"category","embeddable":true,"href":"https:\/\/www.estrategiaconcursos.com.br\/blog\/wp-json\/wp\/v2\/categories?post=716277"},{"taxonomy":"post_tag","embeddable":true,"href":"https:\/\/www.estrategiaconcursos.com.br\/blog\/wp-json\/wp\/v2\/tags?post=716277"},{"taxonomy":"tax_estado","embeddable":true,"href":"https:\/\/www.estrategiaconcursos.com.br\/blog\/wp-json\/wp\/v2\/tax_estado?post=716277"}],"curies":[{"name":"wp","href":"https:\/\/api.w.org\/{rel}","templated":true}]}}