{"id":71577,"date":"2017-04-23T19:20:00","date_gmt":"2017-04-23T22:20:00","guid":{"rendered":"https:\/\/www.estrategiaconcursos.com.br\/blog\/?p=71577"},"modified":"2017-04-23T19:28:58","modified_gmt":"2017-04-23T22:28:58","slug":"questoes-direito-do-trabalho-sumulas-e-orientacoes-jurisprudenciais-do-tst-aviso-previo","status":"publish","type":"post","link":"https:\/\/www.estrategiaconcursos.com.br\/blog\/questoes-direito-do-trabalho-sumulas-e-orientacoes-jurisprudenciais-do-tst-aviso-previo\/","title":{"rendered":"Quest\u00f5es Direito do Trabalho &#8211; S\u00famulas e Orienta\u00e7\u00f5es Jurisprudenciais do TST &#8211; Aviso Pr\u00e9vio"},"content":{"rendered":"<p style=\"text-align: justify\">\n\t<span style=\"font-size:12px\"><span style=\"font-family:arial,helvetica,sans-serif\"><strong>Queridos alunos!<\/strong><\/span><\/span>\n<\/p>\n<p style=\"text-align: justify\">\n\t<span style=\"font-size:12px\"><span style=\"font-family:arial,helvetica,sans-serif\"><strong>Seguem duas quest&otilde;es recentes&nbsp;sobre o tema &quot;Aviso Pr&eacute;vio&quot; que abordaram S&uacute;mulas do TST. Observem:<\/strong><\/span><\/span>\n<\/p>\n<p style=\"text-align: justify\">\n\t<span style=\"font-size:12px\"><span style=\"font-family:arial,helvetica,sans-serif\"><span style=\"color:#FF0000\"><strong>(FCC &ndash;Analista Judici&aacute;rio &ndash; &Aacute;rea Judici&aacute;ria &ndash; TRT 20&ordf; Regi&atilde;o &ndash; 2016) <\/strong><\/span>A notifica&ccedil;&atilde;o ou comunica&ccedil;&atilde;o antecipada que uma das partes faz &agrave; outra manifestando a sua inten&ccedil;&atilde;o em romper o contrato de trabalho &eacute; conceituada como aviso pr&eacute;vio. Conforme previs&atilde;o legal e sumulada pelo Tribunal Superior do Trabalho,<\/span><\/span>\n<\/p>\n<p style=\"text-align: justify\">\n\t<span style=\"font-size:12px\"><span style=\"font-family:arial,helvetica,sans-serif\">(A) &eacute; permitido por lei substituir o per&iacute;odo que se reduz da jornada de trabalho, no aviso pr&eacute;vio, pelo pagamento das horas correspondentes, desde que acrescida do adicional de horas extras em dobro.<\/span><\/span>\n<\/p>\n<p style=\"text-align: justify\">\n\t<span style=\"font-size:12px\"><span style=\"font-family:arial,helvetica,sans-serif\">(B) ap&oacute;s a comunica&ccedil;&atilde;o do aviso pr&eacute;vio, a rescis&atilde;o torna-se efetiva depois de expirado o respectivo prazo, mas, se a parte notificante reconsiderar o ato, antes de seu termo, a outra parte fica obrigada a aceitar a reconsidera&ccedil;&atilde;o.<\/span><\/span>\n<\/p>\n<p style=\"text-align: justify\">\n\t<span style=\"font-size:12px\"><span style=\"font-family:arial,helvetica,sans-serif\">(C) o empregado que, durante o prazo do aviso pr&eacute;vio, cometer quaisquer das faltas consideradas pela lei como justa causa para a rescis&atilde;o, perde o direito ao restante do respectivo prazo.<\/span><\/span>\n<\/p>\n<p style=\"text-align: justify\">\n\t<span style=\"font-size:12px\"><span style=\"font-family:arial,helvetica,sans-serif\">(D) a ocorr&ecirc;ncia de qualquer motivo de justa causa no decurso do prazo do aviso pr&eacute;vio dado pelo empregador, retira do empregado qualquer direito &agrave;s verbas rescis&oacute;rias de natureza indenizat&oacute;ria.<\/span><\/span>\n<\/p>\n<p style=\"text-align: justify\">\n\t<span style=\"font-size:12px\"><span style=\"font-family:arial,helvetica,sans-serif\">(E) &eacute; devido o aviso pr&eacute;vio na despedida indireta, mas nesse caso o valor das horas extraordin&aacute;rias habituais n&atilde;o integrar&aacute; o aviso pr&eacute;vio indenizado.<\/span><\/span>\n<\/p>\n<p style=\"text-align: justify\">\n\t<span style=\"font-size:12px\"><span style=\"font-family:arial,helvetica,sans-serif\"><strong>Letra C.<\/strong> Observe os dispositivos legais e jurisprudenciais abordados.<\/span><\/span>\n<\/p>\n<p style=\"text-align: justify\">\n\t<span style=\"font-size:12px\"><span style=\"font-family:arial,helvetica,sans-serif\"><strong>S&uacute;mula 230 do TST<\/strong> &Eacute; ilegal substituir o per&iacute;odo que se reduz da jornada de trabalho, no aviso pr&eacute;vio, pelo pagamento das horas correspondentes.<\/span><\/span>\n<\/p>\n<p style=\"text-align: justify\">\n\t<span style=\"font-size:12px\"><span style=\"font-family:arial,helvetica,sans-serif\"><strong><em>Art. 489 da CLT<\/em><\/strong><em> Dado o aviso pr&eacute;vio, a rescis&atilde;o torna-se efetiva depois de expirado o respectivo prazo, mas, se a parte notificante reconsiderar o ato, antes de seu termo, &agrave; outra parte &eacute; facultado aceitar ou n&atilde;o a reconsidera&ccedil;&atilde;o.&nbsp;<\/em><em>Par&aacute;grafo &uacute;nico &#8211; Caso seja aceita a reconsidera&ccedil;&atilde;o ou continuando a presta&ccedil;&atilde;o depois de expirado o prazo, o contrato continuar&aacute; a vigorar, como se o aviso pr&eacute;vio n&atilde;o tivesse sido dado.<\/em><\/span><\/span>\n<\/p>\n<p style=\"text-align: justify\">\n\t<span style=\"font-size:12px\"><span style=\"font-family:arial,helvetica,sans-serif\"><strong><em>Art. 491 da CLT<\/em><\/strong><em> O empregado que, durante o prazo do aviso pr&eacute;vio, cometer qualquer das faltas consideradas pela lei como justas para a rescis&atilde;o, perde o direito ao restante do respectivo prazo.<\/em><\/span><\/span>\n<\/p>\n<p style=\"text-align: justify\">\n\t<span style=\"font-size:12px\"><span style=\"font-family:arial,helvetica,sans-serif\"><strong>S&uacute;mula 73 do TST<\/strong> A ocorr&ecirc;ncia de justa causa, salvo a de abandono de emprego, no decurso do prazo do&nbsp;aviso pr&eacute;vio dado pelo empregador, retira do empregado qualquer direito&nbsp;&agrave;s verbas rescis&oacute;rias de natureza indenizat&oacute;ria.<\/span><\/span>\n<\/p>\n<p style=\"text-align: justify\">\n\t<span style=\"font-size:12px\"><span style=\"font-family:arial,helvetica,sans-serif\"><strong><em>Art. 487 da CLT<\/em><\/strong><em>&sect; 4&ordm; &#8211; &Eacute; devido o aviso pr&eacute;vio na despedida indireta.&nbsp;<\/em><\/span><\/span>\n<\/p>\n<p style=\"text-align: justify\">\n\t<span style=\"font-size:12px\"><span style=\"font-family:arial,helvetica,sans-serif\"><em>&sect; 5<u><sup>o<\/sup><\/u>&nbsp;O valor das horas extraordin&aacute;rias habituais integra o aviso pr&eacute;vio indenizado.<\/em><\/span><\/span>\n<\/p>\n<p style=\"text-align: justify\">\n\t<span style=\"color:#FF0000\"><strong><span style=\"font-family:arial,helvetica,sans-serif\">(<span style=\"font-size:12px\">CESPE &ndash; Analista Judici&aacute;rio &ndash; &Aacute;rea Judici&aacute;ria &#8211; TRT 8&ordf; Regi&atilde;o &ndash; 2016) <\/span><\/span><\/strong><\/span><span style=\"font-family:arial,helvetica,sans-serif\"><span style=\"font-size:12px\">Acerca de aviso pr&eacute;vio, assinale a op&ccedil;&atilde;o correta.<\/span><\/span>\n<\/p>\n<p style=\"text-align: justify\">\n\t<span style=\"font-family:arial,helvetica,sans-serif\"><span style=\"font-size:12px\">A) Em decorr&ecirc;ncia das caracter&iacute;sticas do contrato de experi&ecirc;ncia, &eacute; incab&iacute;vel aviso pr&eacute;vio quando de sua vig&ecirc;ncia, em qualquer hip&oacute;tese.<\/span><\/span>\n<\/p>\n<p style=\"text-align: justify\">\n\t<span style=\"font-family:arial,helvetica,sans-serif\"><span style=\"font-size:12px\">B) Em caso de aviso pr&eacute;vio cumprido em casa, o prazo de pagamento das verbas rescis&oacute;rias corresponde ao primeiro dia da notifica&ccedil;&atilde;o da despedida, conforme entendimento majorit&aacute;rio do TST.<\/span><\/span>\n<\/p>\n<p style=\"text-align: justify\">\n\t<span style=\"font-family:arial,helvetica,sans-serif\"><span style=\"font-size:12px\">C) O pedido de dispensa de cumprimento do aviso pr&eacute;vio feito pelo empregado quando da rescis&atilde;o do contrato de trabalho exime o empregador do respectivo pagamento.<\/span><\/span>\n<\/p>\n<p style=\"text-align: justify\">\n\t<span style=\"font-family:arial,helvetica,sans-serif\"><span style=\"font-size:12px\">D) Demitido sem justa causa, o empregado que labore por cinco anos na mesma empresa ter&aacute; direito ao recebimento do aviso pr&eacute;vio de quarenta e dois dias.<\/span><\/span>\n<\/p>\n<p style=\"text-align: justify\">\n\t<span style=\"font-family:arial,helvetica,sans-serif\"><span style=\"font-size:12px\">E) Perde o direito &agrave;s verbas rescis&oacute;rias de natureza indenizat&oacute;ria o empregado que abandona o emprego no decurso de prazo do aviso pr&eacute;vio dado pelo empregador.<\/span><\/span>\n<\/p>\n<p style=\"text-align: justify\">\n\t<span style=\"font-family:arial,helvetica,sans-serif\"><span style=\"font-size:12px\"><strong>Gabarito: Letra D.<\/strong> A letra &ldquo;a&rdquo; est&aacute; errada porque violou a s&uacute;mula 163 do TST.<\/span><\/span>\n<\/p>\n<p style=\"text-align: justify\">\n\t<span style=\"font-family:arial,helvetica,sans-serif\"><span style=\"font-size:12px\"><strong>S&uacute;mula 163 do TST<\/strong> Cabe aviso pr&eacute;vio nas rescis&otilde;es antecipadas dos contratos de experi&ecirc;ncia, na forma do art. 481 da CLT.<\/span><\/span>\n<\/p>\n<p style=\"text-align: justify\">\n\t<span style=\"font-family:arial,helvetica,sans-serif\"><span style=\"font-size:12px\">A letra &ldquo;b&rdquo; est&aacute; errada porque a OJ 14 da SDI -1 do TST estabelece que em caso de aviso pr&eacute;vio cumprido em casa, o prazo para pagamento das verbas rescis&oacute;rias &eacute; at&eacute; o d&eacute;cimo dia da notifica&ccedil;&atilde;o de despedida.<\/span><\/span>\n<\/p>\n<p style=\"text-align: justify\">\n\t<span style=\"font-family:arial,helvetica,sans-serif\"><span style=\"font-size:12px\"><strong>OJ<\/strong> <strong>14 da SDI-1 do TST<\/strong> Em caso de aviso pr&eacute;vio cumprido em casa, o prazo para pagamento das verbas rescis&oacute;rias &eacute; at&eacute; o d&eacute;cimo dia da notifica&ccedil;&atilde;o de despedida.<\/span><\/span>\n<\/p>\n<p style=\"text-align: justify\">\n\t<span style=\"font-family:arial,helvetica,sans-serif\"><span style=\"font-size:12px\">De acordo com a s&uacute;mula 276 do TST o direito ao aviso pr&eacute;vio &eacute; irrenunci&aacute;vel pelo empregado. O pedido de dispensa de cumprimento n&atilde;o exime o empregador de pagar o respectivo valor, salvo comprova&ccedil;&atilde;o de haver o prestador dos servi&ccedil;os obtido novo emprego. Logo a letra &ldquo;c&rdquo; est&aacute; errada.<\/span><\/span>\n<\/p>\n<p style=\"text-align: justify\">\n\t<span style=\"font-family:arial,helvetica,sans-serif\"><span style=\"font-size:12px\"><strong>S&uacute;mula 276 do TST<\/strong> O direito ao aviso pr&eacute;vio &eacute; irrenunci&aacute;vel pelo empregado. O pedido de dispensa de cumprimento n&atilde;o exime o empregador de pagar o respectivo valor, salvo comprova&ccedil;&atilde;o de haver o prestador dos servi&ccedil;os obtido novo emprego.<\/span><\/span>\n<\/p>\n<p style=\"text-align: justify\">\n\t<span style=\"font-family:arial,helvetica,sans-serif\"><span style=\"font-size:12px\">A letra &ldquo;d&rdquo; est&aacute; certa porque o empregado ter&aacute; 30 dias de aviso pr&eacute;vio e mais tr&ecirc;s dias por cada ano de servi&ccedil;o, contados&nbsp; a partir do primeiro ano.<\/span><\/span>\n<\/p>\n<p style=\"text-align: justify\">\n\t<span style=\"font-family:arial,helvetica,sans-serif\"><span style=\"font-size:12px\">De acordo com a s&uacute;mula 73 do TST a ocorr&ecirc;ncia de justa causa, salvo a de abandono de emprego, no decurso do prazo do&nbsp;aviso pr&eacute;vio dado pelo empregador, retira do empregado qualquer direito&nbsp;&agrave;s verbas rescis&oacute;rias de natureza indenizat&oacute;ria.&nbsp;Logo, est&aacute; errada a letra &ldquo;e&rdquo;.<\/span><\/span>\n<\/p>\n<p style=\"text-align: justify\">\n\t<span style=\"font-family:arial,helvetica,sans-serif\"><span style=\"font-size:12px\">S&uacute;mula 73 do TST A ocorr&ecirc;ncia de justa causa, salvo a de abandono de emprego, no decurso do prazo do&nbsp;aviso pr&eacute;vio dado pelo empregador, retira do empregado qualquer direito&nbsp;&agrave;s verbas rescis&oacute;rias de natureza indenizat&oacute;ria.<\/span><\/span>\n<\/p>\n<p style=\"text-align: justify\">\n\t<img loading=\"lazy\" decoding=\"async\" alt=\"\" class=\"alignnone size-medium wp-image-70931\" height=\"300\" src=\"https:\/\/dhg1h5j42swfq.cloudfront.net\/2017\/04\/17030448\/15623885_373044443046279_5035317497738297344_n.jpg\" width=\"300\" srcset=\"https:\/\/dhg1h5j42swfq.cloudfront.net\/2017\/04\/17030448\/15623885_373044443046279_5035317497738297344_n.jpg 413w, https:\/\/dhg1h5j42swfq.cloudfront.net\/2017\/04\/17030448\/15623885_373044443046279_5035317497738297344_n.jpg 150w, https:\/\/dhg1h5j42swfq.cloudfront.net\/2017\/04\/17030448\/15623885_373044443046279_5035317497738297344_n.jpg 300w\" sizes=\"auto, (max-width: 300px) 100vw, 300px\" \/>\n<\/p>\n<p style=\"text-align: justify\">\n\tConfiram na aula&nbsp;demonstrativa do curso de &quot;S&uacute;mulas e Orienta&ccedil;&otilde;es Jurisprudenciais do TST &#8211; Direito do Trabalho&quot; outras quest&otilde;es sobre Aviso Pr&eacute;vio!\n<\/p>\n<p style=\"text-align: justify\">\n\t<a href=\"https:\/\/www.estrategiaconcursos.com.br\/curso\/questoes-objetivas-e-discursivas-direito-do-trabalho-r-sumulas-e-ojs-tst\/\">https:\/\/www.estrategiaconcursos.com.br\/curso\/questoes-objetivas-e-discursivas-direito-do-trabalho-r-sumulas-e-ojs-tst\/<\/a>\n<\/p>\n<p style=\"text-align: justify\">\n\t<span style=\"font-family:arial,helvetica,sans-serif\"><span style=\"font-size:12px\">Bons estudos!<\/span><\/span>\n<\/p>\n<p style=\"text-align: justify\">\n\t<span style=\"font-family:arial,helvetica,sans-serif\"><span style=\"font-size:12px\">Um forte abra&ccedil;o,<\/span><\/span>\n<\/p>\n<p style=\"text-align: justify\">\n\t<span style=\"font-family:arial,helvetica,sans-serif\"><span style=\"font-size:12px\">D&eacute;borah Paiva<\/span><\/span>\n<\/p>\n<p style=\"text-align: justify\">\n\t<span style=\"font-family:arial,helvetica,sans-serif\"><span style=\"font-size:12px\">professoradeborahpaiva@hotmail.com<\/span><\/span>\n<\/p>\n<p style=\"text-align: justify\">\n\t&nbsp;<\/p>\n","protected":false},"excerpt":{"rendered":"<p>Queridos alunos! Seguem duas quest&otilde;es recentes&nbsp;sobre o tema &quot;Aviso Pr&eacute;vio&quot; que abordaram S&uacute;mulas do TST. Observem: (FCC &ndash;Analista Judici&aacute;rio &ndash; &Aacute;rea Judici&aacute;ria &ndash; TRT 20&ordf; Regi&atilde;o &ndash; 2016) A notifica&ccedil;&atilde;o ou comunica&ccedil;&atilde;o antecipada que uma das partes faz &agrave; outra manifestando a sua inten&ccedil;&atilde;o em romper o contrato de trabalho &eacute; conceituada como aviso pr&eacute;vio. [&hellip;]<\/p>\n","protected":false},"author":408,"featured_media":0,"comment_status":"open","ping_status":"open","sticky":false,"template":"","format":"standard","meta":{"post_tipo":"article","footnotes":""},"categories":[1],"tags":[],"tax_estado":[],"class_list":["post-71577","post","type-post","status-publish","format-standard","hentry","category-cursos-e-concursos"],"acf":[],"yoast_head":"<!-- This site is optimized with the Yoast SEO Premium plugin v27.2 (Yoast SEO v27.2) - https:\/\/yoast.com\/product\/yoast-seo-premium-wordpress\/ -->\n<title>Quest\u00f5es Direito do Trabalho - S\u00famulas e Orienta\u00e7\u00f5es Jurisprudenciais do TST - Aviso Pr\u00e9vio<\/title>\n<meta name=\"robots\" content=\"index, follow, max-snippet:-1, max-image-preview:large, max-video-preview:-1\" \/>\n<link rel=\"canonical\" href=\"https:\/\/www.estrategiaconcursos.com.br\/blog\/questoes-direito-do-trabalho-sumulas-e-orientacoes-jurisprudenciais-do-tst-aviso-previo\/\" \/>\n<meta property=\"og:locale\" content=\"pt_BR\" \/>\n<meta property=\"og:type\" content=\"article\" \/>\n<meta property=\"og:title\" content=\"Quest\u00f5es Direito do Trabalho - S\u00famulas e Orienta\u00e7\u00f5es Jurisprudenciais do TST - Aviso Pr\u00e9vio\" \/>\n<meta property=\"og:description\" content=\"Queridos alunos! Seguem duas quest&otilde;es recentes&nbsp;sobre o tema &quot;Aviso Pr&eacute;vio&quot; que abordaram S&uacute;mulas do TST. Observem: (FCC &ndash;Analista Judici&aacute;rio &ndash; &Aacute;rea Judici&aacute;ria &ndash; TRT 20&ordf; Regi&atilde;o &ndash; 2016) A notifica&ccedil;&atilde;o ou comunica&ccedil;&atilde;o antecipada que uma das partes faz &agrave; outra manifestando a sua inten&ccedil;&atilde;o em romper o contrato de trabalho &eacute; conceituada como aviso pr&eacute;vio. [&hellip;]\" \/>\n<meta property=\"og:url\" content=\"https:\/\/www.estrategiaconcursos.com.br\/blog\/questoes-direito-do-trabalho-sumulas-e-orientacoes-jurisprudenciais-do-tst-aviso-previo\/\" \/>\n<meta property=\"og:site_name\" content=\"Estrat\u00e9gia Concursos\" \/>\n<meta property=\"article:published_time\" content=\"2017-04-23T22:20:00+00:00\" \/>\n<meta property=\"article:modified_time\" content=\"2017-04-23T22:28:58+00:00\" \/>\n<meta property=\"og:image\" content=\"https:\/\/www.estrategiaconcursos.com.br\/blog\/wp-content\/uploads\/2017\/04\/15623885_373044443046279_5035317497738297344_n-300x300.jpg\" \/>\n<meta name=\"author\" content=\"Deborah Paiva\" \/>\n<meta name=\"twitter:card\" content=\"summary_large_image\" \/>\n<meta name=\"twitter:creator\" content=\"@EstratConcursos\" \/>\n<meta name=\"twitter:site\" content=\"@EstratConcursos\" \/>\n<meta name=\"twitter:label1\" content=\"Escrito por\" \/>\n\t<meta name=\"twitter:data1\" content=\"Deborah Paiva\" \/>\n\t<meta name=\"twitter:label2\" content=\"Est. tempo de leitura\" \/>\n\t<meta name=\"twitter:data2\" content=\"6 minutos\" \/>\n<script type=\"application\/ld+json\" class=\"yoast-schema-graph\">{\"@context\":\"https:\/\/schema.org\",\"@graph\":[{\"@type\":\"NewsArticle\",\"@id\":\"https:\/\/www.estrategiaconcursos.com.br\/blog\/questoes-direito-do-trabalho-sumulas-e-orientacoes-jurisprudenciais-do-tst-aviso-previo\/#article\",\"isPartOf\":{\"@id\":\"https:\/\/www.estrategiaconcursos.com.br\/blog\/questoes-direito-do-trabalho-sumulas-e-orientacoes-jurisprudenciais-do-tst-aviso-previo\/\"},\"author\":{\"name\":\"Deborah Paiva\",\"@id\":\"https:\/\/www.estrategiaconcursos.com.br\/blog\/#\/schema\/person\/020032288bda52ebb06d54bdf1fec7ee\"},\"headline\":\"Quest\u00f5es Direito do Trabalho &#8211; S\u00famulas e Orienta\u00e7\u00f5es Jurisprudenciais do TST &#8211; Aviso Pr\u00e9vio\",\"datePublished\":\"2017-04-23T22:20:00+00:00\",\"dateModified\":\"2017-04-23T22:28:58+00:00\",\"mainEntityOfPage\":{\"@id\":\"https:\/\/www.estrategiaconcursos.com.br\/blog\/questoes-direito-do-trabalho-sumulas-e-orientacoes-jurisprudenciais-do-tst-aviso-previo\/\"},\"wordCount\":1212,\"commentCount\":2,\"publisher\":{\"@id\":\"https:\/\/www.estrategiaconcursos.com.br\/blog\/#organization\"},\"image\":{\"@id\":\"https:\/\/www.estrategiaconcursos.com.br\/blog\/questoes-direito-do-trabalho-sumulas-e-orientacoes-jurisprudenciais-do-tst-aviso-previo\/#primaryimage\"},\"thumbnailUrl\":\"https:\/\/www.estrategiaconcursos.com.br\/blog\/wp-content\/uploads\/2017\/04\/15623885_373044443046279_5035317497738297344_n-300x300.jpg\",\"articleSection\":[\"Concursos P\u00fablicos\"],\"inLanguage\":\"pt-BR\",\"potentialAction\":[{\"@type\":\"CommentAction\",\"name\":\"Comment\",\"target\":[\"https:\/\/www.estrategiaconcursos.com.br\/blog\/questoes-direito-do-trabalho-sumulas-e-orientacoes-jurisprudenciais-do-tst-aviso-previo\/#respond\"]}],\"copyrightYear\":\"2017\",\"copyrightHolder\":{\"@id\":\"https:\/\/www.estrategiaconcursos.com.br\/blog\/#organization\"}},{\"@type\":\"WebPage\",\"@id\":\"https:\/\/www.estrategiaconcursos.com.br\/blog\/questoes-direito-do-trabalho-sumulas-e-orientacoes-jurisprudenciais-do-tst-aviso-previo\/\",\"url\":\"https:\/\/www.estrategiaconcursos.com.br\/blog\/questoes-direito-do-trabalho-sumulas-e-orientacoes-jurisprudenciais-do-tst-aviso-previo\/\",\"name\":\"Quest\u00f5es Direito do Trabalho - S\u00famulas e Orienta\u00e7\u00f5es Jurisprudenciais do TST - Aviso Pr\u00e9vio\",\"isPartOf\":{\"@id\":\"https:\/\/www.estrategiaconcursos.com.br\/blog\/#website\"},\"primaryImageOfPage\":{\"@id\":\"https:\/\/www.estrategiaconcursos.com.br\/blog\/questoes-direito-do-trabalho-sumulas-e-orientacoes-jurisprudenciais-do-tst-aviso-previo\/#primaryimage\"},\"image\":{\"@id\":\"https:\/\/www.estrategiaconcursos.com.br\/blog\/questoes-direito-do-trabalho-sumulas-e-orientacoes-jurisprudenciais-do-tst-aviso-previo\/#primaryimage\"},\"thumbnailUrl\":\"https:\/\/www.estrategiaconcursos.com.br\/blog\/wp-content\/uploads\/2017\/04\/15623885_373044443046279_5035317497738297344_n-300x300.jpg\",\"datePublished\":\"2017-04-23T22:20:00+00:00\",\"dateModified\":\"2017-04-23T22:28:58+00:00\",\"breadcrumb\":{\"@id\":\"https:\/\/www.estrategiaconcursos.com.br\/blog\/questoes-direito-do-trabalho-sumulas-e-orientacoes-jurisprudenciais-do-tst-aviso-previo\/#breadcrumb\"},\"inLanguage\":\"pt-BR\",\"potentialAction\":[{\"@type\":\"ReadAction\",\"target\":[\"https:\/\/www.estrategiaconcursos.com.br\/blog\/questoes-direito-do-trabalho-sumulas-e-orientacoes-jurisprudenciais-do-tst-aviso-previo\/\"]}]},{\"@type\":\"ImageObject\",\"inLanguage\":\"pt-BR\",\"@id\":\"https:\/\/www.estrategiaconcursos.com.br\/blog\/questoes-direito-do-trabalho-sumulas-e-orientacoes-jurisprudenciais-do-tst-aviso-previo\/#primaryimage\",\"url\":\"https:\/\/dhg1h5j42swfq.cloudfront.net\/2017\/04\/17030448\/15623885_373044443046279_5035317497738297344_n.jpg\",\"contentUrl\":\"https:\/\/dhg1h5j42swfq.cloudfront.net\/2017\/04\/17030448\/15623885_373044443046279_5035317497738297344_n.jpg\",\"width\":413,\"height\":413},{\"@type\":\"BreadcrumbList\",\"@id\":\"https:\/\/www.estrategiaconcursos.com.br\/blog\/questoes-direito-do-trabalho-sumulas-e-orientacoes-jurisprudenciais-do-tst-aviso-previo\/#breadcrumb\",\"itemListElement\":[{\"@type\":\"ListItem\",\"position\":1,\"name\":\"In\u00edcio\",\"item\":\"https:\/\/www.estrategiaconcursos.com.br\/blog\/\"},{\"@type\":\"ListItem\",\"position\":2,\"name\":\"Quest\u00f5es Direito do Trabalho &#8211; S\u00famulas e Orienta\u00e7\u00f5es Jurisprudenciais do TST &#8211; Aviso Pr\u00e9vio\"}]},{\"@type\":\"WebSite\",\"@id\":\"https:\/\/www.estrategiaconcursos.com.br\/blog\/#website\",\"url\":\"https:\/\/www.estrategiaconcursos.com.br\/blog\/\",\"name\":\"Estrat\u00e9gia Concursos\",\"description\":\"O blog da Estrat\u00e9gia Concursos traz not\u00edcias sobre concursos e artigos de professores oferecendo cursos para concursos (pdf + videaulas) no site.\",\"publisher\":{\"@id\":\"https:\/\/www.estrategiaconcursos.com.br\/blog\/#organization\"},\"potentialAction\":[{\"@type\":\"SearchAction\",\"target\":{\"@type\":\"EntryPoint\",\"urlTemplate\":\"https:\/\/www.estrategiaconcursos.com.br\/blog\/?s={search_term_string}\"},\"query-input\":{\"@type\":\"PropertyValueSpecification\",\"valueRequired\":true,\"valueName\":\"search_term_string\"}}],\"inLanguage\":\"pt-BR\"},{\"@type\":\"Organization\",\"@id\":\"https:\/\/www.estrategiaconcursos.com.br\/blog\/#organization\",\"name\":\"Estrat\u00e9gia Concursos\",\"url\":\"https:\/\/www.estrategiaconcursos.com.br\/blog\/\",\"logo\":{\"@type\":\"ImageObject\",\"inLanguage\":\"pt-BR\",\"@id\":\"https:\/\/www.estrategiaconcursos.com.br\/blog\/#\/schema\/logo\/image\/\",\"url\":\"https:\/\/dhg1h5j42swfq.cloudfront.net\/2025\/06\/03203428\/logo_concursos-1.jpg\",\"contentUrl\":\"https:\/\/dhg1h5j42swfq.cloudfront.net\/2025\/06\/03203428\/logo_concursos-1.jpg\",\"width\":230,\"height\":60,\"caption\":\"Estrat\u00e9gia Concursos\"},\"image\":{\"@id\":\"https:\/\/www.estrategiaconcursos.com.br\/blog\/#\/schema\/logo\/image\/\"},\"sameAs\":[\"https:\/\/x.com\/EstratConcursos\"]},{\"@type\":\"Person\",\"@id\":\"https:\/\/www.estrategiaconcursos.com.br\/blog\/#\/schema\/person\/020032288bda52ebb06d54bdf1fec7ee\",\"name\":\"Deborah Paiva\",\"image\":{\"@type\":\"ImageObject\",\"inLanguage\":\"pt-BR\",\"@id\":\"https:\/\/secure.gravatar.com\/avatar\/a8272e1eb549c3fc129f06cc1c756a4dd7cf153c3cca338cd23580febd4d9d84?s=96&d=mm&r=g\",\"url\":\"https:\/\/secure.gravatar.com\/avatar\/a8272e1eb549c3fc129f06cc1c756a4dd7cf153c3cca338cd23580febd4d9d84?s=96&d=mm&r=g\",\"contentUrl\":\"https:\/\/secure.gravatar.com\/avatar\/a8272e1eb549c3fc129f06cc1c756a4dd7cf153c3cca338cd23580febd4d9d84?s=96&d=mm&r=g\",\"caption\":\"Deborah Paiva\"},\"url\":\"https:\/\/www.estrategiaconcursos.com.br\/blog\/author\/deborahpaivaestrategiaconcursos-com-br\/\"}]}<\/script>\n<!-- \/ Yoast SEO Premium plugin. -->","yoast_head_json":{"title":"Quest\u00f5es Direito do Trabalho - S\u00famulas e Orienta\u00e7\u00f5es Jurisprudenciais do TST - Aviso Pr\u00e9vio","robots":{"index":"index","follow":"follow","max-snippet":"max-snippet:-1","max-image-preview":"max-image-preview:large","max-video-preview":"max-video-preview:-1"},"canonical":"https:\/\/www.estrategiaconcursos.com.br\/blog\/questoes-direito-do-trabalho-sumulas-e-orientacoes-jurisprudenciais-do-tst-aviso-previo\/","og_locale":"pt_BR","og_type":"article","og_title":"Quest\u00f5es Direito do Trabalho - S\u00famulas e Orienta\u00e7\u00f5es Jurisprudenciais do TST - Aviso Pr\u00e9vio","og_description":"Queridos alunos! Seguem duas quest&otilde;es recentes&nbsp;sobre o tema &quot;Aviso Pr&eacute;vio&quot; que abordaram S&uacute;mulas do TST. Observem: (FCC &ndash;Analista Judici&aacute;rio &ndash; &Aacute;rea Judici&aacute;ria &ndash; TRT 20&ordf; Regi&atilde;o &ndash; 2016) A notifica&ccedil;&atilde;o ou comunica&ccedil;&atilde;o antecipada que uma das partes faz &agrave; outra manifestando a sua inten&ccedil;&atilde;o em romper o contrato de trabalho &eacute; conceituada como aviso pr&eacute;vio. [&hellip;]","og_url":"https:\/\/www.estrategiaconcursos.com.br\/blog\/questoes-direito-do-trabalho-sumulas-e-orientacoes-jurisprudenciais-do-tst-aviso-previo\/","og_site_name":"Estrat\u00e9gia Concursos","article_published_time":"2017-04-23T22:20:00+00:00","article_modified_time":"2017-04-23T22:28:58+00:00","og_image":[{"url":"https:\/\/www.estrategiaconcursos.com.br\/blog\/wp-content\/uploads\/2017\/04\/15623885_373044443046279_5035317497738297344_n-300x300.jpg","type":"","width":"","height":""}],"author":"Deborah Paiva","twitter_card":"summary_large_image","twitter_creator":"@EstratConcursos","twitter_site":"@EstratConcursos","twitter_misc":{"Escrito por":"Deborah Paiva","Est. tempo de leitura":"6 minutos"},"schema":{"@context":"https:\/\/schema.org","@graph":[{"@type":"NewsArticle","@id":"https:\/\/www.estrategiaconcursos.com.br\/blog\/questoes-direito-do-trabalho-sumulas-e-orientacoes-jurisprudenciais-do-tst-aviso-previo\/#article","isPartOf":{"@id":"https:\/\/www.estrategiaconcursos.com.br\/blog\/questoes-direito-do-trabalho-sumulas-e-orientacoes-jurisprudenciais-do-tst-aviso-previo\/"},"author":{"name":"Deborah Paiva","@id":"https:\/\/www.estrategiaconcursos.com.br\/blog\/#\/schema\/person\/020032288bda52ebb06d54bdf1fec7ee"},"headline":"Quest\u00f5es Direito do Trabalho &#8211; S\u00famulas e Orienta\u00e7\u00f5es Jurisprudenciais do TST &#8211; Aviso Pr\u00e9vio","datePublished":"2017-04-23T22:20:00+00:00","dateModified":"2017-04-23T22:28:58+00:00","mainEntityOfPage":{"@id":"https:\/\/www.estrategiaconcursos.com.br\/blog\/questoes-direito-do-trabalho-sumulas-e-orientacoes-jurisprudenciais-do-tst-aviso-previo\/"},"wordCount":1212,"commentCount":2,"publisher":{"@id":"https:\/\/www.estrategiaconcursos.com.br\/blog\/#organization"},"image":{"@id":"https:\/\/www.estrategiaconcursos.com.br\/blog\/questoes-direito-do-trabalho-sumulas-e-orientacoes-jurisprudenciais-do-tst-aviso-previo\/#primaryimage"},"thumbnailUrl":"https:\/\/www.estrategiaconcursos.com.br\/blog\/wp-content\/uploads\/2017\/04\/15623885_373044443046279_5035317497738297344_n-300x300.jpg","articleSection":["Concursos P\u00fablicos"],"inLanguage":"pt-BR","potentialAction":[{"@type":"CommentAction","name":"Comment","target":["https:\/\/www.estrategiaconcursos.com.br\/blog\/questoes-direito-do-trabalho-sumulas-e-orientacoes-jurisprudenciais-do-tst-aviso-previo\/#respond"]}],"copyrightYear":"2017","copyrightHolder":{"@id":"https:\/\/www.estrategiaconcursos.com.br\/blog\/#organization"}},{"@type":"WebPage","@id":"https:\/\/www.estrategiaconcursos.com.br\/blog\/questoes-direito-do-trabalho-sumulas-e-orientacoes-jurisprudenciais-do-tst-aviso-previo\/","url":"https:\/\/www.estrategiaconcursos.com.br\/blog\/questoes-direito-do-trabalho-sumulas-e-orientacoes-jurisprudenciais-do-tst-aviso-previo\/","name":"Quest\u00f5es Direito do Trabalho - S\u00famulas e Orienta\u00e7\u00f5es Jurisprudenciais do TST - Aviso Pr\u00e9vio","isPartOf":{"@id":"https:\/\/www.estrategiaconcursos.com.br\/blog\/#website"},"primaryImageOfPage":{"@id":"https:\/\/www.estrategiaconcursos.com.br\/blog\/questoes-direito-do-trabalho-sumulas-e-orientacoes-jurisprudenciais-do-tst-aviso-previo\/#primaryimage"},"image":{"@id":"https:\/\/www.estrategiaconcursos.com.br\/blog\/questoes-direito-do-trabalho-sumulas-e-orientacoes-jurisprudenciais-do-tst-aviso-previo\/#primaryimage"},"thumbnailUrl":"https:\/\/www.estrategiaconcursos.com.br\/blog\/wp-content\/uploads\/2017\/04\/15623885_373044443046279_5035317497738297344_n-300x300.jpg","datePublished":"2017-04-23T22:20:00+00:00","dateModified":"2017-04-23T22:28:58+00:00","breadcrumb":{"@id":"https:\/\/www.estrategiaconcursos.com.br\/blog\/questoes-direito-do-trabalho-sumulas-e-orientacoes-jurisprudenciais-do-tst-aviso-previo\/#breadcrumb"},"inLanguage":"pt-BR","potentialAction":[{"@type":"ReadAction","target":["https:\/\/www.estrategiaconcursos.com.br\/blog\/questoes-direito-do-trabalho-sumulas-e-orientacoes-jurisprudenciais-do-tst-aviso-previo\/"]}]},{"@type":"ImageObject","inLanguage":"pt-BR","@id":"https:\/\/www.estrategiaconcursos.com.br\/blog\/questoes-direito-do-trabalho-sumulas-e-orientacoes-jurisprudenciais-do-tst-aviso-previo\/#primaryimage","url":"https:\/\/dhg1h5j42swfq.cloudfront.net\/2017\/04\/17030448\/15623885_373044443046279_5035317497738297344_n.jpg","contentUrl":"https:\/\/dhg1h5j42swfq.cloudfront.net\/2017\/04\/17030448\/15623885_373044443046279_5035317497738297344_n.jpg","width":413,"height":413},{"@type":"BreadcrumbList","@id":"https:\/\/www.estrategiaconcursos.com.br\/blog\/questoes-direito-do-trabalho-sumulas-e-orientacoes-jurisprudenciais-do-tst-aviso-previo\/#breadcrumb","itemListElement":[{"@type":"ListItem","position":1,"name":"In\u00edcio","item":"https:\/\/www.estrategiaconcursos.com.br\/blog\/"},{"@type":"ListItem","position":2,"name":"Quest\u00f5es Direito do Trabalho &#8211; S\u00famulas e Orienta\u00e7\u00f5es Jurisprudenciais do TST &#8211; Aviso Pr\u00e9vio"}]},{"@type":"WebSite","@id":"https:\/\/www.estrategiaconcursos.com.br\/blog\/#website","url":"https:\/\/www.estrategiaconcursos.com.br\/blog\/","name":"Estrat\u00e9gia Concursos","description":"O blog da Estrat\u00e9gia Concursos traz not\u00edcias sobre concursos e artigos de professores oferecendo cursos para concursos (pdf + videaulas) no site.","publisher":{"@id":"https:\/\/www.estrategiaconcursos.com.br\/blog\/#organization"},"potentialAction":[{"@type":"SearchAction","target":{"@type":"EntryPoint","urlTemplate":"https:\/\/www.estrategiaconcursos.com.br\/blog\/?s={search_term_string}"},"query-input":{"@type":"PropertyValueSpecification","valueRequired":true,"valueName":"search_term_string"}}],"inLanguage":"pt-BR"},{"@type":"Organization","@id":"https:\/\/www.estrategiaconcursos.com.br\/blog\/#organization","name":"Estrat\u00e9gia Concursos","url":"https:\/\/www.estrategiaconcursos.com.br\/blog\/","logo":{"@type":"ImageObject","inLanguage":"pt-BR","@id":"https:\/\/www.estrategiaconcursos.com.br\/blog\/#\/schema\/logo\/image\/","url":"https:\/\/dhg1h5j42swfq.cloudfront.net\/2025\/06\/03203428\/logo_concursos-1.jpg","contentUrl":"https:\/\/dhg1h5j42swfq.cloudfront.net\/2025\/06\/03203428\/logo_concursos-1.jpg","width":230,"height":60,"caption":"Estrat\u00e9gia Concursos"},"image":{"@id":"https:\/\/www.estrategiaconcursos.com.br\/blog\/#\/schema\/logo\/image\/"},"sameAs":["https:\/\/x.com\/EstratConcursos"]},{"@type":"Person","@id":"https:\/\/www.estrategiaconcursos.com.br\/blog\/#\/schema\/person\/020032288bda52ebb06d54bdf1fec7ee","name":"Deborah Paiva","image":{"@type":"ImageObject","inLanguage":"pt-BR","@id":"https:\/\/secure.gravatar.com\/avatar\/a8272e1eb549c3fc129f06cc1c756a4dd7cf153c3cca338cd23580febd4d9d84?s=96&d=mm&r=g","url":"https:\/\/secure.gravatar.com\/avatar\/a8272e1eb549c3fc129f06cc1c756a4dd7cf153c3cca338cd23580febd4d9d84?s=96&d=mm&r=g","contentUrl":"https:\/\/secure.gravatar.com\/avatar\/a8272e1eb549c3fc129f06cc1c756a4dd7cf153c3cca338cd23580febd4d9d84?s=96&d=mm&r=g","caption":"Deborah Paiva"},"url":"https:\/\/www.estrategiaconcursos.com.br\/blog\/author\/deborahpaivaestrategiaconcursos-com-br\/"}]}},"_links":{"self":[{"href":"https:\/\/www.estrategiaconcursos.com.br\/blog\/wp-json\/wp\/v2\/posts\/71577","targetHints":{"allow":["GET"]}}],"collection":[{"href":"https:\/\/www.estrategiaconcursos.com.br\/blog\/wp-json\/wp\/v2\/posts"}],"about":[{"href":"https:\/\/www.estrategiaconcursos.com.br\/blog\/wp-json\/wp\/v2\/types\/post"}],"author":[{"embeddable":true,"href":"https:\/\/www.estrategiaconcursos.com.br\/blog\/wp-json\/wp\/v2\/users\/408"}],"replies":[{"embeddable":true,"href":"https:\/\/www.estrategiaconcursos.com.br\/blog\/wp-json\/wp\/v2\/comments?post=71577"}],"version-history":[{"count":2,"href":"https:\/\/www.estrategiaconcursos.com.br\/blog\/wp-json\/wp\/v2\/posts\/71577\/revisions"}],"predecessor-version":[{"id":71580,"href":"https:\/\/www.estrategiaconcursos.com.br\/blog\/wp-json\/wp\/v2\/posts\/71577\/revisions\/71580"}],"wp:attachment":[{"href":"https:\/\/www.estrategiaconcursos.com.br\/blog\/wp-json\/wp\/v2\/media?parent=71577"}],"wp:term":[{"taxonomy":"category","embeddable":true,"href":"https:\/\/www.estrategiaconcursos.com.br\/blog\/wp-json\/wp\/v2\/categories?post=71577"},{"taxonomy":"post_tag","embeddable":true,"href":"https:\/\/www.estrategiaconcursos.com.br\/blog\/wp-json\/wp\/v2\/tags?post=71577"},{"taxonomy":"tax_estado","embeddable":true,"href":"https:\/\/www.estrategiaconcursos.com.br\/blog\/wp-json\/wp\/v2\/tax_estado?post=71577"}],"curies":[{"name":"wp","href":"https:\/\/api.w.org\/{rel}","templated":true}]}}