{"id":715356,"date":"2021-04-28T00:00:00","date_gmt":"2021-04-28T03:00:00","guid":{"rendered":"https:\/\/www.estrategiaconcursos.com.br\/blog\/?p=715356"},"modified":"2021-05-03T19:13:32","modified_gmt":"2021-05-03T22:13:32","slug":"processo-seletivo-agu","status":"publish","type":"post","link":"https:\/\/www.estrategiaconcursos.com.br\/blog\/processo-seletivo-agu\/","title":{"rendered":"Processo Seletivo AGU: inscri\u00e7\u00f5es encerradas! 110 vagas"},"content":{"rendered":"\n<p>O per\u00edodo de inscri\u00e7\u00f5es do Processo Seletivo AGU est\u00e1 encerrado para os dois editais publicados pela Advocacia-Geral da Uni\u00e3o. S\u00e3o ofertadas na sele\u00e7\u00e3o 110 vagas tempor\u00e1rias. O&nbsp;<strong>primeiro edital (n\u00famero 6) oferta 100 vagas<\/strong>, sendo&nbsp;<strong>50<\/strong>&nbsp;para o cargo de atividades t\u00e9cnicas de forma\u00e7\u00e3o espec\u00edfica (profissional de apoio),&nbsp;<strong>de n\u00edvel m\u00e9dio<\/strong>. <\/p>\n\n\n\n<p>As outras <strong>50<\/strong> vagas s\u00e3o para o cargo de atividades t\u00e9cnicas de suporte (profissional de apoio), de n\u00edvel superior em qualquer \u00e1rea. O&nbsp;<strong>segundo edital (n\u00famero 7) conta com dez vagas<\/strong>, sendo todas de n\u00edvel superior. As primeiras cinco vagas s\u00e3o para profissionais de atividades t\u00e9cnicas de complexidade gerencial (gerente), com gradua\u00e7\u00e3o em&nbsp;Administra\u00e7\u00e3o, Gest\u00e3o de Recursos Humanos, Gest\u00e3o P\u00fablica ou qualquer \u00e1rea correlata.<\/p>\n\n\n\n<p>As outras <strong>cinco vagas<\/strong> s\u00e3o para atividades t\u00e9cnicas de tecnologia da informa\u00e7\u00e3o (t\u00e9cnico) e exigem a gradua\u00e7\u00e3o em An\u00e1lise de Sistemas, TI, Ci\u00eancia da Computa\u00e7\u00e3o ou qualquer \u00e1rea correlata.  A sele\u00e7\u00e3o ser\u00e1 feita atrav\u00e9s de avalia\u00e7\u00e3o de t\u00edtulos. <\/p>\n\n\n\n<ul class=\"wp-block-list\"><li><a href=\"#atual\">Situa\u00e7\u00e3o atual do concurso<\/a><\/li><li><a href=\"#carreira\">Carreira<\/a><ul><li><a href=\"#vagas\">Cargos e Vagas<\/a><\/li><li><a href=\"#salario\">Sal\u00e1rios e Benef\u00edcios<\/a> <\/li><\/ul><\/li><li><a href=\"#etapas\">Etapas do concurso<\/a><ul><li><a href=\"#t\u00edtulo\">Avalia\u00e7\u00e3o de T\u00edtulos <\/a><\/li><\/ul><\/li><li><a href=\"#cursos\">Cursos e Assinaturas <\/a><\/li><li><a href=\"#ficha\">Ficha T\u00e9cnica <\/a><\/li><\/ul>\n\n\n\n<h2 class=\"wp-block-heading\" id=\"atual\">Processo Seletivo AGU: Situa\u00e7\u00e3o atual<\/h2>\n\n\n\n<figure class=\"wp-block-table is-style-stripes\"><table class=\"has-subtle-pale-blue-background-color has-background\"><tbody><tr><\/tr><tr><td class=\"has-text-align-center\" data-align=\"center\">ETAPAS<\/td><td class=\"has-text-align-center\" data-align=\"center\">DADOS<\/td><\/tr><tr><td class=\"has-text-align-center\" data-align=\"center\">Publica\u00e7\u00e3o do Edital de abertura de inscri\u00e7\u00f5es<\/td><td class=\"has-text-align-center\" data-align=\"center\"><s>16\/04\/2021<\/s><\/td><\/tr><tr><td class=\"has-text-align-center\" data-align=\"center\">Prazo para impugna\u00e7\u00e3o do Edital de abertura de inscri\u00e7\u00f5es<\/td><td class=\"has-text-align-center\" data-align=\"center\"><s>16 a 18\/04\/2021<\/s><\/td><\/tr><tr><td class=\"has-text-align-center\" data-align=\"center\">Per\u00edodo de inscri\u00e7\u00f5es<\/td><td class=\"has-text-align-center\" data-align=\"center\"><s>20 a 28\/04\/2021<\/s><\/td><\/tr><tr><td class=\"has-text-align-center\" data-align=\"center\">Divulga\u00e7\u00e3o da rela\u00e7\u00e3o preliminar dos candidatos com inscri\u00e7\u00e3o deferida para concorrer como pessoa com defici\u00eancia<\/td><td class=\"has-text-align-center\" data-align=\"center\">10\/05\/2021<\/td><\/tr><tr><td class=\"has-text-align-center\" data-align=\"center\">Prazo para interposi\u00e7\u00e3o de recurso quanto ao indeferimento para concorrer como pessoa com defici\u00eancia<\/td><td class=\"has-text-align-center\" data-align=\"center\">11\/05\/2021<\/td><\/tr><tr><td class=\"has-text-align-center\" data-align=\"center\">Divulga\u00e7\u00e3o do resultado da an\u00e1lise dos recursos, com a divulga\u00e7\u00e3o da rela\u00e7\u00e3o final dos candidatos com inscri\u00e7\u00e3o deferida para concorrer como pessoa com defici\u00eancia<\/td><td class=\"has-text-align-center\" data-align=\"center\">13\/05\/2021<\/td><\/tr><tr><td class=\"has-text-align-center\" data-align=\"center\">Divulga\u00e7\u00e3o da rela\u00e7\u00e3o preliminar de classifica\u00e7\u00e3o dos candidatos<\/td><td class=\"has-text-align-center\" data-align=\"center\">13\/05\/2021<\/td><\/tr><tr><td class=\"has-text-align-center\" data-align=\"center\">Prazo para interposi\u00e7\u00e3o de recurso quanto \u00e0 rela\u00e7\u00e3o preliminar de classifica\u00e7\u00e3o dos candidatos<\/td><td class=\"has-text-align-center\" data-align=\"center\">14 a 16\/5\/2021<\/td><\/tr><tr><td class=\"has-text-align-center\" data-align=\"center\">Publica\u00e7\u00e3o do resultado da an\u00e1lise dos recursos, com a divulga\u00e7\u00e3o da rela\u00e7\u00e3o final de classifica\u00e7\u00e3o dos candidatos e convoca\u00e7\u00e3o para a avalia\u00e7\u00e3o biopsicossocial e para o procedimento de heteroidentifica\u00e7\u00e3o heteroidentifica\u00e7\u00e3o<\/td><td class=\"has-text-align-center\" data-align=\"center\">24\/5\/2021, a partir das 13h<\/td><\/tr><tr><td class=\"has-text-align-center\" data-align=\"center\">Per\u00edodo para realiza\u00e7\u00e3o da avalia\u00e7\u00e3o biopsicossocial<\/td><td class=\"has-text-align-center\" data-align=\"center\">25 a 27\/5\/2021<\/td><\/tr><tr><td class=\"has-text-align-center\" data-align=\"center\">Per\u00edodo para realiza\u00e7\u00e3o do procedimento de heteroidentifica\u00e7\u00e3o heteroidentifica\u00e7\u00e3o<\/td><td class=\"has-text-align-center\" data-align=\"center\">25 a 27\/5\/2021<\/td><\/tr><tr><td class=\"has-text-align-center\" data-align=\"center\">Publica\u00e7\u00e3o do resultado provis\u00f3rio da avalia\u00e7\u00e3o biopsicossocial e do procedimento de heteroidentifica\u00e7\u00e3o heteroidentifica\u00e7\u00e3o<\/td><td class=\"has-text-align-center\" data-align=\"center\">At\u00e9 28\/5\/2021<\/td><\/tr><tr><td class=\"has-text-align-center\" data-align=\"center\">Prazo para interposi\u00e7\u00e3o de recursos contra o resultado provis\u00f3rio da avalia\u00e7\u00e3o biopsicossocial e do procedimento de heteroidentifica\u00e7\u00e3o heteroidentifica\u00e7\u00e3o<\/td><td class=\"has-text-align-center\" data-align=\"center\">31\/5\/2021<\/td><\/tr><tr><td class=\"has-text-align-center\" data-align=\"center\">Publica\u00e7\u00e3o do resultado final do processo seletivo<\/td><td class=\"has-text-align-center\" data-align=\"center\">At\u00e9 08\/06\/2021<\/td><\/tr><\/tbody><\/table><\/figure>\n\n\n\n<h2 class=\"wp-block-heading\" id=\"carreira\">Processo Seletivo AGU: Carreira<\/h2>\n\n\n\n<h3 class=\"wp-block-heading\" id=\"vagas\">Cargos e Vagas<\/h3>\n\n\n\n<h4 class=\"wp-block-heading\" id=\"h-edital-6\">Edital 6<\/h4>\n\n\n\n<figure class=\"wp-block-table is-style-stripes\"><table class=\"has-subtle-pale-green-background-color has-background\"><tbody><tr><td class=\"has-text-align-center\" data-align=\"center\"><\/td><\/tr><tr><td class=\"has-text-align-center\" data-align=\"center\"><strong>CARGO<\/strong><\/td><td class=\"has-text-align-center\" data-align=\"center\"><strong>LOCALIDADE<\/strong><\/td><td class=\"has-text-align-center\" data-align=\"center\"><strong>VAGAS AMPLA<\/strong><\/td><td class=\"has-text-align-center\" data-align=\"center\"><strong>VAGAS NEGROS<\/strong><\/td><td class=\"has-text-align-center\" data-align=\"center\"><strong>VAGAS PCD<\/strong><\/td><td class=\"has-text-align-center\" data-align=\"center\"><strong>TOTAL DE VAGAS POR LOCALIDADE<\/strong><\/td><td class=\"has-text-align-center\" data-align=\"center\"><strong>TOTAL DE VAGAS\/CARGO<\/strong><\/td><\/tr><tr><td class=\"has-text-align-center\" data-align=\"center\">Atividades T\u00e9cnicas de Forma\u00e7\u00e3o Espec\u00edfica (profissional de apoio)<\/td><td class=\"has-text-align-center\" data-align=\"center\">Procuradoria-Regional da Uni\u00e3o da 1\u00aa Regi\u00e3o &#8211; Bras\u00edlia\/DF<\/td><td class=\"has-text-align-center\" data-align=\"center\">7<\/td><td class=\"has-text-align-center\" data-align=\"center\">2<\/td><td class=\"has-text-align-center\" data-align=\"center\">1<\/td><td class=\"has-text-align-center\" data-align=\"center\">10<\/td><td class=\"has-text-align-center\" data-align=\"center\">50<\/td><\/tr><tr><td class=\"has-text-align-center\" data-align=\"center\"><\/td><td class=\"has-text-align-center\" data-align=\"center\">Procuradoria-Regional da Uni\u00e3o da 2\u00aa Regi\u00e3o &#8211; Rio de Janeiro\/RJ<\/td><td class=\"has-text-align-center\" data-align=\"center\">7<\/td><td class=\"has-text-align-center\" data-align=\"center\">2<\/td><td class=\"has-text-align-center\" data-align=\"center\">1<\/td><td class=\"has-text-align-center\" data-align=\"center\">10<\/td><td class=\"has-text-align-center\" data-align=\"center\"><\/td><\/tr><tr><td class=\"has-text-align-center\" data-align=\"center\"><\/td><td class=\"has-text-align-center\" data-align=\"center\">Procuradoria-Regional da Uni\u00e3o da 3\u00aa Regi\u00e3o &#8211; S\u00e3o Paulo\/SP<\/td><td class=\"has-text-align-center\" data-align=\"center\">7<\/td><td class=\"has-text-align-center\" data-align=\"center\">2<\/td><td class=\"has-text-align-center\" data-align=\"center\">1<\/td><td class=\"has-text-align-center\" data-align=\"center\">10<\/td><td class=\"has-text-align-center\" data-align=\"center\"><\/td><\/tr><tr><td class=\"has-text-align-center\" data-align=\"center\"><\/td><td class=\"has-text-align-center\" data-align=\"center\">Procuradoria-Regional da Uni\u00e3o da 4\u00aa Regi\u00e3o &#8211; Porto Alegre\/RS<\/td><td class=\"has-text-align-center\" data-align=\"center\">7<\/td><td class=\"has-text-align-center\" data-align=\"center\">2<\/td><td class=\"has-text-align-center\" data-align=\"center\">1<\/td><td class=\"has-text-align-center\" data-align=\"center\">10<\/td><td class=\"has-text-align-center\" data-align=\"center\"><\/td><\/tr><tr><td class=\"has-text-align-center\" data-align=\"center\"><\/td><td class=\"has-text-align-center\" data-align=\"center\">Procuradoria-Regional da Uni\u00e3o da 5\u00aa Regi\u00e3o &#8211; Recife\/PE<\/td><td class=\"has-text-align-center\" data-align=\"center\">7<\/td><td class=\"has-text-align-center\" data-align=\"center\">2<\/td><td class=\"has-text-align-center\" data-align=\"center\">1<\/td><td class=\"has-text-align-center\" data-align=\"center\">10<\/td><td class=\"has-text-align-center\" data-align=\"center\"><\/td><\/tr><tr><td class=\"has-text-align-center\" data-align=\"center\">Atividades T\u00e9cnicas de Suporte(profissional de apoio)<\/td><td class=\"has-text-align-center\" data-align=\"center\">Procuradoria-Regional da Uni\u00e3o da 1\u00aa Regi\u00e3o &#8211; Bras\u00edlia\/DF<\/td><td class=\"has-text-align-center\" data-align=\"center\">7<\/td><td class=\"has-text-align-center\" data-align=\"center\">2<\/td><td class=\"has-text-align-center\" data-align=\"center\">1<\/td><td class=\"has-text-align-center\" data-align=\"center\">10<\/td><td class=\"has-text-align-center\" data-align=\"center\">50<\/td><\/tr><tr><td class=\"has-text-align-center\" data-align=\"center\"><\/td><td class=\"has-text-align-center\" data-align=\"center\">Procuradoria-Regional da Uni\u00e3o da 2\u00aa Regi\u00e3o &#8211; Rio de Janeiro\/RJ<\/td><td class=\"has-text-align-center\" data-align=\"center\">7<\/td><td class=\"has-text-align-center\" data-align=\"center\">2<\/td><td class=\"has-text-align-center\" data-align=\"center\">1<\/td><td class=\"has-text-align-center\" data-align=\"center\">10<\/td><td class=\"has-text-align-center\" data-align=\"center\"><\/td><\/tr><tr><td class=\"has-text-align-center\" data-align=\"center\"><\/td><td class=\"has-text-align-center\" data-align=\"center\">Procuradoria-Regional da Uni\u00e3o da 3\u00aa Regi\u00e3o &#8211; S\u00e3o Paulo\/SP<\/td><td class=\"has-text-align-center\" data-align=\"center\">7<\/td><td class=\"has-text-align-center\" data-align=\"center\">2<\/td><td class=\"has-text-align-center\" data-align=\"center\">1<\/td><td class=\"has-text-align-center\" data-align=\"center\">10<\/td><td class=\"has-text-align-center\" data-align=\"center\"><\/td><\/tr><tr><td class=\"has-text-align-center\" data-align=\"center\"><\/td><td class=\"has-text-align-center\" data-align=\"center\">Procuradoria-Regional da Uni\u00e3o da 4\u00aa Regi\u00e3o &#8211; Porto Alegre\/RS<\/td><td class=\"has-text-align-center\" data-align=\"center\">7<\/td><td class=\"has-text-align-center\" data-align=\"center\">2<\/td><td class=\"has-text-align-center\" data-align=\"center\">1<\/td><td class=\"has-text-align-center\" data-align=\"center\">10<\/td><td class=\"has-text-align-center\" data-align=\"center\"><\/td><\/tr><tr><td class=\"has-text-align-center\" data-align=\"center\"><\/td><td class=\"has-text-align-center\" data-align=\"center\">Procuradoria-Regional da Uni\u00e3o da 5\u00aa Regi\u00e3o &#8211; Recife\/PE<\/td><td class=\"has-text-align-center\" data-align=\"center\">7<\/td><td class=\"has-text-align-center\" data-align=\"center\">2<\/td><td class=\"has-text-align-center\" data-align=\"center\">1<\/td><td class=\"has-text-align-center\" data-align=\"center\">10<\/td><\/tr><\/tbody><\/table><\/figure>\n\n\n\n<h4 class=\"wp-block-heading\" id=\"h-edital-7\">Edital 7<\/h4>\n\n\n\n<figure class=\"wp-block-table is-style-stripes\"><table class=\"has-subtle-pale-blue-background-color has-background\"><tbody><tr><\/tr><tr><td class=\"has-text-align-center\" data-align=\"center\">CARGO<\/td><td class=\"has-text-align-center\" data-align=\"center\">LOCALIDADE<\/td><td class=\"has-text-align-center\" data-align=\"center\">VAGAS AMPLA<\/td><td class=\"has-text-align-center\" data-align=\"center\">VAGAS NEGROS<\/td><td class=\"has-text-align-center\" data-align=\"center\">VAGAS PCD<\/td><td class=\"has-text-align-center\" data-align=\"center\">TOTAL DE VAGAS POR LOCALIDADE<\/td><td class=\"has-text-align-center\" data-align=\"center\">TOTAL DE VAGAS \/ CARGO<\/td><\/tr><tr><td class=\"has-text-align-center\" data-align=\"center\">Atividades T\u00e9cnicas de Complexidade Gerencial(gerente)<\/td><td class=\"has-text-align-center\" data-align=\"center\">Procuradoria-Regional da Uni\u00e3o da 1\u00aa Regi\u00e3o &#8211; Bras\u00edlia \/ DF<\/td><td class=\"has-text-align-center\" data-align=\"center\">3<\/td><td class=\"has-text-align-center\" data-align=\"center\">1<\/td><td class=\"has-text-align-center\" data-align=\"center\">1<\/td><td class=\"has-text-align-center\" data-align=\"center\">1<\/td><td class=\"has-text-align-center\" data-align=\"center\">5<\/td><\/tr><tr><td class=\"has-text-align-center\" data-align=\"center\"><\/td><td class=\"has-text-align-center\" data-align=\"center\">Procuradoria-Regional da Uni\u00e3o da 2\u00aa Regi\u00e3o &#8211; Rio de Janeiro \/ RJ<\/td><td class=\"has-text-align-center\" data-align=\"center\"><\/td><td class=\"has-text-align-center\" data-align=\"center\"><\/td><td class=\"has-text-align-center\" data-align=\"center\"><\/td><td class=\"has-text-align-center\" data-align=\"center\"><\/td><td class=\"has-text-align-center\" data-align=\"center\"><\/td><\/tr><tr><td class=\"has-text-align-center\" data-align=\"center\"><\/td><td class=\"has-text-align-center\" data-align=\"center\">Procuradoria-Regional da Uni\u00e3o da 3\u00aa Regi\u00e3o &#8211; S\u00e3o Paulo \/ SP<\/td><td class=\"has-text-align-center\" data-align=\"center\"><\/td><td class=\"has-text-align-center\" data-align=\"center\"><\/td><td class=\"has-text-align-center\" data-align=\"center\"><\/td><td class=\"has-text-align-center\" data-align=\"center\"><\/td><td class=\"has-text-align-center\" data-align=\"center\"><\/td><\/tr><tr><td class=\"has-text-align-center\" data-align=\"center\"><\/td><td class=\"has-text-align-center\" data-align=\"center\">Procuradoria-Regional da Uni\u00e3o da 4\u00aa Regi\u00e3o &#8211; Porto Alegre \/ RS<\/td><td class=\"has-text-align-center\" data-align=\"center\"><\/td><td class=\"has-text-align-center\" data-align=\"center\"><\/td><td class=\"has-text-align-center\" data-align=\"center\"><\/td><td class=\"has-text-align-center\" data-align=\"center\"><\/td><td class=\"has-text-align-center\" data-align=\"center\"><\/td><\/tr><tr><td class=\"has-text-align-center\" data-align=\"center\"><\/td><td class=\"has-text-align-center\" data-align=\"center\">Procuradoria-Regional da Uni\u00e3o da 5\u00aa Regi\u00e3o &#8211; Recife \/ PE<\/td><td class=\"has-text-align-center\" data-align=\"center\"><\/td><td class=\"has-text-align-center\" data-align=\"center\"><\/td><td class=\"has-text-align-center\" data-align=\"center\"><\/td><td class=\"has-text-align-center\" data-align=\"center\"><\/td><td class=\"has-text-align-center\" data-align=\"center\"><\/td><\/tr><tr><td class=\"has-text-align-center\" data-align=\"center\">Atividades T\u00e9cnicas de Tecnologia da Informa\u00e7\u00e3o(t\u00e9cnico)<\/td><td class=\"has-text-align-center\" data-align=\"center\">Diretoria de Tecnologia da Informa\u00e7\u00e3o &#8211; Bras\u00edlia \/ DF<\/td><td class=\"has-text-align-center\" data-align=\"center\">3<\/td><td class=\"has-text-align-center\" data-align=\"center\">1<\/td><td class=\"has-text-align-center\" data-align=\"center\">1<\/td><td class=\"has-text-align-center\" data-align=\"center\">5<\/td><td class=\"has-text-align-center\" data-align=\"center\">5<\/td><\/tr><\/tbody><\/table><\/figure>\n\n\n\n<h3 class=\"wp-block-heading\" id=\"salario\">Sal\u00e1rios e Benef\u00edcios<\/h3>\n\n\n\n<ul class=\"wp-block-list\"><li><strong>Atividades t\u00e9cnicas de forma\u00e7\u00e3o espec\u00edfica (profissional de apoio)<\/strong> &#8211; R$ 1.700,00<\/li><li><strong>Atividades t\u00e9cnicas de suporte (profissional de apoio) <\/strong>&#8211; R$ 3.800,00<\/li><li><strong>Profissionais de atividades t\u00e9cnicas de complexidade gerencial (gerente)<\/strong> &#8211; R$8.300,00<\/li><li><strong>Atividades t\u00e9cnicas de tecnologia da informa\u00e7\u00e3o (t\u00e9cnico)<\/strong> &#8211; R$8.300,00<\/li><\/ul>\n\n\n\n<h2 class=\"wp-block-heading\" id=\"etapas\">Processo Seletivo AGU: Etapas<\/h2>\n\n\n\n<h3 class=\"wp-block-heading\" id=\"t\u00edtulo\">Avalia\u00e7\u00e3o de T\u00edtulos<\/h3>\n\n\n\n<h4 class=\"wp-block-heading\" id=\"h-processo-seletivo-agu-edital-6\"><strong>Processo Seletivo AGU<\/strong>: Edital 6<\/h4>\n\n\n\n<p>A avalia\u00e7\u00e3o de t\u00edtulos e da experi\u00eancia profissional al\u00e9m do m\u00ednimo exigido para o cargo ter\u00e1 car\u00e1ter meramente classificat\u00f3rio. O envio dos documentos relativos \u00e0 avalia\u00e7\u00e3o de t\u00edtulos e comprova\u00e7\u00e3o de experi\u00eancia pr\u00e9via \u00e9 obrigat\u00f3ria. O candidato que n\u00e3o entregar o t\u00edtulo ou comprova\u00e7\u00e3o de experi\u00eancia pr\u00e9via ser\u00e1 eliminado do Processo Seletivo Simplificado.<\/p>\n\n\n\n<p>Para o cargo de Atividades T\u00e9cnicas de Forma\u00e7\u00e3o Espec\u00edfica (profissional de apoio) &#8211; Pr\u00e9-requisito: N\u00edvel M\u00e9dio<\/p>\n\n\n\n<figure class=\"wp-block-table is-style-stripes\"><table class=\"has-subtle-pale-pink-background-color has-background\"><tbody><tr><\/tr><tr><td class=\"has-text-align-center\" data-align=\"center\">Item<\/td><td class=\"has-text-align-center\" data-align=\"center\">T\u00edtulos \/ Experi\u00eancia Profissional<\/td><td class=\"has-text-align-center\" data-align=\"center\">Comprova\u00e7\u00e3o<\/td><td class=\"has-text-align-center\" data-align=\"center\">Pontua\u00e7\u00e3o Unit\u00e1ria<\/td><td class=\"has-text-align-center\" data-align=\"center\">Pontua\u00e7\u00e3o M\u00e1xima<\/td><\/tr><tr><td class=\"has-text-align-center\" data-align=\"center\">1<\/td><td class=\"has-text-align-center\" data-align=\"center\">Forma\u00e7\u00e3o Acad\u00eamica reconhecida pelo Minist\u00e9rio da Educa\u00e7\u00e3o<\/td><\/tr><tr><td class=\"has-text-align-center\" data-align=\"center\">1.1<\/td><td class=\"has-text-align-center\" data-align=\"center\">Doutorado Completo<\/td><td class=\"has-text-align-center\" data-align=\"center\">T\u00edtulo de Doutor em qualquer \u00e1rea de atua\u00e7\u00e3o, conclu\u00eddo at\u00e9 a data do envio do documento comprobat\u00f3rio. *<\/td><td class=\"has-text-align-center\" data-align=\"center\">2,00 pontos<\/td><td class=\"has-text-align-center\" data-align=\"center\">2,00 pontos<\/td><\/tr><tr><td class=\"has-text-align-center\" data-align=\"center\">1.2<\/td><td class=\"has-text-align-center\" data-align=\"center\">Mestrado Completo<\/td><td class=\"has-text-align-center\" data-align=\"center\">T\u00edtulo de Mestre em qualquer \u00e1rea de atua\u00e7\u00e3o, conclu\u00eddo at\u00e9 a data do envio do documento comprobat\u00f3rio. *<\/td><td class=\"has-text-align-center\" data-align=\"center\">1,50 ponto<\/td><td class=\"has-text-align-center\" data-align=\"center\">1,50 ponto<\/td><\/tr><tr><td class=\"has-text-align-center\" data-align=\"center\">1.3<\/td><td class=\"has-text-align-center\" data-align=\"center\">Especializa\u00e7\u00e3o Lato Sensu<\/td><td class=\"has-text-align-center\" data-align=\"center\">Lato Sensu em qualquer \u00e1rea de atua\u00e7\u00e3o, conclu\u00eddo at\u00e9 a data do envio do documento comprobat\u00f3rio. **<\/td><td class=\"has-text-align-center\" data-align=\"center\">1,00 ponto<\/td><td class=\"has-text-align-center\" data-align=\"center\">2,00 pontos<\/td><\/tr><tr><td class=\"has-text-align-center\" data-align=\"center\">2<\/td><td class=\"has-text-align-center\" data-align=\"center\">Experi\u00eancia Pr\u00e9via<\/td><\/tr><tr><td class=\"has-text-align-center\" data-align=\"center\">2.1<\/td><td class=\"has-text-align-center\" data-align=\"center\">Experi\u00eancia pr\u00e9via al\u00e9m do m\u00ednimo de 1 (um) ano relacionada a triagem e tratamento de processos judiciais<\/td><td class=\"has-text-align-center\" data-align=\"center\">Para cada 1 (um) ano de experi\u00eancia que excede ao tempo m\u00ednimo exigido no ANEXO II, at\u00e9 o limite de 8 anos de experi\u00eancia comprovada ***<\/td><td class=\"has-text-align-center\" data-align=\"center\">1,00 ponto<\/td><td class=\"has-text-align-center\" data-align=\"center\">8,00 pontos<\/td><\/tr><\/tbody><\/table><\/figure>\n\n\n\n<p>Para o cargo de Atividades T\u00e9cnicas de Suporte (profissional de apoio) &#8211; Pr\u00e9-requisito: N\u00edvel Superior<\/p>\n\n\n\n<figure class=\"wp-block-table is-style-stripes\"><table><tbody><tr><\/tr><tr><td class=\"has-text-align-center\" data-align=\"center\">Item<\/td><td class=\"has-text-align-center\" data-align=\"center\">T\u00edtulos \/ Experi\u00eancia Profissional<\/td><td class=\"has-text-align-center\" data-align=\"center\">Comprova\u00e7\u00e3o<\/td><td class=\"has-text-align-center\" data-align=\"center\">Pontua\u00e7\u00e3o Unit\u00e1ria<\/td><td class=\"has-text-align-center\" data-align=\"center\">Pontua\u00e7\u00e3o M\u00e1xima<\/td><\/tr><tr><td class=\"has-text-align-center\" data-align=\"center\">1<\/td><td class=\"has-text-align-center\" data-align=\"center\">Forma\u00e7\u00e3o Acad\u00eamica reconhecida pelo Minist\u00e9rio da Educa\u00e7\u00e3o<\/td><\/tr><tr><td class=\"has-text-align-center\" data-align=\"center\">1.1<\/td><td class=\"has-text-align-center\" data-align=\"center\">Doutorado Completo<\/td><td class=\"has-text-align-center\" data-align=\"center\">T\u00edtulo de Doutor em qualquer \u00e1rea de atua\u00e7\u00e3o, conclu\u00eddo at\u00e9 a data do envio do documento comprobat\u00f3rio. *<\/td><td class=\"has-text-align-center\" data-align=\"center\">2,00 pontos<\/td><td class=\"has-text-align-center\" data-align=\"center\">2,00 pontos<\/td><\/tr><tr><td class=\"has-text-align-center\" data-align=\"center\">1.2<\/td><td class=\"has-text-align-center\" data-align=\"center\">Mestrado Completo<\/td><td class=\"has-text-align-center\" data-align=\"center\">T\u00edtulo de Mestre em qualquer \u00e1rea de atua\u00e7\u00e3o, conclu\u00eddo at\u00e9 a data do envio do documento comprobat\u00f3rio. *<\/td><td class=\"has-text-align-center\" data-align=\"center\">1,50 ponto<\/td><td class=\"has-text-align-center\" data-align=\"center\">1,50 ponto<\/td><\/tr><tr><td class=\"has-text-align-center\" data-align=\"center\">1.3<\/td><td class=\"has-text-align-center\" data-align=\"center\">Especializa\u00e7\u00e3o Lato Sensu<\/td><td class=\"has-text-align-center\" data-align=\"center\">Lato Sensu em qualquer \u00e1rea de atua\u00e7\u00e3o, conclu\u00eddo at\u00e9 a data do envio do documento comprobat\u00f3rio. **<\/td><td class=\"has-text-align-center\" data-align=\"center\">1,00 ponto<\/td><td class=\"has-text-align-center\" data-align=\"center\">2,00 pontos<\/td><\/tr><tr><td class=\"has-text-align-center\" data-align=\"center\">1.4<\/td><td class=\"has-text-align-center\" data-align=\"center\">Gradua\u00e7\u00e3o<\/td><td class=\"has-text-align-center\" data-align=\"center\">Curso de gradua\u00e7\u00e3o completo, em qualquer \u00e1rea, al\u00e9m do curso de gradua\u00e7\u00e3o exigido como requisito. ***<\/td><td class=\"has-text-align-center\" data-align=\"center\">1,00 ponto<\/td><td class=\"has-text-align-center\" data-align=\"center\">1,00 ponto<\/td><\/tr><\/tbody><\/table><\/figure>\n\n\n\n<h4 class=\"wp-block-heading\" id=\"h-processo-seletivo-agu-edital-7\"><strong>Processo Seletivo AGU<\/strong>: Edital 7<\/h4>\n\n\n\n<p>Para o cargo de Atividades T\u00e9cnicas de Complexidade Gerencial (gerente) &#8211; Pr\u00e9-requisito: Bacharelado em Administra\u00e7\u00e3o, ou Gest\u00e3o de Recursos Humanos, Gest\u00e3o P\u00fablica ou qualquer \u00e1rea correlata.<\/p>\n\n\n\n<figure class=\"wp-block-table is-style-stripes\"><table class=\"has-subtle-pale-green-background-color has-background\"><tbody><tr><\/tr><tr><td class=\"has-text-align-center\" data-align=\"center\">Item<\/td><td class=\"has-text-align-center\" data-align=\"center\">T\u00edtulos \/ Experi\u00eancia Profissional<\/td><td class=\"has-text-align-center\" data-align=\"center\">Comprova\u00e7\u00e3o<\/td><td class=\"has-text-align-center\" data-align=\"center\">Pontua\u00e7\u00e3o Unit\u00e1ria<\/td><td class=\"has-text-align-center\" data-align=\"center\">Pontua\u00e7\u00e3o M\u00e1xima<\/td><\/tr><tr><td class=\"has-text-align-center\" data-align=\"center\">1<\/td><td class=\"has-text-align-center\" data-align=\"center\">Forma\u00e7\u00e3o Acad\u00eamica reconhecida pelo Minist\u00e9rio da Educa\u00e7\u00e3o<\/td><\/tr><tr><td class=\"has-text-align-center\" data-align=\"center\">1,1<\/td><td class=\"has-text-align-center\" data-align=\"center\">Doutorado Completo<\/td><td class=\"has-text-align-center\" data-align=\"center\">T\u00edtulo de Doutor em Administra\u00e7\u00e3o, ou Gest\u00e3o de Recursos Humanos, Gest\u00e3o P\u00fablica ou qualquer \u00e1rea correlata, conclu\u00eddo at\u00e9 a data do envio do documento comprobat\u00f3rio. *<\/td><td class=\"has-text-align-center\" data-align=\"center\">2,00 pontos<\/td><td class=\"has-text-align-center\" data-align=\"center\">2,00 pontos<\/td><\/tr><tr><td class=\"has-text-align-center\" data-align=\"center\">1,2<\/td><td class=\"has-text-align-center\" data-align=\"center\">Mestrado Completo<\/td><td class=\"has-text-align-center\" data-align=\"center\">T\u00edtulo de Mestre em Administra\u00e7\u00e3o, ou Gest\u00e3o de Recursos Humanos, Gest\u00e3o P\u00fablica ou qualquer \u00e1rea correlata, conclu\u00eddo at\u00e9 a data do envio do documento comprobat\u00f3rio. *<\/td><td class=\"has-text-align-center\" data-align=\"center\">1,50 ponto<\/td><td class=\"has-text-align-center\" data-align=\"center\">1,50 ponto<\/td><\/tr><tr><td class=\"has-text-align-center\" data-align=\"center\">1,3<\/td><td class=\"has-text-align-center\" data-align=\"center\">Especializa\u00e7\u00e3o Lato Sensu<\/td><td class=\"has-text-align-center\" data-align=\"center\">Lato Sensu em Administra\u00e7\u00e3o, ou Gest\u00e3o de Recursos Humanos, Gest\u00e3o P\u00fablica ou qualquer \u00e1rea correlata, conclu\u00eddo at\u00e9 a data do envio do documento comprobat\u00f3rio. **<\/td><td class=\"has-text-align-center\" data-align=\"center\">1,00 ponto<\/td><td class=\"has-text-align-center\" data-align=\"center\">2,00 pontos<\/td><\/tr><tr><td class=\"has-text-align-center\" data-align=\"center\">1,4<\/td><td class=\"has-text-align-center\" data-align=\"center\">Gradua\u00e7\u00e3o<\/td><td class=\"has-text-align-center\" data-align=\"center\">Curso de gradua\u00e7\u00e3o completo, em qualquer \u00e1rea, al\u00e9m do curso de gradua\u00e7\u00e3o necess\u00e1rio como requisito. ***<\/td><td class=\"has-text-align-center\" data-align=\"center\">1,00 ponto<\/td><td class=\"has-text-align-center\" data-align=\"center\">1,00 ponto<\/td><\/tr><tr><td class=\"has-text-align-center\" data-align=\"center\">2<\/td><td class=\"has-text-align-center\" data-align=\"center\">Experi\u00eancia Profissional<\/td><\/tr><tr><td class=\"has-text-align-center\" data-align=\"center\">2,1<\/td><td class=\"has-text-align-center\" data-align=\"center\">Experi\u00eancia pr\u00e9via al\u00e9m do m\u00ednimo de 3 (tr\u00eas) anos exigido, na \u00e1rea de forma\u00e7\u00e3o.<\/td><td class=\"has-text-align-center\" data-align=\"center\">Para cada 1 (um) ano de experi\u00eancia que excede ao tempo m\u00ednimo exigido no ANEXO II, at\u00e9 o limite de 8 anos de experi\u00eancia comprovada. ****<\/td><td class=\"has-text-align-center\" data-align=\"center\">1,00 ponto<\/td><td class=\"has-text-align-center\" data-align=\"center\">8,00 pontos<\/td><\/tr><\/tbody><\/table><\/figure>\n\n\n\n<p>Para o cargo de Atividades T\u00e9cnicas de Tecnologia da Informa\u00e7\u00e3o (t\u00e9cnico) &#8211; Pr\u00e9-requisito: Bacharelado em An\u00e1lise de Sistemas, Tecnologia da Informa\u00e7\u00e3o, Ci\u00eancia da Computa\u00e7\u00e3o ou qualquer \u00e1rea correlata.<\/p>\n\n\n\n<figure class=\"wp-block-table is-style-stripes\"><table><tbody><tr><\/tr><tr><td class=\"has-text-align-center\" data-align=\"center\">Item<\/td><td class=\"has-text-align-center\" data-align=\"center\">T\u00edtulos \/ Experi\u00eancia Profissional<\/td><td class=\"has-text-align-center\" data-align=\"center\">Comprova\u00e7\u00e3o<\/td><td class=\"has-text-align-center\" data-align=\"center\">Pontua\u00e7\u00e3o Unit\u00e1ria<\/td><td class=\"has-text-align-center\" data-align=\"center\">Pontua\u00e7\u00e3o M\u00e1xima<\/td><\/tr><tr><td class=\"has-text-align-center\" data-align=\"center\">1<\/td><td class=\"has-text-align-center\" data-align=\"center\">Forma\u00e7\u00e3o Acad\u00eamica reconhecida pelo Minist\u00e9rio da Educa\u00e7\u00e3o<\/td><\/tr><tr><td class=\"has-text-align-center\" data-align=\"center\">1,1<\/td><td class=\"has-text-align-center\" data-align=\"center\">Doutorado Completo<\/td><td class=\"has-text-align-center\" data-align=\"center\">T\u00edtulo de Doutor em An\u00e1lise de Sistemas, Tecnologia da Informa\u00e7\u00e3o, Ci\u00eancia da Computa\u00e7\u00e3o ou qualquer \u00e1rea correlata, conclu\u00eddo at\u00e9 a data do envio do documento comprobat\u00f3rio. *<\/td><td class=\"has-text-align-center\" data-align=\"center\">2,00 pontos<\/td><td class=\"has-text-align-center\" data-align=\"center\">2,00 pontos<\/td><\/tr><tr><td class=\"has-text-align-center\" data-align=\"center\">1,2<\/td><td class=\"has-text-align-center\" data-align=\"center\">Mestrado Completo<\/td><td class=\"has-text-align-center\" data-align=\"center\">T\u00edtulo de Mestre em An\u00e1lise de Sistemas, Tecnologia da Informa\u00e7\u00e3o, Ci\u00eancia da Computa\u00e7\u00e3o ou qualquer \u00e1rea correlata, conclu\u00eddo at\u00e9 a data do envio do documento comprobat\u00f3rio. *<\/td><td class=\"has-text-align-center\" data-align=\"center\">1,50 ponto<\/td><td class=\"has-text-align-center\" data-align=\"center\">1,50 ponto<\/td><\/tr><tr><td class=\"has-text-align-center\" data-align=\"center\">1,3<\/td><td class=\"has-text-align-center\" data-align=\"center\">Especializa\u00e7\u00e3o Lato Sensu<\/td><td class=\"has-text-align-center\" data-align=\"center\">Lato Sensu em An\u00e1lise de Sistemas, Tecnologia da Informa\u00e7\u00e3o, Ci\u00eancia da Computa\u00e7\u00e3o ou qualquer \u00e1rea correlata, conclu\u00eddo at\u00e9 a data do envio do documento comprobat\u00f3rio. **<\/td><td class=\"has-text-align-center\" data-align=\"center\">1,00 ponto<\/td><td class=\"has-text-align-center\" data-align=\"center\">2,00 pontos<\/td><\/tr><tr><td class=\"has-text-align-center\" data-align=\"center\">1,4<\/td><td class=\"has-text-align-center\" data-align=\"center\">Gradua\u00e7\u00e3o<\/td><td class=\"has-text-align-center\" data-align=\"center\">Curso de gradua\u00e7\u00e3o completo, em qualquer \u00e1rea, al\u00e9m do curso de gradua\u00e7\u00e3o necess\u00e1rio como requisito. ***<\/td><td class=\"has-text-align-center\" data-align=\"center\">1,00 ponto<\/td><td class=\"has-text-align-center\" data-align=\"center\">1,00 ponto<\/td><\/tr><tr><td class=\"has-text-align-center\" data-align=\"center\">2<\/td><td class=\"has-text-align-center\" data-align=\"center\">Experi\u00eancia Profissional<\/td><\/tr><tr><td class=\"has-text-align-center\" data-align=\"center\">2,1<\/td><td class=\"has-text-align-center\" data-align=\"center\">Experi\u00eancia pr\u00e9via al\u00e9m do m\u00ednimo de 3 (tr\u00eas) anos exigido, na \u00e1rea de forma\u00e7\u00e3o.<\/td><td class=\"has-text-align-center\" data-align=\"center\">Para cada 1 (um) ano de experi\u00eancia que excede ao tempo m\u00ednimo exigido no ANEXO II, at\u00e9 o limite de 8 anos de experi\u00eancia comprovada. ****<\/td><td class=\"has-text-align-center\" data-align=\"center\">1,00 ponto<\/td><td class=\"has-text-align-center\" data-align=\"center\">8,00 pontos<\/td><\/tr><\/tbody><\/table><\/figure>\n\n\n\n<h2 class=\"has-text-align-center wp-block-heading\" id=\"cursos\"><strong>Cursos e Assinaturas <\/strong><\/h2>\n\n\n\n<div class=\"row\">\n\n    <div class=\"col-sm\">\n      <div class=\"banner-tribunal\" id=\"box-assinatura\">\n        <h3 class=\"titulo-assinatura\">Cursos para o concursos<\/h3>\n        <p class=\"subtitulo-assinatura\">Conhe\u00e7a os cursos<\/p>\n        <div class=\"box-botao\">\n          <a class=\"btn-assinatura\" target=\"_blank\" href=\"https:\/\/www.estrategiaconcursos.com.br\/cursos\/concurso\/\" role=\"button\" rel=\"noopener noreferrer\">Conhe\u00e7a mais<\/a>\n        <\/div>\n      <\/div>\n      <p class=\"texto-auxiliar\">Prepare-se com o melhor material e com quem mais aprova em Concursos P\u00fablicos em todo o pa\u00eds.<\/p>\n    <\/div>\n\n  <\/div>\n\n\n\n<div class=\"container\" id=\"boxes\">\n  <div class=\"row\">\n    <div class=\"col-sm\">\n      <div class=\"estrategia\" id=\"box-assinatura\">\n        <h3 class=\"titulo-assinatura\">Assinatura Concursos<\/h3>\n        <p class=\"subtitulo-assinatura\">Assinatura de 1 ano ou 2 anos*<\/p>\n        <div class=\"box-botao\">\n          <a class=\"btn-assinatura\" target=\"_blank\" href=\"https:\/\/www.estrategiaconcursos.com.br\/assinaturas\/\" role=\"button\" rel=\"noopener noreferrer\">ASSINE AGORA<\/a>\n        <\/div>\n      <\/div>\n      <p class=\"texto-auxiliar\"><\/p>\n    <\/div>\n    <div class=\"col-sm\">\n      <div class=\"questoes\" id=\"box-assinatura\">\n        <h3 class=\"titulo-assinatura\">Sistema de Quest\u00f5es<\/h3>\n        <p class=\"subtitulo-assinatura\">Assinatura de 1 ano ou 2 anos\n<\/p>\n        <div class=\"box-botao\">\n          <a class=\"btn-assinatura\" target=\"_blank\" href=\"https:\/\/www.estrategiaconcursos.com.br\/cursosPorConcurso\/sistema-de-questoes\/#\/\" role=\"button\" rel=\"noopener noreferrer\">ASSINE AGORA<\/a>\n        <\/div>\n      <\/div>\n      <p class=\"texto-auxiliar\"><\/p>\n    <\/div>\n  <\/div>\n<\/div>\n\n\n\n<div class=\"container\" id=\"boxes\">\n  <div class=\"row\">\n\n    <div class=\"col-sm\" id=\"boxes-concursos\">\n      <div style=\"background-color: #005DAD;\" class=\"conteudo-concursos\" id=\"box-concursos\">\n        <h3 class=\"titulo-assinatura\">Concursos Abertos<\/h3>\n        <p class=\"subtitulo-assinatura\">Confira os editais publicados<\/p>\n        <div class=\"box-botao\">\n          <a class=\"btn-assinatura\" target=\"_blank\" href=\"https:\/\/www.estrategiaconcursos.com.br\/blog\/concursos-abertos\/\" role=\"button\" rel=\"noopener noreferrer\">Conhe\u00e7a Agora<\/a>\n        <\/div>\n      <\/div>\n    <\/div>\n\n    \n\n    <div class=\"col-sm\" id=\"boxes-concursos\">\n      <div style=\"background-color: #419FF0;\" class=\"conteudo-concursos\" id=\"box-concursos\">\n        <h3 class=\"titulo-assinatura\">Concursos 2021<\/h3>\n        <p class=\"subtitulo-assinatura\">Confira as oportunidades previstas<\/p>\n        <div class=\"box-botao\">\n          <a class=\"btn-assinatura\" target=\"_blank\" href=\"https:\/\/www.estrategiaconcursos.com.br\/blog\/concursos-2021\/\" role=\"button\" rel=\"noopener noreferrer\">Conhe\u00e7a Agora<\/a>\n        <\/div>\n      <\/div>\n    <\/div>\n\n  <\/div>\n<\/div>\n\n\n\n<figure class=\"wp-block-image size-large is-resized\"><img loading=\"lazy\" decoding=\"async\" src=\"https:\/\/dhg1h5j42swfq.cloudfront.net\/2021\/04\/05154506\/ficha-tecnica-10-1024x632.png\" alt=\"\" class=\"wp-image-707670\" width=\"188\" height=\"116\" srcset=\"https:\/\/dhg1h5j42swfq.cloudfront.net\/2021\/04\/05154506\/ficha-tecnica-10-1024x632.png 1024w, https:\/\/dhg1h5j42swfq.cloudfront.net\/2021\/04\/05154506\/ficha-tecnica-10-300x185.png 300w, https:\/\/dhg1h5j42swfq.cloudfront.net\/2021\/04\/05154506\/ficha-tecnica-10-768x474.png 768w, https:\/\/dhg1h5j42swfq.cloudfront.net\/2021\/04\/05154506\/ficha-tecnica-10-1536x948.png 1536w, https:\/\/dhg1h5j42swfq.cloudfront.net\/2021\/04\/05154506\/ficha-tecnica-10-610x377.png 610w, https:\/\/dhg1h5j42swfq.cloudfront.net\/2021\/04\/05154506\/ficha-tecnica-10.png 1571w\" sizes=\"auto, (max-width: 188px) 100vw, 188px\" \/><\/figure>\n\n\n\n<h4 class=\"wp-block-heading\" id=\"ficha\"><strong>Informa\u00e7\u00f5es do Processo Seletivo AGU<\/strong><\/h4>\n\n\n\n<p><br \/><strong>\u25baVagas: <\/strong>110<br \/><strong>\u25baCargos: <\/strong>diversos<br \/><strong>\u25baRequisito:<\/strong> N\u00edvel M\u00e9dio e Superior<br \/><strong>\u25baBanca: <\/strong>AGU<br \/><strong>\u25baEdital:<\/strong> <a href=\"https:\/\/dhg1h5j42swfq.cloudfront.net\/2021\/04\/16084030\/edital-6-pss-agu-sem-prova-2.pdf\">Edital 6<\/a> \/ <a href=\"https:\/\/dhg1h5j42swfq.cloudfront.net\/2021\/04\/16084046\/edital-7-pss-agu-sem-prova.pdf\">Edital 7 <\/a><br \/><span class=\"underline\" style=\"text-decoration: underline\"><\/span><\/p>\n","protected":false},"excerpt":{"rendered":"<p>O per\u00edodo de inscri\u00e7\u00f5es do Processo Seletivo AGU est\u00e1 encerrado para os dois editais publicados pela Advocacia-Geral da Uni\u00e3o. S\u00e3o ofertadas na sele\u00e7\u00e3o 110 vagas tempor\u00e1rias. O&nbsp;primeiro edital (n\u00famero 6) oferta 100 vagas, sendo&nbsp;50&nbsp;para o cargo de atividades t\u00e9cnicas de forma\u00e7\u00e3o espec\u00edfica (profissional de apoio),&nbsp;de n\u00edvel m\u00e9dio. As outras 50 vagas s\u00e3o para o cargo [&hellip;]<\/p>\n","protected":false},"author":1,"featured_media":148954,"comment_status":"open","ping_status":"closed","sticky":false,"template":"","format":"standard","meta":{"post_tipo":"news_page","footnotes":""},"categories":[1984],"tags":[],"tax_estado":[219963],"class_list":["post-715356","post","type-post","status-publish","format-standard","has-post-thumbnail","hentry","category-tribunais","tax_estado-concursos-federais"],"acf":[],"yoast_head":"<!-- This site is optimized with the Yoast SEO Premium plugin v27.2 (Yoast SEO v27.2) - https:\/\/yoast.com\/product\/yoast-seo-premium-wordpress\/ -->\n<title>Processo Seletivo AGU: inscri\u00e7\u00f5es encerradas! 110 vagas<\/title>\n<meta name=\"description\" content=\"Inscri\u00e7\u00f5es encerradas para o Processo Seletivo AGU. S\u00e3o ofertadas 110 vagas para cargos de n\u00edveis m\u00e9dio e superior. Saiba mais informa\u00e7\u00f5es neste artigo.\" \/>\n<meta name=\"robots\" content=\"index, follow, max-snippet:-1, max-image-preview:large, max-video-preview:-1\" \/>\n<link rel=\"canonical\" href=\"https:\/\/www.estrategiaconcursos.com.br\/blog\/processo-seletivo-agu\/\" \/>\n<meta property=\"og:locale\" content=\"pt_BR\" \/>\n<meta property=\"og:type\" content=\"article\" \/>\n<meta property=\"og:title\" content=\"Processo Seletivo AGU: inscri\u00e7\u00f5es encerradas! 110 vagas\" \/>\n<meta property=\"og:description\" content=\"Inscri\u00e7\u00f5es encerradas para o Processo Seletivo AGU. S\u00e3o ofertadas 110 vagas para cargos de n\u00edveis m\u00e9dio e superior. Saiba mais informa\u00e7\u00f5es neste artigo.\" \/>\n<meta property=\"og:url\" content=\"https:\/\/www.estrategiaconcursos.com.br\/blog\/processo-seletivo-agu\/\" \/>\n<meta property=\"og:site_name\" content=\"Estrat\u00e9gia Concursos\" \/>\n<meta property=\"article:author\" content=\"https:\/\/www.facebook.com\/EstrategiaConcursos\" \/>\n<meta property=\"article:published_time\" content=\"2021-04-28T03:00:00+00:00\" \/>\n<meta property=\"article:modified_time\" content=\"2021-05-03T22:13:32+00:00\" \/>\n<meta property=\"og:image\" content=\"https:\/\/dhg1h5j42swfq.cloudfront.net\/2018\/10\/25160358\/jornalismo-AGU-e1544620866310.jpg\" \/>\n\t<meta property=\"og:image:width\" content=\"400\" \/>\n\t<meta property=\"og:image:height\" content=\"209\" \/>\n\t<meta property=\"og:image:type\" content=\"image\/jpeg\" \/>\n<meta name=\"author\" content=\"Coordena\u00e7\u00e3o\" \/>\n<meta name=\"twitter:card\" content=\"summary_large_image\" \/>\n<meta name=\"twitter:creator\" content=\"@EstratConcursos\" \/>\n<meta name=\"twitter:site\" content=\"@EstratConcursos\" \/>\n<meta name=\"twitter:label1\" content=\"Escrito por\" \/>\n\t<meta name=\"twitter:data1\" content=\"Coordena\u00e7\u00e3o\" \/>\n\t<meta name=\"twitter:label2\" content=\"Est. tempo de leitura\" \/>\n\t<meta name=\"twitter:data2\" content=\"8 minutos\" \/>\n<script type=\"application\/ld+json\" class=\"yoast-schema-graph\">{\"@context\":\"https:\/\/schema.org\",\"@graph\":[{\"@type\":\"NewsArticle\",\"@id\":\"https:\/\/www.estrategiaconcursos.com.br\/blog\/processo-seletivo-agu\/#article\",\"isPartOf\":{\"@id\":\"https:\/\/www.estrategiaconcursos.com.br\/blog\/processo-seletivo-agu\/\"},\"author\":{\"name\":\"Coordena\u00e7\u00e3o\",\"@id\":\"https:\/\/www.estrategiaconcursos.com.br\/blog\/#\/schema\/person\/b4a388c97673c5f483d72185668afa1f\"},\"headline\":\"Processo Seletivo AGU: inscri\u00e7\u00f5es encerradas! 110 vagas\",\"datePublished\":\"2021-04-28T03:00:00+00:00\",\"dateModified\":\"2021-05-03T22:13:32+00:00\",\"mainEntityOfPage\":{\"@id\":\"https:\/\/www.estrategiaconcursos.com.br\/blog\/processo-seletivo-agu\/\"},\"wordCount\":1758,\"commentCount\":0,\"publisher\":{\"@id\":\"https:\/\/www.estrategiaconcursos.com.br\/blog\/#organization\"},\"image\":{\"@id\":\"https:\/\/www.estrategiaconcursos.com.br\/blog\/processo-seletivo-agu\/#primaryimage\"},\"thumbnailUrl\":\"https:\/\/dhg1h5j42swfq.cloudfront.net\/2018\/10\/25160358\/jornalismo-AGU-e1544620866310.jpg\",\"articleSection\":[\"Tribunais\"],\"inLanguage\":\"pt-BR\",\"potentialAction\":[{\"@type\":\"CommentAction\",\"name\":\"Comment\",\"target\":[\"https:\/\/www.estrategiaconcursos.com.br\/blog\/processo-seletivo-agu\/#respond\"]}],\"copyrightYear\":\"2021\",\"copyrightHolder\":{\"@id\":\"https:\/\/www.estrategiaconcursos.com.br\/blog\/#organization\"}},{\"@type\":\"WebPage\",\"@id\":\"https:\/\/www.estrategiaconcursos.com.br\/blog\/processo-seletivo-agu\/\",\"url\":\"https:\/\/www.estrategiaconcursos.com.br\/blog\/processo-seletivo-agu\/\",\"name\":\"Processo Seletivo AGU: inscri\u00e7\u00f5es encerradas! 110 vagas\",\"isPartOf\":{\"@id\":\"https:\/\/www.estrategiaconcursos.com.br\/blog\/#website\"},\"primaryImageOfPage\":{\"@id\":\"https:\/\/www.estrategiaconcursos.com.br\/blog\/processo-seletivo-agu\/#primaryimage\"},\"image\":{\"@id\":\"https:\/\/www.estrategiaconcursos.com.br\/blog\/processo-seletivo-agu\/#primaryimage\"},\"thumbnailUrl\":\"https:\/\/dhg1h5j42swfq.cloudfront.net\/2018\/10\/25160358\/jornalismo-AGU-e1544620866310.jpg\",\"datePublished\":\"2021-04-28T03:00:00+00:00\",\"dateModified\":\"2021-05-03T22:13:32+00:00\",\"description\":\"Inscri\u00e7\u00f5es encerradas para o Processo Seletivo AGU. S\u00e3o ofertadas 110 vagas para cargos de n\u00edveis m\u00e9dio e superior. Saiba mais informa\u00e7\u00f5es neste artigo.\",\"breadcrumb\":{\"@id\":\"https:\/\/www.estrategiaconcursos.com.br\/blog\/processo-seletivo-agu\/#breadcrumb\"},\"inLanguage\":\"pt-BR\",\"potentialAction\":[{\"@type\":\"ReadAction\",\"target\":[\"https:\/\/www.estrategiaconcursos.com.br\/blog\/processo-seletivo-agu\/\"]}]},{\"@type\":\"ImageObject\",\"inLanguage\":\"pt-BR\",\"@id\":\"https:\/\/www.estrategiaconcursos.com.br\/blog\/processo-seletivo-agu\/#primaryimage\",\"url\":\"https:\/\/dhg1h5j42swfq.cloudfront.net\/2018\/10\/25160358\/jornalismo-AGU-e1544620866310.jpg\",\"contentUrl\":\"https:\/\/dhg1h5j42swfq.cloudfront.net\/2018\/10\/25160358\/jornalismo-AGU-e1544620866310.jpg\",\"width\":400,\"height\":209,\"caption\":\"fraude no Concurso AGU\"},{\"@type\":\"BreadcrumbList\",\"@id\":\"https:\/\/www.estrategiaconcursos.com.br\/blog\/processo-seletivo-agu\/#breadcrumb\",\"itemListElement\":[{\"@type\":\"ListItem\",\"position\":1,\"name\":\"In\u00edcio\",\"item\":\"https:\/\/www.estrategiaconcursos.com.br\/blog\/\"},{\"@type\":\"ListItem\",\"position\":2,\"name\":\"Processo Seletivo AGU: inscri\u00e7\u00f5es encerradas! 110 vagas\"}]},{\"@type\":\"WebSite\",\"@id\":\"https:\/\/www.estrategiaconcursos.com.br\/blog\/#website\",\"url\":\"https:\/\/www.estrategiaconcursos.com.br\/blog\/\",\"name\":\"Estrat\u00e9gia Concursos\",\"description\":\"O blog da Estrat\u00e9gia Concursos traz not\u00edcias sobre concursos e artigos de professores oferecendo cursos para concursos (pdf + videaulas) no site.\",\"publisher\":{\"@id\":\"https:\/\/www.estrategiaconcursos.com.br\/blog\/#organization\"},\"potentialAction\":[{\"@type\":\"SearchAction\",\"target\":{\"@type\":\"EntryPoint\",\"urlTemplate\":\"https:\/\/www.estrategiaconcursos.com.br\/blog\/?s={search_term_string}\"},\"query-input\":{\"@type\":\"PropertyValueSpecification\",\"valueRequired\":true,\"valueName\":\"search_term_string\"}}],\"inLanguage\":\"pt-BR\"},{\"@type\":\"Organization\",\"@id\":\"https:\/\/www.estrategiaconcursos.com.br\/blog\/#organization\",\"name\":\"Estrat\u00e9gia Concursos\",\"url\":\"https:\/\/www.estrategiaconcursos.com.br\/blog\/\",\"logo\":{\"@type\":\"ImageObject\",\"inLanguage\":\"pt-BR\",\"@id\":\"https:\/\/www.estrategiaconcursos.com.br\/blog\/#\/schema\/logo\/image\/\",\"url\":\"https:\/\/dhg1h5j42swfq.cloudfront.net\/2025\/06\/03203428\/logo_concursos-1.jpg\",\"contentUrl\":\"https:\/\/dhg1h5j42swfq.cloudfront.net\/2025\/06\/03203428\/logo_concursos-1.jpg\",\"width\":230,\"height\":60,\"caption\":\"Estrat\u00e9gia Concursos\"},\"image\":{\"@id\":\"https:\/\/www.estrategiaconcursos.com.br\/blog\/#\/schema\/logo\/image\/\"},\"sameAs\":[\"https:\/\/x.com\/EstratConcursos\"]},{\"@type\":\"Person\",\"@id\":\"https:\/\/www.estrategiaconcursos.com.br\/blog\/#\/schema\/person\/b4a388c97673c5f483d72185668afa1f\",\"name\":\"Coordena\u00e7\u00e3o\",\"image\":{\"@type\":\"ImageObject\",\"inLanguage\":\"pt-BR\",\"@id\":\"https:\/\/secure.gravatar.com\/avatar\/b720319e4c9a967eb58678d110f4fe35452fc5d5f97b202bac7b8acceb18c6ad?s=96&d=mm&r=g\",\"url\":\"https:\/\/secure.gravatar.com\/avatar\/b720319e4c9a967eb58678d110f4fe35452fc5d5f97b202bac7b8acceb18c6ad?s=96&d=mm&r=g\",\"contentUrl\":\"https:\/\/secure.gravatar.com\/avatar\/b720319e4c9a967eb58678d110f4fe35452fc5d5f97b202bac7b8acceb18c6ad?s=96&d=mm&r=g\",\"caption\":\"Coordena\u00e7\u00e3o\"},\"sameAs\":[\"https:\/\/www.facebook.com\/EstrategiaConcursos\",\"https:\/\/x.com\/EstratConcursos\"],\"url\":\"https:\/\/www.estrategiaconcursos.com.br\/blog\/author\/estrategia2013\/\"}]}<\/script>\n<!-- \/ Yoast SEO Premium plugin. -->","yoast_head_json":{"title":"Processo Seletivo AGU: inscri\u00e7\u00f5es encerradas! 110 vagas","description":"Inscri\u00e7\u00f5es encerradas para o Processo Seletivo AGU. S\u00e3o ofertadas 110 vagas para cargos de n\u00edveis m\u00e9dio e superior. Saiba mais informa\u00e7\u00f5es neste artigo.","robots":{"index":"index","follow":"follow","max-snippet":"max-snippet:-1","max-image-preview":"max-image-preview:large","max-video-preview":"max-video-preview:-1"},"canonical":"https:\/\/www.estrategiaconcursos.com.br\/blog\/processo-seletivo-agu\/","og_locale":"pt_BR","og_type":"article","og_title":"Processo Seletivo AGU: inscri\u00e7\u00f5es encerradas! 110 vagas","og_description":"Inscri\u00e7\u00f5es encerradas para o Processo Seletivo AGU. S\u00e3o ofertadas 110 vagas para cargos de n\u00edveis m\u00e9dio e superior. Saiba mais informa\u00e7\u00f5es neste artigo.","og_url":"https:\/\/www.estrategiaconcursos.com.br\/blog\/processo-seletivo-agu\/","og_site_name":"Estrat\u00e9gia Concursos","article_author":"https:\/\/www.facebook.com\/EstrategiaConcursos","article_published_time":"2021-04-28T03:00:00+00:00","article_modified_time":"2021-05-03T22:13:32+00:00","og_image":[{"width":400,"height":209,"url":"https:\/\/dhg1h5j42swfq.cloudfront.net\/2018\/10\/25160358\/jornalismo-AGU-e1544620866310.jpg","type":"image\/jpeg"}],"author":"Coordena\u00e7\u00e3o","twitter_card":"summary_large_image","twitter_creator":"@EstratConcursos","twitter_site":"@EstratConcursos","twitter_misc":{"Escrito por":"Coordena\u00e7\u00e3o","Est. tempo de leitura":"8 minutos"},"schema":{"@context":"https:\/\/schema.org","@graph":[{"@type":"NewsArticle","@id":"https:\/\/www.estrategiaconcursos.com.br\/blog\/processo-seletivo-agu\/#article","isPartOf":{"@id":"https:\/\/www.estrategiaconcursos.com.br\/blog\/processo-seletivo-agu\/"},"author":{"name":"Coordena\u00e7\u00e3o","@id":"https:\/\/www.estrategiaconcursos.com.br\/blog\/#\/schema\/person\/b4a388c97673c5f483d72185668afa1f"},"headline":"Processo Seletivo AGU: inscri\u00e7\u00f5es encerradas! 110 vagas","datePublished":"2021-04-28T03:00:00+00:00","dateModified":"2021-05-03T22:13:32+00:00","mainEntityOfPage":{"@id":"https:\/\/www.estrategiaconcursos.com.br\/blog\/processo-seletivo-agu\/"},"wordCount":1758,"commentCount":0,"publisher":{"@id":"https:\/\/www.estrategiaconcursos.com.br\/blog\/#organization"},"image":{"@id":"https:\/\/www.estrategiaconcursos.com.br\/blog\/processo-seletivo-agu\/#primaryimage"},"thumbnailUrl":"https:\/\/dhg1h5j42swfq.cloudfront.net\/2018\/10\/25160358\/jornalismo-AGU-e1544620866310.jpg","articleSection":["Tribunais"],"inLanguage":"pt-BR","potentialAction":[{"@type":"CommentAction","name":"Comment","target":["https:\/\/www.estrategiaconcursos.com.br\/blog\/processo-seletivo-agu\/#respond"]}],"copyrightYear":"2021","copyrightHolder":{"@id":"https:\/\/www.estrategiaconcursos.com.br\/blog\/#organization"}},{"@type":"WebPage","@id":"https:\/\/www.estrategiaconcursos.com.br\/blog\/processo-seletivo-agu\/","url":"https:\/\/www.estrategiaconcursos.com.br\/blog\/processo-seletivo-agu\/","name":"Processo Seletivo AGU: inscri\u00e7\u00f5es encerradas! 110 vagas","isPartOf":{"@id":"https:\/\/www.estrategiaconcursos.com.br\/blog\/#website"},"primaryImageOfPage":{"@id":"https:\/\/www.estrategiaconcursos.com.br\/blog\/processo-seletivo-agu\/#primaryimage"},"image":{"@id":"https:\/\/www.estrategiaconcursos.com.br\/blog\/processo-seletivo-agu\/#primaryimage"},"thumbnailUrl":"https:\/\/dhg1h5j42swfq.cloudfront.net\/2018\/10\/25160358\/jornalismo-AGU-e1544620866310.jpg","datePublished":"2021-04-28T03:00:00+00:00","dateModified":"2021-05-03T22:13:32+00:00","description":"Inscri\u00e7\u00f5es encerradas para o Processo Seletivo AGU. S\u00e3o ofertadas 110 vagas para cargos de n\u00edveis m\u00e9dio e superior. Saiba mais informa\u00e7\u00f5es neste artigo.","breadcrumb":{"@id":"https:\/\/www.estrategiaconcursos.com.br\/blog\/processo-seletivo-agu\/#breadcrumb"},"inLanguage":"pt-BR","potentialAction":[{"@type":"ReadAction","target":["https:\/\/www.estrategiaconcursos.com.br\/blog\/processo-seletivo-agu\/"]}]},{"@type":"ImageObject","inLanguage":"pt-BR","@id":"https:\/\/www.estrategiaconcursos.com.br\/blog\/processo-seletivo-agu\/#primaryimage","url":"https:\/\/dhg1h5j42swfq.cloudfront.net\/2018\/10\/25160358\/jornalismo-AGU-e1544620866310.jpg","contentUrl":"https:\/\/dhg1h5j42swfq.cloudfront.net\/2018\/10\/25160358\/jornalismo-AGU-e1544620866310.jpg","width":400,"height":209,"caption":"fraude no Concurso AGU"},{"@type":"BreadcrumbList","@id":"https:\/\/www.estrategiaconcursos.com.br\/blog\/processo-seletivo-agu\/#breadcrumb","itemListElement":[{"@type":"ListItem","position":1,"name":"In\u00edcio","item":"https:\/\/www.estrategiaconcursos.com.br\/blog\/"},{"@type":"ListItem","position":2,"name":"Processo Seletivo AGU: inscri\u00e7\u00f5es encerradas! 110 vagas"}]},{"@type":"WebSite","@id":"https:\/\/www.estrategiaconcursos.com.br\/blog\/#website","url":"https:\/\/www.estrategiaconcursos.com.br\/blog\/","name":"Estrat\u00e9gia Concursos","description":"O blog da Estrat\u00e9gia Concursos traz not\u00edcias sobre concursos e artigos de professores oferecendo cursos para concursos (pdf + videaulas) no site.","publisher":{"@id":"https:\/\/www.estrategiaconcursos.com.br\/blog\/#organization"},"potentialAction":[{"@type":"SearchAction","target":{"@type":"EntryPoint","urlTemplate":"https:\/\/www.estrategiaconcursos.com.br\/blog\/?s={search_term_string}"},"query-input":{"@type":"PropertyValueSpecification","valueRequired":true,"valueName":"search_term_string"}}],"inLanguage":"pt-BR"},{"@type":"Organization","@id":"https:\/\/www.estrategiaconcursos.com.br\/blog\/#organization","name":"Estrat\u00e9gia Concursos","url":"https:\/\/www.estrategiaconcursos.com.br\/blog\/","logo":{"@type":"ImageObject","inLanguage":"pt-BR","@id":"https:\/\/www.estrategiaconcursos.com.br\/blog\/#\/schema\/logo\/image\/","url":"https:\/\/dhg1h5j42swfq.cloudfront.net\/2025\/06\/03203428\/logo_concursos-1.jpg","contentUrl":"https:\/\/dhg1h5j42swfq.cloudfront.net\/2025\/06\/03203428\/logo_concursos-1.jpg","width":230,"height":60,"caption":"Estrat\u00e9gia Concursos"},"image":{"@id":"https:\/\/www.estrategiaconcursos.com.br\/blog\/#\/schema\/logo\/image\/"},"sameAs":["https:\/\/x.com\/EstratConcursos"]},{"@type":"Person","@id":"https:\/\/www.estrategiaconcursos.com.br\/blog\/#\/schema\/person\/b4a388c97673c5f483d72185668afa1f","name":"Coordena\u00e7\u00e3o","image":{"@type":"ImageObject","inLanguage":"pt-BR","@id":"https:\/\/secure.gravatar.com\/avatar\/b720319e4c9a967eb58678d110f4fe35452fc5d5f97b202bac7b8acceb18c6ad?s=96&d=mm&r=g","url":"https:\/\/secure.gravatar.com\/avatar\/b720319e4c9a967eb58678d110f4fe35452fc5d5f97b202bac7b8acceb18c6ad?s=96&d=mm&r=g","contentUrl":"https:\/\/secure.gravatar.com\/avatar\/b720319e4c9a967eb58678d110f4fe35452fc5d5f97b202bac7b8acceb18c6ad?s=96&d=mm&r=g","caption":"Coordena\u00e7\u00e3o"},"sameAs":["https:\/\/www.facebook.com\/EstrategiaConcursos","https:\/\/x.com\/EstratConcursos"],"url":"https:\/\/www.estrategiaconcursos.com.br\/blog\/author\/estrategia2013\/"}]}},"_links":{"self":[{"href":"https:\/\/www.estrategiaconcursos.com.br\/blog\/wp-json\/wp\/v2\/posts\/715356","targetHints":{"allow":["GET"]}}],"collection":[{"href":"https:\/\/www.estrategiaconcursos.com.br\/blog\/wp-json\/wp\/v2\/posts"}],"about":[{"href":"https:\/\/www.estrategiaconcursos.com.br\/blog\/wp-json\/wp\/v2\/types\/post"}],"author":[{"embeddable":true,"href":"https:\/\/www.estrategiaconcursos.com.br\/blog\/wp-json\/wp\/v2\/users\/1"}],"replies":[{"embeddable":true,"href":"https:\/\/www.estrategiaconcursos.com.br\/blog\/wp-json\/wp\/v2\/comments?post=715356"}],"version-history":[{"count":39,"href":"https:\/\/www.estrategiaconcursos.com.br\/blog\/wp-json\/wp\/v2\/posts\/715356\/revisions"}],"predecessor-version":[{"id":730236,"href":"https:\/\/www.estrategiaconcursos.com.br\/blog\/wp-json\/wp\/v2\/posts\/715356\/revisions\/730236"}],"wp:featuredmedia":[{"embeddable":true,"href":"https:\/\/www.estrategiaconcursos.com.br\/blog\/wp-json\/wp\/v2\/media\/148954"}],"wp:attachment":[{"href":"https:\/\/www.estrategiaconcursos.com.br\/blog\/wp-json\/wp\/v2\/media?parent=715356"}],"wp:term":[{"taxonomy":"category","embeddable":true,"href":"https:\/\/www.estrategiaconcursos.com.br\/blog\/wp-json\/wp\/v2\/categories?post=715356"},{"taxonomy":"post_tag","embeddable":true,"href":"https:\/\/www.estrategiaconcursos.com.br\/blog\/wp-json\/wp\/v2\/tags?post=715356"},{"taxonomy":"tax_estado","embeddable":true,"href":"https:\/\/www.estrategiaconcursos.com.br\/blog\/wp-json\/wp\/v2\/tax_estado?post=715356"}],"curies":[{"name":"wp","href":"https:\/\/api.w.org\/{rel}","templated":true}]}}